{"id":16797,"date":"2020-04-14T08:19:41","date_gmt":"2020-04-14T06:19:41","guid":{"rendered":"https:\/\/gaudiumetspes-blog.pl\/?p=16797"},"modified":"2020-04-14T08:19:41","modified_gmt":"2020-04-14T06:19:41","slug":"czemu-placzesz","status":"publish","type":"post","link":"https:\/\/gaudiumetspes-blog.pl\/index.php\/2020\/04\/14\/czemu-placzesz\/","title":{"rendered":"Czemu p\u0142aczesz?&#8230;"},"content":{"rendered":"<p align=\"justify\"><span style=\"color: #000000;\"><span style=\"font-family: Book Antiqua, serif;\"><span style=\"font-size: large;\">Szcz\u0119\u015b\u0107 Bo\u017ce! Moi Drodzy, serdecznie dzi\u0119kuj\u0119 za wszystkie \u017cyczenia i wyrazy duchowej \u0142\u0105czno\u015bci, a szczeg\u00f3lnie za modlitw\u0119! Te dobre sygna\u0142y dociera\u0142y do mnie w tych dniach \u2013 od Wielkiego Czwartku \u2013 i wci\u0105\u017c docieraj\u0105. Jak zawsze, moim wyrazem wdzi\u0119czno\u015bci b\u0119dzie Msza \u015awi\u0119ta, jak\u0105 w tych dniach odprawi\u0119 w intencji wszystkich \u017byczliwych i Bliskich, a tak\u017ce moja codzienna modlitwa w Waszej intencji! Trzymajmy si\u0119 razem!<\/span><\/span><\/span><\/p>\n<p align=\"justify\"><span style=\"color: #000000;\"><span style=\"font-family: Book Antiqua, serif;\"><span style=\"font-size: large;\">A w tych dniach \u0142\u0105czmy si\u0119 we wsp\u00f3lnym prze\u017cywaniu Nowenny do Bo\u017cego Mi\u0142osierdzia, przygotowuj\u0105cej nas do niedzielnego \u015awi\u0119ta. Wspominam o tym te\u017c w rozwa\u017caniu. Gdyby kto\u015b chcia\u0142 t\u0119 Nowenn\u0119 prze\u017cywa\u0107 w wi\u0119kszej wsp\u00f3lnocie \u2013 g\u0142\u00f3wnie, p\u00f3ki co, internetowej \u2013 to zach\u0119cam do wej\u015bcia na stron\u0119 Sanktuarium Bo\u017cego Mi\u0142osierdzia w Bia\u0142ej Podlaskiej, czyli mojej rodzinnej Parafii, codziennie o 15:00.<\/span><\/span><\/span><\/p>\n<p align=\"justify\"><span style=\"color: #000000;\"><span style=\"font-family: Book Antiqua, serif;\"><span style=\"font-size: large;\"><b>Niech Was b\u0142ogos\u0142awi B\u00f3g Wszechmog\u0105cy: Ojciec + i Syn, i Duch \u015awi\u0119ty. Amen<\/b><\/span><\/span><\/span><\/p>\n<p align=\"center\"><span style=\"color: #000000;\"><span style=\"font-family: Book Antiqua, serif;\"><span style=\"font-size: large;\">Gaudium et spes! Ks. Jacek<\/span><\/span><\/span><\/p>\n<p align=\"center\">\n<p align=\"center\">\n<p align=\"center\">\n<p align=\"center\">\n<p align=\"center\">\n<p align=\"justify\"><span style=\"color: #000000;\"><span style=\"font-family: Book Antiqua, serif;\"><span style=\"font-size: large;\"><b>Wtorek Oktawy Wielkanocy,<\/b><\/span><\/span><\/span><\/p>\n<p align=\"justify\"><span style=\"color: #000000;\"><span style=\"font-family: Book Antiqua, serif;\"><span style=\"font-size: large;\"><b>14 kwietnia 2020.,<\/b><\/span><\/span><\/span><\/p>\n<p align=\"justify\"><span style=\"color: #000000;\"><span style=\"font-family: Book Antiqua, serif;\"><span style=\"font-size: large;\"><b>do czyta\u0144: Dz 2,36\u201341; J 20,11\u201318<\/b><\/span><\/span><\/span><\/p>\n<p align=\"justify\">\n<p align=\"justify\">\n<p align=\"justify\">\n<p align=\"justify\">\n<p align=\"justify\">\n<p align=\"justify\"><span style=\"color: #000000;\"><span style=\"font-family: Book Antiqua, serif;\"><span style=\"font-size: large;\"><b>CZYTANIE Z DZIEJ\u00d3W APOSTOLSKICH:<\/b><\/span><\/span><\/span><\/p>\n<p align=\"justify\"><span style=\"color: #000000;\"><span style=\"font-family: Book Antiqua, serif;\"><span style=\"font-size: large;\"><b>W dniu Pi\u0119\u0107dziesi\u0105tnicy Piotr m\u00f3wi\u0142 do \u017byd\u00f3w: <\/b><\/span><\/span><\/span><\/p>\n<p align=\"justify\"><span style=\"color: #000000;\">\u201e<span style=\"font-family: Book Antiqua, serif;\"><span style=\"font-size: large;\"><b>Niech ca\u0142y dom Izraela wie z niewzruszon\u0105 pewno\u015bci\u0105, \u017ce tego Jezusa, kt\u00f3rego wy\u015bcie ukrzy\u017cowali, uczyni\u0142 B\u00f3g i Panem, i Mesjaszem\u201d. <\/b><\/span><\/span><\/span><\/p>\n<p align=\"justify\"><span style=\"color: #000000;\"><span style=\"font-family: Book Antiqua, serif;\"><span style=\"font-size: large;\"><b>Gdy to us\u0142yszeli, przej\u0119li si\u0119 do g\u0142\u0119bi serca i zapytali Piotra i pozosta\u0142ych Aposto\u0142\u00f3w: \u201eC\u00f3\u017c mamy czyni\u0107, bracia?\u201d Powiedzia\u0142 do nich Piotr: \u201eNawr\u00f3\u0107cie si\u0119 i niech ka\u017cdy z was ochrzci si\u0119 w imi\u0119 Jezusa Chrystusa na odpuszczenie grzech\u00f3w waszych, a we\u017amiecie w darze Ducha \u015awi\u0119tego. Bo dla was jest obietnica i dla dzieci waszych, i dla wszystkich, kt\u00f3rzy s\u0105 daleko, a kt\u00f3rych powo\u0142a Pan B\u00f3g nasz\u201d. <\/b><\/span><\/span><\/span><\/p>\n<p align=\"justify\"><span style=\"color: #000000;\"><span style=\"font-family: Book Antiqua, serif;\"><span style=\"font-size: large;\"><b>W wielu te\u017c innych s\u0142owach dawa\u0142 \u015bwiadectwo i napomina\u0142: \u201eRatujcie si\u0119 spo\u015br\u00f3d tego przewrotnego pokolenia\u201d. <\/b><\/span><\/span><\/span><\/p>\n<p align=\"justify\"><span style=\"color: #000000;\"><span style=\"font-family: Book Antiqua, serif;\"><span style=\"font-size: large;\"><b>Ci wi\u0119c, kt\u00f3rzy przyj\u0119li jego nauk\u0119, zostali ochrzczeni. I przy\u0142\u0105czy\u0142o si\u0119 owego dnia oko\u0142o trzech tysi\u0119cy dusz.<\/b><\/span><\/span><\/span><\/p>\n<p align=\"justify\">\n<p align=\"justify\">\n<p align=\"justify\">\n<p align=\"justify\">\n<p align=\"justify\">\n<p align=\"justify\"><span style=\"color: #000000;\"><span style=\"font-family: Book Antiqua, serif;\"><span style=\"font-size: large;\"><b>S\u0141OWA EWANGELII WED\u0141UG \u015aWI\u0118TEGO JANA: <\/b><\/span><\/span><\/span><\/p>\n<p align=\"justify\"><span style=\"color: #000000;\"><span style=\"font-family: Book Antiqua, serif;\"><span style=\"font-size: large;\"><b>Maria Magdalena sta\u0142a przed grobem p\u0142acz\u0105c. A kiedy tak p\u0142aka\u0142a, nachyli\u0142a si\u0119 do grobu i ujrza\u0142a dw\u00f3ch anio\u0142\u00f3w w bieli siedz\u0105cych, jednego przy g\u0142owie, a drugiego przy nogach, w miejscu, gdzie le\u017ca\u0142o cia\u0142o Jezusa. <\/b><\/span><\/span><\/span><\/p>\n<p align=\"justify\"><span style=\"color: #000000;\"><span style=\"font-family: Book Antiqua, serif;\"><span style=\"font-size: large;\"><b>I rzekli do niej: \u201eNiewiasto, czemu p\u0142aczesz?\u201d <\/b><\/span><\/span><\/span><\/p>\n<p align=\"justify\"><span style=\"color: #000000;\"><span style=\"font-family: Book Antiqua, serif;\"><span style=\"font-size: large;\"><b>Odpowiedzia\u0142a im: \u201eZabrano Pana mego i nie wiem, gdzie Go po\u0142o\u017cono\u201d. <\/b><\/span><\/span><\/span><\/p>\n<p align=\"justify\"><span style=\"color: #000000;\"><span style=\"font-family: Book Antiqua, serif;\"><span style=\"font-size: large;\"><b>Gdy to powiedzia\u0142a, odwr\u00f3ci\u0142a si\u0119 i ujrza\u0142a stoj\u0105cego Jezusa, ale nie wiedzia\u0142a, \u017ce to Jezus. <\/b><\/span><\/span><\/span><\/p>\n<p align=\"justify\"><span style=\"color: #000000;\"><span style=\"font-family: Book Antiqua, serif;\"><span style=\"font-size: large;\"><b>Rzek\u0142 do niej Jezus: \u201eNiewiasto, czemu p\u0142aczesz? Kogo szukasz?\u201d <\/b><\/span><\/span><\/span><\/p>\n<p align=\"justify\"><span style=\"color: #000000;\"><span style=\"font-family: Book Antiqua, serif;\"><span style=\"font-size: large;\"><b>Ona za\u015b s\u0105dz\u0105c, \u017ce to jest ogrodnik, powiedzia\u0142a do Niego: \u201ePanie, je\u015bli ty Go przenios\u0142e\u015b, powiedz mi, gdzie Go po\u0142o\u017cy\u0142e\u015b, a ja Go wezm\u0119\u201d. <\/b><\/span><\/span><\/span><\/p>\n<p align=\"justify\"><span style=\"color: #000000;\"><span style=\"font-family: Book Antiqua, serif;\"><span style=\"font-size: large;\"><b>Jezus rzek\u0142 do niej: \u201eMario!\u201d A ona obr\u00f3ciwszy si\u0119 powiedzia\u0142a do Niego po hebrajsku: \u201eRabbuni\u201d, to znaczy: Nauczycielu. <\/b><\/span><\/span><\/span><\/p>\n<p align=\"justify\"><span style=\"color: #000000;\"><span style=\"font-family: Book Antiqua, serif;\"><span style=\"font-size: large;\"><b>Rzek\u0142 do niej Jezus: \u201eNie zatrzymuj Mnie, jeszcze bowiem nie wst\u0105pi\u0142em do Ojca. Natomiast udaj si\u0119 do moich braci i powiedz im: \u00abWst\u0119puj\u0119 do Ojca mego i Ojca waszego oraz do Boga mego i Boga waszego\u00bb\u201d. <\/b><\/span><\/span><\/span><\/p>\n<p align=\"justify\"><span style=\"color: #000000;\"><span style=\"font-family: Book Antiqua, serif;\"><span style=\"font-size: large;\"><b>Posz\u0142a Maria Magdalena oznajmiaj\u0105c uczniom: \u201eWidzia\u0142am Pana i to mi powiedzia\u0142\u201d.<\/b><\/span><\/span><\/span><\/p>\n<p align=\"justify\">\n<p align=\"justify\">\n<p align=\"justify\">\n<p align=\"justify\">\n<p align=\"justify\">\n<p align=\"justify\"><span style=\"color: #000000;\"><span style=\"font-family: Book Antiqua, serif;\"><span style=\"font-size: large;\">Jezus ju\u017c zmartwychwsta\u0142, ale Maria Magdalena <b>jeszcze o tym nie wiedzia\u0142a. <\/b>Zobaczy\u0142a otwarty gr\u00f3b, by\u0142a wi\u0119c przekonana, \u017ce kto\u015b wykrad\u0142 cia\u0142o\u2026 I tam ju\u017c pierwsze zaskoczenie, bo gr\u00f3b jednak <b>nie by\u0142 tak ca\u0142kiem pusty,<\/b> gdy\u017c w \u015brodku uroczy\u015bcie zasiadali dwaj anio\u0142owie, kt\u00f3rzy <b>tylko zd\u0105\u017cyli zada\u0107 jej pytanie,<\/b> czemu p\u0142acze, a kiedy ona powiedzia\u0142a, czemu p\u0142acze, ci ju\u017c nie zd\u0105\u017cyli si\u0119 do tego odnie\u015b\u0107, gdy\u017c s\u0142owo ratunku i pocieszenia mia\u0142o przyj\u015b\u0107 <b>od kogo\u015b innego\u2026<\/b> <\/span><\/span><\/span><\/p>\n<p align=\"justify\"><span style=\"color: #000000;\"><span style=\"font-family: Book Antiqua, serif;\"><span style=\"font-size: large;\">\u00d3w nieznany Cz\u0142owiek postawi\u0142 to samo pytanie: <i><b>Czemu p\u0142aczesz?,<\/b><\/i> jednak On <b>skutecznie zaradzi\u0142 zmartwieniom i otar\u0142 \u0142zy.<\/b> Bo okaza\u0142o si\u0119, \u017ce to Ten, kt\u00f3rego Maria Magdalena szuka\u0142a i kt\u00f3rego op\u0142akiwa\u0142a.<b> On sam.<\/b> Pozna\u0142a Go, kiedy <b>zwr\u00f3ci\u0142 si\u0119 do niej po imieniu, <\/b>a wi\u0119c \u2013 mo\u017cna rzec \u2013 poruszy\u0142 jej najbardziej intymn\u0105 i osobist\u0105 sfer\u0119 wewn\u0119trzn\u0105, dotkn\u0105\u0142 jej indywidualno\u015bci. <b>Jej osobistej godno\u015bci <\/b>\u2013 bo tyle w\u0142a\u015bnie oznacza imi\u0119 cz\u0142owieka: ono go okre\u015bla, jego <b>ludzk\u0105 godno\u015b\u0107, indywidualno\u015b\u0107, niepowtarzalno\u015b\u0107, wyj\u0105tkowo\u015b\u0107\u2026 <\/b><\/span><\/span><\/span><\/p>\n<p align=\"justify\"><span style=\"color: #000000;\"><span style=\"font-family: Book Antiqua, serif;\"><span style=\"font-size: large;\">Dlatego w momencie, w kt\u00f3rym Jezus zwr\u00f3ci\u0142 si\u0119 do niej po imieniu, ona Go rozpozna\u0142a, bo tym wezwaniem imienia On co\u015b w niej poruszy\u0142, <b>dotkn\u0105\u0142 jej serca. <\/b>Nawi\u0105za\u0142a si\u0119 bardzo osobista i <b>bardzo g\u0142\u0119boka relacja:<\/b> Nauczyciela z uczennic\u0105, Pana ze s\u0142u\u017cebnic\u0105 (podkre\u015blmy: s\u0142u\u017cebnic\u0105, nie: niewolnic\u0105!). <\/span><\/span><\/span><\/p>\n<p align=\"justify\"><span style=\"color: #000000;\"><span style=\"font-family: Book Antiqua, serif;\"><span style=\"font-size: large;\">Jak wielkiej rado\u015bci do\u015bwiadczy\u0142a w tym momencie! Jezus jednak nie pozwoli\u0142 na zbyt d\u0142ugie i uroczyste \u015bwi\u0119towanie, ale zdecydowanie stwierdzi\u0142: <i><b>Nie zatrzymuj Mnie, jeszcze bowiem nie wst\u0105pi\u0142em do Ojca. Natomiast udaj si\u0119 do moich braci i powiedz im:<\/b><\/i><b> <\/b><i><b>\u00abWst\u0119puj\u0119 do Ojca mego i Ojca waszego oraz do Boga mego i Boga waszego\u00bb <\/b><\/i><\/span><\/span><\/span><\/p>\n<p align=\"justify\"><span style=\"color: #000000;\"><span style=\"font-family: Book Antiqua, serif;\"><span style=\"font-size: large;\">Trzeba wi\u0119c by\u0142o <b>od razu podj\u0105\u0107 dzia\u0142anie.<\/b> Tu nie by\u0142o na co czeka\u0107! Trzeba by\u0142o dzia\u0142a\u0107 \u2013 <b>\u015bwiadczy\u0107 o Zmartwychwstaniu!<\/b> Trzeba by\u0142o i\u015b\u0107 do ludzi, do braci, powiedzie\u0107 im o tym. Nie by\u0142o chwili do stracenia! <\/span><\/span><\/span><\/p>\n<p align=\"justify\"><span style=\"color: #000000;\"><span style=\"font-family: Book Antiqua, serif;\"><span style=\"font-size: large;\">I rzeczywi\u015bcie, ten <b>dynamizm w dzia\u0142aniu, <\/b>do jakiego Jezus wezwa\u0142 Mari\u0119 Magdalen\u0119, a przez ni\u0105 tak\u017ce pozosta\u0142ych Aposto\u0142\u00f3w, sta\u0142 si\u0119 <b>znakiem rozpoznawczym m\u0142odego Ko\u015bcio\u0142a. <\/b>Widzimy to wyra\u017anie w wydarzeniu, opisanym w pierwszym dzisiejszym czytaniu. <\/span><\/span><\/span><\/p>\n<p align=\"justify\"><span style=\"color: #000000;\"><span style=\"font-family: Book Antiqua, serif;\"><span style=\"font-size: large;\">Po s\u0142owach Piotra, obwieszczaj\u0105cych nowin\u0119 o Zmartwychwstaniu Pana, ze strony s\u0142uchaczy pad\u0142o bardzo logiczne i bardzo oczywiste pytanie: <i><b>C\u00f3\u017c mamy czyni\u0107, bracia? <\/b><\/i>Odpowied\u017a te\u017c by\u0142a jednoznaczna: <i><b>Nawr\u00f3\u0107cie si\u0119 i niech ka\u017cdy z was ochrzci si\u0119 w imi\u0119 Jezusa Chrystusa na odpuszczenie grzech\u00f3w waszych\u2026 <\/b><\/i>Pad\u0142y te\u017c inne, jeszcze mocniejsze s\u0142owa: <i><b>Ratujcie si\u0119 spo\u015br\u00f3d tego przewrotnego pokolenia.<\/b><\/i><b> <\/b><\/span><\/span><\/span><\/p>\n<p align=\"justify\"><span style=\"color: #000000;\"><span style=\"font-family: Book Antiqua, serif;\"><span style=\"font-size: large;\">I co si\u0119 w\u00f3wczas sta\u0142o? S\u0142yszymy to w ostatnich zdaniach dzisiejszego czytania: <i><b>Ci wi\u0119c, kt\u00f3rzy przyj\u0119li jego nauk\u0119, zostali ochrzczeni. I przy\u0142\u0105czy\u0142o si\u0119 owego dnia oko\u0142o trzech tysi\u0119cy dusz.<\/b><\/i><b> <\/b>Od razu, bez zb\u0119dnej zw\u0142oki, ochrzcili si\u0119 i w ci\u0105gu jednego dnia tak wielu ludzi przyj\u0119\u0142o wiar\u0119 w Pana, sta\u0142o si\u0119 Jego uczniami. Przenosz\u0105c to na dzisiejsze realia, to <b>prawdziwa pandemia wiary i chrze\u015bcija\u0144skiego entuzjazmu!<\/b> Jak\u017ce nam dzisiaj takiej potrzeba! <\/span><\/span><\/span><\/p>\n<p align=\"justify\"><span style=\"color: #000000;\"><span style=\"font-family: Book Antiqua, serif;\"><span style=\"font-size: large;\">Bo i dzisiaj Jezus zwraca si\u0119 do nas po imieniu. Po raz pierwszy zwr\u00f3ci\u0142 si\u0119 tak do nas <b>w chwili Chrztu \u015awi\u0119tego,<\/b> kt\u00f3ry przyj\u0119li\u015bmy <b>w Jego imi\u0119.<\/b> Wtedy to Jego imi\u0119 zosta\u0142o wypowiedziane nad nami i zosta\u0142o po raz pierwszy, uroczy\u015bcie i w obliczu ca\u0142ego Ko\u015bcio\u0142a, <b>wypowiedziane nasze imi\u0119.<\/b> Te imiona zjednoczy\u0142y si\u0119 w jednym imieniu \u2013 imieniu <b>chrze\u015bcijanina,<\/b> czyli: <b>cz\u0142owieka Chrystusowego. <\/b>Takimi w\u0142a\u015bnie jeste\u015bmy. <\/span><\/span><\/span><\/p>\n<p align=\"justify\"><span style=\"color: #000000;\"><span style=\"font-family: Book Antiqua, serif;\"><span style=\"font-size: large;\">Dlatego Jezus, zwracaj\u0105c si\u0119 do nas po imieniu, porusza nasze serce i wzywa, aby\u015bmy w Niego uwierzyli, aby\u015bmy <b>otarli \u0142zy smutku i strachu, a zaufali Mu,<\/b> \u017ce On jest w stanie przemieni\u0107 ka\u017cd\u0105 sytuacj\u0119, po ludzku trudn\u0105, czy wr\u0119cz beznadziejn\u0105 \u2013 <b>w wielkie zwyci\u0119stwo swojej mocy!<\/b> Tylko zaufajmy, zwracajmy si\u0119 \u2013 szczeg\u00f3lnie w tym tygodniu \u2013 do Niego ze s\u0142owami: <b>JEZU, UFAM TOBIE!<\/b> Wszak prze\u017cywamy Nowenn\u0119 do Bo\u017cego Mi\u0142osierdzia, przygotowuj\u0105c\u0105 nas do niedzielnego \u015awi\u0119ta Bo\u017cego Mi\u0142osierdzia. <b>Zwracajmy si\u0119 <\/b><b>wi\u0119c <\/b><b>do Jezusa po imieniu <\/b>\u2013 pami\u0119taj\u0105c o tym, \u017ce jeste\u015bmy ochrzczeni, \u017ce On jako pierwszy <b>zwr\u00f3ci\u0142 si\u0119 do nas po imieniu<\/b> i \u017ce do dzi\u015b <b>naszego imienia nie zapomnia\u0142,<\/b> nie jest Mu wi\u0119c oboj\u0119tne to, co prze\u017cywamy. <\/span><\/span><\/span><\/p>\n<p align=\"justify\"><span style=\"color: #000000;\"><span style=\"font-family: Book Antiqua, serif;\"><span style=\"font-size: large;\">I to On sam nauczy\u0142 \u015awi\u0119t\u0105 Siostr\u0119 Faustyn\u0119 tych s\u0142\u00f3w: <b>JEZU, UFAM TOBIE!;<\/b> to On nauczy\u0142 j\u0105 <b>Koronki do Bo\u017cego Mi\u0142osierdzia,<\/b> to On ukaza\u0142 jej sw\u00f3j Wizerunek, kt\u00f3ry potem zosta\u0142 uwieczniony <b>na obrazie; <\/b>wreszcie to On sam wskaza\u0142 na <b>Godzin\u0119 Mi\u0142osierdzia,<\/b> wyznaczy\u0142 te\u017c dzie\u0144 <b>\u015awi\u0119ta Mi\u0142osierdzia <\/b>oraz poleci\u0142 szerzy\u0107 <b>cze\u015b\u0107 swego Mi\u0142osierdzia. <\/b>On sam \u2013 wyszed\u0142 z tak\u0105 inicjatyw\u0105. Do Siostry Faustyny i do ka\u017cdej i ka\u017cdego z nas. <\/span><\/span><\/span><\/p>\n<p align=\"justify\"><span style=\"color: #000000;\"><span style=\"font-family: Book Antiqua, serif;\"><span style=\"font-size: large;\">Umocnieni t\u0105 Jego mi\u0142o\u015bci\u0105 \u2013 nie tylko s\u0142owami, ale ca\u0142\u0105 swoj\u0105 postaw\u0105 \u2013 chcemy wyra\u017ca\u0107 to nastawienie naszego serca: <b>JEZU, UFAM TOBIE! <\/b><\/span><\/span><\/span><\/p>\n","protected":false},"excerpt":{"rendered":"<p>Szcz\u0119\u015b\u0107 Bo\u017ce! Moi Drodzy, serdecznie dzi\u0119kuj\u0119 za wszystkie \u017cyczenia i wyrazy duchowej \u0142\u0105czno\u015bci, a szczeg\u00f3lnie za modlitw\u0119! Te dobre sygna\u0142y dociera\u0142y do mnie w tych dniach \u2013 od Wielkiego Czwartku \u2013 i wci\u0105\u017c docieraj\u0105. Jak zawsze, moim wyrazem wdzi\u0119czno\u015bci b\u0119dzie Msza \u015awi\u0119ta, jak\u0105 w tych dniach odprawi\u0119 w intencji wszystkich \u017byczliwych i Bliskich, a tak\u017ce [&hellip;]<\/p>\n","protected":false},"author":1,"featured_media":0,"comment_status":"open","ping_status":"open","sticky":false,"template":"","format":"standard","meta":{"jetpack_post_was_ever_published":false,"_jetpack_newsletter_access":"","_jetpack_dont_email_post_to_subs":false,"_jetpack_newsletter_tier_id":0,"_jetpack_memberships_contains_paywalled_content":false,"_jetpack_memberships_contains_paid_content":false,"footnotes":""},"categories":[1],"tags":[],"class_list":["post-16797","post","type-post","status-publish","format-standard","hentry","category-bez-kategorii"],"yoast_head":"<!-- This site is optimized with the Yoast SEO plugin v25.1 - https:\/\/yoast.com\/wordpress\/plugins\/seo\/ -->\n<title>Czemu p\u0142aczesz?... - Gaudium Et Spes<\/title>\n<meta name=\"robots\" content=\"index, follow, max-snippet:-1, max-image-preview:large, max-video-preview:-1\" \/>\n<link rel=\"canonical\" href=\"https:\/\/gaudiumetspes-blog.pl\/index.php\/2020\/04\/14\/czemu-placzesz\/\" \/>\n<meta property=\"og:locale\" content=\"pl_PL\" \/>\n<meta property=\"og:type\" content=\"article\" \/>\n<meta property=\"og:title\" content=\"Czemu p\u0142aczesz?... - Gaudium Et Spes\" \/>\n<meta property=\"og:description\" content=\"Szcz\u0119\u015b\u0107 Bo\u017ce! Moi Drodzy, serdecznie dzi\u0119kuj\u0119 za wszystkie \u017cyczenia i wyrazy duchowej \u0142\u0105czno\u015bci, a szczeg\u00f3lnie za modlitw\u0119! Te dobre sygna\u0142y dociera\u0142y do mnie w tych dniach \u2013 od Wielkiego Czwartku \u2013 i wci\u0105\u017c docieraj\u0105. Jak zawsze, moim wyrazem wdzi\u0119czno\u015bci b\u0119dzie Msza \u015awi\u0119ta, jak\u0105 w tych dniach odprawi\u0119 w intencji wszystkich \u017byczliwych i Bliskich, a tak\u017ce [&hellip;]\" \/>\n<meta property=\"og:url\" content=\"https:\/\/gaudiumetspes-blog.pl\/index.php\/2020\/04\/14\/czemu-placzesz\/\" \/>\n<meta property=\"og:site_name\" content=\"Gaudium Et Spes\" \/>\n<meta property=\"article:published_time\" content=\"2020-04-14T06:19:41+00:00\" \/>\n<meta name=\"author\" content=\"Ks. Jacek\" \/>\n<meta name=\"twitter:card\" content=\"summary_large_image\" \/>\n<meta name=\"twitter:label1\" content=\"Napisane przez\" \/>\n\t<meta name=\"twitter:data1\" content=\"Ks. Jacek\" \/>\n\t<meta name=\"twitter:label2\" content=\"Szacowany czas czytania\" \/>\n\t<meta name=\"twitter:data2\" content=\"7 minut\" \/>\n<script type=\"application\/ld+json\" class=\"yoast-schema-graph\">{\"@context\":\"https:\/\/schema.org\",\"@graph\":[{\"@type\":\"WebPage\",\"@id\":\"https:\/\/gaudiumetspes-blog.pl\/index.php\/2020\/04\/14\/czemu-placzesz\/\",\"url\":\"https:\/\/gaudiumetspes-blog.pl\/index.php\/2020\/04\/14\/czemu-placzesz\/\",\"name\":\"Czemu p\u0142aczesz?... - Gaudium Et Spes\",\"isPartOf\":{\"@id\":\"https:\/\/gaudiumetspes-blog.pl\/#website\"},\"datePublished\":\"2020-04-14T06:19:41+00:00\",\"author\":{\"@id\":\"https:\/\/gaudiumetspes-blog.pl\/#\/schema\/person\/1661982992b752dea8dff0d4ed845a65\"},\"breadcrumb\":{\"@id\":\"https:\/\/gaudiumetspes-blog.pl\/index.php\/2020\/04\/14\/czemu-placzesz\/#breadcrumb\"},\"inLanguage\":\"pl-PL\",\"potentialAction\":[{\"@type\":\"ReadAction\",\"target\":[\"https:\/\/gaudiumetspes-blog.pl\/index.php\/2020\/04\/14\/czemu-placzesz\/\"]}]},{\"@type\":\"BreadcrumbList\",\"@id\":\"https:\/\/gaudiumetspes-blog.pl\/index.php\/2020\/04\/14\/czemu-placzesz\/#breadcrumb\",\"itemListElement\":[{\"@type\":\"ListItem\",\"position\":1,\"name\":\"Strona g\u0142\u00f3wna\",\"item\":\"https:\/\/gaudiumetspes-blog.pl\/\"},{\"@type\":\"ListItem\",\"position\":2,\"name\":\"Czemu p\u0142aczesz?&#8230;\"}]},{\"@type\":\"WebSite\",\"@id\":\"https:\/\/gaudiumetspes-blog.pl\/#website\",\"url\":\"https:\/\/gaudiumetspes-blog.pl\/\",\"name\":\"Gaudium Et Spes\",\"description\":\"Blog Ks. Jacka Ja\u015bkowskiego\",\"potentialAction\":[{\"@type\":\"SearchAction\",\"target\":{\"@type\":\"EntryPoint\",\"urlTemplate\":\"https:\/\/gaudiumetspes-blog.pl\/?s={search_term_string}\"},\"query-input\":{\"@type\":\"PropertyValueSpecification\",\"valueRequired\":true,\"valueName\":\"search_term_string\"}}],\"inLanguage\":\"pl-PL\"},{\"@type\":\"Person\",\"@id\":\"https:\/\/gaudiumetspes-blog.pl\/#\/schema\/person\/1661982992b752dea8dff0d4ed845a65\",\"name\":\"Ks. Jacek\",\"image\":{\"@type\":\"ImageObject\",\"inLanguage\":\"pl-PL\",\"@id\":\"https:\/\/gaudiumetspes-blog.pl\/#\/schema\/person\/image\/\",\"url\":\"https:\/\/gaudiumetspes-blog.pl\/wp-content\/uploads\/2019\/07\/avatar-JJ-150x150.jpg\",\"contentUrl\":\"https:\/\/gaudiumetspes-blog.pl\/wp-content\/uploads\/2019\/07\/avatar-JJ-150x150.jpg\",\"caption\":\"Ks. Jacek\"},\"description\":\"Witam serdecznie! K\u0142ania si\u0119 Ks. Jacek Ja\u015bkowski. Nie jestem ani kim\u015b wa\u017cnym, ani kim\u015b znanym. Jestem ksi\u0119dzem, kt\u00f3ry po prostu chce rozmawia\u0107. Codzienna kap\u0142a\u0144ska pos\u0142uga pokazuje mi, \u017ce temat\u00f3w do rozm\u00f3w z ksi\u0119dzem jest coraz wi\u0119cej i dzisiaj \u017caden ksi\u0105dz nie mo\u017ce od nich ucieka\u0107, ale - wprost przeciwnie - podejmowa\u0107 nowe wyzwania. To przekonanie sk\u0142oni\u0142o mnie do pr\u00f3by otwarcia tego\u017c bloga, chocia\u017c okazji do rozm\u00f3w na co dzie\u0144 - w konfesjonale i poza nim - na szcz\u0119\u015bcie nie brakuje. My\u015bl\u0119 jednak, \u017ce ten blog b\u0119dzie jeszcze jednym sposobem i przestrzeni\u0105 nawi\u0105zania kontaktu z lud\u017ami dobrej woli, otwartymi na dialog.\",\"url\":\"https:\/\/gaudiumetspes-blog.pl\/index.php\/author\/ks-jacek\/\"}]}<\/script>\n<!-- \/ Yoast SEO plugin. -->","yoast_head_json":{"title":"Czemu p\u0142aczesz?... - Gaudium Et Spes","robots":{"index":"index","follow":"follow","max-snippet":"max-snippet:-1","max-image-preview":"max-image-preview:large","max-video-preview":"max-video-preview:-1"},"canonical":"https:\/\/gaudiumetspes-blog.pl\/index.php\/2020\/04\/14\/czemu-placzesz\/","og_locale":"pl_PL","og_type":"article","og_title":"Czemu p\u0142aczesz?... - Gaudium Et Spes","og_description":"Szcz\u0119\u015b\u0107 Bo\u017ce! Moi Drodzy, serdecznie dzi\u0119kuj\u0119 za wszystkie \u017cyczenia i wyrazy duchowej \u0142\u0105czno\u015bci, a szczeg\u00f3lnie za modlitw\u0119! Te dobre sygna\u0142y dociera\u0142y do mnie w tych dniach \u2013 od Wielkiego Czwartku \u2013 i wci\u0105\u017c docieraj\u0105. Jak zawsze, moim wyrazem wdzi\u0119czno\u015bci b\u0119dzie Msza \u015awi\u0119ta, jak\u0105 w tych dniach odprawi\u0119 w intencji wszystkich \u017byczliwych i Bliskich, a tak\u017ce [&hellip;]","og_url":"https:\/\/gaudiumetspes-blog.pl\/index.php\/2020\/04\/14\/czemu-placzesz\/","og_site_name":"Gaudium Et Spes","article_published_time":"2020-04-14T06:19:41+00:00","author":"Ks. Jacek","twitter_card":"summary_large_image","twitter_misc":{"Napisane przez":"Ks. Jacek","Szacowany czas czytania":"7 minut"},"schema":{"@context":"https:\/\/schema.org","@graph":[{"@type":"WebPage","@id":"https:\/\/gaudiumetspes-blog.pl\/index.php\/2020\/04\/14\/czemu-placzesz\/","url":"https:\/\/gaudiumetspes-blog.pl\/index.php\/2020\/04\/14\/czemu-placzesz\/","name":"Czemu p\u0142aczesz?... - Gaudium Et Spes","isPartOf":{"@id":"https:\/\/gaudiumetspes-blog.pl\/#website"},"datePublished":"2020-04-14T06:19:41+00:00","author":{"@id":"https:\/\/gaudiumetspes-blog.pl\/#\/schema\/person\/1661982992b752dea8dff0d4ed845a65"},"breadcrumb":{"@id":"https:\/\/gaudiumetspes-blog.pl\/index.php\/2020\/04\/14\/czemu-placzesz\/#breadcrumb"},"inLanguage":"pl-PL","potentialAction":[{"@type":"ReadAction","target":["https:\/\/gaudiumetspes-blog.pl\/index.php\/2020\/04\/14\/czemu-placzesz\/"]}]},{"@type":"BreadcrumbList","@id":"https:\/\/gaudiumetspes-blog.pl\/index.php\/2020\/04\/14\/czemu-placzesz\/#breadcrumb","itemListElement":[{"@type":"ListItem","position":1,"name":"Strona g\u0142\u00f3wna","item":"https:\/\/gaudiumetspes-blog.pl\/"},{"@type":"ListItem","position":2,"name":"Czemu p\u0142aczesz?&#8230;"}]},{"@type":"WebSite","@id":"https:\/\/gaudiumetspes-blog.pl\/#website","url":"https:\/\/gaudiumetspes-blog.pl\/","name":"Gaudium Et Spes","description":"Blog Ks. Jacka Ja\u015bkowskiego","potentialAction":[{"@type":"SearchAction","target":{"@type":"EntryPoint","urlTemplate":"https:\/\/gaudiumetspes-blog.pl\/?s={search_term_string}"},"query-input":{"@type":"PropertyValueSpecification","valueRequired":true,"valueName":"search_term_string"}}],"inLanguage":"pl-PL"},{"@type":"Person","@id":"https:\/\/gaudiumetspes-blog.pl\/#\/schema\/person\/1661982992b752dea8dff0d4ed845a65","name":"Ks. Jacek","image":{"@type":"ImageObject","inLanguage":"pl-PL","@id":"https:\/\/gaudiumetspes-blog.pl\/#\/schema\/person\/image\/","url":"https:\/\/gaudiumetspes-blog.pl\/wp-content\/uploads\/2019\/07\/avatar-JJ-150x150.jpg","contentUrl":"https:\/\/gaudiumetspes-blog.pl\/wp-content\/uploads\/2019\/07\/avatar-JJ-150x150.jpg","caption":"Ks. Jacek"},"description":"Witam serdecznie! K\u0142ania si\u0119 Ks. Jacek Ja\u015bkowski. Nie jestem ani kim\u015b wa\u017cnym, ani kim\u015b znanym. Jestem ksi\u0119dzem, kt\u00f3ry po prostu chce rozmawia\u0107. Codzienna kap\u0142a\u0144ska pos\u0142uga pokazuje mi, \u017ce temat\u00f3w do rozm\u00f3w z ksi\u0119dzem jest coraz wi\u0119cej i dzisiaj \u017caden ksi\u0105dz nie mo\u017ce od nich ucieka\u0107, ale - wprost przeciwnie - podejmowa\u0107 nowe wyzwania. To przekonanie sk\u0142oni\u0142o mnie do pr\u00f3by otwarcia tego\u017c bloga, chocia\u017c okazji do rozm\u00f3w na co dzie\u0144 - w konfesjonale i poza nim - na szcz\u0119\u015bcie nie brakuje. My\u015bl\u0119 jednak, \u017ce ten blog b\u0119dzie jeszcze jednym sposobem i przestrzeni\u0105 nawi\u0105zania kontaktu z lud\u017ami dobrej woli, otwartymi na dialog.","url":"https:\/\/gaudiumetspes-blog.pl\/index.php\/author\/ks-jacek\/"}]}},"jetpack_featured_media_url":"","jetpack_sharing_enabled":true,"_links":{"self":[{"href":"https:\/\/gaudiumetspes-blog.pl\/index.php\/wp-json\/wp\/v2\/posts\/16797","targetHints":{"allow":["GET"]}}],"collection":[{"href":"https:\/\/gaudiumetspes-blog.pl\/index.php\/wp-json\/wp\/v2\/posts"}],"about":[{"href":"https:\/\/gaudiumetspes-blog.pl\/index.php\/wp-json\/wp\/v2\/types\/post"}],"author":[{"embeddable":true,"href":"https:\/\/gaudiumetspes-blog.pl\/index.php\/wp-json\/wp\/v2\/users\/1"}],"replies":[{"embeddable":true,"href":"https:\/\/gaudiumetspes-blog.pl\/index.php\/wp-json\/wp\/v2\/comments?post=16797"}],"version-history":[{"count":1,"href":"https:\/\/gaudiumetspes-blog.pl\/index.php\/wp-json\/wp\/v2\/posts\/16797\/revisions"}],"predecessor-version":[{"id":16798,"href":"https:\/\/gaudiumetspes-blog.pl\/index.php\/wp-json\/wp\/v2\/posts\/16797\/revisions\/16798"}],"wp:attachment":[{"href":"https:\/\/gaudiumetspes-blog.pl\/index.php\/wp-json\/wp\/v2\/media?parent=16797"}],"wp:term":[{"taxonomy":"category","embeddable":true,"href":"https:\/\/gaudiumetspes-blog.pl\/index.php\/wp-json\/wp\/v2\/categories?post=16797"},{"taxonomy":"post_tag","embeddable":true,"href":"https:\/\/gaudiumetspes-blog.pl\/index.php\/wp-json\/wp\/v2\/tags?post=16797"}],"curies":[{"name":"wp","href":"https:\/\/api.w.org\/{rel}","templated":true}]}}