{"id":16837,"date":"2020-04-19T05:22:32","date_gmt":"2020-04-19T03:22:32","guid":{"rendered":"https:\/\/gaudiumetspes-blog.pl\/?p=16837"},"modified":"2020-04-19T00:03:01","modified_gmt":"2020-04-18T22:03:01","slug":"modlcie-sie-ze-mna-o-milosierdzie","status":"publish","type":"post","link":"https:\/\/gaudiumetspes-blog.pl\/index.php\/2020\/04\/19\/modlcie-sie-ze-mna-o-milosierdzie\/","title":{"rendered":"M\u00f3dlcie si\u0119 ze mn\u0105 o mi\u0142osierdzie!"},"content":{"rendered":"<p align=\"justify\"><span style=\"color: #000000;\"><span style=\"font-family: Book Antiqua, serif;\"><span style=\"font-size: large;\">Niech b\u0119dzie pochwalony Jezus Chrystus! Moi Drodzy, w dniu dzisiejszym <b>wspominamy ten dzie\u0144 sprzed pi\u0119tnastu lat, kiedy na Stolic\u0119 Piotrow\u0105 powo\u0142any zosta\u0142 Papie\u017c Benedykt XVI. W serdecznej modlitwie podzi\u0119kujmy Bogu za ogromne dobro, jakie pozostawi\u0142 On Ko\u015bcio\u0142owi. I o wszelkie dobro m\u00f3dlmy si\u0119 dla Niego samego!<\/b><\/span><\/span><\/span><\/p>\n<p align=\"justify\"><span style=\"color: #000000;\"><span style=\"font-family: Book Antiqua, serif;\"><span style=\"font-size: large;\"><b>Imieniny natomiast obchodzi dzisiaj m\u00f3j Kolega kursowy, Ksi\u0105dz Leon Bobrowski. Niech Pan Mu b\u0142ogos\u0142awi w pe\u0142nieniu pos\u0142ugi kap\u0142a\u0144skiej, w tym szczeg\u00f3lnie \u2013 proboszczowskiej. Zapewniam o modlitwie!<\/b><\/span><\/span><\/span><\/p>\n<p align=\"justify\"><span style=\"color: #000000;\"><span style=\"font-family: Book Antiqua, serif;\"><span style=\"font-size: large;\">Moi Drodzy, dzisiaj, w Parafii \u015aw. Jana Kantego w Lublinie, b\u0119d\u0119 mia\u0142 rado\u015b\u0107<b> ochrzci\u0107 drugiego Synka moich Przyjaci\u00f3\u0142, \u017banny i \u0141ukasza Sulowskich \u2013 Ignacego Jana. B\u0119d\u0119 si\u0119 modli\u0142 za ca\u0142\u0105 t\u0119 blisk\u0105 mi Rodzin\u0119, aby dla nowego Chrze\u015bcijanina by\u0142a jak najlepszym \u015brodowiskiem duchowego rozwoju.<\/b><\/span><\/span><\/span><\/p>\n<p align=\"justify\"><span style=\"color: #000000;\"><span style=\"font-family: Book Antiqua, serif;\"><span style=\"font-size: large;\">Dzisiaj tak\u017ce, moja rodzinna Parafia \u2013 Chrystusa Mi\u0142osiernego w Bia\u0142ej Podlaskiej i jednocze\u015bnie Diecezjalne Sanktuarium Bo\u017cego Mi\u0142osierdzia \u2013 prze\u017cywa uroczysto\u015b\u0107 odpustow\u0105. Szkoda, \u017ce jeszcze przy pi\u0119ciu Osobach\u2026 Niech Pan oka\u017ce mi\u0142osierdzie nam wszystkim \u2013 i ca\u0142emu \u015bwiatu! O to b\u0119d\u0105 si\u0119 modli\u0107 dzisiaj Wierni mojej rodzinnej Parafii.<\/span><\/span><\/span><\/p>\n<p align=\"justify\"><span style=\"color: #000000;\"><span style=\"font-family: Book Antiqua, serif;\"><span style=\"font-size: large;\">A ja modl\u0119 si\u0119 o to w rozwa\u017caniu, kt\u00f3re przy okazji dzisiejszego, tak wyj\u0105tkowego \u015awi\u0119ta, czyni\u0119 w\u0142a\u015bnie moj\u0105 modlitw\u0105 i medytacj\u0105, do kt\u00f3rej i Was serdecznie zapraszam! Pod medytacj\u0105 natomiast \u2013 jako lektura dodatkowa \u2013 znajdziecie przypomnienie pi\u0119ciu form kultu Bo\u017cego Mi\u0142osierdzia, wskazanych przez Jezusa Siostrze Faustynie, oraz cytaty z Jej \u201eDzienniczka\u201d, m\u00f3wi\u0105ce o tych kolejnych, poszczeg\u00f3lnych formach. Mo\u017ce si\u0119 to komu\u015b przyda\u2026 A na pewno, warto uczyni\u0107 to przedmiotem swojej medytacji.<\/span><\/span><\/span><\/p>\n<p align=\"justify\"><span style=\"color: #000000;\"><span style=\"font-family: Book Antiqua, serif;\"><span style=\"font-size: large;\">Na g\u0142\u0119bokie i radosne prze\u017cywanie Drugiej Niedzieli Wielkanocy i \u015awi\u0119ta Bo\u017cego Mi\u0142osierdzia, tak\u017ce: na spe\u0142nienie si\u0119 naszych najg\u0142\u0119bszych nadziei \u2013 <b>niech Was b\u0142ogos\u0142awi B\u00f3g Wszechmog\u0105cy: Ojciec + i Syn, i Duch \u015awi\u0119ty. Amen<\/b><\/span><\/span><\/span><\/p>\n<p align=\"center\"><span style=\"color: #000000;\"><span style=\"font-family: Book Antiqua, serif;\"><span style=\"font-size: large;\">Gaudium et spes! Ks. Jacek<\/span><\/span><\/span><\/p>\n<p align=\"center\">\n<p align=\"center\">\n<p align=\"center\">\n<p align=\"center\">\n<p align=\"center\">\n<p align=\"justify\"><span style=\"color: #000000;\"><span style=\"font-family: Book Antiqua, serif;\"><span style=\"font-size: large;\"><b>2 Niedziela Wielkanocna, A,<\/b><\/span><\/span><\/span><\/p>\n<p align=\"justify\"><span style=\"color: #000000;\"><span style=\"font-family: Book Antiqua, serif;\"><span style=\"font-size: large;\"><b>19 kwietnia 2020.,\u00a0 \u00a0 \u00a0 \u00a0 \u00a0 \u00a0 \u00a0 \u00a0 \u00a0 \u00a0 \u00a0 \u00a0 \u00a0 \u00a0 \u00a0 \u00a0 \u00a0 \u00a0 \u00a0 \u00a0 \u00a0 \u00a0 \u00a0 \u00a0 \u00a0 \u00a0 \u00a0 \u00a0 \u00a0 \u00a0 \u00a0 \u00a0 \u00a0 \u00a0 \u00a0\u00a0<\/b><\/span><\/span><\/span><\/p>\n<p align=\"justify\"><span style=\"color: #000000;\"><span style=\"font-family: Book Antiqua, serif;\"><span style=\"font-size: large;\"><b>do czyta\u0144: Dz 2,42\u201347; 1 P 1,3\u20139; J 20,19\u201331<\/b><\/span><\/span><\/span><\/p>\n<p align=\"justify\">\n<p align=\"justify\">\n<p align=\"justify\">\n<p align=\"justify\">\n<p align=\"justify\">\n<p align=\"justify\"><span style=\"color: #000000;\"><span style=\"font-family: Book Antiqua, serif;\"><span style=\"font-size: large;\"><b>CZYTANIE Z DZIEJ\u00d3W APOSTOLSKICH: <\/b><\/span><\/span><\/span><\/p>\n<p align=\"justify\"><span style=\"color: #000000;\"><span style=\"font-family: Book Antiqua, serif;\"><span style=\"font-size: large;\"><b>Bracia trwali w nauce aposto\u0142\u00f3w i we wsp\u00f3lnocie, w \u0142amaniu chleba i w modlitwie. <\/b><\/span><\/span><\/span><\/p>\n<p align=\"justify\"><span style=\"color: #000000;\"><span style=\"font-family: Book Antiqua, serif;\"><span style=\"font-size: large;\"><b>Boja\u017a\u0144 ogarnia\u0142a ka\u017cdego, gdy\u017c aposto\u0142owie czynili wiele znak\u00f3w i cud\u00f3w. Ci wszyscy, co uwierzyli, przebywali razem i wszystko mieli wsp\u00f3lne. Sprzedawali maj\u0105tki i dobra i rozdzielali je ka\u017cdemu wed\u0142ug potrzeby. <\/b><\/span><\/span><\/span><\/p>\n<p align=\"justify\"><span style=\"color: #000000;\"><span style=\"font-family: Book Antiqua, serif;\"><span style=\"font-size: large;\"><b>Codziennie trwali jednomy\u015blnie w \u015bwi\u0105tyni, a \u0142ami\u0105c chleb po domach, przyjmowali posi\u0142ek z rado\u015bci\u0105 i prostot\u0105 serca. Wielbili Boga, a ca\u0142y lud odnosi\u0142 si\u0119 do nich \u017cyczliwie. Pan za\u015b przymna\u017ca\u0142 im tych, kt\u00f3rzy dost\u0119powali zbawienia.<\/b><\/span><\/span><\/span><\/p>\n<p align=\"justify\">\n<p align=\"justify\">\n<p align=\"justify\">\n<p align=\"justify\">\n<p align=\"justify\">\n<p align=\"justify\"><span style=\"color: #000000;\"><span style=\"font-family: Book Antiqua, serif;\"><span style=\"font-size: large;\"><b>CZYTANIE Z PIERWSZEGO LISTU \u015aWI\u0118TEGO PIOTRA APOSTO\u0141A: <\/b><\/span><\/span><\/span><\/p>\n<p align=\"justify\"><span style=\"color: #000000;\"><span style=\"font-family: Book Antiqua, serif;\"><span style=\"font-size: large;\"><b>Niech b\u0119dzie b\u0142ogos\u0142awiony B\u00f3g i Ojciec Pana naszego Jezusa Chrystusa. On w swoim wielkim mi\u0142osierdziu przez powstanie z martwych Jezusa Chrystusa na nowo zrodzi\u0142 nas do \u017cywej nadziei: do dziedzictwa niezniszczalnego i niepokalanego, i niewi\u0119dn\u0105cego, kt\u00f3re jest zachowane dla was w niebie. Wy bowiem jeste\u015bcie przez wiar\u0119 strze\u017ceni moc\u0105 Bo\u017c\u0105 do zbawienia, gotowego na to, aby si\u0119 objawi\u0107 w czasie ostatecznym. <\/b><\/span><\/span><\/span><\/p>\n<p align=\"justify\"><span style=\"color: #000000;\"><span style=\"font-family: Book Antiqua, serif;\"><span style=\"font-size: large;\"><b>Dlatego radujcie si\u0119, cho\u0107 teraz musicie dozna\u0107 troch\u0119 smutku przez r\u00f3\u017cnorodne do\u015bwiadczenia. Przez to warto\u015b\u0107 waszej wiary oka\u017ce si\u0119 wiele cenniejsza od zniszczalnego z\u0142ota, kt\u00f3re przecie\u017c pr\u00f3buje si\u0119 w ogniu, na s\u0142aw\u0119, chwa\u0142\u0119 i cze\u015b\u0107 przy objawieniu Jezusa Chrystusa. Wy cho\u0107 nie widzieli\u015bcie Go, mi\u0142ujecie Go. Teraz wierzycie w Niego, chocia\u017c nie widzieli\u015bcie. Natomiast wierz\u0105c, ucieszycie si\u0119 rado\u015bci\u0105 niewymown\u0105 i pe\u0142n\u0105 chwa\u0142y wtedy, gdy osi\u0105gni\u0119cie cel waszej wiary: zbawienie dusz.<\/b><\/span><\/span><\/span><\/p>\n<p align=\"justify\">\n<p align=\"justify\">\n<p align=\"justify\">\n<p align=\"justify\">\n<p align=\"justify\">\n<p align=\"justify\"><span style=\"color: #000000;\"><span style=\"font-family: Book Antiqua, serif;\"><span style=\"font-size: large;\"><b>S\u0141OWA EWANGELII WED\u0141UG \u015aWI\u0118TEGO JANA: <\/b><\/span><\/span><\/span><\/p>\n<p align=\"justify\"><span style=\"color: #000000;\"><span style=\"font-family: Book Antiqua, serif;\"><span style=\"font-size: large;\"><b>By\u0142o to wieczorem owego pierwszego dnia tygodnia. Tam, gdzie przebywali uczniowie, drzwi by\u0142y zamkni\u0119te z obawy przed \u017bydami. Jezus wszed\u0142, stan\u0105\u0142 po\u015brodku i rzek\u0142 do nich: \u201ePok\u00f3j wam!\u201d A to powiedziawszy, pokaza\u0142 im r\u0119ce i bok. Uradowali si\u0119 zatem uczniowie ujrzawszy Pana. <\/b><\/span><\/span><\/span><\/p>\n<p align=\"justify\"><span style=\"color: #000000;\"><span style=\"font-family: Book Antiqua, serif;\"><span style=\"font-size: large;\"><b>A Jezus znowu rzek\u0142 do nich: \u201ePok\u00f3j wam! Jak Ojciec Mnie pos\u0142a\u0142, tak i Ja was posy\u0142am\u201d. Po tych s\u0142owach tchn\u0105\u0142 na nich i powiedzia\u0142 im: \u201eWe\u017amijcie Ducha \u015awi\u0119tego! Kt\u00f3rym odpu\u015bcicie grzechy, s\u0105 im odpuszczone, a kt\u00f3rym zatrzymacie, s\u0105 im zatrzymane\u201d. <\/b><\/span><\/span><\/span><\/p>\n<p align=\"justify\"><span style=\"color: #000000;\"><span style=\"font-family: Book Antiqua, serif;\"><span style=\"font-size: large;\"><b>Ale Tomasz, jeden z Dwunastu, zwany Didymos, nie by\u0142 razem z nimi, kiedy przyszed\u0142 Jezus. Inni wi\u0119c uczniowie m\u00f3wili do niego: \u201eWidzieli\u015bmy Pana!\u201d. <\/b><\/span><\/span><\/span><\/p>\n<p align=\"justify\"><span style=\"color: #000000;\"><span style=\"font-family: Book Antiqua, serif;\"><span style=\"font-size: large;\"><b>Ale on rzek\u0142 do nich: \u201eJe\u017celi na r\u0119kach Jego nie zobacz\u0119 \u015bladu gwo\u017adzi i nie w\u0142o\u017c\u0119 palca mego w miejsce gwo\u017adzi, i nie w\u0142o\u017c\u0119 r\u0119ki mojej do boku Jego, nie uwierz\u0119\u201d. <\/b><\/span><\/span><\/span><\/p>\n<p align=\"justify\"><span style=\"color: #000000;\"><span style=\"font-family: Book Antiqua, serif;\"><span style=\"font-size: large;\"><b>A po o\u015bmiu dniach, kiedy uczniowie Jego byli znowu wewn\u0105trz domu i Tomasz z nimi, Jezus przyszed\u0142 mimo drzwi zamkni\u0119tych, stan\u0105\u0142 po\u015brodku i rzek\u0142: \u201ePok\u00f3j wam!\u201d Nast\u0119pnie rzek\u0142 do Tomasza: \u201ePodnie\u015b tutaj sw\u00f3j palec i zobacz moje r\u0119ce. Podnie\u015b r\u0119k\u0119 i w\u0142\u00f3\u017c j\u0105 do mego boku, i nie b\u0105d\u017a niedowiarkiem, lecz wierz\u0105cym\u201d. <\/b><\/span><\/span><\/span><\/p>\n<p align=\"justify\"><span style=\"color: #000000;\"><span style=\"font-family: Book Antiqua, serif;\"><span style=\"font-size: large;\"><b>Tomasz Mu odpowiedzia\u0142: \u201ePan m\u00f3j i B\u00f3g m\u00f3j!\u201d <\/b><\/span><\/span><\/span><\/p>\n<p align=\"justify\"><span style=\"color: #000000;\"><span style=\"font-family: Book Antiqua, serif;\"><span style=\"font-size: large;\"><b>Powiedzia\u0142 mu Jezus: \u201eUwierzy\u0142e\u015b, bo Mnie ujrza\u0142e\u015b; b\u0142ogos\u0142awieni, kt\u00f3rzy nie widzieli, a uwierzyli\u201d. <\/b><\/span><\/span><\/span><\/p>\n<p align=\"justify\"><span style=\"color: #000000;\"><span style=\"font-family: Book Antiqua, serif;\"><span style=\"font-size: large;\"><b>I wiele innych znak\u00f3w, kt\u00f3rych nie zapisano w tej ksi\u0119dze, uczyni\u0142 Jezus wobec uczni\u00f3w. Te za\u015b zapisano, aby\u015bcie wierzyli, \u017ce Jezus jest Mesjaszem, Synem Bo\u017cym, i aby\u015bcie wierz\u0105c mieli \u017cycie w imi\u0119 Jego.<\/b><\/span><\/span><\/span><\/p>\n<p align=\"justify\">\n<p align=\"justify\">\n<p align=\"justify\">\n<p align=\"justify\">\n<p align=\"justify\">\n<p align=\"justify\"><span style=\"color: #000000;\"><span style=\"font-family: Book Antiqua, serif;\"><span style=\"font-size: large;\">Panie Jezu Chryste, Zmartwychwsta\u0142y i Mi\u0142osierny, pozw\u00f3l, \u017ce dzisiejsze rozwa\u017canie Twojego s\u0142owa <b>uczyni\u0119 moj\u0105 <\/b><b>medytacj\u0105 i <\/b><b>modlitw\u0105.<\/b> Sk\u0142ania mnie do tego \u015awi\u0119to Twojego Mi\u0142osierdzia, kt\u00f3re dzi\u015b prze\u017cywamy. Tak\u017ce fakt, \u017ce od dzieci\u0144stwa wychowywa\u0142em si\u0119 i wzrasta\u0142em <b>w Parafii Chrystusa Mi\u0142osiernego,<\/b> a wi\u0119c w blasku tej niezwyk\u0142ej Tajemnicy\u2026 To mnie dzi\u015b sk\u0142ania do serdeczniej modlitwy \u2013 i jednocze\u015bnie do niej o\u015bmiela! <\/span><\/span><\/span><\/p>\n<p align=\"justify\"><span style=\"color: #000000;\"><span style=\"font-family: Book Antiqua, serif;\"><span style=\"font-size: large;\">Pozw\u00f3l wi\u0119c, \u017ce od razu b\u0119d\u0119 Ci\u0119 prosi\u0142: <b>Przyjd\u017a do nas, Panie Jezu!<\/b> Tak, jak przyszed\u0142e\u015b <i><b>wieczorem owego pierwszego dnia tygodnia,<\/b><\/i><b> <\/b>a nast\u0119pnie <i><b>po o\u015bmiu dniach<\/b><\/i><b> \u2013 <\/b>przyjd\u017a, <i><b>mimo drzwi zamkni\u0119tych:<\/b><\/i> mimo drzwi zamkni\u0119tych <b>naszych dom\u00f3w i naszych ko\u015bcio\u0142\u00f3w.<\/b> Przyjd\u017a! Przyjd\u017a i powiedz \u2013 tak, jak wtedy, za pierwszym i za drugim razem \u2013 z ca\u0142\u0105 moc\u0105: <i><b>Pok\u00f3j wam! <\/b><\/i><\/span><\/span><\/span><\/p>\n<p align=\"justify\"><span style=\"color: #000000;\"><span style=\"font-family: Book Antiqua, serif;\"><span style=\"font-size: large;\">Przyjd\u017a i otw\u00f3rz szczelnie zamkni\u0119te drzwi naszych dom\u00f3w, aby\u015bmy mogli <b>przyj\u015b\u0107 do Twoich \u015bwi\u0105ty\u0144, <\/b>ale te\u017c <b>wyj\u015b\u0107 do ludzi<\/b> \u2013 tak normalnie, jak cz\u0142owiek do cz\u0142owieka, jak brat do brata. Przyjd\u017a, <b>chocia\u017c \u015bwiat nie nawr\u00f3ci\u0142 si\u0119<\/b> tak, jakby\u015b tego oczekiwa\u0142. Zamiast wyj\u015b\u0107 z procesjami, zamiast podj\u0105\u0107 pokut\u0119 i nawr\u00f3cenie, zamiast pa\u015b\u0107 na kolana przed Tob\u0105, <b>najpierw pozamyka\u0142 ko\u015bcio\u0142y,<\/b> a dopiero po nich \u2013 czasami d\u0142ugo po nich \u2013 inne obiekty.<\/span><\/span><\/span><\/p>\n<p align=\"justify\"><span style=\"color: #000000;\"><span style=\"font-family: Book Antiqua, serif;\"><span style=\"font-size: large;\">Ca\u0142e szcz\u0119\u015bcie, <\/span><\/span><\/span><span style=\"color: #000000;\"><span style=\"font-family: Book Antiqua, serif;\"><span style=\"font-size: large;\">\u017ce <\/span><\/span><\/span><span style=\"color: #000000;\"><span style=\"font-family: Book Antiqua, serif;\"><span style=\"font-size: large;\">znale\u017ali si\u0119 tacy <\/span><\/span><\/span><span style=\"color: #000000;\"><span style=\"font-family: Book Antiqua, serif;\"><span style=\"font-size: large;\"><b>odwa\u017cni przyw\u00f3dcy, jak Prezydent Tanzanii,<\/b><\/span><\/span><\/span><span style=\"color: #000000;\"><span style=\"font-family: Book Antiqua, serif;\"><span style=\"font-size: large;\"> kt\u00f3ry <\/span><\/span><\/span><span style=\"color: #000000;\"><span style=\"font-family: Book Antiqua, serif;\"><span style=\"font-size: large;\">zdecydowanie podkre\u015bli\u0142, \u017ce w czasie <\/span><\/span><\/span><span style=\"color: #000000;\"><span style=\"font-family: Book Antiqua, serif;\"><span style=\"font-size: large;\">epidemii<\/span><\/span><\/span> <span style=\"color: #000000;\"><span style=\"font-family: Book Antiqua, serif;\"><span style=\"font-size: large;\"><b>nie <\/b><\/span><\/span><\/span><span style=\"color: #000000;\"><span style=\"font-family: Book Antiqua, serif;\"><span style=\"font-size: large;\"><b>pozwoli<\/b><\/span><\/span><\/span><span style=\"color: #000000;\"><span style=\"font-family: Book Antiqua, serif;\"><span style=\"font-size: large;\"><b> na zamkni\u0119cie ko\u015bcio\u0142\u00f3w<\/b><\/span><\/span><\/span><span style=\"color: #000000;\"><span style=\"font-family: Book Antiqua, serif;\"><span style=\"font-size: large;\"> lub ograniczanie dost\u0119pu do Mszy <\/span><\/span><\/span><span style=\"color: #000000;\"><span style=\"font-family: Book Antiqua, serif;\"><span style=\"font-size: large;\">\u015a<\/span><\/span><\/span><span style=\"color: #000000;\"><span style=\"font-family: Book Antiqua, serif;\"><span style=\"font-size: large;\">wi\u0119tej. Doda\u0142, \u017ce nie obawia si\u0119 przyjmowa\u0107 Komunii \u015bwi\u0119tej, poniewa\u017c <\/span><\/span><\/span><span style=\"color: #000000;\"><span style=\"font-family: Book Antiqua, serif;\"><span style=\"font-size: large;\"><b>\u201ez Jezusem w Eucharystii jest bezpieczny\u201d<\/b><\/span><\/span><\/span> <span style=\"color: #000000;\"><span style=\"font-family: Book Antiqua, serif;\"><span style=\"font-size: large;\">[<\/span><\/span><\/span><a href=\"https:\/\/www.pch24.pl\/tanzania--prezydent-oglosil-trzydniowa-narodowa-modlitwe-o-ustanie-pandemii,75436,i.html\"><span style=\"color: #000000;\"><span style=\"font-family: Book Antiqua, serif;\"><span style=\"font-size: large;\">https:\/\/www.pch24.pl\/tanzania&#8211;prezydent-oglosil-trzydniowa-narodowa-modlitwe-o-ustanie-pandemii,75436,i.html<\/span><\/span><\/span><\/a><span style=\"color: #000000;\"><span style=\"font-family: Book Antiqua, serif;\"><span style=\"font-size: large;\">] <\/span><\/span><\/span><span style=\"color: #000000;\"><span style=\"font-family: Book Antiqua, serif;\"><span style=\"font-size: large;\">Okazuje si\u0119, \u017ce ilo\u015b\u0107 zachorowa\u0144 i zgon\u00f3w w jego kraju, licz\u0105cym pi\u0119\u0107dziesi\u0105t siedem milion\u00f3w ludzi, <\/span><\/span><\/span><span style=\"color: #000000;\"><span style=\"font-family: Book Antiqua, serif;\"><span style=\"font-size: large;\"><b>wcale nie jest du\u017ca.<\/b><\/span><\/span><\/span><span style=\"color: #000000;\"><span style=\"font-family: Book Antiqua, serif;\"><span style=\"font-size: large;\"> Dobrze, \u017ce jest taki kraj i taki Prezydent. <\/span><\/span><\/span><span style=\"color: #000000;\"><span style=\"font-family: Book Antiqua, serif;\"><span style=\"font-size: large;\">W tych dniach og\u0142osi\u0142 trzydniow\u0105, narodow\u0105 modlitw\u0119 o ustanie epidemii.<\/span><\/span><\/span><\/p>\n<p align=\"justify\"><span style=\"font-size: large;\"><span style=\"color: #000000;\"><span style=\"font-family: Book Antiqua, serif;\">Niestety, w wi\u0119kszo\u015bci kraj\u00f3w to w\u0142a\u015bnie ko\u015bcio\u0142y jako pierwsze zosta\u0142y zamkni\u0119te \u2013 <\/span><\/span><span style=\"color: #000000;\"><span style=\"font-family: Book Antiqua, serif;\"><b>jako najgro\u017aniejsze \u017ar\u00f3d\u0142o zaka\u017ce\u0144. <\/b><\/span><\/span><\/span><\/p>\n<p align=\"justify\"><span style=\"font-size: large;\"><span style=\"color: #000000;\"><span style=\"font-family: Book Antiqua, serif;\">A c\u00f3\u017c powiedzie\u0107 <\/span><\/span><span style=\"color: #000000;\"><span style=\"font-family: Book Antiqua, serif;\"><b>o b<\/b><\/span><\/span><span style=\"color: #000000;\"><span style=\"font-family: Book Antiqua, serif;\"><b>estialski<\/b><\/span><\/span><span style=\"color: #000000;\"><span style=\"font-family: Book Antiqua, serif;\"><b>m<\/b><\/span><\/span><span style=\"color: #000000;\"><span style=\"font-family: Book Antiqua, serif;\"><b> mordowani<\/b><\/span><\/span><span style=\"color: #000000;\"><span style=\"font-family: Book Antiqua, serif;\"><b>u<\/b><\/span><\/span><span style=\"color: #000000;\"><span style=\"font-family: Book Antiqua, serif;\"><b> dzieci nienarodzonych?<\/b><\/span><\/span><span style=\"color: #000000;\"><span style=\"font-family: Book Antiqua, serif;\"> Odbywa si\u0119 dalej, na masow\u0105 skal\u0119, <\/span><\/span><span style=\"color: #000000;\"><span style=\"font-family: Book Antiqua, serif;\">nawet stosuje si\u0119 pewne u\u0142atwienia medyczne i prawne, \u017ceby obecna sytuacja nie stanowi\u0142a utrudnienia w swobodnym dokonywaniu tego przest\u0119pstwa!<\/span><\/span><\/span><\/p>\n<p align=\"justify\"><span style=\"font-size: large;\"><span style=\"color: #000000;\"><span style=\"font-family: Book Antiqua, serif;\">A to oznacza, Panie Jezu, \u017ce<\/span><\/span><span style=\"color: #000000;\"><span style=\"font-family: Book Antiqua, serif;\"> cz\u0142owiek nadal <\/span><\/span><span style=\"color: #000000;\"><span style=\"font-family: Book Antiqua, serif;\">wchodzi w Twoje kompetencje, bo sam czyni si\u0119 <\/span><\/span><span style=\"color: #000000;\"><span style=\"font-family: Book Antiqua, serif;\"><b>s\u0119dzi\u0105 \u017cycia i \u015bmierci drugiego cz\u0142owieka,<\/b><\/span><\/span><span style=\"color: #000000;\"><span style=\"font-family: Book Antiqua, serif;\"> jednemu pozwalaj\u0105c \u017cy\u0107, a <\/span><\/span><span style=\"color: #000000;\"><span style=\"font-family: Book Antiqua, serif;\">drugiemu<\/span><\/span><span style=\"color: #000000;\"><span style=\"font-family: Book Antiqua, serif;\"> nie. Gorzej, \u017ce tych \u201e<\/span><\/span><span style=\"color: #000000;\"><span style=\"font-family: Book Antiqua, serif;\">drugich<\/span><\/span><span style=\"color: #000000;\"><span style=\"font-family: Book Antiqua, serif;\">\u201d, kt\u00f3rym <\/span><\/span><span style=\"color: #000000;\"><span style=\"font-family: Book Antiqua, serif;\"><b>nie pozwala <\/b><\/span><\/span><span style=\"color: #000000;\"><span style=\"font-family: Book Antiqua, serif;\"><b>\u017cy\u0107<\/b><\/span><\/span><span style=\"color: #000000;\"><span style=\"font-family: Book Antiqua, serif;\"><b>, s\u0105 miliony!<\/b><\/span><\/span><span style=\"color: #000000;\"><span style=\"font-family: Book Antiqua, serif;\"> Przy <\/span><\/span><span style=\"color: #000000;\"><span style=\"font-family: Book Antiqua, serif;\">nich<\/span><\/span><span style=\"color: #000000;\"><span style=\"font-family: Book Antiqua, serif;\"> liczba ofiar obecnej epidemii to male\u0144ki procencik. <\/span><\/span><span style=\"color: #000000;\"><span style=\"font-family: Book Antiqua, serif;\">Tylko, \u017ce o tych ostatnich w mediach jest g\u0142o\u015bno, a o tych cichych ofiarach bestialskich mord\u00f3w \u015bwiat <\/span><\/span><span style=\"color: #000000;\"><span style=\"font-family: Book Antiqua, serif;\">zwyczajnie<\/span><\/span><span style=\"color: #000000;\"><span style=\"font-family: Book Antiqua, serif;\"> milczy\u2026<\/span><\/span><\/span><\/p>\n<p align=\"justify\"><span style=\"color: #000000;\"><span style=\"font-family: Book Antiqua, serif;\"><span style=\"font-size: large;\">Tak\u017ce i u nas, w Polsce, mieli\u015bmy \u2013 w ostatnich dniach \u2013 szans\u0119<b> prawnego ograniczenia <\/b><b>mo\u017cliwo\u015bci <\/b><b>zabijania dzieci nienarodzonych<\/b>. Niestety, znowu strach i poprawno\u015b\u0107 polityczna wzi\u0119\u0142y g\u00f3r\u0119 \u2013 projekt znalaz\u0142 si\u0119 w tak zwanej sejmowej zamra\u017carce, na tak zwane <b>\u201ep\u00f3\u017aniej\u201d,<\/b> czyli zapewne: <b>nigdy\u2026 <\/b>Szkoda\u2026 Wielka szkoda\u2026 Wielki \u017cal\u2026 Bo mieli\u015bmy szans\u0119 wys\u0142a\u0107 Ci, Panie Jezu,<b> sygna\u0142, \u017ce co\u015b zrozumieli\u015bmy\u2026<\/b> A my chyba nic nie zrozumieli\u015bmy\u2026 <\/span><\/span><\/span><\/p>\n<p align=\"justify\"><span style=\"color: #000000;\"><span style=\"font-family: Book Antiqua, serif;\"><span style=\"font-size: large;\">Nic nie zrozumieli politycy i ludzie z pierwszych stron gazet, bo <b>jak skakali sobie do oczu, tak dalej skacz\u0105. <\/b>Ale i wielu z nas nie za wiele z tego wszystkiego zrozumia\u0142o, bo nie zacz\u0119li si\u0119 <b>ani wi\u0119cej modli\u0107, ani nie nawr\u00f3ci<\/b><b>li<\/b><b> si\u0119 <\/b>ze swoich grzech\u00f3w. <\/span><\/span><\/span><\/p>\n<p align=\"justify\"><span style=\"color: #000000;\"><span style=\"font-family: Book Antiqua, serif;\"><span style=\"font-size: large;\">A ponadto \u2013 jak to kto\u015b ostatnio ciekawie stwierdzi\u0142 \u2013 przy okazji nakazu za\u0142o\u017cenia masek <b>wiele innych masek opad\u0142o i poznali\u015bmy prawd\u0119 o sobie samych: <\/b>o naszej wierze, o naszej odwadze\u2026 Z ca\u0142\u0105 brutalno\u015bci\u0105 wysz\u0142o, Panie Jezu, <b>jak bardzo jeste\u015bmy zal\u0119knieni i jak nam brak wiary!<\/b> I je\u017celi prawd\u0105 jest to, co napisa\u0142a Poetka, i\u017c tyle o sobie wiemy, ile nas sprawdzono, to nas w\u0142a\u015bnie sprawdzono. <b>I co si\u0119 okaza\u0142o? <\/b><\/span><\/span><\/span><\/p>\n<p align=\"justify\"><span style=\"color: #000000;\"><span style=\"font-family: Book Antiqua, serif;\"><span style=\"font-size: large;\">Okaza\u0142o si\u0119, \u017ce Pokolenie JP2 w chwili pr\u00f3by zapomnia\u0142o o s\u0142owach JP2: <b>\u201eNie l\u0119kajcie si\u0119!\u201d<\/b> Wprost przeciwnie: <b>strach sparali\u017cowa\u0142 my\u015blenie i dzia\u0142anie.<\/b> Dlatego <b>bez s\u0142owa<\/b> cho\u0107by krytycznego komentarza przyjmowa\u0142o ograniczenia mo\u017cliwo\u015bci udzia\u0142u we Mszy \u015awi\u0119tej najpierw do pi\u0119\u0107dziesi\u0119ciu, a potem do pi\u0119ciu os\u00f3b. <b>I to na najwa\u017cniejsze \u015awi\u0119ta w ci\u0105gu roku! <\/b>Dlatego wierni prze\u017cywali najwi\u0119ksze tajemnice naszej wiary przed telewizorami, a my, Ksi\u0119\u017ca, celebrowali\u015bmy je przy pustych ko\u015bcio\u0142ach. <b>A przecie\u017c tak nie<\/b> <b>musia\u0142o<\/b> <b>by\u0107, Panie Jezu, prawda?<\/b> Jednak my jeste\u015bmy tak bardzo zal\u0119knieni\u2026 <\/span><\/span><\/span><\/p>\n<p align=\"justify\"><span style=\"color: #000000;\"><span style=\"font-family: Book Antiqua, serif;\"><span style=\"font-size: large;\">I to z tego powodu tak wiele w tych dniach by\u0142o i jest <b>donos\u00f3w na odwa\u017cnych Ksi\u0119\u017cy,<\/b> kt\u00f3rzy robi\u0105, co mog\u0105, aby u\u0142atwi\u0107 ludziom udzia\u0142 we Mszy \u015awi\u0119tej i w Sakramentach. Tak wiele <b>z\u0142o\u015bliwych \u2013 albo powodowanych strachem \u2013 donos\u00f3w!<\/b> I to zapewne tak\u017ce z powodu tego strachu wielu, kt\u00f3rzy mogli w tym czasie przyj\u015b\u0107 do ko\u015bcio\u0142a, na adoracj\u0119, a przy okazji <b>wyspowiada\u0107 si\u0119 i przyj\u0105\u0107 Komuni\u0119 \u015awi\u0119t\u0105<\/b> \u2013 nie uczyni\u0142o tego. Tak na wszelki wypadek \u2013 \u017ceby si\u0119 nie zarazi\u0107\u2026 Na pewno, <b>o wiele wi\u0119cej os\u00f3b mog\u0142o skorzysta\u0107<\/b> z tych duchowych dar\u00f3w, ni\u017c skorzysta\u0142o\u2026<\/span><\/span><\/span><\/p>\n<p align=\"justify\"><span style=\"color: #000000;\"><span style=\"font-family: Book Antiqua, serif;\"><span style=\"font-size: large;\">A c\u00f3\u017c powiedzie\u0107, Panie Jezu, <b>o <\/b><b>wzrastaj\u0105cej <\/b><b>agresji <\/b>w domach i rodzinach, <b>o k\u0142\u00f3tniach,<\/b> o marnowaniu czasu na telewizj\u0119, internet i inne bzdury, kiedy mo\u017cna ten czas wykorzysta\u0107 cho\u0107by na wsp\u00f3ln\u0105 modlitw\u0119, czy na jak\u0105\u015b po\u017cyteczn\u0105 prac\u0119\u2026 <\/span><\/span><\/span><\/p>\n<p align=\"justify\"><span style=\"color: #000000;\"><span style=\"font-family: Book Antiqua, serif;\"><span style=\"font-size: large;\">Panie Jezu, jest tego troch\u0119\u2026 Wydaje si\u0119, \u017ce \u015bwiat, \u017ce ludzie \u2013 i cz\u0119sto tak\u017ce my sami \u2013 <b>nie nawr\u00f3cili\u015bmy si\u0119 za bardzo w tych dniach.<\/b> Nie odczytali\u015bmy do ko\u0144ca Twoich znak\u00f3w. <\/span><\/span><\/span><\/p>\n<p align=\"justify\"><span style=\"color: #000000;\"><span style=\"font-family: Book Antiqua, serif;\"><span style=\"font-size: large;\">Ale \u2013 pomimo tego \u2013 prosimy: <b>Przyjd\u017a! Przyjd\u017a \u2013 mimo tak wielu drzwi zamkni\u0119tych,<\/b> mimo tak wielu serc zamkni\u0119tych \u2013 przyjd\u017a i powiedz z ca\u0142\u0105 moc\u0105: <i><b>Pok\u00f3j wam!<\/b><\/i><i> <\/i>Nie czekaj, a\u017c si\u0119 \u015bwiat nawr\u00f3ci,<b> bo wiesz, \u017ce si\u0119 nie nawr\u00f3ci. <\/b>Przykre to, ale Ty wiesz o tym najlepiej! Dlatego przecie\u017c sam pyta\u0142e\u015b, czy znajdziesz wiar\u0119 na \u015bwiecie, gdy przyjdziesz. I sam nazwa\u0142e\u015b <b>swoich przyjaci\u00f3\u0142 ma\u0142\u0105 trz\u00f3dk\u0105.<\/b> Tak, Twoi szczerzy i ofiarni wyznawcy \u2013 <b>s\u0105 w mniejszo\u015bci.<\/b> Ale \u2013 na szcz\u0119\u015bcie \u2013 s\u0105!<\/span><\/span><\/span><\/p>\n<p align=\"justify\"><span style=\"color: #000000;\"><span style=\"font-family: Book Antiqua, serif;\"><span style=\"font-size: large;\">To ci<b> ofiarni Ksi\u0119\u017ca,<\/b> kt\u00f3rzy robi\u0105, co mog\u0105, aby <b>\u201eprzemyci\u0107\u201d do ko\u015bcio\u0142a<\/b> chocia\u017c kilka os\u00f3b, tak bardzo spragnionych udzia\u0142u w Eucharystii. To ci dobrzy Pasterze, kt\u00f3rzy nie wciskaj\u0105 ludziom do g\u0142owy <b>bzdur, zachwalaj\u0105c<\/b><b>ych<\/b><b> transmisje telewizyjne<\/b> Mszy \u015awi\u0119tych i przekonuj\u0105cych, \u017ce przyj\u015bcie w tych dniach do ko\u015bcio\u0142a to niemal\u017ce grzech i z\u0142amanie pos\u0142usze\u0144stwa! <\/span><\/span><\/span><\/p>\n<p align=\"justify\"><span style=\"color: #000000;\"><span style=\"font-family: Book Antiqua, serif;\"><span style=\"font-size: large;\">To ci odwa\u017cni Kap\u0142ani, kt\u00f3rzy <b>nara\u017ca<\/b><b>j\u0105<\/b><b> si\u0119 na donosy i mandaty,<\/b> aby tylko da\u0107 wiernym jak najwi\u0119ksz\u0105 mo\u017cliwo\u015b\u0107 udzia\u0142u w duchowych dobrach Ko\u015bcio\u0142a. Ci, kt\u00f3rym <b>nigdy przez gard\u0142o nie przesz\u0142o, by kaza\u0107 komu\u015b wyj\u015b\u0107 z ko\u015bcio\u0142a\u2026<\/b> Kt\u00f3rym nieraz g\u0142os wi\u0119\u017anie w gardle i \u0142zy ukradkiem wycieraj\u0105, widz\u0105c przed sob\u0105 puste \u0142awki i pi\u0119cioro wiernych w wielkim ko\u015bciele. I kiedy ju\u017c nic \u2013 w danym momencie \u2013 nie mog\u0105 zrobi\u0107, to po prostu <b>modl\u0105 si\u0119 i b\u0142ogos\u0142awi\u0105\u2026<\/b><\/span><\/span><\/span><\/p>\n<p align=\"justify\"><span style=\"color: #000000;\"><span style=\"font-family: Book Antiqua, serif;\"><span style=\"font-size: large;\">To ci oddani Pasterze, kt\u00f3rzy organizowali w tych dniach cho\u0107by <b>wystawienia Naj\u015bwi\u0119tszego Sakramentu i d\u0142ugie godziny dy\u017curowali w konfesjona\u0142ach,<\/b> aby ludzi nie pozbawi\u0107 tego, co jest najwi\u0119kszym dobrem cz\u0142owieka, na czas najwi\u0119kszych w ci\u0105gu roku \u015awi\u0105t.<\/span><\/span><\/span><\/p>\n<p align=\"justify\"><span style=\"color: #000000;\"><span style=\"font-family: Book Antiqua, serif;\"><span style=\"font-size: large;\">To tak\u017ce ci <b>wspaniali <\/b><b>W<\/b><b>ierni \u015bwieccy,<\/b> kt\u00f3rzy od pocz\u0105tku trwania tych nadzwyczajnych rekolekcji, od razu zrozumieli, \u017ce jest to <b>mocny i wyra\u017any znak od Boga,<\/b> dlatego \u2013 nieraz ze \u0142zami w oczach \u2013 czynili rozrachunek ze swego \u017cycia i z ca\u0142ego \u017cycia si\u0119 spowiadali. I nie marnuj\u0105 teraz \u017cadnej okazji, \u017ceby chocia\u017c na chwil\u0119 <b>przyj\u015b\u0107 na adoracj\u0119 Naj\u015bwi\u0119tszego Sakramentu i przyj\u0105\u0107 Komuni\u0119 \u015awi\u0119t\u0105. <\/b><\/span><\/span><\/span><\/p>\n<p align=\"justify\"><span style=\"color: #000000;\"><span style=\"font-family: Book Antiqua, serif;\"><span style=\"font-size: large;\">To tak\u017ce ci odwa\u017cni Wierni \u015bwieccy, kt\u00f3rzy chc\u0105c by\u0107 na Mszy \u015awi\u0119tej lub na Liturgii \u015awi\u0119tego Triduum, <b>wystawali gdzie\u015b na chodnikach, pod drzewami,<\/b> by uczestniczy\u0107 w obrz\u0119dach dzi\u0119ki zewn\u0119trznemu nag\u0142o\u015bnieniu, a potem przyj\u0105\u0107 Komuni\u0119 \u015awi\u0119t\u0105. Pomimo nie zawsze sprzyjaj\u0105cej pogody\u2026 To ci prawdziwi \u015bwiadkowie wiary, kt\u00f3rzy nie maj\u0105c innego wyj\u015bcia i z konieczno\u015bci uczestnicz\u0105c w liturgii przez telewizj\u0119, <b>we w\u0142asnym domu ubierali si\u0119 od\u015bwi\u0119tnie, <\/b>zapalali \u015bwiece i <b>ca\u0142ym sercem anga\u017cowali si\u0119 <\/b>w prze\u017cywanie celebracji przez odpowiedzi i \u015bpiewy. Ty wiesz o nich wszystkich, Panie Jezu!<\/span><\/span><\/span><\/p>\n<p align=\"justify\"><span style=\"color: #000000;\"><span style=\"font-family: Book Antiqua, serif;\"><span style=\"font-size: large;\">I to wreszcie ta <b>ma\u0142a, kilkuletnia Dziewczynka<\/b> z jednej z Parafii mojego rodzinnego Miasta, kt\u00f3ra \u2013 aby nie nara\u017ca\u0107 i tak odwa\u017cnego swego Proboszcza na konsekwencje \u2013 wraz ze swoj\u0105 Mam\u0105 sz\u0142a w trakcie Procesji Rezurekcyjnej <b>za p\u0142otem ko\u015bcielnego ogrodzenia<\/b> i tam, <b>na chodniku,<\/b> na wysoko\u015bci Naj\u015bwi\u0119tszego Sakramentu, <b>sypa\u0142a z koszyczka kwiatki<\/b> dla Ciebie, Panie Jezu\u2026 Wzruszony Proboszcz nie m\u00f3g\u0142 wr\u0119cz potem rozpocz\u0105\u0107 Mszy \u015awi\u0119tej Rezurekcyjnej\u2026<\/span><\/span><\/span><\/p>\n<p align=\"justify\"><span style=\"color: #000000;\"><span style=\"font-family: Book Antiqua, serif;\"><span style=\"font-size: large;\"><b>Panie Jezu, Ty to wszystko widzisz!<\/b> <b>Czy to Ci\u0119 nie wzrusza? Czy Ci\u0119 to nie cieszy?<\/b> Zobacz, nie ma nas mo\u017ce za du\u017co, ale \u2013 na szcz\u0119\u015bcie \u2013 <b>nie brakuje odwa\u017cnych \u015bwiadk\u00f3w wiary!<\/b> I tak\u017ce w tej sytuacji, w tej chwili pr\u00f3by, kiedy wiara \u2013 mo\u017ce po raz pierwszy w naszym \u017cyciu \u2013 <b>zacz\u0119\u0142a nas troch\u0119 kosztowa\u0107<\/b> i nie jest tylko wygodnym i bezkolizyjnym powtarzaniem wyg\u0142adzonych s\u0142\u00f3wek, ale domaga si\u0119 odwa\u017cnej postawy i \u015bwiadectwa wierno\u015bci; w\u0142a\u015bnie w tej sytuacji <b>nie <\/b><b>brakuje<\/b><b> tych, kt\u00f3rzy zdaj\u0105 egzamin z wiary.<\/b><\/span><\/span><\/span><\/p>\n<p align=\"justify\"><span style=\"color: #000000;\"><span style=\"font-family: Book Antiqua, serif;\"><span style=\"font-size: large;\">Mo\u017cna o nich powiedzie\u0107 s\u0142owami Dziej\u00f3w Apostolskich, z pierwszego czytania, i\u017c <i><b>trwali w nauce aposto\u0142\u00f3w i we wsp\u00f3lnocie, w \u0142amaniu chleba i w modlitwie.<\/b><\/i><b> <\/b>Bior\u0105 oni sobie g\u0142\u0119boko do serca s\u0142owa Aposto\u0142a Piotra z drugiego dzisiejszego czytania: <i><b>Dlatego radujcie si\u0119, cho\u0107 teraz musicie dozna\u0107 troch\u0119 smutku przez r\u00f3\u017cnorodne do\u015bwiadczenia. Przez to warto\u015b\u0107 waszej wiary oka\u017ce si\u0119 wiele cenniejsza od zniszczalnego z\u0142ota, kt\u00f3re przecie\u017c pr\u00f3buje si\u0119 w ogniu, na s\u0142aw\u0119, chwa\u0142\u0119 i cze\u015b\u0107 przy objawieniu Jezusa Chrystusa. Wy cho\u0107 nie widzieli\u015bcie Go, mi\u0142ujecie Go. Teraz wierzycie w Niego, chocia\u017c nie widzieli\u015bcie. Natomiast wierz\u0105c, ucieszycie si\u0119 rado\u015bci\u0105 niewymown\u0105 i pe\u0142n\u0105 chwa\u0142y wtedy, gdy osi\u0105gni\u0119cie cel waszej wiary: zbawienie dusz.<\/b><\/i><\/span><\/span><\/span><\/p>\n<p align=\"justify\"><span style=\"color: #000000;\"><span style=\"font-family: Book Antiqua, serif;\"><span style=\"font-size: large;\">Sp\u00f3jrz, Panie, na tych, dla kt\u00f3rych <b>zbawienie dusz<\/b><b>y<\/b> jest i pozostaje najwi\u0119ksz\u0105 warto\u015bci\u0105 i najwa\u017cniejszym celem w \u017cyciu! I cho\u0107by ze wzgl\u0119du na ich \u015bwiadectwo wiary i szczerej pobo\u017cno\u015bci \u2013 <b>zmi\u0142uj si\u0119 nad nami! Zmi\u0142uj si\u0119 nad \u015bwiatem!<\/b> <\/span><\/span><\/span><\/p>\n<p align=\"justify\"><span style=\"color: #000000;\"><span style=\"font-family: Book Antiqua, serif;\"><span style=\"font-size: large;\">Nie patrz na tych, kt\u00f3rzy nic nie zrozumieli i niczego w swoim \u017cyciu nie zmienili. <b>Da\u0142e\u015b nam i tak du\u017co do my\u015blenia<\/b> \u2013 kto m\u0105dry, to zrozumie. Kto otwarty na Ciebie i na Tw\u00f3j g\u0142os \u2013 wyci\u0105gnie konkretne wnioski! Mamy nad czym my\u015ble\u0107 <b>i d\u0142ugo jeszcze b\u0119dziemy mieli. <\/b><\/span><\/span><\/span><\/p>\n<p align=\"justify\"><span style=\"color: #000000;\"><span style=\"font-family: Book Antiqua, serif;\"><span style=\"font-size: large;\">Ale teraz pozw\u00f3l, aby\u015bmy ju\u017c mogli wyj\u015b\u0107 z tej ca\u0142ej kwarantanny <b>i p\u00f3j\u015b\u0107 do ko\u015bcio\u0142a, wyj\u015b\u0107 do ludzi,<\/b> poda\u0107 drugiemu r\u0119k\u0119 \u2013 i by\u015bmy ju\u017c nie musieli chowa\u0107 twarzy za t\u0105 koszmarn\u0105 mask\u0105, kt\u00f3r\u0105 nam ostatnio ka\u017c\u0105 nosi\u0107. Czy\u017cby Tobie, Panie Jezu, <b>odpowiada<\/b><b>\u0142<\/b><b> taki obraz Ko\u015bcio\u0142a,<\/b> taki obraz spo\u0142ecze\u0144stwa, taki obraz mi\u0119dzyludzkich relacji? Czy\u017c to nie Ty uczy\u0142e\u015b nas zawsze, \u017ce<b> Ko\u015bci\u00f3\u0142 to wsp\u00f3lnota,<\/b> to \u015bwi\u0119te Zwo\u0142anie, \u015bwi\u0119te Zgromadzenie? <b>Nie ma Ko\u015bcio\u0142a wirtualnego! <\/b><\/span><\/span><\/span><\/p>\n<p align=\"justify\"><span style=\"color: #000000;\"><span style=\"font-family: Book Antiqua, serif;\"><span style=\"font-size: large;\">Bardzo dobitnie wypowiedzia\u0142 si\u0119 o tym w ostatni pi\u0105tek <b>Papie\u017c Franciszek,<\/b> gdy m\u00f3wi\u0142: \u201eTak\u017ce my chrze\u015bcijanie na naszej drodze \u017cycia kroczymy, aby wzrasta\u0107 w za\u017cy\u0142o\u015bci z Panem. Pan, mo\u017cna by powiedzie\u0107, jest jak gdyby, <b>\u00abna wyci\u0105gni\u0119cie r\u0119ki\u00bb, gdy\u017c kroczy razem z nami.<\/b> Wiemy, \u017ce to On. Nikt Go nie pyta\u0142: \u00abKim jeste\u015b?\u00bb, bo wiedzieli, \u017ce to Pan. Za\u017cy\u0142o\u015b\u0107 z Panem w codzienno\u015bci \u2013 taka, jak i nas chrze\u015bcijan. A oni <b>na pewno razem zjedli \u015bniadanie,<\/b> ryb\u0119 i chleb, rozmawiali o wielu rzeczach bardzo naturalnie. <\/span><\/span><\/span><\/p>\n<p align=\"justify\"><span style=\"color: #000000;\"><span style=\"font-family: Book Antiqua, serif;\"><span style=\"font-size: large;\">Ta za\u017cy\u0142o\u015b\u0107 z Panem, nas chrze\u015bcijan, <b>jest zawsze wsp\u00f3lnotowa. <\/b>Tak, jest bardzo osobista, <b>ale tak\u017ce wsp\u00f3lnotowa<\/b><b>!<\/b> Za\u017cy\u0142o\u015b\u0107 bez wsp\u00f3lnoty, bez chleba, bez Ko\u015bcio\u0142a, bez Ludu i Sakrament\u00f3w \u2013 <b>jest niebezpieczna.<\/b> Mo\u017ce sta\u0107 si\u0119 za\u017cy\u0142o\u015bci\u0105 \u2013 powiedzmy \u2013 gnostyczn\u0105, relacj\u0105 tylko dla mnie, oderwan\u0105 od Ludu Bo\u017cego. <b>Za\u017cy\u0142o\u015b\u0107 <\/b><b>A<\/b><b>posto\u0142\u00f3w z Panem zawsze by\u0142a wsp\u00f3lnotowa,<\/b> zawsze przy stole, znaku wsp\u00f3lnotowo\u015bci. Zawsze by\u0142a powi\u0105zana z Sakramentem, z chlebem.\u201c <\/span><\/span><\/span><\/p>\n<p align=\"justify\"><span style=\"color: #000000;\"><span style=\"font-family: Book Antiqua, serif;\"><span style=\"font-size: large;\">I jeszcze Papie\u017c doda\u0142: \u201ePrzed Wielkanoc\u0105, kiedy pojawi\u0142a si\u0119 informacja, \u017ce b\u0119d\u0119 j\u0105 celebrowa\u0142 w pustej Bazylice \u015awi\u0119tego Piotra, pewien <b>bardzo dobry <\/b><b>B<\/b><b>iskup<\/b> uczyni\u0142 mi zarzut: \u00abDlaczego, w tak wielkiej Bazylice, <b>nie mo\u017ce by\u0107 cho\u0107by przynajmniej <\/b><b>trzydziestu<\/b><b> os\u00f3b,<\/b> aby mo\u017cna by\u0142o widzie\u0107 wiernych? Przecie\u017c to nie b\u0119dzie niebezpieczne\u00bb. <\/span><\/span><\/span><\/p>\n<p align=\"justify\"><span style=\"color: #000000;\"><span style=\"font-family: Book Antiqua, serif;\"><span style=\"font-size: large;\">Zastanawia\u0142em si\u0119 nad tym i pomy\u015bla\u0142em, \u017ce on powiedzia\u0142 mi: <b>\u00abUwa\u017caj, aby\u015b nie zwirtualizowa\u0142 Ko\u015bcio\u0142a, <\/b><b>S<\/b><b>akrament\u00f3w, <\/b><b>L<\/b><b>udu Bo\u017cego\u00bb.<\/b> Ko\u015bci\u00f3\u0142, Sakramenty, Bo\u017cy Lud s\u0105 bowiem czym\u015b konkretnym. To prawda, \u017ce w obecnym czasie musimy tak \u017cy\u0107, ale po to, <b>by wyj\u015b\u0107 z tunelu, nie pozostawa\u0107 tam.<\/b> To jest w\u0142a\u015bnie za\u017cy\u0142o\u015b\u0107 Aposto\u0142\u00f3w, nie gnostyczna, nie wirtualna, nie samolubna,<i> <\/i><b>ale za\u017cy\u0142o\u015b\u0107 konkretna, w ludzie\u2026\u201d.<\/b><\/span><\/span><\/span><\/p>\n<p align=\"justify\"><span style=\"color: #000000;\"><span style=\"font-family: Book Antiqua, serif;\"><span style=\"font-size: large;\">Panie Jezu, skoro tak wyra\u017anie powiedzia\u0142 to Tw\u00f3j Namiestnik na ziemi i skoro Ty sam zawsze nas tego naucza\u0142e\u015b; skoro te\u017c zawsze chcia\u0142e\u015b, aby <b>wiara nie by\u0142a dla nas <\/b><b>jedynie <\/b><b>teori\u0105, ale mia\u0142a konkretne prze\u0142o\u017cenie na \u017cycie,<\/b> to jeste\u015bmy przekonani, \u017ce i Tobie nie podoba si\u0119 taki obraz \u201eKo\u015bcio\u0142a on\u2013line\u201d, Ko\u015bcio\u0142a wirtualnego i wirtualnych wsp\u00f3lnot ludzkich. I tej bolesnej izolacji cz\u0142owieka od cz\u0142owieka, i tego maskowania twarzy przed drugimi\u2026 <\/span><\/span><\/span><\/p>\n<p align=\"justify\"><span style=\"color: #000000;\"><span style=\"font-family: Book Antiqua, serif;\"><span style=\"font-size: large;\">Ja sam osobi\u015bcie <b>j<\/b><b>estem <\/b><b>absolutnie <\/b><b>przekonany, \u017ce to Ci po prostu nie odpowiada.<\/b> I dlatego tym wi\u0119ksza moja nadzieja, \u017ce nie b\u0119dziesz s\u0142ucha\u0142 Ministr\u00f3w i Ekspert\u00f3w, ale raz jeszcze <b>we\u017amiesz sprawy w swoje r\u0119ce<\/b> i otworzysz nasze serca i oczy na siebie nawzajem; \u017ce otworzysz drzwi naszych dom\u00f3w\u2026 Bardzo Ci\u0119 o to wszyscy prosimy! <\/span><\/span><\/span><\/p>\n<p align=\"justify\"><span style=\"color: #000000;\"><span style=\"font-family: Book Antiqua, serif;\"><span style=\"font-size: large;\">Bo je\u015bli obecny stan ma potrwa\u0107 d\u0142u\u017cej, to <b>czym si\u0119 to zako\u0144czy,<\/b> skoro ju\u017c dzisiaj niekt\u00f3rzy boj\u0105 si\u0119 wr\u0119cz spojrze\u0107 na innych, nie m\u00f3wi\u0105c o podaniu r\u0119ki czy spokojnym porozmawianiu. <b>Cz\u0142owiek sta\u0142 si\u0119 zagro\u017ceniem dla drugiego cz\u0142owieka\u2026<\/b> Co b\u0119dzie dalej, je\u017celi to potrwa d\u0142u\u017cej?\u2026 Czy my si\u0119 nawzajem nie pozabijamy?\u2026 <\/span><\/span><\/span><\/p>\n<p align=\"justify\"><span style=\"color: #000000;\"><span style=\"font-family: Book Antiqua, serif;\"><span style=\"font-size: large;\">Dlatego prosimy Ci\u0119, Panie Jezu, we\u017a sprawy w swoje r\u0119ce! Szczeg\u00f3lnie dzisiaj \u2013 w ten dzie\u0144, kt\u00f3ry <b>sam wybra\u0142e\u015b na \u015awi\u0119to swego Mi\u0142osierdzia.<\/b> Zwracamy si\u0119 do Ciebie s\u0142owami, kt\u00f3rych tak\u017ce Ty sam nauczy\u0142e\u015b Siostr\u0119 Faustyn\u0119, a przez ni\u0105 nas wszystkich \u2013 s\u0142owami, kt\u00f3rych <b>g\u0142\u0119bi\u0119<\/b><b> w tych dniach na nowo odkrywamy, <\/b>bo dostrzegamy, jak wiele one znacz\u0105 i jak trafnie wyra\u017caj\u0105 to, co chc\u0105 w tych dniach wypowiedzie\u0107 nasze serca: <b>OJCZE PRZEDWIECZNY, OFIARUJ\u0118 CI CIA\u0141O I KREW, DUSZ\u0118 I B\u00d3STWO, NAJMILSZEGO SYNA TWOJEGO, A PANA NASZEGO, JEZUSA CHRYSTUSA \u2013 NA PRZEB\u0141A<\/b><b>GANIE ZA GRZECHY NASZE I CA\u0141EGO \u015aWIATA. <\/b><\/span><\/span><\/span><\/p>\n<p align=\"justify\"><span style=\"color: #000000;\"><span style=\"font-family: Book Antiqua, serif;\"><span style=\"font-size: large;\"><b>DLA JEGO BOLESNEJ M\u0118KI \u2013 MIEJ MI\u0141OSIERDZIE DLA NAS I CA\u0141EGO \u015aWIATA. <\/b><\/span><\/span><\/span><\/p>\n<p align=\"justify\"><span style=\"color: #000000;\"><span style=\"font-family: Book Antiqua, serif;\"><span style=\"font-size: large;\">Jak wielka moc jest w tych s\u0142owach! I jak <b>silne argumenty po naszej stronie,<\/b> Panie Jezu, by b\u0142aga\u0107 Twego Ojca o zmi\u0142owanie. Tymi argumentami s\u0105 przecie\u017c: <b>Twoje Cia\u0142o i Krew, Dusza i B\u00f3stwo, oraz Twoja bolesna M\u0119ka.<\/b> Czy\u017c mo\u017ce by\u0107 co\u015b bardziej przekonuj\u0105cego? A przecie\u017c to Ty sam da\u0142e\u015b nam te argumenty do r\u0119ki!<\/span><\/span><\/span><\/p>\n<p align=\"justify\"><span style=\"color: #000000;\"><span style=\"font-family: Book Antiqua, serif;\"><span style=\"font-size: large;\">Dlatego prosimy Ci\u0119 dzisiaj \u2013 <b>zmi\u0142uj si\u0119 nad nami i nad ca\u0142ym \u015bwiatem! <\/b>Nie s\u0142uchaj opinii Ministr\u00f3w i Ekspert\u00f3w, kt\u00f3rzy raz m\u00f3wi\u0105 jedno, raz drugie, a za kilka godzin \u2013 jeszcze co\u015b zupe\u0142nie innego. <b>Nie ka\u017c si\u0119 d\u0142ugo prosi\u0107 <\/b>\u2013 i tak d\u0142ugo i wytrwale prosimy Ci\u0119 o ratunek i zmi\u0142owanie. Tyle naszych R\u00f3\u017ca\u0144c\u00f3w, tyle naszych Koronek, tyle naszych modlitw wsp\u00f3lnotowych i indywidualnych \u2013 niech one wszystkie <b>znajd\u0105 upodobanie w Twoich oczach!<\/b><\/span><\/span><\/span><\/p>\n<p align=\"justify\"><span style=\"color: #000000;\"><span style=\"font-family: Book Antiqua, serif;\"><span style=\"font-size: large;\">We wszystkich tych wspomnianych opiniach uczonych Ekspert\u00f3w i w zarz\u0105dzeniach W\u0142adz m\u00f3wi si\u0119 o przer\u00f3\u017cnych dzia\u0142aniach, jakie koniecznie trzeba podj\u0105\u0107 i o r\u00f3\u017cnych naukowych badaniach i wyliczeniach, ale<b> jako\u015b nie s\u0142ycha\u0107, \u017ceby liczono na Ciebie! I liczono si\u0119 z Tob\u0105,<\/b> z Twoj\u0105 wol\u0105 i Twoim realnym wp\u0142ywem na nasz\u0105 codzienno\u015b\u0107. A przecie\u017c jest on w pe\u0142ni realny \u2013 dobrze o tym wiemy!<\/span><\/span><\/span><\/p>\n<p align=\"justify\"><span style=\"color: #000000;\"><span style=\"font-family: Book Antiqua, serif;\"><span style=\"font-size: large;\">Przypomina nam o tym Tw\u00f3j S\u0142uga, <b>Prymas Tysi\u0105clecia, Stefan Kardyna\u0142 Wyszy\u0144ski, <\/b>kt\u00f3ry w obliczu przer\u00f3\u017cnych trudno\u015bci i sytuacji \u2013 wygl\u0105daj\u0105cych pocz\u0105tkowo na beznadziejne \u2013 przekonywa\u0142, \u017ce <b>ostatnie s\u0142owo i tak zawsze nale\u017cy do Ciebie.<\/b><\/span><\/span><\/span><\/p>\n<p align=\"justify\"><span style=\"color: #000000;\"><span style=\"font-family: Book Antiqua, serif;\"><span style=\"font-size: large;\">Pozw\u00f3l nam si\u0119 o tym po raz kolejny przekona\u0107, Panie Jezu! I nie gniewaj si\u0119 na nas, \u017ce chcemy tak, jak Tomasz w dzisiejszej Ewangelii,<b> dotkn\u0105\u0107 Ci\u0119, by namacalnie do\u015bwiadczy\u0107 Twojej obecno\u015bci.<\/b> Wpatrujemy si\u0119 w Tw\u00f3j obraz i podpis: <b>JEZU, UFAM TOBIE! <\/b>To dzi\u0119ki temu obrazowi, kt\u00f3ry przecie\u017c Ty sam kaza\u0142e\u015b namalowa\u0107, <b>dotykamy wr\u0119cz Twojej obecno\u015bci.<\/b> <\/span><\/span><\/span><\/p>\n<p align=\"justify\"><span style=\"color: #000000;\"><span style=\"font-family: Book Antiqua, serif;\"><span style=\"font-size: large;\">Ale my chcemy jeszcze wi\u0119cej: chcemy dotkn\u0105\u0107 Twojej obecno\u015bci i Twojego dzia\u0142ania <b>w tej obecnej, parali\u017cuj\u0105cej i trudnej sytuacji.<\/b> Dlatego prosimy: zmi\u0142uj si\u0119 nad nami! <b>Zmi\u0142uj si\u0119 nad nami jak najszybciej! <\/b>Pozw\u00f3l nam przyj\u015b\u0107 do Ciebie \u2013 w Twoich \u015bwi\u0105tyniach! Pozw\u00f3l nam wyj\u015b\u0107 do ludzi, pozw\u00f3l nam poda\u0107 sobie r\u0119k\u0119 i u\u015bmiechn\u0105\u0107 si\u0119 do siebie <b>\u2013 nie przez mask\u0119! <\/b>Nie pozw\u00f3l nam by\u0107 zbiorowiskiem manekin\u00f3w, t\u0142umem bez twarzy, lud\u017ami boj\u0105cymi si\u0119 siebie nawzajem, a w ko\u0144cu \u2013 to i w\u0142asnego cienia\u2026<\/span><\/span><\/span><\/p>\n<p align=\"justify\"><span style=\"color: #000000;\"><span style=\"font-family: Book Antiqua, serif;\"><span style=\"font-size: large;\">Przecie\u017c Ty sam zawsze chcia\u0142e\u015b<b> czyni\u0107 z nas wsp\u00f3lnot\u0119!<\/b> Po to odda\u0142e\u015b \u017cycie na krzy\u017cu, <b>by\u015bmy byli jedno.<\/b> Pom\u00f3\u017c nam wi\u0119c teraz! Nie zostawiaj nas!<\/span><\/span><\/span><\/p>\n<p align=\"justify\"><span style=\"color: #000000;\"><span style=\"font-family: Book Antiqua, serif;\"><span style=\"font-size: large;\"><b>Miej mi\u0142osierdzie dla nas \u2013 i ca\u0142ego \u015bwiata\u2026<\/b><\/span><\/span><\/span><\/p>\n<p align=\"justify\">\n<p align=\"justify\">\n<p align=\"justify\">\n<p align=\"justify\">\n<p align=\"justify\">\n<p align=\"center\"><span style=\"color: #000000;\"><span style=\"font-family: Book Antiqua, serif;\"><span style=\"font-size: large;\"><b>A OTO PI\u0118\u0106 FORM KULTU BO\u017bEGO MI\u0141OSIERDZIA:<\/b><\/span><\/span><\/span><\/p>\n<p align=\"center\">\n<p align=\"center\">\n<p align=\"center\">\n<p align=\"center\">\n<p align=\"center\">\n<p align=\"center\"><span style=\"font-family: Book Antiqua, serif;\"><span style=\"font-size: large;\"><b>OBRAZ<\/b><\/span><\/span><\/p>\n<p align=\"justify\"><span style=\"font-family: Book Antiqua, serif;\"><span style=\"font-size: large;\">[22 lutego 1931.] Wieczorem, kiedy by\u0142am w celi, ujrza\u0142am Pana Jezusa ubranego w szacie bia\u0142ej. Jedna r\u0119ka wzniesiona do b\u0142ogos\u0142awie\u0144stwa, a druga dotyka\u0142a szaty na piersiach. Z uchylenia szaty na piersiach wychodzi\u0142y dwa wielkie promienie, jeden czerwony, a drugi blady. W milczeniu wpatrywa\u0142am si\u0119 w Pana, dusza moja by\u0142a przej\u0119ta boja\u017ani\u0105, ale i rado\u015bci\u0105 wielk\u0105. Po chwili powiedzia\u0142 mi Jezus: \u201eWymaluj obraz wed\u0142ug rysunku, kt\u00f3ry widzisz, z podpisem: JEZU UFAM TOBIE! Pragn\u0119, aby ten obraz czczono najpierw w waszej kaplicy i na ca\u0142ym \u015bwiecie. Obiecuj\u0119, \u017ce dusza, kt\u00f3ra czci\u0107 b\u0119dzie ten obraz, nie zginie. Obiecuj\u0119 tak\u017ce, ju\u017c tu na ziemi, zwyci\u0119stwo nad nieprzyjaci\u00f3\u0142mi, a szczeg\u00f3lnie w godzin\u0119 \u015bmierci. Ja sam broni\u0107 j\u0105 b\u0119d\u0119 jako swej chwa\u0142y. [47\u201348]<\/span><\/span><\/p>\n<p align=\"justify\"><span style=\"font-family: Book Antiqua, serif;\"><span style=\"font-size: large;\">Rzek\u0142am do Pana: \u201eKto Ci\u0119 wymaluje tak pi\u0119knym, jakim jeste\u015b?\u201d Wtedy us\u0142ysza\u0142am takie s\u0142owa: \u201eNie w pi\u0119kno\u015bci farby ani p\u0119dzla jest wielko\u015b\u0107 tego obrazu, ale w \u0142asce Mojej\u201d. [313]<\/span><\/span><\/p>\n<p align=\"justify\"><span style=\"font-family: Book Antiqua, serif;\"><span style=\"font-size: large;\">Te dwa promienie oznaczaj\u0105 Krew i wod\u0119 \u2013 blady promie\u0144 oznacza wod\u0119, kt\u00f3ra usprawiedliwia dusze; czerwony promie\u0144 oznacza Krew, kt\u00f3ra jest \u017cyciem dusz\u2026 Te dwa promienie wysz\u0142y z wn\u0119trzno\u015bci Mi\u0142osierdzia mojego w\u00f3wczas, kiedy konaj\u0105ce serce moje zosta\u0142o w\u0142\u00f3czni\u0105 otwarte na krzy\u017cu. Te promienie os\u0142aniaj\u0105 dusze przed zagniewaniem Ojca mojego. Szcz\u0119\u015bliwy, kto w ich cieniu \u017cy\u0107 b\u0119dzie, bo nie dosi\u0119gnie go sprawiedliwa r\u0119ka Boga. [299]<\/span><\/span><\/p>\n<p align=\"justify\"><span style=\"font-family: Book Antiqua, serif;\"><span style=\"font-size: large;\">Przez obraz ten udziela\u0107 b\u0119d\u0119 wiele \u0142ask dla dusz, a przeto niech ma przyst\u0119p wszelka dusza do niego. [570]<\/span><\/span><\/p>\n<p align=\"justify\"><span style=\"font-family: Book Antiqua, serif;\"><span style=\"font-size: large;\">Przez obraz ten udziel\u0119 wiele \u0142ask duszom, on ma przypomina\u0107 \u017c\u0105dania mojego Mi\u0142osierdzia. [742]<\/span><\/span><\/p>\n<p align=\"justify\">\n<p align=\"justify\">\n<p align=\"justify\">\n<p align=\"justify\">\n<p align=\"justify\">\n<p align=\"center\"><span style=\"font-family: Book Antiqua, serif;\"><span style=\"font-size: large;\"><b>\u015aWI\u0118TO<\/b><\/span><\/span><\/p>\n<p align=\"justify\"><span style=\"font-family: Book Antiqua, serif;\"><span style=\"font-size: large;\">Ja pragn\u0119, aby by\u0142o Mi\u0142osierdzia \u015awi\u0119to. Chc\u0119, aby ten obraz, kt\u00f3ry wymalujesz p\u0119dzlem, by\u0142 uroczy\u015bcie po\u015bwi\u0119cony w pierwsz\u0105 niedziel\u0119 po Wielkanocy, ta niedziela ma by\u0107 \u015awi\u0119tem Mi\u0142osierdzia. [49]<\/span><\/span><\/p>\n<p align=\"justify\"><span style=\"font-family: Book Antiqua, serif;\"><span style=\"font-size: large;\">W pierwsz\u0105 niedziel\u0119 po Wielkanocy, pragn\u0119, \u017ceby by\u0142 publicznie ten obraz wystawiony. Niedziela ta jest \u015awi\u0119tem Mi\u0142osierdzia. Przez S\u0142owo Wcielone daj\u0119 pozna\u0107 przepa\u015b\u0107 mi\u0142osierdzia mojego. [88]<\/span><\/span><\/p>\n<p align=\"justify\"><span style=\"font-family: Book Antiqua, serif;\"><span style=\"font-size: large;\">Pragn\u0119, a\u017ceby pierwsza niedziela po Wielkanocy by\u0142a \u015awi\u0119tem Mi\u0142osierdzia. Pro\u015b wiernego s\u0142ug\u0119 mojego, \u017ceby w tym dniu powiedzia\u0142 \u015bwiatu ca\u0142emu o tym wielkim Mi\u0142osierdziu moim, \u017ce kto w dniu tym przyst\u0105pi do \u0179r\u00f3d\u0142a \u017bycia, ten dost\u0105pi zupe\u0142nego odpuszczenia win i kar. [299\u2013300]<\/span><\/span><\/p>\n<p align=\"justify\"><span style=\"font-family: Book Antiqua, serif;\"><span style=\"font-size: large;\">Nie znajdzie \u017cadna dusza usprawiedliwienia, dopok\u0105d si\u0119 nie zwr\u00f3ci z ufno\u015bci\u0105 do Mi\u0142osierdzia mojego. I dlatego pierwsza niedziela po Wielkanocy ma by\u0107 \u015awi\u0119tem Mi\u0142osierdzia, a kap\u0142ani maj\u0105 w dniu tym m\u00f3wi\u0107 duszom o tym wielkim i niezg\u0142\u0119bionym Mi\u0142osierdziu moim. [570]<\/span><\/span><\/p>\n<p align=\"justify\"><span style=\"font-family: Book Antiqua, serif;\"><span style=\"font-size: large;\">Pragn\u0119, aby \u015awi\u0119to Mi\u0142osierdzia by\u0142o ucieczk\u0105 i schronieniem dla wszystkich dusz, a szczeg\u00f3lnie dla biednych grzesznik\u00f3w. W dniu tym otwarte s\u0105 wn\u0119trzno\u015bci Mi\u0142osierdzia mego, wylewam ca\u0142e morze \u0142ask na dusze, kt\u00f3re si\u0119 zbli\u017caj\u0105 do \u017ar\u00f3d\u0142a Mi\u0142osierdzia mojego. Kt\u00f3ra dusza przyst\u0105pi do Spowiedzi i Komunii \u015awi\u0119tej, dost\u0105pi zupe\u0142nego odpuszczenia win i kar. W dniu tym otwarte s\u0105 wszystkie upusty Bo\u017ce, przez kt\u00f3re p\u0142yn\u0105 \u0142aski. Niech si\u0119 nie l\u0119ka zbli\u017cy\u0107 do Mnie \u017cadna dusza, chocia\u017cby grzechy jej by\u0142y jako szkar\u0142at. Mi\u0142osierdzie moje jest tak wielkie, \u017ce przez ca\u0142\u0105 wieczno\u015b\u0107 nie zg\u0142\u0119bi go \u017caden umys\u0142, ani ludzki, ani anielski. Wszystko, co istnieje, wysz\u0142o z wn\u0119trzno\u015bci Mi\u0142osierdzia mego. [699]<\/span><\/span><\/p>\n<p align=\"justify\"><span style=\"font-family: Book Antiqua, serif;\"><span style=\"font-size: large;\">Dusze gin\u0105 mimo Mojej gorzkiej m\u0119ki. Daj\u0119 im ostatni\u0105 desk\u0119 ratunku, to jest \u015awi\u0119to Mi\u0142osierdzia mojego. [965]<\/span><\/span><\/p>\n<p align=\"justify\">\n<p align=\"justify\">\n<p align=\"justify\">\n<p align=\"justify\">\n<p align=\"justify\">\n<p align=\"center\"><span style=\"font-family: Book Antiqua, serif;\"><span style=\"font-size: large;\"><b>KORONKA<\/b><\/span><\/span><\/p>\n<p align=\"justify\"><span style=\"font-family: Book Antiqua, serif;\"><span style=\"font-size: large;\">[13 wrze\u015bnia 1935] Wieczorem, kiedy by\u0142am w swojej celi, ujrza\u0142am anio\u0142a, wykonawc\u0119 gniewu Bo\u017cego. By\u0142 w szacie jasnej, z promiennym obliczem, ob\u0142ok pod jego stopami, z ob\u0142oku wychodzi\u0142y pioruny i b\u0142yskawice do r\u0105k jego, a z r\u0119ki jego wychodzi\u0142y i dopiero dotyka\u0142y ziemi. Kiedy ujrza\u0142am ten znak gniewu Bo\u017cego, kt\u00f3ry mia\u0142 dotkn\u0105\u0107 ziemi\u0119, [\u2026] zacz\u0119\u0142am prosi\u0107 anio\u0142a, aby si\u0119 wstrzyma\u0142 chwil kilka, a \u015bwiat b\u0119dzie czyni\u0142 pokut\u0119. Jednak niczym pro\u015bba moja by\u0142a wobec gniewu Bo\u017cego. W tej chwili ujrza\u0142am Tr\u00f3jc\u0119 Przenaj\u015bwi\u0119tsz\u0105. Wielko\u015b\u0107 majestatu Jej przenikn\u0119\u0142a mnie do g\u0142\u0119bi i nie \u015bmia\u0142am powt\u00f3rzy\u0107 b\u0142agania mojego. W tej samej chwili uczu\u0142am w duszy swojej moc \u0142aski Jezusa, kt\u00f3ra mieszka w duszy mojej. [\u2026] Zacz\u0119\u0142am b\u0142aga\u0107 Boga za \u015bwiatem s\u0142owami wewn\u0119trznie s\u0142yszanymi. Kiedy si\u0119 tak modli\u0142am, ujrza\u0142am bezsilno\u015b\u0107 anio\u0142a, i nie m\u00f3g\u0142 wype\u0142ni\u0107 sprawiedliwej kary, kt\u00f3ra si\u0119 s\u0142usznie nale\u017ca\u0142a za grzechy. Z tak\u0105 moc\u0105 wewn\u0119trzn\u0105 jeszcze si\u0119 nigdy tak nie modli\u0142am, jako wtenczas. S\u0142owa, kt\u00f3rymi b\u0142aga\u0142am Boga, s\u0105 nast\u0119puj\u0105ce: Ojcze Przedwieczny, ofiaruj\u0119 Ci Cia\u0142o i Krew, Dusz\u0119 i B\u00f3stwo, najmilszego Syna Twojego, a Pana naszego Jezusa Chrystusa, za grzechy nasze i \u015bwiata ca\u0142ego; dla Jego bolesnej m\u0119ki miej mi\u0142osierdzie dla nas. Na drugi dzie\u0144 rano, kiedy wesz\u0142am do naszej kaplicy, us\u0142ysza\u0142am te s\u0142owa wewn\u0119trznie: Ile razy wejdziesz do kaplicy, odm\u00f3w zaraz t\u0119 modlitw\u0119, kt\u00f3rej ci\u0119 nauczy\u0142em wczoraj. Kiedy odm\u00f3wi\u0142am t\u0119 modlitw\u0119, us\u0142ysza\u0142am w duszy te s\u0142owa: Modlitwa ta jest na u\u015bmierzenie gniewu mojego. [474\u2013476]<\/span><\/span><\/p>\n<p align=\"justify\"><span style=\"font-family: Book Antiqua, serif;\"><span style=\"font-size: large;\">Dusze, kt\u00f3re odmawia\u0107 b\u0119d\u0105 t\u0119 koronk\u0119, mi\u0142osierdzie moje ogarnie je w \u017cyciu, a szczeg\u00f3lnie w \u015bmierci godzinie. [754]<\/span><\/span><\/p>\n<p align=\"justify\"><span style=\"font-size: large;\"><span style=\"font-family: Book Antiqua, serif;\">O, j<\/span><span style=\"font-family: Book Antiqua, serif;\">ak wielkich \u0142ask udziel\u0119 duszom, kt\u00f3re odmawia\u0107 b\u0119d\u0105 t\u0119 Koronk\u0119, <\/span><span style=\"font-family: Book Antiqua, serif;\">wn\u0119trzno\u015bci Mi\u0142osierdzia mego poruszone s\u0105 dla odmawiaj\u0105cych t\u0119 Koronk\u0119. [848]<\/span><\/span><\/p>\n<p align=\"justify\"><span style=\"font-size: large;\"><span style=\"font-family: Book Antiqua, serif;\">Przez odmawianie tej Koronki podoba mi si\u0119 da\u0107 wszystko, o co Mnie prosi\u0107 b\u0119d\u0105.<\/span> <span style=\"color: #1f1f1f;\"><span style=\"font-family: Book Antiqua, serif;\">Zatwardzia\u0142ym grzesznikom, gdy b\u0119d\u0105 j\u0105 odmawia\u0107, spokojem nape\u0142ni\u0119 dusze, a godzina ich \u015bmierci b\u0119dzie szcz\u0119\u015bliwa.<\/span><\/span> <span style=\"font-family: Book Antiqua, serif;\">[<\/span><span style=\"font-family: Book Antiqua, serif;\">1541<\/span><span style=\"font-family: Book Antiqua, serif;\">]<\/span><\/span><\/p>\n<p align=\"justify\"><span style=\"font-size: large;\"><span style=\"color: #000000;\"><span style=\"font-family: Book Antiqua, serif;\">Przez ni\u0105 uprosisz wszystko, je\u017celi to, o co prosisz, b\u0119dzie zgodne z wol\u0105 moj\u0105. <\/span><\/span><span style=\"color: #000000;\"><span style=\"font-family: Book Antiqua, serif;\">[<\/span><\/span><span style=\"color: #000000;\"><span style=\"font-family: Book Antiqua, serif;\">1731<\/span><\/span><span style=\"color: #000000;\"><span style=\"font-family: Book Antiqua, serif;\">]<\/span><\/span><\/span><\/p>\n<p align=\"justify\">\n<p align=\"justify\">\n<p align=\"justify\">\n<p align=\"justify\">\n<p align=\"justify\">\n<p align=\"center\"><span style=\"font-size: large;\"><span style=\"font-family: Book Antiqua, serif;\"><b>GODZINA MI\u0141OSIERDZIA<\/b><\/span><\/span><\/p>\n<p align=\"justify\"><span style=\"font-family: Book Antiqua, serif;\"><span style=\"font-size: large;\">Ile razy us\u0142yszysz, jak zegar bije trzeci\u0105 godzin\u0119, zanurzaj si\u0119 ca\u0142a w Mi\u0142osierdziu moim, uwielbiaj\u0105c i wys\u0142awiaj\u0105c je. Wzywaj jego wszechmocy dla \u015bwiata ca\u0142ego, a szczeg\u00f3lnie dla biednych grzesznik\u00f3w, bo w tej chwili zosta\u0142o na o\u015bcie\u017c dla wszelkiej duszy. W godzinie tej uprosisz wszystko dla siebie i dla innych. W tej godzinie sta\u0142a si\u0119 \u0142aska dla \u015bwiata ca\u0142ego \u2013 Mi\u0142osierdzie zwyci\u0119\u017cy\u0142o sprawiedliwo\u015b\u0107. <\/span><\/span><\/p>\n<p align=\"justify\"><span style=\"font-family: Book Antiqua, serif;\"><span style=\"font-size: large;\">C\u00f3rko moja, staraj si\u0119 w tej godzinie odprawia\u0107 Drog\u0119 krzy\u017cow\u0105, o ile ci na to obowi\u0105zki pozwol\u0105. A je\u017celi nie mo\u017cesz odprawi\u0107 Drogi krzy\u017cowej, to przynajmniej wst\u0105p na chwil\u0119 do kaplicy i uczcij moje Serce, kt\u00f3re jest pe\u0142ne Mi\u0142osierdzia w Naj\u015bwi\u0119tszym Sakramencie. A je\u017celi nie mo\u017cesz wst\u0105pi\u0107 do kaplicy, pogr\u0105\u017c si\u0119 w modlitwie tam, gdzie jeste\u015b, chocia\u017c przez kr\u00f3ciutk\u0105 chwil\u0119. \u017b\u0105dam czci dla Mi\u0142osierdzia mojego od wszelkiego stworzenia, ale od ciebie najpierw, bo da\u0142em ci najg\u0142\u0119biej pozna\u0107 t\u0119 tajemnic\u0119. [1572]<\/span><\/span><\/p>\n<p align=\"justify\"><span style=\"font-family: Book Antiqua, serif;\"><span style=\"font-size: large;\">O trzeciej godzinie b\u0142agaj mojego mi\u0142osierdzia, szczeg\u00f3lnie dla grzesznik\u00f3w, i cho\u0107 przez kr\u00f3tki moment zag\u0142\u0119biaj si\u0119 w mojej M\u0119ce, szczeg\u00f3lnie w moim opuszczeniu w chwili konania. Jest to godzina wielkiego mi\u0142osierdzia dla \u015bwiata ca\u0142ego. Pozwol\u0119 ci wnikn\u0105\u0107 w m\u00f3j \u015bmiertelny smutek. W tej godzinie nie odm\u00f3wi\u0119 duszy niczego, kt\u00f3ra mnie prosi przez M\u0119k\u0119 moj\u0105. [1320]<\/span><\/span><\/p>\n<p align=\"justify\">\n<p align=\"justify\">\n<p align=\"justify\">\n<p align=\"justify\">\n<p align=\"justify\">\n<p align=\"center\"><span style=\"font-family: Book Antiqua, serif;\"><span style=\"font-size: large;\"><b>SZERZENIE<\/b> <b>CZCI<\/b> <b>MI\u0141OSIERDZIA<\/b><\/span><\/span><\/p>\n<p align=\"justify\"><span style=\"font-family: Book Antiqua, serif;\"><span style=\"font-size: large;\">C\u00f3rko moja, je\u017celi przez ciebie \u017c\u0105dam od ludzi czci dla mojego Mi\u0142osierdzia, to ty powinna\u015b si\u0119 pierwsza odznacza\u0107 t\u0105 ufno\u015bci\u0105 w Mi\u0142osierdzie moje. \u017b\u0105dam od ciebie uczynk\u00f3w mi\u0142osierdzia, kt\u00f3re maj\u0105 wyp\u0142ywa\u0107 z mi\u0142o\u015bci ku Mnie. Mi\u0142osierdzie masz okazywa\u0107 zawsze i wsz\u0119dzie bli\u017anim, nie mo\u017cesz si\u0119 od tego usun\u0105\u0107 ani wym\u00f3wi\u0107, ani uniewinni\u0107. Podaj\u0119 ci trzy sposoby czynienia mi\u0142osierdzia bli\u017anim: pierwszy \u2013 czyn; drugi \u2013 s\u0142owo; trzeci \u2013 modlitwa. W tych trzech stopniach zawiera si\u0119 pe\u0142nia Mi\u0142osierdzia i jest niezbitym dowodem mi\u0142o\u015bci ku Mnie. W ten spos\u00f3b dusza wys\u0142awia i oddaje cze\u015b\u0107 Mi\u0142osierdziu mojemu. [742]<\/span><\/span><\/p>\n<p align=\"justify\"><span style=\"font-family: Book Antiqua, serif;\"><span style=\"font-size: large;\">Aby wys\u0142awi\u0142a wszelka dusza dobro\u0107 moj\u0105. Pragn\u0119 zaufania od swych stworze\u0144, zach\u0119caj dusze do wielkiej ufno\u015bci w niezg\u0142\u0119bione mi\u0142osierdzie moje. Niechaj si\u0119 nie l\u0119ka do mnie zbli\u017cy\u0107 dusza s\u0142aba, grzeszna, a cho\u0107by mia\u0142a wi\u0119cej grzech\u00f3w, ni\u017c piasku na ziemi, utonie wszystko w otch\u0142ani Mi\u0142osierdzia mojego. [1059]<\/span><\/span><\/p>\n<p align=\"justify\"><span style=\"font-family: Book Antiqua, serif;\"><span style=\"font-size: large;\">Dusze, kt\u00f3re szerz\u0105 cze\u015b\u0107 Mi\u0142osierdzia mojego, os\u0142aniam je przez \u017cycie ca\u0142e, jak czu\u0142a matka swe niemowl\u0119, a w godzin\u0119 \u015bmierci nie b\u0119d\u0119 im S\u0119dzi\u0105, ale mi\u0142osiernym Zbawicielem. W tej ostatniej godzinie nic dusza nie ma na sw\u0105 obron\u0119, pr\u00f3cz mi\u0142osierdzia mojego. Szcz\u0119\u015bliwa dusza, kt\u00f3ra przez \u017cycie zanurza\u0142a si\u0119 w zdroju Mi\u0142osierdzia, bo nie dosi\u0119gnie jej sprawiedliwo\u015b\u0107. [1075]<\/span><\/span><\/p>\n<p align=\"justify\"><span style=\"color: #000000;\"><span style=\"font-family: Book Antiqua, serif;\"><span style=\"font-size: large;\">C\u00f3rko moja, nie ustawaj w g\u0142oszeniu Mi\u0142osierdzia mojego, och\u0142odzisz przez to Serce moje, kt\u00f3re pa\u0142a p\u0142omieniem lito\u015bci do grzesznik\u00f3w. Powiedz moim kap\u0142anom, \u017ce zatwardziali grzesznicy kruszy\u0107 si\u0119 b\u0119d\u0105 pod ich s\u0142owami, kiedy b\u0119d\u0105 m\u00f3wi\u0107 o niezg\u0142\u0119bionym Mi\u0142osierdziu moim; o lito\u015bci, jak\u0105 mam dla nich w sercu swoim. Kap\u0142anom, kt\u00f3rzy g\u0142osi\u0107 b\u0119d\u0105 i wys\u0142awia\u0107 Mi\u0142osierdzie moje, dam im moc przedziwn\u0105 i namaszcz\u0119 ich s\u0142owa; i porusz\u0119 serca, do kt\u00f3rych przemawia\u0107 b\u0119d\u0105. [1521]<\/span><\/span><\/span><\/p>\n","protected":false},"excerpt":{"rendered":"<p>Niech b\u0119dzie pochwalony Jezus Chrystus! Moi Drodzy, w dniu dzisiejszym wspominamy ten dzie\u0144 sprzed pi\u0119tnastu lat, kiedy na Stolic\u0119 Piotrow\u0105 powo\u0142any zosta\u0142 Papie\u017c Benedykt XVI. W serdecznej modlitwie podzi\u0119kujmy Bogu za ogromne dobro, jakie pozostawi\u0142 On Ko\u015bcio\u0142owi. I o wszelkie dobro m\u00f3dlmy si\u0119 dla Niego samego! Imieniny natomiast obchodzi dzisiaj m\u00f3j Kolega kursowy, Ksi\u0105dz Leon [&hellip;]<\/p>\n","protected":false},"author":1,"featured_media":0,"comment_status":"open","ping_status":"open","sticky":false,"template":"","format":"standard","meta":{"jetpack_post_was_ever_published":false,"_jetpack_newsletter_access":"","_jetpack_dont_email_post_to_subs":false,"_jetpack_newsletter_tier_id":0,"_jetpack_memberships_contains_paywalled_content":false,"_jetpack_memberships_contains_paid_content":false,"footnotes":""},"categories":[1],"tags":[],"class_list":["post-16837","post","type-post","status-publish","format-standard","hentry","category-bez-kategorii"],"yoast_head":"<!-- This site is optimized with the Yoast SEO plugin v25.1 - https:\/\/yoast.com\/wordpress\/plugins\/seo\/ -->\n<title>M\u00f3dlcie si\u0119 ze mn\u0105 o mi\u0142osierdzie! - Gaudium Et Spes<\/title>\n<meta name=\"robots\" content=\"index, follow, max-snippet:-1, max-image-preview:large, max-video-preview:-1\" \/>\n<link rel=\"canonical\" href=\"https:\/\/gaudiumetspes-blog.pl\/index.php\/2020\/04\/19\/modlcie-sie-ze-mna-o-milosierdzie\/\" \/>\n<meta property=\"og:locale\" content=\"pl_PL\" \/>\n<meta property=\"og:type\" content=\"article\" \/>\n<meta property=\"og:title\" content=\"M\u00f3dlcie si\u0119 ze mn\u0105 o mi\u0142osierdzie! - Gaudium Et Spes\" \/>\n<meta property=\"og:description\" content=\"Niech b\u0119dzie pochwalony Jezus Chrystus! Moi Drodzy, w dniu dzisiejszym wspominamy ten dzie\u0144 sprzed pi\u0119tnastu lat, kiedy na Stolic\u0119 Piotrow\u0105 powo\u0142any zosta\u0142 Papie\u017c Benedykt XVI. W serdecznej modlitwie podzi\u0119kujmy Bogu za ogromne dobro, jakie pozostawi\u0142 On Ko\u015bcio\u0142owi. I o wszelkie dobro m\u00f3dlmy si\u0119 dla Niego samego! Imieniny natomiast obchodzi dzisiaj m\u00f3j Kolega kursowy, Ksi\u0105dz Leon [&hellip;]\" \/>\n<meta property=\"og:url\" content=\"https:\/\/gaudiumetspes-blog.pl\/index.php\/2020\/04\/19\/modlcie-sie-ze-mna-o-milosierdzie\/\" \/>\n<meta property=\"og:site_name\" content=\"Gaudium Et Spes\" \/>\n<meta property=\"article:published_time\" content=\"2020-04-19T03:22:32+00:00\" \/>\n<meta name=\"author\" content=\"Ks. Jacek\" \/>\n<meta name=\"twitter:card\" content=\"summary_large_image\" \/>\n<meta name=\"twitter:label1\" content=\"Napisane przez\" \/>\n\t<meta name=\"twitter:data1\" content=\"Ks. Jacek\" \/>\n\t<meta name=\"twitter:label2\" content=\"Szacowany czas czytania\" \/>\n\t<meta name=\"twitter:data2\" content=\"28 minut\" \/>\n<script type=\"application\/ld+json\" class=\"yoast-schema-graph\">{\"@context\":\"https:\/\/schema.org\",\"@graph\":[{\"@type\":\"WebPage\",\"@id\":\"https:\/\/gaudiumetspes-blog.pl\/index.php\/2020\/04\/19\/modlcie-sie-ze-mna-o-milosierdzie\/\",\"url\":\"https:\/\/gaudiumetspes-blog.pl\/index.php\/2020\/04\/19\/modlcie-sie-ze-mna-o-milosierdzie\/\",\"name\":\"M\u00f3dlcie si\u0119 ze mn\u0105 o mi\u0142osierdzie! - Gaudium Et Spes\",\"isPartOf\":{\"@id\":\"https:\/\/gaudiumetspes-blog.pl\/#website\"},\"datePublished\":\"2020-04-19T03:22:32+00:00\",\"author\":{\"@id\":\"https:\/\/gaudiumetspes-blog.pl\/#\/schema\/person\/1661982992b752dea8dff0d4ed845a65\"},\"breadcrumb\":{\"@id\":\"https:\/\/gaudiumetspes-blog.pl\/index.php\/2020\/04\/19\/modlcie-sie-ze-mna-o-milosierdzie\/#breadcrumb\"},\"inLanguage\":\"pl-PL\",\"potentialAction\":[{\"@type\":\"ReadAction\",\"target\":[\"https:\/\/gaudiumetspes-blog.pl\/index.php\/2020\/04\/19\/modlcie-sie-ze-mna-o-milosierdzie\/\"]}]},{\"@type\":\"BreadcrumbList\",\"@id\":\"https:\/\/gaudiumetspes-blog.pl\/index.php\/2020\/04\/19\/modlcie-sie-ze-mna-o-milosierdzie\/#breadcrumb\",\"itemListElement\":[{\"@type\":\"ListItem\",\"position\":1,\"name\":\"Strona g\u0142\u00f3wna\",\"item\":\"https:\/\/gaudiumetspes-blog.pl\/\"},{\"@type\":\"ListItem\",\"position\":2,\"name\":\"M\u00f3dlcie si\u0119 ze&nbsp;mn\u0105 o&nbsp;mi\u0142osierdzie!\"}]},{\"@type\":\"WebSite\",\"@id\":\"https:\/\/gaudiumetspes-blog.pl\/#website\",\"url\":\"https:\/\/gaudiumetspes-blog.pl\/\",\"name\":\"Gaudium Et Spes\",\"description\":\"Blog Ks. Jacka Ja\u015bkowskiego\",\"potentialAction\":[{\"@type\":\"SearchAction\",\"target\":{\"@type\":\"EntryPoint\",\"urlTemplate\":\"https:\/\/gaudiumetspes-blog.pl\/?s={search_term_string}\"},\"query-input\":{\"@type\":\"PropertyValueSpecification\",\"valueRequired\":true,\"valueName\":\"search_term_string\"}}],\"inLanguage\":\"pl-PL\"},{\"@type\":\"Person\",\"@id\":\"https:\/\/gaudiumetspes-blog.pl\/#\/schema\/person\/1661982992b752dea8dff0d4ed845a65\",\"name\":\"Ks. Jacek\",\"image\":{\"@type\":\"ImageObject\",\"inLanguage\":\"pl-PL\",\"@id\":\"https:\/\/gaudiumetspes-blog.pl\/#\/schema\/person\/image\/\",\"url\":\"https:\/\/gaudiumetspes-blog.pl\/wp-content\/uploads\/2019\/07\/avatar-JJ-150x150.jpg\",\"contentUrl\":\"https:\/\/gaudiumetspes-blog.pl\/wp-content\/uploads\/2019\/07\/avatar-JJ-150x150.jpg\",\"caption\":\"Ks. Jacek\"},\"description\":\"Witam serdecznie! K\u0142ania si\u0119 Ks. Jacek Ja\u015bkowski. Nie jestem ani kim\u015b wa\u017cnym, ani kim\u015b znanym. Jestem ksi\u0119dzem, kt\u00f3ry po prostu chce rozmawia\u0107. Codzienna kap\u0142a\u0144ska pos\u0142uga pokazuje mi, \u017ce temat\u00f3w do rozm\u00f3w z ksi\u0119dzem jest coraz wi\u0119cej i dzisiaj \u017caden ksi\u0105dz nie mo\u017ce od nich ucieka\u0107, ale - wprost przeciwnie - podejmowa\u0107 nowe wyzwania. To przekonanie sk\u0142oni\u0142o mnie do pr\u00f3by otwarcia tego\u017c bloga, chocia\u017c okazji do rozm\u00f3w na co dzie\u0144 - w konfesjonale i poza nim - na szcz\u0119\u015bcie nie brakuje. My\u015bl\u0119 jednak, \u017ce ten blog b\u0119dzie jeszcze jednym sposobem i przestrzeni\u0105 nawi\u0105zania kontaktu z lud\u017ami dobrej woli, otwartymi na dialog.\",\"url\":\"https:\/\/gaudiumetspes-blog.pl\/index.php\/author\/ks-jacek\/\"}]}<\/script>\n<!-- \/ Yoast SEO plugin. -->","yoast_head_json":{"title":"M\u00f3dlcie si\u0119 ze mn\u0105 o mi\u0142osierdzie! - Gaudium Et Spes","robots":{"index":"index","follow":"follow","max-snippet":"max-snippet:-1","max-image-preview":"max-image-preview:large","max-video-preview":"max-video-preview:-1"},"canonical":"https:\/\/gaudiumetspes-blog.pl\/index.php\/2020\/04\/19\/modlcie-sie-ze-mna-o-milosierdzie\/","og_locale":"pl_PL","og_type":"article","og_title":"M\u00f3dlcie si\u0119 ze mn\u0105 o mi\u0142osierdzie! - Gaudium Et Spes","og_description":"Niech b\u0119dzie pochwalony Jezus Chrystus! Moi Drodzy, w dniu dzisiejszym wspominamy ten dzie\u0144 sprzed pi\u0119tnastu lat, kiedy na Stolic\u0119 Piotrow\u0105 powo\u0142any zosta\u0142 Papie\u017c Benedykt XVI. W serdecznej modlitwie podzi\u0119kujmy Bogu za ogromne dobro, jakie pozostawi\u0142 On Ko\u015bcio\u0142owi. I o wszelkie dobro m\u00f3dlmy si\u0119 dla Niego samego! Imieniny natomiast obchodzi dzisiaj m\u00f3j Kolega kursowy, Ksi\u0105dz Leon [&hellip;]","og_url":"https:\/\/gaudiumetspes-blog.pl\/index.php\/2020\/04\/19\/modlcie-sie-ze-mna-o-milosierdzie\/","og_site_name":"Gaudium Et Spes","article_published_time":"2020-04-19T03:22:32+00:00","author":"Ks. Jacek","twitter_card":"summary_large_image","twitter_misc":{"Napisane przez":"Ks. Jacek","Szacowany czas czytania":"28 minut"},"schema":{"@context":"https:\/\/schema.org","@graph":[{"@type":"WebPage","@id":"https:\/\/gaudiumetspes-blog.pl\/index.php\/2020\/04\/19\/modlcie-sie-ze-mna-o-milosierdzie\/","url":"https:\/\/gaudiumetspes-blog.pl\/index.php\/2020\/04\/19\/modlcie-sie-ze-mna-o-milosierdzie\/","name":"M\u00f3dlcie si\u0119 ze mn\u0105 o mi\u0142osierdzie! - Gaudium Et Spes","isPartOf":{"@id":"https:\/\/gaudiumetspes-blog.pl\/#website"},"datePublished":"2020-04-19T03:22:32+00:00","author":{"@id":"https:\/\/gaudiumetspes-blog.pl\/#\/schema\/person\/1661982992b752dea8dff0d4ed845a65"},"breadcrumb":{"@id":"https:\/\/gaudiumetspes-blog.pl\/index.php\/2020\/04\/19\/modlcie-sie-ze-mna-o-milosierdzie\/#breadcrumb"},"inLanguage":"pl-PL","potentialAction":[{"@type":"ReadAction","target":["https:\/\/gaudiumetspes-blog.pl\/index.php\/2020\/04\/19\/modlcie-sie-ze-mna-o-milosierdzie\/"]}]},{"@type":"BreadcrumbList","@id":"https:\/\/gaudiumetspes-blog.pl\/index.php\/2020\/04\/19\/modlcie-sie-ze-mna-o-milosierdzie\/#breadcrumb","itemListElement":[{"@type":"ListItem","position":1,"name":"Strona g\u0142\u00f3wna","item":"https:\/\/gaudiumetspes-blog.pl\/"},{"@type":"ListItem","position":2,"name":"M\u00f3dlcie si\u0119 ze&nbsp;mn\u0105 o&nbsp;mi\u0142osierdzie!"}]},{"@type":"WebSite","@id":"https:\/\/gaudiumetspes-blog.pl\/#website","url":"https:\/\/gaudiumetspes-blog.pl\/","name":"Gaudium Et Spes","description":"Blog Ks. Jacka Ja\u015bkowskiego","potentialAction":[{"@type":"SearchAction","target":{"@type":"EntryPoint","urlTemplate":"https:\/\/gaudiumetspes-blog.pl\/?s={search_term_string}"},"query-input":{"@type":"PropertyValueSpecification","valueRequired":true,"valueName":"search_term_string"}}],"inLanguage":"pl-PL"},{"@type":"Person","@id":"https:\/\/gaudiumetspes-blog.pl\/#\/schema\/person\/1661982992b752dea8dff0d4ed845a65","name":"Ks. Jacek","image":{"@type":"ImageObject","inLanguage":"pl-PL","@id":"https:\/\/gaudiumetspes-blog.pl\/#\/schema\/person\/image\/","url":"https:\/\/gaudiumetspes-blog.pl\/wp-content\/uploads\/2019\/07\/avatar-JJ-150x150.jpg","contentUrl":"https:\/\/gaudiumetspes-blog.pl\/wp-content\/uploads\/2019\/07\/avatar-JJ-150x150.jpg","caption":"Ks. Jacek"},"description":"Witam serdecznie! K\u0142ania si\u0119 Ks. Jacek Ja\u015bkowski. Nie jestem ani kim\u015b wa\u017cnym, ani kim\u015b znanym. Jestem ksi\u0119dzem, kt\u00f3ry po prostu chce rozmawia\u0107. Codzienna kap\u0142a\u0144ska pos\u0142uga pokazuje mi, \u017ce temat\u00f3w do rozm\u00f3w z ksi\u0119dzem jest coraz wi\u0119cej i dzisiaj \u017caden ksi\u0105dz nie mo\u017ce od nich ucieka\u0107, ale - wprost przeciwnie - podejmowa\u0107 nowe wyzwania. To przekonanie sk\u0142oni\u0142o mnie do pr\u00f3by otwarcia tego\u017c bloga, chocia\u017c okazji do rozm\u00f3w na co dzie\u0144 - w konfesjonale i poza nim - na szcz\u0119\u015bcie nie brakuje. My\u015bl\u0119 jednak, \u017ce ten blog b\u0119dzie jeszcze jednym sposobem i przestrzeni\u0105 nawi\u0105zania kontaktu z lud\u017ami dobrej woli, otwartymi na dialog.","url":"https:\/\/gaudiumetspes-blog.pl\/index.php\/author\/ks-jacek\/"}]}},"jetpack_featured_media_url":"","jetpack_sharing_enabled":true,"_links":{"self":[{"href":"https:\/\/gaudiumetspes-blog.pl\/index.php\/wp-json\/wp\/v2\/posts\/16837","targetHints":{"allow":["GET"]}}],"collection":[{"href":"https:\/\/gaudiumetspes-blog.pl\/index.php\/wp-json\/wp\/v2\/posts"}],"about":[{"href":"https:\/\/gaudiumetspes-blog.pl\/index.php\/wp-json\/wp\/v2\/types\/post"}],"author":[{"embeddable":true,"href":"https:\/\/gaudiumetspes-blog.pl\/index.php\/wp-json\/wp\/v2\/users\/1"}],"replies":[{"embeddable":true,"href":"https:\/\/gaudiumetspes-blog.pl\/index.php\/wp-json\/wp\/v2\/comments?post=16837"}],"version-history":[{"count":1,"href":"https:\/\/gaudiumetspes-blog.pl\/index.php\/wp-json\/wp\/v2\/posts\/16837\/revisions"}],"predecessor-version":[{"id":16838,"href":"https:\/\/gaudiumetspes-blog.pl\/index.php\/wp-json\/wp\/v2\/posts\/16837\/revisions\/16838"}],"wp:attachment":[{"href":"https:\/\/gaudiumetspes-blog.pl\/index.php\/wp-json\/wp\/v2\/media?parent=16837"}],"wp:term":[{"taxonomy":"category","embeddable":true,"href":"https:\/\/gaudiumetspes-blog.pl\/index.php\/wp-json\/wp\/v2\/categories?post=16837"},{"taxonomy":"post_tag","embeddable":true,"href":"https:\/\/gaudiumetspes-blog.pl\/index.php\/wp-json\/wp\/v2\/tags?post=16837"}],"curies":[{"name":"wp","href":"https:\/\/api.w.org\/{rel}","templated":true}]}}