{"id":16881,"date":"2020-04-29T05:34:26","date_gmt":"2020-04-29T03:34:26","guid":{"rendered":"https:\/\/gaudiumetspes-blog.pl\/?p=16881"},"modified":"2020-04-28T23:45:44","modified_gmt":"2020-04-28T21:45:44","slug":"jezeli-zas-chodzimy-w-swiatlosci","status":"publish","type":"post","link":"https:\/\/gaudiumetspes-blog.pl\/index.php\/2020\/04\/29\/jezeli-zas-chodzimy-w-swiatlosci\/","title":{"rendered":"Je\u017celi za\u015b chodzimy w \u015bwiat\u0142o\u015bci&#8230;"},"content":{"rendered":"<p align=\"justify\"><span style=\"color: #000000;\"><span style=\"font-family: Book Antiqua, serif;\"><span style=\"font-size: large;\">Szcz\u0119\u015b\u0107 Bo\u017ce! Moi Drodzy, w dniu dzisiejszym <b>imieniny prze\u017cywa Katarzyna Szewczak, moja dobra Znajoma z Warszawy.<\/b><\/span><\/span><\/span><\/p>\n<p align=\"justify\"><span style=\"color: #000000;\"><span style=\"font-family: Book Antiqua, serif;\"><span style=\"font-size: large;\"><b>Urodziny natomiast prze\u017cywa Siostra Paula Bronisz, pochodz\u0105ca z mojej pierwszej Parafii, gdzie zna\u0142em J\u0105 jako Agnieszk\u0119, gdy anga\u017cowa\u0142a si\u0119 w dzia\u0142alno\u015b\u0107 Wsp\u00f3lnoty m\u0142odzie\u017cowej.<\/b><\/span><\/span><\/span><\/p>\n<p align=\"justify\"><span style=\"color: #000000;\"><span style=\"font-family: Book Antiqua, serif;\"><span style=\"font-size: large;\"><b>Urodziny prze\u017cywa dzi\u015b tak\u017ce Kamil Krupa, za moich czas\u00f3w \u2013 Lektor w Celestynowie.<\/b><\/span><\/span><\/span><\/p>\n<p align=\"justify\"><span style=\"color: #000000;\"><span style=\"font-family: Book Antiqua, serif;\"><span style=\"font-size: large;\"><b>\u017bycz\u0119 Wszystkim dzisiaj \u015bwi\u0119tuj\u0105cym, by starali si\u0119 wci\u0105\u017c wzmacnia\u0107 swoj\u0105 osobist\u0105 przyja\u017a\u0144 z Jezusem! Zapewniam o modlitwie!<\/b><\/span><\/span><\/span><\/p>\n<p align=\"justify\"><span style=\"color: #000000;\"><span style=\"font-family: Book Antiqua, serif;\"><span style=\"font-size: large;\">Moi Drodzy, chcia\u0142bym wspomnie\u0107 raz jeszcze o tych nieszcz\u0119snych maseczkach, kt\u00f3re teraz ka\u017c\u0105 nam nosi\u0107. Jakie jest Wasze zdanie w tej sprawie?<\/span><\/span><\/span><\/p>\n<p align=\"justify\"><span style=\"color: #000000;\"><span style=\"font-family: Book Antiqua, serif;\"><span style=\"font-size: large;\">Mi osobi\u015bcie bardzo du\u017co daj\u0105 do my\u015blenia \u2013 je\u015bli idzie o stron\u0119 medyczn\u0105 problemu \u2013 nast\u0119puj\u0105ce wypowiedzi:<\/span><\/span><\/span><\/p>\n<p align=\"justify\"><span style=\"color: #000000;\"><span style=\"font-family: Book Antiqua, serif;\"><span style=\"font-size: medium;\"><span style=\"font-size: large;\"><a href=\"https:\/\/wpolityce.pl\/spoleczenstwo\/497076-wywiad-kiedy-szczyt-prof-gielerak-dwa-kluczowe-czynniki\">https:\/\/wpolityce.pl\/spoleczenstwo\/497076-wywiad-kiedy-szczyt-prof-gielerak-dwa-kluczowe-czynniki<\/a> <\/span><\/span><\/span><\/span><\/p>\n<p align=\"justify\"><span style=\"color: #000000;\"><span style=\"font-family: Book Antiqua, serif;\"><span style=\"font-size: large;\">a tak\u017ce:<\/span><\/span><\/span><\/p>\n<p align=\"justify\"><span style=\"color: #000000;\"><span style=\"font-family: Book Antiqua, serif;\"><span style=\"font-size: medium;\"><span style=\"font-size: large;\"><a href=\"https:\/\/www.pch24.pl\/wirusolog-prof--gut-o-sensie-stosowania-maseczek--ich-skutecznosc-jest-krotkotrwala,75563,i.html\">https:\/\/www.pch24.pl\/wirusolog-prof&#8211;gut-o-sensie-stosowania-maseczek&#8211;ich-skutecznosc-jest-krotkotrwala,75563,i.html<\/a> <\/span><\/span><\/span><\/span><\/p>\n<p align=\"justify\"><span style=\"color: #000000;\"><span style=\"font-family: Book Antiqua, serif;\"><span style=\"font-size: large;\">Co ciekawe, obaj Eksperci niejednokrotnie zabierali g\u0142os w Telewizji pa\u0144stwowej, a wi\u0119c trudno ich pos\u0105dzi\u0107 o ch\u0119\u0107 bojkotowania decyzji rz\u0105dowych. To od strony medycznej.<\/span><\/span><\/span><\/p>\n<p align=\"justify\"><span style=\"color: #000000;\"><span style=\"font-family: Book Antiqua, serif;\"><span style=\"font-size: large;\">Natomiast ja osobi\u015bcie \u2013 od strony takiej czysto ludzkiej i kap\u0142a\u0144skiej \u2013 uwa\u017cam ten arbitralny nakaz za naruszenie mojej wolno\u015bci i godno\u015bci. Jak widzicie \u2013 chocia\u017cby na tym blogu \u2013 nigdy nie ukrywam si\u0119 ze swoim wizerunkiem czy podpisem, staram si\u0119 zawsze do ludzi wychodzi\u0107 w spos\u00f3b zupe\u0142nie otwarty. A tutaj kto\u015b \u2013 ze \u015brody na czwartek \u2013 nakazuje mi zas\u0142ania\u0107 twarz. To co, w \u015brod\u0119 jeszcze by\u0142o bezpiecznie, a w czwartek po p\u00f3\u0142nocy zrobi\u0142o si\u0119 tak bardzo niebezpiecznie?<\/span><\/span><\/span><\/p>\n<p align=\"justify\"><span style=\"color: #000000;\"><span style=\"font-family: Book Antiqua, serif;\"><span style=\"font-size: large;\">Szerzej nawi\u0105zuj\u0119 do tego problemu \u2013 i do niebezpiecze\u0144stw spo\u0142ecznych, z nim zwi\u0105zanych \u2013 w rozwa\u017caniu na niedziel\u0119 Bo\u017cego Mi\u0142osierdzia. <\/span><\/span><\/span><\/p>\n<p align=\"justify\"><span style=\"color: #000000;\"><span style=\"font-family: Book Antiqua, serif;\"><span style=\"font-size: large;\">A przy okazji, chcia\u0142bym zaznaczy\u0107, \u017ce w ca\u0142o\u015bci podtrzymuj\u0119 moje refleksje, jakie podejmowa\u0142em tu, na blogu, w kolejne dni tego wyj\u0105tkowego i trudnego czasu, natomiast szczeg\u00f3lnie wa\u017cne jest dla mnie to wspomniane rozwa\u017canie z 19 kwietnia, bo ono stanowi moj\u0105 osobist\u0105 modlitw\u0119 o Bo\u017ce zmi\u0142owanie nad nami i nad ca\u0142ym \u015bwiatem, ale tam r\u00f3wnie\u017c zawar\u0142em sw\u00f3j ca\u0142o\u015bciowy pogl\u0105d na spraw\u0119. Tak\u017ce w kwestii zas\u0142aniania twarzy.<\/span><\/span><\/span><\/p>\n<p align=\"justify\"><span style=\"color: #000000;\"><span style=\"font-family: Book Antiqua, serif;\"><span style=\"font-size: large;\">Dlatego wczoraj zdecydowa\u0142em si\u0119 podpisa\u0107 petycj\u0119, na kt\u00f3r\u0105 natrafi\u0142em w internecie:<\/span><\/span><\/span><\/p>\n<p align=\"justify\"><span style=\"color: #000000;\"><span style=\"font-family: Book Antiqua, serif;\"><span style=\"font-size: medium;\"><a href=\"https:\/\/www.petycjeonline.com\/prawo_do_dobrowolnego_stosowania_maseczek_ochronnych_przez_osoby_zdrowe\"><span style=\"font-size: large;\">https:\/\/www.petycjeonline.comprawo_do_dobrowolnego_stosowania_maseczek_ochronnych_przez_osoby_zdrowe<\/span><\/a><b> <\/b><\/span><\/span><\/span><\/p>\n<p align=\"justify\"><span style=\"color: #000000;\"><span style=\"font-family: Book Antiqua, serif;\"><span style=\"font-size: large;\">Nikogo do tego nie namawiam, nikomu te\u017c nie narzucam swoich pogl\u0105d\u00f3w. Mo\u017cna si\u0119 ze mn\u0105 nie zgadza\u0107, mo\u017cna dyskutowa\u0107. Sprawa jest bardzo delikatna i osobista. Prosz\u0119 jednak, aby nasza ewentualna dyskusja przebiega\u0142a w spos\u00f3b kulturalny.<\/span><\/span><\/span><\/p>\n<p align=\"justify\"><span style=\"color: #000000;\"><span style=\"font-family: Book Antiqua, serif;\"><span style=\"font-size: large;\">Uwa\u017cam bowiem, \u017ce tak, jak na naszym blogu mo\u017cemy o wszystkim spokojnie rozmawia\u0107, tak i w sferze publicznej, w tak wa\u017cnych sprawach, dojrza\u0142e spo\u0142ecze\u0144stwo powinno si\u0119 wypowiada\u0107. Powt\u00f3rz\u0119 raz jeszcze swoje przekonanie, wyra\u017cone w ostatnich tygodniach na tym blogu, \u017ce dojrza\u0142e spo\u0142ecze\u0144stwo to takie, kt\u00f3re dojrzale my\u015bli i podejmuje dojrza\u0142e decyzje i dzia\u0142ania, zabieraj\u0105c te\u017c g\u0142os w sprawach istotnych dla kraju, a nie takie, kt\u00f3re \u2013 pod wp\u0142ywem strachu \u2013 mechanicznie wykonuje ka\u017cde odg\u00f3rne polecenie, nawet nie pytaj\u0105c o jego podstawy prawne, sens i celowo\u015b\u0107.<\/span><\/span><\/span><\/p>\n<p align=\"justify\"><span style=\"color: #000000;\"><span style=\"font-family: Book Antiqua, serif;\"><span style=\"font-size: large;\">A z takich przyjemniejszych, a nawet bardzo przyjemnych spraw, to jutro i pojutrze \u2013 jak nakazuje pi\u0119kna tradycja, stworzona w ostatnich tygodniach \u2013 s\u0142\u00f3wko z Syberii! Jutro \u2013 Ksi\u0105dz Marek, a pojutrze: Siostry. Liczymy na du\u017c\u0105 dawk\u0119 wiary, m\u0105dro\u015bci, entuzjazmu, pomys\u0142owo\u015bci, a mo\u017ce i \u015bpiewu?\u2026 Czekamy z rado\u015bci\u0105!<\/span><\/span><\/span><\/p>\n<p align=\"justify\"><span style=\"color: #000000;\"><span style=\"font-family: Book Antiqua, serif;\"><span style=\"font-size: large;\"><b>Niech Was b\u0142ogos\u0142awi B\u00f3g Wszechmog\u0105cy: Ojciec + i Syn, i Duch \u015awi\u0119ty. Amen<\/b><\/span><\/span><\/span><\/p>\n<p align=\"center\"><span style=\"color: #000000;\"><span style=\"font-family: Book Antiqua, serif;\"><span style=\"font-size: large;\">Gaudium et spes! Ks. Jacek<\/span><\/span><\/span><\/p>\n<p align=\"center\">\n<p align=\"center\">\n<p align=\"center\">\n<p align=\"center\">\n<p align=\"center\">\n<p align=\"justify\"><span style=\"color: #000000;\"><span style=\"font-family: Book Antiqua, serif;\"><span style=\"font-size: large;\"><b>\u015awi\u0119to \u015awi\u0119tej Katarzyny Siene\u0144skiej, Patronki Europy,<\/b><\/span><\/span><\/span><\/p>\n<p align=\"justify\"><span style=\"color: #000000;\"><span style=\"font-family: Book Antiqua, serif;\"><span style=\"font-size: large;\"><b>29 kwietnia 2020.,<\/b><\/span><\/span><\/span><\/p>\n<p align=\"justify\"><span style=\"color: #000000;\"><span style=\"font-family: Book Antiqua, serif;\"><span style=\"font-size: large;\"><b>do czyta\u0144 z t. VI Lekcjonarza: 1 J 1,5\u20132,2; Mt 11,25\u201330<\/b><\/span><\/span><\/span><\/p>\n<p align=\"justify\">\n<p align=\"justify\">\n<p align=\"justify\">\n<p align=\"justify\">\n<p align=\"justify\">\n<p align=\"justify\"><span style=\"color: #000000;\"><span style=\"font-family: Book Antiqua, serif;\"><span style=\"font-size: large;\"><b>CZYTANIE Z PIERWSZEGO LISTU \u015aWI\u0118TEGO JANA APOSTO\u0141A: <\/b><\/span><\/span><\/span><\/p>\n<p align=\"justify\"><span style=\"color: #000000;\"><span style=\"font-family: Book Antiqua, serif;\"><span style=\"font-size: large;\"><b>Najmilsi: Nowina, kt\u00f3r\u0105 us\u0142yszeli\u015bmy od Jezusa Chrystusa i kt\u00f3r\u0105 wam g\u0142osimy, jest taka: B\u00f3g jest \u015bwiat\u0142o\u015bci\u0105, a nie ma w Nim \u017cadnej ciemno\u015bci. Je\u017celi m\u00f3wimy, \u017ce mamy z Nim wsp\u00f3\u0142uczestnictwo, a chodzimy w ciemno\u015bci, k\u0142amiemy i nie post\u0119pujemy zgodnie z prawd\u0105. Je\u017celi za\u015b chodzimy w \u015bwiat\u0142o\u015bci, tak jak On sam trwa w \u015bwiat\u0142o\u015bci, wtedy mamy jedni z drugimi wsp\u00f3\u0142uczestnictwo, a krew Jezusa, Syna Jego, oczyszcza nas z wszelkiego grzechu. <\/b><\/span><\/span><\/span><\/p>\n<p align=\"justify\"><span style=\"color: #000000;\"><span style=\"font-family: Book Antiqua, serif;\"><span style=\"font-size: large;\"><b>Je\u015bli m\u00f3wimy, \u017ce nie mamy grzechu, to samych siebie oszukujemy i nie ma w nas prawdy. Je\u017celi wyznajemy nasze grzechy, B\u00f3g b\u0119d\u0105c wiernym i sprawiedliwym odpu\u015bci je nam i oczy\u015bci nas z wszelkiej nieprawo\u015bci. Je\u015bli powiemy, \u017ce nie zgrzeszyli\u015bmy, czynimy Go k\u0142amc\u0105 i nie ma w nas Jego nauki. <\/b><\/span><\/span><\/span><\/p>\n<p align=\"justify\"><span style=\"color: #000000;\"><span style=\"font-family: Book Antiqua, serif;\"><span style=\"font-size: large;\"><b>Dzieci moje, pisz\u0119 wam to dlatego, \u017ceby\u015bcie nie grzeszyli. Je\u015bliby nawet kto\u015b zgrzeszy\u0142, mamy Rzecznika wobec Ojca, Jezusa Chrystusa sprawiedliwego. On bowiem jest ofiar\u0105 przeb\u0142agaln\u0105 za nasze grzechy, i nie tylko za nasze, lecz r\u00f3wnie\u017c za grzechy ca\u0142ego \u015bwiata.<\/b><\/span><\/span><\/span><\/p>\n<p align=\"justify\">\n<p align=\"justify\">\n<p align=\"justify\">\n<p align=\"justify\">\n<p align=\"justify\">\n<p align=\"justify\"><span style=\"color: #000000;\"><span style=\"font-family: Book Antiqua, serif;\"><span style=\"font-size: large;\"><b>S\u0141OWA EWANGELII WED\u0141UG \u015aWI\u0118TEGO MATEUSZA: <\/b><\/span><\/span><\/span><\/p>\n<p align=\"justify\"><span style=\"color: #000000;\"><span style=\"font-family: Book Antiqua, serif;\"><span style=\"font-size: large;\"><b>W owym czasie Jezus przem\u00f3wi\u0142 tymi s\u0142owami: \u201eWys\u0142awiam Ci\u0119, Ojcze, Panie nieba i ziemi, \u017ce zakry\u0142e\u015b te rzeczy przed m\u0105drymi i roztropnymi, a objawi\u0142e\u015b je prostaczkom. Tak, Ojcze, gdy\u017c takie by\u0142o Twoje upodobanie. <\/b><\/span><\/span><\/span><\/p>\n<p align=\"justify\"><span style=\"color: #000000;\"><span style=\"font-family: Book Antiqua, serif;\"><span style=\"font-size: large;\"><b>Wszystko przekaza\u0142 Mi Ojciec m\u00f3j. Nikt te\u017c nie zna Syna, tylko Ojciec, ani Ojca nikt nie zna, tylko Syn, i ten, komu Syn zechce objawi\u0107. <\/b><\/span><\/span><\/span><\/p>\n<p align=\"justify\"><span style=\"color: #000000;\"><span style=\"font-family: Book Antiqua, serif;\"><span style=\"font-size: large;\"><b>Przyjd\u017acie do Mnie wszyscy, kt\u00f3rzy utrudzeni i obci\u0105\u017ceni jeste\u015bcie, a Ja was pokrzepi\u0119. <\/b><\/span><\/span><\/span><\/p>\n<p align=\"justify\"><span style=\"color: #000000;\"><span style=\"font-family: Book Antiqua, serif;\"><span style=\"font-size: large;\"><b>We\u017acie moje jarzmo na siebie i uczcie si\u0119 ode Mnie, bo jestem cichy i pokorny sercem, a znajdziecie ukojenie dla dusz waszych. Albowiem jarzmo moje jest s\u0142odkie, a moje brzemi\u0119 lekkie\u201d.<\/b><\/span><\/span><\/span><\/p>\n<p align=\"justify\">\n<p align=\"justify\">\n<p align=\"justify\">\n<p align=\"justify\">\n<p align=\"justify\">\n<p align=\"justify\"><span style=\"color: #000000;\"><span style=\"font-family: Book Antiqua, serif;\"><span style=\"font-size: large;\">Patronka dnia dzisiejszego, <b>Katarzyna Benincasa, urodzi\u0142a si\u0119 w Sienie, w roku 1347.<\/b> Ju\u017c od najm\u0142odszych lat pragn\u0119\u0142a doskona\u0142o\u015bci: jako kilkuletnia dziewczynka by\u0142a przenikni\u0119ta duchem pobo\u017cno\u015bci. Wspierana Bo\u017c\u0105 \u0142ask\u0105, <b>w wieku <\/b><b>lat <\/b><b>siedmiu<\/b><b> z\u0142o\u017cy\u0142a Bogu w ofierze swoje dziewictwo.<\/b> Kiedy za\u015b mia\u0142a lat dwana\u015bcie, dosz\u0142o po raz pierwszy do konfrontacji z matk\u0105, kt\u00f3ra chcia\u0142a, by Katarzyna wiod\u0142a \u017cycie takie, jakie wiod\u0142y wszystkie jej kole\u017canki, <b>a wi\u0119c <\/b><b>korzysta\u0142a z przyjemno\u015bci,<\/b> jakich dostarcza m\u0142odo\u015b\u0107. Katarzyna jednak <b>marzy\u0142a o ca\u0142kowitym oddaniu si\u0119 Panu Bogu. <\/b><\/span><\/span><\/span><\/p>\n<p align=\"justify\"><span style=\"color: #000000;\"><span style=\"font-family: Book Antiqua, serif;\"><span style=\"font-size: large;\">I dlatego to w\u0142a\u015bnie wbrew woli rodzic\u00f3w obci\u0119\u0142a sobie w\u0142osy i zacz\u0119\u0142a prowadzi\u0107 \u017cycie pokutne. Zamierza\u0142a najpierw we w\u0142asnym domu uczyni\u0107 sobie pustelni\u0119. Kiedy jednak to okaza\u0142o si\u0119 niemo\u017cliwe, <b>swoje<\/b><b> serce zamieni\u0142a na zakonn\u0105 cel\u0119.<\/b> Tu by\u0142a jej Betania, w kt\u00f3rej spotyka\u0142a si\u0119 na s\u0142odkiej rozmowie z Boskim Oblubie\u0144cem. Z mi\u0142o\u015bci dla Chrystusa pracowa\u0142a nad swoim charakterem, okazuj\u0105c si\u0119 dla wszystkich \u017cyczliw\u0105 i \u0142agodn\u0105, sk\u0142onn\u0105 do us\u0142ug. <b>W woli rodzic\u00f3w zacz\u0119\u0142a upatrywa\u0107 wol\u0119 ukochanego Zbawcy. <\/b><\/span><\/span><\/span><\/p>\n<p align=\"justify\"><span style=\"color: #000000;\"><span style=\"font-family: Book Antiqua, serif;\"><span style=\"font-size: large;\">Pomimo wielu trudno\u015bci ze strony rodziny, w 1363 roku wst\u0105pi\u0142a <b>do <\/b><b>grona<\/b><b> tercjarek dominika\u0144skich w Sienie <\/b>i prowadzi\u0142a tam surowe \u017cycie. Modlitwa, pokuta i pos\u0142ugiwanie tr\u0119dowatym wype\u0142nia\u0142y jej dni. Jad\u0142a sk\u0105po, spa\u0142a bardzo ma\u0142o, gdy\u017c <b>\u017cal jej by\u0142o godzin nie sp\u0119dzonych na modlitwie.<\/b> Cz\u0119sto biczowa\u0142a si\u0119 do krwi. W wieku lat dwudziestu by\u0142a ju\u017c osob\u0105 w pe\u0142ni ukszta\u0142towan\u0105, wielk\u0105 mistyczk\u0105. <b>Pan Jezus cz\u0119sto j\u0105 nawiedza\u0142 \u2013<\/b><b> <\/b><b>sam lub ze swoj\u0105 Matk\u0105.<\/b> Katarzyna sta\u0142a si\u0119 Jego pos\u0142ank\u0105. <\/span><\/span><\/span><\/p>\n<p align=\"justify\"><span style=\"color: #000000;\"><span style=\"font-family: Book Antiqua, serif;\"><span style=\"font-size: large;\">Zacz\u0119\u0142a przemawia\u0107 i pisa\u0107 listy w imieniu Chrystusa do najznakomitszych os\u00f3b \u00f3wczesnej Europy, tak duchownych, jak i \u015bwieckich. Skupi\u0142a ponadto przy sobie <b>spore grono uczni\u00f3w \u2013 <\/b>elit\u0119 Sieny \u2013 dla kt\u00f3rych by\u0142a <b>duchow\u0105 mistrzyni\u0105 i przewodniczk\u0105.<\/b> Wspierana nadzwyczajnymi darami Ducha \u015awi\u0119tego i pos\u0142uszna Jego natchnieniom, \u0142\u0105czy\u0142a w swoim \u017cyciu <b>g\u0142\u0119bok\u0105 kontemplacj\u0119 tajemnic Bo\u017cych <\/b>w \u201epustelni swojego serca\u201d<b> &#8211; z r\u00f3\u017cnorodn\u0105 dzia\u0142alno\u015bci\u0105 apostolsk\u0105.<\/b> Z przemy\u015ble\u0144 i duchowych prze\u017cy\u0107 zrodzi\u0142o si\u0119 jej zaanga\u017cowanie w sprawy Ko\u015bcio\u0142a i \u015bwiata. <\/span><\/span><\/span><\/p>\n<p align=\"justify\"><span style=\"color: #000000;\"><span style=\"font-family: Book Antiqua, serif;\"><span style=\"font-size: large;\">Pe\u0142na gor\u0105cej mi\u0142o\u015bci do Boga i bli\u017aniego, przyczyni\u0142a si\u0119 do utrwalenia pokoju pomi\u0119dzy miastami, stawa\u0142a mocno <b>w obronie praw i wolno\u015bci <\/b><b>P<\/b><b>apie\u017ca <\/b><b>Grzegorza XI<\/b><b>, <\/b>kt\u00f3rego przekona\u0142a do powrotu do Rzymu z niewoli avinio\u0144skiej. Popiera\u0142a ponadto odnow\u0119 \u017cycia chrze\u015bcija\u0144skiego. Jej dzie\u0142a zawieraj\u0105 g\u0142\u0119bok\u0105 doktryn\u0119 i s\u0105 pe\u0142ne ducha Bo\u017cego. <b>Zmar\u0142a <\/b><b>z wyczerpania <\/b><b>w roku 1380. <\/b>Papie\u017c Pawe\u0142 VI og\u0142osi\u0142 j\u0105 Doktorem Ko\u015bcio\u0142a, a Jan Pawe\u0142 II \u2013 w roku 1999 \u2013 <b>W<\/b><b>sp\u00f3\u0142patronk\u0105 Europy.<\/b><\/span><\/span><\/span><\/p>\n<p align=\"justify\"><span style=\"color: #000000;\"><span style=\"font-family: Book Antiqua, serif;\"><span style=\"font-size: large;\">A oto ma\u0142y fragment jej bogatych przemy\u015ble\u0144, dotycz\u0105cych w tym przypadku Opatrzno\u015bci Bo\u017cej, a zapisanych w \u201eDialogu\u201d, zamieszczonych za\u015b w dzisiejszej brewiarzowej Godzinie czyta\u0144:<\/span><\/span><\/span><\/p>\n<p align=\"justify\"><span style=\"color: #000000;\">\u201e<span style=\"font-family: Book Antiqua, serif;\"><span style=\"font-size: large;\"><b>O wieczne B\u00f3stwo, wiekuista Tr\u00f3jco!<\/b> Ty sprawi\u0142a\u015b, \u017ce przez zjednoczenie z Bo\u017c\u0105 natur\u0105 Krew Twojego Jednorodzonego Syna nabra\u0142a takiej ceny. Ty, Tr\u00f3jco wieczna, jeste\u015b morzem g\u0142\u0119bokim, w kt\u00f3rym im wi\u0119cej szukam, wi\u0119cej znajduj\u0119, <b>a im wi\u0119cej znajduj\u0119, tym wi\u0119cej Ci\u0119 szukam. <\/b>Ty w nienasycony spos\u00f3b nasycasz dusz\u0119; w Twojej g\u0142\u0119boko\u015bci tak nasycasz dusz\u0119, \u017ce zawsze pozostaje ona z\u0142akniona Ciebie, Tr\u00f3jco wieczna, i pragnie ujrze\u0107 Ciebie, \u015awiat\u0142o\u015bci, w Twoim \u015bwietle.<\/span><\/span><\/span><\/p>\n<p align=\"justify\"><span style=\"color: #000000;\"><span style=\"font-family: Book Antiqua, serif;\"><span style=\"font-size: large;\">Zakosztowa\u0142am i \u015bwiat\u0142em mojego umys\u0142u w \u015bwietle Twoim <b>ujrza\u0142am Twoje przepastne g\u0142\u0119biny, <\/b>Tr\u00f3jco wieczna, i pi\u0119kno Twojego stworzenia. A ogl\u0105daj\u0105c siebie w Tobie, ujrza\u0142am, \u017ce<b> jestem Twoim obrazem.<\/b> Bo ze swej mocy, wiekuisty Ojcze, i m\u0105dro\u015bci, kt\u00f3r\u0105 jest Syn Tw\u00f3j Jednorodzony, udzieli\u0142e\u015b mi; a Duch \u015awi\u0119ty, kt\u00f3ry od Ciebie i od Syna pochodzi, da\u0142 mej woli zdolno\u015b\u0107 kochania Ciebie.<\/span><\/span><\/span><\/p>\n<p align=\"justify\"><span style=\"color: #000000;\"><span style=\"font-family: Book Antiqua, serif;\"><span style=\"font-size: large;\"><b>Ty, wiekuista Tr\u00f3jco, jeste\u015b Stw\u00f3rc\u0105, a ja stworzeniem.<\/b> W odrodzeniu, kt\u00f3rego dokona\u0142e\u015b we mnie przez Krew Syna Twego Jedynego, ujrza\u0142am, \u017ce rozmi\u0142owa\u0142e\u015b si\u0119 w pi\u0119kno\u015bci swojego stworzenia.<\/span><\/span><\/span><\/p>\n<p align=\"justify\"><span style=\"color: #000000;\"><span style=\"font-family: Book Antiqua, serif;\"><span style=\"font-size: large;\"><b>O przepa\u015bci, o Tr\u00f3jco Boska i wieczna, o morze g\u0142\u0119bokie! <\/b>C\u00f3\u017c mog\u0142e\u015b mi da\u0107 wi\u0119cej nad siebie samego? Jeste\u015b ogniem, kt\u00f3ry zawsze p\u0142onie i nie ga\u015bnie nigdy. Jeste\u015b ogniem, kt\u00f3ry swoim \u017carem <b>spala wszelk\u0105 mi\u0142o\u015b\u0107 w\u0142asn\u0105 duszy. <\/b>Jeste\u015b ogniem, kt\u00f3ry usuwa wszelk\u0105 ozi\u0119b\u0142o\u015b\u0107 i kt\u00f3ry o\u015bwieca wszelki umys\u0142 swoim \u015bwiat\u0142em. W tym \u015bwietle da\u0142e\u015b mi pozna\u0107 Twoj\u0105 prawd\u0119.<\/span><\/span><\/span><\/p>\n<p align=\"justify\"><span style=\"color: #000000;\"><span style=\"font-family: Book Antiqua, serif;\"><span style=\"font-size: large;\">W odblasku tego \u015bwiat\u0142a poznaj\u0119 Ciebie, <b>Dobro Najwy\u017csze, Dobro ponad dobrami, <\/b>Dobro b\u0142ogos\u0142awione i niepoj\u0119te, Dobro bezcenne, Pi\u0119kno\u015bci nad pi\u0119kno\u015bciami, M\u0105dro\u015bci nad m\u0105dro\u015bciami, M\u0105dro\u015bci sama! Ty, Chlebie anio\u0142\u00f3w, z \u017carem mi\u0142o\u015bci odda\u0142e\u015b si\u0119 ludziom.<\/span><\/span><\/span><\/p>\n<p align=\"justify\"><span style=\"color: #000000;\"><span style=\"font-family: Book Antiqua, serif;\"><span style=\"font-size: large;\">Jeste\u015b szat\u0105, kt\u00f3ra okrywa moj\u0105 nago\u015b\u0107, jeste\u015b pokarmem, kt\u00f3ry swoj\u0105 s\u0142odycz\u0105 \u017cywi zg\u0142odnia\u0142ych. Jeste\u015b s\u0142odycz\u0105 bez \u015bladu goryczy. <b>O Tr\u00f3jco wieczna!\u201d<\/b> Tyle z g\u0142\u0119bokich rozwa\u017ca\u0144 naszej dzisiejszej Patronki.<\/span><\/span><\/span><\/p>\n<p align=\"justify\"><span style=\"color: #000000;\"><span style=\"font-family: Book Antiqua, serif;\"><span style=\"font-size: large;\">My za\u015b, s\u0142uchaj\u0105c Bo\u017cego s\u0142owa, przeznaczonego w liturgii Ko\u015bcio\u0142a dok\u0142adnie na dzisiejsze \u015bwi\u0105teczne wspomnienie, odnosimy do niego \u015bwietlany przyk\u0142ad postawy dzisiejszej Patronki, b\u0119d\u0105cej najbardziej autentycznym <b>komentarzem i potwierdzeniem<\/b> prawdziwo\u015bci tego\u017c S\u0142owa. <\/span><\/span><\/span><\/p>\n<p align=\"justify\"><span style=\"color: #000000;\"><span style=\"font-family: Book Antiqua, serif;\"><span style=\"font-size: large;\">Dlatego, kiedy Jan Aposto\u0142 pisze: <i><b>Nowina, kt\u00f3r\u0105 us\u0142yszeli\u015bmy od Jezusa Chrystusa i kt\u00f3r\u0105 wam g\u0142osimy, jest taka: B\u00f3g jest \u015bwiat\u0142o\u015bci\u0105, a nie ma w Nim \u017cadnej ciemno\u015bci. Je\u017celi m\u00f3wimy, \u017ce mamy z Nim wsp\u00f3\u0142uczestnictwo, a chodzimy w ciemno\u015bci, k\u0142amiemy i nie post\u0119pujemy zgodnie z prawd\u0105. Je\u017celi za\u015b chodzimy w \u015bwiat\u0142o\u015bci, tak jak On sam trwa w \u015bwiat\u0142o\u015bci, wtedy mamy jedni z drugimi wsp\u00f3\u0142uczestnictwo, a krew Jezusa, Syna Jego, oczyszcza nas z wszelkiego grzechu<\/b><\/i><b> \u2013 <\/b>to jak by\u015bmy s\u0142yszeli Katarzyn\u0119, t\u0119 <b>jednoznaczn\u0105 i odwa\u017cn\u0105<\/b> Pos\u0142anniczk\u0119 Jezusa i Jego Matki, nawo\u0142uj\u0105c\u0105 nawet najwa\u017cniejszych ludzi wsp\u00f3\u0142czesnego sobie \u015bwiata i Ko\u015bcio\u0142a <b>do nawr\u00f3cenia i pokoju.<\/b> <\/span><\/span><\/span><\/p>\n<p align=\"justify\"><span style=\"color: #000000;\"><span style=\"font-family: Book Antiqua, serif;\"><span style=\"font-size: large;\">Ta, kt\u00f3ra w swoim w\u0142asnym sercu \u201eurz\u0105dzi\u0142a\u201d sobie zakonn\u0105 cel\u0119 i miejsce intymnych spotka\u0144 ze swoim Panem i Zbawicielem, <b>z Jego przes\u0142aniem wysz\u0142a na \u015bwiat<\/b> i potrz\u0105sn\u0119\u0142a \u015bwiatem. To znaczy, \u017ce jej przemy\u015blenia, jej duchowy kontakt z Jezusem \u2013 to nie by\u0142o jakie\u015b urojenie, przywidzenie, wmawianie sobie czego\u015b, czy fa\u0142szywa egzaltacja. <\/span><\/span><\/span><\/p>\n<p align=\"justify\"><span style=\"color: #000000;\"><span style=\"font-family: Book Antiqua, serif;\"><span style=\"font-size: large;\">W jej \u017cyciu <b>B\u00f3g naprawd\u0119 ja\u015bnia\u0142 ca\u0142\u0105 swoj\u0105 \u015bwiat\u0142o\u015bci\u0105,<\/b> a ona t\u0119 \u015bwiat\u0142o\u015b\u0107 nios\u0142a innym. I to w\u0142a\u015bnie za ni\u0105, za \u015awi\u0119t\u0105 Katarzyn\u0119 \u2013 mi\u0119dzy innymi \u2013 Jezus dzisiaj dzi\u0119kowa\u0142 Ojcu, gdy m\u00f3wi\u0142: <i><b>Wys\u0142awiam Ci\u0119, Ojcze, Panie nieba i ziemi, \u017ce zakry\u0142e\u015b te rzeczy przed m\u0105drymi i roztropnymi, a objawi\u0142e\u015b je prostaczkom. Tak, Ojcze, gdy\u017c takie by\u0142o Twoje upodobanie.<\/b><\/i><b> <\/b><\/span><\/span><\/span><\/p>\n<p align=\"justify\"><span style=\"color: #000000;\"><span style=\"font-family: Book Antiqua, serif;\"><span style=\"font-size: large;\">Ta prosta, a przecie\u017c tak bardzo odwa\u017cna i przebojowa kobieta \u2013 <b>sama jedna dokona\u0142a tak wiele<\/b> w Ko\u015bciele Chrystusowym. Ju\u017c nieraz \u2013 tak\u017ce na tym blogu \u2013 zastanawiali\u015bmy si\u0119 nad <b>fenomenem <\/b><b>takich<\/b><b> os\u00f3b,<\/b> kt\u00f3re w\u0142a\u015bnie <b>w pojedynk\u0119<\/b> by\u0142y w stanie poruszy\u0107 ca\u0142ym \u015bwiatem. <\/span><\/span><\/span><\/p>\n<p align=\"justify\"><span style=\"color: #000000;\"><span style=\"font-family: Book Antiqua, serif;\"><span style=\"font-size: large;\">Oczywi\u015bcie, natychmiast musimy doda\u0107, \u017ce nie by\u0142o to \u2013 w sensie \u015bcis\u0142ym \u2013 dzia\u0142anie w pojedynk\u0119. By\u0142o to <b>wsp\u00f3\u0142dzia\u0142anie z Jezusem.<\/b> A wtedy \u2013 to ju\u017c zupe\u0142nie inna sprawa, bo wtedy taki cz\u0142owiek <b>ma po swojej stronie\u2026 Wszechmoc!<\/b> Owszem, od strony ludzkiej i ziemskiej patrz\u0105c, cz\u0142owiek taki jest sam. Niekiedy \u2013 naprawd\u0119 \u2013<b> bardzo sam. Samotny. <\/b>Odrzucony. Lekcewa\u017cony. Wy\u015bmiany. Niezrozumiany. Bo jego post\u0119powanie zupe\u0142nie <b>odstaje od norm \u015bwiata<\/b> \u2013 absolutnie niepoprawne politycznie i obyczajowo\u2026 <\/span><\/span><\/span><\/p>\n<p align=\"justify\"><span style=\"color: #000000;\"><span style=\"font-family: Book Antiqua, serif;\"><span style=\"font-size: large;\">Ale to w\u0142a\u015bnie tacy ludzie <b>nios\u0105 \u015bwiatu \u015bwiat\u0142o <\/b>\u2013 prawdziwe \u015bwiat\u0142o, a nie blichtr, czy b\u0142yskotki. Tylko tacy ludzie! Tacy, kt\u00f3rzy <b>bardzo dos\u0142ownie <\/b>traktuj\u0105 swoj\u0105 osobist\u0105 wi\u0119\u017a z Jezusem i dbaj\u0105 o jej sta\u0142e zacie\u015bnianie, a jednocze\u015bnie \u2013 s\u0105 najg\u0142\u0119biej przekonani, \u017ce <b>Jezus ma co\u015b do powiedzenia<\/b> wsp\u00f3\u0142czesnemu \u015bwiatu i ma co\u015b do powiedzenia we wsp\u00f3\u0142czesnym \u015bwiecie, dlatego nasza wiara w Niego winna mie\u0107 bardzo <b>realny <\/b><b>i konkretny <\/b><b>wp\u0142yw<\/b> na nasze \u017cycie. <\/span><\/span><\/span><\/p>\n<p align=\"justify\"><span style=\"color: #000000;\"><span style=\"font-family: Book Antiqua, serif;\"><span style=\"font-size: large;\">Jaki wp\u0142yw mia\u0142a wiara i blisko\u015b\u0107 Jezusa na \u017cycie Katarzyny, to w\u0142a\u015bnie sobie u\u015bwiadamiamy. A przy okazji, dostrzegamy, \u017ce by\u0142 to tak\u017ce <b>bardzo realny i widzialny wp\u0142yw<\/b> na \u017cycie Ko\u015bcio\u0142a, Europy i \u015bwiata!<\/span><\/span><\/span><\/p>\n<p align=\"justify\"><span style=\"color: #000000;\"><span style=\"font-family: Book Antiqua, serif;\"><span style=\"font-size: large;\">Doce\u0144my zatem, moi Drodzy, <b>ka\u017cd\u0105 nasz\u0105 my\u015bl i ka\u017cde dzia\u0142anie,<\/b> kt\u00f3re nas naprawd\u0119 zbli\u017ca do Boga. Doce\u0144my wag\u0119 codziennej modlitwy, Sakrament\u00f3w, lektury Pisma \u015awi\u0119tego\u2026 <b>To wszystko ma sens i jest naprawd\u0119 potrzebne!<\/b><\/span><\/span><\/span><\/p>\n<p align=\"justify\"><span style=\"color: #000000;\"><span style=\"font-family: Book Antiqua, serif;\"><span style=\"font-size: large;\">Bo kiedy cz\u0142owiek nie mo\u017ce tego czy tamtego zrobi\u0107, nie mo\u017ce tu lub tam dotrze\u0107, nie mo\u017ce wp\u0142yn\u0105\u0107 osobi\u015bcie na bieg r\u00f3\u017cnych spraw \u2013 to jednak <b>zawsze mo\u017ce si\u0119 modli\u0107! <\/b>I pog\u0142\u0119bia\u0107 wi\u0119\u017a z Panem. A wtedy \u2013 <b>ma po swojej stronie\u2026 Wszechmoc!<\/b> Dlatego kiedy tak po ludzku jest s\u0142aby czy bezbronny, niekiedy bezradny \u2013 to w realnym kontakcie z Jezusem <b>staje si\u0119 bardzo mocny!<\/b><\/span><\/span><\/span><\/p>\n<p align=\"justify\"><span style=\"color: #000000;\"><span style=\"font-family: Book Antiqua, serif;\"><span style=\"font-size: large;\">I mo\u017ce <b>ogromnie wiele dokona\u0107 <\/b>\u2013 nie tylko dla samego siebie, ale te\u017c dla tych, w\u015br\u00f3d kt\u00f3rych \u017cyje! Tak\u017ce w skali du\u017co wi\u0119kszej, ni\u017c w\u0142asne podw\u00f3rko\u2026<\/span><\/span><\/span><\/p>\n<p align=\"justify\"><span style=\"color: #000000;\"><span style=\"font-family: Book Antiqua, serif;\"><span style=\"font-size: large;\">A cho\u0107by to by\u0142a i ca\u0142a Europa! C\u00f3\u017c, <b>Katarzyna potrafi\u0142a\u2026<\/b><\/span><\/span><\/span><\/p>\n","protected":false},"excerpt":{"rendered":"<p>Szcz\u0119\u015b\u0107 Bo\u017ce! Moi Drodzy, w dniu dzisiejszym imieniny prze\u017cywa Katarzyna Szewczak, moja dobra Znajoma z Warszawy. Urodziny natomiast prze\u017cywa Siostra Paula Bronisz, pochodz\u0105ca z mojej pierwszej Parafii, gdzie zna\u0142em J\u0105 jako Agnieszk\u0119, gdy anga\u017cowa\u0142a si\u0119 w dzia\u0142alno\u015b\u0107 Wsp\u00f3lnoty m\u0142odzie\u017cowej. Urodziny prze\u017cywa dzi\u015b tak\u017ce Kamil Krupa, za moich czas\u00f3w \u2013 Lektor w Celestynowie. \u017bycz\u0119 Wszystkim dzisiaj [&hellip;]<\/p>\n","protected":false},"author":1,"featured_media":0,"comment_status":"open","ping_status":"open","sticky":false,"template":"","format":"standard","meta":{"jetpack_post_was_ever_published":false,"_jetpack_newsletter_access":"","_jetpack_dont_email_post_to_subs":false,"_jetpack_newsletter_tier_id":0,"_jetpack_memberships_contains_paywalled_content":false,"_jetpack_memberships_contains_paid_content":false,"footnotes":""},"categories":[1],"tags":[],"class_list":["post-16881","post","type-post","status-publish","format-standard","hentry","category-bez-kategorii"],"yoast_head":"<!-- This site is optimized with the Yoast SEO plugin v25.1 - https:\/\/yoast.com\/wordpress\/plugins\/seo\/ -->\n<title>Je\u017celi za\u015b chodzimy w \u015bwiat\u0142o\u015bci... - Gaudium Et Spes<\/title>\n<meta name=\"robots\" content=\"index, follow, max-snippet:-1, max-image-preview:large, max-video-preview:-1\" \/>\n<link rel=\"canonical\" href=\"https:\/\/gaudiumetspes-blog.pl\/index.php\/2020\/04\/29\/jezeli-zas-chodzimy-w-swiatlosci\/\" \/>\n<meta property=\"og:locale\" content=\"pl_PL\" \/>\n<meta property=\"og:type\" content=\"article\" \/>\n<meta property=\"og:title\" content=\"Je\u017celi za\u015b chodzimy w \u015bwiat\u0142o\u015bci... - Gaudium Et Spes\" \/>\n<meta property=\"og:description\" content=\"Szcz\u0119\u015b\u0107 Bo\u017ce! Moi Drodzy, w dniu dzisiejszym imieniny prze\u017cywa Katarzyna Szewczak, moja dobra Znajoma z Warszawy. Urodziny natomiast prze\u017cywa Siostra Paula Bronisz, pochodz\u0105ca z mojej pierwszej Parafii, gdzie zna\u0142em J\u0105 jako Agnieszk\u0119, gdy anga\u017cowa\u0142a si\u0119 w dzia\u0142alno\u015b\u0107 Wsp\u00f3lnoty m\u0142odzie\u017cowej. Urodziny prze\u017cywa dzi\u015b tak\u017ce Kamil Krupa, za moich czas\u00f3w \u2013 Lektor w Celestynowie. \u017bycz\u0119 Wszystkim dzisiaj [&hellip;]\" \/>\n<meta property=\"og:url\" content=\"https:\/\/gaudiumetspes-blog.pl\/index.php\/2020\/04\/29\/jezeli-zas-chodzimy-w-swiatlosci\/\" \/>\n<meta property=\"og:site_name\" content=\"Gaudium Et Spes\" \/>\n<meta property=\"article:published_time\" content=\"2020-04-29T03:34:26+00:00\" \/>\n<meta name=\"author\" content=\"Ks. Jacek\" \/>\n<meta name=\"twitter:card\" content=\"summary_large_image\" \/>\n<meta name=\"twitter:label1\" content=\"Napisane przez\" \/>\n\t<meta name=\"twitter:data1\" content=\"Ks. Jacek\" \/>\n\t<meta name=\"twitter:label2\" content=\"Szacowany czas czytania\" \/>\n\t<meta name=\"twitter:data2\" content=\"13 minut\" \/>\n<script type=\"application\/ld+json\" class=\"yoast-schema-graph\">{\"@context\":\"https:\/\/schema.org\",\"@graph\":[{\"@type\":\"WebPage\",\"@id\":\"https:\/\/gaudiumetspes-blog.pl\/index.php\/2020\/04\/29\/jezeli-zas-chodzimy-w-swiatlosci\/\",\"url\":\"https:\/\/gaudiumetspes-blog.pl\/index.php\/2020\/04\/29\/jezeli-zas-chodzimy-w-swiatlosci\/\",\"name\":\"Je\u017celi za\u015b chodzimy w \u015bwiat\u0142o\u015bci... - Gaudium Et Spes\",\"isPartOf\":{\"@id\":\"https:\/\/gaudiumetspes-blog.pl\/#website\"},\"datePublished\":\"2020-04-29T03:34:26+00:00\",\"author\":{\"@id\":\"https:\/\/gaudiumetspes-blog.pl\/#\/schema\/person\/1661982992b752dea8dff0d4ed845a65\"},\"breadcrumb\":{\"@id\":\"https:\/\/gaudiumetspes-blog.pl\/index.php\/2020\/04\/29\/jezeli-zas-chodzimy-w-swiatlosci\/#breadcrumb\"},\"inLanguage\":\"pl-PL\",\"potentialAction\":[{\"@type\":\"ReadAction\",\"target\":[\"https:\/\/gaudiumetspes-blog.pl\/index.php\/2020\/04\/29\/jezeli-zas-chodzimy-w-swiatlosci\/\"]}]},{\"@type\":\"BreadcrumbList\",\"@id\":\"https:\/\/gaudiumetspes-blog.pl\/index.php\/2020\/04\/29\/jezeli-zas-chodzimy-w-swiatlosci\/#breadcrumb\",\"itemListElement\":[{\"@type\":\"ListItem\",\"position\":1,\"name\":\"Strona g\u0142\u00f3wna\",\"item\":\"https:\/\/gaudiumetspes-blog.pl\/\"},{\"@type\":\"ListItem\",\"position\":2,\"name\":\"Je\u017celi za\u015b chodzimy w&nbsp;\u015bwiat\u0142o\u015bci&#8230;\"}]},{\"@type\":\"WebSite\",\"@id\":\"https:\/\/gaudiumetspes-blog.pl\/#website\",\"url\":\"https:\/\/gaudiumetspes-blog.pl\/\",\"name\":\"Gaudium Et Spes\",\"description\":\"Blog Ks. Jacka Ja\u015bkowskiego\",\"potentialAction\":[{\"@type\":\"SearchAction\",\"target\":{\"@type\":\"EntryPoint\",\"urlTemplate\":\"https:\/\/gaudiumetspes-blog.pl\/?s={search_term_string}\"},\"query-input\":{\"@type\":\"PropertyValueSpecification\",\"valueRequired\":true,\"valueName\":\"search_term_string\"}}],\"inLanguage\":\"pl-PL\"},{\"@type\":\"Person\",\"@id\":\"https:\/\/gaudiumetspes-blog.pl\/#\/schema\/person\/1661982992b752dea8dff0d4ed845a65\",\"name\":\"Ks. Jacek\",\"image\":{\"@type\":\"ImageObject\",\"inLanguage\":\"pl-PL\",\"@id\":\"https:\/\/gaudiumetspes-blog.pl\/#\/schema\/person\/image\/\",\"url\":\"https:\/\/gaudiumetspes-blog.pl\/wp-content\/uploads\/2019\/07\/avatar-JJ-150x150.jpg\",\"contentUrl\":\"https:\/\/gaudiumetspes-blog.pl\/wp-content\/uploads\/2019\/07\/avatar-JJ-150x150.jpg\",\"caption\":\"Ks. Jacek\"},\"description\":\"Witam serdecznie! K\u0142ania si\u0119 Ks. Jacek Ja\u015bkowski. Nie jestem ani kim\u015b wa\u017cnym, ani kim\u015b znanym. Jestem ksi\u0119dzem, kt\u00f3ry po prostu chce rozmawia\u0107. Codzienna kap\u0142a\u0144ska pos\u0142uga pokazuje mi, \u017ce temat\u00f3w do rozm\u00f3w z ksi\u0119dzem jest coraz wi\u0119cej i dzisiaj \u017caden ksi\u0105dz nie mo\u017ce od nich ucieka\u0107, ale - wprost przeciwnie - podejmowa\u0107 nowe wyzwania. To przekonanie sk\u0142oni\u0142o mnie do pr\u00f3by otwarcia tego\u017c bloga, chocia\u017c okazji do rozm\u00f3w na co dzie\u0144 - w konfesjonale i poza nim - na szcz\u0119\u015bcie nie brakuje. My\u015bl\u0119 jednak, \u017ce ten blog b\u0119dzie jeszcze jednym sposobem i przestrzeni\u0105 nawi\u0105zania kontaktu z lud\u017ami dobrej woli, otwartymi na dialog.\",\"url\":\"https:\/\/gaudiumetspes-blog.pl\/index.php\/author\/ks-jacek\/\"}]}<\/script>\n<!-- \/ Yoast SEO plugin. -->","yoast_head_json":{"title":"Je\u017celi za\u015b chodzimy w \u015bwiat\u0142o\u015bci... - Gaudium Et Spes","robots":{"index":"index","follow":"follow","max-snippet":"max-snippet:-1","max-image-preview":"max-image-preview:large","max-video-preview":"max-video-preview:-1"},"canonical":"https:\/\/gaudiumetspes-blog.pl\/index.php\/2020\/04\/29\/jezeli-zas-chodzimy-w-swiatlosci\/","og_locale":"pl_PL","og_type":"article","og_title":"Je\u017celi za\u015b chodzimy w \u015bwiat\u0142o\u015bci... - Gaudium Et Spes","og_description":"Szcz\u0119\u015b\u0107 Bo\u017ce! Moi Drodzy, w dniu dzisiejszym imieniny prze\u017cywa Katarzyna Szewczak, moja dobra Znajoma z Warszawy. Urodziny natomiast prze\u017cywa Siostra Paula Bronisz, pochodz\u0105ca z mojej pierwszej Parafii, gdzie zna\u0142em J\u0105 jako Agnieszk\u0119, gdy anga\u017cowa\u0142a si\u0119 w dzia\u0142alno\u015b\u0107 Wsp\u00f3lnoty m\u0142odzie\u017cowej. Urodziny prze\u017cywa dzi\u015b tak\u017ce Kamil Krupa, za moich czas\u00f3w \u2013 Lektor w Celestynowie. \u017bycz\u0119 Wszystkim dzisiaj [&hellip;]","og_url":"https:\/\/gaudiumetspes-blog.pl\/index.php\/2020\/04\/29\/jezeli-zas-chodzimy-w-swiatlosci\/","og_site_name":"Gaudium Et Spes","article_published_time":"2020-04-29T03:34:26+00:00","author":"Ks. Jacek","twitter_card":"summary_large_image","twitter_misc":{"Napisane przez":"Ks. Jacek","Szacowany czas czytania":"13 minut"},"schema":{"@context":"https:\/\/schema.org","@graph":[{"@type":"WebPage","@id":"https:\/\/gaudiumetspes-blog.pl\/index.php\/2020\/04\/29\/jezeli-zas-chodzimy-w-swiatlosci\/","url":"https:\/\/gaudiumetspes-blog.pl\/index.php\/2020\/04\/29\/jezeli-zas-chodzimy-w-swiatlosci\/","name":"Je\u017celi za\u015b chodzimy w \u015bwiat\u0142o\u015bci... - Gaudium Et Spes","isPartOf":{"@id":"https:\/\/gaudiumetspes-blog.pl\/#website"},"datePublished":"2020-04-29T03:34:26+00:00","author":{"@id":"https:\/\/gaudiumetspes-blog.pl\/#\/schema\/person\/1661982992b752dea8dff0d4ed845a65"},"breadcrumb":{"@id":"https:\/\/gaudiumetspes-blog.pl\/index.php\/2020\/04\/29\/jezeli-zas-chodzimy-w-swiatlosci\/#breadcrumb"},"inLanguage":"pl-PL","potentialAction":[{"@type":"ReadAction","target":["https:\/\/gaudiumetspes-blog.pl\/index.php\/2020\/04\/29\/jezeli-zas-chodzimy-w-swiatlosci\/"]}]},{"@type":"BreadcrumbList","@id":"https:\/\/gaudiumetspes-blog.pl\/index.php\/2020\/04\/29\/jezeli-zas-chodzimy-w-swiatlosci\/#breadcrumb","itemListElement":[{"@type":"ListItem","position":1,"name":"Strona g\u0142\u00f3wna","item":"https:\/\/gaudiumetspes-blog.pl\/"},{"@type":"ListItem","position":2,"name":"Je\u017celi za\u015b chodzimy w&nbsp;\u015bwiat\u0142o\u015bci&#8230;"}]},{"@type":"WebSite","@id":"https:\/\/gaudiumetspes-blog.pl\/#website","url":"https:\/\/gaudiumetspes-blog.pl\/","name":"Gaudium Et Spes","description":"Blog Ks. Jacka Ja\u015bkowskiego","potentialAction":[{"@type":"SearchAction","target":{"@type":"EntryPoint","urlTemplate":"https:\/\/gaudiumetspes-blog.pl\/?s={search_term_string}"},"query-input":{"@type":"PropertyValueSpecification","valueRequired":true,"valueName":"search_term_string"}}],"inLanguage":"pl-PL"},{"@type":"Person","@id":"https:\/\/gaudiumetspes-blog.pl\/#\/schema\/person\/1661982992b752dea8dff0d4ed845a65","name":"Ks. Jacek","image":{"@type":"ImageObject","inLanguage":"pl-PL","@id":"https:\/\/gaudiumetspes-blog.pl\/#\/schema\/person\/image\/","url":"https:\/\/gaudiumetspes-blog.pl\/wp-content\/uploads\/2019\/07\/avatar-JJ-150x150.jpg","contentUrl":"https:\/\/gaudiumetspes-blog.pl\/wp-content\/uploads\/2019\/07\/avatar-JJ-150x150.jpg","caption":"Ks. Jacek"},"description":"Witam serdecznie! K\u0142ania si\u0119 Ks. Jacek Ja\u015bkowski. Nie jestem ani kim\u015b wa\u017cnym, ani kim\u015b znanym. Jestem ksi\u0119dzem, kt\u00f3ry po prostu chce rozmawia\u0107. Codzienna kap\u0142a\u0144ska pos\u0142uga pokazuje mi, \u017ce temat\u00f3w do rozm\u00f3w z ksi\u0119dzem jest coraz wi\u0119cej i dzisiaj \u017caden ksi\u0105dz nie mo\u017ce od nich ucieka\u0107, ale - wprost przeciwnie - podejmowa\u0107 nowe wyzwania. To przekonanie sk\u0142oni\u0142o mnie do pr\u00f3by otwarcia tego\u017c bloga, chocia\u017c okazji do rozm\u00f3w na co dzie\u0144 - w konfesjonale i poza nim - na szcz\u0119\u015bcie nie brakuje. My\u015bl\u0119 jednak, \u017ce ten blog b\u0119dzie jeszcze jednym sposobem i przestrzeni\u0105 nawi\u0105zania kontaktu z lud\u017ami dobrej woli, otwartymi na dialog.","url":"https:\/\/gaudiumetspes-blog.pl\/index.php\/author\/ks-jacek\/"}]}},"jetpack_featured_media_url":"","jetpack_sharing_enabled":true,"_links":{"self":[{"href":"https:\/\/gaudiumetspes-blog.pl\/index.php\/wp-json\/wp\/v2\/posts\/16881","targetHints":{"allow":["GET"]}}],"collection":[{"href":"https:\/\/gaudiumetspes-blog.pl\/index.php\/wp-json\/wp\/v2\/posts"}],"about":[{"href":"https:\/\/gaudiumetspes-blog.pl\/index.php\/wp-json\/wp\/v2\/types\/post"}],"author":[{"embeddable":true,"href":"https:\/\/gaudiumetspes-blog.pl\/index.php\/wp-json\/wp\/v2\/users\/1"}],"replies":[{"embeddable":true,"href":"https:\/\/gaudiumetspes-blog.pl\/index.php\/wp-json\/wp\/v2\/comments?post=16881"}],"version-history":[{"count":1,"href":"https:\/\/gaudiumetspes-blog.pl\/index.php\/wp-json\/wp\/v2\/posts\/16881\/revisions"}],"predecessor-version":[{"id":16882,"href":"https:\/\/gaudiumetspes-blog.pl\/index.php\/wp-json\/wp\/v2\/posts\/16881\/revisions\/16882"}],"wp:attachment":[{"href":"https:\/\/gaudiumetspes-blog.pl\/index.php\/wp-json\/wp\/v2\/media?parent=16881"}],"wp:term":[{"taxonomy":"category","embeddable":true,"href":"https:\/\/gaudiumetspes-blog.pl\/index.php\/wp-json\/wp\/v2\/categories?post=16881"},{"taxonomy":"post_tag","embeddable":true,"href":"https:\/\/gaudiumetspes-blog.pl\/index.php\/wp-json\/wp\/v2\/tags?post=16881"}],"curies":[{"name":"wp","href":"https:\/\/api.w.org\/{rel}","templated":true}]}}