{"id":16957,"date":"2020-05-08T09:05:32","date_gmt":"2020-05-08T07:05:32","guid":{"rendered":"https:\/\/gaudiumetspes-blog.pl\/?p=16957"},"modified":"2020-05-08T09:15:07","modified_gmt":"2020-05-08T07:15:07","slug":"dlaczego-tak-duzo-ludzi-nie-zna-jezusa","status":"publish","type":"post","link":"https:\/\/gaudiumetspes-blog.pl\/index.php\/2020\/05\/08\/dlaczego-tak-duzo-ludzi-nie-zna-jezusa\/","title":{"rendered":"Dlaczego tak du\u017co ludzi nie zna Jezusa?"},"content":{"rendered":"<p><img loading=\"lazy\" decoding=\"async\" class=\" wp-image-16960 alignright\" src=\"https:\/\/gaudiumetspes-blog.pl\/wp-content\/uploads\/2020\/05\/DSC_0150-300x199.jpeg\" alt=\"\" width=\"456\" height=\"303\" srcset=\"https:\/\/gaudiumetspes-blog.pl\/wp-content\/uploads\/2020\/05\/DSC_0150-300x199.jpeg 300w, https:\/\/gaudiumetspes-blog.pl\/wp-content\/uploads\/2020\/05\/DSC_0150-768x510.jpeg 768w, https:\/\/gaudiumetspes-blog.pl\/wp-content\/uploads\/2020\/05\/DSC_0150-1024x680.jpeg 1024w, https:\/\/gaudiumetspes-blog.pl\/wp-content\/uploads\/2020\/05\/DSC_0150-1920x1275.jpeg 1920w, https:\/\/gaudiumetspes-blog.pl\/wp-content\/uploads\/2020\/05\/DSC_0150-720x478.jpeg 720w, https:\/\/gaudiumetspes-blog.pl\/wp-content\/uploads\/2020\/05\/DSC_0150-580x385.jpeg 580w, https:\/\/gaudiumetspes-blog.pl\/wp-content\/uploads\/2020\/05\/DSC_0150-320x213.jpeg 320w\" sizes=\"auto, (max-width: 456px) 100vw, 456px\" \/>Chrystus Zmartwychwsta\u0142!<\/p>\n<p>Pozdrawiamy z Syberii. Dzi\u015b rozwa\u017canie do S\u0142owa Bo\u017cego pisz\u0105 nasze Siostry, a dok\u0142adnie s. Joanna. Jak zawsze rozwa\u017canie i \u015bwiadectwo.<span class=\"Apple-converted-space\">\u00a0<\/span><\/p>\n<p>Dzi\u015b zn\u00f3w sytuacja nietypowa, \u017ce inne czytania s\u0105 w Polsce, a inne u nas tutaj, poniewa\u017c w Polsce jest uroczysto\u015b\u0107 \u015bw. Stanis\u0142awa BM, a u nas nie. Jednak s. Joanna pisze rozwa\u017canie do czyta\u0144, jakie s\u0105 w Polsce.<span class=\"Apple-converted-space\">\u00a0<\/span><\/p>\n<p><em><strong>(Dz 20,17-18a.28-32.36)<span class=\"Apple-converted-space\">\u00a0<\/span><\/strong><\/em><\/p>\n<p><em><strong>Pawe\u0142, pos\u0142awszy z Miletu do Efezu, wezwa\u0142 starszych Ko\u015bcio\u0142a. A gdy do niego przybyli, przem\u00f3wi\u0142 do nich: Uwa\u017cajcie na samych siebie i na ca\u0142e stado, nad kt\u00f3rym Duch \u015awi\u0119ty ustanowi\u0142 was biskupami, aby\u015bcie kierowali Ko\u015bcio\u0142em Boga, kt\u00f3ry On naby\u0142 w\u0142asn\u0105 krwi\u0105. Wiem, \u017ce po moim odej\u015bciu wejd\u0105 mi\u0119dzy was wilki drapie\u017cne, nie oszcz\u0119dzaj\u0105c stada. Tak\u017ce spo\u015br\u00f3d was samych powstan\u0105 ludzie, kt\u00f3rzy g\u0142osi\u0107 b\u0119d\u0105 przewrotne nauki, aby poci\u0105gn\u0105\u0107 za sob\u0105 uczni\u00f3w. Dlatego czuwajcie, pami\u0119taj\u0105c, \u017ce przez trzy lata we dnie i w nocy nie przestawa\u0142em ze \u0142zami upomina\u0107 ka\u017cdego z was. A teraz polecam was Bogu i s\u0142owu Jego \u0142aski w\u0142adnemu zbudowa\u0107 i da\u0107 dziedzictwo ze wszystkimi \u015bwi\u0119tymi. Po tych s\u0142owach upad\u0142 na kolana i modli\u0142 si\u0119 razem ze wszystkimi.<\/strong><\/em><\/p>\n<p><em><strong>(Rz 8,31b-39)<span class=\"Apple-converted-space\">\u00a0<\/span><\/strong><\/em><\/p>\n<p><em><strong>Je\u017celi B\u00f3g z nami, kt\u00f3\u017c przeciwko nam? On, kt\u00f3ry nawet w\u0142asnego Syna nie oszcz\u0119dzi\u0142, ale Go za nas wszystkich wyda\u0142, jak\u017ce mia\u0142by wraz z Nim i wszystkiego nam nie darowa\u0107? Kt\u00f3\u017c mo\u017ce wyst\u0105pi\u0107 z oskar\u017ceniem przeciw tym, kt\u00f3rych B\u00f3g wybra\u0142? Czy\u017c B\u00f3g, kt\u00f3ry usprawiedliwia? Kt\u00f3\u017c mo\u017ce wyda\u0107 wyrok pot\u0119pienia? Czy Chrystus Jezus, kt\u00f3ry poni\u00f3s\u0142 [za nas] \u015bmier\u0107, co wi\u0119cej &#8211; zmartwychwsta\u0142, siedzi po prawicy Boga i przyczynia si\u0119 za nami? Kt\u00f3\u017c nas mo\u017ce od\u0142\u0105czy\u0107 od mi\u0142o\u015bci Chrystusowej? Utrapienie, ucisk czy prze\u015bladowanie, g\u0142\u00f3d czy nago\u015b\u0107, niebezpiecze\u0144stwo czy miecz? Jak to jest napisane: Z powodu Ciebie zabijaj\u0105 nas przez ca\u0142y dzie\u0144, uwa\u017caj\u0105 nas za owce przeznaczone na rze\u017a. Ale we wszystkim tym odnosimy pe\u0142ne zwyci\u0119stwo dzi\u0119ki Temu, kt\u00f3ry nas umi\u0142owa\u0142. I jestem pewien, \u017ce ani \u015bmier\u0107, ani \u017cycie, ani anio\u0142owie, ani Zwierzchno\u015bci, ani rzeczy tera\u017aniejsze, ani przysz\u0142e, ani moce, ani co wysokie, ani co g\u0142\u0119bokie, ani jakiekolwiek inne stworzenie nie zdo\u0142a nas od\u0142\u0105czy\u0107 od mi\u0142o\u015bci Boga, kt\u00f3ra jest w Chrystusie Jezusie, Panu naszym.<\/strong><\/em><\/p>\n<p><em><strong>(J 10,11-16)<span class=\"Apple-converted-space\">\u00a0<\/span><\/strong><\/em><\/p>\n<p><em><strong>Jezus powiedzia\u0142 do faryzeusz\u00f3w: Ja jestem dobrym pasterzem. Dobry pasterz daje \u017cycie swoje za owce. Najemnik za\u015b i ten, kto nie jest pasterzem, kt\u00f3rego owce nie s\u0105 w\u0142asno\u015bci\u0105, widz\u0105c nadchodz\u0105cego wilka, opuszcza owce i ucieka, a wilk je porywa i rozprasza; najemnik ucieka dlatego, \u017ce jest najemnikiem i nie zale\u017cy mu na owcach. Ja jestem dobrym pasterzem i znam owce moje, a moje Mnie znaj\u0105, podobnie jak Mnie zna Ojciec, a Ja znam Ojca. \u017bycie moje oddaj\u0119 za owce. Mam tak\u017ce inne owce, kt\u00f3re nie s\u0105 z tej owczarni. I te musz\u0119 przyprowadzi\u0107 i b\u0119d\u0105 s\u0142ucha\u0107 g\u0142osu mego, nastanie jedna owczarnia, jeden pasterz.<\/strong><\/em><\/p>\n<p>Bardzo lubi\u0119 t\u0119 Ewangeli\u0119 o Dobrym Pasterzu. Nie tylko dlatego, \u017ce lubi\u0119 owieczki, obserwowa\u0107 jak one si\u0119 pas\u0105 i jak s\u0142uchaj\u0105 pasterza. Zawsze kiedy by\u0142am w Zakopanem szuka\u0142am okazji by si\u0119 na nie napatrzy\u0107. Na pewno dla s\u0142uchaczy Jezusa taki obraz by\u0142 bardzo znany na co dzie\u0144 i mogli zrozumie\u0107 o czym im m\u00f3wi. Dla mnie osobi\u015bcie dzi\u015b w tym tek\u015bcie bardzo mocno wybrzmiewaj\u0105 s\u0142owa: <i>Ja jestem dobrym pasterzem i znam owce moje, a moje Mnie znaj\u0105, podobnie jak Mnie zna Ojciec, a Ja znam Ojca<\/i>.<\/p>\n<p>Jezus ukazuje na relacj\u0119 mi\u0119dzy swoimi owcami zaznaczaj\u0105c jej g\u0142\u0119boko\u015b\u0107 por\u00f3wnuje do Jego relacji z Ojcem. A wiemy jaka relacja jest Mi\u0119dzy Nimi \u2013 <i>\u201eJa jestem w Ojcu, a Ojciec we Mnie<\/i>\u201d(J 14, 6-14). Niedawno trafi\u0142am na wspomnienia siostry Marii od Tr\u00f3jcy \u015awi\u0119tej gdzie ona dzieli si\u0119 swoim duchowym do\u015bwiadczeniem jaka jest relacja mi\u0119dzy Tr\u00f3jc\u0105 \u015awi\u0119t\u0105: \u201eWiedzia\u0142am, \u017ce wszystko od Ojca do Syna i\u00a0od Syna do Ojca dokonuje si\u0119 we wszechmocnym u\u015bcisku mi\u0142o\u015bci \u2013 niewymownie kosztowa\u0142am tego, nie reflektowa\u0142am natomiast o\u00a0tej wszechmocy i\u00a0obj\u0119ciu, dopiero p\u00f3\u017aniej poj\u0119\u0142am, \u017ce to wszechmocne obj\u0119cie mi\u0142o\u015bci by\u0142o osobistym dzie\u0142em Ducha \u015awi\u0119tego\u201d. Jego moc \u2013 moc Ich wzajemnej mi\u0142o\u015bci ogarnia tak\u017ce ka\u017cdego cz\u0142owieka, ogarnia mnie. Jezus Dobry Pasterz zna ka\u017cdego po imieniu, to znaczy, patrzy na nas, jest z nami, ufa nam, kocha nas mi\u0142o\u015bci\u0105 bezwarunkow\u0105, odwieczn\u0105 i wiern\u0105. Jego mi\u0142o\u015b\u0107 nie by\u0142a tylko deklaracj\u0105 czy pobo\u017cnymi ch\u0119ciami lecz realnym dowodem, \u017ce nawet odda\u0142 Swoje \u017cycie za ka\u017cdego cz\u0142owieka.<span class=\"Apple-converted-space\">\u00a0<\/span><\/p>\n<p>Mo\u017cemy zada\u0107 sobie pytanie, czy Jezus te\u017c m\u00f3wi o mnie gdy m\u00f3wi <i>\u201ea moje mnie znaj\u0105\u201d? <\/i>Na czym polega moje poznanie Jezusa? Czy znam Go?<span class=\"Apple-converted-space\">\u00a0 <\/span>Jego g\u0142os, Jego nauk\u0119, czy \u017cyj\u0119 wed\u0142ug Jego pragnie\u0144? Czy jestem zjednoczony z Tr\u00f3jjedyn\u0105 Mi\u0142o\u015bci\u0105 poprzez Sakramenty \u015awi\u0119te? Chrze\u015bcijanin przemienia si\u0119 w\u00a0to, co poznaje.<\/p>\n<p>Patron dzisiejszego dnia, m\u0119czennik, \u015bw. Stanis\u0142aw, jest dla nas przyk\u0142adem owcy, kt\u00f3ra zna swego Pasterza, a jednocze\u015bnie sta\u0142 si\u0119 pasterzem dla owiec wed\u0142ug Serca Jezusowego. I \u017cadne utrapienie, ucisk, prze\u015bladowanie, g\u0142\u00f3d, nago\u015b\u0107, niebezpiecze\u0144stwo ani jakiekolwiek inne z\u0142o nie pokona\u0142o Go. Jak\u017ce bardzo zjednoczy\u0142 si\u0119 z Jezusem a\u017c do \u015bmierci, a nawet po \u015bmierci p\u0142ynie dobro dla Ko\u015bcio\u0142a i Narodu.<\/p>\n<p>W \u015brod\u0119 razem z s. Teres\u0105 by\u0142y\u015bmy na pogrzebie m\u0119\u017ca naszej parafianki, kt\u00f3ra rok temu przyj\u0119\u0142a wiar\u0119 Katolick\u0105 i przyst\u0105pi\u0142a do Sakrament\u00f3w \u015awi\u0119tych, sama i dziecko, od tej pory systematycznie w ci\u0105gu roku ucz\u0119szczali na katechez\u0119. Poniewa\u017c jej m\u0105\u017c by\u0142 prawos\u0142awnym, to modlitwa by\u0142a prowadzona przez prawos\u0142awnego ksi\u0119dza, na cmentarnej kaplicy. \u015a.p. Aleksander mia\u0142 tylko 35 lata, zmar\u0142 nagle na zawa\u0142, zosta\u0142a \u017cona i synek Mateusz, 5 lat. B\u0119d\u0105c na tym pogrzebie bardzo mocno do\u015bwiadczy\u0142am ilu\u017c to jest wok\u00f3\u0142 nas <i>zagubionych owieczek,<\/i> czy kt\u00f3rzy <i>nie s\u0105 jeszcze w tej owczarni. <\/i>Przy cmentarnej kaplicy sta\u0142o dziesi\u0119\u0107 trumien, a batiuszka (prawos\u0142awny ksi\u0105dz) odprawia\u0142 nabo\u017ce\u0144stwo w Cerkiewce, i w swoim kazaniu powiedzia\u0142: wszyscy oni (10 os\u00f3b) nie zd\u0105\u017cyli\u2026 tzn, \u017ce \u017caden z tych umar\u0142ych nie by\u0142 sakramentalnie przygotowany przed \u015bmierci\u0105. Byli to w wi\u0119kszo\u015bci starsi ludzie, ale nie zd\u0105\u017cyli\u2026 I zadaj\u0119 sobie pytanie, dlaczego? Nikt im nie powiedzia\u0142, zlekcewa\u017cyli, nie wiedzieli\u2026?<span class=\"Apple-converted-space\">\u00a0<\/span><\/p>\n<p>I jeszcze jeden obraz z tego wydarzenia &#8211; gdy by\u0142a modlitwa pogrzebowa w kt\u00f3rym\u015b momencie ja z Mateuszkiem (5 &#8211; letnim synkiem zmar\u0142ego Aleksandra) przesz\u0142am si\u0119 po cmentarzu, On zadawa\u0142 mi bardzo du\u017co pyta\u0144, by\u0142am pe\u0142na podziwu, jak du\u017co takie ma\u0142e dziecko rozumie i pojmuje. Wiedzia\u0142, \u017ce tata umar\u0142 tylko pyta\u0142 dlaczego Jezus tak wcze\u015bnie go zabra\u0142, jest przecie\u017c m\u0142ody, zapyta\u0142 te\u017c dlaczego na grobach s\u0105 krzy\u017ce, powiedzia\u0142am, \u017ce to znaczy, \u017ce cz\u0142owiek, kt\u00f3ry umar\u0142 wierzy\u0142 w Jezusa Chrystusa i wierzy, \u017ce Jezus go zabierze do siebie. Na to Mateusz m\u00f3wi: \u201ea m\u00f3j tata te\u017c nosi\u0142 krzy\u017cyk na szyi i on wierzy w Jezusa i ja wierz\u0119 bardzo\u201d. Nast\u0119pnie po chwili ciszy pyta, a czy ja wiem \u017ce jeszcze du\u017co ludzi nie wierzy w Jezusa, dlaczego tak jest? I tak dalej trwa\u0142a nasza rozmowa. Nadal w moich uszach brzmi pytanie: dlaczego jeszcze tak du\u017co ludzi nie wiedz\u0105 o Jezusie o Dobrym Pasterzu?<span class=\"Apple-converted-space\">\u00a0<\/span><\/p>\n<p>Prze\u017cywaj\u0105c Niedziel\u0119 Dobrego Pasterza i modlitw o powo\u0142ania i za powo\u0142anych, pro\u015bmy Dobrego Pasterz\u0105 o \u0142ask\u0119 nowych, \u015bwi\u0119tych powo\u0142a\u0144, ale tak\u017ce pro\u015bmy, by ka\u017cdy z nas by\u0142 w owczarni Jezusa i zna\u0142 Jego g\u0142os tak, jak On zna nasz i nas.<span class=\"Apple-converted-space\">\u00a0<\/span><\/p>\n<p style=\"text-align: right;\"><i>s. Joanna CSA, Surgut<\/i><\/p>\n<p>Ni\u017cej filmik dla dzieci i nie tylko, jaki nagra\u0142y nasze radosne siostry. Bardzo polecam. I jeszcze kilka zdj\u0119\u0107 z wczoraj. Autorem zdj\u0119\u0107 jest r\u00f3wnie\u017c s. Joanna. Dzi\u0119kujemy.<span class=\"Apple-converted-space\">\u00a0<\/span><\/p>\n<p><iframe loading=\"lazy\" title=\"\u041c\u0430\u043b\u0435\u043d\u044c\u043a\u0430\u044f \u043e\u0432\u0435\u0447\u043a\u0430 - \u0440\u043e\u043b\u0438\u043a \u0434\u043b\u044f \u0434\u0435\u0442\u0435\u0439, \u043c\u0430\u043b\u0435\u043d\u044c\u043a\u0438\u0445 \u0438 \u0441\u0442\u0430\u0440\u0448\u0438\u0445\" width=\"720\" height=\"405\" src=\"https:\/\/www.youtube.com\/embed\/S-vnz3AsS6I?feature=oembed\" frameborder=\"0\" allow=\"accelerometer; autoplay; encrypted-media; gyroscope; picture-in-picture\" allowfullscreen><\/iframe><\/p>\n<p><img loading=\"lazy\" decoding=\"async\" class=\"alignnone size-medium wp-image-16963\" src=\"https:\/\/gaudiumetspes-blog.pl\/wp-content\/uploads\/2020\/05\/DSC_0152-300x199.jpeg\" alt=\"\" width=\"300\" height=\"199\" srcset=\"https:\/\/gaudiumetspes-blog.pl\/wp-content\/uploads\/2020\/05\/DSC_0152-300x199.jpeg 300w, https:\/\/gaudiumetspes-blog.pl\/wp-content\/uploads\/2020\/05\/DSC_0152-768x510.jpeg 768w, https:\/\/gaudiumetspes-blog.pl\/wp-content\/uploads\/2020\/05\/DSC_0152-1024x680.jpeg 1024w, https:\/\/gaudiumetspes-blog.pl\/wp-content\/uploads\/2020\/05\/DSC_0152-1920x1275.jpeg 1920w, https:\/\/gaudiumetspes-blog.pl\/wp-content\/uploads\/2020\/05\/DSC_0152-720x478.jpeg 720w, https:\/\/gaudiumetspes-blog.pl\/wp-content\/uploads\/2020\/05\/DSC_0152-580x385.jpeg 580w, https:\/\/gaudiumetspes-blog.pl\/wp-content\/uploads\/2020\/05\/DSC_0152-320x213.jpeg 320w\" sizes=\"auto, (max-width: 300px) 100vw, 300px\" \/><\/p>\n<p><img loading=\"lazy\" decoding=\"async\" class=\"size-medium wp-image-16965 alignright\" src=\"https:\/\/gaudiumetspes-blog.pl\/wp-content\/uploads\/2020\/05\/61A87342-95E3-4141-BED7-CC01F9193F4B-300x225.jpeg\" alt=\"\" width=\"300\" height=\"225\" srcset=\"https:\/\/gaudiumetspes-blog.pl\/wp-content\/uploads\/2020\/05\/61A87342-95E3-4141-BED7-CC01F9193F4B-300x225.jpeg 300w, https:\/\/gaudiumetspes-blog.pl\/wp-content\/uploads\/2020\/05\/61A87342-95E3-4141-BED7-CC01F9193F4B-768x576.jpeg 768w, https:\/\/gaudiumetspes-blog.pl\/wp-content\/uploads\/2020\/05\/61A87342-95E3-4141-BED7-CC01F9193F4B-1024x768.jpeg 1024w, https:\/\/gaudiumetspes-blog.pl\/wp-content\/uploads\/2020\/05\/61A87342-95E3-4141-BED7-CC01F9193F4B-720x540.jpeg 720w, https:\/\/gaudiumetspes-blog.pl\/wp-content\/uploads\/2020\/05\/61A87342-95E3-4141-BED7-CC01F9193F4B-580x435.jpeg 580w, https:\/\/gaudiumetspes-blog.pl\/wp-content\/uploads\/2020\/05\/61A87342-95E3-4141-BED7-CC01F9193F4B-320x240.jpeg 320w, https:\/\/gaudiumetspes-blog.pl\/wp-content\/uploads\/2020\/05\/61A87342-95E3-4141-BED7-CC01F9193F4B.jpeg 1548w\" sizes=\"auto, (max-width: 300px) 100vw, 300px\" \/> <img loading=\"lazy\" decoding=\"async\" class=\"alignnone size-medium wp-image-16966\" src=\"https:\/\/gaudiumetspes-blog.pl\/wp-content\/uploads\/2020\/05\/A3B96D89-8FCD-469A-82D8-9AB1A5D8F507-300x225.jpeg\" alt=\"\" width=\"300\" height=\"225\" srcset=\"https:\/\/gaudiumetspes-blog.pl\/wp-content\/uploads\/2020\/05\/A3B96D89-8FCD-469A-82D8-9AB1A5D8F507-300x225.jpeg 300w, https:\/\/gaudiumetspes-blog.pl\/wp-content\/uploads\/2020\/05\/A3B96D89-8FCD-469A-82D8-9AB1A5D8F507-768x576.jpeg 768w, https:\/\/gaudiumetspes-blog.pl\/wp-content\/uploads\/2020\/05\/A3B96D89-8FCD-469A-82D8-9AB1A5D8F507-720x540.jpeg 720w, https:\/\/gaudiumetspes-blog.pl\/wp-content\/uploads\/2020\/05\/A3B96D89-8FCD-469A-82D8-9AB1A5D8F507-580x435.jpeg 580w, https:\/\/gaudiumetspes-blog.pl\/wp-content\/uploads\/2020\/05\/A3B96D89-8FCD-469A-82D8-9AB1A5D8F507-320x240.jpeg 320w, https:\/\/gaudiumetspes-blog.pl\/wp-content\/uploads\/2020\/05\/A3B96D89-8FCD-469A-82D8-9AB1A5D8F507.jpeg 774w\" sizes=\"auto, (max-width: 300px) 100vw, 300px\" \/> <img loading=\"lazy\" decoding=\"async\" class=\"size-medium wp-image-16967 alignleft\" src=\"https:\/\/gaudiumetspes-blog.pl\/wp-content\/uploads\/2020\/05\/EF92B6B3-3F8B-4AFE-9163-7B69F22E63A8-300x225.jpeg\" alt=\"\" width=\"300\" height=\"225\" srcset=\"https:\/\/gaudiumetspes-blog.pl\/wp-content\/uploads\/2020\/05\/EF92B6B3-3F8B-4AFE-9163-7B69F22E63A8-300x225.jpeg 300w, https:\/\/gaudiumetspes-blog.pl\/wp-content\/uploads\/2020\/05\/EF92B6B3-3F8B-4AFE-9163-7B69F22E63A8-768x576.jpeg 768w, https:\/\/gaudiumetspes-blog.pl\/wp-content\/uploads\/2020\/05\/EF92B6B3-3F8B-4AFE-9163-7B69F22E63A8-720x540.jpeg 720w, https:\/\/gaudiumetspes-blog.pl\/wp-content\/uploads\/2020\/05\/EF92B6B3-3F8B-4AFE-9163-7B69F22E63A8-580x435.jpeg 580w, https:\/\/gaudiumetspes-blog.pl\/wp-content\/uploads\/2020\/05\/EF92B6B3-3F8B-4AFE-9163-7B69F22E63A8-320x240.jpeg 320w, https:\/\/gaudiumetspes-blog.pl\/wp-content\/uploads\/2020\/05\/EF92B6B3-3F8B-4AFE-9163-7B69F22E63A8.jpeg 774w\" sizes=\"auto, (max-width: 300px) 100vw, 300px\" \/> <img loading=\"lazy\" decoding=\"async\" class=\"alignnone size-medium wp-image-16968\" src=\"https:\/\/gaudiumetspes-blog.pl\/wp-content\/uploads\/2020\/05\/4AEB0E82-4254-40B8-86A2-B0EC12F8EF47-300x225.jpeg\" alt=\"\" width=\"300\" height=\"225\" srcset=\"https:\/\/gaudiumetspes-blog.pl\/wp-content\/uploads\/2020\/05\/4AEB0E82-4254-40B8-86A2-B0EC12F8EF47-300x225.jpeg 300w, https:\/\/gaudiumetspes-blog.pl\/wp-content\/uploads\/2020\/05\/4AEB0E82-4254-40B8-86A2-B0EC12F8EF47-768x576.jpeg 768w, https:\/\/gaudiumetspes-blog.pl\/wp-content\/uploads\/2020\/05\/4AEB0E82-4254-40B8-86A2-B0EC12F8EF47-720x540.jpeg 720w, https:\/\/gaudiumetspes-blog.pl\/wp-content\/uploads\/2020\/05\/4AEB0E82-4254-40B8-86A2-B0EC12F8EF47-580x435.jpeg 580w, https:\/\/gaudiumetspes-blog.pl\/wp-content\/uploads\/2020\/05\/4AEB0E82-4254-40B8-86A2-B0EC12F8EF47-320x240.jpeg 320w, https:\/\/gaudiumetspes-blog.pl\/wp-content\/uploads\/2020\/05\/4AEB0E82-4254-40B8-86A2-B0EC12F8EF47.jpeg 774w\" sizes=\"auto, (max-width: 300px) 100vw, 300px\" \/> <img loading=\"lazy\" decoding=\"async\" class=\"size-medium wp-image-16969 alignright\" src=\"https:\/\/gaudiumetspes-blog.pl\/wp-content\/uploads\/2020\/05\/A490025E-7651-40E5-BD0B-21F8F3A8662E-300x225.jpeg\" alt=\"\" width=\"300\" height=\"225\" srcset=\"https:\/\/gaudiumetspes-blog.pl\/wp-content\/uploads\/2020\/05\/A490025E-7651-40E5-BD0B-21F8F3A8662E-300x225.jpeg 300w, https:\/\/gaudiumetspes-blog.pl\/wp-content\/uploads\/2020\/05\/A490025E-7651-40E5-BD0B-21F8F3A8662E-768x576.jpeg 768w, https:\/\/gaudiumetspes-blog.pl\/wp-content\/uploads\/2020\/05\/A490025E-7651-40E5-BD0B-21F8F3A8662E-720x540.jpeg 720w, https:\/\/gaudiumetspes-blog.pl\/wp-content\/uploads\/2020\/05\/A490025E-7651-40E5-BD0B-21F8F3A8662E-580x435.jpeg 580w, https:\/\/gaudiumetspes-blog.pl\/wp-content\/uploads\/2020\/05\/A490025E-7651-40E5-BD0B-21F8F3A8662E-320x240.jpeg 320w, https:\/\/gaudiumetspes-blog.pl\/wp-content\/uploads\/2020\/05\/A490025E-7651-40E5-BD0B-21F8F3A8662E.jpeg 774w\" sizes=\"auto, (max-width: 300px) 100vw, 300px\" \/> <img loading=\"lazy\" decoding=\"async\" class=\"alignnone size-medium wp-image-16970\" src=\"https:\/\/gaudiumetspes-blog.pl\/wp-content\/uploads\/2020\/05\/1E717393-05BE-4AB8-96B7-21DB9A217843-300x225.jpeg\" alt=\"\" width=\"300\" height=\"225\" srcset=\"https:\/\/gaudiumetspes-blog.pl\/wp-content\/uploads\/2020\/05\/1E717393-05BE-4AB8-96B7-21DB9A217843-300x225.jpeg 300w, https:\/\/gaudiumetspes-blog.pl\/wp-content\/uploads\/2020\/05\/1E717393-05BE-4AB8-96B7-21DB9A217843-768x576.jpeg 768w, https:\/\/gaudiumetspes-blog.pl\/wp-content\/uploads\/2020\/05\/1E717393-05BE-4AB8-96B7-21DB9A217843-720x540.jpeg 720w, https:\/\/gaudiumetspes-blog.pl\/wp-content\/uploads\/2020\/05\/1E717393-05BE-4AB8-96B7-21DB9A217843-580x435.jpeg 580w, https:\/\/gaudiumetspes-blog.pl\/wp-content\/uploads\/2020\/05\/1E717393-05BE-4AB8-96B7-21DB9A217843-320x240.jpeg 320w, https:\/\/gaudiumetspes-blog.pl\/wp-content\/uploads\/2020\/05\/1E717393-05BE-4AB8-96B7-21DB9A217843.jpeg 774w\" sizes=\"auto, (max-width: 300px) 100vw, 300px\" \/><\/p>\n","protected":false},"excerpt":{"rendered":"<p>Chrystus Zmartwychwsta\u0142! Pozdrawiamy z Syberii. Dzi\u015b rozwa\u017canie do S\u0142owa Bo\u017cego pisz\u0105 nasze Siostry, a dok\u0142adnie s. Joanna. Jak zawsze rozwa\u017canie i \u015bwiadectwo.\u00a0 Dzi\u015b zn\u00f3w sytuacja nietypowa, \u017ce inne czytania s\u0105 w Polsce, a inne u nas tutaj, poniewa\u017c w Polsce jest uroczysto\u015b\u0107 \u015bw. Stanis\u0142awa BM, a u nas nie. Jednak s. Joanna pisze rozwa\u017canie do [&hellip;]<\/p>\n","protected":false},"author":3,"featured_media":0,"comment_status":"open","ping_status":"open","sticky":false,"template":"","format":"standard","meta":{"jetpack_post_was_ever_published":false,"_jetpack_newsletter_access":"","_jetpack_dont_email_post_to_subs":false,"_jetpack_newsletter_tier_id":0,"_jetpack_memberships_contains_paywalled_content":false,"_jetpack_memberships_contains_paid_content":false,"footnotes":""},"categories":[1],"tags":[],"class_list":["post-16957","post","type-post","status-publish","format-standard","hentry","category-bez-kategorii"],"yoast_head":"<!-- This site is optimized with the Yoast SEO plugin v25.1 - https:\/\/yoast.com\/wordpress\/plugins\/seo\/ -->\n<title>Dlaczego tak du\u017co ludzi nie zna Jezusa? - Gaudium Et Spes<\/title>\n<meta name=\"robots\" content=\"index, follow, max-snippet:-1, max-image-preview:large, max-video-preview:-1\" \/>\n<link rel=\"canonical\" href=\"https:\/\/gaudiumetspes-blog.pl\/index.php\/2020\/05\/08\/dlaczego-tak-duzo-ludzi-nie-zna-jezusa\/\" \/>\n<meta property=\"og:locale\" content=\"pl_PL\" \/>\n<meta property=\"og:type\" content=\"article\" \/>\n<meta property=\"og:title\" content=\"Dlaczego tak du\u017co ludzi nie zna Jezusa? - Gaudium Et Spes\" \/>\n<meta property=\"og:description\" content=\"Chrystus Zmartwychwsta\u0142! Pozdrawiamy z Syberii. Dzi\u015b rozwa\u017canie do S\u0142owa Bo\u017cego pisz\u0105 nasze Siostry, a dok\u0142adnie s. Joanna. Jak zawsze rozwa\u017canie i \u015bwiadectwo.\u00a0 Dzi\u015b zn\u00f3w sytuacja nietypowa, \u017ce inne czytania s\u0105 w Polsce, a inne u nas tutaj, poniewa\u017c w Polsce jest uroczysto\u015b\u0107 \u015bw. Stanis\u0142awa BM, a u nas nie. Jednak s. Joanna pisze rozwa\u017canie do [&hellip;]\" \/>\n<meta property=\"og:url\" content=\"https:\/\/gaudiumetspes-blog.pl\/index.php\/2020\/05\/08\/dlaczego-tak-duzo-ludzi-nie-zna-jezusa\/\" \/>\n<meta property=\"og:site_name\" content=\"Gaudium Et Spes\" \/>\n<meta property=\"article:published_time\" content=\"2020-05-08T07:05:32+00:00\" \/>\n<meta property=\"article:modified_time\" content=\"2020-05-08T07:15:07+00:00\" \/>\n<meta property=\"og:image\" content=\"https:\/\/gaudiumetspes-blog.pl\/wp-content\/uploads\/2020\/05\/DSC_0150-300x199.jpeg\" \/>\n<meta name=\"author\" content=\"Ks. Marek\" \/>\n<meta name=\"twitter:card\" content=\"summary_large_image\" \/>\n<meta name=\"twitter:label1\" content=\"Napisane przez\" \/>\n\t<meta name=\"twitter:data1\" content=\"Ks. Marek\" \/>\n\t<meta name=\"twitter:label2\" content=\"Szacowany czas czytania\" \/>\n\t<meta name=\"twitter:data2\" content=\"7 minut\" \/>\n<script type=\"application\/ld+json\" class=\"yoast-schema-graph\">{\"@context\":\"https:\/\/schema.org\",\"@graph\":[{\"@type\":\"WebPage\",\"@id\":\"https:\/\/gaudiumetspes-blog.pl\/index.php\/2020\/05\/08\/dlaczego-tak-duzo-ludzi-nie-zna-jezusa\/\",\"url\":\"https:\/\/gaudiumetspes-blog.pl\/index.php\/2020\/05\/08\/dlaczego-tak-duzo-ludzi-nie-zna-jezusa\/\",\"name\":\"Dlaczego tak du\u017co ludzi nie zna Jezusa? - Gaudium Et Spes\",\"isPartOf\":{\"@id\":\"https:\/\/gaudiumetspes-blog.pl\/#website\"},\"primaryImageOfPage\":{\"@id\":\"https:\/\/gaudiumetspes-blog.pl\/index.php\/2020\/05\/08\/dlaczego-tak-duzo-ludzi-nie-zna-jezusa\/#primaryimage\"},\"image\":{\"@id\":\"https:\/\/gaudiumetspes-blog.pl\/index.php\/2020\/05\/08\/dlaczego-tak-duzo-ludzi-nie-zna-jezusa\/#primaryimage\"},\"thumbnailUrl\":\"https:\/\/gaudiumetspes-blog.pl\/wp-content\/uploads\/2020\/05\/DSC_0150-300x199.jpeg\",\"datePublished\":\"2020-05-08T07:05:32+00:00\",\"dateModified\":\"2020-05-08T07:15:07+00:00\",\"author\":{\"@id\":\"https:\/\/gaudiumetspes-blog.pl\/#\/schema\/person\/12bc173d67dadb67c1c90d9c6c34c643\"},\"breadcrumb\":{\"@id\":\"https:\/\/gaudiumetspes-blog.pl\/index.php\/2020\/05\/08\/dlaczego-tak-duzo-ludzi-nie-zna-jezusa\/#breadcrumb\"},\"inLanguage\":\"pl-PL\",\"potentialAction\":[{\"@type\":\"ReadAction\",\"target\":[\"https:\/\/gaudiumetspes-blog.pl\/index.php\/2020\/05\/08\/dlaczego-tak-duzo-ludzi-nie-zna-jezusa\/\"]}]},{\"@type\":\"ImageObject\",\"inLanguage\":\"pl-PL\",\"@id\":\"https:\/\/gaudiumetspes-blog.pl\/index.php\/2020\/05\/08\/dlaczego-tak-duzo-ludzi-nie-zna-jezusa\/#primaryimage\",\"url\":\"https:\/\/gaudiumetspes-blog.pl\/wp-content\/uploads\/2020\/05\/DSC_0150.jpeg\",\"contentUrl\":\"https:\/\/gaudiumetspes-blog.pl\/wp-content\/uploads\/2020\/05\/DSC_0150.jpeg\",\"width\":4288,\"height\":2848},{\"@type\":\"BreadcrumbList\",\"@id\":\"https:\/\/gaudiumetspes-blog.pl\/index.php\/2020\/05\/08\/dlaczego-tak-duzo-ludzi-nie-zna-jezusa\/#breadcrumb\",\"itemListElement\":[{\"@type\":\"ListItem\",\"position\":1,\"name\":\"Strona g\u0142\u00f3wna\",\"item\":\"https:\/\/gaudiumetspes-blog.pl\/\"},{\"@type\":\"ListItem\",\"position\":2,\"name\":\"Dlaczego tak&nbsp;du\u017co ludzi nie&nbsp;zna Jezusa?\"}]},{\"@type\":\"WebSite\",\"@id\":\"https:\/\/gaudiumetspes-blog.pl\/#website\",\"url\":\"https:\/\/gaudiumetspes-blog.pl\/\",\"name\":\"Gaudium Et Spes\",\"description\":\"Blog Ks. Jacka Ja\u015bkowskiego\",\"potentialAction\":[{\"@type\":\"SearchAction\",\"target\":{\"@type\":\"EntryPoint\",\"urlTemplate\":\"https:\/\/gaudiumetspes-blog.pl\/?s={search_term_string}\"},\"query-input\":{\"@type\":\"PropertyValueSpecification\",\"valueRequired\":true,\"valueName\":\"search_term_string\"}}],\"inLanguage\":\"pl-PL\"},{\"@type\":\"Person\",\"@id\":\"https:\/\/gaudiumetspes-blog.pl\/#\/schema\/person\/12bc173d67dadb67c1c90d9c6c34c643\",\"name\":\"Ks. Marek\",\"image\":{\"@type\":\"ImageObject\",\"inLanguage\":\"pl-PL\",\"@id\":\"https:\/\/gaudiumetspes-blog.pl\/#\/schema\/person\/image\/\",\"url\":\"https:\/\/gaudiumetspes-blog.pl\/wp-content\/uploads\/2019\/08\/73914d81-03a2-41a3-a2c0-9e0651fc6189-150x150.jpg\",\"contentUrl\":\"https:\/\/gaudiumetspes-blog.pl\/wp-content\/uploads\/2019\/08\/73914d81-03a2-41a3-a2c0-9e0651fc6189-150x150.jpg\",\"caption\":\"Ks. Marek\"},\"description\":\"Nazywam si\u0119 Ks. Marek Ja\u015bkowski i jestem Proboszczem Parafii \u015aw. J\u00f3zefa Robotnika w Surgucie i Parafii \u015aw. Paw\u0142a Aposto\u0142a w Nojabrsku. Moja Parafia to p\u00f3\u0142nocna cz\u0119\u015b\u0107 zachodniej Syberii \u2013 mo\u017cna powiedzie\u0107, \u017ce terytorialnie to prawie po\u0142owa Diecezji nowosybirskiej, jej p\u00f3\u0142nocna cz\u0119\u015b\u0107. Nasz Biskup okre\u015bli\u0142 kiedy\u015b, \u017ce jest to terytorialnie najwi\u0119ksza Parafia na \u015bwiecie! Terytorium Parafii jest czterokrotnie wi\u0119ksze od terytorium Polski! Przez kilka lat by\u0142em jedynym rzymskokatolickim ksi\u0119dzem na tym terytorium, od wrze\u015bnia 2019 roku pos\u0142ug\u0119 podejmuje Wsp\u00f3\u0142pracownik, Ks. Pawe\u0142 Czelu\u015bci\u0144ski. W Parafii pos\u0142uguj\u0105 tak\u017ce dwie Siostry od Anio\u0142\u00f3w, S. Joann i S. Teresa. Terytorium naszej Parafii to Chanty-Mansyjski Autonomiczny Okr\u0119g i Jamalsko-Nieniecki Autonomiczny Okr\u0119g. Jest to terytorium, kt\u00f3re s\u0142ynie z wydobycia ropy i gazu. Wi\u0119kszo\u015b\u0107 ropy, wydobywanej w Rosji \u2013 wydobywa si\u0119 z terenu mojej Parafii. W zwi\u0105zku z tym, w ostatnich kilku dziesi\u0119cioleciach, przyby\u0142o mn\u00f3stwo ludzi w poszukiwaniu pracy. Na tym terenie jest kilkana\u015bcie, a mo\u017ce i kilkadziesi\u0105t \u2013 cz\u0119sto nowych miast, w kt\u00f3rych osiedlaj\u0105 si\u0119 owi przyje\u017cd\u017caj\u0105cy ludzie. Odwiedzamy miasta: Jugorsk i Sowiecki, oddalone 650 km od Surgutu; Uraj \u2013 730 km; Niaga\u0144 \u2013 600 km; Chanty-Mansyjsk \u2013 300 km. To kierunek po\u0142udniowo \u2013 zachodni. Natomiast na p\u00f3\u0142nocy odwiedzamy Nojabrsk \u2013 320 km i Koga\u0142ym \u2013 190 km, Gubkinskij \u2013 500 km; Tarko-Sale \u2013 600 km; Nowyj Urengoj \u2013 760 km. Je\u017adzimy te\u017c do Tiumenii, \u017ceby stamt\u0105d polecie\u0107 samolotem do Salechardu, na ko\u0142o podbiegunowe \u2013 ponad 1100 km w prostej linii \u2013 \u017ceby i tam odwiedzi\u0107 naszych Parafian, kt\u00f3rzy cz\u0119sto bior\u0105 urlop w pracy, aby spotka\u0107 si\u0119 z nami, uczestniczy\u0107 we Mszy \u015awi\u0119tej i w katechizacji. Do Salechardu nie ma drogi, mo\u017cna dotrze\u0107 tylko samolotem, albo (latem) statkiem. Wymienione miasta to tylko niekt\u00f3re z miejsc, kt\u00f3re odwiedzamy. W ca\u0142ej naszej Parafii mamy jeden ko\u015bci\u00f3\u0142 \u2013 w Surgucie \u2013 i jedn\u0105 kaplic\u0119, w Nojabrsku, w jednym z blok\u00f3w. W innych miejscach spotykamy si\u0119 w mieszkaniach Parafian. Ludzie jednak cz\u0119sto kr\u0119puj\u0105 si\u0119 przychodzi\u0107 do kogo\u015b, do domu. A Parafia najbardziej rozwija si\u0119 tam, gdzie jest \u015bwi\u0105tynia. Ostatnio kupili\u015bmy dom na kaplic\u0119 w Koga\u0142ymie. Konieczny jest tam jednak gruntowny remont, kt\u00f3ry aktualnie prowadzimy. Nast\u0119pnym miejscem oczekuj\u0105cym na swoj\u0105 \u015bwi\u0105tyni\u0119 - kaplic\u0119 jest Chanty-Mansyjsk. Dramatycznie potrzeba tu ksi\u0119\u017cy! \u017beby kr\u00f3lestwo Bo\u017ce mog\u0142o wzrasta\u0107 w sercach ludzi, musz\u0105 mie\u0107 oni cz\u0119stszy dost\u0119p do Sakrament\u00f3w. Na terenie naszej Parafii mieszka jakie\u015b 2,5 miliona ludzi, w samym Surgucie \u2013 350 tysi\u0119cy. A tylko dw\u00f3ch Ksi\u0119\u017cy i dwie Siostry. Prosimy Was zatem o dwojak\u0105 pomoc: Modlitwa \u2013 to najwa\u017cniejsze! Prosz\u0119 Was, pom\u00f3dlcie si\u0119 za nasz\u0105 Parafi\u0119 przynajmniej dziesi\u0105tkiem R\u00f3\u017ca\u0144ca, a potem pom\u00f3dlcie si\u0119 przez wstawiennictwo naszych \u015awi\u0119tych Patron\u00f3w: Matki Bo\u017cej Fatimskiej, \u015aw. J\u00f3zefa Robotnika, \u015aw. Paw\u0142a Aposto\u0142a, \u015aw. Jana Paw\u0142a II, Micha\u0142a Archanio\u0142a i Anio\u0142\u00f3w Str\u00f3\u017c\u00f3w. Ofiara \u2013 materialna pomoc tak\u017ce jest nam niezmiernie potrzebna ze wzgl\u0119du na budow\u0119 domu parafialnego w Surgucie, remont domu na kaplic\u0119 w Koga\u0142ymie, oraz organizowanie spotka\u0144 wsp\u00f3lnot i miejsc modlitwy w wielu innych miastach. Wszystkim Darczy\u0144com z serca dzi\u0119kujemy i obiecujemy modlitw\u0119! Niech Was b\u0142ogos\u0142awi B\u00f3g Wszechmog\u0105cy: Ojciec + i Syn, i Duch \u015awi\u0119ty. Amen o.marek@mail.ru www.catholicsurgut.ru Dane do przelewu: Marek Ja\u015bkowski ul. K\u0105pielowa 19\/2 21-500 Bia\u0142a Podlaska Nr konta: 50 1020 5558 1111 1548 2400 0027\",\"url\":\"https:\/\/gaudiumetspes-blog.pl\/index.php\/author\/ks-marek\/\"}]}<\/script>\n<!-- \/ Yoast SEO plugin. -->","yoast_head_json":{"title":"Dlaczego tak du\u017co ludzi nie zna Jezusa? - Gaudium Et Spes","robots":{"index":"index","follow":"follow","max-snippet":"max-snippet:-1","max-image-preview":"max-image-preview:large","max-video-preview":"max-video-preview:-1"},"canonical":"https:\/\/gaudiumetspes-blog.pl\/index.php\/2020\/05\/08\/dlaczego-tak-duzo-ludzi-nie-zna-jezusa\/","og_locale":"pl_PL","og_type":"article","og_title":"Dlaczego tak du\u017co ludzi nie zna Jezusa? - Gaudium Et Spes","og_description":"Chrystus Zmartwychwsta\u0142! Pozdrawiamy z Syberii. Dzi\u015b rozwa\u017canie do S\u0142owa Bo\u017cego pisz\u0105 nasze Siostry, a dok\u0142adnie s. Joanna. Jak zawsze rozwa\u017canie i \u015bwiadectwo.\u00a0 Dzi\u015b zn\u00f3w sytuacja nietypowa, \u017ce inne czytania s\u0105 w Polsce, a inne u nas tutaj, poniewa\u017c w Polsce jest uroczysto\u015b\u0107 \u015bw. Stanis\u0142awa BM, a u nas nie. Jednak s. Joanna pisze rozwa\u017canie do [&hellip;]","og_url":"https:\/\/gaudiumetspes-blog.pl\/index.php\/2020\/05\/08\/dlaczego-tak-duzo-ludzi-nie-zna-jezusa\/","og_site_name":"Gaudium Et Spes","article_published_time":"2020-05-08T07:05:32+00:00","article_modified_time":"2020-05-08T07:15:07+00:00","og_image":[{"url":"https:\/\/gaudiumetspes-blog.pl\/wp-content\/uploads\/2020\/05\/DSC_0150-300x199.jpeg","type":"","width":"","height":""}],"author":"Ks. Marek","twitter_card":"summary_large_image","twitter_misc":{"Napisane przez":"Ks. Marek","Szacowany czas czytania":"7 minut"},"schema":{"@context":"https:\/\/schema.org","@graph":[{"@type":"WebPage","@id":"https:\/\/gaudiumetspes-blog.pl\/index.php\/2020\/05\/08\/dlaczego-tak-duzo-ludzi-nie-zna-jezusa\/","url":"https:\/\/gaudiumetspes-blog.pl\/index.php\/2020\/05\/08\/dlaczego-tak-duzo-ludzi-nie-zna-jezusa\/","name":"Dlaczego tak du\u017co ludzi nie zna Jezusa? - Gaudium Et Spes","isPartOf":{"@id":"https:\/\/gaudiumetspes-blog.pl\/#website"},"primaryImageOfPage":{"@id":"https:\/\/gaudiumetspes-blog.pl\/index.php\/2020\/05\/08\/dlaczego-tak-duzo-ludzi-nie-zna-jezusa\/#primaryimage"},"image":{"@id":"https:\/\/gaudiumetspes-blog.pl\/index.php\/2020\/05\/08\/dlaczego-tak-duzo-ludzi-nie-zna-jezusa\/#primaryimage"},"thumbnailUrl":"https:\/\/gaudiumetspes-blog.pl\/wp-content\/uploads\/2020\/05\/DSC_0150-300x199.jpeg","datePublished":"2020-05-08T07:05:32+00:00","dateModified":"2020-05-08T07:15:07+00:00","author":{"@id":"https:\/\/gaudiumetspes-blog.pl\/#\/schema\/person\/12bc173d67dadb67c1c90d9c6c34c643"},"breadcrumb":{"@id":"https:\/\/gaudiumetspes-blog.pl\/index.php\/2020\/05\/08\/dlaczego-tak-duzo-ludzi-nie-zna-jezusa\/#breadcrumb"},"inLanguage":"pl-PL","potentialAction":[{"@type":"ReadAction","target":["https:\/\/gaudiumetspes-blog.pl\/index.php\/2020\/05\/08\/dlaczego-tak-duzo-ludzi-nie-zna-jezusa\/"]}]},{"@type":"ImageObject","inLanguage":"pl-PL","@id":"https:\/\/gaudiumetspes-blog.pl\/index.php\/2020\/05\/08\/dlaczego-tak-duzo-ludzi-nie-zna-jezusa\/#primaryimage","url":"https:\/\/gaudiumetspes-blog.pl\/wp-content\/uploads\/2020\/05\/DSC_0150.jpeg","contentUrl":"https:\/\/gaudiumetspes-blog.pl\/wp-content\/uploads\/2020\/05\/DSC_0150.jpeg","width":4288,"height":2848},{"@type":"BreadcrumbList","@id":"https:\/\/gaudiumetspes-blog.pl\/index.php\/2020\/05\/08\/dlaczego-tak-duzo-ludzi-nie-zna-jezusa\/#breadcrumb","itemListElement":[{"@type":"ListItem","position":1,"name":"Strona g\u0142\u00f3wna","item":"https:\/\/gaudiumetspes-blog.pl\/"},{"@type":"ListItem","position":2,"name":"Dlaczego tak&nbsp;du\u017co ludzi nie&nbsp;zna Jezusa?"}]},{"@type":"WebSite","@id":"https:\/\/gaudiumetspes-blog.pl\/#website","url":"https:\/\/gaudiumetspes-blog.pl\/","name":"Gaudium Et Spes","description":"Blog Ks. Jacka Ja\u015bkowskiego","potentialAction":[{"@type":"SearchAction","target":{"@type":"EntryPoint","urlTemplate":"https:\/\/gaudiumetspes-blog.pl\/?s={search_term_string}"},"query-input":{"@type":"PropertyValueSpecification","valueRequired":true,"valueName":"search_term_string"}}],"inLanguage":"pl-PL"},{"@type":"Person","@id":"https:\/\/gaudiumetspes-blog.pl\/#\/schema\/person\/12bc173d67dadb67c1c90d9c6c34c643","name":"Ks. Marek","image":{"@type":"ImageObject","inLanguage":"pl-PL","@id":"https:\/\/gaudiumetspes-blog.pl\/#\/schema\/person\/image\/","url":"https:\/\/gaudiumetspes-blog.pl\/wp-content\/uploads\/2019\/08\/73914d81-03a2-41a3-a2c0-9e0651fc6189-150x150.jpg","contentUrl":"https:\/\/gaudiumetspes-blog.pl\/wp-content\/uploads\/2019\/08\/73914d81-03a2-41a3-a2c0-9e0651fc6189-150x150.jpg","caption":"Ks. Marek"},"description":"Nazywam si\u0119 Ks. Marek Ja\u015bkowski i jestem Proboszczem Parafii \u015aw. J\u00f3zefa Robotnika w Surgucie i Parafii \u015aw. Paw\u0142a Aposto\u0142a w Nojabrsku. Moja Parafia to p\u00f3\u0142nocna cz\u0119\u015b\u0107 zachodniej Syberii \u2013 mo\u017cna powiedzie\u0107, \u017ce terytorialnie to prawie po\u0142owa Diecezji nowosybirskiej, jej p\u00f3\u0142nocna cz\u0119\u015b\u0107. Nasz Biskup okre\u015bli\u0142 kiedy\u015b, \u017ce jest to terytorialnie najwi\u0119ksza Parafia na \u015bwiecie! Terytorium Parafii jest czterokrotnie wi\u0119ksze od terytorium Polski! Przez kilka lat by\u0142em jedynym rzymskokatolickim ksi\u0119dzem na tym terytorium, od wrze\u015bnia 2019 roku pos\u0142ug\u0119 podejmuje Wsp\u00f3\u0142pracownik, Ks. Pawe\u0142 Czelu\u015bci\u0144ski. W Parafii pos\u0142uguj\u0105 tak\u017ce dwie Siostry od Anio\u0142\u00f3w, S. Joann i S. Teresa. Terytorium naszej Parafii to Chanty-Mansyjski Autonomiczny Okr\u0119g i Jamalsko-Nieniecki Autonomiczny Okr\u0119g. Jest to terytorium, kt\u00f3re s\u0142ynie z wydobycia ropy i gazu. Wi\u0119kszo\u015b\u0107 ropy, wydobywanej w Rosji \u2013 wydobywa si\u0119 z terenu mojej Parafii. W zwi\u0105zku z tym, w ostatnich kilku dziesi\u0119cioleciach, przyby\u0142o mn\u00f3stwo ludzi w poszukiwaniu pracy. Na tym terenie jest kilkana\u015bcie, a mo\u017ce i kilkadziesi\u0105t \u2013 cz\u0119sto nowych miast, w kt\u00f3rych osiedlaj\u0105 si\u0119 owi przyje\u017cd\u017caj\u0105cy ludzie. Odwiedzamy miasta: Jugorsk i Sowiecki, oddalone 650 km od Surgutu; Uraj \u2013 730 km; Niaga\u0144 \u2013 600 km; Chanty-Mansyjsk \u2013 300 km. To kierunek po\u0142udniowo \u2013 zachodni. Natomiast na p\u00f3\u0142nocy odwiedzamy Nojabrsk \u2013 320 km i Koga\u0142ym \u2013 190 km, Gubkinskij \u2013 500 km; Tarko-Sale \u2013 600 km; Nowyj Urengoj \u2013 760 km. Je\u017adzimy te\u017c do Tiumenii, \u017ceby stamt\u0105d polecie\u0107 samolotem do Salechardu, na ko\u0142o podbiegunowe \u2013 ponad 1100 km w prostej linii \u2013 \u017ceby i tam odwiedzi\u0107 naszych Parafian, kt\u00f3rzy cz\u0119sto bior\u0105 urlop w pracy, aby spotka\u0107 si\u0119 z nami, uczestniczy\u0107 we Mszy \u015awi\u0119tej i w katechizacji. Do Salechardu nie ma drogi, mo\u017cna dotrze\u0107 tylko samolotem, albo (latem) statkiem. Wymienione miasta to tylko niekt\u00f3re z miejsc, kt\u00f3re odwiedzamy. W ca\u0142ej naszej Parafii mamy jeden ko\u015bci\u00f3\u0142 \u2013 w Surgucie \u2013 i jedn\u0105 kaplic\u0119, w Nojabrsku, w jednym z blok\u00f3w. W innych miejscach spotykamy si\u0119 w mieszkaniach Parafian. Ludzie jednak cz\u0119sto kr\u0119puj\u0105 si\u0119 przychodzi\u0107 do kogo\u015b, do domu. A Parafia najbardziej rozwija si\u0119 tam, gdzie jest \u015bwi\u0105tynia. Ostatnio kupili\u015bmy dom na kaplic\u0119 w Koga\u0142ymie. Konieczny jest tam jednak gruntowny remont, kt\u00f3ry aktualnie prowadzimy. Nast\u0119pnym miejscem oczekuj\u0105cym na swoj\u0105 \u015bwi\u0105tyni\u0119 - kaplic\u0119 jest Chanty-Mansyjsk. Dramatycznie potrzeba tu ksi\u0119\u017cy! \u017beby kr\u00f3lestwo Bo\u017ce mog\u0142o wzrasta\u0107 w sercach ludzi, musz\u0105 mie\u0107 oni cz\u0119stszy dost\u0119p do Sakrament\u00f3w. Na terenie naszej Parafii mieszka jakie\u015b 2,5 miliona ludzi, w samym Surgucie \u2013 350 tysi\u0119cy. A tylko dw\u00f3ch Ksi\u0119\u017cy i dwie Siostry. Prosimy Was zatem o dwojak\u0105 pomoc: Modlitwa \u2013 to najwa\u017cniejsze! Prosz\u0119 Was, pom\u00f3dlcie si\u0119 za nasz\u0105 Parafi\u0119 przynajmniej dziesi\u0105tkiem R\u00f3\u017ca\u0144ca, a potem pom\u00f3dlcie si\u0119 przez wstawiennictwo naszych \u015awi\u0119tych Patron\u00f3w: Matki Bo\u017cej Fatimskiej, \u015aw. J\u00f3zefa Robotnika, \u015aw. Paw\u0142a Aposto\u0142a, \u015aw. Jana Paw\u0142a II, Micha\u0142a Archanio\u0142a i Anio\u0142\u00f3w Str\u00f3\u017c\u00f3w. Ofiara \u2013 materialna pomoc tak\u017ce jest nam niezmiernie potrzebna ze wzgl\u0119du na budow\u0119 domu parafialnego w Surgucie, remont domu na kaplic\u0119 w Koga\u0142ymie, oraz organizowanie spotka\u0144 wsp\u00f3lnot i miejsc modlitwy w wielu innych miastach. Wszystkim Darczy\u0144com z serca dzi\u0119kujemy i obiecujemy modlitw\u0119! Niech Was b\u0142ogos\u0142awi B\u00f3g Wszechmog\u0105cy: Ojciec + i Syn, i Duch \u015awi\u0119ty. Amen o.marek@mail.ru www.catholicsurgut.ru Dane do przelewu: Marek Ja\u015bkowski ul. K\u0105pielowa 19\/2 21-500 Bia\u0142a Podlaska Nr konta: 50 1020 5558 1111 1548 2400 0027","url":"https:\/\/gaudiumetspes-blog.pl\/index.php\/author\/ks-marek\/"}]}},"jetpack_featured_media_url":"","jetpack_sharing_enabled":true,"_links":{"self":[{"href":"https:\/\/gaudiumetspes-blog.pl\/index.php\/wp-json\/wp\/v2\/posts\/16957","targetHints":{"allow":["GET"]}}],"collection":[{"href":"https:\/\/gaudiumetspes-blog.pl\/index.php\/wp-json\/wp\/v2\/posts"}],"about":[{"href":"https:\/\/gaudiumetspes-blog.pl\/index.php\/wp-json\/wp\/v2\/types\/post"}],"author":[{"embeddable":true,"href":"https:\/\/gaudiumetspes-blog.pl\/index.php\/wp-json\/wp\/v2\/users\/3"}],"replies":[{"embeddable":true,"href":"https:\/\/gaudiumetspes-blog.pl\/index.php\/wp-json\/wp\/v2\/comments?post=16957"}],"version-history":[{"count":5,"href":"https:\/\/gaudiumetspes-blog.pl\/index.php\/wp-json\/wp\/v2\/posts\/16957\/revisions"}],"predecessor-version":[{"id":16971,"href":"https:\/\/gaudiumetspes-blog.pl\/index.php\/wp-json\/wp\/v2\/posts\/16957\/revisions\/16971"}],"wp:attachment":[{"href":"https:\/\/gaudiumetspes-blog.pl\/index.php\/wp-json\/wp\/v2\/media?parent=16957"}],"wp:term":[{"taxonomy":"category","embeddable":true,"href":"https:\/\/gaudiumetspes-blog.pl\/index.php\/wp-json\/wp\/v2\/categories?post=16957"},{"taxonomy":"post_tag","embeddable":true,"href":"https:\/\/gaudiumetspes-blog.pl\/index.php\/wp-json\/wp\/v2\/tags?post=16957"}],"curies":[{"name":"wp","href":"https:\/\/api.w.org\/{rel}","templated":true}]}}