{"id":16986,"date":"2020-05-14T11:22:30","date_gmt":"2020-05-14T09:22:30","guid":{"rendered":"https:\/\/gaudiumetspes-blog.pl\/?p=16986"},"modified":"2020-05-14T11:39:04","modified_gmt":"2020-05-14T09:39:04","slug":"jest-w-tobie-radosc","status":"publish","type":"post","link":"https:\/\/gaudiumetspes-blog.pl\/index.php\/2020\/05\/14\/jest-w-tobie-radosc\/","title":{"rendered":"Jest w tobie rado\u015b\u0107?"},"content":{"rendered":"<p><em><strong><img loading=\"lazy\" decoding=\"async\" class=\" wp-image-16988 alignright\" src=\"https:\/\/gaudiumetspes-blog.pl\/wp-content\/uploads\/2020\/05\/74FC5BB9-4EE9-4B0A-88BE-27A98CAC8AC2-300x225.jpeg\" alt=\"\" width=\"405\" height=\"304\" srcset=\"https:\/\/gaudiumetspes-blog.pl\/wp-content\/uploads\/2020\/05\/74FC5BB9-4EE9-4B0A-88BE-27A98CAC8AC2-300x225.jpeg 300w, https:\/\/gaudiumetspes-blog.pl\/wp-content\/uploads\/2020\/05\/74FC5BB9-4EE9-4B0A-88BE-27A98CAC8AC2-768x576.jpeg 768w, https:\/\/gaudiumetspes-blog.pl\/wp-content\/uploads\/2020\/05\/74FC5BB9-4EE9-4B0A-88BE-27A98CAC8AC2-1024x768.jpeg 1024w, https:\/\/gaudiumetspes-blog.pl\/wp-content\/uploads\/2020\/05\/74FC5BB9-4EE9-4B0A-88BE-27A98CAC8AC2-1920x1440.jpeg 1920w, https:\/\/gaudiumetspes-blog.pl\/wp-content\/uploads\/2020\/05\/74FC5BB9-4EE9-4B0A-88BE-27A98CAC8AC2-720x540.jpeg 720w, https:\/\/gaudiumetspes-blog.pl\/wp-content\/uploads\/2020\/05\/74FC5BB9-4EE9-4B0A-88BE-27A98CAC8AC2-580x435.jpeg 580w, https:\/\/gaudiumetspes-blog.pl\/wp-content\/uploads\/2020\/05\/74FC5BB9-4EE9-4B0A-88BE-27A98CAC8AC2-320x240.jpeg 320w\" sizes=\"auto, (max-width: 405px) 100vw, 405px\" \/>\u0425\u0440\u0438\u0441\u0442\u043e\u0441 \u0412\u043e\u0441\u043a\u0440\u0435\u0441!<\/strong><\/em><\/p>\n<p>Witam Was bardzo serdecznie i pozdrawiam z Syberii, z Surgutu.<span class=\"Apple-converted-space\">\u00a0<\/span><\/p>\n<p>Ostatnio mamy upalne dni (dzi\u015b ju\u017c troch\u0119 ch\u0142odniej) oko\u0142o +28, co jest absolutnie anomalne w tym czasie i w tym miejscu. Pisz\u0105, \u017ce od 1947 r. takiego ciep\u0142a w tym czasie nie by\u0142o (nie wiem czy wcze\u015bniej nie mierzyli, czy wtedy by\u0142o tak ciep\u0142o).<\/p>\n<p>Zapraszam Was do wsp\u00f3lnego prze\u017cycia spotkania z Bogiem w Jego S\u0142owie. Niech Duch \u015awi\u0119ty nas o\u015bwieca, prowadzi, pomaga.<span class=\"Apple-converted-space\">\u00a0<\/span><\/p>\n<p><em><strong>\u015awi\u0119to \u015bw. Macieja, Aposto\u0142a<\/strong><\/em><\/p>\n<p><em><strong>(Dz 1,15-17.20-26)<span class=\"Apple-converted-space\">\u00a0<\/span><\/strong><\/em><\/p>\n<p><em><strong>Piotr w obecno\u015bci braci, a zebra\u0142o si\u0119 razem oko\u0142o stu dwudziestu os\u00f3b, tak przem\u00f3wi\u0142: \u201eBracia, musia\u0142o si\u0119 wype\u0142ni\u0107 s\u0142owo Pisma, kt\u00f3re Duch \u015awi\u0119ty zapowiedzia\u0142 przez usta Dawida o Judaszu. On to wskaza\u0142 drog\u0119 tym, kt\u00f3rzy pojmali Jezusa, bo on zalicza\u0142 si\u0119 do nas i mia\u0142 udzia\u0142 w naszym pos\u0142ugiwaniu. Napisano bowiem w Ksi\u0119dze Psalm\u00f3w: &#8222;Niech opustoszeje dom jego i niech nikt w nim nie mieszka. A urz\u0105d jego niech inny obejmie&#8221;. Trzeba wi\u0119c, aby jeden z tych kt\u00f3rzy towarzyszyli nam przez ca\u0142y czas, kiedy Pan Jezus przebywa\u0142 z nami, pocz\u0105wszy od chrztu Janowego a\u017c do dnia, w kt\u00f3rym zosta\u0142 wzi\u0119ty od nas do nieba, sta\u0142 si\u0119 razem z nami \u015bwiadkiem Jego zmartwychwstania\u201d. Postawiono dw\u00f3ch: J\u00f3zefa, zwanego Barsab\u0105, z przydomkiem Justus, i Macieja. I tak si\u0119 pomodlili: \u201eTy, Panie, znasz serca wszystkich, wska\u017c z tych dw\u00f3ch jednego, kt\u00f3rego wybra\u0142e\u015b, by zaj\u0105\u0142 miejsce w tym pos\u0142ugiwaniu i w apostolstwie, kt\u00f3remu sprzeniewierzy\u0142 si\u0119 Judasz, aby p\u00f3j\u015b\u0107 swoj\u0105 drog\u0105\u201d. I dali im losy, a los pad\u0142 na Macieja. I zosta\u0142 do\u0142\u0105czony do jedenastu aposto\u0142\u00f3w.<\/strong><\/em><\/p>\n<p><em><strong>(J 15,9-17)<span class=\"Apple-converted-space\">\u00a0<\/span><\/strong><\/em><\/p>\n<p><em><strong>Jezus powiedzia\u0142 do swoich uczni\u00f3w: \u201eJak Mnie umi\u0142owa\u0142 Ojciec, tak i Ja was umi\u0142owa\u0142em. Trwajcie w mi\u0142o\u015bci mojej. Je\u015bli b\u0119dziecie zachowywa\u0107 moje przykazania, b\u0119dziecie trwa\u0107 w mi\u0142o\u015bci mojej, tak jak Ja zachowa\u0142em przykazania Ojca mego i trwam w Jego mi\u0142o\u015bci. To wam powiedzia\u0142em, aby rado\u015b\u0107 moja w was by\u0142a i aby rado\u015b\u0107 wasza by\u0142a pe\u0142na. To jest moje przykazanie, aby\u015bcie si\u0119 wzajemnie mi\u0142owali, tak jak Ja was umi\u0142owa\u0142em. Nikt nie ma wi\u0119kszej mi\u0142o\u015bci od tej, gdy kto \u017cycie swoje oddaje za przyjaci\u00f3\u0142 swoich. Wy jeste\u015bcie przyjaci\u00f3\u0142mi moimi, je\u017celi czynicie to, co wam przykazuj\u0119. Ju\u017c was nie nazywam s\u0142ugami, bo s\u0142uga nie wie, co czyni pan jego, ale nazwa\u0142em was przyjaci\u00f3\u0142mi, albowiem oznajmi\u0142em wam wszystko, co us\u0142ysza\u0142em od Ojca mego. Nie wy\u015bcie Mnie wybrali, ale Ja was wybra\u0142em i przeznaczy\u0142em was na to, aby\u015bcie szli i owoc przynosili i by owoc wasz trwa\u0142, aby wszystko da\u0142 wam Ojciec, o cokolwiek Go poprosicie w imi\u0119 moje. To wam przykazuj\u0119, aby\u015bcie si\u0119 wzajemnie mi\u0142owali\u201d.<\/strong><\/em><\/p>\n<p>Drogi Bracie, droga Siostro, kiedy czytasz te s\u0142owa &#8211; czujesz si\u0119 radosnym? Jest w Tobie rado\u015b\u0107? Czy mo\u017ce odwrotnie, smutek, l\u0119k, prze\u017cywanie\u2026<span class=\"Apple-converted-space\">\u00a0<\/span><\/p>\n<p>Zatrzymaj si\u0119 chwil\u0119 i pomy\u015bl &#8211; jest rado\u015b\u0107?<\/p>\n<p>Owszem rado\u015b\u0107 mo\u017ce by\u0107 r\u00f3\u017cna, np. chce mi si\u0119 teraz co\u015b, taka po prostu zachcianka, np. pos\u0142ucha\u0107 muzyki, wypi\u0107 kaw\u0119, co\u015b sobie kupi\u0107, co\u015b obejrze\u0107, zwyczajnie chce mi si\u0119 jakiej\u015b przyjemno\u015bci. Czasem nawet w tej przyjemno\u015bci nic z\u0142ego nie ma, czasem mo\u017ce troch\u0119 i jest\u2026 Natychmiast d\u0105\u017c\u0119 do zaspokojenia tego pragnienia i czuj\u0119 rado\u015b\u0107. Jednak taka forma rado\u015bci trwa tyle ile &#8211; s\u0142ysz\u0119 muzyk\u0119, czuj\u0119 smak kawy, rzecz, kt\u00f3r\u0105 kupi\u0142em jest nowa i si\u0119 nie znudzi\u0142a, dop\u00f3ki trwa film, program, kt\u00f3ry sobie w\u0142\u0105czy\u0142em itd.<span class=\"Apple-converted-space\">\u00a0<\/span><\/p>\n<p>Jest inna forma rado\u015bci &#8211; rado\u015bci, \u017ce co\u015b osi\u0105gn\u0105\u0142em, wielkim trudem, samozaparciem, wytrwa\u0142\u0105 prac\u0105 po\u0142\u0105czon\u0105 z modlitw\u0105. Co\u015b osi\u0105gn\u0105\u0142em i si\u0119 ciesz\u0119. Ta rado\u015b\u0107 najpierw wymaga\u0142a trudu, ale potem jest rado\u015bci\u0105 bardziej trwa\u0142\u0105. Nie ginie tak szybko.<span class=\"Apple-converted-space\">\u00a0<\/span><\/p>\n<p>Dzi\u015b Jezus daje nam rado\u015b\u0107: \u201eaby rado\u015b\u0107 moja w was by\u0142a i aby rado\u015b\u0107 wasza by\u0142a pe\u0142na\u201d.<span class=\"Apple-converted-space\">\u00a0<\/span><\/p>\n<p>O jakiej rado\u015bci Jezus m\u00f3wi? &#8211; o Jego rado\u015bci, o pe\u0142nej rado\u015bci. M\u00f3wi o rado\u015bci doskona\u0142ej, trwa\u0142ej, najg\u0142\u0119bszej i najpe\u0142niejszej.<\/p>\n<p>Czy chcesz mie\u0107 w sobie tak\u0105 rado\u015b\u0107? Czy chcesz czu\u0107 w sobie tak\u0105 rado\u015b\u0107?<span class=\"Apple-converted-space\">\u00a0<\/span><\/p>\n<p>G\u0142upie pytanie, kto by nie chcia\u0142.<span class=\"Apple-converted-space\">\u00a0<\/span><\/p>\n<p>Jezus m\u00f3wi nam, co trzeba robi\u0107, aby tak\u0105 rado\u015b\u0107 mie\u0107.<\/p>\n<p>\u201eTrwajcie w mi\u0142o\u015bci mojej. Je\u015bli b\u0119dziecie zachowywa\u0107 moje przykazania, b\u0119dziecie trwa\u0107 w mi\u0142o\u015bci mojej, tak jak Ja zachowa\u0142em przykazania Ojca mego i trwam w Jego mi\u0142o\u015bci\u201d.<\/p>\n<p>Zachowywa\u0107 przykazania Boga, przykazania Jezusa &#8211; to jest wyrazem mi\u0142o\u015bci i to daje rado\u015b\u0107.<\/p>\n<p>Pomy\u015blmy &#8211; jakie przykazanie ostatnio nie ca\u0142kiem zachowa\u0142em? To w czym nie pos\u0142ucha\u0142em si\u0119 Jezusa, nawet je\u015bli obiektywnie nie jest jakim\u015b ci\u0119\u017ckim grzechem, ale jednak nie pos\u0142ucha\u0142em si\u0119 Jezusa, On wyra\u017anie chcia\u0142 inaczej, to odbiera mi rado\u015b\u0107, to przeszkadza mi cieszy\u0107 si\u0119 doskona\u0142\u0105 rado\u015bci\u0105.<span class=\"Apple-converted-space\">\u00a0<\/span><\/p>\n<p>I mo\u017ce nie czuj\u0119 wielkich wyrzut\u00f3w, \u017ce co\u015b strasznego zrobi\u0142em, ale jednak nie mam w sobie doskona\u0142ej rado\u015bci.<span class=\"Apple-converted-space\">\u00a0<\/span><\/p>\n<p>I dalej Jezus m\u00f3wi konkretniej, o jakie przykazanie szczeg\u00f3lnie Mu chodzi.<span class=\"Apple-converted-space\">\u00a0<\/span><\/p>\n<p>\u201eTo jest moje przykazanie, aby\u015bcie si\u0119 wzajemnie mi\u0142owali, tak jak Ja was umi\u0142owa\u0142em\u201d.<\/p>\n<p>Wzajemna mi\u0142o\u015b\u0107. Jednak zn\u00f3w, podobnie jak z rado\u015bci\u0105, bardzo r\u00f3\u017cnie mo\u017cna pojmowa\u0107 s\u0142owo mi\u0142o\u015b\u0107. Niedawno b\u0119d\u0105c w mieszkaniu wyjrza\u0142em przez okno. Na \u0142awce przed blokiem siedzia\u0142a para m\u0142odych ludzi, nawet bardzo m\u0142odych, ch\u0142opak i dziewczyna. By\u0142o im ze sob\u0105 dobrze, po godzinie zn\u00f3w spojrza\u0142em, dalej siedzieli, ale ju\u017c w obj\u0119ciach, po dw\u00f3ch godzinach dalej siedzieli, ale ju\u017c z poca\u0142unkami. Wygl\u0105dali na bardzo szcz\u0119\u015bliwych, jednak podejrzewam, \u017ce szcz\u0119\u015bcie takich ludzi trwa dok\u0142adnie tyle ile siedz\u0105 na \u0142awce przed blokiem. Owszem jest to jaki\u015b obraz mi\u0142o\u015bci, ale czy to jest mi\u0142o\u015b\u0107?<span class=\"Apple-converted-space\">\u00a0<\/span><\/p>\n<p>Jezus m\u00f3wi\u0105c o mi\u0142o\u015bci, daj\u0105c przykazanie mi\u0142o\u015bci, m\u00f3wi: \u201eaby\u015bcie si\u0119 wzajemnie mi\u0142owali, tak jak Ja was umi\u0142owa\u0142em\u201d. Tu jest klucz zrozumienia prawdziwej mi\u0142o\u015bci &#8211; jak Ja was umi\u0142owa\u0142em.<span class=\"Apple-converted-space\">\u00a0<\/span><\/p>\n<p>A jak nas Jezus umi\u0142owa\u0142? Odda\u0142 za nas \u017cycie, wzi\u0105\u0142 na Siebie nasze grzechy\u2026 Mi\u0142o\u015b\u0107 Jezusa to mi\u0142o\u015b\u0107 przebaczaj\u0105ca, mi\u0142o\u015b\u0107 bezwarunkowa, mi\u0142o\u015b\u0107 ofiarna.<span class=\"Apple-converted-space\">\u00a0<\/span><\/p>\n<p>Trudno m\u00f3wi\u0107 o wielkich emocjach, uczuciach, kiedy Jezusa biczowali, opluwali, wy\u015bmiewali, czy kiedy wisia\u0142 na krzy\u017cu. To nie uczucia, ale ofiara z siebie dla drugich, jest dowodem i wyrazem mi\u0142o\u015bci.<span class=\"Apple-converted-space\">\u00a0<\/span><\/p>\n<p>Kiedy tak kochamy, wtedy owa mi\u0142o\u015b\u0107 daje nam rado\u015b\u0107.<span class=\"Apple-converted-space\">\u00a0<\/span><\/p>\n<p>Kiedy kochamy tak jak kocha\u0142 Jezus, ale te\u017c kochamy dlatego \u017ce kocha\u0142 Jezus i kochamy razem z Jezusem, jednoczymy si\u0119 z Nim przez modlitw\u0119 i sakramenty &#8211; to jest \u017ar\u00f3d\u0142o prawdziwej, najg\u0142\u0119bszej mi\u0142o\u015bci.<span class=\"Apple-converted-space\">\u00a0<\/span><\/p>\n<p>Sp\u00f3jrzmy na ludzi wok\u00f3\u0142 siebie, swoich bliskich, najbli\u017cszych, a potem dalej\u2026 Sp\u00f3jrzmy na ludzi, kt\u00f3rych Pan B\u00f3g jako\u015b stawia w naszym \u017cyciu. Kocham ich tak? Z czego\u015b zrezygnowa\u0142em ze wzgl\u0119du na nich? Co\u015b po\u015bwi\u0119ci\u0142em, \u017ceby im by\u0142o lepiej? Zrezygnowa\u0142em z siebie, ze swojego ja, ze wzgl\u0119du na nich?<span class=\"Apple-converted-space\">\u00a0<\/span><\/p>\n<p>Je\u015bli b\u0119d\u0119 rezygnowa\u0142 z siebie, sk\u0142ada\u0142 siebie, swoje ja, swoje \u017cycie w ofierze ze wzgl\u0119du na drugiego cz\u0142owieka, wtedy kocham tak jak Jezus i wtedy mam w sobie rado\u015b\u0107.<span class=\"Apple-converted-space\">\u00a0<\/span><\/p>\n<p>A zatem &#8211; chcesz by\u0107 cz\u0142owiekiem radosnym? Kochaj tak jak kocha\u0142 Jezus.<span class=\"Apple-converted-space\">\u00a0<\/span><\/p>\n<p>Wa\u017cne jest te\u017c wielokrotnie powtarzane przez Jezusa s\u0142owo \u201eTrwa\u0107\u201d.<\/p>\n<p>Cech\u0105 prawdziwej mi\u0142o\u015bci jest trwanie w niej. Mo\u017cna raz zrobi\u0107 akcj\u0119 dobroczynn\u0105, nie przespa\u0107 nocy, \u017ceby pom\u00f3c cz\u0142owiekowi. I potem by\u0107 z siebie dumnym &#8211; prosz\u0119, jak ja si\u0119 po\u015bwi\u0119cam, jak ja rezygnuj\u0119 z siebie\u2026 Raz, no mo\u017ce dwa.<span class=\"Apple-converted-space\">\u00a0<\/span><\/p>\n<p>Jezus m\u00f3wi o trwaniu w mi\u0142o\u015bci.<span class=\"Apple-converted-space\">\u00a0<\/span><\/p>\n<p>Kiedy\u015b jedna kobieta pokaza\u0142a mi jaki\u015b film, nagrany przez znajomych, gdzie jej m\u0105\u017c m\u00f3wi\u0142 o tym, jak bardzo j\u0105 kocha. Niestety potem si\u0119 rozeszli i wiele przykro\u015bci od niego do\u015bwiadczy\u0142a. I pyta mnie &#8211; jak po czym\u015b takim mo\u017cna wierzy\u0107 ludziom? Czy prawdziwa, trwa\u0142a mi\u0142o\u015b\u0107, jest w og\u00f3le mo\u017cliwa?<span class=\"Apple-converted-space\">\u00a0<\/span><\/p>\n<p>No w\u0142a\u015bnie. Jest czy nie jest?<span class=\"Apple-converted-space\">\u00a0<\/span><\/p>\n<p>Trudno jest trwa\u0107 w ofiarnej mi\u0142o\u015bci. Zn\u00f3w szczeg\u00f3lny uk\u0142on w stron\u0119 rodzin, w stron\u0119 ma\u0142\u017conk\u00f3w &#8211; codziennie, jak to \u015bw. Pawe\u0142 m\u00f3wi &#8211; znosi\u0107 siebie nawzajem w mi\u0142o\u015bci.<span class=\"Apple-converted-space\">\u00a0<\/span><\/p>\n<p>Ca\u0142owa\u0107 si\u0119 na \u0142awce w euforii zauroczenia i zakochania, maj\u0105c po na\u015bcie lat, to nie jest trudne, ale potem, po kilku, kilkunastu, kilkudziesi\u0119ciu latach, sprz\u0105ta\u0107, gotowa\u0107, pra\u0107, znosi\u0107 z\u0142e humory, s\u0142ucha\u0107 ci\u0105gle to samo, w\u0105cha\u0107 przepocone ubranie, s\u0142ucha\u0107 chrapanie i ci\u0105gle trwa\u0107 w mi\u0142o\u015bci, nie poddawa\u0107 si\u0119, nie zniech\u0119ca\u0107, nie ulega\u0107 chwilowym kryzysom\u2026 To jest mi\u0142o\u015b\u0107 jak\u0105 pokaza\u0142, ofiarowa\u0142 nam Jezus. \u201eTo jest moje przykazanie, aby\u015bcie si\u0119 wzajemnie mi\u0142owali, tak jak Ja was umi\u0142owa\u0142em\u201d.<\/p>\n<p>I to daje rado\u015b\u0107.<span class=\"Apple-converted-space\">\u00a0<\/span><\/p>\n<p>Chcesz by\u0107 radosnym? Chcesz mie\u0107 i czu\u0107 rado\u015b\u0107? Zachowuj przykazania Jezusa: \u201eTo jest moje przykazanie, aby\u015bcie si\u0119 wzajemnie mi\u0142owali, tak jak Ja was umi\u0142owa\u0142em\u201d.<\/p>\n<p>Wybrali Macieja, los pad\u0142 na Macieja. Jaki zaszczyt, jaki musia\u0142 by\u0107 szcz\u0119\u015bliwy, ciekawe co czu\u0142 ten drugi\u2026<span class=\"Apple-converted-space\">\u00a0<\/span><\/p>\n<p>Jednak potem, jako aposto\u0142, Maciej odda\u0142 \u017cycie za Jezusa, zosta\u0142 zam\u0119czony na \u015bmier\u0107, zabity. Ta rado\u015b\u0107 i zaszczyt wybrania by\u0142a te\u017c powo\u0142aniem do m\u0119cze\u0144stwa, do oddania, ofiarowania \u017cycia za Jezusa.<span class=\"Apple-converted-space\">\u00a0<\/span><\/p>\n<p>Jeszcze s\u0142owa, wobec kt\u00f3rych dzi\u015b nie mo\u017cna przej\u015b\u0107 oboj\u0119tnie. Bardzo wa\u017cne s\u0142owa Jezusa:<span class=\"Apple-converted-space\">\u00a0<\/span><\/p>\n<p>\u201e Nie wy\u015bcie Mnie wybrali, ale Ja was wybra\u0142em i przeznaczy\u0142em was na to, aby\u015bcie szli i owoc przynosili i by owoc wasz trwa\u0142\u201d.<\/p>\n<p>To nie my wybrali\u015bmy Jezusa, to On wybra\u0142 nas. To nie Maciej wybra\u0142 powo\u0142anie apostolskie, ale Jezus wybra\u0142 Jego.<span class=\"Apple-converted-space\">\u00a0<\/span><\/p>\n<p>To nie ja wybra\u0142em powo\u0142anie kap\u0142a\u0144skie, ale Jezus wybra\u0142 mnie do tej s\u0142u\u017cby. To nie ja wybra\u0142em sobie, \u017ce przyjad\u0119 na Syberi\u0119, ale Jezus wybra\u0142 mnie do tej s\u0142u\u017cby. I wezwa\u0142 mnie bym przynosi\u0142 owoc i to owoc trwa\u0142y. I ja mam trwa\u0107 w tym powo\u0142aniu nawet je\u015bli jest trudno, i mam kocha\u0107 innych, kt\u00f3rych Pan B\u00f3g mi daje, nawet je\u015bli nie jest to zawsze mi\u0142e, mam przynosi\u0107 owoc mi\u0142o\u015bci, owoc trwa\u0142y, dba\u0107, by ten owoc trwa\u0142 tak\u017ce i w tych, kt\u00f3rym s\u0142u\u017c\u0119.<span class=\"Apple-converted-space\">\u00a0<\/span><\/p>\n<p>To nie Ty wybra\u0142e\u015b, wybra\u0142a\u015b powo\u0142anie ma\u0142\u017ce\u0144skie, rodzinne, rodzicielskie, ale Jezus tak wybra\u0142 i powo\u0142a\u0142. To nie Ty wybra\u0142e\u015b sobie m\u0119\u017ca, \u017con\u0119 (mam nadziej\u0119 nie Ty), ale Jezus wybra\u0142.<span class=\"Apple-converted-space\">\u00a0<\/span><\/p>\n<p>A nawet &#8211; to nie Ty wybra\u0142e\u015b \u017cycie w samotno\u015bci, i nie Ty wybra\u0142e\u015b \u017cycie jako wdowa, czy wdowiec (to o czym siostry ostatnio pisa\u0142y &#8211; umar\u0142 m\u0142ody m\u0119\u017cczyzna, zostaje dwudziesto kilku letnia wdowa z dzieckiem, niedawno z ni\u0105 rozmawia\u0142em, trudne do\u015bwiadczenie, ale\u2026), ale Jezus tak zadecydowa\u0142, On Ci\u0119 prowadzi, On ma dla Ciebie zadanie w tym \u017cyciu, \u017ceby\u015b kocha\u0142, kocha\u0142a, \u017ceby\u015b oddawa\u0142(a) swoje \u017cycie w s\u0142u\u017cbie Jemu i drugiemu cz\u0142owiekowi. Jezus Ci\u0119 powo\u0142uje, aby\u015b szed\u0142 (sz\u0142a) i przynosi\u0142 owoc obfity, i by ten owoc trwa\u0142.<span class=\"Apple-converted-space\">\u00a0<\/span><\/p>\n<p>Jezu, do czego mnie dzi\u015b powo\u0142ujesz, do czego mnie wzywasz? Jak mog\u0119 dzi\u015b kocha\u0107? Jak mog\u0119 dzi\u015b ofiarowywa\u0107 swoje \u017cycie w s\u0142u\u017cbie Tobie i w mi\u0142o\u015bci do drugiego cz\u0142owieka? Co mog\u0119 dzi\u015b konkretnie zrobi\u0107, \u017ceby mie\u0107 rado\u015b\u0107 w sobie, Twoj\u0105 rado\u015b\u0107?<span class=\"Apple-converted-space\">\u00a0<\/span><\/p>\n<p>Dzi\u015b jeste\u015bmy wezwani do wsp\u00f3lnej modlitwy, razem z wyznawcami innych religii, do modlitwy, postu i uczynk\u00f3w mi\u0142osierdzia z intencj\u0105 &#8211; o Bo\u017ce Mi\u0142osierdzie i wybawienie \u015bwiata od pandemii.<span class=\"Apple-converted-space\">\u00a0<\/span><\/p>\n<p>A wi\u0119c robimy to, do czego wzywa nas dzi\u015b S\u0142owo Bo\u017ce, tylko z intencj\u0105 konkretn\u0105.<span class=\"Apple-converted-space\">\u00a0<\/span><\/p>\n<p>A wi\u0119c robimy to do czego wzywa\u0142a nas Maryja wczoraj, a raczej ju\u017c wcze\u015bniej, w Fatimie &#8211; modlimy si\u0119 na r\u00f3\u017ca\u0144cu i ofiarujemy r\u00f3\u017cne cierpienia, umartwienia, problemy, jakie niesie \u017cycie codzienne, o nawr\u00f3cenie grzesznik\u00f3w. A wi\u0119c prosimy o Mi\u0142osierdzie Bo\u017ce dla \u015bwiata, dla nas.<span class=\"Apple-converted-space\">\u00a0<\/span><\/p>\n<p>Niech na to wszystko b\u0142ogos\u0142awi nam Pan B\u00f3g.<span class=\"Apple-converted-space\">\u00a0<\/span><\/p>\n<p>Niech Was b\u0142ogos\u0142awi B\u00f3g Wszechmog\u0105cy, Ojciec + i Syn, i Duch \u015awi\u0119ty. Amen. <span class=\"Apple-converted-space\">\u00a0<\/span><\/p>\n<p>A jeszcze &#8211; ciesz\u0119 si\u0119 Wasz\u0105 rado\u015bci\u0105, \u017ce mo\u017cecie ju\u017c swobodniej do ko\u015bcio\u0142a chodzi\u0107, \u017ce ju\u017c od (jak to by\u0142o wczoraj powiedziane) niedzieli 18 maja (cho\u0107 niedziela b\u0119dzie 17) mo\u017ce ju\u017c by\u0107 wi\u0119cej ludzi w ko\u015bciele. Bogu dzi\u0119ki.<span class=\"Apple-converted-space\">\u00a0<\/span><\/p>\n<p>U nas wszystko jest p\u00f3\u017aniej, p\u00f3\u017aniej przysz\u0142o do\u015bwiadczenie pandemii i p\u00f3\u017aniej zapewne b\u0119d\u0105 luzowa\u0107. Na razie trwamy na transmisjach, rozmy\u015blaniach, filmikach. Nawet pokazali mnie przez chwil\u0119 w ostatnim programie \u201eOkiem wiary\u201d, gdzie w\u0142a\u015bnie o tych transmisjach i rozmy\u015blaniach m\u00f3wi\u0142em. Z d\u0142u\u017cszej wypowiedzi wzi\u0119li kilka sekund, ale w zasadzie to co najwa\u017cniejsze &#8211; Bo\u017ce S\u0142owo.<span class=\"Apple-converted-space\">\u00a0<\/span><\/p>\n<p>Raz jeszcze pozdrawiam i prosz\u0119 Was o modlitw\u0119 za mnie, za nas, za nasz\u0105 parafi\u0119, za ko\u015bci\u00f3\u0142 na Syberii.<span class=\"Apple-converted-space\">\u00a0<\/span><\/p>\n<p>Z Bogiem!<\/p>\n","protected":false},"excerpt":{"rendered":"<p>\u0425\u0440\u0438\u0441\u0442\u043e\u0441 \u0412\u043e\u0441\u043a\u0440\u0435\u0441! Witam Was bardzo serdecznie i pozdrawiam z Syberii, z Surgutu.\u00a0 Ostatnio mamy upalne dni (dzi\u015b ju\u017c troch\u0119 ch\u0142odniej) oko\u0142o +28, co jest absolutnie anomalne w tym czasie i w tym miejscu. Pisz\u0105, \u017ce od 1947 r. takiego ciep\u0142a w tym czasie nie by\u0142o (nie wiem czy wcze\u015bniej nie mierzyli, czy wtedy by\u0142o tak [&hellip;]<\/p>\n","protected":false},"author":3,"featured_media":0,"comment_status":"open","ping_status":"open","sticky":false,"template":"","format":"standard","meta":{"jetpack_post_was_ever_published":false,"_jetpack_newsletter_access":"","_jetpack_dont_email_post_to_subs":false,"_jetpack_newsletter_tier_id":0,"_jetpack_memberships_contains_paywalled_content":false,"_jetpack_memberships_contains_paid_content":false,"footnotes":""},"categories":[1],"tags":[],"class_list":["post-16986","post","type-post","status-publish","format-standard","hentry","category-bez-kategorii"],"yoast_head":"<!-- This site is optimized with the Yoast SEO plugin v25.1 - https:\/\/yoast.com\/wordpress\/plugins\/seo\/ -->\n<title>Jest w tobie rado\u015b\u0107? - Gaudium Et Spes<\/title>\n<meta name=\"robots\" content=\"index, follow, max-snippet:-1, max-image-preview:large, max-video-preview:-1\" \/>\n<link rel=\"canonical\" href=\"https:\/\/gaudiumetspes-blog.pl\/index.php\/2020\/05\/14\/jest-w-tobie-radosc\/\" \/>\n<meta property=\"og:locale\" content=\"pl_PL\" \/>\n<meta property=\"og:type\" content=\"article\" \/>\n<meta property=\"og:title\" content=\"Jest w tobie rado\u015b\u0107? - Gaudium Et Spes\" \/>\n<meta property=\"og:description\" content=\"\u0425\u0440\u0438\u0441\u0442\u043e\u0441 \u0412\u043e\u0441\u043a\u0440\u0435\u0441! Witam Was bardzo serdecznie i pozdrawiam z Syberii, z Surgutu.\u00a0 Ostatnio mamy upalne dni (dzi\u015b ju\u017c troch\u0119 ch\u0142odniej) oko\u0142o +28, co jest absolutnie anomalne w tym czasie i w tym miejscu. Pisz\u0105, \u017ce od 1947 r. takiego ciep\u0142a w tym czasie nie by\u0142o (nie wiem czy wcze\u015bniej nie mierzyli, czy wtedy by\u0142o tak [&hellip;]\" \/>\n<meta property=\"og:url\" content=\"https:\/\/gaudiumetspes-blog.pl\/index.php\/2020\/05\/14\/jest-w-tobie-radosc\/\" \/>\n<meta property=\"og:site_name\" content=\"Gaudium Et Spes\" \/>\n<meta property=\"article:published_time\" content=\"2020-05-14T09:22:30+00:00\" \/>\n<meta property=\"article:modified_time\" content=\"2020-05-14T09:39:04+00:00\" \/>\n<meta property=\"og:image\" content=\"https:\/\/gaudiumetspes-blog.pl\/wp-content\/uploads\/2020\/05\/74FC5BB9-4EE9-4B0A-88BE-27A98CAC8AC2-300x225.jpeg\" \/>\n<meta name=\"author\" content=\"Ks. Marek\" \/>\n<meta name=\"twitter:card\" content=\"summary_large_image\" \/>\n<meta name=\"twitter:label1\" content=\"Napisane przez\" \/>\n\t<meta name=\"twitter:data1\" content=\"Ks. Marek\" \/>\n\t<meta name=\"twitter:label2\" content=\"Szacowany czas czytania\" \/>\n\t<meta name=\"twitter:data2\" content=\"11 minut\" \/>\n<script type=\"application\/ld+json\" class=\"yoast-schema-graph\">{\"@context\":\"https:\/\/schema.org\",\"@graph\":[{\"@type\":\"WebPage\",\"@id\":\"https:\/\/gaudiumetspes-blog.pl\/index.php\/2020\/05\/14\/jest-w-tobie-radosc\/\",\"url\":\"https:\/\/gaudiumetspes-blog.pl\/index.php\/2020\/05\/14\/jest-w-tobie-radosc\/\",\"name\":\"Jest w tobie rado\u015b\u0107? - Gaudium Et Spes\",\"isPartOf\":{\"@id\":\"https:\/\/gaudiumetspes-blog.pl\/#website\"},\"primaryImageOfPage\":{\"@id\":\"https:\/\/gaudiumetspes-blog.pl\/index.php\/2020\/05\/14\/jest-w-tobie-radosc\/#primaryimage\"},\"image\":{\"@id\":\"https:\/\/gaudiumetspes-blog.pl\/index.php\/2020\/05\/14\/jest-w-tobie-radosc\/#primaryimage\"},\"thumbnailUrl\":\"https:\/\/gaudiumetspes-blog.pl\/wp-content\/uploads\/2020\/05\/74FC5BB9-4EE9-4B0A-88BE-27A98CAC8AC2-300x225.jpeg\",\"datePublished\":\"2020-05-14T09:22:30+00:00\",\"dateModified\":\"2020-05-14T09:39:04+00:00\",\"author\":{\"@id\":\"https:\/\/gaudiumetspes-blog.pl\/#\/schema\/person\/12bc173d67dadb67c1c90d9c6c34c643\"},\"breadcrumb\":{\"@id\":\"https:\/\/gaudiumetspes-blog.pl\/index.php\/2020\/05\/14\/jest-w-tobie-radosc\/#breadcrumb\"},\"inLanguage\":\"pl-PL\",\"potentialAction\":[{\"@type\":\"ReadAction\",\"target\":[\"https:\/\/gaudiumetspes-blog.pl\/index.php\/2020\/05\/14\/jest-w-tobie-radosc\/\"]}]},{\"@type\":\"ImageObject\",\"inLanguage\":\"pl-PL\",\"@id\":\"https:\/\/gaudiumetspes-blog.pl\/index.php\/2020\/05\/14\/jest-w-tobie-radosc\/#primaryimage\",\"url\":\"https:\/\/gaudiumetspes-blog.pl\/wp-content\/uploads\/2020\/05\/74FC5BB9-4EE9-4B0A-88BE-27A98CAC8AC2.jpeg\",\"contentUrl\":\"https:\/\/gaudiumetspes-blog.pl\/wp-content\/uploads\/2020\/05\/74FC5BB9-4EE9-4B0A-88BE-27A98CAC8AC2.jpeg\",\"width\":4032,\"height\":3024},{\"@type\":\"BreadcrumbList\",\"@id\":\"https:\/\/gaudiumetspes-blog.pl\/index.php\/2020\/05\/14\/jest-w-tobie-radosc\/#breadcrumb\",\"itemListElement\":[{\"@type\":\"ListItem\",\"position\":1,\"name\":\"Strona g\u0142\u00f3wna\",\"item\":\"https:\/\/gaudiumetspes-blog.pl\/\"},{\"@type\":\"ListItem\",\"position\":2,\"name\":\"Jest w&nbsp;tobie rado\u015b\u0107?\"}]},{\"@type\":\"WebSite\",\"@id\":\"https:\/\/gaudiumetspes-blog.pl\/#website\",\"url\":\"https:\/\/gaudiumetspes-blog.pl\/\",\"name\":\"Gaudium Et Spes\",\"description\":\"Blog Ks. Jacka Ja\u015bkowskiego\",\"potentialAction\":[{\"@type\":\"SearchAction\",\"target\":{\"@type\":\"EntryPoint\",\"urlTemplate\":\"https:\/\/gaudiumetspes-blog.pl\/?s={search_term_string}\"},\"query-input\":{\"@type\":\"PropertyValueSpecification\",\"valueRequired\":true,\"valueName\":\"search_term_string\"}}],\"inLanguage\":\"pl-PL\"},{\"@type\":\"Person\",\"@id\":\"https:\/\/gaudiumetspes-blog.pl\/#\/schema\/person\/12bc173d67dadb67c1c90d9c6c34c643\",\"name\":\"Ks. Marek\",\"image\":{\"@type\":\"ImageObject\",\"inLanguage\":\"pl-PL\",\"@id\":\"https:\/\/gaudiumetspes-blog.pl\/#\/schema\/person\/image\/\",\"url\":\"https:\/\/gaudiumetspes-blog.pl\/wp-content\/uploads\/2019\/08\/73914d81-03a2-41a3-a2c0-9e0651fc6189-150x150.jpg\",\"contentUrl\":\"https:\/\/gaudiumetspes-blog.pl\/wp-content\/uploads\/2019\/08\/73914d81-03a2-41a3-a2c0-9e0651fc6189-150x150.jpg\",\"caption\":\"Ks. Marek\"},\"description\":\"Nazywam si\u0119 Ks. Marek Ja\u015bkowski i jestem Proboszczem Parafii \u015aw. J\u00f3zefa Robotnika w Surgucie i Parafii \u015aw. Paw\u0142a Aposto\u0142a w Nojabrsku. Moja Parafia to p\u00f3\u0142nocna cz\u0119\u015b\u0107 zachodniej Syberii \u2013 mo\u017cna powiedzie\u0107, \u017ce terytorialnie to prawie po\u0142owa Diecezji nowosybirskiej, jej p\u00f3\u0142nocna cz\u0119\u015b\u0107. Nasz Biskup okre\u015bli\u0142 kiedy\u015b, \u017ce jest to terytorialnie najwi\u0119ksza Parafia na \u015bwiecie! Terytorium Parafii jest czterokrotnie wi\u0119ksze od terytorium Polski! Przez kilka lat by\u0142em jedynym rzymskokatolickim ksi\u0119dzem na tym terytorium, od wrze\u015bnia 2019 roku pos\u0142ug\u0119 podejmuje Wsp\u00f3\u0142pracownik, Ks. Pawe\u0142 Czelu\u015bci\u0144ski. W Parafii pos\u0142uguj\u0105 tak\u017ce dwie Siostry od Anio\u0142\u00f3w, S. Joann i S. Teresa. Terytorium naszej Parafii to Chanty-Mansyjski Autonomiczny Okr\u0119g i Jamalsko-Nieniecki Autonomiczny Okr\u0119g. Jest to terytorium, kt\u00f3re s\u0142ynie z wydobycia ropy i gazu. Wi\u0119kszo\u015b\u0107 ropy, wydobywanej w Rosji \u2013 wydobywa si\u0119 z terenu mojej Parafii. W zwi\u0105zku z tym, w ostatnich kilku dziesi\u0119cioleciach, przyby\u0142o mn\u00f3stwo ludzi w poszukiwaniu pracy. Na tym terenie jest kilkana\u015bcie, a mo\u017ce i kilkadziesi\u0105t \u2013 cz\u0119sto nowych miast, w kt\u00f3rych osiedlaj\u0105 si\u0119 owi przyje\u017cd\u017caj\u0105cy ludzie. Odwiedzamy miasta: Jugorsk i Sowiecki, oddalone 650 km od Surgutu; Uraj \u2013 730 km; Niaga\u0144 \u2013 600 km; Chanty-Mansyjsk \u2013 300 km. To kierunek po\u0142udniowo \u2013 zachodni. Natomiast na p\u00f3\u0142nocy odwiedzamy Nojabrsk \u2013 320 km i Koga\u0142ym \u2013 190 km, Gubkinskij \u2013 500 km; Tarko-Sale \u2013 600 km; Nowyj Urengoj \u2013 760 km. Je\u017adzimy te\u017c do Tiumenii, \u017ceby stamt\u0105d polecie\u0107 samolotem do Salechardu, na ko\u0142o podbiegunowe \u2013 ponad 1100 km w prostej linii \u2013 \u017ceby i tam odwiedzi\u0107 naszych Parafian, kt\u00f3rzy cz\u0119sto bior\u0105 urlop w pracy, aby spotka\u0107 si\u0119 z nami, uczestniczy\u0107 we Mszy \u015awi\u0119tej i w katechizacji. Do Salechardu nie ma drogi, mo\u017cna dotrze\u0107 tylko samolotem, albo (latem) statkiem. Wymienione miasta to tylko niekt\u00f3re z miejsc, kt\u00f3re odwiedzamy. W ca\u0142ej naszej Parafii mamy jeden ko\u015bci\u00f3\u0142 \u2013 w Surgucie \u2013 i jedn\u0105 kaplic\u0119, w Nojabrsku, w jednym z blok\u00f3w. W innych miejscach spotykamy si\u0119 w mieszkaniach Parafian. Ludzie jednak cz\u0119sto kr\u0119puj\u0105 si\u0119 przychodzi\u0107 do kogo\u015b, do domu. A Parafia najbardziej rozwija si\u0119 tam, gdzie jest \u015bwi\u0105tynia. Ostatnio kupili\u015bmy dom na kaplic\u0119 w Koga\u0142ymie. Konieczny jest tam jednak gruntowny remont, kt\u00f3ry aktualnie prowadzimy. Nast\u0119pnym miejscem oczekuj\u0105cym na swoj\u0105 \u015bwi\u0105tyni\u0119 - kaplic\u0119 jest Chanty-Mansyjsk. Dramatycznie potrzeba tu ksi\u0119\u017cy! \u017beby kr\u00f3lestwo Bo\u017ce mog\u0142o wzrasta\u0107 w sercach ludzi, musz\u0105 mie\u0107 oni cz\u0119stszy dost\u0119p do Sakrament\u00f3w. Na terenie naszej Parafii mieszka jakie\u015b 2,5 miliona ludzi, w samym Surgucie \u2013 350 tysi\u0119cy. A tylko dw\u00f3ch Ksi\u0119\u017cy i dwie Siostry. Prosimy Was zatem o dwojak\u0105 pomoc: Modlitwa \u2013 to najwa\u017cniejsze! Prosz\u0119 Was, pom\u00f3dlcie si\u0119 za nasz\u0105 Parafi\u0119 przynajmniej dziesi\u0105tkiem R\u00f3\u017ca\u0144ca, a potem pom\u00f3dlcie si\u0119 przez wstawiennictwo naszych \u015awi\u0119tych Patron\u00f3w: Matki Bo\u017cej Fatimskiej, \u015aw. J\u00f3zefa Robotnika, \u015aw. Paw\u0142a Aposto\u0142a, \u015aw. Jana Paw\u0142a II, Micha\u0142a Archanio\u0142a i Anio\u0142\u00f3w Str\u00f3\u017c\u00f3w. Ofiara \u2013 materialna pomoc tak\u017ce jest nam niezmiernie potrzebna ze wzgl\u0119du na budow\u0119 domu parafialnego w Surgucie, remont domu na kaplic\u0119 w Koga\u0142ymie, oraz organizowanie spotka\u0144 wsp\u00f3lnot i miejsc modlitwy w wielu innych miastach. Wszystkim Darczy\u0144com z serca dzi\u0119kujemy i obiecujemy modlitw\u0119! Niech Was b\u0142ogos\u0142awi B\u00f3g Wszechmog\u0105cy: Ojciec + i Syn, i Duch \u015awi\u0119ty. Amen o.marek@mail.ru www.catholicsurgut.ru Dane do przelewu: Marek Ja\u015bkowski ul. K\u0105pielowa 19\/2 21-500 Bia\u0142a Podlaska Nr konta: 50 1020 5558 1111 1548 2400 0027\",\"url\":\"https:\/\/gaudiumetspes-blog.pl\/index.php\/author\/ks-marek\/\"}]}<\/script>\n<!-- \/ Yoast SEO plugin. -->","yoast_head_json":{"title":"Jest w tobie rado\u015b\u0107? - Gaudium Et Spes","robots":{"index":"index","follow":"follow","max-snippet":"max-snippet:-1","max-image-preview":"max-image-preview:large","max-video-preview":"max-video-preview:-1"},"canonical":"https:\/\/gaudiumetspes-blog.pl\/index.php\/2020\/05\/14\/jest-w-tobie-radosc\/","og_locale":"pl_PL","og_type":"article","og_title":"Jest w tobie rado\u015b\u0107? - Gaudium Et Spes","og_description":"\u0425\u0440\u0438\u0441\u0442\u043e\u0441 \u0412\u043e\u0441\u043a\u0440\u0435\u0441! Witam Was bardzo serdecznie i pozdrawiam z Syberii, z Surgutu.\u00a0 Ostatnio mamy upalne dni (dzi\u015b ju\u017c troch\u0119 ch\u0142odniej) oko\u0142o +28, co jest absolutnie anomalne w tym czasie i w tym miejscu. Pisz\u0105, \u017ce od 1947 r. takiego ciep\u0142a w tym czasie nie by\u0142o (nie wiem czy wcze\u015bniej nie mierzyli, czy wtedy by\u0142o tak [&hellip;]","og_url":"https:\/\/gaudiumetspes-blog.pl\/index.php\/2020\/05\/14\/jest-w-tobie-radosc\/","og_site_name":"Gaudium Et Spes","article_published_time":"2020-05-14T09:22:30+00:00","article_modified_time":"2020-05-14T09:39:04+00:00","og_image":[{"url":"https:\/\/gaudiumetspes-blog.pl\/wp-content\/uploads\/2020\/05\/74FC5BB9-4EE9-4B0A-88BE-27A98CAC8AC2-300x225.jpeg","type":"","width":"","height":""}],"author":"Ks. Marek","twitter_card":"summary_large_image","twitter_misc":{"Napisane przez":"Ks. Marek","Szacowany czas czytania":"11 minut"},"schema":{"@context":"https:\/\/schema.org","@graph":[{"@type":"WebPage","@id":"https:\/\/gaudiumetspes-blog.pl\/index.php\/2020\/05\/14\/jest-w-tobie-radosc\/","url":"https:\/\/gaudiumetspes-blog.pl\/index.php\/2020\/05\/14\/jest-w-tobie-radosc\/","name":"Jest w tobie rado\u015b\u0107? - Gaudium Et Spes","isPartOf":{"@id":"https:\/\/gaudiumetspes-blog.pl\/#website"},"primaryImageOfPage":{"@id":"https:\/\/gaudiumetspes-blog.pl\/index.php\/2020\/05\/14\/jest-w-tobie-radosc\/#primaryimage"},"image":{"@id":"https:\/\/gaudiumetspes-blog.pl\/index.php\/2020\/05\/14\/jest-w-tobie-radosc\/#primaryimage"},"thumbnailUrl":"https:\/\/gaudiumetspes-blog.pl\/wp-content\/uploads\/2020\/05\/74FC5BB9-4EE9-4B0A-88BE-27A98CAC8AC2-300x225.jpeg","datePublished":"2020-05-14T09:22:30+00:00","dateModified":"2020-05-14T09:39:04+00:00","author":{"@id":"https:\/\/gaudiumetspes-blog.pl\/#\/schema\/person\/12bc173d67dadb67c1c90d9c6c34c643"},"breadcrumb":{"@id":"https:\/\/gaudiumetspes-blog.pl\/index.php\/2020\/05\/14\/jest-w-tobie-radosc\/#breadcrumb"},"inLanguage":"pl-PL","potentialAction":[{"@type":"ReadAction","target":["https:\/\/gaudiumetspes-blog.pl\/index.php\/2020\/05\/14\/jest-w-tobie-radosc\/"]}]},{"@type":"ImageObject","inLanguage":"pl-PL","@id":"https:\/\/gaudiumetspes-blog.pl\/index.php\/2020\/05\/14\/jest-w-tobie-radosc\/#primaryimage","url":"https:\/\/gaudiumetspes-blog.pl\/wp-content\/uploads\/2020\/05\/74FC5BB9-4EE9-4B0A-88BE-27A98CAC8AC2.jpeg","contentUrl":"https:\/\/gaudiumetspes-blog.pl\/wp-content\/uploads\/2020\/05\/74FC5BB9-4EE9-4B0A-88BE-27A98CAC8AC2.jpeg","width":4032,"height":3024},{"@type":"BreadcrumbList","@id":"https:\/\/gaudiumetspes-blog.pl\/index.php\/2020\/05\/14\/jest-w-tobie-radosc\/#breadcrumb","itemListElement":[{"@type":"ListItem","position":1,"name":"Strona g\u0142\u00f3wna","item":"https:\/\/gaudiumetspes-blog.pl\/"},{"@type":"ListItem","position":2,"name":"Jest w&nbsp;tobie rado\u015b\u0107?"}]},{"@type":"WebSite","@id":"https:\/\/gaudiumetspes-blog.pl\/#website","url":"https:\/\/gaudiumetspes-blog.pl\/","name":"Gaudium Et Spes","description":"Blog Ks. Jacka Ja\u015bkowskiego","potentialAction":[{"@type":"SearchAction","target":{"@type":"EntryPoint","urlTemplate":"https:\/\/gaudiumetspes-blog.pl\/?s={search_term_string}"},"query-input":{"@type":"PropertyValueSpecification","valueRequired":true,"valueName":"search_term_string"}}],"inLanguage":"pl-PL"},{"@type":"Person","@id":"https:\/\/gaudiumetspes-blog.pl\/#\/schema\/person\/12bc173d67dadb67c1c90d9c6c34c643","name":"Ks. Marek","image":{"@type":"ImageObject","inLanguage":"pl-PL","@id":"https:\/\/gaudiumetspes-blog.pl\/#\/schema\/person\/image\/","url":"https:\/\/gaudiumetspes-blog.pl\/wp-content\/uploads\/2019\/08\/73914d81-03a2-41a3-a2c0-9e0651fc6189-150x150.jpg","contentUrl":"https:\/\/gaudiumetspes-blog.pl\/wp-content\/uploads\/2019\/08\/73914d81-03a2-41a3-a2c0-9e0651fc6189-150x150.jpg","caption":"Ks. Marek"},"description":"Nazywam si\u0119 Ks. Marek Ja\u015bkowski i jestem Proboszczem Parafii \u015aw. J\u00f3zefa Robotnika w Surgucie i Parafii \u015aw. Paw\u0142a Aposto\u0142a w Nojabrsku. Moja Parafia to p\u00f3\u0142nocna cz\u0119\u015b\u0107 zachodniej Syberii \u2013 mo\u017cna powiedzie\u0107, \u017ce terytorialnie to prawie po\u0142owa Diecezji nowosybirskiej, jej p\u00f3\u0142nocna cz\u0119\u015b\u0107. Nasz Biskup okre\u015bli\u0142 kiedy\u015b, \u017ce jest to terytorialnie najwi\u0119ksza Parafia na \u015bwiecie! Terytorium Parafii jest czterokrotnie wi\u0119ksze od terytorium Polski! Przez kilka lat by\u0142em jedynym rzymskokatolickim ksi\u0119dzem na tym terytorium, od wrze\u015bnia 2019 roku pos\u0142ug\u0119 podejmuje Wsp\u00f3\u0142pracownik, Ks. Pawe\u0142 Czelu\u015bci\u0144ski. W Parafii pos\u0142uguj\u0105 tak\u017ce dwie Siostry od Anio\u0142\u00f3w, S. Joann i S. Teresa. Terytorium naszej Parafii to Chanty-Mansyjski Autonomiczny Okr\u0119g i Jamalsko-Nieniecki Autonomiczny Okr\u0119g. Jest to terytorium, kt\u00f3re s\u0142ynie z wydobycia ropy i gazu. Wi\u0119kszo\u015b\u0107 ropy, wydobywanej w Rosji \u2013 wydobywa si\u0119 z terenu mojej Parafii. W zwi\u0105zku z tym, w ostatnich kilku dziesi\u0119cioleciach, przyby\u0142o mn\u00f3stwo ludzi w poszukiwaniu pracy. Na tym terenie jest kilkana\u015bcie, a mo\u017ce i kilkadziesi\u0105t \u2013 cz\u0119sto nowych miast, w kt\u00f3rych osiedlaj\u0105 si\u0119 owi przyje\u017cd\u017caj\u0105cy ludzie. Odwiedzamy miasta: Jugorsk i Sowiecki, oddalone 650 km od Surgutu; Uraj \u2013 730 km; Niaga\u0144 \u2013 600 km; Chanty-Mansyjsk \u2013 300 km. To kierunek po\u0142udniowo \u2013 zachodni. Natomiast na p\u00f3\u0142nocy odwiedzamy Nojabrsk \u2013 320 km i Koga\u0142ym \u2013 190 km, Gubkinskij \u2013 500 km; Tarko-Sale \u2013 600 km; Nowyj Urengoj \u2013 760 km. Je\u017adzimy te\u017c do Tiumenii, \u017ceby stamt\u0105d polecie\u0107 samolotem do Salechardu, na ko\u0142o podbiegunowe \u2013 ponad 1100 km w prostej linii \u2013 \u017ceby i tam odwiedzi\u0107 naszych Parafian, kt\u00f3rzy cz\u0119sto bior\u0105 urlop w pracy, aby spotka\u0107 si\u0119 z nami, uczestniczy\u0107 we Mszy \u015awi\u0119tej i w katechizacji. Do Salechardu nie ma drogi, mo\u017cna dotrze\u0107 tylko samolotem, albo (latem) statkiem. Wymienione miasta to tylko niekt\u00f3re z miejsc, kt\u00f3re odwiedzamy. W ca\u0142ej naszej Parafii mamy jeden ko\u015bci\u00f3\u0142 \u2013 w Surgucie \u2013 i jedn\u0105 kaplic\u0119, w Nojabrsku, w jednym z blok\u00f3w. W innych miejscach spotykamy si\u0119 w mieszkaniach Parafian. Ludzie jednak cz\u0119sto kr\u0119puj\u0105 si\u0119 przychodzi\u0107 do kogo\u015b, do domu. A Parafia najbardziej rozwija si\u0119 tam, gdzie jest \u015bwi\u0105tynia. Ostatnio kupili\u015bmy dom na kaplic\u0119 w Koga\u0142ymie. Konieczny jest tam jednak gruntowny remont, kt\u00f3ry aktualnie prowadzimy. Nast\u0119pnym miejscem oczekuj\u0105cym na swoj\u0105 \u015bwi\u0105tyni\u0119 - kaplic\u0119 jest Chanty-Mansyjsk. Dramatycznie potrzeba tu ksi\u0119\u017cy! \u017beby kr\u00f3lestwo Bo\u017ce mog\u0142o wzrasta\u0107 w sercach ludzi, musz\u0105 mie\u0107 oni cz\u0119stszy dost\u0119p do Sakrament\u00f3w. Na terenie naszej Parafii mieszka jakie\u015b 2,5 miliona ludzi, w samym Surgucie \u2013 350 tysi\u0119cy. A tylko dw\u00f3ch Ksi\u0119\u017cy i dwie Siostry. Prosimy Was zatem o dwojak\u0105 pomoc: Modlitwa \u2013 to najwa\u017cniejsze! Prosz\u0119 Was, pom\u00f3dlcie si\u0119 za nasz\u0105 Parafi\u0119 przynajmniej dziesi\u0105tkiem R\u00f3\u017ca\u0144ca, a potem pom\u00f3dlcie si\u0119 przez wstawiennictwo naszych \u015awi\u0119tych Patron\u00f3w: Matki Bo\u017cej Fatimskiej, \u015aw. J\u00f3zefa Robotnika, \u015aw. Paw\u0142a Aposto\u0142a, \u015aw. Jana Paw\u0142a II, Micha\u0142a Archanio\u0142a i Anio\u0142\u00f3w Str\u00f3\u017c\u00f3w. Ofiara \u2013 materialna pomoc tak\u017ce jest nam niezmiernie potrzebna ze wzgl\u0119du na budow\u0119 domu parafialnego w Surgucie, remont domu na kaplic\u0119 w Koga\u0142ymie, oraz organizowanie spotka\u0144 wsp\u00f3lnot i miejsc modlitwy w wielu innych miastach. Wszystkim Darczy\u0144com z serca dzi\u0119kujemy i obiecujemy modlitw\u0119! Niech Was b\u0142ogos\u0142awi B\u00f3g Wszechmog\u0105cy: Ojciec + i Syn, i Duch \u015awi\u0119ty. Amen o.marek@mail.ru www.catholicsurgut.ru Dane do przelewu: Marek Ja\u015bkowski ul. K\u0105pielowa 19\/2 21-500 Bia\u0142a Podlaska Nr konta: 50 1020 5558 1111 1548 2400 0027","url":"https:\/\/gaudiumetspes-blog.pl\/index.php\/author\/ks-marek\/"}]}},"jetpack_featured_media_url":"","jetpack_sharing_enabled":true,"_links":{"self":[{"href":"https:\/\/gaudiumetspes-blog.pl\/index.php\/wp-json\/wp\/v2\/posts\/16986","targetHints":{"allow":["GET"]}}],"collection":[{"href":"https:\/\/gaudiumetspes-blog.pl\/index.php\/wp-json\/wp\/v2\/posts"}],"about":[{"href":"https:\/\/gaudiumetspes-blog.pl\/index.php\/wp-json\/wp\/v2\/types\/post"}],"author":[{"embeddable":true,"href":"https:\/\/gaudiumetspes-blog.pl\/index.php\/wp-json\/wp\/v2\/users\/3"}],"replies":[{"embeddable":true,"href":"https:\/\/gaudiumetspes-blog.pl\/index.php\/wp-json\/wp\/v2\/comments?post=16986"}],"version-history":[{"count":2,"href":"https:\/\/gaudiumetspes-blog.pl\/index.php\/wp-json\/wp\/v2\/posts\/16986\/revisions"}],"predecessor-version":[{"id":16989,"href":"https:\/\/gaudiumetspes-blog.pl\/index.php\/wp-json\/wp\/v2\/posts\/16986\/revisions\/16989"}],"wp:attachment":[{"href":"https:\/\/gaudiumetspes-blog.pl\/index.php\/wp-json\/wp\/v2\/media?parent=16986"}],"wp:term":[{"taxonomy":"category","embeddable":true,"href":"https:\/\/gaudiumetspes-blog.pl\/index.php\/wp-json\/wp\/v2\/categories?post=16986"},{"taxonomy":"post_tag","embeddable":true,"href":"https:\/\/gaudiumetspes-blog.pl\/index.php\/wp-json\/wp\/v2\/tags?post=16986"}],"curies":[{"name":"wp","href":"https:\/\/api.w.org\/{rel}","templated":true}]}}