{"id":17009,"date":"2020-05-16T07:26:55","date_gmt":"2020-05-16T05:26:55","guid":{"rendered":"https:\/\/gaudiumetspes-blog.pl\/?p=17009"},"modified":"2020-05-16T07:26:55","modified_gmt":"2020-05-16T05:26:55","slug":"aby-swiat-uwierzyl","status":"publish","type":"post","link":"https:\/\/gaudiumetspes-blog.pl\/index.php\/2020\/05\/16\/aby-swiat-uwierzyl\/","title":{"rendered":"Aby \u015bwiat uwierzy\u0142&#8230;"},"content":{"rendered":"<p align=\"justify\"><span style=\"color: #000000;\"><span style=\"font-family: Book Antiqua, serif;\"><span style=\"font-size: large;\">Szcz\u0119\u015b\u0107 Bo\u017ce! Moi Drodzy, przedwczoraj, czyli w czwartek, <b>urodziny prze\u017cywa<\/b><b>\u0142<\/b><b> m\u00f3j Chrze\u015bniak i jednocze\u015bnie Brat cioteczny, Piotr Oleszczuk, <\/b><b>kt\u00f3remu \u017cycz\u0119, aby <\/b><b>uk\u0142ada\u0142 ca\u0142e swoje \u017cycie po my\u015bli Jezusa!<\/b><\/span><\/span><\/span><\/p>\n<p align=\"justify\"><span style=\"color: #000000;\"><span style=\"font-family: Book Antiqua, serif;\"><span style=\"font-size: large;\"><b>Imieniny <\/b><b>natomiast <\/b><b>prze\u017cywa<\/b><b>li <\/b><b>tego dnia<\/b><b>: <\/b><\/span><\/span><\/span><\/p>\n<p align=\"justify\"><span style=\"color: #000000;\">\u25ba<span style=\"font-family: Book Antiqua, serif;\"><span style=\"font-size: large;\"><b>Maciej Przybysz, m\u00f3j \u201eChrze\u015bniak\u201d z Bierzmowania i by\u0142y Lektor w Parafii w Tr\u0105bkach; <\/b><\/span><\/span><\/span><\/p>\n<p align=\"justify\"><span style=\"color: #000000;\">\u25ba<span style=\"font-family: Book Antiqua, serif;\"><span style=\"font-size: large;\"><b>Ksi\u0105dz Maciej Mi\u0119tek, z kt\u00f3rym wsp\u00f3\u0142pracowa\u0142em w Parafii Ojca Pio w Warszawie; <\/b><\/span><\/span><\/span><\/p>\n<p align=\"justify\"><span style=\"color: #000000;\">\u25ba<span style=\"font-family: Book Antiqua, serif;\"><span style=\"font-size: large;\"><b>Maciej Mucha, m\u00f3j by\u0142y Ucze\u0144 <\/b><b>w \u017belechowie<\/b><b>;<\/b><\/span><\/span><\/span><\/p>\n<p align=\"justify\"><span style=\"color: #000000;\">\u25ba<span style=\"font-family: Book Antiqua, serif;\"><span style=\"font-size: large;\"><b>Maciej Dziak \u2013 Lektor w Miastkowie i m\u00f3j by\u0142y Ucze\u0144 w miastkowskim Gimnazjum.<\/b><\/span><\/span><\/span><\/p>\n<p align=\"justify\"><span style=\"color: #000000;\"><span style=\"font-family: Book Antiqua, serif;\"><span style=\"font-size: large;\"><b>Natomiast wczoraj rocznic\u0119 \u015bwi\u0119ce\u0144 kap\u0142a\u0144skich prze\u017cywa\u0142 m\u00f3j Przyjaciel, Ksi\u0105dz Mariusz Szyszko, oraz Jego Koledzy z roku, w tym m\u00f3j Wsp\u00f3\u0142pracownik w Duszpasterstwie Akademickim, Ksi\u0105dz Tomasz Ma\u0142ki\u0144ski.<\/b><\/span><\/span><\/span><\/p>\n<p align=\"justify\"><span style=\"color: #000000;\"><span style=\"font-family: Book Antiqua, serif;\"><span style=\"font-size: large;\"><b>Imieniny za\u015b prze\u017cywa\u0142a Zofia Pa\u0142ysa, Siostra Jakuba, kt\u00f3ra zaledwie trzy dni temu \u015bwi\u0119towa\u0142a osiemnaste urodziny.<\/b><\/span><\/span><\/span><\/p>\n<p align=\"justify\"><span style=\"color: #000000;\"><span style=\"font-family: Book Antiqua, serif;\"><span style=\"font-size: large;\"><b>Z kolei, w dniu dzisiejszym imieniny prze\u017cywaj\u0105:<\/b><\/span><\/span><\/span><\/p>\n<p align=\"justify\"><span style=\"color: #000000;\">\u25ba<span style=\"font-family: Book Antiqua, serif;\"><span style=\"font-size: large;\"><b>Arcybiskup Andrzej Dzi\u0119ga &#8211; przed laty Dziekan Wydzia\u0142u Prawa, Prawa Kanonicznego i Administracji KUL;<\/b><\/span><\/span><\/span><\/p>\n<p align=\"justify\"><span style=\"color: #000000;\">\u25ba<span style=\"font-family: Book Antiqua, serif;\"><span style=\"font-size: large;\"><b>Ksi\u0105dz Andrzej Polak, kt\u00f3ry jako starszy Kolega wprowadza\u0142 mnie w arkana \u017cycia seminaryjnego;<\/b><\/span><\/span><\/span><\/p>\n<p align=\"justify\"><span style=\"color: #000000;\">\u25ba<span style=\"font-family: Book Antiqua, serif;\"><span style=\"font-size: large;\"><b>Ksi\u0105dz Andrzej Szpura &#8211; Kolega z jednego liceum i z jednej miejscowo\u015bci; tak\u017ce: wczorajszy Jubilat;<\/b><\/span><\/span><\/span><\/p>\n<p align=\"justify\"><span style=\"color: #000000;\">\u25ba<span style=\"font-family: Book Antiqua, serif;\"><span style=\"font-size: large;\"><b>Ksi\u0105dz Andrzej Witkowski &#8211; by\u0142y Proboszcz mojej rodzinnej Parafii.<\/b><\/span><\/span><\/span><\/p>\n<p align=\"justify\"><span style=\"color: #000000;\"><span style=\"font-family: Book Antiqua, serif;\"><span style=\"font-size: large;\"><b>Rocznic\u0119 \u015blubu prze\u017cywaj\u0105 natomiast Pa\u0144stwo Marta i Dawid B\u0142aszczakowie, tak\u017ce z Bia\u0142ej Podlaskiej.<\/b><\/span><\/span><\/span><\/p>\n<p align=\"justify\"><span style=\"color: #000000;\"><span style=\"font-family: Book Antiqua, serif;\"><span style=\"font-size: large;\"><b>Urodziny za\u015b prze\u017cywa Grzegorz Pa\u0142yska, nale\u017c\u0105cy w swoim czasie do Wsp\u00f3lnoty m\u0142odzie\u017cowej w Tr\u0105bkach.<\/b><\/span><\/span><\/span><\/p>\n<p align=\"justify\"><span style=\"color: #000000;\"><span style=\"font-family: Book Antiqua, serif;\"><span style=\"font-size: large;\"><b>Urodziny prze\u017cywa dzisiaj tak\u017ce Prezydent Polski, Andrzej Duda.<\/b><\/span><\/span><\/span><\/p>\n<p align=\"justify\"><span style=\"color: #000000;\"><span style=\"font-family: Book Antiqua, serif;\"><span style=\"font-size: large;\"><b>Wszystkim dzisiaj \u015bwi\u0119tuj\u0105cym \u017cycz\u0119, aby swoj\u0105 modlitw\u0105 i przyk\u0142adem \u017cycia \u2013 jak dzisiejszy Patron \u2013 jednoczyli ludzi z Bogiem i ludzi pomi\u0119dzy sob\u0105! Zapewniam o swojej modlitwie w tej intecji!<\/b><\/span><\/span><\/span><\/p>\n<p align=\"justify\"><span style=\"color: #000000;\"><span style=\"font-family: Book Antiqua, serif;\"><span style=\"font-size: large;\">Moi Drodzy, bardzo serdecznie dzi\u0119kujemy Ksi\u0119dzu Markowi i Siostrom za cotygodniowy \u201edy\u017cur\u201d na naszym blogu. Pi\u0119knie, \u017ce uda\u0142o si\u0119 ukszta\u0142towa\u0107 tak\u0105 tradycj\u0119, kt\u00f3ra \u2013 mam nadziej\u0119 \u2013 utrwali si\u0119 na przysz\u0142o\u015b\u0107. Wszyscy widzimy, jak wiele dobrego wnosi ka\u017cde s\u0142\u00f3wko z Syberii do naszej refleksji o Bogu, o Ko\u015bciele, o \u017cyciu, o wierze\u2026 Dzi\u0119kujemy za rado\u015b\u0107 i entuzjazm, za ciekawe pomys\u0142y duszpasterskie i katechetyczne, ale przede wszystkim \u2013 za trwanie na posterunku, tak\u017ce w tym trudnym czasie\u2026 Wspieramy modlitw\u0105 wszelkie dobre dzia\u0142ania!<\/span><\/span><\/span><\/p>\n<p align=\"justify\"><span style=\"color: #000000;\"><span style=\"font-family: Book Antiqua, serif;\"><span style=\"font-size: large;\">A ja wczoraj by\u0142em w Kodniu, gdzie w Bazylice, przed wystawionym tam teraz przez ca\u0142y dzie\u0144 Naj\u015bwi\u0119tszym Sakramentem, oraz przed obliczem Matki w Jej Kode\u0144skim Wizerunku, a potem przemierzaj\u0105c m\u00f3j upatrzony szlak nad rzek\u0105 Bug, przep\u0142ywaj\u0105c\u0105 tu\u017c obok, stanowi\u0105c\u0105 te\u017c granic\u0119 z Polski z Bia\u0142orusi\u0105 \u2013 i odmawiaj\u0105c R\u00f3\u017caniec z R\u00f3\u017ca\u0144cem, powierza\u0142em Bogu sprawy Ko\u015bcio\u0142a i \u015bwiata, ale tak\u017ce Was samych i Wasze sprawy. <\/span><\/span><\/span><\/p>\n<p align=\"justify\"><span style=\"color: #000000;\"><span style=\"font-family: Book Antiqua, serif;\"><span style=\"font-size: large;\">Szlakiem tym w\u0119druj\u0119 w trakcie ka\u017cdych rekolekcji kap\u0142a\u0144skich, jakie prze\u017cywam w Kodniu. To pi\u0119kne miejsce, gdzie serce samo wr\u0119cz zwraca si\u0119 ku Bogu. Tam te\u017c modli\u0142em si\u0119 o Bo\u017ce zmi\u0142owanie i uwolnienie od obecnego do\u015bwiadczenia.<\/span><\/span><\/span><\/p>\n<p align=\"justify\"><span style=\"color: #000000;\"><span style=\"font-family: Book Antiqua, serif;\"><span style=\"font-size: large;\">I w\u0142a\u015bnie o t\u0119 modlitw\u0119 nieustannie prosz\u0119 Was! Moi Drodzy \u2013 nie os\u0142abiajmy naszej gorliwo\u015bci i zapa\u0142u! Niech pi\u0119kno przyrody, rozkwitaj\u0105cej w wiosennym s\u0142o\u0144cu, po raz kolejny przekona nas, \u017ce Pan naprawd\u0119 o nas nie zapomnia\u0142 i naprawd\u0119 nas kocha; chce naszego dobra. Niech nasz\u0105 odpowiedzi\u0105 b\u0119dzie trwanie przy Nim. W tym kontek\u015bcie, raz jeszcze odwo\u0142uj\u0119 si\u0119 do mojego APELU DO WSZYSTKICH, sprzed dw\u00f3ch tygodni. Potwierdzam jego aktualno\u015b\u0107. <\/span><\/span><\/span><\/p>\n<p align=\"justify\"><span style=\"color: #000000;\"><span style=\"font-family: Book Antiqua, serif;\"><span style=\"font-size: large;\">Razem z Maryj\u0105 i Ko\u015bcio\u0142em \u2013 trwajmy na modlitwie, przygotowuj\u0105c si\u0119 na Zes\u0142anie Ducha \u015awi\u0119tego, kt\u00f3ry oby po raz kolejny odnowi\u0142 oblicze naszej Ziemi. I otworzy\u0142 na o\u015bcie\u017c wszystkie drzwi!Nie zapomnijmy te\u017c codziennie dzi\u0119kowa\u0107 za to, co ju\u017c nam da\u0142. A widzimy, \u017ce daje nam ogromnie wiele. Przede wszystkim \u2013 wyprowadza nas \u201ena prost\u0105\u201d z tego do\u015bwiadczenia, pozwala nam te\u017c do\u015bwiadczy\u0107 wiele dobrych owoc\u00f3w tego czasu. Niech Mu b\u0119dzie za to wieczna chwa\u0142a \u2013 i nasza serdeczna wdzi\u0119czno\u015b\u0107!<\/span><\/span><\/span><\/p>\n<p align=\"justify\"><span style=\"color: #000000;\"><span style=\"font-family: Book Antiqua, serif;\"><span style=\"font-size: large;\"><b>Niech Was b\u0142ogos\u0142awi B\u00f3g Wszechmog\u0105cy: Ojciec + i Syn, i Duch \u015awi\u0119ty. Amen<\/b><\/span><\/span><\/span><\/p>\n<p align=\"center\"><span style=\"color: #000000;\"><span style=\"font-family: Book Antiqua, serif;\"><span style=\"font-size: large;\">Gaudium et spes! Ks. Jacek<\/span><\/span><\/span><\/p>\n<p align=\"center\">\n<p align=\"center\">\n<p align=\"center\">\n<p align=\"center\">\n<p align=\"center\">\n<p align=\"justify\"><span style=\"color: #000000;\"><span style=\"font-family: Book Antiqua, serif;\"><span style=\"font-size: large;\"><b>\u015awi\u0119to \u015awi\u0119tego Andrzeja Boboli, <\/b><\/span><\/span><\/span><\/p>\n<p align=\"justify\"><span style=\"color: #000000;\"><span style=\"font-family: Book Antiqua, serif;\"><span style=\"font-size: large;\"><b>Kap\u0142ana i M\u0119czennika, Patrona Polski,<\/b><\/span><\/span><\/span><\/p>\n<p align=\"justify\"><span style=\"color: #000000;\"><span style=\"font-family: Book Antiqua, serif;\"><span style=\"font-size: large;\"><b>16 maja 2020.,<\/b><\/span><\/span><\/span><\/p>\n<p align=\"justify\"><span style=\"color: #000000;\"><span style=\"font-family: Book Antiqua, serif;\"><span style=\"font-size: large;\"><b>do czyta\u0144 z t. VI Lekcjonarza: <\/b><\/span><\/span><\/span><\/p>\n<p align=\"justify\"><span style=\"color: #000000;\"> <span style=\"font-family: Book Antiqua, serif;\"><span style=\"font-size: large;\"><b>Ap 12,10\u201312a; 1 Kor 1,10\u201313.17\u201318; J 17,20\u201326<\/b><\/span><\/span><\/span><\/p>\n<p align=\"justify\">\n<p align=\"justify\">\n<p align=\"justify\">\n<p align=\"justify\">\n<p align=\"justify\">\n<p align=\"justify\"><span style=\"color: #000000;\"><span style=\"font-family: Book Antiqua, serif;\"><span style=\"font-size: large;\"><b>CZYTANIE Z KSI\u0118GI APOKALIPSY \u015aWI\u0118TEGO JANA APOSTO\u0141A: <\/b><\/span><\/span><\/span><\/p>\n<p align=\"justify\"><span style=\"color: #000000;\"><span style=\"font-family: Book Antiqua, serif;\"><span style=\"font-size: large;\"><b>Ja, Jan, us\u0142ysza\u0142em dono\u015bny g\u0142os m\u00f3wi\u0105cy w niebie: \u201eTeraz nasta\u0142o zbawienie, pot\u0119ga i kr\u00f3lowanie Boga naszego i w\u0142adza Jego Pomaza\u0144ca, bo str\u0105cony zosta\u0142 oskar\u017cyciel naszych braci, kt\u00f3ry dniem i noc\u0105 oskar\u017ca ich przed naszym Bogiem. A oni zwyci\u0119\u017cyli dzi\u0119ki krwi Baranka i dzi\u0119ki s\u0142owu swojego \u015bwiadectwa i nie umi\u0142owali \u017cycia a\u017c do \u015bmierci. <\/b><\/span><\/span><\/span><\/p>\n<p align=\"justify\"><span style=\"color: #000000;\"><span style=\"font-family: Book Antiqua, serif;\"><span style=\"font-size: large;\"><b>Dlatego radujcie si\u0119, niebiosa oraz ich mieszka\u0144cy\u201d.<\/b><\/span><\/span><\/span><\/p>\n<p align=\"justify\">\n<p align=\"justify\">\n<p align=\"justify\">\n<p align=\"justify\">\n<p align=\"justify\">\n<p align=\"center\"><span style=\"color: #000000;\"><span style=\"font-family: Book Antiqua, serif;\"><span style=\"font-size: large;\"><b>ALBO:<\/b><\/span><\/span><\/span><\/p>\n<p align=\"center\">\n<p align=\"center\">\n<p align=\"center\">\n<p align=\"center\">\n<p align=\"center\">\n<p align=\"justify\"><span style=\"color: #000000;\"><span style=\"font-family: Book Antiqua, serif;\"><span style=\"font-size: large;\"><b>CZYTANIE Z PIERWSZEGO LISTU \u015aWI\u0118TEGO PAW\u0141A APOSTO\u0141A DO KORYNTIAN:<\/b><\/span><\/span><\/span><\/p>\n<p align=\"justify\"><span style=\"color: #000000;\"><span style=\"font-family: Book Antiqua, serif;\"><span style=\"font-size: large;\"><b>Upominam was, bracia, w imi\u0119 Pana naszego Jezusa Chrystusa, aby\u015bcie byli zgodni i by nie by\u0142o w\u015br\u00f3d was roz\u0142am\u00f3w; by\u015bcie byli jednego ducha i jednej my\u015bli. <\/b><\/span><\/span><\/span><\/p>\n<p align=\"justify\"><span style=\"color: #000000;\"><span style=\"font-family: Book Antiqua, serif;\"><span style=\"font-size: large;\"><b>Doniesiono mi bowiem o was, bracia moi, przez ludzi Chloe, \u017ce zdarzaj\u0105 si\u0119 mi\u0119dzy wami spory. My\u015bl\u0119 o tym, co ka\u017cdy z was m\u00f3wi: \u201eJa jestem Paw\u0142a, a ja Apollosa; ja jestem Kefasa, a ja Chrystusa\u201d. Czy\u017c Chrystus jest podzielony? Czy\u017c Pawe\u0142 zosta\u0142 za was ukrzy\u017cowany? Czy\u017c w imi\u0119 Paw\u0142a zostali\u015bcie ochrzczeni? <\/b><\/span><\/span><\/span><\/p>\n<p align=\"justify\"><span style=\"color: #000000;\"><span style=\"font-family: Book Antiqua, serif;\"><span style=\"font-size: large;\"><b>Nie pos\u0142a\u0142 mnie Chrystus, abym chrzci\u0142, lecz abym g\u0142osi\u0142 Ewangeli\u0119, i to nie w m\u0105dro\u015bci s\u0142owa, by nie zniweczy\u0107 Chrystusowego krzy\u017ca. Nauka bowiem krzy\u017ca g\u0142upstwem jest dla tych, co id\u0105 na zatracenie, moc\u0105 Bo\u017c\u0105 za\u015b dla nas, kt\u00f3rzy dost\u0119pujemy zbawienia.<\/b><\/span><\/span><\/span><\/p>\n<p align=\"justify\">\n<p align=\"justify\">\n<p align=\"justify\">\n<p align=\"justify\">\n<p align=\"justify\">\n<p align=\"justify\"><span style=\"color: #000000;\"><span style=\"font-family: Book Antiqua, serif;\"><span style=\"font-size: large;\"><b>S\u0141OWA EWANGELII WED\u0141UG \u015aWI\u0118TEGO JANA: <\/b><\/span><\/span><\/span><\/p>\n<p align=\"justify\"><span style=\"color: #000000;\"><span style=\"font-family: Book Antiqua, serif;\"><span style=\"font-size: large;\"><b>W czasie ostatniej wieczerzy Jezus, podni\u00f3s\u0142szy oczy ku niebu, modli\u0142 si\u0119 tymi s\u0142owami: <\/b><\/span><\/span><\/span><\/p>\n<p align=\"justify\"><span style=\"color: #000000;\">\u201e<span style=\"font-family: Book Antiqua, serif;\"><span style=\"font-size: large;\"><b>Ojcze \u015awi\u0119ty, prosz\u0119 nie tylko za nimi, ale i za tymi, kt\u00f3rzy dzi\u0119ki ich s\u0142owu b\u0119d\u0105 wierzy\u0107 we Mnie, aby wszyscy stanowili jedno, jak Ty, Ojcze, we Mnie, a Ja w Tobie, aby i oni stanowili jedno w Nas, aby \u015bwiat uwierzy\u0142, \u017ce\u015b Ty Mnie pos\u0142a\u0142. <\/b><\/span><\/span><\/span><\/p>\n<p align=\"justify\"><span style=\"color: #000000;\"><span style=\"font-family: Book Antiqua, serif;\"><span style=\"font-size: large;\"><b>I tak\u017ce chwa\u0142\u0119, kt\u00f3r\u0105 Mi da\u0142e\u015b, przekaza\u0142em im, aby stanowili jedno, tak jak My jedno stanowimy. Ja w nich, a Ty we Mnie. Oby si\u0119 tak zespolili w jedno, aby \u015bwiat pozna\u0142, \u017ce\u015b Ty Mnie pos\u0142a\u0142 i \u017ce\u015b Ty ich umi\u0142owa\u0142 tak, jak Mnie umi\u0142owa\u0142e\u015b. <\/b><\/span><\/span><\/span><\/p>\n<p align=\"justify\"><span style=\"color: #000000;\"><span style=\"font-family: Book Antiqua, serif;\"><span style=\"font-size: large;\"><b>Ojcze, chc\u0119, aby tak\u017ce ci, kt\u00f3rych Mi da\u0142e\u015b, byli ze Mn\u0105 tam, gdzie Ja jestem, aby widzieli chwa\u0142\u0119 moj\u0105, kt\u00f3r\u0105 Mi da\u0142e\u015b, bo umi\u0142owa\u0142e\u015b Mnie przed za\u0142o\u017ceniem \u015bwiata. <\/b><\/span><\/span><\/span><\/p>\n<p align=\"justify\"><span style=\"color: #000000;\"><span style=\"font-family: Book Antiqua, serif;\"><span style=\"font-size: large;\"><b>Ojcze sprawiedliwy! \u015awiat Ciebie nie pozna\u0142, lecz Ja Ciebie pozna\u0142em i oni poznali, \u017ce\u015b Ty Mnie pos\u0142a\u0142. Objawi\u0142em im Twoje imi\u0119 i nadal b\u0119d\u0119 objawia\u0142, aby mi\u0142o\u015b\u0107, kt\u00f3r\u0105 Ty Mnie umi\u0142owa\u0142e\u015b, w nich by\u0142a i Ja w nich\u201d.<\/b><\/span><\/span><\/span><\/p>\n<p align=\"justify\">\n<p align=\"justify\">\n<p align=\"justify\">\n<p align=\"justify\">\n<p align=\"justify\">\n<p align=\"justify\"><span style=\"color: #000000;\"><span style=\"font-size: large;\"><span style=\"font-family: Book Antiqua, serif;\">Dzisiejszy nasz Patron, \u015awi\u0119ty Andrzej urodzi\u0142 si\u0119 30 listopada 1591 roku w Strachocinie ko\u0142o Sanoka. <\/span><span style=\"font-family: Book Antiqua, serif;\"><b>Pochodzi\u0142 ze szlacheckiej rodziny, bardzo przywi\u0105zanej do religii katolickiej.<\/b><\/span><span style=\"font-family: Book Antiqua, serif;\"> Nauki humanistyczne wst\u0119pne i \u015brednie wraz z retoryk\u0105 Andrzej pobiera\u0142 w jednej ze szk\u00f3\u0142 jezuickich, prawdopodobnie w Wilnie, w latach 1606\u20131611. Tu opanowa\u0142 <\/span><span style=\"font-family: Book Antiqua, serif;\"><b>sztuk\u0119 wymowy i posiad\u0142 doskona\u0142\u0105 znajomo\u015b\u0107 j\u0119zyka greckiego,<\/b><\/span><span style=\"font-family: Book Antiqua, serif;\"> co u\u0142atwi\u0142o mu w przysz\u0142o\u015bci rozczytywanie si\u0119 w pismach greckich Ojc\u00f3w Ko\u015bcio\u0142a i dyskusjach z teologami prawos\u0142awnymi.<\/span><\/span><\/span><\/p>\n<p align=\"justify\"><span style=\"color: #000000;\"><span style=\"font-size: large;\"><span style=\"font-family: Book Antiqua, serif;\">Dnia 31 lipca 1611 roku, w wieku lat dwudziestu, <\/span><span style=\"font-family: Book Antiqua, serif;\"><b>wst\u0105pi\u0142 do jezuit\u00f3w w Wilnie, gdzie 12 marca 1622 roku otrzyma\u0142 \u015bwi\u0119cenia kap\u0142a\u0144skie.<\/b><\/span><span style=\"font-family: Book Antiqua, serif;\"> Po \u015bwi\u0119ceniach by\u0142 rektorem ko\u015bcio\u0142a, kaznodziej\u0105, spowiednikiem, misjonarzem ludowym i prefektem bursy dla ubogiej m\u0142odzie\u017cy w Nie\u015bwie\u017cu. <\/span><span style=\"font-family: Book Antiqua, serif;\">Jako misjonarz, Andrzej <\/span><span style=\"font-family: Book Antiqua, serif;\"><b>obchodzi\u0142 zaniedbane wioski, chrzci\u0142, \u0142\u0105czy\u0142 pary ma\u0142\u017ce\u0144skie, wielu grzesznik\u00f3w sk\u0142oni\u0142 do Spowiedzi, nawraca\u0142 prawos\u0142awnych.<\/b><\/span><span style=\"font-family: Book Antiqua, serif;\"> W latach 1624 \u2013 1630 kierowa\u0142 Sodalicj\u0105 Maria\u0144sk\u0105 mieszczan, prowadzi\u0142 konferencje z Pisma \u015awi\u0119tego i dogmatyki. Wreszcie zosta\u0142 mianowany rektorem ko\u015bcio\u0142a \u015awi\u0119tego Kazimierza w Wilnie. Nast\u0119pnie pracowa\u0142 kolejno w Bobrujsku, Po\u0142ocku, Warszawie, \u0141om\u017cy, w Wilnie i w Pi\u0144sku. <\/span><\/span><\/span><\/p>\n<p align=\"justify\"><span style=\"color: #000000;\"><span style=\"font-size: large;\"><span style=\"font-family: Book Antiqua, serif;\">Z relacji jemu wsp\u00f3\u0142czesnych wynika, \u017ce <\/span><span style=\"font-family: Book Antiqua, serif;\">Andrzej by\u0142 <\/span><span style=\"font-family: Book Antiqua, serif;\"><b>sk\u0142onny do gniewu i zapalczywo\u015bci, do <\/b><\/span><span style=\"font-family: Book Antiqua, serif;\"><b>upierania si\u0119 przy<\/b><\/span><span style=\"font-family: Book Antiqua, serif;\"><b> w\u0142asnym zdaniu, a do tego jeszcze \u2013 niecierpliwy.<\/b><\/span><span style=\"font-family: Book Antiqua, serif;\"> Jednak \u015bwiadectwa prze\u0142o\u017conych, zostawione na pi\u015bmie, podkre\u015blaj\u0105, \u017ce pracowa\u0142 nad sob\u0105, \u017ce mia\u0142 wybitne zdolno\u015bci, by\u0142 dobrym kaznodziej\u0105, mia\u0142 dar obcowania z lud\u017ami. Wytrwa\u0142\u0105 prac\u0105 nad sob\u0105 doszed\u0142 <\/span><span style=\"font-family: Book Antiqua, serif;\"><b>do takiego stopnia doskona\u0142o\u015bci chrze\u015bcija\u0144skiej i zakonnej, \u017ce pod koniec \u017cycia powszechnie nazywano go \u015bwi\u0119tym.<\/b><\/span><span style=\"font-family: Book Antiqua, serif;\"> Dzi\u0119ki wsp\u00f3\u0142pracy z Bo\u017c\u0105 \u0142ask\u0105 potrafi\u0142 wznie\u015b\u0107 si\u0119 ponad przeci\u0119tno\u015b\u0107, na wy\u017cyny heroizmu!<\/span><\/span><\/span><\/p>\n<p align=\"justify\"><span style=\"color: #000000;\"><span style=\"font-size: large;\"><span style=\"font-family: Book Antiqua, serif;\">Przez ca\u0142e swe pracowite \u017cycie <\/span><span style=\"font-family: Book Antiqua, serif;\"><b>Andrzej wyr\u00f3\u017cnia\u0142 si\u0119 \u017carliwo\u015bci\u0105 o zbawienie dusz. <\/b><\/span><span style=\"font-family: Book Antiqua, serif;\">Dlatego by\u0142 niezmordowany w g\u0142oszeniu kaza\u0144 i w spowiadaniu. <\/span><span style=\"font-family: Book Antiqua, serif;\">Mieszka\u0144cy Polesia \u017cyli w\u00f3wczas w wielkim zaniedbaniu religijnym. Szerzy\u0142a si\u0119 ciemnota, zabobony, pija\u0144stwo. Andrzej chodzi\u0142 po wioskach \u2013 od domu do domu \u2013 i naucza\u0142. <\/span><span style=\"font-family: Book Antiqua, serif;\"><b>Nazwano go aposto\u0142em Pi\u0144szczyzny i Polesia.<\/b><\/span><span style=\"font-family: Book Antiqua, serif;\"> Nawr\u00f3ci\u0142 wielu prawos\u0142awnych. Jego gorliwo\u015b\u0107, kt\u00f3r\u0105 najlepiej okre\u015bla nadany mu przydomek \u201e\u0142owcy dusz\u201d \u2013 tak zwanego \u201eduszochwata\u201d \u2013 sta\u0142a si\u0119 <\/span><span style=\"font-family: Book Antiqua, serif;\"><b>powodem wrogo\u015bci ze strony prawos\u0142awnych.<\/b><\/span><span style=\"font-family: Book Antiqua, serif;\"> W czasie wojen kozackich przerodzi\u0142a si\u0119 wr\u0119cz <\/span><span style=\"font-family: Book Antiqua, serif;\"><b>w nienawi\u015b\u0107<\/b><\/span><span style=\"font-family: Book Antiqua, serif;\"> i mia\u0142a tragiczny fina\u0142.<\/span><\/span><\/span><\/p>\n<p align=\"justify\"><span style=\"color: #000000;\"><span style=\"font-size: large;\"><span style=\"font-family: Book Antiqua, serif;\">Pi\u0144sk jako miasto pogranicza, by\u0142 w tamtym okresie cz\u0119sto miejscem walk i zatarg\u00f3w. Do roku 1657 by\u0142 w r\u0119kach polskich i jezuici mogli tu w miar\u0119 normalnie pracowa\u0107. Ale ju\u017c w tym w\u0142a\u015bnie roku wkroczyli Kozacy. Najbardziej zagro\u017ceni jezuici \u2013 w\u015br\u00f3d nich nasz Patron \u2013 <\/span><span style=\"font-family: Book Antiqua, serif;\"><b>ratowali si\u0119 ucieczk\u0105.<\/b><\/span><span style=\"font-family: Book Antiqua, serif;\"> Udawa\u0142o si\u0119 to do czasu, kiedy <\/span><span style=\"font-family: Book Antiqua, serif;\"><b>pod wsi\u0105 Mogilno Andrzeja pochwyci\u0142 oddzia\u0142 \u017co\u0142nierzy. <\/b><\/span><\/span><\/span><\/p>\n<p align=\"justify\"><span style=\"color: #000000;\"><span style=\"font-size: large;\"><span style=\"font-family: Book Antiqua, serif;\">Wtedy zdarto ze\u0144 sukni\u0119 kap\u0142a\u0144sk\u0105 i na p\u00f3\u0142 obna\u017conego zaprowadzono pod p\u0142ot, gdzie <\/span><span style=\"font-family: Book Antiqua, serif;\"><b>przywi\u0105zanego do s\u0142upa, zacz\u0119to bi\u0107 nahajami.<\/b><\/span><span style=\"font-family: Book Antiqua, serif;\"> Kiedy ani namowy, ani krwawe bicie nie z\u0142ama\u0142o kap\u0142ana, aby si\u0119 wyrzek\u0142 wiary, oprawcy uci\u0119li \u015bwie\u017ce ga\u0142\u0119zie wierzbowe, upletli z niej koron\u0119 na wz\u00f3r Chrystusowej i w\u0142o\u017cyli j\u0105 na jego g\u0142ow\u0119. <\/span><span style=\"font-family: Book Antiqua, serif;\"><b>Zacz\u0119to go policzkowa\u0107, a\u017c wybito mu z\u0119by, wyrywano mu paznokcie i zdarto sk\u00f3r\u0119 z g\u00f3rnej cz\u0119\u015bci r\u0119ki.<\/b><\/span><span style=\"font-family: Book Antiqua, serif;\"> Przywi\u0105zano go wreszcie do konia, za <\/span><span style=\"font-family: Book Antiqua, serif;\">kt\u00f3rym <\/span><span style=\"font-family: Book Antiqua, serif;\">musia\u0142 biec, pop\u0119dzany k\u0142uciem lanc. <\/span><\/span><\/span><\/p>\n<p align=\"justify\"><span style=\"color: #000000;\"><span style=\"font-size: large;\"><span style=\"font-family: Book Antiqua, serif;\">Nie spos\u00f3b nawet opisywa\u0107 okrucie\u0144stw, kt\u00f3rych dozna\u0142 potem nasz Patron, ale trzeba powiedzie\u0107, i\u017c <\/span><span style=\"font-family: Book Antiqua, serif;\"><b>by\u0142y to wyj\u0105tkowo wymy\u015blne i straszne tortury,<\/b><\/span><span style=\"font-family: Book Antiqua, serif;\"> mi\u0119dzy innymi \u2013 odzieranie ze sk\u00f3ry i przypalanie ogniem. <\/span><span style=\"font-family: Book Antiqua, serif;\">Ostatecznie, zam\u0119czony zosta\u0142<\/span><span style=\"font-family: Book Antiqua, serif;\"><b> 16 maja 1657 roku, w Janowie na Polesiu. <\/b><\/span><\/span><\/span><\/p>\n<p align=\"justify\"><span style=\"color: #000000;\"><span style=\"font-size: large;\"><span style=\"font-family: Book Antiqua, serif;\">I tak, jak za \u017cycia zmienia\u0142 miejsca swojej dzia\u0142alno\u015bci, tak i po \u015bmierci \u2013 z powodu r\u00f3\u017cnych uwarunkowa\u0144 historycznych, jak chocia\u017cby kasata jezuit\u00f3w \u2013 <\/span><span style=\"font-family: Book Antiqua, serif;\"><b>jego cia\u0142o zmienia\u0142o miejsce spoczynku.<\/b><\/span><span style=\"font-family: Book Antiqua, serif;\"> A spoczywa\u0142o i w Pi\u0144sku, i w Moskwie <\/span><span style=\"font-family: Book Antiqua, serif;\">(<\/span><span style=\"font-family: Book Antiqua, serif;\">w muzeum medycznym\u2026<\/span><span style=\"font-family: Book Antiqua, serif;\">)<\/span><span style=\"font-family: Book Antiqua, serif;\">; nast\u0119pnie w Kaplicy \u015awi\u0119tej Matyldy na Watykanie, a wreszcie w Warszawie, w ko\u015bciele jezuit\u00f3w, gdzie znajduje si\u0119 do dzi\u015b. Andrzej Bobola zosta\u0142 beatyfikowany 30 pa\u017adziernika 1853 roku, za\u015b <\/span><span style=\"font-family: Book Antiqua, serif;\"><b>kanonizowany 17 kwietnia 1938 roku, <\/b><\/span><span style=\"font-family: Book Antiqua, serif;\">w uroczysto\u015b\u0107 Zmartwychwstania Pa\u0144skiego, przez Papie\u017ca Piusa XI.<\/span><\/span><\/span><\/p>\n<p align=\"justify\"><span style=\"color: #000000;\"><span style=\"font-size: large;\"><span style=\"font-family: Book Antiqua, serif;\"><b>W kwietniu 2002 roku,<\/b><\/span><span style=\"font-family: Book Antiqua, serif;\"> Kongregacja Kultu Bo\u017cego i Dyscypliny Sakrament\u00f3w, przychylaj\u0105c si\u0119 do pro\u015bby Prymasa Polski, Kardyna\u0142a J\u00f3zefa Glempa, <\/span><span style=\"font-family: Book Antiqua, serif;\"><b>nada\u0142a \u015awi\u0119temu Andrzejowi Boboli tytu\u0142 drugorz\u0119dnego <\/b><\/span><span style=\"font-family: Book Antiqua, serif;\"><b>P<\/b><\/span><span style=\"font-family: Book Antiqua, serif;\"><b>atrona Polski.<\/b><\/span> <\/span><\/span><\/p>\n<p align=\"justify\"><span style=\"color: #000000;\"><span style=\"font-size: large;\"><span style=\"font-family: Book Antiqua, serif;\">Natomiast z okazji trzechsetnej rocznicy \u015bmierci naszego Patrona, Papie\u017c Pius XII wyda\u0142 jemu po\u015bwi\u0119con\u0105 encyklik\u0119: <\/span><span style=\"font-family: Book Antiqua, serif;\"><b>\u201e<\/b><\/span><span style=\"font-family: Book Antiqua, serif;\"><b>Invicti athletae Christi<\/b><\/span><span style=\"font-family: Book Antiqua, serif;\"><b>\u201d,<\/b><\/span><span style=\"font-family: Book Antiqua, serif;\"> w kt\u00f3rej mi\u0119dzy innymi napisa\u0142<\/span><span style=\"font-family: Book Antiqua, serif;\">:<\/span><b> <\/b><\/span><\/span><\/p>\n<p align=\"justify\"><span style=\"color: #000000;\">\u201e<span style=\"font-size: large;\"><span style=\"font-family: Book Antiqua, serif;\">\u017bycie Andrzeja Boboli ja\u015bnia\u0142o<\/span><span style=\"font-family: Book Antiqua, serif;\"><b> blaskiem prawdziwej wiary.<\/b><\/span><span style=\"font-family: Book Antiqua, serif;\"> Jej moc, maj\u0105ca swe \u017ar\u00f3d\u0142o w Bo\u017cej \u0142asce, rozwija\u0142a si\u0119 i wzrasta\u0142a z biegiem lat, ozdabia\u0142a go szczeg\u00f3lnie i uczyni\u0142a niez\u0142omnym w obliczu m\u0119cze\u0144stwa. [\u2026] Z g\u0142\u0119bi duszy przyjmowa\u0142 wszystko, co Ko\u015bci\u00f3\u0142 katolicki naucza i ka\u017ce czyni\u0107, i ca\u0142ym sercem do tego si\u0119 przyk\u0142ada\u0142. <\/span><span style=\"font-family: Book Antiqua, serif;\"><b>Ju\u017c w m\u0142odo\u015bci t\u0142umi\u0142 w sobie burz\u0105ce si\u0119 z\u0142e sk\u0142onno\u015bci,<\/b><\/span><span style=\"font-family: Book Antiqua, serif;\"> kt\u00f3re po nieszcz\u0119snym upadku Adama tak bardzo targaj\u0105 nasz\u0105 ludzk\u0105 natur\u0105 \u2013 przeciwstawia\u0142 si\u0119 im oraz je ujarzmia\u0142, a tak\u017ce usilnie wyrabia\u0142 w sobie chrze\u015bcija\u0144sk\u0105 postaw\u0119 i cnoty. <\/span><\/span><\/span><\/p>\n<p align=\"justify\"><span style=\"color: #000000;\"><span style=\"font-size: large;\"><span style=\"font-family: Book Antiqua, serif;\">P\u0142on\u0105\u0142 wielkim umi\u0142owaniem Boga i bli\u017anich. <\/span><span style=\"font-family: Book Antiqua, serif;\">Gdy tylko m\u00f3g\u0142, sp\u0119dza\u0142 <\/span><span style=\"font-family: Book Antiqua, serif;\"><b>d\u0142ugie godziny przed Naj\u015bwi\u0119tszym Sakramentem i wedle si\u0142 wspiera\u0142 wszelk\u0105 n\u0119dz\u0119 i wszelkie potrzeby.<\/b><\/span><span style=\"font-family: Book Antiqua, serif;\"> Boga mi\u0142owa\u0142 ponad wszystko i [\u2026] szuka\u0142 jedynie chwa\u0142y Bo\u017cej. Nic zatem dziwnego, \u017ce ten bojownik Chrystusa, wyr\u00f3\u017cniaj\u0105cy si\u0119 takimi przymiotami ducha, <\/span><span style=\"font-family: Book Antiqua, serif;\"><b>tyle zdzia\u0142a\u0142, i \u017ce jego praca apostolska przynios\u0142a tak wiele zbawiennych owoc\u00f3w.<\/b><\/span><span style=\"font-family: Book Antiqua, serif;\"> Bo gdy zosta\u0142 kap\u0142anem, odda\u0142 si\u0119 ca\u0142y pracy apostolskiej i jako w\u0119drowny misjonarz nie szcz\u0119dzi\u0142 si\u0142 w g\u0142oszeniu prawdziwej wiary, kt\u00f3ra przynosi owoce dobrych uczynk\u00f3w. <\/span><\/span><\/span><\/p>\n<p align=\"justify\"><span style=\"color: #000000;\"><span style=\"font-size: large;\"><span style=\"font-family: Book Antiqua, serif;\">\u00d3w niestrudzony wyznawca Chrystusa sam \u017cy\u0142 t\u0105 wiar\u0105 i za ni\u0105 odda\u0142 w ofierze w\u0142asne \u017cycie. <\/span><span style=\"font-family: Book Antiqua, serif;\"><b>Przerazi\u0107 mo\u017ce wspomnienie okrutnych cierpie\u0144, kt\u00f3re zni\u00f3s\u0142 <\/b><\/span><span style=\"font-family: Book Antiqua, serif;\">nieustraszony w wierze polski <\/span><span style=\"font-family: Book Antiqua, serif;\">M<\/span><span style=\"font-family: Book Antiqua, serif;\">\u0119czennik,<\/span><span style=\"font-family: Book Antiqua, serif;\"> a \u015bwiadectwo przez niego z\u0142o\u017cone zalicza si\u0119 do najszlachetniejszych w\u015br\u00f3d tych, kt\u00f3re s\u0142awi Ko\u015bci\u00f3\u0142. <\/span><\/span><\/span><\/p>\n<p align=\"justify\"><span style=\"color: #000000;\"><span style=\"font-size: large;\"><span style=\"font-family: Book Antiqua, serif;\">Dzisiaj r\u00f3wnie\u017c religia katolicka jest w \u015bwiecie wystawiona na ci\u0119\u017ck\u0105 pr\u00f3b\u0119 i ze wszelkich si\u0142 trzeba jej strzec, g\u0142osi\u0107 j\u0105 i szerzy\u0107. <\/span><span style=\"font-family: Book Antiqua, serif;\"><b>Wiele tu trzeba przezwyci\u0119\u017cy\u0107 trudno\u015bci i wiele ofiar ponie\u015b\u0107, nie godzi si\u0119 jednak od nich uchyla\u0107, <\/b><\/span><span style=\"font-family: Book Antiqua, serif;\">bo chrze\u015bcijanin ma by\u0107<\/span><span style=\"font-family: Book Antiqua, serif;\"><b> niezachwiany w dzia\u0142aniu i w przeciwno\u015bciach.<\/b><\/span><span style=\"font-family: Book Antiqua, serif;\"> Ale B\u00f3g stokrotnie mu to wynagrodzi szcz\u0119\u015bliwo\u015bci\u0105 wiecznego \u017cycia. <\/span><\/span><\/span><\/p>\n<p align=\"justify\"><span style=\"color: #000000;\"><span style=\"font-size: large;\"><span style=\"font-family: Book Antiqua, serif;\">Jednak\u017ce, je\u017celi istotnie chcemy m\u0119\u017cnie d\u0105\u017cy\u0107 <\/span><span style=\"font-family: Book Antiqua, serif;\"><b>do doskona\u0142o\u015bci chrze\u015bcija\u0144skiej, <\/b><\/span><span style=\"font-family: Book Antiqua, serif;\">wiedzmy, \u017ce i ona jest <\/span><span style=\"font-family: Book Antiqua, serif;\"><b>swoistym m\u0119cze\u0144stwem.<\/b><\/span><span style=\"font-family: Book Antiqua, serif;\"> Bo nie tylko przez rozlanie krwi dajemy Bogu dow\u00f3d naszej wiary, ale i przeciwstawiaj\u0105c si\u0119 powabom grzechu i <\/span><span style=\"font-family: Book Antiqua, serif;\"><b>oddaj\u0105c si\u0119 ca\u0142kowicie i wielkodusznie Temu,<\/b><\/span><span style=\"font-family: Book Antiqua, serif;\"> kt\u00f3ry jest naszym Stw\u00f3rc\u0105 i Zbawc\u0105, a kt\u00f3ry b\u0119dzie kiedy\u015b w niebie nasz\u0105 nieprzemijaj\u0105c\u0105 rado\u015bci\u0105. <\/span><\/span><\/span><\/p>\n<p align=\"justify\"><span style=\"color: #000000;\"><span style=\"font-size: large;\"><span style=\"font-family: Book Antiqua, serif;\">Niech wi\u0119c b\u0119dzie nam przyk\u0142adem m\u0119stwo Andrzeja Boboli. B\u0105d\u017amy \u2013 jak on \u2013 <\/span><span style=\"font-family: Book Antiqua, serif;\"><b>lud\u017ami niezwyci\u0119\u017conej wiary, zachowajmy j\u0105 i bro\u0144my z ca\u0142\u0105 moc\u0105!<\/b><\/span><span style=\"font-family: Book Antiqua, serif;\"> Niech i nam si\u0119 udziela jego gorliwo\u015b\u0107 apostolska i niech ka\u017cdy wed\u0142ug swoich si\u0142 i mo\u017cliwo\u015bci przyczynia si\u0119 do <\/span><span style=\"font-family: Book Antiqua, serif;\"><b>umocnienia i szerzenia kr\u00f3lestwa Chrystusowego na ziemi.\u201d<\/b><\/span><span style=\"font-family: Book Antiqua, serif;\"> Tyle Papie\u017c Pius XII. <\/span><\/span><\/span><\/p>\n<p align=\"justify\"><span style=\"color: #000000;\"><span style=\"font-size: large;\"><span style=\"font-family: Book Antiqua, serif;\">A my, s\u0142uchaj\u0105c <\/span><span style=\"font-family: Book Antiqua, serif;\">Bo\u017cego s\u0142owa, przeznaczonego na dzisiejsze \u015bwi\u0119to w liturgii Ko\u015bcio\u0142a, <\/span><span style=\"font-family: Book Antiqua, serif;\">przekonujemy si\u0119, \u017ce B\u00f3g \u2013 ze swej strony \u2013 robi wszystko, co mo\u017ce, <\/span><span style=\"font-family: Book Antiqua, serif;\"><b>aby nas ustrzec od z\u0142ego,<\/b><\/span><span style=\"font-family: Book Antiqua, serif;\"> aby nas ochroni\u0107 od mocy i dzia\u0142ania z\u0142ego ducha. <\/span><\/span><\/span><\/p>\n<p align=\"justify\"><span style=\"color: #000000;\"><span style=\"font-size: large;\"><span style=\"font-family: Book Antiqua, serif;\">O tym zwyci\u0119stwie jasno m\u00f3wi pierwsze z dw\u00f3ch, danych do wyboru czyta\u0144, z Ksi\u0119gi Apokalipsy, szczeg\u00f3lnie w tych s\u0142owach, kt\u00f3re \u015awi\u0119ty Jan us\u0142ysza\u0142 w swojej wizji: <\/span><span style=\"font-family: Book Antiqua, serif;\"><i><b>Teraz nasta\u0142o zbawienie, pot\u0119ga i kr\u00f3lowanie Boga naszego i w\u0142adza Jego Pomaza\u0144ca, bo str\u0105cony zosta\u0142 oskar\u017cyciel naszych braci, kt\u00f3ry dniem i noc\u0105 oskar\u017ca ich przed naszym Bogiem. A oni zwyci\u0119\u017cyli dzi\u0119ki krwi Baranka i dzi\u0119ki s\u0142owu swojego \u015bwiadectwa i nie umi\u0142owali \u017cycia a\u017c do \u015bmierci. Dlatego radujcie si\u0119, niebiosa oraz ich mieszka\u0144cy!<\/b><\/i><\/span><b> <\/b><\/span><\/span><\/p>\n<p align=\"justify\"><span style=\"color: #000000;\"><span style=\"font-size: large;\"><span style=\"font-family: Book Antiqua, serif;\">Oskar\u017cyciel zosta\u0142 pokonany, dlatego ka\u017cdy cz\u0142owiek kt\u00f3ry tylko \u2013 jakby to dziwnie nie brzmia\u0142o \u2013 <\/span><span style=\"font-family: Book Antiqua, serif;\"><b>chce zwyci\u0119\u017cy\u0107,<\/b><\/span><span style=\"font-family: Book Antiqua, serif;\"> z ca\u0142\u0105 pewno\u015bci\u0105 zwyci\u0119\u017cy! I to zar\u00f3wno w tym wymiarze wiecznym, gdzie zostanie zaliczony do owych <\/span><span style=\"font-family: Book Antiqua, serif;\"><b>\u00ab<\/b><\/span><span style=\"font-family: Book Antiqua, serif;\"><b>raduj\u0105cych si\u0119 mieszka\u0144c\u00f3w Niebios<\/b><\/span><span style=\"font-family: Book Antiqua, serif;\"><b>\u00bb<\/b><\/span><span style=\"font-family: Book Antiqua, serif;\"><b>,<\/b><\/span><span style=\"font-family: Book Antiqua, serif;\"> jak i w tym doczesnym, bo zawsze, kiedy cz\u0142owiek <\/span><span style=\"font-family: Book Antiqua, serif;\"><b>pokonuje w sobie grzech<\/b><\/span><span style=\"font-family: Book Antiqua, serif;\"> i pokus\u0119 do niego, jest zwyci\u0119zc\u0105!<\/span><\/span><\/span><\/p>\n<p align=\"justify\"><span style=\"color: #000000;\"><span style=\"font-size: large;\"><span style=\"font-family: Book Antiqua, serif;\">I w\u0142a\u015bnie pomoc\u0105 <\/span><span style=\"font-family: Book Antiqua, serif;\"><b>w pokonywaniu w sobie pokus<\/b><\/span><span style=\"font-family: Book Antiqua, serif;\"> do brni\u0119cia w r\u00f3\u017cnego rodzaju grzechy \u2013 i w og\u00f3le, <\/span><span style=\"font-family: Book Antiqua, serif;\">w<\/span><span style=\"font-family: Book Antiqua, serif;\"> egoizm i pych<\/span><span style=\"font-family: Book Antiqua, serif;\">\u0119<\/span><span style=\"font-family: Book Antiqua, serif;\">, stoj\u0105c<\/span><span style=\"font-family: Book Antiqua, serif;\">e<\/span><span style=\"font-family: Book Antiqua, serif;\"> u \u017ar\u00f3de\u0142 wszelkich grzech\u00f3w \u2013 ma by\u0107 zach\u0119ta, skierowana przez \u015awi\u0119tego Paw\u0142a do Koryntian, ale te\u017c i do nas, w drugim z danych nam do wyboru czyta\u0144. Pisze tam: <\/span><span style=\"font-family: Book Antiqua, serif;\"><i><b>Upominam was, bracia, w imi\u0119 Pana naszego Jezusa Chrystusa, aby\u015bcie byli zgodni i by nie by\u0142o w\u015br\u00f3d was roz\u0142am\u00f3w; by\u015bcie byli jednego ducha i jednej my\u015bli. Doniesiono mi bowiem o was, bracia moi, przez ludzi Chloe, \u017ce zdarzaj\u0105 si\u0119 mi\u0119dzy wami spory. My\u015bl\u0119 o tym, co ka\u017cdy z was<\/b><\/i><\/span><b> <\/b><span style=\"font-family: Book Antiqua, serif;\"><i><b>m\u00f3wi: \u201eJa jestem Paw\u0142a, a ja Apollosa; ja jestem Kefasa, a ja Chrystusa\u201d. Czy\u017c Chrystus jest podzielony? Czy\u017c Pawe\u0142 zosta\u0142 za was ukrzy\u017cowany? Czy\u017c w imi\u0119 Paw\u0142a zostali\u015bcie ochrzczeni? <\/b><\/i><\/span><\/span><\/span><\/p>\n<p align=\"justify\"><span style=\"color: #000000;\"><span style=\"font-size: large;\"><span style=\"font-family: Book Antiqua, serif;\">Po czym dopowiada bardzo wa\u017cne i cenne zdanie: <\/span><span style=\"font-family: Book Antiqua, serif;\"><i><b>Nauka bowiem krzy\u017ca g\u0142upstwem jest dla tych, co id\u0105 na zatracenie, moc\u0105 Bo\u017c\u0105 za\u015b dla nas, kt\u00f3rzy dost\u0119pujemy zbawienia.<\/b><\/i><\/span> <span style=\"font-family: Book Antiqua, serif;\">To oczywiste<\/span><span style=\"font-family: Book Antiqua, serif;\">! Szczeg\u00f3lnie dzisiejszy \u015bwiat \u015bmieje si\u0119 z Krzy\u017ca i z warto\u015bci, kt\u00f3re on oznacza i niesie \u2013 dlatego na \u015bwiecie mamy to, co mamy\u2026 <\/span><\/span><\/span><\/p>\n<p align=\"justify\"><span style=\"color: #000000;\"><span style=\"font-family: Book Antiqua, serif;\"><span style=\"font-size: large;\">I wreszcie Ewangelia, w kt\u00f3rej Jezus zwraca si\u0119 do swego Niebieskiego Ojca w serdecznej modlitwie<b> o jedno\u015b\u0107 pomi\u0119dzy swoimi uczniami.<\/b> Zaznaczmy: <b>wszystkimi uczniami, <\/b>a wi\u0119c nie tylko tymi, kt\u00f3rzy byli z Nim w tym momencie w Wieczerniku, ale i tymi, kt\u00f3rzy Jego uczniami zostan\u0105 w przysz\u0142o\u015bci. Jezus m\u00f3wi wyra\u017anie: <i><b>Ojcze \u015awi\u0119ty, prosz\u0119 nie tylko za nimi, ale i za tymi, kt\u00f3rzy dzi\u0119ki ich s\u0142owu b\u0119d\u0105 wierzy\u0107 we Mnie, aby wszyscy stanowili jedno, jak Ty, Ojcze, we Mnie, a Ja w Tobie, aby i oni stanowili jedno w Nas, aby \u015bwiat uwierzy\u0142, \u017ce\u015b Ty Mnie pos\u0142a\u0142. <\/b><\/i><\/span><\/span><\/span><\/p>\n<p align=\"justify\"><span style=\"color: #000000;\"><span style=\"font-family: Book Antiqua, serif;\"><span style=\"font-size: large;\">Na pewno, \u015bwiat o wiele \u0142atwiej i szybciej uwierzy\u0142by Jezusowi i przyj\u0105\u0142 Jego misj\u0119, gdyby <b>Jego uczniowie i wyznawcy stanowili jedno.<\/b> Niestety, grzech podzia\u0142u wdar\u0142 si\u0119 mi\u0119dzy nich. I dlatego Jezus modli si\u0119 za nich \u2013 za nas \u2013 <b>aby nas ustrzec<\/b> przed tym z\u0142em. M\u00f3wi: <i><b>Ojcze sprawiedliwy! \u015awiat Ciebie nie pozna\u0142, lecz Ja Ciebie pozna\u0142em i oni poznali, \u017ce\u015b Ty Mnie pos\u0142a\u0142. Objawi\u0142em im Twoje imi\u0119 i nadal b\u0119d\u0119 objawia\u0142, aby mi\u0142o\u015b\u0107, kt\u00f3r\u0105 Ty Mnie umi\u0142owa\u0142e\u015b, w nich by\u0142a i Ja w nich<\/b><\/i><b>. <\/b><\/span><\/span><\/span><\/p>\n<p align=\"justify\"><span style=\"color: #000000;\"><span style=\"font-family: Book Antiqua, serif;\"><span style=\"font-size: large;\">To jest taki stan \u2013 powiedzieliby\u015bmy \u2013 <b>idealny.<\/b> Wiemy, \u017ce wielu wspania\u0142ych \u015bwiadk\u00f3w wiary znacz\u0105co zbli\u017cy\u0142o si\u0119 do tego idea\u0142u. Do nich w\u0142a\u015bnie zalicza si\u0119 dzisiejszy Patron.<\/span><\/span><\/span><\/p>\n<p align=\"justify\"><span style=\"color: #000000;\"><span style=\"font-family: Book Antiqua, serif;\"><span style=\"font-size: large;\">I to w\u0142a\u015bnie w jego \u015bwi\u0105teczne wspomnienie m\u00f3wimy o tym, \u017ce B\u00f3g robi, co mo\u017ce, aby uchroni\u0107 nas przed z\u0142em, szczeg\u00f3lnie \u2013 jak to wskazuje drugie czytanie i Ewangelia \u2013 <b>przed z\u0142em podzia\u0142\u00f3w, niezgodny, roz\u0142am\u00f3w\u2026<\/b> <\/span><\/span><\/span><\/p>\n<p align=\"justify\"><span style=\"color: #000000;\"><span style=\"font-family: Book Antiqua, serif;\"><span style=\"font-size: large;\">M\u00f3wimy to we wspomnienie cz\u0142owieka, kt\u00f3ry do\u015bwiadczy\u0142 na sobie <b>ogromnej brutalno\u015bci z\u0142a<\/b> i kt\u00f3rego \u2013 tak mo\u017cemy stwierdzi\u0107 \u2013 od tego\u017c z\u0142a <b>w\u0142a\u015bnie nie uda\u0142o si\u0119 uchroni\u0107. <\/b>Wydaje si\u0119, \u017ce w\u0142a\u015bnie wprost przeciwnie: do\u015bwiadczy\u0142 na sobie takiej brutalno\u015bci, o jakiej nawet trudno spokojnie pomy\u015ble\u0107 czy j\u0105 opisa\u0107!<\/span><\/span><\/span><\/p>\n<p align=\"justify\"><span style=\"color: #000000;\"><span style=\"font-family: Book Antiqua, serif;\"><span style=\"font-size: large;\">A jednak, wiemy, \u017ce <b>przeszed\u0142 t\u0119 pr\u00f3b\u0119 bohatersko, <\/b>owoce za\u015b jego pos\u0142ugi i nauczania ju\u017c za jego czas\u00f3w by\u0142y obfite, a i dzisiaj <b>przyk\u0142ad jego \u015bwi\u0119to\u015bci promienieje<\/b> nad nami, nad nasz\u0105 Ojczyzn\u0105, <b>jego za\u015b wstawiennictwo<\/b> wyprasza nam u Boga liczne \u0142aski. Zatem, chocia\u017c Pan poprowadzi\u0142 go drog\u0105 trudn\u0105, drog\u0105 cierpienia, to jednak <b>ustrzeg\u0142 go przed ostateczn\u0105 przegran\u0105,<\/b> nie pozwoli\u0142 mu si\u0119 podda\u0107, zrezygnowa\u0107, przestraszy\u0107 si\u0119 \u2013 wprost przeciwnie. Da\u0142 mu <b>wielki<\/b><b>e<\/b><b> zwyci\u0119stwo! <\/b>Tym wi\u0119ksze, im wi\u0119cej musia\u0142 znie\u015b\u0107 cierpie\u0144 i przeciwno\u015bci. <\/span><\/span><\/span><\/p>\n<p align=\"justify\"><span style=\"color: #000000;\"><span style=\"font-family: Book Antiqua, serif;\"><span style=\"font-size: large;\">Niech przyk\u0142ad i wstawiennictwo \u015awi\u0119tego Andrzeja wleje i w nasze serca <b>odwag\u0119 i zapa\u0142, <\/b>by\u015bmy nie ustawali w wysi\u0142kach i modlitwie, aby kogo tylko mo\u017cna \u2013 <b>zach\u0119ca\u0107 do wiary w Jezusa!<\/b> Aby\u015bmy tak\u017ce czuli si\u0119 zobowi\u0105zani do <b>\u201e\u0142apania dusz\u201d dla Jezusa!<\/b> I aby nam w tym nigdy nie zabra\u0142o wytrwa\u0142o\u015bci, odwagi \u2013 ale i ciekawych pomys\u0142\u00f3w! Tak, jak naszej drogiej Ekipie Syberyjskiej!<\/span><\/span><\/span><\/p>\n","protected":false},"excerpt":{"rendered":"<p>Szcz\u0119\u015b\u0107 Bo\u017ce! Moi Drodzy, przedwczoraj, czyli w czwartek, urodziny prze\u017cywa\u0142 m\u00f3j Chrze\u015bniak i jednocze\u015bnie Brat cioteczny, Piotr Oleszczuk, kt\u00f3remu \u017cycz\u0119, aby uk\u0142ada\u0142 ca\u0142e swoje \u017cycie po my\u015bli Jezusa! Imieniny natomiast prze\u017cywali tego dnia: \u25baMaciej Przybysz, m\u00f3j \u201eChrze\u015bniak\u201d z Bierzmowania i by\u0142y Lektor w Parafii w Tr\u0105bkach; \u25baKsi\u0105dz Maciej Mi\u0119tek, z kt\u00f3rym wsp\u00f3\u0142pracowa\u0142em w Parafii Ojca [&hellip;]<\/p>\n","protected":false},"author":1,"featured_media":0,"comment_status":"open","ping_status":"open","sticky":false,"template":"","format":"standard","meta":{"jetpack_post_was_ever_published":false,"_jetpack_newsletter_access":"","_jetpack_dont_email_post_to_subs":false,"_jetpack_newsletter_tier_id":0,"_jetpack_memberships_contains_paywalled_content":false,"_jetpack_memberships_contains_paid_content":false,"footnotes":""},"categories":[1],"tags":[],"class_list":["post-17009","post","type-post","status-publish","format-standard","hentry","category-bez-kategorii"],"yoast_head":"<!-- This site is optimized with the Yoast SEO plugin v25.1 - https:\/\/yoast.com\/wordpress\/plugins\/seo\/ -->\n<title>Aby \u015bwiat uwierzy\u0142... - Gaudium Et Spes<\/title>\n<meta name=\"robots\" content=\"index, follow, max-snippet:-1, max-image-preview:large, max-video-preview:-1\" \/>\n<link rel=\"canonical\" href=\"https:\/\/gaudiumetspes-blog.pl\/index.php\/2020\/05\/16\/aby-swiat-uwierzyl\/\" \/>\n<meta property=\"og:locale\" content=\"pl_PL\" \/>\n<meta property=\"og:type\" content=\"article\" \/>\n<meta property=\"og:title\" content=\"Aby \u015bwiat uwierzy\u0142... - Gaudium Et Spes\" \/>\n<meta property=\"og:description\" content=\"Szcz\u0119\u015b\u0107 Bo\u017ce! Moi Drodzy, przedwczoraj, czyli w czwartek, urodziny prze\u017cywa\u0142 m\u00f3j Chrze\u015bniak i jednocze\u015bnie Brat cioteczny, Piotr Oleszczuk, kt\u00f3remu \u017cycz\u0119, aby uk\u0142ada\u0142 ca\u0142e swoje \u017cycie po my\u015bli Jezusa! Imieniny natomiast prze\u017cywali tego dnia: \u25baMaciej Przybysz, m\u00f3j \u201eChrze\u015bniak\u201d z Bierzmowania i by\u0142y Lektor w Parafii w Tr\u0105bkach; \u25baKsi\u0105dz Maciej Mi\u0119tek, z kt\u00f3rym wsp\u00f3\u0142pracowa\u0142em w Parafii Ojca [&hellip;]\" \/>\n<meta property=\"og:url\" content=\"https:\/\/gaudiumetspes-blog.pl\/index.php\/2020\/05\/16\/aby-swiat-uwierzyl\/\" \/>\n<meta property=\"og:site_name\" content=\"Gaudium Et Spes\" \/>\n<meta property=\"article:published_time\" content=\"2020-05-16T05:26:55+00:00\" \/>\n<meta name=\"author\" content=\"Ks. Jacek\" \/>\n<meta name=\"twitter:card\" content=\"summary_large_image\" \/>\n<meta name=\"twitter:label1\" content=\"Napisane przez\" \/>\n\t<meta name=\"twitter:data1\" content=\"Ks. Jacek\" \/>\n\t<meta name=\"twitter:label2\" content=\"Szacowany czas czytania\" \/>\n\t<meta name=\"twitter:data2\" content=\"17 minut\" \/>\n<script type=\"application\/ld+json\" class=\"yoast-schema-graph\">{\"@context\":\"https:\/\/schema.org\",\"@graph\":[{\"@type\":\"WebPage\",\"@id\":\"https:\/\/gaudiumetspes-blog.pl\/index.php\/2020\/05\/16\/aby-swiat-uwierzyl\/\",\"url\":\"https:\/\/gaudiumetspes-blog.pl\/index.php\/2020\/05\/16\/aby-swiat-uwierzyl\/\",\"name\":\"Aby \u015bwiat uwierzy\u0142... - Gaudium Et Spes\",\"isPartOf\":{\"@id\":\"https:\/\/gaudiumetspes-blog.pl\/#website\"},\"datePublished\":\"2020-05-16T05:26:55+00:00\",\"author\":{\"@id\":\"https:\/\/gaudiumetspes-blog.pl\/#\/schema\/person\/1661982992b752dea8dff0d4ed845a65\"},\"breadcrumb\":{\"@id\":\"https:\/\/gaudiumetspes-blog.pl\/index.php\/2020\/05\/16\/aby-swiat-uwierzyl\/#breadcrumb\"},\"inLanguage\":\"pl-PL\",\"potentialAction\":[{\"@type\":\"ReadAction\",\"target\":[\"https:\/\/gaudiumetspes-blog.pl\/index.php\/2020\/05\/16\/aby-swiat-uwierzyl\/\"]}]},{\"@type\":\"BreadcrumbList\",\"@id\":\"https:\/\/gaudiumetspes-blog.pl\/index.php\/2020\/05\/16\/aby-swiat-uwierzyl\/#breadcrumb\",\"itemListElement\":[{\"@type\":\"ListItem\",\"position\":1,\"name\":\"Strona g\u0142\u00f3wna\",\"item\":\"https:\/\/gaudiumetspes-blog.pl\/\"},{\"@type\":\"ListItem\",\"position\":2,\"name\":\"Aby \u015bwiat uwierzy\u0142&#8230;\"}]},{\"@type\":\"WebSite\",\"@id\":\"https:\/\/gaudiumetspes-blog.pl\/#website\",\"url\":\"https:\/\/gaudiumetspes-blog.pl\/\",\"name\":\"Gaudium Et Spes\",\"description\":\"Blog Ks. Jacka Ja\u015bkowskiego\",\"potentialAction\":[{\"@type\":\"SearchAction\",\"target\":{\"@type\":\"EntryPoint\",\"urlTemplate\":\"https:\/\/gaudiumetspes-blog.pl\/?s={search_term_string}\"},\"query-input\":{\"@type\":\"PropertyValueSpecification\",\"valueRequired\":true,\"valueName\":\"search_term_string\"}}],\"inLanguage\":\"pl-PL\"},{\"@type\":\"Person\",\"@id\":\"https:\/\/gaudiumetspes-blog.pl\/#\/schema\/person\/1661982992b752dea8dff0d4ed845a65\",\"name\":\"Ks. Jacek\",\"image\":{\"@type\":\"ImageObject\",\"inLanguage\":\"pl-PL\",\"@id\":\"https:\/\/gaudiumetspes-blog.pl\/#\/schema\/person\/image\/\",\"url\":\"https:\/\/gaudiumetspes-blog.pl\/wp-content\/uploads\/2019\/07\/avatar-JJ-150x150.jpg\",\"contentUrl\":\"https:\/\/gaudiumetspes-blog.pl\/wp-content\/uploads\/2019\/07\/avatar-JJ-150x150.jpg\",\"caption\":\"Ks. Jacek\"},\"description\":\"Witam serdecznie! K\u0142ania si\u0119 Ks. Jacek Ja\u015bkowski. Nie jestem ani kim\u015b wa\u017cnym, ani kim\u015b znanym. Jestem ksi\u0119dzem, kt\u00f3ry po prostu chce rozmawia\u0107. Codzienna kap\u0142a\u0144ska pos\u0142uga pokazuje mi, \u017ce temat\u00f3w do rozm\u00f3w z ksi\u0119dzem jest coraz wi\u0119cej i dzisiaj \u017caden ksi\u0105dz nie mo\u017ce od nich ucieka\u0107, ale - wprost przeciwnie - podejmowa\u0107 nowe wyzwania. To przekonanie sk\u0142oni\u0142o mnie do pr\u00f3by otwarcia tego\u017c bloga, chocia\u017c okazji do rozm\u00f3w na co dzie\u0144 - w konfesjonale i poza nim - na szcz\u0119\u015bcie nie brakuje. My\u015bl\u0119 jednak, \u017ce ten blog b\u0119dzie jeszcze jednym sposobem i przestrzeni\u0105 nawi\u0105zania kontaktu z lud\u017ami dobrej woli, otwartymi na dialog.\",\"url\":\"https:\/\/gaudiumetspes-blog.pl\/index.php\/author\/ks-jacek\/\"}]}<\/script>\n<!-- \/ Yoast SEO plugin. -->","yoast_head_json":{"title":"Aby \u015bwiat uwierzy\u0142... - Gaudium Et Spes","robots":{"index":"index","follow":"follow","max-snippet":"max-snippet:-1","max-image-preview":"max-image-preview:large","max-video-preview":"max-video-preview:-1"},"canonical":"https:\/\/gaudiumetspes-blog.pl\/index.php\/2020\/05\/16\/aby-swiat-uwierzyl\/","og_locale":"pl_PL","og_type":"article","og_title":"Aby \u015bwiat uwierzy\u0142... - Gaudium Et Spes","og_description":"Szcz\u0119\u015b\u0107 Bo\u017ce! Moi Drodzy, przedwczoraj, czyli w czwartek, urodziny prze\u017cywa\u0142 m\u00f3j Chrze\u015bniak i jednocze\u015bnie Brat cioteczny, Piotr Oleszczuk, kt\u00f3remu \u017cycz\u0119, aby uk\u0142ada\u0142 ca\u0142e swoje \u017cycie po my\u015bli Jezusa! Imieniny natomiast prze\u017cywali tego dnia: \u25baMaciej Przybysz, m\u00f3j \u201eChrze\u015bniak\u201d z Bierzmowania i by\u0142y Lektor w Parafii w Tr\u0105bkach; \u25baKsi\u0105dz Maciej Mi\u0119tek, z kt\u00f3rym wsp\u00f3\u0142pracowa\u0142em w Parafii Ojca [&hellip;]","og_url":"https:\/\/gaudiumetspes-blog.pl\/index.php\/2020\/05\/16\/aby-swiat-uwierzyl\/","og_site_name":"Gaudium Et Spes","article_published_time":"2020-05-16T05:26:55+00:00","author":"Ks. Jacek","twitter_card":"summary_large_image","twitter_misc":{"Napisane przez":"Ks. Jacek","Szacowany czas czytania":"17 minut"},"schema":{"@context":"https:\/\/schema.org","@graph":[{"@type":"WebPage","@id":"https:\/\/gaudiumetspes-blog.pl\/index.php\/2020\/05\/16\/aby-swiat-uwierzyl\/","url":"https:\/\/gaudiumetspes-blog.pl\/index.php\/2020\/05\/16\/aby-swiat-uwierzyl\/","name":"Aby \u015bwiat uwierzy\u0142... - Gaudium Et Spes","isPartOf":{"@id":"https:\/\/gaudiumetspes-blog.pl\/#website"},"datePublished":"2020-05-16T05:26:55+00:00","author":{"@id":"https:\/\/gaudiumetspes-blog.pl\/#\/schema\/person\/1661982992b752dea8dff0d4ed845a65"},"breadcrumb":{"@id":"https:\/\/gaudiumetspes-blog.pl\/index.php\/2020\/05\/16\/aby-swiat-uwierzyl\/#breadcrumb"},"inLanguage":"pl-PL","potentialAction":[{"@type":"ReadAction","target":["https:\/\/gaudiumetspes-blog.pl\/index.php\/2020\/05\/16\/aby-swiat-uwierzyl\/"]}]},{"@type":"BreadcrumbList","@id":"https:\/\/gaudiumetspes-blog.pl\/index.php\/2020\/05\/16\/aby-swiat-uwierzyl\/#breadcrumb","itemListElement":[{"@type":"ListItem","position":1,"name":"Strona g\u0142\u00f3wna","item":"https:\/\/gaudiumetspes-blog.pl\/"},{"@type":"ListItem","position":2,"name":"Aby \u015bwiat uwierzy\u0142&#8230;"}]},{"@type":"WebSite","@id":"https:\/\/gaudiumetspes-blog.pl\/#website","url":"https:\/\/gaudiumetspes-blog.pl\/","name":"Gaudium Et Spes","description":"Blog Ks. Jacka Ja\u015bkowskiego","potentialAction":[{"@type":"SearchAction","target":{"@type":"EntryPoint","urlTemplate":"https:\/\/gaudiumetspes-blog.pl\/?s={search_term_string}"},"query-input":{"@type":"PropertyValueSpecification","valueRequired":true,"valueName":"search_term_string"}}],"inLanguage":"pl-PL"},{"@type":"Person","@id":"https:\/\/gaudiumetspes-blog.pl\/#\/schema\/person\/1661982992b752dea8dff0d4ed845a65","name":"Ks. Jacek","image":{"@type":"ImageObject","inLanguage":"pl-PL","@id":"https:\/\/gaudiumetspes-blog.pl\/#\/schema\/person\/image\/","url":"https:\/\/gaudiumetspes-blog.pl\/wp-content\/uploads\/2019\/07\/avatar-JJ-150x150.jpg","contentUrl":"https:\/\/gaudiumetspes-blog.pl\/wp-content\/uploads\/2019\/07\/avatar-JJ-150x150.jpg","caption":"Ks. Jacek"},"description":"Witam serdecznie! K\u0142ania si\u0119 Ks. Jacek Ja\u015bkowski. Nie jestem ani kim\u015b wa\u017cnym, ani kim\u015b znanym. Jestem ksi\u0119dzem, kt\u00f3ry po prostu chce rozmawia\u0107. Codzienna kap\u0142a\u0144ska pos\u0142uga pokazuje mi, \u017ce temat\u00f3w do rozm\u00f3w z ksi\u0119dzem jest coraz wi\u0119cej i dzisiaj \u017caden ksi\u0105dz nie mo\u017ce od nich ucieka\u0107, ale - wprost przeciwnie - podejmowa\u0107 nowe wyzwania. To przekonanie sk\u0142oni\u0142o mnie do pr\u00f3by otwarcia tego\u017c bloga, chocia\u017c okazji do rozm\u00f3w na co dzie\u0144 - w konfesjonale i poza nim - na szcz\u0119\u015bcie nie brakuje. My\u015bl\u0119 jednak, \u017ce ten blog b\u0119dzie jeszcze jednym sposobem i przestrzeni\u0105 nawi\u0105zania kontaktu z lud\u017ami dobrej woli, otwartymi na dialog.","url":"https:\/\/gaudiumetspes-blog.pl\/index.php\/author\/ks-jacek\/"}]}},"jetpack_featured_media_url":"","jetpack_sharing_enabled":true,"_links":{"self":[{"href":"https:\/\/gaudiumetspes-blog.pl\/index.php\/wp-json\/wp\/v2\/posts\/17009","targetHints":{"allow":["GET"]}}],"collection":[{"href":"https:\/\/gaudiumetspes-blog.pl\/index.php\/wp-json\/wp\/v2\/posts"}],"about":[{"href":"https:\/\/gaudiumetspes-blog.pl\/index.php\/wp-json\/wp\/v2\/types\/post"}],"author":[{"embeddable":true,"href":"https:\/\/gaudiumetspes-blog.pl\/index.php\/wp-json\/wp\/v2\/users\/1"}],"replies":[{"embeddable":true,"href":"https:\/\/gaudiumetspes-blog.pl\/index.php\/wp-json\/wp\/v2\/comments?post=17009"}],"version-history":[{"count":1,"href":"https:\/\/gaudiumetspes-blog.pl\/index.php\/wp-json\/wp\/v2\/posts\/17009\/revisions"}],"predecessor-version":[{"id":17010,"href":"https:\/\/gaudiumetspes-blog.pl\/index.php\/wp-json\/wp\/v2\/posts\/17009\/revisions\/17010"}],"wp:attachment":[{"href":"https:\/\/gaudiumetspes-blog.pl\/index.php\/wp-json\/wp\/v2\/media?parent=17009"}],"wp:term":[{"taxonomy":"category","embeddable":true,"href":"https:\/\/gaudiumetspes-blog.pl\/index.php\/wp-json\/wp\/v2\/categories?post=17009"},{"taxonomy":"post_tag","embeddable":true,"href":"https:\/\/gaudiumetspes-blog.pl\/index.php\/wp-json\/wp\/v2\/tags?post=17009"}],"curies":[{"name":"wp","href":"https:\/\/api.w.org\/{rel}","templated":true}]}}