{"id":17039,"date":"2020-05-21T05:37:20","date_gmt":"2020-05-21T03:37:20","guid":{"rendered":"https:\/\/gaudiumetspes-blog.pl\/?p=17039"},"modified":"2020-05-20T16:58:40","modified_gmt":"2020-05-20T14:58:40","slug":"jeszcze-chwila","status":"publish","type":"post","link":"https:\/\/gaudiumetspes-blog.pl\/index.php\/2020\/05\/21\/jeszcze-chwila\/","title":{"rendered":"Jeszcze chwila&#8230;"},"content":{"rendered":"<p align=\"justify\"><span style=\"color: #000000;\"><span style=\"font-family: Book Antiqua, serif;\"><span style=\"font-size: large;\">Szcz\u0119\u015b\u0107 Bo\u017ce! Moi Drodzy, <b>w dniu wczorajszym urodziny prze\u017cywa\u0142a nasza droga M., pisz\u0105ca ciekawe komentarze na naszym blogu. Dzi\u0119kuj\u0105c Jubilatce za sta\u0142\u0105 obecno\u015b\u0107 z nami, \u017cycz\u0119 wszelkiego Bo\u017cego \u015bwiat\u0142a i natchnie\u0144 Ducha \u015awi\u0119tego w ci\u0105g\u0142ym pog\u0142\u0119bianiu wiary! Zapewniam o modlitwie!<\/b><\/span><\/span><\/span><\/p>\n<p align=\"justify\"><span style=\"color: #000000;\"><span style=\"font-family: Book Antiqua, serif;\"><span style=\"font-size: large;\"><b>Dzisiaj natomiast swoje \u015bwi\u0119to patronalne prze\u017cywaj\u0105 Ojcowie Oblaci Maryi Niepokalanej <\/b><b>(OMI)<\/b><b>, a to ze wzgl\u0119du na obchodzone w ich zgromadzeniu, oraz w niekt\u00f3rych diecezjach na \u015bwiecie, liturgiczne wspomnienie ich Za\u0142o\u017cyciela, \u015awi\u0119tego Biskupa, Eugeniusza de Mazenoda. Poniewa\u017c jestem osobi\u015bcie zwi\u0105zany jako\u015b z tym zgromadzeniem \u2013 poprzez zwi\u0105zek z Sanktuarium Matki Bo\u017cej w Kodniu, kt\u00f3rego s\u0105 kustoszami \u2013 pozwalam sobie w\u0142\u0105czy\u0107 to wspomnienie do dzisiejszego rozwa\u017cania, a duchowych Syn\u00f3w \u015awi\u0119tego Eugeniusza zapewniam o braterskiej jedno\u015bci i modlitwie!<\/b><\/span><\/span><\/span><\/p>\n<p align=\"justify\"><span style=\"color: #000000;\"><span style=\"font-family: Book Antiqua, serif;\"><span style=\"font-size: large;\">Moi Drodzy, bardzo serdecznie dzi\u0119kujemy za m\u0105dre i bogate s\u0142\u00f3wko z Syberii! Jest co czyta\u0107, jest czego pos\u0142ucha\u0107, jest co obejrze\u0107, jest nad czym pomy\u015ble\u0107\u2026 Wielkie dzi\u0119ki za to wielorakie bogactwo! Zapewniamy o modlitwie we wszystkich intencjach, zwi\u0105zanych z pos\u0142ug\u0105 duszpastersk\u0105 na Syberii, a w spos\u00f3b szczeg\u00f3lny \u2013 w intencji rozpocz\u0119tej budowy domu parafialnego.<\/span><\/span><\/span><\/p>\n<p align=\"justify\"><span style=\"color: #000000;\"><span style=\"font-family: Book Antiqua, serif;\"><span style=\"font-size: large;\">A poniewa\u017c w Surgucie dzisiaj jest Uroczysto\u015b\u0107 Wniebowst\u0105pienia Pa\u0144skiego \u2013 tak, jak u nas by\u0142a jeszcze kilkana\u015bcie lat temu \u2013 przeto zwracamy swe serca ku Niebu, aby stamt\u0105d wyprasza\u0107 rozliczne Bo\u017ce \u0142aski dla tej ogromnej Parafii! I dla ca\u0142ego Ko\u015bcio\u0142a na Syberii i w Rosji! A ju\u017c jutro \u2013 kolejne s\u0142\u00f3wko z Syberii, tym razem autorstwa naszych drogich Si\u00f3str.<\/span><\/span><\/span><\/p>\n<p align=\"justify\"><span style=\"color: #000000;\"><span style=\"font-family: Book Antiqua, serif;\"><span style=\"font-size: large;\">Jutro tak\u017ce rozpoczynamy Nowenn\u0119 do Ducha \u015awi\u0119tego. Od pocz\u0105tku maja, wraz z Maryj\u0105 i Ko\u015bcio\u0142em, przygotowujemy si\u0119 na Dzie\u0144 Pi\u0119\u0107dziesi\u0105tnicy, ale te dni niech b\u0119d\u0105 jeszcze bardziej duchowo intensywne. Pro\u015bmy, aby Duch \u015awi\u0119ty uzdrowi\u0142 i odnowi\u0142 oblicze tej ziemi \u2013 aby otworzy\u0142 drzwi ko\u015bcio\u0142\u00f3w, dom\u00f3w, szk\u00f3\u0142, uniwersytet\u00f3w, nade wszystko za\u015b: otworzy\u0142 na o\u015bcie\u017c drzwi ludzkich serc!<\/span><\/span><\/span><\/p>\n<p align=\"justify\"><span style=\"color: #000000;\"><span style=\"font-family: Book Antiqua, serif;\"><span style=\"font-size: large;\">Ksi\u0119dzu Markowi i ca\u0142ej Jego Ekipie oraz ca\u0142emu Jego dzie\u0142u, a tak\u017ce: Ojcom i Braciom Oblatom, Szanownej Jubilatce i Wam wszystkim \u2013 <b>niech b\u0142ogos\u0142awi B\u00f3g Wszechmog\u0105cy: Ojciec + i Syn, i Duch \u015awi\u0119ty. Amen<\/b><\/span><\/span><\/span><\/p>\n<p align=\"center\"><span style=\"color: #000000;\"><span style=\"font-family: Book Antiqua, serif;\"><span style=\"font-size: large;\">Gaudium et spes! Ks. Jacek<\/span><\/span><\/span><\/p>\n<p align=\"center\">\n<p align=\"center\">\n<p align=\"center\">\n<p align=\"center\">\n<p align=\"center\">\n<p align=\"justify\"><span style=\"color: #000000;\"><span style=\"font-family: Book Antiqua, serif;\"><span style=\"font-size: large;\"><b>Czwartek 6 Tygodnia Wielkanocy,<\/b><\/span><\/span><\/span><\/p>\n<p align=\"justify\"><span style=\"color: #000000;\"><span style=\"font-family: Book Antiqua, serif;\"><span style=\"font-size: large;\"><b>Wspomnienie \u015aw. Eugeniusza de Mazenod, Biskupa,<\/b><\/span><\/span><\/span><\/p>\n<p align=\"justify\"><span style=\"color: #000000;\"><span style=\"font-family: Book Antiqua, serif;\"><span style=\"font-size: large;\"><b>21 maja 2020.,<\/b><\/span><\/span><\/span><\/p>\n<p align=\"justify\"><span style=\"color: #000000;\"><span style=\"font-family: Book Antiqua, serif;\"><span style=\"font-size: large;\"><b>do czyta\u0144: Dz 18,1\u20138; J 16,16\u201320<\/b><\/span><\/span><\/span><\/p>\n<p align=\"justify\">\n<p align=\"justify\">\n<p align=\"justify\">\n<p align=\"justify\">\n<p align=\"justify\">\n<p align=\"justify\"><span style=\"color: #000000;\"><span style=\"font-family: Book Antiqua, serif;\"><span style=\"font-size: large;\"><b>CZYTANIE Z DZIEJ\u00d3W APOSTOLSKICH: <\/b><\/span><\/span><\/span><\/p>\n<p align=\"justify\"><span style=\"color: #000000;\"><span style=\"font-family: Book Antiqua, serif;\"><span style=\"font-size: large;\"><b>Pawe\u0142 opu\u015bci\u0142 Ateny i przyby\u0142 do Koryntu. Znalaz\u0142 tam pewnego \u017byda, imieniem Akwila, rodem z Pontu, kt\u00f3ry z \u017con\u0105 Pryscyll\u0105 przyby\u0142 niedawno z Italii, poniewa\u017c Klaudiusz wysiedli\u0142 z Rzymu wszystkich \u017byd\u00f3w. Przyszed\u0142 do nich, a poniewa\u017c zna\u0142 to samo rzemios\u0142o, zamieszka\u0142 u nich i pracowa\u0142; zajmowali si\u0119 wyrobem namiot\u00f3w. A co szabat rozprawia\u0142 w synagodze i przekonywa\u0142 tak \u017byd\u00f3w, jak i Grek\u00f3w. <\/b><\/span><\/span><\/span><\/p>\n<p align=\"justify\"><span style=\"color: #000000;\"><span style=\"font-family: Book Antiqua, serif;\"><span style=\"font-size: large;\"><b>Kiedy Sylas i Tymoteusz przyszli z Macedonii, Pawe\u0142 odda\u0142 si\u0119 wy\u0142\u0105cznie nauczaniu i udowadnia\u0142 \u017bydom, \u017ce Jezus jest Mesjaszem. A kiedy si\u0119 sprzeciwiali i blu\u017anili, otrz\u0105sn\u0105\u0142 swe szaty i powiedzia\u0142 do nich: \u201eKrew wasza na wasz\u0105 g\u0142ow\u0119, jam nie winien. Od tej chwili p\u00f3jd\u0119 do pogan\u201d. <\/b><\/span><\/span><\/span><\/p>\n<p align=\"justify\"><span style=\"color: #000000;\"><span style=\"font-family: Book Antiqua, serif;\"><span style=\"font-size: large;\"><b>Odszed\u0142 stamt\u0105d i poszed\u0142 do domu pewnego \u201eczciciela Boga\u201d, imieniem Tycjusz Justus. Dom ten przylega\u0142 do synagogi. Prze\u0142o\u017cony synagogi, Kryspus, uwierzy\u0142 w Pana z ca\u0142ym swym domem, wielu te\u017c s\u0142uchaczy korynckich uwierzy\u0142o i przyjmowa\u0142o wiar\u0119 i chrzest.<\/b><\/span><\/span><\/span><\/p>\n<p align=\"justify\">\n<p align=\"justify\">\n<p align=\"justify\">\n<p align=\"justify\">\n<p align=\"justify\">\n<p align=\"justify\"><span style=\"color: #000000;\"><span style=\"font-family: Book Antiqua, serif;\"><span style=\"font-size: large;\"><b>S\u0141OWA EWANGELII WED\u0141UG \u015aWI\u0118TEGO JANA: <\/b><\/span><\/span><\/span><\/p>\n<p align=\"justify\"><span style=\"color: #000000;\"><span style=\"font-family: Book Antiqua, serif;\"><span style=\"font-size: large;\"><b>Jezus powiedzia\u0142 do swoich uczni\u00f3w: \u201eJeszcze chwila, a nie b\u0119dziecie Mnie ogl\u0105da\u0107, i znowu chwila, a ujrzycie Mnie\u201d. <\/b><\/span><\/span><\/span><\/p>\n<p align=\"justify\"><span style=\"color: #000000;\"><span style=\"font-family: Book Antiqua, serif;\"><span style=\"font-size: large;\"><b>W\u00f3wczas niekt\u00f3rzy z Jego uczni\u00f3w m\u00f3wili miedzy sob\u0105: \u201eCo to znaczy, co nam m\u00f3wi: \u00abChwila, a nie b\u0119dziecie Mnie ogl\u0105da\u0107, i znowu chwila, a ujrzycie Mnie\u00bb; oraz: \u00abId\u0119 do Ojca\u00bb?\u201d Powiedzieli wi\u0119c: \u201eCo znaczy ta chwila, o kt\u00f3rej m\u00f3wi? Nie rozumiemy tego, co m\u00f3wi\u201d. <\/b><\/span><\/span><\/span><\/p>\n<p align=\"justify\"><span style=\"color: #000000;\"><span style=\"font-family: Book Antiqua, serif;\"><span style=\"font-size: large;\"><b>Jezus pozna\u0142, \u017ce chcieli Go pyta\u0107, i rzek\u0142 do nich: \u201ePytacie si\u0119 jeden drugiego o to, \u017ce powiedzia\u0142em: \u00abChwila, a nie b\u0119dziecie Mnie ogl\u0105da\u0107, i znowu chwila, a ujrzycie Mnie\u00bb? Zaprawd\u0119, zaprawd\u0119, powiadam wam: Wy b\u0119dziecie p\u0142aka\u0107 i zawodzi\u0107, a \u015bwiat si\u0119 b\u0119dzie weseli\u0142. Wy b\u0119dziecie si\u0119 smuci\u0107, ale smutek wasz zamieni si\u0119 w rado\u015b\u0107\u201d.<\/b><\/span><\/span><\/span><\/p>\n<p align=\"justify\">\n<p align=\"justify\">\n<p align=\"justify\">\n<p align=\"justify\">\n<p align=\"justify\">\n<p align=\"justify\"><span style=\"color: #000000;\"><span style=\"font-family: Book Antiqua, serif;\"><span style=\"font-size: large;\">Misj\u0119 w Koryncie uwa\u017ca si\u0119 za <b>jedn\u0105 z trudniejszych,<\/b> spo\u015br\u00f3d wszystkich, podejmowanych przez Paw\u0142a. Miasto to <b>uchodzi\u0142o za zdeprawowane,<\/b> a o skali trudno\u015bci mo\u017ce \u015bwiadczy\u0107 fakt, \u017ce w kt\u00f3rym\u015b momencie Jezus osobi\u015bcie \u2013 poprzez widzenie \u2013 podtrzymywa\u0142 Paw\u0142a na duchu. Pawe\u0142 natomiast, wiedziony wezwaniem Ducha \u015awi\u0119tego, <b>nie unika\u0142 tak\u017ce takich trudnych wyzwa\u0144.<\/b> Dlatego przyby\u0142 w\u0142a\u015bnie tam. <\/span><\/span><\/span><\/p>\n<p align=\"justify\"><span style=\"color: #000000;\"><span style=\"font-family: Book Antiqua, serif;\"><span style=\"font-size: large;\">Tam znalaz\u0142 jakie\u015b \u201eprzyjazne dusze\u201d, Akwil\u0119 i Pryscyll\u0119, i zacz\u0105\u0142 z nimi <b>wyrabia\u0107 namioty,<\/b> bo akurat na tym rzemio\u015ble si\u0119 zna\u0142. W ten spos\u00f3b sam zarabia\u0142 na swe utrzymanie, o czym tak\u017ce wspomina kilka razy w swoich Listach. <b>Nie musia\u0142 tego robi\u0107, <\/b>bo z racji pe\u0142nionej pos\u0142ugi w spo\u0142eczno\u015bci chrze\u015bcijan, mia\u0142 prawo do utrzymania z jej strony \u2013 i korzysta\u0142 z tego niejednokrotnie \u2013 ale niekiedy <b>podejmowa\u0142 tak\u017ce prac\u0119 zarobkow\u0105. <\/b><\/span><\/span><\/span><\/p>\n<p align=\"justify\"><span style=\"color: #000000;\"><span style=\"font-family: Book Antiqua, serif;\"><span style=\"font-size: large;\">Jak dzisiaj s\u0142yszymy, raczej nie trwa\u0142o to zbyt d\u0142ugo, bowiem <i><b>k<\/b><\/i><i><b>iedy Sylas i Tymoteusz przyszli z Macedonii, Pawe\u0142 odda\u0142 si\u0119 wy\u0142\u0105cznie nauczaniu i udowadnia\u0142 \u017bydom, \u017ce Jezus jest Mesjaszem.<\/b><\/i> <\/span><\/span><\/span><\/p>\n<p align=\"justify\"><span style=\"color: #000000;\"><span style=\"font-family: Book Antiqua, serif;\"><span style=\"font-size: large;\">Zapewne nasuwa nam si\u0119 tu skojarzenie z inn\u0105, nieco podobn\u0105 sytuacj\u0105, kiedy to Aposto\u0142owie <b>oddali si\u0119 wy\u0142\u0105cznie nauczaniu,<\/b> a ustanowili <b>siedmiu Diakon\u00f3w,<\/b> aby ci rozdawali ja\u0142mu\u017cn\u0119 i pomagali potrzebuj\u0105cym. Jedno i drugie wydarzenie jasno pokazuje, jak bardzo wysoko pierwsi Pasterze Ko\u015bcio\u0142a <b>cenili sobie <\/b>w\u0142a\u015bnie t\u0119 <b>podstawow\u0105 dla siebie pos\u0142ug\u0119.<\/b> Jak bardzo wa\u017cne by\u0142o dla nich g\u0142oszenie Dobrej Nowiny o Jezusie Chrystusie! <\/span><\/span><\/span><\/p>\n<p align=\"justify\"><span style=\"color: #000000;\"><span style=\"font-family: Book Antiqua, serif;\"><span style=\"font-size: large;\">Zw\u0142aszcza, \u017ce przynosi\u0142o to naprawd\u0119 dobre i liczne owoce. W zako\u0144czeniu dzisiejszego pierwszego czytania s\u0142yszymy, i\u017c nawet prze\u0142o\u017cony miejscowej synagogi, <i><b>Kryspus, uwierzy\u0142 w Pana z ca\u0142ym swym domem, wielu te\u017c s\u0142uchaczy korynckich uwierzy\u0142o i przyjmowa\u0142o wiar\u0119 i chrzest. <\/b><\/i><\/span><\/span><\/span><\/p>\n<p align=\"justify\"><span style=\"color: #000000;\"><span style=\"font-family: Book Antiqua, serif;\"><span style=\"font-size: large;\">Naturalnie, nie zawsze by\u0142o tak s\u0142odko i mi\u0142o. Kiedy tylko bowiem zacz\u0105\u0142 Pawe\u0142 g\u0142osi\u0107 swoje or\u0119dzie, \u017bydzi <i><b>sprzeciwiali i blu\u017anili. <\/b><\/i>I tutaj rzecz ciekawa: Pawe\u0142 wcale nie nalega\u0142 na nich, \u017ceby uwierzyli, \u017ceby pos\u0142uchali, \u017ceby mo\u017ce jeszcze przemy\u015bleli te sprawy \u2013 nic z tych rzeczy! Jak s\u0142yszymy, <i><b>otrz\u0105sn\u0105\u0142 swe szaty i powiedzia\u0142 do nich: \u201eKrew wasza na wasz\u0105 g\u0142ow\u0119, jam<\/b><\/i><b> <\/b><i><b>nie winien. Od tej chwili p\u00f3jd\u0119 do pogan\u201d. <\/b><\/i>Uwa\u017ca si\u0119, \u017ce to w\u0142a\u015bnie takie postawy jego rodak\u00f3w \u2013 tak\u017ce tych z Koryntu \u2013 wzmacnia\u0142y w nim przekonanie, \u017ce powinien si\u0119 <b>w wi\u0119kszym stopniu zwraca\u0107 do pogan<\/b> i im g\u0142osi\u0107 Dobr\u0105 Nowin\u0119. Skoro \u017bydzi odrzucaj\u0105 to, z czym do nich wychodzi, <b>to trudno. <\/b>Odpowiedzialno\u015b\u0107 spada <b>na nich samych! <\/b><\/span><\/span><\/span><\/p>\n<p align=\"justify\"><span style=\"color: #000000;\"><span style=\"font-family: Book Antiqua, serif;\"><span style=\"font-size: large;\">My\u015bl\u0119, \u017ce wszyscy dostrzegamy, jak bardzo <b>Pawe\u0142 by\u0142 zdeterminowany<\/b> w podejmowaniu ka\u017cdego koniecznego dzia\u0142ania, oby tylko s\u0142owo Bo\u017ce mog\u0142o by\u0107 g\u0142oszone. Nie ba\u0142 si\u0119 i\u015b\u0107 <b>do trudnego \u015brodowiska, <\/b>nie waha\u0142 si\u0119 te\u017c w podj\u0119ciu pracy zarobkowej \u2013 nie uwa\u017ca\u0142 jej <b>za zbyt \u201epospolit\u0105\u201d,<\/b> jak na cz\u0142owieka o jego wykszta\u0142ceniu \u2013 wreszcie: nie mia\u0142 \u017cadnych opor\u00f3w w postawieniu sprawy negatywnego nastawienia \u017byd\u00f3w <b>na \u201eostrzu no\u017ca\u201d<\/b> i ostatecznie w pozostawieniu ich samych z ich t\u0119pym oporem. <\/span><\/span><\/span><\/p>\n<p align=\"justify\"><span style=\"color: #000000;\"><span style=\"font-family: Book Antiqua, serif;\"><span style=\"font-size: large;\">Pawe\u0142 bardzo konsekwentnie <b>realizowa\u0142 sw\u00f3j plan,<\/b> podejmuj\u0105c takie dzia\u0142ania, jakie w danym momencie by\u0142y konieczne. W tym wszystkim za\u015b \u2013 <b>s\u0142ucha\u0142 natchnie\u0144 Ducha.<\/b> By\u0142 w swym dzia\u0142aniu z jednej strony <b>zdecydowany i konsekwentny,<\/b> z drugiej \u2013 <b>elastyczny,<\/b> gdy idzie o kolejno\u015b\u0107 czy dob\u00f3r odpowiednich czynno\u015bci do czasu i sytuacji. W ten spos\u00f3b <b>dobrze wykorzyst<\/b><b>yw<\/b><b>a\u0142 czas,<\/b> jaki da\u0142 mu Pan dla wype\u0142nienia tej\u017ce misji. <\/span><\/span><\/span><\/p>\n<p align=\"justify\"><span style=\"color: #000000;\"><span style=\"font-family: Book Antiqua, serif;\"><span style=\"font-size: large;\">Mo\u017cna powiedzie\u0107, \u017ce <b>nie zmarnowa\u0142 \u017cadnej okazji <\/b>\u2013 i nie zmarnowa\u0142 <b>ani jednej chwili <\/b>\u2013 by stoj\u0105ce przed nim zadanie zrealizowa\u0107. To o tyle wa\u017cne, \u017ce ca\u0142y czas, jaki cz\u0142owiek na tym \u015bwiecie ma do dyspozycji, <b>jest od Boga<\/b> i tak naprawd\u0119 ca\u0142e \u017cycie cz\u0142owieka na tym \u015bwiecie \u2013 ile by ono nie trwa\u0142o \u2013 <b>jest tylko chwil\u0105 w oczach Bo\u017cych.<\/b> Na tle wieczno\u015bci \u2013 jest chwil\u0105. <\/span><\/span><\/span><\/p>\n<p align=\"justify\"><span style=\"color: #000000;\"><span style=\"font-family: Book Antiqua, serif;\"><span style=\"font-size: large;\">Mocno to wybrzmia\u0142o w dzisiejszej Ewangelii. Jezus w\u0142a\u015bnie o chwili m\u00f3wi w odniesieniu do swojej obecno\u015bci w\u015br\u00f3d uczni\u00f3w i powt\u00f3rnego swego przyj\u015bcia. Jedno od drugiego <b>ma oddziela\u0107 chwila\u2026<\/b> Co ciekawe, ca\u0142e to sformu\u0142owanie w dzisiejszym, do\u015b\u0107 kr\u00f3tkim fragmencie ewangelicznym, <b>pada a\u017c trzy razy! <\/b>Najpierw wypowiada je Jezus, potem uczniowie, a potem znowu Jezus, odczytuj\u0105cy my\u015bli swoich uczni\u00f3w. <\/span><\/span><\/span><\/p>\n<p align=\"justify\"><span style=\"color: #000000;\"><span style=\"font-family: Book Antiqua, serif;\"><span style=\"font-size: large;\">Tak, jakby chcia\u0142, <b>\u017ceby to mocno wybrzmia\u0142o,<\/b> \u017ceby mocno wpisa\u0142o si\u0119 do \u015bwiadomo\u015bci zar\u00f3wno \u00f3wczesnych s\u0142uchaczy, jak i do naszej \u015bwiadomo\u015bci. \u017beby to sformu\u0142owanie: <i><b>jeszcze chwila\u2026<\/b><\/i> mobilizowa\u0142o nas <b>do dobrego dzia\u0142ania i do intensywnego dzia\u0142ania.<\/b> <\/span><\/span><\/span><\/p>\n<p align=\"justify\"><span style=\"color: #000000;\"><span style=\"font-family: Book Antiqua, serif;\"><span style=\"font-size: large;\">W\u0142a\u015bnie w taki spos\u00f3b swoj\u0105 misj\u0119 realizowa\u0142 Pawe\u0142 \u2013 jak to dzi\u015b i nie tylko dzi\u015b s\u0142yszymy. On swoj\u0105 pos\u0142ug\u0119 pe\u0142ni\u0142 tak <b>intensywnie i konsekwentnie, <\/b>jakby ci\u0105gle s\u0142ysza\u0142a gdzie\u015b, w g\u0142\u0119bi serca, te s\u0142owa: <i><b>jeszcze chwila\u2026<\/b><\/i> <\/span><\/span><\/span><\/p>\n<p align=\"justify\"><span style=\"color: #000000;\"><span style=\"font-family: Book Antiqua, serif;\"><span style=\"font-size: large;\">Moi Drodzy, my te\u017c <b>nie wiemy, ile tych chwil<\/b> jest przed nami. A nawet, gdyby ich by\u0142o jeszcze bardzo wiele w tym ziemskim \u017cyciu, to czy mia\u0142oby to oznacza\u0107, \u017ce niekt\u00f3re \u2013 albo i wiele z nich \u2013 <b>mo\u017cna zmarnowa\u0107? <\/b>Ca\u0142e nasze \u017cycie jest chwil\u0105 \u2013 na tle wieczno\u015bci. <\/span><\/span><\/span><\/p>\n<p align=\"justify\"><span style=\"color: #000000;\"><span style=\"font-family: Book Antiqua, serif;\"><span style=\"font-size: large;\">Niech wi\u0119c ka\u017cda chwila naszego \u017cycia b\u0119dzie <b>na chwa\u0142\u0119 Bo\u017c\u0105,<\/b> b\u0119dzie prze\u017cyta m\u0105drze, wykorzystana do ko\u0144ca; <b>niech b\u0119dzie \u201epo co\u015b\u201d\u2026 <\/b>\u017byjmy po Bo\u017cemu \u2013 i dla Boga \u2013 w ka\u017cdej chwili. Nawet, je\u015bli mia\u0142oby nas to kosztowa\u0107 spe\u0142nienie si\u0119 tej zapowiedzi Jezusa: <i><b>Wy b\u0119dziecie p\u0142aka\u0107 i zawodzi\u0107, a \u015bwiat si\u0119 b\u0119dzie weseli\u0142;<\/b><\/i><b> <\/b>to jednak nie zapominajmy o nast\u0119pnym zdaniu: <i><b>W<\/b><\/i><i><b>y b\u0119dziecie si\u0119 smuci\u0107, ale smutek wasz zamieni si\u0119 w rado\u015b\u0107. <\/b><\/i>Czas prze\u017cyty m\u0105drze i wykorzystany w ca\u0142o\u015bci dla Boga \u2013 owocuje wielk\u0105 rado\u015bci\u0105. Nie tylko wieczn\u0105. Ju\u017c tutaj, na ziemi, daje wielk\u0105 <b>satysfakcj\u0119 i poczucie spe\u0142nienia. <\/b><\/span><\/span><\/span><\/p>\n<p align=\"justify\"><span style=\"color: #000000;\"><span style=\"font-family: Book Antiqua, serif;\"><span style=\"font-size: large;\">Czy mog\u0119 powiedzie\u0107 z ca\u0142ym przekonaniem, \u017ce dobrze wykorzystuj\u0119 \u2013 a przynajmniej: staram si\u0119 wykorzystywa\u0107 \u2013 <b>ka\u017cd\u0105 chwil\u0119? Z Bogiem \u2013 i dla Boga?\u2026<\/b><\/span><\/span><\/span><\/p>\n<p align=\"justify\"><span style=\"color: #000000;\"><span style=\"font-family: Book Antiqua, serif;\"><span style=\"font-size: large;\">Niech wzorem takiego w\u0142a\u015bnie prze\u017cywania swojej doczesno\u015bci \u2013 jako drogi ku Niebu \u2013 b\u0119dzie dla nas Patron dnia dzisiejszego, <b>\u015awi\u0119ty Biskup Eugeniusz de Mazenod.<\/b><\/span><\/span><\/span><\/p>\n<p align=\"justify\"><span style=\"color: #000000;\"><span style=\"font-family: Book Antiqua, serif;\"><span style=\"font-size: large;\">Karol J\u00f3zef Eugeniusz de Mazenod urodzi\u0142 si\u0119 <b>1 sierpnia 1782 r<\/b><b>oku,<\/b><b> w Aix,<\/b> stolicy Prowansji. Nast\u0119pnego dnia otrzyma\u0142 Chrzest. Jego ojcem by\u0142 Karol Antoni de Mazenod, prawnik i prezes izby rozrachunkowej w Aix; matk\u0105 \u2013 Maria R\u00f3\u017ca Joannis, c\u00f3rka profesora Akademii Kr\u00f3lewskiej. Kiedy Eugeniusz mia\u0142 dziewi\u0119\u0107 lat, <b>wybuch\u0142a rewolucja francuska.<\/b> Ojciec nie chcia\u0142 nara\u017ca\u0107 \u017cycia swojego i rodziny, dlatego <b>w <\/b><b>1791 <\/b><b>roku <\/b><b>potajemnie opu\u015bci\u0142 Francj<\/b><b>\u0119<\/b> i uda\u0142 si\u0119 najpierw do Nicei, potem do Turynu. <\/span><\/span><\/span><\/p>\n<p align=\"justify\"><span style=\"color: #000000;\"><span style=\"font-family: Book Antiqua, serif;\"><span style=\"font-size: large;\">W wieku dziesi\u0119ciu lat, Eugeniusz przyst\u0105pi\u0142 do <b>P<\/b><b>ierwszej Komunii <\/b><b>\u015a<\/b><b>wi\u0119tej. <\/b>Z Turynu pa\u0144stwo Mazenodowie przenie\u015bli si\u0119 do Wenecji. Wreszcie, po chwilowym zatrzymaniu si\u0119 w Neapolu, znale\u017ali si\u0119 \u2013 <b>w <\/b><b>1798 <\/b><b>roku \u2013 <\/b><b>w pa\u0142acu kr\u00f3lewskim w Palermo. <\/b>Schronienia udzieli\u0142a im jedna z pa\u0144 dworu kr\u00f3lewskiego. Eugeniusz powr\u00f3ci\u0142 do Francji w 1802 roku.<\/span><\/span><\/span><\/p>\n<p align=\"justify\"><span style=\"color: #000000;\"><span style=\"font-family: Book Antiqua, serif;\"><span style=\"font-size: large;\">Syn prze\u017cy\u0142 jednak drug\u0105, o wiele bole\u015bniejsz\u0105 tragedi\u0119: <b>rozw\u00f3d rodzic\u00f3w. <\/b>Pozosta\u0142 sam, gdy mia\u0142 dwadzie\u015bcia lat. Postanowi\u0142 wej\u015b\u0107 w zwi\u0105zek ma\u0142\u017ce\u0144ski, ale nie m\u00f3g\u0142 zdecydowa\u0107 si\u0119 na wyb\u00f3r odpowiedniej dla siebie osoby. Prze\u017cywa\u0142 te\u017c kryzys duchowy: ow\u0142adn\u0119\u0142y nim <b>w\u0105tpliwo\u015bci religijne.<\/b> Czyta\u0142 dzie\u0142a wytrawnych teolog\u00f3w katolickich i to one wyprowadzi\u0142y go z ciemno\u015bci do wiary. Modli\u0142 si\u0119 w tym czasie bardzo wiele. <\/span><\/span><\/span><\/p>\n<p align=\"justify\"><span style=\"color: #000000;\"><span style=\"font-family: Book Antiqua, serif;\"><span style=\"font-size: large;\">W Wielki Pi\u0105tek 1807 roku, <b>prze\u017cy\u0142 swoje nawr\u00f3cenie <\/b><b>i<\/b><b> postanowi\u0142 zosta\u0107 kap\u0142anem. <\/b>Zapisa\u0142 si\u0119 wi\u0119c \u2013 w 1808 roku \u2013 do seminarium \u015awi\u0119tego Sulpicjusza w Pary\u017cu. Po jego uko\u0144czeniu nie chcia\u0142 jednak przyj\u0105\u0107 \u015bwi\u0119ce\u0144 z r\u0105k kardyna\u0142a Maury, kt\u00f3ry rz\u0105dzi\u0142 diecezj\u0105 parysk\u0105 bez kanonicznej instalacji jako zwolennik Napoleona. Eugeniusz uda\u0142 si\u0119 wi\u0119c do Biskupa Amiens i z jego r\u0105k otrzyma\u0142 \u015bwi\u0119cenia prezbiteratu, <b>w dniu<\/b><b> 21 grudnia 1811 r<\/b><b>oku<\/b><b>. <\/b>Mia\u0142 wtedy dwadzie\u015bcia dziewi\u0119\u0107 lat. <\/span><\/span><\/span><\/p>\n<p align=\"justify\"><span style=\"color: #000000;\"><span style=\"font-family: Book Antiqua, serif;\"><span style=\"font-size: large;\">Biskup pozna\u0142 si\u0119 na niezwyk\u0142ych zaletach neoprezbitera i chcia\u0142 go zatrzyma\u0107, a nawet <b>proponowa\u0142 mu urz\u0105d wikariusza generalnego.<\/b> Otwiera\u0142a si\u0119 wi\u0119c przed m\u0142odym kap\u0142anem kariera ko\u015bcielna. Eugeniusz jednak podzi\u0119kowa\u0142 Biskupowi za zaufanie i odda\u0142 si\u0119 <b>pracy w\u015br\u00f3d najubo\u017cszych miast i wsi:<\/b> g\u0142osi\u0142 z zapa\u0142em misje i rekolekcje. By\u0142y one jak najbardziej na czasie, gdy\u017c od XVIII wieku lud francuski, prze\u017carty propagand\u0105 encyklopedyst\u00f3w, popad\u0142 w zupe\u0142n\u0105 <b>oboj\u0119tno\u015b\u0107 i ignorancj\u0119 religijn\u0105.<\/b><\/span><\/span><\/span><\/p>\n<p align=\"justify\"><span style=\"color: #000000;\"><span style=\"font-family: Book Antiqua, serif;\"><span style=\"font-size: large;\">Nied\u0142ugo przy\u0142\u0105czy\u0142o si\u0119 do Mazenoda kilku podobnie apostolsko nastawionych kap\u0142an\u00f3w. <b>W 1816 roku, z<\/b><b>amieszkali razem<\/b> w pokarmelickim klasztorze w Aix, wiod\u0105c \u017cycie wsp\u00f3lne. Do misji, kt\u00f3re prowadzi\u0142, wni\u00f3s\u0142 Eugeniusz dwie nowo\u015bci: przed misj\u0105 <b>obchodzono poszczeg\u00f3lne domy<\/b> z zach\u0119t\u0105 do odprawienia misji. Ponadto wprowadzi\u0142 zwyczaj, \u017ce w czasie misji by\u0142a do dyspozycji sala, w kt\u00f3rej zbierano ochotnik\u00f3w<b> i dyskutowano na interesuj\u0105ce ich tematy. <\/b><\/span><\/span><\/span><\/p>\n<p align=\"justify\"><span style=\"color: #000000;\"><span style=\"font-family: Book Antiqua, serif;\"><span style=\"font-size: large;\">W dwa lata potem, <b>w roku<\/b><b> 1818, Eugeniusz de Mazenod z\u0142o\u017cy\u0142 \u015bluby zakonne,<\/b> a wraz z nim uczyni\u0142o to o\u015bmiu ojc\u00f3w i kleryk\u00f3w. Nowe zgromadzenie w roku 1826 zatwierdzi\u0142 Papie\u017c Leon XII. W\u00f3wczas ta m\u0142oda rodzina zakonna, zgodnie z wol\u0105 papie\u017ca, przyj\u0119\u0142a nazw\u0119 <b>\u201eZgromadzenie Misjonarzy Oblat\u00f3w Maryi Niepokalanej\u201d (OMI).<\/b><\/span><\/span><\/span><\/p>\n<p align=\"justify\"><span style=\"color: #000000;\"><span style=\"font-family: Book Antiqua, serif;\"><span style=\"font-size: large;\">W roku 1823, zosta\u0142 nasz Patron mianowany <b>wikariuszem generalnym w Marsylii. <\/b>Zaproponowa\u0142 mu t\u0119 godno\u015b\u0107 i urz\u0105d jego stryj, Fortunat de Mazenod, Biskup Marsylii. \u015awi\u0105tobliwy kap\u0142an zgodzi\u0142 si\u0119 w nadziei, \u017ce b\u0119dzie m\u00f3g\u0142 si\u0119 w ten spos\u00f3b przys\u0142u\u017cy\u0107 <b>nie tylko diecezji, ale r\u00f3wnie\u017c m\u0142odemu zgromadzeniu. <\/b>Spotka\u0142 go jednak w\u0142a\u015bnie dlatego bolesny zaw\u00f3d. <\/span><\/span><\/span><\/p>\n<p align=\"justify\"><span style=\"color: #000000;\"><span style=\"font-family: Book Antiqua, serif;\"><span style=\"font-size: large;\">W szeregach zgromadzenia <b>znale\u017ali si\u0119 malkontenci, <\/b>kt\u00f3rzy zacz\u0119li zarzuca\u0107 Za\u0142o\u017cycielowi, \u017ce dla godno\u015bci i dla zaspokojenia ambicji w\u0142adzy zaniedba\u0142 w\u0142asne zgromadzenie, narzucaj\u0105c cz\u0142onkom regu\u0142\u0119, kt\u00f3rej sam nie zachowuje. Wtedy Eugeniusz zdecydowa\u0142 si\u0119 na stanowczy krok: <b>usun\u0105\u0142 niezadowolonych. <\/b><\/span><\/span><\/span><\/p>\n<p align=\"justify\"><span style=\"color: #000000;\"><span style=\"font-family: Book Antiqua, serif;\"><span style=\"font-size: large;\">Kiedy jednak ferment pozosta\u0142 i nadal si\u0119 szerzy\u0142, Ojciec Eugeniusz zwo\u0142a\u0142 ca\u0142e zgromadzenie, wyg\u0142osi\u0142 osobi\u015bcie rekolekcje, po nich nakaza\u0142 zgaszenie \u015bwiate\u0142, rozebra\u0142 si\u0119 do pasa i <b>\u201ew\u015br\u00f3d powszechnego p\u0142aczu i \u0142kania obecnych biczowa\u0142 si\u0119 do krwi\u201d.<\/b> Gdy wszyscy wychodzili z sali, po\u0142o\u017cy\u0142 si\u0119 na progu, \u201enakazuj\u0105c wszystkim w imi\u0119 pos\u0142usze\u0144stwa, <b>\u017ceby po nim deptali nogami\u201d. <\/b>By\u0142o to w roku 1824. Nauka poskutkowa\u0142a, <b>zakon przetrwa\u0142.<\/b><\/span><\/span><\/span><\/p>\n<p align=\"justify\"><span style=\"color: #000000;\"><span style=\"font-family: Book Antiqua, serif;\"><span style=\"font-size: large;\">W roku 1840, stryj Mazenoda z\u0142o\u017cy\u0142 dymisj\u0119 i na jego miejsce Stolica Apostolska mianowa\u0142a <b>ordynariuszem Marsylii <\/b><b>w\u0142a\u015bnie<\/b><b> Eugeniusza,<\/b> dot\u0105d Biskupa pomocniczego. Z ca\u0142\u0105 energi\u0105 nowy Biskup zabra\u0142 si\u0119 do <b>odbudowy moralnej tej portowej diecezji. <\/b>Wystawi\u0142 katedr\u0119 i gmach seminarium duchownego. Zainicjowa\u0142 sanktuarium maryjne Notre Dame de la Garde, kt\u00f3re do dzi\u015b jest chlub\u0105 miasta, g\u00f3ruj\u0105c z pobliskiego wzg\u00f3rza nad Marsyli\u0105. Szczeg\u00f3ln\u0105 uwag\u0119 po\u015bwi\u0119ci\u0142 <b>grupom cudzoziemc\u00f3w,<\/b> pozbawionych dot\u0105d opieki religijnej.<\/span><\/span><\/span><\/p>\n<p align=\"justify\"><span style=\"color: #000000;\"><span style=\"font-family: Book Antiqua, serif;\"><span style=\"font-size: large;\">W tak rozlicznych zaj\u0119ciach biskupich <b>nie zapomnia\u0142 o w\u0142asnym zgromadzeniu.<\/b> W 1841 roku, Biskup Montrealu przyby\u0142 do Marsylii, by prosi\u0107 o misjonarzy. Za\u0142o\u017cyciel natychmiast pos\u0142a\u0142 mu sze\u015bciu swoich syn\u00f3w duchowych. Najpierw pracowali oni <b>w\u015br\u00f3d<\/b> <b>francuskich emigrant\u00f3w,<\/b> a od roku 1845 rozpocz\u0119li na dalekiej p\u00f3\u0142nocy prac\u0119 <b>w\u015br\u00f3d robotnik\u00f3w le\u015bnych i Indian. <\/b>Dzie\u0142o tak pi\u0119knie zacz\u0119\u0142o si\u0119 rozwija\u0107, \u017ce ju\u017c w trzy lata potem Papie\u017c Pius IX otworzy\u0142 wikariat. Ordynariuszem zosta\u0142 mianowany pierwszy oblat. <\/span><\/span><\/span><\/p>\n<p align=\"justify\"><span style=\"color: #000000;\"><span style=\"font-family: Book Antiqua, serif;\"><span style=\"font-size: large;\">Eugeniusz \u017c\u0105da\u0142 <b>dok\u0142adnych wiadomo\u015bci o pracy misyjnej,<\/b> posy\u0142a\u0142 wszelkiego rodzaju pomoc, gratulowa\u0142 sukces\u00f3w, zach\u0119ca\u0142 do wytrwania. Praca na tych niezmierzonych kanadyjskich obszarach <b>by\u0142a bardzo ci\u0119\u017cka. <\/b>Misjonarzom dokucza\u0142o te\u017c <b>niezno\u015bnie<\/b> <b>zimno<\/b> obszar\u00f3w podbiegunowych i prymitywno\u015b\u0107 \u017cycia ludno\u015bci tubylczej.<\/span><\/span><\/span><\/p>\n<p align=\"justify\"><span style=\"color: #000000;\"><span style=\"font-family: Book Antiqua, serif;\"><span style=\"font-size: large;\">Dzie\u0142o wielkiego serca spotka\u0142o si\u0119 <b>z pe\u0142nym uznaniem i powszechnym podziwem.<\/b> Cesarz Napoleon III pos\u0142a\u0142 Eugeniuszowi order Legii Honorowej i mianowa\u0142 go senatorem pa\u0144stwa. Przedstawi\u0142 tak\u017ce kandydatur\u0119 Biskupa Marsylii do purpury kardynalskiej. Papie\u017c Pius IX mianowa\u0142 Eugeniusza asystentem tronu papieskiego i pos\u0142a\u0142 mu <b>paliusz arcybiskupi.<\/b><\/span><\/span><\/span><\/p>\n<p align=\"justify\"><span style=\"color: #000000;\"><span style=\"font-family: Book Antiqua, serif;\"><span style=\"font-size: large;\">Zgromadzenie zakonne rozwija\u0142o si\u0119 intensywnie. Oblaci pracowali gorliwie niemal <b>we wszystkich cz\u0119\u015bciach Kanady,<\/b> a zw\u0142aszcza na jej terenach p\u00f3\u0142nocnych, dot\u0105d najbardziej zaniedbanych. Tak\u017ce w Po\u0142udniowej Afryce i na Cejlonie, na Sri Lance. <b>Do Polski oblaci przybyli w roku 1920. <\/b><\/span><\/span><\/span><\/p>\n<p align=\"justify\"><span style=\"color: #000000;\"><span style=\"font-family: Book Antiqua, serif;\"><span style=\"font-size: large;\">Pe\u0142en zas\u0142ug, <b>Eugeniusz zmar\u0142<\/b> w wieku siedemdziesi\u0119ciu dziewi\u0119ciu lat, <b>w dniu 21 maja 1861 roku, <\/b>w godzinach porannych, kiedy jego synowie duchowi \u015bpiewali \u201eSalve Regina\u201d. Do chwa\u0142y o\u0142tarzy wyni\u00f3s\u0142 s\u0142ug\u0119 Bo\u017cego Papie\u017c Pawe\u0142 VI, w roku \u015bwi\u0119tym 1975, a <b>kanonizowa\u0142 go <\/b><b>Papie\u017c<\/b><b> Jan Pawe\u0142 II, w <\/b><b>roku<\/b><b> 1995. <\/b><\/span><\/span><\/span><\/p>\n<p align=\"justify\"><span style=\"color: #000000;\"><span style=\"font-family: Book Antiqua, serif;\"><span style=\"font-size: large;\">A oto s\u0142owa samego naszego Patrona, zapisane <b>w li\u015bcie pasterskim <\/b><b>na Wielki Post 1860 roku:<\/b><\/span><\/span><\/span><\/p>\n<p align=\"justify\"><span style=\"color: #000000;\">\u201e<span style=\"font-family: Book Antiqua, serif;\"><span style=\"font-size: large;\">Czy\u017c jest rzecz\u0105 mo\u017cliw\u0105 oddzieli\u0107 nasz\u0105 mi\u0142o\u015b\u0107 do Jezusa Chrystusa od mi\u0142o\u015bci do Jego Ko\u015bcio\u0142a? Te dwie mi\u0142o\u015bci si\u0119 przenikaj\u0105: <b>mi\u0142owa\u0107 Ko\u015bci\u00f3\u0142 znaczy mi\u0142owa\u0107 Jezusa Chrystusa \u2013 <\/b>i odwrotnie.<\/span><\/span><\/span><\/p>\n<p align=\"justify\"><span style=\"color: #000000;\"><span style=\"font-family: Book Antiqua, serif;\"><span style=\"font-size: large;\">Mi\u0142ujemy Chrystusa w jego Ko\u015bciele, gdy\u017c jest On jego nieskalan\u0105 Oblubienic\u0105, kt\u00f3ra <b>wysz\u0142a z Jego boku, otwartego na krzy\u017cu,<\/b> jak Ewa wysz\u0142a z Adama. Poprzez Wcielenie S\u0142owo Bo\u017ce zjednoczy\u0142o si\u0119 z ludzk\u0105 natur\u0105 i to zjednoczenie jest tak doskona\u0142e, \u017ce <b>w Cz\u0142owieku \u2013 Bogu jest tylko jedna Osoba, <\/b>to znaczy osoba S\u0142owa.<\/span><\/span><\/span><\/p>\n<p align=\"justify\"><span style=\"color: #000000;\"><span style=\"font-family: Book Antiqua, serif;\"><span style=\"font-size: large;\">Jednak ca\u0142y rodzaj ludzki, reprezentowany przez jednego ze swoich cz\u0142onk\u00f3w, to znaczy <b>przez nowego Adama, kt\u00f3rym jest Jezus Chrystus, <\/b>zosta\u0142 powo\u0142any przez mi\u0142osierdzie Najwy\u017cszego do pe\u0142nego uczestnictwa w tej niewypowiedzianej jedno\u015bci natury Boskiej i natury ludzkiej w osobie S\u0142owa, kt\u00f3re sta\u0142o si\u0119 cia\u0142em.<\/span><\/span><\/span><\/p>\n<p align=\"justify\"><span style=\"color: #000000;\"><span style=\"font-family: Book Antiqua, serif;\"><span style=\"font-size: large;\">Jezus Chrystus mia\u0142 dokona\u0107 mistycznego w\u0142\u0105czenia w siebie syn\u00f3w ludzkich, aby tworzy\u0107 z nimi jedno cia\u0142o, <b>pozostawiaj\u0105c jednak w\u0142asn\u0105 osobowo\u015b\u0107<\/b> ka\u017cdemu z tych, kt\u00f3rzy z Nim si\u0119 jednocz\u0105. A poniewa\u017c w Chrystusie jest tylko jedna Osoba, wszyscy chrze\u015bcijanie <b>mog\u0105 tworzy\u0107 z Nim tylko jedno cia\u0142o,<\/b> kt\u00f3rego On jest G\u0142ow\u0105, a oni cz\u0142onkami.<\/span><\/span><\/span><\/p>\n<p align=\"justify\"><span style=\"color: #000000;\"><span style=\"font-family: Book Antiqua, serif;\"><span style=\"font-size: large;\">Ko\u015bci\u00f3\u0142 jest cen\u0105 krwi Jezusa Chrystusa oraz <b>przedmiotem niesko\u0144czonej mi\u0142o\u015bci,<\/b> jak\u0105 On mi\u0142uje ludzi. Chrystus umi\u0142owa\u0142 Ko\u015bci\u00f3\u0142 bardziej ni\u017c w\u0142asne \u017cycie i dlatego jest On drogi Bogu Ojcu, kt\u00f3ry umi\u0142owa\u0142 go przed wszystkimi wiekami i wyda\u0142 za niego swego Jednorodzonego Syna: <i><b>Sic Deus dilexit mundum ut Filium suum unigenitum daret <\/b><\/i>(J 3, 15).<\/span><\/span><\/span><\/p>\n<p align=\"justify\"><span style=\"color: #000000;\"><span style=\"font-family: Book Antiqua, serif;\"><span style=\"font-size: large;\">Dla niego r\u00f3wnie\u017c zst\u0105pi\u0142 Duch \u015awi\u0119ty, obiecany przez Bo\u017cego Zbawc\u0119, aby si\u0119 z nim z\u0142\u0105czy\u0107 i nigdy nie rozdzieli\u0107, aby go inspirowa\u0107, o\u015bwieca\u0107, kierowa\u0107 nim i go wspiera\u0107 oraz <b>dokonywa\u0107 w nim dzie\u0142 Bo\u017cych.<\/b><\/span><\/span><\/span><\/p>\n<p align=\"justify\"><span style=\"color: #000000;\"><span style=\"font-family: Book Antiqua, serif;\"><span style=\"font-size: large;\">Wszyscy, kt\u00f3rzy s\u0105 cz\u0142onkami Ko\u015bcio\u0142a, \u017cyj\u0105 w duchowym domu Boga, albo raczej <b>oni sami stanowi\u0105 ten dom, <\/b>b\u0119d\u0105cy olbrzymi\u0105 \u015bwi\u0105tyni\u0105, do kt\u00f3rej ma wej\u015b\u0107 ca\u0142y wszech\u015bwiat i kt\u00f3rego wszystkie kamienie s\u0105 \u017cywe. \u015awi\u0105tynia ta jest <b>przedsionkiem oraz obrazem \u015bwi\u0105tyni wieczno\u015bci.<\/b> Zar\u00f3wno w jednej, jak i w drugiej, Oblubieniec obdarowuje Oblubienic\u0119 bogactwem swojej mi\u0142o\u015bci. B\u00f3g sam wybudowa\u0142 ten dom przy pomocy Boskiego cementu. <\/span><\/span><\/span><\/p>\n<p align=\"justify\"><span style=\"color: #000000;\"><span style=\"font-family: Book Antiqua, serif;\"><span style=\"font-size: large;\">Teraz zatem, moi drodzy Bracia, pragn\u0119 was zapyta\u0107, czy <b>brak synowskiej mi\u0142o\u015bci wzgl\u0119dem Oblubienicy Jezusa Chrystusa,<\/b> kt\u00f3r\u0105 On nam da\u0142 za Matk\u0119, czy brak mi\u0142o\u015bci do rodziny Boga \u2013 Cz\u0142owieka, do jego \u017cywego domu, do Jego ziemskiego miasta, obrazu miasta wiecznego, Jego Kr\u00f3lestwa, czy <b>brak mi\u0142o\u015bci do jego owczarni, <\/b>kt\u00f3r\u0105 sam za\u0142o\u017cy\u0142; kr\u00f3tko m\u00f3wi\u0105c: czy brak mi\u0142o\u015bci do dzie\u0142a, kt\u00f3re by\u0142o przedmiotem wszystkich Jego trud\u00f3w i w kt\u00f3rym ma ca\u0142e swoje upodobanie \u2013 <b>nie jest brakiem mi\u0142o\u015bci do Niego samego? <\/b><\/span><\/span><\/span><\/p>\n<p align=\"justify\"><span style=\"color: #000000;\"><span style=\"font-family: Book Antiqua, serif;\"><span style=\"font-size: large;\">Czy nie oznacza to <b>odrzucenia zamys\u0142\u00f3w Jego mi\u0142osierdzia,<\/b> praw Jego mi\u0142o\u015bci i panowania? Czy nie jest to odrzucenie Jego samego jako Zbawiciela i Odkupiciela ludzko\u015bci, <b>Zwyci\u0119zcy piek\u0142a i \u015bmierci, suwerennego Pana,<\/b> kt\u00f3remu zosta\u0142y dane w dziedzictwo wszystkie narody ziemi?\u201d<\/span><\/span><\/span><\/p>\n<p align=\"justify\"><span style=\"color: #000000;\"><span style=\"font-family: Book Antiqua, serif;\"><span style=\"font-size: large;\">S\u0142uchaj\u0105c g\u0142\u0119bokich refleksji \u015awi\u0119tego Biskupa Eugeniusza de Mazenod, \u015bledz\u0105c te\u017c koleje jego intensywnego \u017cycia, a wcze\u015bniej jeszcze ws\u0142uchuj\u0105c si\u0119 uwa\u017cnie w Bo\u017ce s\u0142owo dzisiejszej liturgii, zapytajmy raz jeszcze, czy ka\u017cd\u0105 chwil\u0105 swojego \u017cycia coraz bardziej <b>jednocz\u0119 si\u0119 z Jezusem<\/b> i coraz bardziej <b>buduj\u0119 Jego Ko\u015bci\u00f3\u0142?\u2026<\/b><\/span><\/span><\/span><\/p>\n","protected":false},"excerpt":{"rendered":"<p>Szcz\u0119\u015b\u0107 Bo\u017ce! Moi Drodzy, w dniu wczorajszym urodziny prze\u017cywa\u0142a nasza droga M., pisz\u0105ca ciekawe komentarze na naszym blogu. Dzi\u0119kuj\u0105c Jubilatce za sta\u0142\u0105 obecno\u015b\u0107 z nami, \u017cycz\u0119 wszelkiego Bo\u017cego \u015bwiat\u0142a i natchnie\u0144 Ducha \u015awi\u0119tego w ci\u0105g\u0142ym pog\u0142\u0119bianiu wiary! Zapewniam o modlitwie! Dzisiaj natomiast swoje \u015bwi\u0119to patronalne prze\u017cywaj\u0105 Ojcowie Oblaci Maryi Niepokalanej (OMI), a to ze wzgl\u0119du [&hellip;]<\/p>\n","protected":false},"author":1,"featured_media":0,"comment_status":"open","ping_status":"open","sticky":false,"template":"","format":"standard","meta":{"jetpack_post_was_ever_published":false,"_jetpack_newsletter_access":"","_jetpack_dont_email_post_to_subs":false,"_jetpack_newsletter_tier_id":0,"_jetpack_memberships_contains_paywalled_content":false,"_jetpack_memberships_contains_paid_content":false,"footnotes":""},"categories":[1],"tags":[],"class_list":["post-17039","post","type-post","status-publish","format-standard","hentry","category-bez-kategorii"],"yoast_head":"<!-- This site is optimized with the Yoast SEO plugin v25.1 - https:\/\/yoast.com\/wordpress\/plugins\/seo\/ -->\n<title>Jeszcze chwila... - Gaudium Et Spes<\/title>\n<meta name=\"robots\" content=\"index, follow, max-snippet:-1, max-image-preview:large, max-video-preview:-1\" \/>\n<link rel=\"canonical\" href=\"https:\/\/gaudiumetspes-blog.pl\/index.php\/2020\/05\/21\/jeszcze-chwila\/\" \/>\n<meta property=\"og:locale\" content=\"pl_PL\" \/>\n<meta property=\"og:type\" content=\"article\" \/>\n<meta property=\"og:title\" content=\"Jeszcze chwila... - Gaudium Et Spes\" \/>\n<meta property=\"og:description\" content=\"Szcz\u0119\u015b\u0107 Bo\u017ce! Moi Drodzy, w dniu wczorajszym urodziny prze\u017cywa\u0142a nasza droga M., pisz\u0105ca ciekawe komentarze na naszym blogu. Dzi\u0119kuj\u0105c Jubilatce za sta\u0142\u0105 obecno\u015b\u0107 z nami, \u017cycz\u0119 wszelkiego Bo\u017cego \u015bwiat\u0142a i natchnie\u0144 Ducha \u015awi\u0119tego w ci\u0105g\u0142ym pog\u0142\u0119bianiu wiary! Zapewniam o modlitwie! Dzisiaj natomiast swoje \u015bwi\u0119to patronalne prze\u017cywaj\u0105 Ojcowie Oblaci Maryi Niepokalanej (OMI), a to ze wzgl\u0119du [&hellip;]\" \/>\n<meta property=\"og:url\" content=\"https:\/\/gaudiumetspes-blog.pl\/index.php\/2020\/05\/21\/jeszcze-chwila\/\" \/>\n<meta property=\"og:site_name\" content=\"Gaudium Et Spes\" \/>\n<meta property=\"article:published_time\" content=\"2020-05-21T03:37:20+00:00\" \/>\n<meta name=\"author\" content=\"Ks. Jacek\" \/>\n<meta name=\"twitter:card\" content=\"summary_large_image\" \/>\n<meta name=\"twitter:label1\" content=\"Napisane przez\" \/>\n\t<meta name=\"twitter:data1\" content=\"Ks. Jacek\" \/>\n\t<meta name=\"twitter:label2\" content=\"Szacowany czas czytania\" \/>\n\t<meta name=\"twitter:data2\" content=\"17 minut\" \/>\n<script type=\"application\/ld+json\" class=\"yoast-schema-graph\">{\"@context\":\"https:\/\/schema.org\",\"@graph\":[{\"@type\":\"WebPage\",\"@id\":\"https:\/\/gaudiumetspes-blog.pl\/index.php\/2020\/05\/21\/jeszcze-chwila\/\",\"url\":\"https:\/\/gaudiumetspes-blog.pl\/index.php\/2020\/05\/21\/jeszcze-chwila\/\",\"name\":\"Jeszcze chwila... - Gaudium Et Spes\",\"isPartOf\":{\"@id\":\"https:\/\/gaudiumetspes-blog.pl\/#website\"},\"datePublished\":\"2020-05-21T03:37:20+00:00\",\"author\":{\"@id\":\"https:\/\/gaudiumetspes-blog.pl\/#\/schema\/person\/1661982992b752dea8dff0d4ed845a65\"},\"breadcrumb\":{\"@id\":\"https:\/\/gaudiumetspes-blog.pl\/index.php\/2020\/05\/21\/jeszcze-chwila\/#breadcrumb\"},\"inLanguage\":\"pl-PL\",\"potentialAction\":[{\"@type\":\"ReadAction\",\"target\":[\"https:\/\/gaudiumetspes-blog.pl\/index.php\/2020\/05\/21\/jeszcze-chwila\/\"]}]},{\"@type\":\"BreadcrumbList\",\"@id\":\"https:\/\/gaudiumetspes-blog.pl\/index.php\/2020\/05\/21\/jeszcze-chwila\/#breadcrumb\",\"itemListElement\":[{\"@type\":\"ListItem\",\"position\":1,\"name\":\"Strona g\u0142\u00f3wna\",\"item\":\"https:\/\/gaudiumetspes-blog.pl\/\"},{\"@type\":\"ListItem\",\"position\":2,\"name\":\"Jeszcze chwila&#8230;\"}]},{\"@type\":\"WebSite\",\"@id\":\"https:\/\/gaudiumetspes-blog.pl\/#website\",\"url\":\"https:\/\/gaudiumetspes-blog.pl\/\",\"name\":\"Gaudium Et Spes\",\"description\":\"Blog Ks. Jacka Ja\u015bkowskiego\",\"potentialAction\":[{\"@type\":\"SearchAction\",\"target\":{\"@type\":\"EntryPoint\",\"urlTemplate\":\"https:\/\/gaudiumetspes-blog.pl\/?s={search_term_string}\"},\"query-input\":{\"@type\":\"PropertyValueSpecification\",\"valueRequired\":true,\"valueName\":\"search_term_string\"}}],\"inLanguage\":\"pl-PL\"},{\"@type\":\"Person\",\"@id\":\"https:\/\/gaudiumetspes-blog.pl\/#\/schema\/person\/1661982992b752dea8dff0d4ed845a65\",\"name\":\"Ks. Jacek\",\"image\":{\"@type\":\"ImageObject\",\"inLanguage\":\"pl-PL\",\"@id\":\"https:\/\/gaudiumetspes-blog.pl\/#\/schema\/person\/image\/\",\"url\":\"https:\/\/gaudiumetspes-blog.pl\/wp-content\/uploads\/2019\/07\/avatar-JJ-150x150.jpg\",\"contentUrl\":\"https:\/\/gaudiumetspes-blog.pl\/wp-content\/uploads\/2019\/07\/avatar-JJ-150x150.jpg\",\"caption\":\"Ks. Jacek\"},\"description\":\"Witam serdecznie! K\u0142ania si\u0119 Ks. Jacek Ja\u015bkowski. Nie jestem ani kim\u015b wa\u017cnym, ani kim\u015b znanym. Jestem ksi\u0119dzem, kt\u00f3ry po prostu chce rozmawia\u0107. Codzienna kap\u0142a\u0144ska pos\u0142uga pokazuje mi, \u017ce temat\u00f3w do rozm\u00f3w z ksi\u0119dzem jest coraz wi\u0119cej i dzisiaj \u017caden ksi\u0105dz nie mo\u017ce od nich ucieka\u0107, ale - wprost przeciwnie - podejmowa\u0107 nowe wyzwania. To przekonanie sk\u0142oni\u0142o mnie do pr\u00f3by otwarcia tego\u017c bloga, chocia\u017c okazji do rozm\u00f3w na co dzie\u0144 - w konfesjonale i poza nim - na szcz\u0119\u015bcie nie brakuje. My\u015bl\u0119 jednak, \u017ce ten blog b\u0119dzie jeszcze jednym sposobem i przestrzeni\u0105 nawi\u0105zania kontaktu z lud\u017ami dobrej woli, otwartymi na dialog.\",\"url\":\"https:\/\/gaudiumetspes-blog.pl\/index.php\/author\/ks-jacek\/\"}]}<\/script>\n<!-- \/ Yoast SEO plugin. -->","yoast_head_json":{"title":"Jeszcze chwila... - Gaudium Et Spes","robots":{"index":"index","follow":"follow","max-snippet":"max-snippet:-1","max-image-preview":"max-image-preview:large","max-video-preview":"max-video-preview:-1"},"canonical":"https:\/\/gaudiumetspes-blog.pl\/index.php\/2020\/05\/21\/jeszcze-chwila\/","og_locale":"pl_PL","og_type":"article","og_title":"Jeszcze chwila... - Gaudium Et Spes","og_description":"Szcz\u0119\u015b\u0107 Bo\u017ce! Moi Drodzy, w dniu wczorajszym urodziny prze\u017cywa\u0142a nasza droga M., pisz\u0105ca ciekawe komentarze na naszym blogu. Dzi\u0119kuj\u0105c Jubilatce za sta\u0142\u0105 obecno\u015b\u0107 z nami, \u017cycz\u0119 wszelkiego Bo\u017cego \u015bwiat\u0142a i natchnie\u0144 Ducha \u015awi\u0119tego w ci\u0105g\u0142ym pog\u0142\u0119bianiu wiary! Zapewniam o modlitwie! Dzisiaj natomiast swoje \u015bwi\u0119to patronalne prze\u017cywaj\u0105 Ojcowie Oblaci Maryi Niepokalanej (OMI), a to ze wzgl\u0119du [&hellip;]","og_url":"https:\/\/gaudiumetspes-blog.pl\/index.php\/2020\/05\/21\/jeszcze-chwila\/","og_site_name":"Gaudium Et Spes","article_published_time":"2020-05-21T03:37:20+00:00","author":"Ks. Jacek","twitter_card":"summary_large_image","twitter_misc":{"Napisane przez":"Ks. Jacek","Szacowany czas czytania":"17 minut"},"schema":{"@context":"https:\/\/schema.org","@graph":[{"@type":"WebPage","@id":"https:\/\/gaudiumetspes-blog.pl\/index.php\/2020\/05\/21\/jeszcze-chwila\/","url":"https:\/\/gaudiumetspes-blog.pl\/index.php\/2020\/05\/21\/jeszcze-chwila\/","name":"Jeszcze chwila... - Gaudium Et Spes","isPartOf":{"@id":"https:\/\/gaudiumetspes-blog.pl\/#website"},"datePublished":"2020-05-21T03:37:20+00:00","author":{"@id":"https:\/\/gaudiumetspes-blog.pl\/#\/schema\/person\/1661982992b752dea8dff0d4ed845a65"},"breadcrumb":{"@id":"https:\/\/gaudiumetspes-blog.pl\/index.php\/2020\/05\/21\/jeszcze-chwila\/#breadcrumb"},"inLanguage":"pl-PL","potentialAction":[{"@type":"ReadAction","target":["https:\/\/gaudiumetspes-blog.pl\/index.php\/2020\/05\/21\/jeszcze-chwila\/"]}]},{"@type":"BreadcrumbList","@id":"https:\/\/gaudiumetspes-blog.pl\/index.php\/2020\/05\/21\/jeszcze-chwila\/#breadcrumb","itemListElement":[{"@type":"ListItem","position":1,"name":"Strona g\u0142\u00f3wna","item":"https:\/\/gaudiumetspes-blog.pl\/"},{"@type":"ListItem","position":2,"name":"Jeszcze chwila&#8230;"}]},{"@type":"WebSite","@id":"https:\/\/gaudiumetspes-blog.pl\/#website","url":"https:\/\/gaudiumetspes-blog.pl\/","name":"Gaudium Et Spes","description":"Blog Ks. Jacka Ja\u015bkowskiego","potentialAction":[{"@type":"SearchAction","target":{"@type":"EntryPoint","urlTemplate":"https:\/\/gaudiumetspes-blog.pl\/?s={search_term_string}"},"query-input":{"@type":"PropertyValueSpecification","valueRequired":true,"valueName":"search_term_string"}}],"inLanguage":"pl-PL"},{"@type":"Person","@id":"https:\/\/gaudiumetspes-blog.pl\/#\/schema\/person\/1661982992b752dea8dff0d4ed845a65","name":"Ks. Jacek","image":{"@type":"ImageObject","inLanguage":"pl-PL","@id":"https:\/\/gaudiumetspes-blog.pl\/#\/schema\/person\/image\/","url":"https:\/\/gaudiumetspes-blog.pl\/wp-content\/uploads\/2019\/07\/avatar-JJ-150x150.jpg","contentUrl":"https:\/\/gaudiumetspes-blog.pl\/wp-content\/uploads\/2019\/07\/avatar-JJ-150x150.jpg","caption":"Ks. Jacek"},"description":"Witam serdecznie! K\u0142ania si\u0119 Ks. Jacek Ja\u015bkowski. Nie jestem ani kim\u015b wa\u017cnym, ani kim\u015b znanym. Jestem ksi\u0119dzem, kt\u00f3ry po prostu chce rozmawia\u0107. Codzienna kap\u0142a\u0144ska pos\u0142uga pokazuje mi, \u017ce temat\u00f3w do rozm\u00f3w z ksi\u0119dzem jest coraz wi\u0119cej i dzisiaj \u017caden ksi\u0105dz nie mo\u017ce od nich ucieka\u0107, ale - wprost przeciwnie - podejmowa\u0107 nowe wyzwania. To przekonanie sk\u0142oni\u0142o mnie do pr\u00f3by otwarcia tego\u017c bloga, chocia\u017c okazji do rozm\u00f3w na co dzie\u0144 - w konfesjonale i poza nim - na szcz\u0119\u015bcie nie brakuje. My\u015bl\u0119 jednak, \u017ce ten blog b\u0119dzie jeszcze jednym sposobem i przestrzeni\u0105 nawi\u0105zania kontaktu z lud\u017ami dobrej woli, otwartymi na dialog.","url":"https:\/\/gaudiumetspes-blog.pl\/index.php\/author\/ks-jacek\/"}]}},"jetpack_featured_media_url":"","jetpack_sharing_enabled":true,"_links":{"self":[{"href":"https:\/\/gaudiumetspes-blog.pl\/index.php\/wp-json\/wp\/v2\/posts\/17039","targetHints":{"allow":["GET"]}}],"collection":[{"href":"https:\/\/gaudiumetspes-blog.pl\/index.php\/wp-json\/wp\/v2\/posts"}],"about":[{"href":"https:\/\/gaudiumetspes-blog.pl\/index.php\/wp-json\/wp\/v2\/types\/post"}],"author":[{"embeddable":true,"href":"https:\/\/gaudiumetspes-blog.pl\/index.php\/wp-json\/wp\/v2\/users\/1"}],"replies":[{"embeddable":true,"href":"https:\/\/gaudiumetspes-blog.pl\/index.php\/wp-json\/wp\/v2\/comments?post=17039"}],"version-history":[{"count":1,"href":"https:\/\/gaudiumetspes-blog.pl\/index.php\/wp-json\/wp\/v2\/posts\/17039\/revisions"}],"predecessor-version":[{"id":17040,"href":"https:\/\/gaudiumetspes-blog.pl\/index.php\/wp-json\/wp\/v2\/posts\/17039\/revisions\/17040"}],"wp:attachment":[{"href":"https:\/\/gaudiumetspes-blog.pl\/index.php\/wp-json\/wp\/v2\/media?parent=17039"}],"wp:term":[{"taxonomy":"category","embeddable":true,"href":"https:\/\/gaudiumetspes-blog.pl\/index.php\/wp-json\/wp\/v2\/categories?post=17039"},{"taxonomy":"post_tag","embeddable":true,"href":"https:\/\/gaudiumetspes-blog.pl\/index.php\/wp-json\/wp\/v2\/tags?post=17039"}],"curies":[{"name":"wp","href":"https:\/\/api.w.org\/{rel}","templated":true}]}}