{"id":17070,"date":"2020-05-27T07:44:05","date_gmt":"2020-05-27T05:44:05","guid":{"rendered":"https:\/\/gaudiumetspes-blog.pl\/?p=17070"},"modified":"2020-05-27T07:44:05","modified_gmt":"2020-05-27T05:44:05","slug":"kosciol-boga-ktory-on-nabyl-wlasna-krwia","status":"publish","type":"post","link":"https:\/\/gaudiumetspes-blog.pl\/index.php\/2020\/05\/27\/kosciol-boga-ktory-on-nabyl-wlasna-krwia\/","title":{"rendered":"Ko\u015bci\u00f3\u0142 Boga, kt\u00f3ry On naby\u0142 w\u0142asn\u0105 krwi\u0105&#8230;"},"content":{"rendered":"<p align=\"justify\"><span style=\"color: #000000;\"><span style=\"font-family: Book Antiqua, serif;\"><span style=\"font-size: large;\">Szcz\u0119\u015b\u0107 Bo\u017ce! Moi Drodzy, w dniu dzisiejszym <b>urodziny prze\u017cywa Ksi\u0105dz Pra\u0142at Mieczys\u0142aw Lipniacki, m\u00f3j \u201erodzony\u201d Proboszcz, czyli Za\u0142o\u017cyciel i Pierwszy Proboszcz Parafii Chrystusa Mi\u0142osiernego w Bia\u0142ej Podlaskiej i Budowniczy ko\u015bcio\u0142a. I w\u0142a\u015bnie jako Proboszcz, Ksi\u0105dz Pra\u0142at prowadzi\u0142 mnie od Pierwszej Komunii \u015awi\u0119tej do kap\u0142a\u0144skiej Prymicji. Dzi\u0119kuj\u0105c Mu za wz\u00f3r pi\u0119knie i czynnie prze\u017cywanego kap\u0142a\u0144stwa, modl\u0119 si\u0119 o Bo\u017ce b\u0142ogos\u0142awie\u0144stwo i wszelkie mo\u017cliwe duchowe dary!<\/b><\/span><\/span><\/span><\/p>\n<p align=\"justify\"><span style=\"color: #000000;\"><span style=\"font-family: Book Antiqua, serif;\"><span style=\"font-size: large;\">Dzisiaj w\u0142\u0105czam do naszych rozwa\u017ca\u0144 wspomnienie dowolne \u015awi\u0119tego Papie\u017ca Paw\u0142a VI. W rozwa\u017caniu wyja\u015bniam, jak to jest z tym wspomnieniem. W\u0142\u0105czam je za\u015b dlatego, \u017ce \u015awi\u0119ty Pawe\u0142 VI prowadzi\u0142 Ko\u015bci\u00f3\u0142 w czasach prze\u0142omowych i naprawd\u0119 trudnych. Niech wi\u0119c i dzisiaj wstawia si\u0119 za nami \u2013 i za ca\u0142ym Ko\u015bcio\u0142em.<\/span><\/span><\/span><\/p>\n<p align=\"justify\"><span style=\"color: #000000;\"><span style=\"font-family: Book Antiqua, serif;\"><span style=\"font-size: large;\">A z naszych spraw bie\u017c\u0105cych, to z rado\u015bci\u0105 zapowiadam na jutro i pojutrze \u2013 zgodnie z wielo\u2026dniow\u0105 tradycj\u0105 \u2013 s\u0142\u00f3wka z Syberii. Najpierw autorstwa Ksi\u0119dza Marka, a potem Si\u00f3str. Znowu si\u0119 na naszym forum zrobi bogato!<\/span><\/span><\/span><\/p>\n<p align=\"justify\"><span style=\"color: #000000;\"><span style=\"font-family: Book Antiqua, serif;\"><span style=\"font-size: large;\">Przypominam o Nowennie do Ducha \u015awi\u0119tego! Dzisiaj sz\u00f3sty dzie\u0144. <\/span><\/span><\/span><\/p>\n<p align=\"justify\"><span style=\"color: #000000;\"><span style=\"font-family: Book Antiqua, serif;\"><span style=\"font-size: large;\">Zach\u0119cam tak\u017ce ca\u0142y czas do duchowej, majowej mobilizacji, o kt\u00f3rej pisa\u0142em w APELU z 2 maja. Nie ustawajmy w modlitwie! Pro\u015bmy o Bo\u017ce zmi\u0142owanie dla nas i ca\u0142ego \u015bwiata. Nie zapominajmy jednak gor\u0105co dzi\u0119kowa\u0107 za to, co ju\u017c jest nam dane! Bo ju\u017c widzimy, \u017ce Pan naprawd\u0119 okazuje nam swoje zmi\u0142owanie!<\/span><\/span><\/span><\/p>\n<p align=\"justify\"><span style=\"color: #000000;\"><span style=\"font-family: Book Antiqua, serif;\"><span style=\"font-size: large;\"><b>Niech Was b\u0142ogos\u0142awi B\u00f3g Wszechmog\u0105cy: Ojciec + i Syn, i Duch \u015awi\u0119ty. Amen<\/b><\/span><\/span><\/span><\/p>\n<p align=\"center\"><span style=\"color: #000000;\"><span style=\"font-family: Book Antiqua, serif;\"><span style=\"font-size: large;\">Gaudium et spes! Ks. Jacek<\/span><\/span><\/span><\/p>\n<p align=\"center\">\n<p align=\"center\">\n<p align=\"center\">\n<p align=\"center\">\n<p align=\"center\">\n<p align=\"justify\"><span style=\"color: #000000;\"><span style=\"font-family: Book Antiqua, serif;\"><span style=\"font-size: large;\"><b>\u015aroda 7 Tygodnia Wielkanocy,<\/b><\/span><\/span><\/span><\/p>\n<p align=\"justify\"><span style=\"color: #000000;\"><span style=\"font-family: Book Antiqua, serif;\"><span style=\"font-size: large;\"><b>Wspomnienie \u015aw. Paw\u0142a VI, Papie\u017ca,<\/b><\/span><\/span><\/span><\/p>\n<p align=\"justify\"><span style=\"color: #000000;\"><span style=\"font-family: Book Antiqua, serif;\"><span style=\"font-size: large;\"><b>27 maja 2020.,<\/b><\/span><\/span><\/span><\/p>\n<p align=\"justify\"><span style=\"color: #000000;\"><span style=\"font-family: Book Antiqua, serif;\"><span style=\"font-size: large;\"><b>do czyta\u0144: Dz 20,28\u201338; J 17,11b\u201319<\/b><\/span><\/span><\/span><\/p>\n<p align=\"justify\">\n<p align=\"justify\">\n<p align=\"justify\">\n<p align=\"justify\">\n<p align=\"justify\">\n<p align=\"justify\"><span style=\"color: #000000;\"><span style=\"font-family: Book Antiqua, serif;\"><span style=\"font-size: large;\"><b>CZYTANIE Z DZIEJ\u00d3W APOSTOLSKICH:<\/b><\/span><\/span><\/span><\/p>\n<p align=\"justify\"><span style=\"color: #000000;\"><span style=\"font-family: Book Antiqua, serif;\"><span style=\"font-size: large;\"><b>Pawe\u0142 powiedzia\u0142 do starszych Ko\u015bcio\u0142a efeskiego: \u201eUwa\u017cajcie na samych siebie i na ca\u0142\u0105 trzod\u0119, nad kt\u00f3r\u0105 Duch \u015awi\u0119ty ustanowi\u0142 was biskupami, aby\u015bcie kierowali Ko\u015bcio\u0142em Boga, kt\u00f3ry On naby\u0142 w\u0142asn\u0105 krwi\u0105. Wiem, \u017ce po moim odej\u015bciu wejd\u0105 mi\u0119dzy was wilki drapie\u017cne, nie oszcz\u0119dzaj\u0105c trzody. Tak\u017ce spo\u015br\u00f3d was samych powstan\u0105 ludzie, kt\u00f3rzy g\u0142osi\u0107 b\u0119d\u0105 przewrotne nauki, aby poci\u0105gn\u0105\u0107 za sob\u0105 uczni\u00f3w. <\/b><\/span><\/span><\/span><\/p>\n<p align=\"justify\"><span style=\"color: #000000;\"><span style=\"font-family: Book Antiqua, serif;\"><span style=\"font-size: large;\"><b>Dlatego czuwajcie, pami\u0119taj\u0105c, \u017ce przez trzy lata we dnie i w nocy nie przestawa\u0142em ze \u0142zami upomina\u0107 ka\u017cdego z was. A teraz polecam was Bogu i s\u0142owu Jego \u0142aski w\u0142adnemu zbudowa\u0107 i da\u0107 dziedzictwo z wszystkimi \u015bwi\u0119tymi. <\/b><\/span><\/span><\/span><\/p>\n<p align=\"justify\"><span style=\"color: #000000;\"><span style=\"font-family: Book Antiqua, serif;\"><span style=\"font-size: large;\"><b>Nie po\u017c\u0105da\u0142em srebra ani z\u0142ota, ani szaty niczyjej. Sami wiecie, \u017ce te r\u0119ce zarabia\u0142y na potrzeby moje i moich towarzyszy. We wszystkim pokaza\u0142em wam, \u017ce tak pracuj\u0105c trzeba wspiera\u0107 s\u0142abych i pami\u0119ta\u0107 o s\u0142owach Pana Jezusa, kt\u00f3ry powiedzia\u0142: \u00abWi\u0119cej szcz\u0119\u015bcia jest w dawaniu ani\u017celi w braniu\u00bb\u201d. <\/b><\/span><\/span><\/span><\/p>\n<p align=\"justify\"><span style=\"color: #000000;\"><span style=\"font-family: Book Antiqua, serif;\"><span style=\"font-size: large;\"><b>Po tych s\u0142owach upad\u0142 na kolana i modli\u0142 si\u0119 razem ze wszystkimi. Wtedy wszyscy wybuchn\u0119li wielkim p\u0142aczem. Rzucali si\u0119 Paw\u0142owi na szyj\u0119 i ca\u0142owali go, smuc\u0105c si\u0119 najbardziej z tego, co powiedzia\u0142: \u017ce ju\u017c nigdy go nie zobacz\u0105. Potem odprowadzili go na statek.<\/b><\/span><\/span><\/span><\/p>\n<p align=\"justify\">\n<p align=\"justify\">\n<p align=\"justify\">\n<p align=\"justify\">\n<p align=\"justify\">\n<p align=\"justify\"><span style=\"color: #000000;\"><span style=\"font-family: Book Antiqua, serif;\"><span style=\"font-size: large;\"><b>S\u0141OWA EWANGELII WED\u0141UG \u015aWI\u0118TEGO JANA: <\/b><\/span><\/span><\/span><\/p>\n<p align=\"justify\"><span style=\"color: #000000;\"><span style=\"font-family: Book Antiqua, serif;\"><span style=\"font-size: large;\"><b>W czasie ostatniej wieczerzy Jezus podni\u00f3s\u0142szy oczy ku niebu, modli\u0142 si\u0119 tymi s\u0142owami: <\/b><\/span><\/span><\/span><\/p>\n<p align=\"justify\"><span style=\"color: #000000;\">\u201e<span style=\"font-family: Book Antiqua, serif;\"><span style=\"font-size: large;\"><b>Ojcze \u015awi\u0119ty, zachowaj ich w Twoim imieniu, kt\u00f3re Mi da\u0142e\u015b, aby tak jak My stanowili jedno. Dop\u00f3ki z nimi by\u0142em, zachowywa\u0142em ich w Twoim imieniu, kt\u00f3re Mi da\u0142e\u015b, i ustrzeg\u0142em ich, a nikt z nich nie zgin\u0105\u0142 z wyj\u0105tkiem syna zatracenia, aby si\u0119 spe\u0142ni\u0142o Pismo. <\/b><\/span><\/span><\/span><\/p>\n<p align=\"justify\"><span style=\"color: #000000;\"><span style=\"font-family: Book Antiqua, serif;\"><span style=\"font-size: large;\"><b>Ale teraz id\u0119 do Ciebie i tak m\u00f3wi\u0119, b\u0119d\u0105c jeszcze na \u015bwiecie, aby moj\u0105 rado\u015b\u0107 mieli w sobie w ca\u0142ej pe\u0142ni. Ja im przekaza\u0142em Twoje s\u0142owo, a \u015bwiat ich znienawidzi\u0142 za to, \u017ce nie s\u0105 ze \u015bwiata, jak i Ja nie jestem ze \u015bwiata. Nie pragn\u0119, aby\u015b ich zabra\u0142 ze \u015bwiata, ale by\u015b ich ustrzeg\u0142 od z\u0142ego. Oni nie s\u0105 ze \u015bwiata, jak i Ja nie jestem ze \u015bwiata. <\/b><\/span><\/span><\/span><\/p>\n<p align=\"justify\"><span style=\"color: #000000;\"><span style=\"font-family: Book Antiqua, serif;\"><span style=\"font-size: large;\"><b>U\u015bwi\u0119\u0107 ich w prawdzie. S\u0142owo Twoje jest prawd\u0105. Jak Ty Mnie pos\u0142a\u0142e\u015b na \u015bwiat, tak i Ja ich na \u015bwiat pos\u0142a\u0142em. A za nich Ja po\u015bwi\u0119cam w ofierze samego siebie, aby i oni byli u\u015bwi\u0119ceni w prawdzie\u201d.<\/b><\/span><\/span><\/span><\/p>\n<p align=\"justify\">\n<p align=\"justify\">\n<p align=\"justify\">\n<p align=\"justify\">\n<p align=\"justify\">\n<p align=\"justify\"><span style=\"color: #000000;\"><span style=\"font-family: Book Antiqua, serif;\"><span style=\"font-size: large;\">Wielka odpowiedzialno\u015b\u0107 spoczywa na <b>starszych Ko\u015bcio\u0142a<\/b> \u2013 nie tylko efeskiego, ale i ka\u017cdej innej jego cz\u0119\u015bci. Chocia\u017c akurat do starszych Ko\u015bcio\u0142a efeskiego Pawe\u0142 si\u0119 zwraca, to jednak oczywistym jest, \u017ce jego przes\u0142anie ma <b>charakter uniwersalny<\/b> i dotyczy wszystkich pasterzy Ko\u015bcio\u0142a wszystkich czas\u00f3w. A s\u0105 to naprawd\u0119 mocne s\u0142owa: <i><b>Uwa\u017cajcie na samych siebie i na ca\u0142\u0105 trzod\u0119, nad kt\u00f3r\u0105 Duch \u015awi\u0119ty ustanowi\u0142 was biskupami, aby\u015bcie kierowali Ko\u015bcio\u0142em Boga, kt\u00f3ry On naby\u0142 w\u0142asn\u0105 krw<\/b><\/i><i><b>i\u0105.<\/b><\/i><i><b> <\/b><\/i><\/span><\/span><\/span><\/p>\n<p align=\"justify\"><span style=\"color: #000000;\"><span style=\"font-family: Book Antiqua, serif;\"><span style=\"font-size: large;\">Jeszcze raz podkre\u015blmy: jest to mowa <b>o wielkiej odpowiedzialno\u015bci za Wsp\u00f3lnot\u0119,<\/b> kt\u00f3ra jest Ko\u015bcio\u0142em Boga, a wi\u0119c <b>nie prywatn\u0105 w\u0142asno\u015bci\u0105<\/b> tego, czy innego pasterza, czy kr\u00f3la, czy kogokolwiek na \u015bwiecie. Ponadto, <b>pasterzy ustanowi\u0142 sam Duch \u015awi\u0119ty,<\/b> nie jest to zatem jaka\u015b sprawa prywatnego \u201ewidzimisi\u0119\u201d, ale jest to powo\u0142anie przez samego Boga. <\/span><\/span><\/span><\/p>\n<p align=\"justify\"><span style=\"color: #000000;\"><span style=\"font-family: Book Antiqua, serif;\"><span style=\"font-size: large;\">I jest to powo\u0142anie do bardzo konkretnego i wa\u017cnego zadania: <b>do kierowania Ko\u015bcio\u0142em. <\/b>A wi\u0119c podejmowania decyzji, dotycz\u0105cych \u017cycia ludzi \u2013 je\u017celi za\u015b m\u00f3wimy o Ko\u015bciele Bo\u017cym, to z pewno\u015bci\u0105 mamy na my\u015bli zar\u00f3wno <b>\u017cycie doczesne, jak i wieczne!<\/b> To w\u0142a\u015bnie dlatego Ko\u015bci\u00f3\u0142 ten zosta\u0142 nabyty <i><b>w\u0142asn\u0105 krwi\u0105<\/b><\/i> Bo\u017cego Syna, aby nam w ten spos\u00f3b m\u00f3g\u0142 prowadzi\u0107 do \u017cycia wiecznego. <\/span><\/span><\/span><\/p>\n<p align=\"justify\"><span style=\"color: #000000;\"><span style=\"font-family: Book Antiqua, serif;\"><span style=\"font-size: large;\">Samo to stwierdzenie, i\u017c Ko\u015bci\u00f3\u0142 zosta\u0142 <b>\u00ab<\/b><b>nabyty Bo\u017c\u0105 krwi\u0105<\/b><b>\u00bb<\/b><b>,<\/b> tak\u017ce zas\u0142uguje na zauwa\u017cenie i szczeg\u00f3lne podkre\u015blenie, bo ono <b>jeszcze bardziej podkre\u015bla odpowiedzialno\u015b\u0107<\/b> pasterzy za taki w\u0142a\u015bnie Ko\u015bci\u00f3\u0142. To zreszt\u0105 oczywiste, gdy\u017c \u0142atwo nam tego typu sytuacj\u0119 por\u00f3wna\u0107 do takiej oto, kiedy otrzymujemy od kogo\u015b pod opiek\u0119 jaki\u015b skarb, za kt\u00f3ry \u00f3w cz\u0142owiek <b>bardzo du\u017co zap\u0142aci\u0142 <\/b>\u2013 z pro\u015bb\u0105, czy poleceniem, <b>aby\u015bmy go strzegli.<\/b> Maj\u0105c w pami\u0119ci warto\u015b\u0107 tego skarbu i fakt, \u017ce kto\u015b naprawd\u0119 du\u017co za niego da\u0142, z ca\u0142\u0105 pewno\u015bci\u0105 <b>zrobimy wszystko, co w naszej mocy,<\/b> aby go nie zniszczy\u0107, nie uszkodzi\u0107, czy \u2013 tym bardziej \u2013 nie utraci\u0107! <\/span><\/span><\/span><\/p>\n<p align=\"justify\"><span style=\"color: #000000;\"><span style=\"font-family: Book Antiqua, serif;\"><span style=\"font-size: large;\">I w\u0142a\u015bnie <b>takim skarbem<\/b> \u2013 o warto\u015bci przeogromnej i w\u0142a\u015bciwie trudnej do oszacowania \u2013 ma by\u0107 dla pasterzy, zwanych w dzisiejszym czytaniu \u00abstarszymi\u00bb, <b>Chrystusowy Ko\u015bci\u00f3\u0142.<\/b> Jeszcze raz podkre\u015blmy: nabyty za wielk\u0105 cen\u0119 \u2013 <b>za cen\u0119 krwi Jezusa!<\/b><\/span><\/span><\/span><\/p>\n<p align=\"justify\"><span style=\"color: #000000;\"><span style=\"font-family: Book Antiqua, serif;\"><span style=\"font-size: large;\">W tym kontek\u015bcie, Pawe\u0142 Aposto\u0142 wyra\u017anie wskazuje, i<b>le sam, ze swej strony, uczyni\u0142<\/b> dla dobra tego Ko\u015bcio\u0142a. Jasno te\u017c i zdecydowanie zapowiada, \u017ce pojawi\u0105 si\u0119 tacy, kt\u00f3rzy <b>post\u0119powa\u0107 b\u0119d\u0105 dok\u0142adnie odwrotnie,<\/b> bo nie do\u015b\u0107, \u017ce nie b\u0119d\u0105 tworzyli dobra Ko\u015bcio\u0142a, to jeszcze zrobi\u0105 wszystko, \u017ceby go zniszczy\u0107. M\u00f3wi: <i><b>Wiem, \u017ce po moim odej\u015bciu wejd\u0105 mi\u0119dzy was wilki drapie\u017cne, nie oszcz\u0119dzaj\u0105c trzody. Tak\u017ce spo\u015br\u00f3d was samych powstan\u0105 ludzie, kt\u00f3rzy g\u0142osi\u0107 b\u0119d\u0105 przewrotne nauki, aby poci\u0105gn\u0105\u0107 za sob\u0105 uczni\u00f3w.<\/b><\/i><b> <\/b><\/span><\/span><\/span><\/p>\n<p align=\"justify\"><span style=\"color: #000000;\"><span style=\"font-family: Book Antiqua, serif;\"><span style=\"font-size: large;\">To bardzo bolesne s\u0142owa. Stwierdzenie bowiem o nieoszcz\u0119dzaniu trzody to <b>zapowied\u017a konkretnych strat,<\/b> jakie poniesie Ko\u015bci\u00f3\u0142: strat ilo\u015bciowych, ale te\u017c strat w nauczaniu Ko\u015bcio\u0142a \u2013 wszak wyra\u017anie s\u0142yszymy wzmiank\u0119 o <b>g\u0142oszeniu <\/b><b>\u00ab<\/b><b>przewrotnych nauk<\/b><b>\u00bb.<\/b> A to wszystko oznacza, \u017ce b\u0119d\u0105 tacy, kt\u00f3rzy <b>nic sobie nie b\u0119d\u0105 robi\u0107 z tej odpowiedzialno\u015bci,<\/b> o kt\u00f3rej m\u00f3wimy. <\/span><\/span><\/span><\/p>\n<p align=\"justify\"><span style=\"color: #000000;\"><span style=\"font-family: Book Antiqua, serif;\"><span style=\"font-size: large;\">Ko\u015bci\u00f3\u0142 jako wsp\u00f3lnota \u2013 z ca\u0142\u0105 swoj\u0105 przeogromn\u0105 warto\u015bci\u0105 \u2013 nie b\u0119dzie mia\u0142 za du\u017cego znaczenia. Oni go b\u0119d\u0105 <b>pr\u00f3bowali rozumie\u0107 i organizowa\u0107 po swojemu.<\/b> <\/span><\/span><\/span><\/p>\n<p align=\"justify\"><span style=\"color: #000000;\"><span style=\"font-family: Book Antiqua, serif;\"><span style=\"font-size: large;\">Ale o takiej sytuacji m\u00f3wi przecie\u017c tak\u017ce Jezus w dzisiejszej Ewangelii, w s\u0142owach: <i><b>Ojcze \u015awi\u0119ty, zachowaj ich w Twoim imieniu, kt\u00f3re Mi da\u0142e\u015b, aby tak jak My stanowili jedno. Dop\u00f3ki z nimi by\u0142em, zachowywa\u0142em ich w Twoim imieniu, kt\u00f3re Mi da\u0142e\u015b, i ustrzeg\u0142em ich, a nikt z nich nie zgin\u0105\u0142 z wyj\u0105tkiem syna zatracenia, aby si\u0119 spe\u0142ni\u0142o Pismo. <\/b><\/i><\/span><\/span><\/span><\/p>\n<p align=\"justify\"><span style=\"color: #000000;\"><span style=\"font-family: Book Antiqua, serif;\"><span style=\"font-size: large;\">I w\u0142a\u015bnie za tych, kt\u00f3rzy b\u0119d\u0105 Jego Ko\u015bci\u00f3\u0142 tworzyli i budowali, b\u0119d\u0105 si\u0119 dla niego po\u015bwi\u0119cali, Jezus modli si\u0119 do swego Ojca: <i><b>U\u015bwi\u0119\u0107 ich w prawdzie. S\u0142owo Twoje jest prawd\u0105. Jak Ty Mnie pos\u0142a\u0142e\u015b na \u015bwiat, tak i Ja ich na \u015bwiat pos\u0142a\u0142em. A za nich Ja po\u015bwi\u0119cam w ofierze samego siebie, aby i oni byli u\u015bwi\u0119ceni w prawdzie.<\/b><\/i><b> <\/b>Okre\u015bla ich wcze\u015bniej jako ludzi, kt\u00f3rzy chocia\u017c s\u0105 na tym \u015bwiecie \u2013 <b>nie s\u0105 z tego \u015bwiata! <\/b><\/span><\/span><\/span><\/p>\n<p align=\"justify\"><span style=\"color: #000000;\"><span style=\"font-family: Book Antiqua, serif;\"><span style=\"font-size: large;\">Widzimy zatem, \u017ce ci, kt\u00f3rzy chc\u0105 podj\u0105\u0107 osobist\u0105 odpowiedzialno\u015b\u0107 za Ko\u015bci\u00f3\u0142, musz\u0105 si\u0119 liczy\u0107 z oporem ca\u0142ego \u015bwiata! B\u0119d\u0105 mieli jednak <b>wsparcie ze strony Jezusa.<\/b> Ci za\u015b, kt\u00f3rzy b\u0119d\u0105 chcieli ustawia\u0107 Ko\u015bci\u00f3\u0142 po swojemu, z pewno\u015bci\u0105 spotkaj\u0105 si\u0119 z uznaniem i poklaskiem \u015bwiata, <b>darmo jednak b\u0119d\u0105 oczekiwa\u0107 Bo\u017cego b\u0142ogos\u0142awie\u0144stwa.<\/b> Jak bowiem mog\u0105 si\u0119 go spodziewa\u0107, je\u017celi Ko\u015bci\u00f3\u0142 Bo\u017cy, nabyty Bo\u017c\u0105 krwi\u0105, oni uznaj\u0105 za swoj\u0105 w\u0142asno\u015b\u0107 prywatn\u0105, za prywatny folwark, w kt\u00f3rym b\u0119d\u0105 usi\u0142owali zaprowadza\u0107 swoje porz\u0105dki?\u2026 <\/span><\/span><\/span><\/p>\n<p align=\"justify\"><span style=\"color: #000000;\"><span style=\"font-family: Book Antiqua, serif;\"><span style=\"font-size: large;\">Moi Drodzy, to wszystko, co tu sobie m\u00f3wimy, nie odnosi si\u0119 tylko do pasterzy Ko\u015bcio\u0142a. To <b>dotyczy tak\u017ce nas wszystkich,<\/b> kt\u00f3rzy w Chrzcie \u015awi\u0119tym zostali\u015bmy w\u0142\u0105czeni do <b>pasterskiej misji Jezusa.<\/b> A ta misja zobowi\u0105zuje w\u0142a\u015bnie do podj\u0119cia osobistej odpowiedzialno\u015bci za Ko\u015bci\u00f3\u0142 \u2013 ale ten <b>Chrystusowy, a nie nasz w\u0142asny,<\/b> wymy\u015blony, kt\u00f3ry zreszt\u0105 nie istnieje. Istnieje bowiem <b>tylko ten jeden, prawdziwy\u2026 <\/b><\/span><\/span><\/span><\/p>\n<p align=\"justify\"><span style=\"color: #000000;\"><span style=\"font-family: Book Antiqua, serif;\"><span style=\"font-size: large;\">I w\u0142a\u015bnie przyk\u0142ad tak pojmowanej i realizowanej odpowiedzialno\u015bci daje nam Patron dnia dzisiejszego, <b>\u015awi\u0119ty Papie\u017c Pawe\u0142 VI.<\/b><\/span><\/span><\/span><\/p>\n<p align=\"justify\"><span style=\"color: #000000;\"><span style=\"font-family: Book Antiqua, serif;\"><span style=\"font-size: large;\">Jako <b>Giovanni Battista Montini<\/b> urodzi\u0142 si\u0119 w Concessio, w Brescii, <b>26 wrze\u015bnia 1897 roku, <\/b>w rodzinie duchowo i spo\u0142ecznie zaanga\u017cowanej w \u017cycie religijne i obywatelskie. \u015awiadectwem codziennie praktykowanej mi\u0142o\u015bci, jego rodzice \u2013 szczeg\u00f3lnie matka \u2013 przekazali mu poczucie <b>warto\u015bci \u017cycia wewn\u0119trznego oraz modlitwy. <\/b>Ojciec wychowywa\u0142 go w duchu <b>katolickiego zaanga\u017cowania,<\/b> konsekwentnie realizowanego w \u017cyciu publicznym, oraz przywi\u0105zania do nauki Ko\u015bcio\u0142a i Papie\u017ca. <\/span><\/span><\/span><\/p>\n<p align=\"justify\"><span style=\"color: #000000;\"><span style=\"font-family: Book Antiqua, serif;\"><span style=\"font-size: large;\">Jego <b>powo\u0142anie do kap\u0142a\u0144stwa dojrzewa\u0142o<\/b> z Brescii, w kontakcie z liturgi\u0105 benedykty\u0144sk\u0105, w wielkiej pokorze i poczuciu ofiary i daru. Ze wzgl\u0119du na k\u0142opoty zdrowotne, kt\u00f3re p\u00f3\u017aniej przezwyci\u0119\u017cy\u0142, <b>studiowa\u0142 eksternistycznie<\/b> w Seminarium w Brescii. To pozwoli\u0142o mu z bliska <b>uczestniczy\u0107 w ludzkiej niedoli,<\/b> w dramacie II wojny \u015bwiatowej, a tak\u017ce poszerzy\u0142o jego formacj\u0119 teologiczn\u0105 i kulturow\u0105.<\/span><\/span><\/span><\/p>\n<p align=\"justify\"><span style=\"color: #000000;\"><span style=\"font-family: Book Antiqua, serif;\"><span style=\"font-size: large;\">Po <b>\u015bwi\u0119ceniach kap\u0142a\u0144skich, przyj\u0119tych 29 maja 1920 roku,<\/b> pragn\u0105\u0142 odda\u0107 si\u0119 pos\u0142udze duszpasterskiej w parafii, ale <b>zosta\u0142 wezwany do Rzymu.<\/b> Zamierza\u0142 zg\u0142\u0119bia\u0107 filozofi\u0119, ale zosta\u0142 wys\u0142any na studia z zakresu <b>prawa kanonicznego i dyplomacji. <\/b>Rzeczywisto\u015b\u0107 t\u0119 prze\u017cywa\u0142 z niema\u0142ym wysi\u0142kiem i wielkim zaufaniem w Bo\u017c\u0105 Opatrzno\u015b\u0107. <\/span><\/span><\/span><\/p>\n<p align=\"justify\"><span style=\"color: #000000;\"><span style=\"font-family: Book Antiqua, serif;\"><span style=\"font-size: large;\">Podobnie dzia\u0142o si\u0119 w czasie jego kr\u00f3tkiego pobytu w charakterze <b>sekretarza w polskiej nuncjaturze, latem 1923 r<\/b><b>oku<\/b><b>.<\/b> Pod koniec tego roku rozpocz\u0105\u0142 prac\u0119 w <b>watyka\u0144skim Sekretariacie Stanu,<\/b> gdzie sp\u0119dzi\u0142 trzydzie\u015bci lat, dochodz\u0105c do stanowiska substytuta w roku 1937 i prosekretarza stanu w roku 1952.<\/span><\/span><\/span><\/p>\n<p align=\"justify\"><span style=\"color: #000000;\"><span style=\"font-family: Book Antiqua, serif;\"><span style=\"font-size: large;\">Nawet w nie\u0142atwych sytuacjach urz\u0119dowych natury biurokratycznej ucieka\u0142 si\u0119 do <b>dyplomacji, <\/b>rozumianej jako <b>sztuka s\u0142uchania i budowania pokoju.<\/b> Nade wszystko jednak troszczy\u0142 si\u0119 o to, by oddawa\u0107 si\u0119 <b>\u00ab<\/b><b>ca\u0142y Chrystusowi, w duchu kap\u0142a\u0144stwa<\/b><b>\u00bb<\/b><b>.<\/b> Pe\u0142ni\u0142 pos\u0142ug\u0119 duszpastersk\u0105 w parafii \u015awi\u0119tej Anny i w ko\u015bciele San Pellegrino. <b>Duchowo i charytatywnie wspiera\u0142 <\/b>ludzi mieszkaj\u0105cych w slumsach na rzymskich przedmie\u015bciach. Za\u0142o\u017cy\u0142 Konferencj\u0119 \u015awi\u0119tego Wincentego i by\u0142 cenionym kaznodziej\u0105.<\/span><\/span><\/span><\/p>\n<p align=\"justify\"><span style=\"color: #000000;\"><span style=\"font-family: Book Antiqua, serif;\"><span style=\"font-size: large;\">Od ko\u0144ca 1923 roku, przez dziesi\u0119\u0107 lat, sprawowa\u0142 funkcj\u0119 <b>asystenta ko\u015bcielnego sekcji uniwersyteckiej w\u0142oskiej Akcji Katolickiej<\/b> \u2013 najpierw w okr\u0119gu rzymskim, a potem na poziomie ca\u0142ego kraju. W 1933 roku, z b\u00f3lem prze\u017cy\u0142 narzucon\u0105 mu <b>dymisj\u0119 z tych urz\u0119d\u00f3w,<\/b> ale pr\u00f3b\u0119 t\u0119 zni\u00f3s\u0142 z pokor\u0105 i w duchu pos\u0142usze\u0144stwa Ko\u015bcio\u0142owi.<\/span><\/span><\/span><\/p>\n<p align=\"justify\"><span style=\"color: #000000;\"><span style=\"font-family: Book Antiqua, serif;\"><span style=\"font-size: large;\">W latach 1955 \u2013 1963 pe\u0142ni\u0142 urz\u0105d <b>A<\/b><b>rcybiskupa Mediolanu.<\/b> Zajmowa\u0142 si\u0119 szczeg\u00f3lnie \u015bwiatem pracy, nowymi ubogimi po boomie ekonomicznym, lud\u017ami oddalonymi, z peryferii. Wzni\u00f3s\u0142 <b>sto dwadzie\u015bcia trzy<\/b><b> nowe ko\u015bcio\u0142y,<\/b> dla ca\u0142ego miasta organizowa\u0142 wielkie i niezapomniane <b>misje ludowe. <\/b>Zak\u0142ada\u0142 biura pomocy socjalnej i promowa\u0142 nowe narz\u0119dzia komunikacji. <b>W 1958 r<\/b><b>oku,<\/b><b> zosta\u0142 nominowany kardyna\u0142em<\/b> i przygotowa\u0142 diecezj\u0119 do Soboru.<\/span><\/span><\/span><\/p>\n<p align=\"justify\"><span style=\"color: #000000;\"><span style=\"font-family: Book Antiqua, serif;\"><span style=\"font-size: large;\">Wybrany na <b>N<\/b><b>ast\u0119pc\u0119 <\/b><b>\u015awi\u0119tego<\/b><b> Piotra<\/b><b>,<\/b> po \u015bmierci Jana XXIII, w trakcie Soboru, w dniu <b>21 czerwca 1963 r<\/b><b>oku<\/b><b>,<\/b> rozpocz\u0105\u0142 sw\u00f3j Pontyfikat, przyjmuj\u0105c imi\u0119 <b>Paw\u0142a VI.<\/b> Jego wielk\u0105 zas\u0142ug\u0105 by\u0142o roztropne pokierowanie dalszymi pracami Soboru. Po Soborze zaanga\u017cowa\u0142 sw\u00f3j autorytet we wprowadzanie w \u017cycie postanowie\u0144 soborowych.<\/span><\/span><\/span><\/p>\n<p align=\"justify\"><span style=\"color: #000000;\"><span style=\"font-family: Book Antiqua, serif;\"><span style=\"font-size: large;\">Pawe\u0142 VI podj\u0105\u0142 si\u0119 trudnego dzie\u0142a <b>gruntownych zmian Kurii Rzymskiej.<\/b> W 1969 roku, przeprowadzono <b>reform\u0119 Kalendarza Rzymskiego,<\/b> co poci\u0105gn\u0119\u0142o za sob\u0105 \u2013 mi\u0119dzy innymi \u2013 nowe daty wspomnie\u0144 niekt\u00f3rych \u015bwi\u0119tych i b\u0142ogos\u0142awionych. Po wiekach przywr\u00f3cono \u2013 w roku 1965 \u2013 instytucj\u0119 Synodu Biskup\u00f3w. <\/span><\/span><\/span><\/p>\n<p align=\"justify\"><span style=\"color: #000000;\"><span style=\"font-family: Book Antiqua, serif;\"><span style=\"font-size: large;\">To Pawe\u0142 VI zarz\u0105dzi\u0142, aby wszyscy biskupi, <b>po osi\u0105gni\u0119ciu <\/b><b>siedemdziesi\u0105tego pi\u0105tego<\/b><b> roku \u017cycia,<\/b> sk\u0142adali dymisj\u0119 na r\u0119ce Papie\u017ca, a w 1970 roku wyda\u0142 rozporz\u0105dzenie, \u017ce kardyna\u0142owie, <b>po sko\u0144czeniu <\/b><b>osiemdziesi\u0119ciu<\/b><b> lat,<\/b> nie b\u0119d\u0105 mogli uczestniczy\u0107 w konklawe ani pe\u0142ni\u0107 stanowisk w Kurii Rzymskiej. W 1973 roku, Papie\u017c ustali\u0142, \u017ce kardyna\u0142\u00f3w, wybieraj\u0105cych nowego Biskupa Rzymu, <b>nie mo\u017ce by\u0107 wi\u0119cej, ni\u017c <\/b><b>stu dwudziestu<\/b><b>. <\/b><\/span><\/span><\/span><\/p>\n<p align=\"justify\"><span style=\"color: #000000;\"><span style=\"font-family: Book Antiqua, serif;\"><span style=\"font-size: large;\">Pawe\u0142 VI by\u0142 pierwszym Biskupem Rzymu, kt\u00f3ry odwiedzi\u0142 w 1965 roku <b>nowojorsk\u0105 siedzib\u0119 ONZ<\/b> i wyg\u0142osi\u0142 tam przem\u00f3wienie na temat pokoju, sprawiedliwo\u015bci i bezpiecze\u0144stwa na \u015bwiecie. Wa\u017cn\u0105 mi\u0119dzynarodow\u0105 inicjatyw\u0105 pokojow\u0105 Paw\u0142a VI by\u0142o ustanowienie \u2013 w 1967 roku \u2013 <b>\u015awiatowego Dnia Pokoju, <\/b>obchodzonego od 1968 roku do dzi\u015b, <b>w dniu 1 stycznia.<\/b> <\/span><\/span><\/span><\/p>\n<p align=\"justify\"><span style=\"color: #000000;\"><span style=\"font-family: Book Antiqua, serif;\"><span style=\"font-size: large;\">Wielk\u0105 nowo\u015bci\u0105 Pontyfikatu Paw\u0142a VI by\u0142y <b>jego pielgrzymki.<\/b> Niekt\u00f3rzy jego poprzednicy podr\u00f3\u017cowali po Pa\u0144stwie Ko\u015bcielnym, P\u00f3\u0142wyspie Apeni\u0144skim lub do Francji. Dopiero Pawe\u0142 VI odby\u0142 w latach 1964 \u2013 1970 <b>dziewi\u0119\u0107 podr\u00f3\u017cy do prawie <\/b><b>dwudziestu<\/b><b> pa\u0144stw. <\/b><\/span><\/span><\/span><\/p>\n<p align=\"justify\"><span style=\"color: #000000;\"><span style=\"font-family: Book Antiqua, serif;\"><span style=\"font-size: large;\">Pierwsz\u0105 wizyt\u0119 z\u0142o\u017cy\u0142 w dniach <b>4 \u2013 6 stycznia 1964 r<\/b><b>oku,<\/b><b> w Ziemi \u015awi\u0119tej:<\/b> w Izraelu i Jordanii. Nast\u0119pne podr\u00f3\u017ce odby\u0142 do Indii, USA, Portugalii, Turcji, Kolumbii, Szwajcarii, Ugandy, na Filipiny, do Australii, Indonezji, Hongkongu i Sri Lanki. W latach 1964 \u2013 1977 odby\u0142 te\u017c <b>czterna\u015bcie<\/b><b> podr\u00f3\u017cy do <\/b><b>dwudziestu<\/b><b> miejscowo\u015bci i region\u00f3w W\u0142och.<\/b><\/span><\/span><\/span><\/p>\n<p align=\"justify\"><span style=\"color: #000000;\"><span style=\"font-family: Book Antiqua, serif;\"><span style=\"font-size: large;\">Pawe\u0142 VI <b>jest autorem<\/b> siedmiu encyklik, dziesi\u0119ciu konstytucji apostolskich, sze\u015bciu adhortacji, oko\u0142o czterdziestu r\u00f3\u017cnych list\u00f3w, jedenastu list\u00f3w apostolskich. <b>Og\u0142osi\u0142<\/b> sze\u015b\u0107dziesi\u0119ciu jeden <b>B<\/b><b>\u0142ogos\u0142awionych<\/b> i osiemdziesi\u0119ciu czterech <b>\u015a<\/b><b>wi\u0119tych.<\/b> Po raz pierwszy w dziejach, w 1970 roku, <b>dw\u00f3m kobietom przyzna\u0142 tytu\u0142y doktor\u00f3w Ko\u015bcio\u0142a.<\/b> S\u0105 to: \u015awi\u0119ta Teresa z Avili i \u015awi\u0119ta Katarzyna ze Sieny. Na sze\u015bciu konsystorzach <b>mianowa\u0142<\/b> <b>\u0142\u0105cznie <\/b><b>stu czterdziestu trzech<\/b><b> kardyna\u0142\u00f3w,<\/b> a w\u015br\u00f3d nich \u2013 tak\u017ce swego Nast\u0119pc\u0119, Karola Wojty\u0142\u0119.<\/span><\/span><\/span><\/p>\n<p align=\"justify\"><span style=\"font-size: large;\"><span style=\"font-family: Book Antiqua, serif;\"><span style=\"color: #000000;\">Papie\u017c Pawe\u0142 VI <\/span><\/span><span style=\"font-family: Book Antiqua, serif;\"><b>z<\/b><b>mar\u0142 w <\/b><b>\u015a<\/b><b>wi\u0119to Przemienienia Pa\u0144skiego, 6 sierpnia 1978 <\/b><b>roku,<\/b><b> <\/b>w wieku osiemdziesi\u0119ciu jeden lat. Oficjaln\u0105 przyczyn\u0105 \u015bmierci by\u0142 <b>bardzo rozleg\u0142y zawa\u0142 serca z obrz\u0119kiem p\u0142uc.<\/b> Wiadomo\u015b\u0107 o \u015bmierci Papie\u017ca Montiniego by\u0142a zaskoczeniem i wstrz\u0105sem dla ca\u0142ego Ko\u015bcio\u0142a i \u015bwiata, gdy\u017c w odr\u00f3\u017cnieniu od swych poprzednik\u00f3w, Piusa XII i Jana XXIII, <b>do ko\u0144ca \u017cycia zachowa\u0142 aktywno\u015b\u0107.<\/b><\/span><\/span><\/p>\n<p align=\"justify\"><span style=\"font-size: large;\"><span style=\"font-family: Book Antiqua, serif;\"><span style=\"color: #000000;\">Jeszcze w \u015brod\u0119, 2 sierpnia, spotka\u0142 si\u0119 z wiernymi na dziedzi\u0144cu Pa\u0142acu Apostolskiego w Castel Gandolfo, <\/span><\/span><span style=\"font-family: Book Antiqua, serif;\"><b>na cotygodniowej audiencji,<\/b> nazajutrz przyj\u0105\u0142 nowego prezydenta W\u0142och, Sandro Pertiniego i przygotowywa\u0142 rozwa\u017cania przed niedzieln\u0105 modlitw\u0119 \u201eAnio\u0142 Pa\u0144ski\u201d. <\/span><\/span><\/p>\n<p align=\"justify\"><span style=\"font-family: Book Antiqua, serif;\"><span style=\"font-size: large;\"><span style=\"color: #000000;\">Jednak w<\/span> sobot\u0119, 5 sierpnia, stan jego zdrowia gwa\u0142townie si\u0119 pogorszy\u0142.<b> W niedziel\u0119, 6 sierpnia,<\/b> po po\u0142udniu pojawi\u0142y si\u0119 problemy z kr\u0105\u017ceniem, <b>o godz. 18<\/b><b>:<\/b><b>00<\/b><b> Papie\u017c le\u017c\u0105c uczestniczy\u0142 we Mszy <\/b><b>\u015awi\u0119tej<\/b><b>,<\/b> kt\u00f3r\u0105 odprawi\u0142 jego sekretarz osobisty, ksi\u0105dz Pasquale Macchi, i przyj\u0105\u0142 Komuni\u0119 \u015awi\u0119t\u0105, po czym sekretarz stanu, Kardyna\u0142 Jean Villot, udzieli\u0142 mu Sakramentu Namaszczenia Chorych. <b>O godz. 19<\/b><b>:<\/b><b>40<\/b><b> Pawe\u0142 VI odszed\u0142 do Domu Ojca.<\/b><b> <\/b><\/span><\/span><span style=\"font-family: Book Antiqua, serif;\"><span style=\"font-size: large;\">Pochowany zosta\u0142 sze\u015b\u0107 dni po \u015bmierci, w Bazylice \u015awi\u0119tego Piotra, w Watykanie.<\/span><\/span><\/p>\n<p align=\"justify\"><span style=\"color: #000000;\"><span style=\"font-family: Book Antiqua, serif;\"><span style=\"font-size: large;\"><b>Proces beatyfikacyjny<\/b> Paw\u0142a VI otworzy\u0142 Jan Pawe\u0142 II, w maju 1993 roku. Jego pierwsza faza diecezjalna zako\u0144czy\u0142a si\u0119 w 1999 roku. W 2012 roku, Benedykt XVI og\u0142osi\u0142 <b>dekret o heroiczno\u015bci cn\u00f3t <\/b>Papie\u017ca Montiniego. <\/span><\/span><\/span><\/p>\n<p align=\"justify\"><span style=\"color: #000000;\"><span style=\"font-family: Book Antiqua, serif;\"><span style=\"font-size: large;\">Do Beatyfikacji wybrano <b>cud uzdrowienia nienarodzonego dziecka,<\/b> niewyt\u0142umaczalnego z medycznego punktu widzenia. Dosz\u0142o do niego w 2001 roku, w Stanach Zjednoczonych. Lekarze opiekuj\u0105cy si\u0119 ci\u0119\u017carn\u0105 kobiet\u0105 stwierdzili ci\u0119\u017ckie uszkodzenia nerek jej dziecka. Kobieta postanowi\u0142a <b>donosi\u0107 ci\u0105\u017c\u0119 i urodzi\u0142a ca\u0142kowicie zdrowe dziecko \u2013<\/b> po tym, gdy modli\u0142a si\u0119 do Paw\u0142a VI. <b>Beatyfikacja mia\u0142a miejsce 19 pa\u017adziernika 2014 r<\/b><b>oku,<\/b> na Placu \u015awi\u0119tego Piotra &#8211; na zako\u0144czenie synodu biskup\u00f3w na temat rodziny. <\/span><\/span><\/span><\/p>\n<p align=\"justify\"><span style=\"color: #000000;\"><span style=\"font-family: Book Antiqua, serif;\"><span style=\"font-size: large;\">W dniu 6 lutego 2018 roku, komisja kardyna\u0142\u00f3w i biskup\u00f3w w Kongregacji Spraw Kanonizacyjnych <b>zaaprobowa\u0142a cud kanonizacyjny<\/b> za wstawiennictwem Paw\u0142a VI. Zosta\u0142 <b>kanonizowany i wpisany do katalogu \u015bwi\u0119tych 14 pa\u017adziernika 2018 r<\/b><b>oku<\/b><b>,<\/b> podczas Mszy sprawowanej na placu \u015bwi\u0119tego Piotra, ko\u0144cz\u0105cej Synod Biskup\u00f3w na temat m\u0142odzie\u017cy.<\/span><\/span><\/span><\/p>\n<p align=\"justify\"><span style=\"color: #000000;\"><span style=\"font-family: Book Antiqua, serif;\"><span style=\"font-size: large;\">Jego wspomnienie po Beatyfikacji obchodzono w Diecezji Rzymskiej w dniu 26 wrze\u015bnia, <b>po Kanonizacji zosta\u0142o przeniesione na 29 maja.<\/b> W Polsce jednak \u2013 ze wzgl\u0119du na inne wspomnienie, wypadaj\u0105ce w dniu 29 maja \u2013 Paw\u0142a VI wspominamy w liturgii w\u0142a\u015bnie dzisiaj.<\/span><\/span><\/span><\/p>\n<p align=\"justify\"><span style=\"color: #000000;\"><span style=\"font-family: Book Antiqua, serif;\"><span style=\"font-size: large;\">Wpatrzeni w przyk\u0142ad Jego \u015awi\u0119tego \u017cycia i Jego zatroskania o dobro Ko\u015bcio\u0142a; zas\u0142uchani tak\u017ce w Bo\u017ce s\u0142owo dzisiejszej liturgii, raz jeszcze zapytajmy samych siebie, <b>co robimy \u2013 ale tak konkretnie<\/b> \u2013 aby budowa\u0107 dobro Ko\u015bcio\u0142a Bo\u017cego, nabytego w\u0142asn\u0105 krwi\u0105 Jezusa? <b>Jak wywi\u0105zujemy si\u0119 z tej ogromnej odpowiedzialno\u015bci?\u2026<\/b><\/span><\/span><\/span><\/p>\n","protected":false},"excerpt":{"rendered":"<p>Szcz\u0119\u015b\u0107 Bo\u017ce! Moi Drodzy, w dniu dzisiejszym urodziny prze\u017cywa Ksi\u0105dz Pra\u0142at Mieczys\u0142aw Lipniacki, m\u00f3j \u201erodzony\u201d Proboszcz, czyli Za\u0142o\u017cyciel i Pierwszy Proboszcz Parafii Chrystusa Mi\u0142osiernego w Bia\u0142ej Podlaskiej i Budowniczy ko\u015bcio\u0142a. I w\u0142a\u015bnie jako Proboszcz, Ksi\u0105dz Pra\u0142at prowadzi\u0142 mnie od Pierwszej Komunii \u015awi\u0119tej do kap\u0142a\u0144skiej Prymicji. Dzi\u0119kuj\u0105c Mu za wz\u00f3r pi\u0119knie i czynnie prze\u017cywanego kap\u0142a\u0144stwa, modl\u0119 [&hellip;]<\/p>\n","protected":false},"author":1,"featured_media":0,"comment_status":"open","ping_status":"open","sticky":false,"template":"","format":"standard","meta":{"jetpack_post_was_ever_published":false,"_jetpack_newsletter_access":"","_jetpack_dont_email_post_to_subs":false,"_jetpack_newsletter_tier_id":0,"_jetpack_memberships_contains_paywalled_content":false,"_jetpack_memberships_contains_paid_content":false,"footnotes":""},"categories":[1],"tags":[],"class_list":["post-17070","post","type-post","status-publish","format-standard","hentry","category-bez-kategorii"],"yoast_head":"<!-- This site is optimized with the Yoast SEO plugin v25.1 - https:\/\/yoast.com\/wordpress\/plugins\/seo\/ -->\n<title>Ko\u015bci\u00f3\u0142 Boga, kt\u00f3ry On naby\u0142 w\u0142asn\u0105 krwi\u0105... - Gaudium Et Spes<\/title>\n<meta name=\"robots\" content=\"index, follow, max-snippet:-1, max-image-preview:large, max-video-preview:-1\" \/>\n<link rel=\"canonical\" href=\"https:\/\/gaudiumetspes-blog.pl\/index.php\/2020\/05\/27\/kosciol-boga-ktory-on-nabyl-wlasna-krwia\/\" \/>\n<meta property=\"og:locale\" content=\"pl_PL\" \/>\n<meta property=\"og:type\" content=\"article\" \/>\n<meta property=\"og:title\" content=\"Ko\u015bci\u00f3\u0142 Boga, kt\u00f3ry On naby\u0142 w\u0142asn\u0105 krwi\u0105... - Gaudium Et Spes\" \/>\n<meta property=\"og:description\" content=\"Szcz\u0119\u015b\u0107 Bo\u017ce! Moi Drodzy, w dniu dzisiejszym urodziny prze\u017cywa Ksi\u0105dz Pra\u0142at Mieczys\u0142aw Lipniacki, m\u00f3j \u201erodzony\u201d Proboszcz, czyli Za\u0142o\u017cyciel i Pierwszy Proboszcz Parafii Chrystusa Mi\u0142osiernego w Bia\u0142ej Podlaskiej i Budowniczy ko\u015bcio\u0142a. I w\u0142a\u015bnie jako Proboszcz, Ksi\u0105dz Pra\u0142at prowadzi\u0142 mnie od Pierwszej Komunii \u015awi\u0119tej do kap\u0142a\u0144skiej Prymicji. Dzi\u0119kuj\u0105c Mu za wz\u00f3r pi\u0119knie i czynnie prze\u017cywanego kap\u0142a\u0144stwa, modl\u0119 [&hellip;]\" \/>\n<meta property=\"og:url\" content=\"https:\/\/gaudiumetspes-blog.pl\/index.php\/2020\/05\/27\/kosciol-boga-ktory-on-nabyl-wlasna-krwia\/\" \/>\n<meta property=\"og:site_name\" content=\"Gaudium Et Spes\" \/>\n<meta property=\"article:published_time\" content=\"2020-05-27T05:44:05+00:00\" \/>\n<meta name=\"author\" content=\"Ks. Jacek\" \/>\n<meta name=\"twitter:card\" content=\"summary_large_image\" \/>\n<meta name=\"twitter:label1\" content=\"Napisane przez\" \/>\n\t<meta name=\"twitter:data1\" content=\"Ks. Jacek\" \/>\n\t<meta name=\"twitter:label2\" content=\"Szacowany czas czytania\" \/>\n\t<meta name=\"twitter:data2\" content=\"15 minut\" \/>\n<script type=\"application\/ld+json\" class=\"yoast-schema-graph\">{\"@context\":\"https:\/\/schema.org\",\"@graph\":[{\"@type\":\"WebPage\",\"@id\":\"https:\/\/gaudiumetspes-blog.pl\/index.php\/2020\/05\/27\/kosciol-boga-ktory-on-nabyl-wlasna-krwia\/\",\"url\":\"https:\/\/gaudiumetspes-blog.pl\/index.php\/2020\/05\/27\/kosciol-boga-ktory-on-nabyl-wlasna-krwia\/\",\"name\":\"Ko\u015bci\u00f3\u0142 Boga, kt\u00f3ry On naby\u0142 w\u0142asn\u0105 krwi\u0105... - Gaudium Et Spes\",\"isPartOf\":{\"@id\":\"https:\/\/gaudiumetspes-blog.pl\/#website\"},\"datePublished\":\"2020-05-27T05:44:05+00:00\",\"author\":{\"@id\":\"https:\/\/gaudiumetspes-blog.pl\/#\/schema\/person\/1661982992b752dea8dff0d4ed845a65\"},\"breadcrumb\":{\"@id\":\"https:\/\/gaudiumetspes-blog.pl\/index.php\/2020\/05\/27\/kosciol-boga-ktory-on-nabyl-wlasna-krwia\/#breadcrumb\"},\"inLanguage\":\"pl-PL\",\"potentialAction\":[{\"@type\":\"ReadAction\",\"target\":[\"https:\/\/gaudiumetspes-blog.pl\/index.php\/2020\/05\/27\/kosciol-boga-ktory-on-nabyl-wlasna-krwia\/\"]}]},{\"@type\":\"BreadcrumbList\",\"@id\":\"https:\/\/gaudiumetspes-blog.pl\/index.php\/2020\/05\/27\/kosciol-boga-ktory-on-nabyl-wlasna-krwia\/#breadcrumb\",\"itemListElement\":[{\"@type\":\"ListItem\",\"position\":1,\"name\":\"Strona g\u0142\u00f3wna\",\"item\":\"https:\/\/gaudiumetspes-blog.pl\/\"},{\"@type\":\"ListItem\",\"position\":2,\"name\":\"Ko\u015bci\u00f3\u0142 Boga, kt\u00f3ry&nbsp;On naby\u0142 w\u0142asn\u0105 krwi\u0105&#8230;\"}]},{\"@type\":\"WebSite\",\"@id\":\"https:\/\/gaudiumetspes-blog.pl\/#website\",\"url\":\"https:\/\/gaudiumetspes-blog.pl\/\",\"name\":\"Gaudium Et Spes\",\"description\":\"Blog Ks. Jacka Ja\u015bkowskiego\",\"potentialAction\":[{\"@type\":\"SearchAction\",\"target\":{\"@type\":\"EntryPoint\",\"urlTemplate\":\"https:\/\/gaudiumetspes-blog.pl\/?s={search_term_string}\"},\"query-input\":{\"@type\":\"PropertyValueSpecification\",\"valueRequired\":true,\"valueName\":\"search_term_string\"}}],\"inLanguage\":\"pl-PL\"},{\"@type\":\"Person\",\"@id\":\"https:\/\/gaudiumetspes-blog.pl\/#\/schema\/person\/1661982992b752dea8dff0d4ed845a65\",\"name\":\"Ks. Jacek\",\"image\":{\"@type\":\"ImageObject\",\"inLanguage\":\"pl-PL\",\"@id\":\"https:\/\/gaudiumetspes-blog.pl\/#\/schema\/person\/image\/\",\"url\":\"https:\/\/gaudiumetspes-blog.pl\/wp-content\/uploads\/2019\/07\/avatar-JJ-150x150.jpg\",\"contentUrl\":\"https:\/\/gaudiumetspes-blog.pl\/wp-content\/uploads\/2019\/07\/avatar-JJ-150x150.jpg\",\"caption\":\"Ks. Jacek\"},\"description\":\"Witam serdecznie! K\u0142ania si\u0119 Ks. Jacek Ja\u015bkowski. Nie jestem ani kim\u015b wa\u017cnym, ani kim\u015b znanym. Jestem ksi\u0119dzem, kt\u00f3ry po prostu chce rozmawia\u0107. Codzienna kap\u0142a\u0144ska pos\u0142uga pokazuje mi, \u017ce temat\u00f3w do rozm\u00f3w z ksi\u0119dzem jest coraz wi\u0119cej i dzisiaj \u017caden ksi\u0105dz nie mo\u017ce od nich ucieka\u0107, ale - wprost przeciwnie - podejmowa\u0107 nowe wyzwania. To przekonanie sk\u0142oni\u0142o mnie do pr\u00f3by otwarcia tego\u017c bloga, chocia\u017c okazji do rozm\u00f3w na co dzie\u0144 - w konfesjonale i poza nim - na szcz\u0119\u015bcie nie brakuje. My\u015bl\u0119 jednak, \u017ce ten blog b\u0119dzie jeszcze jednym sposobem i przestrzeni\u0105 nawi\u0105zania kontaktu z lud\u017ami dobrej woli, otwartymi na dialog.\",\"url\":\"https:\/\/gaudiumetspes-blog.pl\/index.php\/author\/ks-jacek\/\"}]}<\/script>\n<!-- \/ Yoast SEO plugin. -->","yoast_head_json":{"title":"Ko\u015bci\u00f3\u0142 Boga, kt\u00f3ry On naby\u0142 w\u0142asn\u0105 krwi\u0105... - Gaudium Et Spes","robots":{"index":"index","follow":"follow","max-snippet":"max-snippet:-1","max-image-preview":"max-image-preview:large","max-video-preview":"max-video-preview:-1"},"canonical":"https:\/\/gaudiumetspes-blog.pl\/index.php\/2020\/05\/27\/kosciol-boga-ktory-on-nabyl-wlasna-krwia\/","og_locale":"pl_PL","og_type":"article","og_title":"Ko\u015bci\u00f3\u0142 Boga, kt\u00f3ry On naby\u0142 w\u0142asn\u0105 krwi\u0105... - Gaudium Et Spes","og_description":"Szcz\u0119\u015b\u0107 Bo\u017ce! Moi Drodzy, w dniu dzisiejszym urodziny prze\u017cywa Ksi\u0105dz Pra\u0142at Mieczys\u0142aw Lipniacki, m\u00f3j \u201erodzony\u201d Proboszcz, czyli Za\u0142o\u017cyciel i Pierwszy Proboszcz Parafii Chrystusa Mi\u0142osiernego w Bia\u0142ej Podlaskiej i Budowniczy ko\u015bcio\u0142a. I w\u0142a\u015bnie jako Proboszcz, Ksi\u0105dz Pra\u0142at prowadzi\u0142 mnie od Pierwszej Komunii \u015awi\u0119tej do kap\u0142a\u0144skiej Prymicji. Dzi\u0119kuj\u0105c Mu za wz\u00f3r pi\u0119knie i czynnie prze\u017cywanego kap\u0142a\u0144stwa, modl\u0119 [&hellip;]","og_url":"https:\/\/gaudiumetspes-blog.pl\/index.php\/2020\/05\/27\/kosciol-boga-ktory-on-nabyl-wlasna-krwia\/","og_site_name":"Gaudium Et Spes","article_published_time":"2020-05-27T05:44:05+00:00","author":"Ks. Jacek","twitter_card":"summary_large_image","twitter_misc":{"Napisane przez":"Ks. Jacek","Szacowany czas czytania":"15 minut"},"schema":{"@context":"https:\/\/schema.org","@graph":[{"@type":"WebPage","@id":"https:\/\/gaudiumetspes-blog.pl\/index.php\/2020\/05\/27\/kosciol-boga-ktory-on-nabyl-wlasna-krwia\/","url":"https:\/\/gaudiumetspes-blog.pl\/index.php\/2020\/05\/27\/kosciol-boga-ktory-on-nabyl-wlasna-krwia\/","name":"Ko\u015bci\u00f3\u0142 Boga, kt\u00f3ry On naby\u0142 w\u0142asn\u0105 krwi\u0105... - Gaudium Et Spes","isPartOf":{"@id":"https:\/\/gaudiumetspes-blog.pl\/#website"},"datePublished":"2020-05-27T05:44:05+00:00","author":{"@id":"https:\/\/gaudiumetspes-blog.pl\/#\/schema\/person\/1661982992b752dea8dff0d4ed845a65"},"breadcrumb":{"@id":"https:\/\/gaudiumetspes-blog.pl\/index.php\/2020\/05\/27\/kosciol-boga-ktory-on-nabyl-wlasna-krwia\/#breadcrumb"},"inLanguage":"pl-PL","potentialAction":[{"@type":"ReadAction","target":["https:\/\/gaudiumetspes-blog.pl\/index.php\/2020\/05\/27\/kosciol-boga-ktory-on-nabyl-wlasna-krwia\/"]}]},{"@type":"BreadcrumbList","@id":"https:\/\/gaudiumetspes-blog.pl\/index.php\/2020\/05\/27\/kosciol-boga-ktory-on-nabyl-wlasna-krwia\/#breadcrumb","itemListElement":[{"@type":"ListItem","position":1,"name":"Strona g\u0142\u00f3wna","item":"https:\/\/gaudiumetspes-blog.pl\/"},{"@type":"ListItem","position":2,"name":"Ko\u015bci\u00f3\u0142 Boga, kt\u00f3ry&nbsp;On naby\u0142 w\u0142asn\u0105 krwi\u0105&#8230;"}]},{"@type":"WebSite","@id":"https:\/\/gaudiumetspes-blog.pl\/#website","url":"https:\/\/gaudiumetspes-blog.pl\/","name":"Gaudium Et Spes","description":"Blog Ks. Jacka Ja\u015bkowskiego","potentialAction":[{"@type":"SearchAction","target":{"@type":"EntryPoint","urlTemplate":"https:\/\/gaudiumetspes-blog.pl\/?s={search_term_string}"},"query-input":{"@type":"PropertyValueSpecification","valueRequired":true,"valueName":"search_term_string"}}],"inLanguage":"pl-PL"},{"@type":"Person","@id":"https:\/\/gaudiumetspes-blog.pl\/#\/schema\/person\/1661982992b752dea8dff0d4ed845a65","name":"Ks. Jacek","image":{"@type":"ImageObject","inLanguage":"pl-PL","@id":"https:\/\/gaudiumetspes-blog.pl\/#\/schema\/person\/image\/","url":"https:\/\/gaudiumetspes-blog.pl\/wp-content\/uploads\/2019\/07\/avatar-JJ-150x150.jpg","contentUrl":"https:\/\/gaudiumetspes-blog.pl\/wp-content\/uploads\/2019\/07\/avatar-JJ-150x150.jpg","caption":"Ks. Jacek"},"description":"Witam serdecznie! K\u0142ania si\u0119 Ks. Jacek Ja\u015bkowski. Nie jestem ani kim\u015b wa\u017cnym, ani kim\u015b znanym. Jestem ksi\u0119dzem, kt\u00f3ry po prostu chce rozmawia\u0107. Codzienna kap\u0142a\u0144ska pos\u0142uga pokazuje mi, \u017ce temat\u00f3w do rozm\u00f3w z ksi\u0119dzem jest coraz wi\u0119cej i dzisiaj \u017caden ksi\u0105dz nie mo\u017ce od nich ucieka\u0107, ale - wprost przeciwnie - podejmowa\u0107 nowe wyzwania. To przekonanie sk\u0142oni\u0142o mnie do pr\u00f3by otwarcia tego\u017c bloga, chocia\u017c okazji do rozm\u00f3w na co dzie\u0144 - w konfesjonale i poza nim - na szcz\u0119\u015bcie nie brakuje. My\u015bl\u0119 jednak, \u017ce ten blog b\u0119dzie jeszcze jednym sposobem i przestrzeni\u0105 nawi\u0105zania kontaktu z lud\u017ami dobrej woli, otwartymi na dialog.","url":"https:\/\/gaudiumetspes-blog.pl\/index.php\/author\/ks-jacek\/"}]}},"jetpack_featured_media_url":"","jetpack_sharing_enabled":true,"_links":{"self":[{"href":"https:\/\/gaudiumetspes-blog.pl\/index.php\/wp-json\/wp\/v2\/posts\/17070","targetHints":{"allow":["GET"]}}],"collection":[{"href":"https:\/\/gaudiumetspes-blog.pl\/index.php\/wp-json\/wp\/v2\/posts"}],"about":[{"href":"https:\/\/gaudiumetspes-blog.pl\/index.php\/wp-json\/wp\/v2\/types\/post"}],"author":[{"embeddable":true,"href":"https:\/\/gaudiumetspes-blog.pl\/index.php\/wp-json\/wp\/v2\/users\/1"}],"replies":[{"embeddable":true,"href":"https:\/\/gaudiumetspes-blog.pl\/index.php\/wp-json\/wp\/v2\/comments?post=17070"}],"version-history":[{"count":1,"href":"https:\/\/gaudiumetspes-blog.pl\/index.php\/wp-json\/wp\/v2\/posts\/17070\/revisions"}],"predecessor-version":[{"id":17071,"href":"https:\/\/gaudiumetspes-blog.pl\/index.php\/wp-json\/wp\/v2\/posts\/17070\/revisions\/17071"}],"wp:attachment":[{"href":"https:\/\/gaudiumetspes-blog.pl\/index.php\/wp-json\/wp\/v2\/media?parent=17070"}],"wp:term":[{"taxonomy":"category","embeddable":true,"href":"https:\/\/gaudiumetspes-blog.pl\/index.php\/wp-json\/wp\/v2\/categories?post=17070"},{"taxonomy":"post_tag","embeddable":true,"href":"https:\/\/gaudiumetspes-blog.pl\/index.php\/wp-json\/wp\/v2\/tags?post=17070"}],"curies":[{"name":"wp","href":"https:\/\/api.w.org\/{rel}","templated":true}]}}