{"id":17106,"date":"2020-05-30T07:26:06","date_gmt":"2020-05-30T05:26:06","guid":{"rendered":"https:\/\/gaudiumetspes-blog.pl\/?p=17106"},"modified":"2020-06-01T14:42:38","modified_gmt":"2020-06-01T12:42:38","slug":"caly-swiat-nie-pomiescilby-ksiag","status":"publish","type":"post","link":"https:\/\/gaudiumetspes-blog.pl\/index.php\/2020\/05\/30\/caly-swiat-nie-pomiescilby-ksiag\/","title":{"rendered":"Ca\u0142y \u015bwiat nie pomie\u015bci\u0142by ksi\u0105g&#8230;"},"content":{"rendered":"<p align=\"justify\"><span style=\"color: #000000;\"><span style=\"font-family: Book Antiqua, serif;\"><span style=\"font-size: large;\">Szcz\u0119\u015b\u0107 Bo\u017ce! Moi Drodzy, <b>w dniu wczorajszym, urodziny prze\u017cywa\u0142 \u0141ukasz Sulowski <\/b><b>(nie myli\u0107: Szumowski!)<\/b><b>, M\u0105\u017c \u017banny, Ojciec Cypriana i Ignacego, dobry i \u017cyczliwy Cz\u0142owiek z Lublina, m\u00f3j prawie Student z czas\u00f3w mojej pracy na KUL. Dzi\u0119kuj\u0105c za nasz sta\u0142y i dobry kontakt, \u017cycz\u0119 sta\u0142ej otwarto\u015bci na Bo\u017ce natchnienia!<\/b><\/span><\/span><\/span><\/p>\n<p align=\"justify\"><span style=\"color: #000000;\"><span style=\"font-family: Book Antiqua, serif;\"><span style=\"font-size: large;\"><b>Imieniny natomiast prze\u017cywa\u0142y wczoraj:<\/b><\/span><\/span><\/span><\/p>\n<p align=\"justify\"><span style=\"color: #000000;\">\u25ba<span style=\"font-family: Book Antiqua, serif;\"><span style=\"font-size: large;\"><b>Magda Malinowska, nale\u017c\u0105ca w swoim czasie do jednej z m\u0142odzie\u017cowych Wsp\u00f3lnot;<\/b><\/span><\/span><\/span><\/p>\n<p align=\"justify\"><span style=\"color: #000000;\">\u25ba<span style=\"font-family: Book Antiqua, serif;\"><span style=\"font-size: large;\"><b>Magdalena Fabisiak \u017bona Krzysztofa, Moderatora naszego bloga.<\/b><\/span><\/span><\/span><\/p>\n<p align=\"justify\"><span style=\"color: #000000;\"><span style=\"font-family: Book Antiqua, serif;\"><span style=\"font-size: large;\"><b>Dzisiaj za\u015b rocznic\u0119 \u015bwi\u0119ce\u0144 kap\u0142a\u0144skich prze\u017cywaj\u0105:<\/b><\/span><\/span><\/span><\/p>\n<p align=\"justify\"><span style=\"color: #000000;\">\u25ba<span style=\"font-family: Book Antiqua, serif;\"><span style=\"font-size: large;\"><b>Ojciec Mateusz Fleiszerowicz, franciszkanin, Kolega ze studi\u00f3w z prawa kanonicznego na KUL, Proboszcz Parafii \u015awi\u0119tej El\u017cbiety W\u0119gierskiej w Nysie;<\/b><\/span><\/span><\/span><\/p>\n<p align=\"justify\"><span style=\"color: #000000;\">\u25ba<span style=\"font-family: Book Antiqua, serif;\"><span style=\"font-size: large;\"><b>Ksi\u0105dz \u0141ukasz Tarasiuk, pochodz\u0105cy z mojej rodzinnej Parafii, a pos\u0142uguj\u0105cy w Diecezji warszawsko \u2013 praskiej.<\/b><\/span><\/span><\/span><\/p>\n<p align=\"justify\"><span style=\"color: #000000;\"><span style=\"font-family: Book Antiqua, serif;\"><span style=\"font-size: large;\"><b>A imieniny dzisiaj prze\u017cywa Siostra Joanna Andruszczyszyna, wsp\u00f3\u0142pracuj\u0105ca z Ksi\u0119dzem Markiem na Syberii.<\/b><\/span><\/span><\/span><\/p>\n<p align=\"justify\"><span style=\"color: #000000;\"><span style=\"font-family: Book Antiqua, serif;\"><span style=\"font-size: large;\"><b>Wszystkich \u015bwi\u0119tuj\u0105cych wczoraj i dzisiaj ogarniam modlitw\u0105 i \u017cycz\u0119 wszelkiego Bo\u017cego b\u0142ogos\u0142awie\u0144stwa!<\/b><\/span><\/span><\/span><\/p>\n<p align=\"justify\"><span style=\"color: #000000;\"><span style=\"font-family: Book Antiqua, serif;\"><span style=\"font-size: large;\">Moi Drodzy, bardzo serdecznie dzi\u0119kujemy Ksi\u0119dzu Markowi i Siostrze Teresie za cotygodniowy dy\u017cur \u201es\u0142\u00f3wkowy\u201d na naszym forum. Siostrze Teresie dzi\u0119kujemy za kolejne ju\u017c \u015bwiadectwo o wielkiej mocy Boga, kt\u00f3ry jednak w okazywaniu tej swej mocy pos\u0142uguje si\u0119 konkretnymi lud\u017ami! Opowie\u015b\u0107 Siostry Teresy jest dla nas wszystkich zach\u0119t\u0105 i mobilizacj\u0105 do odwa\u017cnego wychodzenia do innych ze s\u0142owem i \u015bwiadectwem wiary! A Pan zawsze wtedy dope\u0142ni reszty. Dzi\u0119kujemy raz jeszcze i liczymy na to, co widzimy w ko\u0144c\u00f3wce s\u0142owa: CDN. Niech\u017ce ten ci\u0105g dalszy jak najszybciej nast\u0105pi!<\/span><\/span><\/span><\/p>\n<p align=\"justify\"><span style=\"color: #000000;\"><span style=\"font-family: Book Antiqua, serif;\"><span style=\"font-size: large;\">Ksi\u0119dzu Markowi za\u015b dzi\u0119kujemy za mocny akcent, po\u0142o\u017cony na jedno\u015b\u0107. Rzeczywi\u015bcie, potrzeba jej w Ko\u015bciele, potrzeba jej w ka\u017cdej ludzkiej spo\u0142eczno\u015bci. My, w Polsce, po raz kolejny przekonujemy si\u0119, jak bardzo potrzeba jej w \u017cyciu publicznym, szczeg\u00f3lnie politycznym. Ale i w naszych rodzinach \u2013 ile\u017c wysz\u0142o napi\u0119\u0107 i ukrywanych konflikt\u00f3w, kiedy byli\u015bmy \u201eskazani na siebie\u201d w czasie kwarantanny! M\u00f3dlmy si\u0119 o jedno\u015b\u0107\u2026<\/span><\/span><\/span><\/p>\n<p align=\"justify\"><span style=\"color: #000000;\"><span style=\"font-family: Book Antiqua, serif;\"><span style=\"font-size: large;\">I jeszcze serdeczne gratulacje z okazji rozpocz\u0119cia budowy. Tak si\u0119 z\u0142o\u017cy\u0142o, \u017ce by\u0142em w tych dniach w Domu rodzinnym i ten filmik ogl\u0105da\u0142em razem z Rodzicami. I przyznaj\u0119, \u017ce du\u017co weso\u0142o\u015bci wzbudzi\u0142 w nas ca\u0142y rytua\u0142: <\/span><\/span><\/span><\/p>\n<p align=\"justify\"><span style=\"color: #000000;\"><span style=\"font-family: Book Antiqua, serif;\"><span style=\"font-size: large;\">Najpierw przem\u00f3wienie. Potem \u2013 uroczyste za\u0142o\u017cenie r\u0119kawiczek. A potem\u2026 a\u017c jedna przerzucona \u0142opata! Ale sukces odtr\u0105biony! <\/span><\/span><\/span><\/p>\n<p align=\"justify\"><span style=\"color: #000000;\"><span style=\"font-family: Book Antiqua, serif;\"><span style=\"font-size: large;\">Oczywi\u015bcie, to tak troch\u0119 na weso\u0142o, jednak w g\u0142\u0119bi serca ogromnie cieszymy si\u0119 wszyscy takim rozwojem sprawy i gor\u0105c\u0105 modlitw\u0105 wspieramy budow\u0119 domu parafialnego, ale przede wszystkim sta\u0142e budowanie tego duchowego domu \u2013 Ko\u015bcio\u0142a w sercach ludzi. Ko\u015bcio\u0142a, kt\u00f3ry b\u0119dzie znakiem jedno\u015bci \u2013 z Bogiem i z lud\u017ami.<\/span><\/span><\/span><\/p>\n<p align=\"justify\"><span style=\"color: #000000;\"><span style=\"font-family: Book Antiqua, serif;\"><span style=\"font-size: large;\">Ja t\u0119 modlitw\u0119 mia\u0142em mo\u017cliwo\u015b\u0107 zanosi\u0107 w Kodniu, gdzie w tych dniach by\u0142em: zar\u00f3wno przed obliczem Matki Bo\u017cej, jak i w swoich w\u0119dr\u00f3wkach nad Bugiem, od dawna ju\u017c wytyczonymi i wydeptanymi trasami. Odmawiaj\u0105c R\u00f3\u017caniec za R\u00f3\u017ca\u0144cem, ogarnia\u0142em modlitw\u0105 dzie\u0142o Bo\u017ce na Syberii, ale tak\u017ce dzie\u0142o Bo\u017ce w Waszych, moi Drodzy, sercach!<\/span><\/span><\/span><\/p>\n<p align=\"justify\"><span style=\"color: #000000;\"><span style=\"font-family: Book Antiqua, serif;\"><span style=\"font-size: large;\">O rado\u015bci z otwarcia drzwi w Dniu Pi\u0119\u0107dziesi\u0105tnicy napisz\u0119 jutro. Dzisiaj tylko przypominam o ostatnim dniu Nowenny do Ducha \u015awi\u0119tego. <\/span><\/span><\/span><\/p>\n<p align=\"justify\"><span style=\"color: #000000;\"><span style=\"font-family: Book Antiqua, serif;\"><span style=\"font-size: large;\">I przypominam: skoro tyle prosili\u015bmy Pana o pomoc \u2013 i nadal jeszcze prosimy \u2013 to jednak nie zapomnijmy podzi\u0119kowa\u0107 za to Jego zmi\u0142owanie, kt\u00f3re tak wyra\u017anie nadchodzi!<\/span><\/span><\/span><\/p>\n<p align=\"justify\"><span style=\"color: #000000;\"><span style=\"font-family: Book Antiqua, serif;\"><span style=\"font-size: large;\"><b>Niech Was b\u0142ogos\u0142awi B\u00f3g Wszechmog\u0105cy: Ojciec + i Syn i Duch \u015awi\u0119ty. Amen<\/b><\/span><\/span><\/span><\/p>\n<p align=\"center\"><span style=\"color: #000000;\"><span style=\"font-family: Book Antiqua, serif;\"><span style=\"font-size: large;\">Gaudium et spes! Ks. Jacek<\/span><\/span><\/span><\/p>\n<p align=\"center\">\n<p align=\"center\">\n<p align=\"center\">\n<p align=\"center\">\n<p align=\"center\">\n<p align=\"justify\"><span style=\"color: #000000;\"><span style=\"font-family: Book Antiqua, serif;\"><span style=\"font-size: large;\"><b>Sobota 7 Tygodnia Wielkanocy,<\/b><\/span><\/span><\/span><\/p>\n<p align=\"justify\"><span style=\"color: #000000;\"><span style=\"font-family: Book Antiqua, serif;\"><span style=\"font-size: large;\"><b>30 maja 2020.,<\/b><\/span><\/span><\/span><\/p>\n<p align=\"justify\"><span style=\"color: #000000;\"><span style=\"font-family: Book Antiqua, serif;\"><span style=\"font-size: large;\"><b>do czyta\u0144: Dz 28,16\u201320.30\u201331; J 21,20\u201325<\/b><\/span><\/span><\/span><\/p>\n<p align=\"justify\">\n<p align=\"justify\">\n<p align=\"justify\">\n<p align=\"justify\">\n<p align=\"justify\">\n<p align=\"justify\"><span style=\"color: #000000;\"><span style=\"font-family: Book Antiqua, serif;\"><span style=\"font-size: large;\"><b>CZYTANIE Z DZIEJ\u00d3W APOSTOLSKICH:<\/b><\/span><\/span><\/span><\/p>\n<p align=\"justify\"><span style=\"color: #000000;\"><span style=\"font-family: Book Antiqua, serif;\"><span style=\"font-size: large;\"><b>Gdy\u015bmy przybyli do Rzymu, pozwolono Paw\u0142owi mieszka\u0107 prywatnie razem z \u017co\u0142nierzem, kt\u00f3ry go pilnowa\u0142. <\/b><\/span><\/span><\/span><\/p>\n<p align=\"justify\"><span style=\"color: #000000;\"><span style=\"font-family: Book Antiqua, serif;\"><span style=\"font-size: large;\"><b>Po trzech dniach poprosi\u0142 do siebie najznakomitszych \u017byd\u00f3w. A kiedy si\u0119 zeszli, m\u00f3wi\u0142 do nich: \u201eNie uczyni\u0142em, bracia, nic przeciwko narodowi lub zwyczajom ojczystym, a jednak wydany zosta\u0142em jako wi\u0119zie\u0144 w r\u0119ce Rzymian, kt\u00f3rzy po rozpatrzeniu sprawy chcieli mnie wypu\u015bci\u0107, dlatego \u017ce nie pope\u0142ni\u0142em nic zas\u0142uguj\u0105cego na \u015bmier\u0107. <\/b><\/span><\/span><\/span><\/p>\n<p align=\"justify\"><span style=\"color: #000000;\"><span style=\"font-family: Book Antiqua, serif;\"><span style=\"font-size: large;\"><b>Poniewa\u017c jednak \u017bydzi sprzeciwiali si\u0119 temu, musia\u0142em odwo\u0142a\u0107 si\u0119 do Cezara, bynajmniej nie w zamiarze oskar\u017cenia w czymkolwiek mojego narodu. Dlatego te\u017c zaprosi\u0142em was, aby si\u0119 z wami zobaczy\u0107 i rozm\u00f3wi\u0107, bo dla nadziei Izraela d\u017awigam te kajdany\u201d. <\/b><\/span><\/span><\/span><\/p>\n<p align=\"justify\"><span style=\"color: #000000;\"><span style=\"font-family: Book Antiqua, serif;\"><span style=\"font-size: large;\"><b>Przez ca\u0142e dwa lata pozosta\u0142 w wynaj\u0119tym przez siebie mieszkaniu i przyjmowa\u0142 wszystkich, kt\u00f3rzy do niego przychodzili, g\u0142osz\u0105c kr\u00f3lestwo Bo\u017ce i nauczaj\u0105c o Panu Jezusie Chrystusie zupe\u0142nie swobodnie, bez przeszk\u00f3d.<\/b><\/span><\/span><\/span><\/p>\n<p align=\"justify\">\n<p align=\"justify\">\n<p align=\"justify\">\n<p align=\"justify\">\n<p align=\"justify\">\n<p align=\"justify\"><span style=\"color: #000000;\"><span style=\"font-family: Book Antiqua, serif;\"><span style=\"font-size: large;\"><b>S\u0141OWA EWANGELII WED\u0141UG \u015aWI\u0118TEGO JANA: <\/b><\/span><\/span><\/span><\/p>\n<p align=\"justify\"><span style=\"color: #000000;\"><span style=\"font-family: Book Antiqua, serif;\"><span style=\"font-size: large;\"><b>Gdy Jezus zmartwychwsta\u0142y ukaza\u0142 si\u0119 uczniom nad jeziorem Genezaret, Piotr obr\u00f3ciwszy si\u0119 zobaczy\u0142 id\u0105cego za sob\u0105 ucznia, kt\u00f3rego mi\u0142owa\u0142 Jezus, a kt\u00f3ry to w czasie uczty spoczywa\u0142 na Jego piersi i powiedzia\u0142: \u201ePanie, kto jest ten, kt\u00f3ry Ci\u0119 zdradzi?\u201d<\/b><\/span><\/span><\/span><\/p>\n<p align=\"justify\"><span style=\"color: #000000;\"><span style=\"font-family: Book Antiqua, serif;\"><span style=\"font-size: large;\"><b>Gdy wi\u0119c go Piotr ujrza\u0142, rzek\u0142 do Jezusa: \u201ePanie, a co z tym b\u0119dzie?\u201d <\/b><\/span><\/span><\/span><\/p>\n<p align=\"justify\"><span style=\"color: #000000;\"><span style=\"font-family: Book Antiqua, serif;\"><span style=\"font-size: large;\"><b>Odpowiedzia\u0142 mu Jezus: \u201eJe\u017celi chc\u0119, aby pozosta\u0142, a\u017c przyjd\u0119, co tobie do tego? Ty p\u00f3jd\u017a za Mn\u0105\u201d. <\/b><\/span><\/span><\/span><\/p>\n<p align=\"justify\"><span style=\"color: #000000;\"><span style=\"font-family: Book Antiqua, serif;\"><span style=\"font-size: large;\"><b>Rozesz\u0142a si\u0119 w\u015br\u00f3d braci wie\u015b\u0107, \u017ce ucze\u0144 \u00f3w nie umrze. Ale Jezus nie powiedzia\u0142 mu, \u017ce nie umrze, lecz: \u201eJe\u015bli Ja chc\u0119, aby pozosta\u0142, a\u017c przyjd\u0119, co tobie do tego?\u201d <\/b><\/span><\/span><\/span><\/p>\n<p align=\"justify\"><span style=\"color: #000000;\"><span style=\"font-family: Book Antiqua, serif;\"><span style=\"font-size: large;\"><b>Ten w\u0142a\u015bnie ucze\u0144 daje \u015bwiadectwo o tych sprawach i on je opisa\u0142. A wiemy, \u017ce \u015bwiadectwo jego jest prawdziwe. <\/b><\/span><\/span><\/span><\/p>\n<p align=\"justify\"><span style=\"color: #000000;\"><span style=\"font-family: Book Antiqua, serif;\"><span style=\"font-size: large;\"><b>Jest ponadto wiele innych rzeczy, kt\u00f3rych Jezus dokona\u0142, a kt\u00f3re, gdyby je szczeg\u00f3\u0142owo opisa\u0107, to s\u0105dz\u0119, \u017ce ca\u0142y \u015bwiat nie pomie\u015bci\u0142by ksi\u0105g, kt\u00f3re by trzeba napisa\u0107.<\/b><\/span><\/span><\/span><\/p>\n<p align=\"justify\">\n<p align=\"justify\">\n<p align=\"justify\">\n<p align=\"justify\">\n<p align=\"justify\">\n<p align=\"justify\"><span style=\"color: #000000;\"><span style=\"font-family: Book Antiqua, serif;\"><span style=\"font-size: large;\">W ostatnim dniu powszednim Okresu Wielkanocnego s\u0142yszymy <b>ostatnie s\u0142owa Ksi\u0119gi Dziej\u00f3w Apostolskich,<\/b> a wi\u0119c tej Ksi\u0119gi, kt\u00f3ra przez ca\u0142y ten czas nam towarzyszy\u0142a, a nawet \u2013 by tak rzec \u2013<b> prowadzi\u0142a\u2026<\/b> <\/span><\/span><\/span><\/p>\n<p align=\"justify\"><span style=\"color: #000000;\"><span style=\"font-family: Book Antiqua, serif;\"><span style=\"font-size: large;\">I oto dzisiaj ko\u0144czy si\u0119 ona informacj\u0105 o dwuletnim domowym areszcie, na\u0142o\u017conym na Paw\u0142a, w trakcie kt\u00f3rego <i><b>pozosta\u0142 <\/b><\/i><b>[on] <\/b><i><b>w wynaj\u0119tym przez siebie mieszkaniu i przyjmowa\u0142 wszystkich, kt\u00f3rzy do niego przychodzili, g\u0142osz\u0105c kr\u00f3lestwo Bo\u017ce i nauczaj\u0105c o Panu Jezusie Chrystusie zupe\u0142nie swobodnie, bez przeszk\u00f3d.<\/b><\/i><b> <\/b>My oczywi\u015bcie wiemy, jak swoje \u017cycie Pawe\u0142 zako\u0144czy\u0142 \u2013 by\u0142a to \u015bmier\u0107 m\u0119cze\u0144ska \u2013 ale dzisiaj otrzymujemy naprawd\u0119 <b>pozytywn\u0105 i optymistyczn\u0105 wiadomo\u015b\u0107,<\/b> \u017ce nie czyniono mu \u017cadnych przeszk\u00f3d w g\u0142oszeniu nauki o Jezusie Chrystusie. <\/span><\/span><\/span><\/p>\n<p align=\"justify\"><span style=\"color: #000000;\"><span style=\"font-family: Book Antiqua, serif;\"><span style=\"font-size: large;\">A to do\u015b\u0107 ciekawa sytuacja, bo przecie\u017c wiemy, \u017ce nauka ta nie cieszy\u0142a si\u0119 \u2013 m\u00f3wi\u0105c ogl\u0119dnie \u2013 <b>zbyt du\u017cym oficjalnym uznaniem,<\/b> a nawet by\u0142a zwalczana. Zreszt\u0105, sam spos\u00f3b \u017cycia i funkcjonowania Paw\u0142a w tym momencie \u2013 a wi\u0119c, co by nie m\u00f3wi\u0107, <b>stan uwi\u0119zienia<\/b><b> \u2013<\/b> jest tego potwierdzeniem. Tymczasem, w\u0142a\u015bnie jako wi\u0119zie\u0144, mo\u017ce <b>zaprasza\u0107, kogo chce i naucza\u0107 tego, co chce. <\/b>A czego chcia\u0142 naucza\u0107 i czego naucza\u0142 \u2013 to s\u0142yszymy. <\/span><\/span><\/span><\/p>\n<p align=\"justify\"><span style=\"color: #000000;\"><span style=\"font-family: Book Antiqua, serif;\"><span style=\"font-size: large;\">Zreszt\u0105, dobrze to wiemy, bo przecie\u017c <b>ca\u0142e swoje \u201enawr\u00f3cone\u201d \u017cycie <\/b>nie komu innemu odda\u0142, jak <b>tylko Jezusowi.<\/b> I Jezus nigdy o nim nie zapomnia\u0142, nigdy nie zostawi\u0142 go w trudno\u015bciach. A ile\u017c to razy ratowa\u0142 go z opresji, nawet w spos\u00f3b cudowny! Trz\u0105s\u0142 posadami wi\u0119zie\u0144 i <b>otwiera\u0142 najbardziej zaryglowane drzwi, <\/b>ka\u017c\u0105c Paw\u0142owi wyj\u015b\u0107 i nadal odwa\u017cnie g\u0142osi\u0107 Dobr\u0105 Nowin\u0119. <\/span><\/span><\/span><\/p>\n<p align=\"justify\"><span style=\"color: #000000;\"><span style=\"font-family: Book Antiqua, serif;\"><span style=\"font-size: large;\">Dzisiaj s\u0142yszymy, \u017ce nie tyle otworzy\u0142 mu bramy wi\u0119zienia, co\u2026 <b>nie pozwoli\u0142 ich domkn\u0105\u0107. <\/b>Pawe\u0142 pozostawa\u0142 we wzgl\u0119dnej swobodzie \u2013 w takiej, by <b>m\u00f3c pe\u0142ni\u0107 swoj\u0105 misj\u0119.<\/b> A to by\u0142o dla niego z pewno\u015bci\u0105 najwa\u017cniejsze. Innych komfort\u00f3w nie potrzebowa\u0142. Wykorzysta\u0142 skrz\u0119tnie wszystkie okoliczno\u015bci \u2013 takie, jakimi one by\u0142y \u2013 aby <b>dalej \u201erobi\u0107 swoje\u201d.<\/b> <\/span><\/span><\/span><\/p>\n<p align=\"justify\"><span style=\"color: #000000;\"><span style=\"font-family: Book Antiqua, serif;\"><span style=\"font-size: large;\">Mo\u017cna nawet zaryzykowa\u0107 stwierdzenie, \u017ce wykorzysta\u0142 <b>\u201eluki w systemie\u201d, <\/b>swoiste <b>\u201eszczeliny w kordonie ochronnym\u201d,<\/b> by nadal realizowa\u0107 powierzone sobie zadanie. Owszem, nie musia\u0142 si\u0119 specjalnie mobilizowa\u0107 i wyszukiwa\u0107 jakich\u015b nadzwyczajnym sposob\u00f3w zaradzenia sytuacji \u2013 <b>takie <\/b><b>akurat <\/b><b>warunki mia\u0142<\/b> i w takich warunkach si\u0119 odnalaz\u0142. <\/span><\/span><\/span><\/p>\n<p align=\"justify\"><span style=\"color: #000000;\"><span style=\"font-family: Book Antiqua, serif;\"><span style=\"font-size: large;\">Ale przecie\u017c m\u00f3g\u0142 si\u0119 przestraszy\u0107, m\u00f3g\u0142 <b>skrupulatnie<\/b> podporz\u0105dkowa\u0107 si\u0119 rygorom, <b>a nawet uprzedzi\u0107 zamiary w\u0142adz<\/b> i zupe\u0142nie si\u0119 zamkn\u0105\u0107 na \u015bwiat. Tak na wszelki wypadek. M\u00f3g\u0142 si\u0119 wykaza\u0107 <b>jeszcze wi\u0119ksz\u0105 \u201egorliwo\u015bci\u0105\u201d<\/b> w wykonywaniu zarz\u0105dze\u0144 w\u0142adzy, ni\u017c nawet nakazywa\u0142a to sama w\u0142adza. Tak, dla w\u0142asnego bezpiecze\u0144stwa. Sk\u0105d\u015b nam chyba <b>takie postawy i takie zachowania s\u0105 ostatnio znane, prawda?\u2026<\/b><\/span><\/span><\/span><\/p>\n<p align=\"justify\"><span style=\"color: #000000;\"><span style=\"font-family: Book Antiqua, serif;\"><span style=\"font-size: large;\">Przecie\u017c nikt by do niego nie mia\u0142 o to pretensji \u2013 wszyscy zrozumieliby, \u017ce to w ko\u0144cu wi\u0119zienie, \u017ce <b>ograniczenia, restrykcje, obostrzenia\u2026 <\/b>M\u00f3g\u0142 si\u0119 wi\u0119c modli\u0107 w mieszkaniu, w kt\u00f3rym przebywa\u0142, m\u00f3g\u0142 si\u0119 <b>duchowo \u0142\u0105czy\u0107<\/b> ze wsp\u00f3lnot\u0105 Ko\u015bcio\u0142a, m\u00f3g\u0142 mo\u017ce napisa\u0107 jaki\u015b nowy list, albo jakie\u015b pobo\u017cne rozwa\u017canie. <b>Nie mia\u0142 telewizji<\/b> <b>i internetu, <\/b>wi\u0119c t\u0105 drog\u0105 nie m\u00f3g\u0142, ale inne sposoby z pewno\u015bci\u0105 by znalaz\u0142\u2026 <\/span><\/span><\/span><\/p>\n<p align=\"justify\"><span style=\"color: #000000;\"><span style=\"font-family: Book Antiqua, serif;\"><span style=\"font-size: large;\">On tymczasem \u2013 ile tylko m\u00f3g\u0142 \u2013 <b>zaprasza\u0142 do siebie kolejne osoby<\/b> i rozprawia\u0142 z nimi, albo naucza\u0142 o Jezusie Chrystusie. \u017beby to jeszcze raz powt\u00f3rzy\u0107:<b> sytuacj\u0119, w jakiej si\u0119 znalaz\u0142, wykorzysta\u0142 maksymalnie.<\/b> A m\u00f3wi\u0105c kolokwialnie: \u201ewydusi\u0142\u201d z niej tyle, ile si\u0119 tylko da\u0142o! <\/span><\/span><\/span><\/p>\n<p align=\"justify\"><span style=\"color: #000000;\"><span style=\"font-family: Book Antiqua, serif;\"><span style=\"font-size: large;\">Zreszt\u0105, tak\u017ce jego wypowied\u017a, jak\u0105 s\u0142yszymy w dzisiejszym czytaniu, to te\u017c opowie\u015b\u0107 o tym, <b>jak sobie radzi\u0142 w innych, trudnych sytuacjach,<\/b> jakie dzia\u0142ania podejmowa\u0142 \u2013 i dlaczego w\u0142a\u015bnie takie, a nie inne\u2026 W ocenie niekt\u00f3rych, mo\u017ce to dzia\u0142ania \u2013 jak to dzisiaj zwyk\u0142o si\u0119 m\u00f3wi\u0107 \u2013 <b>kontrowersyjne,<\/b> bo do takich na pewno trzeba zaliczy\u0107 odwo\u0142anie si\u0119 do s\u0105du cezara. Ale wszystko to po to, by Dobra Nowina mog\u0142a by\u0107 <b>bez przeszk\u00f3d g\u0142oszona,<\/b> <b>a dzie\u0142o Bo\u017ce si\u0119 rozwija\u0142o. <\/b><\/span><\/span><\/span><\/p>\n<p align=\"justify\"><span style=\"color: #000000;\"><span style=\"font-family: Book Antiqua, serif;\"><span style=\"font-size: large;\">Oto bowiem okazuje si\u0119 \u2013 tak\u017ce ze s\u0142\u00f3w Jezusa z dzisiejszej Ewangelii \u2013 \u017ce w tych sprawach zasadniczo <b>trudno m\u00f3wi\u0107 o jakim\u015b <\/b><b>jednym i <\/b><b>jedynym sposobie dzia\u0142ania, <\/b>o jakim\u015b schemacie, czy szablonie. Ju\u017c samo dzia\u0142anie Paw\u0142a by\u0142o ze wszech miar <b>nieszablonowe. <\/b>Pocz\u0105wszy od jego wej\u015bcia na drog\u0119 apostolsk\u0105\u2026 <\/span><\/span><\/span><\/p>\n<p align=\"justify\"><span style=\"color: #000000;\"><span style=\"font-family: Book Antiqua, serif;\"><span style=\"font-size: large;\">Podobnie by\u0142o <b>z drog\u0105 Piotra i Jana:<\/b> ka\u017cdy mia\u0142 swoj\u0105, indywidualn\u0105, niepowtarzaln\u0105; ka\u017cdy mia\u0142 swoj\u0105 osobist\u0105 i jedyn\u0105 w swoim rodzaju \u2013 <b>relacj\u0119 z Jezusem.<\/b> Sam Jezus, w do\u015b\u0107 \u2013 przyznajmy to \u2013 mocnych s\u0142owach u\u015bwiadomi\u0142 to Piotrowi. Kiedy ten bowiem dopytywa\u0142, jaka b\u0119dzie w przysz\u0142o\u015bci droga Aposto\u0142a Jana, us\u0142ysza\u0142 w odpowiedzi: <i><b>Je\u017celi chc\u0119, aby pozosta\u0142, a\u017c przyjd\u0119, co tobie do tego? Ty p\u00f3jd\u017a za Mn\u0105.<\/b><\/i><b> <\/b><\/span><\/span><\/span><\/p>\n<p align=\"justify\"><span style=\"color: #000000;\"><span style=\"font-family: Book Antiqua, serif;\"><span style=\"font-size: large;\">Z tego stwierdzenia \u2013 jak si\u0119 dowiadujemy \u2013 wynik\u0142o nawet pewne nieporozumienie. Oto bowiem, <i><b>rozesz\u0142a si\u0119 w\u015br\u00f3d braci wie\u015b\u0107, \u017ce ucze\u0144 \u00f3w nie umrze. Ale Jezus nie powiedzia\u0142 mu, \u017ce nie umrze, lecz: \u201eJe\u015bli Ja chc\u0119, aby pozosta\u0142, a\u017c przyjd\u0119, co tobie do tego?\u201d <\/b><\/i><\/span><\/span><\/span><\/p>\n<p align=\"justify\"><span style=\"color: #000000;\"><span style=\"font-family: Book Antiqua, serif;\"><span style=\"font-size: large;\">I to w\u0142a\u015bnie ten ucze\u0144, w podsumowaniu swojej Ewangelii, tak dzisiaj stwierdza: <i><b>Jest ponadto wiele innych rzeczy, kt\u00f3rych Jezus dokona\u0142, a kt\u00f3re, gdyby je szczeg\u00f3\u0142owo opisa\u0107, to s\u0105dz\u0119, \u017ce ca\u0142y \u015bwiat nie pomie\u015bci\u0142by ksi\u0105g, kt\u00f3re by trzeba napisa\u0107.<\/b><\/i><i> <\/i>Mocne stwierdzenie, bardzo obrazowe: przed naszymi oczami pojawia si\u0119 w tej chwili zapewne ca\u0142a przestrze\u0144 wok\u00f3\u0142 nas, <b>zarzucona<\/b> \u2013 dok\u0105d okiem si\u0119gn\u0105\u0107, a\u017c po horyzont \u2013 <b>ksi\u0119gami,<\/b> zapisanymi relacjami o dzia\u0142aniach Jezusa. <\/span><\/span><\/span><\/p>\n<p align=\"justify\"><span style=\"color: #000000;\"><span style=\"font-family: Book Antiqua, serif;\"><span style=\"font-size: large;\">Oczywi\u015bcie, \u017ce to <b>przerysowanie, pewna metafora,<\/b> ale ona tak\u017ce potwierdza dok\u0142adnie to, o czym tu sobie rozwa\u017camy: to mianowicie, \u017ce <b>tyle jest sposob\u00f3w <\/b>u\u0142o\u017cenia relacji cz\u0142owieka z Bogiem, <b>ilu jest ludzi! <\/b>I tyle jest sposob\u00f3w aposto\u0142owania i g\u0142oszenia Dobrej Nowiny, <b>ilu jest g\u0142osicieli.<\/b> I tyle jest mo\u017cliwo\u015bci i okoliczno\u015bci, w jakich mo\u017cna i nale\u017cy to czyni\u0107, ile jest <b>naszych \u017cyciowych sytuacji, <\/b>w jakich si\u0119 na co dzie\u0144 znajdujemy. Tak naprawd\u0119, w ka\u017cdej z nich mo\u017cna znale\u017a\u0107 spos\u00f3b na to, by g\u0142osi\u0107 innym Jezusa, lub \u015bwiadczy\u0107 o Nim swoj\u0105 postaw\u0105.<\/span><\/span><\/span><\/p>\n<p align=\"justify\"><span style=\"color: #000000;\"><span style=\"font-family: Book Antiqua, serif;\"><span style=\"font-size: large;\">Warto wi\u0119c wzi\u0105\u0107 sobie do serca konkretne wskazania, jakie niesie nam dzisiejsza liturgia S\u0142owa, aby dzie\u0142o Bo\u017ce mog\u0142o by\u0107 <b>bez przeszk\u00f3d prowadzone, a Bo\u017ce s\u0142owo \u2013 g\u0142oszone.<\/b> Jakie to konkretne wskazania? <\/span><\/span><\/span><\/p>\n<p align=\"justify\"><span style=\"color: #000000;\"><span style=\"font-family: Book Antiqua, serif;\"><span style=\"font-size: large;\">Podsumujmy: <b>Nie zra\u017ca\u0107 si\u0119 trudno\u015bciami i przeszkodami!<\/b> Ka\u017cd\u0105 z nich potraktowa\u0107 jako okazj\u0119 i wezwanie do jeszcze wi\u0119kszej mobilizacji, staraj\u0105c si\u0119 dostrzec \u2013 nawet w takiej sytuacji \u2013 jakie\u015b dobre strony. W ka\u017cdej z nich <b>znale\u017a\u0107 \u201eszczeliny\u201d i sposoby obej\u015bcia przeszk\u00f3d <\/b>\u2013 chocia\u017cby tak, jak niedawno Pawe\u0142 Aposto\u0142, jednym zdaniem, sprytnie spowodowa\u0142 sk\u0142\u00f3cenie mi\u0119dzy sob\u0105 swoich prze\u015bladowc\u00f3w, poruszaj\u0105c kwesti\u0119 zmartwychwstania. <\/span><\/span><\/span><\/p>\n<p align=\"justify\"><span style=\"color: #000000;\"><span style=\"font-family: Book Antiqua, serif;\"><span style=\"font-size: large;\">A wreszcie: <b>nigdy nie por\u00f3wnywa\u0107 si\u0119 z innymi, <\/b>ani swojej drogi z drog\u0105 innych os\u00f3b, bo ta droga \u2013 nawet, je\u015bli jest miejscami podobna \u2013 zawsze jednak jest inna, indywidualna. Raczej skoncentrowa\u0107 si\u0119 na <b>zbudowaniu swojej osobistej wi\u0119zi <\/b><b>i indywidualnej relacji<\/b><b> z Jezusem,<\/b> zawsze pytaj\u0105c Go, czego jeszcze oczekuje od nas i co mogliby\u015bmy zrobi\u0107 lepiej i wi\u0119cej.<\/span><\/span><\/span><\/p>\n<p align=\"justify\"><span style=\"color: #000000;\"><span style=\"font-family: Book Antiqua, serif;\"><span style=\"font-size: large;\">Podsumowuj\u0105c zatem, musimy jasno stwierdzi\u0107, \u017ce tak naprawd\u0119 <b>nie ma takich sytuacji <\/b>i takich okoliczno\u015bci, w kt\u00f3rych Dobra Nowina <b>nie mog\u0142aby by\u0107 g\u0142oszona,<\/b> a dzie\u0142o Bo\u017ce \u2013 prowadzone. Nie ma takich okoliczno\u015bci! W ka\u017cdej da si\u0119 to robi\u0107. <\/span><\/span><\/span><\/p>\n<p align=\"justify\"><span style=\"color: #000000;\"><span style=\"font-family: Book Antiqua, serif;\"><span style=\"font-size: large;\">Pozostaje za\u015b kwesti\u0105 otwart\u0105, <b>jak to robi\u0107 najlepiej\u2026<\/b> I jak dan\u0105 sytuacj\u0119 \u2013 do tego w\u0142a\u015bnie dzie\u0142a \u2013 najpe\u0142niej wykorzysta\u0107\u2026 Jest o czym pomy\u015ble\u0107, prawda?\u2026<\/span><\/span><\/span><\/p>\n","protected":false},"excerpt":{"rendered":"<p>Szcz\u0119\u015b\u0107 Bo\u017ce! Moi Drodzy, w dniu wczorajszym, urodziny prze\u017cywa\u0142 \u0141ukasz Sulowski (nie myli\u0107: Szumowski!), M\u0105\u017c \u017banny, Ojciec Cypriana i Ignacego, dobry i \u017cyczliwy Cz\u0142owiek z Lublina, m\u00f3j prawie Student z czas\u00f3w mojej pracy na KUL. Dzi\u0119kuj\u0105c za nasz sta\u0142y i dobry kontakt, \u017cycz\u0119 sta\u0142ej otwarto\u015bci na Bo\u017ce natchnienia! Imieniny natomiast prze\u017cywa\u0142y wczoraj: \u25baMagda Malinowska, nale\u017c\u0105ca [&hellip;]<\/p>\n","protected":false},"author":1,"featured_media":0,"comment_status":"open","ping_status":"open","sticky":false,"template":"","format":"standard","meta":{"jetpack_post_was_ever_published":false,"_jetpack_newsletter_access":"","_jetpack_dont_email_post_to_subs":false,"_jetpack_newsletter_tier_id":0,"_jetpack_memberships_contains_paywalled_content":false,"_jetpack_memberships_contains_paid_content":false,"footnotes":""},"categories":[1],"tags":[],"class_list":["post-17106","post","type-post","status-publish","format-standard","hentry","category-bez-kategorii"],"yoast_head":"<!-- This site is optimized with the Yoast SEO plugin v25.1 - https:\/\/yoast.com\/wordpress\/plugins\/seo\/ -->\n<title>Ca\u0142y \u015bwiat nie pomie\u015bci\u0142by ksi\u0105g... - Gaudium Et Spes<\/title>\n<meta name=\"robots\" content=\"index, follow, max-snippet:-1, max-image-preview:large, max-video-preview:-1\" \/>\n<link rel=\"canonical\" href=\"https:\/\/gaudiumetspes-blog.pl\/index.php\/2020\/05\/30\/caly-swiat-nie-pomiescilby-ksiag\/\" \/>\n<meta property=\"og:locale\" content=\"pl_PL\" \/>\n<meta property=\"og:type\" content=\"article\" \/>\n<meta property=\"og:title\" content=\"Ca\u0142y \u015bwiat nie pomie\u015bci\u0142by ksi\u0105g... - Gaudium Et Spes\" \/>\n<meta property=\"og:description\" content=\"Szcz\u0119\u015b\u0107 Bo\u017ce! Moi Drodzy, w dniu wczorajszym, urodziny prze\u017cywa\u0142 \u0141ukasz Sulowski (nie myli\u0107: Szumowski!), M\u0105\u017c \u017banny, Ojciec Cypriana i Ignacego, dobry i \u017cyczliwy Cz\u0142owiek z Lublina, m\u00f3j prawie Student z czas\u00f3w mojej pracy na KUL. Dzi\u0119kuj\u0105c za nasz sta\u0142y i dobry kontakt, \u017cycz\u0119 sta\u0142ej otwarto\u015bci na Bo\u017ce natchnienia! Imieniny natomiast prze\u017cywa\u0142y wczoraj: \u25baMagda Malinowska, nale\u017c\u0105ca [&hellip;]\" \/>\n<meta property=\"og:url\" content=\"https:\/\/gaudiumetspes-blog.pl\/index.php\/2020\/05\/30\/caly-swiat-nie-pomiescilby-ksiag\/\" \/>\n<meta property=\"og:site_name\" content=\"Gaudium Et Spes\" \/>\n<meta property=\"article:published_time\" content=\"2020-05-30T05:26:06+00:00\" \/>\n<meta property=\"article:modified_time\" content=\"2020-06-01T12:42:38+00:00\" \/>\n<meta name=\"author\" content=\"Ks. Jacek\" \/>\n<meta name=\"twitter:card\" content=\"summary_large_image\" \/>\n<meta name=\"twitter:label1\" content=\"Napisane przez\" \/>\n\t<meta name=\"twitter:data1\" content=\"Ks. Jacek\" \/>\n\t<meta name=\"twitter:label2\" content=\"Szacowany czas czytania\" \/>\n\t<meta name=\"twitter:data2\" content=\"11 minut\" \/>\n<script type=\"application\/ld+json\" class=\"yoast-schema-graph\">{\"@context\":\"https:\/\/schema.org\",\"@graph\":[{\"@type\":\"WebPage\",\"@id\":\"https:\/\/gaudiumetspes-blog.pl\/index.php\/2020\/05\/30\/caly-swiat-nie-pomiescilby-ksiag\/\",\"url\":\"https:\/\/gaudiumetspes-blog.pl\/index.php\/2020\/05\/30\/caly-swiat-nie-pomiescilby-ksiag\/\",\"name\":\"Ca\u0142y \u015bwiat nie pomie\u015bci\u0142by ksi\u0105g... - Gaudium Et Spes\",\"isPartOf\":{\"@id\":\"https:\/\/gaudiumetspes-blog.pl\/#website\"},\"datePublished\":\"2020-05-30T05:26:06+00:00\",\"dateModified\":\"2020-06-01T12:42:38+00:00\",\"author\":{\"@id\":\"https:\/\/gaudiumetspes-blog.pl\/#\/schema\/person\/1661982992b752dea8dff0d4ed845a65\"},\"breadcrumb\":{\"@id\":\"https:\/\/gaudiumetspes-blog.pl\/index.php\/2020\/05\/30\/caly-swiat-nie-pomiescilby-ksiag\/#breadcrumb\"},\"inLanguage\":\"pl-PL\",\"potentialAction\":[{\"@type\":\"ReadAction\",\"target\":[\"https:\/\/gaudiumetspes-blog.pl\/index.php\/2020\/05\/30\/caly-swiat-nie-pomiescilby-ksiag\/\"]}]},{\"@type\":\"BreadcrumbList\",\"@id\":\"https:\/\/gaudiumetspes-blog.pl\/index.php\/2020\/05\/30\/caly-swiat-nie-pomiescilby-ksiag\/#breadcrumb\",\"itemListElement\":[{\"@type\":\"ListItem\",\"position\":1,\"name\":\"Strona g\u0142\u00f3wna\",\"item\":\"https:\/\/gaudiumetspes-blog.pl\/\"},{\"@type\":\"ListItem\",\"position\":2,\"name\":\"Ca\u0142y \u015bwiat nie&nbsp;pomie\u015bci\u0142by ksi\u0105g&#8230;\"}]},{\"@type\":\"WebSite\",\"@id\":\"https:\/\/gaudiumetspes-blog.pl\/#website\",\"url\":\"https:\/\/gaudiumetspes-blog.pl\/\",\"name\":\"Gaudium Et Spes\",\"description\":\"Blog Ks. Jacka Ja\u015bkowskiego\",\"potentialAction\":[{\"@type\":\"SearchAction\",\"target\":{\"@type\":\"EntryPoint\",\"urlTemplate\":\"https:\/\/gaudiumetspes-blog.pl\/?s={search_term_string}\"},\"query-input\":{\"@type\":\"PropertyValueSpecification\",\"valueRequired\":true,\"valueName\":\"search_term_string\"}}],\"inLanguage\":\"pl-PL\"},{\"@type\":\"Person\",\"@id\":\"https:\/\/gaudiumetspes-blog.pl\/#\/schema\/person\/1661982992b752dea8dff0d4ed845a65\",\"name\":\"Ks. Jacek\",\"image\":{\"@type\":\"ImageObject\",\"inLanguage\":\"pl-PL\",\"@id\":\"https:\/\/gaudiumetspes-blog.pl\/#\/schema\/person\/image\/\",\"url\":\"https:\/\/gaudiumetspes-blog.pl\/wp-content\/uploads\/2019\/07\/avatar-JJ-150x150.jpg\",\"contentUrl\":\"https:\/\/gaudiumetspes-blog.pl\/wp-content\/uploads\/2019\/07\/avatar-JJ-150x150.jpg\",\"caption\":\"Ks. Jacek\"},\"description\":\"Witam serdecznie! K\u0142ania si\u0119 Ks. Jacek Ja\u015bkowski. Nie jestem ani kim\u015b wa\u017cnym, ani kim\u015b znanym. Jestem ksi\u0119dzem, kt\u00f3ry po prostu chce rozmawia\u0107. Codzienna kap\u0142a\u0144ska pos\u0142uga pokazuje mi, \u017ce temat\u00f3w do rozm\u00f3w z ksi\u0119dzem jest coraz wi\u0119cej i dzisiaj \u017caden ksi\u0105dz nie mo\u017ce od nich ucieka\u0107, ale - wprost przeciwnie - podejmowa\u0107 nowe wyzwania. To przekonanie sk\u0142oni\u0142o mnie do pr\u00f3by otwarcia tego\u017c bloga, chocia\u017c okazji do rozm\u00f3w na co dzie\u0144 - w konfesjonale i poza nim - na szcz\u0119\u015bcie nie brakuje. My\u015bl\u0119 jednak, \u017ce ten blog b\u0119dzie jeszcze jednym sposobem i przestrzeni\u0105 nawi\u0105zania kontaktu z lud\u017ami dobrej woli, otwartymi na dialog.\",\"url\":\"https:\/\/gaudiumetspes-blog.pl\/index.php\/author\/ks-jacek\/\"}]}<\/script>\n<!-- \/ Yoast SEO plugin. -->","yoast_head_json":{"title":"Ca\u0142y \u015bwiat nie pomie\u015bci\u0142by ksi\u0105g... - Gaudium Et Spes","robots":{"index":"index","follow":"follow","max-snippet":"max-snippet:-1","max-image-preview":"max-image-preview:large","max-video-preview":"max-video-preview:-1"},"canonical":"https:\/\/gaudiumetspes-blog.pl\/index.php\/2020\/05\/30\/caly-swiat-nie-pomiescilby-ksiag\/","og_locale":"pl_PL","og_type":"article","og_title":"Ca\u0142y \u015bwiat nie pomie\u015bci\u0142by ksi\u0105g... - Gaudium Et Spes","og_description":"Szcz\u0119\u015b\u0107 Bo\u017ce! Moi Drodzy, w dniu wczorajszym, urodziny prze\u017cywa\u0142 \u0141ukasz Sulowski (nie myli\u0107: Szumowski!), M\u0105\u017c \u017banny, Ojciec Cypriana i Ignacego, dobry i \u017cyczliwy Cz\u0142owiek z Lublina, m\u00f3j prawie Student z czas\u00f3w mojej pracy na KUL. Dzi\u0119kuj\u0105c za nasz sta\u0142y i dobry kontakt, \u017cycz\u0119 sta\u0142ej otwarto\u015bci na Bo\u017ce natchnienia! Imieniny natomiast prze\u017cywa\u0142y wczoraj: \u25baMagda Malinowska, nale\u017c\u0105ca [&hellip;]","og_url":"https:\/\/gaudiumetspes-blog.pl\/index.php\/2020\/05\/30\/caly-swiat-nie-pomiescilby-ksiag\/","og_site_name":"Gaudium Et Spes","article_published_time":"2020-05-30T05:26:06+00:00","article_modified_time":"2020-06-01T12:42:38+00:00","author":"Ks. Jacek","twitter_card":"summary_large_image","twitter_misc":{"Napisane przez":"Ks. Jacek","Szacowany czas czytania":"11 minut"},"schema":{"@context":"https:\/\/schema.org","@graph":[{"@type":"WebPage","@id":"https:\/\/gaudiumetspes-blog.pl\/index.php\/2020\/05\/30\/caly-swiat-nie-pomiescilby-ksiag\/","url":"https:\/\/gaudiumetspes-blog.pl\/index.php\/2020\/05\/30\/caly-swiat-nie-pomiescilby-ksiag\/","name":"Ca\u0142y \u015bwiat nie pomie\u015bci\u0142by ksi\u0105g... - Gaudium Et Spes","isPartOf":{"@id":"https:\/\/gaudiumetspes-blog.pl\/#website"},"datePublished":"2020-05-30T05:26:06+00:00","dateModified":"2020-06-01T12:42:38+00:00","author":{"@id":"https:\/\/gaudiumetspes-blog.pl\/#\/schema\/person\/1661982992b752dea8dff0d4ed845a65"},"breadcrumb":{"@id":"https:\/\/gaudiumetspes-blog.pl\/index.php\/2020\/05\/30\/caly-swiat-nie-pomiescilby-ksiag\/#breadcrumb"},"inLanguage":"pl-PL","potentialAction":[{"@type":"ReadAction","target":["https:\/\/gaudiumetspes-blog.pl\/index.php\/2020\/05\/30\/caly-swiat-nie-pomiescilby-ksiag\/"]}]},{"@type":"BreadcrumbList","@id":"https:\/\/gaudiumetspes-blog.pl\/index.php\/2020\/05\/30\/caly-swiat-nie-pomiescilby-ksiag\/#breadcrumb","itemListElement":[{"@type":"ListItem","position":1,"name":"Strona g\u0142\u00f3wna","item":"https:\/\/gaudiumetspes-blog.pl\/"},{"@type":"ListItem","position":2,"name":"Ca\u0142y \u015bwiat nie&nbsp;pomie\u015bci\u0142by ksi\u0105g&#8230;"}]},{"@type":"WebSite","@id":"https:\/\/gaudiumetspes-blog.pl\/#website","url":"https:\/\/gaudiumetspes-blog.pl\/","name":"Gaudium Et Spes","description":"Blog Ks. Jacka Ja\u015bkowskiego","potentialAction":[{"@type":"SearchAction","target":{"@type":"EntryPoint","urlTemplate":"https:\/\/gaudiumetspes-blog.pl\/?s={search_term_string}"},"query-input":{"@type":"PropertyValueSpecification","valueRequired":true,"valueName":"search_term_string"}}],"inLanguage":"pl-PL"},{"@type":"Person","@id":"https:\/\/gaudiumetspes-blog.pl\/#\/schema\/person\/1661982992b752dea8dff0d4ed845a65","name":"Ks. Jacek","image":{"@type":"ImageObject","inLanguage":"pl-PL","@id":"https:\/\/gaudiumetspes-blog.pl\/#\/schema\/person\/image\/","url":"https:\/\/gaudiumetspes-blog.pl\/wp-content\/uploads\/2019\/07\/avatar-JJ-150x150.jpg","contentUrl":"https:\/\/gaudiumetspes-blog.pl\/wp-content\/uploads\/2019\/07\/avatar-JJ-150x150.jpg","caption":"Ks. Jacek"},"description":"Witam serdecznie! K\u0142ania si\u0119 Ks. Jacek Ja\u015bkowski. Nie jestem ani kim\u015b wa\u017cnym, ani kim\u015b znanym. Jestem ksi\u0119dzem, kt\u00f3ry po prostu chce rozmawia\u0107. Codzienna kap\u0142a\u0144ska pos\u0142uga pokazuje mi, \u017ce temat\u00f3w do rozm\u00f3w z ksi\u0119dzem jest coraz wi\u0119cej i dzisiaj \u017caden ksi\u0105dz nie mo\u017ce od nich ucieka\u0107, ale - wprost przeciwnie - podejmowa\u0107 nowe wyzwania. To przekonanie sk\u0142oni\u0142o mnie do pr\u00f3by otwarcia tego\u017c bloga, chocia\u017c okazji do rozm\u00f3w na co dzie\u0144 - w konfesjonale i poza nim - na szcz\u0119\u015bcie nie brakuje. My\u015bl\u0119 jednak, \u017ce ten blog b\u0119dzie jeszcze jednym sposobem i przestrzeni\u0105 nawi\u0105zania kontaktu z lud\u017ami dobrej woli, otwartymi na dialog.","url":"https:\/\/gaudiumetspes-blog.pl\/index.php\/author\/ks-jacek\/"}]}},"jetpack_featured_media_url":"","jetpack_sharing_enabled":true,"_links":{"self":[{"href":"https:\/\/gaudiumetspes-blog.pl\/index.php\/wp-json\/wp\/v2\/posts\/17106","targetHints":{"allow":["GET"]}}],"collection":[{"href":"https:\/\/gaudiumetspes-blog.pl\/index.php\/wp-json\/wp\/v2\/posts"}],"about":[{"href":"https:\/\/gaudiumetspes-blog.pl\/index.php\/wp-json\/wp\/v2\/types\/post"}],"author":[{"embeddable":true,"href":"https:\/\/gaudiumetspes-blog.pl\/index.php\/wp-json\/wp\/v2\/users\/1"}],"replies":[{"embeddable":true,"href":"https:\/\/gaudiumetspes-blog.pl\/index.php\/wp-json\/wp\/v2\/comments?post=17106"}],"version-history":[{"count":2,"href":"https:\/\/gaudiumetspes-blog.pl\/index.php\/wp-json\/wp\/v2\/posts\/17106\/revisions"}],"predecessor-version":[{"id":17114,"href":"https:\/\/gaudiumetspes-blog.pl\/index.php\/wp-json\/wp\/v2\/posts\/17106\/revisions\/17114"}],"wp:attachment":[{"href":"https:\/\/gaudiumetspes-blog.pl\/index.php\/wp-json\/wp\/v2\/media?parent=17106"}],"wp:term":[{"taxonomy":"category","embeddable":true,"href":"https:\/\/gaudiumetspes-blog.pl\/index.php\/wp-json\/wp\/v2\/categories?post=17106"},{"taxonomy":"post_tag","embeddable":true,"href":"https:\/\/gaudiumetspes-blog.pl\/index.php\/wp-json\/wp\/v2\/tags?post=17106"}],"curies":[{"name":"wp","href":"https:\/\/api.w.org\/{rel}","templated":true}]}}