{"id":17108,"date":"2020-05-31T05:22:41","date_gmt":"2020-05-31T03:22:41","guid":{"rendered":"https:\/\/gaudiumetspes-blog.pl\/?p=17108"},"modified":"2020-05-30T22:28:13","modified_gmt":"2020-05-30T20:28:13","slug":"kiedy-nadszedl-dzien-piecdziesiatnicy","status":"publish","type":"post","link":"https:\/\/gaudiumetspes-blog.pl\/index.php\/2020\/05\/31\/kiedy-nadszedl-dzien-piecdziesiatnicy\/","title":{"rendered":"Kiedy nadszed\u0142 Dzie\u0144 Pi\u0119\u0107dziesi\u0105tnicy&#8230;"},"content":{"rendered":"<p align=\"justify\"><span style=\"color: #000000;\"><span style=\"font-family: Book Antiqua, serif;\"><span style=\"font-size: large;\">Niech b\u0119dzie pochwalony Jezus Chrystus! Moi Drodzy, w dniu dzisiejszym <b>urodziny prze\u017cywa Marcin Zagubie\u0144, z kt\u00f3rym mia\u0142em mo\u017cliwo\u015b\u0107 wsp\u00f3\u0142pracowa\u0107 na r\u00f3\u017cnych p\u0142aszczyznach zaanga\u017cowania parafialnego w czasie mojej pos\u0142ugi w Celestynowie. Dzi\u0119kuj\u0105c Jubilatowi za to zaanga\u017cowanie i otwarto\u015b\u0107, \u017cycz\u0119 Bo\u017cej opieki na ka\u017cdy dzie\u0144 i wszelkich natchnie\u0144 z Nieba w kszta\u0142towaniu na co dzie\u0144, po my\u015bli Bo\u017cej, \u017cycia rodzinnego. Zapewniam o modlitwie!<\/b><\/span><\/span><\/span><\/p>\n<p align=\"justify\"><span style=\"color: #000000;\"><span style=\"font-family: Book Antiqua, serif;\"><span style=\"font-size: large;\">Moi Drodzy, mamy dzisiaj Dzie\u0144 Pi\u0119\u0107dziesi\u0105tnicy \u2013 Zes\u0142anie Ducha \u015awi\u0119tego. Wszystko, co chc\u0119 na ten temat powiedzie\u0107, zawar\u0142em w rozwa\u017caniu.<\/span><\/span><\/span><\/p>\n<p align=\"justify\"><span style=\"color: #000000;\"><span style=\"font-family: Book Antiqua, serif;\"><span style=\"font-size: large;\">Na g\u0142\u0119bokie i radosne prze\u017cywanie pi\u0119knej i wielkiej uroczysto\u015bci \u2013 <b>niech Was b\u0142ogos\u0142awi B\u00f3g Wszechmog\u0105cy: Ojciec + i Syn, i Duch \u015awi\u0119ty. Amen<\/b><\/span><\/span><\/span><\/p>\n<p align=\"center\"><span style=\"color: #000000;\"><span style=\"font-family: Book Antiqua, serif;\"><span style=\"font-size: large;\">Gaudium et spes! Ks. Jacek<\/span><\/span><\/span><\/p>\n<p align=\"center\">\n<p align=\"center\">\n<p align=\"center\">\n<p align=\"center\">\n<p align=\"center\">\n<p align=\"justify\"><span style=\"color: #000000;\"><span style=\"font-family: Book Antiqua, serif;\"><span style=\"font-size: large;\"><b>Uroczysto\u015b\u0107 Zes\u0142ania Ducha \u015awi\u0119tego,<\/b><\/span><\/span><\/span><\/p>\n<p align=\"justify\"><span style=\"color: #000000;\"><span style=\"font-family: Book Antiqua, serif;\"><span style=\"font-size: large;\"><b>31 maja 2020.,<\/b><\/span><\/span><\/span><\/p>\n<p align=\"justify\"><span style=\"color: #000000;\"><span style=\"font-family: Book Antiqua, serif;\"><span style=\"font-size: large;\"><b>do czyta\u0144: Dz 2,1\u201311; 1 Kor 12,3b\u20137.12\u201313; J 20,19\u201323<\/b><\/span><\/span><\/span><\/p>\n<p align=\"justify\">\n<p align=\"justify\">\n<p align=\"justify\">\n<p align=\"justify\">\n<p align=\"justify\">\n<p align=\"justify\"><span style=\"color: #000000;\"><span style=\"font-family: Book Antiqua, serif;\"><span style=\"font-size: large;\"><b>CZYTANIE Z DZIEJ\u00d3W APOSTOLSKICH: <\/b><\/span><\/span><\/span><\/p>\n<p align=\"justify\"><span style=\"color: #000000;\"><span style=\"font-family: Book Antiqua, serif;\"><span style=\"font-size: large;\"><b>Kiedy nadszed\u0142 dzie\u0144 Pi\u0119\u0107dziesi\u0105tnicy, znajdowali si\u0119 wszyscy razem na tym samym miejscu. Nagle spad\u0142 z nieba szum, jakby uderzenie gwa\u0142townego wiatru, i nape\u0142ni\u0142 ca\u0142y dom, w kt\u00f3rym przebywali. Ukaza\u0142y si\u0119 im te\u017c j\u0119zyki jakby z ognia, kt\u00f3re si\u0119 rozdzieli\u0142y, i na ka\u017cdym z nich spocz\u0105\u0142 jeden. I wszyscy zostali nape\u0142nieni Duchem \u015awi\u0119tym, i zacz\u0119li m\u00f3wi\u0107 obcymi j\u0119zykami, tak jak im Duch pozwala\u0142 m\u00f3wi\u0107. <\/b><\/span><\/span><\/span><\/p>\n<p align=\"justify\"><span style=\"color: #000000;\"><span style=\"font-family: Book Antiqua, serif;\"><span style=\"font-size: large;\"><b>Przebywali wtedy w Jerozolimie pobo\u017cni \u017bydzi ze wszystkich narod\u00f3w pod s\u0142o\u0144cem. Kiedy wi\u0119c powsta\u0142 \u00f3w szum, zbiegli si\u0119 t\u0142umnie i zdumieli, bo ka\u017cdy s\u0142ysza\u0142, jak przemawiali w jego w\u0142asnym j\u0119zyku. <\/b><\/span><\/span><\/span><\/p>\n<p align=\"justify\"><span style=\"color: #000000;\"><span style=\"font-family: Book Antiqua, serif;\"><span style=\"font-size: large;\"><b>Pe\u0142ni zdumienia i podziwu m\u00f3wili: \u201eCzy\u017c ci wszyscy, kt\u00f3rzy przemawiaj\u0105, nie s\u0105 Galilejczykami? Jak\u017ce\u017c wi\u0119c ka\u017cdy z nas s\u0142yszy sw\u00f3j w\u0142asny j\u0119zyk ojczysty? \u2013 Partowie i Medowie, i Elamici, i mieszka\u0144cy Mezopotamii, Judei oraz Kapadocji, Pontu i Azji, Frygii i Pamfilii, Egiptu i tych cz\u0119\u015bci Libii, kt\u00f3re le\u017c\u0105 blisko Cyreny, i przybysze z Rzymu, \u017bydzi oraz prozelici, Krete\u0144czycy i Arabowie \u2013 s\u0142yszymy ich g\u0142osz\u0105cych w naszych j\u0119zykach wielkie dzie\u0142a Bo\u017ce\u201d.<\/b><\/span><\/span><\/span><\/p>\n<p align=\"justify\">\n<p align=\"justify\">\n<p align=\"justify\">\n<p align=\"justify\">\n<p align=\"justify\">\n<p align=\"justify\"><span style=\"color: #000000;\"><span style=\"font-family: Book Antiqua, serif;\"><span style=\"font-size: large;\"><b>CZYTANIE Z PIERWSZEGO LISTU \u015aWI\u0118TEGO PAW\u0141A APOSTO\u0141A DO KORYNTIAN: <\/b><\/span><\/span><\/span><\/p>\n<p align=\"justify\"><span style=\"color: #000000;\"><span style=\"font-family: Book Antiqua, serif;\"><span style=\"font-size: large;\"><b>Bracia: Nikt nie mo\u017ce powiedzie\u0107 bez pomocy Ducha \u015awi\u0119tego: \u201ePanem jest Jezus\u201d. <\/b><\/span><\/span><\/span><\/p>\n<p align=\"justify\"><span style=\"color: #000000;\"><span style=\"font-family: Book Antiqua, serif;\"><span style=\"font-size: large;\"><b>R\u00f3\u017cne s\u0105 dary \u0142aski, lecz ten sam Duch; r\u00f3\u017cne te\u017c s\u0105 rodzaje pos\u0142ugiwania, ale jeden Pan; r\u00f3\u017cne s\u0105 wreszcie dzia\u0142ania, lecz ten sam B\u00f3g, sprawca wszystkiego we wszystkich. Wszystkim za\u015b objawia si\u0119 Duch dla wsp\u00f3lnego dobra. <\/b><\/span><\/span><\/span><\/p>\n<p align=\"justify\"><span style=\"color: #000000;\"><span style=\"font-family: Book Antiqua, serif;\"><span style=\"font-size: large;\"><b>Podobnie jak jedno jest cia\u0142o, cho\u0107 sk\u0142ada si\u0119 z wielu cz\u0142onk\u00f3w, a wszystkie cz\u0142onki cia\u0142a, mimo i\u017c s\u0105 liczne, stanowi\u0105 jedno cia\u0142o, tak te\u017c jest i z Chrystusem. Wszyscy\u015bmy bowiem w jednym Duchu zostali ochrzczeni, aby stanowi\u0107 jedno cia\u0142o: czy to \u017bydzi, czy Grecy, czy to niewolnicy, czy wolni. Wszyscy\u015bmy te\u017c zostali napojeni jednym Duchem.<\/b><\/span><\/span><\/span><\/p>\n<p align=\"justify\">\n<p align=\"justify\">\n<p align=\"justify\">\n<p align=\"justify\">\n<p align=\"justify\"><span style=\"color: #000000;\"><span style=\"font-family: Book Antiqua, serif;\"><span style=\"font-size: large;\"><b>Przyb\u0105d\u017a, Duchu \u015awi\u0119ty,<br \/>\nZe\u015blij z nieba wzi\u0119ty<br \/>\n\u015awiat\u0142a Twego strumie\u0144.<\/b><\/span><\/span><\/span><\/p>\n<p align=\"justify\"><span style=\"color: #000000;\"><span style=\"font-family: Book Antiqua, serif;\"><span style=\"font-size: large;\"><b>Przyjd\u017a, Ojcze ubogich,<br \/>\nPrzyjd\u017a, Dawco \u0142ask drogich,<br \/>\nPrzyjd\u017a, \u015awiat\u0142o\u015bci sumie\u0144.<\/b><\/span><\/span><\/span><\/p>\n<p align=\"justify\"><span style=\"color: #000000;\"><span style=\"font-family: Book Antiqua, serif;\"><span style=\"font-size: large;\"><b>O, najmilszy z go\u015bci,<br \/>\nS\u0142odka serc rado\u015bci,<br \/>\nS\u0142odkie orze\u017awienie.<\/b><\/span><\/span><\/span><\/p>\n<p align=\"justify\"><span style=\"color: #000000;\"><span style=\"font-family: Book Antiqua, serif;\"><span style=\"font-size: large;\"><b>W pracy Ty\u015b och\u0142od\u0105,<br \/>\nW skwarze \u017cyw\u0105 wod\u0105,<br \/>\nW p\u0142aczu utulenie.<\/b><\/span><\/span><\/span><\/p>\n<p align=\"left\"><span style=\"color: #000000;\"><span style=\"font-family: Book Antiqua, serif;\"><span style=\"font-size: large;\"><b>\u015awiat\u0142o\u015bci naj\u015bwi\u0119tsza,<br \/>\nSerc wierz\u0105cych wn\u0119trza<br \/>\nPoddaj Twej pot\u0119dze.<\/b><\/span><\/span><\/span><\/p>\n<p align=\"left\"><span style=\"color: #000000;\"><span style=\"font-family: Book Antiqua, serif;\"><span style=\"font-size: large;\"><b>Bez Twojego tchnienia<br \/>\nC\u00f3\u017c jest w\u015br\u00f3d stworzenia?<br \/>\nJeno cier\u0144 i n\u0119dze.<\/b><\/span><\/span><\/span><\/p>\n<p align=\"left\"><span style=\"color: #000000;\"><span style=\"font-family: Book Antiqua, serif;\"><span style=\"font-size: large;\"><b>Obmyj, co nie\u015bwi\u0119te,<br \/>\nOsch\u0142ym wlej zach\u0119t\u0119,<br \/>\nUlecz serca ran\u0119.<\/b><\/span><\/span><\/span><\/p>\n<p align=\"left\"><span style=\"color: #000000;\"><span style=\"font-family: Book Antiqua, serif;\"><span style=\"font-size: large;\"><b>Nagnij, co jest harde,<br \/>\nRozgrzej serca twarde,<br \/>\nProwad\u017a zab\u0142\u0105kane.<\/b><\/span><\/span><\/span><\/p>\n<p align=\"left\"><span style=\"color: #000000;\"><span style=\"font-family: Book Antiqua, serif;\"><span style=\"font-size: large;\"><b>Daj Twoim wierz\u0105cym,<br \/>\nW Tobie ufaj\u0105cym,<br \/>\nSiedmiorakie dary.<\/b><\/span><\/span><\/span><\/p>\n<p align=\"left\"><span style=\"color: #000000;\"><span style=\"font-family: Book Antiqua, serif;\"><span style=\"font-size: large;\"><b>Daj zas\u0142ug\u0119 m\u0119stwa,<br \/>\nDaj wieniec zwyci\u0119stwa,<br \/>\nDaj szcz\u0119\u015bcie bez miary.<\/b><\/span><\/span><\/span><\/p>\n<p align=\"left\">\n<p align=\"left\">\n<p align=\"left\">\n<p align=\"left\">\n<p align=\"left\">\n<p align=\"justify\"><span style=\"color: #000000;\"><span style=\"font-family: Book Antiqua, serif;\"><span style=\"font-size: large;\"><b>S\u0141OWA EWANGELII WED\u0141UG \u015aWI\u0118TEGO JANA:<\/b><\/span><\/span><\/span><\/p>\n<p align=\"justify\"><span style=\"color: #000000;\"><span style=\"font-family: Book Antiqua, serif;\"><span style=\"font-size: large;\"><b>Wieczorem w dniu zmartwychwstania, tam gdzie przebywali uczniowie, drzwi by\u0142y zamkni\u0119te z obawy przed \u017bydami. Przyszed\u0142 Jezus, stan\u0105\u0142 po\u015brodku i rzek\u0142 do nich: \u201ePok\u00f3j wam!\u201d A to powiedziawszy, pokaza\u0142 im r\u0119ce i bok. Uradowali si\u0119 zatem uczniowie ujrzawszy Pana. <\/b><\/span><\/span><\/span><\/p>\n<p align=\"justify\"><span style=\"color: #000000;\"><span style=\"font-family: Book Antiqua, serif;\"><span style=\"font-size: large;\"><b>A Jezus znowu rzek\u0142 do nich: \u201ePok\u00f3j wam! Jak Ojciec Mnie pos\u0142a\u0142, tak i Ja was posy\u0142am\u201d. Po tych s\u0142owach tchn\u0105\u0142 na nich i powiedzia\u0142 im: \u201eWe\u017amijcie Ducha \u015awi\u0119tego. Kt\u00f3rym odpu\u015bcicie grzechy, s\u0105 im odpuszczone, a kt\u00f3rym zatrzymacie, s\u0105 im zatrzymane\u201d.<\/b><\/span><\/span><\/span><\/p>\n<p align=\"justify\">\n<p align=\"justify\">\n<p align=\"justify\">\n<p align=\"justify\">\n<p align=\"justify\">\n<p align=\"justify\"><span style=\"color: #000000;\"><span style=\"font-family: Book Antiqua, serif;\"><span style=\"font-size: large;\">Jak bardzo potrzebny jest nam Duch \u015awi\u0119ty! Jak bardzo potrzebne i oczekiwane jest Jego zst\u0105pienie! Wszak <b>bez Niego \u2013 ani do proga <\/b>(nieco modyfikuj\u0105c tre\u015b\u0107 znanego przys\u0142owia). Bez Niego tak naprawd\u0119 nic nie jeste\u015bmy w stanie m\u0105drego powiedzie\u0107, pomy\u015ble\u0107, nic w\u0142a\u015bciwego uczyni\u0107\u2026 \u015awi\u0119ty Pawe\u0142 przekonuje nawet, \u017ce <i><b>n<\/b><\/i><i><b>ikt nie mo\u017ce powiedzie\u0107 bez pomocy Ducha \u015awi\u0119tego: \u201ePanem jest Jezus\u201d.<\/b><\/i><b> <\/b>Nawet tego! <\/span><\/span><\/span><\/p>\n<p align=\"justify\"><span style=\"color: #000000;\"><span style=\"font-family: Book Antiqua, serif;\"><span style=\"font-size: large;\">To znaczy, <b>powiedzie\u0107 to ka\u017cdy mo\u017ce,<\/b> bo powiedzie\u0107 cokolwiek jest bardzo \u0142atwo, wypowiedzenie s\u0142owa nic nie kosztuje. A ostatnio widzimy, \u017ce <b>i samo s\u0142owo coraz mniej kosztuje.<\/b> Powiedzie\u0107 wi\u0119c to zdanie jest \u0142atwo. Ale przypisa\u0107 do tego zdania tre\u015b\u0107, albo inaczej: <b>podpisa\u0107 si\u0119 pod tym zdaniem<\/b> ca\u0142ym swoim sercem i ca\u0142ym swoim \u017cyciem, czyli powiedzie\u0107 tak, \u017ceby jednocze\u015bnie <b>swoim \u017cyciem to potwierdzi\u0107 <\/b>\u2013 to ju\u017c zupe\u0142nie inna sprawa. Tutaj nieodzowna jest pomoc Ducha \u015awi\u0119tego. <\/span><\/span><\/span><\/p>\n<p align=\"justify\"><span style=\"color: #000000;\"><span style=\"font-family: Book Antiqua, serif;\"><span style=\"font-size: large;\">W\u0142a\u015bnie Jego pomoc\u0105 wsparci, Aposto\u0142owie i inni, zgromadzeni tamtego dnia w Wieczerniku, wyszli z niego, a nawet <b>chyba <\/b><b>wr\u0119cz<\/b><b> wybiegli,<\/b> aby wobec t\u0142umnie zgromadzonych, zdumionych gapi\u00f3w, <b>g\u0142osi\u0107 wielkie dzie\u0142a Bo\u017ce! <\/b>I to w r\u00f3\u017cnych j\u0119zykach. To si\u0119 sta\u0142o tamtego dnia! Co si\u0119 zatem sta\u0142o? C\u00f3\u017c takiego? <\/span><\/span><\/span><\/p>\n<p align=\"justify\"><span style=\"color: #000000;\"><span style=\"font-family: Book Antiqua, serif;\"><span style=\"font-size: large;\">S\u0142yszymy: <i><b>Kiedy nadszed\u0142 dzie\u0144 Pi\u0119\u0107dziesi\u0105tnicy, znajdowali si\u0119 wszyscy razem na tym samym miejscu. Nagle spad\u0142 z nieba szum, jakby uderzenie gwa\u0142townego wiatru, i nape\u0142ni\u0142 ca\u0142y dom, w kt\u00f3rym przebywali. Ukaza\u0142y si\u0119 im te\u017c j\u0119zyki jakby z ognia, kt\u00f3re si\u0119 rozdzieli\u0142y, i na ka\u017cdym z nich spocz\u0105\u0142 jeden. I wszyscy zostali nape\u0142nieni Duchem \u015awi\u0119tym, i zacz\u0119li m\u00f3wi\u0107 obcymi j\u0119zykami, tak jak im Duch pozwala\u0142 m\u00f3wi\u0107.<\/b><\/i><\/span><\/span><\/span><\/p>\n<p align=\"justify\"><span style=\"color: #000000;\"><span style=\"font-family: Book Antiqua, serif;\"><span style=\"font-size: large;\">To si\u0119 sta\u0142o w dniu Pi\u0119\u0107dziesi\u0105tnicy! <b>Nie w dniu Zmartwychwstania<\/b> \u2013 chocia\u017c mog\u0142oby si\u0119 wydawa\u0107, \u017ce skoro Zmartwychwstanie jest najwi\u0119kszym cudem Bo\u017cym i najbardziej czytelnym znakiem Niebios, danym cz\u0142owiekowi, to <b>w\u0142a\u015bnie wtedy powinny si\u0119 dzia\u0107 rzeczy niezwyk\u0142e! <\/b>To w\u0142a\u015bnie wtedy powinno si\u0119 dokona\u0107 wielkie otwarcie jakichkolwiek i gdziekolwiek zamkni\u0119tych drzwi. <\/span><\/span><\/span><\/p>\n<p align=\"justify\"><span style=\"color: #000000;\"><span style=\"font-family: Book Antiqua, serif;\"><span style=\"font-size: large;\">Tymczasem, my dobrze wiemy \u2013 a przypomina nam to tak\u017ce dzisiejsza Ewangelia \u2013 \u017ce <i><b>w<\/b><\/i><i><b>ieczorem w dniu zmartwychwstania, tam gdzie przebywali uczniowie, drzwi by\u0142y zamkni\u0119te z obawy przed \u017bydami.<\/b><\/i><b> <\/b>I nawet nie zmieni\u0142 tego fakt, i\u017c w kt\u00f3rym momencie <i><b>p<\/b><\/i><i><b>rzyszed\u0142 Jezus, stan\u0105\u0142 po\u015brodku i rzek\u0142 do nich: \u201ePok\u00f3j wam!\u201d A to powiedziawszy, pokaza\u0142 im r\u0119ce i bok. <\/b><\/i>Co prawda \u2013 jak dalej s\u0142yszymy \u2013 <i><b>u<\/b><\/i><i><b>radowali si\u0119 <\/b><\/i><b>[\u2026] <\/b><i><b>uczniowie ujrzawszy Pana. <\/b><\/i>C\u00f3\u017c jednak z tego, je\u017celi za osiem dni, kiedy mia\u0142a miejsce pami\u0119tna rozmowa z dociekliwym Tomaszem, <b>Jezus znowu musia\u0142 wchodzi\u0107 mimo drzwi zamkni\u0119tych\u2026<\/b> <\/span><\/span><\/span><\/p>\n<p align=\"justify\"><span style=\"color: #000000;\"><span style=\"font-family: Book Antiqua, serif;\"><span style=\"font-size: large;\">Nawet fakt spotkania z \u017cyj\u0105cym Mistrzem \u2013 \u017cyj\u0105cym ponad wszelk\u0105 w\u0105tpliwo\u015b\u0107 \u2013 <b>nie spowodowa\u0142 otwarcia drzwi<\/b> przez Jego uczni\u00f3w! To \u2013 w rzeczy samej \u2013 bardzo dziwne, ale tak w\u0142a\u015bnie by\u0142o. Widzieli Jezusa, nawet Go dotkn\u0119li \u2013 a przynajmniej, jeden dotkn\u0105\u0142 tak, \u017ce <b>ca\u0142y Ko\u015bci\u00f3\u0142, a nawet ca\u0142y \u015bwiat do dzisiaj o tym m\u00f3wi,<\/b> czytaj\u0105c odpowiedni\u0105 relacj\u0119 z kart Ewangelii. Wszyscy pozostali jednak dok\u0142adnie to widzieli. I co? <\/span><\/span><\/span><\/p>\n<p align=\"justify\"><span style=\"color: #000000;\"><span style=\"font-family: Book Antiqua, serif;\"><span style=\"font-size: large;\"><b>Ano\u2026 nic!<\/b> Dalej siedzieli w Wieczerniku, zamkni\u0119ci, przestraszeni\u2026 Pewnie <b>dociera\u0142o do nich powoli<\/b> wszystko, co si\u0119 sta\u0142o i mo\u017ce nawet by\u0142y takie momenty, kiedy naprawd\u0119 my\u015bleli, \u017ce <b>czas ju\u017c<\/b><b> jednak wyj\u015b\u0107 na zewn\u0105trz,<\/b> co\u015b tam zacz\u0105\u0107 m\u00f3wi\u0107, jako\u015b t\u0119 Jezusow\u0105 nauk\u0119 rozpowszechnia\u0107\u2026 <\/span><\/span><\/span><\/p>\n<p align=\"justify\"><span style=\"color: #000000;\"><span style=\"font-family: Book Antiqua, serif;\"><span style=\"font-size: large;\">Nie wiemy, czy na pewno tak my\u015bleli, ale je\u017celi tyle dni przebywali na tej swojej kwarantannie i szczerze si\u0119 modlili, to <b>Duch \u015awi\u0119ty musia\u0142 ju\u017c do ich serc powoli dociera\u0107.<\/b> Z ca\u0142\u0105 pewno\u015bci\u0105, zacz\u0105\u0142 \u2013 w spos\u00f3b sobie tylko wiadomy \u2013 <b>przygotowywa\u0107 grunt <\/b>pod swoje przyj\u015bcie. Jednak\u017ce oni w tym czasie trwali w swoim odosobnieniu, na tej wspomnianej ju\u017c kwarantannie. <\/span><\/span><\/span><\/p>\n<p align=\"justify\"><span style=\"color: #000000;\"><span style=\"font-family: Book Antiqua, serif;\"><span style=\"font-size: large;\">I trzeba by\u0142o szumu z nieba, <i><b>jakby uderzenie gwa\u0142townego wiatru,<\/b><\/i> kt\u00f3ry <i><b>nape\u0142ni\u0142 ca\u0142y dom, w kt\u00f3rym przebywali. <\/b><\/i>Trzeba by\u0142o, by <i><b>u<\/b><\/i><i><b>kaza\u0142y si\u0119 im te\u017c j\u0119zyki jakby z ognia, kt\u00f3re si\u0119 rozdzieli\u0142y, i na ka\u017cdym z nich spocz\u0105\u0142 jeden.<\/b><\/i><b> <\/b>I wreszcie trzeba by\u0142o, by<b> <\/b><i><b>wszyscy zostali nape\u0142nieni Duchem \u015awi\u0119tym, i zacz\u0119li m\u00f3wi\u0107 obcymi j\u0119zykami, tak jak im Duch pozwala\u0142 m\u00f3wi\u0107.<\/b><\/i><b> <\/b>A wtedy ju\u017c nie by\u0142o strachu, nie by\u0142o pyta\u0144, co b\u0119dzie i jak b\u0119dzie, ale to uderzenie gwa\u0142townego wiatru <b>z hukiem otworzy\u0142o drzwi<\/b> i dos\u0142ownie <b>wywia\u0142o Aposto\u0142\u00f3w na zewn\u0105trz!<\/b> <\/span><\/span><\/span><\/p>\n<p align=\"justify\"><span style=\"color: #000000;\"><span style=\"font-family: Book Antiqua, serif;\"><span style=\"font-size: large;\">Dzia\u0142anie Ducha \u015awi\u0119tego by\u0142o <b>bardzo mocne, radykalne<\/b> i nie pozostawia\u0142o \u017cadnej przestrzeni dla zastanawiania si\u0119, czy warto, czy te\u017c nie warto wychodzi\u0107, dzia\u0142a\u0107, g\u0142osi\u0107. <b>Oczywi\u015bcie, \u017ce warto!<\/b> Wr\u0119cz koniecznie trzeba by\u0142o! <b>Bo drzwi zosta\u0142y otwarte.<\/b> Duch \u015awi\u0119ty otworzy\u0142 je na o\u015bcie\u017c! I sta\u0142o si\u0119 to, o czym Pawe\u0142 Aposto\u0142 m\u00f3wi dzi\u015b w drugim czytaniu: <i><b>R\u00f3\u017cne s\u0105 dary \u0142aski, lecz ten sam Duch; r\u00f3\u017cne te\u017c s\u0105 rodzaje pos\u0142ugiwania, ale jeden Pan; r\u00f3\u017cne s\u0105 wreszcie dzia\u0142ania, lecz ten sam B\u00f3g, sprawca wszystkiego we wszystkich. Wszystkim za\u015b objawia si\u0119 Duch dla wsp\u00f3lnego dobra.<\/b><\/i><b> <\/b>Tak, <i><b>Sprawca wszystkiego<\/b><\/i> tak wiele tego dnia sprawi\u0142 <i><b>we wszystkich. <\/b><\/i><\/span><\/span><\/span><\/p>\n<p align=\"justify\"><span style=\"color: #000000;\"><span style=\"font-size: large;\"><span style=\"font-family: Book Antiqua, serif;\">Moi Drodzy, to, o czym tu sobie dzisiaj m\u00f3wimy,<\/span><span style=\"font-family: Book Antiqua, serif;\"><b> ponownie dokonuje si\u0119 na naszych oczach<\/b><\/span><span style=\"font-family: Book Antiqua, serif;\"> i w naszej rzeczywisto\u015bci, w tym wyj\u0105tkowym czasie, jaki prze\u017cywamy. <\/span><span style=\"font-family: Book Antiqua, serif;\">Kiedy weszli\u015bmy <\/span><span style=\"font-family: Book Antiqua, serif;\"><b>w tak szczeg\u00f3lny Wielki Post,<\/b><\/span><span style=\"font-family: Book Antiqua, serif;\"> jakiego nigdy wcze\u015bniej w naszym \u017cyciu nie mieli\u015bmy \u2013 najstarsi takiego nie pami\u0119taj\u0105 \u2013 kolejne drzwi by\u0142y <\/span><span style=\"font-family: Book Antiqua, serif;\"><b>coraz mocniej zamykane.<\/b><\/span><span style=\"font-family: Book Antiqua, serif;\"> Tak\u017ce drzwi ko\u015bcio\u0142\u00f3w. Oczywi\u015bcie, nie dos\u0142ownie, bo na szcz\u0119\u015bcie nie sta\u0142o si\u0119 u nas to, co w wielu krajach Europy i \u015bwiata, <\/span><span style=\"font-family: Book Antiqua, serif;\"><b>\u017ce ko\u015bcio\u0142y zaryglowano, <\/b><\/span><span style=\"font-family: Book Antiqua, serif;\">chocia\u017c ju\u017c wtedy nie brak\u0142o odwa\u017cnych g\u0142os\u00f3w, \u017ce nie t\u0119dy droga. Niemniej jednak, sta\u0142o si\u0119, jak si\u0119 sta\u0142o. <\/span><\/span><\/span><\/p>\n<p align=\"justify\"><span style=\"color: #000000;\"><span style=\"font-size: large;\"><span style=\"font-family: Book Antiqua, serif;\">U nas \u2013 w sensie oficjalnym \u2013 nie zosta\u0142y zamkni\u0119te, ale prawdziwie <\/span><span style=\"font-family: Book Antiqua, serif;\"><b>przera\u017ca\u0142 i nape\u0142nia\u0142 serca b\u00f3lem<\/b><\/span><span style=\"font-family: Book Antiqua, serif;\"> widok uchylonych tylko jednych drzwi, przez kt\u00f3re mogli wej\u015b\u0107 <\/span><span style=\"font-family: Book Antiqua, serif;\"><b>nieliczni wierni, skrz\u0119tnie przeliczani,<\/b><\/span><span style=\"font-family: Book Antiqua, serif;\"> \u017ceby nie przekroczy\u0107 rz\u0105dowych norm. I ju\u017c wtedy modlili\u015bmy si\u0119, \u017ceby <\/span><span style=\"font-family: Book Antiqua, serif;\"><b>dzie\u0144 Zmartwychwstania by\u0142 dniem wielkiego triumfu Jezusa Chrystusa,<\/b><\/span><span style=\"font-family: Book Antiqua, serif;\"> Zwyci\u0119zcy \u015bmierci, piek\u0142a i szatana. Liczyli\u015bmy na to, \u017ce bicie dzwon\u00f3w i radosne <\/span><span style=\"font-family: Book Antiqua, serif;\">ALLELUJA<\/span><span style=\"font-family: Book Antiqua, serif;\"> b\u0119dzie dla nas t\u0105 chwil\u0105, kiedy <\/span><span style=\"font-family: Book Antiqua, serif;\"><b>zobaczymy jaki\u015b wyra\u017any znak uwolnienia<\/b><\/span> <span style=\"font-family: Book Antiqua, serif;\">o<\/span><span style=\"font-family: Book Antiqua, serif;\">d ca\u0142ej tej przygn\u0119biaj\u0105cej sytuacji. <\/span><\/span><\/span><\/p>\n<p align=\"justify\"><span style=\"color: #000000;\"><span style=\"font-size: large;\"><span style=\"font-family: Book Antiqua, serif;\">I chocia\u017c ju\u017c w czasie \u015awi\u0105t by\u0142y <\/span><span style=\"font-family: Book Antiqua, serif;\"><b>wyra\u017ane znaki poprawy sytuacji \u2013<\/b><\/span><span style=\"font-family: Book Antiqua, serif;\"> dane z kraju, ale i z zagranicy m\u00f3wi\u0142y, \u017ce ju\u017c s\u0105 pierwsze znaki odwil\u017cy \u2013 <\/span><span style=\"font-family: Book Antiqua, serif;\">to<\/span><span style=\"font-family: Book Antiqua, serif;\"> jednak bezlitosne zarz\u0105dzenia w\u0142adz pozwala\u0142y na udzia\u0142 w obrz\u0119dach religijnych <\/span><span style=\"font-family: Book Antiqua, serif;\"><b>tylko pi\u0119ciu os<\/b><\/span><span style=\"font-family: Book Antiqua, serif;\"><b>\u00f3b<\/b><\/span><span style=\"font-family: Book Antiqua, serif;\"><b>.<\/b><\/span><span style=\"font-family: Book Antiqua, serif;\"> Nawet w najwi\u0119kszych ko\u015bcio\u0142ach! Dzisiaj wiemy \u2013 ale wielu ju\u017c wtedy wiedzia\u0142o \u2013 \u017ce <\/span><span style=\"font-family: Book Antiqua, serif;\"><b>wcale tak nie musia\u0142o by\u0107!<\/b><\/span><span style=\"font-family: Book Antiqua, serif;\"> Nawet w internecie kr\u0105\u017cy\u0142y <\/span><span style=\"font-family: Book Antiqua, serif;\"><b>petycje<\/b><\/span><span style=\"font-family: Book Antiqua, serif;\">, podpisane przez wielu wierz\u0105cych, <\/span><span style=\"font-family: Book Antiqua, serif;\"><b>o wi\u0119kszy limit na \u015awi\u0119ta\u2026<\/b><\/span> <\/span><\/span><\/p>\n<p align=\"justify\"><span style=\"color: #000000;\"><span style=\"font-size: large;\"><span style=\"font-family: Book Antiqua, serif;\">Niestety, drzwi ko\u015bcio\u0142\u00f3w \u2013 cho\u0107 nie oficjalnie i nie formalnie, ale faktycznie \u2013 <\/span><span style=\"font-family: Book Antiqua, serif;\"><b>pozosta\u0142y zamkni\u0119te, <\/b><\/span><span style=\"font-family: Book Antiqua, serif;\">a upartym wiernym, kt\u00f3rzy nie chcieli si\u0119 pogodzi\u0107 z takim stanem rzeczy, pozosta\u0142o <\/span><span style=\"font-family: Book Antiqua, serif;\"><b>stanie gdzie\u015b, poza ogrodzeniem<\/b><\/span><span style=\"font-family: Book Antiqua, serif;\"> i korzystanie z zewn\u0119trznego nag\u0142o\u015bnienia ko\u015bcio\u0142a. <\/span><span style=\"font-family: Book Antiqua, serif;\"><b>Bogu niech b\u0119d\u0105 dzi\u0119ki za tych upartych wiernych,<\/b><\/span><span style=\"font-family: Book Antiqua, serif;\"> kt\u00f3rzy nie uwierzyli, \u017ce przyj\u015bcie do ko\u015bcio\u0142a w tym czasie j<\/span><span style=\"font-family: Book Antiqua, serif;\"><b>est grzechem,<\/b><\/span><span style=\"font-family: Book Antiqua, serif;\"> chocia\u017c nawet taki komunikat wypowiedzia\u0142 \u2013 o, zgrozo! \u2013 jeden z biskup\u00f3w!<\/span><\/span><\/span><\/p>\n<p align=\"justify\"><span style=\"color: #000000;\"><span style=\"font-size: large;\"><span style=\"font-family: Book Antiqua, serif;\">Wi\u0119kszo\u015b\u0107 <\/span><span style=\"font-family: Book Antiqua, serif;\">wiernych <\/span><span style=\"font-family: Book Antiqua, serif;\">jednak <\/span><span style=\"font-family: Book Antiqua, serif;\"><b>musia\u0142a pozosta\u0107 w domach<\/b><\/span><span style=\"font-family: Book Antiqua, serif;\"> i Jezus, ze swoim przes\u0142aniem pokoju, <\/span><span style=\"font-family: Book Antiqua, serif;\">musia\u0142 wchodzi\u0107 <\/span><span style=\"font-family: Book Antiqua, serif;\"><b>\u00ab<\/b><\/span><span style=\"font-family: Book Antiqua, serif;\"><b>mimo drzwi zamkni\u0119tych<\/b><\/span><span style=\"font-family: Book Antiqua, serif;\"><b>\u00bb<\/b><\/span><span style=\"font-family: Book Antiqua, serif;\"><b>.<\/b><\/span><span style=\"font-family: Book Antiqua, serif;\"> Wierzymy, \u017ce <\/span><span style=\"font-family: Book Antiqua, serif;\"><b>serca serca <\/b><\/span><span style=\"font-family: Book Antiqua, serif;\"><b>ludzi<\/b><\/span><span style=\"font-family: Book Antiqua, serif;\"><b> by\u0142y na tyle szeroko otwarte,<\/b><\/span><span style=\"font-family: Book Antiqua, serif;\"> i\u017c do\u015bwiadczyli \u2013 nawet w tak trudnych okoliczno\u015bciach \u2013 prawdziwej rado\u015bci i nadziei, p\u0142yn\u0105cej ze Zmartwychwstania Pana. <\/span><span style=\"font-family: Book Antiqua, serif;\"><b>Bo On naprawd\u0119 zmartwychwsta\u0142! <\/b><\/span><span style=\"font-family: Book Antiqua, serif;\">I chocia\u017c nieraz przez \u0142zy, ale \u015bpiewali\u015bmy <\/span><span style=\"font-family: Book Antiqua, serif;\">ALLELUJA<\/span><span style=\"font-family: Book Antiqua, serif;\">, wpatrzeni w ekrany telewizor\u00f3w\u2026 <\/span><span style=\"font-family: Book Antiqua, serif;\">M<\/span><span style=\"font-family: Book Antiqua, serif;\">y za\u015b, duszpasterze, <\/span><span style=\"font-family: Book Antiqua, serif;\">wy\u015bpiewywali\u015bmy uroczysty Exsultet: <\/span><span style=\"font-family: Book Antiqua, serif;\"><b>\u201e<\/b><\/span><span style=\"font-family: Book Antiqua, serif;\"><b>Weselcie si\u0119 ju\u017c, zast\u0119py Anio\u0142\u00f3w, w niebie: weselcie si\u0119, s\u0142udzy Boga.<\/b><\/span><span style=\"font-family: Book Antiqua, serif;\"> Niechaj zabrzmi\u0105 dzwony g\u0142osz\u0105ce zbawienie, gdy Kr\u00f3l tak wielki odnosi zwyci\u0119stwo!\u201d<\/span><span style=\"font-family: Book Antiqua, serif;\"> \u2013 ze \u015bci\u015bni\u0119tymi sercami\u2026<\/span> <\/span><\/span><\/p>\n<p align=\"justify\"><span style=\"color: #000000;\"><span style=\"font-size: large;\"><span style=\"font-family: Book Antiqua, serif;\">Dzwony zabrzmia\u0142y i <\/span><span style=\"font-family: Book Antiqua, serif;\"><b>Anio\u0142owie w Niebie musieli tej nocy zast\u0105pi\u0107 wiernych,<\/b><\/span><span style=\"font-family: Book Antiqua, serif;\"> kt\u00f3rym nie by\u0142o dane tego Or\u0119dzia us\u0142ysze\u0107 w ko\u015bciele. Ilu ksi\u0119\u017cy, kt\u00f3rym wypad\u0142o w tym roku wy\u015bpiewywa\u0107 ten hymn, wspomina\u0142o,<\/span><span style=\"font-family: Book Antiqua, serif;\"><b> jak trudno by\u0142o opanowa\u0107 wzruszenie i b\u00f3l,<\/b><\/span><span style=\"font-family: Book Antiqua, serif;\"> jak trudno by\u0142o powstrzyma\u0107 \u0142zy\u2026 <\/span><span style=\"font-family: Book Antiqua, serif;\"><b>Tych \u015awi\u0105t do ko\u0144ca \u017cycia nie zapomnimy\u2026<\/b><\/span><\/span><\/span><\/p>\n<p align=\"justify\"><span style=\"color: #000000;\"><span style=\"font-size: large;\"><span style=\"font-family: Book Antiqua, serif;\">Ja sam, w tych dniach, wielokrotnie pyta\u0142em na modlitwie: <\/span><span style=\"font-family: Book Antiqua, serif;\"><b>\u201ePanie, dlaczego w\u0142a\u015bnie tak?<\/b><\/span><span style=\"font-family: Book Antiqua, serif;\"> Dlaczego tak chcia\u0142e\u015b w tym roku zmartwychwsta\u0107?\u201d\u2026 I \u2013 z jednej strony \u2013 odpowied\u017a przychodzi\u0142a bardzo szybko, kiedy si\u0119 pomy\u015bla\u0142o o <\/span><span style=\"font-family: Book Antiqua, serif;\">post\u0119puj\u0105cej <\/span><span style=\"font-family: Book Antiqua, serif;\"><b>komercjalizacji <\/b><\/span><span style=\"font-family: Book Antiqua, serif;\"><b>i spowszednieniu<\/b><\/span><b> <\/b><span style=\"font-family: Book Antiqua, serif;\"><b>\u015a<\/b><\/span><span style=\"font-family: Book Antiqua, serif;\"><b>wi\u0105t<\/b><\/span><span style=\"font-family: Book Antiqua, serif;\"> i o tym, \u017ce w tym szale\u0144czym p\u0119dzie, w jakim \u017cyje dzisiaj \u015bwiat, takie <\/span><span style=\"font-family: Book Antiqua, serif;\"><b>zatrzymanie naprawd\u0119 jest b\u0142ogos\u0142awie\u0144stwem!<\/b><\/span><span style=\"font-family: Book Antiqua, serif;\"> Sam widzia\u0142em i wiedzia\u0142em o wielu dobrych owocach duchowych tych wyj\u0105tkowych rekolekcji. <\/span><\/span><\/span><\/p>\n<p align=\"justify\"><span style=\"color: #000000;\"><span style=\"font-size: large;\"><span style=\"font-family: Book Antiqua, serif;\">Z drugiej jednak strony, pyta\u0142em: \u201eCzemu <\/span><span style=\"font-family: Book Antiqua, serif;\"><b>nie pozwoli\u0142e\u015b tylu szczerze wierz\u0105cym w Ciebie ludziom<\/b><\/span><span style=\"font-family: Book Antiqua, serif;\"> przyj\u015b\u0107 do ko\u015bcio\u0142\u00f3w i naprawd\u0119 g\u0142\u0119boko ucieszy\u0107 si\u0119 Twoim zmartwychwstaniem?\u201d Wiele takich i podobnych pyta\u0144 w tych dniach stawia\u0142em. <\/span><\/span><\/span><\/p>\n<p align=\"justify\"><span style=\"color: #000000;\"><span style=\"font-size: large;\"><span style=\"font-family: Book Antiqua, serif;\">I to w\u0142a\u015bnie wtedy, na modlitwie i na adoracji przysz\u0142a mi <\/span><span style=\"font-family: Book Antiqua, serif;\">my\u015bl, \u017ceby\u2026 <\/span><span style=\"font-family: Book Antiqua, serif;\"><b>wczyta\u0107 si\u0119 raz jeszcze w Ewangeli\u0119 i w Dzieje Apostolskie<\/b><\/span><span style=\"font-family: Book Antiqua, serif;\"> \u2013 by przypomnie\u0107 sobie, \u017ce to <\/span><span style=\"font-family: Book Antiqua, serif;\"><b>nie w dniu Zmartwychwstania<\/b><\/span><span style=\"font-family: Book Antiqua, serif;\"> nast\u0105pi\u0142o owo wielkie otwarcie drzwi w m\u0142odym Ko\u015bciele. Wtedy w\u0142a\u015bnie \u2013 jak to us\u0142yszeli\u015bmy tak\u017ce dzisiaj \u2013 <\/span><span style=\"font-family: Book Antiqua, serif;\"><b>drzwi by\u0142y pozamykane. <\/b><\/span><span style=\"font-family: Book Antiqua, serif;\">Otwarcie drzwi w Ko\u015bciele <\/span><span style=\"font-family: Book Antiqua, serif;\"><b>nast\u0105pi\u0142o w Dniu Pi\u0119\u0107dziesi\u0105tnicy!<\/b><\/span> <\/span><\/span><\/p>\n<p align=\"justify\"><span style=\"color: #000000;\"><span style=\"font-size: large;\"><span style=\"font-family: Book Antiqua, serif;\">A w tym roku tak pi\u0119knie <\/span><span style=\"font-family: Book Antiqua, serif;\">nam si\u0119 <\/span><span style=\"font-family: Book Antiqua, serif;\">z\u0142o\u017cy\u0142o, \u017ce ten dzie\u0144 jest <\/span><span style=\"font-family: Book Antiqua, serif;\"><b>ostatnim dniem maja,<\/b><\/span><span style=\"font-family: Book Antiqua, serif;\"> a wi\u0119c miesi\u0105ca, w kt\u00f3rym jednoczyli\u015bmy si\u0119 <\/span><span style=\"font-family: Book Antiqua, serif;\"><b>w modlitwie razem z Maryj\u0105. <\/b><\/span><span style=\"font-family: Book Antiqua, serif;\">Naszym modlitwom <\/span><span style=\"font-family: Book Antiqua, serif;\"><b>przewodzi\u0142 z Watykanu Ojciec \u015awi\u0119ty Franciszek,<\/b><\/span><span style=\"font-family: Book Antiqua, serif;\"> kt\u00f3ry sam odmawia\u0142 R\u00f3\u017caniec \u015awi\u0119ty i dwie dodatkowe modlitwy, kt\u00f3re zaproponowa\u0142 tak\u017ce ca\u0142emu Ko\u015bcio\u0142owi. W ten spos\u00f3b, niczym Aposto\u0142owie, zjednoczeni w Wieczerniku z Maryj\u0105 i cz\u0142onkami wsp\u00f3lnoty Ko\u015bcio\u0142a, my tak\u017ce, przez ca\u0142y maj, <\/span><span style=\"font-family: Book Antiqua, serif;\"><b>jako Ko\u015bci\u00f3\u0142, <\/b><\/span><span style=\"font-family: Book Antiqua, serif;\"><b>przygotowywali\u015bmy si\u0119 na Zes\u0142anie Ducha \u015awi\u0119tego.<\/b><\/span> <\/span><\/span><\/p>\n<p align=\"justify\"><span style=\"color: #000000;\"><span style=\"font-size: large;\"><span style=\"font-family: Book Antiqua, serif;\">I prosili\u015bmy o to, by tak\u017ce dla nas <\/span><span style=\"font-family: Book Antiqua, serif;\"><b>by\u0142 to dzie\u0144 otwarcia na o\u015bcie\u017c drzwi naszych wieczernik\u00f3w<\/b><\/span><span style=\"font-family: Book Antiqua, serif;\"> \u2013 czyli ko\u015bcio\u0142\u00f3w. Ale i naszych dom\u00f3w, <\/span><span style=\"font-family: Book Antiqua, serif;\">i naszych <\/span><span style=\"font-family: Book Antiqua, serif;\">szk\u00f3\u0142, <\/span><span style=\"font-family: Book Antiqua, serif;\">i <\/span><span style=\"font-family: Book Antiqua, serif;\">uczelni, <\/span><span style=\"font-family: Book Antiqua, serif;\">i <\/span><span style=\"font-family: Book Antiqua, serif;\">instytucji kultury, <\/span><span style=\"font-family: Book Antiqua, serif;\">i <\/span><span style=\"font-family: Book Antiqua, serif;\">urz\u0119d\u00f3w\u2026 I kiedy dowiedzieli\u015bmy si\u0119, \u017ce <\/span><span style=\"font-family: Book Antiqua, serif;\"><b>w\u0142a\u015bnie od dzisiaj<\/b><\/span><span style=\"font-family: Book Antiqua, serif;\"> drzwi <\/span><span style=\"font-family: Book Antiqua, serif;\">ko\u015bcio\u0142\u00f3w rzeczywi\u015bcie s\u0105 na o\u015bcie\u017c otwarte i ju\u017c nie ma \u017cadnych limit\u00f3w, to z serca spontanicznie wyrywa si\u0119 to jedno: <\/span><span style=\"font-family: Book Antiqua, serif;\"><b>Duchu \u015awi\u0119ty, dzi\u0119ki! Dzi\u0119ki za to Twoje zst\u0105pienie! <\/b><\/span><span style=\"font-family: Book Antiqua, serif;\">Dzi\u0119ki za to, co ju\u017c si\u0119 dokona\u0142o: za otwarte \u2013 ju\u017c tak zupe\u0142nie \u2013 drzwi naszych ko\u015bcio\u0142\u00f3w, ale tak\u017ce za otwieraj\u0105cej si\u0119 coraz szerzej <\/span><span style=\"font-family: Book Antiqua, serif;\"><b>drzwi ko\u015bcio\u0142\u00f3w w innych krajach<\/b><\/span><span style=\"font-family: Book Antiqua, serif;\"> Europy i \u015bwiata. <\/span><\/span><\/span><\/p>\n<p align=\"justify\"><span style=\"color: #000000;\"><span style=\"font-size: large;\"><span style=\"font-family: Book Antiqua, serif;\">Dzi\u0119ki za otwarte drzwi naszych dom\u00f3w \u2013 \u017ce ju\u017c mo\u017cemy <\/span><span style=\"font-family: Book Antiqua, serif;\"><b>wychodzi\u0107 do innych ludzi.<\/b><\/span><span style=\"font-family: Book Antiqua, serif;\"> Ju\u017c nie s\u0142yszymy tego, powtarzanego na ka\u017cdym kroku: \u201eZosta\u0107 w domu, zosta\u0144 w domu\u2026\u201d. I za to, \u017ce wszyscy <\/span><span style=\"font-family: Book Antiqua, serif;\"><b>coraz bardziej i coraz pewniej wracamy do \u017cycia! <\/b><\/span><span style=\"font-family: Book Antiqua, serif;\">Owszem, jeszcze zachowujemy konieczn\u0105 ostro\u017cno\u015b\u0107, ale znaki Twojego dzia\u0142ania, Duchu \u015awi\u0119ty, s\u0105 wyra\u017anie widoczne! Oby nigdy <\/span><span style=\"font-family: Book Antiqua, serif;\"><b>nie zabrak\u0142o z naszej strony szczerej wdzi\u0119czno\u015bci! <\/b><\/span><\/span><\/span><\/p>\n<p align=\"justify\"><span style=\"color: #000000;\"><span style=\"font-size: large;\"><span style=\"font-family: Book Antiqua, serif;\">A jednocze\u015bnie, \u017ceby za tym otwieraniem si\u0119 drzwi ko\u015bcio\u0142\u00f3w, dom\u00f3w i instytucji \u2013 sz\u0142o r\u00f3wnocze\u015bnie <\/span><span style=\"font-family: Book Antiqua, serif;\"><b>otwieranie si\u0119 ludzkich serc. <\/b><\/span><span style=\"font-family: Book Antiqua, serif;\">Do\u015bwiadczenie bowiem, kt\u00f3re prze\u017cyli\u015bmy i jeszcze w jakim\u015b stopniu prze\u017cywamy, dobitnie <\/span><span style=\"font-family: Book Antiqua, serif;\"><b>ods\u0142oni\u0142o, jacy tak naprawd\u0119 jeste\u015bmy:<\/b><\/span><span style=\"font-family: Book Antiqua, serif;\"> ile w nas l\u0119ku, ile g\u0142\u0119boko skrywanych frustracji, tak\u017ce egoizmu\u2026 <\/span><span style=\"font-family: Book Antiqua, serif;\"><b>I jak s\u0142aba jest nasza wiara,<\/b><\/span><span style=\"font-family: Book Antiqua, serif;\"> jak ma\u0142e jest nasze zaufanie w moc Bo\u017c\u0105! <\/span><\/span><\/span><\/p>\n<p align=\"justify\"><span style=\"color: #000000;\"><span style=\"font-size: large;\"><span style=\"font-family: Book Antiqua, serif;\">Kiedy <\/span><span style=\"font-family: Book Antiqua, serif;\"><b>nie wystarczy\u0142o<\/b><\/span><span style=\"font-family: Book Antiqua, serif;\"> ju\u017c odpowiedzie\u0107 na pytanie, czy jeste\u015bmy katolikami, czy jeste\u015bmy wierz\u0105cymi, ale trzeba by\u0142o jasno powiedzie\u0107, a wr\u0119cz za\u015bwiadczy\u0107, <\/span><span style=\"font-family: Book Antiqua, serif;\"><b>\u017ce naprawd\u0119 wierzymy<\/b><\/span><span style=\"font-family: Book Antiqua, serif;\"> w realn\u0105 obecno\u015b\u0107 i moc Boga \u2013 okaza\u0142o si\u0119, \u017ce w wielu sercach <\/span><span style=\"font-family: Book Antiqua, serif;\"><b>ta odpowied\u017a nie by\u0142a taka oczywista\u2026<\/b><\/span><\/span><\/span><\/p>\n<p align=\"justify\"><span style=\"color: #000000;\"><span style=\"font-size: large;\"><span style=\"font-family: Book Antiqua, serif;\">Dlatego dzisiaj prosimy, aby Duch \u015awi\u0119ty raz jeszcze otworzy\u0142 na o\u015bcie\u017c \u2013 najszerzej, jak si\u0119 tylko da \u2013 <\/span><span style=\"font-family: Book Antiqua, serif;\"><b>drzwi naszych serc!<\/b><\/span><span style=\"font-family: Book Antiqua, serif;\"> Aby wzmocni\u0142 nasz\u0105 wiar\u0119! Aby j\u0105 oczy\u015bci\u0142 z wszelkiej pozy, z r\u00f3\u017cnych nalecia\u0142o\u015bci i przyzwyczaje\u0144, z przekonania o w\u0142asnej <\/span><span style=\"font-family: Book Antiqua, serif;\">doskona\u0142o\u015bci i nieomylno\u015bci, ale pozwoli\u0142 <\/span><span style=\"font-family: Book Antiqua, serif;\"><b>na nowo, na sto procent, uwierzy\u0107 Bogu<\/b><\/span><span style=\"font-family: Book Antiqua, serif;\"> i Jego zbawiaj\u0105cej wszechmocy. <\/span><\/span><\/span><\/p>\n<p align=\"justify\"><span style=\"color: #000000;\"><span style=\"font-size: large;\"><span style=\"font-family: Book Antiqua, serif;\">I aby otworzy\u0142 nasze serca na siebie nawzajem \u2013 aby cz\u0142owiek <\/span><span style=\"font-family: Book Antiqua, serif;\"><b>nie ba\u0142 si\u0119 ju\u017c drugiego <\/b><\/span><span style=\"font-family: Book Antiqua, serif;\"><b>cz\u0142owieka, <\/b><\/span><span style=\"font-family: Book Antiqua, serif;\">aby nie ba\u0142 si\u0119 podej\u015b\u0107, porozmawia\u0107, poda\u0107 r\u0119ki\u2026 Aby nie widzia\u0142 w drugim \u2013 czasami nawet tym najbli\u017cszym \u2013 jedynie potencjalnego \u017ar\u00f3d\u0142a zaka\u017cenia. Aby\u015bmy nie dali si\u0119 zakazi\u0107 strachem, ma\u0142ostkowo\u015bci\u0105, grzechem\u2026 <\/span><\/span><\/span><\/p>\n<p align=\"left\"><span style=\"color: #000000;\"><span style=\"font-family: Book Antiqua, serif;\"><span style=\"font-size: large;\"><b>Przyb\u0105d\u017a, Duchu \u015awi\u0119ty,<\/b><\/span><\/span><\/span><\/p>\n<p align=\"left\"><span style=\"color: #000000;\"><span style=\"font-family: Book Antiqua, serif;\"><span style=\"font-size: large;\"><b>Ze\u015blij z nieba wzi\u0119ty<\/b><\/span><\/span><\/span><\/p>\n<p align=\"left\"><span style=\"color: #000000;\"><span style=\"font-family: Book Antiqua, serif;\"><span style=\"font-size: large;\"><b>\u015awiat\u0142a Twego strumie\u0144.<\/b><\/span><\/span><\/span><\/p>\n<p align=\"left\"><span style=\"color: #000000;\"><span style=\"font-family: Book Antiqua, serif;\"><span style=\"font-size: large;\"><b>Obmyj, co nie\u015bwi\u0119te,<br \/>\nOsch\u0142ym wlej zach\u0119t\u0119,<br \/>\nUlecz serca ran\u0119.<\/b><\/span><\/span><\/span><\/p>\n<p align=\"left\"><span style=\"color: #000000;\"><span style=\"font-family: Book Antiqua, serif;\"><span style=\"font-size: large;\"><b>Nagnij, co jest harde,<br \/>\nRozgrzej serca twarde,<br \/>\nProwad\u017a zab\u0142\u0105kane.<\/b><\/span><\/span><\/span><\/p>\n<p align=\"left\"><span style=\"color: #000000;\"><span style=\"font-family: Book Antiqua, serif;\"><span style=\"font-size: large;\">I prosimy jeszcze: <\/span><\/span><\/span><\/p>\n<p align=\"left\"><span style=\"color: #000000;\"><span style=\"font-family: Book Antiqua, serif;\"><span style=\"font-size: large;\"><b>Daj Twoim wierz\u0105cym,<\/b><\/span><\/span><\/span><\/p>\n<p align=\"left\"><span style=\"color: #000000;\"><span style=\"font-family: Book Antiqua, serif;\"><span style=\"font-size: large;\"><b>W Tobie ufaj\u0105cym,<\/b><\/span><\/span><\/span><\/p>\n<p align=\"left\"><span style=\"color: #000000;\"><span style=\"font-family: Book Antiqua, serif;\"><span style=\"font-size: large;\"><b>Siedmiorakie dary.<\/b><\/span><\/span><\/span><\/p>\n<p align=\"justify\"><span style=\"color: #000000;\"><span style=\"font-family: Book Antiqua, serif;\"><span style=\"font-size: large;\">A chcemy to czyni\u0107 s\u0142owami modlitwy, kt\u00f3rej <b>m\u0142odego Karola Wojty\u0142\u0119 nauczy\u0142 jego ojciec,<\/b> kiedy zauwa\u017cy\u0142, \u017ce syn <b>s\u0142abnie w gorliwo\u015bci<\/b> w pe\u0142nieniu s\u0142u\u017cby przy o\u0142tarzu. Wtedy w\u0142a\u015bnie nauczy\u0142 go tej modlitwy, kt\u00f3r\u0105 p\u00f3\u017aniejszy Papie\u017c <b>do ko\u0144ca \u017cycia odmawia\u0142, <\/b>a poniewa\u017c dowiedzia\u0142 si\u0119 o tym ca\u0142y Ko\u015bci\u00f3\u0142 i ca\u0142y \u015bwiat, przeto dzisiaj t\u0105 modlitw\u0105 zwraca si\u0119 do Ducha \u015awi\u0119tego <b>bardzo wielu ludzi.<\/b><\/span><\/span><\/span><\/p>\n<p align=\"justify\"><span style=\"color: #000000;\"><span style=\"font-family: Book Antiqua, serif;\"><span style=\"font-size: large;\">Niech s\u0142owa te stan\u0105 si\u0119 dzisiaj \u2013 w tym szczeg\u00f3lnym czasie pr\u00f3by i sprawdzenia naszej wiary \u2013 modlitw\u0105 ka\u017cdej i ka\u017cdego z nas:<\/span><\/span><\/span><\/p>\n<p align=\"justify\"><span style=\"color: #000000;\">\u201e<span style=\"font-family: Book Antiqua, serif;\"><span style=\"font-size: large;\"><b>Duchu \u015awi\u0119ty, prosz\u0119 Ci\u0119:<\/b><\/span><\/span><\/span><\/p>\n<p align=\"justify\"><span style=\"color: #000000;\"><span style=\"font-size: large;\"><span style=\"font-family: Book Antiqua, serif;\"><b>o dar m\u0105dro\u015bci<\/b><\/span><span style=\"font-family: Book Antiqua, serif;\"> \u2013 do lepszego poznawania Ciebie i Twoich doskona\u0142o\u015bci Bo\u017cych,<\/span><\/span><\/span><\/p>\n<p align=\"justify\"><span style=\"color: #000000;\"><span style=\"font-size: large;\"><span style=\"font-family: Book Antiqua, serif;\"><b>o dar rozumu<\/b><\/span><span style=\"font-family: Book Antiqua, serif;\"> \u2013 do lepszego zrozumienia ducha tajemnic wiary \u015bwi\u0119tej,<\/span><\/span><\/span><\/p>\n<p align=\"justify\"><span style=\"color: #000000;\"><span style=\"font-size: large;\"><span style=\"font-family: Book Antiqua, serif;\"><b>o dar umiej\u0119tno\u015bci<\/b><\/span><span style=\"font-family: Book Antiqua, serif;\"> \u2013 abym w \u017cyciu kierowa\u0142 si\u0119 zasadami tej\u017ce wiary,<\/span><\/span><\/span><\/p>\n<p align=\"justify\"><span style=\"color: #000000;\"><span style=\"font-size: large;\"><span style=\"font-family: Book Antiqua, serif;\"><b>o dar rady<\/b><\/span><span style=\"font-family: Book Antiqua, serif;\"> \u2013 abym we wszystkim u Ciebie szuka\u0142 rady i u Ciebie j\u0105 zawsze znajdowa\u0142,<\/span><\/span><\/span><\/p>\n<p align=\"justify\"><span style=\"color: #000000;\"><span style=\"font-size: large;\"><span style=\"font-family: Book Antiqua, serif;\"><b>o dar m\u0119stwa<\/b><\/span><span style=\"font-family: Book Antiqua, serif;\"> \u2013 aby \u017cadna boja\u017a\u0144 ani wzgl\u0119dy ziemskie nie mog\u0142y mnie od Ciebie oderwa\u0107,<\/span><\/span><\/span><\/p>\n<p align=\"justify\"><span style=\"color: #000000;\"><span style=\"font-size: large;\"><span style=\"font-family: Book Antiqua, serif;\"><b>o dar pobo\u017cno\u015bci<\/b><\/span><span style=\"font-family: Book Antiqua, serif;\"> \u2013 abym zawsze s\u0142u\u017cy\u0142 Twojemu Majestatowi z synowsk\u0105 mi\u0142o\u015bci\u0105,<\/span><\/span><\/span><\/p>\n<p align=\"justify\"><span style=\"color: #000000;\"><span style=\"font-family: Book Antiqua, serif;\"><span style=\"font-size: large;\"><b>o dar boja\u017ani Bo\u017cej<\/b> \u2013 abym l\u0119ka\u0142 si\u0119 grzechu, kt\u00f3ry Ciebie, o Bo\u017ce, obra\u017ca.\u201d<\/span><\/span><\/span><\/p>\n<p align=\"right\"><span style=\"color: #000000;\"><span style=\"font-family: Book Antiqua, serif;\"><span style=\"font-size: large;\">Amen! Alleluja!<\/span><\/span><\/span><\/p>\n","protected":false},"excerpt":{"rendered":"<p>Niech b\u0119dzie pochwalony Jezus Chrystus! Moi Drodzy, w dniu dzisiejszym urodziny prze\u017cywa Marcin Zagubie\u0144, z kt\u00f3rym mia\u0142em mo\u017cliwo\u015b\u0107 wsp\u00f3\u0142pracowa\u0107 na r\u00f3\u017cnych p\u0142aszczyznach zaanga\u017cowania parafialnego w czasie mojej pos\u0142ugi w Celestynowie. Dzi\u0119kuj\u0105c Jubilatowi za to zaanga\u017cowanie i otwarto\u015b\u0107, \u017cycz\u0119 Bo\u017cej opieki na ka\u017cdy dzie\u0144 i wszelkich natchnie\u0144 z Nieba w kszta\u0142towaniu na co dzie\u0144, po my\u015bli [&hellip;]<\/p>\n","protected":false},"author":1,"featured_media":0,"comment_status":"open","ping_status":"open","sticky":false,"template":"","format":"standard","meta":{"jetpack_post_was_ever_published":false,"_jetpack_newsletter_access":"","_jetpack_dont_email_post_to_subs":false,"_jetpack_newsletter_tier_id":0,"_jetpack_memberships_contains_paywalled_content":false,"_jetpack_memberships_contains_paid_content":false,"footnotes":""},"categories":[1],"tags":[],"class_list":["post-17108","post","type-post","status-publish","format-standard","hentry","category-bez-kategorii"],"yoast_head":"<!-- This site is optimized with the Yoast SEO plugin v25.1 - https:\/\/yoast.com\/wordpress\/plugins\/seo\/ -->\n<title>Kiedy nadszed\u0142 Dzie\u0144 Pi\u0119\u0107dziesi\u0105tnicy... - Gaudium Et Spes<\/title>\n<meta name=\"robots\" content=\"index, follow, max-snippet:-1, max-image-preview:large, max-video-preview:-1\" \/>\n<link rel=\"canonical\" href=\"https:\/\/gaudiumetspes-blog.pl\/index.php\/2020\/05\/31\/kiedy-nadszedl-dzien-piecdziesiatnicy\/\" \/>\n<meta property=\"og:locale\" content=\"pl_PL\" \/>\n<meta property=\"og:type\" content=\"article\" \/>\n<meta property=\"og:title\" content=\"Kiedy nadszed\u0142 Dzie\u0144 Pi\u0119\u0107dziesi\u0105tnicy... - Gaudium Et Spes\" \/>\n<meta property=\"og:description\" content=\"Niech b\u0119dzie pochwalony Jezus Chrystus! Moi Drodzy, w dniu dzisiejszym urodziny prze\u017cywa Marcin Zagubie\u0144, z kt\u00f3rym mia\u0142em mo\u017cliwo\u015b\u0107 wsp\u00f3\u0142pracowa\u0107 na r\u00f3\u017cnych p\u0142aszczyznach zaanga\u017cowania parafialnego w czasie mojej pos\u0142ugi w Celestynowie. Dzi\u0119kuj\u0105c Jubilatowi za to zaanga\u017cowanie i otwarto\u015b\u0107, \u017cycz\u0119 Bo\u017cej opieki na ka\u017cdy dzie\u0144 i wszelkich natchnie\u0144 z Nieba w kszta\u0142towaniu na co dzie\u0144, po my\u015bli [&hellip;]\" \/>\n<meta property=\"og:url\" content=\"https:\/\/gaudiumetspes-blog.pl\/index.php\/2020\/05\/31\/kiedy-nadszedl-dzien-piecdziesiatnicy\/\" \/>\n<meta property=\"og:site_name\" content=\"Gaudium Et Spes\" \/>\n<meta property=\"article:published_time\" content=\"2020-05-31T03:22:41+00:00\" \/>\n<meta name=\"author\" content=\"Ks. Jacek\" \/>\n<meta name=\"twitter:card\" content=\"summary_large_image\" \/>\n<meta name=\"twitter:label1\" content=\"Napisane przez\" \/>\n\t<meta name=\"twitter:data1\" content=\"Ks. Jacek\" \/>\n\t<meta name=\"twitter:label2\" content=\"Szacowany czas czytania\" \/>\n\t<meta name=\"twitter:data2\" content=\"16 minut\" \/>\n<script type=\"application\/ld+json\" class=\"yoast-schema-graph\">{\"@context\":\"https:\/\/schema.org\",\"@graph\":[{\"@type\":\"WebPage\",\"@id\":\"https:\/\/gaudiumetspes-blog.pl\/index.php\/2020\/05\/31\/kiedy-nadszedl-dzien-piecdziesiatnicy\/\",\"url\":\"https:\/\/gaudiumetspes-blog.pl\/index.php\/2020\/05\/31\/kiedy-nadszedl-dzien-piecdziesiatnicy\/\",\"name\":\"Kiedy nadszed\u0142 Dzie\u0144 Pi\u0119\u0107dziesi\u0105tnicy... - Gaudium Et Spes\",\"isPartOf\":{\"@id\":\"https:\/\/gaudiumetspes-blog.pl\/#website\"},\"datePublished\":\"2020-05-31T03:22:41+00:00\",\"author\":{\"@id\":\"https:\/\/gaudiumetspes-blog.pl\/#\/schema\/person\/1661982992b752dea8dff0d4ed845a65\"},\"breadcrumb\":{\"@id\":\"https:\/\/gaudiumetspes-blog.pl\/index.php\/2020\/05\/31\/kiedy-nadszedl-dzien-piecdziesiatnicy\/#breadcrumb\"},\"inLanguage\":\"pl-PL\",\"potentialAction\":[{\"@type\":\"ReadAction\",\"target\":[\"https:\/\/gaudiumetspes-blog.pl\/index.php\/2020\/05\/31\/kiedy-nadszedl-dzien-piecdziesiatnicy\/\"]}]},{\"@type\":\"BreadcrumbList\",\"@id\":\"https:\/\/gaudiumetspes-blog.pl\/index.php\/2020\/05\/31\/kiedy-nadszedl-dzien-piecdziesiatnicy\/#breadcrumb\",\"itemListElement\":[{\"@type\":\"ListItem\",\"position\":1,\"name\":\"Strona g\u0142\u00f3wna\",\"item\":\"https:\/\/gaudiumetspes-blog.pl\/\"},{\"@type\":\"ListItem\",\"position\":2,\"name\":\"Kiedy nadszed\u0142 Dzie\u0144 Pi\u0119\u0107dziesi\u0105tnicy&#8230;\"}]},{\"@type\":\"WebSite\",\"@id\":\"https:\/\/gaudiumetspes-blog.pl\/#website\",\"url\":\"https:\/\/gaudiumetspes-blog.pl\/\",\"name\":\"Gaudium Et Spes\",\"description\":\"Blog Ks. Jacka Ja\u015bkowskiego\",\"potentialAction\":[{\"@type\":\"SearchAction\",\"target\":{\"@type\":\"EntryPoint\",\"urlTemplate\":\"https:\/\/gaudiumetspes-blog.pl\/?s={search_term_string}\"},\"query-input\":{\"@type\":\"PropertyValueSpecification\",\"valueRequired\":true,\"valueName\":\"search_term_string\"}}],\"inLanguage\":\"pl-PL\"},{\"@type\":\"Person\",\"@id\":\"https:\/\/gaudiumetspes-blog.pl\/#\/schema\/person\/1661982992b752dea8dff0d4ed845a65\",\"name\":\"Ks. Jacek\",\"image\":{\"@type\":\"ImageObject\",\"inLanguage\":\"pl-PL\",\"@id\":\"https:\/\/gaudiumetspes-blog.pl\/#\/schema\/person\/image\/\",\"url\":\"https:\/\/gaudiumetspes-blog.pl\/wp-content\/uploads\/2019\/07\/avatar-JJ-150x150.jpg\",\"contentUrl\":\"https:\/\/gaudiumetspes-blog.pl\/wp-content\/uploads\/2019\/07\/avatar-JJ-150x150.jpg\",\"caption\":\"Ks. Jacek\"},\"description\":\"Witam serdecznie! K\u0142ania si\u0119 Ks. Jacek Ja\u015bkowski. Nie jestem ani kim\u015b wa\u017cnym, ani kim\u015b znanym. Jestem ksi\u0119dzem, kt\u00f3ry po prostu chce rozmawia\u0107. Codzienna kap\u0142a\u0144ska pos\u0142uga pokazuje mi, \u017ce temat\u00f3w do rozm\u00f3w z ksi\u0119dzem jest coraz wi\u0119cej i dzisiaj \u017caden ksi\u0105dz nie mo\u017ce od nich ucieka\u0107, ale - wprost przeciwnie - podejmowa\u0107 nowe wyzwania. To przekonanie sk\u0142oni\u0142o mnie do pr\u00f3by otwarcia tego\u017c bloga, chocia\u017c okazji do rozm\u00f3w na co dzie\u0144 - w konfesjonale i poza nim - na szcz\u0119\u015bcie nie brakuje. My\u015bl\u0119 jednak, \u017ce ten blog b\u0119dzie jeszcze jednym sposobem i przestrzeni\u0105 nawi\u0105zania kontaktu z lud\u017ami dobrej woli, otwartymi na dialog.\",\"url\":\"https:\/\/gaudiumetspes-blog.pl\/index.php\/author\/ks-jacek\/\"}]}<\/script>\n<!-- \/ Yoast SEO plugin. -->","yoast_head_json":{"title":"Kiedy nadszed\u0142 Dzie\u0144 Pi\u0119\u0107dziesi\u0105tnicy... - Gaudium Et Spes","robots":{"index":"index","follow":"follow","max-snippet":"max-snippet:-1","max-image-preview":"max-image-preview:large","max-video-preview":"max-video-preview:-1"},"canonical":"https:\/\/gaudiumetspes-blog.pl\/index.php\/2020\/05\/31\/kiedy-nadszedl-dzien-piecdziesiatnicy\/","og_locale":"pl_PL","og_type":"article","og_title":"Kiedy nadszed\u0142 Dzie\u0144 Pi\u0119\u0107dziesi\u0105tnicy... - Gaudium Et Spes","og_description":"Niech b\u0119dzie pochwalony Jezus Chrystus! Moi Drodzy, w dniu dzisiejszym urodziny prze\u017cywa Marcin Zagubie\u0144, z kt\u00f3rym mia\u0142em mo\u017cliwo\u015b\u0107 wsp\u00f3\u0142pracowa\u0107 na r\u00f3\u017cnych p\u0142aszczyznach zaanga\u017cowania parafialnego w czasie mojej pos\u0142ugi w Celestynowie. Dzi\u0119kuj\u0105c Jubilatowi za to zaanga\u017cowanie i otwarto\u015b\u0107, \u017cycz\u0119 Bo\u017cej opieki na ka\u017cdy dzie\u0144 i wszelkich natchnie\u0144 z Nieba w kszta\u0142towaniu na co dzie\u0144, po my\u015bli [&hellip;]","og_url":"https:\/\/gaudiumetspes-blog.pl\/index.php\/2020\/05\/31\/kiedy-nadszedl-dzien-piecdziesiatnicy\/","og_site_name":"Gaudium Et Spes","article_published_time":"2020-05-31T03:22:41+00:00","author":"Ks. Jacek","twitter_card":"summary_large_image","twitter_misc":{"Napisane przez":"Ks. Jacek","Szacowany czas czytania":"16 minut"},"schema":{"@context":"https:\/\/schema.org","@graph":[{"@type":"WebPage","@id":"https:\/\/gaudiumetspes-blog.pl\/index.php\/2020\/05\/31\/kiedy-nadszedl-dzien-piecdziesiatnicy\/","url":"https:\/\/gaudiumetspes-blog.pl\/index.php\/2020\/05\/31\/kiedy-nadszedl-dzien-piecdziesiatnicy\/","name":"Kiedy nadszed\u0142 Dzie\u0144 Pi\u0119\u0107dziesi\u0105tnicy... - Gaudium Et Spes","isPartOf":{"@id":"https:\/\/gaudiumetspes-blog.pl\/#website"},"datePublished":"2020-05-31T03:22:41+00:00","author":{"@id":"https:\/\/gaudiumetspes-blog.pl\/#\/schema\/person\/1661982992b752dea8dff0d4ed845a65"},"breadcrumb":{"@id":"https:\/\/gaudiumetspes-blog.pl\/index.php\/2020\/05\/31\/kiedy-nadszedl-dzien-piecdziesiatnicy\/#breadcrumb"},"inLanguage":"pl-PL","potentialAction":[{"@type":"ReadAction","target":["https:\/\/gaudiumetspes-blog.pl\/index.php\/2020\/05\/31\/kiedy-nadszedl-dzien-piecdziesiatnicy\/"]}]},{"@type":"BreadcrumbList","@id":"https:\/\/gaudiumetspes-blog.pl\/index.php\/2020\/05\/31\/kiedy-nadszedl-dzien-piecdziesiatnicy\/#breadcrumb","itemListElement":[{"@type":"ListItem","position":1,"name":"Strona g\u0142\u00f3wna","item":"https:\/\/gaudiumetspes-blog.pl\/"},{"@type":"ListItem","position":2,"name":"Kiedy nadszed\u0142 Dzie\u0144 Pi\u0119\u0107dziesi\u0105tnicy&#8230;"}]},{"@type":"WebSite","@id":"https:\/\/gaudiumetspes-blog.pl\/#website","url":"https:\/\/gaudiumetspes-blog.pl\/","name":"Gaudium Et Spes","description":"Blog Ks. Jacka Ja\u015bkowskiego","potentialAction":[{"@type":"SearchAction","target":{"@type":"EntryPoint","urlTemplate":"https:\/\/gaudiumetspes-blog.pl\/?s={search_term_string}"},"query-input":{"@type":"PropertyValueSpecification","valueRequired":true,"valueName":"search_term_string"}}],"inLanguage":"pl-PL"},{"@type":"Person","@id":"https:\/\/gaudiumetspes-blog.pl\/#\/schema\/person\/1661982992b752dea8dff0d4ed845a65","name":"Ks. Jacek","image":{"@type":"ImageObject","inLanguage":"pl-PL","@id":"https:\/\/gaudiumetspes-blog.pl\/#\/schema\/person\/image\/","url":"https:\/\/gaudiumetspes-blog.pl\/wp-content\/uploads\/2019\/07\/avatar-JJ-150x150.jpg","contentUrl":"https:\/\/gaudiumetspes-blog.pl\/wp-content\/uploads\/2019\/07\/avatar-JJ-150x150.jpg","caption":"Ks. Jacek"},"description":"Witam serdecznie! K\u0142ania si\u0119 Ks. Jacek Ja\u015bkowski. Nie jestem ani kim\u015b wa\u017cnym, ani kim\u015b znanym. Jestem ksi\u0119dzem, kt\u00f3ry po prostu chce rozmawia\u0107. Codzienna kap\u0142a\u0144ska pos\u0142uga pokazuje mi, \u017ce temat\u00f3w do rozm\u00f3w z ksi\u0119dzem jest coraz wi\u0119cej i dzisiaj \u017caden ksi\u0105dz nie mo\u017ce od nich ucieka\u0107, ale - wprost przeciwnie - podejmowa\u0107 nowe wyzwania. To przekonanie sk\u0142oni\u0142o mnie do pr\u00f3by otwarcia tego\u017c bloga, chocia\u017c okazji do rozm\u00f3w na co dzie\u0144 - w konfesjonale i poza nim - na szcz\u0119\u015bcie nie brakuje. My\u015bl\u0119 jednak, \u017ce ten blog b\u0119dzie jeszcze jednym sposobem i przestrzeni\u0105 nawi\u0105zania kontaktu z lud\u017ami dobrej woli, otwartymi na dialog.","url":"https:\/\/gaudiumetspes-blog.pl\/index.php\/author\/ks-jacek\/"}]}},"jetpack_featured_media_url":"","jetpack_sharing_enabled":true,"_links":{"self":[{"href":"https:\/\/gaudiumetspes-blog.pl\/index.php\/wp-json\/wp\/v2\/posts\/17108","targetHints":{"allow":["GET"]}}],"collection":[{"href":"https:\/\/gaudiumetspes-blog.pl\/index.php\/wp-json\/wp\/v2\/posts"}],"about":[{"href":"https:\/\/gaudiumetspes-blog.pl\/index.php\/wp-json\/wp\/v2\/types\/post"}],"author":[{"embeddable":true,"href":"https:\/\/gaudiumetspes-blog.pl\/index.php\/wp-json\/wp\/v2\/users\/1"}],"replies":[{"embeddable":true,"href":"https:\/\/gaudiumetspes-blog.pl\/index.php\/wp-json\/wp\/v2\/comments?post=17108"}],"version-history":[{"count":3,"href":"https:\/\/gaudiumetspes-blog.pl\/index.php\/wp-json\/wp\/v2\/posts\/17108\/revisions"}],"predecessor-version":[{"id":17111,"href":"https:\/\/gaudiumetspes-blog.pl\/index.php\/wp-json\/wp\/v2\/posts\/17108\/revisions\/17111"}],"wp:attachment":[{"href":"https:\/\/gaudiumetspes-blog.pl\/index.php\/wp-json\/wp\/v2\/media?parent=17108"}],"wp:term":[{"taxonomy":"category","embeddable":true,"href":"https:\/\/gaudiumetspes-blog.pl\/index.php\/wp-json\/wp\/v2\/categories?post=17108"},{"taxonomy":"post_tag","embeddable":true,"href":"https:\/\/gaudiumetspes-blog.pl\/index.php\/wp-json\/wp\/v2\/tags?post=17108"}],"curies":[{"name":"wp","href":"https:\/\/api.w.org\/{rel}","templated":true}]}}