{"id":17112,"date":"2020-06-01T08:17:40","date_gmt":"2020-06-01T06:17:40","guid":{"rendered":"https:\/\/gaudiumetspes-blog.pl\/?p=17112"},"modified":"2020-06-01T08:17:40","modified_gmt":"2020-06-01T06:17:40","slug":"doskonale-posluszna-bogu","status":"publish","type":"post","link":"https:\/\/gaudiumetspes-blog.pl\/index.php\/2020\/06\/01\/doskonale-posluszna-bogu\/","title":{"rendered":"Doskonale pos\u0142uszna Bogu!"},"content":{"rendered":"<p align=\"justify\"><span style=\"color: #000000;\"><span style=\"font-family: Book Antiqua, serif;\"><span style=\"font-size: large;\">Szcz\u0119\u015b\u0107 Bo\u017ce! Moi Drodzy, w dniu dzisiejszym <b>imieniny prze\u017cywa Jakub Biernacki, nale\u017c\u0105cy w swoim czasie do Wsp\u00f3lnoty m\u0142odzie\u017cowej w Tr\u0105bkach. Modl\u0119 si\u0119 dla Niego o wszelkie Bo\u017ce dary i dobre natchnienia! Niech Mu Pan we wszystkim b\u0142ogos\u0142awi!<\/b><\/span><\/span><\/span><\/p>\n<p align=\"justify\"><span style=\"color: #000000;\"><span style=\"font-family: Book Antiqua, serif;\"><span style=\"font-size: large;\"><b>Modlitw\u0105 ogarniam tak\u017ce wszystkie Dzieci \u2013 w dniu ich \u015bwi\u0119ta. Niech zawsze ciesz\u0105 si\u0119 jak najlepsz\u0105 atmosfer\u0105 swoich dom\u00f3w rodzinnych, otoczone bezgraniczn\u0105, m\u0105dr\u0105 i wymagaj\u0105c\u0105 mi\u0142o\u015bci\u0105 swoich rodzic\u00f3w.<\/b><\/span><\/span><\/span><\/p>\n<p align=\"justify\"><span style=\"color: #000000;\"><span style=\"font-family: Book Antiqua, serif;\"><span style=\"font-size: large;\">I jeszcze jeden, wa\u017cny wymiar dzisiejszego dnia. Oto, o godzinie 11:00, w Katedrze siedleckiej, \u015bwi\u0119cenia biskupie przyjmie Ksi\u0105dz Grzegorz Suchodolski, nowy Biskup pomocniczy naszej Diecezji. Transmisja z tego wydarzenia b\u0119dzie w Telewizji TRWAM. <\/span><\/span><\/span><\/p>\n<p align=\"justify\"><span style=\"color: #000000;\"><span style=\"font-family: Book Antiqua, serif;\"><span style=\"font-size: large;\">Prosz\u0119 o modlitw\u0119 za nowego Pasterza, aby by\u0142 odwa\u017cny! Przede wszystkim \u2013 odwa\u017cny w swoim zaufaniu do Boga i w \u015bwiadczeniu o Jego wszechmocy! Ostatnie tygodnie dobitnie bowiem pokaza\u0142y, jak bardzo naszym Pasterzom potrzeba odwagi w wierze i w \u015bwiadectwie! M\u00f3dlmy si\u0119 o ni\u0105 dla Biskupa Grzegorza! I o wszelkie inne dary, potrzebne do pe\u0142nienia pos\u0142ugi.<\/span><\/span><\/span><\/p>\n<p align=\"justify\"><span style=\"color: #000000;\"><span style=\"font-family: Book Antiqua, serif;\"><span style=\"font-size: large;\">Niech nasze modlitwy zaniesie przed Bo\u017cy Tron Naj\u015bwi\u0119tsza Maryja Panna, kt\u00f3r\u0105 czcimy dzisiaj jako Matk\u0119 Ko\u015bcio\u0142a.<\/span><\/span><\/span><\/p>\n<p align=\"justify\"><span style=\"color: #000000;\"><span style=\"font-family: Book Antiqua, serif;\"><span style=\"font-size: large;\"><b>Niech Was b\u0142ogos\u0142awi B\u00f3g Wszechmog\u0105cy: Ojciec + i Syn, i Duch \u015awi\u0119ty. Amen<\/b><\/span><\/span><\/span><\/p>\n<p align=\"center\"><span style=\"color: #000000;\"><span style=\"font-family: Book Antiqua, serif;\"><span style=\"font-size: large;\">Gaudium et spes! Ks. Jacek<\/span><\/span><\/span><\/p>\n<p align=\"center\">\n<p align=\"center\">\n<p align=\"center\">\n<p align=\"center\">\n<p align=\"center\">\n<p align=\"justify\"><span style=\"color: #000000;\"><span style=\"font-family: Book Antiqua, serif;\"><span style=\"font-size: large;\"><b>\u015awi\u0119to Naj\u015bwi\u0119tszej Maryi Panny, Matki Ko\u015bcio\u0142a,<\/b><\/span><\/span><\/span><\/p>\n<p align=\"justify\"><span style=\"color: #000000;\"><span style=\"font-family: Book Antiqua, serif;\"><span style=\"font-size: large;\"><b>1 czerwca 2020.,<\/b><\/span><\/span><\/span><\/p>\n<p align=\"justify\"><span style=\"color: #000000;\"><span style=\"font-family: Book Antiqua, serif;\"><span style=\"font-size: large;\"><b>do czyta\u0144 z t. VI Lekcjonarza: <\/b><\/span><\/span><\/span><\/p>\n<p align=\"justify\"><span style=\"color: #000000;\"> <span style=\"font-size: large;\"><span style=\"font-family: Book Antiqua, serif;\"><b>Rdz 3,9\u201315.20 <\/b><\/span><span style=\"font-family: Book Antiqua, serif;\"><b>albo:<\/b><\/span> <span style=\"font-family: Book Antiqua, serif;\"><b>Dz 1,12\u201314; J 2,1\u201311<\/b><\/span><\/span><\/span><\/p>\n<p align=\"justify\">\n<p align=\"justify\">\n<p align=\"justify\">\n<p align=\"justify\">\n<p align=\"justify\">\n<p align=\"justify\"><span style=\"color: #000000;\"><span style=\"font-family: Book Antiqua, serif;\"><span style=\"font-size: large;\"><b>CZYTANIE Z KSI\u0118GI RODZAJU:<\/b><\/span><\/span><\/span><\/p>\n<p align=\"justify\"><span style=\"color: #000000;\"><span style=\"font-family: Book Antiqua, serif;\"><span style=\"font-size: large;\"><b>Gdy Adam zjad\u0142 owoc z drzewa zakazanego, Pan B\u00f3g zawo\u0142a\u0142 na niego i zapyta\u0142 go: \u201eGdzie jeste\u015b?\u201d<\/b><\/span><\/span><\/span><\/p>\n<p align=\"justify\"><span style=\"color: #000000;\"><span style=\"font-family: Book Antiqua, serif;\"><span style=\"font-size: large;\"><b>On odpowiedzia\u0142: \u201eUs\u0142ysza\u0142em Tw\u00f3j g\u0142os w ogrodzie, przestraszy\u0142em si\u0119, bo jestem nagi, i ukry\u0142em si\u0119\u201d.<\/b><\/span><\/span><\/span><\/p>\n<p align=\"justify\"><span style=\"color: #000000;\"><span style=\"font-family: Book Antiqua, serif;\"><span style=\"font-size: large;\"><b>Rzek\u0142 B\u00f3g: \u201eKt\u00f3\u017c ci powiedzia\u0142, \u017ce jeste\u015b nagi? Czy mo\u017ce zjad\u0142e\u015b z drzewa, z kt\u00f3rego ci zakaza\u0142em je\u015b\u0107?\u201d<\/b><\/span><\/span><\/span><\/p>\n<p align=\"justify\"><span style=\"color: #000000;\"><span style=\"font-family: Book Antiqua, serif;\"><span style=\"font-size: large;\"><b>M\u0119\u017cczyzna odpowiedzia\u0142: \u201eNiewiasta, kt\u00f3r\u0105 postawi\u0142e\u015b przy mnie, da\u0142a mi owoc z tego drzewa, i zjad\u0142em\u201d.<\/b><\/span><\/span><\/span><\/p>\n<p align=\"justify\"><span style=\"color: #000000;\"><span style=\"font-family: Book Antiqua, serif;\"><span style=\"font-size: large;\"><b>Wtedy Pan B\u00f3g rzek\u0142 do niewiasty: \u201eDlaczego to uczyni\u0142a\u015b?\u201d<\/b><\/span><\/span><\/span><\/p>\n<p align=\"justify\"><span style=\"color: #000000;\"><span style=\"font-family: Book Antiqua, serif;\"><span style=\"font-size: large;\"><b>Niewiasta odpowiedzia\u0142a: \u201eW\u0105\u017c mnie zwi\u00f3d\u0142, i zjad\u0142am\u201d.<\/b><\/span><\/span><\/span><\/p>\n<p align=\"justify\"><span style=\"color: #000000;\"><span style=\"font-family: Book Antiqua, serif;\"><span style=\"font-size: large;\"><b>Wtedy Pan B\u00f3g rzek\u0142 do w\u0119\u017ca: \u201ePoniewa\u017c to uczyni\u0142e\u015b, b\u0105d\u017a przekl\u0119ty w\u015br\u00f3d wszystkich zwierz\u0105t domowych i polnych, na brzuchu b\u0119dziesz si\u0119 czo\u0142ga\u0142 i proch b\u0119dziesz jad\u0142 po wszystkie dni twego istnienia. Wprowadzam nieprzyja\u017a\u0144 mi\u0119dzy ciebie a niewiast\u0119, pomi\u0119dzy potomstwo twoje a potomstwo jej: ono zmia\u017cd\u017cy ci g\u0142ow\u0119, a ty zmia\u017cd\u017cysz mu pi\u0119t\u0119\u201d.<\/b><\/span><\/span><\/span><\/p>\n<p align=\"justify\"><span style=\"color: #000000;\"><span style=\"font-family: Book Antiqua, serif;\"><span style=\"font-size: large;\"><b>M\u0119\u017cczyzna da\u0142 swej \u017conie imi\u0119 Ewa, bo ona sta\u0142a si\u0119 matk\u0105 wszystkich \u017cyj\u0105cych.<\/b><\/span><\/span><\/span><\/p>\n<p align=\"justify\">\n<p align=\"justify\">\n<p align=\"justify\">\n<p align=\"justify\">\n<p align=\"justify\">\n<p align=\"center\"><span style=\"color: #000000;\"><span style=\"font-family: Book Antiqua, serif;\"><span style=\"font-size: large;\"><b>ALBO:<\/b><\/span><\/span><\/span><\/p>\n<p align=\"center\">\n<p align=\"center\">\n<p align=\"center\">\n<p align=\"center\">\n<p align=\"center\">\n<p align=\"justify\"><span style=\"color: #000000;\"><span style=\"font-family: Book Antiqua, serif;\"><span style=\"font-size: large;\"><b>CZYTANIE Z DZIEJ\u00d3W APOSTOLSKICH: <\/b><\/span><\/span><\/span><\/p>\n<p align=\"justify\"><span style=\"color: #000000;\"><span style=\"font-family: Book Antiqua, serif;\"><span style=\"font-size: large;\"><b>Gdy Jezus zosta\u0142 wzi\u0119ty do nieba, Aposto\u0142owie wr\u00f3cili do Jerozolimy z g\u00f3ry, zwanej Oliwn\u0105, kt\u00f3ra le\u017cy blisko Jerozolimy, w odleg\u0142o\u015bci drogi szabatowej. Przybywszy tam, weszli do sali na g\u00f3rze i przebywali w niej: Piotr i Jan, Jakub i Andrzej, Filip i Tomasz, Bart\u0142omiej i Mateusz, Jakub, syn Alfeusza, i Szymon Gorliwy, i Juda, brat Jakuba. <\/b><\/span><\/span><\/span><\/p>\n<p align=\"justify\"><span style=\"color: #000000;\"><span style=\"font-family: Book Antiqua, serif;\"><span style=\"font-size: large;\"><b>Wszyscy oni trwali jednomy\u015blnie na modlitwie razem z niewiastami, Maryj\u0105, Matk\u0105 Jezusa, i Jego bra\u0107mi.<\/b><\/span><\/span><\/span><\/p>\n<p align=\"justify\">\n<p align=\"justify\">\n<p align=\"justify\">\n<p align=\"justify\">\n<p align=\"justify\">\n<p align=\"justify\"><span style=\"color: #000000;\"><span style=\"font-family: Book Antiqua, serif;\"><span style=\"font-size: large;\"><b>S\u0141OWA EWANGELII WED\u0141UG \u015aWI\u0118TEGO JANA; <\/b><\/span><\/span><\/span><\/p>\n<p align=\"justify\"><span style=\"color: #000000;\"><span style=\"font-family: Book Antiqua, serif;\"><span style=\"font-size: large;\"><b>W Kanie Galilejskiej odbywa\u0142o si\u0119 wesele i by\u0142a tam Matka Jezusa. <\/b><\/span><\/span><\/span><\/p>\n<p align=\"justify\"><span style=\"color: #000000;\"><span style=\"font-family: Book Antiqua, serif;\"><span style=\"font-size: large;\"><b>Zaproszono na to wesele tak\u017ce Jezusa i Jego uczni\u00f3w. A kiedy zabrak\u0142o wina, Matka Jezusa m\u00f3wi do Niego: \u201eNie maj\u0105 ju\u017c wina\u201d. <\/b><\/span><\/span><\/span><\/p>\n<p align=\"justify\"><span style=\"color: #000000;\"><span style=\"font-family: Book Antiqua, serif;\"><span style=\"font-size: large;\"><b>Jezus Jej odpowiedzia\u0142: \u201eCzy\u017c to moja lub Twoja sprawa, Niewiasto? Jeszcze nie nadesz\u0142a godzina moja.\u201d <\/b><\/span><\/span><\/span><\/p>\n<p align=\"justify\"><span style=\"color: #000000;\"><span style=\"font-family: Book Antiqua, serif;\"><span style=\"font-size: large;\"><b>Wtedy Matka Jego powiedzia\u0142a do s\u0142ug: \u201eZr\u00f3bcie wszystko, cokolwiek wam powie\u201d. <\/b><\/span><\/span><\/span><\/p>\n<p align=\"justify\"><span style=\"color: #000000;\"><span style=\"font-family: Book Antiqua, serif;\"><span style=\"font-size: large;\"><b>Sta\u0142o za\u015b tam sze\u015b\u0107 st\u0105gwi kamiennych, przeznaczonych do \u017cydowskich oczyszcze\u0144, z kt\u00f3rych ka\u017cda mog\u0142a pomie\u015bci\u0107 dwie lub trzy miary. <\/b><\/span><\/span><\/span><\/p>\n<p align=\"justify\"><span style=\"color: #000000;\"><span style=\"font-family: Book Antiqua, serif;\"><span style=\"font-size: large;\"><b>Rzek\u0142 do nich Jezus: \u201eNape\u0142nijcie st\u0105gwie wod\u0105\u201d. I nape\u0142nili je a\u017c po brzegi. <\/b><\/span><\/span><\/span><\/p>\n<p align=\"justify\"><span style=\"color: #000000;\"><span style=\"font-family: Book Antiqua, serif;\"><span style=\"font-size: large;\"><b>Potem do nich powiedzia\u0142: \u201eZaczerpnijcie teraz i zanie\u015bcie staro\u015bcie weselnemu\u201d. Oni za\u015b zanie\u015bli. <\/b><\/span><\/span><\/span><\/p>\n<p align=\"justify\"><span style=\"color: #000000;\"><span style=\"font-family: Book Antiqua, serif;\"><span style=\"font-size: large;\"><b>A gdy starosta weselny skosztowa\u0142 wody, kt\u00f3ra sta\u0142a si\u0119 winem \u2013 nie wiedzia\u0142 bowiem, sk\u0105d ono pochodzi, ale s\u0142udzy, kt\u00f3rzy czerpali wod\u0119, wiedzieli \u2013 przywo\u0142a\u0142 pana m\u0142odego i powiedzia\u0142 do niego: \u201eKa\u017cdy cz\u0142owiek stawia najpierw dobre wino, a gdy si\u0119 napij\u0105, w\u00f3wczas gorsze. Ty zachowa\u0142e\u015b dobre wino a\u017c do tej pory\u201d. <\/b><\/span><\/span><\/span><\/p>\n<p align=\"justify\"><span style=\"color: #000000;\"><span style=\"font-family: Book Antiqua, serif;\"><span style=\"font-size: large;\"><b>Taki to pocz\u0105tek znak\u00f3w uczyni\u0142 Jezus w Kanie Galilejskiej. Objawi\u0142 swoj\u0105 chwa\u0142\u0119 i uwierzyli w Niego Jego uczniowie.<\/b><\/span><\/span><\/span><\/p>\n<p align=\"justify\">\n<p align=\"justify\">\n<p align=\"justify\">\n<p align=\"justify\">\n<p align=\"justify\">\n<p align=\"justify\"><span style=\"color: #000000;\"><span style=\"font-family: Book Antiqua, serif;\"><span style=\"font-size: large;\">\u015awi\u0119to Maryi, Matki Ko\u015bcio\u0142a, obchodzone w poniedzia\u0142ek po uroczysto\u015bci Zes\u0142ania Ducha \u015awi\u0119tego, zosta\u0142o wprowadzone do polskiego kalendarza liturgicznego <b>w dniu<\/b><b> 4 maja 1971 r<\/b><b>oku,<\/b> przez Episkopat Polski \u2013 za zgod\u0105 Papie\u017ca Paw\u0142a VI. Dzie\u0144 ten zosta\u0142 wybrany dlatego, \u017ce <b>Zes\u0142anie Ducha \u015awi\u0119tego by\u0142o pocz\u0105tkiem dzia\u0142alno\u015bci Ko\u015bcio\u0142a. <\/b><\/span><\/span><\/span><\/p>\n<p align=\"justify\"><span style=\"color: #000000;\"><span style=\"font-family: Book Antiqua, serif;\"><span style=\"font-size: large;\">Jak podaj\u0105 Dzieje Apostolskie \u2013 a s\u0142yszymy to tak\u017ce dzisiaj, w drugim z danych nam do wyboru czyta\u0144 \u2013 w momencie Zes\u0142ania Ducha \u015awi\u0119tego w Wieczerniku obecni byli wszyscy Aposto\u0142owie, kt\u00f3rzy <i><b>trwali jednomy\u015blnie na modlitwie razem z niewiastami, Maryj\u0105, Matk\u0105 Jezusa, i bra\u0107mi Jego.<\/b><\/i> Matka Naj\u015bwi\u0119tsza, Oblubienica Ducha \u015awi\u0119tego, moc\u0105 kt\u00f3rego w dniu Zwiastowania pocz\u0119\u0142a Jezusa Chrystusa, <b>prze\u017cy\u0142a w Wieczerniku wraz z Aposto\u0142ami<\/b> zst\u0105pienie Ducha Mi\u0142o\u015bci na Ko\u015bci\u00f3\u0142. Od tej chwili Maryja, Wspomo\u017cycielka Wiernych i Matka Ko\u015bcio\u0142a, towarzyszy Ko\u015bcio\u0142owi w \u015bwiecie.<\/span><\/span><\/span><\/p>\n<p align=\"justify\"><span style=\"color: #000000;\"><span style=\"font-family: Book Antiqua, serif;\"><span style=\"font-size: large;\"><b>Maryja jest Matk\u0105 Ko\u015bcio\u0142a.<\/b> Tytu\u0142 ten dawali Matce Naj\u015bwi\u0119tszej teologowie ju\u017c od pocz\u0105tk\u00f3w dziej\u00f3w Ko\u015bcio\u0142a, a w ostatnim stuleciu Papie\u017ce: Leon XIII, Jan XXIII i Pawe\u0142 VI. <b>Biskupi polscy z\u0142o\u017cyli Paw\u0142owi VI \u201eMemoria\u0142\u201d z gor\u0105c\u0105 pro\u015bb\u0105<\/b> o og\u0142oszenie Maryi Matk\u0105 Ko\u015bcio\u0142a i oddanie ponowne Jej macierzy\u0144skiemu Sercu ca\u0142ej rodziny ludzkiej. <b>Prymas Polski, Stefan <\/b><b>Kardyna\u0142 <\/b><b>Wyszy\u0144ski,<\/b> w imieniu siedemdziesi\u0119ciu biskup\u00f3w polskich, <b>w dniu 16 wrze\u015bnia 1964 roku, <\/b>podczas trzeciej sesji soborowej, <b>wyg\u0142osi\u0142 przem\u00f3wienie,<\/b> uzasadniaj\u0105c konieczno\u015b\u0107 og\u0142oszenia Maryi Matk\u0105 Ko\u015bcio\u0142a. <\/span><\/span><\/span><\/p>\n<p align=\"justify\"><span style=\"color: #000000;\"><span style=\"font-family: Book Antiqua, serif;\"><span style=\"font-size: large;\">Powo\u0142ywa\u0142 si\u0119 na do\u015bwiadczenia naszego Narodu, dla kt\u00f3rego Matka Chrystusowa, obecna w naszych dziejach, i zawsze przez nas wzywana, <b>by\u0142a ratunkiem, pomoc\u0105 i zwyci\u0119stwem.<\/b> Biskupi polscy zabiegali r\u00f3wnie\u017c bardzo o to, aby nauka o Matce Naj\u015bwi\u0119tszej zosta\u0142a <b>w\u0142\u0105czona do Konstytucji o Ko\u015bciele,<\/b> gdy\u017c to podkre\u015bla godno\u015b\u0107 Maryi jako Matki Ko\u015bcio\u0142a i Jej czynn\u0105 obecno\u015b\u0107 w misterium Chrystusa i Ko\u015bcio\u0142a.<\/span><\/span><\/span><\/p>\n<p align=\"justify\"><span style=\"color: #000000;\"><span style=\"font-family: Book Antiqua, serif;\"><span style=\"font-size: large;\">W 1968 roku, <b>Papie\u017c<\/b><b> Pawe\u0142 VI potwierdzi\u0142 swoje orzeczenie o Matce Ko\u015bcio\u0142a<\/b> w Wyznaniu Wiary, w tak zwanym CREDO<b> <\/b>Paw\u0142owym. Episkopat Polski w\u0142\u0105czy\u0142 w\u00f3wczas do Litanii Loreta\u0144skiej nowe wezwanie: <b>\u201eMatko Ko\u015bcio\u0142a, m\u00f3dl si\u0119 za nami\u201d. <\/b>Wni\u00f3s\u0142 r\u00f3wnocze\u015bnie pro\u015bb\u0119 do Stolicy \u015awi\u0119tej, aby wezwanie to znalaz\u0142o si\u0119<b> w Litanii odmawianej w Ko\u015bciele Powszechnym,<\/b> i aby Papie\u017c ustanowi\u0142 \u015awi\u0119to Matki Ko\u015bcio\u0142a r\u00f3wnie\u017c dla ca\u0142ego Ko\u015bcio\u0142a Powszechnego.<b> <\/b>I rzeczywi\u015bcie, <b>od 2018 roku, ca\u0142y Ko\u015bci\u00f3\u0142 obchodzi <\/b>wspomnienie Maryi jako Matki Ko\u015bcio\u0142a. U nas, wspomnienie to pozosta\u0142o w randze \u015bwi\u0119ta liturgicznego.<\/span><\/span><\/span><\/p>\n<p align=\"justify\"><span style=\"color: #000000;\"><span style=\"font-family: Book Antiqua, serif;\"><span style=\"font-size: large;\">S\u0142uchaj\u0105c uwa\u017cnie czyta\u0144 dzisiejszej liturgii S\u0142owa, odkrywamy po raz kolejny, <b>na czym tak naprawd\u0119 polega <\/b>pe\u0142nienie przez Maryi Jej misji w Ko\u015bciele. Zaznaczmy, \u017ce jest to misja <b>jedyna w swoim rodzaju i niepowtarzalna<\/b> \u2013 nikomu bowiem nie przypad\u0142a w udziale i nigdy nie przypadnie a\u017c tak wielka blisko\u015b\u0107 z Bogiem, by sta\u0107 si\u0119 <b>ziemsk\u0105 Matk\u0105 Wcielonego S\u0142owa Bo\u017cego \u2013 Bo\u017cego Syna.<\/b> W ten spos\u00f3b najwi\u0119ksza, naj\u015bwi\u0119tsza i najpi\u0119kniejsza z niewiast, Maryja, <b>zaradzi\u0142a nieszcz\u0119\u015bciu,<\/b> jaki w Raju spowodowa\u0142a pierwsza niewiasta, Ewa, dopuszczaj\u0105c si\u0119 <b>grzechu niepos\u0142usze\u0144stwa Bogu. <\/b><\/span><\/span><\/span><\/p>\n<p align=\"justify\"><span style=\"color: #000000;\"><span style=\"font-family: Book Antiqua, serif;\"><span style=\"font-size: large;\">Maryja sama <b>by\u0142a pos\u0142uszna <\/b>\u2013 ju\u017c od chwili Zwiastowania, a\u017c do ko\u0144ca swego ziemskiego \u017cycia \u2013 dzisiaj za\u015b s\u0142yszymy, \u017ce <b>tego pos\u0142usze\u0144stwa uczy nas wszystkich,<\/b> bardzo jednoznacznymi s\u0142owami, skierowanymi do s\u0142ug weselnych w Kanie Galilejskiej: <i><b>Zr\u00f3bcie wszystko, cokolwiek wam powie. <\/b><\/i>Oczywi\u015bcie, wszystko to, co powie <b>Jezus.<\/b> <\/span><\/span><\/span><\/p>\n<p align=\"justify\"><span style=\"color: #000000;\"><span style=\"font-family: Book Antiqua, serif;\"><span style=\"font-size: large;\">A uczy\u0142a si\u0119 tego pos\u0142usze\u0144stwa przez ca\u0142e \u017cycie, <b>s\u0142uchaj\u0105c i rozwa\u017caj\u0105c w sercu<\/b> to wszystko, co Jezus m\u00f3wi\u0142 i co czyni\u0142. Kiedy za\u015b odszed\u0142 w postaci widzialnej do Nieba, Ona z Aposto\u0142ami uda\u0142a si\u0119 do Wieczernika, <b>aby tam wsp\u00f3lnie si\u0119 modli\u0107<\/b> \u2013 i w ten spos\u00f3b nadal ws\u0142uchiwa\u0107 si\u0119 w g\u0142os Bo\u017cy, <b>m\u00f3wi\u0105cy do Jej serca<\/b> i serc Aposto\u0142\u00f3w, i innych cz\u0142onk\u00f3w wsp\u00f3lnoty Ko\u015bcio\u0142a. Maryja zatem budowa\u0142a swoj\u0105 blisko\u015b\u0107 z Jezusem i realizowa\u0142a swoj\u0105 misj\u0119 <b>przede wszystkim poprzez pos\u0142usze\u0144stwo Bogu!<\/b> <\/span><\/span><\/span><\/p>\n<p align=\"justify\"><span style=\"color: #000000;\"><span style=\"font-family: Book Antiqua, serif;\"><span style=\"font-size: large;\">I je\u017celi dzisiaj czcimy J\u0105 jako Matk\u0119 Ko\u015bcio\u0142a, a liturgia S\u0142owa ukazuj\u0119 J\u0105 w\u0142a\u015bnie jako <b>Niewiast\u0119 doskonale Bogu pos\u0142uszn\u0105,<\/b> to jest to dla nas jasne i konkretne wskazanie, aby\u015bmy \u2013 jako Ko\u015bci\u00f3\u0142 \u2013 tak\u017ce poszli t\u0105 drog\u0105 i <b>zachowali pos\u0142usze\u0144stwo Bogu<\/b> poprzez wczytywanie si\u0119 i coraz g\u0142\u0119bsze rozumienie nauki Pisma \u015awi\u0119tego. <b>Pomo\u017ce nam w tym z pewno\u015bci\u0105 Duch \u015awi\u0119ty,<\/b> kt\u00f3rego Zst\u0105pienie wczoraj prze\u017cywali\u015bmy \u2013 i w jakim\u015b sensie nadal prze\u017cywamy, skoro tradycyjnie dzisiejsze \u015awi\u0119to nazywa si\u0119 drugim dniem wczorajszego \u015bwi\u0119towania. <\/span><\/span><\/span><\/p>\n<p align=\"justify\"><span style=\"color: #000000;\"><span style=\"font-family: Book Antiqua, serif;\"><span style=\"font-size: large;\">Niech Maryja, Matka Ko\u015bcio\u0142a, wyprasza ca\u0142emu Ko\u015bcio\u0142owi \u2013 jego pasterzom i wiernym \u015bwieckim \u2013 \u0142<b>ask\u0119 pe\u0142nego pos\u0142usze\u0144stwa Bogu!<\/b> Niech wyprasza zar\u00f3wno pasterzom, jak i wiernym \u015bwieckim, <b>\u0142ask\u0119 pos\u0142usze\u0144stwa Ko\u015bcio\u0142owi, <\/b>od wiek\u00f3w nauczaj\u0105cego niezmiennych prawd Bo\u017cych! Niech ten wymiar Jej postawy \u2013 doskona\u0142e pos\u0142usze\u0144stwo Bogu \u2013 b\u0119dzie<b> tak\u017ce znakiem rozpoznawczym wszystkich Jej duchowych dzieci!<\/b><\/span><\/span><\/span><\/p>\n","protected":false},"excerpt":{"rendered":"<p>Szcz\u0119\u015b\u0107 Bo\u017ce! Moi Drodzy, w dniu dzisiejszym imieniny prze\u017cywa Jakub Biernacki, nale\u017c\u0105cy w swoim czasie do Wsp\u00f3lnoty m\u0142odzie\u017cowej w Tr\u0105bkach. Modl\u0119 si\u0119 dla Niego o wszelkie Bo\u017ce dary i dobre natchnienia! Niech Mu Pan we wszystkim b\u0142ogos\u0142awi! Modlitw\u0105 ogarniam tak\u017ce wszystkie Dzieci \u2013 w dniu ich \u015bwi\u0119ta. Niech zawsze ciesz\u0105 si\u0119 jak najlepsz\u0105 atmosfer\u0105 swoich [&hellip;]<\/p>\n","protected":false},"author":1,"featured_media":0,"comment_status":"open","ping_status":"open","sticky":false,"template":"","format":"standard","meta":{"jetpack_post_was_ever_published":false,"_jetpack_newsletter_access":"","_jetpack_dont_email_post_to_subs":false,"_jetpack_newsletter_tier_id":0,"_jetpack_memberships_contains_paywalled_content":false,"_jetpack_memberships_contains_paid_content":false,"footnotes":""},"categories":[1],"tags":[],"class_list":["post-17112","post","type-post","status-publish","format-standard","hentry","category-bez-kategorii"],"yoast_head":"<!-- This site is optimized with the Yoast SEO plugin v25.1 - https:\/\/yoast.com\/wordpress\/plugins\/seo\/ -->\n<title>Doskonale pos\u0142uszna Bogu! - Gaudium Et Spes<\/title>\n<meta name=\"robots\" content=\"index, follow, max-snippet:-1, max-image-preview:large, max-video-preview:-1\" \/>\n<link rel=\"canonical\" href=\"https:\/\/gaudiumetspes-blog.pl\/index.php\/2020\/06\/01\/doskonale-posluszna-bogu\/\" \/>\n<meta property=\"og:locale\" content=\"pl_PL\" \/>\n<meta property=\"og:type\" content=\"article\" \/>\n<meta property=\"og:title\" content=\"Doskonale pos\u0142uszna Bogu! - Gaudium Et Spes\" \/>\n<meta property=\"og:description\" content=\"Szcz\u0119\u015b\u0107 Bo\u017ce! Moi Drodzy, w dniu dzisiejszym imieniny prze\u017cywa Jakub Biernacki, nale\u017c\u0105cy w swoim czasie do Wsp\u00f3lnoty m\u0142odzie\u017cowej w Tr\u0105bkach. Modl\u0119 si\u0119 dla Niego o wszelkie Bo\u017ce dary i dobre natchnienia! Niech Mu Pan we wszystkim b\u0142ogos\u0142awi! Modlitw\u0105 ogarniam tak\u017ce wszystkie Dzieci \u2013 w dniu ich \u015bwi\u0119ta. Niech zawsze ciesz\u0105 si\u0119 jak najlepsz\u0105 atmosfer\u0105 swoich [&hellip;]\" \/>\n<meta property=\"og:url\" content=\"https:\/\/gaudiumetspes-blog.pl\/index.php\/2020\/06\/01\/doskonale-posluszna-bogu\/\" \/>\n<meta property=\"og:site_name\" content=\"Gaudium Et Spes\" \/>\n<meta property=\"article:published_time\" content=\"2020-06-01T06:17:40+00:00\" \/>\n<meta name=\"author\" content=\"Ks. Jacek\" \/>\n<meta name=\"twitter:card\" content=\"summary_large_image\" \/>\n<meta name=\"twitter:label1\" content=\"Napisane przez\" \/>\n\t<meta name=\"twitter:data1\" content=\"Ks. Jacek\" \/>\n\t<meta name=\"twitter:label2\" content=\"Szacowany czas czytania\" \/>\n\t<meta name=\"twitter:data2\" content=\"8 minut\" \/>\n<script type=\"application\/ld+json\" class=\"yoast-schema-graph\">{\"@context\":\"https:\/\/schema.org\",\"@graph\":[{\"@type\":\"WebPage\",\"@id\":\"https:\/\/gaudiumetspes-blog.pl\/index.php\/2020\/06\/01\/doskonale-posluszna-bogu\/\",\"url\":\"https:\/\/gaudiumetspes-blog.pl\/index.php\/2020\/06\/01\/doskonale-posluszna-bogu\/\",\"name\":\"Doskonale pos\u0142uszna Bogu! - Gaudium Et Spes\",\"isPartOf\":{\"@id\":\"https:\/\/gaudiumetspes-blog.pl\/#website\"},\"datePublished\":\"2020-06-01T06:17:40+00:00\",\"author\":{\"@id\":\"https:\/\/gaudiumetspes-blog.pl\/#\/schema\/person\/1661982992b752dea8dff0d4ed845a65\"},\"breadcrumb\":{\"@id\":\"https:\/\/gaudiumetspes-blog.pl\/index.php\/2020\/06\/01\/doskonale-posluszna-bogu\/#breadcrumb\"},\"inLanguage\":\"pl-PL\",\"potentialAction\":[{\"@type\":\"ReadAction\",\"target\":[\"https:\/\/gaudiumetspes-blog.pl\/index.php\/2020\/06\/01\/doskonale-posluszna-bogu\/\"]}]},{\"@type\":\"BreadcrumbList\",\"@id\":\"https:\/\/gaudiumetspes-blog.pl\/index.php\/2020\/06\/01\/doskonale-posluszna-bogu\/#breadcrumb\",\"itemListElement\":[{\"@type\":\"ListItem\",\"position\":1,\"name\":\"Strona g\u0142\u00f3wna\",\"item\":\"https:\/\/gaudiumetspes-blog.pl\/\"},{\"@type\":\"ListItem\",\"position\":2,\"name\":\"Doskonale pos\u0142uszna Bogu!\"}]},{\"@type\":\"WebSite\",\"@id\":\"https:\/\/gaudiumetspes-blog.pl\/#website\",\"url\":\"https:\/\/gaudiumetspes-blog.pl\/\",\"name\":\"Gaudium Et Spes\",\"description\":\"Blog Ks. Jacka Ja\u015bkowskiego\",\"potentialAction\":[{\"@type\":\"SearchAction\",\"target\":{\"@type\":\"EntryPoint\",\"urlTemplate\":\"https:\/\/gaudiumetspes-blog.pl\/?s={search_term_string}\"},\"query-input\":{\"@type\":\"PropertyValueSpecification\",\"valueRequired\":true,\"valueName\":\"search_term_string\"}}],\"inLanguage\":\"pl-PL\"},{\"@type\":\"Person\",\"@id\":\"https:\/\/gaudiumetspes-blog.pl\/#\/schema\/person\/1661982992b752dea8dff0d4ed845a65\",\"name\":\"Ks. Jacek\",\"image\":{\"@type\":\"ImageObject\",\"inLanguage\":\"pl-PL\",\"@id\":\"https:\/\/gaudiumetspes-blog.pl\/#\/schema\/person\/image\/\",\"url\":\"https:\/\/gaudiumetspes-blog.pl\/wp-content\/uploads\/2019\/07\/avatar-JJ-150x150.jpg\",\"contentUrl\":\"https:\/\/gaudiumetspes-blog.pl\/wp-content\/uploads\/2019\/07\/avatar-JJ-150x150.jpg\",\"caption\":\"Ks. Jacek\"},\"description\":\"Witam serdecznie! K\u0142ania si\u0119 Ks. Jacek Ja\u015bkowski. Nie jestem ani kim\u015b wa\u017cnym, ani kim\u015b znanym. Jestem ksi\u0119dzem, kt\u00f3ry po prostu chce rozmawia\u0107. Codzienna kap\u0142a\u0144ska pos\u0142uga pokazuje mi, \u017ce temat\u00f3w do rozm\u00f3w z ksi\u0119dzem jest coraz wi\u0119cej i dzisiaj \u017caden ksi\u0105dz nie mo\u017ce od nich ucieka\u0107, ale - wprost przeciwnie - podejmowa\u0107 nowe wyzwania. To przekonanie sk\u0142oni\u0142o mnie do pr\u00f3by otwarcia tego\u017c bloga, chocia\u017c okazji do rozm\u00f3w na co dzie\u0144 - w konfesjonale i poza nim - na szcz\u0119\u015bcie nie brakuje. My\u015bl\u0119 jednak, \u017ce ten blog b\u0119dzie jeszcze jednym sposobem i przestrzeni\u0105 nawi\u0105zania kontaktu z lud\u017ami dobrej woli, otwartymi na dialog.\",\"url\":\"https:\/\/gaudiumetspes-blog.pl\/index.php\/author\/ks-jacek\/\"}]}<\/script>\n<!-- \/ Yoast SEO plugin. -->","yoast_head_json":{"title":"Doskonale pos\u0142uszna Bogu! - Gaudium Et Spes","robots":{"index":"index","follow":"follow","max-snippet":"max-snippet:-1","max-image-preview":"max-image-preview:large","max-video-preview":"max-video-preview:-1"},"canonical":"https:\/\/gaudiumetspes-blog.pl\/index.php\/2020\/06\/01\/doskonale-posluszna-bogu\/","og_locale":"pl_PL","og_type":"article","og_title":"Doskonale pos\u0142uszna Bogu! - Gaudium Et Spes","og_description":"Szcz\u0119\u015b\u0107 Bo\u017ce! Moi Drodzy, w dniu dzisiejszym imieniny prze\u017cywa Jakub Biernacki, nale\u017c\u0105cy w swoim czasie do Wsp\u00f3lnoty m\u0142odzie\u017cowej w Tr\u0105bkach. Modl\u0119 si\u0119 dla Niego o wszelkie Bo\u017ce dary i dobre natchnienia! Niech Mu Pan we wszystkim b\u0142ogos\u0142awi! Modlitw\u0105 ogarniam tak\u017ce wszystkie Dzieci \u2013 w dniu ich \u015bwi\u0119ta. Niech zawsze ciesz\u0105 si\u0119 jak najlepsz\u0105 atmosfer\u0105 swoich [&hellip;]","og_url":"https:\/\/gaudiumetspes-blog.pl\/index.php\/2020\/06\/01\/doskonale-posluszna-bogu\/","og_site_name":"Gaudium Et Spes","article_published_time":"2020-06-01T06:17:40+00:00","author":"Ks. Jacek","twitter_card":"summary_large_image","twitter_misc":{"Napisane przez":"Ks. Jacek","Szacowany czas czytania":"8 minut"},"schema":{"@context":"https:\/\/schema.org","@graph":[{"@type":"WebPage","@id":"https:\/\/gaudiumetspes-blog.pl\/index.php\/2020\/06\/01\/doskonale-posluszna-bogu\/","url":"https:\/\/gaudiumetspes-blog.pl\/index.php\/2020\/06\/01\/doskonale-posluszna-bogu\/","name":"Doskonale pos\u0142uszna Bogu! - Gaudium Et Spes","isPartOf":{"@id":"https:\/\/gaudiumetspes-blog.pl\/#website"},"datePublished":"2020-06-01T06:17:40+00:00","author":{"@id":"https:\/\/gaudiumetspes-blog.pl\/#\/schema\/person\/1661982992b752dea8dff0d4ed845a65"},"breadcrumb":{"@id":"https:\/\/gaudiumetspes-blog.pl\/index.php\/2020\/06\/01\/doskonale-posluszna-bogu\/#breadcrumb"},"inLanguage":"pl-PL","potentialAction":[{"@type":"ReadAction","target":["https:\/\/gaudiumetspes-blog.pl\/index.php\/2020\/06\/01\/doskonale-posluszna-bogu\/"]}]},{"@type":"BreadcrumbList","@id":"https:\/\/gaudiumetspes-blog.pl\/index.php\/2020\/06\/01\/doskonale-posluszna-bogu\/#breadcrumb","itemListElement":[{"@type":"ListItem","position":1,"name":"Strona g\u0142\u00f3wna","item":"https:\/\/gaudiumetspes-blog.pl\/"},{"@type":"ListItem","position":2,"name":"Doskonale pos\u0142uszna Bogu!"}]},{"@type":"WebSite","@id":"https:\/\/gaudiumetspes-blog.pl\/#website","url":"https:\/\/gaudiumetspes-blog.pl\/","name":"Gaudium Et Spes","description":"Blog Ks. Jacka Ja\u015bkowskiego","potentialAction":[{"@type":"SearchAction","target":{"@type":"EntryPoint","urlTemplate":"https:\/\/gaudiumetspes-blog.pl\/?s={search_term_string}"},"query-input":{"@type":"PropertyValueSpecification","valueRequired":true,"valueName":"search_term_string"}}],"inLanguage":"pl-PL"},{"@type":"Person","@id":"https:\/\/gaudiumetspes-blog.pl\/#\/schema\/person\/1661982992b752dea8dff0d4ed845a65","name":"Ks. Jacek","image":{"@type":"ImageObject","inLanguage":"pl-PL","@id":"https:\/\/gaudiumetspes-blog.pl\/#\/schema\/person\/image\/","url":"https:\/\/gaudiumetspes-blog.pl\/wp-content\/uploads\/2019\/07\/avatar-JJ-150x150.jpg","contentUrl":"https:\/\/gaudiumetspes-blog.pl\/wp-content\/uploads\/2019\/07\/avatar-JJ-150x150.jpg","caption":"Ks. Jacek"},"description":"Witam serdecznie! K\u0142ania si\u0119 Ks. Jacek Ja\u015bkowski. Nie jestem ani kim\u015b wa\u017cnym, ani kim\u015b znanym. Jestem ksi\u0119dzem, kt\u00f3ry po prostu chce rozmawia\u0107. Codzienna kap\u0142a\u0144ska pos\u0142uga pokazuje mi, \u017ce temat\u00f3w do rozm\u00f3w z ksi\u0119dzem jest coraz wi\u0119cej i dzisiaj \u017caden ksi\u0105dz nie mo\u017ce od nich ucieka\u0107, ale - wprost przeciwnie - podejmowa\u0107 nowe wyzwania. To przekonanie sk\u0142oni\u0142o mnie do pr\u00f3by otwarcia tego\u017c bloga, chocia\u017c okazji do rozm\u00f3w na co dzie\u0144 - w konfesjonale i poza nim - na szcz\u0119\u015bcie nie brakuje. My\u015bl\u0119 jednak, \u017ce ten blog b\u0119dzie jeszcze jednym sposobem i przestrzeni\u0105 nawi\u0105zania kontaktu z lud\u017ami dobrej woli, otwartymi na dialog.","url":"https:\/\/gaudiumetspes-blog.pl\/index.php\/author\/ks-jacek\/"}]}},"jetpack_featured_media_url":"","jetpack_sharing_enabled":true,"_links":{"self":[{"href":"https:\/\/gaudiumetspes-blog.pl\/index.php\/wp-json\/wp\/v2\/posts\/17112","targetHints":{"allow":["GET"]}}],"collection":[{"href":"https:\/\/gaudiumetspes-blog.pl\/index.php\/wp-json\/wp\/v2\/posts"}],"about":[{"href":"https:\/\/gaudiumetspes-blog.pl\/index.php\/wp-json\/wp\/v2\/types\/post"}],"author":[{"embeddable":true,"href":"https:\/\/gaudiumetspes-blog.pl\/index.php\/wp-json\/wp\/v2\/users\/1"}],"replies":[{"embeddable":true,"href":"https:\/\/gaudiumetspes-blog.pl\/index.php\/wp-json\/wp\/v2\/comments?post=17112"}],"version-history":[{"count":1,"href":"https:\/\/gaudiumetspes-blog.pl\/index.php\/wp-json\/wp\/v2\/posts\/17112\/revisions"}],"predecessor-version":[{"id":17113,"href":"https:\/\/gaudiumetspes-blog.pl\/index.php\/wp-json\/wp\/v2\/posts\/17112\/revisions\/17113"}],"wp:attachment":[{"href":"https:\/\/gaudiumetspes-blog.pl\/index.php\/wp-json\/wp\/v2\/media?parent=17112"}],"wp:term":[{"taxonomy":"category","embeddable":true,"href":"https:\/\/gaudiumetspes-blog.pl\/index.php\/wp-json\/wp\/v2\/categories?post=17112"},{"taxonomy":"post_tag","embeddable":true,"href":"https:\/\/gaudiumetspes-blog.pl\/index.php\/wp-json\/wp\/v2\/tags?post=17112"}],"curies":[{"name":"wp","href":"https:\/\/api.w.org\/{rel}","templated":true}]}}