{"id":17158,"date":"2020-06-06T08:04:29","date_gmt":"2020-06-06T06:04:29","guid":{"rendered":"https:\/\/gaudiumetspes-blog.pl\/?p=17158"},"modified":"2020-06-06T08:08:13","modified_gmt":"2020-06-06T06:08:13","slug":"w-pore-nie-w-pore","status":"publish","type":"post","link":"https:\/\/gaudiumetspes-blog.pl\/index.php\/2020\/06\/06\/w-pore-nie-w-pore\/","title":{"rendered":"W por\u0119 &#8211; nie w por\u0119&#8230;"},"content":{"rendered":"<p align=\"justify\"><span style=\"color: #000000;\"><span style=\"font-family: Book Antiqua, serif;\"><span style=\"font-size: large;\">Szcz\u0119\u015b\u0107 Bo\u017ce! Moi Drodzy, <b>w czwartek, 4 czerwca, imieniny prze\u017cywali:<\/b><\/span><\/span><\/span><\/p>\n<p align=\"justify\"><span style=\"color: #000000;\">\u25ba<span style=\"font-family: Book Antiqua, serif;\"><span style=\"font-size: large;\"><b>Karol Kulikowski, za moich czas\u00f3w \u2013 Lektor i Wiceprezes S\u0142u\u017cby liturgicznej w Radory\u017cu Ko\u015bcielnym, czyli w Parafii mojego pierwszego wikariatu;<\/b><\/span><\/span><\/span><\/p>\n<p align=\"justify\"><span style=\"color: #000000;\">\u25ba<span style=\"font-family: Book Antiqua, serif;\"><span style=\"font-size: large;\"><b>Karol Bisek \u2013 za moich czas\u00f3w, Szef Wsp\u00f3lnoty m\u0142odzie\u017cowej w Serokomli, gdzie mieszka\u0142em przez kilka miesi\u0119cy, w czasie studi\u00f3w na KUL.<\/b><\/span><\/span><\/span><\/p>\n<p align=\"justify\"><span style=\"color: #000000;\"><span style=\"font-family: Book Antiqua, serif;\"><span style=\"font-size: large;\"><b>Urodziny natomiast prze\u017cywa\u0142a tego dnia Ma\u0142gorzata Osypiuk, nale\u017c\u0105ca do jednej z m\u0142odzie\u017cowych Wsp\u00f3lnot.<\/b><\/span><\/span><\/span><\/p>\n<p align=\"justify\"><span style=\"color: #000000;\"><span style=\"font-family: Book Antiqua, serif;\"><span style=\"font-size: large;\"><b>Z koeli, wczoraj, w pi\u0105tek, 5 czerwca, urodziny prze\u017cywa\u0142a Katarzyna Centkowska, tak\u017ce nale\u017c\u0105ca w swoim czasie do jednej ze Wsp\u00f3lnot.<\/b><\/span><\/span><\/span><\/p>\n<p align=\"justify\"><span style=\"color: #000000;\"><span style=\"font-family: Book Antiqua, serif;\"><span style=\"font-size: large;\"><b>Dzisiaj za\u015b rocznic\u0119 \u015bwi\u0119ce\u0144 kap\u0142a\u0144skich prze\u017cywa Ksi\u0105dz Leszek Mu\u0107ka, m\u00f3j Przyjaciel, obchodz\u0105cy niedawno imieniny. W ostatnich dniach Ksi\u0105dz Leszek zyska\u0142 tytu\u0142 licencjata, co w naukach teologicznych plasuje si\u0119 wy\u017cej od magisterium i daje pewne prawa i przywileje w Ko\u015bciele, jak chocia\u017cby prawo nauczania na uczelniach katolickich. I \u2013 o czym te\u017c warto wspomnie\u0107 \u2013 mo\u017cliwo\u015b\u0107 zostania biskupem\u2026 \u017bycz\u0119 Ksi\u0119dzu Leszkowi otwarcia serca na wszelkie propozycje, jakie Pan sam Mu z\u0142o\u017cy, a na najbli\u017csze miesi\u0105ce \u2013 cierpliwo\u015bci i wytrwa\u0142o\u015bci w przygotowaniu doktoratu!<\/b><\/span><\/span><\/span><\/p>\n<p align=\"justify\"><span style=\"color: #000000;\"><span style=\"font-family: Book Antiqua, serif;\"><span style=\"font-size: large;\"><b>Rocznic\u0119 \u015bwi\u0119ce\u0144 prze\u017cywaj\u0105 dzi\u015b tak\u017ce:<\/b><\/span><\/span><\/span><\/p>\n<p align=\"justify\"><span style=\"color: #000000;\">\u25ba<span style=\"font-family: Book Antiqua, serif;\"><span style=\"font-size: large;\"><b>Ksi\u0105dz Kanonik Jan Grochowski, Proboszcz w Parafii w Tr\u0105bkach, a tak\u017ce Proboszcz mojego pierwszego wikariatu \u2013 Kap\u0142an, kt\u00f3ry w m\u0105dry spos\u00f3b wprowadzi\u0142 mnie w kap\u0142a\u0144stwo;<\/b><\/span><\/span><\/span><\/p>\n<p align=\"justify\"><span style=\"color: #000000;\">\u25ba<span style=\"font-family: Book Antiqua, serif;\"><span style=\"font-size: large;\"><b>Ksi\u0105dz Miros\u0142aw Wasiak, Proboszcz w Parafii w Celestynowie, w Diecezji Warszawsko \u2013 praskiej.<\/b><\/span><\/span><\/span><\/p>\n<p align=\"justify\"><span style=\"color: #000000;\"><span style=\"font-family: Book Antiqua, serif;\"><span style=\"font-size: large;\"><b>Urodziny prze\u017cywa natomiast dzisiaj Jacek Marczuk, nale\u017c\u0105cy w swoim czasie do Wsp\u00f3lnoty m\u0142odzie\u017cowej w Bia\u0142ej Podlaskiej.<\/b><\/span><\/span><\/span><\/p>\n<p align=\"justify\"><span style=\"color: #000000;\"><span style=\"font-family: Book Antiqua, serif;\"><span style=\"font-size: large;\"><b>A imieniny prze\u017cywaj\u0105 dzi\u015b:<\/b><\/span><\/span><\/span><\/p>\n<p align=\"justify\"><span style=\"color: #000000;\">\u25ba<span style=\"font-family: Book Antiqua, serif;\"><span style=\"font-size: large;\"><b>Ksi\u0105dz Norbert Taratycki, Kap\u0142an z naszej Diecezji;<\/b><\/span><\/span><\/span><\/p>\n<p align=\"justify\"><span style=\"color: #000000;\">\u25ba<span style=\"font-family: Book Antiqua, serif;\"><span style=\"font-size: large;\"><b>Norbert Piwek \u2013 dobry Cz\u0142owiek z Parafii w Tr\u0105bkach;<\/b><\/span><\/span><\/span><\/p>\n<p align=\"justify\"><span style=\"color: #000000;\">\u25ba<span style=\"font-family: Book Antiqua, serif;\"><span style=\"font-size: large;\"><b>Dominika Sionek, Siostra Kuby, kt\u00f3ry pisa\u0142 w swoim czasie rozwa\u017cania na naszym blogu.<\/b><\/span><\/span><\/span><\/p>\n<p align=\"justify\"><span style=\"color: #000000;\"><span style=\"font-family: Book Antiqua, serif;\"><span style=\"font-size: large;\"><b>Wszystkim \u015bwi\u0119tuj\u0105cym w tych dniach \u017cycz\u0119 mocy serca i apostolskiej odwagi do \u015bwiadczenia o Chrystusie, o czym wi\u0119cej w<\/b> <b>rozwa\u017caniu. Co oczywiste \u2013 zapewniam o modlitwie!<\/b><\/span><\/span><\/span><\/p>\n<p align=\"justify\"><span style=\"color: #000000;\"><span style=\"font-family: Book Antiqua, serif;\"><span style=\"font-size: large;\"><b>Moi Drodzy, w dniu wczorajszym, po d\u0142ugiej i ci\u0119\u017ckiej chorobie serca odszed\u0142 do Pana Ksi\u0105dz Kanonik Piotr Wojdat, m\u00f3j Kolega kursowy. Zapewne, wiele Os\u00f3b z naszej Diecezji wie, o kim m\u00f3wi\u0119, natomiast innych zach\u0119cam do poznania bli\u017cej Jego sylwetki chocia\u017cby z tych oto artyku\u0142\u00f3w:<\/b><\/span><\/span><\/span><\/p>\n<p align=\"justify\"><span style=\"color: #000000;\"><span style=\"font-family: Book Antiqua, serif;\"><span style=\"font-size: medium;\"><span style=\"font-size: large;\"><a href=\"http:\/\/podlasie24.pl\/\/miasto-siedlce\/kosciol\/odszedl-ks.-piotr-wojdat--2e83e.html\">http:\/\/podlasie24.pl\/\/miasto-siedlce\/kosciol\/odszedl-ks.-piotr-wojdat&#8211;2e83e.html<\/a> <\/span><\/span><\/span><\/span><\/p>\n<p align=\"justify\"><span style=\"color: #000000;\"><span style=\"font-family: Book Antiqua, serif;\"><span style=\"font-size: medium;\"><span style=\"font-size: large;\"><a href=\"http:\/\/podlasie24.pl\/\/miasto-siedlce\/kosciol\/ks.-piotr-wojdat-we-wspomnieniach...-2e845.html\">http:\/\/podlasie24.pl\/\/miasto-siedlce\/kosciol\/ks.-piotr-wojdat-we-wspomnieniach&#8230;-2e845.html<\/a> <\/span><\/span><\/span><\/span><\/p>\n<p align=\"justify\"><span style=\"color: #000000;\"><span style=\"font-family: Book Antiqua, serif;\"><span style=\"font-size: medium;\"><span style=\"font-size: large;\"><a href=\"http:\/\/podlasie24.pl\/\/miasto-siedlce\/kosciol\/ksieza-emeryci-dziekuja-za-posluge-sp.-ks.-kan.-piotra-wojdata-2e853.html\">http:\/\/podlasie24.pl\/\/miasto-siedlce\/kosciol\/ksieza-emeryci-dziekuja-za-posluge-sp.-ks.-kan.-piotra-wojdata-2e853.html<\/a> <\/span><\/span><\/span><\/span><\/p>\n<p align=\"justify\"><span style=\"color: #000000;\"><span style=\"font-family: Book Antiqua, serif;\"><span style=\"font-size: large;\">Wsp\u00f3\u0142pracowa\u0142em z Ksi\u0119dzem Piotrem w\u0142a\u015bnie na Pielgrzymce, b\u0119d\u0105c przez kilka lat Jego Zast\u0119pc\u0105, kiedy by\u0142 Kierownikiem Pielgrzymki. Ale te\u017c w pami\u0119ci od\u017cywa wiele innych, dobrych wspomnie\u0144, pocz\u0105wszy od lat seminaryjnych\u2026 <\/span><\/span><\/span><\/p>\n<p align=\"justify\"><span style=\"color: #000000;\"><span style=\"font-family: Book Antiqua, serif;\"><span style=\"font-size: large;\">Ostatnio Ksi\u0105dz Piotr ci\u0119\u017cko chorowa\u0142 na serce, w perspektywie by\u0142 przeszczep\u2026 Rozmawiali\u015bmy o tym we wtorek, kiedy by\u0142em u Niego w odwiedzinach, w domu. Wiadomo by\u0142o w\u00f3wczas, \u017ce stan jest powa\u017cny i leczenie w toku, ale naprawd\u0119 ani On, ani nikt z nas, nie spodziewa\u0142 si\u0119, \u017ce to ostatnie dni\u2026 Przecie\u017c tego dnia, we wtorek, je\u017adzi\u0142 jeszcze po Siedlcach, za\u0142atwiaj\u0105c r\u00f3\u017cne sprawy, w poniedzia\u0142ek sam by\u0142 u lekarza\u2026 A wczoraj rano ju\u017c by\u0142 u Pana\u2026<\/span><\/span><\/span><\/p>\n<p align=\"justify\"><span style=\"color: #000000;\"><span style=\"font-family: Book Antiqua, serif;\"><span style=\"font-size: large;\">Wybaczcie, ale nie jestem w stanie teraz napisa\u0107 nic wi\u0119cej, bo za du\u017co my\u015bli k\u0142\u0119bi si\u0119 w g\u0142owie. Je\u017celi komu\u015b czas pozwoli, to prosz\u0119 o \u0142\u0105czno\u015b\u0107 duchow\u0105 w trakcie obu Mszy \u015awi\u0119tych pogrzebowych, o kt\u00f3rych napisano w artyku\u0142ach, a kt\u00f3re b\u0119d\u0105 transmitowane przez nasze diecezjalne Radio. Niech Pan da Piotrowi wieczn\u0105 rado\u015b\u0107 bez ko\u0144ca! Dzi\u0119ki, Piotrze, za wszystkie nasze wsp\u00f3lne lata\u2026 <\/span><\/span><\/span><\/p>\n<p align=\"justify\"><span style=\"color: #000000;\"><span style=\"font-family: Book Antiqua, serif;\"><span style=\"font-size: large;\">Moi Drodzy, dzi\u0119kujemy Ksi\u0119dzu Markowi i Siostrze Joannie za cotygodniowy dy\u017cur \u201es\u0142\u00f3wkowy\u201d. Jak\u017ce bardzo nasz blog ubogacaj\u0105 te Ich refleksje, nieprawda\u017c? Dzi\u0119kujemy za wszystkie refleksje i \u015bwiadectwa. Naprawd\u0119, jest nad czym pomy\u015ble\u0107. Pozw\u00f3lcie, \u017ce w tym momencie odwo\u0142am si\u0119 do jednej my\u015bli Ksi\u0119dza Marka, a mianowicie do tej, \u017ce jednak u nas odwo\u0142ano ju\u017c ograniczenia co do liczby uczestnik\u00f3w liturgii. Warto wi\u0119c wybra\u0107 si\u0119 do ko\u015bcio\u0142a \u2013 bo chyba niekt\u00f3rzy jeszcze siedz\u0105 w domach, mimo drzwi otwartych! To taka sytuacja odwrotna do tej z Ewangelii. Raz jeszcze, wielkie dzi\u0119ki Ksi\u0119dzu Markowi i Siostrze Joannie! Modlitw\u0105 wspieramy budow\u0119 domu parafialnego, ale te\u017c to duchowe, codzienne budowanie\u2026<\/span><\/span><\/span><\/p>\n<p align=\"justify\"><span style=\"color: #000000;\"><span style=\"font-family: Book Antiqua, serif;\"><span style=\"font-size: large;\">A dzisiaj \u2013 pierwsza sobota miesi\u0105ca. Zach\u0119cam tak\u017ce do udzia\u0142u w nabo\u017ce\u0144stwie czerwcowym!<\/span><\/span><\/span><\/p>\n<p align=\"justify\"><span style=\"color: #000000;\"><span style=\"font-family: Book Antiqua, serif;\"><span style=\"font-size: large;\"><b>Niech Was b\u0142ogos\u0142awi B\u00f3g Wszechmog\u0105cy: Ojciec + i Syn, i Duch \u015awi\u0119ty. Amen<\/b><\/span><\/span><\/span><\/p>\n<p align=\"center\"><span style=\"color: #000000;\"><span style=\"font-family: Book Antiqua, serif;\"><span style=\"font-size: large;\">Gaudium et spes! Ks. Jacek<\/span><\/span><\/span><\/p>\n<p align=\"center\">\n<p align=\"center\">\n<p align=\"center\">\n<p align=\"center\">\n<p align=\"center\">\n<p align=\"justify\"><span style=\"color: #000000;\"><span style=\"font-family: Book Antiqua, serif;\"><span style=\"font-size: large;\"><b>Sobota 9 Tygodnia zwyk\u0142ego, rok II,<\/b><\/span><\/span><\/span><\/p>\n<p align=\"justify\"><span style=\"color: #000000;\"><span style=\"font-family: Book Antiqua, serif;\"><span style=\"font-size: large;\"><b>6 czerwca 2020.,<\/b><\/span><\/span><\/span><\/p>\n<p align=\"justify\"><span style=\"color: #000000;\"><span style=\"font-family: Book Antiqua, serif;\"><span style=\"font-size: large;\"><b>do czyta\u0144: 2 Tm 4,1\u20138; Mk 12,38\u201344<\/b><\/span><\/span><\/span><\/p>\n<p align=\"justify\">\n<p align=\"justify\">\n<p align=\"justify\">\n<p align=\"justify\">\n<p align=\"justify\">\n<p align=\"justify\"><span style=\"color: #000000;\"><span style=\"font-family: Book Antiqua, serif;\"><span style=\"font-size: large;\"><b>CZYTANIE Z DRUGIEGO LISTU \u015aWI\u0118TEGO PAW\u0141A APOSTO\u0141A DO TYMOTEUSZA:<\/b><\/span><\/span><\/span><\/p>\n<p align=\"justify\"><span style=\"color: #000000;\"><span style=\"font-family: Book Antiqua, serif;\"><span style=\"font-size: large;\"><b>Najmilszy: Zaklinam ci\u0119 wobec Boga i Chrystusa Jezusa, kt\u00f3ry b\u0119dzie s\u0105dzi\u0142 \u017cywych i umar\u0142ych, i na Jego pojawienie si\u0119, i na Jego kr\u00f3lestwo: g\u0142o\u015b nauk\u0119, nastawaj w por\u0119, nie w por\u0119, w razie potrzeby wyka\u017c b\u0142\u0105d, poucz, podnie\u015b na duchu z ca\u0142\u0105 cierpliwo\u015bci\u0105, ilekro\u0107 nauczasz. Przyjdzie bowiem chwila, kiedy zdrowej nauki nie b\u0119d\u0105 znosili, ale wed\u0142ug w\u0142asnych po\u017c\u0105da\u0144 \u2013 poniewa\u017c ich uszy \u015bwierzbi\u0105 \u2013 b\u0119d\u0105 sobie mno\u017cyli nauczycieli. B\u0119d\u0105 si\u0119 odwracali od s\u0142uchania prawdy, a obr\u00f3c\u0105 si\u0119 ku zmy\u015blonym opowiadaniom. Ty za\u015b czuwaj we wszystkim, zno\u015b trudy, wykonaj dzie\u0142o ewangelisty, spe\u0142nij swe pos\u0142ugiwanie.<\/b><\/span><\/span><\/span><\/p>\n<p align=\"justify\"><span style=\"color: #000000;\"><span style=\"font-family: Book Antiqua, serif;\"><span style=\"font-size: large;\"><b>Albowiem krew moja ju\u017c ma by\u0107 wylana na ofiar\u0119, a chwila mojej roz\u0142\u0105ki nadesz\u0142a. W dobrych zawodach wyst\u0105pi\u0142em, bieg uko\u0144czy\u0142em, wiar\u0119 ustrzeg\u0142em. Na ostatek od\u0142o\u017cono dla mnie wieniec sprawiedliwo\u015bci, kt\u00f3ry mi w owym dniu odda Pan, sprawiedliwy S\u0119dzia, a nie tylko mnie, ale i wszystkich, kt\u00f3rzy umi\u0142owali pojawienie si\u0119 Jego.<\/b><\/span><\/span><\/span><\/p>\n<p align=\"justify\">\n<p align=\"justify\">\n<p align=\"justify\">\n<p align=\"justify\">\n<p align=\"justify\">\n<p align=\"justify\"><span style=\"color: #000000;\"><span style=\"font-family: Book Antiqua, serif;\"><span style=\"font-size: large;\"><b>S\u0141OWA EWANGELII WED\u0141UG \u015aWI\u0118TEGO MARKA:<\/b><\/span><\/span><\/span><\/p>\n<p align=\"justify\"><span style=\"color: #000000;\"><span style=\"font-family: Book Antiqua, serif;\"><span style=\"font-size: large;\"><b>Jezus nauczaj\u0105c rzesze m\u00f3wi\u0142: \u201eStrze\u017ccie si\u0119 uczonych w Pi\u015bmie. Z upodobaniem chodz\u0105 oni w pow\u0142\u00f3czystych szatach, lubi\u0105 pozdrowienia na rynku, pierwsze krzes\u0142a w synagogach i zaszczytne miejsca na ucztach. Objadaj\u0105 domy wd\u00f3w i dla pozoru odprawiaj\u0105 d\u0142ugie modlitwy. Ci tym surowszy dostan\u0105 wyrok\u201d.<\/b><\/span><\/span><\/span><\/p>\n<p align=\"justify\"><span style=\"color: #000000;\"><span style=\"font-family: Book Antiqua, serif;\"><span style=\"font-size: large;\"><b>Potem usiad\u0142 naprzeciw skarbony i przypatrywa\u0142 si\u0119, jak t\u0142um wrzuca\u0142 drobne pieni\u0105dze do skarbony. Wielu bogatych wrzuca\u0142o wiele. Przysz\u0142a te\u017c jedna uboga wdowa i wrzuci\u0142a dwa pieni\u0105\u017cki, czyli jeden grosz.<\/b><\/span><\/span><\/span><\/p>\n<p align=\"justify\"><span style=\"color: #000000;\"><span style=\"font-family: Book Antiqua, serif;\"><span style=\"font-size: large;\"><b>Wtedy przywo\u0142a\u0142 swoich uczni\u00f3w i rzek\u0142 do nich: \u00abZaprawd\u0119, powiadam wam: Ta uboga wdowa wrzuci\u0142a najwi\u0119cej ze wszystkich, kt\u00f3rzy k\u0142adli do skarbony. Wszyscy bowiem wrzucali z tego, co im zbywa\u0142o; ona za\u015b ze swego niedostatku wrzuci\u0142a wszystko, co mia\u0142a, ca\u0142e swe utrzymanie\u201d.<\/b><\/span><\/span><\/span><\/p>\n<p align=\"justify\">\n<p align=\"justify\">\n<p align=\"justify\">\n<p align=\"justify\">\n<p align=\"justify\">\n<p align=\"justify\"><span style=\"color: #000000;\"><span style=\"font-family: Book Antiqua, serif;\"><span style=\"font-size: large;\">Mo\u017cna chyba powiedzie\u0107, \u017ce Listy Aposto\u0142a Paw\u0142a do Biskupa Tymoteusza to <b>prawdziwy skarbiec m\u0105drych my\u015bli, <\/b>szczeg\u00f3lnie adresowanych do pasterzy Ko\u015bcio\u0142a \u2013 i w og\u00f3le do duchownych, czy konsekrowanych \u2013 <b>ale przecie\u017c nie tylko.<\/b> Bo nawet je\u017celi kt\u00f3re\u015b zdanie wydaje si\u0119 odnosi\u0107 rzeczywi\u015bcie g\u0142\u00f3wnie do tych, kt\u00f3rym <b>Pan <\/b><b>w spos\u00f3b uroczysty <\/b><b>zleci\u0142 w <\/b><b>swoim<\/b><b> Ko\u015bciele<\/b> misj\u0119 pastersk\u0105, lub misj\u0119 nauczania, czy u\u015bwi\u0119cania, to jednak po spokojnym namy\u015ble i spojrzeniu na ca\u0142y problem z nieco szerszej perspektywy, \u0142atwo dostrze\u017cemy, \u017ce sprawa dotyczy tak naprawd\u0119 <b>wszystkich wierz\u0105cych.<\/b> Nie tylko ksi\u0119\u017cy. <\/span><\/span><\/span><\/p>\n<p align=\"justify\"><span style=\"color: #000000;\"><span style=\"font-family: Book Antiqua, serif;\"><span style=\"font-size: large;\">Tak te\u017c jest i z dzisiejszym przes\u0142aniem, cho\u0107by ze s\u0142owami: <i><b>G<\/b><\/i><i><b>\u0142o\u015b nauk\u0119, nastawaj w por\u0119, nie w por\u0119, w razie potrzeby wyka\u017c b\u0142\u0105d, poucz, podnie\u015b na duchu z ca\u0142\u0105 cierpliwo\u015bci\u0105, ilekro\u0107 nauczasz.<\/b><\/i> <\/span><\/span><\/span><\/p>\n<p align=\"justify\"><span style=\"color: #000000;\"><span style=\"font-family: Book Antiqua, serif;\"><span style=\"font-size: large;\">Oczywi\u015bcie, \u017ce pierwsze skojarzenie podpowiada nam, by <b>odnie\u015b\u0107 to do duchownych.<\/b> Jednak czy wszyscy inni nie powinni odnale\u017a\u0107 tu wskaza\u0144 dla siebie? Bo chocia\u017c biskup, kap\u0142an czy siostra zakonna <b>powinni w pierwszym rz\u0119dzie <\/b>wype\u0142ni\u0107 to zadanie, to jednak \u2013 chocia\u017c w inny spos\u00f3b \u2013 tak\u017ce wszyscy wierz\u0105cy maj\u0105 si\u0119 tego zadania podj\u0105\u0107. <\/span><\/span><\/span><\/p>\n<p align=\"justify\"><span style=\"color: #000000;\"><span style=\"font-family: Book Antiqua, serif;\"><span style=\"font-size: large;\">Pomimo tego, \u017ce zar\u00f3wno duchowni, jak i \u015bwieccy g\u0142osiciele Dobrej Nowiny, musz\u0105 si\u0119 liczy\u0107 z takimi oto przeciwno\u015bciami, zapowiedzianymi przez Aposto\u0142a Paw\u0142a: <i><b>Przyjdzie bowiem chwila, kiedy zdrowej nauki nie b\u0119d\u0105 znosili, ale wed\u0142ug w\u0142asnych po\u017c\u0105da\u0144 \u2013 poniewa\u017c ich uszy \u015bwierzbi\u0105 \u2013 b\u0119d\u0105 sobie mno\u017cyli nauczycieli. B\u0119d\u0105 si\u0119 odwracali od s\u0142uchania prawdy, a obr\u00f3c\u0105 si\u0119 ku zmy\u015blonym opowiadaniom.<\/b><\/i><b> <\/b><\/span><\/span><\/span><\/p>\n<p align=\"justify\"><span style=\"color: #000000;\"><span style=\"font-family: Book Antiqua, serif;\"><span style=\"font-size: large;\">Pomimo tego, Pawe\u0142 wzywa Tymoteusza: <i><b>Ty za\u015b czuwaj we wszystkim, zno\u015b trudy, wykonaj dzie\u0142o ewangelisty, spe\u0142nij swe pos\u0142ugiwanie.<\/b><\/i> Ot\u00f3\u017c, w\u0142a\u015bnie! Im bardziej uszy b\u0119d\u0105 \u015bwierzbi\u0107 przeciwnik\u00f3w, <b>tym bardziej uczniowie Pana maj\u0105 g\u0142osi\u0107<\/b> s\u0142owa jedynej prawdy. Maj\u0105 nastawa\u0107 <i><b>w por\u0119 i nie w por\u0119. <\/b><\/i>A to znaczy, \u017ce zawsze. Sk\u0105d bowiem w og\u00f3le to rozr\u00f3\u017cnienie \u2013 <i><b>w por\u0119 i nie w por\u0119?<\/b><\/i> <\/span><\/span><\/span><\/p>\n<p align=\"justify\"><span style=\"color: #000000;\"><span style=\"font-family: Book Antiqua, serif;\"><span style=\"font-size: large;\">Dla g\u0142osz\u0105cego zawsze jest <b><em>w por\u0119<\/em>. <\/b>Z kolei dla wielu odbiorc\u00f3w zawsze jest <i><b>nie w por\u0119.<\/b><\/i> Szczeg\u00f3lnie, je\u015bli maj\u0105 pa\u015b\u0107 s\u0142owa surowej prawdy, skutkuj\u0105ce wyrzutami sumienia. Wtedy zawsze b\u0119dzie <strong><em>nie<\/em><\/strong> <i><b>w por\u0119! <\/b><\/i>A przecie\u017c \u2013 g\u0142osiciele Dobrej Nowiny nigdy nie mog\u0105 si\u0119 sugerowa\u0107 takimi ludzkimi wzgl\u0119dami. Owszem, mo\u017cna zastanawia\u0107 si\u0119 <b>nad doborem odpowiednich s\u0142\u00f3w,<\/b> nad sposobem g\u0142oszenia, nie chodzi te\u017c o celowe obra\u017canie kogokolwiek. Chodzi o prawd\u0119! <b>O pe\u0142n\u0105 prawd\u0119, <\/b><b>bo tylko ona wyzwala cz\u0142owieka<\/b><b>! <\/b>To ona ma by\u0107 ostatecznym kryterium w wyborze tre\u015bci i sposobu \u015bwiadczenia o Chrystusie, kt\u00f3ry przecie\u017c <b>sam<\/b><b> jest jedyn\u0105 Prawd\u0105.<\/b><\/span><\/span><\/span><\/p>\n<p align=\"justify\"><span style=\"color: #000000;\"><span style=\"font-family: Book Antiqua, serif;\"><span style=\"font-size: large;\">St\u0105d bardzo trzeba si\u0119 wystrzega\u0107 postawy, kt\u00f3r\u0105 Jezus mocno i otwarcie napi\u0119tnowa\u0142 w dzisiejszej Ewangelii, m\u00f3wi\u0105c: <i><b>Strze\u017ccie si\u0119 uczonych w Pi\u015bmie. Z upodobaniem chodz\u0105 oni w pow\u0142\u00f3czystych szatach, lubi\u0105 pozdrowienia na rynku, pierwsze krzes\u0142a w synagogach i zaszczytne miejsca na ucztach. Objadaj\u0105 domy wd\u00f3w i dla pozoru odprawiaj\u0105 d\u0142ugie modlitwy. Ci tym surowszy dostan\u0105 wyrok.<\/b><\/i><\/span><\/span><\/span><\/p>\n<p align=\"justify\"><span style=\"color: #000000;\"><span style=\"font-family: Book Antiqua, serif;\"><span style=\"font-size: large;\">Wynika z tego, \u017ce aby nastawa\u0107 <i><b>w por\u0119 i nie w por\u0119,<\/b><\/i> by g\u0142osi\u0107 ludziom s\u0142owa Bo\u017cej prawdy, to <b>samemu trzeba \u017cy\u0107 w prawdzie.<\/b> Nie mo\u017cna udawa\u0107, stwarza\u0107 pozor\u00f3w, zewn\u0119trzn\u0105 poz\u0105 i blichtrem <b>zas\u0142ania\u0107 ca\u0142y ba\u0142agan,<\/b> jaki si\u0119 nosi we w\u0142asnym sercu. Wtedy bowiem jakiekolwiek przyznawanie si\u0119 do wiary i m\u00f3wienie o Bogu tak\u017ce ze strony g\u0142osiciela b\u0119dzie <i><b>nie w por\u0119. <\/b><\/i>Bo nigdy nie jest dobr\u0105 por\u0105 na to <b>\u00ab<\/b><b>nastawanie<\/b><b>\u00bb<\/b><b> ze s\u0142owem prawdy,<\/b> o kt\u00f3rym m\u00f3wi dzi\u015b Pawe\u0142, je\u017celi sam g\u0142osiciel \u017cyje w k\u0142amstwie, w wewn\u0119trznym fa\u0142szu. <\/span><\/span><\/span><\/p>\n<p align=\"justify\"><span style=\"color: #000000;\"><span style=\"font-family: Book Antiqua, serif;\"><span style=\"font-size: large;\">St\u0105d te\u017c dzisiejsza liturgia S\u0142owa domaga si\u0119 od nas <b>mocnego i odwa\u017cnego \u015bwiadectwa, <\/b>dawanego \u015bwiatu \u2013 czasami tak\u017ce <b>wbrew temu \u015bwiatu<\/b> \u2013 ale pod warunkiem, \u017ce s<b>amemu jest si\u0119 w porz\u0105dku.<\/b> Kiedy cz\u0142owiek jest wewn\u0119trznie wolny i czysty, to ka\u017cda pora jest dla niego dobra, by \u2013 w tym najlepszym tego s\u0142owa znaczeniu \u2013 <b>\u00ab<\/b><b>nastawa\u0107<\/b><b>\u00bb<\/b><b> na \u015bwiat, w imi\u0119 <\/b><b>Bo\u017ce<\/b><b>!<\/b> Bo taki cz\u0142owiek zawsze jest do tego gotowy \u2013 tak\u017ce gotowy <b>do odpierania atak\u00f3w<\/b> ze strony tych, dla kt\u00f3rych zawsze jest <i><b>nie w por\u0119. <\/b><\/i><\/span><\/span><\/span><\/p>\n<p align=\"justify\"><span style=\"color: #000000;\"><span style=\"font-family: Book Antiqua, serif;\"><span style=\"font-size: large;\">Warto wi\u0119c zadba\u0107 \u2013 i ci\u0105gle dba\u0107 \u2013 <b>o porz\u0105dek we w\u0142asnym sercu i sumieniu,<\/b> o tak\u0105 wewn\u0119trzn\u0105 konsolidacj\u0119, o takie mocne, wewn\u0119trzne \u201epozbieranie\u201d. Bo wtedy <b>zupe\u0142nie now\u0105 moc \u015bwiadectwa<\/b> zyskuje ka\u017cde nasze s\u0142owo i ca\u0142a nasza postawa!<\/span><\/span><\/span><\/p>\n<p align=\"justify\"><span style=\"color: #000000;\"><span style=\"font-family: Book Antiqua, serif;\"><span style=\"font-size: large;\">Na jakim etapie owego <b>konsolidowania i wzmacniania <\/b>w\u0142asnego serca, w\u0142asnego wn\u0119trza, teraz jestem?\u2026<\/span><\/span><\/span><\/p>\n","protected":false},"excerpt":{"rendered":"<p>Szcz\u0119\u015b\u0107 Bo\u017ce! Moi Drodzy, w czwartek, 4 czerwca, imieniny prze\u017cywali: \u25baKarol Kulikowski, za moich czas\u00f3w \u2013 Lektor i Wiceprezes S\u0142u\u017cby liturgicznej w Radory\u017cu Ko\u015bcielnym, czyli w Parafii mojego pierwszego wikariatu; \u25baKarol Bisek \u2013 za moich czas\u00f3w, Szef Wsp\u00f3lnoty m\u0142odzie\u017cowej w Serokomli, gdzie mieszka\u0142em przez kilka miesi\u0119cy, w czasie studi\u00f3w na KUL. Urodziny natomiast prze\u017cywa\u0142a tego [&hellip;]<\/p>\n","protected":false},"author":1,"featured_media":0,"comment_status":"open","ping_status":"open","sticky":false,"template":"","format":"standard","meta":{"jetpack_post_was_ever_published":false,"_jetpack_newsletter_access":"","_jetpack_dont_email_post_to_subs":false,"_jetpack_newsletter_tier_id":0,"_jetpack_memberships_contains_paywalled_content":false,"_jetpack_memberships_contains_paid_content":false,"footnotes":""},"categories":[1],"tags":[],"class_list":["post-17158","post","type-post","status-publish","format-standard","hentry","category-bez-kategorii"],"yoast_head":"<!-- This site is optimized with the Yoast SEO plugin v25.1 - https:\/\/yoast.com\/wordpress\/plugins\/seo\/ -->\n<title>W por\u0119 - nie w por\u0119... - Gaudium Et Spes<\/title>\n<meta name=\"robots\" content=\"index, follow, max-snippet:-1, max-image-preview:large, max-video-preview:-1\" \/>\n<link rel=\"canonical\" href=\"https:\/\/gaudiumetspes-blog.pl\/index.php\/2020\/06\/06\/w-pore-nie-w-pore\/\" \/>\n<meta property=\"og:locale\" content=\"pl_PL\" \/>\n<meta property=\"og:type\" content=\"article\" \/>\n<meta property=\"og:title\" content=\"W por\u0119 - nie w por\u0119... - Gaudium Et Spes\" \/>\n<meta property=\"og:description\" content=\"Szcz\u0119\u015b\u0107 Bo\u017ce! Moi Drodzy, w czwartek, 4 czerwca, imieniny prze\u017cywali: \u25baKarol Kulikowski, za moich czas\u00f3w \u2013 Lektor i Wiceprezes S\u0142u\u017cby liturgicznej w Radory\u017cu Ko\u015bcielnym, czyli w Parafii mojego pierwszego wikariatu; \u25baKarol Bisek \u2013 za moich czas\u00f3w, Szef Wsp\u00f3lnoty m\u0142odzie\u017cowej w Serokomli, gdzie mieszka\u0142em przez kilka miesi\u0119cy, w czasie studi\u00f3w na KUL. Urodziny natomiast prze\u017cywa\u0142a tego [&hellip;]\" \/>\n<meta property=\"og:url\" content=\"https:\/\/gaudiumetspes-blog.pl\/index.php\/2020\/06\/06\/w-pore-nie-w-pore\/\" \/>\n<meta property=\"og:site_name\" content=\"Gaudium Et Spes\" \/>\n<meta property=\"article:published_time\" content=\"2020-06-06T06:04:29+00:00\" \/>\n<meta property=\"article:modified_time\" content=\"2020-06-06T06:08:13+00:00\" \/>\n<meta name=\"author\" content=\"Ks. Jacek\" \/>\n<meta name=\"twitter:card\" content=\"summary_large_image\" \/>\n<meta name=\"twitter:label1\" content=\"Napisane przez\" \/>\n\t<meta name=\"twitter:data1\" content=\"Ks. Jacek\" \/>\n\t<meta name=\"twitter:label2\" content=\"Szacowany czas czytania\" \/>\n\t<meta name=\"twitter:data2\" content=\"10 minut\" \/>\n<script type=\"application\/ld+json\" class=\"yoast-schema-graph\">{\"@context\":\"https:\/\/schema.org\",\"@graph\":[{\"@type\":\"WebPage\",\"@id\":\"https:\/\/gaudiumetspes-blog.pl\/index.php\/2020\/06\/06\/w-pore-nie-w-pore\/\",\"url\":\"https:\/\/gaudiumetspes-blog.pl\/index.php\/2020\/06\/06\/w-pore-nie-w-pore\/\",\"name\":\"W por\u0119 - nie w por\u0119... - Gaudium Et Spes\",\"isPartOf\":{\"@id\":\"https:\/\/gaudiumetspes-blog.pl\/#website\"},\"datePublished\":\"2020-06-06T06:04:29+00:00\",\"dateModified\":\"2020-06-06T06:08:13+00:00\",\"author\":{\"@id\":\"https:\/\/gaudiumetspes-blog.pl\/#\/schema\/person\/1661982992b752dea8dff0d4ed845a65\"},\"breadcrumb\":{\"@id\":\"https:\/\/gaudiumetspes-blog.pl\/index.php\/2020\/06\/06\/w-pore-nie-w-pore\/#breadcrumb\"},\"inLanguage\":\"pl-PL\",\"potentialAction\":[{\"@type\":\"ReadAction\",\"target\":[\"https:\/\/gaudiumetspes-blog.pl\/index.php\/2020\/06\/06\/w-pore-nie-w-pore\/\"]}]},{\"@type\":\"BreadcrumbList\",\"@id\":\"https:\/\/gaudiumetspes-blog.pl\/index.php\/2020\/06\/06\/w-pore-nie-w-pore\/#breadcrumb\",\"itemListElement\":[{\"@type\":\"ListItem\",\"position\":1,\"name\":\"Strona g\u0142\u00f3wna\",\"item\":\"https:\/\/gaudiumetspes-blog.pl\/\"},{\"@type\":\"ListItem\",\"position\":2,\"name\":\"W&nbsp;por\u0119 &#8211; nie&nbsp;w&nbsp;por\u0119&#8230;\"}]},{\"@type\":\"WebSite\",\"@id\":\"https:\/\/gaudiumetspes-blog.pl\/#website\",\"url\":\"https:\/\/gaudiumetspes-blog.pl\/\",\"name\":\"Gaudium Et Spes\",\"description\":\"Blog Ks. Jacka Ja\u015bkowskiego\",\"potentialAction\":[{\"@type\":\"SearchAction\",\"target\":{\"@type\":\"EntryPoint\",\"urlTemplate\":\"https:\/\/gaudiumetspes-blog.pl\/?s={search_term_string}\"},\"query-input\":{\"@type\":\"PropertyValueSpecification\",\"valueRequired\":true,\"valueName\":\"search_term_string\"}}],\"inLanguage\":\"pl-PL\"},{\"@type\":\"Person\",\"@id\":\"https:\/\/gaudiumetspes-blog.pl\/#\/schema\/person\/1661982992b752dea8dff0d4ed845a65\",\"name\":\"Ks. Jacek\",\"image\":{\"@type\":\"ImageObject\",\"inLanguage\":\"pl-PL\",\"@id\":\"https:\/\/gaudiumetspes-blog.pl\/#\/schema\/person\/image\/\",\"url\":\"https:\/\/gaudiumetspes-blog.pl\/wp-content\/uploads\/2019\/07\/avatar-JJ-150x150.jpg\",\"contentUrl\":\"https:\/\/gaudiumetspes-blog.pl\/wp-content\/uploads\/2019\/07\/avatar-JJ-150x150.jpg\",\"caption\":\"Ks. Jacek\"},\"description\":\"Witam serdecznie! K\u0142ania si\u0119 Ks. Jacek Ja\u015bkowski. Nie jestem ani kim\u015b wa\u017cnym, ani kim\u015b znanym. Jestem ksi\u0119dzem, kt\u00f3ry po prostu chce rozmawia\u0107. Codzienna kap\u0142a\u0144ska pos\u0142uga pokazuje mi, \u017ce temat\u00f3w do rozm\u00f3w z ksi\u0119dzem jest coraz wi\u0119cej i dzisiaj \u017caden ksi\u0105dz nie mo\u017ce od nich ucieka\u0107, ale - wprost przeciwnie - podejmowa\u0107 nowe wyzwania. To przekonanie sk\u0142oni\u0142o mnie do pr\u00f3by otwarcia tego\u017c bloga, chocia\u017c okazji do rozm\u00f3w na co dzie\u0144 - w konfesjonale i poza nim - na szcz\u0119\u015bcie nie brakuje. My\u015bl\u0119 jednak, \u017ce ten blog b\u0119dzie jeszcze jednym sposobem i przestrzeni\u0105 nawi\u0105zania kontaktu z lud\u017ami dobrej woli, otwartymi na dialog.\",\"url\":\"https:\/\/gaudiumetspes-blog.pl\/index.php\/author\/ks-jacek\/\"}]}<\/script>\n<!-- \/ Yoast SEO plugin. -->","yoast_head_json":{"title":"W por\u0119 - nie w por\u0119... - Gaudium Et Spes","robots":{"index":"index","follow":"follow","max-snippet":"max-snippet:-1","max-image-preview":"max-image-preview:large","max-video-preview":"max-video-preview:-1"},"canonical":"https:\/\/gaudiumetspes-blog.pl\/index.php\/2020\/06\/06\/w-pore-nie-w-pore\/","og_locale":"pl_PL","og_type":"article","og_title":"W por\u0119 - nie w por\u0119... - Gaudium Et Spes","og_description":"Szcz\u0119\u015b\u0107 Bo\u017ce! Moi Drodzy, w czwartek, 4 czerwca, imieniny prze\u017cywali: \u25baKarol Kulikowski, za moich czas\u00f3w \u2013 Lektor i Wiceprezes S\u0142u\u017cby liturgicznej w Radory\u017cu Ko\u015bcielnym, czyli w Parafii mojego pierwszego wikariatu; \u25baKarol Bisek \u2013 za moich czas\u00f3w, Szef Wsp\u00f3lnoty m\u0142odzie\u017cowej w Serokomli, gdzie mieszka\u0142em przez kilka miesi\u0119cy, w czasie studi\u00f3w na KUL. Urodziny natomiast prze\u017cywa\u0142a tego [&hellip;]","og_url":"https:\/\/gaudiumetspes-blog.pl\/index.php\/2020\/06\/06\/w-pore-nie-w-pore\/","og_site_name":"Gaudium Et Spes","article_published_time":"2020-06-06T06:04:29+00:00","article_modified_time":"2020-06-06T06:08:13+00:00","author":"Ks. Jacek","twitter_card":"summary_large_image","twitter_misc":{"Napisane przez":"Ks. Jacek","Szacowany czas czytania":"10 minut"},"schema":{"@context":"https:\/\/schema.org","@graph":[{"@type":"WebPage","@id":"https:\/\/gaudiumetspes-blog.pl\/index.php\/2020\/06\/06\/w-pore-nie-w-pore\/","url":"https:\/\/gaudiumetspes-blog.pl\/index.php\/2020\/06\/06\/w-pore-nie-w-pore\/","name":"W por\u0119 - nie w por\u0119... - Gaudium Et Spes","isPartOf":{"@id":"https:\/\/gaudiumetspes-blog.pl\/#website"},"datePublished":"2020-06-06T06:04:29+00:00","dateModified":"2020-06-06T06:08:13+00:00","author":{"@id":"https:\/\/gaudiumetspes-blog.pl\/#\/schema\/person\/1661982992b752dea8dff0d4ed845a65"},"breadcrumb":{"@id":"https:\/\/gaudiumetspes-blog.pl\/index.php\/2020\/06\/06\/w-pore-nie-w-pore\/#breadcrumb"},"inLanguage":"pl-PL","potentialAction":[{"@type":"ReadAction","target":["https:\/\/gaudiumetspes-blog.pl\/index.php\/2020\/06\/06\/w-pore-nie-w-pore\/"]}]},{"@type":"BreadcrumbList","@id":"https:\/\/gaudiumetspes-blog.pl\/index.php\/2020\/06\/06\/w-pore-nie-w-pore\/#breadcrumb","itemListElement":[{"@type":"ListItem","position":1,"name":"Strona g\u0142\u00f3wna","item":"https:\/\/gaudiumetspes-blog.pl\/"},{"@type":"ListItem","position":2,"name":"W&nbsp;por\u0119 &#8211; nie&nbsp;w&nbsp;por\u0119&#8230;"}]},{"@type":"WebSite","@id":"https:\/\/gaudiumetspes-blog.pl\/#website","url":"https:\/\/gaudiumetspes-blog.pl\/","name":"Gaudium Et Spes","description":"Blog Ks. Jacka Ja\u015bkowskiego","potentialAction":[{"@type":"SearchAction","target":{"@type":"EntryPoint","urlTemplate":"https:\/\/gaudiumetspes-blog.pl\/?s={search_term_string}"},"query-input":{"@type":"PropertyValueSpecification","valueRequired":true,"valueName":"search_term_string"}}],"inLanguage":"pl-PL"},{"@type":"Person","@id":"https:\/\/gaudiumetspes-blog.pl\/#\/schema\/person\/1661982992b752dea8dff0d4ed845a65","name":"Ks. Jacek","image":{"@type":"ImageObject","inLanguage":"pl-PL","@id":"https:\/\/gaudiumetspes-blog.pl\/#\/schema\/person\/image\/","url":"https:\/\/gaudiumetspes-blog.pl\/wp-content\/uploads\/2019\/07\/avatar-JJ-150x150.jpg","contentUrl":"https:\/\/gaudiumetspes-blog.pl\/wp-content\/uploads\/2019\/07\/avatar-JJ-150x150.jpg","caption":"Ks. Jacek"},"description":"Witam serdecznie! K\u0142ania si\u0119 Ks. Jacek Ja\u015bkowski. Nie jestem ani kim\u015b wa\u017cnym, ani kim\u015b znanym. Jestem ksi\u0119dzem, kt\u00f3ry po prostu chce rozmawia\u0107. Codzienna kap\u0142a\u0144ska pos\u0142uga pokazuje mi, \u017ce temat\u00f3w do rozm\u00f3w z ksi\u0119dzem jest coraz wi\u0119cej i dzisiaj \u017caden ksi\u0105dz nie mo\u017ce od nich ucieka\u0107, ale - wprost przeciwnie - podejmowa\u0107 nowe wyzwania. To przekonanie sk\u0142oni\u0142o mnie do pr\u00f3by otwarcia tego\u017c bloga, chocia\u017c okazji do rozm\u00f3w na co dzie\u0144 - w konfesjonale i poza nim - na szcz\u0119\u015bcie nie brakuje. My\u015bl\u0119 jednak, \u017ce ten blog b\u0119dzie jeszcze jednym sposobem i przestrzeni\u0105 nawi\u0105zania kontaktu z lud\u017ami dobrej woli, otwartymi na dialog.","url":"https:\/\/gaudiumetspes-blog.pl\/index.php\/author\/ks-jacek\/"}]}},"jetpack_featured_media_url":"","jetpack_sharing_enabled":true,"_links":{"self":[{"href":"https:\/\/gaudiumetspes-blog.pl\/index.php\/wp-json\/wp\/v2\/posts\/17158","targetHints":{"allow":["GET"]}}],"collection":[{"href":"https:\/\/gaudiumetspes-blog.pl\/index.php\/wp-json\/wp\/v2\/posts"}],"about":[{"href":"https:\/\/gaudiumetspes-blog.pl\/index.php\/wp-json\/wp\/v2\/types\/post"}],"author":[{"embeddable":true,"href":"https:\/\/gaudiumetspes-blog.pl\/index.php\/wp-json\/wp\/v2\/users\/1"}],"replies":[{"embeddable":true,"href":"https:\/\/gaudiumetspes-blog.pl\/index.php\/wp-json\/wp\/v2\/comments?post=17158"}],"version-history":[{"count":3,"href":"https:\/\/gaudiumetspes-blog.pl\/index.php\/wp-json\/wp\/v2\/posts\/17158\/revisions"}],"predecessor-version":[{"id":17161,"href":"https:\/\/gaudiumetspes-blog.pl\/index.php\/wp-json\/wp\/v2\/posts\/17158\/revisions\/17161"}],"wp:attachment":[{"href":"https:\/\/gaudiumetspes-blog.pl\/index.php\/wp-json\/wp\/v2\/media?parent=17158"}],"wp:term":[{"taxonomy":"category","embeddable":true,"href":"https:\/\/gaudiumetspes-blog.pl\/index.php\/wp-json\/wp\/v2\/categories?post=17158"},{"taxonomy":"post_tag","embeddable":true,"href":"https:\/\/gaudiumetspes-blog.pl\/index.php\/wp-json\/wp\/v2\/tags?post=17158"}],"curies":[{"name":"wp","href":"https:\/\/api.w.org\/{rel}","templated":true}]}}