{"id":17172,"date":"2020-06-11T05:23:50","date_gmt":"2020-06-11T03:23:50","guid":{"rendered":"https:\/\/gaudiumetspes-blog.pl\/?p=17172"},"modified":"2020-06-11T00:25:22","modified_gmt":"2020-06-10T22:25:22","slug":"moje-cialo-za-zycie-swiata","status":"publish","type":"post","link":"https:\/\/gaudiumetspes-blog.pl\/index.php\/2020\/06\/11\/moje-cialo-za-zycie-swiata\/","title":{"rendered":"Moje Cia\u0142o za \u017cycie \u015bwiata!"},"content":{"rendered":"<p align=\"justify\"><span style=\"color: #000000;\"><span style=\"font-family: Book Antiqua, serif;\"><span style=\"font-size: large;\">Niech b\u0119dzie pochwalony Jezus Chrystus! Moi Drodzy, w dniu dzisiejszym <b>rocznic\u0119 \u015bwi\u0119ce\u0144 kap\u0142a\u0144skich prze\u017cywaj\u0105:<\/b><\/span><\/span><\/span><\/p>\n<p align=\"justify\"><span style=\"color: #000000;\">\u25ba<span style=\"font-family: Book Antiqua, serif;\"><span style=\"font-size: large;\"><b>Ksi\u0105dz Pawe\u0142 Bro\u0144ski, na kt\u00f3rego Prymicji g\u0142osi\u0142em homili\u0119, a pochodz\u0105cy z Parafii Serokomla, gdzie przez rok mieszka\u0142em, w czasie studi\u00f3w na KUL;<\/b><\/span><\/span><\/span><\/p>\n<p align=\"justify\"><span style=\"color: #000000;\">\u25ba<span style=\"font-family: Book Antiqua, serif;\"><span style=\"font-size: large;\"><b>Ksi\u0105dz Kamil Prus z Diecezji warszawsko \u2013 praskiej, kt\u00f3ry by\u0142 na praktyce diako\u0144skiej w Parafii Ojca Pio w Warszawie, kiedy by\u0142em tam wikariuszem.<\/b><\/span><\/span><\/span><\/p>\n<p align=\"justify\"><span style=\"color: #000000;\"><span style=\"font-family: Book Antiqua, serif;\"><span style=\"font-size: large;\"><b>Urodziny prze\u017cywaj\u0105 natomiast:<\/b><\/span><\/span><\/span><\/p>\n<p align=\"justify\"><span style=\"color: #000000;\">\u25ba<span style=\"font-family: Book Antiqua, serif;\"><span style=\"font-size: large;\"><b>Mariusz Niedzia\u0142kowski, Cz\u0142owiek dobry, m\u0105dry i pracowity, M\u0105\u017c Agnieszki, zwanej Siw\u0105;<\/b><\/span><\/span><\/span><\/p>\n<p align=\"justify\"><span style=\"color: #000000;\">\u25ba<span style=\"font-family: Book Antiqua, serif;\"><span style=\"font-size: large;\"><b>Jakub Pa\u0142ysa, za moich czas\u00f3w \u2013 Prezes S\u0142u\u017cby liturgicznej w Miastkowie, przez pewien czas: Autor rozwa\u017ca\u0144 na naszym blogu.<\/b><\/span><\/span><\/span><\/p>\n<p align=\"justify\"><span style=\"color: #000000;\"><span style=\"font-family: Book Antiqua, serif;\"><span style=\"font-size: large;\"><b>Wszystkim \u015bwi\u0119tuj\u0105cym \u017cycz\u0119, aby Jezus swoj\u0105 obecno\u015bci\u0105 nape\u0142nia\u0142 Ich serca i obdarza\u0142 swoim pokojem.<\/b> <b>Zapewniam o modlitwie!<\/b><\/span><\/span><\/span><\/p>\n<p align=\"justify\"><span style=\"color: #000000;\"><span style=\"font-family: Book Antiqua, serif;\"><span style=\"font-size: large;\">Serdecznie dzi\u0119kujemy Ksi\u0119dzu Markowi za wczorajsze s\u0142\u00f3wko z Syberii! I za ten \u201eczarno \u2013 bia\u0142y\u201d przekaz, z kt\u00f3rego generalnie znamy nauczanie Ksi\u0119dza Marka. Stale wspieramy modlitw\u0105 wszelkie dobro, dokonuj\u0105ce si\u0119 w Parafii w Surgucie. I raz jeszcze \u017cyczymy Bo\u017cego b\u0142ogos\u0142awie\u0144stwa z okazji rocznicy \u015bwi\u0119ce\u0144 kap\u0142a\u0144skich! Jutro za\u015b czekamy na s\u0142\u00f3wko Si\u00f3str<\/span><\/span><\/span><\/p>\n<p align=\"justify\"><span style=\"color: #000000;\"><span style=\"font-family: Book Antiqua, serif;\"><span style=\"font-size: large;\">A oto dzisiaj \u2013 Uroczysto\u015b\u0107 Bo\u017cego Cia\u0142a. Przypominam, \u017ce wi\u0105\u017ce si\u0119 ona z obowi\u0105zkiem uczestnictwa we Mszy \u015awi\u0119tej. Uwaga! Tego obowi\u0105zku nie wype\u0142nia ten, kto uczestniczy w samej tylko Procesji \u2013 do udzia\u0142u w kt\u00f3rej, swoj\u0105 drog\u0105, tak\u017ce bardzo zach\u0119cam! Zachowajcie te wszelkie obostrzenia, kt\u00f3re ka\u017c\u0105 zachowywa\u0107, ale udajcie si\u0119 na Procesj\u0119. Jednak na Msz\u0119 \u015awi\u0119t\u0105 \u2013 przede wszystkim!<\/span><\/span><\/span><\/p>\n<p align=\"justify\"><span style=\"color: #000000;\"><span style=\"font-family: Book Antiqua, serif;\"><span style=\"font-size: large;\">I jeszcze jedno, wa\u017cne wydarzenie: <b>dzisiaj sakramentalne Ma\u0142\u017ce\u0144stwo zawieraj\u0105 Szymon Olender i Magdalena Pietrucha. Szymon \u2013 za moich czas\u00f3w: Lektor w Celestynowie \u2013 to bardzo mi bliski Cz\u0142owiek, podobnie jak i Jego szlachetni Rodzice. Otaczam Go serdeczn\u0105 modlitw\u0105, aby wraz z \u017bon\u0105 ka\u017cdego dnia tworzyli w swoim ma\u0142\u017ce\u0144stwie domowy Ko\u015bci\u00f3\u0142! <\/b><\/span><\/span><\/span><\/p>\n<p align=\"justify\"><span style=\"color: #000000;\"><span style=\"font-family: Book Antiqua, serif;\"><span style=\"font-size: large;\">Na g\u0142\u0119bokie i podnios\u0142e prze\u017cywanie dzisiejszej Uroczysto\u015bci <b>\u2013 niech Was b\u0142ogos\u0142awi B\u00f3g Wszechmog\u0105cy: Ojciec + i Syn, i Duch \u015awi\u0119ty. Amen<\/b><\/span><\/span><\/span><\/p>\n<p align=\"center\"><span style=\"color: #000000;\"><span style=\"font-family: Book Antiqua, serif;\"><span style=\"font-size: large;\">Gaudium et spes! Ks. Jacek<\/span><\/span><\/span><\/p>\n<p align=\"center\">\n<p align=\"center\">\n<p align=\"center\">\n<p align=\"center\">\n<p align=\"center\">\n<p align=\"justify\"><span style=\"color: #000000;\"><span style=\"font-family: Book Antiqua, serif;\"><span style=\"font-size: large;\"><b>Uroczysto\u015b\u0107 Naj\u015bwi\u0119tszego Cia\u0142a i Krwi Chrystusa, A,<\/b><\/span><\/span><\/span><\/p>\n<p align=\"justify\"><span style=\"color: #000000;\"><span style=\"font-family: Book Antiqua, serif;\"><span style=\"font-size: large;\"><b>11 czerwca 2020.,<\/b><\/span><\/span><\/span><\/p>\n<p align=\"justify\"><span style=\"color: #000000;\"><span style=\"font-family: Book Antiqua, serif;\"><span style=\"font-size: large;\"><b>do czyta\u0144: Pwt 8,2\u20133.14b\u201316a; 1 Kor 10,16\u201317; J 6,51\u201358<\/b><\/span><\/span><\/span><\/p>\n<p align=\"justify\">\n<p align=\"justify\">\n<p align=\"justify\">\n<p align=\"justify\">\n<p align=\"justify\">\n<p align=\"justify\"><span style=\"color: #000000;\"><span style=\"font-family: Book Antiqua, serif;\"><span style=\"font-size: large;\"><b>CZYTANIE Z KSI\u0118GI POWT\u00d3RZONEGO PRAWA: <\/b><\/span><\/span><\/span><\/p>\n<p align=\"justify\"><span style=\"color: #000000;\"><span style=\"font-family: Book Antiqua, serif;\"><span style=\"font-size: large;\"><b>Moj\u017cesz powiedzia\u0142 do ludu: \u201ePami\u0119taj na wszystkie drogi, kt\u00f3rymi Ci\u0119 prowadzi\u0142 tw\u00f3j Pan B\u00f3g przez te czterdzie\u015bci lat na pustyni, aby ci\u0119 utrapi\u0107, wypr\u00f3bowa\u0107 i pozna\u0107, co jest w twym sercu; czy strze\u017cesz Jego polecenia, czy te\u017c nie. <\/b><\/span><\/span><\/span><\/p>\n<p align=\"justify\"><span style=\"color: #000000;\"><span style=\"font-family: Book Antiqua, serif;\"><span style=\"font-size: large;\"><b>Utrapi\u0142 ci\u0119, da\u0142 ci odczu\u0107 g\u0142\u00f3d, \u017cywi\u0142 ci\u0119 mann\u0105, kt\u00f3rej nie zna\u0142e\u015b ani ty, ani twoi przodkowie, bo chcia\u0142 ci da\u0107 pozna\u0107, \u017ce nie samym tylko chlebem \u017cyje cz\u0142owiek, ale wszystkim, co pochodzi z ust Pana. <\/b><\/span><\/span><\/span><\/p>\n<p align=\"justify\"><span style=\"color: #000000;\"><span style=\"font-family: Book Antiqua, serif;\"><span style=\"font-size: large;\"><b>Nie zapominaj twego Pana Boga, kt\u00f3ry ci\u0119 wywi\u00f3d\u0142 z ziemi egipskiej, z domu niewoli. On ci\u0119 prowadzi\u0142 przez pustyni\u0119 wielk\u0105 i straszn\u0105, pe\u0142n\u0105 w\u0119\u017c\u00f3w jadowitych i skorpion\u00f3w, przez ziemi\u0119 such\u0105, bez wody, On ci wyprowadzi\u0142 wod\u0119 ze ska\u0142y najtwardszej. On \u017cywi\u0142 ci\u0119 na pustyni mann\u0105, kt\u00f3rej nie znali twoi przodkowie\u201d.<\/b><\/span><\/span><\/span><\/p>\n<p align=\"justify\">\n<p align=\"justify\">\n<p align=\"justify\">\n<p align=\"justify\">\n<p align=\"justify\">\n<p align=\"justify\"><span style=\"color: #000000;\"><span style=\"font-family: Book Antiqua, serif;\"><span style=\"font-size: large;\"><b>CZYTANIE Z PIERWSZEGO LISTU \u015aWI\u0118TEGO PAW\u0141A APOSTO\u0141A DO KORYNTIAN:<\/b><\/span><\/span><\/span><\/p>\n<p align=\"justify\"><span style=\"color: #000000;\"><span style=\"font-family: Book Antiqua, serif;\"><span style=\"font-size: large;\"><b>Bracia: Kielich b\u0142ogos\u0142awie\u0144stwa, kt\u00f3ry b\u0142ogos\u0142awimy, czy nie jest udzia\u0142em we Krwi Chrystusa? Chleb, kt\u00f3ry \u0142amiemy, czy\u017c nie jest udzia\u0142em w Ciele Chrystusa? Poniewa\u017c jeden jest chleb, przeto my, liczni, tworzymy jedno cia\u0142o. Wszyscy bowiem bierzemy z tego samego chleba.<\/b><\/span><\/span><\/span><\/p>\n<p align=\"justify\">\n<p align=\"justify\">\n<p align=\"justify\">\n<p align=\"justify\">\n<p align=\"justify\">\n<p align=\"justify\"><span style=\"color: #000000;\"><span style=\"font-family: Book Antiqua, serif;\"><span style=\"font-size: large;\"><b>S\u0141OWA EWANGELII WED\u0141UG \u015aWI\u0118TEGO JANA: <\/b><\/span><\/span><\/span><\/p>\n<p align=\"justify\"><span style=\"color: #000000;\"><span style=\"font-family: Book Antiqua, serif;\"><span style=\"font-size: large;\"><b>Jezus powiedzia\u0142 do \u017byd\u00f3w: \u201eJa jestem chlebem \u017cywym, kt\u00f3ry zst\u0105pi\u0142 z nieba. Je\u015bli kto spo\u017cywa ten chleb, b\u0119dzie \u017cy\u0142 na wieki. Chlebem, kt\u00f3ry Ja dam, jest moje Cia\u0142o za \u017cycie \u015bwiata\u201d. <\/b><\/span><\/span><\/span><\/p>\n<p align=\"justify\"><span style=\"color: #000000;\"><span style=\"font-family: Book Antiqua, serif;\"><span style=\"font-size: large;\"><b>Sprzeczali si\u0119 wi\u0119c mi\u0119dzy sob\u0105 \u017bydzi m\u00f3wi\u0105c: \u201eJak On mo\u017ce nam da\u0107 swoje Cia\u0142o na po\u017cywienie?\u201d <\/b><\/span><\/span><\/span><\/p>\n<p align=\"justify\"><span style=\"color: #000000;\"><span style=\"font-family: Book Antiqua, serif;\"><span style=\"font-size: large;\"><b>Rzek\u0142 do nich Jezus: \u201eZaprawd\u0119, zaprawd\u0119 powiadam wam: Je\u017celi nie b\u0119dziecie spo\u017cywa\u0107 Cia\u0142a Syna Cz\u0142owieczego i nie b\u0119dziecie pili Krwi Jego, nie b\u0119dziecie mieli \u017cycia w sobie. Kto spo\u017cywa moje Cia\u0142o i pije moj\u0105 Krew, ma \u017cycie wieczne, a Ja go wskrzesz\u0119 w dniu ostatecznym. Cia\u0142o moje jest prawdziwym pokarmem, a Krew moja jest prawdziwym napojem. Kto spo\u017cywa moje Cia\u0142o i Krew moj\u0105 pije, trwa we Mnie, a Ja w nim. Jak Mnie pos\u0142a\u0142 \u017cyj\u0105cy Ojciec, a Ja \u017cyj\u0119 przez Ojca, tak i ten, kto Mnie spo\u017cywa, b\u0119dzie \u017cy\u0142 przeze Mnie. To jest chleb, kt\u00f3ry z nieba zst\u0105pi\u0142, nie jest on taki jak ten, kt\u00f3ry jedli wasi przodkowie, a pomarli. Kto spo\u017cywa ten chleb, b\u0119dzie \u017cy\u0142 na wieki\u201d.<\/b><\/span><\/span><\/span><\/p>\n<p align=\"justify\">\n<p align=\"justify\">\n<p align=\"justify\">\n<p align=\"justify\">\n<p align=\"justify\">\n<p align=\"justify\"><span style=\"color: #000000;\">\u201e<span style=\"font-family: Book Antiqua, serif;\"><span style=\"font-size: large;\"><b>Witaj, Jezu, Synu Maryi, Ty\u015b jest B\u00f3g prawdziwy w \u015bwi\u0119tej Hostii!\u201d<\/b>. W tej \u015bwi\u0119tej Hostii, w kt\u00f3rej zechcia\u0142e\u015b ukry\u0107 swe B\u00f3stwo i sw\u00f3j Majestat. <b>Witaj, Jezu, Synu Maryi \u2013 dzisiaj, w ten uroczysty dzie\u0144,<\/b> kt\u00f3ry pragniemy prze\u017cywa\u0107 jako dzie\u0144 najg\u0142\u0119bszej i najserdeczniejszej wdzi\u0119czno\u015bci za Eucharysti\u0119; za to, <b>\u201e\u017ce\u015b si\u0119 darowa\u0142 nam, nic niegodnym, w tym Sakramencie&#8230;\u201d<\/b> \u2013 jak \u015bpiewamy w pie\u015bni. <\/span><\/span><\/span><\/p>\n<p align=\"justify\"><span style=\"color: #000000;\"><span style=\"font-family: Book Antiqua, serif;\"><span style=\"font-size: large;\">Dzi\u0119kuje dzi\u015b za ten niezwyk\u0142y i nadzwyczajny Dar \u2013 Ko\u015bci\u00f3\u0142, <b>Wsp\u00f3lnota wierz\u0105cych w Chrystusa, <\/b>ale tak\u017ce Wsp\u00f3lnota wierz\u0105cych<b> w to, co zechcia\u0142 On objawi\u0107.<\/b> <\/span><\/span><\/span><\/p>\n<p align=\"justify\"><span style=\"color: #000000;\"><span style=\"font-family: Book Antiqua, serif;\"><span style=\"font-size: large;\">Oto wsp\u00f3lnota uczni\u00f3w, zgromadzonych przy Jezusie w czasie Jego ziemskiej dzia\u0142alno\u015bci, nie mog\u0142a poj\u0105\u0107 znaczenia s\u0142\u00f3w, kt\u00f3re do nich skierowa\u0142, a w kt\u00f3rych zapowiedzia\u0142 \u00f3w nadzwyczajny znak: <i><b>Sprzeczali si\u0119 wi\u0119c mi\u0119dzy sob\u0105 m\u00f3wi\u0105c:<\/b><\/i><i><b> \u201eJak On mo\u017ce nam da\u0107 swoje Cia\u0142o na po\u017cywienie?\u201d<\/b><\/i> <\/span><\/span><\/span><\/p>\n<p align=\"justify\"><span style=\"color: #000000;\"><span style=\"font-family: Book Antiqua, serif;\"><span style=\"font-size: large;\">Nie by\u0142o to jasne dla wsp\u00f3\u0142czesnych Jezusowi s\u0142uchaczy i chyba nie mo\u017ce to nas dziwi\u0107, bo rzeczywi\u015bcie by\u0142a to my\u015bl bardzo nowa, niespotykana i zaskakuj\u0105ca, <b>wr\u0119cz szokuj\u0105ca:<\/b><b> da\u0107 swoje cia\u0142o na po\u017cywienie!<\/b> I dopiero Ostatnia Wieczerza uchyli\u0142a nieco r\u0105bka tej tajemnicy, ale przecie\u017c nie wyja\u015bni\u0142a jej do ko\u0144ca, <b>bo nie spos\u00f3b po ludzku poj\u0105\u0107 <\/b>ogromu Bo\u017cej mi\u0142o\u015bci i g\u0142\u0119bi Bo\u017cych zamiar\u00f3w.<\/span><\/span><\/span><\/p>\n<p align=\"justify\"><span style=\"color: #000000;\"><span style=\"font-family: Book Antiqua, serif;\"><span style=\"font-size: large;\">My dzisiaj, podobnie jak ewangeliczni s\u0142uchacze, r\u00f3wnie\u017c <b>w pokorze stajemy wobec tych s\u0142\u00f3w Jezusa, <\/b>chc\u0105c je zg\u0142\u0119bi\u0107 i na nowo w nie uwierzy\u0107. Bo nam si\u0119 dzisiaj wydaje, \u017ce \u0142atwiej nam jest poj\u0105\u0107 zamys\u0142 Chrystusa, <b>przecie\u017c ju\u017c od dw\u00f3ch tysi\u0119cy lat jest sprawowana Naj\u015bwi\u0119tsza Ofiara, <\/b>jest rozdzielane Cia\u0142o Chrystusa pod postaci\u0105 chleba. Nic nas ju\u017c wi\u0119c nie dziwi, \u017cadne to dla nas zaskoczenie, my to ju\u017c dobrze wiemy. <\/span><\/span><\/span><\/p>\n<p align=\"justify\"><span style=\"color: #000000;\"><span style=\"font-family: Book Antiqua, serif;\"><span style=\"font-size: large;\"><b>Czy jednak na pewno?<\/b> Czy na pewno ju\u017c tak \u201estuprocentowo\u201d wierzymy w fakt Eucharystii, w Jej moc i wielko\u015b\u0107, \u017ce nic nas ju\u017c w tym nie zadziwia? Zastan\u00f3wmy si\u0119 nad tym dzisiaj i to zastan\u00f3wmy si\u0119 <b>my w\u0142a\u015bnie, kt\u00f3rzy <\/b><b>przybywamy do<\/b><b> \u015bwi\u0105tyni na Msz<\/b><b>\u0119<\/b><b> \u015awi\u0119t\u0105\u2026<\/b><\/span><\/span><\/span><\/p>\n<p align=\"justify\"><span style=\"color: #000000;\"><span style=\"font-family: Book Antiqua, serif;\"><span style=\"font-size: large;\">Nie chcemy koncentrowa\u0107 ca\u0142ej uwagi <b>na zewn\u0119trznej stronie <\/b><b>dzisiejszej Uroczysto\u015bci. <\/b>Ona te\u017c jest wa\u017cna, ale przecie\u017c nie najwa\u017cniejsza! My, wierz\u0105cy, wchodzimy w jej religijny sens i wymiar, dlatego <b>nie jest dla nas najwa\u017cniejsze, \u017ce jest to dzie\u0144 wolny od pracy, \u017ce jeste\u015bmy dzi\u015b od\u015bwi\u0119tnie ubrani, <\/b>\u017ce t\u0119 od\u015bwi\u0119tno\u015b\u0107 zaprezentujemy wobec innych. Dla nas najwa\u017cniejsza jest najg\u0142\u0119bsza tre\u015b\u0107 tej Uroczysto\u015bci. I dlatego \u2013 nade wszystko \u2013 podejmujemy <b>spokojn\u0105, ale konkretn\u0105 refleksj\u0119 nad s\u0142owami Jezusa, <\/b>nad Jego nauk\u0105<b> <\/b>\u2013 i wyci\u0105gamy z niej wnioski dla nas.<\/span><\/span><\/span><\/p>\n<p align=\"justify\"><span style=\"color: #000000;\"><span style=\"font-family: Book Antiqua, serif;\"><span style=\"font-size: large;\">A Jezus powiedzia\u0142 dzi\u015b bardzo jasno, w\u0142a\u015bciwie nawet nie ma potrzeby komentowania tych s\u0142\u00f3w:<b> <\/b><i><b>Je\u017celi nie b\u0119dziecie spo\u017cywa\u0107 Cia\u0142a Syna Cz\u0142owieczego i nie b\u0119dziecie pili Krwi Jego, nie b\u0119dziecie mieli \u017cycia w sobie. Kto spo\u017cywa Moje Cia\u0142o i pije moj\u0105 Krew, ma \u017cycie wieczne, a Ja go wskrzesz\u0119 w dniu ostatecznym. Cia\u0142o Moje jest prawdziwym pokarmem, a Krew Moja jest prawdziwym napojem. Kto spo\u017cywa Moje Cia\u0142o i Krew Moj\u0105 pije, trwa we Mnie, a Ja w Nim. Jak Mnie pos\u0142a\u0142 \u017cyj\u0105cy Ojciec, a Ja \u017cyj\u0119 przez Ojca, tak i ten, kto Mnie spo\u017cywa, b\u0119dzie \u017cy\u0142 przeze Mnie.<\/b><\/i> <\/span><\/span><\/span><\/p>\n<p align=\"justify\"><span style=\"color: #000000;\"><span style=\"font-family: Book Antiqua, serif;\"><span style=\"font-size: large;\">Te s\u0142owa nie wymagaj\u0105 komentarza. Ale domagaj\u0105 si\u0119 postawienia jasnego i rzeczowego pytania:<b> Czy ja w to wierze?<\/b> A je\u017celi tak, to po czym to pozna\u0107, \u017ce ja wierz\u0119? <b>Czy po moim systematycznym przyst\u0119powaniu do Komunii \u015awi\u0119tej? <\/b>A je\u017celi nie przyst\u0119puj\u0119, to po czym pozna\u0107, \u017ce ja wierz\u0119 w moc Eucharystii? <b>A mo\u017ce ja ju\u017c dawno przesta\u0142em wierzy\u0107, a jeszcze tak z przyzwyczajenia tylko powtarzam?\u2026<\/b><\/span><\/span><\/span><\/p>\n<p align=\"justify\"><span style=\"color: #000000;\"><span style=\"font-family: Book Antiqua, serif;\"><span style=\"font-size: large;\">Moja wiara musi mie\u0107 potwierdzenie w post\u0119powaniu, w konkretnych krokach, kt\u00f3re podejmuj\u0119. I dlatego <b>do\u015b\u0107 dziwnie wygl\u0105da postawa cz\u0142owieka, kt\u00f3ry s\u0142ucha tych s\u0142\u00f3w, a nie przejmuje si\u0119 nimi;<\/b> kt\u00f3ry nie dostrzega \u017cadnego problemu, \u017cadnej sprzeczno\u015bci pomi\u0119dzy s\u0142owami, kt\u00f3re skierowa\u0142 Jezus, a swoimi decyzjami. Bo czy mo\u017cna spa\u0107 spokojnie i naprawd\u0119 niczym si\u0119 nie przejmowa\u0107, kiedy Jezus m\u00f3wi: <i><b>Je\u017celi nie b\u0119dziecie spo\u017cywa\u0107 Cia\u0142a Syna Cz\u0142owieczego i nie b\u0119dziecie pili Krwi Jego, nie b\u0119dziecie mieli \u017cycia w sobie<\/b><\/i><b>?<\/b> Czy mo\u017cna przej\u015b\u0107 ko\u0142o tych s\u0142\u00f3w i stwierdze\u0144 oboj\u0119tnie?<b> Mo\u017cna! Ale czy o to chodzi? <\/b><\/span><\/span><\/span><\/p>\n<p align=\"justify\"><span style=\"color: #000000;\"><span style=\"font-family: Book Antiqua, serif;\"><span style=\"font-size: large;\">Dzisiaj zbyt wiele os\u00f3b przechodzi ko\u0142o tych s\u0142\u00f3w tak, <b>jakby nie zawiera\u0142y tego wielkiego ostrze\u017cenia, kt\u00f3re zawieraj\u0105. <\/b>Nie na darmo zatem Pawe\u0142 stara si\u0119 pog\u0142\u0119bi\u0107 wiar\u0119 chrze\u015bcijan Koryntu i nasz\u0105 wiar\u0119, gdy w drugim czytaniu t\u0142umaczy bardzo sugestywnie: <i><b>Kielich b\u0142ogos\u0142awie\u0144stwa, kt\u00f3ry b\u0142ogos\u0142awimy, czy nie jest udzia\u0142em we Krwi Chrystusa? Chleb, kt\u00f3ry \u0142amiemy, czy\u017c nie jest udzia\u0142em w Ciele Chrystusa?<\/b><\/i><i> <\/i><\/span><\/span><\/span><\/p>\n<p align=\"justify\"><span style=\"color: #000000;\"><span style=\"font-family: Book Antiqua, serif;\"><span style=\"font-size: large;\"><b>Jest!<\/b> W czasie ka\u017cdej Mszy \u015awi\u0119tej Jezus przychodzi do nas, daje nam szans\u0119, w czasie ka\u017cdej Mszy \u015awi\u0119tej m\u00f3wi:<b> <\/b><i><b>Bierzcie i jedzcie<\/b><\/i><b>!; <\/b><i><b>Bierzcie i pijcie!<\/b><\/i> Wszyscy tych s\u0142\u00f3w uwa\u017cnie s\u0142uchaj\u0105, a jak wiele os\u00f3b potem lekcewa\u017cy to zaproszenie. <\/span><\/span><\/span><\/p>\n<p align=\"justify\"><span style=\"color: #000000;\"><span style=\"font-family: Book Antiqua, serif;\"><span style=\"font-size: large;\">I dlatego dzisiejsza Uroczysto\u015b\u0107 ma nam<b> przypomnie\u0107 o tym, co jest tak bardzo oczywiste, znane od lat \u2013<\/b> ma nam przypomnie\u0107 t\u0119 wielk\u0105 rado\u015b\u0107 z Eucharystii, kt\u00f3r\u0105 prze\u017cywali\u015bmy <b>w dniu naszej Pierwszej Komunii \u015awi\u0119tej.<\/b> Powiemy, \u017ce byli\u015bmy dzie\u0107mi, ale w tym przypadku chyba takiej dzieci\u0119cej wiary najbardziej potrzeba, tej wiary prostej i niewyrachowanej; tej wiary, kt\u00f3rej <b>przyk\u0142ad<\/b><b> daj\u0105 nam dzisiaj nasze dzieci pierwszokomunijne.<\/b><\/span><\/span><\/span><\/p>\n<p align=\"justify\"><span style=\"color: #000000;\"><span style=\"font-family: Book Antiqua, serif;\"><span style=\"font-size: large;\">Kiedy patrzymy na nie, na ich zapa\u0142, z jakim oczekuj\u0105 i zapraszaj\u0105 Jezusa w Komunii \u015awi\u0119tej do swoich serc, przypominamy sobie chyba wszyscy s\u0142owa Zbawiciela, kt\u00f3ry kaza\u0142 nam<b> sta\u0107 si\u0119 prostym jak dziecko, aby wej\u015b\u0107 do Kr\u00f3lestwa <\/b><b>n<\/b><b>iebieskiego<\/b><b>.<\/b> Trzeba nam dzisiaj do tej gor\u0105cej, prostej i serdecznej wiary dziecka powraca\u0107 i z tak\u0105 wiar\u0105 zaprasza\u0107 Jezusa do serca w Komunii \u015awi\u0119tej. Trzeba nam na nowo przej\u0105\u0107 si\u0119 Jezusowym ostrze\u017ceniem i zapewnieniem, \u017ce<b> kto spo\u017cywa Jego Cia\u0142o, b\u0119dzie \u017cy\u0142 na wieki, a kto nie spo\u017cywa \u2013 ten zginie.<\/b><\/span><\/span><\/span><\/p>\n<p align=\"justify\"><span style=\"color: #000000;\"><span style=\"font-family: Book Antiqua, serif;\"><span style=\"font-size: large;\">Moi Drodzy, Jezus naprawd\u0119 <b>nie \u017cartowa\u0142, <\/b><b>kiedy<\/b><b> to m\u00f3wi\u0142!<\/b> Te s\u0142owa do ka\u017cdego z nas si\u0119 odnosz\u0105. Bo i do ka\u017cdego z nas odnosz\u0105 si\u0119 s\u0142owa, kt\u00f3re w pierwszym czytaniu Moj\u017cesz skierowa\u0142 do swojego ludu: do tego ludu, kt\u00f3ry \u2013 w imi\u0119 Bo\u017ce \u2013 prowadzi\u0142 przez pustyni\u0119: <i><b>Pami\u0119taj na wszystkie drogi, kt\u00f3rymi Ci\u0119 prowadzi\u0142 tw\u00f3j Pan B\u00f3g<\/b><\/i><i> <\/i><b>[\u2026]<\/b><i><b> na pustyni, aby ci\u0119 utrapi\u0107, wypr\u00f3bowa\u0107 i pozna\u0107, co jest w twym sercu.<\/b><\/i><b> [\u2026] <\/b><i><b>On ci\u0119 prowadzi\u0142 przez pustyni\u0119 wielk\u0105 i straszn\u0105, pe\u0142n\u0105 w\u0119\u017c\u00f3w jadowitych i skorpion\u00f3w, przez ziemi\u0119 such\u0105, bez wody. <\/b><\/i><\/span><\/span><\/span><\/p>\n<p align=\"justify\"><span style=\"color: #000000;\"><span style=\"font-family: Book Antiqua, serif;\"><span style=\"font-size: large;\">Czy kiedy dzisiaj s\u0142uchamy tych s\u0142\u00f3w, kiedy przypominamy sobie nasze \u017cycie, czy nie przychodzi nam na my\u015bl, i\u017c <b>mo\u017ce to i nas jako\u015b dotyczy?<\/b><\/span><\/span><\/span><\/p>\n<p align=\"justify\"><span style=\"color: #000000;\"><span style=\"font-family: Book Antiqua, serif;\"><span style=\"font-size: large;\">Czy nasze \u017cycie \u2013 codzienne sytuacje, w kt\u00f3rych si\u0119 znajdujemy; codzienne problemy, kt\u00f3re podejmujemy \u2013 <b>nie przypominaj\u0105 niekiedy w\u0119dr\u00f3wki przez tak\u0105 spieczon\u0105, tward\u0105 ziemi\u0119,<\/b> pe\u0142n\u0105 jadowitych skorpion\u00f3w, a wi\u0119c bolesnych rozczarowa\u0144? I problem\u00f3w \u2013 zdawa\u0142oby si\u0119 niekiedy \u2013 wr\u0119cz nie do uniesienia? Czy nasza codzienno\u015b\u0107 nie przypomina niekiedy pustyni \u2013 <b>smutnej, pe\u0142nej samotno\u015bci <\/b><b>i l\u0119ku<\/b><b>, <\/b>ujawniaj\u0105cej wci\u0105\u017c nowe trudy w\u0119dr\u00f3wki?\u2026<\/span><\/span><\/span><\/p>\n<p align=\"justify\"><span style=\"color: #000000;\"><span style=\"font-family: Book Antiqua, serif;\"><span style=\"font-size: large;\">I dlatego dobrze, \u017ceby tak, jak Izraelit\u00f3w, <b>tak i nas B\u00f3g przez t\u0119 pustyni\u0119, <\/b>przez t\u0119 spieczon\u0105, a niekiedy gro\u017an\u0105 ziemi\u0119 \u2013<b> m\u00f3g\u0142 przeprowadzi\u0107.<\/b> Aby mog\u0142o si\u0119 to sta\u0107, przyjmujemy Pokarm, kt\u00f3ry wzmocni nasze si\u0142y duchowe. Pokarm, kt\u00f3rego moc\u0105 przeb\u0119dziemy bezpiecznie t\u0119 w\u0119dr\u00f3wk\u0119.<\/span><\/span><\/span><\/p>\n<p align=\"justify\"><span style=\"color: #000000;\"><span style=\"font-family: Book Antiqua, serif;\"><span style=\"font-size: large;\"><b>I je\u017celi dzisiaj skar\u017cymy si\u0119, <\/b>\u017ce jest nam ci\u0119\u017cko, \u017ce ci\u0119\u017ckie \u017cycie, wielkie problemy, takie czy inne trudno\u015bci, to musimy koniecznie zastanowi\u0107 si\u0119, jak temu najlepiej zaradzi\u0107? <b>Czy wiemy, gdzie szuka\u0107 ratunku?<\/b> Czy przy codziennym zabieganiu o chleb powszedni, o zarobienie tych kilku groszy na godziwe utrzymanie i \u017cycie godne cz\u0142owieka, pami\u0119tamy, \u017ce jednak <i><b>nie samym tylko chlebem \u017cyje cz\u0142owiek, ale wszystkim, co pochodzi z ust Pana<\/b><\/i><i> \u2013<\/i> jak s\u0142yszeli\u015bmy w pierwszym czytaniu?<\/span><\/span><\/span><\/p>\n<p align=\"justify\"><span style=\"color: #000000;\"><span style=\"font-family: Book Antiqua, serif;\"><span style=\"font-size: large;\">Przy codziennym zabieganiu i zapracowaniu <b>nie wolno zapomina\u0107 o sferze ducha, o Pokarmie dla duszy,<\/b> je\u015bli bowiem o nim zapomnimy, szybko stracimy nadziej\u0119, zabraknie nam tej wewn\u0119trznej mocy, opadniemy z si\u0142 i trudy w\u0119dr\u00f3wki przez spieczon\u0105 ziemi\u0119<b> bardzo dadz\u0105 si\u0119 nam we znaki.<\/b><\/span><\/span><\/span><\/p>\n<p align=\"justify\"><span style=\"color: #000000;\"><span style=\"font-family: Book Antiqua, serif;\"><span style=\"font-size: large;\">Bo chleb powszedni, o kt\u00f3ry codziennie zabiegamy, daje nam zaspokojenie <b>g\u0142odu doczesnego \u2013<\/b> nasze codzienne zapracowanie daje nam ten <b>chleb ziemski,<\/b> kt\u00f3ry podtrzymuje nas jedynie w wymiarze ziemskim. Chleb, kt\u00f3ry daje nam Jezus,<b> <\/b><i><b>to jest Chleb, kt\u00f3ry<\/b><\/i><i> <\/i><i><b>z<\/b><\/i><i><b> Nieba zst\u0105pi\u0142 \u2013<\/b><\/i> jak m\u00f3wi\u0142 Jezus w Ewangelii.<b> <\/b><i><b>Kto spo\u017cywa ten Chleb, b\u0119dzie \u017cy\u0142 na wieki.<\/b><\/i><\/span><\/span><\/span><\/p>\n<p align=\"justify\"><span style=\"color: #000000;\"><span style=\"font-family: Book Antiqua, serif;\"><span style=\"font-size: large;\">A zatem, spo\u017cywajmy ten Chleb, bo jeste\u015bmy <b>zaproszeni przez Jezusa do \u017cycia wiecznego. <\/b>Nasze \u017cycie nie zako\u0144czy si\u0119 tu na ziemi \u2013 przejdzie do innego wymiaru, stanie si\u0119 \u017cyciem wiecznym. Ka\u017cdy z nas stoi w obliczu perspektywy wieczno\u015bci. <b>Z czym staniemy w\u00f3wczas przed Bogiem? <\/b>Czy z naszymi tytu\u0142ami, z naszym maj\u0105tkiem, wspania\u0142ym samochodem, wystawnym domem, czy z naszymi znajomo\u015bciami, kontaktami, kt\u00f3re tu, na ziemi, pozwalaj\u0105 nam za\u0142atwi\u0107 dos\u0142ownie wszystko?\u2026<\/span><\/span><\/span><\/p>\n<p align=\"justify\"><span style=\"color: #000000;\"><span style=\"font-family: Book Antiqua, serif;\"><span style=\"font-size: large;\"><b>Jakie to b\u0119dzie mia\u0142o znaczenie tam, w wieczno\u015bci, <\/b>je\u017celi zabraknie nam wewn\u0119trznego bogactwa, je\u017celi staniemy pu\u015bci, biedni, dalecy od Boga? Czy b\u0119dziemy mogli oczekiwa\u0107, \u017ce B\u00f3g da nam mieszkanie w swoim Kr\u00f3lestwie, <b>je\u017celi On nie m\u00f3g\u0142 doprosi\u0107 si\u0119 dla siebie <\/b><b>o <\/b><b>mieszkani<\/b><b>e<\/b><b> w <\/b><b>naszym<\/b><b> sercu, <\/b>bo ci\u0105gle by\u0142o ono zamkni\u0119te?<\/span><\/span><\/span><\/p>\n<p align=\"justify\"><span style=\"color: #000000;\"><span style=\"font-family: Book Antiqua, serif;\"><span style=\"font-size: large;\">Niech ta dzisiejsza, niezwykle pi\u0119kna i podnios\u0142a Uroczysto\u015b\u0107, pomo\u017ce nam <b>przypomnie\u0107 sobie o Eucharystii, <\/b>przypomnie\u0107 sobie o jej wielkim znaczeniu, niech pozwoli na nowo je dostrzec! Temu s\u0142u\u017cy dzisiejsze <b>rozwa\u017canie Bo\u017cego <\/b><b>s<\/b><b>\u0142owa, <\/b>temu s\u0142u\u017cy dzisiejszy nasz<b> udzia\u0142 we Mszy \u015awi\u0119tej, <\/b>nasze dzisiejsze <b>przyj\u0119cie Komunii \u015awi\u0119tej.<\/b> I temu s\u0142u\u017cy\u0107 b\u0119dzie <b>dzisiejsza Procesja,<\/b> w kt\u00f3rej wyprowadzamy Jezusa na nasze ulice, aby pokaza\u0107 Mu nasze domostwa, nasz\u0105 Parafi\u0119. <\/span><\/span><\/span><\/p>\n<p align=\"justify\"><span style=\"color: #000000;\"><span style=\"font-family: Book Antiqua, serif;\"><span style=\"font-size: large;\">Ale jednocze\u015bnie \u2013 wobec ludzi, <b>wobec ca\u0142ego \u015bwiata,<\/b> <b>zamanifest<\/b><b>owa\u0107<\/b><b> <\/b>nasze przywi\u0105zanie do Jezusa, nasz\u0105 najg\u0142\u0119bsz\u0105 cze\u015b\u0107 dla Niego. I tylko wtedy dzisiejsza Procesja nie oka\u017ce si\u0119 znakiem pustym, tylko wtedy nie b\u0119dzie jakim\u015b pochodem \u2013 chocia\u017c wystawnym, <b>ale bez wewn\u0119trznego znaczenia, <\/b>jakie to pochody dobrze jeszcze pami\u0119tamy z poprzedniego okresu<b> \u2013<\/b> tylko wtedy b\u0119dzie ona mia\u0142a g\u0142\u0119bokie, religijne i Bo\u017ce znaczenie, je\u017celi razem z kap\u0142anem, nios\u0105cym Pana Jezusa w monstrancji,<b> my poniesiemy Go w naszych sercach, <\/b><b>do naszej codzienno\u015bci!<\/b> Je\u017celi nasze serca b\u0119d\u0105 takimi monstrancjami.<\/span><\/span><\/span><\/p>\n<p align=\"justify\"><span style=\"color: #000000;\"><span style=\"font-family: Book Antiqua, serif;\"><span style=\"font-size: large;\">A je\u017celi tak b\u0119dzie, to dzisiejsza Uroczysto\u015b\u0107 b\u0119dzie si\u0119 odbywa\u0142a bardzo cz\u0119sto, wr\u0119cz codziennie: <b>Procesja Bo\u017cego Cia\u0142a b\u0119dzie wyrusza\u0142a nie tylko raz do roku,<\/b> ale b\u0119dzie wyrusza\u0142a zawsze, ilekro\u0107 my b\u0119dziemy wychodzi\u0107 ze \u015bwi\u0105tyni, bo tego Chrystusa \u2013 jak dzi\u015b kap\u0142an w monstrancji<b> tak my \u2013 b\u0119dziemy wynosi\u0107 w naszym sercu.<\/b> I jak dzisiaj kap\u0142an niesie Go do czterech o\u0142tarzy, <b>tak my zaniesiemy Go<\/b> do naszych dom\u00f3w, s\u0105siedztw, do pracy, do naszych szk\u00f3\u0142.<\/span><\/span><\/span><\/p>\n<p align=\"justify\"><span style=\"color: #000000;\"><span style=\"font-family: Book Antiqua, serif;\"><span style=\"font-size: large;\">Tak, moi Drodzy, <b>Procesja Bo\u017cego Cia\u0142a mo\u017ce odbywa\u0107 si\u0119 codziennie \u2013 to od nas zale\u017cy!<\/b> Jezus chce wyj\u015b\u0107 do ludzi, chce o sobie przypomnie\u0107, ale <b>potrzebuje kogo\u015b, kto Go zaniesie <\/b>do ludzi, kto Go innym uka\u017ce. Potrzebuje nie tylko tej monstrancji ozdobnej, ale tej w naszym sercu, bo w\u00f3wczas najszybciej dotrze do innych serc. <\/span><\/span><\/span><\/p>\n<p align=\"justify\"><span style=\"color: #000000;\"><span style=\"font-family: Book Antiqua, serif;\"><span style=\"font-size: large;\">Zatem pozw\u00f3lmy Mu <b>stale zamieszkiwa\u0107 w naszym sercu.<\/b> Niech Mu b\u0119dzie u nas dobrze. Niech spe\u0142ni\u0105 si\u0119 w naszym \u017cyciu s\u0142owa modlitwy, wzniesionej przez poet\u0119:<\/span><\/span><\/span><\/p>\n<p align=\"justify\"><span style=\"color: #000000;\"><span style=\"font-family: Book Antiqua, serif;\"><span style=\"font-size: large;\">Kto szuka Ci\u0119, <b>ju\u017c znalaz\u0142 Ciebie;<\/b><\/span><\/span><\/span><\/p>\n<p align=\"justify\"><span style=\"color: #000000;\"><span style=\"font-family: Book Antiqua, serif;\"><span style=\"font-size: large;\">Ju\u017c Ci\u0119 ma, komu Ciebie trzeba;<\/span><\/span><\/span><\/p>\n<p align=\"justify\"><span style=\"color: #000000;\"><span style=\"font-family: Book Antiqua, serif;\"><span style=\"font-size: large;\">Kto t\u0119skni w Niebo Twe, jest w Niebie;<\/span><\/span><\/span><\/p>\n<p align=\"justify\"><span style=\"color: #000000;\"><span style=\"font-family: Book Antiqua, serif;\"><span style=\"font-size: large;\"><b>Kto g\u0142odny go, je z Twego chleba.<\/b><\/span><\/span><\/span><\/p>\n<p align=\"justify\"><span style=\"color: #000000;\"><span style=\"font-family: Book Antiqua, serif;\"><span style=\"font-size: large;\">Nie widz\u0105 Ciebie moje oczy, <\/span><\/span><\/span><\/p>\n<p align=\"justify\"><span style=\"color: #000000;\"><span style=\"font-family: Book Antiqua, serif;\"><span style=\"font-size: large;\">Nie s\u0142ysz\u0105 Ciebie moje uszy:<\/span><\/span><\/span><\/p>\n<p align=\"justify\"><span style=\"color: #000000;\"><span style=\"font-family: Book Antiqua, serif;\"><span style=\"font-size: large;\">A jeste\u015b <b>\u015bwiat\u0142em w mej pomroczy, <\/b><\/span><\/span><\/span><\/p>\n<p align=\"justify\"><span style=\"color: #000000;\"><span style=\"font-family: Book Antiqua, serif;\"><span style=\"font-size: large;\">A jeste\u015b \u015bpiewem mojej duszy! <\/span><\/span><\/span><\/p>\n<p align=\"justify\"><span style=\"color: #000000;\"><span style=\"font-family: Book Antiqua, serif;\"><span style=\"font-size: large;\"><i><b>To jest Chleb, kt\u00f3ry z Nieba zst\u0105pi\u0142. Nie jest on taki, jak ten, kt\u00f3ry jedli wasi przodkowie, a pomarli. Kto spo\u017cywa ten Chleb, b\u0119dzie \u017cy\u0142 n<\/b><\/i><i><b>a wieki!<\/b><\/i> <\/span><\/span><\/span><\/p>\n","protected":false},"excerpt":{"rendered":"<p>Niech b\u0119dzie pochwalony Jezus Chrystus! Moi Drodzy, w dniu dzisiejszym rocznic\u0119 \u015bwi\u0119ce\u0144 kap\u0142a\u0144skich prze\u017cywaj\u0105: \u25baKsi\u0105dz Pawe\u0142 Bro\u0144ski, na kt\u00f3rego Prymicji g\u0142osi\u0142em homili\u0119, a pochodz\u0105cy z Parafii Serokomla, gdzie przez rok mieszka\u0142em, w czasie studi\u00f3w na KUL; \u25baKsi\u0105dz Kamil Prus z Diecezji warszawsko \u2013 praskiej, kt\u00f3ry by\u0142 na praktyce diako\u0144skiej w Parafii Ojca Pio w Warszawie, [&hellip;]<\/p>\n","protected":false},"author":1,"featured_media":0,"comment_status":"open","ping_status":"open","sticky":false,"template":"","format":"standard","meta":{"jetpack_post_was_ever_published":false,"_jetpack_newsletter_access":"","_jetpack_dont_email_post_to_subs":false,"_jetpack_newsletter_tier_id":0,"_jetpack_memberships_contains_paywalled_content":false,"_jetpack_memberships_contains_paid_content":false,"footnotes":""},"categories":[1],"tags":[],"class_list":["post-17172","post","type-post","status-publish","format-standard","hentry","category-bez-kategorii"],"yoast_head":"<!-- This site is optimized with the Yoast SEO plugin v25.1 - https:\/\/yoast.com\/wordpress\/plugins\/seo\/ -->\n<title>Moje Cia\u0142o za \u017cycie \u015bwiata! - Gaudium Et Spes<\/title>\n<meta name=\"robots\" content=\"index, follow, max-snippet:-1, max-image-preview:large, max-video-preview:-1\" \/>\n<link rel=\"canonical\" href=\"https:\/\/gaudiumetspes-blog.pl\/index.php\/2020\/06\/11\/moje-cialo-za-zycie-swiata\/\" \/>\n<meta property=\"og:locale\" content=\"pl_PL\" \/>\n<meta property=\"og:type\" content=\"article\" \/>\n<meta property=\"og:title\" content=\"Moje Cia\u0142o za \u017cycie \u015bwiata! - Gaudium Et Spes\" \/>\n<meta property=\"og:description\" content=\"Niech b\u0119dzie pochwalony Jezus Chrystus! Moi Drodzy, w dniu dzisiejszym rocznic\u0119 \u015bwi\u0119ce\u0144 kap\u0142a\u0144skich prze\u017cywaj\u0105: \u25baKsi\u0105dz Pawe\u0142 Bro\u0144ski, na kt\u00f3rego Prymicji g\u0142osi\u0142em homili\u0119, a pochodz\u0105cy z Parafii Serokomla, gdzie przez rok mieszka\u0142em, w czasie studi\u00f3w na KUL; \u25baKsi\u0105dz Kamil Prus z Diecezji warszawsko \u2013 praskiej, kt\u00f3ry by\u0142 na praktyce diako\u0144skiej w Parafii Ojca Pio w Warszawie, [&hellip;]\" \/>\n<meta property=\"og:url\" content=\"https:\/\/gaudiumetspes-blog.pl\/index.php\/2020\/06\/11\/moje-cialo-za-zycie-swiata\/\" \/>\n<meta property=\"og:site_name\" content=\"Gaudium Et Spes\" \/>\n<meta property=\"article:published_time\" content=\"2020-06-11T03:23:50+00:00\" \/>\n<meta name=\"author\" content=\"Ks. Jacek\" \/>\n<meta name=\"twitter:card\" content=\"summary_large_image\" \/>\n<meta name=\"twitter:label1\" content=\"Napisane przez\" \/>\n\t<meta name=\"twitter:data1\" content=\"Ks. Jacek\" \/>\n\t<meta name=\"twitter:label2\" content=\"Szacowany czas czytania\" \/>\n\t<meta name=\"twitter:data2\" content=\"15 minut\" \/>\n<script type=\"application\/ld+json\" class=\"yoast-schema-graph\">{\"@context\":\"https:\/\/schema.org\",\"@graph\":[{\"@type\":\"WebPage\",\"@id\":\"https:\/\/gaudiumetspes-blog.pl\/index.php\/2020\/06\/11\/moje-cialo-za-zycie-swiata\/\",\"url\":\"https:\/\/gaudiumetspes-blog.pl\/index.php\/2020\/06\/11\/moje-cialo-za-zycie-swiata\/\",\"name\":\"Moje Cia\u0142o za \u017cycie \u015bwiata! - Gaudium Et Spes\",\"isPartOf\":{\"@id\":\"https:\/\/gaudiumetspes-blog.pl\/#website\"},\"datePublished\":\"2020-06-11T03:23:50+00:00\",\"author\":{\"@id\":\"https:\/\/gaudiumetspes-blog.pl\/#\/schema\/person\/1661982992b752dea8dff0d4ed845a65\"},\"breadcrumb\":{\"@id\":\"https:\/\/gaudiumetspes-blog.pl\/index.php\/2020\/06\/11\/moje-cialo-za-zycie-swiata\/#breadcrumb\"},\"inLanguage\":\"pl-PL\",\"potentialAction\":[{\"@type\":\"ReadAction\",\"target\":[\"https:\/\/gaudiumetspes-blog.pl\/index.php\/2020\/06\/11\/moje-cialo-za-zycie-swiata\/\"]}]},{\"@type\":\"BreadcrumbList\",\"@id\":\"https:\/\/gaudiumetspes-blog.pl\/index.php\/2020\/06\/11\/moje-cialo-za-zycie-swiata\/#breadcrumb\",\"itemListElement\":[{\"@type\":\"ListItem\",\"position\":1,\"name\":\"Strona g\u0142\u00f3wna\",\"item\":\"https:\/\/gaudiumetspes-blog.pl\/\"},{\"@type\":\"ListItem\",\"position\":2,\"name\":\"Moje&nbsp;Cia\u0142o za&nbsp;\u017cycie \u015bwiata!\"}]},{\"@type\":\"WebSite\",\"@id\":\"https:\/\/gaudiumetspes-blog.pl\/#website\",\"url\":\"https:\/\/gaudiumetspes-blog.pl\/\",\"name\":\"Gaudium Et Spes\",\"description\":\"Blog Ks. Jacka Ja\u015bkowskiego\",\"potentialAction\":[{\"@type\":\"SearchAction\",\"target\":{\"@type\":\"EntryPoint\",\"urlTemplate\":\"https:\/\/gaudiumetspes-blog.pl\/?s={search_term_string}\"},\"query-input\":{\"@type\":\"PropertyValueSpecification\",\"valueRequired\":true,\"valueName\":\"search_term_string\"}}],\"inLanguage\":\"pl-PL\"},{\"@type\":\"Person\",\"@id\":\"https:\/\/gaudiumetspes-blog.pl\/#\/schema\/person\/1661982992b752dea8dff0d4ed845a65\",\"name\":\"Ks. Jacek\",\"image\":{\"@type\":\"ImageObject\",\"inLanguage\":\"pl-PL\",\"@id\":\"https:\/\/gaudiumetspes-blog.pl\/#\/schema\/person\/image\/\",\"url\":\"https:\/\/gaudiumetspes-blog.pl\/wp-content\/uploads\/2019\/07\/avatar-JJ-150x150.jpg\",\"contentUrl\":\"https:\/\/gaudiumetspes-blog.pl\/wp-content\/uploads\/2019\/07\/avatar-JJ-150x150.jpg\",\"caption\":\"Ks. Jacek\"},\"description\":\"Witam serdecznie! K\u0142ania si\u0119 Ks. Jacek Ja\u015bkowski. Nie jestem ani kim\u015b wa\u017cnym, ani kim\u015b znanym. Jestem ksi\u0119dzem, kt\u00f3ry po prostu chce rozmawia\u0107. Codzienna kap\u0142a\u0144ska pos\u0142uga pokazuje mi, \u017ce temat\u00f3w do rozm\u00f3w z ksi\u0119dzem jest coraz wi\u0119cej i dzisiaj \u017caden ksi\u0105dz nie mo\u017ce od nich ucieka\u0107, ale - wprost przeciwnie - podejmowa\u0107 nowe wyzwania. To przekonanie sk\u0142oni\u0142o mnie do pr\u00f3by otwarcia tego\u017c bloga, chocia\u017c okazji do rozm\u00f3w na co dzie\u0144 - w konfesjonale i poza nim - na szcz\u0119\u015bcie nie brakuje. My\u015bl\u0119 jednak, \u017ce ten blog b\u0119dzie jeszcze jednym sposobem i przestrzeni\u0105 nawi\u0105zania kontaktu z lud\u017ami dobrej woli, otwartymi na dialog.\",\"url\":\"https:\/\/gaudiumetspes-blog.pl\/index.php\/author\/ks-jacek\/\"}]}<\/script>\n<!-- \/ Yoast SEO plugin. -->","yoast_head_json":{"title":"Moje Cia\u0142o za \u017cycie \u015bwiata! - Gaudium Et Spes","robots":{"index":"index","follow":"follow","max-snippet":"max-snippet:-1","max-image-preview":"max-image-preview:large","max-video-preview":"max-video-preview:-1"},"canonical":"https:\/\/gaudiumetspes-blog.pl\/index.php\/2020\/06\/11\/moje-cialo-za-zycie-swiata\/","og_locale":"pl_PL","og_type":"article","og_title":"Moje Cia\u0142o za \u017cycie \u015bwiata! - Gaudium Et Spes","og_description":"Niech b\u0119dzie pochwalony Jezus Chrystus! Moi Drodzy, w dniu dzisiejszym rocznic\u0119 \u015bwi\u0119ce\u0144 kap\u0142a\u0144skich prze\u017cywaj\u0105: \u25baKsi\u0105dz Pawe\u0142 Bro\u0144ski, na kt\u00f3rego Prymicji g\u0142osi\u0142em homili\u0119, a pochodz\u0105cy z Parafii Serokomla, gdzie przez rok mieszka\u0142em, w czasie studi\u00f3w na KUL; \u25baKsi\u0105dz Kamil Prus z Diecezji warszawsko \u2013 praskiej, kt\u00f3ry by\u0142 na praktyce diako\u0144skiej w Parafii Ojca Pio w Warszawie, [&hellip;]","og_url":"https:\/\/gaudiumetspes-blog.pl\/index.php\/2020\/06\/11\/moje-cialo-za-zycie-swiata\/","og_site_name":"Gaudium Et Spes","article_published_time":"2020-06-11T03:23:50+00:00","author":"Ks. Jacek","twitter_card":"summary_large_image","twitter_misc":{"Napisane przez":"Ks. Jacek","Szacowany czas czytania":"15 minut"},"schema":{"@context":"https:\/\/schema.org","@graph":[{"@type":"WebPage","@id":"https:\/\/gaudiumetspes-blog.pl\/index.php\/2020\/06\/11\/moje-cialo-za-zycie-swiata\/","url":"https:\/\/gaudiumetspes-blog.pl\/index.php\/2020\/06\/11\/moje-cialo-za-zycie-swiata\/","name":"Moje Cia\u0142o za \u017cycie \u015bwiata! - Gaudium Et Spes","isPartOf":{"@id":"https:\/\/gaudiumetspes-blog.pl\/#website"},"datePublished":"2020-06-11T03:23:50+00:00","author":{"@id":"https:\/\/gaudiumetspes-blog.pl\/#\/schema\/person\/1661982992b752dea8dff0d4ed845a65"},"breadcrumb":{"@id":"https:\/\/gaudiumetspes-blog.pl\/index.php\/2020\/06\/11\/moje-cialo-za-zycie-swiata\/#breadcrumb"},"inLanguage":"pl-PL","potentialAction":[{"@type":"ReadAction","target":["https:\/\/gaudiumetspes-blog.pl\/index.php\/2020\/06\/11\/moje-cialo-za-zycie-swiata\/"]}]},{"@type":"BreadcrumbList","@id":"https:\/\/gaudiumetspes-blog.pl\/index.php\/2020\/06\/11\/moje-cialo-za-zycie-swiata\/#breadcrumb","itemListElement":[{"@type":"ListItem","position":1,"name":"Strona g\u0142\u00f3wna","item":"https:\/\/gaudiumetspes-blog.pl\/"},{"@type":"ListItem","position":2,"name":"Moje&nbsp;Cia\u0142o za&nbsp;\u017cycie \u015bwiata!"}]},{"@type":"WebSite","@id":"https:\/\/gaudiumetspes-blog.pl\/#website","url":"https:\/\/gaudiumetspes-blog.pl\/","name":"Gaudium Et Spes","description":"Blog Ks. Jacka Ja\u015bkowskiego","potentialAction":[{"@type":"SearchAction","target":{"@type":"EntryPoint","urlTemplate":"https:\/\/gaudiumetspes-blog.pl\/?s={search_term_string}"},"query-input":{"@type":"PropertyValueSpecification","valueRequired":true,"valueName":"search_term_string"}}],"inLanguage":"pl-PL"},{"@type":"Person","@id":"https:\/\/gaudiumetspes-blog.pl\/#\/schema\/person\/1661982992b752dea8dff0d4ed845a65","name":"Ks. Jacek","image":{"@type":"ImageObject","inLanguage":"pl-PL","@id":"https:\/\/gaudiumetspes-blog.pl\/#\/schema\/person\/image\/","url":"https:\/\/gaudiumetspes-blog.pl\/wp-content\/uploads\/2019\/07\/avatar-JJ-150x150.jpg","contentUrl":"https:\/\/gaudiumetspes-blog.pl\/wp-content\/uploads\/2019\/07\/avatar-JJ-150x150.jpg","caption":"Ks. Jacek"},"description":"Witam serdecznie! K\u0142ania si\u0119 Ks. Jacek Ja\u015bkowski. Nie jestem ani kim\u015b wa\u017cnym, ani kim\u015b znanym. Jestem ksi\u0119dzem, kt\u00f3ry po prostu chce rozmawia\u0107. Codzienna kap\u0142a\u0144ska pos\u0142uga pokazuje mi, \u017ce temat\u00f3w do rozm\u00f3w z ksi\u0119dzem jest coraz wi\u0119cej i dzisiaj \u017caden ksi\u0105dz nie mo\u017ce od nich ucieka\u0107, ale - wprost przeciwnie - podejmowa\u0107 nowe wyzwania. To przekonanie sk\u0142oni\u0142o mnie do pr\u00f3by otwarcia tego\u017c bloga, chocia\u017c okazji do rozm\u00f3w na co dzie\u0144 - w konfesjonale i poza nim - na szcz\u0119\u015bcie nie brakuje. My\u015bl\u0119 jednak, \u017ce ten blog b\u0119dzie jeszcze jednym sposobem i przestrzeni\u0105 nawi\u0105zania kontaktu z lud\u017ami dobrej woli, otwartymi na dialog.","url":"https:\/\/gaudiumetspes-blog.pl\/index.php\/author\/ks-jacek\/"}]}},"jetpack_featured_media_url":"","jetpack_sharing_enabled":true,"_links":{"self":[{"href":"https:\/\/gaudiumetspes-blog.pl\/index.php\/wp-json\/wp\/v2\/posts\/17172","targetHints":{"allow":["GET"]}}],"collection":[{"href":"https:\/\/gaudiumetspes-blog.pl\/index.php\/wp-json\/wp\/v2\/posts"}],"about":[{"href":"https:\/\/gaudiumetspes-blog.pl\/index.php\/wp-json\/wp\/v2\/types\/post"}],"author":[{"embeddable":true,"href":"https:\/\/gaudiumetspes-blog.pl\/index.php\/wp-json\/wp\/v2\/users\/1"}],"replies":[{"embeddable":true,"href":"https:\/\/gaudiumetspes-blog.pl\/index.php\/wp-json\/wp\/v2\/comments?post=17172"}],"version-history":[{"count":1,"href":"https:\/\/gaudiumetspes-blog.pl\/index.php\/wp-json\/wp\/v2\/posts\/17172\/revisions"}],"predecessor-version":[{"id":17173,"href":"https:\/\/gaudiumetspes-blog.pl\/index.php\/wp-json\/wp\/v2\/posts\/17172\/revisions\/17173"}],"wp:attachment":[{"href":"https:\/\/gaudiumetspes-blog.pl\/index.php\/wp-json\/wp\/v2\/media?parent=17172"}],"wp:term":[{"taxonomy":"category","embeddable":true,"href":"https:\/\/gaudiumetspes-blog.pl\/index.php\/wp-json\/wp\/v2\/categories?post=17172"},{"taxonomy":"post_tag","embeddable":true,"href":"https:\/\/gaudiumetspes-blog.pl\/index.php\/wp-json\/wp\/v2\/tags?post=17172"}],"curies":[{"name":"wp","href":"https:\/\/api.w.org\/{rel}","templated":true}]}}