{"id":17198,"date":"2020-06-14T05:27:20","date_gmt":"2020-06-14T03:27:20","guid":{"rendered":"https:\/\/gaudiumetspes-blog.pl\/?p=17198"},"modified":"2020-06-14T10:36:07","modified_gmt":"2020-06-14T08:36:07","slug":"uzdrawiajcie-chorych-wskrzeszajcie-umarlych","status":"publish","type":"post","link":"https:\/\/gaudiumetspes-blog.pl\/index.php\/2020\/06\/14\/uzdrawiajcie-chorych-wskrzeszajcie-umarlych\/","title":{"rendered":"Uzdrawiajcie chorych, wskrzeszajcie umar\u0142ych&#8230;"},"content":{"rendered":"<p align=\"justify\"><span style=\"color: #000000;\"><span style=\"font-family: Book Antiqua, serif;\"><span style=\"font-size: large;\">Niech b\u0119dzie pochwalony Jezus Chrystus! Moi Drodzy, w dniu dzisiejszym <b>urodziny prze\u017cywaj\u0105:<\/b><\/span><\/span><\/span><\/p>\n<p align=\"justify\"><span style=\"color: #000000;\">\u25ba<span style=\"font-family: Book Antiqua, serif;\"><span style=\"font-size: large;\"><b>Filip G\u0119bala, nale\u017c\u0105cy w swoim czasie do Wsp\u00f3lnoty m\u0142odzie\u017cowej w Tr\u0105bkach;<\/b><\/span><\/span><\/span><\/p>\n<p align=\"justify\"><span style=\"color: #000000;\">\u25ba<span style=\"font-family: Book Antiqua, serif;\"><span style=\"font-size: large;\"><b>Kacper Malarz, Prezes S\u0142u\u017cby liturgicznej w Celestyowie.<\/b><\/span><\/span><\/span><\/p>\n<p align=\"justify\"><span style=\"color: #000000;\"><span style=\"font-family: Book Antiqua, serif;\"><span style=\"font-size: large;\"><b>Natomiast rocznic\u0119 \u015bwi\u0119ce\u0144 kap\u0142a\u0144skich prze\u017cywa Ksi\u0105dz Adam Potapczuk, m\u00f3j Poprzednik na wikariacie w Miastkowie Ko\u015bcielnym.<\/b><\/span><\/span><\/span><\/p>\n<p align=\"justify\"><span style=\"color: #000000;\"><span style=\"font-family: Book Antiqua, serif;\"><span style=\"font-size: large;\"><b>Wszystkim \u015bwi\u0119tuj\u0105cym \u017cycz\u0119 rado\u015bci i nadziei! Zapewniam o modlitwie.<\/b><\/span><\/span><\/span><\/p>\n<p align=\"justify\"><span style=\"color: #000000;\"><span style=\"font-family: Book Antiqua, serif;\"><span style=\"font-size: large;\">Moi Drodzy, nie ustawajmy w modlitwie o ustanie epidemii, a mo\u017ce bardziej: zwi\u0105zanego z ni\u0105 zamieszania. Oto z jednej strony, rz\u0105dz\u0105cy i media m\u00f3wi\u0105 o wyra\u017anej poprawie, otwieraj\u0105 si\u0119 granice \u2013 i w og\u00f3le, wszystko po kolei si\u0119 otwiera. Z drugiej strony, liczba nowych zaka\u017ce\u0144 jest du\u017ca. Z trzeciej strony, coraz mniej os\u00f3b \u2013 takich szczerych i prostych, dla kt\u00f3rych \u201edwa plus dwa, to cztery\u201d \u2013 wierzy tym statystykom i oficjalnym przekazom. Z czwartej strony, coraz cz\u0119\u015bciej m\u00f3wi si\u0119 o jakim\u015b wielkim przekr\u0119cie politycznym i finansowym, o jakiej\u015b wielkiej manipulacji. <\/span><\/span><\/span><\/p>\n<p align=\"justify\"><span style=\"color: #000000;\"><span style=\"font-family: Book Antiqua, serif;\"><span style=\"font-size: large;\">Komu wierzy\u0107? Z czym tak naprawd\u0119 mamy do czynienia? Wiele os\u00f3b, pomimo zdj\u0119tych obostrze\u0144, boi si\u0119 chodzi\u0107 do ko\u015bcio\u0142a. Niestety, tak\u017ce wielu ksi\u0119\u017cy jeszcze nie wyzby\u0142o si\u0119 strachu\u2026<\/span><\/span><\/span><\/p>\n<p align=\"justify\"><span style=\"color: #000000;\"><span style=\"font-family: Book Antiqua, serif;\"><span style=\"font-size: large;\">Dlatego przypominam o nabo\u017ce\u0144stwie czerwcowym, zach\u0119cam do prze\u017cywania go w ko\u015bcio\u0142ach. W wielu naszych Parafiach odbywaj\u0105 si\u0119 tradycyjne procesje eucharystyczne, przez osiem dni od Uroczysto\u015bci Bo\u017cego Cia\u0142a. Bierzmy w nich udzia\u0142! A ju\u017c koniecznie \u2013 prze\u017cywajmy w ko\u015bciele niedzieln\u0105 Msz\u0119 \u015awi\u0119t\u0105.<\/span><\/span><\/span><\/p>\n<p align=\"justify\"><span style=\"color: #000000;\"><span style=\"font-family: Book Antiqua, serif;\"><span style=\"font-size: large;\">Kiedy bowiem nie wiemy, co o tym wszystkim my\u015ble\u0107 i komu wierzy\u0107, pro\u015bmy Pana, aby On sam po\u0142o\u017cy\u0142 na wszystko swoj\u0105 dobr\u0105 r\u0119k\u0119 i rozwi\u0105za\u0142 to, co ludzie tak koszmarnie zapl\u0105tali\u2026 <\/span><\/span><\/span><\/p>\n<p align=\"justify\"><span style=\"color: #000000;\"><span style=\"font-family: Book Antiqua, serif;\"><span style=\"font-size: large;\">Moi Drodzy, dzisiaj Ksi\u0119\u017ca Neoprezbiterzy, wy\u015bwi\u0119ceni wczoraj, w Katedrze siedleckiej, przez Biskupa Kazimierza Gurd\u0119, b\u0119d\u0105 sprawowali swoje Msze \u015awi\u0119te prymicyjne. Raz jeszcze polecam Ich Waszym modlitwom. Podobnie, jak wszystkich, wy\u015bwi\u0119conych w tych dniach kap\u0142an\u00f3w \u2013 zar\u00f3wno diecezjalnych, jak i zakonnych. A przy tej okazji, m\u00f3dlmy si\u0119 o nowe powo\u0142ania!<\/span><\/span><\/span><\/p>\n<p align=\"justify\"><span style=\"color: #000000;\"><span style=\"font-family: Book Antiqua, serif;\"><span style=\"font-size: large;\">Na radosne i g\u0142\u0119bokie prze\u017cywanie Dnia Pa\u0144skiego \u2013<b> niech Was b\u0142ogos\u0142awi B\u00f3g Wszechmog\u0105cy: Ojciec + i Syn, i Duch \u015awi\u0119ty. Amen<\/b><\/span><\/span><\/span><\/p>\n<p align=\"center\"><span style=\"color: #000000;\"><span style=\"font-family: Book Antiqua, serif;\"><span style=\"font-size: large;\">Gaudium et spes! Ks. Jacek<\/span><\/span><\/span><\/p>\n<p align=\"center\">\n<p align=\"center\">\n<p align=\"center\">\n<p align=\"center\">\n<p align=\"center\">\n<p align=\"justify\"><span style=\"color: #000000;\"><span style=\"font-family: Book Antiqua, serif;\"><span style=\"font-size: large;\"><b>11 Niedziela zwyk\u0142a, A,<\/b><\/span><\/span><\/span><\/p>\n<p align=\"justify\"><span style=\"color: #000000;\"><span style=\"font-family: Book Antiqua, serif;\"><span style=\"font-size: large;\"><b>14 czerwca 2020.,<\/b><\/span><\/span><\/span><\/p>\n<p align=\"justify\"><span style=\"color: #000000;\"><span style=\"font-family: Book Antiqua, serif;\"><span style=\"font-size: large;\"><b>do czyta\u0144: Wj 19,1\u20136a; Rz 5,6\u201311; Mt 9,36\u201310,8<\/b><\/span><\/span><\/span><\/p>\n<p align=\"justify\">\n<p align=\"justify\">\n<p align=\"justify\">\n<p align=\"justify\">\n<p align=\"justify\">\n<p align=\"justify\"><span style=\"font-family: Book Antiqua, serif;\"><strong><span style=\"color: #000000;\"><span style=\"font-size: large;\"><b>CZYTANIE Z KSI\u0118GI WYJ\u015aCIA:<\/b><\/span><\/span><\/strong><\/span><\/p>\n<p align=\"justify\"><span style=\"color: #000000;\"><span style=\"font-family: Book Antiqua, serif;\"><span style=\"font-size: large;\"><b>W trzecim miesi\u0105cu po wyj\u015bciu z Egiptu Izraelici przybyli na pustyni\u0119 Synaj i rozbili ob\u00f3z na pustyni. Izrael obozowa\u0142 tam naprzeciw g\u00f3ry.<\/b><\/span><\/span><\/span><\/p>\n<p align=\"justify\"><span style=\"color: #000000;\"><span style=\"font-family: Book Antiqua, serif;\"><span style=\"font-size: large;\"><b>Moj\u017cesz wst\u0105pi\u0142 wtedy do Boga, a Pan zawo\u0142a\u0142 na niego z g\u00f3ry i powiedzia\u0142: \u201eTak powiesz domowi Jakuba i to oznajmisz synom Izraela: Wy\u015bcie widzieli, co uczyni\u0142em Egiptowi, jak nios\u0142em was na skrzyd\u0142ach orlich i przywiod\u0142em was do Mnie.<\/b><\/span><\/span><\/span><\/p>\n<p align=\"justify\"><span style=\"color: #000000;\"><span style=\"font-family: Book Antiqua, serif;\"><span style=\"font-size: large;\"><b>Teraz je\u015bli pilnie s\u0142ucha\u0107 b\u0119dziecie g\u0142osu mego i strzec mojego przymierza, b\u0119dziecie szczeg\u00f3ln\u0105 moj\u0105 w\u0142asno\u015bci\u0105 po\u015br\u00f3d wszystkich narod\u00f3w, gdy\u017c do Mnie nale\u017cy ca\u0142a ziemia. Lecz wy b\u0119dziecie Mi kr\u00f3lestwem kap\u0142an\u00f3w i ludem \u015bwi\u0119tym\u201d.<\/b><\/span><\/span><\/span><\/p>\n<p align=\"justify\">\n<p align=\"justify\">\n<p align=\"justify\">\n<p align=\"justify\">\n<p align=\"justify\">\n<p align=\"justify\"><span style=\"font-family: Book Antiqua, serif;\"><strong><span style=\"color: #000000;\"><span style=\"font-size: large;\"><b>CZYTANIE Z LISTU \u015aWI\u0118TEGO PAW\u0141A APOSTO\u0141A DO RZYMIAN:<\/b><\/span><\/span><\/strong><\/span><\/p>\n<p align=\"justify\"><span style=\"color: #000000;\"><span style=\"font-family: Book Antiqua, serif;\"><span style=\"font-size: large;\"><b>Bracia: Chrystus umar\u0142 za nas jako za grzesznik\u00f3w w oznaczonym czasie, gdy\u015bmy jeszcze byli bezsilni. A nawet za cz\u0142owieka sprawiedliwego podejmuje si\u0119 kto\u015b umrze\u0107 tylko z najwi\u0119ksz\u0105 trudno\u015bci\u0105. Chocia\u017c mo\u017ce jeszcze za cz\u0142owieka \u017cyczliwego odwa\u017cy\u0142by si\u0119 kto\u015b ponie\u015b\u0107 \u015bmier\u0107. B\u00f3g za\u015b okazuje nam swoj\u0105 mi\u0142o\u015b\u0107 w\u0142a\u015bnie przez to, \u017ce Chrystus umar\u0142 za nas, gdy\u015bmy byli jeszcze grzesznikami.<\/b><\/span><\/span><\/span><\/p>\n<p align=\"justify\"><span style=\"color: #000000;\"><span style=\"font-family: Book Antiqua, serif;\"><span style=\"font-size: large;\"><b>Tym bardziej wi\u0119c b\u0119dziemy przez Niego zachowani od karz\u0105cego gniewu, gdy teraz przez Krew Jego zostali\u015bmy usprawiedliwieni. Je\u017celi bowiem, b\u0119d\u0105c nieprzyjaci\u00f3\u0142mi, zostali\u015bmy pojednani z Bogiem przez \u015bmier\u0107 Jego Syna, to tym bardziej b\u0119d\u0105c ju\u017c pojednani, dost\u0105pimy zbawienia przez Jego \u017cycie. I nie tylko to, ale i chlubi\u0107 si\u0119 mo\u017cemy w Bogu przez Pana naszego Jezusa Chrystusa, przez kt\u00f3rego teraz uzyskali\u015bmy pojednanie.<\/b><\/span><\/span><\/span><\/p>\n<p align=\"justify\">\n<p align=\"justify\">\n<p align=\"justify\">\n<p align=\"justify\">\n<p align=\"justify\">\n<p align=\"justify\"><span style=\"font-family: Book Antiqua, serif;\"><strong><span style=\"color: #000000;\"><span style=\"font-size: large;\"><b>S\u0141OWA EWANGELII WED\u0141UG \u015aWI\u0118TEGO MATEUSZA:<\/b><\/span><\/span><\/strong><\/span><\/p>\n<p align=\"justify\"><span style=\"color: #000000;\"><span style=\"font-family: Book Antiqua, serif;\"><span style=\"font-size: large;\"><b>Jezus widz\u0105c t\u0142umy ludzi, litowa\u0142 si\u0119 nad nimi, bo byli zn\u0119kani i porzuceni, jak owce nie maj\u0105ce pasterza. Wtedy rzek\u0142 do swych uczni\u00f3w: \u201e\u017bniwo wprawdzie wielkie, ale robotnik\u00f3w ma\u0142o. Pro\u015bcie wi\u0119c Pana \u017cniwa, \u017ceby wyprawi\u0142 robotnik\u00f3w na swoje \u017cniwo\u201d.<\/b><\/span><\/span><\/span><\/p>\n<p align=\"justify\"><span style=\"color: #000000;\"><span style=\"font-family: Book Antiqua, serif;\"><span style=\"font-size: large;\"><b>Wtedy przywo\u0142a\u0142 do siebie dwunastu swoich uczni\u00f3w i udzieli\u0142 im w\u0142adzy nad duchami nieczystymi, aby je wyp\u0119dzali i leczyli wszelkie choroby i wszelkie s\u0142abo\u015bci.<\/b><\/span><\/span><\/span><\/p>\n<p align=\"justify\"><span style=\"color: #000000;\"><span style=\"font-family: Book Antiqua, serif;\"><span style=\"font-size: large;\"><b>A oto imiona dwunastu aposto\u0142\u00f3w: pierwszy Szymon, zwany Piotrem, i brat jego Andrzej, potem Jakub, syn Zebedeusza, i brat jego Jan, Filip i Bart\u0142omiej, Tomasz i celnik Mateusz, Jakub, syn Alfeusza, i Tadeusz, Szymon Gorliwy i Judasz Iskariota, ten, kt\u00f3ry Go zdradzi\u0142.<\/b><\/span><\/span><\/span><\/p>\n<p align=\"justify\"><span style=\"color: #000000;\"><span style=\"font-family: Book Antiqua, serif;\"><span style=\"font-size: large;\"><b>Tych to Dwunastu wys\u0142a\u0142 Jezus, daj\u0105c im nast\u0119puj\u0105ce wskazania: \u201eNie id\u017acie do pogan i nie wst\u0119pujcie do \u017cadnego miasta samaryta\u0144skiego. Id\u017acie raczej do owiec, kt\u00f3re pogin\u0119\u0142y z domu Izraela. Id\u017acie i g\u0142o\u015bcie: \u00abBliskie ju\u017c jest kr\u00f3lestwo niebieskie\u00bb. Uzdrawiajcie chorych, wskrzeszajcie umar\u0142ych, oczyszczajcie tr\u0119dowatych, wyp\u0119dzajcie z\u0142e duchy. Darmo otrzymali\u015bcie, darmo dawajcie\u201d.<\/b><\/span><\/span><\/span><\/p>\n<p align=\"justify\">\n<p align=\"justify\">\n<p align=\"justify\">\n<p align=\"justify\">\n<p align=\"justify\">\n<p align=\"justify\"><span style=\"color: #000000;\"><span style=\"font-family: Book Antiqua, serif;\"><span style=\"font-size: large;\"><i><b>Uzdrawiajcie chorych, wskrzeszajcie umar\u0142ych, oczyszczajcie tr\u0119dowatych, wyp\u0119dzajcie z\u0142e duchy. Darmo otrzymali\u015bcie, darmo dawajcie.<\/b><\/i><\/span><\/span><\/span><\/p>\n<p align=\"justify\"><span style=\"color: #000000;\"><span style=\"font-size: large;\"><span style=\"font-family: Book Antiqua, serif;\">Mo\u017cna by zapyta\u0107 \u2013 <\/span><span style=\"font-family: Book Antiqua, serif;\"><b>do kogo te s\u0142owa? <\/b><\/span><span style=\"font-family: Book Antiqua, serif;\">Do nas? Nie, to niemo\u017cliwe! <\/span><span style=\"font-family: Book Antiqua, serif;\"><i><b>Uzdrawiajcie chorych? Wskrzeszajcie umar\u0142ych? Oczyszczajcie tr\u0119dowatych? Wyp\u0119dzajcie z\u0142e duchy?<\/b><\/i><\/span><span style=\"font-family: Book Antiqua, serif;\"> Jak mamy tego wszystkiego dokonywa\u0107? <\/span><\/span><\/span><\/p>\n<p align=\"justify\"><span style=\"color: #000000;\"><span style=\"font-size: large;\"><span style=\"font-family: Book Antiqua, serif;\">Aposto\u0142owie<\/span><span style=\"font-family: Book Antiqua, serif;\"> \u2013 to co innego! Oni <\/span><span style=\"font-family: Book Antiqua, serif;\">byli<\/span><span style=\"font-family: Book Antiqua, serif;\"> w stanie wype\u0142ni\u0107 polecenie Jezusa, bo nie do\u015b\u0107, \u017ce przez trzy lata przy Nim byli i mogli si\u0119 od Niego tak du\u017co nauczy\u0107, to jeszcze \u2013 jak s\u0142yszeli\u015bmy dzisiaj w Ewangelii \u2013 <\/span><span style=\"font-family: Book Antiqua, serif;\"><i><b>Jezus udzieli\u0142 im w\u0142adzy nad duchami nieczystymi, aby je wyp\u0119dzali i leczyli wszelkie choroby i wszelkie s\u0142abo\u015bci<\/b><\/i><\/span><span style=\"font-family: Book Antiqua, serif;\"><b>.<\/b><\/span><span style=\"font-family: Book Antiqua, serif;\"> Tak wyposa\u017ceni, mogli rusza\u0107 do boju i zawojowa\u0107 \u015bwiat, ale my, pro\u015bci ludzie?\u2026 <\/span><\/span><\/span><\/p>\n<p align=\"justify\"><span style=\"color: #000000;\"><span style=\"font-size: large;\"><span style=\"font-family: Book Antiqua, serif;\">I w\u0142a\u015bciwie, to mo\u017cna by tak <\/span><span style=\"font-family: Book Antiqua, serif;\"><b>uspokoi\u0107 <\/b><\/span><span style=\"font-family: Book Antiqua, serif;\"><b>i<\/b><\/span><span style=\"font-family: Book Antiqua, serif;\"><b> uciszy\u0107 sumienie,<\/b><\/span><span style=\"font-family: Book Antiqua, serif;\"> i przej\u015b\u0107 nad ca\u0142\u0105 spraw\u0105 do porz\u0105dku dziennego. Ale chyba jednak to si\u0119 nie uda, bo gdzie\u015b tam, w g\u0142\u0119bi serca, odzywa si\u0119 to przekonanie, \u017ce jest to<\/span><span style=\"font-family: Book Antiqua, serif;\"><b> nazbyt uproszczone t\u0142umaczenie\u2026<\/b><\/span><\/span><\/span><\/p>\n<p align=\"justify\"><span style=\"color: #000000;\"><span style=\"font-size: large;\"><span style=\"font-family: Book Antiqua, serif;\">Nie mo\u017cemy uspokaja\u0107 swego sumienia stwierdzeniem, i\u017c dzisiejsze polecenie Jezusa skierowane jest <\/span><span style=\"font-family: Book Antiqua, serif;\"><b>tylko<\/b><\/span><span style=\"font-family: Book Antiqua, serif;\"><b> do Aposto\u0142\u00f3w<\/b><\/span> <span style=\"font-family: Book Antiqua, serif;\">(<\/span><span style=\"font-family: Book Antiqua, serif;\">no, mo\u017ce do ich nast\u0119pc\u00f3w, biskup\u00f3w<\/span><span style=\"font-family: Book Antiqua, serif;\">),<\/span><span style=\"font-family: Book Antiqua, serif;\"> bo gdyby tak by\u0142o, to nie by\u0142oby odczytywane w trakcie Mszy \u015awi\u0119tej, w kt\u00f3rej uczestniczymy, a jedynie \u2013 na przyk\u0142ad \u2013 na zebraniu plenarnym <\/span><span style=\"font-family: Book Antiqua, serif;\">k<\/span><span style=\"font-family: Book Antiqua, serif;\">onferencji <\/span><span style=\"font-family: Book Antiqua, serif;\">e<\/span><span style=\"font-family: Book Antiqua, serif;\">piskopatu. <\/span><\/span><\/span><\/p>\n<p align=\"justify\"><span style=\"color: #000000;\"><span style=\"font-size: large;\"><span style=\"font-family: Book Antiqua, serif;\">Tymczasem jednak, polecenie Jezusa skierowane jest do nas wszystkich, <\/span><span style=\"font-family: Book Antiqua, serif;\">bo<\/span><span style=\"font-family: Book Antiqua, serif;\"> przecie\u017c my wszyscy, kt\u00f3rzy uwa\u017camy si\u0119 za chrze\u015bcijan, za wierz\u0105cych, ju\u017c od dziecka dobrze wiemy, \u017ce <\/span><span style=\"font-family: Book Antiqua, serif;\"><b>ka\u017cde s\u0142owo,<\/b><\/span><span style=\"font-family: Book Antiqua, serif;\"> zapisane na kartach tej niezwyk\u0142ej Ksi\u0119gi, <\/span><span style=\"font-family: Book Antiqua, serif;\"><b>odnosi si\u0119 tak\u017ce do nas. <\/b><\/span><span style=\"font-family: Book Antiqua, serif;\">Do ka\u017cdej i ka\u017cdego z nas \u2013 <\/span><span style=\"font-family: Book Antiqua, serif;\"><b>indywidualnie! <\/b><\/span><\/span><\/span><\/p>\n<p align=\"justify\"><span style=\"color: #000000;\"><span style=\"font-size: large;\"><span style=\"font-family: Book Antiqua, serif;\">Mo\u017ce by\u0107 co najwy\u017cej <\/span><span style=\"font-family: Book Antiqua, serif;\">kwestia<\/span><span style=\"font-family: Book Antiqua, serif;\"> interpretacji danego tekstu, jego w\u0142a\u015bciw<\/span><span style=\"font-family: Book Antiqua, serif;\">e<\/span><span style=\"font-family: Book Antiqua, serif;\">go<\/span><span style=\"font-family: Book Antiqua, serif;\"> i kompletn<\/span><span style=\"font-family: Book Antiqua, serif;\">e<\/span><span style=\"font-family: Book Antiqua, serif;\">go<\/span><span style=\"font-family: Book Antiqua, serif;\"> zrozumieni<\/span><span style=\"font-family: Book Antiqua, serif;\">a<\/span><span style=\"font-family: Book Antiqua, serif;\">, ale na pewno nie ma takich s\u0142\u00f3w na kartach tej Ksi\u0119gi, kt\u00f3rych komu\u015b z nas <\/span><span style=\"font-family: Book Antiqua, serif;\"><b>nie wolno by\u0142oby czyta\u0107 czy <\/b><\/span><span style=\"font-family: Book Antiqua, serif;\"><b>stara\u0107 si\u0119 z<\/b><\/span><span style=\"font-family: Book Antiqua, serif;\"><b>rozumie\u0107. <\/b><\/span><span style=\"font-family: Book Antiqua, serif;\">Wr\u0119cz przeciwnie, powinni\u015bmy to czyni\u0107, bo wydaje si\u0119, \u017ce nasz kontakt codzienny ze <\/span><span style=\"font-family: Book Antiqua, serif;\">s<\/span><span style=\"font-family: Book Antiqua, serif;\">\u0142owem Bo\u017cym jest <\/span><span style=\"font-family: Book Antiqua, serif;\"><b>zdecydowanie za ma\u0142y!<\/b><\/span><\/span><\/span><\/p>\n<p align=\"justify\"><span style=\"color: #000000;\"><span style=\"font-size: large;\"><span style=\"font-family: Book Antiqua, serif;\">Odnosz\u0105c zatem do siebie osobi\u015bcie dzisiejsze polecenia Jezusa \u2013 skoro sumienie nie pozwala nam na takie \u0142atwe wyt\u0142umaczenie i zrzucenie z siebie odpowiedzialno\u015bci \u2013 pr\u00f3bujemy <\/span><span style=\"font-family: Book Antiqua, serif;\"><b>szuka\u0107 sposobu ich wype\u0142nienia.<\/b><\/span><span style=\"font-family: Book Antiqua, serif;\"> Jaki to spos\u00f3b? <\/span><\/span><\/span><\/p>\n<p align=\"justify\"><span style=\"color: #000000;\"><span style=\"font-size: large;\"><span style=\"font-family: Book Antiqua, serif;\">Czy taki, o jakim Pawe\u0142 Aposto\u0142 pisze dzisiaj do Rzymian w drugim czytaniu, i\u017c <\/span><span style=\"font-family: Book Antiqua, serif;\"><b>Jezus odda\u0142 swoje \u017cycie za nas, grzesznik\u00f3w?<\/b><\/span><span style=\"font-family: Book Antiqua, serif;\"> A mo\u017ce taki, o jakim s\u0142yszymy w pierwszym czytaniu, z Ksi\u0119gi Wyj\u015bcia, w kt\u00f3rym <\/span><span style=\"font-family: Book Antiqua, serif;\">B\u00f3g m\u00f3wi przez Moj\u017cesza<\/span><span style=\"font-family: Book Antiqua, serif;\">: <\/span><span style=\"font-family: Book Antiqua, serif;\"><i><b>Teraz je\u015bli pilnie s\u0142ucha\u0107 b\u0119dziecie g\u0142osu mego i strzec mojego przymierza, b\u0119dziecie szczeg\u00f3ln\u0105 moj\u0105 w\u0142asno\u015bci\u0105 po\u015br\u00f3d wszystkich narod\u00f3w, gdy\u017c do Mnie nale\u017cy ca\u0142a ziemia.<\/b><\/i><\/span><i> <\/i><span style=\"font-family: Book Antiqua, serif;\"><i><b>Lecz wy b\u0119dziecie Mi kr\u00f3lestwem kap\u0142an\u00f3w i ludem \u015bwi\u0119tym<\/b><\/i><\/span><span style=\"font-family: Book Antiqua, serif;\"><b>. <\/b><\/span><span style=\"font-family: Book Antiqua, serif;\">Kt\u00f3ry z tych sposob\u00f3w? <\/span><\/span><\/span><\/p>\n<p align=\"justify\"><span style=\"color: #000000;\"><span style=\"font-size: large;\"><span style=\"font-family: Book Antiqua, serif;\">Zapewne i jeden i drugi: <\/span><span style=\"font-family: Book Antiqua, serif;\">m<\/span><span style=\"font-family: Book Antiqua, serif;\">amy <\/span><span style=\"font-family: Book Antiqua, serif;\"><b>pilnie s\u0142ucha\u0107 g\u0142osu Bo\u017cego i strzec przymierza z Bogiem,<\/b><\/span><span style=\"font-family: Book Antiqua, serif;\"> post\u0119puj\u0105c zgodnie z Jego wol\u0105, ale tak\u017ce <\/span><span style=\"font-family: Book Antiqua, serif;\"><b>sk\u0142ada\u0107 swoje \u017cycie w ofierze<\/b><\/span><span style=\"font-family: Book Antiqua, serif;\"> \u2013 nie w sensie ca\u0142kowitym, ostatecznym, ale na pewno poprzez serdeczne, <\/span><span style=\"font-family: Book Antiqua, serif;\"><b>pe\u0142ne zaanga\u017cowanie<\/b><\/span><span style=\"font-family: Book Antiqua, serif;\"> w to, co robimy, co m\u00f3wimy, <\/span><span style=\"font-family: Book Antiqua, serif;\">czemu si\u0119 po\u015bwi\u0119camy<\/span><span style=\"font-family: Book Antiqua, serif;\">\u2026 Poprzez w\u0142\u0105czenie swojego trudu, mo\u017ce i zm\u0119czenia \u2013 nieraz granicz\u0105cego z wyczerpaniem \u2013 aby najlepiej, jak tylko potrafi<\/span><span style=\"font-family: Book Antiqua, serif;\">my<\/span><span style=\"font-family: Book Antiqua, serif;\">, <\/span><span style=\"font-family: Book Antiqua, serif;\"><b>czyni\u0107 dobro w swoim otoczeniu, w swojej codzienno\u015bci. <\/b><\/span><\/span><\/span><\/p>\n<p align=\"justify\"><span style=\"color: #000000;\"><span style=\"font-size: large;\"><span style=\"font-family: Book Antiqua, serif;\">Na czym mia\u0142oby to w praktyce polega\u0107? Paradoksalnie \u2013 <\/span><span style=\"font-family: Book Antiqua, serif;\"><b>na rzeczach najprostszych! <\/b><\/span><span style=\"font-family: Book Antiqua, serif;\">Na tym, co jest na co dzie\u0144 w zasi\u0119gu naszych r\u0105k, co le\u017cy w zakresie mo\u017cliwo\u015bci naszego dzia\u0142ania. Chodzi\u0142oby o tak\u0105 <\/span><span style=\"font-family: Book Antiqua, serif;\"><b>zwyczajn\u0105, codzienn\u0105 promocj\u0119 dobra! <\/b><\/span><span style=\"font-family: Book Antiqua, serif;\">A konkretniej jeszcze: o jego <\/span><span style=\"font-family: Book Antiqua, serif;\"><b>dostrzeganie i docenianie! <\/b><\/span><\/span><\/span><\/p>\n<p align=\"justify\"><span style=\"color: #000000;\"><span style=\"font-size: large;\"><span style=\"font-family: Book Antiqua, serif;\">Moi Drodzy<\/span><span style=\"font-family: Book Antiqua, serif;\">, <\/span><span style=\"font-family: Book Antiqua, serif;\">gdyby\u015bmy tylko dok\u0142adniej si\u0119 przyjrzeli i g\u0142\u0119biej zastanowili, to od razu dostrzegliby\u015bmy, <\/span><span style=\"font-family: Book Antiqua, serif;\"><b>jak<\/b><\/span><span style=\"font-family: Book Antiqua, serif;\"><b> bardzo du\u017co dobra dzieje si\u0119 wok\u00f3\u0142 nas!<\/b><\/span><span style=\"font-family: Book Antiqua, serif;\"> Jednak my \u0142atwiej zauwa\u017camy z\u0142<\/span><span style=\"font-family: Book Antiqua, serif;\">o<\/span><span style=\"font-family: Book Antiqua, serif;\"> i na <\/span><span style=\"font-family: Book Antiqua, serif;\">nim<\/span><span style=\"font-family: Book Antiqua, serif;\"> koncentrujemy uwag\u0119, a dobra nie dostrzegamy! Dlatego tak bardzo wa\u017cnym jest, aby je <\/span><span style=\"font-family: Book Antiqua, serif;\"><b>dostrzega\u0107 \u2013 <\/b><\/span><span style=\"font-family: Book Antiqua, serif;\"><b>wr\u0119cz<\/b><\/span><span style=\"font-family: Book Antiqua, serif;\"><b> wy\u0142apywa\u0107! <\/b><\/span><\/span><\/span><\/p>\n<p align=\"justify\"><span style=\"color: #000000;\"><span style=\"font-size: large;\"><span style=\"font-family: Book Antiqua, serif;\">Aby dostrzega\u0107 to, \u017ce kto\u015b obok nas <\/span><span style=\"font-family: Book Antiqua, serif;\"><b>co\u015b dobrego zrobi\u0142,<\/b><\/span><span style=\"font-family: Book Antiqua, serif;\"> co\u015b m\u0105drego czy dobrego powiedzia\u0142 <\/span><span style=\"font-family: Book Antiqua, serif;\">lub napisa\u0142;<\/span><span style=\"font-family: Book Antiqua, serif;\"> \u017ce co\u015b osi\u0105gn\u0105\u0142: <\/span><span style=\"font-family: Book Antiqua, serif;\">j<\/span><span style=\"font-family: Book Antiqua, serif;\">aki\u015b sukces, jaki\u015b awans, jakie\u015b udane dzie\u0142o, jakie\u015b dobre wyst\u0105pienie\u2026 \u017be wykona\u0142 jak\u0105\u015b potrzebn\u0105, po\u017cyteczn\u0105 prac\u0119, z kt\u00f3rej inni skorzystaj\u0105\u2026 Ot, takie proste, zwyczajne sprawy. <\/span><span style=\"font-family: Book Antiqua, serif;\"><b>Drobiazgi\u2026 Ale jak\u017ce<\/b><\/span> <span style=\"font-family: Book Antiqua, serif;\"><b>wa\u017cne drobiazgi\u2026 <\/b><\/span><span style=\"font-family: Book Antiqua, serif;\">Wa\u017cne, bo niedostrzeganie owych drobiazg\u00f3w powoduje nieraz <\/span><span style=\"font-family: Book Antiqua, serif;\"><b>wielki b\u00f3l serca i wielkie rozczarowanie.<\/b><\/span><span style=\"font-family: Book Antiqua, serif;\"> Naprawd\u0119! <\/span><\/span><\/span><\/p>\n<p align=\"justify\"><span style=\"color: #000000;\"><span style=\"font-size: large;\"><span style=\"font-family: Book Antiqua, serif;\">My\u015bl\u0119, \u017ce ka\u017cdy tego kiedy\u015b do\u015bwiadczy\u0142, wi\u0119c zapewne wi\u0119kszo\u015b\u0107 tu obecnych zgodzi si\u0119 ze mn\u0105, \u017ce tak po ludzku <\/span><span style=\"font-family: Book Antiqua, serif;\"><b>przykro jest cz\u0142owiekowi,<\/b><\/span><span style=\"font-family: Book Antiqua, serif;\"> kiedy co\u015b dobrego zrobi lub osi\u0105gnie, a nie ma z kim podzieli\u0107 si\u0119 rado\u015bci\u0105 z tego faktu, bo <\/span><span style=\"font-family: Book Antiqua, serif;\"><b>nikogo to tak za <\/b><\/span><span style=\"font-family: Book Antiqua, serif;\"><b>bardzo<\/b><\/span><span style=\"font-family: Book Antiqua, serif;\"><b> nie obchodzi,<\/b><\/span><span style=\"font-family: Book Antiqua, serif;\"> gdy\u017c wszyscy maj\u0105 swoje sprawy. <\/span><\/span><\/span><\/p>\n<p align=\"justify\"><span style=\"color: #000000;\"><span style=\"font-size: large;\"><span style=\"font-family: Book Antiqua, serif;\">I przykro jest takiemu m\u0142odemu cz\u0142owiekowi, kt\u00f3ry <\/span><span style=\"font-family: Book Antiqua, serif;\"><b>zdob\u0119dzie dobr\u0105 ocen\u0119 w szkole, <\/b><\/span><span style=\"font-family: Book Antiqua, serif;\">albo \u015bwietnie wypadnie na zawodach sportowych, albo osi\u0105gnie jaki\u015b sukces w innej, prowadzonej przez siebie dzia\u0142alno\u015bci, a wraca do domu i stwierdza, \u017ce <\/span><span style=\"font-family: Book Antiqua, serif;\"><b>nikt nawet nie zapyta<\/b><\/span><span style=\"font-family: Book Antiqua, serif;\"><b>\u0142<\/b><\/span><span style=\"font-family: Book Antiqua, serif;\"><b>, jak mu posz\u0142o,<\/b><\/span><span style=\"font-family: Book Antiqua, serif;\"> a kiedy sam zaczyna o tym m\u00f3wi\u0107, to zderza si\u0119 to z murem zm\u0119czenia, codziennego zabiegania, albo <\/span><span style=\"font-family: Book Antiqua, serif;\"><b>jego s\u0142owa bledn\u0105<\/b><\/span><span style=\"font-family: Book Antiqua, serif;\"> w obliczu ciekawie rozwijaj\u0105cej si\u0119 akurat akcji telewizyjnego serialu lub meczu\u2026 W takiej sytuacji <\/span><span style=\"font-family: Book Antiqua, serif;\"><b>przepada bezpowrotnie <\/b><\/span><span style=\"font-family: Book Antiqua, serif;\">po\u0142owa \u2013 je\u015bli nie wi\u0119cej \u2013 rado\u015bci i satysfakcji z dokonanego dobra, a tym samym: <\/span><span style=\"font-family: Book Antiqua, serif;\"><b>po\u0142owa motywacji<\/b><\/span><span style=\"font-family: Book Antiqua, serif;\"> do tego, aby to dobro podejmowa\u0107 w przysz\u0142o\u015bci\u2026 <\/span><\/span><\/span><\/p>\n<p align=\"justify\"><span style=\"color: #000000;\"><span style=\"font-size: large;\"><span style=\"font-family: Book Antiqua, serif;\">Mo\u017ce zatem warto w tym momencie zapyta\u0107 tak wprost: Drogi ojcze, kochana matko \u2013 <\/span><span style=\"font-family: Book Antiqua, serif;\"><b>czy uczestniczysz w rado\u015bciach swojego dziecka?<\/b><\/span><span style=\"font-family: Book Antiqua, serif;\"> Czy wiesz o wszystkich jego sukcesach, powodzeniach, osi\u0105gni\u0119ciach? Czy mo\u017ce on<\/span><span style=\"font-family: Book Antiqua, serif;\">o<\/span><span style=\"font-family: Book Antiqua, serif;\"> przyj\u015b\u0107 do <\/span><span style=\"font-family: Book Antiqua, serif;\">C<\/span><span style=\"font-family: Book Antiqua, serif;\">iebie <\/span><span style=\"font-family: Book Antiqua, serif;\"><b>z rado\u015bci\u0105 i <\/b><\/span><span style=\"font-family: Book Antiqua, serif;\"><b>C<\/b><\/span><span style=\"font-family: Book Antiqua, serif;\"><b>i o tym opowiedzie\u0107, <\/b><\/span><span style=\"font-family: Book Antiqua, serif;\">s\u0142usznie oczekuj\u0105c z Twojej strony zainteresowania \u2013 czy <\/span><span style=\"font-family: Book Antiqua, serif;\">te\u017c <\/span><span style=\"font-family: Book Antiqua, serif;\">napotka na mur oboj\u0119tno\u015bci? Albo potraktujesz <\/span><span style=\"font-family: Book Antiqua, serif;\">je<\/span><span style=\"font-family: Book Antiqua, serif;\"> w ten spos\u00f3b, \u017ce <\/span><span style=\"font-family: Book Antiqua, serif;\"><b>w sumie to nic wielkiego si\u0119 nie sta\u0142o<\/b><\/span><span style=\"font-family: Book Antiqua, serif;\"> i nie ma co chwali\u0107 \u2013 <\/span><span style=\"font-family: Book Antiqua, serif;\">dopiero, jak<\/span> <span style=\"font-family: Book Antiqua, serif;\">mu<\/span><span style=\"font-family: Book Antiqua, serif;\"> co\u015b nie wyjdzie, to wtedy si\u0119 nim zainteresujesz i zrobisz awantur\u0119? Albo p\u00f3jdziesz do szko\u0142y w jego sprawach w\u00f3wczas, <\/span><span style=\"font-family: Book Antiqua, serif;\"><b>kiedy wezwie dyrektor lub wychowawca? <\/b><\/span><\/span><\/span><\/p>\n<p align=\"justify\"><span style=\"color: #000000;\"><span style=\"font-size: large;\"><span style=\"font-family: Book Antiqua, serif;\">Moi Drodzy<\/span><span style=\"font-family: Book Antiqua, serif;\">, zechciejcie mnie dobrze zrozumie\u0107: <\/span><span style=\"font-family: Book Antiqua, serif;\">a<\/span><span style=\"font-family: Book Antiqua, serif;\">ni w tych relacjach rodzinnych, ani <\/span><span style=\"font-family: Book Antiqua, serif;\">w <\/span><span style=\"font-family: Book Antiqua, serif;\">s\u0105siedzkich, ani tych w pracy czy w szkole, ani w tych relacjach w Parafii \u2013 <\/span><span style=\"font-family: Book Antiqua, serif;\"><b>nie chodzi o jakie\u015b tanie, \u201ecukierkowate s\u0142odzenie\u201d sobie<\/b><\/span><span style=\"font-family: Book Antiqua, serif;\"> i prawienie pustych, cz\u0119sto podszytych fa\u0142szem komplement\u00f3w. I nie chodzi tak\u017ce o to, <\/span><span style=\"font-family: Book Antiqua, serif;\"><b>aby na ka\u017cdym kroku wychwala\u0107<\/b><\/span><span style=\"font-family: Book Antiqua, serif;\"> kogo\u015b za to, co zrobi\u0142 lub nie zrobi\u0142, a nie widzie\u0107 z\u0142a, czy udawa\u0107, \u017ce si\u0119 go nie widzi. Nie chodzi z ca\u0142\u0105 pewno\u015bci\u0105 o jak\u0105\u015b postaw\u0119 naiwno\u015bci, bezkrytycznej s\u0142u\u017calczo\u015bci, taniego <\/span><span style=\"font-family: Book Antiqua, serif;\">s<\/span><span style=\"font-family: Book Antiqua, serif;\">chlebiania komu\u015b za wszelk\u0105 cen\u0119! Nie!<\/span><\/span><\/span><\/p>\n<p align=\"justify\"><span style=\"color: #000000;\"><span style=\"font-size: large;\"><span style=\"font-family: Book Antiqua, serif;\">Bo zawsze <\/span><span style=\"font-family: Book Antiqua, serif;\">my, duszpasterze,<\/span> <span style=\"font-family: Book Antiqua, serif;\"><b>nauczamy<\/b><\/span><span style=\"font-family: Book Antiqua, serif;\"><b> o obowi\u0105zku m\u00f3wienia prawdy,<\/b><\/span><span style=\"font-family: Book Antiqua, serif;\"> r\u00f3wnie\u017c \u2013 a mo\u017ce przede wszystkim \u2013 tej <\/span><span style=\"font-family: Book Antiqua, serif;\"><b>trudnej<\/b><\/span> <span style=\"font-family: Book Antiqua, serif;\"><b>prawdy. <\/b><\/span><span style=\"font-family: Book Antiqua, serif;\">Gdy\u017c w\u0142a\u015bnie t\u0119 trudn\u0105 prawd\u0119 \u2013 jak si\u0119 wydaje \u2013 <\/span><span style=\"font-family: Book Antiqua, serif;\"><b>powiedzie\u0107 <\/b><\/span><span style=\"font-family: Book Antiqua, serif;\"><b>jest <\/b><\/span><span style=\"font-family: Book Antiqua, serif;\"><b>najtrudniej! <\/b><\/span><span style=\"font-family: Book Antiqua, serif;\">Okazuje si\u0119 jednak, \u017ce i z t\u0105 prawd\u0105 dobr\u0105, radosn\u0105, promienn\u0105 \u2013 <\/span><span style=\"font-family: Book Antiqua, serif;\"><b>nie wychodzi lepiej.<\/b><\/span><span style=\"font-family: Book Antiqua, serif;\"> Dlaczego? Czy\u017cby ona te\u017c by\u0142a trudna?\u2026 <\/span><\/span><\/span><\/p>\n<p align=\"justify\"><span style=\"color: #000000;\"><span style=\"font-size: large;\"><span style=\"font-family: Book Antiqua, serif;\">Nie! Na ni\u0105 po prostu <\/span><span style=\"font-family: Book Antiqua, serif;\"><b>nie zwracamy uwagi,<\/b><\/span><span style=\"font-family: Book Antiqua, serif;\"> bo jest taka zwyczajna, taka oczywista\u2026 Wi\u0119c co pozostaje? M\u00f3wi\u0107 o kim\u015b <\/span><span style=\"font-family: Book Antiqua, serif;\"><b>\u017ale \u2013 <\/b><\/span><span style=\"font-family: Book Antiqua, serif;\"><b>i to zwykle \u201e<\/b><\/span><span style=\"font-family: Book Antiqua, serif;\"><b>za plecami\u201d! <\/b><\/span><span style=\"font-family: Book Antiqua, serif;\">To przychodzi naj\u0142atwiej! To nic nie kosztuje! I zawsze b\u0119dzie o czym m\u00f3wi\u0107! B\u0119dzie ciekawie, ludzie b\u0119d\u0105 s\u0142ucha\u0107, b\u0119d\u0105 <\/span><span style=\"font-family: Book Antiqua, serif;\"><b>mieli sobie nawzajem co opowiada\u0107, powtarza\u0107\u2026<\/b><\/span> <span style=\"font-family: Book Antiqua, serif;\">I o<\/span><span style=\"font-family: Book Antiqua, serif;\">wszem, to mo\u017cemy potwierdzi\u0107 \u2013 rzeczywi\u015bcie, co\u015b si\u0119 wtedy dzieje! W naszej codzienno\u015bci <\/span><span style=\"font-family: Book Antiqua, serif;\"><b>nast\u0119puje jakie\u015b poruszenie.<\/b><\/span><span style=\"font-family: Book Antiqua, serif;\"> Czy jednak zauwa\u017camy, jaka wkrada si\u0119 w\u00f3wczas atmosfera? I czy to si\u0119 ostatecznie nie obraca przeciwko nam samym? <\/span><\/span><\/span><\/p>\n<p align=\"justify\"><span style=\"color: #000000;\"><span style=\"font-size: large;\"><span style=\"font-family: Book Antiqua, serif;\">Wi\u0119c mo\u017ce by\u0142oby lepiej, aby\u015bmy ca\u0142\u0105 t\u0119 energi\u0119, jak<\/span><span style=\"font-family: Book Antiqua, serif;\">\u0105<\/span><span style=\"font-family: Book Antiqua, serif;\"> po\u015bwi\u0119camy na wyszukiwanie z\u0142ych postaw czy zachowa\u0144 u innych \u2013 <\/span><span style=\"font-family: Book Antiqua, serif;\"><b>zaanga\u017cowali w wyszukiwanie w nich dobra?<\/b><\/span><span style=\"font-family: Book Antiqua, serif;\"> I nie po to, aby go zazdro\u015bci\u0107, umniejsza\u0107, ale \u017ceby si\u0119 z niego szczerze cieszy\u0107, dzi\u0119kuj\u0105c za nie Bogu! Aby\u015bmy, <\/span><span style=\"font-family: Book Antiqua, serif;\">moi Drodzy<\/span><span style=\"font-family: Book Antiqua, serif;\">, t\u0119 <\/span><span style=\"font-family: Book Antiqua, serif;\"><b>nasz\u0105 wrodzon\u0105 ciekawo\u015b\u0107 i dociekliwo\u015b\u0107,<\/b><\/span><span style=\"font-family: Book Antiqua, serif;\"> co tam si\u0119 u drugiego dzieje \u2013 nakierowali na dostrzeganie <\/span><span style=\"font-family: Book Antiqua, serif;\"><b>ka\u017cdego, nawet najmniejszego dobra! <\/b><\/span><\/span><\/span><\/p>\n<p align=\"justify\"><span style=\"color: #000000;\"><span style=\"font-size: large;\"><span style=\"font-family: Book Antiqua, serif;\">Bo z\u0142o samo wpada w oczy \u2013 niczym <\/span><span style=\"font-family: Book Antiqua, serif;\"><b>w\u017ceraj\u0105cy si\u0119 dym <\/b><\/span><span style=\"font-family: Book Antiqua, serif;\"><b>z ogniska<\/b><\/span><span style=\"font-family: Book Antiqua, serif;\"><b>!<\/b><\/span><span style=\"font-family: Book Antiqua, serif;\"> Dostrzegamy je bez problemu. Z dostrzeganiem jednak dobra \u2013 <\/span><span style=\"font-family: Book Antiqua, serif;\">zwykle<\/span> <span style=\"font-family: Book Antiqua, serif;\"><b>jest ju\u017c trudniej\u2026 <\/b><\/span><span style=\"font-family: Book Antiqua, serif;\">I dlatego w\u0142a\u015bnie mamy cz\u0119sto atmosfer\u0119 tak\u0105, jak\u0105 mamy. <\/span><span style=\"font-family: Book Antiqua, serif;\">Gdy<\/span><span style=\"font-family: Book Antiqua, serif;\"> tymczasem dobra <\/span><span style=\"font-family: Book Antiqua, serif;\"><b>dzieje si\u0119 <\/b><\/span><span style=\"font-family: Book Antiqua, serif;\"><b>tak <\/b><\/span><span style=\"font-family: Book Antiqua, serif;\"><b>bardzo <\/b><\/span><span style=\"font-family: Book Antiqua, serif;\"><b>du\u017co!<\/b><\/span><span style=\"font-family: Book Antiqua, serif;\"> Trzeba je <\/span><span style=\"font-family: Book Antiqua, serif;\">tylko <\/span><span style=\"font-family: Book Antiqua, serif;\">samemu zauwa\u017cy\u0107 i jeszcze innym pom\u00f3c je dostrzec! Trzeba to dobro doceni\u0107, podkre\u015bli\u0107, <\/span><span style=\"font-family: Book Antiqua, serif;\"><b>wydoby\u0107 <\/b><\/span><span style=\"font-family: Book Antiqua, serif;\"><b>z<\/b><\/span><span style=\"font-family: Book Antiqua, serif;\"><b> opar\u00f3w oboj\u0119tno\u015bci i zabiegania. <\/b><\/span><span style=\"font-family: Book Antiqua, serif;\">Trzeba je t<\/span><span style=\"font-family: Book Antiqua, serif;\">ak\u017ce<\/span><span style=\"font-family: Book Antiqua, serif;\"> promowa\u0107!<\/span><\/span><\/span><\/p>\n<p align=\"justify\"><span style=\"color: #000000;\"><span style=\"font-size: large;\"><span style=\"font-family: Book Antiqua, serif;\">W mojej pami\u0119ci i sercu do dzi\u015b \u017cyje wspomnienie <\/span><span style=\"font-family: Book Antiqua, serif;\"><b>Ojc<\/b><\/span><span style=\"font-family: Book Antiqua, serif;\"><b>a<\/b><\/span><span style=\"font-family: Book Antiqua, serif;\"><b> Profesor<\/b><\/span><span style=\"font-family: Book Antiqua, serif;\"><b>a<\/b><\/span><span style=\"font-family: Book Antiqua, serif;\"><b> Marian<\/b><\/span><span style=\"font-family: Book Antiqua, serif;\"><b>a<\/b><\/span><span style=\"font-family: Book Antiqua, serif;\"><b> Cygan<\/b><\/span><span style=\"font-family: Book Antiqua, serif;\"><b>a<\/b><\/span><span style=\"font-family: Book Antiqua, serif;\"><b>,<\/b><\/span> <span style=\"font-family: Book Antiqua, serif;\">Kapucyna, pos\u0142uguj\u0105cego w swoim czasie w moim rodzinnym mie\u015bcie, Bia\u0142ej Podlaskiej,<\/span><span style=\"font-family: Book Antiqua, serif;\"> nie\u017cyj\u0105c<\/span><span style=\"font-family: Book Antiqua, serif;\">ego<\/span> <span style=\"font-family: Book Antiqua, serif;\">ju\u017c od kilkunastu lat<\/span><span style=\"font-family: Book Antiqua, serif;\"> \u2013<\/span><b> <\/b><span style=\"font-family: Book Antiqua, serif;\">cz\u0142owiek<\/span><span style=\"font-family: Book Antiqua, serif;\">a<\/span><b> <\/b><span style=\"font-family: Book Antiqua, serif;\"><b>nietuzinkowego<\/b><\/span><span style=\"font-family: Book Antiqua, serif;\"><b>, kt\u00f3ry by\u0142 dla mnie autorytetem<\/b><\/span><span style=\"font-family: Book Antiqua, serif;\"> i <\/span><span style=\"font-family: Book Antiqua, serif;\">na <\/span><span style=\"font-family: Book Antiqua, serif;\">kt\u00f3rego niejednokrotnie, <\/span><span style=\"font-family: Book Antiqua, serif;\">przy r\u00f3\u017cnych okazjach, si\u0119<\/span> <span style=\"font-family: Book Antiqua, serif;\">powo\u0142uj\u0119. Ot\u00f3\u017c, Ojciec Profesor,<\/span><span style=\"font-family: Book Antiqua, serif;\"> kiedy wybiera\u0142 si\u0119 na spotkanie z jakim\u015b innym profesorem, <\/span><span style=\"font-family: Book Antiqua, serif;\"><b>zawsze<\/b><\/span> <span style=\"font-family: Book Antiqua, serif;\"><b>stara\u0142 si\u0119 przeczyta\u0107 co\u015b<\/b><\/span><span style=\"font-family: Book Antiqua, serif;\"> z artyku\u0142\u00f3w, czy z jakiej\u015b ksi\u0105\u017cki owego profesora. Najlepiej \u2013 jakiej\u015b niedawno publikowanej\u2026<\/span><\/span><\/span><\/p>\n<p align=\"justify\"><span style=\"color: #000000;\"><span style=\"font-size: large;\"><span style=\"font-family: Book Antiqua, serif;\">Stara\u0142 si\u0119 <\/span><span style=\"font-family: Book Antiqua, serif;\"><b>przeczyta\u0107 cho\u0107by kilka stron,<\/b><\/span> <span style=\"font-family: Book Antiqua, serif;\">bo<\/span><span style=\"font-family: Book Antiqua, serif;\"> chcia\u0142 w ten prosty spos\u00f3b sprawi\u0107 przyjemno\u015b\u0107 temu cz\u0142owiekowi. Sam by\u0142 profesorem, wi\u0119c dobrze wiedzia\u0142, \u017ce w przypadku ludzi, kt\u00f3rym <\/span><span style=\"font-family: Book Antiqua, serif;\"><b>zdarzy\u0142o si\u0119 napisa\u0107 chocia\u017cby par\u0119 stron<\/b><\/span><span style=\"font-family: Book Antiqua, serif;\"> jakiego\u015b tekstu i go opublikowa\u0107, to jest bardzo wa\u017cne, \u017ce kto\u015b to zauwa\u017cy i przeczyta. Taka przypad\u0142o\u015b\u0107 zdarza si\u0119 cz\u0142owiekowi mniej wi\u0119cej <\/span><span style=\"font-family: Book Antiqua, serif;\"><b>\u201eod doktoratu wzwy\u017c\u201d.<\/b><\/span><span style=\"font-family: Book Antiqua, serif;\"> Co\u015b o tym wiem\u2026 <\/span><span style=\"font-family: Book Antiqua, serif;\">Dlatego n<\/span><span style=\"font-family: Book Antiqua, serif;\">iezmiernie imponowa\u0142y <\/span><span style=\"font-family: Book Antiqua, serif;\">mi <\/span><span style=\"font-family: Book Antiqua, serif;\">takie gesty i zawsze <\/span><span style=\"font-family: Book Antiqua, serif;\">uwa\u017ca\u0142em<\/span><span style=\"font-family: Book Antiqua, serif;\"> Ojca Profesora <\/span><span style=\"font-family: Book Antiqua, serif;\">za<\/span> <span style=\"font-family: Book Antiqua, serif;\"><b>cz\u0142owieka z wielk\u0105 klas\u0105,<\/b><\/span><span style=\"font-family: Book Antiqua, serif;\"> i\u017c stara\u0142 si\u0119 tak w\u0142a\u015bnie docenia\u0107 drugiego.<\/span><\/span><\/span><\/p>\n<p align=\"justify\"><span style=\"color: #000000;\"><span style=\"font-size: large;\"><span style=\"font-family: Book Antiqua, serif;\">I o to, m<\/span><span style=\"font-family: Book Antiqua, serif;\">oi Drodzy<\/span><span style=\"font-family: Book Antiqua, serif;\">, w tym wszystkim chodzi, aby\u015bmy <\/span><span style=\"font-family: Book Antiqua, serif;\"><b>wykazywali autentyczn\u0105 aktywno\u015b\u0107<\/b><\/span><span style=\"font-family: Book Antiqua, serif;\"> w dowiadywaniu si\u0119: <\/span><span style=\"font-family: Book Antiqua, serif;\"><b>co, kiedy, komu dobrego si\u0119 przydarzy\u0142o lub uda\u0142o,<\/b><\/span><span style=\"font-family: Book Antiqua, serif;\"> oraz aby\u015bmy to sami dostrzegali i innym pomogli dostrzec \u2013 czasami to <\/span><span style=\"font-family: Book Antiqua, serif;\"><b>nawet samemu owemu cz\u0142owiekowi,<\/b><\/span><span style=\"font-family: Book Antiqua, serif;\"> kt\u00f3ry tego dokona\u0142, a kt\u00f3ry nie potrafi dostrzec dobra w sobie samym \u2013 aby\u015bmy potem z tego dobra umieli si\u0119 cieszy\u0107 <\/span><span style=\"font-family: Book Antiqua, serif;\"><b>i dzi\u0119kowa\u0107 za nie Bogu. <\/b><\/span><span style=\"font-family: Book Antiqua, serif;\">Aby\u015bmy o tym dobru ch\u0119tnie i szczerze m\u00f3wili. <\/span><\/span><\/span><\/p>\n<p align=\"justify\"><span style=\"color: #000000;\"><span style=\"font-size: large;\"><span style=\"font-family: Book Antiqua, serif;\">A je\u015bli nawet rzeczywi\u015bcie \u2013 cho\u0107 w to trudno uwierzy\u0107! \u2013 nie b\u0119dzie za du\u017co tych przejaw\u00f3w dobra, to zawsze tak\u017ce warto tak <\/span><span style=\"font-family: Book Antiqua, serif;\"><b>zupe\u0142nie bezinteresownie<\/b><\/span><span style=\"font-family: Book Antiqua, serif;\"> powiedzie\u0107 drugiemu cz\u0142owiekowi jakie\u015b dobre s\u0142owo. Tak bez okazji. Albo wys\u0142a\u0107 sms<\/span><span style=\"font-family: Book Antiqua, serif;\">a<\/span><span style=\"font-family: Book Antiqua, serif;\"> z pozdrowieniami, albo nawet si\u0119 szczerze u\u015bmiechn\u0105\u0107. <\/span><span style=\"font-family: Book Antiqua, serif;\"><b>Takie proste, a jednak takie niezwyk\u0142e sprawy!<\/b><\/span><\/span><\/span><\/p>\n<p align=\"justify\"><span style=\"color: #000000;\"><span style=\"font-size: large;\"><span style=\"font-family: Book Antiqua, serif;\">Moi Drodzy,<\/span><span style=\"font-family: Book Antiqua, serif;\"> ile\u017c one mog\u0105 <\/span><span style=\"font-family: Book Antiqua, serif;\">wla\u0107 rado\u015bci w ludzkie serce! Ile\u017c dobrej atmosfery <\/span><span style=\"font-family: Book Antiqua, serif;\">wprowadz<\/span><span style=\"font-family: Book Antiqua, serif;\">i<\/span><span style=\"font-family: Book Antiqua, serif;\">\u0107! Jak bardzo podnosi cz\u0142owieka na duchu takie jedno stwierdzenie, bezinteresownie do niego skierowane: <\/span><span style=\"font-family: Book Antiqua, serif;\"><b>\u201eKocham Ci<\/b><\/span><span style=\"font-family: Book Antiqua, serif;\"><b>\u0119<\/b><\/span><span style=\"font-family: Book Antiqua, serif;\"><b>!\u201d, \u201eJeste\u015b mi potrzebny\u201d, \u201eCiesz\u0119 si\u0119, \u017ce jeste\u015b\u201d, \u201eCo ja bym bez Ciebie zrobi\u0142?\u2026\u201d<\/b><\/span><span style=\"font-family: Book Antiqua, serif;\"> Ja wiem, \u017ce mi\u0142o\u015b\u0107 to uczynki, nie s\u0142owa. Ale takie s\u0142owo \u2013 szczere i spontaniczne! \u2013 <\/span><span style=\"font-family: Book Antiqua, serif;\"><b>te\u017c jest potrzebne. <\/b><\/span><span style=\"font-family: Book Antiqua, serif;\">Kiedy za\u015b przychodzi w momencie za\u0142amania czy zw\u0105tpienia, to chyba mo\u017cna bez cienia przesady powiedzie\u0107, \u017ce <\/span><span style=\"font-family: Book Antiqua, serif;\">wr\u0119cz <\/span><span style=\"font-family: Book Antiqua, serif;\"><b>ratuje cz\u0142owiekowi \u017cycie!<\/b><\/span><\/span><\/span><\/p>\n<p align=\"justify\"><span style=\"color: #000000;\"><span style=\"font-size: large;\"><span style=\"font-family: Book Antiqua, serif;\">Naprawd\u0119, nie przesadzam: <\/span><span style=\"font-family: Book Antiqua, serif;\"><b>ratuje \u017cycie! <\/b><\/span><span style=\"font-family: Book Antiqua, serif;\">Wida\u0107 to chocia\u017cby <\/span><span style=\"font-family: Book Antiqua, serif;\">w odniesieniu<\/span> <span style=\"font-family: Book Antiqua, serif;\">do <\/span><span style=\"font-family: Book Antiqua, serif;\"><b>problemu <\/b><\/span><span style=\"font-family: Book Antiqua, serif;\"><b>tak zwanej <\/b><\/span><span style=\"font-family: Book Antiqua, serif;\"><b>eutanazji.<\/b><\/span> <span style=\"font-family: Book Antiqua, serif;\">Nie ma w\u0105tpliwo\u015bci,<\/span><span style=\"font-family: Book Antiqua, serif;\"> i\u017c problem ten pojawia si\u0119 nie wtedy, kiedy cz\u0142owieka starego lub nieuleczalnie chorego <\/span><span style=\"font-family: Book Antiqua, serif;\"><b>spotyka wielkie cierpienie.<\/b><\/span><span style=\"font-family: Book Antiqua, serif;\"> Nie wtedy! Problem ten pojawia si\u0119 w\u00f3wczas, gdy owo cierpienie <\/span><span style=\"font-family: Book Antiqua, serif;\"><b>cz\u0142owiek prze\u017cywa w <\/b><\/span><span style=\"font-family: Book Antiqua, serif;\"><b>opuszczeniu<\/b><\/span><span style=\"font-family: Book Antiqua, serif;\"><b>!<\/b><\/span><span style=\"font-family: Book Antiqua, serif;\"> Jeszcze nigdy nie prosi\u0142 o \u015bmier\u0107 taki stary lub cierpi\u0105cy cz\u0142owiek, kt\u00f3ry by\u0142 w tych trudnych momentach otoczony <\/span><span style=\"font-family: Book Antiqua, serif;\"><b>prawdziw\u0105 mi\u0142o\u015bci\u0105 najbli\u017cszych!!! <\/b><\/span><\/span><\/span><\/p>\n<p align=\"justify\"><span style=\"color: #000000;\"><span style=\"font-size: large;\"><span style=\"font-family: Book Antiqua, serif;\">Eutanazja, owo fa\u0142szywe wyzwolenie z cierpienia, pojawia si\u0119 w\u00f3wczas, kiedy <\/span><span style=\"font-family: Book Antiqua, serif;\">ludzie<\/span> <span style=\"font-family: Book Antiqua, serif;\"><b>nie ma<\/b><\/span><span style=\"font-family: Book Antiqua, serif;\"><b>j\u0105<\/b><\/span><span style=\"font-family: Book Antiqua, serif;\"><b> serca ni czasu dla <\/b><\/span><span style=\"font-family: Book Antiqua, serif;\"><b>czyjego\u015b<\/b><\/span><span style=\"font-family: Book Antiqua, serif;\"><b> cierpienia.<\/b><\/span><span style=\"font-family: Book Antiqua, serif;\"> Wtedy, \u017ceby si\u0119 pozby\u0107 problemu, pozbywa<\/span><span style=\"font-family: Book Antiqua, serif;\">j\u0105<\/span><span style=\"font-family: Book Antiqua, serif;\"> si\u0119 samego cz\u0142owieka! Jest to jednak wielkie z\u0142o i jakie\u015b straszliwe oskar\u017cenie tych naszych rzekomo cywilizowanych i tak rozwini\u0119tych technologicznie i intelektualnie czas\u00f3w. <\/span><\/span><\/span><\/p>\n<p align=\"justify\"><span style=\"color: #000000;\"><span style=\"font-size: large;\"><span style=\"font-family: Book Antiqua, serif;\">Moi Drodzy! <\/span><span style=\"font-family: Book Antiqua, serif;\"><b>Potrzeba mi\u0142o\u015bci!<\/b><\/span><span style=\"font-family: Book Antiqua, serif;\"> I ma\u0142ych, ale konkretnych, codziennych <\/span><span style=\"font-family: Book Antiqua, serif;\"><b>znak\u00f3w mi\u0142o\u015bci.<\/b><\/span><span style=\"font-family: Book Antiqua, serif;\"> Potrzeba dobrych s\u0142\u00f3w, pochwa\u0142y, docenienia, zauwa\u017cenia\u2026 Bo nie na darmo si\u0119 m\u00f3wi, \u017ce <\/span><span style=\"font-family: Book Antiqua, serif;\"><b>przeciwie\u0144stwem mi\u0142o\u015bci jest\u2026<\/b><\/span> <span style=\"font-family: Book Antiqua, serif;\">no, w\u0142a\u015bnie:<\/span><span style=\"font-family: Book Antiqua, serif;\"> co? <\/span><span style=\"font-family: Book Antiqua, serif;\">Co jest przeciwie\u0144stwem mi\u0142o\u015bci?<\/span><span style=\"font-family: Book Antiqua, serif;\"> Naturalnie, nasuwa si\u0119 jedno skojarzenie: <\/span><span style=\"font-family: Book Antiqua, serif;\"><b>przeciwie\u0144stwem mi\u0142o\u015bci jest nienawi\u015b\u0107! <\/b><\/span><span style=\"font-family: Book Antiqua, serif;\">Tymczasem jednak coraz cz\u0119\u015bciej s\u0142yszy si\u0119 opini\u0119, \u017ce przeciwie\u0144stwem mi\u0142o\u015bci jest\u2026 <\/span><span style=\"font-family: Book Antiqua, serif;\"><b>oboj\u0119tno\u015b\u0107! <\/b><\/span><span style=\"font-family: Book Antiqua, serif;\">Oboj\u0119tno\u015b\u0107! Bolesna \u2013 a\u017c do szpiku ko\u015bci \u2013 oboj\u0119tno\u015b\u0107! <\/span><\/span><\/span><\/p>\n<p align=\"justify\"><span style=\"color: #000000;\"><span style=\"font-family: Book Antiqua, serif;\"><span style=\"font-size: large;\">Bo nawet, je\u017celi ja kogo\u015b nienawidz\u0119, denerwuje mnie ten cz\u0142owiek, nie mog\u0119 go znie\u015b\u0107, to <b>jednak go <\/b><b>zauwa\u017cam<\/b><b>, on wywo\u0142uje jak\u0105\u015b moj\u0105 reakcj\u0119. <\/b>Oczywi\u015bcie, nie pochwalam tu nienawi\u015bci, ale wiemy przecie\u017c, \u017ce mo\u017ce si\u0119 ona <b>przerodzi\u0107 w wielk\u0105 przyja\u017a\u0144, <\/b>w wielk\u0105 mi\u0142o\u015b\u0107. W przypadku oboj\u0119tno\u015bci natomiast \u2013 ten drugi cz\u0142owiek <b>praktycznie dla mnie nie istnieje.<\/b> Jest \u2013 to dobrze. Nie ma go \u2013 te\u017c dobrze. Wszystko jedno. Jest dla mnie <b>jak powietrze.<\/b> Przy takim podej\u015bciu nie ma szans na jak\u0105kolwiek zmian\u0119 nastawienia.<\/span><\/span><\/span><\/p>\n<p align=\"justify\"><span style=\"color: #000000;\"><span style=\"font-size: large;\"><span style=\"font-family: Book Antiqua, serif;\">Potrzeba zatem <\/span><span style=\"font-family: Book Antiqua, serif;\"><b>wra\u017cliwo\u015bci serca<\/b><\/span><span style=\"font-family: Book Antiqua, serif;\"> \u2013 by dostrzec drugiego cz\u0142owieka. I dostrzega\u0107 wok\u00f3\u0142 siebie dobro. <\/span><span style=\"font-family: Book Antiqua, serif;\">Niestety, nie mo\u017ce si\u0119 tym poszczyci\u0107 kto\u015b, kto nosi na sobie <\/span><span style=\"font-family: Book Antiqua, serif;\"><b>sk\u00f3r\u0119 hipopotama,<\/b><\/span><span style=\"font-family: Book Antiqua, serif;\"> ma w sobie <\/span><span style=\"font-family: Book Antiqua, serif;\"><b>subtelno\u015b\u0107 i delikatno\u015b\u0107 walca \u2013<\/b><\/span> <span style=\"font-family: Book Antiqua, serif;\">ale nie ta\u0144ca, ale tego walca<\/span> <span style=\"font-family: Book Antiqua, serif;\"><b>drogowego \u2013 <\/b><\/span><span style=\"font-family: Book Antiqua, serif;\">a serce ma otoczone szczelnym i twardym <\/span><span style=\"font-family: Book Antiqua, serif;\"><b>pancerzem.<\/b><\/span><span style=\"font-family: Book Antiqua, serif;\"> Taki jest w stanie stratowa\u0107 drugiego \u2013 je\u017celi nie dos\u0142ownie, to w tym sensie, \u017ce jego s\u0142owa s\u0105 na tyle <\/span><span style=\"font-family: Book Antiqua, serif;\"><b>grubia\u0144skie, <\/b><\/span><span style=\"font-family: Book Antiqua, serif;\">a uwagi na tyle <\/span><span style=\"font-family: Book Antiqua, serif;\"><b>prostackie, <\/b><\/span><span style=\"font-family: Book Antiqua, serif;\">za\u015b jego dowcipy \u201eni w pi\u0119\u0107, ni w dziesi\u0119\u0107\u201d tak pasuj\u0105 do danej sytuacji, jak <\/span><span style=\"font-family: Book Antiqua, serif;\"><b>przys\u0142owiowa \u201er\u00f3\u017ca do ko\u017cucha\u201d. <\/b><\/span><\/span><\/span><\/p>\n<p align=\"justify\"><span style=\"color: #000000;\"><span style=\"font-size: large;\"><span style=\"font-family: Book Antiqua, serif;\">Oczywi\u015bcie, ze strony takiego darmo liczy\u0107 na jak\u0105kolwiek delikatno\u015b\u0107, wra\u017cliwo\u015b\u0107, czy dostrzeganie dobra. Taki zwykle <\/span><span style=\"font-family: Book Antiqua, serif;\"><b>\u201ez buciorami\u201d wkracza w czyj\u0105\u015b prywatno\u015b\u0107,<\/b><\/span><span style=\"font-family: Book Antiqua, serif;\"> w czyje\u015b prze\u017cycia i wi\u0119cej z niego szkody, ni\u017c po\u017cytku. A dzisiaj w\u0142a\u015bnie delikatno\u015bci i wra\u017cliwo\u015bci szczeg\u00f3lnie potrzeba. <\/span><span style=\"font-family: Book Antiqua, serif;\">Od tego zale\u017cy<\/span><span style=\"font-family: Book Antiqua, serif;\">, jak b\u0119dzie wygl\u0105da\u0142a nasza \u2013 <\/span><span style=\"font-family: Book Antiqua, serif;\">jak j\u0105 nazywamy \u2013 \u201eszara <\/span><span style=\"font-family: Book Antiqua, serif;\">codzienno\u015b\u0107\u201d. <\/span><\/span><\/span><\/p>\n<p align=\"justify\"><span style=\"color: #000000;\"><span style=\"font-size: large;\"><span style=\"font-family: Book Antiqua, serif;\">Osobi\u015bcie,<\/span><span style=\"font-family: Book Antiqua, serif;\"> staram si\u0119 unika\u0107 <\/span><span style=\"font-family: Book Antiqua, serif;\">tego <\/span><span style=\"font-family: Book Antiqua, serif;\">okre\u015blenia<\/span><span style=\"font-family: Book Antiqua, serif;\">: <\/span><span style=\"font-family: Book Antiqua, serif;\"><b>\u201eszara codzienno\u015b\u0107\u201d.<\/b><\/span><span style=\"font-family: Book Antiqua, serif;\"> Zwykle m\u00f3wi\u0119: <\/span><span style=\"font-family: Book Antiqua, serif;\"><b>\u201etak zwana szara codzienno\u015b\u0107\u201d.<\/b><\/span><span style=\"font-family: Book Antiqua, serif;\"> I czyni\u0119 to celowo, bo uwa\u017cam, \u017ce nasza codzienno\u015b\u0107 wcale nie musi by\u0107 szara. A je\u017celi jest \u2013 to tylko na nasze \u017cyczenie. My naprawd\u0119 mo\u017cemy t\u0119 codzienno\u015b\u0107 <\/span><span style=\"font-family: Book Antiqua, serif;\"><b>rozja\u015bnia\u0107 ma\u0142ymi promykami szcz\u0119\u015bcia i rado\u015bci<\/b><\/span><span style=\"font-family: Book Antiqua, serif;\">, a uczynimy to poprzez <\/span><span style=\"font-family: Book Antiqua, serif;\"><b>dostrzeganie i docenianie dobra<\/b><\/span><span style=\"font-family: Book Antiqua, serif;\"> \u2013 nawet najmniejszego. U siebie \u2013 i u innych! <\/span><\/span><\/span><\/p>\n<p align=\"justify\"><span style=\"color: #000000;\"><span style=\"font-size: large;\"><span style=\"font-family: Book Antiqua, serif;\">A w ten spos\u00f3b zrealizujemy polecenie Jezusa, z kt\u00f3rym dzisiaj zwr\u00f3ci\u0142 si\u0119 do Aposto\u0142\u00f3w, a kt\u00f3re nam samym wydawa\u0142o si\u0119 nierealnym i nieosi\u0105galnym: <\/span><span style=\"font-family: Book Antiqua, serif;\"><i><b>Uzdrawiajcie chorych<\/b><\/i><\/span><i> <\/i><span style=\"font-family: Book Antiqua, serif;\">\u2013 na duchu!<\/span><i> <\/i><span style=\"font-family: Book Antiqua, serif;\"><i><b>Wskrzeszajcie umar\u0142ych<\/b><\/i><\/span><span style=\"font-family: Book Antiqua, serif;\"><i> \u2013 <\/i><\/span><span style=\"font-family: Book Antiqua, serif;\">z rozpaczy, rezygnacji!<\/span><i> <\/i><span style=\"font-family: Book Antiqua, serif;\"><i><b>Oczyszczajcie tr\u0119dowatych<\/b><\/i><\/span><span style=\"font-family: Book Antiqua, serif;\"><i> \u2013 <\/i><\/span><span style=\"font-family: Book Antiqua, serif;\">z tr\u0105du zazdro\u015bci, nienawi\u015bci, podejrzliwo\u015bci!<\/span><i> <\/i><span style=\"font-family: Book Antiqua, serif;\"><i><b>Wyp\u0119dzajcie z\u0142e duchy <\/b><\/i><\/span><span style=\"font-family: Book Antiqua, serif;\"><i>\u2013 <\/i><\/span><span style=\"font-family: Book Antiqua, serif;\">a wi\u0119c to wszystko, co nie jest konkretnym, codziennym dobrem<\/span><span style=\"font-family: Book Antiqua, serif;\"><i>. <\/i><\/span><span style=\"font-family: Book Antiqua, serif;\"><i><b>Darmo otrzymali\u015bcie, darmo dawajcie <\/b><\/i><\/span><span style=\"font-family: Book Antiqua, serif;\"><i>\u2013 <\/i><\/span><span style=\"font-family: Book Antiqua, serif;\">a wi\u0119c czy\u0144cie to z potrzeby serca, szczerze i spontanicznie! <\/span><\/span><\/span><\/p>\n<p align=\"justify\"><span style=\"color: #000000;\"><span style=\"font-family: Book Antiqua, serif;\"><span style=\"font-size: large;\">Zacznijmy od dzisiaj! Od tego, \u017ce po powrocie do domu, <b>wy\u015bl<\/b><b>emy<\/b><b> do swoich bliskich smsa<\/b> z jaki\u015b dobrym s\u0142owem. Albo zadzwonimy, \u017ceby pogada\u0107 \u2013 ot, tak, bezinteresownie, spontanicznie. Czyli <b>nie na zasadzie: <\/b>\u201eDobrze, \u017ce jeste\u015b! Jak ja Ci\u0119 podziwiam! Jaki Ty jeste\u015b cudowny! Wi\u0119c po\u017cycz dwie st\u00f3wy\u2026\u201d Nie, nie o to by chodzi\u0142o, ale o jaki\u015b drobny gest, znak, sygna\u0142 \u2013 i\u017c <b>zauwa\u017camy i<\/b> <b>szczerze doceniamy tego drugiego, <\/b>kt\u00f3remu mo\u017ce w codziennym zabieganiu nie okazujemy \u017cyczliwo\u015bci, chocia\u017c powinni\u015bmy; ani wdzi\u0119czno\u015bci, chocia\u017c jest za co\u2026 <\/span><\/span><\/span><\/p>\n<p align=\"justify\"><span style=\"color: #000000;\"><span style=\"font-family: Book Antiqua, serif;\"><span style=\"font-size: large;\">Uczy\u0144my to dzisiaj! Niech to b\u0119dzie nasza praca domowa. I niech ona stanie si\u0119 <b>pocz\u0105tkiem codziennego dostrzegania dobra<\/b> w nas i w innych, i wok\u00f3\u0142 nas\u2026 Aby w ten spos\u00f3b nasza \u201etak zwana szara codzienno\u015b\u0107\u201d stawa\u0142a si\u0119 ja\u015bniejsza \u2013 <b>pe\u0142na rado\u015bci i nadziei!<\/b><\/span><\/span><\/span><\/p>\n<p align=\"justify\">\n","protected":false},"excerpt":{"rendered":"<p>Niech b\u0119dzie pochwalony Jezus Chrystus! Moi Drodzy, w dniu dzisiejszym urodziny prze\u017cywaj\u0105: \u25baFilip G\u0119bala, nale\u017c\u0105cy w swoim czasie do Wsp\u00f3lnoty m\u0142odzie\u017cowej w Tr\u0105bkach; \u25baKacper Malarz, Prezes S\u0142u\u017cby liturgicznej w Celestyowie. Natomiast rocznic\u0119 \u015bwi\u0119ce\u0144 kap\u0142a\u0144skich prze\u017cywa Ksi\u0105dz Adam Potapczuk, m\u00f3j Poprzednik na wikariacie w Miastkowie Ko\u015bcielnym. Wszystkim \u015bwi\u0119tuj\u0105cym \u017cycz\u0119 rado\u015bci i nadziei! Zapewniam o modlitwie. Moi [&hellip;]<\/p>\n","protected":false},"author":1,"featured_media":0,"comment_status":"open","ping_status":"open","sticky":false,"template":"","format":"standard","meta":{"jetpack_post_was_ever_published":false,"_jetpack_newsletter_access":"","_jetpack_dont_email_post_to_subs":false,"_jetpack_newsletter_tier_id":0,"_jetpack_memberships_contains_paywalled_content":false,"_jetpack_memberships_contains_paid_content":false,"footnotes":""},"categories":[1],"tags":[],"class_list":["post-17198","post","type-post","status-publish","format-standard","hentry","category-bez-kategorii"],"yoast_head":"<!-- This site is optimized with the Yoast SEO plugin v25.1 - https:\/\/yoast.com\/wordpress\/plugins\/seo\/ -->\n<title>Uzdrawiajcie chorych, wskrzeszajcie umar\u0142ych... - Gaudium Et Spes<\/title>\n<meta name=\"robots\" content=\"index, follow, max-snippet:-1, max-image-preview:large, max-video-preview:-1\" \/>\n<link rel=\"canonical\" href=\"https:\/\/gaudiumetspes-blog.pl\/index.php\/2020\/06\/14\/uzdrawiajcie-chorych-wskrzeszajcie-umarlych\/\" \/>\n<meta property=\"og:locale\" content=\"pl_PL\" \/>\n<meta property=\"og:type\" content=\"article\" \/>\n<meta property=\"og:title\" content=\"Uzdrawiajcie chorych, wskrzeszajcie umar\u0142ych... - Gaudium Et Spes\" \/>\n<meta property=\"og:description\" content=\"Niech b\u0119dzie pochwalony Jezus Chrystus! Moi Drodzy, w dniu dzisiejszym urodziny prze\u017cywaj\u0105: \u25baFilip G\u0119bala, nale\u017c\u0105cy w swoim czasie do Wsp\u00f3lnoty m\u0142odzie\u017cowej w Tr\u0105bkach; \u25baKacper Malarz, Prezes S\u0142u\u017cby liturgicznej w Celestyowie. Natomiast rocznic\u0119 \u015bwi\u0119ce\u0144 kap\u0142a\u0144skich prze\u017cywa Ksi\u0105dz Adam Potapczuk, m\u00f3j Poprzednik na wikariacie w Miastkowie Ko\u015bcielnym. Wszystkim \u015bwi\u0119tuj\u0105cym \u017cycz\u0119 rado\u015bci i nadziei! Zapewniam o modlitwie. Moi [&hellip;]\" \/>\n<meta property=\"og:url\" content=\"https:\/\/gaudiumetspes-blog.pl\/index.php\/2020\/06\/14\/uzdrawiajcie-chorych-wskrzeszajcie-umarlych\/\" \/>\n<meta property=\"og:site_name\" content=\"Gaudium Et Spes\" \/>\n<meta property=\"article:published_time\" content=\"2020-06-14T03:27:20+00:00\" \/>\n<meta property=\"article:modified_time\" content=\"2020-06-14T08:36:07+00:00\" \/>\n<meta name=\"author\" content=\"Ks. Jacek\" \/>\n<meta name=\"twitter:card\" content=\"summary_large_image\" \/>\n<meta name=\"twitter:label1\" content=\"Napisane przez\" \/>\n\t<meta name=\"twitter:data1\" content=\"Ks. Jacek\" \/>\n\t<meta name=\"twitter:label2\" content=\"Szacowany czas czytania\" \/>\n\t<meta name=\"twitter:data2\" content=\"18 minut\" \/>\n<script type=\"application\/ld+json\" class=\"yoast-schema-graph\">{\"@context\":\"https:\/\/schema.org\",\"@graph\":[{\"@type\":\"WebPage\",\"@id\":\"https:\/\/gaudiumetspes-blog.pl\/index.php\/2020\/06\/14\/uzdrawiajcie-chorych-wskrzeszajcie-umarlych\/\",\"url\":\"https:\/\/gaudiumetspes-blog.pl\/index.php\/2020\/06\/14\/uzdrawiajcie-chorych-wskrzeszajcie-umarlych\/\",\"name\":\"Uzdrawiajcie chorych, wskrzeszajcie umar\u0142ych... - Gaudium Et Spes\",\"isPartOf\":{\"@id\":\"https:\/\/gaudiumetspes-blog.pl\/#website\"},\"datePublished\":\"2020-06-14T03:27:20+00:00\",\"dateModified\":\"2020-06-14T08:36:07+00:00\",\"author\":{\"@id\":\"https:\/\/gaudiumetspes-blog.pl\/#\/schema\/person\/1661982992b752dea8dff0d4ed845a65\"},\"breadcrumb\":{\"@id\":\"https:\/\/gaudiumetspes-blog.pl\/index.php\/2020\/06\/14\/uzdrawiajcie-chorych-wskrzeszajcie-umarlych\/#breadcrumb\"},\"inLanguage\":\"pl-PL\",\"potentialAction\":[{\"@type\":\"ReadAction\",\"target\":[\"https:\/\/gaudiumetspes-blog.pl\/index.php\/2020\/06\/14\/uzdrawiajcie-chorych-wskrzeszajcie-umarlych\/\"]}]},{\"@type\":\"BreadcrumbList\",\"@id\":\"https:\/\/gaudiumetspes-blog.pl\/index.php\/2020\/06\/14\/uzdrawiajcie-chorych-wskrzeszajcie-umarlych\/#breadcrumb\",\"itemListElement\":[{\"@type\":\"ListItem\",\"position\":1,\"name\":\"Strona g\u0142\u00f3wna\",\"item\":\"https:\/\/gaudiumetspes-blog.pl\/\"},{\"@type\":\"ListItem\",\"position\":2,\"name\":\"Uzdrawiajcie chorych, wskrzeszajcie umar\u0142ych&#8230;\"}]},{\"@type\":\"WebSite\",\"@id\":\"https:\/\/gaudiumetspes-blog.pl\/#website\",\"url\":\"https:\/\/gaudiumetspes-blog.pl\/\",\"name\":\"Gaudium Et Spes\",\"description\":\"Blog Ks. Jacka Ja\u015bkowskiego\",\"potentialAction\":[{\"@type\":\"SearchAction\",\"target\":{\"@type\":\"EntryPoint\",\"urlTemplate\":\"https:\/\/gaudiumetspes-blog.pl\/?s={search_term_string}\"},\"query-input\":{\"@type\":\"PropertyValueSpecification\",\"valueRequired\":true,\"valueName\":\"search_term_string\"}}],\"inLanguage\":\"pl-PL\"},{\"@type\":\"Person\",\"@id\":\"https:\/\/gaudiumetspes-blog.pl\/#\/schema\/person\/1661982992b752dea8dff0d4ed845a65\",\"name\":\"Ks. Jacek\",\"image\":{\"@type\":\"ImageObject\",\"inLanguage\":\"pl-PL\",\"@id\":\"https:\/\/gaudiumetspes-blog.pl\/#\/schema\/person\/image\/\",\"url\":\"https:\/\/gaudiumetspes-blog.pl\/wp-content\/uploads\/2019\/07\/avatar-JJ-150x150.jpg\",\"contentUrl\":\"https:\/\/gaudiumetspes-blog.pl\/wp-content\/uploads\/2019\/07\/avatar-JJ-150x150.jpg\",\"caption\":\"Ks. Jacek\"},\"description\":\"Witam serdecznie! K\u0142ania si\u0119 Ks. Jacek Ja\u015bkowski. Nie jestem ani kim\u015b wa\u017cnym, ani kim\u015b znanym. Jestem ksi\u0119dzem, kt\u00f3ry po prostu chce rozmawia\u0107. Codzienna kap\u0142a\u0144ska pos\u0142uga pokazuje mi, \u017ce temat\u00f3w do rozm\u00f3w z ksi\u0119dzem jest coraz wi\u0119cej i dzisiaj \u017caden ksi\u0105dz nie mo\u017ce od nich ucieka\u0107, ale - wprost przeciwnie - podejmowa\u0107 nowe wyzwania. To przekonanie sk\u0142oni\u0142o mnie do pr\u00f3by otwarcia tego\u017c bloga, chocia\u017c okazji do rozm\u00f3w na co dzie\u0144 - w konfesjonale i poza nim - na szcz\u0119\u015bcie nie brakuje. My\u015bl\u0119 jednak, \u017ce ten blog b\u0119dzie jeszcze jednym sposobem i przestrzeni\u0105 nawi\u0105zania kontaktu z lud\u017ami dobrej woli, otwartymi na dialog.\",\"url\":\"https:\/\/gaudiumetspes-blog.pl\/index.php\/author\/ks-jacek\/\"}]}<\/script>\n<!-- \/ Yoast SEO plugin. -->","yoast_head_json":{"title":"Uzdrawiajcie chorych, wskrzeszajcie umar\u0142ych... - Gaudium Et Spes","robots":{"index":"index","follow":"follow","max-snippet":"max-snippet:-1","max-image-preview":"max-image-preview:large","max-video-preview":"max-video-preview:-1"},"canonical":"https:\/\/gaudiumetspes-blog.pl\/index.php\/2020\/06\/14\/uzdrawiajcie-chorych-wskrzeszajcie-umarlych\/","og_locale":"pl_PL","og_type":"article","og_title":"Uzdrawiajcie chorych, wskrzeszajcie umar\u0142ych... - Gaudium Et Spes","og_description":"Niech b\u0119dzie pochwalony Jezus Chrystus! Moi Drodzy, w dniu dzisiejszym urodziny prze\u017cywaj\u0105: \u25baFilip G\u0119bala, nale\u017c\u0105cy w swoim czasie do Wsp\u00f3lnoty m\u0142odzie\u017cowej w Tr\u0105bkach; \u25baKacper Malarz, Prezes S\u0142u\u017cby liturgicznej w Celestyowie. Natomiast rocznic\u0119 \u015bwi\u0119ce\u0144 kap\u0142a\u0144skich prze\u017cywa Ksi\u0105dz Adam Potapczuk, m\u00f3j Poprzednik na wikariacie w Miastkowie Ko\u015bcielnym. Wszystkim \u015bwi\u0119tuj\u0105cym \u017cycz\u0119 rado\u015bci i nadziei! Zapewniam o modlitwie. Moi [&hellip;]","og_url":"https:\/\/gaudiumetspes-blog.pl\/index.php\/2020\/06\/14\/uzdrawiajcie-chorych-wskrzeszajcie-umarlych\/","og_site_name":"Gaudium Et Spes","article_published_time":"2020-06-14T03:27:20+00:00","article_modified_time":"2020-06-14T08:36:07+00:00","author":"Ks. Jacek","twitter_card":"summary_large_image","twitter_misc":{"Napisane przez":"Ks. Jacek","Szacowany czas czytania":"18 minut"},"schema":{"@context":"https:\/\/schema.org","@graph":[{"@type":"WebPage","@id":"https:\/\/gaudiumetspes-blog.pl\/index.php\/2020\/06\/14\/uzdrawiajcie-chorych-wskrzeszajcie-umarlych\/","url":"https:\/\/gaudiumetspes-blog.pl\/index.php\/2020\/06\/14\/uzdrawiajcie-chorych-wskrzeszajcie-umarlych\/","name":"Uzdrawiajcie chorych, wskrzeszajcie umar\u0142ych... - Gaudium Et Spes","isPartOf":{"@id":"https:\/\/gaudiumetspes-blog.pl\/#website"},"datePublished":"2020-06-14T03:27:20+00:00","dateModified":"2020-06-14T08:36:07+00:00","author":{"@id":"https:\/\/gaudiumetspes-blog.pl\/#\/schema\/person\/1661982992b752dea8dff0d4ed845a65"},"breadcrumb":{"@id":"https:\/\/gaudiumetspes-blog.pl\/index.php\/2020\/06\/14\/uzdrawiajcie-chorych-wskrzeszajcie-umarlych\/#breadcrumb"},"inLanguage":"pl-PL","potentialAction":[{"@type":"ReadAction","target":["https:\/\/gaudiumetspes-blog.pl\/index.php\/2020\/06\/14\/uzdrawiajcie-chorych-wskrzeszajcie-umarlych\/"]}]},{"@type":"BreadcrumbList","@id":"https:\/\/gaudiumetspes-blog.pl\/index.php\/2020\/06\/14\/uzdrawiajcie-chorych-wskrzeszajcie-umarlych\/#breadcrumb","itemListElement":[{"@type":"ListItem","position":1,"name":"Strona g\u0142\u00f3wna","item":"https:\/\/gaudiumetspes-blog.pl\/"},{"@type":"ListItem","position":2,"name":"Uzdrawiajcie chorych, wskrzeszajcie umar\u0142ych&#8230;"}]},{"@type":"WebSite","@id":"https:\/\/gaudiumetspes-blog.pl\/#website","url":"https:\/\/gaudiumetspes-blog.pl\/","name":"Gaudium Et Spes","description":"Blog Ks. Jacka Ja\u015bkowskiego","potentialAction":[{"@type":"SearchAction","target":{"@type":"EntryPoint","urlTemplate":"https:\/\/gaudiumetspes-blog.pl\/?s={search_term_string}"},"query-input":{"@type":"PropertyValueSpecification","valueRequired":true,"valueName":"search_term_string"}}],"inLanguage":"pl-PL"},{"@type":"Person","@id":"https:\/\/gaudiumetspes-blog.pl\/#\/schema\/person\/1661982992b752dea8dff0d4ed845a65","name":"Ks. Jacek","image":{"@type":"ImageObject","inLanguage":"pl-PL","@id":"https:\/\/gaudiumetspes-blog.pl\/#\/schema\/person\/image\/","url":"https:\/\/gaudiumetspes-blog.pl\/wp-content\/uploads\/2019\/07\/avatar-JJ-150x150.jpg","contentUrl":"https:\/\/gaudiumetspes-blog.pl\/wp-content\/uploads\/2019\/07\/avatar-JJ-150x150.jpg","caption":"Ks. Jacek"},"description":"Witam serdecznie! K\u0142ania si\u0119 Ks. Jacek Ja\u015bkowski. Nie jestem ani kim\u015b wa\u017cnym, ani kim\u015b znanym. Jestem ksi\u0119dzem, kt\u00f3ry po prostu chce rozmawia\u0107. Codzienna kap\u0142a\u0144ska pos\u0142uga pokazuje mi, \u017ce temat\u00f3w do rozm\u00f3w z ksi\u0119dzem jest coraz wi\u0119cej i dzisiaj \u017caden ksi\u0105dz nie mo\u017ce od nich ucieka\u0107, ale - wprost przeciwnie - podejmowa\u0107 nowe wyzwania. To przekonanie sk\u0142oni\u0142o mnie do pr\u00f3by otwarcia tego\u017c bloga, chocia\u017c okazji do rozm\u00f3w na co dzie\u0144 - w konfesjonale i poza nim - na szcz\u0119\u015bcie nie brakuje. My\u015bl\u0119 jednak, \u017ce ten blog b\u0119dzie jeszcze jednym sposobem i przestrzeni\u0105 nawi\u0105zania kontaktu z lud\u017ami dobrej woli, otwartymi na dialog.","url":"https:\/\/gaudiumetspes-blog.pl\/index.php\/author\/ks-jacek\/"}]}},"jetpack_featured_media_url":"","jetpack_sharing_enabled":true,"_links":{"self":[{"href":"https:\/\/gaudiumetspes-blog.pl\/index.php\/wp-json\/wp\/v2\/posts\/17198","targetHints":{"allow":["GET"]}}],"collection":[{"href":"https:\/\/gaudiumetspes-blog.pl\/index.php\/wp-json\/wp\/v2\/posts"}],"about":[{"href":"https:\/\/gaudiumetspes-blog.pl\/index.php\/wp-json\/wp\/v2\/types\/post"}],"author":[{"embeddable":true,"href":"https:\/\/gaudiumetspes-blog.pl\/index.php\/wp-json\/wp\/v2\/users\/1"}],"replies":[{"embeddable":true,"href":"https:\/\/gaudiumetspes-blog.pl\/index.php\/wp-json\/wp\/v2\/comments?post=17198"}],"version-history":[{"count":4,"href":"https:\/\/gaudiumetspes-blog.pl\/index.php\/wp-json\/wp\/v2\/posts\/17198\/revisions"}],"predecessor-version":[{"id":17203,"href":"https:\/\/gaudiumetspes-blog.pl\/index.php\/wp-json\/wp\/v2\/posts\/17198\/revisions\/17203"}],"wp:attachment":[{"href":"https:\/\/gaudiumetspes-blog.pl\/index.php\/wp-json\/wp\/v2\/media?parent=17198"}],"wp:term":[{"taxonomy":"category","embeddable":true,"href":"https:\/\/gaudiumetspes-blog.pl\/index.php\/wp-json\/wp\/v2\/categories?post=17198"},{"taxonomy":"post_tag","embeddable":true,"href":"https:\/\/gaudiumetspes-blog.pl\/index.php\/wp-json\/wp\/v2\/tags?post=17198"}],"curies":[{"name":"wp","href":"https:\/\/api.w.org\/{rel}","templated":true}]}}