{"id":17204,"date":"2020-06-15T09:12:30","date_gmt":"2020-06-15T07:12:30","guid":{"rendered":"https:\/\/gaudiumetspes-blog.pl\/?p=17204"},"modified":"2020-06-15T09:12:30","modified_gmt":"2020-06-15T07:12:30","slug":"jedyne-wyjscie-wiernosc-bogu","status":"publish","type":"post","link":"https:\/\/gaudiumetspes-blog.pl\/index.php\/2020\/06\/15\/jedyne-wyjscie-wiernosc-bogu\/","title":{"rendered":"Jedyne wyj\u015bcie: wierno\u015b\u0107 Bogu!"},"content":{"rendered":"<p class=\"western\" align=\"justify\"><span style=\"font-family: Book Antiqua, serif;\"><span style=\"font-size: large;\">Szcz\u0119\u015b\u0107 Bo\u017ce! Moi Drodzy, w dniu dzisiejszym<b> rocznic\u0119 \u015bwi\u0119ce\u0144 kap\u0142a\u0144skich prze\u017cywa Ksi\u0105dz Rafa\u0142 Jarosiewicz, pochodz\u0105cy z mojej rodzinnej Parafii i z jednego Grona lektorskiego \u2013 Kap\u0142an chyba dobrze nam wszystkim znany! Dzi\u0119kuj\u0105c Bogu za zapa\u0142 Ksi\u0119dza Rafa\u0142a i Jego niezmordowan\u0105 energi\u0119, \u017cycz\u0119 wszystkich mo\u017cliwych \u015bwiate\u0142 z Nieba do pe\u0142nienia tak pi\u0119knej pos\u0142ugi! I zapewniam o modlitwie!<\/b><\/span><\/span><\/p>\n<p class=\"western\" align=\"justify\"><span style=\"font-family: Book Antiqua, serif;\"><span style=\"font-size: large;\">A oto dzisiaj, w naszym O\u015brodku Duszpasterstwa akademickiego, o godzinie 19:00, odb\u0119dzie si\u0119 Msza \u015awi\u0119ta w trzydziesty dzie\u0144 \u015bmierci \u015b.p. Profesora Michaela A\u0142ani, wieloletniego Wyk\u0142adowcy Uniwersytetu Przyrodniczo \u2013 Humanistycznego w Siedlcach. Wspomina\u0142em ju\u017c nieco wcze\u015bniej, \u017ce by\u0142a Msza \u015awi\u0119ta w si\u00f3dmy dzie\u0144, a oto dzisiaj kolejna. W jednym i drugim przypadku, jest to inicjatywa Wychowank\u00f3w i Wsp\u00f3\u0142pracownik\u00f3w Pana Profesora. <\/span><\/span><\/p>\n<p class=\"western\" align=\"justify\"><span style=\"font-family: Book Antiqua, serif;\"><span style=\"font-size: large;\">Bardzo za ni\u0105 dzi\u0119kuj\u0119, bo widz\u0119 w niej szans\u0119 na wi\u0119ksze zwi\u0105zanie z naszym Duszpasterstwem i wi\u0119ksz\u0105 integracj\u0119 w\u0142a\u015bnie \u015brodowiska Pracownik\u00f3w naukowych Uczelni. Marz\u0105 mi si\u0119 spotkania modlitewne i dyskusyjne w tym w\u0142a\u015bnie gronie. Wszak Duszpasterstwo akademickie nie jest adresowane wy\u0142\u0105cznie do Student\u00f3w \u2013 r\u00f3wnie dobrze mo\u017ce wychodzi\u0107 z pos\u0142ug\u0105 do Pracownik\u00f3w Uczelni. Nawet troch\u0119 o tym rozmawiali\u015bmy przy okazji pierwszej Mszy \u015awi\u0119tej w intencji Pana Profesora, a zapewne i dzisiaj temat zaistnienie, w czasie spotkania przy herbacie, jakie planujemy po Mszy \u015awi\u0119tej.<\/span><\/span><\/p>\n<p class=\"western\" align=\"justify\"><span style=\"font-family: Book Antiqua, serif;\"><span style=\"font-size: large;\">Dobrego dnia! <b>Niech Was b\u0142ogos\u0142awi B\u00f3g Wszechmog\u0105cy: Ojciec + i Syn, i Duch \u015awi\u0119ty. Amen<\/b><\/span><\/span><\/p>\n<p class=\"western\" align=\"center\"><span style=\"font-family: Book Antiqua, serif;\"><span style=\"font-size: large;\">Gaudium et spes! Ks. Jacek<\/span><\/span><\/p>\n<p align=\"center\">\n<p align=\"center\">\n<p align=\"center\">\n<p align=\"center\">\n<p align=\"center\">\n<p class=\"western\" align=\"justify\"><span style=\"font-family: Book Antiqua, serif;\"><span style=\"font-size: large;\"><b>Poniedzia\u0142ek 11 Tygodnia zwyk\u0142ego, rok II,<\/b><\/span><\/span><\/p>\n<p class=\"western\" align=\"justify\"><span style=\"font-family: Book Antiqua, serif;\"><span style=\"font-size: large;\"><b>15 czerwca 2020.,<\/b><\/span><\/span><\/p>\n<p class=\"western\" align=\"justify\"><span style=\"font-family: Book Antiqua, serif;\"><span style=\"font-size: large;\"><b>do czyta\u0144: 2 Krn 18,3\u20138.12\u201317.22; Mt 5,38\u201342<\/b><\/span><\/span><\/p>\n<p align=\"justify\">\n<p align=\"justify\">\n<p align=\"justify\">\n<p align=\"justify\">\n<p align=\"justify\">\n<p class=\"western\"><span style=\"font-family: Book Antiqua, serif;\"><span style=\"font-size: large;\"><b>CZYTANIE Z DRUGIEJ KSI\u0118GI KRONIK:<\/b><\/span><\/span><\/p>\n<p class=\"western\" align=\"justify\"><span style=\"font-family: Book Antiqua, serif;\"><span style=\"font-size: large;\"><b>Kr\u00f3l izraelski, Achab, zwr\u00f3ci\u0142 si\u0119 do kr\u00f3la judzkiego Jozafata: \u201eCzy p\u00f3jdziesz ze mn\u0105 przeciw Ramot w Gileadzie?\u201d Odpowiedzia\u0142 mu: \u201eJa tak jak i ty, lud m\u00f3j jak i tw\u00f3j lud b\u0119dziemy z tob\u0105 na wojnie\u201d. <\/b><\/span><\/span><\/p>\n<p class=\"western\" align=\"justify\"><span style=\"color: #000000;\"><span style=\"font-family: Book Antiqua, serif;\"><span style=\"font-size: large;\"><b>Ponadto Jozafat rzek\u0142 kr\u00f3lowi izraelskiemu: \u201eNajpierw zapytaj, prosz\u0119, o s\u0142owo Pana\u201d.<\/b><\/span><\/span><\/span><b> <\/b><\/p>\n<p class=\"western\" align=\"justify\"><span style=\"color: #000000;\"><span style=\"font-family: Book Antiqua, serif;\"><span style=\"font-size: large;\"><b>Kr\u00f3l wi\u0119c izraelski zgromadzi\u0142 czterystu prorok\u00f3w i rzek\u0142 do nich: \u201eCzy powinienem wyruszy\u0107 na wojn\u0119 o Ramot w Gileadzie, czy te\u017c powinienem tego zaniecha\u0107?\u201d A oni odpowiedzieli: \u201eWyruszaj, a B\u00f3g je da w r\u0119ce kr\u00f3la\u201d. Jednak Jozafat rzek\u0142: \u201eCzy nie ma tu jeszcze jakiego\u015b proroka Pana, aby\u015bmy przez niego mogli zapyta\u0107?\u201d Na to kr\u00f3l izraelski odrzek\u0142 Jozafatowi: \u201eJeszcze jest jeden m\u0105\u017c, przez kt\u00f3rego mo\u017cna zapyta\u0107 Pana. Ale ja go nienawidz\u0119, bo mi nie prorokuje dobrze, tylko zawsze \u017ale. Jest to Micheasz, syn Jimli\u201d. Wtedy Jozafat powiedzia\u0142: \u201eNie m\u00f3w tak, kr\u00f3lu\u201d. Zawo\u0142a\u0142 wi\u0119c kr\u00f3l izraelski kt\u00f3rego\u015b dworzanina i rzek\u0142: \u201ePo\u015bpiesz si\u0119 po Micheasza, syna Jimli\u201d. Ten za\u015b pos\u0142aniec, kt\u00f3ry poszed\u0142 zawo\u0142a\u0107 Micheasza, powiedzia\u0142 mu tak: \u201eOto przepowiednie prorok\u00f3w s\u0105 jednog\u0142o\u015bnie pomy\u015blne dla kr\u00f3la, niech\u017ce twoja przepowiednia, prosz\u0119 ci\u0119, b\u0119dzie jak ka\u017cdego z nich, tak\u0105, \u017ceby\u015b zapowiedzia\u0142 powodzenie\u201d. W\u00f3wczas Micheasz odrzek\u0142: \u201eNa \u017cycie Pana, na pewno b\u0119d\u0119 m\u00f3wi\u0142 to, co powie m\u00f3j B\u00f3g\u201d.<\/b><\/span><\/span><\/span><b> <\/b><\/p>\n<p class=\"western\" align=\"justify\"><span style=\"font-family: Book Antiqua, serif;\"><span style=\"font-size: large;\"><b>Potem przyszed\u0142 przed kr\u00f3la. Wtedy kr\u00f3l si\u0119 odezwa\u0142 do niego: \u201eMicheaszu, czy powinni\u015bmy wyruszy\u0107 na wojn\u0119 przeciw Ramot w Gileadzie, czy te\u017c powinni\u015bmy tego zaniecha\u0107?\u201d Wtedy do niego przem\u00f3wi\u0142: \u201eWyruszcie, a zwyci\u0119\u017cycie. B\u0119d\u0105 oni oddani w wasze r\u0119ce\u201d. Kr\u00f3l za\u015b mu powiedzia\u0142: \u201eIle razy mam ciebie zaklina\u0107, \u017ceby\u015b mi m\u00f3wi\u0142 tylko prawd\u0119 w imieniu Pana?\u201d W\u00f3wczas on rzek\u0142: \u201eUjrza\u0142em ca\u0142ego Izraela rozproszonego po g\u00f3rach, jak trzod\u0119 owiec i k\u00f3z bez pasterza. Pan B\u00f3g rzek\u0142: \u00abNie maj\u0105 swego pana. Niech wr\u00f3ci ka\u017cdy w pokoju do swego domu\u00bb\u201d.<\/b><\/span><\/span><\/p>\n<p class=\"western\" align=\"justify\"><span style=\"font-family: Book Antiqua, serif;\"><span style=\"font-size: large;\"><b>Wtedy kr\u00f3l izraelski zwr\u00f3ci\u0142 si\u0119 do Jozafata: \u201eCzy\u017c ci nie powiedzia\u0142em? Nie prorokuje mi pomy\u015blno\u015bci, tylko nieszcz\u0119\u015bcia\u201d. Micheasz za\u015b m\u00f3wi\u0142 dalej: \u201eOto Pan da\u0142 teraz ducha k\u0142amstwa w usta tych twoich prorok\u00f3w. Pan bowiem zawyrokowa\u0142 twoj\u0105 zgub\u0119\u201d.<\/b><\/span><\/span><\/p>\n<p align=\"justify\">\n<p align=\"justify\">\n<p align=\"justify\">\n<p align=\"justify\">\n<p align=\"justify\">\n<p class=\"western\"><span style=\"font-family: Book Antiqua, serif;\"><span style=\"font-size: large;\"><b>S\u0141OWA EWANGELII WED\u0141UG \u015aWI\u0118TEGO MATEUSZA:<\/b><\/span><\/span><\/p>\n<p class=\"western\" align=\"justify\"><span style=\"font-family: Book Antiqua, serif;\"><span style=\"font-size: large;\"><b>Jezus powiedzia\u0142 do swoich uczni\u00f3w: \u201eS\u0142yszeli\u015bcie, \u017ce powiedziano: \u00abOko za oko i z\u0105b za z\u0105b\u00bb. A Ja wam powiadam: Nie stawiajcie oporu z\u0142emu. Lecz je\u015bli ci\u0119 kto uderzy w prawy policzek, nadstaw mu i drugi. Temu, kto chce prawowa\u0107 si\u0119 z tob\u0105 i wzi\u0105\u0107 twoj\u0105 szat\u0119, odst\u0105p i p\u0142aszcz. Zmusza ci\u0119 kto, \u017ceby i\u015b\u0107 z nim tysi\u0105c krok\u00f3w, id\u017a dwa tysi\u0105ce. Daj temu, kto ci\u0119 prosi, i nie odwracaj si\u0119 od tego, kto chce po\u017cyczy\u0107 od ciebie\u201d.<\/b><\/span><\/span><\/p>\n<p align=\"justify\">\n<p align=\"justify\">\n<p align=\"justify\">\n<p align=\"justify\">\n<p class=\"western\" align=\"justify\"><span style=\"font-family: Book Antiqua, serif;\"><span style=\"font-size: large;\">Mo\u017cna powiedzie\u0107, \u017ce s\u0142owo Bo\u017ce, kt\u00f3rego wys\u0142uchali\u015bmy, to zdecydowany <b>sprzeciw wobec tak zwanej poprawno\u015bci politycznej,<\/b> z kt\u00f3r\u0105 my dzisiaj tak cz\u0119sto mamy do czynienia, ale kt\u00f3ra \u2013 jak widzimy \u2013 zawsze by\u0142a problemem w relacjach poddanych do w\u0142adc\u00f3w. <\/span><\/span><\/p>\n<p class=\"western\" align=\"justify\"><span style=\"font-family: Book Antiqua, serif;\"><span style=\"font-size: large;\">Oto kr\u00f3l Izraelski z kr\u00f3lem judzkim planuj\u0105 wsp\u00f3ln\u0105 wypraw\u0119. Co do jej potrzeby i zasadno\u015bci <b>obaj s\u0105 przekonani.<\/b> Jednak co\u015b wewn\u0119trznie niepokoi\u0142o kr\u00f3la judzkiego, skoro zaproponowa\u0142 kr\u00f3lowi izraelskiemu: <i><b>Najpierw zapytaj, prosz\u0119, o s\u0142owo Pana.<\/b><\/i><b> <\/b>Ten si\u0119 zgodzi\u0142, a w\u00f3wczas wypadki potoczy\u0142y si\u0119 ju\u017c szybko, a do tego w spos\u00f3b niekiedy zaskakuj\u0105cy. <\/span><\/span><\/p>\n<p class=\"western\" align=\"justify\"><span style=\"font-family: Book Antiqua, serif;\"><span style=\"font-size: large;\">Pierwsze bowiem pytanie skierowane by\u0142o<b> do czterystu prorok\u00f3w<\/b> \u2013 mo\u017cna by ich nazwa\u0107: <b>\u201epa\u0144stwowych\u201d, <\/b>takich<b> \u201ena etacie\u201d,<\/b> oczywi\u015bcie s\u0142u\u017c\u0105cych fa\u0142szywym b\u00f3stwom \u2013 a ci jednog\u0142o\u015bnie odpowiedzieli: <i><b>Wyruszaj, a B\u00f3g je da w r\u0119ce kr\u00f3la.<\/b><\/i><b> <\/b>I na tym zasadniczo mo\u017cna by\u0142o zako\u0144czy\u0107 ca\u0142\u0105 spraw\u0119. Pad\u0142o pytanie, przysz\u0142a odpowied\u017a \u2013 wszystko w porz\u0105dku! Po co jeszcze dr\u0105\u017cy\u0107 temat? <\/span><\/span><\/p>\n<p class=\"western\" align=\"justify\"><span style=\"font-family: Book Antiqua, serif;\"><span style=\"font-size: large;\">Jednak kr\u00f3l judzki nie by\u0142 usatysfakcjonowany t\u0105 odpowiedzi\u0105. I nie przekona\u0142 go do niej nawet fakt, \u017ce prorok\u00f3w fa\u0142szywego boga by\u0142o <b>a\u017c czterystu! <\/b>Dlatego dr\u0105\u017cy\u0142 dalej ca\u0142\u0105 spraw\u0119: <i><b>Czy nie ma tu jeszcze jakiego\u015b proroka Pana, aby\u015bmy przez niego mogli zapyta\u0107?<\/b><\/i> Okaza\u0142o si\u0119, \u017ce by\u0142. <\/span><\/span><\/p>\n<p class=\"western\" align=\"justify\"><span style=\"font-family: Book Antiqua, serif;\"><span style=\"font-size: large;\">Tyle, \u017ce \u2013 w jego przypadku \u2013 istnia\u0142 powa\u017cny problem: on <b>nigdy nie m\u00f3wi\u0142 tego, co \u201enale\u017cy\u201d powiedzie\u0107, <\/b>tylko zawsze stwarza\u0142 jakie\u015b trudno\u015bci i wywo\u0142ywa\u0142 komplikacje, o czym kr\u00f3l izraelski wypowiedzia\u0142 si\u0119 \u201edo b\u00f3lu\u201d szczerze tak: <i><b>Jeszcze jest jeden m\u0105\u017c, przez kt\u00f3rego mo\u017cna zapyta\u0107 Pana. Ale ja go nienawidz\u0119, bo mi nie prorokuje dobrze, tylko zawsze \u017ale. Jest to Micheasz, syn Jimli. <\/b><\/i><\/span><\/span><\/p>\n<p class=\"western\" align=\"justify\"><span style=\"font-family: Book Antiqua, serif;\"><span style=\"font-size: large;\">Id\u0105c po my\u015bli tego stwierdzenia, pos\u0142aniec wzywaj\u0105cy Micheasza do stawienia si\u0119 przed kr\u00f3lami, przestrzeg\u0142 go: <i><b>Oto przepowiednie prorok\u00f3w s\u0105 jednog\u0142o\u015bnie pomy\u015blne dla kr\u00f3la, niech\u017ce twoja przepowiednia, prosz\u0119 ci\u0119, b\u0119dzie jak ka\u017cdego z nich, tak\u0105, \u017ceby\u015b zapowiedzia\u0142 powodzenie.<\/b><\/i><b> <\/b>Jednak reakcja Proroka Bo\u017cego \u2013 prawdziwego Proroka prawdziwego Boga \u2013 na tak\u0105 przestrog\u0119 mog\u0142a by\u0107 tylko jedna: <i><b>Na \u017cycie Pana, na pewno b\u0119d\u0119 m\u00f3wi\u0142 to, co powie m\u00f3j B\u00f3g.<\/b><\/i><b> <\/b><\/span><\/span><\/p>\n<p class=\"western\" align=\"justify\"><span style=\"font-family: Book Antiqua, serif;\"><span style=\"font-size: large;\">I to jest zdanie kluczowe dzisiejszej liturgii S\u0142owa i sedno naszych dzisiejszych rozwa\u017ca\u0144: <b>wierno\u015b\u0107 Bogu \u2013 pomimo wszystko!<\/b> Micheasz wiedzia\u0142, \u017ce <b>przyjdzie mu sprzeciwi\u0107 si\u0119<\/b> oczekiwaniom kr\u00f3la i uleg\u0142ej im postawie fa\u0142szywych prorok\u00f3w. Zdawa\u0142 sobie spraw\u0119, \u017ce mog\u0105 go za to spotka\u0107 przer\u00f3\u017cne, nawet <b>najbardziej dotkliwe konsekwencje. <\/b>Zreszt\u0105, spotka\u0142y go konsekwencje, chocia\u017c dzisiaj o tym nie s\u0142yszymy. Zosta\u0142 uwi\u0119ziony, ale jego przepowiednia <b>sprawdzi\u0142a si\u0119<\/b> co do joty. Bo nie by\u0142a to jego przepowiednia, <b>tylko samego Boga! <\/b><\/span><\/span><\/p>\n<p class=\"western\" align=\"justify\"><span style=\"font-family: Book Antiqua, serif;\"><span style=\"font-size: large;\">Wiedz\u0105c o tym, Micheasz zda\u0142 si\u0119 na Boga i niejako pozwoli\u0142, aby <b>z\u0142o i k\u0142amstwo chwilowo zatriumfowa\u0142o,<\/b> bo jego przepowiednia zosta\u0142a pomini\u0119ta, wyprawa zbrojna wyruszy\u0142a, on sam zosta\u0142 trafi\u0142 do wi\u0119zienia. W ten spos\u00f3b da\u0142 nam przyk\u0142ad wype\u0142nienia nauki, kt\u00f3r\u0105 du\u017co p\u00f3\u017aniej wypowiedzia\u0142 Jezus Chrystus, a my dzisiaj odnajdujemy j\u0105 w Ewangelii: <i><b>Nie stawiajcie oporu z\u0142emu. Lecz je\u015bli ci\u0119 kto uderzy w prawy policzek, nadstaw mu i drugi. Temu, kto chce prawowa\u0107 si\u0119 z tob\u0105 i wzi\u0105\u0107 twoj\u0105 szat\u0119, odst\u0105p i p\u0142aszcz. Zmusza ci\u0119 kto, \u017ceby i\u015b\u0107 z nim tysi\u0105c krok\u00f3w, id\u017a dwa tysi\u0105ce. Daj temu, kto ci\u0119 prosi, i nie odwracaj si\u0119 od tego, kto chce po\u017cyczy\u0107 od ciebie. <\/b><\/i><\/span><\/span><\/p>\n<p class=\"western\" align=\"justify\"><span style=\"font-family: Book Antiqua, serif;\"><span style=\"font-size: large;\">Przyznajmy, \u017ce to trudna nauka\u2026 Bo reakcj\u0105 na z\u0142o z czyjejkolwiek czy kt\u00f3rejkolwiek strony \u2013 jest najcz\u0119\u015bciej <b>tak\u017ce jakie\u015b z\u0142o:<\/b> gniew, oburzenie, czasami agresja. A przynajmniej \u2013 <b>jaka\u015b forma<\/b> <b>obrony.<\/b> Tymczasem, Jezus m\u00f3wi dzi\u015b: <i><b>Nie stawiajcie oporu z\u0142emu.<\/b><\/i><b> <\/b><\/span><\/span><\/p>\n<p class=\"western\" align=\"justify\"><span style=\"font-family: Book Antiqua, serif;\"><span style=\"font-size: large;\">Z ca\u0142ego kontekstu ewangelicznego wiemy, \u017ce tu nie chodzi o bierne poddanie si\u0119 czyjej\u015b agresji, czyim\u015b atakom, na kt\u00f3re <b>mieliby\u015bmy w og\u00f3le nie reagowa\u0107.<\/b> Przecie\u017c wiemy, \u017ce <b>Jezus sam broni\u0142 si\u0119<\/b> \u2013 przynajmniej pr\u00f3bowa\u0142 \u2013 przed atakami prze\u015bladowc\u00f3w, w czasie tak zwanego procesu. Podobnie i \u015awi\u0119ty Pawe\u0142, o czym opowiada Ksi\u0119ga Dziej\u00f3w Apostolskich. <\/span><\/span><\/p>\n<p class=\"western\" align=\"justify\"><span style=\"font-family: Book Antiqua, serif;\"><span style=\"font-size: large;\">W dzisiejszym pouczeniu chodzi natomiast o to, by w sytuacji, w kt\u00f3rej <b>nie mo\u017cemy si\u0119 wybroni\u0107 <\/b>przed z\u0142em i agresj\u0105 ze strony ludzi \u2013 <b>odda\u0107 spraw\u0119 Bogu! <\/b>\u017beby nie odpowiada\u0107 tym samym \u2013 z\u0142em na z\u0142o. \u017beby zachowa\u0107 <b>pewien poziom, jak\u0105\u015b klas\u0119, jaki\u015b styl <\/b>\u2013 \u017ceby nie ulec powszechnej opinii, g\u0142osom wi\u0119kszo\u015bci, w\u0142a\u015bnie owej poprawno\u015bci politycznej, o kt\u00f3rej wspomnieli\u015bmy sobie na pocz\u0105tku. Nawet <b>za cen\u0119 takich czy innych konsekwencji,<\/b> trudno\u015bci, przeciwno\u015bci ze strony ludzi; za cen\u0119 <b>niekorzystnej opinii<\/b> w \u015brodowisku, za cen\u0119 znoszenia k\u0105\u015bliwych uwag czy szyderczych u\u015bmieszk\u00f3w \u2013 <b>pozosta\u0107 wiernym Bo\u017cym zasadom.<\/b> <\/span><\/span><\/p>\n<p class=\"western\" align=\"justify\"><span style=\"font-family: Book Antiqua, serif;\"><span style=\"font-size: large;\">To trudne \u2013 powiedzmy to sobie wprost. A jednak, daje do my\u015blenia tak\u017ce i ten moment, w kt\u00f3rym to Micheasz, gdy tylko stawi\u0142 si\u0119 przed kr\u00f3lewskimi obliczami, niejako wypowiedzia\u0142 si\u0119 po my\u015bli oficjalnych oczekiwa\u0144, m\u00f3wi\u0105c: <i><b>Wyruszcie, a zwyci\u0119\u017cycie. B\u0119d\u0105 oni oddani w wasze r\u0119ce.<\/b><\/i><b> <\/b>Zauwa\u017cyli\u015bmy, jaka by\u0142a reakcja kr\u00f3la? S\u0142yszeli\u015bmy jego s\u0142owa: <i><b>Ile razy mam ciebie zaklina\u0107, \u017ceby\u015b mi m\u00f3wi\u0142 tylko prawd\u0119 w imieniu Pana?<\/b><\/i><b> <\/b><\/span><\/span><\/p>\n<p class=\"western\" align=\"justify\"><span style=\"font-family: Book Antiqua, serif;\"><span style=\"font-size: large;\">Sk\u0105d to stwierdzenie? Czy\u017c Micheasz nie powiedzia\u0142 tego, co kr\u00f3l chcia\u0142 us\u0142ysze\u0107? Okaza\u0142o si\u0119 jednak, \u017ce kr\u00f3l <b>wyczu\u0142 ironi\u0119 w s\u0142owach Proroka, <\/b>ale te\u017c zapewne <b>dobrze wiedzia\u0142, <\/b>jakie jest stanowisko Boga w tej sprawie. Do\u015b\u0107 naiwn\u0105 z jego strony by\u0142a pr\u00f3ba <b>uciszenia g\u0142osu Boga<\/b> i przekonania Proroka, by powiedzia\u0142 co\u015b innego. Bo nawet gdyby faktycznie si\u0119 to uda\u0142o i prawdziwy Prorok uleg\u0142by tym naciskom, m\u00f3wi\u0105c to, czego si\u0119 od niego oczekiwa\u0142o \u2013 <b>czy to sprawi\u0142oby, \u017ce B\u00f3g zmieni\u0142by zdanie?<\/b> Oczywi\u015bcie, \u017ce nie. <\/span><\/span><\/p>\n<p class=\"western\" align=\"justify\"><span style=\"font-family: Book Antiqua, serif;\"><span style=\"font-size: large;\">Dlatego \u2013 powiedzmy to tak \u2013 <b>jedynym wyj\u015bciem <\/b>dla Proroka w takiej sytuacji by\u0142o pozosta\u0107 <b>wiernym Bogu! <\/b>Bez wzgl\u0119du na wszystko. Znie\u015b\u0107 z\u0142o, kt\u00f3re w tym momencie wydawa\u0142o si\u0119 silniejszym, wiedz\u0105c dobrze, \u017ce <b>ostatecznie i tak B\u00f3g zwyci\u0119\u017cy.<\/b> I Jego s\u0142owo, Jego prawda, Jego wola! <\/span><\/span><\/p>\n<p class=\"western\" align=\"justify\"><span style=\"font-family: Book Antiqua, serif;\"><span style=\"font-size: large;\">Czy mam w sobie takie zaufanie do Boga? Czy dla mnie te\u017c <b>jedynym wyj\u015bciem<\/b> ze wszystkich trudnych sytuacji jest: <b>pozosta\u0107 wiernym Bogu<\/b> \u2013 w przekonaniu, \u017ce to On na pewno zwyci\u0119\u017cy?\u2026<\/span><\/span><\/p>\n","protected":false},"excerpt":{"rendered":"<p>Szcz\u0119\u015b\u0107 Bo\u017ce! Moi Drodzy, w dniu dzisiejszym rocznic\u0119 \u015bwi\u0119ce\u0144 kap\u0142a\u0144skich prze\u017cywa Ksi\u0105dz Rafa\u0142 Jarosiewicz, pochodz\u0105cy z mojej rodzinnej Parafii i z jednego Grona lektorskiego \u2013 Kap\u0142an chyba dobrze nam wszystkim znany! Dzi\u0119kuj\u0105c Bogu za zapa\u0142 Ksi\u0119dza Rafa\u0142a i Jego niezmordowan\u0105 energi\u0119, \u017cycz\u0119 wszystkich mo\u017cliwych \u015bwiate\u0142 z Nieba do pe\u0142nienia tak pi\u0119knej pos\u0142ugi! I zapewniam o [&hellip;]<\/p>\n","protected":false},"author":1,"featured_media":0,"comment_status":"open","ping_status":"open","sticky":false,"template":"","format":"standard","meta":{"jetpack_post_was_ever_published":false,"_jetpack_newsletter_access":"","_jetpack_dont_email_post_to_subs":false,"_jetpack_newsletter_tier_id":0,"_jetpack_memberships_contains_paywalled_content":false,"_jetpack_memberships_contains_paid_content":false,"footnotes":""},"categories":[1],"tags":[],"class_list":["post-17204","post","type-post","status-publish","format-standard","hentry","category-bez-kategorii"],"yoast_head":"<!-- This site is optimized with the Yoast SEO plugin v25.1 - https:\/\/yoast.com\/wordpress\/plugins\/seo\/ -->\n<title>Jedyne wyj\u015bcie: wierno\u015b\u0107 Bogu! - Gaudium Et Spes<\/title>\n<meta name=\"robots\" content=\"index, follow, max-snippet:-1, max-image-preview:large, max-video-preview:-1\" \/>\n<link rel=\"canonical\" href=\"https:\/\/gaudiumetspes-blog.pl\/index.php\/2020\/06\/15\/jedyne-wyjscie-wiernosc-bogu\/\" \/>\n<meta property=\"og:locale\" content=\"pl_PL\" \/>\n<meta property=\"og:type\" content=\"article\" \/>\n<meta property=\"og:title\" content=\"Jedyne wyj\u015bcie: wierno\u015b\u0107 Bogu! - Gaudium Et Spes\" \/>\n<meta property=\"og:description\" content=\"Szcz\u0119\u015b\u0107 Bo\u017ce! Moi Drodzy, w dniu dzisiejszym rocznic\u0119 \u015bwi\u0119ce\u0144 kap\u0142a\u0144skich prze\u017cywa Ksi\u0105dz Rafa\u0142 Jarosiewicz, pochodz\u0105cy z mojej rodzinnej Parafii i z jednego Grona lektorskiego \u2013 Kap\u0142an chyba dobrze nam wszystkim znany! Dzi\u0119kuj\u0105c Bogu za zapa\u0142 Ksi\u0119dza Rafa\u0142a i Jego niezmordowan\u0105 energi\u0119, \u017cycz\u0119 wszystkich mo\u017cliwych \u015bwiate\u0142 z Nieba do pe\u0142nienia tak pi\u0119knej pos\u0142ugi! I zapewniam o [&hellip;]\" \/>\n<meta property=\"og:url\" content=\"https:\/\/gaudiumetspes-blog.pl\/index.php\/2020\/06\/15\/jedyne-wyjscie-wiernosc-bogu\/\" \/>\n<meta property=\"og:site_name\" content=\"Gaudium Et Spes\" \/>\n<meta property=\"article:published_time\" content=\"2020-06-15T07:12:30+00:00\" \/>\n<meta name=\"author\" content=\"Ks. Jacek\" \/>\n<meta name=\"twitter:card\" content=\"summary_large_image\" \/>\n<meta name=\"twitter:label1\" content=\"Napisane przez\" \/>\n\t<meta name=\"twitter:data1\" content=\"Ks. Jacek\" \/>\n\t<meta name=\"twitter:label2\" content=\"Szacowany czas czytania\" \/>\n\t<meta name=\"twitter:data2\" content=\"9 minut\" \/>\n<script type=\"application\/ld+json\" class=\"yoast-schema-graph\">{\"@context\":\"https:\/\/schema.org\",\"@graph\":[{\"@type\":\"WebPage\",\"@id\":\"https:\/\/gaudiumetspes-blog.pl\/index.php\/2020\/06\/15\/jedyne-wyjscie-wiernosc-bogu\/\",\"url\":\"https:\/\/gaudiumetspes-blog.pl\/index.php\/2020\/06\/15\/jedyne-wyjscie-wiernosc-bogu\/\",\"name\":\"Jedyne wyj\u015bcie: wierno\u015b\u0107 Bogu! - Gaudium Et Spes\",\"isPartOf\":{\"@id\":\"https:\/\/gaudiumetspes-blog.pl\/#website\"},\"datePublished\":\"2020-06-15T07:12:30+00:00\",\"author\":{\"@id\":\"https:\/\/gaudiumetspes-blog.pl\/#\/schema\/person\/1661982992b752dea8dff0d4ed845a65\"},\"breadcrumb\":{\"@id\":\"https:\/\/gaudiumetspes-blog.pl\/index.php\/2020\/06\/15\/jedyne-wyjscie-wiernosc-bogu\/#breadcrumb\"},\"inLanguage\":\"pl-PL\",\"potentialAction\":[{\"@type\":\"ReadAction\",\"target\":[\"https:\/\/gaudiumetspes-blog.pl\/index.php\/2020\/06\/15\/jedyne-wyjscie-wiernosc-bogu\/\"]}]},{\"@type\":\"BreadcrumbList\",\"@id\":\"https:\/\/gaudiumetspes-blog.pl\/index.php\/2020\/06\/15\/jedyne-wyjscie-wiernosc-bogu\/#breadcrumb\",\"itemListElement\":[{\"@type\":\"ListItem\",\"position\":1,\"name\":\"Strona g\u0142\u00f3wna\",\"item\":\"https:\/\/gaudiumetspes-blog.pl\/\"},{\"@type\":\"ListItem\",\"position\":2,\"name\":\"Jedyne wyj\u015bcie: wierno\u015b\u0107 Bogu!\"}]},{\"@type\":\"WebSite\",\"@id\":\"https:\/\/gaudiumetspes-blog.pl\/#website\",\"url\":\"https:\/\/gaudiumetspes-blog.pl\/\",\"name\":\"Gaudium Et Spes\",\"description\":\"Blog Ks. Jacka Ja\u015bkowskiego\",\"potentialAction\":[{\"@type\":\"SearchAction\",\"target\":{\"@type\":\"EntryPoint\",\"urlTemplate\":\"https:\/\/gaudiumetspes-blog.pl\/?s={search_term_string}\"},\"query-input\":{\"@type\":\"PropertyValueSpecification\",\"valueRequired\":true,\"valueName\":\"search_term_string\"}}],\"inLanguage\":\"pl-PL\"},{\"@type\":\"Person\",\"@id\":\"https:\/\/gaudiumetspes-blog.pl\/#\/schema\/person\/1661982992b752dea8dff0d4ed845a65\",\"name\":\"Ks. Jacek\",\"image\":{\"@type\":\"ImageObject\",\"inLanguage\":\"pl-PL\",\"@id\":\"https:\/\/gaudiumetspes-blog.pl\/#\/schema\/person\/image\/\",\"url\":\"https:\/\/gaudiumetspes-blog.pl\/wp-content\/uploads\/2019\/07\/avatar-JJ-150x150.jpg\",\"contentUrl\":\"https:\/\/gaudiumetspes-blog.pl\/wp-content\/uploads\/2019\/07\/avatar-JJ-150x150.jpg\",\"caption\":\"Ks. Jacek\"},\"description\":\"Witam serdecznie! K\u0142ania si\u0119 Ks. Jacek Ja\u015bkowski. Nie jestem ani kim\u015b wa\u017cnym, ani kim\u015b znanym. Jestem ksi\u0119dzem, kt\u00f3ry po prostu chce rozmawia\u0107. Codzienna kap\u0142a\u0144ska pos\u0142uga pokazuje mi, \u017ce temat\u00f3w do rozm\u00f3w z ksi\u0119dzem jest coraz wi\u0119cej i dzisiaj \u017caden ksi\u0105dz nie mo\u017ce od nich ucieka\u0107, ale - wprost przeciwnie - podejmowa\u0107 nowe wyzwania. To przekonanie sk\u0142oni\u0142o mnie do pr\u00f3by otwarcia tego\u017c bloga, chocia\u017c okazji do rozm\u00f3w na co dzie\u0144 - w konfesjonale i poza nim - na szcz\u0119\u015bcie nie brakuje. My\u015bl\u0119 jednak, \u017ce ten blog b\u0119dzie jeszcze jednym sposobem i przestrzeni\u0105 nawi\u0105zania kontaktu z lud\u017ami dobrej woli, otwartymi na dialog.\",\"url\":\"https:\/\/gaudiumetspes-blog.pl\/index.php\/author\/ks-jacek\/\"}]}<\/script>\n<!-- \/ Yoast SEO plugin. -->","yoast_head_json":{"title":"Jedyne wyj\u015bcie: wierno\u015b\u0107 Bogu! - Gaudium Et Spes","robots":{"index":"index","follow":"follow","max-snippet":"max-snippet:-1","max-image-preview":"max-image-preview:large","max-video-preview":"max-video-preview:-1"},"canonical":"https:\/\/gaudiumetspes-blog.pl\/index.php\/2020\/06\/15\/jedyne-wyjscie-wiernosc-bogu\/","og_locale":"pl_PL","og_type":"article","og_title":"Jedyne wyj\u015bcie: wierno\u015b\u0107 Bogu! - Gaudium Et Spes","og_description":"Szcz\u0119\u015b\u0107 Bo\u017ce! Moi Drodzy, w dniu dzisiejszym rocznic\u0119 \u015bwi\u0119ce\u0144 kap\u0142a\u0144skich prze\u017cywa Ksi\u0105dz Rafa\u0142 Jarosiewicz, pochodz\u0105cy z mojej rodzinnej Parafii i z jednego Grona lektorskiego \u2013 Kap\u0142an chyba dobrze nam wszystkim znany! Dzi\u0119kuj\u0105c Bogu za zapa\u0142 Ksi\u0119dza Rafa\u0142a i Jego niezmordowan\u0105 energi\u0119, \u017cycz\u0119 wszystkich mo\u017cliwych \u015bwiate\u0142 z Nieba do pe\u0142nienia tak pi\u0119knej pos\u0142ugi! I zapewniam o [&hellip;]","og_url":"https:\/\/gaudiumetspes-blog.pl\/index.php\/2020\/06\/15\/jedyne-wyjscie-wiernosc-bogu\/","og_site_name":"Gaudium Et Spes","article_published_time":"2020-06-15T07:12:30+00:00","author":"Ks. Jacek","twitter_card":"summary_large_image","twitter_misc":{"Napisane przez":"Ks. Jacek","Szacowany czas czytania":"9 minut"},"schema":{"@context":"https:\/\/schema.org","@graph":[{"@type":"WebPage","@id":"https:\/\/gaudiumetspes-blog.pl\/index.php\/2020\/06\/15\/jedyne-wyjscie-wiernosc-bogu\/","url":"https:\/\/gaudiumetspes-blog.pl\/index.php\/2020\/06\/15\/jedyne-wyjscie-wiernosc-bogu\/","name":"Jedyne wyj\u015bcie: wierno\u015b\u0107 Bogu! - Gaudium Et Spes","isPartOf":{"@id":"https:\/\/gaudiumetspes-blog.pl\/#website"},"datePublished":"2020-06-15T07:12:30+00:00","author":{"@id":"https:\/\/gaudiumetspes-blog.pl\/#\/schema\/person\/1661982992b752dea8dff0d4ed845a65"},"breadcrumb":{"@id":"https:\/\/gaudiumetspes-blog.pl\/index.php\/2020\/06\/15\/jedyne-wyjscie-wiernosc-bogu\/#breadcrumb"},"inLanguage":"pl-PL","potentialAction":[{"@type":"ReadAction","target":["https:\/\/gaudiumetspes-blog.pl\/index.php\/2020\/06\/15\/jedyne-wyjscie-wiernosc-bogu\/"]}]},{"@type":"BreadcrumbList","@id":"https:\/\/gaudiumetspes-blog.pl\/index.php\/2020\/06\/15\/jedyne-wyjscie-wiernosc-bogu\/#breadcrumb","itemListElement":[{"@type":"ListItem","position":1,"name":"Strona g\u0142\u00f3wna","item":"https:\/\/gaudiumetspes-blog.pl\/"},{"@type":"ListItem","position":2,"name":"Jedyne wyj\u015bcie: wierno\u015b\u0107 Bogu!"}]},{"@type":"WebSite","@id":"https:\/\/gaudiumetspes-blog.pl\/#website","url":"https:\/\/gaudiumetspes-blog.pl\/","name":"Gaudium Et Spes","description":"Blog Ks. Jacka Ja\u015bkowskiego","potentialAction":[{"@type":"SearchAction","target":{"@type":"EntryPoint","urlTemplate":"https:\/\/gaudiumetspes-blog.pl\/?s={search_term_string}"},"query-input":{"@type":"PropertyValueSpecification","valueRequired":true,"valueName":"search_term_string"}}],"inLanguage":"pl-PL"},{"@type":"Person","@id":"https:\/\/gaudiumetspes-blog.pl\/#\/schema\/person\/1661982992b752dea8dff0d4ed845a65","name":"Ks. Jacek","image":{"@type":"ImageObject","inLanguage":"pl-PL","@id":"https:\/\/gaudiumetspes-blog.pl\/#\/schema\/person\/image\/","url":"https:\/\/gaudiumetspes-blog.pl\/wp-content\/uploads\/2019\/07\/avatar-JJ-150x150.jpg","contentUrl":"https:\/\/gaudiumetspes-blog.pl\/wp-content\/uploads\/2019\/07\/avatar-JJ-150x150.jpg","caption":"Ks. Jacek"},"description":"Witam serdecznie! K\u0142ania si\u0119 Ks. Jacek Ja\u015bkowski. Nie jestem ani kim\u015b wa\u017cnym, ani kim\u015b znanym. Jestem ksi\u0119dzem, kt\u00f3ry po prostu chce rozmawia\u0107. Codzienna kap\u0142a\u0144ska pos\u0142uga pokazuje mi, \u017ce temat\u00f3w do rozm\u00f3w z ksi\u0119dzem jest coraz wi\u0119cej i dzisiaj \u017caden ksi\u0105dz nie mo\u017ce od nich ucieka\u0107, ale - wprost przeciwnie - podejmowa\u0107 nowe wyzwania. To przekonanie sk\u0142oni\u0142o mnie do pr\u00f3by otwarcia tego\u017c bloga, chocia\u017c okazji do rozm\u00f3w na co dzie\u0144 - w konfesjonale i poza nim - na szcz\u0119\u015bcie nie brakuje. My\u015bl\u0119 jednak, \u017ce ten blog b\u0119dzie jeszcze jednym sposobem i przestrzeni\u0105 nawi\u0105zania kontaktu z lud\u017ami dobrej woli, otwartymi na dialog.","url":"https:\/\/gaudiumetspes-blog.pl\/index.php\/author\/ks-jacek\/"}]}},"jetpack_featured_media_url":"","jetpack_sharing_enabled":true,"_links":{"self":[{"href":"https:\/\/gaudiumetspes-blog.pl\/index.php\/wp-json\/wp\/v2\/posts\/17204","targetHints":{"allow":["GET"]}}],"collection":[{"href":"https:\/\/gaudiumetspes-blog.pl\/index.php\/wp-json\/wp\/v2\/posts"}],"about":[{"href":"https:\/\/gaudiumetspes-blog.pl\/index.php\/wp-json\/wp\/v2\/types\/post"}],"author":[{"embeddable":true,"href":"https:\/\/gaudiumetspes-blog.pl\/index.php\/wp-json\/wp\/v2\/users\/1"}],"replies":[{"embeddable":true,"href":"https:\/\/gaudiumetspes-blog.pl\/index.php\/wp-json\/wp\/v2\/comments?post=17204"}],"version-history":[{"count":1,"href":"https:\/\/gaudiumetspes-blog.pl\/index.php\/wp-json\/wp\/v2\/posts\/17204\/revisions"}],"predecessor-version":[{"id":17205,"href":"https:\/\/gaudiumetspes-blog.pl\/index.php\/wp-json\/wp\/v2\/posts\/17204\/revisions\/17205"}],"wp:attachment":[{"href":"https:\/\/gaudiumetspes-blog.pl\/index.php\/wp-json\/wp\/v2\/media?parent=17204"}],"wp:term":[{"taxonomy":"category","embeddable":true,"href":"https:\/\/gaudiumetspes-blog.pl\/index.php\/wp-json\/wp\/v2\/categories?post=17204"},{"taxonomy":"post_tag","embeddable":true,"href":"https:\/\/gaudiumetspes-blog.pl\/index.php\/wp-json\/wp\/v2\/tags?post=17204"}],"curies":[{"name":"wp","href":"https:\/\/api.w.org\/{rel}","templated":true}]}}