{"id":17206,"date":"2020-06-16T07:26:32","date_gmt":"2020-06-16T05:26:32","guid":{"rendered":"https:\/\/gaudiumetspes-blog.pl\/?p=17206"},"modified":"2020-06-16T07:26:32","modified_gmt":"2020-06-16T05:26:32","slug":"doskonali-jak-doskonaly-jest-ojciec","status":"publish","type":"post","link":"https:\/\/gaudiumetspes-blog.pl\/index.php\/2020\/06\/16\/doskonali-jak-doskonaly-jest-ojciec\/","title":{"rendered":"Doskonali &#8211; jak doskona\u0142y jest Ojciec!"},"content":{"rendered":"<p class=\"western\" align=\"justify\"><span style=\"font-family: Book Antiqua, serif;\"><span style=\"font-size: large;\">Szcz\u0119\u015b\u0107 Bo\u017ce! Moi Drodzy, w dniu dzisiejszym <b>rocznic\u0119 <\/b><b>\u015b<\/b><b>wi\u0119ce\u0144 kap\u0142a\u0144skich prze\u017cywa Ksi\u0105dz <\/b><b>Pra\u0142at Mieczys\u0142aw Lipniacki, m\u00f3j \u201erodzony\u201d Proboszcz. tak okre\u015blam Ksi\u0119dza Pra\u0142ata, bo by\u0142 moim Proboszczem od powstania naszej Parafii i mojej Pierwszej Komunii \u015awi\u0119tej \u2013 a\u017c do kap\u0142a\u0144skiej Prymicji i jeszcze dalej. Obecnie jest na emeryturze, mieszka przy Parafii, kt\u00f3r\u0105 tworzy\u0142, ci\u0105gle wspieraj\u0105c obecnych Duszpasterzy pos\u0142ug\u0105 przy o\u0142tarzu i w konfesjonale. Mo\u017cna pogratulowa\u0107 Jubilatowi naprawd\u0119 dobrej kondycji fizycznej \u2013 bo co do tej duchowej nigdy nie by\u0142o w\u0105tpliwo\u015bci. \u017bycz\u0119 nieustannego zapa\u0142u i mocy z Nieba!<\/b><\/span><\/span><\/p>\n<p class=\"western\" align=\"justify\"><span style=\"font-family: Book Antiqua, serif;\"><span style=\"font-size: large;\"><b>Rocznic\u0119 \u015bwi\u0119ce\u0144 kap\u0142a\u0144skich prze\u017cywa tak\u017ce Ksi\u0105dz Piotr Jarosiewicz, pochodz\u0105cy z naszej rodzinnej Parafii, pos\u0142uguj\u0105cy obecnie w Diecezji drohiczy\u0144skiej, Brat Ksi\u0119dza Rafa\u0142a.<\/b><\/span><\/span><\/p>\n<p class=\"western\" align=\"justify\"><span style=\"font-family: Book Antiqua, serif;\"><span style=\"font-size: large;\"><b>Imieniny natomiast prze\u017cywa Aneta Jab\u0142o\u0144ska, kt\u00f3ra jeszcze jako Aneta Majewska by\u0142a Szefow\u0105 KSM w Parafii mojego pierwszego wikariatu.<\/b><\/span><\/span><\/p>\n<p class=\"western\" align=\"justify\"><span style=\"font-family: Book Antiqua, serif;\"><span style=\"font-size: large;\"><b>Urodziny z kolei prze\u017cywa Ksi\u0105dz Wojciech Cholewa, m\u00f3j Kolega kursowy, Proboszcz Parafii Kolano, w naszej Diecezji.<\/b><\/span><\/span><\/p>\n<p class=\"western\" align=\"justify\"><span style=\"font-family: Book Antiqua, serif;\"><span style=\"font-size: large;\"><b>I wreszcie, rocznic\u0119 zawarcia sakramentalnego Ma\u0142\u017ce\u0144stwa prze\u017cywaj\u0105 Justyna i Albert Dudzikowie. Albert \u2013 za moich czas\u00f3w \u2013 by\u0142 Lektorem w Parafii w \u017belechowie. <\/b><\/span><\/span><\/p>\n<p class=\"western\" align=\"justify\"><span style=\"font-family: Book Antiqua, serif;\"><span style=\"font-size: large;\"><b>Wszystkim \u015bwi\u0119tuj\u0105cym \u017cycz\u0119, <\/b><b>aby zawsze i we wszystkim, ufali Bogu, daj\u0105c si\u0119 Mu we wszystkim poprowadzi\u0107 \u2013 o czym wi\u0119cej w rozwa\u017caniu. Zapewniam o modlitwie!<\/b><\/span><\/span><\/p>\n<p class=\"western\" align=\"justify\"><span style=\"font-family: Book Antiqua, serif;\"><span style=\"font-size: large;\">Moi Drodzy, w dniu dzisiejszym, w Ko\u015bciele Przemienienia Pa\u0144skiego w \u0141ukowie, sprawowana b\u0119dzie Msza \u015awi\u0119ta pogrzebowa \u015b.p. Kazimierza Ma\u0142ki\u0144skiego, Ojca Ksi\u0119dza Tomasza, mojego Kolegi z Duszpasterstwa akademickiego. Poprzedzi j\u0105 modlitwa r\u00f3\u017ca\u0144cowa, kt\u00f3r\u0105 poprowadz\u0119 wraz z M\u0142odzie\u017c\u0105 z naszego Duszpasterstwa. Polecam \u015b.p. Kazimierza Waszej modlitwie!<\/span><\/span><\/p>\n<p class=\"western\" align=\"justify\"><span style=\"font-family: Book Antiqua, serif;\"><span style=\"font-size: large;\">Po Mszy wieczorowej za\u015b, w naszym O\u015brodku \u2013 spotkanie ze Studentami, w ramach kr\u0119gu biblijnego. Zapewne \u2013 ostatnie w tym roku akademickim. Om\u00f3wimy \u2013 mi\u0119dzy innymi \u2013 plany wakacyjne. Ciesz\u0119 si\u0119 z tej niewielkiej, ale bardzo zgranej i duchowo mocnej Ekipy. <\/span><\/span><\/p>\n<p class=\"western\" align=\"justify\"><span style=\"font-family: Book Antiqua, serif;\"><span style=\"font-size: large;\">I jeszcze jedna, bardzo wa\u017cna sprawa: wspieramy modlitw\u0105 naszych drogich \u00d3smoklasist\u00f3w, kt\u00f3rzy dzisiaj rozpoczynaj\u0105 egzaminy. Dzisiaj z j\u0119zyka polskiego. A potem jeszcze jutro i pojutrze b\u0119d\u0105 si\u0119 zmaga\u0107. Niekt\u00f3rzy nazywaj\u0105 to ma\u0142\u0105 matur\u0105, bo procedury \u2013 przynajmniej niekt\u00f3re \u2013 s\u0105 bardzo podobne. Niech Ich Duch \u015awi\u0119ty o\u015bwieci i pozwoli swobodnie korzysta\u0107 z tego, czego si\u0119 w szkole nauczyli.<\/span><\/span><\/p>\n<p class=\"western\" align=\"justify\"><span style=\"font-family: Book Antiqua, serif;\"><span style=\"font-size: large;\">Wam wszystkim, moi Drodzy, \u017cycz\u0119 dobrego dnia!<\/span><\/span><\/p>\n<p class=\"western\" align=\"justify\"><span style=\"font-family: Book Antiqua, serif;\"><span style=\"font-size: large;\"><b>Niech Was b\u0142ogos\u0142awi B\u00f3g Wszechmog\u0105cy: Ojciec + i Syn, i Duch \u015awi\u0119ty. Amen<\/b><\/span><\/span><\/p>\n<p class=\"western\" align=\"center\"><span style=\"font-family: Book Antiqua, serif;\"><span style=\"font-size: large;\">Gaudium et spes! Ks. Jacek<\/span><\/span><\/p>\n<p align=\"center\">\n<p align=\"center\">\n<p align=\"center\">\n<p align=\"center\">\n<p align=\"center\">\n<p class=\"western\" align=\"justify\"><span style=\"font-family: Book Antiqua, serif;\"><span style=\"font-size: large;\"><b>Wtorek 11 Tygodnia zwyk\u0142ego, rok II,<\/b><\/span><\/span><\/p>\n<p class=\"western\" align=\"justify\"><span style=\"font-family: Book Antiqua, serif;\"><span style=\"font-size: large;\"><b>16 czerwca 2020.,<\/b><\/span><\/span><\/p>\n<p class=\"western\" align=\"justify\"><span style=\"font-family: Book Antiqua, serif;\"><span style=\"font-size: large;\"><b>do czyta\u0144: 2 Krn 18,25\u201331a.33\u201334; Mt 5,43\u201348<\/b><\/span><\/span><\/p>\n<p align=\"justify\">\n<p align=\"justify\">\n<p align=\"justify\">\n<p align=\"justify\">\n<p align=\"justify\">\n<p class=\"western\" align=\"justify\"><span style=\"font-family: Book Antiqua, serif;\"><span style=\"font-size: large;\"><b>CZYTANIE Z DRUGIEJ KSI\u0118GI KRONIK:<\/b><\/span><\/span><\/p>\n<p class=\"western\" align=\"justify\"><span style=\"font-family: Book Antiqua, serif;\"><span style=\"font-size: large;\"><b>Kr\u00f3l izraelski Achab rozkaza\u0142: \u201eWe\u017acie Micheasza i zaprowad\u017acie go z powrotem do Amona, dow\u00f3dcy miasta, i do syna kr\u00f3lewskiego, Joasza, i powiedzcie: \u00abTak rzek\u0142 kr\u00f3l: Wtr\u0105\u0107cie go do wi\u0119zienia i \u017cywcie chlebem i wod\u0105 jak najsk\u0105piej, a\u017c do mego powrotu w pokoju\u00bb\u201d. Na to Micheasz powiedzia\u0142: \u201eGdyby\u015b mia\u0142 powr\u00f3ci\u0107 w pokoju, to znaczy\u0142oby, \u017ce Pan nie m\u00f3wi\u0142 przeze mnie\u201d.<\/b><\/span><\/span><\/p>\n<p class=\"western\" align=\"justify\"><span style=\"font-family: Book Antiqua, serif;\"><span style=\"font-size: large;\"><b>Jednak kr\u00f3l izraelski i Jozafat, kr\u00f3l judzki, wyruszyli na Ramot w Gileadzie. Tam kr\u00f3l izraelski powiedzia\u0142 Jozafatowi: \u201eZanim p\u00f3jd\u0119 w b\u00f3j, przebior\u0119 si\u0119. Ty za\u015b wdziej swoje szaty\u201d. Nast\u0119pnie kr\u00f3l izraelski przebra\u0142 si\u0119 i dopiero wtedy przyst\u0105pili do walki. A kr\u00f3l syryjski dow\u00f3dcom swoich rydwan\u00f3w wyda\u0142 taki rozkaz: \u201eNie walczcie ani z ma\u0142ym, ani z wielkim, lecz tylko z samym kr\u00f3lem izraelskim\u201d. Tote\u017c kiedy dow\u00f3dcy rydwan\u00f3w zobaczyli Jozafata, powiedzieli: \u201eTen jest kr\u00f3lem izraelskim\u201d. Wtedy otoczyli go, aby z nim walczy\u0107.<\/b><\/span><\/span><\/p>\n<p class=\"western\" align=\"justify\"><span style=\"font-family: Book Antiqua, serif;\"><span style=\"font-size: large;\"><b>A pewien cz\u0142owiek naci\u0105gn\u0105\u0142 \u0142uk i przypadkiem ugodzi\u0142 kr\u00f3la izraelskiego mi\u0119dzy spojenia pancerza. Powiedzia\u0142 wi\u0119c kr\u00f3l wo\u017anicy: \u201eZawr\u00f3\u0107 i ratuj mnie z tej walki, bo zosta\u0142em zraniony\u201d. Tego dnia rozgorza\u0142a walka, a kr\u00f3l izraelski utrzymywa\u0142 si\u0119 stoj\u0105c na rydwanie naprzeciw Syryjczyk\u00f3w a\u017c do wieczora, a zmar\u0142 o zachodzie s\u0142o\u0144ca.<\/b><\/span><\/span><\/p>\n<p align=\"justify\">\n<p align=\"justify\">\n<p align=\"justify\">\n<p align=\"justify\">\n<p align=\"justify\">\n<p class=\"western\" align=\"justify\"><span style=\"font-size: large;\"><span style=\"font-family: Book Antiqua, serif;\"><b>S\u0141OWA EWANGELII WED\u0141UG \u015aW<\/b><\/span><span style=\"font-family: Book Antiqua, serif;\"><b>I\u0118TEGO<\/b><\/span><span style=\"font-family: Book Antiqua, serif;\"><b> MATEUSZA:<\/b><\/span><\/span><\/p>\n<p class=\"western\" align=\"justify\"><span style=\"font-family: Book Antiqua, serif;\"><span style=\"font-size: large;\"><b>Jezus powiedzia\u0142 do swoich uczni\u00f3w: \u201eS\u0142yszeli\u015bcie, \u017ce powiedziano: \u00abB\u0119dziesz mi\u0142owa\u0142 swego bli\u017aniego\u00bb, a nieprzyjaciela swego b\u0119dziesz nienawidzi\u0142. A Ja wam powiadam: Mi\u0142ujcie waszych nieprzyjaci\u00f3\u0142 i m\u00f3dlcie si\u0119 za tych, kt\u00f3rzy was prze\u015bladuj\u0105; tak b\u0119dziecie synami Ojca waszego, kt\u00f3ry jest w niebie; poniewa\u017c On sprawia, \u017ce s\u0142o\u0144ce Jego wschodzi nad z\u0142ymi i nad dobrymi, i On zsy\u0142a deszcz na sprawiedliwych i niesprawiedliwych.<\/b><\/span><\/span><\/p>\n<p class=\"western\" align=\"justify\"><span style=\"font-family: Book Antiqua, serif;\"><span style=\"font-size: large;\"><b>Je\u015bli bowiem mi\u0142ujecie tych, kt\u00f3rzy was mi\u0142uj\u0105, c\u00f3\u017c za nagrod\u0119 mie\u0107 b\u0119dziecie? Czy\u017c i celnicy tego nie czyni\u0105? I je\u015bli pozdrawiacie tylko swych braci, c\u00f3\u017c szczeg\u00f3lnego czynicie? Czy\u017c i poganie tego nie czyni\u0105? B\u0105d\u017acie wi\u0119c wy doskonali, jak doskona\u0142y jest Ojciec wasz niebieski\u201d.<\/b><\/span><\/span><\/p>\n<p align=\"justify\">\n<p align=\"justify\">\n<p align=\"justify\">\n<p align=\"justify\">\n<p align=\"justify\">\n<p class=\"western\" align=\"justify\"><span style=\"font-family: Book Antiqua, serif;\"><span style=\"font-size: large;\">Micheasz zosta\u0142 <b>uwi\u0119ziony, <\/b>kr\u00f3lowie za\u015b \u2013 wyruszyli na wypraw\u0119, kt\u00f3r\u0105 tak skrz\u0119tnie zaplanowali. Micheasza <b>uciszono<\/b><b>,<\/b> zatem ostatnia przeszkoda na drodze do pe\u0142nego sukcesu zosta\u0142a usuni\u0119ta. Teraz ju\u017c nie pozosta\u0142o <b>nic innego, jak rusza\u0107 i zwyci\u0119\u017ca\u0107. <\/b><\/span><\/span><\/p>\n<p class=\"western\" align=\"justify\"><span style=\"font-family: Book Antiqua, serif;\"><span style=\"font-size: large;\">Tak by nale\u017ca\u0142o my\u015ble\u0107, zwa\u017cywszy chocia\u017cby na s\u0142owa kr\u00f3la izraelskiego: <i><b>We\u017acie Micheasza i zaprowad\u017acie go <\/b><\/i><i><b>z<\/b><\/i><i><b> powrotem do Amona, dow\u00f3dcy miasta, i do syna kr\u00f3lewskiego, Joasza, i powiedzcie: \u00abTak rzek\u0142 kr\u00f3l: Wtr\u0105\u0107cie go do wi\u0119zienia i \u017cywcie chlebem i wod\u0105 jak najsk\u0105piej, a\u017c do mego powrotu w pokoju\u00bb.<\/b><\/i><i> <\/i><\/span><\/span><\/p>\n<p class=\"western\" align=\"justify\"><span style=\"font-family: Book Antiqua, serif;\"><span style=\"font-size: large;\">W tym wszystkim jednak zastanawiaj\u0105ce jest, \u017ce dostrzegamy jaki\u015b <b>dziwny<\/b> <b>niepok\u00f3j <\/b>w zachowaniu kr\u00f3la \u2013 <b>i ca\u0142kowity spok\u00f3j<\/b> w s\u0142owach i zachowaniu Proroka, kt\u00f3ry na powy\u017cszy wyrok, skazuj\u0105cy go na wi\u0119zienie, odpowiedzia\u0142 kr\u00f3tko: <i><b>Gdyby\u015b mia\u0142 powr\u00f3ci\u0107 w pokoju, to znaczy\u0142oby, \u017ce Pan nie m\u00f3wi\u0142 przeze mnie.<\/b><\/i><b> <\/b>Przy czym, wcale nie wyczuwamy, jakoby mia\u0142 w\u0105tpliwo\u015bci co do tego, czy m\u00f3wi\u0142 przez niego B\u00f3g, czy nie. On dobrze wiedzia\u0142, \u017ce tak w\u0142a\u015bnie by\u0142o: <b>to B\u00f3g przez niego ostrzeg\u0142 obu kr\u00f3l\u00f3w,<\/b> aby na wypraw\u0119 nie wyruszali. <\/span><\/span><\/p>\n<p class=\"western\" align=\"justify\"><span style=\"font-family: Book Antiqua, serif;\"><span style=\"font-size: large;\">Prorok nie mia\u0142 w\u0105tpliwo\u015bci co do przes\u0142ania, kt\u00f3re przekaza\u0142. S\u0142yszeli\u015bmy wczoraj, \u017ce wyra\u017anie zadeklarowa\u0142, i\u017c <b>nie b\u0119dzie m\u00f3wi\u0142 <\/b>tego, czego od niego oczekiwali kr\u00f3lowie, ale dok\u0142adnie to, <b>co ka\u017ce mu powiedzie\u0107 B\u00f3g! <\/b>I tak uczyni\u0142, chocia\u017c nie wzbudzi\u0142o to uznania ze strony kr\u00f3l\u00f3w, szczeg\u00f3lnie kr\u00f3la izraelskiego. Jednak Micheasz w og\u00f3le na to nie zwa\u017ca\u0142 \u2013 <b>by\u0142 pewny tego, co ma powiedzie\u0107,<\/b> bez wzgl\u0119du na konsekwencje. <\/span><\/span><\/p>\n<p class=\"western\" align=\"justify\"><span style=\"font-family: Book Antiqua, serif;\"><span style=\"font-size: large;\">I tak\u017ce w obliczu uwi\u0119zienia nie zmieni\u0142 zdania ani przekonania: z ca\u0142ym spokojem zareagowa\u0142 na decyzj\u0119 kr\u00f3la, wiedz\u0105c, \u017ce <b>nie czeka go d\u0142ugi post o chlebie i wodzie<\/b> \u2013 i nie dlatego, \u017ce kr\u00f3l powr\u00f3ci w pokoju, jako zwyci\u0119zca, ale dok\u0142adnie odwrotnie: <b>\u017ce poniesie sromotn\u0105 kl\u0119sk\u0119.<\/b> Zreszt\u0105, sam kr\u00f3l izraelski chyba to te\u017c przeczuwa\u0142, skoro uwi\u0119zi\u0142 Proroka, usuwaj\u0105c go jakby z drogi do planowanego sukcesu, a ju\u017c na samym polu bitwy postanowi\u0142 walczy\u0107 w przebraniu! <b>Dlaczego, skro by\u0142 taki pewny zwyci\u0119stwa? <\/b><\/span><\/span><\/p>\n<p class=\"western\" align=\"justify\"><span style=\"font-family: Book Antiqua, serif;\"><span style=\"font-size: large;\">Szybko si\u0119 mia\u0142 przekona\u0107, \u017ce s\u0142owo Boga, wypowiedziane przez Proroka, wype\u0142ni si\u0119 co do joty: <b>zgin\u0105\u0142, ugodzony przypadkow\u0105 strza\u0142\u0105. <\/b>Oczywi\u015bcie, my wiemy, \u017ce przypadki wyst\u0119puj\u0105 tylko w gramatyce \u2013 w \u017cyciu nie ma przypadk\u00f3w, jest natomiast <b>dzia\u0142anie Bo\u017cej Opatrzno\u015bci,<\/b> kt\u00f3ra wszystkim kieruje, pozwalaj\u0105c jednocze\u015bnie cz\u0142owiekowi do\u015bwiadczy\u0107 skutk\u00f3w swoich w\u0142asnych decyzji i wybor\u00f3w. <\/span><\/span><\/p>\n<p class=\"western\" align=\"justify\"><span style=\"font-family: Book Antiqua, serif;\"><span style=\"font-size: large;\">Ca\u0142a wyprawa, o kt\u00f3rej m\u00f3wimy, wyra\u017anie <b>sprzeciwia\u0142a si\u0119 woli Bo\u017cej,<\/b> dlatego kr\u00f3lowie i ich \u017co\u0142nierze nie mogli liczy\u0107 na Bo\u017ce b\u0142ogos\u0142awie\u0144stwo i opiek\u0119. A wtedy to ju\u017c wystarczy <b>jedna, nawet niejako przypadkowa strza\u0142a,<\/b> aby unicestwi\u0107 ludzkie plany, podszyte pych\u0105 i arogancj\u0105! Bo tak w\u0142a\u015bnie ko\u0144cz\u0105 ludzie, uwa\u017caj\u0105cy si\u0119 <b>za m\u0105drzejszych od samego Pana Boga! <\/b><\/span><\/span><\/p>\n<p class=\"western\" align=\"justify\"><span style=\"font-family: Book Antiqua, serif;\"><span style=\"font-size: large;\">Ludzie tacy \u2013 cho\u0107by byli nawet kr\u00f3lami i mieli wielk\u0105 ziemsk\u0105 w\u0142adz\u0119, i wielk\u0105 si\u0142\u0105 zbrojn\u0105 dysponowali, i wielkim bogactwem mogli si\u0119 poszczyci\u0107 \u2013 z pewno\u015bci\u0105 <b>nie maj\u0105 w sobie wewn\u0119trznego pokoju<\/b> i w ostatecznym rozrachunku przegrywaj\u0105. <\/span><\/span><\/p>\n<p class=\"western\" align=\"justify\"><span style=\"font-family: Book Antiqua, serif;\"><span style=\"font-size: large;\">Z kolei ludzie, kt\u00f3rzy<b> ufaj\u0105 Bogu, <\/b>na Niego si\u0119 zdaj\u0105, Jego wol\u0119 w \u017cyciu wype\u0142niaj\u0105, daj\u0105 Mu pierwsze miejsce w swojej osobistej hierarchii warto\u015bci i wa\u017cno\u015bci \u2013 nawet, je\u015bli w zewn\u0119trznym odbiorze s\u0105 przegranymi, bo chocia\u017cby zostaj\u0105 uwi\u0119zieni, to jednak <b>pozostaj\u0105 lud\u017ami wewn\u0119trznie wolnymi,<\/b> ich serca za\u015b przepe\u0142nia pok\u00f3j. <\/span><\/span><\/p>\n<p class=\"western\" align=\"justify\"><span style=\"font-family: Book Antiqua, serif;\"><span style=\"font-size: large;\">Taki pok\u00f3j przepe\u0142nia\u0142 Micheasza, natomiast dwaj wielcy \u2013 w zewn\u0119trznym odbiorze i swoim w\u0142asnym mniemaniu \u2013 k<b>r\u00f3lowie ostatecznie przegrali:<\/b> kr\u00f3l izraelski zgin\u0105\u0142, a kr\u00f3l judzki wr\u00f3ci\u0142 w nies\u0142awie, totalnie skompromitowany! <\/span><\/span><\/p>\n<p class=\"western\" align=\"justify\"><span style=\"font-family: Book Antiqua, serif;\"><span style=\"font-size: large;\">Dlatego w\u0142a\u015bnie Jezus zach\u0119ca nas w Ewangelii, aby\u015bmy b<b>ezgranicznie zdali si\u0119 na Boga<\/b> w swoim \u017cyciu, czego konkretnym wyrazem ma by\u0107 mi\u0142o\u015b\u0107, okazywana wszystkim ludziom, nawet nieprzyjacio\u0142om. W ten spos\u00f3b wpiszemy swoj\u0105 postaw\u0119 i dzia\u0142anie w plany Boga, kt\u00f3ry nigdy nikogo z g\u00f3ry nie odrzuca i nie przekre\u015bla. Wida\u0107 to chocia\u017cby po tym, i\u017c <i><b>sprawia, \u017ce s\u0142o\u0144ce Jego wschodzi nad z\u0142ymi i nad dobrymi, i On zsy\u0142a deszcz na sprawiedliwych i niesprawiedliwych.<\/b><\/i> <\/span><\/span><\/p>\n<p class=\"western\" align=\"justify\"><span style=\"font-family: Book Antiqua, serif;\"><span style=\"font-size: large;\">W\u0142a\u015bnie, to nie On sprawia, \u017ce jedni s\u0105 sprawiedliwi, a drudzy nie. On okazuje swoj\u0105 <b>mi\u0142o\u015b<\/b><b>\u0107<\/b><b> i trosk\u0119 jednym i drugim. <\/b>To ludzie przyjmuj\u0105 r\u00f3\u017cne postawy i na ko\u0144cu b\u0119d\u0105 musieli zda\u0107 z nich Bogu rachunek. St\u0105d te\u017c, z naszej strony zawsze powinien by\u0107 <b>spok\u00f3j i <\/b><b>totalne zaufanie do Boga.<\/b> I dobre nastawienie do wszystkich. <\/span><\/span><\/p>\n<p class=\"western\" align=\"justify\"><span style=\"font-family: Book Antiqua, serif;\"><span style=\"font-size: large;\">Naprawd\u0119, nic na tym nie stracimy, a bardzo du\u017co zyskamy. B\u00f3g za\u015b sam we\u017amie sprawy w swoje r\u0119ce i tak poprowadzi, aby by\u0142o <b>jak najlepiej i jak najsprawiedliwiej.<\/b> My nie musimy si\u0119 o to martwi\u0107 \u2013 to nie do nas nale\u017cy s\u0105d nad \u015bwiatem i nad lud\u017ami. Nale\u017cy tylko do Boga. <\/span><\/span><\/p>\n<p class=\"western\" align=\"justify\"><span style=\"font-family: Book Antiqua, serif;\"><span style=\"font-size: large;\">Do nas nale\u017cy\u2026 <b>kocha\u0107 ludzi, mie\u0107 dobre nastawienie do nich.<\/b> I da\u0107 si\u0119 Bogu we wszystkim poprowadzi\u0107. Naprawd\u0119, <b>najlepiej \u2013 i najdalej <\/b>\u2013 w ten spos\u00f3b dojdziemy\u2026 <\/span><\/span><\/p>\n<p class=\"western\" align=\"justify\"><span style=\"font-family: Book Antiqua, serif;\"><span style=\"font-size: large;\">Czy tak w\u0142a\u015bnie podchodz\u0119 do \u017cycia \u2013 do Boga i do innych ludzi?\u2026 Czy nie uwa\u017cam si\u0119 czasami za m\u0105drzejszego od samego Pana Boga? Czy daj\u0119 si\u0119 Mu <b>we wszystkim poprowadzi\u0107 \u2013 bez \u017cadnych zastrze\u017ce\u0144?\u2026<\/b><\/span><\/span><\/p>\n","protected":false},"excerpt":{"rendered":"<p>Szcz\u0119\u015b\u0107 Bo\u017ce! Moi Drodzy, w dniu dzisiejszym rocznic\u0119 \u015bwi\u0119ce\u0144 kap\u0142a\u0144skich prze\u017cywa Ksi\u0105dz Pra\u0142at Mieczys\u0142aw Lipniacki, m\u00f3j \u201erodzony\u201d Proboszcz. tak okre\u015blam Ksi\u0119dza Pra\u0142ata, bo by\u0142 moim Proboszczem od powstania naszej Parafii i mojej Pierwszej Komunii \u015awi\u0119tej \u2013 a\u017c do kap\u0142a\u0144skiej Prymicji i jeszcze dalej. Obecnie jest na emeryturze, mieszka przy Parafii, kt\u00f3r\u0105 tworzy\u0142, ci\u0105gle wspieraj\u0105c obecnych [&hellip;]<\/p>\n","protected":false},"author":1,"featured_media":0,"comment_status":"open","ping_status":"open","sticky":false,"template":"","format":"standard","meta":{"jetpack_post_was_ever_published":false,"_jetpack_newsletter_access":"","_jetpack_dont_email_post_to_subs":false,"_jetpack_newsletter_tier_id":0,"_jetpack_memberships_contains_paywalled_content":false,"_jetpack_memberships_contains_paid_content":false,"footnotes":""},"categories":[1],"tags":[],"class_list":["post-17206","post","type-post","status-publish","format-standard","hentry","category-bez-kategorii"],"yoast_head":"<!-- This site is optimized with the Yoast SEO plugin v25.1 - https:\/\/yoast.com\/wordpress\/plugins\/seo\/ -->\n<title>Doskonali - jak doskona\u0142y jest Ojciec! - Gaudium Et Spes<\/title>\n<meta name=\"robots\" content=\"index, follow, max-snippet:-1, max-image-preview:large, max-video-preview:-1\" \/>\n<link rel=\"canonical\" href=\"https:\/\/gaudiumetspes-blog.pl\/index.php\/2020\/06\/16\/doskonali-jak-doskonaly-jest-ojciec\/\" \/>\n<meta property=\"og:locale\" content=\"pl_PL\" \/>\n<meta property=\"og:type\" content=\"article\" \/>\n<meta property=\"og:title\" content=\"Doskonali - jak doskona\u0142y jest Ojciec! - Gaudium Et Spes\" \/>\n<meta property=\"og:description\" content=\"Szcz\u0119\u015b\u0107 Bo\u017ce! Moi Drodzy, w dniu dzisiejszym rocznic\u0119 \u015bwi\u0119ce\u0144 kap\u0142a\u0144skich prze\u017cywa Ksi\u0105dz Pra\u0142at Mieczys\u0142aw Lipniacki, m\u00f3j \u201erodzony\u201d Proboszcz. tak okre\u015blam Ksi\u0119dza Pra\u0142ata, bo by\u0142 moim Proboszczem od powstania naszej Parafii i mojej Pierwszej Komunii \u015awi\u0119tej \u2013 a\u017c do kap\u0142a\u0144skiej Prymicji i jeszcze dalej. Obecnie jest na emeryturze, mieszka przy Parafii, kt\u00f3r\u0105 tworzy\u0142, ci\u0105gle wspieraj\u0105c obecnych [&hellip;]\" \/>\n<meta property=\"og:url\" content=\"https:\/\/gaudiumetspes-blog.pl\/index.php\/2020\/06\/16\/doskonali-jak-doskonaly-jest-ojciec\/\" \/>\n<meta property=\"og:site_name\" content=\"Gaudium Et Spes\" \/>\n<meta property=\"article:published_time\" content=\"2020-06-16T05:26:32+00:00\" \/>\n<meta name=\"author\" content=\"Ks. Jacek\" \/>\n<meta name=\"twitter:card\" content=\"summary_large_image\" \/>\n<meta name=\"twitter:label1\" content=\"Napisane przez\" \/>\n\t<meta name=\"twitter:data1\" content=\"Ks. Jacek\" \/>\n\t<meta name=\"twitter:label2\" content=\"Szacowany czas czytania\" \/>\n\t<meta name=\"twitter:data2\" content=\"9 minut\" \/>\n<script type=\"application\/ld+json\" class=\"yoast-schema-graph\">{\"@context\":\"https:\/\/schema.org\",\"@graph\":[{\"@type\":\"WebPage\",\"@id\":\"https:\/\/gaudiumetspes-blog.pl\/index.php\/2020\/06\/16\/doskonali-jak-doskonaly-jest-ojciec\/\",\"url\":\"https:\/\/gaudiumetspes-blog.pl\/index.php\/2020\/06\/16\/doskonali-jak-doskonaly-jest-ojciec\/\",\"name\":\"Doskonali - jak doskona\u0142y jest Ojciec! - Gaudium Et Spes\",\"isPartOf\":{\"@id\":\"https:\/\/gaudiumetspes-blog.pl\/#website\"},\"datePublished\":\"2020-06-16T05:26:32+00:00\",\"author\":{\"@id\":\"https:\/\/gaudiumetspes-blog.pl\/#\/schema\/person\/1661982992b752dea8dff0d4ed845a65\"},\"breadcrumb\":{\"@id\":\"https:\/\/gaudiumetspes-blog.pl\/index.php\/2020\/06\/16\/doskonali-jak-doskonaly-jest-ojciec\/#breadcrumb\"},\"inLanguage\":\"pl-PL\",\"potentialAction\":[{\"@type\":\"ReadAction\",\"target\":[\"https:\/\/gaudiumetspes-blog.pl\/index.php\/2020\/06\/16\/doskonali-jak-doskonaly-jest-ojciec\/\"]}]},{\"@type\":\"BreadcrumbList\",\"@id\":\"https:\/\/gaudiumetspes-blog.pl\/index.php\/2020\/06\/16\/doskonali-jak-doskonaly-jest-ojciec\/#breadcrumb\",\"itemListElement\":[{\"@type\":\"ListItem\",\"position\":1,\"name\":\"Strona g\u0142\u00f3wna\",\"item\":\"https:\/\/gaudiumetspes-blog.pl\/\"},{\"@type\":\"ListItem\",\"position\":2,\"name\":\"Doskonali &#8211; jak doskona\u0142y jest Ojciec!\"}]},{\"@type\":\"WebSite\",\"@id\":\"https:\/\/gaudiumetspes-blog.pl\/#website\",\"url\":\"https:\/\/gaudiumetspes-blog.pl\/\",\"name\":\"Gaudium Et Spes\",\"description\":\"Blog Ks. Jacka Ja\u015bkowskiego\",\"potentialAction\":[{\"@type\":\"SearchAction\",\"target\":{\"@type\":\"EntryPoint\",\"urlTemplate\":\"https:\/\/gaudiumetspes-blog.pl\/?s={search_term_string}\"},\"query-input\":{\"@type\":\"PropertyValueSpecification\",\"valueRequired\":true,\"valueName\":\"search_term_string\"}}],\"inLanguage\":\"pl-PL\"},{\"@type\":\"Person\",\"@id\":\"https:\/\/gaudiumetspes-blog.pl\/#\/schema\/person\/1661982992b752dea8dff0d4ed845a65\",\"name\":\"Ks. Jacek\",\"image\":{\"@type\":\"ImageObject\",\"inLanguage\":\"pl-PL\",\"@id\":\"https:\/\/gaudiumetspes-blog.pl\/#\/schema\/person\/image\/\",\"url\":\"https:\/\/gaudiumetspes-blog.pl\/wp-content\/uploads\/2019\/07\/avatar-JJ-150x150.jpg\",\"contentUrl\":\"https:\/\/gaudiumetspes-blog.pl\/wp-content\/uploads\/2019\/07\/avatar-JJ-150x150.jpg\",\"caption\":\"Ks. Jacek\"},\"description\":\"Witam serdecznie! K\u0142ania si\u0119 Ks. Jacek Ja\u015bkowski. Nie jestem ani kim\u015b wa\u017cnym, ani kim\u015b znanym. Jestem ksi\u0119dzem, kt\u00f3ry po prostu chce rozmawia\u0107. Codzienna kap\u0142a\u0144ska pos\u0142uga pokazuje mi, \u017ce temat\u00f3w do rozm\u00f3w z ksi\u0119dzem jest coraz wi\u0119cej i dzisiaj \u017caden ksi\u0105dz nie mo\u017ce od nich ucieka\u0107, ale - wprost przeciwnie - podejmowa\u0107 nowe wyzwania. To przekonanie sk\u0142oni\u0142o mnie do pr\u00f3by otwarcia tego\u017c bloga, chocia\u017c okazji do rozm\u00f3w na co dzie\u0144 - w konfesjonale i poza nim - na szcz\u0119\u015bcie nie brakuje. My\u015bl\u0119 jednak, \u017ce ten blog b\u0119dzie jeszcze jednym sposobem i przestrzeni\u0105 nawi\u0105zania kontaktu z lud\u017ami dobrej woli, otwartymi na dialog.\",\"url\":\"https:\/\/gaudiumetspes-blog.pl\/index.php\/author\/ks-jacek\/\"}]}<\/script>\n<!-- \/ Yoast SEO plugin. -->","yoast_head_json":{"title":"Doskonali - jak doskona\u0142y jest Ojciec! - Gaudium Et Spes","robots":{"index":"index","follow":"follow","max-snippet":"max-snippet:-1","max-image-preview":"max-image-preview:large","max-video-preview":"max-video-preview:-1"},"canonical":"https:\/\/gaudiumetspes-blog.pl\/index.php\/2020\/06\/16\/doskonali-jak-doskonaly-jest-ojciec\/","og_locale":"pl_PL","og_type":"article","og_title":"Doskonali - jak doskona\u0142y jest Ojciec! - Gaudium Et Spes","og_description":"Szcz\u0119\u015b\u0107 Bo\u017ce! Moi Drodzy, w dniu dzisiejszym rocznic\u0119 \u015bwi\u0119ce\u0144 kap\u0142a\u0144skich prze\u017cywa Ksi\u0105dz Pra\u0142at Mieczys\u0142aw Lipniacki, m\u00f3j \u201erodzony\u201d Proboszcz. tak okre\u015blam Ksi\u0119dza Pra\u0142ata, bo by\u0142 moim Proboszczem od powstania naszej Parafii i mojej Pierwszej Komunii \u015awi\u0119tej \u2013 a\u017c do kap\u0142a\u0144skiej Prymicji i jeszcze dalej. Obecnie jest na emeryturze, mieszka przy Parafii, kt\u00f3r\u0105 tworzy\u0142, ci\u0105gle wspieraj\u0105c obecnych [&hellip;]","og_url":"https:\/\/gaudiumetspes-blog.pl\/index.php\/2020\/06\/16\/doskonali-jak-doskonaly-jest-ojciec\/","og_site_name":"Gaudium Et Spes","article_published_time":"2020-06-16T05:26:32+00:00","author":"Ks. Jacek","twitter_card":"summary_large_image","twitter_misc":{"Napisane przez":"Ks. Jacek","Szacowany czas czytania":"9 minut"},"schema":{"@context":"https:\/\/schema.org","@graph":[{"@type":"WebPage","@id":"https:\/\/gaudiumetspes-blog.pl\/index.php\/2020\/06\/16\/doskonali-jak-doskonaly-jest-ojciec\/","url":"https:\/\/gaudiumetspes-blog.pl\/index.php\/2020\/06\/16\/doskonali-jak-doskonaly-jest-ojciec\/","name":"Doskonali - jak doskona\u0142y jest Ojciec! - Gaudium Et Spes","isPartOf":{"@id":"https:\/\/gaudiumetspes-blog.pl\/#website"},"datePublished":"2020-06-16T05:26:32+00:00","author":{"@id":"https:\/\/gaudiumetspes-blog.pl\/#\/schema\/person\/1661982992b752dea8dff0d4ed845a65"},"breadcrumb":{"@id":"https:\/\/gaudiumetspes-blog.pl\/index.php\/2020\/06\/16\/doskonali-jak-doskonaly-jest-ojciec\/#breadcrumb"},"inLanguage":"pl-PL","potentialAction":[{"@type":"ReadAction","target":["https:\/\/gaudiumetspes-blog.pl\/index.php\/2020\/06\/16\/doskonali-jak-doskonaly-jest-ojciec\/"]}]},{"@type":"BreadcrumbList","@id":"https:\/\/gaudiumetspes-blog.pl\/index.php\/2020\/06\/16\/doskonali-jak-doskonaly-jest-ojciec\/#breadcrumb","itemListElement":[{"@type":"ListItem","position":1,"name":"Strona g\u0142\u00f3wna","item":"https:\/\/gaudiumetspes-blog.pl\/"},{"@type":"ListItem","position":2,"name":"Doskonali &#8211; jak doskona\u0142y jest Ojciec!"}]},{"@type":"WebSite","@id":"https:\/\/gaudiumetspes-blog.pl\/#website","url":"https:\/\/gaudiumetspes-blog.pl\/","name":"Gaudium Et Spes","description":"Blog Ks. Jacka Ja\u015bkowskiego","potentialAction":[{"@type":"SearchAction","target":{"@type":"EntryPoint","urlTemplate":"https:\/\/gaudiumetspes-blog.pl\/?s={search_term_string}"},"query-input":{"@type":"PropertyValueSpecification","valueRequired":true,"valueName":"search_term_string"}}],"inLanguage":"pl-PL"},{"@type":"Person","@id":"https:\/\/gaudiumetspes-blog.pl\/#\/schema\/person\/1661982992b752dea8dff0d4ed845a65","name":"Ks. Jacek","image":{"@type":"ImageObject","inLanguage":"pl-PL","@id":"https:\/\/gaudiumetspes-blog.pl\/#\/schema\/person\/image\/","url":"https:\/\/gaudiumetspes-blog.pl\/wp-content\/uploads\/2019\/07\/avatar-JJ-150x150.jpg","contentUrl":"https:\/\/gaudiumetspes-blog.pl\/wp-content\/uploads\/2019\/07\/avatar-JJ-150x150.jpg","caption":"Ks. Jacek"},"description":"Witam serdecznie! K\u0142ania si\u0119 Ks. Jacek Ja\u015bkowski. Nie jestem ani kim\u015b wa\u017cnym, ani kim\u015b znanym. Jestem ksi\u0119dzem, kt\u00f3ry po prostu chce rozmawia\u0107. Codzienna kap\u0142a\u0144ska pos\u0142uga pokazuje mi, \u017ce temat\u00f3w do rozm\u00f3w z ksi\u0119dzem jest coraz wi\u0119cej i dzisiaj \u017caden ksi\u0105dz nie mo\u017ce od nich ucieka\u0107, ale - wprost przeciwnie - podejmowa\u0107 nowe wyzwania. To przekonanie sk\u0142oni\u0142o mnie do pr\u00f3by otwarcia tego\u017c bloga, chocia\u017c okazji do rozm\u00f3w na co dzie\u0144 - w konfesjonale i poza nim - na szcz\u0119\u015bcie nie brakuje. My\u015bl\u0119 jednak, \u017ce ten blog b\u0119dzie jeszcze jednym sposobem i przestrzeni\u0105 nawi\u0105zania kontaktu z lud\u017ami dobrej woli, otwartymi na dialog.","url":"https:\/\/gaudiumetspes-blog.pl\/index.php\/author\/ks-jacek\/"}]}},"jetpack_featured_media_url":"","jetpack_sharing_enabled":true,"_links":{"self":[{"href":"https:\/\/gaudiumetspes-blog.pl\/index.php\/wp-json\/wp\/v2\/posts\/17206","targetHints":{"allow":["GET"]}}],"collection":[{"href":"https:\/\/gaudiumetspes-blog.pl\/index.php\/wp-json\/wp\/v2\/posts"}],"about":[{"href":"https:\/\/gaudiumetspes-blog.pl\/index.php\/wp-json\/wp\/v2\/types\/post"}],"author":[{"embeddable":true,"href":"https:\/\/gaudiumetspes-blog.pl\/index.php\/wp-json\/wp\/v2\/users\/1"}],"replies":[{"embeddable":true,"href":"https:\/\/gaudiumetspes-blog.pl\/index.php\/wp-json\/wp\/v2\/comments?post=17206"}],"version-history":[{"count":1,"href":"https:\/\/gaudiumetspes-blog.pl\/index.php\/wp-json\/wp\/v2\/posts\/17206\/revisions"}],"predecessor-version":[{"id":17207,"href":"https:\/\/gaudiumetspes-blog.pl\/index.php\/wp-json\/wp\/v2\/posts\/17206\/revisions\/17207"}],"wp:attachment":[{"href":"https:\/\/gaudiumetspes-blog.pl\/index.php\/wp-json\/wp\/v2\/media?parent=17206"}],"wp:term":[{"taxonomy":"category","embeddable":true,"href":"https:\/\/gaudiumetspes-blog.pl\/index.php\/wp-json\/wp\/v2\/categories?post=17206"},{"taxonomy":"post_tag","embeddable":true,"href":"https:\/\/gaudiumetspes-blog.pl\/index.php\/wp-json\/wp\/v2\/tags?post=17206"}],"curies":[{"name":"wp","href":"https:\/\/api.w.org\/{rel}","templated":true}]}}