{"id":17210,"date":"2020-06-17T08:51:14","date_gmt":"2020-06-17T06:51:14","guid":{"rendered":"https:\/\/gaudiumetspes-blog.pl\/?p=17210"},"modified":"2020-06-17T08:53:22","modified_gmt":"2020-06-17T06:53:22","slug":"ojciec-widzi-w-ukryciu","status":"publish","type":"post","link":"https:\/\/gaudiumetspes-blog.pl\/index.php\/2020\/06\/17\/ojciec-widzi-w-ukryciu\/","title":{"rendered":"Ojciec widzi w ukryciu&#8230;"},"content":{"rendered":"<p class=\"western\" align=\"justify\"><span style=\"font-family: Book Antiqua, serif;\"><span style=\"font-size: large;\">Szcz\u0119\u015b\u0107 Bo\u017ce! Moi Drodzy, w dniu dzisiejszym <b>imieniny prze\u017cywa Albert Kajka, Organista w Miastkowie.<\/b><\/span><\/span><\/p>\n<p class=\"western\" align=\"justify\"><span style=\"font-family: Book Antiqua, serif;\"><span style=\"font-size: large;\"><b>Urodziny natomiast prze\u017cywa Cezary Kryczka, za moich czas\u00f3w \u2013 Lektor w Radory\u017cu Ko\u015bcielnym, w mojej pierwszej Parafii.<\/b><\/span><\/span><\/p>\n<p class=\"western\" align=\"justify\"><span style=\"font-family: Book Antiqua, serif;\"><span style=\"font-size: large;\"><b>Obu \u015bwi\u0119tuj\u0105cym \u017cycz\u0119, by tak, jak Patron dnia dzisiejszego, \u017cyli g\u0142\u0119bi\u0105 ducha! Zapewniam o modlitwie!<\/b><\/span><\/span><\/p>\n<p class=\"western\" align=\"justify\"><span style=\"font-family: Book Antiqua, serif;\"><span style=\"font-size: large;\">Moi Drodzy, dziel\u0119 si\u0119 z Wami rado\u015bci\u0105 z wczorajszego spotkania ze Studentami. Pomimo tego, \u017ce rok akademicki ma si\u0119 ku ko\u0144cowi, nam uda\u0142o si\u0119 kilka razy spotka\u0107. Troch\u0119 to wszystko inaczej przebiega, ni\u017c w poprzednich latach, ale wiemy, dlaczego. Om\u00f3wili\u015bmy te\u017c play na wakacje \u2013 a mamy ich troch\u0119. Pocz\u0105wszy od audycji w Katolickim Radiu Podlasie, kt\u00f3r\u0105 planujemy w lipcu.<\/span><\/span><\/p>\n<p class=\"western\" align=\"justify\"><span style=\"font-family: Book Antiqua, serif;\"><span style=\"font-size: large;\">I jeszcze jedn\u0105 rado\u015bci\u0105 chc\u0119 si\u0119 z Wami podzieli\u0107: jutro i pojutrze \u2013 s\u0142\u00f3wko z Syberii!<\/span><\/span><\/p>\n<p class=\"western\" align=\"justify\"><span style=\"font-family: Book Antiqua, serif;\"><span style=\"font-size: large;\"><b>Niech Was b\u0142ogos\u0142awi B\u00f3g Wszechmog\u0105cy: Ojciec + i Syn, i Duch \u015awi\u0119ty. Amen<\/b><\/span><\/span><\/p>\n<p class=\"western\" align=\"center\"><span style=\"font-family: Book Antiqua, serif;\"><span style=\"font-size: large;\">Gaudium et spes! Ks. Jacek<\/span><\/span><\/p>\n<p align=\"center\">\n<p align=\"center\">\n<p align=\"center\">\n<p align=\"center\">\n<p align=\"center\">\n<p class=\"western\" align=\"justify\"><span style=\"font-family: Book Antiqua, serif;\"><span style=\"font-size: large;\"><b>\u015aroda 11 Tygodnia zwyk\u0142ego, rok II,<\/b><\/span><\/span><\/p>\n<p class=\"western\" align=\"justify\"><span style=\"font-family: Book Antiqua, serif;\"><span style=\"font-size: large;\"><b>Wspomnienie \u015aw. Alberta Chmielowskiego, Zakonnika,<\/b><\/span><\/span><\/p>\n<p class=\"western\" align=\"justify\"><span style=\"font-family: Book Antiqua, serif;\"><span style=\"font-size: large;\"><b>17 czerwca 2020.,<\/b><\/span><\/span><\/p>\n<p class=\"western\" align=\"justify\"><span style=\"font-family: Book Antiqua, serif;\"><span style=\"font-size: large;\"><b>do czyta\u0144: 2 Krl 2,1.6\u201314; Mt 6,1\u20136.16\u201318<\/b><\/span><\/span><\/p>\n<p align=\"justify\">\n<p align=\"justify\">\n<p align=\"justify\">\n<p align=\"justify\">\n<p align=\"justify\">\n<p class=\"western\"><span style=\"font-family: Book Antiqua, serif;\"><span style=\"font-size: large;\"><b>CZYTANIE Z DRUGIEJ KSI\u0118GI KR\u00d3LEWSKIEJ:<\/b><\/span><\/span><\/p>\n<p class=\"western\" align=\"justify\"><span style=\"font-family: Book Antiqua, serif;\"><span style=\"font-size: large;\"><b>Kiedy Pan mia\u0142 w\u015br\u00f3d wichru unie\u015b\u0107 Eliasza do nieba, szed\u0142 Eliasz z Elizeuszem z Gilgal. Wtedy rzek\u0142 Eliasz do niego: \u201eZosta\u0144\u017ce tutaj, bo Pan pos\u0142a\u0142 mnie a\u017c do Jordanu\u201d. Elizeusz za\u015b odpowiedzia\u0142: \u201eNa \u017cycie Pana i na twoje \u017cycie: nie opuszcz\u0119 ci\u0119!\u201d I szli dalej razem. <\/b><\/span><\/span><\/p>\n<p class=\"western\" align=\"justify\"><span style=\"font-family: Book Antiqua, serif;\"><span style=\"font-size: large;\"><b>A pi\u0119\u0107dziesi\u0105t os\u00f3b z uczni\u00f3w prorok\u00f3w posz\u0142o i stan\u0119\u0142o z przeciwka, z dala, podczas gdy obydwaj przystan\u0119li nad Jordanem. <\/b><\/span><\/span><\/p>\n<p class=\"western\" align=\"justify\"><span style=\"color: #000000;\"><span style=\"font-family: Book Antiqua, serif;\"><span style=\"font-size: large;\"><b>Wtedy Eliasz zdj\u0105\u0142 sw\u00f3j p\u0142aszcz, zwin\u0105\u0142 go i uderzy\u0142 wody, tak i\u017c si\u0119 rozdzieli\u0142y w obydwie strony. A oni we dw\u00f3ch przeszli po suchym \u0142o\u017cysku. Kiedy za\u015b przeszli, rzek\u0142 Eliasz do Elizeusza: \u201e\u017b\u0105daj, co mam ci uczyni\u0107, zanim wzi\u0119ty b\u0119d\u0119 od ciebie\u201d. Elizeusz za\u015b powiedzia\u0142: \u201eNiechby, prosz\u0119, dwie cz\u0119\u015bci twego ducha przesz\u0142y na mnie!\u201d On za\u015b odrzek\u0142: \u201eTrudnej rzeczy za\u017c\u0105da\u0142e\u015b. Je\u017celi mnie ujrzysz, jak wzi\u0119ty b\u0119d\u0119 od ciebie, spe\u0142ni si\u0119 twoje \u017cyczenie; je\u015bli za\u015b nie ujrzysz, nie spe\u0142ni si\u0119\u201d.<\/b><\/span><\/span><\/span><b> <\/b><\/p>\n<p class=\"western\" align=\"justify\"><span style=\"color: #000000;\"><span style=\"font-family: Book Antiqua, serif;\"><span style=\"font-size: large;\"><b>Podczas gdy oni szli i rozmawiali, oto zjawi\u0142 si\u0119 w\u00f3z ognisty wraz z rumakami ognistymi i rozdzieli\u0142 obydw\u00f3ch: a Eliasz w\u015br\u00f3d wichru wst\u0105pi\u0142 do niebios. Elizeusz za\u015b patrza\u0142 i wo\u0142a\u0142: \u201eOjcze m\u00f3j! Ojcze m\u00f3j! Rydwanie Izraela i jego je\u017ad\u017acze\u201d. I ju\u017c go wi\u0119cej nie ujrza\u0142. Uj\u0105wszy nast\u0119pnie szaty swoje, Elizeusz rozdar\u0142 je na dwie cz\u0119\u015bci i podni\u00f3s\u0142 p\u0142aszcz Eliasza, kt\u00f3ry spad\u0142 z g\u00f3ry od niego.<\/b><\/span><\/span><\/span><b> <\/b><\/p>\n<p class=\"western\" align=\"justify\"><span style=\"font-family: Book Antiqua, serif;\"><span style=\"font-size: large;\"><b>Wr\u00f3ci\u0142 i stan\u0105\u0142 nad brzegiem Jordanu. I wzi\u0105\u0142 p\u0142aszcz Eliasza, kt\u00f3ry spad\u0142 z g\u00f3ry od niego, uderzy\u0142 wody, lecz one si\u0119 nie rozdzieli\u0142y. Wtedy rzek\u0142: \u201eGdzie jest Pan, B\u00f3g Eliasza?\u201d I uderzy\u0142 wody, a one rozdzieli\u0142y si\u0119 w obydwie strony. Elizeusz za\u015b przeszed\u0142 \u015brodkiem.<\/b><\/span><\/span><\/p>\n<p align=\"justify\">\n<p align=\"justify\">\n<p align=\"justify\">\n<p align=\"justify\">\n<p align=\"justify\">\n<p class=\"western\"><span style=\"font-size: large;\"><b><span style=\"font-family: Book Antiqua, serif;\">S\u0141OWA EWANGELII WED\u0141UG \u015aW<\/span><span style=\"font-family: Book Antiqua, serif;\">I\u0118TEGO<\/span><span style=\"font-family: Book Antiqua, serif;\"> MATEUSZA:<\/span><\/b><\/span><\/p>\n<p class=\"western\" align=\"justify\"><span style=\"font-family: Book Antiqua, serif;\"><span style=\"font-size: large;\"><b>Jezus powiedzia\u0142 do swoich uczni\u00f3w: \u201eStrze\u017ccie si\u0119, \u017ceby\u015bcie uczynk\u00f3w pobo\u017cnych nie wykonywali przed lud\u017ami po to, aby was widzieli; inaczej nie b\u0119dziecie mieli nagrody u Ojca waszego, kt\u00f3ry jest w niebie. <\/b><\/span><\/span><\/p>\n<p class=\"western\" align=\"justify\"><span style=\"color: #000000;\"><span style=\"font-family: Book Antiqua, serif;\"><span style=\"font-size: large;\"><b>Kiedy wi\u0119c dajesz ja\u0142mu\u017cn\u0119, nie tr\u0105b przed sob\u0105, jak ob\u0142udnicy czyni\u0105 w synagogach i na ulicach, aby ich ludzie chwalili. Zaprawd\u0119 powiadam wam: ci otrzymali ju\u017c swoj\u0105 nagrod\u0119. Kiedy za\u015b ty dajesz ja\u0142mu\u017cn\u0119, niech nie wie lewa twoja r\u0119ka, co czyni prawa, aby twoja ja\u0142mu\u017cna pozosta\u0142a w ukryciu. A Ojciec tw\u00f3j, kt\u00f3ry widzi w ukryciu, odda tobie.<\/b><\/span><\/span><\/span><b> <\/b><\/p>\n<p class=\"western\" align=\"justify\"><span style=\"color: #000000;\"><span style=\"font-family: Book Antiqua, serif;\"><span style=\"font-size: large;\"><b>Gdy si\u0119 modlicie, nie b\u0105d\u017acie jak ob\u0142udnicy. Oni lubi\u0105 w synagogach i na rogach ulic wystawa\u0107 i modli\u0107 si\u0119, \u017ceby si\u0119 ludziom pokaza\u0107. Zaprawd\u0119 powiadam wam: otrzymali ju\u017c swoj\u0105 nagrod\u0119. Ty za\u015b gdy chcesz si\u0119 modli\u0107, wejd\u017a do swej izdebki, zamknij drzwi i m\u00f3dl si\u0119 do Ojca twego, kt\u00f3ry jest w ukryciu. A Ojciec tw\u00f3j, kt\u00f3ry widzi w ukryciu, odda tobie.<\/b><\/span><\/span><\/span><b> <\/b><\/p>\n<p class=\"western\" align=\"justify\"><span style=\"font-family: Book Antiqua, serif;\"><span style=\"font-size: large;\"><b>Kiedy po\u015bcicie, nie b\u0105d\u017acie pos\u0119pni jak ob\u0142udnicy. Przybieraj\u0105 oni wygl\u0105d ponury, aby pokaza\u0107 ludziom, \u017ce poszcz\u0105. Zaprawd\u0119 powiadam wam: ju\u017c odebrali swoj\u0105 nagrod\u0119. Ty za\u015b gdy po\u015bcisz, nama\u015b\u0107 sobie g\u0142ow\u0119 i umyj twarz, aby nie ludziom pokaza\u0107, \u017ce po\u015bcisz, ale Ojcu twemu, kt\u00f3ry jest w ukryciu. A Ojciec tw\u00f3j, kt\u00f3ry widzi w ukryciu, odda tobie\u201d.<\/b><\/span><\/span><\/p>\n<p align=\"justify\">\n<p align=\"justify\">\n<p align=\"justify\">\n<p align=\"justify\">\n<p align=\"justify\">\n<p class=\"western\" align=\"justify\"><span style=\"font-family: Book Antiqua, serif;\"><span style=\"font-size: large;\">Kiedy Eliasz, na polecenie Boga, powo\u0142ywa\u0142 Elizeusza do misji prorockiej, <b>zarzuci\u0142 na niego sw\u00f3j p\u0142aszcz.<\/b> Zapewne pami\u0119tamy ten obraz \u2013 s\u0142yszeli\u015bmy o tym nie tak dawno w liturgii S\u0142owa. Elizeusz wtedy ora\u0142, Eliasz na\u0142o\u017cy\u0142 na niego p\u0142aszcz, Elizeusz poprosi\u0142 jeszcze o mo\u017cliwo\u015b\u0107 po\u017cegnania si\u0119 ze swoimi w domu. Potem <b>wr\u00f3ci\u0142 i pozosta\u0142 z Eliaszem.<\/b> <\/span><\/span><\/p>\n<p class=\"western\" align=\"justify\"><span style=\"font-family: Book Antiqua, serif;\"><span style=\"font-size: large;\">A oto dzisiaj nasta\u0142 dzie\u0144, kiedy <b>Elizeusz mia\u0142 ju\u017c zosta\u0107 sam,<\/b> bez Eliasza. Do\u015b\u0107 ciekawie i oryginalnie odbywa\u0142o si\u0119 to po\u017cegnanie i rozstawanie \u2013 jak s\u0142yszymy w pierwszym czytaniu. Wsp\u00f3lna w\u0119dr\u00f3wka, postanowienie Elizeusza, by nie odst\u0119powa\u0107 Eliasza; cudowne przej\u015bcie przez Jordan; pro\u015bba Elizeusza, by Eliasz przekaza\u0142 mu <i><b>dwie cz\u0119\u015bci<\/b><\/i> swego <i><b>ducha;<\/b><\/i> bardzo niezwyk\u0142e i tajemnicze odej\u015bcie Eliasza; <b>spadaj\u0105cy na Elizeusza p\u0142aszcz<\/b> jego mistrza; wreszcie: ponowne cudowne przej\u015bcie przez Jordan, po uderzeniu w\u00f3d p\u0142aszczem Eliasza, ale te\u017c <b>po wezwaniu pomocy Bo\u017cej <\/b>\u2013 wszystko to sk\u0142ada si\u0119 na do\u015b\u0107 bogaty w symbolik\u0119 obraz. <\/span><\/span><\/p>\n<p class=\"western\" align=\"justify\"><span style=\"font-family: Book Antiqua, serif;\"><span style=\"font-size: large;\">Oto wspomniany p\u0142aszcz, kt\u00f3rym najpierw Eliasz okry\u0142 Elizeusza, a potem zrzuci\u0142 na\u0144 z g\u00f3ry \u2013<b> jest znakiem jego ducha, <\/b>kt\u00f3rego przekaza\u0142 w ten spos\u00f3b swemu nast\u0119pcy. Fakt, i\u017c Elizeusz prosi\u0142 o <i><b>dwie cz\u0119\u015bci ducha, <\/b><\/i>nawi\u0105zuje do izraelskiego prawa spadkowego, wedle kt\u00f3rego pierworodny syn otrzymywa\u0142 podw\u00f3jn\u0105 cz\u0119\u015b\u0107 dziedzictwa. Elizeusz w ten spos\u00f3b prosi\u0142, by Eliasz zechcia\u0142 uzna\u0107 go za najwa\u017cniejszego swego duchowego spadkobierc\u0119. <\/span><\/span><\/p>\n<p class=\"western\" align=\"justify\"><span style=\"font-family: Book Antiqua, serif;\"><span style=\"font-size: large;\">Z kolei, s\u0142owa Eliasza, kt\u00f3rymi na t\u0119 pro\u015bb\u0119 zareagowa\u0142: <i><b>Trudnej rzeczy za\u017c\u0105da\u0142e\u015b, <\/b><\/i>wyra\u017caj\u0105 oczywiste poniek\u0105d jego przekonanie, \u017ce to nie on daje ducha prorockiego, <b>tylko sam B\u00f3g.<\/b> Przeto do Boga b\u0119dzie nale\u017ca\u0142a ostateczna decyzja w tej sprawie. Eliasz jednak dopowiedzia\u0142: <i><b>Je\u017celi mnie ujrzysz, jak wzi\u0119ty b\u0119d\u0119 od ciebie, spe\u0142ni si\u0119 twoje \u017cyczenie; je\u015bli za\u015b nie ujrzysz, nie spe\u0142ni si\u0119.<\/b><\/i><b> <\/b><\/span><\/span><\/p>\n<p class=\"western\" align=\"justify\"><span style=\"font-family: Book Antiqua, serif;\"><span style=\"font-size: large;\">Wiemy, \u017ce Elizeusz by\u0142 \u015bwiadkiem odej\u015bcia swego mistrza, wypowiedzia\u0142 zreszt\u0105 w\u00f3wczas takie s\u0142owa: <i><b>Ojcze m\u00f3j! Ojcze m\u00f3j! Rydwanie Izraela i jego je\u017ad\u017acze,<\/b><\/i><b> <\/b>co mia\u0142o wyra\u017ca\u0107 g\u0142\u0119bokie przekonanie, i\u017c w dziele obrony Izraela to w\u0142a\u015bnie Eliasz mia\u0142 o wiele wi\u0119kszy udzia\u0142, <b>ni\u017c nawet najmocniejsze si\u0142y i sprz\u0119ty zbrojne!<\/b> <\/span><\/span><\/p>\n<p class=\"western\" align=\"justify\"><span style=\"font-family: Book Antiqua, serif;\"><span style=\"font-size: large;\">W ten oto symboliczny spos\u00f3b \u2013 a warto tu jeszcze doda\u0107 moment przej\u015bcia Elizeusza przez Jordan po tym, jak otrzymanym z g\u00f3ry p\u0142aszczem Eliasz uderzy\u0142 jego wody \u2013 dokona\u0142o si\u0119 <b>przekazanie misji prorockiej.<\/b> Widzimy wyra\u017anie, \u017ce widzialne dla zebranych tam uczni\u00f3w prorockich i dla nas, kt\u00f3rzy czytamy ca\u0142y opis \u2013 zewn\u0119trzne znaki, s\u0105 jedynie <b>symbolami<\/b> dokonuj\u0105cej si\u0119 <b>bardzo istotnej rzeczywisto\u015bci duchowej!<\/b> <\/span><\/span><\/p>\n<p class=\"western\" align=\"justify\"><span style=\"font-family: Book Antiqua, serif;\"><span style=\"font-size: large;\">I o takie w\u0142a\u015bnie zwi\u0105zanie ducha i wn\u0119trza z zewn\u0119trznymi znakami i gestami, apeluje Jezus w dzisiejszej Ewangelii, gdy m\u00f3wi: <i><b>Strze\u017ccie si\u0119, \u017ceby\u015bcie uczynk\u00f3w pobo\u017cnych nie wykonywali przed lud\u017ami po to, aby was widzieli; inaczej nie b\u0119dziecie mieli nagrody u Ojca waszego, kt\u00f3ry jest w niebie. <\/b><\/i><\/span><\/span><\/p>\n<p class=\"western\" align=\"justify\"><span style=\"font-family: Book Antiqua, serif;\"><span style=\"font-size: large;\">A ju\u017c tak konkretnie: <i><b>Kiedy wi\u0119c dajesz ja\u0142mu\u017cn\u0119, nie tr\u0105b przed sob\u0105, jak ob\u0142udnicy czyni\u0105 w synagogach i na ulicach, aby ich ludzie chwalili. <\/b><\/i>Oraz: <i><b>Gdy si\u0119 modlicie, nie b\u0105d\u017acie jak ob\u0142udnicy. Oni lubi\u0105 w synagogach i na rogach ulic wystawa\u0107 i modli\u0107 si\u0119, \u017ceby si\u0119 ludziom pokaza\u0107.<\/b><\/i><b> <\/b>Czy te\u017c: <i><b>Kiedy po\u015bcicie, nie b\u0105d\u017acie pos\u0119pni jak ob\u0142udnicy. Przybieraj\u0105 oni wygl\u0105d ponury, aby pokaza\u0107 ludziom, \u017ce poszcz\u0105.<\/b><\/i><b> <\/b><\/span><\/span><\/p>\n<p class=\"western\" align=\"justify\"><span style=\"font-family: Book Antiqua, serif;\"><span style=\"font-size: large;\">Wszystkie te postawy s\u0105 ewidentnie b\u0142\u0119dne! I <b>zupe\u0142nie niepotrzebne,<\/b> bo nie spe\u0142niaj\u0105 swej roli, nie prowadz\u0105 do oczekiwanego skutku. Pozostaj\u0105 tylko zewn\u0119trznymi znakami \u2013 pustymi i bez znaczenia! A przecie\u017c \u2013 jak zaznacza Jezus \u2013 <i><b>Ojciec tw\u00f3j, kt\u00f3ry widzi w ukryciu, odda tobie.<\/b><\/i><b> <\/b>Trzy razy s\u0142yszymy to zdanie! To znaczy, \u017ce ma ono ogromn\u0105 warto\u015b\u0107 i nios\u0105 wa\u017cne przes\u0142anie.<\/span><\/span><\/p>\n<p class=\"western\" align=\"justify\"><span style=\"font-family: Book Antiqua, serif;\"><span style=\"font-size: large;\">Dla nas przede wszystkim takie, i\u017c z wykonywanymi przez siebie zewn\u0119trznymi znakami, gestami i czynno\u015bciami zawsze winni\u015bmy <b>wi\u0105za\u0107 g\u0142\u0119bok\u0105 tre\u015b\u0107 i znaczenie wewn\u0119trzne.<\/b> Nasza modlitwa, gesty mi\u0142osierdzia wobec ludzi czy podejmowane wyrzeczenia, maj\u0105 wyra\u017ca\u0107 <b>g\u0142\u0119bi\u0119 i bogactwo naszego <\/b><b>ducha<\/b><b>.<\/b> A jednocze\u015bnie, maj\u0105 to bogactwo <b>pomna\u017ca\u0107. <\/b><\/span><\/span><\/p>\n<p class=\"western\" align=\"justify\"><span style=\"font-family: Book Antiqua, serif;\"><span style=\"font-size: large;\">Inne przes\u0142anie, jakie p\u0142ynie do nas z dzisiejszej liturgii S\u0142owa jest takie, by\u015bmy starali si\u0119 <b>odczytywa\u0107 i coraz g\u0142\u0119biej rozumie\u0107 znaki,<\/b> jakie dokonuj\u0105 si\u0119 na naszych oczach \u2013 zar\u00f3wno te wielkie, w przestrzeni ca\u0142ego \u015bwiata, jak i te ma\u0142e, w przestrzeni naszego prywatnego \u015bwiata\u2026 Aby\u015bmy starali si\u0119 \u2013 wsparci natchnieniem i o\u015bwieceni \u015bwiat\u0142em Ducha \u015awi\u0119tego \u2013 odkrywa\u0107, co <b>B\u00f3g chce nam przez nie powiedzie\u0107,<\/b> czego nas <b>nauczy\u0107,<\/b> a mo\u017ce tak\u017ce \u2013 <b>przed czym przestrzec\u2026 <\/b><\/span><\/span><\/p>\n<p class=\"western\" align=\"justify\"><span style=\"font-family: Book Antiqua, serif;\"><span style=\"font-size: large;\">S\u0142owem, jest to wezwanie do tego, by\u015bmy stawali si\u0119 <b>coraz bardziej lud\u017ami duchowymi,<\/b> lud\u017ami g\u0142\u0119bokimi, lud\u017ami bogatymi sercem. Czy mamy odwag\u0119 zawalczenia o taki w\u0142a\u015bnie styl?<\/span><\/span><\/p>\n<p class=\"western\" align=\"justify\"><span style=\"font-family: Book Antiqua, serif;\"><span style=\"font-size: large;\">Przyk\u0142ad wielkiej duchowej g\u0142\u0119bi i bogatego serca z pewno\u015bci\u0105 daje nam \u017cycie i postawa Patrona dnia dzisiejszego, <b>\u015a<\/b>wi\u0119tego Brata Alberta Chmielowskiego.<\/span><\/span><\/p>\n<p class=\"western\" align=\"justify\"><span style=\"font-family: Book Antiqua, serif;\"><span style=\"font-size: large;\">Jako <b>Adam Chmielowski,<\/b> urodzi\u0142 si\u0119 <b>20 sierpnia 1845 roku<\/b> w Igo\u0142omii pod Krakowem. Pochodzi\u0142 z zubo\u017ca\u0142ej rodziny ziemia\u0144skiej. Gdy mia\u0142 sze\u015b\u0107 lat, matka w czasie pielgrzymki do Mogi\u0142y po\u015bwi\u0119ci\u0142a ma\u0142ego Adama Bogu. <b>Kiedy mia\u0142 lat osiem, umar\u0142 jego ojciec, sze\u015b\u0107 lat p\u00f3\u017aniej zmar\u0142a matka.<\/b> <\/span><\/span><\/p>\n<p class=\"western\" align=\"justify\"><span style=\"font-family: Book Antiqua, serif;\"><span style=\"font-size: large;\">Ch\u0142opiec kszta\u0142ci\u0142 si\u0119 w szkole kadet\u00f3w w Petersburgu, nast\u0119pnie w gimnazjum w Warszawie, a potem studiowa\u0142 w Instytucie Rolniczo \u2013 Le\u015bnym w Pu\u0142awach. <b>Razem z m\u0142odzie\u017c\u0105 tej szko\u0142y wzi\u0105\u0142 udzia\u0142 w Powstaniu Styczniowym.<\/b> 30 wrze\u015bnia 1863 roku zosta\u0142 <b>ci\u0119\u017cko ranny w bitwie pod Me\u0142chowem<\/b> i dosta\u0142 si\u0119 do niewoli rosyjskiej. W prymitywnych warunkach polowych, bez \u015brodk\u00f3w znieczulaj\u0105cych, <b>amputowano mu nog\u0119,<\/b> co zni\u00f3s\u0142 niezwykle m\u0119\u017cnie. Mia\u0142 wtedy osiemna\u015bcie lat. <\/span><\/span><\/p>\n<p class=\"western\" align=\"justify\"><span style=\"font-family: Book Antiqua, serif;\"><span style=\"font-size: large;\">Przez pewien czas przebywa\u0142 <b>w wi\u0119zieniu w O\u0142omu\u0144cu,<\/b> sk\u0105d zosta\u0142 zwolniony dzi\u0119ki interwencji rodziny. Aby unikn\u0105\u0107 represji w\u0142adz carskich, wyjecha\u0142 do Pary\u017ca, gdzie podj\u0105\u0142 <b>studia malarskie,<\/b> potem przeni\u00f3s\u0142 si\u0119 do Belgii i studiowa\u0142 in\u017cynieri\u0119, lecz powr\u00f3ci\u0142 wkr\u00f3tce do malarstwa <b>i uko\u0144czy\u0142 Akademi\u0119 Sztuk Pi\u0119knych w Monachium.<\/b> Wsz\u0119dzie, gdzie przebywa\u0142 <b>wyr\u00f3\u017cnia\u0142 si\u0119 postaw\u0105 chrze\u015bcija\u0144sk\u0105,<\/b> a jego silna osobowo\u015b\u0107 wywiera\u0142a du\u017cy wp\u0142yw na otoczenie. <\/span><\/span><\/p>\n<p class=\"western\" align=\"justify\"><span style=\"font-family: Book Antiqua, serif;\"><span style=\"font-size: large;\">Po og\u0142oszeniu amnestii w 1874 roku powr\u00f3ci\u0142 do kraju. <b>Zacz\u0105\u0142 poszukiwa\u0107 nowego idea\u0142u \u017cycia,<\/b> wyrazem czego sta\u0142o si\u0119 jego malarstwo. Oparte dotychczas na motywach \u015bwieckich, zacz\u0119\u0142o teraz czerpa\u0107 natchnienie z temat\u00f3w religijnych. <b>Jeden z jego najlepszych <\/b><b>i najbardziej znanych <\/b><b>obraz\u00f3w \u2013 \u201e<\/b><b>Ecce Homo\u201d<\/b><b> \u2013 <\/b>jest owocem g\u0142\u0119bokiego prze\u017cycia tajemnicy bezgranicznej mi\u0142o\u015bci Boga do cz\u0142owieka. <\/span><\/span><\/p>\n<p class=\"western\" align=\"justify\"><span style=\"font-family: Book Antiqua, serif;\"><span style=\"font-size: large;\"><b>W 1880 roku nast\u0105pi\u0142 duchowy zwrot w jego \u017cyciu.<\/b> B\u0119d\u0105c w pe\u0142ni si\u0142 tw\u00f3rczych porzuci\u0142 malarstwo i liczne kontakty towarzyskie, i maj\u0105c trzydzie\u015bci pi\u0119\u0107 lat <b>wst\u0105pi\u0142 do nowicjatu jezuit\u00f3w<\/b> z zamiarem pozostania bratem zakonnym. Po p\u00f3\u0142 roku, w stanie silnej depresji, opu\u015bci\u0142 nowicjat. <b>Do stycznia 1882 roku leczy\u0142 si\u0119 w zak\u0142adzie dla nerwowo chorych.<\/b> Nast\u0119pnie przebywa\u0142 u swojego brata na Podolu, gdzie w atmosferze spokoju i mi\u0142o\u015bci <b>powr\u00f3ci\u0142 ca\u0142kowicie do r\u00f3wnowagi psychicznej. <\/b><\/span><\/span><\/p>\n<p class=\"western\" align=\"justify\"><span style=\"font-family: Book Antiqua, serif;\"><span style=\"font-size: large;\">Zafascynowa\u0142a go duchowo\u015b\u0107 \u015awi\u0119tego Franciszka z Asy\u017cu, zapozna\u0142 si\u0119 z regu\u0142\u0105 III zakonu <b>i rozpocz\u0105\u0142 dzia\u0142alno\u015b\u0107 tercjarsk\u0105,<\/b> kt\u00f3r\u0105 pragn\u0105\u0142 upowszechni\u0107 w\u015br\u00f3d podolskich ch\u0142op\u00f3w. Wkr\u00f3tce ukaz carski zmusi\u0142 go do opuszczenia Podola. W 1884 roku <b>przeni\u00f3s\u0142 si\u0119 do Krakowa<\/b> i zatrzyma\u0142 si\u0119 przy klasztorze kapucyn\u00f3w. Pieni\u0119dzmi ze sprzeda\u017cy swoich obraz\u00f3w wspomaga\u0142 najbiedniejszych. <\/span><\/span><\/p>\n<p class=\"western\" align=\"justify\"><span style=\"font-family: Book Antiqua, serif;\"><span style=\"font-size: large;\"><b>Jego pracownia malarska sta\u0142a si\u0119 przytuliskiem.<\/b> Tutaj zajmowa\u0142 si\u0119 n\u0119dzarzami i bezdomnymi, widz\u0105c w ich twarzach <b>sponiewierane oblicze Chrystusa.<\/b> Pozna\u0142 warunki \u017cycia ludzi w tak zwanych ogrzewalniach miejskich Krakowa. By\u0142 to <b>kolejny moment prze\u0142omowy w \u017cyciu zdolnego i cenionego malarza.<\/b> <\/span><\/span><\/p>\n<p class=\"western\" align=\"justify\"><span style=\"font-family: Book Antiqua, serif;\"><span style=\"font-size: large;\">Z mi\u0142o\u015bci do Boga i ludzi Adam Chmielowski <b>po raz drugi zrezygnowa\u0142 z kariery i obj\u0105\u0142 zarz\u0105d ogrzewalni dla bezdomnych.<\/b> Przeni\u00f3s\u0142 si\u0119 tam na sta\u0142e, aby mieszkaj\u0105c w\u015br\u00f3d biedoty, pomaga\u0107 im w d\u017awiganiu si\u0119 z n\u0119dzy \u2013 nie tylko materialnej, ale i moralnej. <b>25 sierpnia 1887 roku Adam Chmielowski przywdzia\u0142 szary habit tercjarski i przyj\u0105\u0142 imi\u0119 brat Albert.<\/b> Dok\u0142adnie rok p\u00f3\u017aniej z\u0142o\u017cy\u0142 \u015bluby tercjarza na r\u0119ce Kardyna\u0142a Albina Dunajewskiego. Ten dzie\u0144 jest jednocze\u015bnie <b>pocz\u0105tkiem dzia\u0142alno\u015bci Zgromadzenia Braci III Zakonu \u015awi\u0119tego Franciszka Pos\u0142uguj\u0105cych Ubogim, <\/b>zwanego popularnie<b> \u201ealbertynami\u201d.<\/b> <\/span><\/span><\/p>\n<p class=\"western\" align=\"justify\"><span style=\"font-family: Book Antiqua, serif;\"><span style=\"font-size: large;\">Zgromadzenie to przej\u0119\u0142o od zarz\u0105du miasta <b>opiek\u0119 nad ogrzewalni\u0105 dla m\u0119\u017cczyzn<\/b> przy ulicy Piekarskiej w Krakowie. W nieca\u0142y rok p\u00f3\u017aniej brat Albert wzi\u0105\u0142 r\u00f3wnie\u017c pod swoj\u0105 opiek\u0119 <b>ogrzewalni\u0119 dla kobiet,<\/b> a grupa jego pomocnic, kt\u00f3rymi kierowa\u0142a siostra Bernardyna Jab\u0142o\u0144ska, <b>sta\u0142a si\u0119 zal\u0105\u017ckiem <\/b><b>zgromadzenia<\/b><b> \u201ealbertynek\u201d.<\/b> Formacja dla kandydat\u00f3w i kandydatek do obu zgromadze\u0144 organizowana by\u0142a w domach pustelniczych. <\/span><\/span><\/p>\n<p class=\"western\" align=\"justify\"><span style=\"font-family: Book Antiqua, serif;\"><span style=\"font-size: large;\">Najbardziej znanym sta\u0142a si\u0119 tak zwana<b> \u201eSamotnia\u201d na Kalat\u00f3wkach pod Zakopanem.<\/b> Nowicjat by\u0142 surowy, aby wcze\u015bniej mog\u0142y wycofa\u0107 si\u0119 jednostki s\u0142absze. Do trudnej pracy potrzeba bowiem by\u0142o ludzi wyj\u0105tkowo zahartowanych \u2013 zar\u00f3wno fizycznie jak i moralnie. <\/span><\/span><\/p>\n<p class=\"western\" align=\"justify\"><span style=\"font-family: Book Antiqua, serif;\"><span style=\"font-size: large;\">Przytuliska znajduj\u0105ce si\u0119 pod opiek\u0105 albertyn\u00f3w i albertynek by\u0142y <b>otwarte dla wszystkich potrzebuj\u0105cych,<\/b> bez wzgl\u0119du na narodowo\u015b\u0107 czy wyznanie. Wszystkim zapewniano pomoc materialn\u0105 i moraln\u0105, stwarzano ch\u0119tnym <b>mo\u017cliwo\u015bci pracy i samodzielnego zdobywania \u015brodk\u00f3w utrzymania.<\/b> <\/span><\/span><\/p>\n<p class=\"western\" align=\"justify\"><span style=\"font-family: Book Antiqua, serif;\"><span style=\"font-size: large;\">Sam za\u015b Albert by\u0142 <b>cz\u0142owiekiem rozmodlonym i pokutnikiem.<\/b> Odznacza\u0142 si\u0119 heroiczn\u0105 mi\u0142o\u015bci\u0105 bli\u017aniego, dziel\u0105c los z najubo\u017cszymi i pragn\u0105c przywr\u00f3ci\u0107 im godno\u015b\u0107. Pomimo swego kalectwa \u2013 <b>wiele podr\u00f3\u017cowa\u0142, zak\u0142ada\u0142 nowe przytuliska, sieroci\u0144ce dla dzieci i m\u0142odzie\u017cy, <\/b>domy dla starc\u00f3w i nieuleczalnie chorych oraz tak zwany \u201ekuchnie ludowe\u201d. <\/span><\/span><\/p>\n<p class=\"western\" align=\"justify\"><span style=\"font-family: Book Antiqua, serif;\"><span style=\"font-size: large;\">Za jego \u017cycia powsta\u0142o dwadzie\u015bcia jeden takich dom\u00f3w. Przyk\u0142adem swego \u017cycia Brat Albert uczy\u0142 wsp\u00f3\u0142braci i wsp\u00f3\u0142siostry, \u017ce <b>trzeba by\u0107 \u201edobrym jak chleb\u201d.<\/b> Zaleca\u0142 te\u017c przestrzeganie kra\u0144cowego ub\u00f3stwa, kt\u00f3re od lat wielu by\u0142o r\u00f3wnie\u017c jego udzia\u0142em. <\/span><\/span><\/p>\n<p class=\"western\" align=\"justify\"><span style=\"font-family: Book Antiqua, serif;\"><span style=\"font-size: large;\">Zmar\u0142 w opinii \u015bwi\u0119to\u015bci, wyniszczony ci\u0119\u017ck\u0105 chorob\u0105 i trudami \u017cycia w przytu\u0142ku, kt\u00f3ry za\u0142o\u017cy\u0142 dla m\u0119\u017cczyzn, <b>25 grudnia 1916 roku w Krakowie. <\/b>Pogrzeb na Cmentarzu Rakowickim 28 grudnia 1916 roku sta\u0142 si\u0119 pierwszym wyrazem czci powszechnie mu oddawanej. <b>Papie\u017c<\/b><b> Jan Pawe\u0142 II<\/b><b> beatyfikowa\u0142 go 22 czerwca 1983 roku, <\/b>na B\u0142oniach krakowskich,<b> a kanonizowa\u0142 12 listopada 1989 roku, <\/b>w Watykanie. <\/span><\/span><\/p>\n<p class=\"western\" align=\"justify\"><span style=\"font-family: Book Antiqua, serif;\"><span style=\"font-size: large;\">Warto przy okazji zauwa\u017cy\u0107, i\u017c Jan Pawe\u0142 II \u2013 co sam nieraz podkre\u015bla\u0142 \u2013 by\u0142 zachwycony postaw\u0105 Brata Alberta, <b>maj\u0105c do jego \u015bwi\u0119to\u015bci osobiste nabo\u017ce\u0144stwo.<\/b> Jednym z wyraz\u00f3w tego nastawienia jest z pewno\u015bci\u0105 homilia, jak\u0105 wyg\u0142osi\u0142 jeszcze jako krakowski Kardyna\u0142, z okazji pi\u0119\u0107dziesi\u0105tej rocznicy \u015bmierci dzisiejszego Patrona. A m\u00f3wi\u0142 w niej mi\u0119dzy innymi: <\/span><\/span><\/p>\n<p class=\"western\" align=\"justify\">\u201e<span style=\"font-family: Book Antiqua, serif;\"><span style=\"font-size: large;\"><b>Brat Albert Chmielowski \u2013 by\u0142a to natura bardzo bogata, wszechstronnie uzdolniona.<\/b> Zapowiada\u0142 si\u0119 jako znakomity malarz, by\u0142 ceniony przez wszystkich mistrz\u00f3w p\u0119dzla, kt\u00f3rzy na zawsze pozostan\u0105 w pami\u0119ci naszego narodu jako przedstawiciele wielkiej sztuki. Wiemy, \u017ce by\u0142a to jeszcze <b>i dlatego natura bogata, \u017ce nie szcz\u0119dzi\u0142 siebie. <\/b>Da\u0142 tego dow\u00f3d, gdy jako niespe\u0142na dwudziestoletni m\u0142odzieniec wzi\u0105\u0142 udzia\u0142 w Powstaniu Styczniowym. Wszystko postawi\u0142 na jedn\u0105 kart\u0119 dla mi\u0142o\u015bci Ojczyzny. <b>Mi\u0142o\u015b\u0107 Ojczyzny wypali\u0142a na nim dozgonny stygmat: pozosta\u0142 kalek\u0105 do \u015bmierci <\/b>\u2013 zamiast w\u0142asnej nogi nosi\u0142 protez\u0119. <\/span><\/span><\/p>\n<p class=\"western\" align=\"justify\"><span style=\"font-family: Book Antiqua, serif;\"><span style=\"font-size: large;\">Ponad to bogactwo natury uderza w nim przede wszystkim <b>bogactwo \u0142aski.<\/b> \u0141aska Bo\u017ca, to jest sam B\u00f3g udzielaj\u0105cy si\u0119 cz\u0142owiekowi, przelewaj\u0105cy si\u0119 niejako do jego duszy. Im bardziej B\u00f3g udziela si\u0119 duszy, im bardziej si\u0119 do niej przelewa przez dary Ducha \u015awi\u0119tego, <b>tym bardziej rzuca j\u0105 na kolana.<\/b> Tak w\u0142a\u015bnie na kolana rzucona zosta\u0142a dusza Adama Chmielowskiego <b>przed niewypowiedzianym majestatem Boga, \u015bwi\u0119to\u015bci\u0105 i mi\u0142o\u015bci\u0105 Boga.<\/b> <\/span><\/span><\/p>\n<p class=\"western\" align=\"justify\"><span style=\"font-family: Book Antiqua, serif;\"><span style=\"font-size: large;\">Ale B\u00f3g w przedziwny spos\u00f3b dzia\u0142a w dziejach cz\u0142owieka. Oto rzucaj\u0105c go przed sob\u0105 na kolana, <b>ka\u017ce mu r\u00f3wnocze\u015bnie ukl\u0119kn\u0105\u0107 przed jego bra\u0107mi, bli\u017animi.<\/b> Tak w\u0142a\u015bnie sta\u0142o si\u0119 w \u017cyciu Brata Alberta: rzucony na kolana przed majestatem Bo\u017cym, upad\u0142 na kolana <b>przed majestatem cz\u0142owieka,<\/b> i to najbiedniejszego, najbardziej upo\u015bledzonego, <b>przed majestatem ostatniego n\u0119dzarza!<\/b> <\/span><\/span><\/p>\n<p class=\"western\" align=\"justify\"><span style=\"font-family: Book Antiqua, serif;\"><span style=\"font-size: large;\">Mo\u017ce to por\u00f3wnanie jest wstrz\u0105saj\u0105ce, w naszych czasach nie widzimy takich drastycznych zestawie\u0144, tak krzycz\u0105cej n\u0119dzy, tak jawnego upokorzenia cz\u0142owieka. <b>Jest jednak i dzisiaj wiele zestawie\u0144 pozornie mniej ra\u017c\u0105cych, a jednak nie mniej ra\u017c\u0105cych.<\/b> Jest du\u017co ludzkich potrzeb, wiele wo\u0142ania o mi\u0142osierdzie \u2013 czasem w spos\u00f3b dyskretny, niedos\u0142yszalny. Ilu\u017c jest jeszcze ludzi chorych i opuszczonych w swoich chorobach, bez \u017cadnej opieki? Ilu\u017c jest jeszcze ludzi starych, przymieraj\u0105cych g\u0142odem <b>i t\u0119skni\u0105cych za sercem?<\/b> <b>Ile jest trudnej m\u0142odzie\u017cy,<\/b> kt\u00f3ra w dzisiejszej atmosferze \u017cycia nie znajduje dla siebie moralnego oparcia? <\/span><\/span><\/p>\n<p class=\"western\" align=\"justify\"><span style=\"font-family: Book Antiqua, serif;\"><span style=\"font-size: large;\">Mi\u0142osierdzie i chrze\u015bcija\u0144stwo jest wielk\u0105 spraw\u0105 naszych dni. <b>Je\u017celiby nie by\u0142o mi\u0142osierdzia, nie by\u0142oby chrze\u015bcija\u0144stwa: to jest jedno i to samo.<\/b> W s\u0142u\u017cbie mi\u0142osierdzia nawet fundusze nie s\u0105 najwa\u017cniejsze, nawet domy, zak\u0142ady i szpitale nie s\u0105 najwa\u017cniejsze, chocia\u017c s\u0105 to \u015brodki niezb\u0119dne. <b>Najwa\u017cniejszy jest cz\u0142owiek!<\/b> Trzeba \u015bwiadczy\u0107 swoim cz\u0142owiecze\u0144stwem, sob\u0105. Tutaj Brat Albert jest dla nas niezr\u00f3wnanym wzorem.\u201d Tyle Kardyna\u0142 Wojty\u0142a.<\/span><\/span><\/p>\n<p class=\"western\" align=\"justify\"><span style=\"font-family: Book Antiqua, serif;\"><span style=\"font-size: large;\">Wpatrzeni w przyk\u0142ad \u015bwi\u0119to\u015bci Brata Alberta oraz zas\u0142uchani w Bo\u017ce s\u0142owo dzisiejszej liturgii, zastan\u00f3wmy si\u0119 raz jeszcze, czy nasze \u017cycie <b>zasadniczo<\/b> rozgrywa si\u0119 w przestrzeni zewn\u0119trznej, <b>czy jednak tak wewn\u0119trznej?\u2026<\/b><\/span><\/span><\/p>\n","protected":false},"excerpt":{"rendered":"<p>Szcz\u0119\u015b\u0107 Bo\u017ce! Moi Drodzy, w dniu dzisiejszym imieniny prze\u017cywa Albert Kajka, Organista w Miastkowie. Urodziny natomiast prze\u017cywa Cezary Kryczka, za moich czas\u00f3w \u2013 Lektor w Radory\u017cu Ko\u015bcielnym, w mojej pierwszej Parafii. Obu \u015bwi\u0119tuj\u0105cym \u017cycz\u0119, by tak, jak Patron dnia dzisiejszego, \u017cyli g\u0142\u0119bi\u0105 ducha! Zapewniam o modlitwie! Moi Drodzy, dziel\u0119 si\u0119 z Wami rado\u015bci\u0105 z wczorajszego [&hellip;]<\/p>\n","protected":false},"author":1,"featured_media":0,"comment_status":"open","ping_status":"open","sticky":false,"template":"","format":"standard","meta":{"jetpack_post_was_ever_published":false,"_jetpack_newsletter_access":"","_jetpack_dont_email_post_to_subs":false,"_jetpack_newsletter_tier_id":0,"_jetpack_memberships_contains_paywalled_content":false,"_jetpack_memberships_contains_paid_content":false,"footnotes":""},"categories":[1],"tags":[],"class_list":["post-17210","post","type-post","status-publish","format-standard","hentry","category-bez-kategorii"],"yoast_head":"<!-- This site is optimized with the Yoast SEO plugin v25.1 - https:\/\/yoast.com\/wordpress\/plugins\/seo\/ -->\n<title>Ojciec widzi w ukryciu... - Gaudium Et Spes<\/title>\n<meta name=\"robots\" content=\"index, follow, max-snippet:-1, max-image-preview:large, max-video-preview:-1\" \/>\n<link rel=\"canonical\" href=\"https:\/\/gaudiumetspes-blog.pl\/index.php\/2020\/06\/17\/ojciec-widzi-w-ukryciu\/\" \/>\n<meta property=\"og:locale\" content=\"pl_PL\" \/>\n<meta property=\"og:type\" content=\"article\" \/>\n<meta property=\"og:title\" content=\"Ojciec widzi w ukryciu... - Gaudium Et Spes\" \/>\n<meta property=\"og:description\" content=\"Szcz\u0119\u015b\u0107 Bo\u017ce! Moi Drodzy, w dniu dzisiejszym imieniny prze\u017cywa Albert Kajka, Organista w Miastkowie. Urodziny natomiast prze\u017cywa Cezary Kryczka, za moich czas\u00f3w \u2013 Lektor w Radory\u017cu Ko\u015bcielnym, w mojej pierwszej Parafii. Obu \u015bwi\u0119tuj\u0105cym \u017cycz\u0119, by tak, jak Patron dnia dzisiejszego, \u017cyli g\u0142\u0119bi\u0105 ducha! Zapewniam o modlitwie! Moi Drodzy, dziel\u0119 si\u0119 z Wami rado\u015bci\u0105 z wczorajszego [&hellip;]\" \/>\n<meta property=\"og:url\" content=\"https:\/\/gaudiumetspes-blog.pl\/index.php\/2020\/06\/17\/ojciec-widzi-w-ukryciu\/\" \/>\n<meta property=\"og:site_name\" content=\"Gaudium Et Spes\" \/>\n<meta property=\"article:published_time\" content=\"2020-06-17T06:51:14+00:00\" \/>\n<meta property=\"article:modified_time\" content=\"2020-06-17T06:53:22+00:00\" \/>\n<meta name=\"author\" content=\"Ks. Jacek\" \/>\n<meta name=\"twitter:card\" content=\"summary_large_image\" \/>\n<meta name=\"twitter:label1\" content=\"Napisane przez\" \/>\n\t<meta name=\"twitter:data1\" content=\"Ks. Jacek\" \/>\n\t<meta name=\"twitter:label2\" content=\"Szacowany czas czytania\" \/>\n\t<meta name=\"twitter:data2\" content=\"15 minut\" \/>\n<script type=\"application\/ld+json\" class=\"yoast-schema-graph\">{\"@context\":\"https:\/\/schema.org\",\"@graph\":[{\"@type\":\"WebPage\",\"@id\":\"https:\/\/gaudiumetspes-blog.pl\/index.php\/2020\/06\/17\/ojciec-widzi-w-ukryciu\/\",\"url\":\"https:\/\/gaudiumetspes-blog.pl\/index.php\/2020\/06\/17\/ojciec-widzi-w-ukryciu\/\",\"name\":\"Ojciec widzi w ukryciu... - Gaudium Et Spes\",\"isPartOf\":{\"@id\":\"https:\/\/gaudiumetspes-blog.pl\/#website\"},\"datePublished\":\"2020-06-17T06:51:14+00:00\",\"dateModified\":\"2020-06-17T06:53:22+00:00\",\"author\":{\"@id\":\"https:\/\/gaudiumetspes-blog.pl\/#\/schema\/person\/1661982992b752dea8dff0d4ed845a65\"},\"breadcrumb\":{\"@id\":\"https:\/\/gaudiumetspes-blog.pl\/index.php\/2020\/06\/17\/ojciec-widzi-w-ukryciu\/#breadcrumb\"},\"inLanguage\":\"pl-PL\",\"potentialAction\":[{\"@type\":\"ReadAction\",\"target\":[\"https:\/\/gaudiumetspes-blog.pl\/index.php\/2020\/06\/17\/ojciec-widzi-w-ukryciu\/\"]}]},{\"@type\":\"BreadcrumbList\",\"@id\":\"https:\/\/gaudiumetspes-blog.pl\/index.php\/2020\/06\/17\/ojciec-widzi-w-ukryciu\/#breadcrumb\",\"itemListElement\":[{\"@type\":\"ListItem\",\"position\":1,\"name\":\"Strona g\u0142\u00f3wna\",\"item\":\"https:\/\/gaudiumetspes-blog.pl\/\"},{\"@type\":\"ListItem\",\"position\":2,\"name\":\"Ojciec widzi w&nbsp;ukryciu&#8230;\"}]},{\"@type\":\"WebSite\",\"@id\":\"https:\/\/gaudiumetspes-blog.pl\/#website\",\"url\":\"https:\/\/gaudiumetspes-blog.pl\/\",\"name\":\"Gaudium Et Spes\",\"description\":\"Blog Ks. Jacka Ja\u015bkowskiego\",\"potentialAction\":[{\"@type\":\"SearchAction\",\"target\":{\"@type\":\"EntryPoint\",\"urlTemplate\":\"https:\/\/gaudiumetspes-blog.pl\/?s={search_term_string}\"},\"query-input\":{\"@type\":\"PropertyValueSpecification\",\"valueRequired\":true,\"valueName\":\"search_term_string\"}}],\"inLanguage\":\"pl-PL\"},{\"@type\":\"Person\",\"@id\":\"https:\/\/gaudiumetspes-blog.pl\/#\/schema\/person\/1661982992b752dea8dff0d4ed845a65\",\"name\":\"Ks. Jacek\",\"image\":{\"@type\":\"ImageObject\",\"inLanguage\":\"pl-PL\",\"@id\":\"https:\/\/gaudiumetspes-blog.pl\/#\/schema\/person\/image\/\",\"url\":\"https:\/\/gaudiumetspes-blog.pl\/wp-content\/uploads\/2019\/07\/avatar-JJ-150x150.jpg\",\"contentUrl\":\"https:\/\/gaudiumetspes-blog.pl\/wp-content\/uploads\/2019\/07\/avatar-JJ-150x150.jpg\",\"caption\":\"Ks. Jacek\"},\"description\":\"Witam serdecznie! K\u0142ania si\u0119 Ks. Jacek Ja\u015bkowski. Nie jestem ani kim\u015b wa\u017cnym, ani kim\u015b znanym. Jestem ksi\u0119dzem, kt\u00f3ry po prostu chce rozmawia\u0107. Codzienna kap\u0142a\u0144ska pos\u0142uga pokazuje mi, \u017ce temat\u00f3w do rozm\u00f3w z ksi\u0119dzem jest coraz wi\u0119cej i dzisiaj \u017caden ksi\u0105dz nie mo\u017ce od nich ucieka\u0107, ale - wprost przeciwnie - podejmowa\u0107 nowe wyzwania. To przekonanie sk\u0142oni\u0142o mnie do pr\u00f3by otwarcia tego\u017c bloga, chocia\u017c okazji do rozm\u00f3w na co dzie\u0144 - w konfesjonale i poza nim - na szcz\u0119\u015bcie nie brakuje. My\u015bl\u0119 jednak, \u017ce ten blog b\u0119dzie jeszcze jednym sposobem i przestrzeni\u0105 nawi\u0105zania kontaktu z lud\u017ami dobrej woli, otwartymi na dialog.\",\"url\":\"https:\/\/gaudiumetspes-blog.pl\/index.php\/author\/ks-jacek\/\"}]}<\/script>\n<!-- \/ Yoast SEO plugin. -->","yoast_head_json":{"title":"Ojciec widzi w ukryciu... - Gaudium Et Spes","robots":{"index":"index","follow":"follow","max-snippet":"max-snippet:-1","max-image-preview":"max-image-preview:large","max-video-preview":"max-video-preview:-1"},"canonical":"https:\/\/gaudiumetspes-blog.pl\/index.php\/2020\/06\/17\/ojciec-widzi-w-ukryciu\/","og_locale":"pl_PL","og_type":"article","og_title":"Ojciec widzi w ukryciu... - Gaudium Et Spes","og_description":"Szcz\u0119\u015b\u0107 Bo\u017ce! Moi Drodzy, w dniu dzisiejszym imieniny prze\u017cywa Albert Kajka, Organista w Miastkowie. Urodziny natomiast prze\u017cywa Cezary Kryczka, za moich czas\u00f3w \u2013 Lektor w Radory\u017cu Ko\u015bcielnym, w mojej pierwszej Parafii. Obu \u015bwi\u0119tuj\u0105cym \u017cycz\u0119, by tak, jak Patron dnia dzisiejszego, \u017cyli g\u0142\u0119bi\u0105 ducha! Zapewniam o modlitwie! Moi Drodzy, dziel\u0119 si\u0119 z Wami rado\u015bci\u0105 z wczorajszego [&hellip;]","og_url":"https:\/\/gaudiumetspes-blog.pl\/index.php\/2020\/06\/17\/ojciec-widzi-w-ukryciu\/","og_site_name":"Gaudium Et Spes","article_published_time":"2020-06-17T06:51:14+00:00","article_modified_time":"2020-06-17T06:53:22+00:00","author":"Ks. Jacek","twitter_card":"summary_large_image","twitter_misc":{"Napisane przez":"Ks. Jacek","Szacowany czas czytania":"15 minut"},"schema":{"@context":"https:\/\/schema.org","@graph":[{"@type":"WebPage","@id":"https:\/\/gaudiumetspes-blog.pl\/index.php\/2020\/06\/17\/ojciec-widzi-w-ukryciu\/","url":"https:\/\/gaudiumetspes-blog.pl\/index.php\/2020\/06\/17\/ojciec-widzi-w-ukryciu\/","name":"Ojciec widzi w ukryciu... - Gaudium Et Spes","isPartOf":{"@id":"https:\/\/gaudiumetspes-blog.pl\/#website"},"datePublished":"2020-06-17T06:51:14+00:00","dateModified":"2020-06-17T06:53:22+00:00","author":{"@id":"https:\/\/gaudiumetspes-blog.pl\/#\/schema\/person\/1661982992b752dea8dff0d4ed845a65"},"breadcrumb":{"@id":"https:\/\/gaudiumetspes-blog.pl\/index.php\/2020\/06\/17\/ojciec-widzi-w-ukryciu\/#breadcrumb"},"inLanguage":"pl-PL","potentialAction":[{"@type":"ReadAction","target":["https:\/\/gaudiumetspes-blog.pl\/index.php\/2020\/06\/17\/ojciec-widzi-w-ukryciu\/"]}]},{"@type":"BreadcrumbList","@id":"https:\/\/gaudiumetspes-blog.pl\/index.php\/2020\/06\/17\/ojciec-widzi-w-ukryciu\/#breadcrumb","itemListElement":[{"@type":"ListItem","position":1,"name":"Strona g\u0142\u00f3wna","item":"https:\/\/gaudiumetspes-blog.pl\/"},{"@type":"ListItem","position":2,"name":"Ojciec widzi w&nbsp;ukryciu&#8230;"}]},{"@type":"WebSite","@id":"https:\/\/gaudiumetspes-blog.pl\/#website","url":"https:\/\/gaudiumetspes-blog.pl\/","name":"Gaudium Et Spes","description":"Blog Ks. Jacka Ja\u015bkowskiego","potentialAction":[{"@type":"SearchAction","target":{"@type":"EntryPoint","urlTemplate":"https:\/\/gaudiumetspes-blog.pl\/?s={search_term_string}"},"query-input":{"@type":"PropertyValueSpecification","valueRequired":true,"valueName":"search_term_string"}}],"inLanguage":"pl-PL"},{"@type":"Person","@id":"https:\/\/gaudiumetspes-blog.pl\/#\/schema\/person\/1661982992b752dea8dff0d4ed845a65","name":"Ks. Jacek","image":{"@type":"ImageObject","inLanguage":"pl-PL","@id":"https:\/\/gaudiumetspes-blog.pl\/#\/schema\/person\/image\/","url":"https:\/\/gaudiumetspes-blog.pl\/wp-content\/uploads\/2019\/07\/avatar-JJ-150x150.jpg","contentUrl":"https:\/\/gaudiumetspes-blog.pl\/wp-content\/uploads\/2019\/07\/avatar-JJ-150x150.jpg","caption":"Ks. Jacek"},"description":"Witam serdecznie! K\u0142ania si\u0119 Ks. Jacek Ja\u015bkowski. Nie jestem ani kim\u015b wa\u017cnym, ani kim\u015b znanym. Jestem ksi\u0119dzem, kt\u00f3ry po prostu chce rozmawia\u0107. Codzienna kap\u0142a\u0144ska pos\u0142uga pokazuje mi, \u017ce temat\u00f3w do rozm\u00f3w z ksi\u0119dzem jest coraz wi\u0119cej i dzisiaj \u017caden ksi\u0105dz nie mo\u017ce od nich ucieka\u0107, ale - wprost przeciwnie - podejmowa\u0107 nowe wyzwania. To przekonanie sk\u0142oni\u0142o mnie do pr\u00f3by otwarcia tego\u017c bloga, chocia\u017c okazji do rozm\u00f3w na co dzie\u0144 - w konfesjonale i poza nim - na szcz\u0119\u015bcie nie brakuje. My\u015bl\u0119 jednak, \u017ce ten blog b\u0119dzie jeszcze jednym sposobem i przestrzeni\u0105 nawi\u0105zania kontaktu z lud\u017ami dobrej woli, otwartymi na dialog.","url":"https:\/\/gaudiumetspes-blog.pl\/index.php\/author\/ks-jacek\/"}]}},"jetpack_featured_media_url":"","jetpack_sharing_enabled":true,"_links":{"self":[{"href":"https:\/\/gaudiumetspes-blog.pl\/index.php\/wp-json\/wp\/v2\/posts\/17210","targetHints":{"allow":["GET"]}}],"collection":[{"href":"https:\/\/gaudiumetspes-blog.pl\/index.php\/wp-json\/wp\/v2\/posts"}],"about":[{"href":"https:\/\/gaudiumetspes-blog.pl\/index.php\/wp-json\/wp\/v2\/types\/post"}],"author":[{"embeddable":true,"href":"https:\/\/gaudiumetspes-blog.pl\/index.php\/wp-json\/wp\/v2\/users\/1"}],"replies":[{"embeddable":true,"href":"https:\/\/gaudiumetspes-blog.pl\/index.php\/wp-json\/wp\/v2\/comments?post=17210"}],"version-history":[{"count":2,"href":"https:\/\/gaudiumetspes-blog.pl\/index.php\/wp-json\/wp\/v2\/posts\/17210\/revisions"}],"predecessor-version":[{"id":17212,"href":"https:\/\/gaudiumetspes-blog.pl\/index.php\/wp-json\/wp\/v2\/posts\/17210\/revisions\/17212"}],"wp:attachment":[{"href":"https:\/\/gaudiumetspes-blog.pl\/index.php\/wp-json\/wp\/v2\/media?parent=17210"}],"wp:term":[{"taxonomy":"category","embeddable":true,"href":"https:\/\/gaudiumetspes-blog.pl\/index.php\/wp-json\/wp\/v2\/categories?post=17210"},{"taxonomy":"post_tag","embeddable":true,"href":"https:\/\/gaudiumetspes-blog.pl\/index.php\/wp-json\/wp\/v2\/tags?post=17210"}],"curies":[{"name":"wp","href":"https:\/\/api.w.org\/{rel}","templated":true}]}}