{"id":17251,"date":"2020-06-21T05:39:34","date_gmt":"2020-06-21T03:39:34","guid":{"rendered":"https:\/\/gaudiumetspes-blog.pl\/?p=17251"},"modified":"2020-06-21T00:40:47","modified_gmt":"2020-06-20T22:40:47","slug":"kto-sie-do-mnie-przyzna","status":"publish","type":"post","link":"https:\/\/gaudiumetspes-blog.pl\/index.php\/2020\/06\/21\/kto-sie-do-mnie-przyzna\/","title":{"rendered":"Kto si\u0119 do Mnie przyzna&#8230;"},"content":{"rendered":"<p align=\"justify\"><span style=\"color: #000000;\"><span style=\"font-family: Book Antiqua, serif;\"><span style=\"font-size: large;\">Niech b\u0119dzie pochwalony Jezus Chrystus! Moi Drodzy, raz jeszcze dzi\u0119kuj\u0105c za \u017cyczenia z okazji rocznicy moich \u015bwi\u0119ce\u0144 kap\u0142a\u0144skich, zapraszam do zapoznania si\u0119 z relacj\u0105 ze Mszy \u015awi\u0119tej dzi\u0119kczynnej, sprawowanej w gronie naszego Kursu, w pi\u0105tek, w Samogoszczy:<\/span><\/span><\/span><\/p>\n<p align=\"justify\"><span style=\"color: #000000;\"><span style=\"font-family: Book Antiqua, serif;\"><span style=\"font-size: medium;\"><b><span style=\"font-size: large;\"><a href=\"http:\/\/podlasie24.pl\/\/garwolin\/kosciol\/samogoszcz-22.-rocznica-swiecen-kaplanskich-2eb1e.html\">http:\/\/podlasie24.pl\/\/garwolin\/kosciol\/samogoszcz-22.-rocznica-swiecen-kaplanskich-2eb1e.html<\/a> <\/span><\/b><\/span><\/span><\/span><\/p>\n<p align=\"justify\"><span style=\"color: #000000;\"><span style=\"font-family: Book Antiqua, serif;\"><span style=\"font-size: large;\">A ja dzisiaj nie jestem, jak co niedziel\u0119, w Samogoszczy, gdy\u017c o godzinie 12:30, b\u0119d\u0119 przewodniczy\u0142 uroczysto\u015bci odpustowej w Parafii w \u017beszczynce, w Dekanacie wisznickim. Proboszczem tej Parafii jest Ksi\u0105dz Robert Bartosik, z kt\u00f3rym wsp\u00f3\u0142pracowa\u0142em swego czasu w Tr\u0105bkach, gdzie by\u0142 On Wikariuszem, a ja doje\u017cd\u017ca\u0142em do pomocy. Dzi\u0119kuj\u0119 Ksi\u0119dzu Robertowi za to mi\u0142e zaproszenie!<\/span><\/span><\/span><\/p>\n<p align=\"justify\"><span style=\"color: #000000;\"><span style=\"font-family: Book Antiqua, serif;\"><span style=\"font-size: large;\">A przed t\u0105 uroczysto\u015bci\u0105 i po niej, b\u0119d\u0119 pomaga\u0142 duszpastersko w mojej rodzinnej Parafii \u2013 Chrystusa Mi\u0142osiernego w Bia\u0142ej Podlaskiej \u2013 bo to ca\u0142kiem niedaleko\u2026<\/span><\/span><\/span><\/p>\n<p align=\"justify\"><span style=\"color: #000000;\"><span style=\"font-family: Book Antiqua, serif;\"><span style=\"font-size: large;\">Na radosne i g\u0142\u0119bokie prze\u017cywanie dzisiejszej niedzieli \u2013 <b>niech Was b\u0142ogos\u0142awi B\u00f3g Wszechmog\u0105cy: Ojciec + i Syn, i Duch \u015awi\u0119ty. Amen<\/b><\/span><\/span><\/span><\/p>\n<p align=\"center\"><span style=\"color: #000000;\"><span style=\"font-family: Book Antiqua, serif;\"><span style=\"font-size: large;\">Gaudium et spes! Ks. Jacek<\/span><\/span><\/span><\/p>\n<p align=\"center\">\n<p align=\"center\">\n<p align=\"center\">\n<p align=\"center\">\n<p align=\"center\">\n<p align=\"justify\"><span style=\"color: #000000;\"><span style=\"font-family: Book Antiqua, serif;\"><span style=\"font-size: large;\"><b>12 Niedziela zwyk\u0142a, A,<\/b><\/span><\/span><\/span><\/p>\n<p align=\"justify\"><span style=\"color: #000000;\"><span style=\"font-family: Book Antiqua, serif;\"><span style=\"font-size: large;\"><b>21 czerwca 2020.,<\/b><\/span><\/span><\/span><\/p>\n<p align=\"justify\"><span style=\"color: #000000;\"><span style=\"font-family: Book Antiqua, serif;\"><span style=\"font-size: large;\"><b>do czyta\u0144: Jr 20,10\u201313; Rz 5,12\u201315; Mt 10,26\u201333<\/b><\/span><\/span><\/span><\/p>\n<p align=\"justify\">\n<p align=\"justify\">\n<p align=\"justify\">\n<p align=\"justify\">\n<p align=\"justify\">\n<p align=\"justify\"><span style=\"color: #000000;\"><span style=\"font-family: Book Antiqua, serif;\"><span style=\"font-size: large;\"><b>CZYTANIE Z KSI\u0118GI PROROKA JEREMIASZA: <\/b><\/span><\/span><\/span><\/p>\n<p align=\"justify\"><span style=\"color: #000000;\"><span style=\"font-family: Book Antiqua, serif;\"><span style=\"font-size: large;\"><b>Rzek\u0142 Jeremiasz: \u201eS\u0142ysza\u0142em oszczerstwo wielu: \u00abTrwoga doko\u0142a! Donie\u015bcie, donie\u015bmy na niego!\u00bb Wszyscy zaprzyja\u017anieni ze mn\u0105 wypatruj\u0105 mojego upadku: \u00abMo\u017ce da si\u0119 zwie\u015b\u0107, tak \u017ce go zwyci\u0119\u017cymy i wywrzemy sw\u0105 pomst\u0119 na nim!\u00bb <\/b><\/span><\/span><\/span><\/p>\n<p align=\"justify\"><span style=\"color: #000000;\"><span style=\"font-family: Book Antiqua, serif;\"><span style=\"font-size: large;\"><b>Ale Pan jest przy mnie jako pot\u0119\u017cny mocarz; dlatego moi prze\u015bladowcy ustan\u0105 i nie zwyci\u0119\u017c\u0105. B\u0119d\u0105 bardzo zawstydzeni swoj\u0105 pora\u017ck\u0105, okryci wieczn\u0105 i niezapomnian\u0105 ha\u0144b\u0105. <\/b><\/span><\/span><\/span><\/p>\n<p align=\"justify\"><span style=\"color: #000000;\"><span style=\"font-family: Book Antiqua, serif;\"><span style=\"font-size: large;\"><b>Panie Zast\u0119p\u00f3w, Ty, kt\u00f3ry do\u015bwiadczasz sprawiedliwego, patrzysz na nerki i serce, dozw\u00f3l, bym zobaczy\u0142 Twoj\u0105 pomst\u0119 nad nimi! Tobie bowiem powierzy\u0142em sw\u0105 spraw\u0119. <\/b><\/span><\/span><\/span><\/p>\n<p align=\"justify\"><span style=\"color: #000000;\"><span style=\"font-family: Book Antiqua, serif;\"><span style=\"font-size: large;\"><b>\u015apiewajcie Panu, wys\u0142awiajcie Pana! Uratowa\u0142 bowiem \u017cycie ubogiego z r\u0119ki z\u0142oczy\u0144c\u00f3w\u201d.<\/b><\/span><\/span><\/span><\/p>\n<p align=\"justify\">\n<p align=\"justify\">\n<p align=\"justify\">\n<p align=\"justify\">\n<p align=\"justify\">\n<p align=\"justify\"><span style=\"color: #000000;\"><span style=\"font-family: Book Antiqua, serif;\"><span style=\"font-size: large;\"><b>CZYTANIE Z LISTU \u015aWI\u0118TEGO PAW\u0141A APOSTO\u0141A DO RZYMIAN: <\/b><\/span><\/span><\/span><\/p>\n<p align=\"justify\"><span style=\"color: #000000;\"><span style=\"font-family: Book Antiqua, serif;\"><span style=\"font-size: large;\"><b>Bracia: Przez jednego cz\u0142owieka grzech wszed\u0142 na \u015bwiat, a przez grzech \u015bmier\u0107, i w ten spos\u00f3b \u015bmier\u0107 przesz\u0142a na wszystkich ludzi, poniewa\u017c wszyscy zgrzeszyli. <\/b><\/span><\/span><\/span><\/p>\n<p align=\"justify\"><span style=\"color: #000000;\"><span style=\"font-family: Book Antiqua, serif;\"><span style=\"font-size: large;\"><b>Bo i przed Prawem grzech by\u0142 na \u015bwiecie, grzechu si\u0119 jednak nie poczytuje, gdy nie ma Prawa. A przecie\u017c \u015bmier\u0107 rozpanoszy\u0142a si\u0119 od Adama do Moj\u017cesza nawet nad tymi, kt\u00f3rzy nie zgrzeszyli przest\u0119pstwem na wz\u00f3r Adama. On to jest typem Tego, kt\u00f3ry mia\u0142 przyj\u015b\u0107. <\/b><\/span><\/span><\/span><\/p>\n<p align=\"justify\"><span style=\"color: #000000;\"><span style=\"font-family: Book Antiqua, serif;\"><span style=\"font-size: large;\"><b>Ale nie tak samo ma si\u0119 rzecz z przest\u0119pstwem, jak z darem \u0142aski. Je\u017celi bowiem przest\u0119pstwo jednego sprowadzi\u0142o na wszystkich \u015bmier\u0107, to o ile\u017c obficiej sp\u0142yn\u0119\u0142a na nich wszystkich \u0142aska i dar Bo\u017cy, \u0142askawie udzielony przez jednego Cz\u0142owieka, Jezusa Chrystusa.<\/b><\/span><\/span><\/span><\/p>\n<p align=\"justify\">\n<p align=\"justify\">\n<p align=\"justify\">\n<p align=\"justify\">\n<p align=\"justify\">\n<p align=\"justify\"><span style=\"color: #000000;\"><span style=\"font-family: Book Antiqua, serif;\"><span style=\"font-size: large;\"><b>S\u0141OWA EWANGELII WED\u0141UG \u015aWI\u0118TEGO MATEUSZA: <\/b><\/span><\/span><\/span><\/p>\n<p align=\"justify\"><span style=\"color: #000000;\"><span style=\"font-family: Book Antiqua, serif;\"><span style=\"font-size: large;\"><b>Jezus powiedzia\u0142 do swoich Aposto\u0142\u00f3w: \u201eNie b\u00f3jcie si\u0119 ludzi. Nie ma bowiem nic zakrytego, co by nie mia\u0142o by\u0107 wyjawione, ani nic tajemnego, o czym by si\u0119 nie miano dowiedzie\u0107. Co m\u00f3wi\u0119 wam w ciemno\u015bciach, powtarzajcie jawnie, a co us\u0142yszycie na ucho, rozg\u0142aszajcie na dachach. <\/b><\/span><\/span><\/span><\/p>\n<p align=\"justify\"><span style=\"color: #000000;\"><span style=\"font-family: Book Antiqua, serif;\"><span style=\"font-size: large;\"><b>Nie b\u00f3jcie si\u0119 tych, kt\u00f3rzy zabijaj\u0105 cia\u0142o, lecz duszy zabi\u0107 nie mog\u0105. B\u00f3jcie si\u0119 raczej Tego, kt\u00f3ry dusz\u0119 i cia\u0142o mo\u017ce zatraci\u0107 w piekle. Czy\u017c nie sprzedaj\u0105 dw\u00f3ch wr\u00f3bli za asa? A przecie\u017c \u017caden z nich bez woli Ojca waszego nie spadnie na ziemi\u0119. U was za\u015b nawet w\u0142osy na g\u0142owie wszystkie s\u0105 policzone. Dlatego nie b\u00f3jcie si\u0119: jeste\u015bcie wa\u017cniejsi ni\u017c wiele wr\u00f3bli. <\/b><\/span><\/span><\/span><\/p>\n<p align=\"justify\"><span style=\"color: #000000;\"><span style=\"font-family: Book Antiqua, serif;\"><span style=\"font-size: large;\"><b>Do ka\u017cdego wi\u0119c, kt\u00f3ry si\u0119 przyzna do Mnie przed lud\u017ami, przyznam si\u0119 i Ja przed moim Ojcem, kt\u00f3ry jest w niebie. Lecz kto si\u0119 Mnie zaprze przed lud\u017ami, tego zapr\u0119 si\u0119 i Ja przed moim Ojcem, kt\u00f3ry jest w niebie\u201d.<\/b><\/span><\/span><\/span><\/p>\n<p align=\"justify\">\n<p align=\"justify\">\n<p align=\"justify\">\n<p align=\"justify\">\n<p align=\"justify\">\n<p align=\"justify\"><span style=\"color: #000000;\"><span style=\"font-family: Book Antiqua, serif;\"><span style=\"font-size: large;\">Jako\u015b ci sprawiedliwi i wierni Bogu <b>nie maj\u0105 za bardzo szcz\u0119\u015bcia<\/b> na tym \u015bwiecie! Nie zyskuj\u0105 powszechnego uznania, ani aplauzu, a wprost przeciwnie \u2013 s\u0105 obiektem permanentnych atak\u00f3w! Jakby komu\u015b chcieli zaszkodzi\u0107\u2026 <\/span><\/span><\/span><\/p>\n<p align=\"justify\"><span style=\"color: #000000;\"><span style=\"font-family: Book Antiqua, serif;\"><span style=\"font-size: large;\">W takiej w\u0142a\u015bnie sytuacji znalaz\u0142 si\u0119 Prorok Jeremiasz, o czym w pierwszym czytaniu tak m\u00f3wi: <i><b>S\u0142ysza\u0142em oszczerstwo wielu: \u00abTrwoga doko\u0142a! Donie\u015bcie, donie\u015bmy na niego!\u00bb Wszyscy zaprzyja\u017anieni ze mn\u0105 wypatruj\u0105 mojego upadku: \u00abMo\u017ce da si\u0119 zwie\u015b\u0107, tak \u017ce go zwyci\u0119\u017cymy i wywrzemy sw\u0105 pomst\u0119 na nim!\u00bb<\/b><\/i><b> <\/b>I c\u00f3\u017c w takiej sytuacji robi\u0107? Co robi Jeremiasz? <\/span><\/span><\/span><\/p>\n<p align=\"justify\"><span style=\"color: #000000;\"><span style=\"font-family: Book Antiqua, serif;\"><span style=\"font-size: large;\">Chyba najbardziej w\u0142a\u015bciw\u0105 rzecz, jak\u0105 tylko mo\u017cna zrobi\u0107: <b>oddaje spraw\u0119 Bogu! <\/b>Ju\u017c w nast\u0119pnym zdaniu po tym, kt\u00f3re tu sobie przywo\u0142ali\u015bmy, m\u00f3wi: <i><b>Ale Pan jest przy mnie jako pot\u0119\u017cny mocarz; dlatego moi prze\u015bladowcy ustan\u0105 i nie zwyci\u0119\u017c\u0105. B\u0119d\u0105 bardzo zawstydzeni swoj\u0105 pora\u017ck\u0105, okryci wieczn\u0105 i niezapomnian\u0105 ha\u0144b\u0105.<\/b><\/i><i> <\/i>To mocne przekonanie i wielka nadzieja, z\u0142o\u017cona w Bogu. <\/span><\/span><\/span><\/p>\n<p align=\"justify\"><span style=\"color: #000000;\"><span style=\"font-family: Book Antiqua, serif;\"><span style=\"font-size: large;\">Zobaczmy, i\u017c Prorok <b>jest przekonany,<\/b> \u017ce przegrana jego przeciwnik\u00f3w b\u0119dzie totalna \u2013 \u017ceby to jeszcze raz powt\u00f3rzy\u0107: <i><b>B\u0119d\u0105 bardzo zawstydzeni swoj\u0105 pora\u017ck\u0105, okryci wieczn\u0105 i niezapomnian\u0105 ha\u0144b\u0105.<\/b><\/i> Dlaczego a\u017c tak? Czy Prorok jest na tyle wa\u017cn\u0105 osobisto\u015bci\u0105, \u017ce \u201ezadrze\u0107\u201d z nim, to \u015bci\u0105gn\u0105\u0107 na siebie wszystkie mo\u017cliwe nieszcz\u0119\u015bcia? <\/span><\/span><\/span><\/p>\n<p align=\"justify\"><span style=\"color: #000000;\"><span style=\"font-family: Book Antiqua, serif;\"><span style=\"font-size: large;\">Tak, Prorok jest wa\u017cn\u0105 osobisto\u015bci\u0105, ale nie dlatego, \u017ce to Prorok, czy \u017ce to Jeremiasz, ale dlatego, \u017ce \u201ezadrze\u0107\u201d z nim \u2013 <b>to \u201ezadrze\u0107\u201d z samym Bogiem, <\/b>kt\u00f3rego Prorok reprezentuje i w imieniu kt\u00f3rego przemawia. A kto \u201ezadziera\u201d z Bogiem, kto pr\u00f3buje z Nim walczy\u0107, <b>ten na pewno przegra. <\/b>I nie dlatego, \u017ce B\u00f3g jest z\u0142o\u015bliwy, wi\u0119c zem\u015bci si\u0119 na nim \u2013 nie. Po prostu, cz\u0142owiek <b>sam zapl\u0105cze si\u0119 w swoje w\u0142asne intrygi<\/b> i sam siebie w pole wywiedzie\u2026 <\/span><\/span><\/span><\/p>\n<p align=\"justify\"><span style=\"color: #000000;\"><span style=\"font-family: Book Antiqua, serif;\"><span style=\"font-size: large;\">Zreszt\u0105, ile\u017c to razy historia i nasze ludzkie do\u015bwiadczenie potwierdza\u0142y, do czego zdolny jest cz\u0142owiek, kt\u00f3ry <b>jedynie o swoich w\u0142asnych si\u0142ach<\/b> pr\u00f3buje rozgrywa\u0107 swoje \u017cycie \u2013 szczeg\u00f3lnie, je\u015bli pr\u00f3buje je rozgrywa\u0107 <b>przeciw Bogu,<\/b> a skoro przeciw Bogu, to tak\u017ce przeciw <b>tym, kt\u00f3rzy Bogu s\u0142u\u017c\u0105.<\/b> Wielu z nich, na przestrzeni historii, okry\u0142o si\u0119 <i><b>wieczn\u0105 i niezapomnian\u0105 ha\u0144b\u0105.<\/b><\/i><b> <\/b><\/span><\/span><\/span><\/p>\n<p align=\"justify\"><span style=\"color: #000000;\"><span style=\"font-family: Book Antiqua, serif;\"><span style=\"font-size: large;\">Dlatego Prorok ufa Bogu, co te\u017c wyra\u017ca w kolejnych zdaniach dzisiejszego fragmentu swego Proroctwa: <i><b>Panie Zast\u0119p\u00f3w, Ty, kt\u00f3ry do\u015bwiadczasz sprawiedliwego, patrzysz na nerki i serce, dozw\u00f3l, bym zobaczy\u0142 Twoj\u0105 pomst\u0119 nad nimi! Tobie bowiem powierzy\u0142em sw\u0105 spraw\u0119; <\/b><\/i>czy wreszcie:<i> <\/i><i><b>\u015apiewajcie Panu, wys\u0142awiajcie Pana! Uratowa\u0142 bowiem \u017cycie ubogiego z r\u0119ki z\u0142oczy\u0144c\u00f3w.<\/b><\/i><b> <\/b><\/span><\/span><\/span><\/p>\n<p align=\"justify\"><span style=\"color: #000000;\"><span style=\"font-family: Book Antiqua, serif;\"><span style=\"font-size: large;\">W tym czytaniu bardzo zwraca uwag\u0119 <b>radykalna zmiana tonu wypowiedzi:<\/b> od skargi na ludzkie intrygi \u2013 po uwielbienie Boga, pe\u0142ne rado\u015bci i uniesienia. Tak radykalna zmiana na przestrzeni \u2013 powiedzieliby\u015bmy \u2013 <b>zaledwie kilku zda\u0144! <\/b>Trudno te\u017c nie zauwa\u017cy\u0107, \u017ce Prorok jest bardzo pewny Bo\u017cej pomocy i opieki, a dok\u0142adniej: <b>Bo\u017cej obrony! <\/b>On si\u0119 nie zastanawia i nie dopytuje, tylko <b>z ca\u0142\u0105 moc\u0105 stwierdza, <\/b>\u017ce B\u00f3g ujmie si\u0119 za nim, a przeciwnicy sromotnie przegraj\u0105. Sk\u0105d taka pewno\u015b\u0107? Czy nie zakrawa ona na jak\u0105\u015b pych\u0119?<\/span><\/span><\/span><\/p>\n<p align=\"justify\"><span style=\"color: #000000;\"><span style=\"font-family: Book Antiqua, serif;\"><span style=\"font-size: large;\">Dla nas, kt\u00f3rzy odczytujemy te prorockie s\u0142owa w kontek\u015bcie dzisiejszego fragmentu Ewangelii, wszystko jest jasne. Wszak Jezus m\u00f3wi: <i><b>Nie b\u00f3jcie si\u0119 ludzi. Nie ma bowiem nic zakrytego, co by nie mia\u0142o by\u0107 wyjawione, ani nic tajemnego, o czym by si\u0119 nie miano dowiedzie\u0107. Co m\u00f3wi\u0119 wam w ciemno\u015bciach, powtarzajcie jawnie, a co us\u0142yszycie na ucho, rozg\u0142aszajcie na dachach. <\/b><\/i><\/span><\/span><\/span><\/p>\n<p align=\"justify\"><span style=\"color: #000000;\"><span style=\"font-family: Book Antiqua, serif;\"><span style=\"font-size: large;\">A zatem, \u017cadne ludzkie pokr\u0119tne i skrywane intrygi nie s\u0105 na tyle pokr\u0119tne i skrywane, by B\u00f3g nie m\u00f3g\u0142 ich <b>na wylot prze\u015bwietli\u0107! <\/b>B\u00f3g widzi je bardzo wyra\u017anie. Co wi\u0119cej, z czasem nie tylko B\u00f3g, ale <b>wszyscy wok\u00f3\u0142<\/b> b\u0119d\u0105 je widzieli. Bo ludziom tak\u017ce dzisiaj wydaje si\u0119, \u017ce mo\u017cna si\u0119 ukry\u0107 ze z\u0142em, ze swymi kombinacjami i nieszczerymi dzia\u0142aniami. Owszem, mo\u017cna. <b>Ale do czasu. <\/b>Kiedy\u015b bowiem wszystko wyjdzie na jaw. Zreszt\u0105, wiele tego typu historii dzieje si\u0119 aktualnie na naszych oczach\u2026<\/span><\/span><\/span><\/p>\n<p align=\"justify\"><span style=\"color: #000000;\"><span style=\"font-family: Book Antiqua, serif;\"><span style=\"font-size: large;\">Dlatego Jezus m\u00f3wi: <i><b>Nie b\u00f3jcie si\u0119 tych, kt\u00f3rzy zabijaj\u0105 cia\u0142o, lecz duszy zabi\u0107 nie mog\u0105. B\u00f3jcie si\u0119 raczej Tego, kt\u00f3ry dusz\u0119 i cia\u0142o mo\u017ce zatraci\u0107 w piekle.<\/b><\/i><b> <\/b><\/span><\/span><\/span><\/p>\n<p align=\"justify\"><span style=\"color: #000000;\"><span style=\"font-family: Book Antiqua, serif;\"><span style=\"font-size: large;\">No, c\u00f3\u017c\u2026 Dobrze powiedzie\u0107: <i><b>Nie b\u00f3jcie si\u0119 tych, kt\u00f3rzy zabijaj\u0105 cia\u0142o,<\/b><\/i><b> <\/b>prawda? Szczeg\u00f3lnie ostatnio do\u015bwiadczyli\u015bmy, jak bardzo trudno jest te s\u0142owa wprowadzi\u0107 w czyn \u2013 w sytuacji, w kt\u00f3rej <b>mog\u0142yby si\u0119 faktyczni spe\u0142ni\u0107.<\/b> I mo\u017ce nawet nie ze wzgl\u0119du na prze\u015bladowania ze strony ludzi, ale o sytuacj\u0119 epidemii\u2026 <b>Jak \u0142atwo oddali\u015bmy sprawy duchowe dla panicznego ratowania tego doczesnego \u017cycia!<\/b> I to nawet mimo, i\u017c zagro\u017cenie nie by\u0142o totalne czy nieodwracalne. Jak \u0142atwo w naszej hierarchii wa\u017cno\u015bci i warto\u015bci <b>zepchn\u0119li\u015bmy \u017cycie wieczne na dalszy plan.<\/b> Samo wr\u0119cz nasuwa si\u0119 uporczywie pytanie: A c\u00f3\u017c by by\u0142o, gdyby si\u0119 okaza\u0142o, \u017ce <b>naprawd\u0119 trzeba nam za\u015bwiadczy\u0107 \u017cyciem<\/b> o swojej wierze \u2013 tak, jak zreszt\u0105 dzieje si\u0119 to r\u00f3wnie\u017c dzisiaj w wielu miejscach na \u015bwiecie! Co wtedy? <\/span><\/span><\/span><\/p>\n<p align=\"justify\"><span style=\"color: #000000;\"><span style=\"font-family: Book Antiqua, serif;\"><span style=\"font-size: large;\">Czy z tak\u0105 pewno\u015bci\u0105, jak Jeremiasz, oddaliby\u015bmy spraw\u0119 Bogu, <b>czy uciekaliby\u015bmy,<\/b> gdzie przys\u0142owiowy pieprz ro\u015bnie?\u2026 Albo po prostu wyparli si\u0119 Jezusa, wiary, wszystkiego?\u2026 <\/span><\/span><\/span><\/p>\n<p align=\"justify\"><span style=\"color: #000000;\"><span style=\"font-family: Book Antiqua, serif;\"><span style=\"font-size: large;\">Tak, to bardzo trudne pytania i <b>stawiam je najpierw sobie.<\/b> Nie s\u0105 one po to, by kogo\u015b czepia\u0107 si\u0119, czy \u2013 tym bardziej \u2013 kogokolwiek o cokolwiek oskar\u017ca\u0107. Natomiast na pewno po to s\u0105, by nas wszystkich <b>pobudzi\u0107 do my\u015blenia! <\/b>I do postawienia sobie pyta\u0144, czy nie boj\u0119 si\u0119 tego, co mo\u017ce mi odebra\u0107 to \u017cycie doczesne, podczas kiedy \u017cycie wieczne tak \u0142atwo odsuwam na dalszy plan?\u2026 <\/span><\/span><\/span><\/p>\n<p align=\"justify\"><span style=\"color: #000000;\"><span style=\"font-family: Book Antiqua, serif;\"><span style=\"font-size: large;\">St\u0105d te\u017c mocne, naprawd\u0119 mocne i bezkompromisowe s\u0142owa Jezusa, obok kt\u00f3rych nie mo\u017cna przej\u015b\u0107 oboj\u0119tnie: <i><b>Do ka\u017cdego wi\u0119c, kt\u00f3ry si\u0119 przyzna do Mnie przed lud\u017ami, przyznam si\u0119 i Ja przed moim Ojcem, kt\u00f3ry jest w niebie. Lecz kto si\u0119 Mnie zaprze przed lud\u017ami, tego zapr\u0119 si\u0119 i Ja przed moim Ojcem, kt\u00f3ry jest w niebie.<\/b><\/i><b> <\/b><\/span><\/span><\/span><\/p>\n<p align=\"justify\"><span style=\"color: #000000;\"><span style=\"font-family: Book Antiqua, serif;\"><span style=\"font-size: large;\">Moi Drodzy, Jezus naprawd\u0119 je wypowiedzia\u0142. Przed chwil\u0105 s\u0142yszeli\u015bmy je w Ewangelii. To nie jest jaka\u015b wypowied\u017a z zamierzch\u0142ych czas\u00f3w, to s\u0105 <b>s\u0142owa dla nas na dzi\u015b. <\/b>To dzisiaj Jezus oczekuje od nas, \u017ce si\u0119 do Niego <b>po prostu przyznamy<\/b> \u2013 nawet, je\u017celi stan\u0105 nam na drodze ci, kt\u00f3rzy \u00abcia\u0142o zabi\u0107 mog\u0105\u00bb. Oni si\u0119 \u2013 p\u00f3ki co, na szcz\u0119\u015bcie \u2013 nie pojawiaj\u0105. Jednak \u2013 \u017ceby to jeszcze raz powt\u00f3rzy\u0107 \u2013 sytuacja ostatnich miesi\u0119cy <b>bezlito\u015bnie obna\u017cy\u0142a prawd\u0119 <\/b>o naszej duchowej kondycji i o naszej odwadze w zaufaniu do Boga\u2026 A dok\u0142adniej \u2013<b> o braku tej odwagi, o braku tego zaufania, <\/b>w bardzo wielu przypadkach. <\/span><\/span><\/span><\/p>\n<p align=\"justify\"><span style=\"color: #000000;\"><span style=\"font-family: Book Antiqua, serif;\"><span style=\"font-size: large;\">Owszem, jest to skutkiem tego, o czym mowa w drugim czytaniu, a wi\u0119c <b>grzechu pierworodnego,<\/b> poci\u0105gaj\u0105cego za sob\u0105 z kolei nasz\u0105 sk\u0142onno\u015b\u0107 do grzechu. Tak o tym pisze dzi\u015b, w swoim Li\u015bcie do Rzymian, Pawe\u0142 Aposto\u0142: <i><b>\u015bmier\u0107 rozpanoszy\u0142a si\u0119 od Adama do Moj\u017cesza nawet nad tymi, kt\u00f3rzy nie zgrzeszyli przest\u0119pstwem na wz\u00f3r Adama.<\/b><\/i><b> <\/b>Grzech Adama ci\u0105\u017cy na nas wszystkich, chocia\u017c my go fizycznie nie pope\u0142nili\u015bmy, ale obci\u0105\u017ca on ca\u0142\u0105 ludzk\u0105 natur\u0119. Na pewno, <b>w jakim\u015b stopniu t\u0142umaczy<\/b> to nasz\u0105 s\u0142abo\u015b\u0107 i sk\u0142onno\u015b\u0107 do z\u0142ego. Ale nie do ko\u0144ca\u2026<\/span><\/span><\/span><\/p>\n<p align=\"justify\"><span style=\"color: #000000;\"><span style=\"font-family: Book Antiqua, serif;\"><span style=\"font-size: large;\">Wszak \u2013 jak dalej czytamy \u2013 <i><b>nie tak samo ma si\u0119 rzecz z przest\u0119pstwem, jak z darem \u0142aski. Je\u017celi bowiem przest\u0119pstwo jednego sprowadzi\u0142o na wszystkich \u015bmier\u0107, to o ile\u017c obficiej sp\u0142yn\u0119\u0142a na nich wszystkich \u0142aska i dar Bo\u017cy, \u0142askawie udzielony przez jednego Cz\u0142owieka, Jezusa Chrystusa. <\/b><\/i><\/span><\/span><\/span><\/p>\n<p align=\"justify\"><span style=\"color: #000000;\"><span style=\"font-family: Book Antiqua, serif;\"><span style=\"font-size: large;\">Zatem, Jezus Chrystus wyzwoli\u0142 nas z mocy grzechu \u2013 tak\u017ce tego pierworodnego, ale i ka\u017cdego innego \u2013 i da\u0142 nam szans\u0119 zwyci\u0119stwa! Dlatego, pomimo s\u0142abo\u015bci i sk\u0142onno\u015bci do z\u0142ego, wcale <b>nie jeste\u015bmy skazani na grzech.<\/b> Pomimo ludzkiej u\u0142omno\u015bci, wcale nie musimy uznawa\u0107 za rzecz oczywist\u0105, \u017ce <b>mamy tej u\u0142omno\u015bci ulega\u0107! <\/b>Pomimo du\u017cego naporu z\u0142a \u2013 nacieraj\u0105cego na nas z zewn\u0105trz, ale tak\u017ce i z naszego w\u0142asnego serca, z naszych ludzkich sk\u0142onno\u015bci \u2013<b> wcale nie musimy ba\u0107 si\u0119 z\u0142ego i <\/b><b>si\u0119 <\/b><b>mu <\/b><b>poddawa\u0107!<\/b> <\/span><\/span><\/span><\/p>\n<p align=\"justify\"><span style=\"color: #000000;\"><span style=\"font-family: Book Antiqua, serif;\"><span style=\"font-size: large;\">My naprawd\u0119 jeste\u015bmy przeznaczeni do zwyci\u0119stwa! Wezwani do ci\u0105g\u0142ego i wytrwa\u0142ego zwyci\u0119\u017cania! Poniewa\u017c Jezus zap\u0142aci\u0142 za nas tak wielk\u0105 cen\u0119 i przyzna\u0142 si\u0119 do nas przed Ojcem, dlatego teraz ma prawo oczekiwa\u0107, \u017ce <b>i my przyznamy si\u0119 do Niego przed \u015bwiatem<\/b> \u2013 tak, tym \u015bwiatem, kt\u00f3ry jako\u015b tak nie za bardzo chce si\u0119 do Jezusa przyznawa\u0107, czy si\u0119 z Nim liczy\u0107. Wprost przeciwnie, <b>raczej si\u0119 od Niego odwraca.<\/b> Na nas wi\u0119c Jezus ma prawo liczy\u0107, \u017ce my w\u0142a\u015bnie <b>nie odwr\u00f3cimy si\u0119 od Niego. <\/b><\/span><\/span><\/span><\/p>\n<p align=\"justify\"><span style=\"color: #000000;\"><span style=\"font-family: Book Antiqua, serif;\"><span style=\"font-size: large;\">Ale nie o zapewnienia chodzi, tylko o postaw\u0119. Bo zapewnie\u0144 z naszej strony to ju\u017c <b>wiele On obietnic us\u0142ysza\u0142<\/b> \u2013 i ludzie us\u0142yszeli. Natomiast kolejne sytuacje, w kt\u00f3rych codziennie stajemy wobec konieczno\u015bci zaj\u0119cia jakiego\u015b stanowiska, dokonania jakiego\u015b wyboru, zrobienia tego, czy owego \u2013 <b>pokazuj\u0105, jak jest naprawd\u0119.<\/b> I nie tylko chodzi o wspomnian\u0105 ju\u017c sytuacj\u0119 og\u00f3lno\u015bwiatowego zagro\u017cenia epidemi\u0105 (albo og\u00f3lno\u015bwiatowego przekr\u0119tu, politycznej i medialnej manipulacji, nie wiemy\u2026), ale<b> o codzienne, zwyk\u0142e sprawy,<\/b> nasze ludzkie sprawy i \u017cyciowe okoliczno\u015bci, w kt\u00f3rych trzeba zaj\u0105\u0107 jakie\u015b stanowisko, dokona\u0107 jakiego\u015b wyboru, zrobi\u0107 co\u015b, lub w\u0142a\u015bnie nie zrobi\u0107, powiedzie\u0107 tak, lub tak\u2026 <\/span><\/span><\/span><\/p>\n<p align=\"justify\"><span style=\"color: #000000;\"><span style=\"font-family: Book Antiqua, serif;\"><span style=\"font-size: large;\">Tyle codziennych sytuacji, w kt\u00f3rych mamy <b>mo\u017cliwo\u015b\u0107 za\u015bwiadczenia o swojej wierze.<\/b> Albo przekonania siebie i innych, \u017ce z t\u0105 nasz\u0105 wiar\u0105 jest bardzo s\u0142abo\u2026 Tyle codziennych mo\u017cliwo\u015bci obrony wiary! Nie za cen\u0119 \u017cycia, ale \u2013 na przyk\u0142ad \u2013 za cen\u0119 <b>utraty pozytywnego odbioru przez otoczenie,<\/b> albo nawet konieczno\u015bci zniesienia drwin, szyderstwa, odrzucenia\u2026 Tym dzisiaj si\u0119 <b>p\u0142aci za wiar\u0119 w Jezusa<\/b> \u2013 w tym naszym cywilizowanym, wykszta\u0142conym i takim bardzo tolerancyjnym \u015bwiecie! <\/span><\/span><\/span><\/p>\n<p align=\"justify\"><span style=\"color: #000000;\"><span style=\"font-family: Book Antiqua, serif;\"><span style=\"font-size: large;\">Tolerancja \u2013 wed\u0142ug standard\u00f3w dzisiejszego \u015bwiata \u2013 to <b>pochwa\u0142a i promocja wszelkich wynaturze\u0144 i zbocze\u0144,<\/b> uleganie coraz bardziej brutalnym i bezczelnym naciskom ze strony tego typu \u015brodowisk, natomiast w przypadku warto\u015bci chrze\u015bcija\u0144skich i nauki ewangelicznej \u2013 <b>tolerancja nie istnieje.<\/b> Jezusa i Jego wyznawc\u00f3w mo\u017cna bez pardonu zwalcza\u0107, o\u015bmiesza\u0107, poni\u017ca\u0107. Taki \u015bwiat. Taki klimat. Taka tolerancja. <\/span><\/span><\/span><\/p>\n<p align=\"justify\"><span style=\"color: #000000;\"><span style=\"font-family: Book Antiqua, serif;\"><span style=\"font-size: large;\">Ale to \u017caden pow\u00f3d do narzekania z naszej strony, moi Drodzy! <b>Nie ma si\u0119 co za\u0142amywa\u0107,<\/b> szkoda czasu i energii na biadolenie. Owszem, trzeba widzie\u0107, co i jak, nie ulega\u0107 jakim\u015b naiwnym mrzonkom; trzeba sobie <b>zdawa\u0107 spraw\u0119 z zagro\u017ce\u0144 <\/b>i niesprzyjaj\u0105cych okoliczno\u015bci. Ale trzeba te\u017c pami\u0119ta\u0107, jak pot\u0119\u017cna Moc i Si\u0142a jest po naszej stronie! <b>Moc i si\u0142a samego Boga! <\/b>Nigdy nam o tym nie wolno zapomnie\u0107 \u2013 szczeg\u00f3lnie nam, w tych obecnych czasach! <\/span><\/span><\/span><\/p>\n<p align=\"justify\"><span style=\"color: #000000;\"><span style=\"font-family: Book Antiqua, serif;\"><span style=\"font-size: large;\">Bo dzisiaj bardzo <b>potrzeba naszego zwyci\u0119\u017cania!<\/b> Bardzo trzeba <b>radosnego i odwa\u017cnego<\/b> \u015bwiadectwa naszej wiary! Wyj\u0105tkowo dzisiaj tego potrzeba! Nam samym \u2013 i wszystkim, w\u015br\u00f3d kt\u00f3rych \u017cyjemy! I dla kt\u00f3rych \u017cyjemy! <\/span><\/span><\/span><\/p>\n<p align=\"justify\"><span style=\"color: #000000;\"><span style=\"font-family: Book Antiqua, serif;\"><span style=\"font-size: large;\"><b>I nie ma si\u0119 co zniech\u0119ca\u0107,<\/b> nie ma co utyskiwa\u0107 z powodu niekorzystnych okoliczno\u015bci, a nawet i z tego powodu, \u017ce <b>nie rozumiemy niekt\u00f3rych decyzji czy zachowa\u0144 i postaw \u2013 nawet naszych pasterzy!<\/b> My przecie\u017c wiemy, jak powinni\u015bmy \u017cy\u0107 i jakie postawy przyjmowa\u0107, rozr\u00f3\u017cniamy dobro od z\u0142a \u2013 <b>od dziecka jeste\u015bmy w tym wychowywani.<\/b> Pojedyncze trudne czy niezrozumia\u0142e sytuacje nie mog\u0105 w nas gasi\u0107 ducha i zmienia\u0107 kursu naszego \u017cycia! Wprost przeciwnie \u2013 jeszcze bardziej powinny nas <b>wewn\u0119trznie wzmacnia\u0107! <\/b><\/span><\/span><\/span><\/p>\n<p align=\"justify\"><span style=\"color: #000000;\"><span style=\"font-family: Book Antiqua, serif;\"><span style=\"font-size: large;\">Niech wi\u0119c wzmacniaj\u0105! Pami\u0119tajmy, Jezus powiedzia\u0142 wyra\u017anie: <i><b>Do ka\u017cdego wi\u0119c, kt\u00f3ry si\u0119 przyzna do Mnie przed lud\u017ami,<\/b><\/i><b> <\/b><i><b>przyznam si\u0119 i Ja przed moim Ojcem, kt\u00f3ry jest w niebie. Lecz kto si\u0119 Mnie zaprze przed lud\u017ami, tego zapr\u0119 si\u0119 i Ja przed moim Ojcem, kt\u00f3ry jest w niebie.<\/b><\/i><b> <\/b>Trzeciej mo\u017cliwo\u015bci nie ma.<\/span><\/span><\/span><\/p>\n","protected":false},"excerpt":{"rendered":"<p>Niech b\u0119dzie pochwalony Jezus Chrystus! Moi Drodzy, raz jeszcze dzi\u0119kuj\u0105c za \u017cyczenia z okazji rocznicy moich \u015bwi\u0119ce\u0144 kap\u0142a\u0144skich, zapraszam do zapoznania si\u0119 z relacj\u0105 ze Mszy \u015awi\u0119tej dzi\u0119kczynnej, sprawowanej w gronie naszego Kursu, w pi\u0105tek, w Samogoszczy: http:\/\/podlasie24.pl\/\/garwolin\/kosciol\/samogoszcz-22.-rocznica-swiecen-kaplanskich-2eb1e.html A ja dzisiaj nie jestem, jak co niedziel\u0119, w Samogoszczy, gdy\u017c o godzinie 12:30, b\u0119d\u0119 przewodniczy\u0142 uroczysto\u015bci [&hellip;]<\/p>\n","protected":false},"author":1,"featured_media":0,"comment_status":"open","ping_status":"open","sticky":false,"template":"","format":"standard","meta":{"jetpack_post_was_ever_published":false,"_jetpack_newsletter_access":"","_jetpack_dont_email_post_to_subs":false,"_jetpack_newsletter_tier_id":0,"_jetpack_memberships_contains_paywalled_content":false,"_jetpack_memberships_contains_paid_content":false,"footnotes":""},"categories":[1],"tags":[],"class_list":["post-17251","post","type-post","status-publish","format-standard","hentry","category-bez-kategorii"],"yoast_head":"<!-- This site is optimized with the Yoast SEO plugin v25.1 - https:\/\/yoast.com\/wordpress\/plugins\/seo\/ -->\n<title>Kto si\u0119 do Mnie przyzna... - Gaudium Et Spes<\/title>\n<meta name=\"robots\" content=\"index, follow, max-snippet:-1, max-image-preview:large, max-video-preview:-1\" \/>\n<link rel=\"canonical\" href=\"https:\/\/gaudiumetspes-blog.pl\/index.php\/2020\/06\/21\/kto-sie-do-mnie-przyzna\/\" \/>\n<meta property=\"og:locale\" content=\"pl_PL\" \/>\n<meta property=\"og:type\" content=\"article\" \/>\n<meta property=\"og:title\" content=\"Kto si\u0119 do Mnie przyzna... - Gaudium Et Spes\" \/>\n<meta property=\"og:description\" content=\"Niech b\u0119dzie pochwalony Jezus Chrystus! Moi Drodzy, raz jeszcze dzi\u0119kuj\u0105c za \u017cyczenia z okazji rocznicy moich \u015bwi\u0119ce\u0144 kap\u0142a\u0144skich, zapraszam do zapoznania si\u0119 z relacj\u0105 ze Mszy \u015awi\u0119tej dzi\u0119kczynnej, sprawowanej w gronie naszego Kursu, w pi\u0105tek, w Samogoszczy: http:\/\/podlasie24.pl\/\/garwolin\/kosciol\/samogoszcz-22.-rocznica-swiecen-kaplanskich-2eb1e.html A ja dzisiaj nie jestem, jak co niedziel\u0119, w Samogoszczy, gdy\u017c o godzinie 12:30, b\u0119d\u0119 przewodniczy\u0142 uroczysto\u015bci [&hellip;]\" \/>\n<meta property=\"og:url\" content=\"https:\/\/gaudiumetspes-blog.pl\/index.php\/2020\/06\/21\/kto-sie-do-mnie-przyzna\/\" \/>\n<meta property=\"og:site_name\" content=\"Gaudium Et Spes\" \/>\n<meta property=\"article:published_time\" content=\"2020-06-21T03:39:34+00:00\" \/>\n<meta name=\"author\" content=\"Ks. Jacek\" \/>\n<meta name=\"twitter:card\" content=\"summary_large_image\" \/>\n<meta name=\"twitter:label1\" content=\"Napisane przez\" \/>\n\t<meta name=\"twitter:data1\" content=\"Ks. Jacek\" \/>\n\t<meta name=\"twitter:label2\" content=\"Szacowany czas czytania\" \/>\n\t<meta name=\"twitter:data2\" content=\"13 minut\" \/>\n<script type=\"application\/ld+json\" class=\"yoast-schema-graph\">{\"@context\":\"https:\/\/schema.org\",\"@graph\":[{\"@type\":\"WebPage\",\"@id\":\"https:\/\/gaudiumetspes-blog.pl\/index.php\/2020\/06\/21\/kto-sie-do-mnie-przyzna\/\",\"url\":\"https:\/\/gaudiumetspes-blog.pl\/index.php\/2020\/06\/21\/kto-sie-do-mnie-przyzna\/\",\"name\":\"Kto si\u0119 do Mnie przyzna... - Gaudium Et Spes\",\"isPartOf\":{\"@id\":\"https:\/\/gaudiumetspes-blog.pl\/#website\"},\"datePublished\":\"2020-06-21T03:39:34+00:00\",\"author\":{\"@id\":\"https:\/\/gaudiumetspes-blog.pl\/#\/schema\/person\/1661982992b752dea8dff0d4ed845a65\"},\"breadcrumb\":{\"@id\":\"https:\/\/gaudiumetspes-blog.pl\/index.php\/2020\/06\/21\/kto-sie-do-mnie-przyzna\/#breadcrumb\"},\"inLanguage\":\"pl-PL\",\"potentialAction\":[{\"@type\":\"ReadAction\",\"target\":[\"https:\/\/gaudiumetspes-blog.pl\/index.php\/2020\/06\/21\/kto-sie-do-mnie-przyzna\/\"]}]},{\"@type\":\"BreadcrumbList\",\"@id\":\"https:\/\/gaudiumetspes-blog.pl\/index.php\/2020\/06\/21\/kto-sie-do-mnie-przyzna\/#breadcrumb\",\"itemListElement\":[{\"@type\":\"ListItem\",\"position\":1,\"name\":\"Strona g\u0142\u00f3wna\",\"item\":\"https:\/\/gaudiumetspes-blog.pl\/\"},{\"@type\":\"ListItem\",\"position\":2,\"name\":\"Kto si\u0119 do&nbsp;Mnie przyzna&#8230;\"}]},{\"@type\":\"WebSite\",\"@id\":\"https:\/\/gaudiumetspes-blog.pl\/#website\",\"url\":\"https:\/\/gaudiumetspes-blog.pl\/\",\"name\":\"Gaudium Et Spes\",\"description\":\"Blog Ks. Jacka Ja\u015bkowskiego\",\"potentialAction\":[{\"@type\":\"SearchAction\",\"target\":{\"@type\":\"EntryPoint\",\"urlTemplate\":\"https:\/\/gaudiumetspes-blog.pl\/?s={search_term_string}\"},\"query-input\":{\"@type\":\"PropertyValueSpecification\",\"valueRequired\":true,\"valueName\":\"search_term_string\"}}],\"inLanguage\":\"pl-PL\"},{\"@type\":\"Person\",\"@id\":\"https:\/\/gaudiumetspes-blog.pl\/#\/schema\/person\/1661982992b752dea8dff0d4ed845a65\",\"name\":\"Ks. Jacek\",\"image\":{\"@type\":\"ImageObject\",\"inLanguage\":\"pl-PL\",\"@id\":\"https:\/\/gaudiumetspes-blog.pl\/#\/schema\/person\/image\/\",\"url\":\"https:\/\/gaudiumetspes-blog.pl\/wp-content\/uploads\/2019\/07\/avatar-JJ-150x150.jpg\",\"contentUrl\":\"https:\/\/gaudiumetspes-blog.pl\/wp-content\/uploads\/2019\/07\/avatar-JJ-150x150.jpg\",\"caption\":\"Ks. Jacek\"},\"description\":\"Witam serdecznie! K\u0142ania si\u0119 Ks. Jacek Ja\u015bkowski. Nie jestem ani kim\u015b wa\u017cnym, ani kim\u015b znanym. Jestem ksi\u0119dzem, kt\u00f3ry po prostu chce rozmawia\u0107. Codzienna kap\u0142a\u0144ska pos\u0142uga pokazuje mi, \u017ce temat\u00f3w do rozm\u00f3w z ksi\u0119dzem jest coraz wi\u0119cej i dzisiaj \u017caden ksi\u0105dz nie mo\u017ce od nich ucieka\u0107, ale - wprost przeciwnie - podejmowa\u0107 nowe wyzwania. To przekonanie sk\u0142oni\u0142o mnie do pr\u00f3by otwarcia tego\u017c bloga, chocia\u017c okazji do rozm\u00f3w na co dzie\u0144 - w konfesjonale i poza nim - na szcz\u0119\u015bcie nie brakuje. My\u015bl\u0119 jednak, \u017ce ten blog b\u0119dzie jeszcze jednym sposobem i przestrzeni\u0105 nawi\u0105zania kontaktu z lud\u017ami dobrej woli, otwartymi na dialog.\",\"url\":\"https:\/\/gaudiumetspes-blog.pl\/index.php\/author\/ks-jacek\/\"}]}<\/script>\n<!-- \/ Yoast SEO plugin. -->","yoast_head_json":{"title":"Kto si\u0119 do Mnie przyzna... - Gaudium Et Spes","robots":{"index":"index","follow":"follow","max-snippet":"max-snippet:-1","max-image-preview":"max-image-preview:large","max-video-preview":"max-video-preview:-1"},"canonical":"https:\/\/gaudiumetspes-blog.pl\/index.php\/2020\/06\/21\/kto-sie-do-mnie-przyzna\/","og_locale":"pl_PL","og_type":"article","og_title":"Kto si\u0119 do Mnie przyzna... - Gaudium Et Spes","og_description":"Niech b\u0119dzie pochwalony Jezus Chrystus! Moi Drodzy, raz jeszcze dzi\u0119kuj\u0105c za \u017cyczenia z okazji rocznicy moich \u015bwi\u0119ce\u0144 kap\u0142a\u0144skich, zapraszam do zapoznania si\u0119 z relacj\u0105 ze Mszy \u015awi\u0119tej dzi\u0119kczynnej, sprawowanej w gronie naszego Kursu, w pi\u0105tek, w Samogoszczy: http:\/\/podlasie24.pl\/\/garwolin\/kosciol\/samogoszcz-22.-rocznica-swiecen-kaplanskich-2eb1e.html A ja dzisiaj nie jestem, jak co niedziel\u0119, w Samogoszczy, gdy\u017c o godzinie 12:30, b\u0119d\u0119 przewodniczy\u0142 uroczysto\u015bci [&hellip;]","og_url":"https:\/\/gaudiumetspes-blog.pl\/index.php\/2020\/06\/21\/kto-sie-do-mnie-przyzna\/","og_site_name":"Gaudium Et Spes","article_published_time":"2020-06-21T03:39:34+00:00","author":"Ks. Jacek","twitter_card":"summary_large_image","twitter_misc":{"Napisane przez":"Ks. Jacek","Szacowany czas czytania":"13 minut"},"schema":{"@context":"https:\/\/schema.org","@graph":[{"@type":"WebPage","@id":"https:\/\/gaudiumetspes-blog.pl\/index.php\/2020\/06\/21\/kto-sie-do-mnie-przyzna\/","url":"https:\/\/gaudiumetspes-blog.pl\/index.php\/2020\/06\/21\/kto-sie-do-mnie-przyzna\/","name":"Kto si\u0119 do Mnie przyzna... - Gaudium Et Spes","isPartOf":{"@id":"https:\/\/gaudiumetspes-blog.pl\/#website"},"datePublished":"2020-06-21T03:39:34+00:00","author":{"@id":"https:\/\/gaudiumetspes-blog.pl\/#\/schema\/person\/1661982992b752dea8dff0d4ed845a65"},"breadcrumb":{"@id":"https:\/\/gaudiumetspes-blog.pl\/index.php\/2020\/06\/21\/kto-sie-do-mnie-przyzna\/#breadcrumb"},"inLanguage":"pl-PL","potentialAction":[{"@type":"ReadAction","target":["https:\/\/gaudiumetspes-blog.pl\/index.php\/2020\/06\/21\/kto-sie-do-mnie-przyzna\/"]}]},{"@type":"BreadcrumbList","@id":"https:\/\/gaudiumetspes-blog.pl\/index.php\/2020\/06\/21\/kto-sie-do-mnie-przyzna\/#breadcrumb","itemListElement":[{"@type":"ListItem","position":1,"name":"Strona g\u0142\u00f3wna","item":"https:\/\/gaudiumetspes-blog.pl\/"},{"@type":"ListItem","position":2,"name":"Kto si\u0119 do&nbsp;Mnie przyzna&#8230;"}]},{"@type":"WebSite","@id":"https:\/\/gaudiumetspes-blog.pl\/#website","url":"https:\/\/gaudiumetspes-blog.pl\/","name":"Gaudium Et Spes","description":"Blog Ks. Jacka Ja\u015bkowskiego","potentialAction":[{"@type":"SearchAction","target":{"@type":"EntryPoint","urlTemplate":"https:\/\/gaudiumetspes-blog.pl\/?s={search_term_string}"},"query-input":{"@type":"PropertyValueSpecification","valueRequired":true,"valueName":"search_term_string"}}],"inLanguage":"pl-PL"},{"@type":"Person","@id":"https:\/\/gaudiumetspes-blog.pl\/#\/schema\/person\/1661982992b752dea8dff0d4ed845a65","name":"Ks. Jacek","image":{"@type":"ImageObject","inLanguage":"pl-PL","@id":"https:\/\/gaudiumetspes-blog.pl\/#\/schema\/person\/image\/","url":"https:\/\/gaudiumetspes-blog.pl\/wp-content\/uploads\/2019\/07\/avatar-JJ-150x150.jpg","contentUrl":"https:\/\/gaudiumetspes-blog.pl\/wp-content\/uploads\/2019\/07\/avatar-JJ-150x150.jpg","caption":"Ks. Jacek"},"description":"Witam serdecznie! K\u0142ania si\u0119 Ks. Jacek Ja\u015bkowski. Nie jestem ani kim\u015b wa\u017cnym, ani kim\u015b znanym. Jestem ksi\u0119dzem, kt\u00f3ry po prostu chce rozmawia\u0107. Codzienna kap\u0142a\u0144ska pos\u0142uga pokazuje mi, \u017ce temat\u00f3w do rozm\u00f3w z ksi\u0119dzem jest coraz wi\u0119cej i dzisiaj \u017caden ksi\u0105dz nie mo\u017ce od nich ucieka\u0107, ale - wprost przeciwnie - podejmowa\u0107 nowe wyzwania. To przekonanie sk\u0142oni\u0142o mnie do pr\u00f3by otwarcia tego\u017c bloga, chocia\u017c okazji do rozm\u00f3w na co dzie\u0144 - w konfesjonale i poza nim - na szcz\u0119\u015bcie nie brakuje. My\u015bl\u0119 jednak, \u017ce ten blog b\u0119dzie jeszcze jednym sposobem i przestrzeni\u0105 nawi\u0105zania kontaktu z lud\u017ami dobrej woli, otwartymi na dialog.","url":"https:\/\/gaudiumetspes-blog.pl\/index.php\/author\/ks-jacek\/"}]}},"jetpack_featured_media_url":"","jetpack_sharing_enabled":true,"_links":{"self":[{"href":"https:\/\/gaudiumetspes-blog.pl\/index.php\/wp-json\/wp\/v2\/posts\/17251","targetHints":{"allow":["GET"]}}],"collection":[{"href":"https:\/\/gaudiumetspes-blog.pl\/index.php\/wp-json\/wp\/v2\/posts"}],"about":[{"href":"https:\/\/gaudiumetspes-blog.pl\/index.php\/wp-json\/wp\/v2\/types\/post"}],"author":[{"embeddable":true,"href":"https:\/\/gaudiumetspes-blog.pl\/index.php\/wp-json\/wp\/v2\/users\/1"}],"replies":[{"embeddable":true,"href":"https:\/\/gaudiumetspes-blog.pl\/index.php\/wp-json\/wp\/v2\/comments?post=17251"}],"version-history":[{"count":1,"href":"https:\/\/gaudiumetspes-blog.pl\/index.php\/wp-json\/wp\/v2\/posts\/17251\/revisions"}],"predecessor-version":[{"id":17252,"href":"https:\/\/gaudiumetspes-blog.pl\/index.php\/wp-json\/wp\/v2\/posts\/17251\/revisions\/17252"}],"wp:attachment":[{"href":"https:\/\/gaudiumetspes-blog.pl\/index.php\/wp-json\/wp\/v2\/media?parent=17251"}],"wp:term":[{"taxonomy":"category","embeddable":true,"href":"https:\/\/gaudiumetspes-blog.pl\/index.php\/wp-json\/wp\/v2\/categories?post=17251"},{"taxonomy":"post_tag","embeddable":true,"href":"https:\/\/gaudiumetspes-blog.pl\/index.php\/wp-json\/wp\/v2\/tags?post=17251"}],"curies":[{"name":"wp","href":"https:\/\/api.w.org\/{rel}","templated":true}]}}