{"id":17261,"date":"2020-06-25T10:43:13","date_gmt":"2020-06-25T08:43:13","guid":{"rendered":"https:\/\/gaudiumetspes-blog.pl\/?p=17261"},"modified":"2020-06-25T11:21:26","modified_gmt":"2020-06-25T09:21:26","slug":"czy-mam-dobry-fundament","status":"publish","type":"post","link":"https:\/\/gaudiumetspes-blog.pl\/index.php\/2020\/06\/25\/czy-mam-dobry-fundament\/","title":{"rendered":"Czy mam dobry fundament?"},"content":{"rendered":"<p><strong><img loading=\"lazy\" decoding=\"async\" class=\"size-medium wp-image-17183 alignright\" src=\"https:\/\/gaudiumetspes-blog.pl\/wp-content\/uploads\/2020\/06\/D4B52D7F-C521-4551-ABF5-7C6D491BC847-300x225.jpeg\" alt=\"\" width=\"300\" height=\"225\" srcset=\"https:\/\/gaudiumetspes-blog.pl\/wp-content\/uploads\/2020\/06\/D4B52D7F-C521-4551-ABF5-7C6D491BC847-300x225.jpeg 300w, https:\/\/gaudiumetspes-blog.pl\/wp-content\/uploads\/2020\/06\/D4B52D7F-C521-4551-ABF5-7C6D491BC847-768x576.jpeg 768w, https:\/\/gaudiumetspes-blog.pl\/wp-content\/uploads\/2020\/06\/D4B52D7F-C521-4551-ABF5-7C6D491BC847-1024x768.jpeg 1024w, https:\/\/gaudiumetspes-blog.pl\/wp-content\/uploads\/2020\/06\/D4B52D7F-C521-4551-ABF5-7C6D491BC847-1920x1440.jpeg 1920w, https:\/\/gaudiumetspes-blog.pl\/wp-content\/uploads\/2020\/06\/D4B52D7F-C521-4551-ABF5-7C6D491BC847-720x540.jpeg 720w, https:\/\/gaudiumetspes-blog.pl\/wp-content\/uploads\/2020\/06\/D4B52D7F-C521-4551-ABF5-7C6D491BC847-580x435.jpeg 580w, https:\/\/gaudiumetspes-blog.pl\/wp-content\/uploads\/2020\/06\/D4B52D7F-C521-4551-ABF5-7C6D491BC847-320x240.jpeg 320w\" sizes=\"auto, (max-width: 300px) 100vw, 300px\" \/>Niech b\u0119dzie pochwalony Jezus Chrystus!<\/strong><\/p>\n<p>Pozdrawiam Was bardzo serdecznie z Syberii, z Surgutu.<span class=\"Apple-converted-space\">\u00a0<\/span><\/p>\n<p>U nas dzi\u015b deszczowo, cho\u0107 w miar\u0119 ciep\u0142o. Ci\u0105gle trwamy w zamkni\u0119ciu, bo chorobo nie ust\u0119puje. Prosz\u0119 o modlitw\u0119, \u017ceby wreszcie to si\u0119 sko\u0144czy\u0142o, albo przynajmniej zmniejszy\u0142o.<span class=\"Apple-converted-space\">\u00a0<\/span><\/p>\n<p>A dzi\u015b zapraszam do wsp\u00f3lnego rozwa\u017cania nad S\u0142owem Bo\u017cym. Niech Duch \u015awi\u0119ty da nam \u015bwiat\u0142o i m\u0105dro\u015b\u0107, aby\u015bmy rozpoznali wol\u0119 Boga i j\u0105 wype\u0142niali.<span class=\"Apple-converted-space\">\u00a0<\/span><\/p>\n<p><em><strong>(2 Krl 24,8-17)<span class=\"Apple-converted-space\">\u00a0<\/span><\/strong><\/em><\/p>\n<p><em><strong>Gdy Jojakin obejmowa\u0142 w\u0142adz\u0119 mia\u0142 osiemna\u015bcie lat i panowa\u0142 w Jerozolimie trzy miesi\u0105ce. Matce jego by\u0142o na imi\u0119 Nechuszta &#8211; c\u00f3rka Elnatana z Jerozolimy. Czyni\u0142 on to, co jest z\u0142e w oczach Pa\u0144skich, zupe\u0142nie tak, jak jego ojciec. W owym czasie s\u0142udzy Nabuchodonozora, kr\u00f3la babilo\u0144skiego, wyruszyli przeciw Jerozolimie i oblegli miasto. Nabuchodonozor, kr\u00f3l babilo\u0144ski, stan\u0105\u0142 pod miastem, podczas gdy s\u0142udzy jego oblegali je. Wtedy Jojakin, kr\u00f3l judzki, wyszed\u0142 ku kr\u00f3lowi babilo\u0144skiemu wraz ze swoj\u0105 matk\u0105, swymi s\u0142ugami, ksi\u0105\u017c\u0119tami i dworzanami. A kr\u00f3l babilo\u0144ski pojma\u0142 go w \u00f3smym roku swego panowania. R\u00f3wnie\u017c zabra\u0142 stamt\u0105d wszystkie skarby \u015bwi\u0105tyni Pa\u0144skiej i skarby pa\u0142acu kr\u00f3lewskiego. Po\u0142ama\u0142 wszystkie przedmioty z\u0142ote, kt\u00f3re wykona\u0142 Salomon, kr\u00f3l izraelski, dla \u015bwi\u0105tyni Pa\u0144skiej &#8211; tak jak Pan przepowiedzia\u0142. I przesiedli\u0142 na wygnanie ca\u0142\u0105 Jerozolim\u0119, mianowicie wszystkich ksi\u0105\u017c\u0105t i wszystkich dzielnych wojownik\u00f3w, dziesi\u0119\u0107 tysi\u0119cy pojmanych, oraz wszystkich kowali i \u015blusarzy. Pozosta\u0142a jedynie najubo\u017csza ludno\u015b\u0107 kraju. Przesiedli\u0142 te\u017c Jojakina do Babilonu. Tak\u017ce matk\u0119 kr\u00f3la, \u017cony kr\u00f3la, jego dworzan i mo\u017cnych kraju zabra\u0142 do niewoli z Jerozolimy do Babilonu. Wszystkich ludzi znacznych w liczbie siedmiu tysi\u0119cy, kowali i \u015blusarzy w liczbie tysi\u0105ca, wszystkich wojownik\u00f3w kr\u00f3l babilo\u0144ski uprowadzi\u0142 do niewoli, do Babilonu. W jego za\u015b miejsce kr\u00f3l babilo\u0144ski ustanowi\u0142 kr\u00f3lem jego stryja, Mattaniasza, zmieniaj\u0105c jego imi\u0119 na Sedecjasz.<\/strong><\/em><\/p>\n<p><em><strong>(Mt 7,21-29)<span class=\"Apple-converted-space\">\u00a0<\/span><\/strong><\/em><\/p>\n<p><em><strong>Jezus powiedzia\u0142 do swoich uczni\u00f3w: Nie ka\u017cdy, kt\u00f3ry Mi m\u00f3wi: Panie, Panie!, wejdzie do kr\u00f3lestwa niebieskiego, lecz ten, kto spe\u0142nia wol\u0119 mojego Ojca, kt\u00f3ry jest w niebie. Wielu powie Mi w owym dniu: Panie, Panie, czy nie prorokowali\u015bmy moc\u0105 Twego imienia i nie wyrzucali\u015bmy z\u0142ych duch\u00f3w moc\u0105 Twego imienia, i nie czynili\u015bmy wielu cud\u00f3w moc\u0105 Twego imienia? Wtedy o\u015bwiadcz\u0119 im: Nigdy was nie zna\u0142em. Odejd\u017acie ode Mnie wy, kt\u00f3rzy dopuszczacie si\u0119 nieprawo\u015bci! Ka\u017cdego wi\u0119c, kto tych s\u0142\u00f3w moich s\u0142ucha i wype\u0142nia je, mo\u017cna por\u00f3wna\u0107 z cz\u0142owiekiem roztropnym, kt\u00f3ry dom sw\u00f3j zbudowa\u0142 na skale. Spad\u0142 deszcz, wezbra\u0142y potoki, zerwa\u0142y si\u0119 wichry i uderzy\u0142y w ten dom. On jednak nie run\u0105\u0142, bo na skale by\u0142 utwierdzony. Ka\u017cdego za\u015b, kto tych s\u0142\u00f3w moich s\u0142ucha, a nie wype\u0142nia ich, mo\u017cna por\u00f3wna\u0107 z cz\u0142owiekiem nierozs\u0105dnym, kt\u00f3ry dom sw\u00f3j zbudowa\u0142 na piasku. Spad\u0142 deszcz, wezbra\u0142y potoki, zerwa\u0142y si\u0119 wichry i rzuci\u0142y si\u0119 na ten dom. I run\u0105\u0142, a upadek jego by\u0142 wielki . Gdy Jezus doko\u0144czy\u0142 tych m\u00f3w, t\u0142umy zdumiewa\u0142y si\u0119 Jego nauk\u0105. Uczy\u0142 ich bowiem jak ten, kt\u00f3ry ma w\u0142adz\u0119, a nie jak ich uczeni w Pi\u015bmie.<\/strong><\/em><\/p>\n<p>Szczerze nie mia\u0142em zamiaru pisa\u0107 o wyborach prezydenckich, jeste\u015bcie tym tematem bombardowani i pewnie ka\u017cdy z Was ma jasno\u015b\u0107 co robi\u0107 i na kogo g\u0142osowa\u0107. Jednak dzisiejsze S\u0142owo, bardzo jasno ten temat porusza. Je\u015bli s\u0142owo ma by\u0107 \u015bwiat\u0142em na wszystkie sytuacje naszego \u017cycia, to tak\u017ce i na t\u0119.<span class=\"Apple-converted-space\">\u00a0<\/span><\/p>\n<p>Oto dzi\u015b w I czytaniu widzimy cz\u0142owieka, kt\u00f3ry obejmuje w\u0142adz\u0119 w narodzie, m\u0142odego Jojakima, o kt\u00f3rym czytamy: \u201eCzyni\u0142 on to, co jest z\u0142e w oczach Pa\u0144skich, zupe\u0142nie tak, jak jego ojciec\u201d. Rozumiemy wi\u0119c czemu tak czyni\u0142 &#8211; by\u0142 \u017ale wychowany, mia\u0142 z\u0142y przyk\u0142ad ojca.<span class=\"Apple-converted-space\">\u00a0<\/span><\/p>\n<p>Do czego doprowadzi\u0142a w\u0142adza takiego cz\u0142owieka? \u201eNabuchodonozor, kr\u00f3l babilo\u0144ski, stan\u0105\u0142 pod miastem, podczas gdy s\u0142udzy jego oblegali je. Wtedy Jojakin, kr\u00f3l judzki, wyszed\u0142 ku kr\u00f3lowi babilo\u0144skiemu wraz ze swoj\u0105 matk\u0105, swymi s\u0142ugami, ksi\u0105\u017c\u0119tami i dworzanami. A kr\u00f3l babilo\u0144ski pojma\u0142 go w \u00f3smym roku swego panowania. R\u00f3wnie\u017c zabra\u0142 stamt\u0105d wszystkie skarby \u015bwi\u0105tyni Pa\u0144skiej i skarby pa\u0142acu kr\u00f3lewskiego\u201d. Itd\u2026<\/p>\n<p>Co wiemy o Jojakimie, o jego rz\u0105dach? &#8211; \u201eCzyni\u0142 on to, co jest z\u0142e w oczach Pa\u0144skich\u201d.<\/p>\n<p>Tylko i a\u017c tyle.<span class=\"Apple-converted-space\">\u00a0<\/span><\/p>\n<p>Na kogo g\u0142osowa\u0107 w wyborach prezydenckich? &#8211; Na tego, kto nie czyni \u017ale w oczach Pa\u0144skich. Rz\u0105dy bowiem takich przyw\u00f3dc\u00f3w doprowadzaj\u0105 do ruiny.<span class=\"Apple-converted-space\">\u00a0<\/span><\/p>\n<p>Je\u015bli patrzymy na kandydat\u00f3w na urz\u0105d prezydenta, je\u015bli s\u0142uchamy ich program\u00f3w wyborczych, je\u015bli patrzymy na ich \u017cycie i moralno\u015b\u0107, a tak\u017ce jak odnosz\u0105 si\u0119 do spraw moralnych, etycznych, mamy ocenia\u0107, jako ludzie wierz\u0105cy, czy ten prezydent b\u0119dzie s\u0142ucha\u0142 si\u0119 Kr\u00f3la. Kto jest najbardziej przynajmniej zbli\u017cony do pozycji, do pogl\u0105d\u00f3w i pragnie\u0144 Kr\u00f3la &#8211; Boga.<span class=\"Apple-converted-space\">\u00a0<\/span><\/p>\n<p>Mamy g\u0142osowa\u0107 nie na tego kto nam si\u0119 podoba, ale na tego kto podoba si\u0119 Bogu, kto nie czyni tego co z\u0142e w oczach Boga. Pomy\u015blmy, pom\u00f3dlmy si\u0119 do Ducha \u015awi\u0119tego i kto tylko mo\u017ce &#8211; we\u017acie udzia\u0142 w wyborach. I m\u00f3dlmy si\u0119, \u017ceby nie zosta\u0142 wybrany \u201eJojakim\u201d, cz\u0142owiek, kt\u00f3ry czyni i b\u0119dzie czyni\u0142 to co z\u0142e w oczach Pa\u0144skich, ale ten, kt\u00f3ry dom w\u0142asnego \u017cycia buduje na skale.<span class=\"Apple-converted-space\">\u00a0<\/span><\/p>\n<p>Tyle, gdy chodzi o wybory.<\/p>\n<p>Jednak przede wszystkim my dzi\u015b mamy zastanowi\u0107 si\u0119 nad sob\u0105 &#8211; czy nie jestem cz\u0142owiekiem, kt\u00f3ry czyni to co z\u0142e w oczach Pa\u0144skich. Czy kto\u015b i o nas nie napisze, nie powie takiego \u015bwiadectwa &#8211; on czyni\u0142 to co z\u0142e w oczach Pa\u0144skich.<span class=\"Apple-converted-space\">\u00a0<\/span><\/p>\n<p>Ka\u017cdy z nas czyni to co z\u0142e w oczach Pa\u0144skich, dlatego \u017ce ka\u017cdy grzech jest czym\u015b takim, ale cho\u0107, czy staram si\u0119 z tym walczy\u0107, jak mo\u017cna mniej czyni\u0107 to co z\u0142e.<span class=\"Apple-converted-space\">\u00a0<\/span><\/p>\n<p>Mo\u017cna zamy\u015ble\u0107 si\u0119 nad tym &#8211; co w moim \u017cyciu jest tym co z\u0142e w oczach Pa\u0144skich? Co si\u0119 Panu Bogu we mnie nie podoba?<span class=\"Apple-converted-space\">\u00a0<\/span><\/p>\n<p>Ewangelia dzisiejsza w podobnym duchu &#8211; dom na skale i na piasku. (Temat budowy domu i fundament\u00f3w jest mi teraz szczeg\u00f3lnie bliski, co mo\u017cecie zobaczy\u0107 w filmiku pod rozwa\u017caniem).<span class=\"Apple-converted-space\">\u00a0<\/span><\/p>\n<p>Warto si\u0119 przyjrze\u0107 uwa\u017cnie &#8211; kogo Pan Jezus okre\u015bla, por\u00f3wnuje z cz\u0142owiekiem buduj\u0105cym na skale, a kogo na piasku?<span class=\"Apple-converted-space\">\u00a0<\/span><\/p>\n<p>\u201eKa\u017cdego wi\u0119c, kto tych s\u0142\u00f3w moich s\u0142ucha i wype\u0142nia je, mo\u017cna por\u00f3wna\u0107 z cz\u0142owiekiem roztropnym, kt\u00f3ry dom sw\u00f3j zbudowa\u0142 na skale\u201d.<\/p>\n<p>\u201eKa\u017cdego za\u015b, kto tych s\u0142\u00f3w moich s\u0142ucha, a nie wype\u0142nia ich, mo\u017cna por\u00f3wna\u0107 z cz\u0142owiekiem nierozs\u0105dnym, kt\u00f3ry dom sw\u00f3j zbudowa\u0142 na piasku\u201d.<\/p>\n<p>Kto s\u0142ucha i wype\u0142nia &#8211; kto s\u0142ucha, a nie wype\u0142nia.<\/p>\n<p>W og\u00f3le Jezus nie m\u00f3wi o tych, kt\u00f3rzy nie s\u0142uchaj\u0105.<span class=\"Apple-converted-space\">\u00a0<\/span><\/p>\n<p>A wi\u0119c \u017ale mo\u017ce sko\u0144czy\u0107 nawet ten kto s\u0142ucha Jezusa, kto s\u0142ucha S\u0142owa Bo\u017cego. A co m\u00f3wi\u0107 je\u015bli kto\u015b nie s\u0142ucha?<\/p>\n<p>A zatem je\u015bli ju\u017c s\u0142uchamy, je\u015bli czytamy, je\u015bli rozmy\u015blamy nad S\u0142owem Bo\u017cym, to mamy te\u017c to s\u0142owo wype\u0142nia\u0107.<span class=\"Apple-converted-space\">\u00a0<\/span><\/p>\n<p>Ja robi\u0119 teraz takie kr\u00f3tkie rozwa\u017cania codzienne (wideo), po rosyjsku, gdzie bior\u0119 jakie\u015b zdanie z Ewangelii, kr\u00f3tki komentarz, ok. 3 minuty, i koniecznie na koniec propozycja postanowienia. Nazwa\u0142em to: \u201eS\u0142owo cia\u0142em si\u0119 sta\u0142o\u201d. Chodzi tu o takie rozmy\u015blanie, kt\u00f3re prowadzi do konkretnego dzia\u0142ania, kt\u00f3re przynosi konkretne owoce, kt\u00f3re jako\u015b wp\u0142ywa na \u017cycie. Wiele bardzo dobrych opinii s\u0142ysz\u0119, \u017ce ludzie wprost czekaj\u0105 na takie zadania.<span class=\"Apple-converted-space\">\u00a0<\/span><\/p>\n<p>Wa\u017cne, \u017ceby w rozmy\u015blaniu nad S\u0142owem Bo\u017cym nie p\u00f3j\u015b\u0107 w teori\u0119. Mo\u017cna rozmy\u015bla\u0107 dla rozmy\u015blania, mo\u017cna po prostu my\u015ble\u0107, mo\u017cna dyskutowa\u0107 na temat s\u0142owa Bo\u017cego, mo\u017cna g\u0142osi\u0107 pi\u0119kne kazania i mo\u017ce to wszystko by\u0107 teoria, kt\u00f3ra nie wp\u0142ywa na \u017cycie, kt\u00f3ra nie zmienia \u017cycia. I po co to?<span class=\"Apple-converted-space\">\u00a0<\/span><\/p>\n<p>Musimy si\u0119 zastanowi\u0107, czy moje s\u0142uchanie S\u0142owa, czy moja modlitwa, moja pobo\u017cno\u015b\u0107, moja wiara, czy mnie zmienia, czy staj\u0119 si\u0119 lepszy, czy przynosi owoce? Jakie? Czy gdybym nie rozmy\u015bla\u0142 nad S\u0142owem Bo\u017cym, czy co\u015b bym robi\u0142 inaczej, gorzej, ni\u017c teraz robi\u0119?<span class=\"Apple-converted-space\">\u00a0<\/span><\/p>\n<p>W tym duchu jest te\u017c pocz\u0105tek tego dzisiejszego fragmentu: \u201eNie ka\u017cdy, kt\u00f3ry Mi m\u00f3wi: Panie, Panie!, wejdzie do kr\u00f3lestwa niebieskiego, lecz ten, kto spe\u0142nia wol\u0119 mojego Ojca, kt\u00f3ry jest w niebie\u201d.<\/p>\n<p>Czasem s\u0142ysz\u0119 \u015bwiadectwa, np. \u017cona m\u00f3wi o m\u0119\u017cu, kt\u00f3ry si\u0119 nawr\u00f3ci\u0142, kt\u00f3ry zacz\u0105\u0142 si\u0119 modli\u0107, chodzi\u0107 do ko\u015bcio\u0142a, przyjmowa\u0107 sakramenty: \u201ejak on si\u0119 zmieni\u0142..\u201d, \u201ezupe\u0142nie inny cz\u0142owiek\u201d.<span class=\"Apple-converted-space\">\u00a0<\/span><\/p>\n<p>O! To znaczy, \u017ce wiara wp\u0142ywa na \u017cycie.<span class=\"Apple-converted-space\">\u00a0<\/span><\/p>\n<p>A s\u0105 i inne \u015bwiadectwa, np.: \u201eTen cz\u0142owiek m\u00f3wi, \u017ce jest wierz\u0105cy, ale w \u017cyciu z chrze\u015bcija\u0144stwem nie ma on nic wsp\u00f3lnego\u201d.<\/p>\n<p>A o nas co mo\u017cna powiedzie\u0107? Nasi bliscy, znajomi, do jakiej opinii o nas si\u0119 sk\u0142aniaj\u0105?<span class=\"Apple-converted-space\">\u00a0<\/span><\/p>\n<p>Sp\u00f3jrzmy na ostatnie dni, czas kt\u00f3ry dobrze pami\u0119tamy &#8211; czy nasza modlitwa, wiara, S\u0142owo Bo\u017ce, jako\u015b wp\u0142yn\u0119\u0142y na nasze post\u0119powanie?<span class=\"Apple-converted-space\">\u00a0<\/span><\/p>\n<p>Ja pami\u0119tam z ostatniego czasu (nie b\u0119d\u0119 m\u00f3wi\u0142 konkret\u00f3w, ale to co wa\u017cne) by\u0142a sytuacja, kt\u00f3ra mnie wzburzy\u0142a, my\u015bl\u0119, \u017ce mam do tego podstawy. Kiedy dochodzi\u0142o do spotkania z cz\u0142owiekiem odpowiedzialnym za t\u0119 sytuacj\u0119, akurat modli\u0142em si\u0119 na brewiarzu. Pomodli\u0142em si\u0119 wtedy &#8211; Panie daj mi cierpliwo\u015b\u0107 i m\u0105dr\u0105 reakcj\u0119. Uda\u0142o si\u0119, spokojnie porozmawiali\u015bmy, bardzo ciep\u0142o i serdecznie si\u0119 wszystko sko\u0144czy\u0142o. Dzi\u0119ki \u0142asce Bo\u017cej, dzi\u0119ki modlitwie zareagowa\u0142em inaczej, modlitwy wp\u0142yn\u0119\u0142a na reakcje, na zachowanie. Niestety nie zawsze jestem taki \u015bwi\u0119ty, ale dziel\u0119 si\u0119 pozytywnym przyk\u0142adem.<span class=\"Apple-converted-space\">\u00a0<\/span><\/p>\n<p>Czy mamy takie przyk\u0142ady, \u017ce modlitwa, \u017ce Bo\u017ce S\u0142owo, wp\u0142yn\u0119\u0142y na konkret mojego zachowania, reakcji, post\u0119powania?<span class=\"Apple-converted-space\">\u00a0<\/span><\/p>\n<p>To jest mocny fundament. Starajmy si\u0119, \u017ceby ka\u017cdy dzie\u0144 przynosi\u0142 nam jak\u0105\u015b ma\u0142\u0105, dobr\u0105 odpowied\u017a na S\u0142owo Pana.<span class=\"Apple-converted-space\">\u00a0<\/span><\/p>\n<p>I jeszcze &#8211; sprawdzianem fundamentu jest burza, jest jaka\u015b pr\u00f3ba \u017cyciowa. Takie pr\u00f3by dotkn\u0105 ka\u017cdego &#8211; i tego z dobrym fundamentem i tego ze s\u0142abym fundamentem. Pr\u00f3by w \u017cyciu to nie kara Bo\u017ca a sprawdzian fundamentu. I takie pr\u00f3by pokazuj\u0105 jak jeste\u015bmy zbudowani. Czasem jest jaki\u015b inteligentny cz\u0142owiek, stroj\u0105cy bardzo m\u0105dre miny, zajmuj\u0105cy wa\u017cne stanowisko, i nagle zachowuje si\u0119 jak ma\u0142y ch\u0142opczyk (albo dziewczynka), jak dziecko, zupe\u0142nie niedojrzale, s\u0142abo. Jaka\u015b sytuacja pr\u00f3by, burzy, pokaza\u0142a jego s\u0142aby fundament. Nie obronimy si\u0119 przed tym. Je\u015bli nasz fundament b\u0119dzie s\u0142aby, to cho\u0107by\u015bmy si\u0119 nie wiem jak napinali, starali, nak\u0142adali maski, udawali wa\u017cnych i dojrza\u0142ych, przyjdzie burza i obna\u017cy okrutnie nasz s\u0142aby fundament, p\u00f3jdzie rysa po \u015bcianie, albo i wszystko si\u0119 zawali.<span class=\"Apple-converted-space\">\u00a0<\/span><\/p>\n<p>Dbajmy o fundament, jakim jest solidne \u017cycie duchowe, budowanie na Jezusie, praca nad sob\u0105, i konsekwentne \u017cycie wed\u0142ug norm Ewangelii.<span class=\"Apple-converted-space\">\u00a0<\/span><\/p>\n<p>Kiedy si\u0119 buduje dom, stawia si\u0119 ceg\u0142\u0119 po cegle. Tak mamy budowa\u0107 nasz dom, nasz fundament &#8211; jeden dzie\u0144, konkretna modlitwa, konkretne S\u0142owo, konkretne rozmy\u015blanie, konkretne postanowienie po rozmy\u015blaniu, konkretne wype\u0142nienie postanowienia w ci\u0105gu dnia. I nast\u0119pny dzie\u0144 tak, i nast\u0119pny. Wtedy fundament b\u0119dzie mocny i dom b\u0119dzie sta\u0142 nawet po burzy.<span class=\"Apple-converted-space\">\u00a0<\/span><\/p>\n<p>Pozdrawiam Was bardzo serdecznie!<span class=\"Apple-converted-space\">\u00a0<\/span><\/p>\n<p>Niech Was b\u0142ogos\u0142awi B\u00f3g Wszechmog\u0105cy, Ojciec + i Syn, i Duch \u015awi\u0119ty. Amen.<\/p>\n<p>A co na Syberii?<\/p>\n<p>Jak ju\u017c wspomnia\u0142em modlimy si\u0119 i troch\u0119 prze\u017cywamy trudn\u0105 sytuacj\u0119 zwi\u0105zan\u0105 z t\u0105 epidemi\u0105. Sporo zachorowa\u0144 w ci\u0105gu jednego dnia w naszym mie\u015bcie i w naszym wojew\u00f3dztwie. Jeste\u015bmy na 3 miejscu w Rosji, po Moskwie i moskiewskim okr\u0119gu. Mam nadziej\u0119, \u017ce to si\u0119 ju\u017c b\u0119dzie zmniejsza\u0107. Wiele os\u00f3b prosi o modlitw\u0119 bo kto\u015b z bliskich choruje.<span class=\"Apple-converted-space\">\u00a0<\/span><\/p>\n<p>W Tiumeni, jak ju\u017c kiedy\u015b wspomina\u0142em choruje proboszcz, ks. Andrzej, ju\u017c nie m\u0142ody cz\u0142owiek. Chocia\u017c pierwszy test wskaza\u0142 wirusa, wszystkie inne badania odrzuci\u0142y obecno\u015b\u0107 wirusa, to stan zdrowia nie jest najlepszy. W\u0142a\u015bnie pisz\u0105c to rozwa\u017canie dosta\u0142em informacj\u0119, \u017ce zabrali go na oddzia\u0142 intensywnej terapii. Prosz\u0119 wi\u0119c o modlitw\u0119 za niego.<span class=\"Apple-converted-space\">\u00a0<\/span><\/p>\n<p>W Polsce, o. Pawe\u0142, redemptorysta, kt\u00f3ry kiedy\u015b tu pos\u0142ugiwa\u0142 na Syberii, wczoraj wyszed\u0142 ze szpitala. Bogu niech b\u0119d\u0105 dzi\u0119ki.<span class=\"Apple-converted-space\">\u00a0<\/span><\/p>\n<p>Du\u017co strachu jest w ludziach z powodu tej zarazy. Jest to jaka\u015b pr\u00f3ba naszych fundament\u00f3w, jakie\u015b do\u015bwiadczenie od Pana Boga. Pro\u015bmy Go o mi\u0142osierdzie, \u017ceby si\u0119 nad nami zlitowa\u0142.<span class=\"Apple-converted-space\">\u00a0<\/span><\/p>\n<p>Granice ci\u0105gle s\u0105 zamkni\u0119te, ks. Pawe\u0142 (nasz) nie mo\u017ce wr\u00f3ci\u0107, ja raczej o urlopie w tym roku nie my\u015bl\u0119. Nie mo\u017cemy p\u00f3ki co je\u017adzi\u0107 do innych miast, spotyka\u0107 si\u0119 z lud\u017ami. Ludzie do ko\u015bcio\u0142a po troch\u0119 przychodz\u0105, ale oficjalnie nie mo\u017cna.<span class=\"Apple-converted-space\">\u00a0<\/span><\/p>\n<p>Taka to sytuacja.<span class=\"Apple-converted-space\">\u00a0<\/span><\/p>\n<p>Za to budowa idzie do przodu. Poka\u017c\u0119 kilka zdj\u0119\u0107, je\u015bli uda si\u0119 wgra\u0107 to i filmik. Dzi\u0119kuj\u0119 Wam za wszelk\u0105 Wasz\u0105 pomoc, za modlitwy i ofiary.<\/p>\n<p>Prosz\u0119 Was o modlitw\u0119 za mnie i moj\u0105 parafi\u0119.<span class=\"Apple-converted-space\">\u00a0<\/span><\/p>\n<p>Trzymajcie si\u0119 dzielnie!<span class=\"Apple-converted-space\">\u00a0<\/span><\/p>\n<p>Z Bogiem!<span class=\"Apple-converted-space\">\u00a0<\/span><\/p>\n<p><a href=\"https:\/\/catholicsurgut.ru\/wp-content\/uploads\/2020\/06\/E347D4EB-96EE-40F0-89CE-546CCB63D5EA_2_0_a.mov\">https:\/\/catholicsurgut.ru\/wp-content\/uploads\/2020\/06\/E347D4EB-96EE-40F0-89CE-546CCB63D5EA_2_0_a.mov<\/a><\/p>\n<p><img loading=\"lazy\" decoding=\"async\" class=\"alignnone size-medium wp-image-17266\" src=\"https:\/\/gaudiumetspes-blog.pl\/wp-content\/uploads\/2020\/06\/3A65C15B-4763-4D01-B9B6-FF48A0CE9BA6-300x225.jpeg\" alt=\"\" width=\"300\" height=\"225\" srcset=\"https:\/\/gaudiumetspes-blog.pl\/wp-content\/uploads\/2020\/06\/3A65C15B-4763-4D01-B9B6-FF48A0CE9BA6-300x225.jpeg 300w, https:\/\/gaudiumetspes-blog.pl\/wp-content\/uploads\/2020\/06\/3A65C15B-4763-4D01-B9B6-FF48A0CE9BA6-768x576.jpeg 768w, https:\/\/gaudiumetspes-blog.pl\/wp-content\/uploads\/2020\/06\/3A65C15B-4763-4D01-B9B6-FF48A0CE9BA6-1024x768.jpeg 1024w, https:\/\/gaudiumetspes-blog.pl\/wp-content\/uploads\/2020\/06\/3A65C15B-4763-4D01-B9B6-FF48A0CE9BA6-1920x1440.jpeg 1920w, https:\/\/gaudiumetspes-blog.pl\/wp-content\/uploads\/2020\/06\/3A65C15B-4763-4D01-B9B6-FF48A0CE9BA6-720x540.jpeg 720w, https:\/\/gaudiumetspes-blog.pl\/wp-content\/uploads\/2020\/06\/3A65C15B-4763-4D01-B9B6-FF48A0CE9BA6-580x435.jpeg 580w, https:\/\/gaudiumetspes-blog.pl\/wp-content\/uploads\/2020\/06\/3A65C15B-4763-4D01-B9B6-FF48A0CE9BA6-320x240.jpeg 320w\" sizes=\"auto, (max-width: 300px) 100vw, 300px\" \/> <img loading=\"lazy\" decoding=\"async\" class=\"size-medium wp-image-17267 alignright\" src=\"https:\/\/gaudiumetspes-blog.pl\/wp-content\/uploads\/2020\/06\/D8663AA3-1C44-4CE6-87D7-41E1AA77959B-300x225.jpeg\" alt=\"\" width=\"300\" height=\"225\" srcset=\"https:\/\/gaudiumetspes-blog.pl\/wp-content\/uploads\/2020\/06\/D8663AA3-1C44-4CE6-87D7-41E1AA77959B-300x225.jpeg 300w, https:\/\/gaudiumetspes-blog.pl\/wp-content\/uploads\/2020\/06\/D8663AA3-1C44-4CE6-87D7-41E1AA77959B-768x576.jpeg 768w, https:\/\/gaudiumetspes-blog.pl\/wp-content\/uploads\/2020\/06\/D8663AA3-1C44-4CE6-87D7-41E1AA77959B-1024x768.jpeg 1024w, https:\/\/gaudiumetspes-blog.pl\/wp-content\/uploads\/2020\/06\/D8663AA3-1C44-4CE6-87D7-41E1AA77959B-1920x1440.jpeg 1920w, https:\/\/gaudiumetspes-blog.pl\/wp-content\/uploads\/2020\/06\/D8663AA3-1C44-4CE6-87D7-41E1AA77959B-720x540.jpeg 720w, https:\/\/gaudiumetspes-blog.pl\/wp-content\/uploads\/2020\/06\/D8663AA3-1C44-4CE6-87D7-41E1AA77959B-580x435.jpeg 580w, https:\/\/gaudiumetspes-blog.pl\/wp-content\/uploads\/2020\/06\/D8663AA3-1C44-4CE6-87D7-41E1AA77959B-320x240.jpeg 320w\" sizes=\"auto, (max-width: 300px) 100vw, 300px\" \/> <img loading=\"lazy\" decoding=\"async\" class=\"alignnone size-medium wp-image-17268\" src=\"https:\/\/gaudiumetspes-blog.pl\/wp-content\/uploads\/2020\/06\/204DEB1F-1585-4C00-A11F-ADCEB4BE0C75-300x225.jpeg\" alt=\"\" width=\"300\" height=\"225\" srcset=\"https:\/\/gaudiumetspes-blog.pl\/wp-content\/uploads\/2020\/06\/204DEB1F-1585-4C00-A11F-ADCEB4BE0C75-300x225.jpeg 300w, https:\/\/gaudiumetspes-blog.pl\/wp-content\/uploads\/2020\/06\/204DEB1F-1585-4C00-A11F-ADCEB4BE0C75-768x576.jpeg 768w, https:\/\/gaudiumetspes-blog.pl\/wp-content\/uploads\/2020\/06\/204DEB1F-1585-4C00-A11F-ADCEB4BE0C75-1024x768.jpeg 1024w, https:\/\/gaudiumetspes-blog.pl\/wp-content\/uploads\/2020\/06\/204DEB1F-1585-4C00-A11F-ADCEB4BE0C75-1920x1440.jpeg 1920w, https:\/\/gaudiumetspes-blog.pl\/wp-content\/uploads\/2020\/06\/204DEB1F-1585-4C00-A11F-ADCEB4BE0C75-720x540.jpeg 720w, https:\/\/gaudiumetspes-blog.pl\/wp-content\/uploads\/2020\/06\/204DEB1F-1585-4C00-A11F-ADCEB4BE0C75-580x435.jpeg 580w, https:\/\/gaudiumetspes-blog.pl\/wp-content\/uploads\/2020\/06\/204DEB1F-1585-4C00-A11F-ADCEB4BE0C75-320x240.jpeg 320w\" sizes=\"auto, (max-width: 300px) 100vw, 300px\" \/><\/p>\n<p><img loading=\"lazy\" decoding=\"async\" class=\"size-medium wp-image-17269 alignleft\" src=\"https:\/\/gaudiumetspes-blog.pl\/wp-content\/uploads\/2020\/06\/CDE3BED1-D16A-4E3F-8004-08C450DCB64E-300x225.jpeg\" alt=\"\" width=\"300\" height=\"225\" srcset=\"https:\/\/gaudiumetspes-blog.pl\/wp-content\/uploads\/2020\/06\/CDE3BED1-D16A-4E3F-8004-08C450DCB64E-300x225.jpeg 300w, https:\/\/gaudiumetspes-blog.pl\/wp-content\/uploads\/2020\/06\/CDE3BED1-D16A-4E3F-8004-08C450DCB64E-768x576.jpeg 768w, https:\/\/gaudiumetspes-blog.pl\/wp-content\/uploads\/2020\/06\/CDE3BED1-D16A-4E3F-8004-08C450DCB64E-1024x768.jpeg 1024w, https:\/\/gaudiumetspes-blog.pl\/wp-content\/uploads\/2020\/06\/CDE3BED1-D16A-4E3F-8004-08C450DCB64E-720x540.jpeg 720w, https:\/\/gaudiumetspes-blog.pl\/wp-content\/uploads\/2020\/06\/CDE3BED1-D16A-4E3F-8004-08C450DCB64E-580x435.jpeg 580w, https:\/\/gaudiumetspes-blog.pl\/wp-content\/uploads\/2020\/06\/CDE3BED1-D16A-4E3F-8004-08C450DCB64E-320x240.jpeg 320w, https:\/\/gaudiumetspes-blog.pl\/wp-content\/uploads\/2020\/06\/CDE3BED1-D16A-4E3F-8004-08C450DCB64E.jpeg 1600w\" sizes=\"auto, (max-width: 300px) 100vw, 300px\" \/><\/p>\n<p><img loading=\"lazy\" decoding=\"async\" class=\"alignnone size-medium wp-image-17270\" src=\"https:\/\/gaudiumetspes-blog.pl\/wp-content\/uploads\/2020\/06\/038A7DE1-AD7C-410B-BC05-85716556A12B-300x225.jpeg\" alt=\"\" width=\"300\" height=\"225\" srcset=\"https:\/\/gaudiumetspes-blog.pl\/wp-content\/uploads\/2020\/06\/038A7DE1-AD7C-410B-BC05-85716556A12B-300x225.jpeg 300w, https:\/\/gaudiumetspes-blog.pl\/wp-content\/uploads\/2020\/06\/038A7DE1-AD7C-410B-BC05-85716556A12B-768x576.jpeg 768w, https:\/\/gaudiumetspes-blog.pl\/wp-content\/uploads\/2020\/06\/038A7DE1-AD7C-410B-BC05-85716556A12B-1024x768.jpeg 1024w, https:\/\/gaudiumetspes-blog.pl\/wp-content\/uploads\/2020\/06\/038A7DE1-AD7C-410B-BC05-85716556A12B-1920x1440.jpeg 1920w, https:\/\/gaudiumetspes-blog.pl\/wp-content\/uploads\/2020\/06\/038A7DE1-AD7C-410B-BC05-85716556A12B-720x540.jpeg 720w, https:\/\/gaudiumetspes-blog.pl\/wp-content\/uploads\/2020\/06\/038A7DE1-AD7C-410B-BC05-85716556A12B-580x435.jpeg 580w, https:\/\/gaudiumetspes-blog.pl\/wp-content\/uploads\/2020\/06\/038A7DE1-AD7C-410B-BC05-85716556A12B-320x240.jpeg 320w\" sizes=\"auto, (max-width: 300px) 100vw, 300px\" \/> <img loading=\"lazy\" decoding=\"async\" class=\"size-medium wp-image-17271 alignright\" src=\"https:\/\/gaudiumetspes-blog.pl\/wp-content\/uploads\/2020\/06\/DD53A0FB-CD13-44D2-86E5-877A67ECEACA-300x225.jpeg\" alt=\"\" width=\"300\" height=\"225\" srcset=\"https:\/\/gaudiumetspes-blog.pl\/wp-content\/uploads\/2020\/06\/DD53A0FB-CD13-44D2-86E5-877A67ECEACA-300x225.jpeg 300w, https:\/\/gaudiumetspes-blog.pl\/wp-content\/uploads\/2020\/06\/DD53A0FB-CD13-44D2-86E5-877A67ECEACA-768x576.jpeg 768w, https:\/\/gaudiumetspes-blog.pl\/wp-content\/uploads\/2020\/06\/DD53A0FB-CD13-44D2-86E5-877A67ECEACA-1024x768.jpeg 1024w, https:\/\/gaudiumetspes-blog.pl\/wp-content\/uploads\/2020\/06\/DD53A0FB-CD13-44D2-86E5-877A67ECEACA-1920x1440.jpeg 1920w, https:\/\/gaudiumetspes-blog.pl\/wp-content\/uploads\/2020\/06\/DD53A0FB-CD13-44D2-86E5-877A67ECEACA-720x540.jpeg 720w, https:\/\/gaudiumetspes-blog.pl\/wp-content\/uploads\/2020\/06\/DD53A0FB-CD13-44D2-86E5-877A67ECEACA-580x435.jpeg 580w, https:\/\/gaudiumetspes-blog.pl\/wp-content\/uploads\/2020\/06\/DD53A0FB-CD13-44D2-86E5-877A67ECEACA-320x240.jpeg 320w\" sizes=\"auto, (max-width: 300px) 100vw, 300px\" \/><\/p>\n<p><img loading=\"lazy\" decoding=\"async\" class=\"alignnone size-medium wp-image-17272\" src=\"https:\/\/gaudiumetspes-blog.pl\/wp-content\/uploads\/2020\/06\/1375906E-E168-43C4-9ABC-8DB619FC01ED-300x225.jpeg\" alt=\"\" width=\"300\" height=\"225\" srcset=\"https:\/\/gaudiumetspes-blog.pl\/wp-content\/uploads\/2020\/06\/1375906E-E168-43C4-9ABC-8DB619FC01ED-300x225.jpeg 300w, https:\/\/gaudiumetspes-blog.pl\/wp-content\/uploads\/2020\/06\/1375906E-E168-43C4-9ABC-8DB619FC01ED-768x576.jpeg 768w, https:\/\/gaudiumetspes-blog.pl\/wp-content\/uploads\/2020\/06\/1375906E-E168-43C4-9ABC-8DB619FC01ED-1024x768.jpeg 1024w, https:\/\/gaudiumetspes-blog.pl\/wp-content\/uploads\/2020\/06\/1375906E-E168-43C4-9ABC-8DB619FC01ED-1920x1440.jpeg 1920w, https:\/\/gaudiumetspes-blog.pl\/wp-content\/uploads\/2020\/06\/1375906E-E168-43C4-9ABC-8DB619FC01ED-720x540.jpeg 720w, https:\/\/gaudiumetspes-blog.pl\/wp-content\/uploads\/2020\/06\/1375906E-E168-43C4-9ABC-8DB619FC01ED-580x435.jpeg 580w, https:\/\/gaudiumetspes-blog.pl\/wp-content\/uploads\/2020\/06\/1375906E-E168-43C4-9ABC-8DB619FC01ED-320x240.jpeg 320w\" sizes=\"auto, (max-width: 300px) 100vw, 300px\" \/><\/p>\n<p><span class=\"Apple-converted-space\">\u00a0<\/span><\/p>\n","protected":false},"excerpt":{"rendered":"<p>Niech b\u0119dzie pochwalony Jezus Chrystus! Pozdrawiam Was bardzo serdecznie z Syberii, z Surgutu.\u00a0 U nas dzi\u015b deszczowo, cho\u0107 w miar\u0119 ciep\u0142o. Ci\u0105gle trwamy w zamkni\u0119ciu, bo chorobo nie ust\u0119puje. Prosz\u0119 o modlitw\u0119, \u017ceby wreszcie to si\u0119 sko\u0144czy\u0142o, albo przynajmniej zmniejszy\u0142o.\u00a0 A dzi\u015b zapraszam do wsp\u00f3lnego rozwa\u017cania nad S\u0142owem Bo\u017cym. Niech Duch \u015awi\u0119ty da nam \u015bwiat\u0142o [&hellip;]<\/p>\n","protected":false},"author":3,"featured_media":0,"comment_status":"open","ping_status":"open","sticky":false,"template":"","format":"standard","meta":{"jetpack_post_was_ever_published":false,"_jetpack_newsletter_access":"","_jetpack_dont_email_post_to_subs":false,"_jetpack_newsletter_tier_id":0,"_jetpack_memberships_contains_paywalled_content":false,"_jetpack_memberships_contains_paid_content":false,"footnotes":""},"categories":[1],"tags":[],"class_list":["post-17261","post","type-post","status-publish","format-standard","hentry","category-bez-kategorii"],"yoast_head":"<!-- This site is optimized with the Yoast SEO plugin v25.1 - https:\/\/yoast.com\/wordpress\/plugins\/seo\/ -->\n<title>Czy mam dobry fundament? - Gaudium Et Spes<\/title>\n<meta name=\"robots\" content=\"index, follow, max-snippet:-1, max-image-preview:large, max-video-preview:-1\" \/>\n<link rel=\"canonical\" href=\"https:\/\/gaudiumetspes-blog.pl\/index.php\/2020\/06\/25\/czy-mam-dobry-fundament\/\" \/>\n<meta property=\"og:locale\" content=\"pl_PL\" \/>\n<meta property=\"og:type\" content=\"article\" \/>\n<meta property=\"og:title\" content=\"Czy mam dobry fundament? - Gaudium Et Spes\" \/>\n<meta property=\"og:description\" content=\"Niech b\u0119dzie pochwalony Jezus Chrystus! Pozdrawiam Was bardzo serdecznie z Syberii, z Surgutu.\u00a0 U nas dzi\u015b deszczowo, cho\u0107 w miar\u0119 ciep\u0142o. Ci\u0105gle trwamy w zamkni\u0119ciu, bo chorobo nie ust\u0119puje. Prosz\u0119 o modlitw\u0119, \u017ceby wreszcie to si\u0119 sko\u0144czy\u0142o, albo przynajmniej zmniejszy\u0142o.\u00a0 A dzi\u015b zapraszam do wsp\u00f3lnego rozwa\u017cania nad S\u0142owem Bo\u017cym. Niech Duch \u015awi\u0119ty da nam \u015bwiat\u0142o [&hellip;]\" \/>\n<meta property=\"og:url\" content=\"https:\/\/gaudiumetspes-blog.pl\/index.php\/2020\/06\/25\/czy-mam-dobry-fundament\/\" \/>\n<meta property=\"og:site_name\" content=\"Gaudium Et Spes\" \/>\n<meta property=\"article:published_time\" content=\"2020-06-25T08:43:13+00:00\" \/>\n<meta property=\"article:modified_time\" content=\"2020-06-25T09:21:26+00:00\" \/>\n<meta property=\"og:image\" content=\"https:\/\/gaudiumetspes-blog.pl\/wp-content\/uploads\/2020\/06\/D4B52D7F-C521-4551-ABF5-7C6D491BC847-300x225.jpeg\" \/>\n<meta name=\"author\" content=\"Ks. Marek\" \/>\n<meta name=\"twitter:card\" content=\"summary_large_image\" \/>\n<meta name=\"twitter:label1\" content=\"Napisane przez\" \/>\n\t<meta name=\"twitter:data1\" content=\"Ks. Marek\" \/>\n\t<meta name=\"twitter:label2\" content=\"Szacowany czas czytania\" \/>\n\t<meta name=\"twitter:data2\" content=\"12 minut\" \/>\n<script type=\"application\/ld+json\" class=\"yoast-schema-graph\">{\"@context\":\"https:\/\/schema.org\",\"@graph\":[{\"@type\":\"WebPage\",\"@id\":\"https:\/\/gaudiumetspes-blog.pl\/index.php\/2020\/06\/25\/czy-mam-dobry-fundament\/\",\"url\":\"https:\/\/gaudiumetspes-blog.pl\/index.php\/2020\/06\/25\/czy-mam-dobry-fundament\/\",\"name\":\"Czy mam dobry fundament? - Gaudium Et Spes\",\"isPartOf\":{\"@id\":\"https:\/\/gaudiumetspes-blog.pl\/#website\"},\"primaryImageOfPage\":{\"@id\":\"https:\/\/gaudiumetspes-blog.pl\/index.php\/2020\/06\/25\/czy-mam-dobry-fundament\/#primaryimage\"},\"image\":{\"@id\":\"https:\/\/gaudiumetspes-blog.pl\/index.php\/2020\/06\/25\/czy-mam-dobry-fundament\/#primaryimage\"},\"thumbnailUrl\":\"https:\/\/gaudiumetspes-blog.pl\/wp-content\/uploads\/2020\/06\/D4B52D7F-C521-4551-ABF5-7C6D491BC847-300x225.jpeg\",\"datePublished\":\"2020-06-25T08:43:13+00:00\",\"dateModified\":\"2020-06-25T09:21:26+00:00\",\"author\":{\"@id\":\"https:\/\/gaudiumetspes-blog.pl\/#\/schema\/person\/12bc173d67dadb67c1c90d9c6c34c643\"},\"breadcrumb\":{\"@id\":\"https:\/\/gaudiumetspes-blog.pl\/index.php\/2020\/06\/25\/czy-mam-dobry-fundament\/#breadcrumb\"},\"inLanguage\":\"pl-PL\",\"potentialAction\":[{\"@type\":\"ReadAction\",\"target\":[\"https:\/\/gaudiumetspes-blog.pl\/index.php\/2020\/06\/25\/czy-mam-dobry-fundament\/\"]}]},{\"@type\":\"ImageObject\",\"inLanguage\":\"pl-PL\",\"@id\":\"https:\/\/gaudiumetspes-blog.pl\/index.php\/2020\/06\/25\/czy-mam-dobry-fundament\/#primaryimage\",\"url\":\"https:\/\/gaudiumetspes-blog.pl\/wp-content\/uploads\/2020\/06\/D4B52D7F-C521-4551-ABF5-7C6D491BC847.jpeg\",\"contentUrl\":\"https:\/\/gaudiumetspes-blog.pl\/wp-content\/uploads\/2020\/06\/D4B52D7F-C521-4551-ABF5-7C6D491BC847.jpeg\",\"width\":4032,\"height\":3024},{\"@type\":\"BreadcrumbList\",\"@id\":\"https:\/\/gaudiumetspes-blog.pl\/index.php\/2020\/06\/25\/czy-mam-dobry-fundament\/#breadcrumb\",\"itemListElement\":[{\"@type\":\"ListItem\",\"position\":1,\"name\":\"Strona g\u0142\u00f3wna\",\"item\":\"https:\/\/gaudiumetspes-blog.pl\/\"},{\"@type\":\"ListItem\",\"position\":2,\"name\":\"Czy&nbsp;mam dobry fundament?\"}]},{\"@type\":\"WebSite\",\"@id\":\"https:\/\/gaudiumetspes-blog.pl\/#website\",\"url\":\"https:\/\/gaudiumetspes-blog.pl\/\",\"name\":\"Gaudium Et Spes\",\"description\":\"Blog Ks. Jacka Ja\u015bkowskiego\",\"potentialAction\":[{\"@type\":\"SearchAction\",\"target\":{\"@type\":\"EntryPoint\",\"urlTemplate\":\"https:\/\/gaudiumetspes-blog.pl\/?s={search_term_string}\"},\"query-input\":{\"@type\":\"PropertyValueSpecification\",\"valueRequired\":true,\"valueName\":\"search_term_string\"}}],\"inLanguage\":\"pl-PL\"},{\"@type\":\"Person\",\"@id\":\"https:\/\/gaudiumetspes-blog.pl\/#\/schema\/person\/12bc173d67dadb67c1c90d9c6c34c643\",\"name\":\"Ks. Marek\",\"image\":{\"@type\":\"ImageObject\",\"inLanguage\":\"pl-PL\",\"@id\":\"https:\/\/gaudiumetspes-blog.pl\/#\/schema\/person\/image\/\",\"url\":\"https:\/\/gaudiumetspes-blog.pl\/wp-content\/uploads\/2019\/08\/73914d81-03a2-41a3-a2c0-9e0651fc6189-150x150.jpg\",\"contentUrl\":\"https:\/\/gaudiumetspes-blog.pl\/wp-content\/uploads\/2019\/08\/73914d81-03a2-41a3-a2c0-9e0651fc6189-150x150.jpg\",\"caption\":\"Ks. Marek\"},\"description\":\"Nazywam si\u0119 Ks. Marek Ja\u015bkowski i jestem Proboszczem Parafii \u015aw. J\u00f3zefa Robotnika w Surgucie i Parafii \u015aw. Paw\u0142a Aposto\u0142a w Nojabrsku. Moja Parafia to p\u00f3\u0142nocna cz\u0119\u015b\u0107 zachodniej Syberii \u2013 mo\u017cna powiedzie\u0107, \u017ce terytorialnie to prawie po\u0142owa Diecezji nowosybirskiej, jej p\u00f3\u0142nocna cz\u0119\u015b\u0107. Nasz Biskup okre\u015bli\u0142 kiedy\u015b, \u017ce jest to terytorialnie najwi\u0119ksza Parafia na \u015bwiecie! Terytorium Parafii jest czterokrotnie wi\u0119ksze od terytorium Polski! Przez kilka lat by\u0142em jedynym rzymskokatolickim ksi\u0119dzem na tym terytorium, od wrze\u015bnia 2019 roku pos\u0142ug\u0119 podejmuje Wsp\u00f3\u0142pracownik, Ks. Pawe\u0142 Czelu\u015bci\u0144ski. W Parafii pos\u0142uguj\u0105 tak\u017ce dwie Siostry od Anio\u0142\u00f3w, S. Joann i S. Teresa. Terytorium naszej Parafii to Chanty-Mansyjski Autonomiczny Okr\u0119g i Jamalsko-Nieniecki Autonomiczny Okr\u0119g. Jest to terytorium, kt\u00f3re s\u0142ynie z wydobycia ropy i gazu. Wi\u0119kszo\u015b\u0107 ropy, wydobywanej w Rosji \u2013 wydobywa si\u0119 z terenu mojej Parafii. W zwi\u0105zku z tym, w ostatnich kilku dziesi\u0119cioleciach, przyby\u0142o mn\u00f3stwo ludzi w poszukiwaniu pracy. Na tym terenie jest kilkana\u015bcie, a mo\u017ce i kilkadziesi\u0105t \u2013 cz\u0119sto nowych miast, w kt\u00f3rych osiedlaj\u0105 si\u0119 owi przyje\u017cd\u017caj\u0105cy ludzie. Odwiedzamy miasta: Jugorsk i Sowiecki, oddalone 650 km od Surgutu; Uraj \u2013 730 km; Niaga\u0144 \u2013 600 km; Chanty-Mansyjsk \u2013 300 km. To kierunek po\u0142udniowo \u2013 zachodni. Natomiast na p\u00f3\u0142nocy odwiedzamy Nojabrsk \u2013 320 km i Koga\u0142ym \u2013 190 km, Gubkinskij \u2013 500 km; Tarko-Sale \u2013 600 km; Nowyj Urengoj \u2013 760 km. Je\u017adzimy te\u017c do Tiumenii, \u017ceby stamt\u0105d polecie\u0107 samolotem do Salechardu, na ko\u0142o podbiegunowe \u2013 ponad 1100 km w prostej linii \u2013 \u017ceby i tam odwiedzi\u0107 naszych Parafian, kt\u00f3rzy cz\u0119sto bior\u0105 urlop w pracy, aby spotka\u0107 si\u0119 z nami, uczestniczy\u0107 we Mszy \u015awi\u0119tej i w katechizacji. Do Salechardu nie ma drogi, mo\u017cna dotrze\u0107 tylko samolotem, albo (latem) statkiem. Wymienione miasta to tylko niekt\u00f3re z miejsc, kt\u00f3re odwiedzamy. W ca\u0142ej naszej Parafii mamy jeden ko\u015bci\u00f3\u0142 \u2013 w Surgucie \u2013 i jedn\u0105 kaplic\u0119, w Nojabrsku, w jednym z blok\u00f3w. W innych miejscach spotykamy si\u0119 w mieszkaniach Parafian. Ludzie jednak cz\u0119sto kr\u0119puj\u0105 si\u0119 przychodzi\u0107 do kogo\u015b, do domu. A Parafia najbardziej rozwija si\u0119 tam, gdzie jest \u015bwi\u0105tynia. Ostatnio kupili\u015bmy dom na kaplic\u0119 w Koga\u0142ymie. Konieczny jest tam jednak gruntowny remont, kt\u00f3ry aktualnie prowadzimy. Nast\u0119pnym miejscem oczekuj\u0105cym na swoj\u0105 \u015bwi\u0105tyni\u0119 - kaplic\u0119 jest Chanty-Mansyjsk. Dramatycznie potrzeba tu ksi\u0119\u017cy! \u017beby kr\u00f3lestwo Bo\u017ce mog\u0142o wzrasta\u0107 w sercach ludzi, musz\u0105 mie\u0107 oni cz\u0119stszy dost\u0119p do Sakrament\u00f3w. Na terenie naszej Parafii mieszka jakie\u015b 2,5 miliona ludzi, w samym Surgucie \u2013 350 tysi\u0119cy. A tylko dw\u00f3ch Ksi\u0119\u017cy i dwie Siostry. Prosimy Was zatem o dwojak\u0105 pomoc: Modlitwa \u2013 to najwa\u017cniejsze! Prosz\u0119 Was, pom\u00f3dlcie si\u0119 za nasz\u0105 Parafi\u0119 przynajmniej dziesi\u0105tkiem R\u00f3\u017ca\u0144ca, a potem pom\u00f3dlcie si\u0119 przez wstawiennictwo naszych \u015awi\u0119tych Patron\u00f3w: Matki Bo\u017cej Fatimskiej, \u015aw. J\u00f3zefa Robotnika, \u015aw. Paw\u0142a Aposto\u0142a, \u015aw. Jana Paw\u0142a II, Micha\u0142a Archanio\u0142a i Anio\u0142\u00f3w Str\u00f3\u017c\u00f3w. Ofiara \u2013 materialna pomoc tak\u017ce jest nam niezmiernie potrzebna ze wzgl\u0119du na budow\u0119 domu parafialnego w Surgucie, remont domu na kaplic\u0119 w Koga\u0142ymie, oraz organizowanie spotka\u0144 wsp\u00f3lnot i miejsc modlitwy w wielu innych miastach. Wszystkim Darczy\u0144com z serca dzi\u0119kujemy i obiecujemy modlitw\u0119! Niech Was b\u0142ogos\u0142awi B\u00f3g Wszechmog\u0105cy: Ojciec + i Syn, i Duch \u015awi\u0119ty. Amen o.marek@mail.ru www.catholicsurgut.ru Dane do przelewu: Marek Ja\u015bkowski ul. K\u0105pielowa 19\/2 21-500 Bia\u0142a Podlaska Nr konta: 50 1020 5558 1111 1548 2400 0027\",\"url\":\"https:\/\/gaudiumetspes-blog.pl\/index.php\/author\/ks-marek\/\"}]}<\/script>\n<!-- \/ Yoast SEO plugin. -->","yoast_head_json":{"title":"Czy mam dobry fundament? - Gaudium Et Spes","robots":{"index":"index","follow":"follow","max-snippet":"max-snippet:-1","max-image-preview":"max-image-preview:large","max-video-preview":"max-video-preview:-1"},"canonical":"https:\/\/gaudiumetspes-blog.pl\/index.php\/2020\/06\/25\/czy-mam-dobry-fundament\/","og_locale":"pl_PL","og_type":"article","og_title":"Czy mam dobry fundament? - Gaudium Et Spes","og_description":"Niech b\u0119dzie pochwalony Jezus Chrystus! Pozdrawiam Was bardzo serdecznie z Syberii, z Surgutu.\u00a0 U nas dzi\u015b deszczowo, cho\u0107 w miar\u0119 ciep\u0142o. Ci\u0105gle trwamy w zamkni\u0119ciu, bo chorobo nie ust\u0119puje. Prosz\u0119 o modlitw\u0119, \u017ceby wreszcie to si\u0119 sko\u0144czy\u0142o, albo przynajmniej zmniejszy\u0142o.\u00a0 A dzi\u015b zapraszam do wsp\u00f3lnego rozwa\u017cania nad S\u0142owem Bo\u017cym. Niech Duch \u015awi\u0119ty da nam \u015bwiat\u0142o [&hellip;]","og_url":"https:\/\/gaudiumetspes-blog.pl\/index.php\/2020\/06\/25\/czy-mam-dobry-fundament\/","og_site_name":"Gaudium Et Spes","article_published_time":"2020-06-25T08:43:13+00:00","article_modified_time":"2020-06-25T09:21:26+00:00","og_image":[{"url":"https:\/\/gaudiumetspes-blog.pl\/wp-content\/uploads\/2020\/06\/D4B52D7F-C521-4551-ABF5-7C6D491BC847-300x225.jpeg","type":"","width":"","height":""}],"author":"Ks. Marek","twitter_card":"summary_large_image","twitter_misc":{"Napisane przez":"Ks. Marek","Szacowany czas czytania":"12 minut"},"schema":{"@context":"https:\/\/schema.org","@graph":[{"@type":"WebPage","@id":"https:\/\/gaudiumetspes-blog.pl\/index.php\/2020\/06\/25\/czy-mam-dobry-fundament\/","url":"https:\/\/gaudiumetspes-blog.pl\/index.php\/2020\/06\/25\/czy-mam-dobry-fundament\/","name":"Czy mam dobry fundament? - Gaudium Et Spes","isPartOf":{"@id":"https:\/\/gaudiumetspes-blog.pl\/#website"},"primaryImageOfPage":{"@id":"https:\/\/gaudiumetspes-blog.pl\/index.php\/2020\/06\/25\/czy-mam-dobry-fundament\/#primaryimage"},"image":{"@id":"https:\/\/gaudiumetspes-blog.pl\/index.php\/2020\/06\/25\/czy-mam-dobry-fundament\/#primaryimage"},"thumbnailUrl":"https:\/\/gaudiumetspes-blog.pl\/wp-content\/uploads\/2020\/06\/D4B52D7F-C521-4551-ABF5-7C6D491BC847-300x225.jpeg","datePublished":"2020-06-25T08:43:13+00:00","dateModified":"2020-06-25T09:21:26+00:00","author":{"@id":"https:\/\/gaudiumetspes-blog.pl\/#\/schema\/person\/12bc173d67dadb67c1c90d9c6c34c643"},"breadcrumb":{"@id":"https:\/\/gaudiumetspes-blog.pl\/index.php\/2020\/06\/25\/czy-mam-dobry-fundament\/#breadcrumb"},"inLanguage":"pl-PL","potentialAction":[{"@type":"ReadAction","target":["https:\/\/gaudiumetspes-blog.pl\/index.php\/2020\/06\/25\/czy-mam-dobry-fundament\/"]}]},{"@type":"ImageObject","inLanguage":"pl-PL","@id":"https:\/\/gaudiumetspes-blog.pl\/index.php\/2020\/06\/25\/czy-mam-dobry-fundament\/#primaryimage","url":"https:\/\/gaudiumetspes-blog.pl\/wp-content\/uploads\/2020\/06\/D4B52D7F-C521-4551-ABF5-7C6D491BC847.jpeg","contentUrl":"https:\/\/gaudiumetspes-blog.pl\/wp-content\/uploads\/2020\/06\/D4B52D7F-C521-4551-ABF5-7C6D491BC847.jpeg","width":4032,"height":3024},{"@type":"BreadcrumbList","@id":"https:\/\/gaudiumetspes-blog.pl\/index.php\/2020\/06\/25\/czy-mam-dobry-fundament\/#breadcrumb","itemListElement":[{"@type":"ListItem","position":1,"name":"Strona g\u0142\u00f3wna","item":"https:\/\/gaudiumetspes-blog.pl\/"},{"@type":"ListItem","position":2,"name":"Czy&nbsp;mam dobry fundament?"}]},{"@type":"WebSite","@id":"https:\/\/gaudiumetspes-blog.pl\/#website","url":"https:\/\/gaudiumetspes-blog.pl\/","name":"Gaudium Et Spes","description":"Blog Ks. Jacka Ja\u015bkowskiego","potentialAction":[{"@type":"SearchAction","target":{"@type":"EntryPoint","urlTemplate":"https:\/\/gaudiumetspes-blog.pl\/?s={search_term_string}"},"query-input":{"@type":"PropertyValueSpecification","valueRequired":true,"valueName":"search_term_string"}}],"inLanguage":"pl-PL"},{"@type":"Person","@id":"https:\/\/gaudiumetspes-blog.pl\/#\/schema\/person\/12bc173d67dadb67c1c90d9c6c34c643","name":"Ks. Marek","image":{"@type":"ImageObject","inLanguage":"pl-PL","@id":"https:\/\/gaudiumetspes-blog.pl\/#\/schema\/person\/image\/","url":"https:\/\/gaudiumetspes-blog.pl\/wp-content\/uploads\/2019\/08\/73914d81-03a2-41a3-a2c0-9e0651fc6189-150x150.jpg","contentUrl":"https:\/\/gaudiumetspes-blog.pl\/wp-content\/uploads\/2019\/08\/73914d81-03a2-41a3-a2c0-9e0651fc6189-150x150.jpg","caption":"Ks. Marek"},"description":"Nazywam si\u0119 Ks. Marek Ja\u015bkowski i jestem Proboszczem Parafii \u015aw. J\u00f3zefa Robotnika w Surgucie i Parafii \u015aw. Paw\u0142a Aposto\u0142a w Nojabrsku. Moja Parafia to p\u00f3\u0142nocna cz\u0119\u015b\u0107 zachodniej Syberii \u2013 mo\u017cna powiedzie\u0107, \u017ce terytorialnie to prawie po\u0142owa Diecezji nowosybirskiej, jej p\u00f3\u0142nocna cz\u0119\u015b\u0107. Nasz Biskup okre\u015bli\u0142 kiedy\u015b, \u017ce jest to terytorialnie najwi\u0119ksza Parafia na \u015bwiecie! Terytorium Parafii jest czterokrotnie wi\u0119ksze od terytorium Polski! Przez kilka lat by\u0142em jedynym rzymskokatolickim ksi\u0119dzem na tym terytorium, od wrze\u015bnia 2019 roku pos\u0142ug\u0119 podejmuje Wsp\u00f3\u0142pracownik, Ks. Pawe\u0142 Czelu\u015bci\u0144ski. W Parafii pos\u0142uguj\u0105 tak\u017ce dwie Siostry od Anio\u0142\u00f3w, S. Joann i S. Teresa. Terytorium naszej Parafii to Chanty-Mansyjski Autonomiczny Okr\u0119g i Jamalsko-Nieniecki Autonomiczny Okr\u0119g. Jest to terytorium, kt\u00f3re s\u0142ynie z wydobycia ropy i gazu. Wi\u0119kszo\u015b\u0107 ropy, wydobywanej w Rosji \u2013 wydobywa si\u0119 z terenu mojej Parafii. W zwi\u0105zku z tym, w ostatnich kilku dziesi\u0119cioleciach, przyby\u0142o mn\u00f3stwo ludzi w poszukiwaniu pracy. Na tym terenie jest kilkana\u015bcie, a mo\u017ce i kilkadziesi\u0105t \u2013 cz\u0119sto nowych miast, w kt\u00f3rych osiedlaj\u0105 si\u0119 owi przyje\u017cd\u017caj\u0105cy ludzie. Odwiedzamy miasta: Jugorsk i Sowiecki, oddalone 650 km od Surgutu; Uraj \u2013 730 km; Niaga\u0144 \u2013 600 km; Chanty-Mansyjsk \u2013 300 km. To kierunek po\u0142udniowo \u2013 zachodni. Natomiast na p\u00f3\u0142nocy odwiedzamy Nojabrsk \u2013 320 km i Koga\u0142ym \u2013 190 km, Gubkinskij \u2013 500 km; Tarko-Sale \u2013 600 km; Nowyj Urengoj \u2013 760 km. Je\u017adzimy te\u017c do Tiumenii, \u017ceby stamt\u0105d polecie\u0107 samolotem do Salechardu, na ko\u0142o podbiegunowe \u2013 ponad 1100 km w prostej linii \u2013 \u017ceby i tam odwiedzi\u0107 naszych Parafian, kt\u00f3rzy cz\u0119sto bior\u0105 urlop w pracy, aby spotka\u0107 si\u0119 z nami, uczestniczy\u0107 we Mszy \u015awi\u0119tej i w katechizacji. Do Salechardu nie ma drogi, mo\u017cna dotrze\u0107 tylko samolotem, albo (latem) statkiem. Wymienione miasta to tylko niekt\u00f3re z miejsc, kt\u00f3re odwiedzamy. W ca\u0142ej naszej Parafii mamy jeden ko\u015bci\u00f3\u0142 \u2013 w Surgucie \u2013 i jedn\u0105 kaplic\u0119, w Nojabrsku, w jednym z blok\u00f3w. W innych miejscach spotykamy si\u0119 w mieszkaniach Parafian. Ludzie jednak cz\u0119sto kr\u0119puj\u0105 si\u0119 przychodzi\u0107 do kogo\u015b, do domu. A Parafia najbardziej rozwija si\u0119 tam, gdzie jest \u015bwi\u0105tynia. Ostatnio kupili\u015bmy dom na kaplic\u0119 w Koga\u0142ymie. Konieczny jest tam jednak gruntowny remont, kt\u00f3ry aktualnie prowadzimy. Nast\u0119pnym miejscem oczekuj\u0105cym na swoj\u0105 \u015bwi\u0105tyni\u0119 - kaplic\u0119 jest Chanty-Mansyjsk. Dramatycznie potrzeba tu ksi\u0119\u017cy! \u017beby kr\u00f3lestwo Bo\u017ce mog\u0142o wzrasta\u0107 w sercach ludzi, musz\u0105 mie\u0107 oni cz\u0119stszy dost\u0119p do Sakrament\u00f3w. Na terenie naszej Parafii mieszka jakie\u015b 2,5 miliona ludzi, w samym Surgucie \u2013 350 tysi\u0119cy. A tylko dw\u00f3ch Ksi\u0119\u017cy i dwie Siostry. Prosimy Was zatem o dwojak\u0105 pomoc: Modlitwa \u2013 to najwa\u017cniejsze! Prosz\u0119 Was, pom\u00f3dlcie si\u0119 za nasz\u0105 Parafi\u0119 przynajmniej dziesi\u0105tkiem R\u00f3\u017ca\u0144ca, a potem pom\u00f3dlcie si\u0119 przez wstawiennictwo naszych \u015awi\u0119tych Patron\u00f3w: Matki Bo\u017cej Fatimskiej, \u015aw. J\u00f3zefa Robotnika, \u015aw. Paw\u0142a Aposto\u0142a, \u015aw. Jana Paw\u0142a II, Micha\u0142a Archanio\u0142a i Anio\u0142\u00f3w Str\u00f3\u017c\u00f3w. Ofiara \u2013 materialna pomoc tak\u017ce jest nam niezmiernie potrzebna ze wzgl\u0119du na budow\u0119 domu parafialnego w Surgucie, remont domu na kaplic\u0119 w Koga\u0142ymie, oraz organizowanie spotka\u0144 wsp\u00f3lnot i miejsc modlitwy w wielu innych miastach. Wszystkim Darczy\u0144com z serca dzi\u0119kujemy i obiecujemy modlitw\u0119! Niech Was b\u0142ogos\u0142awi B\u00f3g Wszechmog\u0105cy: Ojciec + i Syn, i Duch \u015awi\u0119ty. Amen o.marek@mail.ru www.catholicsurgut.ru Dane do przelewu: Marek Ja\u015bkowski ul. K\u0105pielowa 19\/2 21-500 Bia\u0142a Podlaska Nr konta: 50 1020 5558 1111 1548 2400 0027","url":"https:\/\/gaudiumetspes-blog.pl\/index.php\/author\/ks-marek\/"}]}},"jetpack_featured_media_url":"","jetpack_sharing_enabled":true,"_links":{"self":[{"href":"https:\/\/gaudiumetspes-blog.pl\/index.php\/wp-json\/wp\/v2\/posts\/17261","targetHints":{"allow":["GET"]}}],"collection":[{"href":"https:\/\/gaudiumetspes-blog.pl\/index.php\/wp-json\/wp\/v2\/posts"}],"about":[{"href":"https:\/\/gaudiumetspes-blog.pl\/index.php\/wp-json\/wp\/v2\/types\/post"}],"author":[{"embeddable":true,"href":"https:\/\/gaudiumetspes-blog.pl\/index.php\/wp-json\/wp\/v2\/users\/3"}],"replies":[{"embeddable":true,"href":"https:\/\/gaudiumetspes-blog.pl\/index.php\/wp-json\/wp\/v2\/comments?post=17261"}],"version-history":[{"count":5,"href":"https:\/\/gaudiumetspes-blog.pl\/index.php\/wp-json\/wp\/v2\/posts\/17261\/revisions"}],"predecessor-version":[{"id":17273,"href":"https:\/\/gaudiumetspes-blog.pl\/index.php\/wp-json\/wp\/v2\/posts\/17261\/revisions\/17273"}],"wp:attachment":[{"href":"https:\/\/gaudiumetspes-blog.pl\/index.php\/wp-json\/wp\/v2\/media?parent=17261"}],"wp:term":[{"taxonomy":"category","embeddable":true,"href":"https:\/\/gaudiumetspes-blog.pl\/index.php\/wp-json\/wp\/v2\/categories?post=17261"},{"taxonomy":"post_tag","embeddable":true,"href":"https:\/\/gaudiumetspes-blog.pl\/index.php\/wp-json\/wp\/v2\/tags?post=17261"}],"curies":[{"name":"wp","href":"https:\/\/api.w.org\/{rel}","templated":true}]}}