{"id":17283,"date":"2020-06-27T05:32:15","date_gmt":"2020-06-27T03:32:15","guid":{"rendered":"https:\/\/gaudiumetspes-blog.pl\/?p=17283"},"modified":"2020-06-26T21:50:50","modified_gmt":"2020-06-26T19:50:50","slug":"wolaj-sercem-do-pana","status":"publish","type":"post","link":"https:\/\/gaudiumetspes-blog.pl\/index.php\/2020\/06\/27\/wolaj-sercem-do-pana\/","title":{"rendered":"Wo\u0142aj sercem do Pana!"},"content":{"rendered":"<p align=\"justify\"><span style=\"color: #000000;\"><span style=\"font-family: Book Antiqua, serif;\"><span style=\"font-size: large;\">Szcz\u0119\u015b\u0107 Bo\u017ce! Moi Drodzy, w dniu dzisiejszym <b>urodziny prze\u017cywaj\u0105:<\/b><\/span><\/span><\/span><\/p>\n<p align=\"justify\"><span style=\"color: #000000;\">\u25ba<span style=\"font-family: Book Antiqua, serif;\"><span style=\"font-size: large;\"><b>Miros\u0142aw Oleszczuk, m\u00f3j Wujek, kt\u00f3remu dzi\u0119kuj\u0119 za \u017cyczliwo\u015b\u0107 i m\u0105dre rozmowy na najwa\u017cniejsze i najg\u0142\u0119bsze tematy;<\/b><\/span><\/span><\/span><\/p>\n<p align=\"justify\"><span style=\"color: #000000;\">\u25ba<span style=\"font-family: Book Antiqua, serif;\"><span style=\"font-size: large;\"><b>Siostra Iwona Jagie\u0142ka, pracuj\u0105ca w swoim czasie w Surgucie, razem z Ksi\u0119dzem Markiem, a obecnie pos\u0142uguj\u0105ca w Polsce.<\/b><\/span><\/span><\/span><\/p>\n<p align=\"justify\"><span style=\"color: #000000;\"><span style=\"font-family: Book Antiqua, serif;\"><span style=\"font-size: large;\"><b>Natomiast imieniny prze\u017cywaj\u0105 dzi\u015b:<\/b><\/span><\/span><\/span><\/p>\n<p align=\"justify\"><span style=\"color: #000000;\">\u25ba<span style=\"font-family: Book Antiqua, serif;\"><span style=\"font-size: large;\"><b>Ksi\u0105dz W\u0142adys\u0142aw Trojanowski, za moich czas\u00f3w \u2013 <\/b><b>P<\/b><b>roboszcz i Dziekan w T\u0142uszczu, w Diecezji warszawsko \u2013 praskiej;<\/b><\/span><\/span><\/span><\/p>\n<p align=\"justify\"><span style=\"color: #000000;\">\u25ba<span style=\"font-family: Book Antiqua, serif;\"><span style=\"font-size: large;\"><b>W\u0142adys\u0142aw Nowak, bardzo \u017cyczliwy i zaanga\u017cowany w \u017cycie Parafii Cz\u0142owiek z Celestynowa, tak\u017ce w Diecezji warszawsko \u2013 praskiej;<\/b><\/span><\/span><\/span><\/p>\n<p align=\"justify\"><span style=\"color: #000000;\">\u25ba<span style=\"font-family: Book Antiqua, serif;\"><span style=\"font-size: large;\"><b>W\u0142adys\u0142awa K\u0142uci\u0144ska, moja Ciocia.<\/b><\/span><\/span><\/span><\/p>\n<p align=\"justify\"><span style=\"color: #000000;\"><span style=\"font-family: Book Antiqua, serif;\"><span style=\"font-size: large;\"><b>Wszystkim \u015bwi\u0119tuj\u0105cym \u017cycz\u0119 ci\u0105g\u0142ego intensywnego pog\u0142\u0119biania wiary! I o to b\u0119d\u0119 si\u0119 dla Nich modli\u0142.<\/b><\/span><\/span><\/span><\/p>\n<p align=\"justify\"><span style=\"color: #000000;\"><span style=\"font-family: Book Antiqua, serif;\"><span style=\"font-size: large;\">Moi Drodzy, dzi\u0119kujemy Ksi\u0119dzu Markowi i Siostrze Teresie za s\u0142\u00f3wka z Syberii! Dzi\u0119kujemy za naprawd\u0119 wnikliwe wg\u0142\u0119bienie si\u0119 w Bo\u017ce s\u0142owo, ale i za mocne zaakcentowanie \u2013 w jednym i w drugim rozwa\u017caniu \u2013 kwestii \u017cycia Bo\u017cym s\u0142owem. Czyli, \u017ce nie tylko go s\u0142uchamy, rozwa\u017camy i zachwycamy si\u0119 nim, ale bardzo konkretnie i bardzo wytrwale, konsekwentnie i stale, wprowadzamy je w swoj\u0105 codzienno\u015b\u0107. Mocno to wczoraj i przedwczoraj wybrzmia\u0142o. Dzi\u0119kujemy za to! <\/span><\/span><\/span><\/p>\n<p align=\"justify\"><span style=\"color: #000000;\"><span style=\"font-family: Book Antiqua, serif;\"><span style=\"font-size: large;\">Ale jeszcze jedna sprawa mocno wybrzmia\u0142a \u2013 w rozwa\u017caniu Ksi\u0119dza Marka. To znaczy, by\u0142o ich kilka, ale jedn\u0105 chc\u0119 tu przywo\u0142a\u0107: pro\u015bba o wsp\u00f3ln\u0105 modlitw\u0119, by epidemia i zwi\u0105zane z ni\u0105 zamieszanie <b>WRESZCIE<\/b> si\u0119 sko\u0144czy\u0142o! To s\u0142owo <b>WRESZCIE,<\/b> u\u017cyte przez Ksi\u0119dza Marka, jako\u015b tak mnie poruszy\u0142o, bo u\u015bwiadomi\u0142o mi rzecz poniek\u0105d oczywist\u0105, \u017ce ca\u0142a sytuacja jest dla nas wszystkich bardzo m\u0119cz\u0105ca, szczeg\u00f3lnie jednak jest m\u0119cz\u0105ca tam, w Surgucie, gdzie poziom og\u00f3lnego \u201eunieruchomienia \u015bwiata\u201d jest du\u017co wi\u0119kszy, ni\u017c u nas. <\/span><\/span><\/span><\/p>\n<p align=\"justify\"><span style=\"color: #000000;\"><span style=\"font-family: Book Antiqua, serif;\"><span style=\"font-size: large;\">Chocia\u017c i u nas trudno tak naprawd\u0119 powiedzie\u0107, jak jest i co jest. Komunikaty medialne i ministerialne co i raz si\u0119 wykluczaj\u0105: z jednej strony, podobno jest dobrze i coraz lepiej, z drugiej \u2013 wcale nie jest dobrze, a b\u0119dzie jeszcze gorzej! A ludzie pro\u015bci, dla kt\u00f3rych \u2013 jak zwyk\u0142em ich okre\u015bla\u0107, \u201edwa plus dwa to cztery\u201d \u2013 te\u017c \u201eswoje wiedz\u0105\u201d. I wyra\u017caj\u0105 si\u0119 coraz ostrzej. <\/span><\/span><\/span><\/p>\n<p align=\"justify\"><span style=\"color: #000000;\"><span style=\"font-family: Book Antiqua, serif;\"><span style=\"font-size: large;\">Tymczasem my, wierz\u0105cy, chyba troch\u0119 \u201eodpu\u015bcili\u015bmy\u201d sobie modlitw\u0119 o Bo\u017c\u0105 pomoc w tej sprawie! Ju\u017c coraz mniej os\u00f3b modli si\u0119 o 20:30, tymczasem nawet je\u015bli nie trzyma\u0107 si\u0119 tej godziny \u2013 bo nie musimy tak naprawd\u0119 \u2013 to jednak modli\u0107 si\u0119 trzeba, nieustannie i intensywnie! A my chyba ju\u017c uwierzyli\u015bmy, \u017ce problemu zupe\u0142nie nie ma, \u017ce si\u0119 sko\u0144czy\u0142\u2026<\/span><\/span><\/span><\/p>\n<p align=\"justify\"><span style=\"color: #000000;\"><span style=\"font-family: Book Antiqua, serif;\"><span style=\"font-size: large;\">Moi Drodzy, je\u017celi nawet mamy swoje w\u0142asne teorie i osobiste przekonania na temat tego, czy jest to pandemia, czy jej nie ma; i czy problem jest powa\u017cny, czy te\u017c jest to jedna wielka \u201e\u015bciema\u201d i manipulacja; czy uwa\u017camy, \u017ce to jest prawdziwa epidemia, pochodzenia naturalnego, czy wynik celowego dzia\u0142ania ludzi, maj\u0105cego za pod\u0142o\u017ce ciemne zamiary o charakterze politycznym, czy finansowym \u2013 bez wzgl\u0119du na to wszystko, na pewno widzimy, \u017ce nie jest normalnie i nie jest spokojnie. <\/span><\/span><\/span><\/p>\n<p align=\"justify\"><span style=\"color: #000000;\"><span style=\"font-family: Book Antiqua, serif;\"><span style=\"font-size: large;\">Sam fakt, \u017ce tak wiele u nas jeszcze ogranicze\u0144, gdy idzie o swobodny udzia\u0142 w praktykach religijnych, jak chocia\u017cby ograniczenia w organizacji pieszych pielgrzymek na Jasn\u0105 G\u00f3r\u0119, kt\u00f3re w cz\u0119\u015bci diecezji odb\u0119d\u0105 si\u0119 w formie bardzo symbolicznej, a w cz\u0119\u015bci nie odb\u0119d\u0105 si\u0119 wcale \u2013 to wszystko powinno nas mobilizowa\u0107 do nieustannego i nie s\u0142abn\u0105cego b\u0142agania Pana o zmi\u0142owanie! I o okazanie si\u0119 Jego wielkiej i zwyci\u0119skiej mocy: je\u015bli nie nad si\u0142ami natury, to nad ludzkimi machinacjami, aby pro\u015bci, szczerze wierz\u0105cy ludzie, mogli bez \u017cadnych przeszk\u00f3d chodzi\u0107 do ko\u015bcio\u0142a, chodzi\u0107 i je\u017adzi\u0107 na pielgrzymki, na rekolekcje\u2026 <\/span><\/span><\/span><\/p>\n<p align=\"justify\"><span style=\"color: #000000;\"><span style=\"font-family: Book Antiqua, serif;\"><span style=\"font-size: large;\">Aby Ksi\u0105dz Marek jednak m\u00f3g\u0142 w tym roku pomy\u015ble\u0107 o urlopie \u2013 a nie tylko pomy\u015ble\u0107, ale te\u017c na niego przyjecha\u0107 \u2013 je\u015bli nie w sierpniu, jak planowa\u0142, to mo\u017ce we wrze\u015bniu, albo w pa\u017adzierniku\u2026 Aby Ksi\u0105dz Pawe\u0142 m\u00f3g\u0142 na Syberi\u0119 wr\u00f3ci\u0107\u2026 <\/span><\/span><\/span><\/p>\n<p align=\"justify\"><span style=\"color: #000000;\"><span style=\"font-family: Book Antiqua, serif;\"><span style=\"font-size: large;\">Moi Drodzy, prosz\u0119 \u2013 nie ustawajmy w modlitwie! \u015apiewajmy Litani\u0119 do Serca Pana Jezusa, \u015bpiewajmy suplikacj\u0119: \u201e\u015awi\u0119ty Bo\u017ce\u201d, wzywajmy wstawiennictwa Matki Bo\u017cej Nieustaj\u0105cej Pomocy, kt\u00f3r\u0105 dzisiaj mo\u017cemy wspomina\u0107 w liturgii Ko\u015bcio\u0142a. Wiem, \u017ce niekt\u00f3re Osoby \u2013 bo m\u00f3wi\u0142y mi o tym \u2013 aktualnie odmawiaj\u0105 Nowenn\u0119 Pompeja\u0144sk\u0105 o ustanie epidemii. Jeszcze inni modl\u0105 si\u0119 innymi sposobami. Bardzo Im za to dzi\u0119kuj\u0119! Wierz\u0119, \u017ce takich modl\u0105cych si\u0119 jest naprawd\u0119 wielu! <\/span><\/span><\/span><\/p>\n<p align=\"justify\"><span style=\"color: #000000;\"><span style=\"font-family: Book Antiqua, serif;\"><span style=\"font-size: large;\">Prosz\u0119 raz jeszcze Wszystkich: wzmocnijmy nasz\u0105 modlitw\u0119 o to, by B\u00f3g w \u0142askawo\u015bci swojej sprawi\u0142, aby ca\u0142e to zamieszanie \u2013 jak pisa\u0142 Ksi\u0105dz Marek \u2013 <b>WRESZCIE<\/b> si\u0119 sko\u0144czy\u0142o! By\u015bmy mogli ju\u017c zupe\u0142nie swobodnie wyj\u015b\u0107 na spotkanie Pana i spotkanie ludzi!<\/span><\/span><\/span><\/p>\n<p align=\"justify\"><span style=\"color: #000000;\"><span style=\"font-family: Book Antiqua, serif;\"><span style=\"font-size: large;\"><b>Niech Was b\u0142ogos\u0142awi B\u00f3g Wszechmog\u0105cy: Ojciec + i Syn, i Duch \u015awi\u0119ty. Amen<\/b><\/span><\/span><\/span><\/p>\n<p align=\"center\"><span style=\"color: #000000;\"><span style=\"font-family: Book Antiqua, serif;\"><span style=\"font-size: large;\">Gaudium et spes! Ks. Jacek<\/span><\/span><\/span><\/p>\n<p align=\"center\">\n<p align=\"center\">\n<p align=\"center\">\n<p align=\"center\">\n<p align=\"center\">\n<p align=\"justify\"><span style=\"color: #000000;\"><span style=\"font-family: Book Antiqua, serif;\"><span style=\"font-size: large;\"><b>Sobota 12 Tygodnia zwyk\u0142ego, rok II,<\/b><\/span><\/span><\/span><\/p>\n<p align=\"justify\"><span style=\"color: #000000;\"><span style=\"font-family: Book Antiqua, serif;\"><span style=\"font-size: large;\"><b>27 czerwca 2020.,<\/b><\/span><\/span><\/span><\/p>\n<p align=\"justify\"><span style=\"color: #000000;\"><span style=\"font-family: Book Antiqua, serif;\"><span style=\"font-size: large;\"><b>do czyta\u0144: Lm 2,2.10\u201314.18\u201319; Mt 8,5\u201317<\/b><\/span><\/span><\/span><\/p>\n<p align=\"justify\">\n<p align=\"justify\">\n<p align=\"justify\">\n<p align=\"justify\">\n<p align=\"justify\">\n<p align=\"justify\"><span style=\"color: #000000;\"><span style=\"font-family: Book Antiqua, serif;\"><span style=\"font-size: large;\"><b>CZYTANIE Z KSI\u0118GI LAMENTACJI:<\/b><\/span><\/span><\/span><\/p>\n<p align=\"justify\"><span style=\"color: #000000;\"><span style=\"font-family: Book Antiqua, serif;\"><span style=\"font-size: large;\"><b>Zburzy\u0142 Pan bez lito\u015bci wszystkie siedziby Jakuba; wywr\u00f3ci\u0142 w swej zapalczywo\u015bci twierdze C\u00f3ry Judy, rzuci\u0142 o ziemi\u0119, zbezcze\u015bci\u0142 kr\u00f3lestwo i mo\u017cnych. <\/b><\/span><\/span><\/span><\/p>\n<p align=\"justify\"><span style=\"color: #000000;\"><span style=\"font-family: Book Antiqua, serif;\"><span style=\"font-size: large;\"><b>Usiedli na ziemi w milczeniu starsi C\u00f3ry Syjonu, prochem g\u0142owy posypali, przywdziali wory; sk\u0142oni\u0142y g\u0142owy ku ziemi dziewice jerozolimskie.<\/b><\/span><\/span><\/span><\/p>\n<p align=\"justify\"><span style=\"color: #000000;\"><span style=\"font-family: Book Antiqua, serif;\"><span style=\"font-size: large;\"><b>Wzrok utraci\u0142em od p\u0142aczu, drgaj\u0105 me trzewia, \u017c\u00f3\u0142\u0107 si\u0119 wyla\u0142a na ziemi\u0119 przez kl\u0119sk\u0119 C\u00f3ry mego ludu, gdy s\u0142ab\u0142y niemowl\u0119 i dzieci\u0119 na placach miasta.<\/b><\/span><\/span><\/span><\/p>\n<p align=\"justify\"><span style=\"color: #000000;\"><span style=\"font-family: Book Antiqua, serif;\"><span style=\"font-size: large;\"><b>Do matek swoich m\u00f3wi\u0142y: \u201eGdzie \u017cywno\u015b\u0107 i wino?\u201d Pada\u0142y jak ci\u0119\u017cko ranione na placach miasta, gdy uchodzi\u0142o z nich \u017cycie na \u0142onie ich matek.<\/b><\/span><\/span><\/span><\/p>\n<p align=\"justify\"><span style=\"color: #000000;\"><span style=\"font-family: Book Antiqua, serif;\"><span style=\"font-size: large;\"><b>Jak ci\u0119 pocieszy\u0107? Z czym por\u00f3wna\u0107, C\u00f3ro Jeruzalem? Co ci przyr\u00f3wna\u0107, by ci\u0119 pocieszy\u0107, Dziewico, C\u00f3ro Syjonu? Gdy\u017c zag\u0142ada twoja wielka jak morze. Kt\u00f3\u017c ci\u0119 uleczy?<\/b><\/span><\/span><\/span><\/p>\n<p align=\"justify\"><span style=\"color: #000000;\"><span style=\"font-family: Book Antiqua, serif;\"><span style=\"font-size: large;\"><b>Prorocy twoi miewali dla ciebie widzenia pr\u00f3\u017cne i marne, nie ods\u0142onili twojej z\u0142o\u015bci, by od wygnania ci\u0119 ustrzec; miewali dla ciebie widzenia zwodnicze i pr\u00f3\u017cne.<\/b><\/span><\/span><\/span><\/p>\n<p align=\"justify\"><span style=\"color: #000000;\"><span style=\"font-family: Book Antiqua, serif;\"><span style=\"font-size: large;\"><b>Wo\u0142aj sercem do Pana, Dziewico, C\u00f3ro Syjonu; niech \u0142zy twe p\u0142yn\u0105 jak rzeka we dnie i w nocy; nie dawaj sobie wytchnienia, niech \u017arenica twego oka nie zna spoczynku.<\/b><\/span><\/span><\/span><\/p>\n<p align=\"justify\"><span style=\"color: #000000;\"><span style=\"font-family: Book Antiqua, serif;\"><span style=\"font-size: large;\"><b>Powsta\u0144, wo\u0142aj po nocy do stra\u017cy porannej, wylewaj swe serce jak wod\u0119 przed Pa\u0144skim obliczem, podno\u015b do Niego swe r\u0119ce o \u017cycie twoich niemowl\u0105t, kt\u00f3re pada\u0142y z g\u0142odu na rogach wszystkich ulic.<\/b><\/span><\/span><\/span><\/p>\n<p align=\"justify\">\n<p align=\"justify\">\n<p align=\"justify\">\n<p align=\"justify\">\n<p align=\"justify\">\n<p align=\"justify\"><span style=\"color: #000000;\"><span style=\"font-family: Book Antiqua, serif;\"><span style=\"font-size: large;\"><b>S\u0141OWA EWANGELII WED\u0141UG \u015aWI\u0118TEGO MATEUSZA:<\/b><\/span><\/span><\/span><\/p>\n<p align=\"justify\"><span style=\"color: #000000;\"><span style=\"font-family: Book Antiqua, serif;\"><span style=\"font-size: large;\"><b>Gdy Jezus wszed\u0142 do Kafarnaum, zwr\u00f3ci\u0142 si\u0119 do Niego setnik i prosi\u0142 Go, m\u00f3wi\u0105c: \u201ePanie, s\u0142uga m\u00f3j le\u017cy w domu sparali\u017cowany i bardzo cierpi\u201d. Rzek\u0142 mu Jezus: \u201ePrzyjd\u0119 i uzdrowi\u0119 go\u201d.<\/b><\/span><\/span><\/span><\/p>\n<p align=\"justify\"><span style=\"color: #000000;\"><span style=\"font-family: Book Antiqua, serif;\"><span style=\"font-size: large;\"><b>Lecz setnik odpowiedzia\u0142: \u201ePanie, nie jestem godzien, aby\u015b wszed\u0142 pod dach m\u00f3j, ale powiedz tylko s\u0142owo, a m\u00f3j s\u0142uga odzyska zdrowie. Bo i ja, cho\u0107 podlegam w\u0142adzy, mam pod sob\u0105 \u017co\u0142nierzy. M\u00f3wi\u0119 temu: \u00abId\u017a\u00bb, a idzie; drugiemu: \u00abChod\u017a tu\u00bb, a przychodzi; a s\u0142udze: \u00abZr\u00f3b to\u00bb, a robi\u201d.<\/b><\/span><\/span><\/span><\/p>\n<p align=\"justify\"><span style=\"color: #000000;\"><span style=\"font-family: Book Antiqua, serif;\"><span style=\"font-size: large;\"><b>Gdy Jezus to us\u0142ysza\u0142, zdziwi\u0142 si\u0119 i rzek\u0142 do tych, kt\u00f3rzy szli za Nim: \u201eZaprawd\u0119 powiadam wam: U nikogo w Izraelu nie znalaz\u0142em tak wielkiej wiary. Lecz powiadam wam: Wielu przyjdzie ze <\/b><b>w<\/b><b>schodu i <\/b><b>z<\/b><b>achodu, i zasi\u0105d\u0105 do sto\u0142u z Abrahamem, Izaakiem i Jakubem w kr\u00f3lestwie niebieskim. A synowie kr\u00f3lestwa zostan\u0105 wyrzuceni na zewn\u0105trz w ciemno\u015b\u0107; tam b\u0119dzie p\u0142acz i zgrzytanie z\u0119b\u00f3w\u201d. Do setnika za\u015b Jezus rzek\u0142: \u201eId\u017a, niech ci si\u0119 stanie, jak uwierzy\u0142e\u015b\u201d. I o tej godzinie jego s\u0142uga odzyska\u0142 zdrowie.<\/b><\/span><\/span><\/span><\/p>\n<p align=\"justify\"><span style=\"color: #000000;\"><span style=\"font-family: Book Antiqua, serif;\"><span style=\"font-size: large;\"><b>Gdy Jezus przyszed\u0142 do domu Piotra, ujrza\u0142 jego te\u015bciow\u0105, le\u017c\u0105c\u0105 w gor\u0105czce. Uj\u0105\u0142 j\u0105 za r\u0119k\u0119, a gor\u0105czka j\u0105 opu\u015bci\u0142a. Wsta\u0142a i us\u0142ugiwa\u0142a Mu.<\/b><\/span><\/span><\/span><\/p>\n<p align=\"justify\"><span style=\"color: #000000;\"><span style=\"font-family: Book Antiqua, serif;\"><span style=\"font-size: large;\"><b>Z nastaniem wieczora przyprowadzono Mu wielu op\u0119tanych. On s\u0142owem wyp\u0119dzi\u0142 z\u0142e duchy i wszystkich chorych uzdrowi\u0142. Tak oto spe\u0142ni\u0142o si\u0119 s\u0142owo proroka Izajasza: \u201eOn wzi\u0105\u0142 na siebie nasze s\u0142abo\u015bci i nosi\u0142 nasze choroby\u201d.<\/b> <\/span><\/span><\/span><\/p>\n<p align=\"justify\">\n<p align=\"justify\">\n<p align=\"justify\">\n<p align=\"justify\">\n<p align=\"justify\">\n<p align=\"justify\"><span style=\"color: #000000;\"><span style=\"font-size: large;\"><span style=\"font-family: Book Antiqua, serif;\">Kiedy w roku 586 przed Chrystusem, kr\u00f3l babilo\u0144ski Nabuchodonozor <\/span><span style=\"font-family: Book Antiqua, serif;\"><b>zdoby\u0142 i zburzy\u0142 Jerozolim\u0119,<\/b><\/span><span style=\"font-family: Book Antiqua, serif;\"> a wraz ni\u0105 <\/span><span style=\"font-family: Book Antiqua, serif;\"><b>tak\u017ce<\/b><\/span> <span style=\"font-family: Book Antiqua, serif;\"><b>\u015bwi\u0105tyni\u0119,<\/b><\/span><span style=\"font-family: Book Antiqua, serif;\"> wzniesion\u0105 przez kr\u00f3la Salomona, w\u00f3wczas \u2013 tak to mo\u017cna uj\u0105\u0107 \u2013 wraz z zawalenie si\u0119 jej mur\u00f3w, <\/span><span style=\"font-family: Book Antiqua, serif;\"><b>dla Izraelit\u00f3w zawali\u0142 si\u0119 \u015bwiat!<\/b><\/span><span style=\"font-family: Book Antiqua, serif;\"> Przecie\u017c ta \u015bwi\u0105tynia by\u0142a znakiem ich dumy i pot\u0119gi, nade wszystko za\u015b \u2013 <\/span><span style=\"font-family: Book Antiqua, serif;\"><b>znakiem obecno\u015bci Boga <\/b><\/span><span style=\"font-family: Book Antiqua, serif;\">w\u015br\u00f3d nich. Czy\u017cby zatem fakt jej zniszczenia mia\u0142 oznacza\u0107, \u017ce <\/span><span style=\"font-family: Book Antiqua, serif;\"><b>B\u00f3g odwr\u00f3ci\u0142 si\u0119 <\/b><\/span><span style=\"font-family: Book Antiqua, serif;\">od swego ludu? Czemu dopu\u015bci\u0142 do a\u017c tak wielkiej katastrofy? Do tak wielkiego nieszcz\u0119\u015bcia? <\/span><\/span><\/span><\/p>\n<p align=\"justify\"><span style=\"color: #000000;\"><span style=\"font-size: large;\"><span style=\"font-family: Book Antiqua, serif;\">Co by\u0142o przyczyn\u0105 tak dramatycznych wydarze\u0144, jak te, opisane dzisiaj w pierwszym czytaniu, z Ksi\u0119gi Lamentacji, i\u017c <\/span><span style=\"font-family: Book Antiqua, serif;\"><i><b>z<\/b><\/i><\/span><span style=\"font-family: Book Antiqua, serif;\"><i><b>burzy\u0142 Pan bez lito\u015bci wszystkie siedziby Jakuba; wywr\u00f3ci\u0142 w swej zapalczywo\u015bci twierdze C\u00f3ry Judy, rzuci\u0142 o ziemi\u0119, zbezcze\u015bci\u0142 kr\u00f3lestwo i mo\u017cnych?\u2026<\/b><\/i><\/span><b> <\/b><span style=\"font-family: Book Antiqua, serif;\">Czy rzeczywi\u015bcie \u2013 to sam Pan tego dokona\u0142? Czy to On sam pos\u0142u\u017cy\u0142 si\u0119 zbrojnym ramieniem kr\u00f3la Nabuchodonozora? <\/span><\/span><\/span><\/p>\n<p align=\"justify\"><span style=\"color: #000000;\"><span style=\"font-size: large;\"><span style=\"font-family: Book Antiqua, serif;\">Z pewno\u015bci\u0105, ca\u0142a sytuacja musia\u0142a nar\u00f3d wybrany i tak bardzo przez Boga umi\u0142owany <\/span><span style=\"font-family: Book Antiqua, serif;\"><b>zmusi\u0107 do zastanowienia, <\/b><\/span><span style=\"font-family: Book Antiqua, serif;\">dlaczego tak si\u0119 sta\u0142o \u2013 dlaczego a\u017c tak musia\u0142o si\u0119 sta\u0107?\u2026 Zw\u0142aszcza, <\/span><span style=\"font-family: Book Antiqua, serif;\">je\u017celi jednym z obraz\u00f3w ca\u0142ego tego dramatu <\/span><span style=\"font-family: Book Antiqua, serif;\">by\u0142<\/span><span style=\"font-family: Book Antiqua, serif;\"> widok <\/span><span style=\"font-family: Book Antiqua, serif;\"><b>dzieci, umieraj\u0105cych z g\u0142odu,<\/b><\/span><span style=\"font-family: Book Antiqua, serif;\"> na r\u0119kach swych matek\u2026 Dlatego trudno si\u0119 dziwi\u0107 pe\u0142nym b\u00f3lu pytaniom, postawionym przez Autora natchnionego:<\/span><i> <\/i><span style=\"font-family: Book Antiqua, serif;\"><i><b>Jak ci\u0119 pocieszy\u0107? Z czym por\u00f3wna\u0107, C\u00f3ro Jeruzalem? Co ci przyr\u00f3wna\u0107, by ci\u0119 pocieszy\u0107, Dziewico, C\u00f3ro Syjonu? Gdy\u017c zag\u0142ada twoja wielka jak morze. Kt\u00f3\u017c ci\u0119 uleczy?<\/b><\/i><\/span> <\/span><\/span><\/p>\n<p align=\"justify\"><span style=\"color: #000000;\"><span style=\"font-size: large;\"><span style=\"font-family: Book Antiqua, serif;\">A w poszukiwaniu odpowiedzi, pojawi\u0142o si\u0119 \u2013 mi\u0119dzy innymi \u2013 <\/span><span style=\"font-family: Book Antiqua, serif;\"><b>oskar\u017ceni<\/b><\/span><span style=\"font-family: Book Antiqua, serif;\"><b>e<\/b><\/span><span style=\"font-family: Book Antiqua, serif;\"><b> pod adresem prorok\u00f3w,<\/b><\/span><span style=\"font-family: Book Antiqua, serif;\"> kt\u00f3rzy nie ostrzegali ludu przez skutkami jego z\u0142ego post\u0119powania. Oto s\u0142yszymy: <\/span><span style=\"font-family: Book Antiqua, serif;\"><i><b>Prorocy twoi miewali dla ciebie widzenia pr\u00f3\u017cne i marne, nie ods\u0142onili twojej z\u0142o\u015bci, by od wygnania ci\u0119 ustrzec; miewali dla ciebie widzenia zwodnicze i pr\u00f3\u017cne. <\/b><\/i><\/span><span style=\"font-family: Book Antiqua, serif;\">Ci, kt\u00f3rzy sami uznawali si\u0119 za przedstawicieli Boga, nie wywi\u0105zali si\u0119 ze swego zadania. <\/span><\/span><\/span><\/p>\n<p align=\"justify\"><span style=\"color: #000000;\"><span style=\"font-size: large;\"><span style=\"font-family: Book Antiqua, serif;\">Oczywi\u015bcie, bior\u0105c ca\u0142\u0105 spraw\u0119 tak \u201ena zdrowy rozs\u0105dek\u201d, trudno ca\u0142\u0105 odpowiedzialno\u015bci\u0105 obarczy\u0107 samych tylko prorok\u00f3w! Przecie\u017c <\/span><span style=\"font-family: Book Antiqua, serif;\"><b>ka\u017cdy ma rozum i woln\u0105 wol\u0119,<\/b><\/span><span style=\"font-family: Book Antiqua, serif;\"> ka\u017cdy odpowiada za swe w\u0142asne czyny, dlatego te\u017c ka\u017cdy sam d\u017awiga na swoich barkach cz\u0119\u015b\u0107 odpowiedzialno\u015bci za zaistnia\u0142\u0105 sytuacj\u0119. Niemniej jednak, prorocy <\/span><span style=\"font-family: Book Antiqua, serif;\"><b>niejako z urz\u0119du winni przestrzega\u0107<\/b><\/span><span style=\"font-family: Book Antiqua, serif;\"> ludzi przed z\u0142em, a ci \u00f3wcze\u015bni tego nie czynili \u2013 poza wielkimi Prorokami Pana, jak Izajasz, czy Jeremiasz. <\/span><\/span><\/span><\/p>\n<p align=\"justify\"><span style=\"color: #000000;\"><span style=\"font-size: large;\"><span style=\"font-family: Book Antiqua, serif;\">Skoro zatem spad\u0142a na lud tak ci\u0119\u017cka kara Bo\u017ca, trzeba by\u0142o <\/span><span style=\"font-family: Book Antiqua, serif;\"><b>jako\u015b zareagowa\u0107<\/b><\/span><span style=\"font-family: Book Antiqua, serif;\"> na ten znak z Niebios. Jedynym rozs\u0105dnym wyj\u015bciem z dramatycznego po\u0142o\u017cenia mog\u0142o by\u0107 tylko to, do kt\u00f3rego Autor natchniony wzywa w ostatnich wersach dzisiejszego czytania: <\/span><span style=\"font-family: Book Antiqua, serif;\"><i><b>Wo\u0142aj sercem do Pana, Dziewico, C\u00f3ro Syjonu; niech \u0142zy twe p\u0142yn\u0105 jak rzeka we dnie i w nocy; nie dawaj sobie wytchnienia, niech \u017arenica twego oka nie zna spoczynku. <\/b><\/i><\/span><span style=\"font-family: Book Antiqua, serif;\"><i><b>Powsta\u0144, wo\u0142aj po nocy do stra\u017cy porannej, wylewaj swe serce jak wod\u0119 przed Pa\u0144skim obliczem, podno\u015b do Niego swe r\u0119ce o \u017cycie twoich niemowl\u0105t, kt\u00f3re pada\u0142y z g\u0142odu na rogach wszystkich ulic.<\/b><\/i><\/span><i> <\/i><\/span><\/span><\/p>\n<p align=\"justify\"><span style=\"color: #000000;\"><span style=\"font-size: large;\"><span style=\"font-family: Book Antiqua, serif;\">Zatem,<\/span><span style=\"font-family: Book Antiqua, serif;\"> obraz totalnego zniszczenia i kl\u0119ski, ukazany w pierwszej cz\u0119\u015bci omawianego przez nas tekstu, w ostatniej jego cz\u0119\u015bci <\/span><span style=\"font-family: Book Antiqua, serif;\"><b>przekszta\u0142ca si\u0119 w wo\u0142anie do Boga<\/b><\/span><span style=\"font-family: Book Antiqua, serif;\"> o ratunek, o zmi\u0142owanie: mo\u017ce jeszcze da szans\u0119 swemu ludowi? <\/span><\/span><\/span><\/p>\n<p align=\"justify\"><span style=\"color: #000000;\"><span style=\"font-size: large;\"><span style=\"font-family: Book Antiqua, serif;\">Zauwa\u017cmy, \u017ce taka sama refleksja, w tej samej kolejno\u015bci i porz\u0105dku, przewija si\u0119 przez kolejne zwrotki Psalmu responsoryjnego, w kt\u00f3rym \u2013 we\u017amy dla przyk\u0142adu jedn\u0105 \u2013 \u015bpiewali\u015bmy: <\/span><span style=\"font-family: Book Antiqua, serif;\"><i><b>Wida\u0107, \u017ce si\u0119 podnosz\u0105 siekiery jak w le\u015bnej g\u0119stwinie. Wy\u0142amali wszystkie bramy, zniszczyli je toporem i m\u0142otem. Wydali Tw\u0105 \u015bwi\u0105tyni\u0119 na pastw\u0119 ognia, zbezcze\u015bcili do szcz\u0119tu przybytek Twego imienia;<\/b><\/i><\/span><span style=\"font-family: Book Antiqua, serif;\"> po czym, w ostatniej, \u015bpiewali\u015bmy: <\/span><span style=\"font-family: Book Antiqua, serif;\"><i><b>Wspomnij na Twoje przymierze, bo mroczne zau\u0142ki ziemi pe\u0142ne s\u0105 przemocy. Niechaj uci\u015bniony nie wraca ze wstydem, niech biedny i ubogi wychwala Twe imi\u0119. <\/b><\/i><\/span><\/span><\/span><\/p>\n<p align=\"justify\"><span style=\"color: #000000;\"><span style=\"font-size: large;\"><span style=\"font-family: Book Antiqua, serif;\">Z<\/span><span style=\"font-family: Book Antiqua, serif;\">apewne, z takiego przekonania wyszed\u0142 tak\u017ce <\/span><span style=\"font-family: Book Antiqua, serif;\"><b>rzymski<\/b><\/span> <span style=\"font-family: Book Antiqua, serif;\"><b>setnik<\/b><\/span><span style=\"font-family: Book Antiqua, serif;\"> z dzisiejszej Ewangelii. W obliczu ci\u0119\u017ckiej choroby swego s\u0142ugi \u2013 a wygl\u0105da na to, \u017ce by\u0142 to dla niego kto\u015b wa\u017cny i drogi, skoro tak bardzo stara\u0142 si\u0119 o to, by mu pom\u00f3c \u2013 <\/span><span style=\"font-family: Book Antiqua, serif;\"><b>od razu zwr\u00f3ci\u0142 si\u0119 do Jezusa.<\/b><\/span><span style=\"font-family: Book Antiqua, serif;\"> Z ca\u0142\u0105 pokor\u0105 i wiar\u0105, kt\u00f3rej Jezus nie dopatrzy\u0142 si\u0119 <\/span><span style=\"font-family: Book Antiqua, serif;\"><b>u nikogo ze swoich rodak\u00f3w,<\/b><\/span><span style=\"font-family: Book Antiqua, serif;\"> ten rzymski dow\u00f3dca wojskowy b\u0142aga\u0142 o \u0142ask\u0119 zdrowia dla swego s\u0142ugi. <\/span><\/span><\/span><\/p>\n<p align=\"justify\"><span style=\"color: #000000;\"><span style=\"font-size: large;\"><span style=\"font-family: Book Antiqua, serif;\">Mo\u017cna zatem powiedzie\u0107, \u017ce Jezus w swojej wypowiedzi daje bardzo <\/span><span style=\"font-family: Book Antiqua, serif;\"><b>nieciekawe \u015bwiadectwo o wierze narodu wybranego przez Pana,<\/b><\/span><span style=\"font-family: Book Antiqua, serif;\"> potwierdzaj\u0105c w ten spos\u00f3b to wszystko, co pokaza\u0142o dzisiejsze pierwsze czytanie: nar\u00f3d tak bardzo umi\u0142owany przez Pana <\/span><span style=\"font-family: Book Antiqua, serif;\"><b>zlekcewa\u017cy\u0142 fakt swojego wybrania. <\/b><\/span><span style=\"font-family: Book Antiqua, serif;\">Nie okaza\u0142 si\u0119 wierny przymierzu, bardzo s\u0142aba by\u0142a jego wiara. Rzymski \u017co\u0142nierz \u2013 poganin \u2013 <\/span><span style=\"font-family: Book Antiqua, serif;\"><b>zawstydz<\/b><\/span><span style=\"font-family: Book Antiqua, serif;\"><b>i\u0142<\/b><\/span><span style=\"font-family: Book Antiqua, serif;\"><b> swoj\u0105 wiar\u0105 cz\u0142onk\u00f3w narodu,<\/b><\/span><span style=\"font-family: Book Antiqua, serif;\"> kt\u00f3ry w\u0142a\u015bnie jako pierwszy powinien innych uczy\u0107 wiary! <\/span><\/span><\/span><\/p>\n<p align=\"justify\"><span style=\"color: #000000;\"><span style=\"font-size: large;\"><span style=\"font-family: Book Antiqua, serif;\">Tymczasem, B\u00f3g musi si\u0119 <\/span><span style=\"font-family: Book Antiqua, serif;\"><b>o wiar\u0119 swego ludu upomnie\u0107<\/b><\/span><span style=\"font-family: Book Antiqua, serif;\"> \u2013 czy to przez takich ludzi, jak setnik; czy przez dzia\u0142anie bardzo radykalne, jak to, opisane w pierwszym czytaniu; czy wreszcie przez <\/span><span style=\"font-family: Book Antiqua, serif;\"><b>tak wiele cud\u00f3w i uzdrowie\u0144,<\/b><\/span><span style=\"font-family: Book Antiqua, serif;\"> o kt\u00f3rych s\u0142yszymy w ko\u0144c\u00f3wce dzisiejszej Ewangelii \u2013 pocz\u0105wszy od uzdrowienia te\u015bciowej Piotra. W <\/span><span style=\"font-family: Book Antiqua, serif;\">tych wszystkich przypadkach <\/span><span style=\"font-family: Book Antiqua, serif;\"><b>nie s\u0142yszymy, by Jezus domaga\u0142 si\u0119 \u015bwiadectwa wiary,<\/b><\/span><span style=\"font-family: Book Antiqua, serif;\"> mo\u017cemy wi\u0119c uzna\u0107, \u017ce t\u0119 wiar\u0119 sam rozpozna\u0142 w sercach owych ludzi, a na pewno chcia\u0142 t\u0119 wiar\u0119 pog\u0142\u0119bi\u0107, wzmocni\u0107. <\/span><\/span><\/span><\/p>\n<p align=\"justify\"><span style=\"color: #000000;\"><span style=\"font-size: large;\"><span style=\"font-family: Book Antiqua, serif;\">Moi Drodzy, <\/span><span style=\"font-family: Book Antiqua, serif;\"><b>co nam pomaga w kszta\u0142towaniu i wzmacnianiu naszej wiary?<\/b><\/span><span style=\"font-family: Book Antiqua, serif;\"> Czy katolickie wychowanie <\/span><span style=\"font-family: Book Antiqua, serif;\">w domu<\/span><span style=\"font-family: Book Antiqua, serif;\">, <\/span><span style=\"font-family: Book Antiqua, serif;\">czy <\/span><span style=\"font-family: Book Antiqua, serif;\">lata katechizacji, przygotowanie do przyj\u0119cia poszczeg\u00f3lnych Sakrament\u00f3w i ich faktyczne przyjmowanie? Czy s\u0142uchanie Bo\u017cego s\u0142owa i nauczania Ko\u015bcio\u0142a? Czy mo\u017ce te\u017c <\/span><span style=\"font-family: Book Antiqua, serif;\"><b>potrzeba wstrz\u0105s\u00f3w i radykalnych <\/b><\/span><span style=\"font-family: Book Antiqua, serif;\"><b>dzia\u0142a\u0144<\/b><\/span><span style=\"font-family: Book Antiqua, serif;\"> ze strony Boga, aby nas zmobilizowa\u0107 do trze\u017awego my\u015blenia? Czy staramy si\u0119 <\/span><span style=\"font-family: Book Antiqua, serif;\"><b>odczytywa\u0107 i nale\u017cycie wewn\u0119trznie \u201eprzetwarza\u0107\u201d znaki,<\/b><\/span><span style=\"font-family: Book Antiqua, serif;\"> jakie Pan daje nam nieustannie \u2013 czy s\u0142u\u017cy to naszemu duchowemu dobru? Czyli \u2013 m\u00f3wi\u0105c wprost \u2013 <\/span><span style=\"font-family: Book Antiqua, serif;\"><b>wzmocnieniu naszej wiary?\u2026<\/b><\/span><\/span><\/span><\/p>\n","protected":false},"excerpt":{"rendered":"<p>Szcz\u0119\u015b\u0107 Bo\u017ce! Moi Drodzy, w dniu dzisiejszym urodziny prze\u017cywaj\u0105: \u25baMiros\u0142aw Oleszczuk, m\u00f3j Wujek, kt\u00f3remu dzi\u0119kuj\u0119 za \u017cyczliwo\u015b\u0107 i m\u0105dre rozmowy na najwa\u017cniejsze i najg\u0142\u0119bsze tematy; \u25baSiostra Iwona Jagie\u0142ka, pracuj\u0105ca w swoim czasie w Surgucie, razem z Ksi\u0119dzem Markiem, a obecnie pos\u0142uguj\u0105ca w Polsce. Natomiast imieniny prze\u017cywaj\u0105 dzi\u015b: \u25baKsi\u0105dz W\u0142adys\u0142aw Trojanowski, za moich czas\u00f3w \u2013 Proboszcz [&hellip;]<\/p>\n","protected":false},"author":1,"featured_media":0,"comment_status":"open","ping_status":"open","sticky":false,"template":"","format":"standard","meta":{"jetpack_post_was_ever_published":false,"_jetpack_newsletter_access":"","_jetpack_dont_email_post_to_subs":false,"_jetpack_newsletter_tier_id":0,"_jetpack_memberships_contains_paywalled_content":false,"_jetpack_memberships_contains_paid_content":false,"footnotes":""},"categories":[1],"tags":[],"class_list":["post-17283","post","type-post","status-publish","format-standard","hentry","category-bez-kategorii"],"yoast_head":"<!-- This site is optimized with the Yoast SEO plugin v25.1 - https:\/\/yoast.com\/wordpress\/plugins\/seo\/ -->\n<title>Wo\u0142aj sercem do Pana! - Gaudium Et Spes<\/title>\n<meta name=\"robots\" content=\"index, follow, max-snippet:-1, max-image-preview:large, max-video-preview:-1\" \/>\n<link rel=\"canonical\" href=\"https:\/\/gaudiumetspes-blog.pl\/index.php\/2020\/06\/27\/wolaj-sercem-do-pana\/\" \/>\n<meta property=\"og:locale\" content=\"pl_PL\" \/>\n<meta property=\"og:type\" content=\"article\" \/>\n<meta property=\"og:title\" content=\"Wo\u0142aj sercem do Pana! - Gaudium Et Spes\" \/>\n<meta property=\"og:description\" content=\"Szcz\u0119\u015b\u0107 Bo\u017ce! Moi Drodzy, w dniu dzisiejszym urodziny prze\u017cywaj\u0105: \u25baMiros\u0142aw Oleszczuk, m\u00f3j Wujek, kt\u00f3remu dzi\u0119kuj\u0119 za \u017cyczliwo\u015b\u0107 i m\u0105dre rozmowy na najwa\u017cniejsze i najg\u0142\u0119bsze tematy; \u25baSiostra Iwona Jagie\u0142ka, pracuj\u0105ca w swoim czasie w Surgucie, razem z Ksi\u0119dzem Markiem, a obecnie pos\u0142uguj\u0105ca w Polsce. Natomiast imieniny prze\u017cywaj\u0105 dzi\u015b: \u25baKsi\u0105dz W\u0142adys\u0142aw Trojanowski, za moich czas\u00f3w \u2013 Proboszcz [&hellip;]\" \/>\n<meta property=\"og:url\" content=\"https:\/\/gaudiumetspes-blog.pl\/index.php\/2020\/06\/27\/wolaj-sercem-do-pana\/\" \/>\n<meta property=\"og:site_name\" content=\"Gaudium Et Spes\" \/>\n<meta property=\"article:published_time\" content=\"2020-06-27T03:32:15+00:00\" \/>\n<meta name=\"author\" content=\"Ks. Jacek\" \/>\n<meta name=\"twitter:card\" content=\"summary_large_image\" \/>\n<meta name=\"twitter:label1\" content=\"Napisane przez\" \/>\n\t<meta name=\"twitter:data1\" content=\"Ks. Jacek\" \/>\n\t<meta name=\"twitter:label2\" content=\"Szacowany czas czytania\" \/>\n\t<meta name=\"twitter:data2\" content=\"12 minut\" \/>\n<script type=\"application\/ld+json\" class=\"yoast-schema-graph\">{\"@context\":\"https:\/\/schema.org\",\"@graph\":[{\"@type\":\"WebPage\",\"@id\":\"https:\/\/gaudiumetspes-blog.pl\/index.php\/2020\/06\/27\/wolaj-sercem-do-pana\/\",\"url\":\"https:\/\/gaudiumetspes-blog.pl\/index.php\/2020\/06\/27\/wolaj-sercem-do-pana\/\",\"name\":\"Wo\u0142aj sercem do Pana! - Gaudium Et Spes\",\"isPartOf\":{\"@id\":\"https:\/\/gaudiumetspes-blog.pl\/#website\"},\"datePublished\":\"2020-06-27T03:32:15+00:00\",\"author\":{\"@id\":\"https:\/\/gaudiumetspes-blog.pl\/#\/schema\/person\/1661982992b752dea8dff0d4ed845a65\"},\"breadcrumb\":{\"@id\":\"https:\/\/gaudiumetspes-blog.pl\/index.php\/2020\/06\/27\/wolaj-sercem-do-pana\/#breadcrumb\"},\"inLanguage\":\"pl-PL\",\"potentialAction\":[{\"@type\":\"ReadAction\",\"target\":[\"https:\/\/gaudiumetspes-blog.pl\/index.php\/2020\/06\/27\/wolaj-sercem-do-pana\/\"]}]},{\"@type\":\"BreadcrumbList\",\"@id\":\"https:\/\/gaudiumetspes-blog.pl\/index.php\/2020\/06\/27\/wolaj-sercem-do-pana\/#breadcrumb\",\"itemListElement\":[{\"@type\":\"ListItem\",\"position\":1,\"name\":\"Strona g\u0142\u00f3wna\",\"item\":\"https:\/\/gaudiumetspes-blog.pl\/\"},{\"@type\":\"ListItem\",\"position\":2,\"name\":\"Wo\u0142aj sercem do&nbsp;Pana!\"}]},{\"@type\":\"WebSite\",\"@id\":\"https:\/\/gaudiumetspes-blog.pl\/#website\",\"url\":\"https:\/\/gaudiumetspes-blog.pl\/\",\"name\":\"Gaudium Et Spes\",\"description\":\"Blog Ks. Jacka Ja\u015bkowskiego\",\"potentialAction\":[{\"@type\":\"SearchAction\",\"target\":{\"@type\":\"EntryPoint\",\"urlTemplate\":\"https:\/\/gaudiumetspes-blog.pl\/?s={search_term_string}\"},\"query-input\":{\"@type\":\"PropertyValueSpecification\",\"valueRequired\":true,\"valueName\":\"search_term_string\"}}],\"inLanguage\":\"pl-PL\"},{\"@type\":\"Person\",\"@id\":\"https:\/\/gaudiumetspes-blog.pl\/#\/schema\/person\/1661982992b752dea8dff0d4ed845a65\",\"name\":\"Ks. Jacek\",\"image\":{\"@type\":\"ImageObject\",\"inLanguage\":\"pl-PL\",\"@id\":\"https:\/\/gaudiumetspes-blog.pl\/#\/schema\/person\/image\/\",\"url\":\"https:\/\/gaudiumetspes-blog.pl\/wp-content\/uploads\/2019\/07\/avatar-JJ-150x150.jpg\",\"contentUrl\":\"https:\/\/gaudiumetspes-blog.pl\/wp-content\/uploads\/2019\/07\/avatar-JJ-150x150.jpg\",\"caption\":\"Ks. Jacek\"},\"description\":\"Witam serdecznie! K\u0142ania si\u0119 Ks. Jacek Ja\u015bkowski. Nie jestem ani kim\u015b wa\u017cnym, ani kim\u015b znanym. Jestem ksi\u0119dzem, kt\u00f3ry po prostu chce rozmawia\u0107. Codzienna kap\u0142a\u0144ska pos\u0142uga pokazuje mi, \u017ce temat\u00f3w do rozm\u00f3w z ksi\u0119dzem jest coraz wi\u0119cej i dzisiaj \u017caden ksi\u0105dz nie mo\u017ce od nich ucieka\u0107, ale - wprost przeciwnie - podejmowa\u0107 nowe wyzwania. To przekonanie sk\u0142oni\u0142o mnie do pr\u00f3by otwarcia tego\u017c bloga, chocia\u017c okazji do rozm\u00f3w na co dzie\u0144 - w konfesjonale i poza nim - na szcz\u0119\u015bcie nie brakuje. My\u015bl\u0119 jednak, \u017ce ten blog b\u0119dzie jeszcze jednym sposobem i przestrzeni\u0105 nawi\u0105zania kontaktu z lud\u017ami dobrej woli, otwartymi na dialog.\",\"url\":\"https:\/\/gaudiumetspes-blog.pl\/index.php\/author\/ks-jacek\/\"}]}<\/script>\n<!-- \/ Yoast SEO plugin. -->","yoast_head_json":{"title":"Wo\u0142aj sercem do Pana! - Gaudium Et Spes","robots":{"index":"index","follow":"follow","max-snippet":"max-snippet:-1","max-image-preview":"max-image-preview:large","max-video-preview":"max-video-preview:-1"},"canonical":"https:\/\/gaudiumetspes-blog.pl\/index.php\/2020\/06\/27\/wolaj-sercem-do-pana\/","og_locale":"pl_PL","og_type":"article","og_title":"Wo\u0142aj sercem do Pana! - Gaudium Et Spes","og_description":"Szcz\u0119\u015b\u0107 Bo\u017ce! Moi Drodzy, w dniu dzisiejszym urodziny prze\u017cywaj\u0105: \u25baMiros\u0142aw Oleszczuk, m\u00f3j Wujek, kt\u00f3remu dzi\u0119kuj\u0119 za \u017cyczliwo\u015b\u0107 i m\u0105dre rozmowy na najwa\u017cniejsze i najg\u0142\u0119bsze tematy; \u25baSiostra Iwona Jagie\u0142ka, pracuj\u0105ca w swoim czasie w Surgucie, razem z Ksi\u0119dzem Markiem, a obecnie pos\u0142uguj\u0105ca w Polsce. Natomiast imieniny prze\u017cywaj\u0105 dzi\u015b: \u25baKsi\u0105dz W\u0142adys\u0142aw Trojanowski, za moich czas\u00f3w \u2013 Proboszcz [&hellip;]","og_url":"https:\/\/gaudiumetspes-blog.pl\/index.php\/2020\/06\/27\/wolaj-sercem-do-pana\/","og_site_name":"Gaudium Et Spes","article_published_time":"2020-06-27T03:32:15+00:00","author":"Ks. Jacek","twitter_card":"summary_large_image","twitter_misc":{"Napisane przez":"Ks. Jacek","Szacowany czas czytania":"12 minut"},"schema":{"@context":"https:\/\/schema.org","@graph":[{"@type":"WebPage","@id":"https:\/\/gaudiumetspes-blog.pl\/index.php\/2020\/06\/27\/wolaj-sercem-do-pana\/","url":"https:\/\/gaudiumetspes-blog.pl\/index.php\/2020\/06\/27\/wolaj-sercem-do-pana\/","name":"Wo\u0142aj sercem do Pana! - Gaudium Et Spes","isPartOf":{"@id":"https:\/\/gaudiumetspes-blog.pl\/#website"},"datePublished":"2020-06-27T03:32:15+00:00","author":{"@id":"https:\/\/gaudiumetspes-blog.pl\/#\/schema\/person\/1661982992b752dea8dff0d4ed845a65"},"breadcrumb":{"@id":"https:\/\/gaudiumetspes-blog.pl\/index.php\/2020\/06\/27\/wolaj-sercem-do-pana\/#breadcrumb"},"inLanguage":"pl-PL","potentialAction":[{"@type":"ReadAction","target":["https:\/\/gaudiumetspes-blog.pl\/index.php\/2020\/06\/27\/wolaj-sercem-do-pana\/"]}]},{"@type":"BreadcrumbList","@id":"https:\/\/gaudiumetspes-blog.pl\/index.php\/2020\/06\/27\/wolaj-sercem-do-pana\/#breadcrumb","itemListElement":[{"@type":"ListItem","position":1,"name":"Strona g\u0142\u00f3wna","item":"https:\/\/gaudiumetspes-blog.pl\/"},{"@type":"ListItem","position":2,"name":"Wo\u0142aj sercem do&nbsp;Pana!"}]},{"@type":"WebSite","@id":"https:\/\/gaudiumetspes-blog.pl\/#website","url":"https:\/\/gaudiumetspes-blog.pl\/","name":"Gaudium Et Spes","description":"Blog Ks. Jacka Ja\u015bkowskiego","potentialAction":[{"@type":"SearchAction","target":{"@type":"EntryPoint","urlTemplate":"https:\/\/gaudiumetspes-blog.pl\/?s={search_term_string}"},"query-input":{"@type":"PropertyValueSpecification","valueRequired":true,"valueName":"search_term_string"}}],"inLanguage":"pl-PL"},{"@type":"Person","@id":"https:\/\/gaudiumetspes-blog.pl\/#\/schema\/person\/1661982992b752dea8dff0d4ed845a65","name":"Ks. Jacek","image":{"@type":"ImageObject","inLanguage":"pl-PL","@id":"https:\/\/gaudiumetspes-blog.pl\/#\/schema\/person\/image\/","url":"https:\/\/gaudiumetspes-blog.pl\/wp-content\/uploads\/2019\/07\/avatar-JJ-150x150.jpg","contentUrl":"https:\/\/gaudiumetspes-blog.pl\/wp-content\/uploads\/2019\/07\/avatar-JJ-150x150.jpg","caption":"Ks. Jacek"},"description":"Witam serdecznie! K\u0142ania si\u0119 Ks. Jacek Ja\u015bkowski. Nie jestem ani kim\u015b wa\u017cnym, ani kim\u015b znanym. Jestem ksi\u0119dzem, kt\u00f3ry po prostu chce rozmawia\u0107. Codzienna kap\u0142a\u0144ska pos\u0142uga pokazuje mi, \u017ce temat\u00f3w do rozm\u00f3w z ksi\u0119dzem jest coraz wi\u0119cej i dzisiaj \u017caden ksi\u0105dz nie mo\u017ce od nich ucieka\u0107, ale - wprost przeciwnie - podejmowa\u0107 nowe wyzwania. To przekonanie sk\u0142oni\u0142o mnie do pr\u00f3by otwarcia tego\u017c bloga, chocia\u017c okazji do rozm\u00f3w na co dzie\u0144 - w konfesjonale i poza nim - na szcz\u0119\u015bcie nie brakuje. My\u015bl\u0119 jednak, \u017ce ten blog b\u0119dzie jeszcze jednym sposobem i przestrzeni\u0105 nawi\u0105zania kontaktu z lud\u017ami dobrej woli, otwartymi na dialog.","url":"https:\/\/gaudiumetspes-blog.pl\/index.php\/author\/ks-jacek\/"}]}},"jetpack_featured_media_url":"","jetpack_sharing_enabled":true,"_links":{"self":[{"href":"https:\/\/gaudiumetspes-blog.pl\/index.php\/wp-json\/wp\/v2\/posts\/17283","targetHints":{"allow":["GET"]}}],"collection":[{"href":"https:\/\/gaudiumetspes-blog.pl\/index.php\/wp-json\/wp\/v2\/posts"}],"about":[{"href":"https:\/\/gaudiumetspes-blog.pl\/index.php\/wp-json\/wp\/v2\/types\/post"}],"author":[{"embeddable":true,"href":"https:\/\/gaudiumetspes-blog.pl\/index.php\/wp-json\/wp\/v2\/users\/1"}],"replies":[{"embeddable":true,"href":"https:\/\/gaudiumetspes-blog.pl\/index.php\/wp-json\/wp\/v2\/comments?post=17283"}],"version-history":[{"count":1,"href":"https:\/\/gaudiumetspes-blog.pl\/index.php\/wp-json\/wp\/v2\/posts\/17283\/revisions"}],"predecessor-version":[{"id":17284,"href":"https:\/\/gaudiumetspes-blog.pl\/index.php\/wp-json\/wp\/v2\/posts\/17283\/revisions\/17284"}],"wp:attachment":[{"href":"https:\/\/gaudiumetspes-blog.pl\/index.php\/wp-json\/wp\/v2\/media?parent=17283"}],"wp:term":[{"taxonomy":"category","embeddable":true,"href":"https:\/\/gaudiumetspes-blog.pl\/index.php\/wp-json\/wp\/v2\/categories?post=17283"},{"taxonomy":"post_tag","embeddable":true,"href":"https:\/\/gaudiumetspes-blog.pl\/index.php\/wp-json\/wp\/v2\/tags?post=17283"}],"curies":[{"name":"wp","href":"https:\/\/api.w.org\/{rel}","templated":true}]}}