{"id":17292,"date":"2020-06-30T05:32:05","date_gmt":"2020-06-30T03:32:05","guid":{"rendered":"https:\/\/gaudiumetspes-blog.pl\/?p=17292"},"modified":"2020-06-30T00:33:42","modified_gmt":"2020-06-29T22:33:42","slug":"kimze-on-jest","status":"publish","type":"post","link":"https:\/\/gaudiumetspes-blog.pl\/index.php\/2020\/06\/30\/kimze-on-jest\/","title":{"rendered":"Kim\u017ce On jest?&#8230;"},"content":{"rendered":"<p align=\"justify\"><span style=\"color: #000000;\"><span style=\"font-size: large;\"><span style=\"font-family: Book Antiqua, serif;\">Szcz\u0119\u015b\u0107 Bo\u017ce! Moi Drodzy, w dniu dzisiejszym<\/span><span style=\"font-family: Book Antiqua, serif;\"><b> imieniny prze\u017cywa Emilka Nied\u017awiedzka, moja Siostrzenica. Dzi\u0119kuj\u0105c Bogu za dar tak wspania\u0142ej, radosnej i energicznej Osoby w naszej Rodzinie, \u017cycz\u0119, aby z atmosfery swego rodzinnego Domu czerpa\u0142a jak najwi\u0119cej <\/b><\/span><span style=\"font-family: Book Antiqua, serif;\"><b>jak najlepszych wzorc\u00f3w. Niech zawsze b\u0119dzie blisko Boga! I niech Mu si\u0119 da przez ca\u0142e \u017cycie poprowadzi\u0107! Ca\u0142\u0105 Rodzin\u0105, otaczamy J\u0105 modlitw\u0105!<\/b><\/span><\/span><\/span><\/p>\n<p align=\"justify\"><span style=\"color: #000000;\"><span style=\"font-size: large;\"><b><span style=\"font-family: Book Antiqua, serif;\">Urodziny dzi\u015b prze\u017cywa Marcin Zaj\u0105c, Cz\u0142owiek zaanga\u017cowany w \u017cycie Parafii w Miastkowie Ko\u015bcielnym.<\/span><\/b><\/span><\/span><\/p>\n<p align=\"justify\"><span style=\"color: #000000;\"><span style=\"font-size: large;\"><b><span style=\"font-family: Book Antiqua, serif;\">Do wczorajszej Plejady Gwiazd chcia\u0142bym jeszcze do\u0142\u0105czy\u0107 kilku Solenizant\u00f3w. A s\u0105 to:<\/span><\/b><\/span><\/span><\/p>\n<p align=\"justify\"><span style=\"color: #000000;\">\u25ba<span style=\"font-size: large;\"><b><span style=\"font-family: Book Antiqua, serif;\">Ksi\u0105dz Piotr Oskroba,<\/span><\/b><\/span><\/span><\/p>\n<p align=\"justify\"><span style=\"color: #000000;\">\u25ba<span style=\"font-size: large;\"><b><span style=\"font-family: Book Antiqua, serif;\">Ksi\u0105dz Pawe\u0142 Wojdat,<\/span><\/b><\/span><\/span><\/p>\n<p align=\"justify\"><span style=\"color: #000000;\">\u25ba<span style=\"font-size: large;\"><b><span style=\"font-family: Book Antiqua, serif;\">Ksi\u0105dz Piotr Osi\u0144ski,<\/span><\/b><\/span><\/span><\/p>\n<p align=\"justify\"><span style=\"color: #000000;\">\u25ba<span style=\"font-size: large;\"><b><span style=\"font-family: Book Antiqua, serif;\">Ksi\u0105dz Pawe\u0142 Siedlanowski,<\/span><\/b><\/span><\/span><\/p>\n<p align=\"justify\"><span style=\"color: #000000;\">\u25ba<span style=\"font-size: large;\"><b><span style=\"font-family: Book Antiqua, serif;\">Ksi\u0105dz Pawe\u0142 Florowski,<\/span><\/b><\/span><\/span><\/p>\n<p align=\"justify\"><span style=\"color: #000000;\"><span style=\"font-size: large;\"><b><span style=\"font-family: Book Antiqua, serif;\">oraz:<\/span><\/b><\/span><\/span><\/p>\n<p align=\"justify\"><span style=\"color: #000000;\">\u25ba<span style=\"font-size: large;\"><b><span style=\"font-family: Book Antiqua, serif;\">Pawe\u0142 Szczygielski, dobry i \u017cyczliwy Cz\u0142owiek z Miastkowa Ko\u015bcielnego, zaanga\u017cowany w \u017cycie tamtejszej Parafii.<\/span><\/b><\/span><\/span><\/p>\n<p align=\"justify\"><span style=\"color: #000000;\"><span style=\"font-size: large;\"><span style=\"font-family: Book Antiqua, serif;\">Wszystkim wczoraj i dzisiaj \u015bwi\u0119tuj\u0105cym \u017cycz\u0119 <\/span><span style=\"font-family: Book Antiqua, serif;\">Bo\u017cego \u015bwiat\u0142a i natchnienia do odczytywania wszystkich znak\u00f3w <\/span><span style=\"font-family: Book Antiqua, serif;\">Niebios. Zapewniam o modlitwie!<\/span><\/span><\/span><\/p>\n<p align=\"justify\"><span style=\"color: #000000;\"><span style=\"font-size: large;\"><span style=\"font-family: Book Antiqua, serif;\">Moi Drodzy, dzisiejszy dzie\u0144 to ostatni dzie\u0144 pos\u0142ugi wielu Ksi\u0119\u017cy z naszej Diecezji, kt\u00f3rzy od jutra rozpoczn\u0105 p<\/span><span style=\"font-family: Book Antiqua, serif;\">rac\u0119<\/span><span style=\"font-family: Book Antiqua, serif;\"> w nowych Parafiach, lub w nowych funkcjach. Kilku z Nich, po wielu latach <\/span><span style=\"font-family: Book Antiqua, serif;\">ofiarnej <\/span><span style=\"font-family: Book Antiqua, serif;\">pos\u0142ugi, przechodzi na emerytur\u0119, jak chocia\u017cby Ksi\u0105dz Kanonik Jan Grochowski czy Ksi\u0105dz Kanonik Adam Turemka \u2013 Kap\u0142ani, z kt\u00f3rymi wsp\u00f3\u0142pracowa\u0142em i kt\u00f3rzy byli i s\u0105 dla mnie autorytetami. <\/span><\/span><\/span><\/p>\n<p align=\"justify\"><span style=\"color: #000000;\"><span style=\"font-size: large;\"><span style=\"font-family: Book Antiqua, serif;\">Niekt\u00f3rzy, spo\u015br\u00f3d zmieniaj\u0105cych swoje miejsce pracy, nie do ko\u0144ca rozumiej\u0105 decyzj\u0119 o zmianie, chocia\u017c si\u0119 jej <\/span><span style=\"font-family: Book Antiqua, serif;\">oczywi\u015bcie <\/span><span style=\"font-family: Book Antiqua, serif;\">podporz\u0105dkowuj\u0105. Modl\u0119 si\u0119 dla wszystkich o to, by z nowym zapa\u0142em i gorliwo\u015bci\u0105 podj\u0119li nowe zadania. Oby odnale\u017ali si\u0119 w nowych funkcjach i miejscach. Ogarniam Ich swoj\u0105 modlitw\u0105.<\/span><\/span><\/span><\/p>\n<p align=\"justify\"><span style=\"color: #000000;\"><span style=\"font-size: large;\"><b><span style=\"font-family: Book Antiqua, serif;\">Niech Was b\u0142ogos\u0142awi B\u00f3g Wszechmog\u0105cy: Ojciec + i Syn, Duch \u015awi\u0119ty. Amen<\/span><\/b><\/span><\/span><\/p>\n<p align=\"center\"><span style=\"color: #000000;\"><span style=\"font-size: large;\"><span style=\"font-family: Book Antiqua, serif;\">Gaudium et spes! Ks. Jacek<\/span><\/span><\/span><\/p>\n<p align=\"center\">\n<p align=\"center\">\n<p align=\"center\">\n<p align=\"center\">\n<p align=\"center\">\n<p align=\"justify\"><span style=\"color: #000000;\"><span style=\"font-family: Book Antiqua, serif;\"><span style=\"font-size: large;\"><b>Wtorek 13 Tygodnia zwyk\u0142ego, rok II,<\/b><\/span><\/span><\/span><\/p>\n<p align=\"justify\"><span style=\"color: #000000;\"><span style=\"font-family: Book Antiqua, serif;\"><span style=\"font-size: large;\"><b>30 czerwca 2020.,<\/b><\/span><\/span><\/span><\/p>\n<p align=\"justify\"><span style=\"color: #000000;\"><span style=\"font-size: large;\"><span style=\"font-family: Book Antiqua, serif;\"><b>do czyta\u0144: Am <\/b><\/span><span style=\"font-family: Book Antiqua, serif;\"><b>3,1\u20138;4,11-12<\/b><\/span><span style=\"font-family: Book Antiqua, serif;\"><b>; Mt 8,23\u201327<\/b><\/span><\/span><\/span><\/p>\n<p align=\"justify\">\n<p align=\"justify\">\n<p align=\"justify\">\n<p align=\"justify\">\n<p align=\"justify\">\n<p align=\"justify\"><span style=\"color: #000000;\"><span style=\"font-family: Book Antiqua, serif;\"><span style=\"font-size: large;\"><b>CZYTANIE Z KSI\u0118GI PROROKA AMOSA: <\/b><\/span><\/span><\/span><\/p>\n<p align=\"justify\"><span style=\"color: #000000;\"><span style=\"font-family: Book Antiqua, serif;\"><span style=\"font-size: large;\"><b>S\u0142uchajcie tego s\u0142owa, kt\u00f3re m\u00f3wi Pan do was, synowie Izraela, do ca\u0142ego pokolenia, kt\u00f3re wyprowadzi\u0142em z ziemi egipskiej: \u201eJedynie was zna\u0142em ze wszystkich narod\u00f3w na ziemi, dlatego was nawiedz\u0119 kar\u0105 za wszystkie wasze winy\u201d.<\/b><\/span><\/span><\/span><\/p>\n<p align=\"justify\"><span style=\"color: #000000;\"><span style=\"font-family: Book Antiqua, serif;\"><span style=\"font-size: large;\"><b>Czy\u017c w\u0119druje dwu razem, je\u015bli si\u0119 wzajem nie znaj\u0105? Czy\u017c ryczy lew w lesie, zanim ma zdobycz? Czy\u017c lwi\u0105tko wydaje g\u0142os ze swego legowiska, zanim co\u015b schwyta? Czy\u017c spada ptak na ziemi\u0119, je\u015bli nie by\u0142o sid\u0142a? Czy\u017c si\u0119 unosi pu\u0142apka nad ziemi\u0105, zanim co\u015b schwyta\u0142a? Czy\u017c dmie si\u0119 w tr\u0105b\u0119 w mie\u015bcie, a lud si\u0119 nie przel\u0119knie? Czy\u017c zdarza si\u0119 w mie\u015bcie nieszcz\u0119\u015bcie, by Pan tego nie sprawi\u0142? Bo nie uczyni Pan B\u00f3g niczego, by nie wyjawi\u0142 swego zamiaru s\u0142ugom swym, prorokom. Gdy lew zaryczy, kt\u00f3\u017c si\u0119 nie ul\u0119knie? Gdy Pan B\u00f3g przem\u00f3wi, kt\u00f3\u017c nie b\u0119dzie prorokowa\u0107? <\/b><\/span><\/span><\/span><\/p>\n<p align=\"justify\"><span style=\"color: #000000;\">\u201e<span style=\"font-family: Book Antiqua, serif;\"><span style=\"font-size: large;\"><b>Spustoszy\u0142em was, jak przy Bo\u017cym spustoszeniu Sodomy i Gomory; stali\u015bcie si\u0119 jak g\u0142ownia wyci\u0105gni\u0119ta z ognia, ale\u015bcie do Mnie nie powr\u00f3cili, m\u00f3wi Pan. Tak uczyni\u0119 tobie, Izraelu, a poniewa\u017c ci to uczyni\u0119, przygotuj si\u0119, by stawi\u0107 si\u0119 przed Bogiem twym, Izraelu\u201d.<\/b><\/span><\/span><\/span><\/p>\n<p align=\"justify\">\n<p align=\"justify\">\n<p align=\"justify\">\n<p align=\"justify\">\n<p align=\"justify\">\n<p align=\"justify\"><span style=\"color: #000000;\"><span style=\"font-family: Book Antiqua, serif;\"><span style=\"font-size: large;\"><b>S\u0141OWA EWANGELII WED\u0141UG \u015aWI\u0118TEGO MATEUSZA: <\/b><\/span><\/span><\/span><\/p>\n<p align=\"justify\"><span style=\"color: #000000;\"><span style=\"font-family: Book Antiqua, serif;\"><span style=\"font-size: large;\"><b>Gdy Jezus wszed\u0142 do \u0142odzi, poszli za Nim Jego uczniowie.<\/b><\/span><\/span><\/span><\/p>\n<p align=\"justify\"><span style=\"color: #000000;\"><span style=\"font-family: Book Antiqua, serif;\"><span style=\"font-size: large;\"><b>Nagle zerwa\u0142a si\u0119 gwa\u0142towna burza na jeziorze, tak \u017ce fale zalewa\u0142y \u0142\u00f3d\u017a; On za\u015b spa\u0142. Wtedy przyst\u0105pili do Niego i obudzili Go, m\u00f3wi\u0105c: \u201ePanie, ratuj, giniemy!\u201d <\/b><\/span><\/span><\/span><\/p>\n<p align=\"justify\"><span style=\"color: #000000;\"><span style=\"font-family: Book Antiqua, serif;\"><span style=\"font-size: large;\"><b>A On im rzek\u0142: \u201eCzemu boja\u017aliwi jeste\u015bcie, ma\u0142ej wiary?\u201d Potem wsta\u0142, rozkaza\u0142 wichrom i jezioru, i nasta\u0142a g\u0142\u0119boka cisza. <\/b><\/span><\/span><\/span><\/p>\n<p align=\"justify\"><span style=\"color: #000000;\"><span style=\"font-family: Book Antiqua, serif;\"><span style=\"font-size: large;\"><b>A ludzie pytali zdumieni: \u201eKim\u017ce On jest, \u017ce nawet wichry i jezioro s\u0105 Mu pos\u0142uszne?\u201d<\/b><\/span><\/span><\/span><\/p>\n<p align=\"justify\">\n<p align=\"justify\">\n<p align=\"justify\">\n<p align=\"justify\">\n<p align=\"justify\">\n<p align=\"justify\"><span style=\"color: #000000;\"><span style=\"font-family: Book Antiqua, serif;\"><span style=\"font-size: large;\">S\u0142owa samego Boga, kt\u00f3re Prorok Amos cytuje w swoim przes\u0142aniu \u2013 s\u0142owa skierowane do ludu wybranego: <i><b>Jedynie was zna\u0142em ze wszystkich narod\u00f3w na ziemi, dlatego was nawiedz\u0119<\/b><\/i><b> <\/b><i><b>kar\u0105 za wszystkie wasze winy,<\/b><\/i><b> <\/b>to mocne podkre\u015blenie faktu, i\u017c wybranie przez Boga do szczeg\u00f3lnej za\u017cy\u0142o\u015bci wi\u0105\u017ce si\u0119 te\u017c ze <b>szczeg\u00f3ln\u0105<\/b><b> odpowiedzialno\u015bci\u0105!<\/b> Nar\u00f3d wybrany \u2013 w\u0142a\u015bnie dlatego, \u017ce jest wybrany \u2013 powinien przede wszystkim <b>swoj\u0105 postaw\u0105 potwierdzi\u0107<\/b> to wybranie. Okazuje si\u0119 jednak, i\u017c tak si\u0119 nie sta\u0142o. <\/span><\/span><\/span><\/p>\n<p align=\"justify\"><span style=\"color: #000000;\"><span style=\"font-family: Book Antiqua, serif;\"><span style=\"font-size: large;\">W zacytowanym zdaniu B\u00f3g wyra\u017anie potwierdza wyj\u0105tkow\u0105 pozycj\u0119 Izraela w\u015br\u00f3d innych narod\u00f3w, m\u00f3wi\u0105c: <i><b>Jedynie was zna\u0142em\u2026<\/b><\/i> Czasownik, u\u017cyty w oryginale, a przet\u0142umaczony jako <i><b>zna\u0142em, <\/b><\/i>ma szerok\u0105 gam\u0119 znacze\u0144. Generalnie, oznacza on <b>blisko\u015b\u0107 z osob\u0105, kt\u00f3r\u0105 si\u0119 pozna\u0142o.<\/b> <\/span><\/span><\/span><\/p>\n<p align=\"justify\"><span style=\"color: #000000;\"><span style=\"font-family: Book Antiqua, serif;\"><span style=\"font-size: large;\">Nie jest to wi\u0119c poznanie na zasadzie, i\u017c wiemy, kto jest kim, albo kim jest ten pan, a kim jest ta pani. To s\u0142owo <b>oznacza tu pewn\u0105 relacj\u0119 <\/b>\u2013 relacj\u0119 blisk\u0105 i mocn\u0105, intensywn\u0105 i serdeczn\u0105. W\u0142a\u015bnie tak\u0105 relacj\u0119 ze swym ludem chcia\u0142 budowa\u0107 B\u00f3g. S\u0142owa: <i><b>jedynie was<\/b><\/i> \u2013 oznaczaj\u0105 <b>szczeg\u00f3lne umi\u0142owanie.<\/b> Jednak oznaczaj\u0105 tak\u017ce <b>szczeg\u00f3lne ukaranie,<\/b> skoro owo wybranie zosta\u0142o zlekcewa\u017cone. <\/span><\/span><\/span><\/p>\n<p align=\"justify\"><span style=\"color: #000000;\"><span style=\"font-family: Book Antiqua, serif;\"><span style=\"font-size: large;\">Prorok Amos m\u00f3wi o tym bardzo jednoznacznie, powo\u0142uj\u0105c si\u0119 przy tym na Boga. Stwierdza: <i><b>S\u0142uchajcie tego s\u0142owa, kt\u00f3re m\u00f3wi Pan do was, synowie Izraela, do ca\u0142ego pokolenia, kt\u00f3re wyprowadzi\u0142em z ziemi egipskiej<\/b><\/i><b>. <\/b>Odnosi si\u0119 wra\u017cenie, \u017ce pierwsza osoba, w jakiej wypowiadany jest ca\u0142y przekaz, raz oznacza Boga, a raz Proroka. Czy\u017cby to jednak Prorok Amos wyprowadzi\u0142 Izraela z ziemi egipskiej? Nie, to B\u00f3g. <\/span><\/span><\/span><\/p>\n<p align=\"justify\"><span style=\"color: #000000;\"><span style=\"font-family: Book Antiqua, serif;\"><span style=\"font-size: large;\">Natomiast w takiej formie swego przekazu, Prorok na pewno chce da\u0107 jasno do zrozumienia, \u017ce <b>w pe\u0142ni identyfikuje si\u0119 ze s\u0142owami Boga. <\/b>A powo\u0142uje si\u0119 na Niego tak wyra\u017anie, \u017ceby nie by\u0142o w\u0105tpliwo\u015bci, \u017ce to nie jego \u2013 Amosa \u2013 jakie\u015b <b>prywatne animozje<\/b> kierowa\u0142y nim, kiedy ostrzega\u0142 swoich rodak\u00f3w, ale \u017ce to wszystko <b>m\u00f3wi sam B\u00f3g!<\/b> I nie ma nad czym dyskutowa\u0107, rozmienia\u0107 na drobne \u2013 nie! <b>To B\u00f3g wyra\u017anie powiedzia\u0142, <\/b>Prorok tu sobie niczego nie wymy\u015bli\u0142. <\/span><\/span><\/span><\/p>\n<p align=\"justify\"><span style=\"color: #000000;\"><span style=\"font-family: Book Antiqua, serif;\"><span style=\"font-size: large;\">St\u0105d w\u0142a\u015bnie retoryczne pytania, postawione przez Amosa dzisiaj: <i><b>Gdy lew zaryczy, kt\u00f3\u017c si\u0119 nie ul\u0119knie? Gdy Pan B\u00f3g przem\u00f3wi, kt\u00f3\u017c nie b\u0119dzie prorokowa\u0107?<\/b><\/i><b> <\/b>Skoro B\u00f3g powiedzia\u0142, to nie ma nad czym dyskutowa\u0107, tylko przyj\u0105\u0107 Bo\u017ce s\u0142owo, uwierzy\u0107 w nie i wype\u0142ni\u0107. <\/span><\/span><\/span><\/p>\n<p align=\"justify\"><span style=\"color: #000000;\"><span style=\"font-family: Book Antiqua, serif;\"><span style=\"font-size: large;\">Tak, jak Jezus uciszy\u0142 gwa\u0142town\u0105 burz\u0119 na jeziorze. Po prostu, <i><b>rozkaza\u0142 wichrom i jezioru, i nasta\u0142a g\u0142\u0119boka cisza.<\/b><\/i><b> <\/b>Wzburzone fale na jeziorze <b>nie dyskutowa\u0142y<\/b> z Panem stworzenia. Gwa\u0142towny wicher <b>nie k\u0142\u00f3ci\u0142 si\u0119 <\/b>z Bo\u017cym Synem. W jednej chwili wszystko umilk\u0142o. Nasta\u0142a cisza. Bo Jezus wyrzek\u0142 s\u0142owo \u2013 <b>i to jest rozstrzygaj\u0105ce!<\/b> <\/span><\/span><\/span><\/p>\n<p align=\"justify\"><span style=\"color: #000000;\"><span style=\"font-family: Book Antiqua, serif;\"><span style=\"font-size: large;\">Okazuje si\u0119 jednak, \u017ce o wiele \u0142atwiej chyba Jezusowi by\u0142o wyrzec <b>skuteczne i sprawcze s\u0142owo <\/b>do wzburzonej fali czy do rozp\u0119dzonego wichru, ni\u017c do cz\u0142owieka, kt\u00f3ry <b>albo si\u0119 boi, <\/b>czym wyra\u017anie okazuje brak wiary, albo <b>uk\u0142ada \u015bwiat po swojemu,<\/b> czyli po prostu grzeszy, buntuje si\u0119 przeciw Bogu, odwraca si\u0119 od Niego. Pomimo, \u017ce B\u00f3g m\u00f3wi jasno i jednoznacznie, <b>to jednak cz\u0142owiek \u201ewie lepiej\u201d.<\/b> I zaczyna si\u0119 dyskusja, albo poprawianie Pana Boga, albo ustalanie w\u0142asnych porz\u0105dk\u00f3w. <\/span><\/span><\/span><\/p>\n<p align=\"justify\"><span style=\"color: #000000;\"><span style=\"font-family: Book Antiqua, serif;\"><span style=\"font-size: large;\">Ale wtedy tak\u017ce \u2013 zaczynaj\u0105 si\u0119 problemy! Bo to wtedy dopiero przychodz\u0105 <b>prawdziwe burze i nawa\u0142nice w \u017cyciu cz\u0142owieka!<\/b> O wiele gorsze i gro\u017aniejsze od tych, kt\u00f3re niesie ze sob\u0105 przyroda. W\u0142a\u015bnie \u017ceby tego unikn\u0105\u0107 i mocno uwra\u017cliwi\u0107 sw\u00f3j nar\u00f3d na g\u0142os Bo\u017cy, Prorok Amos tak jednoznacznie stwierdza ju\u017c w pierwszym zdaniu: <i><b>S\u0142uchajcie tego s\u0142owa, kt\u00f3re m\u00f3wi Pan do was, synowie Izraela.<\/b><\/i><b> <\/b><\/span><\/span><\/span><\/p>\n<p align=\"justify\"><span style=\"color: #000000;\"><span style=\"font-family: Book Antiqua, serif;\"><span style=\"font-size: large;\">Tak, B\u00f3g m\u00f3wi specjalnie do was, <b>wi\u0119c wys\u0142uchajcie, a nie kombinujcie<\/b> i nie udawajcie, \u017ce to nie do was. B\u00f3g m\u00f3wi jasno i konkretnie \u2013 przyjmijcie wi\u0119c to s\u0142owo. Skoro On <i><b>jedynie was<\/b><\/i> tak bardzo zaszczyci\u0142 swoim wyborem i <i><b>jedynie was<\/b><\/i> pozna\u0142, to wy te\u017c nie chciejcie nikogo zna\u0107 poza Nim! Jedynie Boga! A wszystkich i wszystko \u2013 <b>ze wzgl\u0119du na Niego.<\/b> Nigdy i nikogo \u2013 <b>poza Nim, lub wbrew Niemu!<\/b> Pozw\u00f3lmy Jezusowi poucisza\u0107 wszystkie burze w nas! Niech On sam definitywnie zwyci\u0119\u017cy i pokona w nas to, z czym my sobie mo\u017ce od d\u0142u\u017cszego czasu nie mo\u017cemy poradzi\u0107\u2026 <\/span><\/span><\/span><\/p>\n<p align=\"justify\"><span style=\"color: #000000;\"><span style=\"font-family: Book Antiqua, serif;\"><span style=\"font-size: large;\">Oby nigdy nie musia\u0142 do nas powiedzie\u0107: <i><b>Czemu boja\u017aliwi jeste\u015bcie, ma\u0142ej wiary?<\/b><\/i><b> <\/b>Zachwy\u0107my si\u0119 wi\u0119c Nim tak, jak bohaterowie dzisiejszej Ewangelii, kt\u00f3rzy pytali: <i><b>Kim\u017ce On jest, \u017ce nawet wichry i jezioro s\u0105 Mu pos\u0142uszne?<\/b><\/i><b> <\/b>Kim On jest dla nas? Kim jest Jezus dla cz\u0142owieka?<\/span><\/span><\/span><\/p>\n<p align=\"justify\"><span style=\"color: #000000;\"><span style=\"font-family: Book Antiqua, serif;\"><span style=\"font-size: large;\">A w tym kontek\u015bcie \u2013 kim jest cz\u0142owiek, je\u017celi <b>pozwala sobie na to, by by\u0107 niepos\u0142usznym Bogu?\u2026<\/b><\/span><\/span><\/span><\/p>\n","protected":false},"excerpt":{"rendered":"<p>Szcz\u0119\u015b\u0107 Bo\u017ce! Moi Drodzy, w dniu dzisiejszym imieniny prze\u017cywa Emilka Nied\u017awiedzka, moja Siostrzenica. Dzi\u0119kuj\u0105c Bogu za dar tak wspania\u0142ej, radosnej i energicznej Osoby w naszej Rodzinie, \u017cycz\u0119, aby z atmosfery swego rodzinnego Domu czerpa\u0142a jak najwi\u0119cej jak najlepszych wzorc\u00f3w. Niech zawsze b\u0119dzie blisko Boga! I niech Mu si\u0119 da przez ca\u0142e \u017cycie poprowadzi\u0107! Ca\u0142\u0105 Rodzin\u0105, [&hellip;]<\/p>\n","protected":false},"author":1,"featured_media":0,"comment_status":"open","ping_status":"open","sticky":false,"template":"","format":"standard","meta":{"jetpack_post_was_ever_published":false,"_jetpack_newsletter_access":"","_jetpack_dont_email_post_to_subs":false,"_jetpack_newsletter_tier_id":0,"_jetpack_memberships_contains_paywalled_content":false,"_jetpack_memberships_contains_paid_content":false,"footnotes":""},"categories":[1],"tags":[],"class_list":["post-17292","post","type-post","status-publish","format-standard","hentry","category-bez-kategorii"],"yoast_head":"<!-- This site is optimized with the Yoast SEO plugin v25.1 - https:\/\/yoast.com\/wordpress\/plugins\/seo\/ -->\n<title>Kim\u017ce On jest?... - Gaudium Et Spes<\/title>\n<meta name=\"robots\" content=\"index, follow, max-snippet:-1, max-image-preview:large, max-video-preview:-1\" \/>\n<link rel=\"canonical\" href=\"https:\/\/gaudiumetspes-blog.pl\/index.php\/2020\/06\/30\/kimze-on-jest\/\" \/>\n<meta property=\"og:locale\" content=\"pl_PL\" \/>\n<meta property=\"og:type\" content=\"article\" \/>\n<meta property=\"og:title\" content=\"Kim\u017ce On jest?... - Gaudium Et Spes\" \/>\n<meta property=\"og:description\" content=\"Szcz\u0119\u015b\u0107 Bo\u017ce! Moi Drodzy, w dniu dzisiejszym imieniny prze\u017cywa Emilka Nied\u017awiedzka, moja Siostrzenica. Dzi\u0119kuj\u0105c Bogu za dar tak wspania\u0142ej, radosnej i energicznej Osoby w naszej Rodzinie, \u017cycz\u0119, aby z atmosfery swego rodzinnego Domu czerpa\u0142a jak najwi\u0119cej jak najlepszych wzorc\u00f3w. Niech zawsze b\u0119dzie blisko Boga! I niech Mu si\u0119 da przez ca\u0142e \u017cycie poprowadzi\u0107! Ca\u0142\u0105 Rodzin\u0105, [&hellip;]\" \/>\n<meta property=\"og:url\" content=\"https:\/\/gaudiumetspes-blog.pl\/index.php\/2020\/06\/30\/kimze-on-jest\/\" \/>\n<meta property=\"og:site_name\" content=\"Gaudium Et Spes\" \/>\n<meta property=\"article:published_time\" content=\"2020-06-30T03:32:05+00:00\" \/>\n<meta name=\"author\" content=\"Ks. Jacek\" \/>\n<meta name=\"twitter:card\" content=\"summary_large_image\" \/>\n<meta name=\"twitter:label1\" content=\"Napisane przez\" \/>\n\t<meta name=\"twitter:data1\" content=\"Ks. Jacek\" \/>\n\t<meta name=\"twitter:label2\" content=\"Szacowany czas czytania\" \/>\n\t<meta name=\"twitter:data2\" content=\"7 minut\" \/>\n<script type=\"application\/ld+json\" class=\"yoast-schema-graph\">{\"@context\":\"https:\/\/schema.org\",\"@graph\":[{\"@type\":\"WebPage\",\"@id\":\"https:\/\/gaudiumetspes-blog.pl\/index.php\/2020\/06\/30\/kimze-on-jest\/\",\"url\":\"https:\/\/gaudiumetspes-blog.pl\/index.php\/2020\/06\/30\/kimze-on-jest\/\",\"name\":\"Kim\u017ce On jest?... - Gaudium Et Spes\",\"isPartOf\":{\"@id\":\"https:\/\/gaudiumetspes-blog.pl\/#website\"},\"datePublished\":\"2020-06-30T03:32:05+00:00\",\"author\":{\"@id\":\"https:\/\/gaudiumetspes-blog.pl\/#\/schema\/person\/1661982992b752dea8dff0d4ed845a65\"},\"breadcrumb\":{\"@id\":\"https:\/\/gaudiumetspes-blog.pl\/index.php\/2020\/06\/30\/kimze-on-jest\/#breadcrumb\"},\"inLanguage\":\"pl-PL\",\"potentialAction\":[{\"@type\":\"ReadAction\",\"target\":[\"https:\/\/gaudiumetspes-blog.pl\/index.php\/2020\/06\/30\/kimze-on-jest\/\"]}]},{\"@type\":\"BreadcrumbList\",\"@id\":\"https:\/\/gaudiumetspes-blog.pl\/index.php\/2020\/06\/30\/kimze-on-jest\/#breadcrumb\",\"itemListElement\":[{\"@type\":\"ListItem\",\"position\":1,\"name\":\"Strona g\u0142\u00f3wna\",\"item\":\"https:\/\/gaudiumetspes-blog.pl\/\"},{\"@type\":\"ListItem\",\"position\":2,\"name\":\"Kim\u017ce On jest?&#8230;\"}]},{\"@type\":\"WebSite\",\"@id\":\"https:\/\/gaudiumetspes-blog.pl\/#website\",\"url\":\"https:\/\/gaudiumetspes-blog.pl\/\",\"name\":\"Gaudium Et Spes\",\"description\":\"Blog Ks. Jacka Ja\u015bkowskiego\",\"potentialAction\":[{\"@type\":\"SearchAction\",\"target\":{\"@type\":\"EntryPoint\",\"urlTemplate\":\"https:\/\/gaudiumetspes-blog.pl\/?s={search_term_string}\"},\"query-input\":{\"@type\":\"PropertyValueSpecification\",\"valueRequired\":true,\"valueName\":\"search_term_string\"}}],\"inLanguage\":\"pl-PL\"},{\"@type\":\"Person\",\"@id\":\"https:\/\/gaudiumetspes-blog.pl\/#\/schema\/person\/1661982992b752dea8dff0d4ed845a65\",\"name\":\"Ks. Jacek\",\"image\":{\"@type\":\"ImageObject\",\"inLanguage\":\"pl-PL\",\"@id\":\"https:\/\/gaudiumetspes-blog.pl\/#\/schema\/person\/image\/\",\"url\":\"https:\/\/gaudiumetspes-blog.pl\/wp-content\/uploads\/2019\/07\/avatar-JJ-150x150.jpg\",\"contentUrl\":\"https:\/\/gaudiumetspes-blog.pl\/wp-content\/uploads\/2019\/07\/avatar-JJ-150x150.jpg\",\"caption\":\"Ks. Jacek\"},\"description\":\"Witam serdecznie! K\u0142ania si\u0119 Ks. Jacek Ja\u015bkowski. Nie jestem ani kim\u015b wa\u017cnym, ani kim\u015b znanym. Jestem ksi\u0119dzem, kt\u00f3ry po prostu chce rozmawia\u0107. Codzienna kap\u0142a\u0144ska pos\u0142uga pokazuje mi, \u017ce temat\u00f3w do rozm\u00f3w z ksi\u0119dzem jest coraz wi\u0119cej i dzisiaj \u017caden ksi\u0105dz nie mo\u017ce od nich ucieka\u0107, ale - wprost przeciwnie - podejmowa\u0107 nowe wyzwania. To przekonanie sk\u0142oni\u0142o mnie do pr\u00f3by otwarcia tego\u017c bloga, chocia\u017c okazji do rozm\u00f3w na co dzie\u0144 - w konfesjonale i poza nim - na szcz\u0119\u015bcie nie brakuje. My\u015bl\u0119 jednak, \u017ce ten blog b\u0119dzie jeszcze jednym sposobem i przestrzeni\u0105 nawi\u0105zania kontaktu z lud\u017ami dobrej woli, otwartymi na dialog.\",\"url\":\"https:\/\/gaudiumetspes-blog.pl\/index.php\/author\/ks-jacek\/\"}]}<\/script>\n<!-- \/ Yoast SEO plugin. -->","yoast_head_json":{"title":"Kim\u017ce On jest?... - Gaudium Et Spes","robots":{"index":"index","follow":"follow","max-snippet":"max-snippet:-1","max-image-preview":"max-image-preview:large","max-video-preview":"max-video-preview:-1"},"canonical":"https:\/\/gaudiumetspes-blog.pl\/index.php\/2020\/06\/30\/kimze-on-jest\/","og_locale":"pl_PL","og_type":"article","og_title":"Kim\u017ce On jest?... - Gaudium Et Spes","og_description":"Szcz\u0119\u015b\u0107 Bo\u017ce! Moi Drodzy, w dniu dzisiejszym imieniny prze\u017cywa Emilka Nied\u017awiedzka, moja Siostrzenica. Dzi\u0119kuj\u0105c Bogu za dar tak wspania\u0142ej, radosnej i energicznej Osoby w naszej Rodzinie, \u017cycz\u0119, aby z atmosfery swego rodzinnego Domu czerpa\u0142a jak najwi\u0119cej jak najlepszych wzorc\u00f3w. Niech zawsze b\u0119dzie blisko Boga! I niech Mu si\u0119 da przez ca\u0142e \u017cycie poprowadzi\u0107! Ca\u0142\u0105 Rodzin\u0105, [&hellip;]","og_url":"https:\/\/gaudiumetspes-blog.pl\/index.php\/2020\/06\/30\/kimze-on-jest\/","og_site_name":"Gaudium Et Spes","article_published_time":"2020-06-30T03:32:05+00:00","author":"Ks. Jacek","twitter_card":"summary_large_image","twitter_misc":{"Napisane przez":"Ks. Jacek","Szacowany czas czytania":"7 minut"},"schema":{"@context":"https:\/\/schema.org","@graph":[{"@type":"WebPage","@id":"https:\/\/gaudiumetspes-blog.pl\/index.php\/2020\/06\/30\/kimze-on-jest\/","url":"https:\/\/gaudiumetspes-blog.pl\/index.php\/2020\/06\/30\/kimze-on-jest\/","name":"Kim\u017ce On jest?... - Gaudium Et Spes","isPartOf":{"@id":"https:\/\/gaudiumetspes-blog.pl\/#website"},"datePublished":"2020-06-30T03:32:05+00:00","author":{"@id":"https:\/\/gaudiumetspes-blog.pl\/#\/schema\/person\/1661982992b752dea8dff0d4ed845a65"},"breadcrumb":{"@id":"https:\/\/gaudiumetspes-blog.pl\/index.php\/2020\/06\/30\/kimze-on-jest\/#breadcrumb"},"inLanguage":"pl-PL","potentialAction":[{"@type":"ReadAction","target":["https:\/\/gaudiumetspes-blog.pl\/index.php\/2020\/06\/30\/kimze-on-jest\/"]}]},{"@type":"BreadcrumbList","@id":"https:\/\/gaudiumetspes-blog.pl\/index.php\/2020\/06\/30\/kimze-on-jest\/#breadcrumb","itemListElement":[{"@type":"ListItem","position":1,"name":"Strona g\u0142\u00f3wna","item":"https:\/\/gaudiumetspes-blog.pl\/"},{"@type":"ListItem","position":2,"name":"Kim\u017ce On jest?&#8230;"}]},{"@type":"WebSite","@id":"https:\/\/gaudiumetspes-blog.pl\/#website","url":"https:\/\/gaudiumetspes-blog.pl\/","name":"Gaudium Et Spes","description":"Blog Ks. Jacka Ja\u015bkowskiego","potentialAction":[{"@type":"SearchAction","target":{"@type":"EntryPoint","urlTemplate":"https:\/\/gaudiumetspes-blog.pl\/?s={search_term_string}"},"query-input":{"@type":"PropertyValueSpecification","valueRequired":true,"valueName":"search_term_string"}}],"inLanguage":"pl-PL"},{"@type":"Person","@id":"https:\/\/gaudiumetspes-blog.pl\/#\/schema\/person\/1661982992b752dea8dff0d4ed845a65","name":"Ks. Jacek","image":{"@type":"ImageObject","inLanguage":"pl-PL","@id":"https:\/\/gaudiumetspes-blog.pl\/#\/schema\/person\/image\/","url":"https:\/\/gaudiumetspes-blog.pl\/wp-content\/uploads\/2019\/07\/avatar-JJ-150x150.jpg","contentUrl":"https:\/\/gaudiumetspes-blog.pl\/wp-content\/uploads\/2019\/07\/avatar-JJ-150x150.jpg","caption":"Ks. Jacek"},"description":"Witam serdecznie! K\u0142ania si\u0119 Ks. Jacek Ja\u015bkowski. Nie jestem ani kim\u015b wa\u017cnym, ani kim\u015b znanym. Jestem ksi\u0119dzem, kt\u00f3ry po prostu chce rozmawia\u0107. Codzienna kap\u0142a\u0144ska pos\u0142uga pokazuje mi, \u017ce temat\u00f3w do rozm\u00f3w z ksi\u0119dzem jest coraz wi\u0119cej i dzisiaj \u017caden ksi\u0105dz nie mo\u017ce od nich ucieka\u0107, ale - wprost przeciwnie - podejmowa\u0107 nowe wyzwania. To przekonanie sk\u0142oni\u0142o mnie do pr\u00f3by otwarcia tego\u017c bloga, chocia\u017c okazji do rozm\u00f3w na co dzie\u0144 - w konfesjonale i poza nim - na szcz\u0119\u015bcie nie brakuje. My\u015bl\u0119 jednak, \u017ce ten blog b\u0119dzie jeszcze jednym sposobem i przestrzeni\u0105 nawi\u0105zania kontaktu z lud\u017ami dobrej woli, otwartymi na dialog.","url":"https:\/\/gaudiumetspes-blog.pl\/index.php\/author\/ks-jacek\/"}]}},"jetpack_featured_media_url":"","jetpack_sharing_enabled":true,"_links":{"self":[{"href":"https:\/\/gaudiumetspes-blog.pl\/index.php\/wp-json\/wp\/v2\/posts\/17292","targetHints":{"allow":["GET"]}}],"collection":[{"href":"https:\/\/gaudiumetspes-blog.pl\/index.php\/wp-json\/wp\/v2\/posts"}],"about":[{"href":"https:\/\/gaudiumetspes-blog.pl\/index.php\/wp-json\/wp\/v2\/types\/post"}],"author":[{"embeddable":true,"href":"https:\/\/gaudiumetspes-blog.pl\/index.php\/wp-json\/wp\/v2\/users\/1"}],"replies":[{"embeddable":true,"href":"https:\/\/gaudiumetspes-blog.pl\/index.php\/wp-json\/wp\/v2\/comments?post=17292"}],"version-history":[{"count":1,"href":"https:\/\/gaudiumetspes-blog.pl\/index.php\/wp-json\/wp\/v2\/posts\/17292\/revisions"}],"predecessor-version":[{"id":17293,"href":"https:\/\/gaudiumetspes-blog.pl\/index.php\/wp-json\/wp\/v2\/posts\/17292\/revisions\/17293"}],"wp:attachment":[{"href":"https:\/\/gaudiumetspes-blog.pl\/index.php\/wp-json\/wp\/v2\/media?parent=17292"}],"wp:term":[{"taxonomy":"category","embeddable":true,"href":"https:\/\/gaudiumetspes-blog.pl\/index.php\/wp-json\/wp\/v2\/categories?post=17292"},{"taxonomy":"post_tag","embeddable":true,"href":"https:\/\/gaudiumetspes-blog.pl\/index.php\/wp-json\/wp\/v2\/tags?post=17292"}],"curies":[{"name":"wp","href":"https:\/\/api.w.org\/{rel}","templated":true}]}}