{"id":17308,"date":"2020-07-03T10:16:41","date_gmt":"2020-07-03T08:16:41","guid":{"rendered":"https:\/\/gaudiumetspes-blog.pl\/?p=17308"},"modified":"2020-07-03T10:18:51","modified_gmt":"2020-07-03T08:18:51","slug":"pan-moj-i-bog-moj","status":"publish","type":"post","link":"https:\/\/gaudiumetspes-blog.pl\/index.php\/2020\/07\/03\/pan-moj-i-bog-moj\/","title":{"rendered":"Pan m\u00f3j i B\u00f3g m\u00f3j"},"content":{"rendered":"<p><img loading=\"lazy\" decoding=\"async\" class=\" wp-image-17309 alignright\" src=\"https:\/\/gaudiumetspes-blog.pl\/wp-content\/uploads\/2020\/07\/163aac59-a370-45a8-ac2c-b60a633f04db-300x225.jpg\" alt=\"\" width=\"384\" height=\"288\" srcset=\"https:\/\/gaudiumetspes-blog.pl\/wp-content\/uploads\/2020\/07\/163aac59-a370-45a8-ac2c-b60a633f04db-300x225.jpg 300w, https:\/\/gaudiumetspes-blog.pl\/wp-content\/uploads\/2020\/07\/163aac59-a370-45a8-ac2c-b60a633f04db-768x576.jpg 768w, https:\/\/gaudiumetspes-blog.pl\/wp-content\/uploads\/2020\/07\/163aac59-a370-45a8-ac2c-b60a633f04db-1024x768.jpg 1024w, https:\/\/gaudiumetspes-blog.pl\/wp-content\/uploads\/2020\/07\/163aac59-a370-45a8-ac2c-b60a633f04db-720x540.jpg 720w, https:\/\/gaudiumetspes-blog.pl\/wp-content\/uploads\/2020\/07\/163aac59-a370-45a8-ac2c-b60a633f04db-580x435.jpg 580w, https:\/\/gaudiumetspes-blog.pl\/wp-content\/uploads\/2020\/07\/163aac59-a370-45a8-ac2c-b60a633f04db-320x240.jpg 320w, https:\/\/gaudiumetspes-blog.pl\/wp-content\/uploads\/2020\/07\/163aac59-a370-45a8-ac2c-b60a633f04db.jpg 1600w\" sizes=\"auto, (max-width: 384px) 100vw, 384px\" \/>Niech b\u0119dzie pochwalony Jezus Chrystus!<\/p>\n<p>Pozdrawiam Was serdecznie z Syberii, z Surgutu. Dzi\u015b \u015bwi\u0119to \u015bw. Tomasza Aposto\u0142a. Rozmy\u015blanie dzi\u015b przygotowa\u0142y nasze Siostry, a konkretnie s. Joanna. Dzi\u0119kujemy i zapraszamy do wsp\u00f3lnego rozmy\u015blania, wsp\u00f3lnej modlitwy S\u0142owem Bo\u017cym. Niech Duch \u015awi\u0119ty da nam Swoje \u015bwiat\u0142o i m\u0105dro\u015b\u0107.<span class=\"Apple-converted-space\">\u00a0<\/span><\/p>\n<p><em><strong>(Ef 2,19-22)<span class=\"Apple-converted-space\">\u00a0<\/span><\/strong><\/em><\/p>\n<p><em><strong>Bracia: Nie jeste\u015bcie ju\u017c obcymi i przychodniami, ale jeste\u015bcie wsp\u00f3\u0142obywatelami \u015bwi\u0119tych i domownikami Boga, zbudowani na fundamencie aposto\u0142\u00f3w i prorok\u00f3w, gdzie kamieniem w\u0119gielnym jest sam Chrystus Jezus. W Nim zespalana ca\u0142a budowla ro\u015bnie na \u015bwi\u0119t\u0105 w Panu \u015bwi\u0105tyni\u0119, w Nim i wy tak\u017ce wznosicie si\u0119 we wsp\u00f3lnym budowaniu, by stanowi\u0107 mieszkanie Boga przez Ducha.<\/strong><\/em><\/p>\n<p><em><strong>(J 20,24-29)<span class=\"Apple-converted-space\">\u00a0<\/span><\/strong><\/em><\/p>\n<p><em><strong>Tomasz, jeden z Dwunastu, zwany Didymos, nie by\u0142 razem z nimi, kiedy przyszed\u0142 Jezus. Inni wi\u0119c uczniowie m\u00f3wili do niego: \u201eWidzieli\u015bmy Pana\u201d. Ale on rzek\u0142 do nich: \u201eJe\u017celi na r\u0119kach Jego nie zobacz\u0119 \u015bladu gwo\u017adzi i nie w\u0142o\u017c\u0119 palca mego w miejsce gwo\u017adzi, i nie w\u0142o\u017c\u0119 r\u0119ki mojej do boku Jego, nie uwierz\u0119\u201d. A po o\u015bmiu dniach, kiedy uczniowie Jego byli znowu wewn\u0105trz domu i Tomasz z nimi, Jezus przyszed\u0142 mimo drzwi zamkni\u0119tych, stan\u0105\u0142 po\u015brodku i rzek\u0142: \u201ePok\u00f3j wam!\u201d Nast\u0119pnie rzek\u0142 do Tomasza: \u201ePodnie\u015b tutaj sw\u00f3j palec i zobacz moje r\u0119ce. Podnie\u015b r\u0119k\u0119 i w\u0142\u00f3\u017c j\u0105 do mego boku, i nie b\u0105d\u017a niedowiarkiem, lecz wierz\u0105cym\u201d. Tomasz Mu odpowiedzia\u0142: \u201ePan m\u00f3j i B\u00f3g m\u00f3j!\u201d Powiedzia\u0142 mu Jezus: \u201eUwierzy\u0142e\u015b dlatego, poniewa\u017c Mnie ujrza\u0142e\u015b. B\u0142ogos\u0142awieni, kt\u00f3rzy nie widzieli, a uwierzyli\u201d.<\/strong><\/em><\/p>\n<p>Dobrze znana jest nam dzisiejsza Ewangelia o spotkaniu Tomasza wraz z Aposto\u0142ami z Chrystusem Zmartwychwsta\u0142ym. Najpierw Aposto\u0142owie pr\u00f3buj\u0105 przekona\u0107 Tomasza, \u017ce Jezus zmartwychwsta\u0142 i to im si\u0119 nie udaje, chocia\u017c na pierwszy rzut oka wydawa\u0142oby si\u0119, \u017ce tylko Tomasz jest niewierz\u0105cy, a reszta Aposto\u0142\u00f3w to wz\u00f3r wiary. Jednak wiemy, \u017ce ich wiara zosta\u0142a ju\u017c umocniona przez wcze\u015bniejsze spotkanie ze Zmartwychwsta\u0142ym. Tomasz po prostu \u017c\u0105da\u0142 dowodu, takiego samego, jaki Aposto\u0142owie ju\u017c wcze\u015bniej otrzymali. Mo\u017cna powiedzie\u0107, \u017ce paradoksalnie \u201eniedowiarstwo\u201d Tomasza sta\u0142o si\u0119 niejako dodatkowym dowodem na Zmartwychwstanie Chrystusa. Trafnie to komentuje \u015bw. Grzegorz Wielki: \u201eWi\u0119cej bowiem niewiara Tomasza do wiary nam pomog\u0142a, ni\u017c wiara innych uczni\u00f3w. Gdy bowiem ten przez dotkni\u0119cie wiar\u0119 odzyska\u0142, nasz duch, wyzbywszy si\u0119 wszelkich w\u0105tpliwo\u015bci, umocni\u0142 si\u0119 w wierze (\u2026) I tak ucze\u0144, kt\u00f3ry w\u0105tpi\u0142 i dotyka\u0142 sta\u0142 si\u0119 \u015bwiadkiem rzeczywistego zmartwychwstania\u201d.<\/p>\n<p>Ta my\u015bl \u015bw. Grzegorza bardziej zosta\u0142a przeze mnie zrozumiana w ostatnich dniach. My\u015bl\u0119 \u017ce to nie przypadek. Kto\u015b mi przys\u0142a\u0142 do pos\u0142uchania \u015bwiadectwo nawr\u00f3conego na katolicyzm protestanta Scott Hahn. (Poni\u017cej podam kilka informacji o nim, gdy\u017c jak okazuje si\u0119 jest to obecnie znana posta\u0107). W tym \u015bwiadectwie Scott opowiada, i odpowiada na pytanie, kt\u00f3re on cz\u0119sto zadawa\u0142 b\u0119d\u0105c protestantem: gdzie w Nowym Testamencie znajduje si\u0119 idea ofiary Mszy \u015awi\u0119tej? Bardzo mnie dotkn\u0119\u0142o w jego \u015bwiadectwie to, \u017ce b\u0119d\u0105c przekonany w swojej wiedzy (jako magister teologii) i jeszcze bardziej przekonuj\u0105c innych, \u017ce w czasie Mszy \u015awi\u0119tej Jezus nie przychodzi pod postaci\u0105 chleba i wina i nie jest to prawdziwe Cia\u0142o i Krew, to ci\u0105gle poszukiwa\u0142 jeszcze g\u0142\u0119bszych dowod\u00f3w na swoje zdanie. I<span class=\"Apple-converted-space\">\u00a0 <\/span>w tych poszukiwaniach si\u0119gn\u0105\u0142 do Ojc\u00f3w Ko\u015bcio\u0142a i tam otworzy\u0142y mu si\u0119 \u201eoczy wiary\u201d. Dotkn\u0119\u0142a go \u0142aska i m\u00f3g\u0142 wyzna\u0107 \u201ePan m\u00f3j i B\u00f3g m\u00f3j\u201d w\u0142a\u015bnie w Eucharystii w Naj\u015bwi\u0119tszym Sakramencie, i obecnie jest gorliwym g\u0142osicielem tej Prawdy.<span class=\"Apple-converted-space\">\u00a0<\/span><\/p>\n<p>I tu mi przychodzi na my\u015bl \u015bw. Teresa od Dzieci\u0105tka Jezus, kt\u00f3ra m\u00f3wi\u0142a : \u201ewszystko jest \u0142ask\u0105\u201d.<span class=\"Apple-converted-space\">\u00a0 <\/span>Ka\u017cda sytuacja, wydarzenie, spotkanie jest po co\u015b, i dla czego\u015b. Aby to zobaczy\u0107, czy zrozumie\u0107 potrzebna jest wiara, \u017ce B\u00f3g nad wszystkim czuwa, jako Mi\u0142osierny Ojciec. I tak jak do Aposto\u0142\u00f3w tak i do nas w ka\u017cdej sytuacji Jezus przychodzi m\u00f3wi\u0105c: \u201ePok\u00f3j Wam\u201d. <span class=\"Apple-converted-space\">\u00a0<\/span><\/p>\n<p>My\u015bl\u0119, \u017ce nie tylko z Katechizmu ale z w\u0142asnego do\u015bwiadczenia wiemy, \u017ce wiara jest \u0142ask\u0105, jest darem od Boga, i ka\u017cdy z nas zosta\u0142 ni\u0105 obdarowany.<span class=\"Apple-converted-space\">\u00a0 <\/span>Jest to ma\u0142e ziarenko, kt\u00f3re B\u00f3g za\u0142o\u017cy\u0142 w swoich dzieciach, a kt\u00f3re potrzebuje piel\u0119gnowania by mog\u0142o rozwija\u0107 si\u0119 i wyrosn\u0105\u0107 w olbrzymie drzewo. Ka\u017cdy z nas, Bogu dzi\u0119ki, ma t\u0119 mo\u017cliwo\u015b\u0107 zatroszczenia si\u0119 o ten Skarb. S\u0105 to Sakramenty \u015awi\u0119te, czytanie S\u0142owa Bo\u017cego, modlitwa, pog\u0142\u0119bianie swojej wiedzy religijnej itd. Tak\u017ce, na przyk\u0142adzie dzisiejszej Ewangelii widzimy, \u017ce Jezus jest z nami w naszych w\u0105tpliwo\u015bciach, pytaniach, chce nam pom\u00f3c, da\u0107 odpowied\u017a. Tylko czy my poszukujemy, czy zadajemy pytania, czy te\u017c s\u0142uchamy odpowiedzi na nasze pytanie?<span class=\"Apple-converted-space\">\u00a0<\/span><\/p>\n<p>Dzi\u015b w szczeg\u00f3lny spos\u00f3b podzi\u0119kujmy Bogu za \u0142ask\u0119 wiary, za to \u017ce B\u00f3g i nas zaprosi\u0142 do swojego grona wybranych (jak Aposto\u0142\u00f3w) i przychodzi do nas ze Swoim Pokojem i realn\u0105 obecno\u015bci\u0105 w ka\u017cdej Eucharystii, pozwala nam Go dotkn\u0105\u0107, a nawet wi\u0119cej spo\u017cy\u0107.<span class=\"Apple-converted-space\">\u00a0 <\/span>Razem ze \u015bw. Tomaszem wyznajmy dzi\u015b Jezusowi \u2013 \u201ePan m\u00f3j i B\u00f3g m\u00f3j\u201d, i pro\u015bmy o \u0142ask\u0119 umocnienia naszej wiary by\u015bmy byli \u201eB\u0142ogos\u0142awieni, kt\u00f3rzy nie widzieli, a uwierzyli\u201d.<span class=\"Apple-converted-space\">\u00a0<\/span><\/p>\n<p>Przesy\u0142amy kilka zdj\u0119\u0107 z ostatnich Pierwszych Komunii w naszym ko\u015bciele (by\u0142o ich kilka i jeszcze b\u0119dzie, gdy\u017c ze wzgl\u0119du na kwarantann\u0119 nie mo\u017cemy zebra\u0107 wszystkich w jedn\u0105 grup\u0119). Rado\u015b\u0107 i wdzi\u0119czno\u015b\u0107 tych dzieci i doros\u0142ych ze spotkania z Jezusem Eucharystycznym jest te\u017c dowodem \u017ce Jezus \u017cyje i przychodzi mimo drzwi zamkni\u0119tych.<span class=\"Apple-converted-space\">\u00a0<\/span><\/p>\n<p>Dzi\u0119kujemy za Wasze modlitwy i zainteresowanie, za to, \u017ce mo\u017cemy si\u0119 \u0142\u0105czy\u0107 we wsp\u00f3lnym uwielbianiu Jezusa pomimo wielkich odleg\u0142o\u015bci. Niech to wsp\u00f3lne trwanie przy Panu owocuje w naszym i Waszym codziennym \u017cyciu. Powierzamy si\u0119 nadal Waszym modlitwom.<span class=\"Apple-converted-space\">\u00a0<\/span><\/p>\n<p>P.S. A to kilka s\u0142\u00f3w o Scott Hahnie:<span class=\"Apple-converted-space\">\u00a0<\/span><\/p>\n<p>W m\u0142odo\u015bci <b>Scott Hahn<\/b> by\u0142 zagorza\u0142ym prezbiterianinem. W 1982 r. zosta\u0142 mistrzem teologii w seminarium teologicznym Gordona-Conwella. Po uko\u0144czeniu seminarium pracowa\u0142 jako pastor i teolog prezbiteria\u0144ski, a wyk\u0142ada\u0142 teologi\u0119 w seminarium prezbiteria\u0144skim. Jako przekonany protestant, Khan nie mia\u0142 w\u0105tpliwo\u015bci, \u017ce Ko\u015bci\u00f3\u0142 katolicki si\u0119 myli\u0142 i wypacza\u0142 prawdziwe chrze\u015bcija\u0144stwo. By\u0142 dumny, \u017ce by\u0142 w stanie przekona\u0107 kilku katolik\u00f3w do \u201eczystego chrze\u015bcija\u0144stwa\u201d. Jego nawr\u00f3cenie rozpocz\u0119\u0142o si\u0119 po dok\u0142adnym przestudiowaniu Biblii w \u015bwietle idei przymierza, kt\u00f3re B\u00f3g zawiera z lud\u017ami, a tak\u017ce dzie\u0142 Ojc\u00f3w Ko\u015bcio\u0142a. Dalsze badania teologiczne Khana doprowadzi\u0142y go do wniosku, \u017ce protestanckie doktryny sola fide i sola scriptura nie by\u0142y oparte na samej Biblii i by\u0142y sprzeczne z nauk\u0105 pierwotnego Ko\u015bcio\u0142a, tak\u017ce doszed\u0142 do wniosku, \u017ce nauk\u0119 Chrystusa w pe\u0142ni g\u0142osi Ko\u015bci\u00f3\u0142 Katolicki do kt\u00f3rego przyst\u0105pi\u0142 na\u00a0Wielkanoc w 1986\u00a0roku. P\u00f3\u017aniej katoliczk\u0105 zosta\u0142a tak\u017ce jego \u017cona Kimberly. Od tamtego czasu zaanga\u017cowany w upowszechnianie i apologi\u0119 wiary katolickiej.<\/p>\n<p>s. Joanna CSA, Surgut<\/p>\n<p><img loading=\"lazy\" decoding=\"async\" class=\"alignnone size-medium wp-image-17311\" src=\"https:\/\/gaudiumetspes-blog.pl\/wp-content\/uploads\/2020\/07\/49501b29-8b69-4c1e-ae0d-08fa2e952cb6-300x225.jpg\" alt=\"\" width=\"300\" height=\"225\" srcset=\"https:\/\/gaudiumetspes-blog.pl\/wp-content\/uploads\/2020\/07\/49501b29-8b69-4c1e-ae0d-08fa2e952cb6-300x225.jpg 300w, https:\/\/gaudiumetspes-blog.pl\/wp-content\/uploads\/2020\/07\/49501b29-8b69-4c1e-ae0d-08fa2e952cb6-768x576.jpg 768w, https:\/\/gaudiumetspes-blog.pl\/wp-content\/uploads\/2020\/07\/49501b29-8b69-4c1e-ae0d-08fa2e952cb6-1024x768.jpg 1024w, https:\/\/gaudiumetspes-blog.pl\/wp-content\/uploads\/2020\/07\/49501b29-8b69-4c1e-ae0d-08fa2e952cb6-720x540.jpg 720w, https:\/\/gaudiumetspes-blog.pl\/wp-content\/uploads\/2020\/07\/49501b29-8b69-4c1e-ae0d-08fa2e952cb6-580x435.jpg 580w, https:\/\/gaudiumetspes-blog.pl\/wp-content\/uploads\/2020\/07\/49501b29-8b69-4c1e-ae0d-08fa2e952cb6-320x240.jpg 320w, https:\/\/gaudiumetspes-blog.pl\/wp-content\/uploads\/2020\/07\/49501b29-8b69-4c1e-ae0d-08fa2e952cb6.jpg 1032w\" sizes=\"auto, (max-width: 300px) 100vw, 300px\" \/> <img loading=\"lazy\" decoding=\"async\" class=\"size-medium wp-image-17312 alignright\" src=\"https:\/\/gaudiumetspes-blog.pl\/wp-content\/uploads\/2020\/07\/DSC_0363-300x199.jpg\" alt=\"\" width=\"300\" height=\"199\" srcset=\"https:\/\/gaudiumetspes-blog.pl\/wp-content\/uploads\/2020\/07\/DSC_0363-300x199.jpg 300w, https:\/\/gaudiumetspes-blog.pl\/wp-content\/uploads\/2020\/07\/DSC_0363-768x510.jpg 768w, https:\/\/gaudiumetspes-blog.pl\/wp-content\/uploads\/2020\/07\/DSC_0363-1024x680.jpg 1024w, https:\/\/gaudiumetspes-blog.pl\/wp-content\/uploads\/2020\/07\/DSC_0363-1920x1275.jpg 1920w, https:\/\/gaudiumetspes-blog.pl\/wp-content\/uploads\/2020\/07\/DSC_0363-720x478.jpg 720w, https:\/\/gaudiumetspes-blog.pl\/wp-content\/uploads\/2020\/07\/DSC_0363-580x385.jpg 580w, https:\/\/gaudiumetspes-blog.pl\/wp-content\/uploads\/2020\/07\/DSC_0363-320x213.jpg 320w\" sizes=\"auto, (max-width: 300px) 100vw, 300px\" \/> <img loading=\"lazy\" decoding=\"async\" class=\"alignnone size-medium wp-image-17313\" src=\"https:\/\/gaudiumetspes-blog.pl\/wp-content\/uploads\/2020\/07\/DSC_0342-300x199.jpg\" alt=\"\" width=\"300\" height=\"199\" srcset=\"https:\/\/gaudiumetspes-blog.pl\/wp-content\/uploads\/2020\/07\/DSC_0342-300x199.jpg 300w, https:\/\/gaudiumetspes-blog.pl\/wp-content\/uploads\/2020\/07\/DSC_0342-768x510.jpg 768w, https:\/\/gaudiumetspes-blog.pl\/wp-content\/uploads\/2020\/07\/DSC_0342-1024x680.jpg 1024w, https:\/\/gaudiumetspes-blog.pl\/wp-content\/uploads\/2020\/07\/DSC_0342-1920x1275.jpg 1920w, https:\/\/gaudiumetspes-blog.pl\/wp-content\/uploads\/2020\/07\/DSC_0342-720x478.jpg 720w, https:\/\/gaudiumetspes-blog.pl\/wp-content\/uploads\/2020\/07\/DSC_0342-580x385.jpg 580w, https:\/\/gaudiumetspes-blog.pl\/wp-content\/uploads\/2020\/07\/DSC_0342-320x213.jpg 320w\" sizes=\"auto, (max-width: 300px) 100vw, 300px\" \/> <img loading=\"lazy\" decoding=\"async\" class=\"size-medium wp-image-17314 alignleft\" src=\"https:\/\/gaudiumetspes-blog.pl\/wp-content\/uploads\/2020\/07\/DSC_0336-300x199.jpg\" alt=\"\" width=\"300\" height=\"199\" srcset=\"https:\/\/gaudiumetspes-blog.pl\/wp-content\/uploads\/2020\/07\/DSC_0336-300x199.jpg 300w, https:\/\/gaudiumetspes-blog.pl\/wp-content\/uploads\/2020\/07\/DSC_0336-768x510.jpg 768w, https:\/\/gaudiumetspes-blog.pl\/wp-content\/uploads\/2020\/07\/DSC_0336-1024x680.jpg 1024w, https:\/\/gaudiumetspes-blog.pl\/wp-content\/uploads\/2020\/07\/DSC_0336-1920x1275.jpg 1920w, https:\/\/gaudiumetspes-blog.pl\/wp-content\/uploads\/2020\/07\/DSC_0336-720x478.jpg 720w, https:\/\/gaudiumetspes-blog.pl\/wp-content\/uploads\/2020\/07\/DSC_0336-580x385.jpg 580w, https:\/\/gaudiumetspes-blog.pl\/wp-content\/uploads\/2020\/07\/DSC_0336-320x213.jpg 320w\" sizes=\"auto, (max-width: 300px) 100vw, 300px\" \/> <img loading=\"lazy\" decoding=\"async\" class=\"alignnone size-medium wp-image-17315\" src=\"https:\/\/gaudiumetspes-blog.pl\/wp-content\/uploads\/2020\/07\/DSC_0309-300x199.jpg\" alt=\"\" width=\"300\" height=\"199\" srcset=\"https:\/\/gaudiumetspes-blog.pl\/wp-content\/uploads\/2020\/07\/DSC_0309-300x199.jpg 300w, https:\/\/gaudiumetspes-blog.pl\/wp-content\/uploads\/2020\/07\/DSC_0309-768x510.jpg 768w, https:\/\/gaudiumetspes-blog.pl\/wp-content\/uploads\/2020\/07\/DSC_0309-1024x680.jpg 1024w, https:\/\/gaudiumetspes-blog.pl\/wp-content\/uploads\/2020\/07\/DSC_0309-1920x1275.jpg 1920w, https:\/\/gaudiumetspes-blog.pl\/wp-content\/uploads\/2020\/07\/DSC_0309-720x478.jpg 720w, https:\/\/gaudiumetspes-blog.pl\/wp-content\/uploads\/2020\/07\/DSC_0309-580x385.jpg 580w, https:\/\/gaudiumetspes-blog.pl\/wp-content\/uploads\/2020\/07\/DSC_0309-320x213.jpg 320w\" sizes=\"auto, (max-width: 300px) 100vw, 300px\" \/> <img loading=\"lazy\" decoding=\"async\" class=\"size-medium wp-image-17317 alignright\" src=\"https:\/\/gaudiumetspes-blog.pl\/wp-content\/uploads\/2020\/07\/DSC_0291-300x199.jpg\" alt=\"\" width=\"300\" height=\"199\" srcset=\"https:\/\/gaudiumetspes-blog.pl\/wp-content\/uploads\/2020\/07\/DSC_0291-300x199.jpg 300w, https:\/\/gaudiumetspes-blog.pl\/wp-content\/uploads\/2020\/07\/DSC_0291-768x510.jpg 768w, https:\/\/gaudiumetspes-blog.pl\/wp-content\/uploads\/2020\/07\/DSC_0291-1024x680.jpg 1024w, https:\/\/gaudiumetspes-blog.pl\/wp-content\/uploads\/2020\/07\/DSC_0291-1920x1275.jpg 1920w, https:\/\/gaudiumetspes-blog.pl\/wp-content\/uploads\/2020\/07\/DSC_0291-720x478.jpg 720w, https:\/\/gaudiumetspes-blog.pl\/wp-content\/uploads\/2020\/07\/DSC_0291-580x385.jpg 580w, https:\/\/gaudiumetspes-blog.pl\/wp-content\/uploads\/2020\/07\/DSC_0291-320x213.jpg 320w\" sizes=\"auto, (max-width: 300px) 100vw, 300px\" \/><\/p>\n","protected":false},"excerpt":{"rendered":"<p>Niech b\u0119dzie pochwalony Jezus Chrystus! Pozdrawiam Was serdecznie z Syberii, z Surgutu. Dzi\u015b \u015bwi\u0119to \u015bw. Tomasza Aposto\u0142a. Rozmy\u015blanie dzi\u015b przygotowa\u0142y nasze Siostry, a konkretnie s. Joanna. Dzi\u0119kujemy i zapraszamy do wsp\u00f3lnego rozmy\u015blania, wsp\u00f3lnej modlitwy S\u0142owem Bo\u017cym. Niech Duch \u015awi\u0119ty da nam Swoje \u015bwiat\u0142o i m\u0105dro\u015b\u0107.\u00a0 (Ef 2,19-22)\u00a0 Bracia: Nie jeste\u015bcie ju\u017c obcymi i przychodniami, ale [&hellip;]<\/p>\n","protected":false},"author":3,"featured_media":0,"comment_status":"open","ping_status":"open","sticky":false,"template":"","format":"standard","meta":{"jetpack_post_was_ever_published":false,"_jetpack_newsletter_access":"","_jetpack_dont_email_post_to_subs":false,"_jetpack_newsletter_tier_id":0,"_jetpack_memberships_contains_paywalled_content":false,"_jetpack_memberships_contains_paid_content":false,"footnotes":""},"categories":[1],"tags":[],"class_list":["post-17308","post","type-post","status-publish","format-standard","hentry","category-bez-kategorii"],"yoast_head":"<!-- This site is optimized with the Yoast SEO plugin v25.1 - https:\/\/yoast.com\/wordpress\/plugins\/seo\/ -->\n<title>Pan m\u00f3j i B\u00f3g m\u00f3j - Gaudium Et Spes<\/title>\n<meta name=\"robots\" content=\"index, follow, max-snippet:-1, max-image-preview:large, max-video-preview:-1\" \/>\n<link rel=\"canonical\" href=\"https:\/\/gaudiumetspes-blog.pl\/index.php\/2020\/07\/03\/pan-moj-i-bog-moj\/\" \/>\n<meta property=\"og:locale\" content=\"pl_PL\" \/>\n<meta property=\"og:type\" content=\"article\" \/>\n<meta property=\"og:title\" content=\"Pan m\u00f3j i B\u00f3g m\u00f3j - Gaudium Et Spes\" \/>\n<meta property=\"og:description\" content=\"Niech b\u0119dzie pochwalony Jezus Chrystus! Pozdrawiam Was serdecznie z Syberii, z Surgutu. Dzi\u015b \u015bwi\u0119to \u015bw. Tomasza Aposto\u0142a. Rozmy\u015blanie dzi\u015b przygotowa\u0142y nasze Siostry, a konkretnie s. Joanna. Dzi\u0119kujemy i zapraszamy do wsp\u00f3lnego rozmy\u015blania, wsp\u00f3lnej modlitwy S\u0142owem Bo\u017cym. Niech Duch \u015awi\u0119ty da nam Swoje \u015bwiat\u0142o i m\u0105dro\u015b\u0107.\u00a0 (Ef 2,19-22)\u00a0 Bracia: Nie jeste\u015bcie ju\u017c obcymi i przychodniami, ale [&hellip;]\" \/>\n<meta property=\"og:url\" content=\"https:\/\/gaudiumetspes-blog.pl\/index.php\/2020\/07\/03\/pan-moj-i-bog-moj\/\" \/>\n<meta property=\"og:site_name\" content=\"Gaudium Et Spes\" \/>\n<meta property=\"article:published_time\" content=\"2020-07-03T08:16:41+00:00\" \/>\n<meta property=\"article:modified_time\" content=\"2020-07-03T08:18:51+00:00\" \/>\n<meta property=\"og:image\" content=\"https:\/\/gaudiumetspes-blog.pl\/wp-content\/uploads\/2020\/07\/163aac59-a370-45a8-ac2c-b60a633f04db-300x225.jpg\" \/>\n<meta name=\"author\" content=\"Ks. Marek\" \/>\n<meta name=\"twitter:card\" content=\"summary_large_image\" \/>\n<meta name=\"twitter:label1\" content=\"Napisane przez\" \/>\n\t<meta name=\"twitter:data1\" content=\"Ks. Marek\" \/>\n\t<meta name=\"twitter:label2\" content=\"Szacowany czas czytania\" \/>\n\t<meta name=\"twitter:data2\" content=\"6 minut\" \/>\n<script type=\"application\/ld+json\" class=\"yoast-schema-graph\">{\"@context\":\"https:\/\/schema.org\",\"@graph\":[{\"@type\":\"WebPage\",\"@id\":\"https:\/\/gaudiumetspes-blog.pl\/index.php\/2020\/07\/03\/pan-moj-i-bog-moj\/\",\"url\":\"https:\/\/gaudiumetspes-blog.pl\/index.php\/2020\/07\/03\/pan-moj-i-bog-moj\/\",\"name\":\"Pan m\u00f3j i B\u00f3g m\u00f3j - Gaudium Et Spes\",\"isPartOf\":{\"@id\":\"https:\/\/gaudiumetspes-blog.pl\/#website\"},\"primaryImageOfPage\":{\"@id\":\"https:\/\/gaudiumetspes-blog.pl\/index.php\/2020\/07\/03\/pan-moj-i-bog-moj\/#primaryimage\"},\"image\":{\"@id\":\"https:\/\/gaudiumetspes-blog.pl\/index.php\/2020\/07\/03\/pan-moj-i-bog-moj\/#primaryimage\"},\"thumbnailUrl\":\"https:\/\/gaudiumetspes-blog.pl\/wp-content\/uploads\/2020\/07\/163aac59-a370-45a8-ac2c-b60a633f04db-300x225.jpg\",\"datePublished\":\"2020-07-03T08:16:41+00:00\",\"dateModified\":\"2020-07-03T08:18:51+00:00\",\"author\":{\"@id\":\"https:\/\/gaudiumetspes-blog.pl\/#\/schema\/person\/12bc173d67dadb67c1c90d9c6c34c643\"},\"breadcrumb\":{\"@id\":\"https:\/\/gaudiumetspes-blog.pl\/index.php\/2020\/07\/03\/pan-moj-i-bog-moj\/#breadcrumb\"},\"inLanguage\":\"pl-PL\",\"potentialAction\":[{\"@type\":\"ReadAction\",\"target\":[\"https:\/\/gaudiumetspes-blog.pl\/index.php\/2020\/07\/03\/pan-moj-i-bog-moj\/\"]}]},{\"@type\":\"ImageObject\",\"inLanguage\":\"pl-PL\",\"@id\":\"https:\/\/gaudiumetspes-blog.pl\/index.php\/2020\/07\/03\/pan-moj-i-bog-moj\/#primaryimage\",\"url\":\"https:\/\/gaudiumetspes-blog.pl\/wp-content\/uploads\/2020\/07\/163aac59-a370-45a8-ac2c-b60a633f04db.jpg\",\"contentUrl\":\"https:\/\/gaudiumetspes-blog.pl\/wp-content\/uploads\/2020\/07\/163aac59-a370-45a8-ac2c-b60a633f04db.jpg\",\"width\":1600,\"height\":1200},{\"@type\":\"BreadcrumbList\",\"@id\":\"https:\/\/gaudiumetspes-blog.pl\/index.php\/2020\/07\/03\/pan-moj-i-bog-moj\/#breadcrumb\",\"itemListElement\":[{\"@type\":\"ListItem\",\"position\":1,\"name\":\"Strona g\u0142\u00f3wna\",\"item\":\"https:\/\/gaudiumetspes-blog.pl\/\"},{\"@type\":\"ListItem\",\"position\":2,\"name\":\"Pan m\u00f3j&nbsp;i&nbsp;B\u00f3g m\u00f3j\"}]},{\"@type\":\"WebSite\",\"@id\":\"https:\/\/gaudiumetspes-blog.pl\/#website\",\"url\":\"https:\/\/gaudiumetspes-blog.pl\/\",\"name\":\"Gaudium Et Spes\",\"description\":\"Blog Ks. Jacka Ja\u015bkowskiego\",\"potentialAction\":[{\"@type\":\"SearchAction\",\"target\":{\"@type\":\"EntryPoint\",\"urlTemplate\":\"https:\/\/gaudiumetspes-blog.pl\/?s={search_term_string}\"},\"query-input\":{\"@type\":\"PropertyValueSpecification\",\"valueRequired\":true,\"valueName\":\"search_term_string\"}}],\"inLanguage\":\"pl-PL\"},{\"@type\":\"Person\",\"@id\":\"https:\/\/gaudiumetspes-blog.pl\/#\/schema\/person\/12bc173d67dadb67c1c90d9c6c34c643\",\"name\":\"Ks. Marek\",\"image\":{\"@type\":\"ImageObject\",\"inLanguage\":\"pl-PL\",\"@id\":\"https:\/\/gaudiumetspes-blog.pl\/#\/schema\/person\/image\/\",\"url\":\"https:\/\/gaudiumetspes-blog.pl\/wp-content\/uploads\/2019\/08\/73914d81-03a2-41a3-a2c0-9e0651fc6189-150x150.jpg\",\"contentUrl\":\"https:\/\/gaudiumetspes-blog.pl\/wp-content\/uploads\/2019\/08\/73914d81-03a2-41a3-a2c0-9e0651fc6189-150x150.jpg\",\"caption\":\"Ks. Marek\"},\"description\":\"Nazywam si\u0119 Ks. Marek Ja\u015bkowski i jestem Proboszczem Parafii \u015aw. J\u00f3zefa Robotnika w Surgucie i Parafii \u015aw. Paw\u0142a Aposto\u0142a w Nojabrsku. Moja Parafia to p\u00f3\u0142nocna cz\u0119\u015b\u0107 zachodniej Syberii \u2013 mo\u017cna powiedzie\u0107, \u017ce terytorialnie to prawie po\u0142owa Diecezji nowosybirskiej, jej p\u00f3\u0142nocna cz\u0119\u015b\u0107. Nasz Biskup okre\u015bli\u0142 kiedy\u015b, \u017ce jest to terytorialnie najwi\u0119ksza Parafia na \u015bwiecie! Terytorium Parafii jest czterokrotnie wi\u0119ksze od terytorium Polski! Przez kilka lat by\u0142em jedynym rzymskokatolickim ksi\u0119dzem na tym terytorium, od wrze\u015bnia 2019 roku pos\u0142ug\u0119 podejmuje Wsp\u00f3\u0142pracownik, Ks. Pawe\u0142 Czelu\u015bci\u0144ski. W Parafii pos\u0142uguj\u0105 tak\u017ce dwie Siostry od Anio\u0142\u00f3w, S. Joann i S. Teresa. Terytorium naszej Parafii to Chanty-Mansyjski Autonomiczny Okr\u0119g i Jamalsko-Nieniecki Autonomiczny Okr\u0119g. Jest to terytorium, kt\u00f3re s\u0142ynie z wydobycia ropy i gazu. Wi\u0119kszo\u015b\u0107 ropy, wydobywanej w Rosji \u2013 wydobywa si\u0119 z terenu mojej Parafii. W zwi\u0105zku z tym, w ostatnich kilku dziesi\u0119cioleciach, przyby\u0142o mn\u00f3stwo ludzi w poszukiwaniu pracy. Na tym terenie jest kilkana\u015bcie, a mo\u017ce i kilkadziesi\u0105t \u2013 cz\u0119sto nowych miast, w kt\u00f3rych osiedlaj\u0105 si\u0119 owi przyje\u017cd\u017caj\u0105cy ludzie. Odwiedzamy miasta: Jugorsk i Sowiecki, oddalone 650 km od Surgutu; Uraj \u2013 730 km; Niaga\u0144 \u2013 600 km; Chanty-Mansyjsk \u2013 300 km. To kierunek po\u0142udniowo \u2013 zachodni. Natomiast na p\u00f3\u0142nocy odwiedzamy Nojabrsk \u2013 320 km i Koga\u0142ym \u2013 190 km, Gubkinskij \u2013 500 km; Tarko-Sale \u2013 600 km; Nowyj Urengoj \u2013 760 km. Je\u017adzimy te\u017c do Tiumenii, \u017ceby stamt\u0105d polecie\u0107 samolotem do Salechardu, na ko\u0142o podbiegunowe \u2013 ponad 1100 km w prostej linii \u2013 \u017ceby i tam odwiedzi\u0107 naszych Parafian, kt\u00f3rzy cz\u0119sto bior\u0105 urlop w pracy, aby spotka\u0107 si\u0119 z nami, uczestniczy\u0107 we Mszy \u015awi\u0119tej i w katechizacji. Do Salechardu nie ma drogi, mo\u017cna dotrze\u0107 tylko samolotem, albo (latem) statkiem. Wymienione miasta to tylko niekt\u00f3re z miejsc, kt\u00f3re odwiedzamy. W ca\u0142ej naszej Parafii mamy jeden ko\u015bci\u00f3\u0142 \u2013 w Surgucie \u2013 i jedn\u0105 kaplic\u0119, w Nojabrsku, w jednym z blok\u00f3w. W innych miejscach spotykamy si\u0119 w mieszkaniach Parafian. Ludzie jednak cz\u0119sto kr\u0119puj\u0105 si\u0119 przychodzi\u0107 do kogo\u015b, do domu. A Parafia najbardziej rozwija si\u0119 tam, gdzie jest \u015bwi\u0105tynia. Ostatnio kupili\u015bmy dom na kaplic\u0119 w Koga\u0142ymie. Konieczny jest tam jednak gruntowny remont, kt\u00f3ry aktualnie prowadzimy. Nast\u0119pnym miejscem oczekuj\u0105cym na swoj\u0105 \u015bwi\u0105tyni\u0119 - kaplic\u0119 jest Chanty-Mansyjsk. Dramatycznie potrzeba tu ksi\u0119\u017cy! \u017beby kr\u00f3lestwo Bo\u017ce mog\u0142o wzrasta\u0107 w sercach ludzi, musz\u0105 mie\u0107 oni cz\u0119stszy dost\u0119p do Sakrament\u00f3w. Na terenie naszej Parafii mieszka jakie\u015b 2,5 miliona ludzi, w samym Surgucie \u2013 350 tysi\u0119cy. A tylko dw\u00f3ch Ksi\u0119\u017cy i dwie Siostry. Prosimy Was zatem o dwojak\u0105 pomoc: Modlitwa \u2013 to najwa\u017cniejsze! Prosz\u0119 Was, pom\u00f3dlcie si\u0119 za nasz\u0105 Parafi\u0119 przynajmniej dziesi\u0105tkiem R\u00f3\u017ca\u0144ca, a potem pom\u00f3dlcie si\u0119 przez wstawiennictwo naszych \u015awi\u0119tych Patron\u00f3w: Matki Bo\u017cej Fatimskiej, \u015aw. J\u00f3zefa Robotnika, \u015aw. Paw\u0142a Aposto\u0142a, \u015aw. Jana Paw\u0142a II, Micha\u0142a Archanio\u0142a i Anio\u0142\u00f3w Str\u00f3\u017c\u00f3w. Ofiara \u2013 materialna pomoc tak\u017ce jest nam niezmiernie potrzebna ze wzgl\u0119du na budow\u0119 domu parafialnego w Surgucie, remont domu na kaplic\u0119 w Koga\u0142ymie, oraz organizowanie spotka\u0144 wsp\u00f3lnot i miejsc modlitwy w wielu innych miastach. Wszystkim Darczy\u0144com z serca dzi\u0119kujemy i obiecujemy modlitw\u0119! Niech Was b\u0142ogos\u0142awi B\u00f3g Wszechmog\u0105cy: Ojciec + i Syn, i Duch \u015awi\u0119ty. Amen o.marek@mail.ru www.catholicsurgut.ru Dane do przelewu: Marek Ja\u015bkowski ul. K\u0105pielowa 19\/2 21-500 Bia\u0142a Podlaska Nr konta: 50 1020 5558 1111 1548 2400 0027\",\"url\":\"https:\/\/gaudiumetspes-blog.pl\/index.php\/author\/ks-marek\/\"}]}<\/script>\n<!-- \/ Yoast SEO plugin. -->","yoast_head_json":{"title":"Pan m\u00f3j i B\u00f3g m\u00f3j - Gaudium Et Spes","robots":{"index":"index","follow":"follow","max-snippet":"max-snippet:-1","max-image-preview":"max-image-preview:large","max-video-preview":"max-video-preview:-1"},"canonical":"https:\/\/gaudiumetspes-blog.pl\/index.php\/2020\/07\/03\/pan-moj-i-bog-moj\/","og_locale":"pl_PL","og_type":"article","og_title":"Pan m\u00f3j i B\u00f3g m\u00f3j - Gaudium Et Spes","og_description":"Niech b\u0119dzie pochwalony Jezus Chrystus! Pozdrawiam Was serdecznie z Syberii, z Surgutu. Dzi\u015b \u015bwi\u0119to \u015bw. Tomasza Aposto\u0142a. Rozmy\u015blanie dzi\u015b przygotowa\u0142y nasze Siostry, a konkretnie s. Joanna. Dzi\u0119kujemy i zapraszamy do wsp\u00f3lnego rozmy\u015blania, wsp\u00f3lnej modlitwy S\u0142owem Bo\u017cym. Niech Duch \u015awi\u0119ty da nam Swoje \u015bwiat\u0142o i m\u0105dro\u015b\u0107.\u00a0 (Ef 2,19-22)\u00a0 Bracia: Nie jeste\u015bcie ju\u017c obcymi i przychodniami, ale [&hellip;]","og_url":"https:\/\/gaudiumetspes-blog.pl\/index.php\/2020\/07\/03\/pan-moj-i-bog-moj\/","og_site_name":"Gaudium Et Spes","article_published_time":"2020-07-03T08:16:41+00:00","article_modified_time":"2020-07-03T08:18:51+00:00","og_image":[{"url":"https:\/\/gaudiumetspes-blog.pl\/wp-content\/uploads\/2020\/07\/163aac59-a370-45a8-ac2c-b60a633f04db-300x225.jpg","type":"","width":"","height":""}],"author":"Ks. Marek","twitter_card":"summary_large_image","twitter_misc":{"Napisane przez":"Ks. Marek","Szacowany czas czytania":"6 minut"},"schema":{"@context":"https:\/\/schema.org","@graph":[{"@type":"WebPage","@id":"https:\/\/gaudiumetspes-blog.pl\/index.php\/2020\/07\/03\/pan-moj-i-bog-moj\/","url":"https:\/\/gaudiumetspes-blog.pl\/index.php\/2020\/07\/03\/pan-moj-i-bog-moj\/","name":"Pan m\u00f3j i B\u00f3g m\u00f3j - Gaudium Et Spes","isPartOf":{"@id":"https:\/\/gaudiumetspes-blog.pl\/#website"},"primaryImageOfPage":{"@id":"https:\/\/gaudiumetspes-blog.pl\/index.php\/2020\/07\/03\/pan-moj-i-bog-moj\/#primaryimage"},"image":{"@id":"https:\/\/gaudiumetspes-blog.pl\/index.php\/2020\/07\/03\/pan-moj-i-bog-moj\/#primaryimage"},"thumbnailUrl":"https:\/\/gaudiumetspes-blog.pl\/wp-content\/uploads\/2020\/07\/163aac59-a370-45a8-ac2c-b60a633f04db-300x225.jpg","datePublished":"2020-07-03T08:16:41+00:00","dateModified":"2020-07-03T08:18:51+00:00","author":{"@id":"https:\/\/gaudiumetspes-blog.pl\/#\/schema\/person\/12bc173d67dadb67c1c90d9c6c34c643"},"breadcrumb":{"@id":"https:\/\/gaudiumetspes-blog.pl\/index.php\/2020\/07\/03\/pan-moj-i-bog-moj\/#breadcrumb"},"inLanguage":"pl-PL","potentialAction":[{"@type":"ReadAction","target":["https:\/\/gaudiumetspes-blog.pl\/index.php\/2020\/07\/03\/pan-moj-i-bog-moj\/"]}]},{"@type":"ImageObject","inLanguage":"pl-PL","@id":"https:\/\/gaudiumetspes-blog.pl\/index.php\/2020\/07\/03\/pan-moj-i-bog-moj\/#primaryimage","url":"https:\/\/gaudiumetspes-blog.pl\/wp-content\/uploads\/2020\/07\/163aac59-a370-45a8-ac2c-b60a633f04db.jpg","contentUrl":"https:\/\/gaudiumetspes-blog.pl\/wp-content\/uploads\/2020\/07\/163aac59-a370-45a8-ac2c-b60a633f04db.jpg","width":1600,"height":1200},{"@type":"BreadcrumbList","@id":"https:\/\/gaudiumetspes-blog.pl\/index.php\/2020\/07\/03\/pan-moj-i-bog-moj\/#breadcrumb","itemListElement":[{"@type":"ListItem","position":1,"name":"Strona g\u0142\u00f3wna","item":"https:\/\/gaudiumetspes-blog.pl\/"},{"@type":"ListItem","position":2,"name":"Pan m\u00f3j&nbsp;i&nbsp;B\u00f3g m\u00f3j"}]},{"@type":"WebSite","@id":"https:\/\/gaudiumetspes-blog.pl\/#website","url":"https:\/\/gaudiumetspes-blog.pl\/","name":"Gaudium Et Spes","description":"Blog Ks. Jacka Ja\u015bkowskiego","potentialAction":[{"@type":"SearchAction","target":{"@type":"EntryPoint","urlTemplate":"https:\/\/gaudiumetspes-blog.pl\/?s={search_term_string}"},"query-input":{"@type":"PropertyValueSpecification","valueRequired":true,"valueName":"search_term_string"}}],"inLanguage":"pl-PL"},{"@type":"Person","@id":"https:\/\/gaudiumetspes-blog.pl\/#\/schema\/person\/12bc173d67dadb67c1c90d9c6c34c643","name":"Ks. Marek","image":{"@type":"ImageObject","inLanguage":"pl-PL","@id":"https:\/\/gaudiumetspes-blog.pl\/#\/schema\/person\/image\/","url":"https:\/\/gaudiumetspes-blog.pl\/wp-content\/uploads\/2019\/08\/73914d81-03a2-41a3-a2c0-9e0651fc6189-150x150.jpg","contentUrl":"https:\/\/gaudiumetspes-blog.pl\/wp-content\/uploads\/2019\/08\/73914d81-03a2-41a3-a2c0-9e0651fc6189-150x150.jpg","caption":"Ks. Marek"},"description":"Nazywam si\u0119 Ks. Marek Ja\u015bkowski i jestem Proboszczem Parafii \u015aw. J\u00f3zefa Robotnika w Surgucie i Parafii \u015aw. Paw\u0142a Aposto\u0142a w Nojabrsku. Moja Parafia to p\u00f3\u0142nocna cz\u0119\u015b\u0107 zachodniej Syberii \u2013 mo\u017cna powiedzie\u0107, \u017ce terytorialnie to prawie po\u0142owa Diecezji nowosybirskiej, jej p\u00f3\u0142nocna cz\u0119\u015b\u0107. Nasz Biskup okre\u015bli\u0142 kiedy\u015b, \u017ce jest to terytorialnie najwi\u0119ksza Parafia na \u015bwiecie! Terytorium Parafii jest czterokrotnie wi\u0119ksze od terytorium Polski! Przez kilka lat by\u0142em jedynym rzymskokatolickim ksi\u0119dzem na tym terytorium, od wrze\u015bnia 2019 roku pos\u0142ug\u0119 podejmuje Wsp\u00f3\u0142pracownik, Ks. Pawe\u0142 Czelu\u015bci\u0144ski. W Parafii pos\u0142uguj\u0105 tak\u017ce dwie Siostry od Anio\u0142\u00f3w, S. Joann i S. Teresa. Terytorium naszej Parafii to Chanty-Mansyjski Autonomiczny Okr\u0119g i Jamalsko-Nieniecki Autonomiczny Okr\u0119g. Jest to terytorium, kt\u00f3re s\u0142ynie z wydobycia ropy i gazu. Wi\u0119kszo\u015b\u0107 ropy, wydobywanej w Rosji \u2013 wydobywa si\u0119 z terenu mojej Parafii. W zwi\u0105zku z tym, w ostatnich kilku dziesi\u0119cioleciach, przyby\u0142o mn\u00f3stwo ludzi w poszukiwaniu pracy. Na tym terenie jest kilkana\u015bcie, a mo\u017ce i kilkadziesi\u0105t \u2013 cz\u0119sto nowych miast, w kt\u00f3rych osiedlaj\u0105 si\u0119 owi przyje\u017cd\u017caj\u0105cy ludzie. Odwiedzamy miasta: Jugorsk i Sowiecki, oddalone 650 km od Surgutu; Uraj \u2013 730 km; Niaga\u0144 \u2013 600 km; Chanty-Mansyjsk \u2013 300 km. To kierunek po\u0142udniowo \u2013 zachodni. Natomiast na p\u00f3\u0142nocy odwiedzamy Nojabrsk \u2013 320 km i Koga\u0142ym \u2013 190 km, Gubkinskij \u2013 500 km; Tarko-Sale \u2013 600 km; Nowyj Urengoj \u2013 760 km. Je\u017adzimy te\u017c do Tiumenii, \u017ceby stamt\u0105d polecie\u0107 samolotem do Salechardu, na ko\u0142o podbiegunowe \u2013 ponad 1100 km w prostej linii \u2013 \u017ceby i tam odwiedzi\u0107 naszych Parafian, kt\u00f3rzy cz\u0119sto bior\u0105 urlop w pracy, aby spotka\u0107 si\u0119 z nami, uczestniczy\u0107 we Mszy \u015awi\u0119tej i w katechizacji. Do Salechardu nie ma drogi, mo\u017cna dotrze\u0107 tylko samolotem, albo (latem) statkiem. Wymienione miasta to tylko niekt\u00f3re z miejsc, kt\u00f3re odwiedzamy. W ca\u0142ej naszej Parafii mamy jeden ko\u015bci\u00f3\u0142 \u2013 w Surgucie \u2013 i jedn\u0105 kaplic\u0119, w Nojabrsku, w jednym z blok\u00f3w. W innych miejscach spotykamy si\u0119 w mieszkaniach Parafian. Ludzie jednak cz\u0119sto kr\u0119puj\u0105 si\u0119 przychodzi\u0107 do kogo\u015b, do domu. A Parafia najbardziej rozwija si\u0119 tam, gdzie jest \u015bwi\u0105tynia. Ostatnio kupili\u015bmy dom na kaplic\u0119 w Koga\u0142ymie. Konieczny jest tam jednak gruntowny remont, kt\u00f3ry aktualnie prowadzimy. Nast\u0119pnym miejscem oczekuj\u0105cym na swoj\u0105 \u015bwi\u0105tyni\u0119 - kaplic\u0119 jest Chanty-Mansyjsk. Dramatycznie potrzeba tu ksi\u0119\u017cy! \u017beby kr\u00f3lestwo Bo\u017ce mog\u0142o wzrasta\u0107 w sercach ludzi, musz\u0105 mie\u0107 oni cz\u0119stszy dost\u0119p do Sakrament\u00f3w. Na terenie naszej Parafii mieszka jakie\u015b 2,5 miliona ludzi, w samym Surgucie \u2013 350 tysi\u0119cy. A tylko dw\u00f3ch Ksi\u0119\u017cy i dwie Siostry. Prosimy Was zatem o dwojak\u0105 pomoc: Modlitwa \u2013 to najwa\u017cniejsze! Prosz\u0119 Was, pom\u00f3dlcie si\u0119 za nasz\u0105 Parafi\u0119 przynajmniej dziesi\u0105tkiem R\u00f3\u017ca\u0144ca, a potem pom\u00f3dlcie si\u0119 przez wstawiennictwo naszych \u015awi\u0119tych Patron\u00f3w: Matki Bo\u017cej Fatimskiej, \u015aw. J\u00f3zefa Robotnika, \u015aw. Paw\u0142a Aposto\u0142a, \u015aw. Jana Paw\u0142a II, Micha\u0142a Archanio\u0142a i Anio\u0142\u00f3w Str\u00f3\u017c\u00f3w. Ofiara \u2013 materialna pomoc tak\u017ce jest nam niezmiernie potrzebna ze wzgl\u0119du na budow\u0119 domu parafialnego w Surgucie, remont domu na kaplic\u0119 w Koga\u0142ymie, oraz organizowanie spotka\u0144 wsp\u00f3lnot i miejsc modlitwy w wielu innych miastach. Wszystkim Darczy\u0144com z serca dzi\u0119kujemy i obiecujemy modlitw\u0119! Niech Was b\u0142ogos\u0142awi B\u00f3g Wszechmog\u0105cy: Ojciec + i Syn, i Duch \u015awi\u0119ty. Amen o.marek@mail.ru www.catholicsurgut.ru Dane do przelewu: Marek Ja\u015bkowski ul. K\u0105pielowa 19\/2 21-500 Bia\u0142a Podlaska Nr konta: 50 1020 5558 1111 1548 2400 0027","url":"https:\/\/gaudiumetspes-blog.pl\/index.php\/author\/ks-marek\/"}]}},"jetpack_featured_media_url":"","jetpack_sharing_enabled":true,"_links":{"self":[{"href":"https:\/\/gaudiumetspes-blog.pl\/index.php\/wp-json\/wp\/v2\/posts\/17308","targetHints":{"allow":["GET"]}}],"collection":[{"href":"https:\/\/gaudiumetspes-blog.pl\/index.php\/wp-json\/wp\/v2\/posts"}],"about":[{"href":"https:\/\/gaudiumetspes-blog.pl\/index.php\/wp-json\/wp\/v2\/types\/post"}],"author":[{"embeddable":true,"href":"https:\/\/gaudiumetspes-blog.pl\/index.php\/wp-json\/wp\/v2\/users\/3"}],"replies":[{"embeddable":true,"href":"https:\/\/gaudiumetspes-blog.pl\/index.php\/wp-json\/wp\/v2\/comments?post=17308"}],"version-history":[{"count":3,"href":"https:\/\/gaudiumetspes-blog.pl\/index.php\/wp-json\/wp\/v2\/posts\/17308\/revisions"}],"predecessor-version":[{"id":17318,"href":"https:\/\/gaudiumetspes-blog.pl\/index.php\/wp-json\/wp\/v2\/posts\/17308\/revisions\/17318"}],"wp:attachment":[{"href":"https:\/\/gaudiumetspes-blog.pl\/index.php\/wp-json\/wp\/v2\/media?parent=17308"}],"wp:term":[{"taxonomy":"category","embeddable":true,"href":"https:\/\/gaudiumetspes-blog.pl\/index.php\/wp-json\/wp\/v2\/categories?post=17308"},{"taxonomy":"post_tag","embeddable":true,"href":"https:\/\/gaudiumetspes-blog.pl\/index.php\/wp-json\/wp\/v2\/tags?post=17308"}],"curies":[{"name":"wp","href":"https:\/\/api.w.org\/{rel}","templated":true}]}}