{"id":17331,"date":"2020-07-08T05:31:58","date_gmt":"2020-07-08T03:31:58","guid":{"rendered":"https:\/\/gaudiumetspes-blog.pl\/?p=17331"},"modified":"2020-07-08T00:34:00","modified_gmt":"2020-07-07T22:34:00","slug":"posiejcie-sprawiedliwosc-a-zbierzecie-milosc","status":"publish","type":"post","link":"https:\/\/gaudiumetspes-blog.pl\/index.php\/2020\/07\/08\/posiejcie-sprawiedliwosc-a-zbierzecie-milosc\/","title":{"rendered":"Posiejcie sprawiedliwo\u015b\u0107 &#8211; a zbierzecie mi\u0142o\u015b\u0107!"},"content":{"rendered":"<p align=\"justify\"><span style=\"color: #000000;\"><span style=\"font-family: Book Antiqua, serif;\"><span style=\"font-size: large;\">Szcz\u0119\u015b\u0107 Bo\u017ce! Moi Drodzy, w dniu dzisiejszym <b>imieniny prze\u017cywa Ojciec Edgar Adam Semeniuk, Franciszkanin, Prze\u0142o\u017cony domu zakonnego i Proboszcz Parafii w Opatowie. W pa\u017adzierniku mia\u0142em tam rado\u015b\u0107 g\u0142osi\u0107 Bo\u017ce s\u0142owo z okazji Uroczysto\u015bci \u015awi\u0119tego Franciszka. Z Ojcem Edgarem znamy si\u0119 tak naprawd\u0119 \u2013 chocia\u017c tylko z widzenia \u2013 od czas\u00f3w mojego Seminarium, a Jego: s\u0142u\u017cby lektorskiej. Odnowili\u015bmy t\u0119 znajomo\u015b\u0107, kiedy pos\u0142ugiwa\u0142 w Lublinie i przyszed\u0142 do mojego mieszkania z wizyt\u0105 duszpastersk\u0105. \u017bycz\u0119 nieustannego zapa\u0142u apostolskiego <\/b><b>i m\u0105dro\u015bci duszpasterskiej<\/b><b>! I zapewniam o modlitwie.<\/b><\/span><\/span><\/span><\/p>\n<p align=\"justify\"><span style=\"color: #000000;\"><span style=\"font-family: Book Antiqua, serif;\"><span style=\"font-size: large;\">Zapewniam te\u017c, \u017ce jutro i pojutrze \u2013 jak to ma miejsce od pewnego czasu \u2013 na naszym blogu: dwa s\u0142\u00f3wka z Syberii! A ja dzisiaj, b\u0119d\u0105c u Matki Bo\u017cej w Kodniu, b\u0119d\u0119 pami\u0119ta\u0142 o Was w modlitwie!<\/span><\/span><\/span><\/p>\n<p align=\"justify\"><span style=\"color: #000000;\"><span style=\"font-family: Book Antiqua, serif;\"><span style=\"font-size: large;\"><b>Niech Was b\u0142ogos\u0142awi B\u00f3g Wszechmog\u0105cy: Ojciec + i Syn, i Duch \u015awi\u0119ty. Amen<\/b><\/span><\/span><\/span><\/p>\n<p align=\"center\"><span style=\"color: #000000;\"><span style=\"font-family: Book Antiqua, serif;\"><span style=\"font-size: large;\">Gaudium et spes! Ks. Jacek<\/span><\/span><\/span><\/p>\n<p align=\"center\">\n<p align=\"center\">\n<p align=\"center\">\n<p align=\"center\">\n<p align=\"center\">\n<p align=\"justify\"><span style=\"color: #000000;\"><span style=\"font-family: Book Antiqua, serif;\"><span style=\"font-size: large;\"><b>\u015aroda 14 Tygodnia zwyk\u0142ego, rok II,<\/b><\/span><\/span><\/span><\/p>\n<p align=\"justify\"><span style=\"color: #000000;\"><span style=\"font-family: Book Antiqua, serif;\"><span style=\"font-size: large;\"><b>Wspomnienie \u015aw. Jana z Dukli, Kap\u0142ana,<\/b><\/span><\/span><\/span><\/p>\n<p align=\"justify\"><span style=\"color: #000000;\"><span style=\"font-family: Book Antiqua, serif;\"><span style=\"font-size: large;\"><b>8 lipca 2020.,<\/b><\/span><\/span><\/span><\/p>\n<p align=\"justify\"><span style=\"color: #000000;\"><span style=\"font-family: Book Antiqua, serif;\"><span style=\"font-size: large;\"><b>do czyta\u0144: Oz 10,1\u20133.7\u20138.12; Mt 10,1\u20137<\/b><\/span><\/span><\/span><\/p>\n<p align=\"justify\">\n<p align=\"justify\">\n<p align=\"justify\">\n<p align=\"justify\">\n<p align=\"justify\">\n<p align=\"justify\"><span style=\"color: #000000;\"><span style=\"font-family: Book Antiqua, serif;\"><span style=\"font-size: large;\"><b>CZYTANIE Z KSI\u0118GI PROROKA OZEASZA: <\/b><\/span><\/span><\/span><\/p>\n<p align=\"justify\"><span style=\"color: #000000;\"><span style=\"font-family: Book Antiqua, serif;\"><span style=\"font-size: large;\"><b>Izrael by\u0142 jak dorodny krzew winny, przynosz\u0105cy wiele owoc\u00f3w: lecz gdy owoc jego si\u0119 mno\u017cy\u0142, wzrasta\u0142a liczba o\u0142tarzy; im lepiej dzia\u0142o si\u0119 w kraju, tym wspanialsze budowano stele. Ich serce jest ob\u0142udne, musz\u0105 pokutowa\u0107! Pan ich o\u0142tarze rozwali i stele powywraca. Powiedz\u0105 wtedy: \u201eMy nie mamy kr\u00f3la, bo\u015bmy si\u0119 Pana nie bali, zreszt\u0105 c\u00f3\u017c nam kr\u00f3l pomo\u017ce\u201d. <\/b><\/span><\/span><\/span><\/p>\n<p align=\"justify\"><span style=\"color: #000000;\"><span style=\"font-family: Book Antiqua, serif;\"><span style=\"font-size: large;\"><b>Upadnie Samaria, a kr\u00f3l jej jest niby piana na powierzchni wody. Zniszczone b\u0119d\u0105 wy\u017cyny Bet\u2013Awen, grzech Izraela. Ciernie i osty wyrosn\u0105 na ich o\u0142tarzach. Wtedy powiedz\u0105 g\u00f3rom: \u201eprzykryjcie nas!\u201d, a wzg\u00f3rzom: \u201epadnijcie na nas!\u201d<\/b><\/span><\/span><\/span><\/p>\n<p align=\"justify\"><span style=\"color: #000000;\"><span style=\"font-family: Book Antiqua, serif;\"><span style=\"font-size: large;\"><b>Posiejcie sprawiedliwo\u015b\u0107, a zbierzecie mi\u0142o\u015b\u0107; karczujcie nowe ziemie! Nadszed\u0142 czas, by szuka\u0107 Pana, a\u017c przyjdzie, by sprawiedliwo\u015bci was nauczy\u0107.<\/b><\/span><\/span><\/span><\/p>\n<p align=\"justify\">\n<p align=\"justify\">\n<p align=\"justify\">\n<p align=\"justify\">\n<p align=\"justify\">\n<p align=\"justify\"><span style=\"color: #000000;\"><span style=\"font-family: Book Antiqua, serif;\"><span style=\"font-size: large;\"><b>S\u0141OWA EWANGELII WED\u0141UG \u015aWI\u0118TEGO MATEUSZA: <\/b><\/span><\/span><\/span><\/p>\n<p align=\"justify\"><span style=\"color: #000000;\"><span style=\"font-family: Book Antiqua, serif;\"><span style=\"font-size: large;\"><b>Jezus przywo\u0142a\u0142 do siebie dwunastu swoich uczni\u00f3w i udzieli\u0142 im w\u0142adzy nad duchami nieczystymi, aby je wyp\u0119dzali i leczyli wszystkie choroby i wszelkie s\u0142abo\u015bci. <\/b><\/span><\/span><\/span><\/p>\n<p align=\"justify\"><span style=\"color: #000000;\"><span style=\"font-family: Book Antiqua, serif;\"><span style=\"font-size: large;\"><b>A oto imiona dwunastu aposto\u0142\u00f3w: pierwszy Szymon, zwany Piotrem, i brat jego Andrzej, potem Jakub, syn Zebedeusza, i brat jego Jan, Filip i Bart\u0142omiej, Tomasz i celnik Mateusz, Jakub, syn Alfeusza, i Tadeusz, Szymon Gorliwy i Judasz Iskariota, ten, kt\u00f3ry Go zdradzi\u0142. <\/b><\/span><\/span><\/span><\/p>\n<p align=\"justify\"><span style=\"color: #000000;\"><span style=\"font-family: Book Antiqua, serif;\"><span style=\"font-size: large;\"><b>Tych to Dwunastu wys\u0142a\u0142 Jezus, daj\u0105c im nast\u0119puj\u0105ce wskazania: \u201eNie id\u017acie do pogan i nie wst\u0119pujcie do \u017cadnego miasta samaryta\u0144skiego. Id\u017acie raczej do owiec, kt\u00f3re pogin\u0119\u0142y z domu Izraela. Id\u017acie i g\u0142o\u015bcie: \u00abBliskie ju\u017c jest kr\u00f3lestwo niebieskie\u00bb\u201d.<\/b><\/span><\/span><\/span><\/p>\n<p align=\"justify\">\n<p align=\"justify\">\n<p align=\"justify\">\n<p align=\"justify\">\n<p align=\"justify\">\n<p align=\"justify\"><span style=\"color: #000000;\"><span style=\"font-family: Book Antiqua, serif;\"><span style=\"font-size: large;\">Jakich sposob\u00f3w powinien u\u017cy\u0107 Pan B\u00f3g, <b>by dotrze\u0107 do ludzkich serc i sk\u0142oni\u0107 je ku sobie?<\/b> To pytanie chyba zawsze by\u0142o, jest obecnie i zawsze b\u0119dzie aktualne. Bo dzisiaj s\u0142yszymy, w Proroctwie Ozeasza, stwierdzenie o tyle dramatyczne, co jednak prawdziwe, \u017ce <b>im wi\u0119cej swoich dar\u00f3w<\/b> B\u00f3g udziela i \u2013 w zwi\u0105zku z tym \u2013 lepiej si\u0119 ludziom powodzi, do\u015bwiadczaj\u0105 szczeg\u00f3lnego Bo\u017cego b\u0142ogos\u0142awie\u0144stwa, <b>tym bardziej od Boga odchodz\u0105. <\/b>Popadaj\u0105 w pych\u0119, w poczucie swojej \u2013 jakkolwiek pojmowanej \u2013 niezale\u017cno\u015bci od Boga, przeto ustawiaj\u0105 sobie \u015bwiat po swojemu. <\/span><\/span><\/span><\/p>\n<p align=\"justify\"><span style=\"color: #000000;\"><span style=\"font-family: Book Antiqua, serif;\"><span style=\"font-size: large;\">A wydawa\u0142oby si\u0119, \u017ce powinno by\u0107 dok\u0142adnie odwrotnie: im wi\u0119cej Bo\u017cych dar\u00f3w i Bo\u017cej \u0142askawo\u015bci,<b> tym wi\u0119ksza wdzi\u0119czno\u015b\u0107,<\/b> przywi\u0105zanie do Boga, pos\u0142usze\u0144stwo Mu okazywane. Tymczasem \u2013 jak s\u0142yszymy w pierwszym czytaniu \u2013 <i><b>Izrael by\u0142 jak dorodny krzew winny, przynosz\u0105cy wiele owoc\u00f3w: lecz gdy owoc jego si\u0119 mno\u017cy\u0142, wzrasta\u0142a liczba o\u0142tarzy; im lepiej dzia\u0142o si\u0119 w kraju, tym wspanialsze budowano stele. <\/b><\/i><\/span><\/span><\/span><\/p>\n<p align=\"justify\"><span style=\"color: #000000;\"><span style=\"font-family: Book Antiqua, serif;\"><span style=\"font-size: large;\">Jaka na to jest reakcja Boga? To te\u017c s\u0142yszymy: <i><b>Ich serce jest ob\u0142udne, musz\u0105 pokutowa\u0107! Pan ich o\u0142tarze rozwali i stele powywraca. <\/b><\/i>I dalej: <i><b>Upadnie Samaria, a kr\u00f3l jej jest niby piana na powierzchni wody. Zniszczone b\u0119d\u0105 wy\u017cyny Bet\u2013Awen, grzech Izraela. Ciernie i osty wyrosn\u0105 na ich o\u0142tarzach.<\/b><\/i><b> <\/b><\/span><\/span><\/span><\/p>\n<p align=\"justify\"><span style=\"color: #000000;\"><span style=\"font-family: Book Antiqua, serif;\"><span style=\"font-size: large;\">A zatem, obraz jakiej\u015b pot\u0119\u017cnej kl\u0119ski \u2013 <b>wyra\u017any znak Bo\u017cej kary.<\/b> Czy wi\u0119c nie ma ju\u017c \u017cadnego ratunku? Czy rzeczywi\u015bcie, przysz\u0142o\u015b\u0107 narodu to owe<i><b> ciernie i osty?<\/b><\/i> <\/span><\/span><\/span><\/p>\n<p align=\"justify\"><span style=\"color: #000000;\"><span style=\"font-family: Book Antiqua, serif;\"><span style=\"font-size: large;\">Nie, jest nadzieja! Jest ratunek! B\u00f3g wzywa: <i><b>Posiejcie sprawiedliwo\u015b\u0107, a zbierzecie mi\u0142o\u015b\u0107; karczujcie nowe ziemie! Nadszed\u0142 czas, by szuka\u0107 Pana, a\u017c przyjdzie, by sprawiedliwo\u015bci was nauczy\u0107.<\/b><\/i><b> <\/b>Warto chyba nawet zapami\u0119ta\u0107 na d\u0142u\u017cej to zdanie i cz\u0119sto do niego wraca\u0107, pos\u0142uguj\u0105c si\u0119 nim w r\u00f3\u017cnych kontekstach naszego \u017cycia: <i><b>Posiejcie sprawiedliwo\u015b\u0107, a zbierzecie mi\u0142o\u015b\u0107.<\/b><\/i><b> <\/b><\/span><\/span><\/span><\/p>\n<p align=\"justify\"><span style=\"color: #000000;\"><span style=\"font-family: Book Antiqua, serif;\"><span style=\"font-size: large;\">Bardzo ciekawe stwierdzenie, w kontek\u015bcie tego z wczorajszego pierwszego czytania, i\u017c <b>kto sieje wiatr, ten zbiera burz\u0119. <\/b>A oto dzisiaj s\u0142yszymy, \u017ce <b>kto posieje sprawiedliwo\u015b\u0107, ten zbierze mi\u0142o\u015b\u0107.<\/b> Warto to sobie zapisa\u0107 w sercach i z tak\u0105 zach\u0119t\u0105 podj\u0105\u0107 si\u0119 zadania, wyznaczonego przez Pana w s\u0142owach: <i><b>Karczujcie nowe ziemie!<\/b><\/i><b> <\/b><\/span><\/span><\/span><\/p>\n<p align=\"justify\"><span style=\"color: #000000;\"><span style=\"font-family: Book Antiqua, serif;\"><span style=\"font-size: large;\">Mo\u017ce nawet nie wchodz\u0105c w konkretny kontekst historyczny i geograficzny tego stwierdzenia, to mo\u017cemy je potraktowa\u0107 jako wezwanie do <b>wykarczowania ze swego serca<\/b> tego wszystkiego, o czym mowa by\u0142a wcze\u015bniej: ludzkiej pychy, ludzkiego uporu, przekonania o samowystarczalno\u015bci. To takie schematyczne, takie zwyczajne, <b>takie ludzkie \u2013 i takie cz\u0119ste! <\/b>Czemu zatem ucze\u0144 Chrystusa nie m\u00f3g\u0142by p\u00f3j\u015b\u0107 inn\u0105 drog\u0105? Czemu nie mia\u0142by dostrzec Bo\u017cych dar\u00f3w i odwdzi\u0119czy\u0107 si\u0119 za nie? Czemu <b>nie mia\u0142by wykarczowa\u0107 ze swego serca<\/b> tego wszystkiego, co zagradza mu drog\u0119 do Boga? <\/span><\/span><\/span><\/p>\n<p align=\"justify\"><span style=\"color: #000000;\"><span style=\"font-family: Book Antiqua, serif;\"><span style=\"font-size: large;\">W\u0142a\u015bnie do takiego <b>\u00abduchowego karczowania\u00bb<\/b> Jezus wyznaczy\u0142 dwunastu Aposto\u0142\u00f3w, kt\u00f3rych imiona dzisiaj poznajemy. Wyra\u017anie s\u0142yszymy ju\u017c w pierwszym zdaniu, \u017ce <i><b>Jezus przywo\u0142a\u0142 do siebie dwunastu swoich uczni\u00f3w i udzieli\u0142 im w\u0142adzy nad duchami nieczystymi, aby je wyp\u0119dzali i leczyli wszystkie choroby i wszelkie s\u0142abo\u015bci.<\/b><\/i><b> <\/b><\/span><\/span><\/span><\/p>\n<p align=\"justify\"><span style=\"color: #000000;\"><span style=\"font-family: Book Antiqua, serif;\"><span style=\"font-size: large;\">Czy\u017c to nie jest w\u0142a\u015bnie owo \u00abkarczowanie nowej ziemi\u00bb, a dok\u0142adniej: <b>starej, aby sta\u0142a si\u0119 now\u0105? <\/b>Czy nie po to Jezus, a w \u015blad za Nim Aposto\u0142owie, tak <b>radykalnie rozprawiali si\u0119<\/b> ze z\u0142ym duchem i z ludzkimi s\u0142abo\u015bciami, aby uczyni\u0107 wszystko nowe? A szczeg\u00f3lnie \u2013 aby <b>odnowi\u0107 ludzkie serca,<\/b> by mog\u0142y \u017cy\u0107 pe\u0142ni\u0105 \u017cycia! <\/span><\/span><\/span><\/p>\n<p align=\"justify\"><span style=\"color: #000000;\"><span style=\"font-family: Book Antiqua, serif;\"><span style=\"font-size: large;\">W walce ze z\u0142ym duchem potrzebny jest <b>totalny radykalizm!<\/b> Tu nie ma miejsca ani czasu na \u017cadne kompromisy. Ta walka winna przypomina\u0107 w\u0142a\u015bnie owo \u00abkarczowanie\u00bb, o czym mowa w pierwszym czytaniu. <b>Czyli w spos\u00f3b radykalny! <\/b>Oby nam tego radykalizmu ewangelicznego i apostolskiego nigdy nie zabrak\u0142o! <\/span><\/span><\/span><\/p>\n<p align=\"justify\"><span style=\"color: #000000;\"><span style=\"font-family: Book Antiqua, serif;\"><span style=\"font-size: large;\">Niech b\u0119dzie <b>nasz\u0105 odpowiedzi\u0105 <\/b>na dobro\u0107 Boga, kt\u00f3ry w okazywaniu mi\u0142o\u015bci cz\u0142owiekowi tak\u017ce \u2013 idzie na ca\u0142o\u015b\u0107! I w okazywaniu mu swego zaufania \u2013 tak, jak <b>to zaufanie On sam okaza\u0142 Dwunastu, <\/b>kt\u00f3rym nie zawaha\u0142 si\u0119 odda\u0107 w r\u0119ce stery swego Ko\u015bcio\u0142a. A oni \u2013 w wi\u0119kszo\u015bci \u2013 swoj\u0105 radykaln\u0105 i konsekwentn\u0105 postaw\u0105 <b>okazali si\u0119 godni tego zaufania. <\/b><\/span><\/span><\/span><\/p>\n<p align=\"justify\"><span style=\"color: #000000;\"><span style=\"font-family: Book Antiqua, serif;\"><span style=\"font-size: large;\">W ich przypadku nie zasz\u0142a ta prawid\u0142owo\u015b\u0107, o kt\u00f3rej mowa w pierwszym czytaniu, \u017ce im wi\u0119cej Bo\u017cej dobroci, tym wi\u0119cej ludzkie odst\u0119pstwa. Aposto\u0142owie <b>zupe\u0142nie inaczej <\/b>do tego podeszli: im wi\u0119cej zaufania ze strony Jezusa i Jego \u0142aski \u2013 tym bardziej <b>wyra\u017ana i ofiarna by\u0142a ich odpowied\u017a!<\/b><\/span><\/span><\/span><\/p>\n<p align=\"justify\"><span style=\"color: #000000;\"><span style=\"font-family: Book Antiqua, serif;\"><span style=\"font-size: large;\">Takiej w\u0142a\u015bnie odpowiedzi \u2013 i to w spos\u00f3b radykalny \u2013 na Bo\u017ce zaufanie udzieli\u0142 Patron dnia dzisiejszego,<b> \u015awi\u0119ty Jan, Kap\u0142an.<\/b><\/span><\/span><\/span><\/p>\n<p align=\"justify\"><span style=\"color: #000000;\"><span style=\"font-size: large;\"><span style=\"font-family: Book Antiqua, serif;\">Urodzi\u0142 si\u0119 <\/span><span style=\"font-family: Book Antiqua, serif;\"><b>w 1414 roku w Dukli,<\/b><\/span><span style=\"font-family: Book Antiqua, serif;\"> w dzisiejszej diecezji przemyskiej, w rodzinie mieszcza\u0144skiej. Legenda g\u0142osi, \u017ce studiowa\u0142 w Krakowie, jednak brakuje \u017ar\u00f3de\u0142 historycznych, kt\u00f3re potwierdza\u0142yby ten fakt. Po studiach wr\u00f3ci\u0142 do Dukli, gdzie <\/span><span style=\"font-family: Book Antiqua, serif;\"><b>\u017cy\u0142 jako pustelnik <\/b><\/span><span style=\"font-family: Book Antiqua, serif;\">w lasach.<\/span><span style=\"font-family: Book Antiqua, serif;\"> Do <\/span><span style=\"font-family: Book Antiqua, serif;\"><b>franciszkan\u00f3w konwentualnych <\/b><\/span><span style=\"font-family: Book Antiqua, serif;\">wst\u0105pi\u0142 prawdopodobnie w Kro\u015bnie, <\/span><span style=\"font-family: Book Antiqua, serif;\">mi\u0119dzy 1434 a 1440 rokiem. Mia\u0142 wtedy oko\u0142o dwudziestu pi\u0119ciu lat. Przed przyj\u0119ciem <\/span><span style=\"font-family: Book Antiqua, serif;\">\u015b<\/span><span style=\"font-family: Book Antiqua, serif;\">wi\u0119ce\u0144 kap\u0142a\u0144skich odby\u0142 studia u franciszkan\u00f3w. <\/span><\/span><\/span><\/p>\n<p align=\"justify\"><span style=\"color: #000000;\"><span style=\"font-size: large;\"><span style=\"font-family: Book Antiqua, serif;\">W zakonie piastowa\u0142 r\u00f3\u017cne stanowiska, mi\u0119dzy innymi \u2013 kaznodziei. <\/span><span style=\"font-family: Book Antiqua, serif;\"><b>By\u0142 \u015bwiat\u0142ym kap\u0142anem i teologiem. <\/b><\/span><span style=\"font-family: Book Antiqua, serif;\">Kilkakrotnie obierano go na prze\u0142o\u017conego klasztoru w Kro\u015bnie i Lwowie. <\/span><span style=\"font-family: Book Antiqua, serif;\">W 1463 roku, pod wp\u0142ywem \u015awi\u0119tego Jana Kapistrana, reformatora franciszka\u0144skiego \u017cycia zakonnego, <\/span><span style=\"font-family: Book Antiqua, serif;\"><b>wst\u0105pi\u0142 do bernardyn\u00f3w.<\/b><\/span><span style=\"font-family: Book Antiqua, serif;\"> W zakonie tym piastowa\u0142 r\u00f3\u017cne urz\u0119dy. <\/span><\/span><\/span><\/p>\n<p align=\"justify\"><span style=\"color: #000000;\"><span style=\"font-size: large;\"><span style=\"font-family: Book Antiqua, serif;\">Zar\u00f3wno jako kaznodzieja, jak i spowiednik, odznacza\u0142 si\u0119 <\/span><span style=\"font-family: Book Antiqua, serif;\"><b>niezwyk\u0142\u0105 gorliwo\u015bci\u0105.<\/b><\/span><span style=\"font-family: Book Antiqua, serif;\"> Mia\u0142 dar proroctwa. W pe\u0142nieniu obowi\u0105zk\u00f3w nie przeszkodzi\u0142a mu <\/span><span style=\"font-family: Book Antiqua, serif;\"><b>nawet utrata wzroku pod koniec \u017cycia.<\/b><\/span><span style=\"font-family: Book Antiqua, serif;\"> Nie stroni\u0142 te\u017c od pracy fizycznej w ogrodzie i <\/span><span style=\"font-family: Book Antiqua, serif;\">w <\/span><span style=\"font-family: Book Antiqua, serif;\">kuchni. <\/span><span style=\"font-family: Book Antiqua, serif;\"><b>Zmar\u0142 we Lwowie, 29 wrze\u015bnia 1484 roku.<\/b><\/span><\/span><\/span><\/p>\n<p align=\"justify\"><span style=\"color: #000000;\"><span style=\"font-family: Book Antiqua, serif;\"><span style=\"font-size: large;\">Jan z Dukli od najm\u0142odszych lat zdradza\u0142 <b>predyspozycje do g\u0142\u0119bszego \u017cycia duchowego. <\/b>W zakonie bra\u0142 udzia\u0142 we wszystkich nabo\u017ce\u0144stwach, wyr\u00f3\u017cnia\u0142 si\u0119 kultem do Matki Bo\u017cej. <b>Cz\u0119sto na modlitwie sp\u0119dza\u0142 ca\u0142e noce.<\/b> Zaraz po \u015bmierci rozwin\u0105\u0142 si\u0119 jego kult. Ros\u0142a ilo\u015b\u0107 spisywanych cud\u00f3w i \u0142ask, otrzymanych od Boga za jego po\u015brednictwem. 2 stycznia 1733 roku, Papie\u017c Klemens XII og\u0142osi\u0142 go b\u0142ogos\u0142awionym. <b>Jego <\/b><b>K<\/b><b>anonizacji dokona\u0142 natomiast <\/b><b>\u015awi\u0119ty<\/b><b> Jan Pawe\u0142 II, w <\/b><b>dniu 10 <\/b><b>czerwc<\/b><b>a<\/b><b> 1997 roku.<\/b><\/span><\/span><\/span><\/p>\n<p align=\"justify\"><span style=\"color: #000000;\"><span style=\"font-size: large;\"><span style=\"font-family: Book Antiqua, serif;\">I to w\u0142a\u015bnie Jan Pawe\u0142 II, nawiedzaj\u0105c gr\u00f3b \u015awi\u0119tego, tak o nim m\u00f3wi\u0142: \u201eJak\u017ce bliski wydaje si\u0119 nam <\/span><span style=\"font-family: Book Antiqua, serif;\">B<\/span><span style=\"font-family: Book Antiqua, serif;\">\u0142ogos\u0142awiony Jan w tej \u015bwi\u0105tyni, w kt\u00f3rej przechowuje si\u0119 jego relikwie! Bardzo chcia\u0142em tu przyby\u0107, aby <\/span><span style=\"font-family: Book Antiqua, serif;\"><b>w ciszy klasztoru ws\u0142ucha\u0107 si\u0119 w g\u0142os jego serca <\/b><\/span><span style=\"font-family: Book Antiqua, serif;\">i wsp\u00f3lnie z wami wg\u0142\u0119bi\u0107 si\u0119 w tajemnic\u0119 jego \u017cycia i \u015bwi\u0119to\u015bci. <\/span><span style=\"font-family: Book Antiqua, serif;\">A by\u0142o to \u017cycie ca\u0142kowicie oddane Bogu. <\/span><\/span><\/span><\/p>\n<p align=\"justify\"><span style=\"color: #000000;\"><span style=\"font-size: large;\"><span style=\"font-family: Book Antiqua, serif;\">Zacz\u0119\u0142o si\u0119 w pobliskiej pustelni. To w\u0142a\u015bnie tam, w\u015br\u00f3d ciszy i duchowej walki, <\/span><span style=\"font-family: Book Antiqua, serif;\"><b>\u201euchwyci\u0142 go B\u00f3g\u201d i tak ju\u017c pozostali razem do ko\u0144ca.<\/b><\/span><span style=\"font-family: Book Antiqua, serif;\"> W\u015br\u00f3d tych g\u00f3r uczy\u0142 si\u0119 \u017carliwej modlitwy i prze\u017cywania Bo\u017cych tajemnic. <\/span><span style=\"font-family: Book Antiqua, serif;\"><b>Powoli utwierdza\u0142a si\u0119 jego wiara, krzep\u0142a mi\u0142o\u015b\u0107,<\/b><\/span><span style=\"font-family: Book Antiqua, serif;\"> aby p\u00f3\u017aniej wyda\u0107 zbawienne owoce ju\u017c nie w odosobnieniu, na pustelni, ale w murach klasztoru franciszkan\u00f3w konwentualnych, a nast\u0119pnie u bernardyn\u00f3w, gdzie sp\u0119dzi\u0142 ostatni okres swego \u017cycia. <\/span><\/span><\/span><\/p>\n<p align=\"justify\"><span style=\"color: #000000;\"><span style=\"font-size: large;\"><span style=\"font-family: Book Antiqua, serif;\">Zas\u0142yn\u0105\u0142 <\/span><span style=\"font-family: Book Antiqua, serif;\">B<\/span><span style=\"font-family: Book Antiqua, serif;\">\u0142ogos\u0142awiony Jan jako <\/span><span style=\"font-family: Book Antiqua, serif;\"><b>m\u0105dry kaznodzieja i gorliwy spowiednik.<\/b><\/span><span style=\"font-family: Book Antiqua, serif;\"> T\u0142umnie schodzili si\u0119 do niego ludzie spragnieni zdrowej Bo\u017cej nauki, aby <\/span><span style=\"font-family: Book Antiqua, serif;\"><b>s\u0142ucha\u0107 jego kaza\u0144, <\/b><\/span><span style=\"font-family: Book Antiqua, serif;\">czy te\u017c u kratek konfesjona\u0142u<\/span><span style=\"font-family: Book Antiqua, serif;\"><b> szuka\u0107 umocnienia i porady.<\/b><\/span><span style=\"font-family: Book Antiqua, serif;\"> Zas\u0142yn\u0105\u0142 jako przewodnik dusz i roztropny doradca wielu ludzi. Zapiski m\u00f3wi\u0105, i\u017c pomimo staro\u015bci i utraty wzroku, <\/span><span style=\"font-family: Book Antiqua, serif;\"><b>pracowa\u0142 nieprzerwanie<\/b><\/span><span style=\"font-family: Book Antiqua, serif;\"> \u2013 prosi\u0142, by mu odczytywano kazania, aby m\u00f3g\u0142 dalej naucza\u0107. <\/span><span style=\"font-family: Book Antiqua, serif;\"><b>Szed\u0142 do konfesjona\u0142u po omacku,<\/b><\/span><b> <\/b><span style=\"font-family: Book Antiqua, serif;\">aby nadal nawraca\u0107 i prowadzi\u0107 do Boga. <\/span><\/span><\/span><\/p>\n<p align=\"justify\"><span style=\"color: #000000;\"><span style=\"font-size: large;\"><span style=\"font-family: Book Antiqua, serif;\">\u015awi\u0119to\u015b\u0107 <\/span><span style=\"font-family: Book Antiqua, serif;\">B<\/span><span style=\"font-family: Book Antiqua, serif;\">\u0142ogos\u0142awionego Jana wynika\u0142a <\/span><span style=\"font-family: Book Antiqua, serif;\"><b>z jego g\u0142\u0119bokiej wiary.<\/b><\/span><span style=\"font-family: Book Antiqua, serif;\"> Ca\u0142e jego \u017cycie i gorliwo\u015b\u0107 apostolska, umi\u0142owanie modlitwy i Ko\u015bcio\u0142a \u2013 <\/span><span style=\"font-family: Book Antiqua, serif;\"><b>wszystko to by\u0142o oparte na wierze.<\/b><\/span><span style=\"font-family: Book Antiqua, serif;\"> By\u0142a ona dla niego si\u0142\u0105, dzi\u0119ki kt\u00f3rej potrafi\u0142 wszystko to, co materialne i doczesne, odrzuci\u0107, by po\u015bwi\u0119ci\u0107 si\u0119 temu, co Bo\u017ce i duchowe. <\/span><\/span><\/span><\/p>\n<p align=\"justify\"><span style=\"color: #000000;\"><span style=\"font-size: large;\"><span style=\"font-family: Book Antiqua, serif;\">Bracia i Siostry, cz\u0119sto nawiedzajcie to miejsce! Ono jest wielkim skarbem waszej ziemi, bo <\/span><span style=\"font-family: Book Antiqua, serif;\"><b>tu przemawia Duch Pana do ludzkich serc za po\u015brednictwem waszego \u015bwi\u0119tego Rodaka. <\/b><\/span><span style=\"font-family: Book Antiqua, serif;\">M\u00f3wi <\/span><span style=\"font-family: Book Antiqua, serif;\">o<\/span><span style=\"font-family: Book Antiqua, serif;\">n, \u017ce \u017cycie osobiste, rodzinne i spo\u0142eczne, trzeba budowa\u0107 na wierze w Jezusa Chrystusa. <\/span><span style=\"font-family: Book Antiqua, serif;\"><b>Wiara bowiem nadaje sens wszystkim naszym wysi\u0142kom.<\/b><\/span><span style=\"font-family: Book Antiqua, serif;\"> Pomaga odkrywa\u0107 prawdziwe dobro, <\/span><span style=\"font-family: Book Antiqua, serif;\"><b>ustala prawid\u0142ow\u0105 hierarchi\u0119 warto\u015bci, przenika ca\u0142e \u017cycie.\u201d<\/b><\/span><span style=\"font-family: Book Antiqua, serif;\"> Tyle <\/span><span style=\"font-family: Book Antiqua, serif;\">z przem\u00f3wienia <\/span><span style=\"font-family: Book Antiqua, serif;\">Papie\u017ca<\/span><span style=\"font-family: Book Antiqua, serif;\"> Jan<\/span><span style=\"font-family: Book Antiqua, serif;\">a<\/span><span style=\"font-family: Book Antiqua, serif;\"> Paw<\/span><span style=\"font-family: Book Antiqua, serif;\">\u0142a<\/span><span style=\"font-family: Book Antiqua, serif;\"> II.<\/span><\/span><\/span><\/p>\n<p align=\"justify\"><span style=\"color: #000000;\"><span style=\"font-family: Book Antiqua, serif;\"><span style=\"font-size: large;\">Wpatrzeni w postaw\u0119 \u015awi\u0119tego Jana z Dukli oraz ws\u0142uchani w Bo\u017ce s\u0142owo dzisiejszej liturgii, pomy\u015blmy raz jeszcze, czy tak, jak Patron dnia dzisiejszego \u2013 <b>odpowiadamy Jezusowi radykalizmem swojej postawy, <\/b>czy w\u0142a\u015bnie: im wi\u0119cej Bo\u017cych dar\u00f3w otrzymujemy, tym bardziej wydaje si\u0119 nam, \u017ce si\u0119 nam one nale\u017ca\u0142y \u2013 i w og\u00f3le si\u0119 nimi nie przejmujemy?\u2026 Nawet ich nie zauwa\u017camy?\u2026 <\/span><\/span><\/span><\/p>\n<p align=\"justify\"><span style=\"color: #000000;\"><span style=\"font-family: Book Antiqua, serif;\"><span style=\"font-size: large;\"><b>Oby\u015bmy zawsze zauwa\u017cali!<\/b><\/span><\/span><\/span><\/p>\n","protected":false},"excerpt":{"rendered":"<p>Szcz\u0119\u015b\u0107 Bo\u017ce! Moi Drodzy, w dniu dzisiejszym imieniny prze\u017cywa Ojciec Edgar Adam Semeniuk, Franciszkanin, Prze\u0142o\u017cony domu zakonnego i Proboszcz Parafii w Opatowie. W pa\u017adzierniku mia\u0142em tam rado\u015b\u0107 g\u0142osi\u0107 Bo\u017ce s\u0142owo z okazji Uroczysto\u015bci \u015awi\u0119tego Franciszka. Z Ojcem Edgarem znamy si\u0119 tak naprawd\u0119 \u2013 chocia\u017c tylko z widzenia \u2013 od czas\u00f3w mojego Seminarium, a Jego: s\u0142u\u017cby [&hellip;]<\/p>\n","protected":false},"author":1,"featured_media":0,"comment_status":"open","ping_status":"open","sticky":false,"template":"","format":"standard","meta":{"jetpack_post_was_ever_published":false,"_jetpack_newsletter_access":"","_jetpack_dont_email_post_to_subs":false,"_jetpack_newsletter_tier_id":0,"_jetpack_memberships_contains_paywalled_content":false,"_jetpack_memberships_contains_paid_content":false,"footnotes":""},"categories":[1],"tags":[],"class_list":["post-17331","post","type-post","status-publish","format-standard","hentry","category-bez-kategorii"],"yoast_head":"<!-- This site is optimized with the Yoast SEO plugin v25.1 - https:\/\/yoast.com\/wordpress\/plugins\/seo\/ -->\n<title>Posiejcie sprawiedliwo\u015b\u0107 - a zbierzecie mi\u0142o\u015b\u0107! - Gaudium Et Spes<\/title>\n<meta name=\"robots\" content=\"index, follow, max-snippet:-1, max-image-preview:large, max-video-preview:-1\" \/>\n<link rel=\"canonical\" href=\"https:\/\/gaudiumetspes-blog.pl\/index.php\/2020\/07\/08\/posiejcie-sprawiedliwosc-a-zbierzecie-milosc\/\" \/>\n<meta property=\"og:locale\" content=\"pl_PL\" \/>\n<meta property=\"og:type\" content=\"article\" \/>\n<meta property=\"og:title\" content=\"Posiejcie sprawiedliwo\u015b\u0107 - a zbierzecie mi\u0142o\u015b\u0107! - Gaudium Et Spes\" \/>\n<meta property=\"og:description\" content=\"Szcz\u0119\u015b\u0107 Bo\u017ce! Moi Drodzy, w dniu dzisiejszym imieniny prze\u017cywa Ojciec Edgar Adam Semeniuk, Franciszkanin, Prze\u0142o\u017cony domu zakonnego i Proboszcz Parafii w Opatowie. W pa\u017adzierniku mia\u0142em tam rado\u015b\u0107 g\u0142osi\u0107 Bo\u017ce s\u0142owo z okazji Uroczysto\u015bci \u015awi\u0119tego Franciszka. Z Ojcem Edgarem znamy si\u0119 tak naprawd\u0119 \u2013 chocia\u017c tylko z widzenia \u2013 od czas\u00f3w mojego Seminarium, a Jego: s\u0142u\u017cby [&hellip;]\" \/>\n<meta property=\"og:url\" content=\"https:\/\/gaudiumetspes-blog.pl\/index.php\/2020\/07\/08\/posiejcie-sprawiedliwosc-a-zbierzecie-milosc\/\" \/>\n<meta property=\"og:site_name\" content=\"Gaudium Et Spes\" \/>\n<meta property=\"article:published_time\" content=\"2020-07-08T03:31:58+00:00\" \/>\n<meta name=\"author\" content=\"Ks. Jacek\" \/>\n<meta name=\"twitter:card\" content=\"summary_large_image\" \/>\n<meta name=\"twitter:label1\" content=\"Napisane przez\" \/>\n\t<meta name=\"twitter:data1\" content=\"Ks. Jacek\" \/>\n\t<meta name=\"twitter:label2\" content=\"Szacowany czas czytania\" \/>\n\t<meta name=\"twitter:data2\" content=\"10 minut\" \/>\n<script type=\"application\/ld+json\" class=\"yoast-schema-graph\">{\"@context\":\"https:\/\/schema.org\",\"@graph\":[{\"@type\":\"WebPage\",\"@id\":\"https:\/\/gaudiumetspes-blog.pl\/index.php\/2020\/07\/08\/posiejcie-sprawiedliwosc-a-zbierzecie-milosc\/\",\"url\":\"https:\/\/gaudiumetspes-blog.pl\/index.php\/2020\/07\/08\/posiejcie-sprawiedliwosc-a-zbierzecie-milosc\/\",\"name\":\"Posiejcie sprawiedliwo\u015b\u0107 - a zbierzecie mi\u0142o\u015b\u0107! - Gaudium Et Spes\",\"isPartOf\":{\"@id\":\"https:\/\/gaudiumetspes-blog.pl\/#website\"},\"datePublished\":\"2020-07-08T03:31:58+00:00\",\"author\":{\"@id\":\"https:\/\/gaudiumetspes-blog.pl\/#\/schema\/person\/1661982992b752dea8dff0d4ed845a65\"},\"breadcrumb\":{\"@id\":\"https:\/\/gaudiumetspes-blog.pl\/index.php\/2020\/07\/08\/posiejcie-sprawiedliwosc-a-zbierzecie-milosc\/#breadcrumb\"},\"inLanguage\":\"pl-PL\",\"potentialAction\":[{\"@type\":\"ReadAction\",\"target\":[\"https:\/\/gaudiumetspes-blog.pl\/index.php\/2020\/07\/08\/posiejcie-sprawiedliwosc-a-zbierzecie-milosc\/\"]}]},{\"@type\":\"BreadcrumbList\",\"@id\":\"https:\/\/gaudiumetspes-blog.pl\/index.php\/2020\/07\/08\/posiejcie-sprawiedliwosc-a-zbierzecie-milosc\/#breadcrumb\",\"itemListElement\":[{\"@type\":\"ListItem\",\"position\":1,\"name\":\"Strona g\u0142\u00f3wna\",\"item\":\"https:\/\/gaudiumetspes-blog.pl\/\"},{\"@type\":\"ListItem\",\"position\":2,\"name\":\"Posiejcie sprawiedliwo\u015b\u0107 &#8211; a&nbsp;zbierzecie mi\u0142o\u015b\u0107!\"}]},{\"@type\":\"WebSite\",\"@id\":\"https:\/\/gaudiumetspes-blog.pl\/#website\",\"url\":\"https:\/\/gaudiumetspes-blog.pl\/\",\"name\":\"Gaudium Et Spes\",\"description\":\"Blog Ks. Jacka Ja\u015bkowskiego\",\"potentialAction\":[{\"@type\":\"SearchAction\",\"target\":{\"@type\":\"EntryPoint\",\"urlTemplate\":\"https:\/\/gaudiumetspes-blog.pl\/?s={search_term_string}\"},\"query-input\":{\"@type\":\"PropertyValueSpecification\",\"valueRequired\":true,\"valueName\":\"search_term_string\"}}],\"inLanguage\":\"pl-PL\"},{\"@type\":\"Person\",\"@id\":\"https:\/\/gaudiumetspes-blog.pl\/#\/schema\/person\/1661982992b752dea8dff0d4ed845a65\",\"name\":\"Ks. Jacek\",\"image\":{\"@type\":\"ImageObject\",\"inLanguage\":\"pl-PL\",\"@id\":\"https:\/\/gaudiumetspes-blog.pl\/#\/schema\/person\/image\/\",\"url\":\"https:\/\/gaudiumetspes-blog.pl\/wp-content\/uploads\/2019\/07\/avatar-JJ-150x150.jpg\",\"contentUrl\":\"https:\/\/gaudiumetspes-blog.pl\/wp-content\/uploads\/2019\/07\/avatar-JJ-150x150.jpg\",\"caption\":\"Ks. Jacek\"},\"description\":\"Witam serdecznie! K\u0142ania si\u0119 Ks. Jacek Ja\u015bkowski. Nie jestem ani kim\u015b wa\u017cnym, ani kim\u015b znanym. Jestem ksi\u0119dzem, kt\u00f3ry po prostu chce rozmawia\u0107. Codzienna kap\u0142a\u0144ska pos\u0142uga pokazuje mi, \u017ce temat\u00f3w do rozm\u00f3w z ksi\u0119dzem jest coraz wi\u0119cej i dzisiaj \u017caden ksi\u0105dz nie mo\u017ce od nich ucieka\u0107, ale - wprost przeciwnie - podejmowa\u0107 nowe wyzwania. To przekonanie sk\u0142oni\u0142o mnie do pr\u00f3by otwarcia tego\u017c bloga, chocia\u017c okazji do rozm\u00f3w na co dzie\u0144 - w konfesjonale i poza nim - na szcz\u0119\u015bcie nie brakuje. My\u015bl\u0119 jednak, \u017ce ten blog b\u0119dzie jeszcze jednym sposobem i przestrzeni\u0105 nawi\u0105zania kontaktu z lud\u017ami dobrej woli, otwartymi na dialog.\",\"url\":\"https:\/\/gaudiumetspes-blog.pl\/index.php\/author\/ks-jacek\/\"}]}<\/script>\n<!-- \/ Yoast SEO plugin. -->","yoast_head_json":{"title":"Posiejcie sprawiedliwo\u015b\u0107 - a zbierzecie mi\u0142o\u015b\u0107! - Gaudium Et Spes","robots":{"index":"index","follow":"follow","max-snippet":"max-snippet:-1","max-image-preview":"max-image-preview:large","max-video-preview":"max-video-preview:-1"},"canonical":"https:\/\/gaudiumetspes-blog.pl\/index.php\/2020\/07\/08\/posiejcie-sprawiedliwosc-a-zbierzecie-milosc\/","og_locale":"pl_PL","og_type":"article","og_title":"Posiejcie sprawiedliwo\u015b\u0107 - a zbierzecie mi\u0142o\u015b\u0107! - Gaudium Et Spes","og_description":"Szcz\u0119\u015b\u0107 Bo\u017ce! Moi Drodzy, w dniu dzisiejszym imieniny prze\u017cywa Ojciec Edgar Adam Semeniuk, Franciszkanin, Prze\u0142o\u017cony domu zakonnego i Proboszcz Parafii w Opatowie. W pa\u017adzierniku mia\u0142em tam rado\u015b\u0107 g\u0142osi\u0107 Bo\u017ce s\u0142owo z okazji Uroczysto\u015bci \u015awi\u0119tego Franciszka. Z Ojcem Edgarem znamy si\u0119 tak naprawd\u0119 \u2013 chocia\u017c tylko z widzenia \u2013 od czas\u00f3w mojego Seminarium, a Jego: s\u0142u\u017cby [&hellip;]","og_url":"https:\/\/gaudiumetspes-blog.pl\/index.php\/2020\/07\/08\/posiejcie-sprawiedliwosc-a-zbierzecie-milosc\/","og_site_name":"Gaudium Et Spes","article_published_time":"2020-07-08T03:31:58+00:00","author":"Ks. Jacek","twitter_card":"summary_large_image","twitter_misc":{"Napisane przez":"Ks. Jacek","Szacowany czas czytania":"10 minut"},"schema":{"@context":"https:\/\/schema.org","@graph":[{"@type":"WebPage","@id":"https:\/\/gaudiumetspes-blog.pl\/index.php\/2020\/07\/08\/posiejcie-sprawiedliwosc-a-zbierzecie-milosc\/","url":"https:\/\/gaudiumetspes-blog.pl\/index.php\/2020\/07\/08\/posiejcie-sprawiedliwosc-a-zbierzecie-milosc\/","name":"Posiejcie sprawiedliwo\u015b\u0107 - a zbierzecie mi\u0142o\u015b\u0107! - Gaudium Et Spes","isPartOf":{"@id":"https:\/\/gaudiumetspes-blog.pl\/#website"},"datePublished":"2020-07-08T03:31:58+00:00","author":{"@id":"https:\/\/gaudiumetspes-blog.pl\/#\/schema\/person\/1661982992b752dea8dff0d4ed845a65"},"breadcrumb":{"@id":"https:\/\/gaudiumetspes-blog.pl\/index.php\/2020\/07\/08\/posiejcie-sprawiedliwosc-a-zbierzecie-milosc\/#breadcrumb"},"inLanguage":"pl-PL","potentialAction":[{"@type":"ReadAction","target":["https:\/\/gaudiumetspes-blog.pl\/index.php\/2020\/07\/08\/posiejcie-sprawiedliwosc-a-zbierzecie-milosc\/"]}]},{"@type":"BreadcrumbList","@id":"https:\/\/gaudiumetspes-blog.pl\/index.php\/2020\/07\/08\/posiejcie-sprawiedliwosc-a-zbierzecie-milosc\/#breadcrumb","itemListElement":[{"@type":"ListItem","position":1,"name":"Strona g\u0142\u00f3wna","item":"https:\/\/gaudiumetspes-blog.pl\/"},{"@type":"ListItem","position":2,"name":"Posiejcie sprawiedliwo\u015b\u0107 &#8211; a&nbsp;zbierzecie mi\u0142o\u015b\u0107!"}]},{"@type":"WebSite","@id":"https:\/\/gaudiumetspes-blog.pl\/#website","url":"https:\/\/gaudiumetspes-blog.pl\/","name":"Gaudium Et Spes","description":"Blog Ks. Jacka Ja\u015bkowskiego","potentialAction":[{"@type":"SearchAction","target":{"@type":"EntryPoint","urlTemplate":"https:\/\/gaudiumetspes-blog.pl\/?s={search_term_string}"},"query-input":{"@type":"PropertyValueSpecification","valueRequired":true,"valueName":"search_term_string"}}],"inLanguage":"pl-PL"},{"@type":"Person","@id":"https:\/\/gaudiumetspes-blog.pl\/#\/schema\/person\/1661982992b752dea8dff0d4ed845a65","name":"Ks. Jacek","image":{"@type":"ImageObject","inLanguage":"pl-PL","@id":"https:\/\/gaudiumetspes-blog.pl\/#\/schema\/person\/image\/","url":"https:\/\/gaudiumetspes-blog.pl\/wp-content\/uploads\/2019\/07\/avatar-JJ-150x150.jpg","contentUrl":"https:\/\/gaudiumetspes-blog.pl\/wp-content\/uploads\/2019\/07\/avatar-JJ-150x150.jpg","caption":"Ks. Jacek"},"description":"Witam serdecznie! K\u0142ania si\u0119 Ks. Jacek Ja\u015bkowski. Nie jestem ani kim\u015b wa\u017cnym, ani kim\u015b znanym. Jestem ksi\u0119dzem, kt\u00f3ry po prostu chce rozmawia\u0107. Codzienna kap\u0142a\u0144ska pos\u0142uga pokazuje mi, \u017ce temat\u00f3w do rozm\u00f3w z ksi\u0119dzem jest coraz wi\u0119cej i dzisiaj \u017caden ksi\u0105dz nie mo\u017ce od nich ucieka\u0107, ale - wprost przeciwnie - podejmowa\u0107 nowe wyzwania. To przekonanie sk\u0142oni\u0142o mnie do pr\u00f3by otwarcia tego\u017c bloga, chocia\u017c okazji do rozm\u00f3w na co dzie\u0144 - w konfesjonale i poza nim - na szcz\u0119\u015bcie nie brakuje. My\u015bl\u0119 jednak, \u017ce ten blog b\u0119dzie jeszcze jednym sposobem i przestrzeni\u0105 nawi\u0105zania kontaktu z lud\u017ami dobrej woli, otwartymi na dialog.","url":"https:\/\/gaudiumetspes-blog.pl\/index.php\/author\/ks-jacek\/"}]}},"jetpack_featured_media_url":"","jetpack_sharing_enabled":true,"_links":{"self":[{"href":"https:\/\/gaudiumetspes-blog.pl\/index.php\/wp-json\/wp\/v2\/posts\/17331","targetHints":{"allow":["GET"]}}],"collection":[{"href":"https:\/\/gaudiumetspes-blog.pl\/index.php\/wp-json\/wp\/v2\/posts"}],"about":[{"href":"https:\/\/gaudiumetspes-blog.pl\/index.php\/wp-json\/wp\/v2\/types\/post"}],"author":[{"embeddable":true,"href":"https:\/\/gaudiumetspes-blog.pl\/index.php\/wp-json\/wp\/v2\/users\/1"}],"replies":[{"embeddable":true,"href":"https:\/\/gaudiumetspes-blog.pl\/index.php\/wp-json\/wp\/v2\/comments?post=17331"}],"version-history":[{"count":1,"href":"https:\/\/gaudiumetspes-blog.pl\/index.php\/wp-json\/wp\/v2\/posts\/17331\/revisions"}],"predecessor-version":[{"id":17332,"href":"https:\/\/gaudiumetspes-blog.pl\/index.php\/wp-json\/wp\/v2\/posts\/17331\/revisions\/17332"}],"wp:attachment":[{"href":"https:\/\/gaudiumetspes-blog.pl\/index.php\/wp-json\/wp\/v2\/media?parent=17331"}],"wp:term":[{"taxonomy":"category","embeddable":true,"href":"https:\/\/gaudiumetspes-blog.pl\/index.php\/wp-json\/wp\/v2\/categories?post=17331"},{"taxonomy":"post_tag","embeddable":true,"href":"https:\/\/gaudiumetspes-blog.pl\/index.php\/wp-json\/wp\/v2\/tags?post=17331"}],"curies":[{"name":"wp","href":"https:\/\/api.w.org\/{rel}","templated":true}]}}