{"id":17369,"date":"2020-07-11T07:52:58","date_gmt":"2020-07-11T05:52:58","guid":{"rendered":"https:\/\/gaudiumetspes-blog.pl\/?p=17369"},"modified":"2020-07-11T07:52:58","modified_gmt":"2020-07-11T05:52:58","slug":"duchowe-bogactwo-kosciola","status":"publish","type":"post","link":"https:\/\/gaudiumetspes-blog.pl\/index.php\/2020\/07\/11\/duchowe-bogactwo-kosciola\/","title":{"rendered":"Duchowe bogactwo Ko\u015bcio\u0142a"},"content":{"rendered":"<p class=\"western\" align=\"justify\"><span style=\"font-family: Book Antiqua, serif;\"><span style=\"font-size: large;\">Szcz\u0119\u015b\u0107 Bo\u017ce! Moi Drodzy, <b>w dniu <\/b><b>wczorajszym urodziny prze\u017cywa\u0142 Pawe\u0142 Kaczorowski, bliski mi i \u017cyczliwy Cz\u0142owiek, obecnie mieszkaj\u0105cy <\/b><b>i pracuj\u0105cy <\/b><b>w moim rodzinnym mie\u015bcie, <\/b><b>a wcze\u015bniej \u2013 w\u0142\u0105czaj\u0105cy si\u0119 w dzia\u0142alno\u015b\u0107 m\u0142odzie\u017cowych Wsp\u00f3lnot<\/b><b>. Dzi\u0119kuj\u0105c za nasz\u0105 znajomo\u015b\u0107, \u017cycz\u0119 Bo\u017cej opieki we wszystkim, co ka\u017cdego dnia podejmuje. <\/b><\/span><\/span><\/p>\n<p class=\"western\" align=\"justify\"><span style=\"font-family: Book Antiqua, serif;\"><span style=\"font-size: large;\"><b>Dzisiaj natomiast<\/b> <b>urodziny prze\u017cywa Siostra Aneta Sroka, za moich czas\u00f3w \u2013 Prze\u0142o\u017cona Domu Si\u00f3str od Anio\u0142\u00f3w w T\u0142uszczu, gdzie by\u0142em wikariuszem. \u017bycz\u0119, aby nigdy nie traci\u0142a hartu ducha \u2013 oraz swojego dobrego humoru. Niech Jej Pan we wszystkim b\u0142ogos\u0142awi!<\/b><\/span><\/span><\/p>\n<p class=\"western\" align=\"justify\"><span style=\"font-family: Book Antiqua, serif;\"><span style=\"font-size: large;\"><b>O<\/b><b>boje \u015bwi\u0119tuj\u0105cych otaczam serdeczn\u0105 modlitw\u0105!<\/b><\/span><\/span><\/p>\n<p class=\"western\" align=\"justify\"><span style=\"font-family: Book Antiqua, serif;\"><span style=\"font-size: large;\">A w Dniu Pami\u0119ci o Rzezi Wo\u0142y\u0144skiej \u2013 pom\u00f3dlmy si\u0119 o pok\u00f3j w naszej Ojczy\u017anie, o pok\u00f3j na \u015bwiecie, ale te\u017c o pe\u0142ne i odwa\u017cne wyja\u015bnienie wszystkich okoliczno\u015bci tego straszliwego Ludob\u00f3jstwa, jakie tam, na Wo\u0142yniu, si\u0119 dokona\u0142o\u2026 Nie po to, aby si\u0119 na kim\u015b m\u015bci\u0107, ale aby na pe\u0142nej prawdzie budowa\u0107 pokojow\u0105 przysz\u0142o\u015b\u0107 i wsp\u00f3\u0142istnienie narod\u00f3w.<\/span><\/span><\/p>\n<p class=\"western\" align=\"justify\"><span style=\"font-family: Book Antiqua, serif;\"><span style=\"font-size: large;\">Moi Drodzy, bardzo serdecznie dzi\u0119kujemy Ksi\u0119dzu Markowi i Siostrze Teresie za wczorajsze i przedwczorajsze s\u0142\u00f3wko z Syberii! Z jednej strony, \u017cyczymy Ekipie Syberyjskiej jak najszybszego ustania tego czego\u015b, co nazywamy epidemi\u0105 lub pandemi\u0105 \u2013 na pewno, ca\u0142ego zwi\u0105zanego z tym zamieszania \u2013 i o to si\u0119 modlimy, z drugiej jednak strony, obecna sytuacja daje nam mo\u017cliwo\u015b\u0107 cieszy\u0107 si\u0119 duchowym i intelektualnym bogactwem, jakim co tydzie\u0144 obdarza nas Ksi\u0105dz Marek i kt\u00f3ra\u015b z Si\u00f3str. A w takiej sytuacji chce si\u0119 powiedzie\u0107: trwaj, chwilo! Trwaj, obecna sytuacjo, bo kiedy p\u00f3\u017aniej b\u0119dziemy mieli dwa s\u0142\u00f3wka tygodniowo z Syberii? Ale \u2013 jednak prosimy o odmian\u0119 sytuacji, aby Ksi\u0105dz Marek ze swoj\u0105 Ekip\u0105 m\u00f3g\u0142 ju\u017c bez przeszk\u00f3d podr\u00f3\u017cowa\u0107 po swojej Parafii, ale tak\u017ce przyjecha\u0107 na urlop do Polski. Wierz\u0119 g\u0142\u0119boko, \u017ce uda si\u0119 to jeszcze w tym roku!<\/span><\/span><\/p>\n<p class=\"western\" align=\"justify\"><span style=\"font-family: Book Antiqua, serif;\"><span style=\"font-size: large;\">Dzi\u0119kuj\u0119 raz jeszcze za oba s\u0142\u00f3wka, dzi\u0119kuj\u0119 tak\u017ce za \u015bwietn\u0105 dyskusj\u0119 pod s\u0142\u00f3wkiem czwartkowym Ksi\u0119dza Marka. Dobrze, \u017ce podejmujemy tak wa\u017cne sprawy \u2013 w kulturalnej rozmowie. Niech taki w\u0142a\u015bnie wysoki poziom dyskusji zawsze towarzyszy naszym dialogom. A wtedy \u2013 mo\u017cemy rozmawia\u0107 o wszystkim!<\/span><\/span><\/p>\n<p class=\"western\" align=\"justify\"><span style=\"font-family: Book Antiqua, serif;\"><span style=\"font-size: large;\">Polecajmy nasz\u0105 Ojczyzn\u0119, Syberi\u0119, Europ\u0119, \u015bwiat i ca\u0142y Ko\u015bci\u00f3\u0142 \u2013 wstawiennictwu dzisiejszego, tak niezwyk\u0142ego Patrona!<\/span><\/span><\/p>\n<p class=\"western\" align=\"justify\"><span style=\"font-family: Book Antiqua, serif;\"><span style=\"font-size: large;\"><b>Niech Was b\u0142ogos\u0142awi B\u00f3g Wszechmog\u0105cy: Ojciec + i Syn, i Duch \u015awi\u0119ty. Amen<\/b><\/span><\/span><\/p>\n<p class=\"western\" align=\"center\"><span style=\"font-family: Book Antiqua, serif;\"><span style=\"font-size: large;\">Gaudium et spes! Ks. Jacek<\/span><\/span><\/p>\n<p align=\"center\">\n<p align=\"center\">\n<p align=\"center\">\n<p align=\"center\">\n<p align=\"center\">\n<p class=\"western\" align=\"justify\"><span style=\"font-family: Book Antiqua, serif;\"><span style=\"font-size: large;\"><b>\u015awi\u0119to \u015aw. Benedykta, Opata, Patrona Europy,<\/b><\/span><\/span><\/p>\n<p class=\"western\" align=\"justify\"><span style=\"font-family: Book Antiqua, serif;\"><span style=\"font-size: large;\"><b>11 lipca 2020.,<\/b><\/span><\/span><\/p>\n<p class=\"western\" align=\"justify\"><span style=\"font-family: Book Antiqua, serif;\"><span style=\"font-size: large;\"><b>do czyta\u0144 z t. VI Lekcjonarza: <\/b><\/span><\/span><\/p>\n<p class=\"western\" align=\"justify\"><span style=\"font-family: Book Antiqua, serif;\"><span style=\"font-size: large;\"><b>Prz 2,1\u20139; albo: Dz 4,32\u201335; Mt 19,27\u201329<\/b><\/span><\/span><\/p>\n<p align=\"justify\">\n<p align=\"justify\">\n<p align=\"justify\">\n<p align=\"justify\">\n<p align=\"justify\">\n<p class=\"western\" align=\"justify\"><span style=\"font-family: Book Antiqua, serif;\"><span style=\"font-size: large;\"><b>CZYTANIE Z KSI\u0118GI PRZYS\u0141\u00d3W:<\/b><\/span><\/span><\/p>\n<p class=\"western\" align=\"justify\"><span style=\"font-family: Book Antiqua, serif;\"><span style=\"font-size: large;\"><b>Synu, je\u015bli przyjmiesz moje nauki i zachowasz u siebie wskazania; ku m\u0105dro\u015bci nachylisz swe ucho, ku roztropno\u015bci swe serce; je\u015bli wezwiesz rozs\u0105dek, przywo\u0142asz dono\u015bnie rozwag\u0119, je\u015bli szuka\u0107 jej poczniesz jak srebra i po\u017c\u0105da\u0107 jej b\u0119dziesz jak skarb\u00f3w, to boja\u017a\u0144 Pana zrozumiesz, osi\u0105gniesz znajomo\u015b\u0107 Boga. Bo Pan udziela m\u0105dro\u015bci, z ust Jego wychodz\u0105 wiedza i roztropno\u015b\u0107; dla prawych On chowa sw\u0105 pomoc, On jest tarcz\u0105 dla \u017cyj\u0105cych uczciwie. <\/b><\/span><\/span><\/p>\n<p class=\"western\" align=\"justify\"><span style=\"font-family: Book Antiqua, serif;\"><span style=\"font-size: large;\"><b>On strze\u017ce \u015bcie\u017cek prawo\u015bci, ochrania drogi pobo\u017cnych. Wtedy sprawiedliwo\u015b\u0107 pojmiesz i prawo\u015b\u0107, i rzetelno\u015b\u0107, i ka\u017cd\u0105 dobr\u0105 \u015bcie\u017ck\u0119.<\/b><\/span><\/span><\/p>\n<p align=\"justify\">\n<p align=\"justify\">\n<p align=\"justify\">\n<p align=\"justify\">\n<p align=\"justify\">\n<p class=\"western\" align=\"center\"><span style=\"font-family: Book Antiqua, serif;\"><span style=\"font-size: large;\"><b>ALBO:<\/b><\/span><\/span><\/p>\n<p align=\"center\">\n<p align=\"center\">\n<p align=\"center\">\n<p align=\"center\">\n<p align=\"center\">\n<p class=\"western\" align=\"justify\"><span style=\"font-family: Book Antiqua, serif;\"><span style=\"font-size: large;\"><b>CZYTANIE Z DZIEJ\u00d3W APOSTOLSKICH:<\/b><\/span><\/span><\/p>\n<p class=\"western\" align=\"justify\"><span style=\"font-family: Book Antiqua, serif;\"><span style=\"font-size: large;\"><b>Jeden duch i jedno serce o\u017cywia\u0142y wszystkich wierz\u0105cych. \u017baden nie nazywa\u0142 swoim tego, co posiada\u0142, ale wszystko mieli wsp\u00f3lne. <\/b><\/span><\/span><\/p>\n<p class=\"western\" align=\"justify\"><span style=\"font-family: Book Antiqua, serif;\"><span style=\"font-size: large;\"><b>Aposto\u0142owie z wielk\u0105 moc\u0105 \u015bwiadczyli o zmartwychwstaniu Pana Jezusa, a wszyscy oni mieli wielk\u0105 \u0142ask\u0119. <\/b><\/span><\/span><\/p>\n<p class=\"western\" align=\"justify\"><span style=\"font-family: Book Antiqua, serif;\"><span style=\"font-size: large;\"><b>Nikt z nich nie cierpia\u0142 niedostatku, bo w\u0142a\u015bciciele p\u00f3l albo dom\u00f3w sprzedawali je i przynosili pieni\u0105dze uzyskane ze sprzeda\u017cy, i sk\u0142adali je u st\u00f3p Aposto\u0142\u00f3w. Ka\u017cdemu te\u017c rozdzielano wed\u0142ug potrzeby.<\/b><\/span><\/span><\/p>\n<p align=\"justify\">\n<p align=\"justify\">\n<p align=\"justify\">\n<p align=\"justify\">\n<p align=\"justify\">\n<p class=\"western\" align=\"justify\"><span style=\"font-family: Book Antiqua, serif;\"><span style=\"font-size: large;\"><b>S\u0141OWA EWANGELII WED\u0141UG \u015aWI\u0118TEGO MATEUSZA:<\/b><\/span><\/span><\/p>\n<p class=\"western\" align=\"justify\"><span style=\"font-family: Book Antiqua, serif;\"><span style=\"font-size: large;\"><b>Piotr powiedzia\u0142 do Jezusa: \u201eOto my opu\u015bcili\u015bmy wszystko i poszli\u015bmy za Tob\u0105, c\u00f3\u017c wi\u0119c otrzymamy?\u201d <\/b><\/span><\/span><\/p>\n<p class=\"western\" align=\"justify\"><span style=\"font-family: Book Antiqua, serif;\"><span style=\"font-size: large;\"><b>Jezus za\u015b rzek\u0142 do nich: \u201eZaprawd\u0119, powiadam wam: Przy odrodzeniu, gdy Syn Cz\u0142owieczy zasi\u0105dzie na swym tronie chwa\u0142y, wy, kt\u00f3rzy poszli\u015bcie za Mn\u0105, zasi\u0105dziecie r\u00f3wnie\u017c na dwunastu tronach i b\u0119dziecie s\u0105dzi\u0107 dwana\u015bcie pokole\u0144 Izraela. I ka\u017cdy, kto dla mego imienia opu\u015bci dom, braci lub siostry, ojca lub matk\u0119, dzieci lub pole, stokro\u0107 tyle otrzyma i \u017cycie wieczne odziedziczy\u201d.<\/b><\/span><\/span><\/p>\n<p align=\"justify\">\n<p align=\"justify\">\n<p align=\"justify\">\n<p align=\"justify\">\n<p align=\"justify\">\n<p class=\"western\" align=\"justify\"><span style=\"font-size: large;\"><span style=\"font-family: Book Antiqua, serif;\">Patron dnia dzisiejszego, <\/span><span style=\"font-family: Book Antiqua, serif;\"><b>Benedykt z Nursji<\/b><\/span><span style=\"font-family: Book Antiqua, serif;\">, nale\u017cy do najznamienitszych postaci w Ko\u015bciele \u0142aci\u0144skim. <\/span><span style=\"font-family: Book Antiqua, serif;\"><b>Ws\u0142awi\u0142 si\u0119 niezwykle m\u0105dr\u0105 i wywa\u017con\u0105 \u201eRegu\u0142\u0105\u201d, <\/b><\/span><span style=\"font-family: Book Antiqua, serif;\">kt\u00f3ra sta\u0142a si\u0119 podstaw\u0105 do tworzenia bardzo wielu p\u00f3\u017aniejszych rodzin zakonnych na Zachodzie. Przez za\u0142o\u017cony przez siebie <\/span><span style=\"font-family: Book Antiqua, serif;\">zakon przyczyni\u0142 si\u0119<\/span><span style=\"font-family: Book Antiqua, serif;\"><b> nie tylko do pog\u0142\u0119bienia \u017cycia religijnego w Ko\u015bciele,<\/b><\/span><span style=\"font-family: Book Antiqua, serif;\"> ale i szeroko rozumianej kultury. Jego synowie duchowi zas\u0142u\u017cyli si\u0119 najwi\u0119cej dla pozyskania Chrystusowi lud\u00f3w germa\u0144skich. <\/span><\/span><\/p>\n<p class=\"western\" align=\"justify\"><span style=\"font-size: large;\"><span style=\"font-family: Book Antiqua, serif;\">Wszystkie te racje sk\u0142oni\u0142y Papie\u017ca Paw\u0142a VI do tego, by w 1964 roku wyr\u00f3\u017cni\u0107 \u015awi\u0119tego Benedykta zaszczytnym <\/span><span style=\"font-family: Book Antiqua, serif;\"><b>tytu\u0142em g\u0142\u00f3wnego Patrona Europy.<\/b><\/span><span style=\"font-family: Book Antiqua, serif;\"> Jednak\u017ce, chocia\u017c Benedykt zajmuje w dziejach Ko\u015bcio\u0142a Katolickiego poczesne miejsce, to <\/span><span style=\"font-family: Book Antiqua, serif;\"><b>udokumentowane wiadomo\u015bci o nim s\u0105 nik\u0142e.<\/b><\/span> <\/span><\/p>\n<p class=\"western\" align=\"justify\"><span style=\"font-size: large;\"><span style=\"font-family: Book Antiqua, serif;\">Podstawowym \u017ar\u00f3d\u0142em, z jakiego dowiadujemy si\u0119 o <\/span><span style=\"font-family: Book Antiqua, serif;\">jego<\/span><span style=\"font-family: Book Antiqua, serif;\"> \u017cyciu i dzia\u0142alno\u015bci, jest <\/span><span style=\"font-family: Book Antiqua, serif;\"><b>dzie\u0142o \u015awi\u0119tego Papie\u017ca Grzegorza I Wielkiego, <\/b><\/span><span style=\"font-family: Book Antiqua, serif;\">zatytu\u0142owane<\/span><span style=\"font-family: Book Antiqua, serif;\"><b> \u201eDialogi\u201d.<\/b><\/span><span style=\"font-family: Book Antiqua, serif;\"> Grzegorz, zanim zosta\u0142 Papie\u017cem, by\u0142 mnichem benedykty\u0144skim, \u017cyj\u0105cym <\/span><span style=\"font-family: Book Antiqua, serif;\">niemal\u017ce wsp\u00f3\u0142cze\u015bnie z <\/span><span style=\"font-family: Book Antiqua, serif;\">Benedykt<\/span><span style=\"font-family: Book Antiqua, serif;\">em<\/span><span style=\"font-family: Book Antiqua, serif;\">, dlatego jego dzie\u0142o warto zauwa\u017cy\u0107. Niestety, pisz\u0105c je, <\/span><span style=\"font-family: Book Antiqua, serif;\"><b>nie wzi\u0105\u0142 <\/b><\/span><span style=\"font-family: Book Antiqua, serif;\"><b>on <\/b><\/span><span style=\"font-family: Book Antiqua, serif;\"><b>sobie za cel podani<\/b><\/span><span style=\"font-family: Book Antiqua, serif;\"><b>a<\/b><\/span><b> <\/b><span style=\"font-family: Book Antiqua, serif;\"><b>solidnej <\/b><\/span><span style=\"font-family: Book Antiqua, serif;\"><b>biografii, <\/b><\/span><span style=\"font-family: Book Antiqua, serif;\">co<\/span><span style=\"font-family: Book Antiqua, serif;\"> raczej <\/span><span style=\"font-family: Book Antiqua, serif;\">osobist\u0105 opowie\u015b\u0107 o \u017cyciu<\/span><span style=\"font-family: Book Antiqua, serif;\"> Benedykta. <\/span><span style=\"font-family: Book Antiqua, serif;\">St\u0105d w \u201eDialogach\u201d ma\u0142o jest danych historycznych, a wiele w\u0105tk\u00f3w wr\u0119cz legendarnych. <\/span><\/span><\/p>\n<p class=\"western\" align=\"justify\"><span style=\"font-size: large;\"><span style=\"font-family: Book Antiqua, serif;\">Z tego, co wiemy, <\/span><span style=\"font-family: Book Antiqua, serif;\">Benedykt <\/span><span style=\"font-family: Book Antiqua, serif;\"><b>urodzi\u0142 si\u0119 oko\u0142o roku 480, <\/b><\/span><span style=\"font-family: Book Antiqua, serif;\">wraz ze swoj\u0105 bli\u017aniacz\u0105 siostr\u0105,<\/span><span style=\"font-family: Book Antiqua, serif;\"><b> \u015awi\u0119t\u0105 Scholastyk\u0105.<\/b><\/span><span style=\"font-family: Book Antiqua, serif;\"> Pierwsze nauki pobiera\u0142 w rodzinnym miasteczku. Na dalsze studia uda\u0142 si\u0119 do Rzymu, w kt\u00f3rym jednak nie pozosta\u0142 d\u0142ugo. Opu\u015bci\u0142 <\/span><span style=\"font-family: Book Antiqua, serif;\">go<\/span><span style=\"font-family: Book Antiqua, serif;\">, gdy\u017c <\/span><span style=\"font-family: Book Antiqua, serif;\"><b>chcia\u0142 odda\u0107 si\u0119 Panu Bogu na wy\u0142\u0105czn\u0105 s\u0142u\u017cb\u0119 jako asceta.<\/b><\/span><span style=\"font-family: Book Antiqua, serif;\"> Przeni\u00f3s\u0142 si\u0119 wi\u0119c do Subiaco, gdzie znalaz\u0142 <\/span><span style=\"font-family: Book Antiqua, serif;\">tak bardzo upragnion\u0105<\/span><span style=\"font-family: Book Antiqua, serif;\"> cisz\u0119 \u2013 <\/span><span style=\"font-family: Book Antiqua, serif;\">w surowej<\/span><span style=\"font-family: Book Antiqua, serif;\"> gro<\/span><span style=\"font-family: Book Antiqua, serif;\">cie<\/span><span style=\"font-family: Book Antiqua, serif;\">, w kt\u00f3rej <\/span><span style=\"font-family: Book Antiqua, serif;\"><b>zamieszka\u0142 i odda\u0142 si\u0119 wy\u0142\u0105cznie kontemplacji.<\/b><\/span><span style=\"font-family: Book Antiqua, serif;\"> Z r\u0105k jakiego\u015b mnicha przyj\u0105\u0142 habit. <\/span><\/span><\/p>\n<p class=\"western\" align=\"justify\"><span style=\"font-size: large;\"><span style=\"font-family: Book Antiqua, serif;\">Wspomniana<\/span><span style=\"font-family: Book Antiqua, serif;\"> grota <\/span><span style=\"font-family: Book Antiqua, serif;\"><b>zapewnia\u0142a mu zupe\u0142ny spok\u00f3j.<\/b><\/span><span style=\"font-family: Book Antiqua, serif;\"> Przebywa\u0142 <\/span><span style=\"font-family: Book Antiqua, serif;\">w niej<\/span><span style=\"font-family: Book Antiqua, serif;\"> trzy lata. Miejscowi g\u00f3rale, wypasaj\u0105cy kozy, zaopatrywali go w konieczn\u0105 \u017cywno\u015b\u0107. Z czasem te\u017c zacz\u0119li przy\u0142\u0105cza\u0107 si\u0119 do<\/span><span style=\"font-family: Book Antiqua, serif;\">\u0144<\/span> <span style=\"font-family: Book Antiqua, serif;\">pierwsi<\/span><span style=\"font-family: Book Antiqua, serif;\"> uczniowie. <\/span><span style=\"font-family: Book Antiqua, serif;\">Pod jego kierunkiem utworzono<\/span><span style=\"font-family: Book Antiqua, serif;\"><b> dwana\u015bcie ma\u0142ych klasztork\u00f3w, po dwunastu uczni\u00f3w ka\u017cdy.<\/b><\/span><span style=\"font-family: Book Antiqua, serif;\"> Na czele ka\u017cdego z nich postawi\u0142 Benedykt <\/span><span style=\"font-family: Book Antiqua, serif;\"><b>prze\u0142o\u017conych, od siebie bezpo\u015brednio zale\u017cnych.<\/b><\/span><span style=\"font-family: Book Antiqua, serif;\"> Z czasem jednak opu\u015bci\u0142 i to miejsce. Nie wiemy, dlaczego to uczyni\u0142. \u015awi\u0119ty Grzegorz wymienia \u2013 jako przyczyn\u0119 \u2013 <\/span><span style=\"font-family: Book Antiqua, serif;\"><b>niech\u0119\u0107 miejscowego duchowie\u0144stwa.<\/b><\/span> <\/span><\/p>\n<p class=\"western\" align=\"justify\"><span style=\"font-size: large;\"><span style=\"font-family: Book Antiqua, serif;\">Benedykt zabra\u0142 ze sob\u0105 najgorliwszych i najbardziej oddanych uczni\u00f3w <\/span><span style=\"font-family: Book Antiqua, serif;\"><b>i przeni\u00f3s\u0142 si\u0119 z nimi na Monte Cassino,<\/b><\/span><span style=\"font-family: Book Antiqua, serif;\"> do ruin dawnej fortecy rzymskiej. Budow\u0119 nowego klasztoru <\/span><span style=\"font-family: Book Antiqua, serif;\"><b>rozpocz\u0105\u0142 od wyburzenia poga\u0144skiej \u015bwi\u0105tyni Jowisza i Apollina.<\/b><\/span><span style=\"font-family: Book Antiqua, serif;\"> Kiedy stan\u0105\u0142 ju\u017c ko\u015bci\u00f3\u0142 i klasztor, kt\u00f3rego mury zacz\u0119\u0142y si\u0119 zape\u0142nia\u0107 kandydatami na mnich\u00f3w, <\/span><span style=\"font-family: Book Antiqua, serif;\"><b>Benedykt postanowi\u0142 u\u0142o\u017cy\u0107 regu\u0142\u0119.<\/b><\/span> <\/span><\/p>\n<p class=\"western\" align=\"justify\"><span style=\"font-size: large;\"><span style=\"font-family: Book Antiqua, serif;\">Mia\u0142 ju\u017c sporo do\u015bwiadczenia, a d\u0142ugie lata rz\u0105d\u00f3w na Monte Cassino pozwoli\u0142y w praktyce wypr\u00f3bowa\u0107 nowe przepisy. <\/span><span style=\"font-family: Book Antiqua, serif;\"><b>Roztropny Prawodawca zmienia\u0142 je i stale <\/b><\/span><span style=\"font-family: Book Antiqua, serif;\"><b>u<\/b><\/span><span style=\"font-family: Book Antiqua, serif;\"><b>doskonal<\/b><\/span><span style=\"font-family: Book Antiqua, serif;\"><b>a<\/b><\/span><span style=\"font-family: Book Antiqua, serif;\"><b>\u0142.<\/b><\/span><span style=\"font-family: Book Antiqua, serif;\"> Regu\u0142a benedykty\u0144ska przesz\u0142a zatem okres d\u0142ugiej pr\u00f3by i do\u015bwiadcze\u0144. Wprawdzie jej orygina\u0142 zagin\u0105\u0142, jednak\u017ce zachowa\u0142o si\u0119 wiele odpis\u00f3w. <\/span><\/span><\/p>\n<p class=\"western\" align=\"justify\"><span style=\"font-size: large;\"><span style=\"font-family: Book Antiqua, serif;\">Nie by\u0142a to regu\u0142a surowa \u2013 jak inne \u00f3wczesne regu\u0142y zakonne. <\/span><span style=\"font-family: Book Antiqua, serif;\"><b>Zasadnicz\u0105 jej cech\u0105 sta\u0142 si\u0119 umiar.<\/b><\/span><span style=\"font-family: Book Antiqua, serif;\"> Zar\u00f3wno w modlitwie, jak i uczynkach pokutnych; tak w pracy, jak i w spoczynku, czy te\u017c w posi\u0142ku \u2013 we wszystkim <\/span><span style=\"font-family: Book Antiqua, serif;\"><b>zaleca\u0142a tak zwany \u201ez\u0142oty \u015brodek\u201d.<\/b><\/span><\/span><\/p>\n<p class=\"western\" align=\"justify\"><span style=\"font-size: large;\"><span style=\"font-family: Book Antiqua, serif;\">Celem zasadniczym, jaki Za\u0142o\u017cyciel wytyczy\u0142 swoim synom duchowym, <\/span><span style=\"font-family: Book Antiqua, serif;\"><b>sta\u0142a si\u0119 natomiast s\u0142u\u017cba Bo\u017ca.<\/b><\/span><span style=\"font-family: Book Antiqua, serif;\"> Ca\u0142e \u017cycie mnicha, jego wszystkie chwile i czynno\u015bci, winny zmierza\u0107 do tego, by <\/span><span style=\"font-family: Book Antiqua, serif;\"><b>pomna\u017ca\u0142y chwa\u0142\u0119 Stworzyciela.<\/b><\/span><span style=\"font-family: Book Antiqua, serif;\"> Jako swoj\u0105 dewiz\u0119 przyj\u0105\u0142 nasz Patron s\u0142owa: <\/span><span style=\"font-family: Book Antiqua, serif;\"><b>\u201e<\/b><\/span><span style=\"font-family: Book Antiqua, serif;\"><b>Ora et labora!\u201d<\/b><\/span><span style=\"font-family: Book Antiqua, serif;\"><b> \u2013 \u201eM\u00f3dl si\u0119 i pracuj!\u201d<\/b><\/span> <\/span><\/p>\n<p class=\"western\" align=\"justify\"><span style=\"font-size: large;\"><span style=\"font-family: Book Antiqua, serif;\">Ze szczeg\u00f3ln\u0105 pieczo\u0142owito\u015bci\u0105 <\/span><span style=\"font-family: Book Antiqua, serif;\"><b>strzeg\u0142 te\u017c kultu liturgicznego,<\/b><\/span><span style=\"font-family: Book Antiqua, serif;\"> co pozosta\u0142o do <\/span><span style=\"font-family: Book Antiqua, serif;\">naszych <\/span><span style=\"font-family: Book Antiqua, serif;\">dni pi\u0119knym dziedzictwem jego zakonu. Powa\u017cn\u0105 cz\u0119\u015b\u0107 dnia swoich zakonnik\u00f3w <\/span><span style=\"font-family: Book Antiqua, serif;\"><b>przeznaczy\u0142 na \u201e<\/b><\/span><span style=\"font-family: Book Antiqua, serif;\"><b>lectio divina\u201d<\/b><\/span><span style=\"font-family: Book Antiqua, serif;\"> \u2013 a wi\u0119c czytanie Pisma \u015awi\u0119tego i osobist\u0105 refleksj\u0119 nad <\/span><span style=\"font-family: Book Antiqua, serif;\">n<\/span><span style=\"font-family: Book Antiqua, serif;\">im. Ponadto, wprowadzi\u0142 do zakonu <\/span><span style=\"font-family: Book Antiqua, serif;\"><b>profesj\u0119, czyli zagwarantowan\u0105 prawem przynale\u017cno\u015b\u0107 do klasztoru;<\/b><\/span><span style=\"font-family: Book Antiqua, serif;\"> a tak\u017ce \u2013 tak zwan\u0105 <\/span><span style=\"font-family: Book Antiqua, serif;\"><b>stabilno\u015b\u0107 miejsca,<\/b><\/span><span style=\"font-family: Book Antiqua, serif;\"> czyli zobowi\u0105zanie mnich\u00f3w do pozostawania w jednym klasztorze a\u017c do \u015bmierci. <\/span><\/span><\/p>\n<p class=\"western\" align=\"justify\"><span style=\"font-size: large;\"><span style=\"font-family: Book Antiqua, serif;\">Regu\u0142a \u015awi\u0119tego Benedykta sta\u0142a si\u0119 podstaw\u0105 dla wielu innych, a s\u0142awa jej Autora rozchodzi\u0142a si\u0119 szeroko. Powi\u0119ksza\u0107 <\/span><span style=\"font-family: Book Antiqua, serif;\">ow\u0105 s\u0142aw\u0119 mia\u0142y<\/span><span style=\"font-family: Book Antiqua, serif;\"> jeszcze cuda, o kt\u00f3rych wspomina \u015awi\u0119ty Grzegorz. <\/span><span style=\"font-family: Book Antiqua, serif;\"><b>\u015awi\u0119ty Benedykt zmar\u0142 21 marca 547 roku,<\/b><\/span><span style=\"font-family: Book Antiqua, serif;\"> w kilka dni po \u015bmierci swojej <\/span><span style=\"font-family: Book Antiqua, serif;\">S<\/span><span style=\"font-family: Book Antiqua, serif;\">iostry, \u015awi\u0119tej Scholastyki, <\/span><span style=\"font-family: Book Antiqua, serif;\">Z<\/span><span style=\"font-family: Book Antiqua, serif;\">a\u0142o\u017cycielki \u017ce\u0144skiej ga\u0142\u0119zi benedyktyn\u00f3w. Pochowano ich razem we wsp\u00f3lnym grobie, na Monte Cassino. <\/span><\/span><\/p>\n<p class=\"western\" align=\"justify\"><span style=\"font-size: large;\"><span style=\"font-family: Book Antiqua, serif;\">I jakkolwiek na skutek r\u00f3\u017cnych gro\u017anych najazd\u00f3w wrog\u00f3w trzeba by\u0142o przenie\u015b\u0107 jedne i drugie relikwie do Francji, co dokona\u0142o si\u0119 <\/span><span style=\"font-family: Book Antiqua, serif;\"><b>11 lipca 673 roku,<\/b><\/span><span style=\"font-family: Book Antiqua, serif;\"> to jednak z czasem znaczna <\/span><span style=\"font-family: Book Antiqua, serif;\">ich <\/span><span style=\"font-family: Book Antiqua, serif;\">cz\u0119\u015b\u0107 powr\u00f3ci\u0142a na Monte Cassino. <\/span><span style=\"font-family: Book Antiqua, serif;\"><b>I w\u0142a\u015bnie dzie\u0144 przeniesienia relikwii \u2013 11 lipca \u2013 Papie\u017c Pawe\u0142 VI ustanowi\u0142 dorocznym <\/b><\/span><span style=\"font-family: Book Antiqua, serif;\"><b>\u015a<\/b><\/span><span style=\"font-family: Book Antiqua, serif;\"><b>wi\u0119tem naszego Patrona.<\/b><\/span><\/span><\/p>\n<p class=\"western\" align=\"justify\"><span style=\"font-size: large;\"><span style=\"font-family: Book Antiqua, serif;\">Pocz\u0105wszy od dnia \u015bmierci, \u015awi\u0119ty Benedykt odbiera\u0142 od swoich duchowych syn\u00f3w wielk\u0105 cze\u015b\u0107. Do jego grobu nap\u0142ywali liczni pielgrzymi. <\/span><span style=\"font-family: Book Antiqua, serif;\"><b>Rych\u0142o te\u017c jego kult sta\u0142 si\u0119 w\u0142asno\u015bci\u0105 ca\u0142ego Ko\u015bcio\u0142a.<\/b><\/span><span style=\"font-family: Book Antiqua, serif;\"> Ku czci Patriarchy u\u0142o\u017cono mn\u00f3stwo hymn\u00f3w, sekwencji i modlitw. Jego <\/span><span style=\"font-family: Book Antiqua, serif;\"><b>\u201eRegu\u0142a\u201d wywar\u0142a powa\u017cny wp\u0142yw na ca\u0142e \u017cycie Europy Zachodniej.<\/b><\/span><span style=\"font-family: Book Antiqua, serif;\"> Dzie\u0142o Benedykta jest imponuj\u0105ce, niepowtarzalne <\/span><span style=\"font-family: Book Antiqua, serif;\">i niepodwa\u017calne.<\/span><\/span><\/p>\n<p class=\"western\" align=\"justify\"><span style=\"font-size: large;\"><span style=\"font-family: Book Antiqua, serif;\">A w<\/span><span style=\"font-family: Book Antiqua, serif;\">e wspominanej dzi\u015b ju\u017c kilkakrotnie \u201eRegule\u201d, tak zapisa\u0142: \u201ePrzede wszystkim, gdy co\u015b dobrego zamierzasz uczyni\u0107, <\/span><span style=\"font-family: Book Antiqua, serif;\"><b>m\u00f3dl si\u0119 najpierw gor\u0105co, aby B\u00f3g sam to do ko\u0144ca doprowadzi\u0142. <\/b><\/span><span style=\"font-family: Book Antiqua, serif;\">Skoro raczy\u0142 nas ju\u017c zaliczy\u0107 do grona swoich syn\u00f3w, oby nie musia\u0142 kiedy\u015b si\u0119 smuci\u0107 naszymi z\u0142ymi post\u0119pkami. Pos\u0142uguj\u0105c si\u0119 dobrem, jakie w nas z\u0142o\u017cy\u0142, <\/span><span style=\"font-family: Book Antiqua, serif;\"><b>powinni\u015bmy zatem zawsze by\u0107 Mu pos\u0142uszni,<\/b><\/span><span style=\"font-family: Book Antiqua, serif;\"> bo w przeciwnym razie m\u00f3g\u0142by nas nie tylko wydziedziczy\u0107, jak rozgniewany Ojciec swoich syn\u00f3w, lecz tak\u017ce jak gro\u017any Pan, obra\u017cony nasz\u0105 nikczemno\u015bci\u0105, wyda\u0107 na wieczn\u0105 kar\u0119 s\u0142ugi niegodne, gdy\u017c nie chcieli\u015bmy i\u015b\u0107 za Nim do chwa\u0142y. [\u2026]<\/span><\/span><\/p>\n<p class=\"western\" align=\"justify\"><span style=\"font-size: large;\"><span style=\"font-family: Book Antiqua, serif;\">Przepasawszy wi\u0119c biodra wiar\u0105 i pe\u0142nieniem dobrych uczynk\u00f3w, <\/span><span style=\"font-family: Book Antiqua, serif;\"><b>pod\u0105\u017cajmy \u015bcie\u017ckami Pana za przewodem Ewangelii,<\/b><\/span><span style=\"font-family: Book Antiqua, serif;\"> aby\u015bmy zas\u0142u\u017cyli na ogl\u0105danie Tego, kt\u00f3ry nas wezwa\u0142 do swego kr\u00f3lestwa. Je\u015bli za\u015b pragniemy zamieszka\u0107 w tym kr\u00f3lestwie i w Przybytku Pa\u0144skim, musimy <\/span><span style=\"font-family: Book Antiqua, serif;\"><b>biec drog\u0105 dobrych uczynk\u00f3w, gdy\u017c inn\u0105 tam si\u0119 nie dochodzi. <\/b><\/span><\/span><\/p>\n<p class=\"western\" align=\"justify\"><span style=\"font-size: large;\"><span style=\"font-family: Book Antiqua, serif;\">Podobnie jak istnieje zawzi\u0119to\u015b\u0107 z\u0142a i gorzka, kt\u00f3ra oddala od Boga i prowadzi do piek\u0142a, tak <\/span><span style=\"font-family: Book Antiqua, serif;\"><b>jest i gorliwo\u015b\u0107 dobra, kt\u00f3ra oddala od grzech\u00f3w, a prowadzi do Boga i do \u017cycia wiecznego.<\/b><\/span><span style=\"font-family: Book Antiqua, serif;\"> Ta wi\u0119c w\u0142a\u015bnie gorliwo\u015b\u0107 niechaj wyr\u00f3\u017cnia mnich\u00f3w w ich \u017cyciu \u017carliwej mi\u0142o\u015bci tak, aby <\/span><span style=\"font-family: Book Antiqua, serif;\"><b>w okazywaniu czci jedni drugich wyprzedzali.<\/b><\/span><span style=\"font-family: Book Antiqua, serif;\"> Niech s\u0142abo\u015bci swoje duchowe i cielesne znosz\u0105 cierpliwie. Niech prze\u015bcigaj\u0105 si\u0119 nawzajem w pos\u0142usze\u0144stwie. <\/span><\/span><\/p>\n<p class=\"western\" align=\"justify\"><span style=\"font-size: large;\"><span style=\"font-family: Book Antiqua, serif;\"><b>Niechaj nikt nie stara si\u0119 o to, co uwa\u017ca za po\u017cyteczne dla siebie, lecz raczej o to, co po\u017cyteczne dla drugiego.<\/b><\/span><span style=\"font-family: Book Antiqua, serif;\"> Niech darz\u0105 si\u0119 wzajemnie czyst\u0105 mi\u0142o\u015bci\u0105 bratersk\u0105. Niech Boga si\u0119 boj\u0105 dlatego, \u017ce Go mi\u0142uj\u0105. Opata swego niech kochaj\u0105 mi\u0142o\u015bci\u0105 szczer\u0105 i pokorn\u0105. <\/span><span style=\"font-family: Book Antiqua, serif;\"><b>Niechaj nic nigdy nie b\u0119dzie dla nich wa\u017cniejsze od Chrystusa,<\/b><\/span><span style=\"font-family: Book Antiqua, serif;\"> kt\u00f3ry oby nas razem raczy\u0142 doprowadzi\u0107 do \u017cycia wiecznego.\u201d Tyle \u015awi\u0119ty Benedykt w swojej \u201eRegule\u201d.<\/span><\/span><\/p>\n<p class=\"western\" align=\"justify\"><span style=\"font-size: large;\"><span style=\"font-family: Book Antiqua, serif;\">S<\/span><span style=\"font-family: Book Antiqua, serif;\">\u0142uchaj\u0105c tych\u017ce s\u0142\u00f3w, a jednocze\u015bnie \u2013 s\u0142owa Bo\u017cego, przeznaczonego na dzisiejszy dzie\u0144 w liturgii Ko\u015bcio\u0142a, odnajdujemy w pierwszym z dw\u00f3ch, danych nam do wyboru czyta\u0144, <\/span><span style=\"font-family: Book Antiqua, serif;\"><b>ojcowsk\u0105 porad\u0119,<\/b><\/span><span style=\"font-family: Book Antiqua, serif;\"> skierowan\u0105 do czytelnika, <\/span><span style=\"font-family: Book Antiqua, serif;\"><b>nazwanego tu synem,<\/b><\/span><span style=\"font-family: Book Antiqua, serif;\"> aby w \u017cyciu kierowa\u0142 si\u0119 <\/span><span style=\"font-family: Book Antiqua, serif;\"><b>m\u0105dro\u015bci\u0105, roztropno\u015bci\u0105, rozs\u0105dkiem, rozwag\u0105, boja\u017ani\u0105 Pana\u2026<\/b><\/span><span style=\"font-family: Book Antiqua, serif;\"> To w\u0142a\u015bnie te s\u0142owa pojawiaj\u0105 si\u0119 w tre\u015bci przes\u0142ania Autora Ksi\u0119gi Przys\u0142\u00f3w \u2013 i wyznaczaj\u0105 taki kierunek \u017cycia i post\u0119powania, kt\u00f3ry w Regule \u015awi\u0119tego Benedykta nazywamy <\/span><span style=\"font-family: Book Antiqua, serif;\"><b>\u201ez\u0142otym \u015brodkiem\u201d. <\/b><\/span><\/span><\/p>\n<p class=\"western\" align=\"justify\"><span style=\"font-size: large;\"><span style=\"font-family: Book Antiqua, serif;\">W ten spos\u00f3b cz\u0142owiek podejmuje szczeg\u00f3ln\u0105 wsp\u00f3\u0142prac\u0119 z Bogiem, kt\u00f3remu \u2013 jak wynika z tre\u015bci czytania \u2013 bardzo podoba si\u0119 taki styl. S\u0142yszymy bowiem, i\u017c <\/span><span style=\"font-family: Book Antiqua, serif;\"><i><b>Pan udziela m\u0105dro\u015bci, z ust Jego wychodz\u0105 wiedza i roztropno\u015b\u0107; dla prawych On chowa sw\u0105 pomoc, On jest tarcz\u0105 dla \u017cyj\u0105cych uczciwie. On strze\u017ce \u015bcie\u017cek prawo\u015bci, ochrania drogi pobo\u017cnych. Wtedy sprawiedliwo\u015b\u0107 pojmiesz i prawo\u015b\u0107, i rzetelno\u015b\u0107, i ka\u017cd\u0105 dobr\u0105 \u015bcie\u017ck\u0119.<\/b><\/i><\/span><b> <\/b><span style=\"font-family: Book Antiqua, serif;\">A zatem, to Pan sam pomo\u017ce w ukszta\u0142towaniu takiej postawy. <\/span><\/span><\/p>\n<p class=\"western\" align=\"justify\"><span style=\"font-size: large;\"><span style=\"font-family: Book Antiqua, serif;\">I to w ten spos\u00f3b mo\u017cna w ka\u017cdej ludzkiej wsp\u00f3lnocie zaprowadzi\u0107 tego<\/span><span style=\"font-family: Book Antiqua, serif;\"><b> ducha jedno\u015bci, <\/b><\/span><span style=\"font-family: Book Antiqua, serif;\">jaki panowa\u0142 we wsp\u00f3lnocie m\u0142odego Ko\u015bcio\u0142a, o czym Autor Ksi\u0119gi Dziej\u00f3w Apostolskich tak pisze w drugim, danym nam do wyboru, czyta\u0144: <\/span><span style=\"font-family: Book Antiqua, serif;\"><i><b>Jeden duch i jedno serce o\u017cywia\u0142y wszystkich wierz\u0105cych. \u017baden nie nazywa\u0142 swoim tego, co posiada\u0142, ale wszystko mieli wsp\u00f3lne. Aposto\u0142owie z wielk\u0105 moc\u0105 \u015bwiadczyli o zmartwychwstaniu Pana Jezusa, a wszyscy oni mieli wielk\u0105 \u0142ask\u0119.<\/b><\/i><\/span><b> <\/b><span style=\"font-family: Book Antiqua, serif;\">Na pewno, stworzenie takiej wsp\u00f3lnoty by\u0142o wielkim pragnieniem Benedykta \u2013 i taki duch w nich panowa\u0142, szczeg\u00f3lnie na pocz\u0105tku. <\/span><\/span><\/p>\n<p class=\"western\" align=\"justify\"><span style=\"font-size: large;\"><span style=\"font-family: Book Antiqua, serif;\">I je\u015bli nawet cz\u0142onkowie zak\u0142adan<\/span><span style=\"font-family: Book Antiqua, serif;\">ego<\/span><span style=\"font-family: Book Antiqua, serif;\"> przez niego <\/span><span style=\"font-family: Book Antiqua, serif;\">zakonu<\/span><span style=\"font-family: Book Antiqua, serif;\"> stawiali Jezusowi to pytanie, kt\u00f3re dzisiaj postawi\u0142 w Ewangelii Piotr: <\/span><span style=\"font-family: Book Antiqua, serif;\"><i><b>Oto my opu\u015bcili\u015bmy wszystko i poszli\u015bmy za Tob\u0105, c\u00f3\u017c wi\u0119c otrzymamy?,<\/b><\/i><\/span><b> <\/b><span style=\"font-family: Book Antiqua, serif;\">to wydaje si\u0119, \u017ce <\/span><span style=\"font-family: Book Antiqua, serif;\"><b>bogactwo duchowe i intelektualne,<\/b><\/span><span style=\"font-family: Book Antiqua, serif;\"> jakie sta\u0142o si\u0119 udzia\u0142em ka\u017cdego z nich za murami klasztor<\/span><span style=\"font-family: Book Antiqua, serif;\">u<\/span><span style=\"font-family: Book Antiqua, serif;\">, w pe\u0142ni zrekompensowa\u0142o to wszystko, co ka\u017cdy z nich musia\u0142 zostawi\u0107 w \u015bwiecie.<\/span><\/span><\/p>\n<p class=\"western\" align=\"justify\"><span style=\"font-size: large;\"><span style=\"font-family: Book Antiqua, serif;\">I mo\u017ce to jest w\u0142a\u015bnie, moi Drodzy, ta refleksja, kt\u00f3r\u0105 dzisiaj warto nam wszystkim podj\u0105\u0107 i g\u0142\u0119boko w sercu rozwa\u017cy\u0107: nasze \u017cycie w Ko\u015bciele i po\u015bwi\u0119cenie \u017cycia Jezusowi \u2013 niekoniecznie w klasztorze \u2013 <\/span><span style=\"font-family: Book Antiqua, serif;\"><b>naprawd\u0119 nas nie zuba\u017ca, ale wyj\u0105tkowo ubogaca! <\/b><\/span><span style=\"font-family: Book Antiqua, serif;\">Nie w warto\u015bci doczesne, ale w\u0142a\u015bnie w te <\/span><span style=\"font-family: Book Antiqua, serif;\"><b>duchowe i intelektualne.<\/b><\/span><span style=\"font-family: Book Antiqua, serif;\"> Oby\u015bmy tylko umieli je dostrzec i w pe\u0142ni z nich skorzysta\u0107! <\/span><\/span><\/p>\n<p class=\"western\" align=\"justify\"><span style=\"font-size: large;\"><span style=\"font-family: Book Antiqua, serif;\">Pomimo bowiem ludzkich s\u0142abo\u015bci i grzech\u00f3w, a nawet nag\u0142a\u015bnianych medialnie skandali, Ko\u015bci\u00f3\u0142 wci\u0105\u017c ma \u2013 i d\u0142ugo jeszcze b\u0119dzie mia\u0142 \u2013 <\/span><span style=\"font-family: Book Antiqua, serif;\"><b>bardzo du\u017co do zaoferowania <\/b><\/span><span style=\"font-family: Book Antiqua, serif;\">na p\u0142aszczy\u017anie tak duchowej, jak i intelektualnej. A wielko\u015b\u0107 Benedykta polega\u0142a na tym, \u017ce potrafi\u0142 to bogactwo <\/span><span style=\"font-family: Book Antiqua, serif;\"><b>dostrzec, <\/b><\/span><span style=\"font-family: Book Antiqua, serif;\">samemu dla siebie <\/span><span style=\"font-family: Book Antiqua, serif;\"><b>przyj\u0105\u0107 <\/b><\/span><span style=\"font-family: Book Antiqua, serif;\">i nale\u017cycie z niego <\/span><span style=\"font-family: Book Antiqua, serif;\"><b>skorzysta\u0107,<\/b><\/span><span style=\"font-family: Book Antiqua, serif;\"> we w\u0142a\u015bciwy sobie spos\u00f3b <\/span><span style=\"font-family: Book Antiqua, serif;\"><b>pomno\u017cy\u0107,<\/b><\/span><span style=\"font-family: Book Antiqua, serif;\"> a ostatecznie \u2013 <\/span><span style=\"font-family: Book Antiqua, serif;\"><b>podarowa\u0107 innym.<\/b><\/span> <span style=\"font-family: Book Antiqua, serif;\">I <\/span><span style=\"font-family: Book Antiqua, serif;\"><b>n<\/b><\/span><span style=\"font-family: Book Antiqua, serif;\"><b>auczy\u0107 innych korzystania<\/b><\/span><span style=\"font-family: Book Antiqua, serif;\"> z niego. To naprawd\u0119 ogromna zas\u0142uga dzisiejszego Patrona dla Ko\u015bcio\u0142a \u2013 i to na przestrzeni tylu wiek\u00f3w!<\/span><\/span><\/p>\n<p class=\"western\" align=\"justify\"><span style=\"font-size: large;\"><span style=\"font-family: Book Antiqua, serif;\">Czy i my <\/span><span style=\"font-family: Book Antiqua, serif;\"><b>tak\u017ce dostrzegamy ow<\/b><\/span><span style=\"font-family: Book Antiqua, serif;\"><b>o<\/b><\/span><span style=\"font-family: Book Antiqua, serif;\"><b> bogactw<\/b><\/span><span style=\"font-family: Book Antiqua, serif;\"><b>o<\/b><\/span><span style=\"font-family: Book Antiqua, serif;\"><b>,<\/b><\/span><span style=\"font-family: Book Antiqua, serif;\"> kt\u00f3re oferuje nam Ko\u015bci\u00f3\u0142? Na ile z ni<\/span><span style=\"font-family: Book Antiqua, serif;\">ego<\/span><span style=\"font-family: Book Antiqua, serif;\"> korzystamy? I czy <\/span><span style=\"font-family: Book Antiqua, serif;\"><b>pomagamy innym<\/b><\/span><span style=\"font-family: Book Antiqua, serif;\"> dostrzec je i w pe\u0142ni wykorzysta\u0107 \u2013 do lepszego \u017cycia tu, na ziemi, oraz do osi\u0105gni\u0119cia zbawienia?\u2026<\/span><\/span><\/p>\n","protected":false},"excerpt":{"rendered":"<p>Szcz\u0119\u015b\u0107 Bo\u017ce! Moi Drodzy, w dniu wczorajszym urodziny prze\u017cywa\u0142 Pawe\u0142 Kaczorowski, bliski mi i \u017cyczliwy Cz\u0142owiek, obecnie mieszkaj\u0105cy i pracuj\u0105cy w moim rodzinnym mie\u015bcie, a wcze\u015bniej \u2013 w\u0142\u0105czaj\u0105cy si\u0119 w dzia\u0142alno\u015b\u0107 m\u0142odzie\u017cowych Wsp\u00f3lnot. Dzi\u0119kuj\u0105c za nasz\u0105 znajomo\u015b\u0107, \u017cycz\u0119 Bo\u017cej opieki we wszystkim, co ka\u017cdego dnia podejmuje. Dzisiaj natomiast urodziny prze\u017cywa Siostra Aneta Sroka, za moich [&hellip;]<\/p>\n","protected":false},"author":1,"featured_media":0,"comment_status":"open","ping_status":"open","sticky":false,"template":"","format":"standard","meta":{"jetpack_post_was_ever_published":false,"_jetpack_newsletter_access":"","_jetpack_dont_email_post_to_subs":false,"_jetpack_newsletter_tier_id":0,"_jetpack_memberships_contains_paywalled_content":false,"_jetpack_memberships_contains_paid_content":false,"footnotes":""},"categories":[1],"tags":[],"class_list":["post-17369","post","type-post","status-publish","format-standard","hentry","category-bez-kategorii"],"yoast_head":"<!-- This site is optimized with the Yoast SEO plugin v25.1 - https:\/\/yoast.com\/wordpress\/plugins\/seo\/ -->\n<title>Duchowe bogactwo Ko\u015bcio\u0142a - Gaudium Et Spes<\/title>\n<meta name=\"robots\" content=\"index, follow, max-snippet:-1, max-image-preview:large, max-video-preview:-1\" \/>\n<link rel=\"canonical\" href=\"https:\/\/gaudiumetspes-blog.pl\/index.php\/2020\/07\/11\/duchowe-bogactwo-kosciola\/\" \/>\n<meta property=\"og:locale\" content=\"pl_PL\" \/>\n<meta property=\"og:type\" content=\"article\" \/>\n<meta property=\"og:title\" content=\"Duchowe bogactwo Ko\u015bcio\u0142a - Gaudium Et Spes\" \/>\n<meta property=\"og:description\" content=\"Szcz\u0119\u015b\u0107 Bo\u017ce! Moi Drodzy, w dniu wczorajszym urodziny prze\u017cywa\u0142 Pawe\u0142 Kaczorowski, bliski mi i \u017cyczliwy Cz\u0142owiek, obecnie mieszkaj\u0105cy i pracuj\u0105cy w moim rodzinnym mie\u015bcie, a wcze\u015bniej \u2013 w\u0142\u0105czaj\u0105cy si\u0119 w dzia\u0142alno\u015b\u0107 m\u0142odzie\u017cowych Wsp\u00f3lnot. Dzi\u0119kuj\u0105c za nasz\u0105 znajomo\u015b\u0107, \u017cycz\u0119 Bo\u017cej opieki we wszystkim, co ka\u017cdego dnia podejmuje. Dzisiaj natomiast urodziny prze\u017cywa Siostra Aneta Sroka, za moich [&hellip;]\" \/>\n<meta property=\"og:url\" content=\"https:\/\/gaudiumetspes-blog.pl\/index.php\/2020\/07\/11\/duchowe-bogactwo-kosciola\/\" \/>\n<meta property=\"og:site_name\" content=\"Gaudium Et Spes\" \/>\n<meta property=\"article:published_time\" content=\"2020-07-11T05:52:58+00:00\" \/>\n<meta name=\"author\" content=\"Ks. Jacek\" \/>\n<meta name=\"twitter:card\" content=\"summary_large_image\" \/>\n<meta name=\"twitter:label1\" content=\"Napisane przez\" \/>\n\t<meta name=\"twitter:data1\" content=\"Ks. Jacek\" \/>\n\t<meta name=\"twitter:label2\" content=\"Szacowany czas czytania\" \/>\n\t<meta name=\"twitter:data2\" content=\"13 minut\" \/>\n<script type=\"application\/ld+json\" class=\"yoast-schema-graph\">{\"@context\":\"https:\/\/schema.org\",\"@graph\":[{\"@type\":\"WebPage\",\"@id\":\"https:\/\/gaudiumetspes-blog.pl\/index.php\/2020\/07\/11\/duchowe-bogactwo-kosciola\/\",\"url\":\"https:\/\/gaudiumetspes-blog.pl\/index.php\/2020\/07\/11\/duchowe-bogactwo-kosciola\/\",\"name\":\"Duchowe bogactwo Ko\u015bcio\u0142a - Gaudium Et Spes\",\"isPartOf\":{\"@id\":\"https:\/\/gaudiumetspes-blog.pl\/#website\"},\"datePublished\":\"2020-07-11T05:52:58+00:00\",\"author\":{\"@id\":\"https:\/\/gaudiumetspes-blog.pl\/#\/schema\/person\/1661982992b752dea8dff0d4ed845a65\"},\"breadcrumb\":{\"@id\":\"https:\/\/gaudiumetspes-blog.pl\/index.php\/2020\/07\/11\/duchowe-bogactwo-kosciola\/#breadcrumb\"},\"inLanguage\":\"pl-PL\",\"potentialAction\":[{\"@type\":\"ReadAction\",\"target\":[\"https:\/\/gaudiumetspes-blog.pl\/index.php\/2020\/07\/11\/duchowe-bogactwo-kosciola\/\"]}]},{\"@type\":\"BreadcrumbList\",\"@id\":\"https:\/\/gaudiumetspes-blog.pl\/index.php\/2020\/07\/11\/duchowe-bogactwo-kosciola\/#breadcrumb\",\"itemListElement\":[{\"@type\":\"ListItem\",\"position\":1,\"name\":\"Strona g\u0142\u00f3wna\",\"item\":\"https:\/\/gaudiumetspes-blog.pl\/\"},{\"@type\":\"ListItem\",\"position\":2,\"name\":\"Duchowe bogactwo Ko\u015bcio\u0142a\"}]},{\"@type\":\"WebSite\",\"@id\":\"https:\/\/gaudiumetspes-blog.pl\/#website\",\"url\":\"https:\/\/gaudiumetspes-blog.pl\/\",\"name\":\"Gaudium Et Spes\",\"description\":\"Blog Ks. Jacka Ja\u015bkowskiego\",\"potentialAction\":[{\"@type\":\"SearchAction\",\"target\":{\"@type\":\"EntryPoint\",\"urlTemplate\":\"https:\/\/gaudiumetspes-blog.pl\/?s={search_term_string}\"},\"query-input\":{\"@type\":\"PropertyValueSpecification\",\"valueRequired\":true,\"valueName\":\"search_term_string\"}}],\"inLanguage\":\"pl-PL\"},{\"@type\":\"Person\",\"@id\":\"https:\/\/gaudiumetspes-blog.pl\/#\/schema\/person\/1661982992b752dea8dff0d4ed845a65\",\"name\":\"Ks. Jacek\",\"image\":{\"@type\":\"ImageObject\",\"inLanguage\":\"pl-PL\",\"@id\":\"https:\/\/gaudiumetspes-blog.pl\/#\/schema\/person\/image\/\",\"url\":\"https:\/\/gaudiumetspes-blog.pl\/wp-content\/uploads\/2019\/07\/avatar-JJ-150x150.jpg\",\"contentUrl\":\"https:\/\/gaudiumetspes-blog.pl\/wp-content\/uploads\/2019\/07\/avatar-JJ-150x150.jpg\",\"caption\":\"Ks. Jacek\"},\"description\":\"Witam serdecznie! K\u0142ania si\u0119 Ks. Jacek Ja\u015bkowski. Nie jestem ani kim\u015b wa\u017cnym, ani kim\u015b znanym. Jestem ksi\u0119dzem, kt\u00f3ry po prostu chce rozmawia\u0107. Codzienna kap\u0142a\u0144ska pos\u0142uga pokazuje mi, \u017ce temat\u00f3w do rozm\u00f3w z ksi\u0119dzem jest coraz wi\u0119cej i dzisiaj \u017caden ksi\u0105dz nie mo\u017ce od nich ucieka\u0107, ale - wprost przeciwnie - podejmowa\u0107 nowe wyzwania. To przekonanie sk\u0142oni\u0142o mnie do pr\u00f3by otwarcia tego\u017c bloga, chocia\u017c okazji do rozm\u00f3w na co dzie\u0144 - w konfesjonale i poza nim - na szcz\u0119\u015bcie nie brakuje. My\u015bl\u0119 jednak, \u017ce ten blog b\u0119dzie jeszcze jednym sposobem i przestrzeni\u0105 nawi\u0105zania kontaktu z lud\u017ami dobrej woli, otwartymi na dialog.\",\"url\":\"https:\/\/gaudiumetspes-blog.pl\/index.php\/author\/ks-jacek\/\"}]}<\/script>\n<!-- \/ Yoast SEO plugin. -->","yoast_head_json":{"title":"Duchowe bogactwo Ko\u015bcio\u0142a - Gaudium Et Spes","robots":{"index":"index","follow":"follow","max-snippet":"max-snippet:-1","max-image-preview":"max-image-preview:large","max-video-preview":"max-video-preview:-1"},"canonical":"https:\/\/gaudiumetspes-blog.pl\/index.php\/2020\/07\/11\/duchowe-bogactwo-kosciola\/","og_locale":"pl_PL","og_type":"article","og_title":"Duchowe bogactwo Ko\u015bcio\u0142a - Gaudium Et Spes","og_description":"Szcz\u0119\u015b\u0107 Bo\u017ce! Moi Drodzy, w dniu wczorajszym urodziny prze\u017cywa\u0142 Pawe\u0142 Kaczorowski, bliski mi i \u017cyczliwy Cz\u0142owiek, obecnie mieszkaj\u0105cy i pracuj\u0105cy w moim rodzinnym mie\u015bcie, a wcze\u015bniej \u2013 w\u0142\u0105czaj\u0105cy si\u0119 w dzia\u0142alno\u015b\u0107 m\u0142odzie\u017cowych Wsp\u00f3lnot. Dzi\u0119kuj\u0105c za nasz\u0105 znajomo\u015b\u0107, \u017cycz\u0119 Bo\u017cej opieki we wszystkim, co ka\u017cdego dnia podejmuje. Dzisiaj natomiast urodziny prze\u017cywa Siostra Aneta Sroka, za moich [&hellip;]","og_url":"https:\/\/gaudiumetspes-blog.pl\/index.php\/2020\/07\/11\/duchowe-bogactwo-kosciola\/","og_site_name":"Gaudium Et Spes","article_published_time":"2020-07-11T05:52:58+00:00","author":"Ks. Jacek","twitter_card":"summary_large_image","twitter_misc":{"Napisane przez":"Ks. Jacek","Szacowany czas czytania":"13 minut"},"schema":{"@context":"https:\/\/schema.org","@graph":[{"@type":"WebPage","@id":"https:\/\/gaudiumetspes-blog.pl\/index.php\/2020\/07\/11\/duchowe-bogactwo-kosciola\/","url":"https:\/\/gaudiumetspes-blog.pl\/index.php\/2020\/07\/11\/duchowe-bogactwo-kosciola\/","name":"Duchowe bogactwo Ko\u015bcio\u0142a - Gaudium Et Spes","isPartOf":{"@id":"https:\/\/gaudiumetspes-blog.pl\/#website"},"datePublished":"2020-07-11T05:52:58+00:00","author":{"@id":"https:\/\/gaudiumetspes-blog.pl\/#\/schema\/person\/1661982992b752dea8dff0d4ed845a65"},"breadcrumb":{"@id":"https:\/\/gaudiumetspes-blog.pl\/index.php\/2020\/07\/11\/duchowe-bogactwo-kosciola\/#breadcrumb"},"inLanguage":"pl-PL","potentialAction":[{"@type":"ReadAction","target":["https:\/\/gaudiumetspes-blog.pl\/index.php\/2020\/07\/11\/duchowe-bogactwo-kosciola\/"]}]},{"@type":"BreadcrumbList","@id":"https:\/\/gaudiumetspes-blog.pl\/index.php\/2020\/07\/11\/duchowe-bogactwo-kosciola\/#breadcrumb","itemListElement":[{"@type":"ListItem","position":1,"name":"Strona g\u0142\u00f3wna","item":"https:\/\/gaudiumetspes-blog.pl\/"},{"@type":"ListItem","position":2,"name":"Duchowe bogactwo Ko\u015bcio\u0142a"}]},{"@type":"WebSite","@id":"https:\/\/gaudiumetspes-blog.pl\/#website","url":"https:\/\/gaudiumetspes-blog.pl\/","name":"Gaudium Et Spes","description":"Blog Ks. Jacka Ja\u015bkowskiego","potentialAction":[{"@type":"SearchAction","target":{"@type":"EntryPoint","urlTemplate":"https:\/\/gaudiumetspes-blog.pl\/?s={search_term_string}"},"query-input":{"@type":"PropertyValueSpecification","valueRequired":true,"valueName":"search_term_string"}}],"inLanguage":"pl-PL"},{"@type":"Person","@id":"https:\/\/gaudiumetspes-blog.pl\/#\/schema\/person\/1661982992b752dea8dff0d4ed845a65","name":"Ks. Jacek","image":{"@type":"ImageObject","inLanguage":"pl-PL","@id":"https:\/\/gaudiumetspes-blog.pl\/#\/schema\/person\/image\/","url":"https:\/\/gaudiumetspes-blog.pl\/wp-content\/uploads\/2019\/07\/avatar-JJ-150x150.jpg","contentUrl":"https:\/\/gaudiumetspes-blog.pl\/wp-content\/uploads\/2019\/07\/avatar-JJ-150x150.jpg","caption":"Ks. Jacek"},"description":"Witam serdecznie! K\u0142ania si\u0119 Ks. Jacek Ja\u015bkowski. Nie jestem ani kim\u015b wa\u017cnym, ani kim\u015b znanym. Jestem ksi\u0119dzem, kt\u00f3ry po prostu chce rozmawia\u0107. Codzienna kap\u0142a\u0144ska pos\u0142uga pokazuje mi, \u017ce temat\u00f3w do rozm\u00f3w z ksi\u0119dzem jest coraz wi\u0119cej i dzisiaj \u017caden ksi\u0105dz nie mo\u017ce od nich ucieka\u0107, ale - wprost przeciwnie - podejmowa\u0107 nowe wyzwania. To przekonanie sk\u0142oni\u0142o mnie do pr\u00f3by otwarcia tego\u017c bloga, chocia\u017c okazji do rozm\u00f3w na co dzie\u0144 - w konfesjonale i poza nim - na szcz\u0119\u015bcie nie brakuje. My\u015bl\u0119 jednak, \u017ce ten blog b\u0119dzie jeszcze jednym sposobem i przestrzeni\u0105 nawi\u0105zania kontaktu z lud\u017ami dobrej woli, otwartymi na dialog.","url":"https:\/\/gaudiumetspes-blog.pl\/index.php\/author\/ks-jacek\/"}]}},"jetpack_featured_media_url":"","jetpack_sharing_enabled":true,"_links":{"self":[{"href":"https:\/\/gaudiumetspes-blog.pl\/index.php\/wp-json\/wp\/v2\/posts\/17369","targetHints":{"allow":["GET"]}}],"collection":[{"href":"https:\/\/gaudiumetspes-blog.pl\/index.php\/wp-json\/wp\/v2\/posts"}],"about":[{"href":"https:\/\/gaudiumetspes-blog.pl\/index.php\/wp-json\/wp\/v2\/types\/post"}],"author":[{"embeddable":true,"href":"https:\/\/gaudiumetspes-blog.pl\/index.php\/wp-json\/wp\/v2\/users\/1"}],"replies":[{"embeddable":true,"href":"https:\/\/gaudiumetspes-blog.pl\/index.php\/wp-json\/wp\/v2\/comments?post=17369"}],"version-history":[{"count":1,"href":"https:\/\/gaudiumetspes-blog.pl\/index.php\/wp-json\/wp\/v2\/posts\/17369\/revisions"}],"predecessor-version":[{"id":17370,"href":"https:\/\/gaudiumetspes-blog.pl\/index.php\/wp-json\/wp\/v2\/posts\/17369\/revisions\/17370"}],"wp:attachment":[{"href":"https:\/\/gaudiumetspes-blog.pl\/index.php\/wp-json\/wp\/v2\/media?parent=17369"}],"wp:term":[{"taxonomy":"category","embeddable":true,"href":"https:\/\/gaudiumetspes-blog.pl\/index.php\/wp-json\/wp\/v2\/categories?post=17369"},{"taxonomy":"post_tag","embeddable":true,"href":"https:\/\/gaudiumetspes-blog.pl\/index.php\/wp-json\/wp\/v2\/tags?post=17369"}],"curies":[{"name":"wp","href":"https:\/\/api.w.org\/{rel}","templated":true}]}}