{"id":17371,"date":"2020-07-12T05:32:06","date_gmt":"2020-07-12T03:32:06","guid":{"rendered":"https:\/\/gaudiumetspes-blog.pl\/?p=17371"},"modified":"2020-07-11T21:42:33","modified_gmt":"2020-07-11T19:42:33","slug":"posluchajcie-przypowiesci-o-siewcy","status":"publish","type":"post","link":"https:\/\/gaudiumetspes-blog.pl\/index.php\/2020\/07\/12\/posluchajcie-przypowiesci-o-siewcy\/","title":{"rendered":"Pos\u0142uchajcie przypowie\u015bci o siewcy&#8230;"},"content":{"rendered":"<p align=\"justify\"><span style=\"color: #000000;\"><span style=\"font-family: Book Antiqua, serif;\"><span style=\"font-size: large;\">Niech b\u0119dzie pochwalony Jezus Chrystus! Moi Drodzy, w dniu dzisiejszym <b>urodziny prze\u017cywa nasz Tato, Jan Ja\u015bkowski. Gdyby kto\u015b bardzo dopytywa\u0142, kt\u00f3re, to informuj\u0119, \u017ce \u2013 czytaj\u0105c liczb\u0119 lat od ty\u0142u \u2013 siedemnaste. Z ca\u0142<\/b><b>e<\/b><b>go serca podpisuj\u0119 si\u0119 pod tym, co napisa\u0142 Ksi\u0105dz Marek w swoim czwartkowym s\u0142\u00f3wku i na fb, pod zdj\u0119ciem naszego Taty z Prezydentem. Swoj\u0105 drog\u0105, wysoko mierzy nasz Jubilat! W wysokich sferach si\u0119 obraca! \u017byczymy zatem, \u017ceby zawsze \u2013 jak dot\u0105d \u2013 jak najwy\u017cej mierzy\u0142 w sferze ducha i nie traci\u0142 \u017cyciowej energii siedemnastolatka. Ca\u0142\u0105 Rodzin\u0105 \u2013 wspieramy modlitw\u0105!<\/b><\/span><\/span><\/span><\/p>\n<p align=\"justify\"><span style=\"color: #000000;\"><span style=\"font-family: Book Antiqua, serif;\"><span style=\"font-size: large;\">Moi Drodzy, bardzo serdecznie zach\u0119cam Wszystkich do wzi\u0119cia udzia\u0142u w wyborach prezydenckich. Pami\u0119tajmy o s\u0142owach Jana Paw\u0142a II, kt\u00f3ry naucza\u0142, \u017ce szczeg\u00f3lnie w obecnym czasie \u2013 bierno\u015b\u0107 w sferze politycznej jest dla katolika postaw\u0105 nie do przyj\u0119cia! Dlatego proponuj\u0119: modlitwa do Ducha \u015awi\u0119tego i w drog\u0119 \u2013 do lokalu wyborczego! Niech nam nie b\u0119dzie oboj\u0119tny los naszej Ojczyzny!<\/span><\/span><\/span><\/p>\n<p align=\"justify\"><span style=\"color: #000000;\"><span style=\"font-family: Book Antiqua, serif;\"><span style=\"font-size: large;\">A na g\u0142\u0119bokie i radosne prze\u017cywanie Dnia Pa\u0144skiego \u2013 <b>niech Was b\u0142ogos\u0142awi B\u00f3g Wszechmog\u0105cy: Ojciec + i Syn, i Duch \u015awi\u0119ty. Amen<\/b><\/span><\/span><\/span><\/p>\n<p align=\"center\"><span style=\"color: #000000;\"><span style=\"font-family: Book Antiqua, serif;\"><span style=\"font-size: large;\">Gaudium et spes! Ks. Jacek<\/span><\/span><\/span><\/p>\n<p align=\"center\">\n<p align=\"center\">\n<p align=\"center\">\n<p align=\"center\">\n<p align=\"center\">\n<p align=\"justify\"><span style=\"color: #000000;\"><span style=\"font-family: Book Antiqua, serif;\"><span style=\"font-size: large;\"><b>15 Niedziela Zwyk\u0142a, A,<\/b><\/span><\/span><\/span><\/p>\n<p align=\"justify\"><span style=\"color: #000000;\"><span style=\"font-family: Book Antiqua, serif;\"><span style=\"font-size: large;\"><b>12 lipca 2020.,<\/b><\/span><\/span><\/span><\/p>\n<p align=\"justify\"><span style=\"color: #000000;\"><span style=\"font-family: Book Antiqua, serif;\"><span style=\"font-size: large;\"><b>do czyta\u0144: Iz 55,10\u201311; Rz 8,18\u201323; Mt 13,1\u201323<\/b><\/span><\/span><\/span><\/p>\n<p align=\"justify\">\n<p align=\"justify\">\n<p align=\"justify\">\n<p align=\"justify\">\n<p align=\"justify\">\n<p align=\"justify\"><span style=\"color: #000000;\"><span style=\"font-family: Book Antiqua, serif;\"><span style=\"font-size: large;\"><b>CZYTANIE Z KSI\u0118GI PROROKA IZAJASZA:<\/b><\/span><\/span><\/span><\/p>\n<p align=\"justify\"><span style=\"color: #000000;\"><span style=\"font-family: Book Antiqua, serif;\"><span style=\"font-size: large;\"><b>To m\u00f3wi Pan: \u201ePodobnie jak ulewa i \u015bnieg spadaj\u0105 z nieba i tam nie powracaj\u0105, dop\u00f3ki nie nawodni\u0105 ziemi, nie u\u017cy\u017ani\u0105 jej i nie zapewni\u0105 urodzaju, tak i\u017c wydaje nasienie dla siewcy i chleb dla jedz\u0105cego, tak s\u0142owo, kt\u00f3re wychodzi z ust moich, nie wraca do Mnie bezowocne, zanim wpierw nie dokona tego, co chcia\u0142em, i nie spe\u0142ni pomy\u015blnie swego pos\u0142annictwa\u201d.<\/b><\/span><\/span><\/span><\/p>\n<p align=\"justify\">\n<p align=\"justify\">\n<p align=\"justify\">\n<p align=\"justify\">\n<p align=\"justify\">\n<p align=\"justify\"><span style=\"color: #000000;\"><span style=\"font-family: Book Antiqua, serif;\"><span style=\"font-size: large;\"><b>CZYTANIE Z LISTU \u015aWI\u0118TEGO PAW\u0141A APOSTO\u0141A DO RZYMIAN: <\/b><\/span><\/span><\/span><\/p>\n<p align=\"justify\"><span style=\"color: #000000;\"><span style=\"font-family: Book Antiqua, serif;\"><span style=\"font-size: large;\"><b>Bracia: S\u0105dz\u0119, \u017ce cierpie\u0144 tera\u017aniejszych nie mo\u017cna stawia\u0107 na r\u00f3wni z chwa\u0142\u0105, kt\u00f3ra ma si\u0119 w nas objawi\u0107. Bo stworzenie z upragnieniem oczekuje objawienia si\u0119 syn\u00f3w Bo\u017cych. Stworzenie bowiem zosta\u0142o poddane marno\u015bci nie z w\u0142asnej ch\u0119ci, ale ze wzgl\u0119du na Tego, kt\u00f3ry je podda\u0142, w nadziei, \u017ce r\u00f3wnie\u017c i ono zostanie wyzwolone z niewoli zepsucia, by uczestniczy\u0107 w wolno\u015bci i chwale dzieci Bo\u017cych. <\/b><\/span><\/span><\/span><\/p>\n<p align=\"justify\"><span style=\"color: #000000;\"><span style=\"font-family: Book Antiqua, serif;\"><span style=\"font-size: large;\"><b>Wiemy przecie\u017c, \u017ce ca\u0142e stworzenie a\u017c dot\u0105d j\u0119czy i wzdycha w b\u00f3lach rodzenia. Lecz nie tylko ono, ale i my sami, kt\u00f3rzy ju\u017c posiadamy pierwsze dary Ducha, i my r\u00f3wnie\u017c ca\u0142\u0105 istot\u0105 swoj\u0105 wzdychamy oczekuj\u0105c przybrania za syn\u00f3w, odkupienia naszego cia\u0142a.<\/b><\/span><\/span><\/span><\/p>\n<p align=\"justify\">\n<p align=\"justify\">\n<p align=\"justify\">\n<p align=\"justify\">\n<p align=\"justify\">\n<p align=\"justify\"><span style=\"color: #000000;\"><span style=\"font-family: Book Antiqua, serif;\"><span style=\"font-size: large;\"><b>S\u0141OWA EWANGELII WED\u0141UG \u015aWI\u0118TEGO MATEUSZA: <\/b><\/span><\/span><\/span><\/p>\n<p align=\"justify\"><span style=\"color: #000000;\"><span style=\"font-family: Book Antiqua, serif;\"><span style=\"font-size: large;\"><b>Tego dnia Jezus wyszed\u0142 z domu i usiad\u0142 nad jeziorem. Wnet zebra\u0142y si\u0119 ko\u0142o Niego t\u0142umy tak wielkie, \u017ce wszed\u0142 do \u0142odzi i usiad\u0142, a ca\u0142y lud sta\u0142 na brzegu. I m\u00f3wi\u0142 im wiele w przypowie\u015bciach tymi s\u0142owami: <\/b><\/span><\/span><\/span><\/p>\n<p align=\"justify\"><span style=\"color: #000000;\">\u201e<span style=\"font-family: Book Antiqua, serif;\"><span style=\"font-size: large;\"><b>Oto siewca wyszed\u0142 sia\u0107. A gdy sia\u0142, niekt\u00f3re ziarna pad\u0142y na drog\u0119, nadlecia\u0142y ptaki i wydzioba\u0142y je. Inne pad\u0142y na miejsca skaliste, gdzie niewiele mia\u0142y ziemi; i wnet powschodzi\u0142y, bo gleba nie by\u0142a g\u0142\u0119boka. Lecz gdy s\u0142o\u0144ce wzesz\u0142o, przypali\u0142y si\u0119 i usch\u0142y, bo nie mia\u0142y korzenia. Inne znowu pad\u0142y mi\u0119dzy ciernie, a ciernie wybuja\u0142y i zag\u0142uszy\u0142y je. Inne w ko\u0144cu pad\u0142y na ziemi\u0119 \u017cyzn\u0105 i plon wyda\u0142y, jedno stokrotny, drugie sze\u015b\u0107dziesi\u0119ciokrotny, a inne trzydziestokrotny. <\/b><\/span><\/span><\/span><\/p>\n<p align=\"justify\"><span style=\"color: #000000;\"><span style=\"font-family: Book Antiqua, serif;\"><span style=\"font-size: large;\"><b>Kto ma uszy, niechaj s\u0142ucha\u201d.<\/b><\/span><\/span><\/span><\/p>\n<p align=\"justify\"><span style=\"color: #000000;\"><span style=\"font-family: Book Antiqua, serif;\"><span style=\"font-size: large;\"><b>Przyst\u0105pili do Niego uczniowie i zapytali: \u201eDlaczego w przypowie\u015bciach m\u00f3wisz do nich?\u201d <\/b><\/span><\/span><\/span><\/p>\n<p align=\"justify\"><span style=\"color: #000000;\"><span style=\"font-family: Book Antiqua, serif;\"><span style=\"font-size: large;\"><b>On im odpowiedzia\u0142: \u201eWam dano pozna\u0107 tajemnice kr\u00f3lestwa niebieskiego, im za\u015b nie dano. Bo kto ma, temu b\u0119dzie dodane i nadmiar mie\u0107 b\u0119dzie; kto za\u015b nie ma, temu zabior\u0105 r\u00f3wnie\u017c to, co ma. Dlatego m\u00f3wi\u0119 do nich w przypowie\u015bciach, \u017ce otwartymi oczami nie widz\u0105 i otwartymi uszami nie s\u0142ysz\u0105 ani nie rozumiej\u0105. Tak spe\u0142nia si\u0119 na nich przepowiednia Izajasza: <\/b><\/span><\/span><\/span><\/p>\n<p align=\"justify\"><span style=\"color: #000000;\"><span style=\"font-family: Book Antiqua, serif;\"><span style=\"font-size: large;\"><b>\u00abS\u0142ucha\u0107 b\u0119dziecie, a nie zrozumiecie, patrze\u0107 b\u0119dziecie, a nie zobaczycie. Bo stwardnia\u0142o serce tego ludu, ich uszy st\u0119pia\u0142y i oczy swe zamkn\u0119li, \u017ceby oczami nie widzieli ani uszami nie s\u0142yszeli, ani swym sercem nie zrozumieli: i nie nawr\u00f3cili si\u0119, abym ich uzdrowi\u0142\u00bb. <\/b><\/span><\/span><\/span><\/p>\n<p align=\"justify\"><span style=\"color: #000000;\"><span style=\"font-family: Book Antiqua, serif;\"><span style=\"font-size: large;\"><b>Lecz szcz\u0119\u015bliwe oczy wasze, \u017ce widz\u0105, i uszy wasze, \u017ce s\u0142ysz\u0105. Bo zaprawd\u0119 powiadam wam: Wielu prorok\u00f3w i sprawiedliwych pragn\u0119\u0142o zobaczy\u0107 to, na co wy patrzycie, a nie ujrzeli; i us\u0142ysze\u0107 to, co wy s\u0142yszycie, a nie us\u0142yszeli. <\/b><\/span><\/span><\/span><\/p>\n<p align=\"justify\"><span style=\"color: #000000;\"><span style=\"font-family: Book Antiqua, serif;\"><span style=\"font-size: large;\"><b>Wy zatem pos\u0142uchajcie przypowie\u015bci o siewcy. Do ka\u017cdego, kto s\u0142ucha s\u0142owa o kr\u00f3lestwie, a nie rozumie go, przychodzi Z\u0142y i porywa to, co zasiane jest w jego sercu. Takiego cz\u0142owieka oznacza ziarno posiane na drodze. <\/b><\/span><\/span><\/span><\/p>\n<p align=\"justify\"><span style=\"color: #000000;\"><span style=\"font-family: Book Antiqua, serif;\"><span style=\"font-size: large;\"><b>Posiane na miejsca skaliste oznacza tego, kto s\u0142ucha s\u0142owa i natychmiast z rado\u015bci\u0105 je przyjmuje; ale nie ma w sobie korzenia, lecz jest niesta\u0142y. Gdy przyjdzie ucisk lub prze\u015bladowanie z powodu s\u0142owa, zaraz si\u0119 za\u0142amuje. <\/b><\/span><\/span><\/span><\/p>\n<p align=\"justify\"><span style=\"color: #000000;\"><span style=\"font-family: Book Antiqua, serif;\"><span style=\"font-size: large;\"><b>Posiane mi\u0119dzy ciernie oznacza tego, kto s\u0142ucha s\u0142owa, lecz troski doczesne i u\u0142uda bogactwa zag\u0142uszaj\u0105 s\u0142owo, tak \u017ce zostaje bezowocne. <\/b><\/span><\/span><\/span><\/p>\n<p align=\"justify\"><span style=\"color: #000000;\"><span style=\"font-family: Book Antiqua, serif;\"><span style=\"font-size: large;\"><b>Posiane w ko\u0144cu na ziemi\u0119 \u017cyzn\u0105 oznacza tego, kto s\u0142ucha s\u0142owa i rozumie je. On te\u017c wydaje plon: jeden stokrotny, drugi sze\u015b\u0107dziesi\u0119ciokrotny, inny trzydziestokrotny\u201d.<\/b><\/span><\/span><\/span><\/p>\n<p align=\"justify\">\n<p align=\"justify\">\n<p align=\"justify\">\n<p align=\"justify\">\n<p align=\"justify\">\n<p align=\"justify\"><span style=\"color: #000000;\"><span style=\"font-family: Book Antiqua, serif;\"><span style=\"font-size: large;\"><i><b>Oto siewca wyszed\u0142 sia\u0107.<\/b><\/i> Tymi s\u0142owami rozpoczyna si\u0119 ewangeliczna przypowie\u015b\u0107 Jezusa. <i><b>Oto siewca wyszed\u0142 sia\u0107.<\/b><\/i><b> <\/b>To zdanie jest wst\u0119pem do przypowie\u015bci, ale chyba jednocze\u015bnie kluczem do jej zrozumienia. <b>Siewca wychodzi, aby sia\u0107.<\/b> Niesie ziarno, wychodzi na pole, aby wrzuci\u0107 to ziarno w ziemi\u0119, <b>bo ma nadziej\u0119, \u017ce wyda ono plon.<\/b> Gdyby nie mia\u0142 tej nadziei, nie wyszed\u0142by na pole. I gdyby nie mia\u0142 przy sobie dobrego ziarna, r\u00f3wnie\u017c by nie wyszed\u0142 \u2013 <b>bo po co? <\/b><\/span><\/span><\/span><\/p>\n<p align=\"justify\"><span style=\"color: #000000;\"><span style=\"font-family: Book Antiqua, serif;\"><span style=\"font-size: large;\">Tylko maj\u0105c dobre ziarno, widz\u0105c przed sob\u0105 pole, \u017cyzne i urodzajne, wychodzi, aby sia\u0107. I to w\u0142a\u015bnie on wychodzi, to on idzie na pole. Mo\u017ce kto\u015b teraz zapyta,<b> po co m\u00f3wi\u0107 o takich oczywisto\u015bciach? <\/b>Przecie\u017c pole nie przyjdzie do rolnika.<\/span><\/span><\/span><\/p>\n<p align=\"justify\"><span style=\"color: #000000;\"><span style=\"font-family: Book Antiqua, serif;\"><span style=\"font-size: large;\">Tak, to prawda, s\u0105 to rzeczy bardzo oczywiste, ale wczytuj\u0105c si\u0119 w s\u0142owo Bo\u017ce, musimy <b>uwa\u017ca\u0107 na ka\u017cde pojedyncze s\u0142owo,<\/b> bo ka\u017cde ma znaczenie. <i><b>Siewca wyszed\u0142 <\/b><\/i><b>\u2013 <\/b>a wi\u0119c<b> uczyni\u0142 pierwszy krok.<\/b> Wie, \u017ce musi uczyni\u0107 ten krok, musi wyj\u015b\u0107 i wrzuci\u0107 dobre ziarno w ziemi\u0119. <b>Tyle do niego nale\u017cy \u2013<\/b><b> <\/b><b>i tyle od niego zale\u017cy!<\/b> Reszta ju\u017c nie nale\u017cy do niego. <\/span><\/span><\/span><\/p>\n<p align=\"justify\"><span style=\"color: #000000;\"><span style=\"font-family: Book Antiqua, serif;\"><span style=\"font-size: large;\"><b>I nie zale\u017cy od niego, czy ziarno padnie za ziemi\u0119 \u017cyzn\u0105, <\/b>czy na kamienie, czy mi\u0119dzy ciernie. Tak przynajmniej wynika z tre\u015bci opowiadania Jezusa, zapisanego w dzisiejszej Ewangelii. W\u0142a\u015bnie to On, Jezus Chrystus, jest takim Siewc\u0105. To On wychodzi ze swoim S\u0142owem. <b>On \u2013 pierwszy!<\/b><\/span><\/span><\/span><\/p>\n<p align=\"justify\"><span style=\"color: #000000;\"><span style=\"font-family: Book Antiqua, serif;\"><span style=\"font-size: large;\">Nie czeka, a\u017c cz\u0142owiek poprosi, nie domaga si\u0119 stania w d\u0142ugich kolejkach, pisania poda\u0144, szukania poparcia u znajomych, za\u0142atwiania za \u0142ap\u00f3wk\u0119. Ze<b> swoim S\u0142owem, <\/b>a wi\u0119c z tym dobrym ziarnem, <b>Jezus wychodzi do wszystkich.<\/b> Wychodzi pierwszy i rzuca to ziarno, wypowiada swoje S\u0142owo. <b>Tyle do Niego nale\u017cy<\/b> \u2013 da\u0107 nam swoje S\u0142owo. <\/span><\/span><\/span><\/p>\n<p align=\"justify\"><span style=\"color: #000000;\"><span style=\"font-family: Book Antiqua, serif;\"><span style=\"font-size: large;\">I <b>nic wi\u0119cej <\/b>Jezus nie mo\u017ce uczyni\u0107,<b> <\/b>bo przecie\u017c nie zmusi cz\u0142owieka, aby <b>zacz\u0105\u0142 wreszcie s\u0142ucha\u0107<\/b> czyta\u0144, Ewangelii i kaza\u0144 w czasie Mszy \u015awi\u0119tej; nie zmusi cz\u0142owieka, aby <b>po Pismo \u015awi\u0119te si\u0119ga\u0142 cz\u0119\u015bciej \u2013 <\/b><b>si\u0119ga\u0142 w og\u00f3le \u2013<\/b> a nie tylko odkurza\u0142 je przed wizyt\u0105 kol\u0119dow\u0105; nie zmusi nikogo do si\u0119gni\u0119cia po katolick\u0105 pras\u0119, do zagl\u0105dania na katolickie portale internetowe. On, Boski Siewca, wychodzi, aby sia\u0107, <b>a na jak\u0105 gleb\u0119 trafia to ziarno <\/b>\u2013 dobre ziarno?\u2026 W\u0142a\u015bnie!<\/span><\/span><\/span><\/p>\n<p align=\"justify\"><span style=\"color: #000000;\"><span style=\"font-family: Book Antiqua, serif;\"><span style=\"font-size: large;\">Warto nam dzisiaj zastanowi\u0107 si\u0119 \u2013 ka\u017cdy z nas indywidualnie musi to przemy\u015ble\u0107 \u2013 <b>jakie znaczenie ma dla mnie Bo\u017ce <\/b><b>s<\/b><b>\u0142owo?<\/b> Czy odr\u00f3\u017cniam Bo\u017ce s\u0142owo od tysi\u0119cy innych s\u0142\u00f3w, kt\u00f3rymi codziennie jestem zasypywany w telewizji, w radiu, w prasie, w internecie \u2013 w domu, w s\u0105siedztwie, w pracy?\u2026 Czy zdaj\u0119 sobie spraw\u0119, \u017ce<b> ws\u0142uchanie si\u0119 w Bo\u017ce <\/b><b>s<\/b><b>\u0142owo wymaga ciszy? <\/b><\/span><\/span><\/span><\/p>\n<p align=\"justify\"><span style=\"color: #000000;\"><span style=\"font-family: Book Antiqua, serif;\"><span style=\"font-size: large;\">S\u0142owo Bo\u017ce jest dobrym ziarnem, ale ziarno samo z siebie jeszcze nie przyniesie plonu, <b>je\u017celi nie padnie na dobr\u0105 gleb\u0119.<\/b> A wi\u0119c musz\u0119 w swoim domu, w\u015br\u00f3d wielu swoich spraw i zaj\u0119\u0107, wytworzy\u0107 tak\u0105 <b>dobr\u0105 atmosfer\u0119 do s\u0142uchania <\/b><b>s<\/b><b>\u0142owa Bo\u017cego. <\/b>Musz\u0119 przyj\u015b\u0107 na czas na Msz\u0119 \u015awi\u0119t\u0105, aby si\u0119 wyciszy\u0107, przygotowa\u0107, aby potem m\u00f3c uwa\u017cnie s\u0142ucha\u0107.<\/span><\/span><\/span><\/p>\n<p align=\"justify\"><span style=\"color: #000000;\"><span style=\"font-family: Book Antiqua, serif;\"><span style=\"font-size: large;\">Nie mog\u0119 w czasie Mszy \u015awi\u0119tej my\u015ble\u0107 o tysi\u0105cu przer\u00f3\u017cnych spraw. Na to b\u0119dzie czas w domu, na to jest ca\u0142y tydzie\u0144, <b>a ta szczeg\u00f3lna chwila, ta najwa\u017cniejsza godzina w tygodniu, <\/b>w trakcie kt\u00f3rej prze\u017cywam spotkanie z Jezusem na Mszy \u015awi\u0119tej, niech b\u0119dzie czasem ciszy i skupienia. Je\u017celi jestem w ko\u015bciele tylko cia\u0142em, <b>a duchem i my\u015blami jestem gdzie\u015b daleko, <\/b>to nie mog\u0119 m\u00f3wi\u0107 o s\u0142uchaniu S\u0142owa. Cz\u0119sto w czasie Mszy \u015awi\u0119tej nagle stwierdzamy, \u017ce ju\u017c wszystko zbli\u017ca si\u0119 do ko\u0144ca, a my nawet nie wiemy, kiedy ten czas up\u0142yn\u0105\u0142 \u2013 tak zaj\u0119li\u015bmy si\u0119 w\u0142asnymi my\u015blami. <\/span><\/span><\/span><\/p>\n<p align=\"justify\"><span style=\"color: #000000;\"><span style=\"font-family: Book Antiqua, serif;\"><span style=\"font-size: large;\">Owszem, niekiedy te nasze codzienne problemy rzeczywi\u015bcie mocno nas przyt\u0142aczaj\u0105 i po prostu <b>nie jeste\u015bmy w stanie si\u0119 od nich uwolni\u0107 <\/b>tak\u017ce w czasie Mszy \u015awi\u0119tej, ale wa\u017cne, \u017ceby\u015bmy chocia\u017c spr\u00f3bowali, postarali si\u0119 skierowa\u0107 my\u015bli i serce ku Bogu i Jego s\u0142owu \u2013 tak\u017ce po to, by <b>tam poszuka\u0107 rozwi\u0105zania<\/b> swoich problem\u00f3w.<\/span><\/span><\/span><\/p>\n<p align=\"justify\"><span style=\"color: #000000;\"><span style=\"font-family: Book Antiqua, serif;\"><span style=\"font-size: large;\">Bo w\u0142a\u015bnie wyciszenie i skupienie tworzy \u00f3w podatny grunt do tego, aby <i><b>troski doczesne i u\u0142uda bogactwa<\/b><\/i><b> \u2013<\/b> jak m\u00f3wi Jezus \u2013 nie zag\u0142uszy\u0142y S\u0142owa, nie przyt\u0142umi\u0142y ziarna. Oczywi\u015bcie, znacznie gorzej jest w przypadku<b> <\/b>tych, kt\u00f3rzy <b>w og\u00f3le nie przychodz\u0105 na niedzieln\u0105 Msz\u0119 \u015awi\u0119t\u0105!<\/b> Jezus \u2013 Siewca nie ma w\u00f3wczas nawet szansy wyj\u015b\u0107 do nich z ziarnem, aby posia\u0107 je na gleb\u0119 ich serc, gdy\u017c oni sami<b> broni\u0105 <\/b><b>Mu<\/b><b> <\/b><b>do nich <\/b><b>dost\u0119pu! <\/b>Jak\u017ce wa\u017cne jest danie Jezusowi szansy doj\u015bcia do nas. To od nas tylko zale\u017cy. On niczego nie zrobi za nas \u2013 niczego nie zrobi na si\u0142\u0119.<\/span><\/span><\/span><\/p>\n<p align=\"justify\"><span style=\"color: #000000;\"><span style=\"font-family: Book Antiqua, serif;\"><span style=\"font-size: large;\">Jak te\u017c bardzo wa\u017cn\u0105 jest <b>rozmowa w domu na temat us\u0142yszanego S\u0142owa, <\/b>na temat us\u0142yszanego kazania\u2026 Je\u015bli nawet nie zgadzam si\u0119 z jakim\u015b stwierdzeniem us\u0142yszanym na kazaniu, to przecie\u017c \u2013 je\u017celi ten temat jest obecny w naszych rozmowach \u2013 <b>sam<\/b><b>i<\/b><b> mam<\/b><b>y<\/b><b> szans\u0119 doj\u015bcia do jakich\u015b wniosk\u00f3w,<\/b> sami dla siebie wyci\u0105gniemy wskazania z us\u0142yszanego S\u0142owa. I o to chodzi \u2013 chodzi o to, aby\u015bmy sami <b>zacz<\/b><b>\u0119li<\/b><b> poszukiwa\u0107 prawdy, zawartej w Bo\u017cym <\/b><b>s<\/b><b>\u0142owie;<\/b> aby\u015bmy zacz\u0119li si\u0119 nim osobi\u015bcie interesowa\u0107, aby zacz\u0119\u0142o nam na nim tak naprawd\u0119 zale\u017ce\u0107. Je\u017celi b\u0119dziemy poszukiwa\u0107, je\u017celi b\u0119dziemy si\u0119 wg\u0142\u0119bia\u0107 w to S\u0142owo, <b>z pewno\u015bci\u0105 osi\u0105gn<\/b><b>iemy<\/b><b> zrozumienie. <\/b><\/span><\/span><\/span><\/p>\n<p align=\"justify\"><span style=\"color: #000000;\"><span style=\"font-family: Book Antiqua, serif;\"><span style=\"font-size: large;\">Najgorsza jest oboj\u0119tno\u015b\u0107! Postawa wyra\u017caj\u0105ca si\u0119 w takim oto nastawieniu: <b>\u201e<\/b><b>A p<\/b><b>o co <\/b><b>w og\u00f3le <\/b><b>s\u0142ucha\u0107? <\/b>Zawsze to samo, ju\u017c to s\u0142ysza\u0142em, o tym ju\u017c wiem, ksi\u0105dz zawsze o tym samym\u2026 Zreszt\u0105 \u2013 jego rzecz\u0105 jest m\u00f3wi\u0107, <b>bo za to mu p\u0142ac\u0105, <\/b>a ja mog\u0119 ewentualnie pos\u0142ucha\u0107, je\u017celi m\u00f3wi ciekawie, z polotem, z fantazj\u0105, albo mog\u0119 sobie nie s\u0142ucha\u0107 \u2013 i te\u017c b\u0119dzie dobrze. Kr\u00f3tko m\u00f3wi\u0105c: <b>jego rzecz\u0105 jest m\u00f3wi\u0107, a moj\u0105 \u2013 by\u0107 w ko\u015bciele, <\/b>bo taki jest przecie\u017c obowi\u0105zek.\u201d<\/span><\/span><\/span><\/p>\n<p align=\"justify\"><span style=\"color: #000000;\"><span style=\"font-family: Book Antiqua, serif;\"><span style=\"font-size: large;\">Musimy, moi Drodzy, odnawia\u0107 w sobie to spojrzenie na Msz\u0119 \u015awi\u0119t\u0105, na nasze w niej uczestnictwo. W czasie Mszy \u015awi\u0119tej<b> B\u00f3g naprawd\u0119 do nas m\u00f3wi, Chrystus sieje swoje ziarno.<\/b> Jest to ziarno dobre, owocne i obfite. S\u0142owo Bo\u017ce nigdy si\u0119 nie wyczerpie. Zawsze mo\u017cna odkry\u0107 w nim <b>co\u015b nowego. <\/b>I zawsze mo\u017cna w nim<b> znale\u017a\u0107 co\u015b dla siebie.<\/b><\/span><\/span><\/span><\/p>\n<p align=\"justify\"><span style=\"color: #000000;\"><span style=\"font-family: Book Antiqua, serif;\"><span style=\"font-size: large;\">Tak, ka\u017cdy z nas mo\u017ce znale\u017a\u0107 tam odpowied\u017a na swoje rodzinne i osobiste problemy i pytania. I cho\u0107by czyta\u0142 i s\u0142ucha\u0142 tych samych tre\u015bci tysi\u0105c razy, <b>to za tysi\u0105c pierwszym odkryje co\u015b nowego i co\u015b go zaskoczy.<\/b> Czasami wr\u0119cz mo\u017cna si\u0119 zadziwi\u0107, \u017ce tyle razy s\u0142uchali\u015bmy tego samego S\u0142owa, a tu taka nowa my\u015bl \u2013 \u017ce te\u017c dopiero teraz do tego dochodzimy. A jednak! <b>Oby\u015bmy tylko chcieli s\u0142ucha\u0107.<\/b><\/span><\/span><\/span><\/p>\n<p align=\"justify\"><span style=\"color: #000000;\"><span style=\"font-family: Book Antiqua, serif;\"><span style=\"font-size: large;\">Jest to niekiedy o tyle trudne, \u017ce s\u0142owo Bo\u017ce <b>nie zawsze jest s\u0142odkie i przyjemne. <\/b>Czasami musi zabole\u0107, a niekiedy wr\u0119cz zdenerwowa\u0107; musi wycisn\u0105\u0107 \u0142z\u0119 \u017calu i postanowienie poprawy, czasem to S\u0142owo musi wywo\u0142a\u0107 jak\u0105\u015b<b> konkretn\u0105 reakcj\u0119, zmobilizowa\u0107 do konkretne<\/b><b>go zachowania<\/b><b>.<\/b> Tak, jak gorzkie lekarstwo, kt\u00f3re przyjmujemy, chocia\u017c nam nie smakuje, ale ma si\u0119 ono przyczyni\u0107 do ochrony, lub odzyskania zdrowia \u2013 tak s\u0142owo Bo\u017ce musi by\u0107 nieraz<b> ostr<\/b><b>e<\/b><b> i wymagaj\u0105c<\/b><b>e<\/b><b>, czasem wr\u0119cz przykr<\/b><b>e<\/b><b>,<\/b> aby odnios\u0142o zamierzony skutek, aby przyczyni\u0142o si\u0119 do ochrony lub odzyskania zdrowia duchowego. <\/span><\/span><\/span><\/p>\n<p align=\"justify\"><span style=\"color: #000000;\"><span style=\"font-family: Book Antiqua, serif;\"><span style=\"font-size: large;\">Dlatego z ambony w ko\u015bciele <b>musz\u0105 niekiedy pa\u015b\u0107 s\u0142owa przestrogi, s\u0142owa upomnienia,<\/b> s\u0142owa krytyki niew\u0142a\u015bciwego post\u0119powania. S\u0142owa jasne i konkretne, <b>niekiedy mocne! <\/b>Tego domaga si\u0119 prawda, zawarta w Bo\u017cym s\u0142owie, w Ewangelii! Je\u015bliby z ambony pada\u0142y jedynie s\u0142owa pochlebstw i niczym nie uzasadnionych pochwa\u0142<b> \u2013 <\/b>w czasie, kiedy<b> dooko\u0142a dzia\u0142oby si\u0119 z\u0142o \u2013<\/b> to by oznacza\u0142o, \u017ce <b>nie jest siane ziarno, <\/b><b>tylko<\/b><b> plewy. <\/b>\u0141atwo je rozrzuca\u0107, jeszcze \u0142atwiej je przyjmowa\u0107, zbiera\u0107, ale trudno oczekiwa\u0107, aby owocowa\u0142y. <\/span><\/span><\/span><\/p>\n<p align=\"justify\"><span style=\"color: #000000;\"><span style=\"font-family: Book Antiqua, serif;\"><span style=\"font-size: large;\">Wydaje si\u0119, \u017ce dzisiaj jest wiele takich s\u0142\u00f3w, kt\u00f3re w\u0142a\u015bnie <b>przypominaj\u0105 plewy<\/b> \u2013 s\u0142\u00f3w bez znaczenia, pochlebstw, dos\u0142ownie: be\u0142kotu \u2013 a za ma\u0142o konkretnej prawdy, czasem <b>gorzkiej i wymagaj\u0105cej, ale warto\u015bciowej.<\/b><\/span><\/span><\/span><\/p>\n<p align=\"justify\"><span style=\"color: #000000;\"><span style=\"font-family: Book Antiqua, serif;\"><span style=\"font-size: large;\">Dlatego s\u0142uchajmy Bo\u017cego s\u0142owa, s\u0142uchajmy go uwa\u017cnie! <b>S\u0142owo Bo\u017ce jest s\u0142owem prawdy!<\/b> Trudno dzi\u015b oczekiwa\u0107 tej prawdy w telewizji, bo na pewno spad\u0142aby ogl\u0105dalno\u015b\u0107. I trudno jest jej spodziewa\u0107 si\u0119 w radiu, bo straci\u0142oby s\u0142uchaczy. I trudno j\u0105 znale\u017a\u0107 na wielu portalach internetowych, bo\u2026 jest taka ma\u0142o ciekawa\u2026 Dlatego tam cz\u0119sto us\u0142yszymy lub przeczytamy<b> <\/b><b>s\u0142owa \u0142atwe i przyjemne \u2013 <\/b>ewentualnie, jakie\u015b sensacyjne.<\/span><\/span><\/span><\/p>\n<p align=\"justify\"><span style=\"color: #000000;\"><span style=\"font-family: Book Antiqua, serif;\"><span style=\"font-size: large;\">Natomiast do ko\u015bcio\u0142a, s\u0142ucha\u0107 Bo\u017cego s\u0142owa, przychodz\u0105 ci, kt\u00f3rym<b> zale\u017cy na czym\u015b wi\u0119cej, <\/b>kt\u00f3rym<b> zale\u017cy na czym\u015b warto\u015bciowym.<\/b> Tu, w ko\u015bciele, us\u0142yszymy s\u0142owa prawdy, bo tu \u2013 w czasie ka\u017cdej Mszy \u015awi\u0119tej \u2013 Siewca wychodzi sia\u0107. <b>Oby trafia\u0142 na odpowiedni\u0105 gleb\u0119,<\/b> oby to dobre ziarno przynosi\u0142o plon stokrotny. Gdy zostanie przyj\u0119te otwartym sercem,<b> przemieni nasze \u017cycie.<\/b><\/span><\/span><\/span><\/p>\n<p align=\"justify\"><span style=\"color: #000000;\"><span style=\"font-family: Book Antiqua, serif;\"><span style=\"font-size: large;\">M\u00f3wi o tym pierwsze czytanie, w kt\u00f3rym s\u0142yszymy, \u017ce S\u0142owo, kt\u00f3re wychodzi z ust Bo\u017cych, <i><b>nie wraca <\/b><\/i><b>[<\/b><b>do Boga<\/b><b>]<\/b><i><b> bezowocne, zanim <\/b><\/i><i><b>w<\/b><\/i><i><b>pierw nie dokona tego, co <\/b><\/i><b>[<\/b><b>chcia\u0142<\/b><b>]<\/b><b> <\/b><i><b>i nie spe\u0142ni pomy\u015blnie swego pos\u0142annictwa. <\/b><\/i>A wi\u0119c jest to S\u0142owo skuteczne. S\u0142owo, kt\u00f3re przemienia cz\u0142owieka, przemienia go wewn\u0119trznie. <b>Nikt i nic nie oprze si\u0119 mocy tego S\u0142owa.<\/b> Ale jednocze\u015bnie jest to S\u0142owo, kt\u00f3re przemienia ludzkie relacje. <\/span><\/span><\/span><\/p>\n<p align=\"justify\"><span style=\"color: #000000;\"><span style=\"font-family: Book Antiqua, serif;\"><span style=\"font-size: large;\">Drugie czytanie m\u00f3wi o tym, \u017ce nie tylko sam cz\u0142owiek, ale<b> ca\u0142e stworzenie oczekuje przemiany.<\/b> Nie s\u0105 to twierdzenia bez pokrycia. S\u0142owo Bo\u017ce mo\u017ce przemienia\u0107 mi\u0119dzyludzkie relacje \u2013 mo\u017ce odnawia\u0107 oblicze \u015bwiata!<\/span><\/span><\/span><\/p>\n<p align=\"justify\"><span style=\"color: #000000;\"><span style=\"font-family: Book Antiqua, serif;\"><span style=\"font-size: large;\">A tak konkretnie, to s\u0142owo Bo\u017ce mo\u017ce stworzy\u0107 naprawd\u0119<b> dobr\u0105 atmosfer\u0119 <\/b><b>chocia\u017cby<\/b><b> w rodzinie \u2013<\/b> zapewne bowiem mieliby\u015bmy o wiele mniej zmartwie\u0144 i problem\u00f3w, mniej by\u0142oby k\u0142\u00f3tni i niezgody, mniej zazdro\u015bci i niezrozumienia, gdyby w naszych domach <b>wi\u0119cej czyta\u0142o si\u0119 Pisma \u015awi\u0119tego.<\/b> Tak\u017ce wsp\u00f3lnie, na g\u0142os, traktuj\u0105c to tak\u017ce jako wsp\u00f3ln\u0105 modlitw\u0119! Gdyby\u015bmy wi\u0119cej tego S\u0142owa czytali \u2013 i bardziej si\u0119 <b>nim na co dzie\u0144 kierowali\u2026 <\/b>Gdyby to, czego Jezus naucza\u0142, by\u0142o <b>sta\u0142\u0105 <\/b><b>zasad\u0105 naszego post\u0119powania.<\/b> Wymarzony stan rzeczy!<\/span><\/span><\/span><\/p>\n<p align=\"justify\"><span style=\"color: #000000;\"><span style=\"font-family: Book Antiqua, serif;\"><span style=\"font-size: large;\">\u017byjemy w czasach takich, a nie innych. Jedni m\u00f3wi\u0105,<b> \u017ce to dobre czasy,<\/b> dobrze im si\u0119 uk\u0142ada. Inni m\u00f3wi\u0105, <b>\u017ce<\/b> <b>czasy s\u0105 z\u0142e<\/b> \u2013 <b>tyle dzisiaj nienawi\u015bci; <\/b>cz\u0142owiek cz\u0142owiekowi wilkiem; tak du\u017co rozmaitych przest\u0119pstw. Co w\u0142\u0105czymy telewizor czy internet \u2013 to jaka\u015b nowa afera! A jednocze\u015bnie \u2013 <b>tyle dobra, wsp\u00f3\u0142czucia i solidarnej pomocy,<\/b> kiedy kogo\u015b spotka jakie\u015b wielkie nieszcz\u0119\u015bcie. Jak to pogodzi\u0107?\u2026<\/span><\/span><\/span><\/p>\n<p align=\"justify\"><span style=\"color: #000000;\"><span style=\"font-family: Book Antiqua, serif;\"><span style=\"font-size: large;\">Czy w jednym i drugim przypadku m\u00f3wimy<b> o tych<\/b><b> sam<\/b><b>ych<\/b><b> ludzi<\/b><b>ach<\/b><b>, czy inn<\/b><b>ych<\/b><b>?<\/b> Czy ci, kt\u00f3rzy dopuszczaj\u0105 si\u0119 wspomnianych przed chwil\u0105 przest\u0119pstw, <b>pochodz\u0105 ze z\u0142ych rodzin,<\/b> czy mo\u017ce niekiedy z bardzo dobrych i gorliwie wierz\u0105cych?<b> <\/b>Wiemy, \u017ce i tak si\u0119 zdarza. Sk\u0105d wi\u0119c w\u00f3wczas tyle z\u0142a? A mo\u017ce w\u0142a\u015bnie st\u0105d, \u017ce ca\u0142a wiara ogranicza\u0142a si\u0119 w ich przypadku<b> <\/b><b>do byle jak \u201ezaliczonej\u201d Mszy \u015awi\u0119tej i \u201eodklepanego paciorka\u201d,<\/b> a duchowe pole serca le\u017ca\u0142o od\u0142ogiem?\u2026<\/span><\/span><\/span><\/p>\n<p align=\"justify\"><span style=\"color: #000000;\"><span style=\"font-family: Book Antiqua, serif;\"><span style=\"font-size: large;\">I mo\u017ce w naszym \u017cyciu tak si\u0119 dzieje, \u017ce ju\u017c od kilku, kilkunastu, a mo\u017ce i kilkudziesi\u0119ciu lat Siewca wychodzi sia\u0107 i sieje swoje ziarno, czyni ten pierwszy krok, <b>a zawsze trafia na kamienie i ciernie? <\/b>Chyba nam wszystkim \u2013 tak, nam wszystkim, bez wyj\u0105tku, <b>pocz\u0105wszy ode mnie! <\/b>\u2013 potrzeba takiego g\u0142\u0119bokiego przemy\u015blenia i zastanowienia: Czy \u2013 i jak \u2013 s\u0142ucham S\u0142owa? Czy \u2013 i jak \u2013 \u017cyj\u0119 S\u0142owem? <b>Co odpowiem Bogu na S\u0105dzie, <\/b>gdy mnie zapyta o losy tego S\u0142owa w moim \u017cyciu?<\/span><\/span><\/span><\/p>\n<p align=\"justify\"><span style=\"color: #000000;\"><span style=\"font-family: Book Antiqua, serif;\"><span style=\"font-size: large;\">Dlatego dzisiaj gor\u0105co prosimy: Boski Siewco, <b>przyjd\u017a jeszcze raz, przychod\u017a zawsze ze swoim S\u0142owem <\/b>\u2013 dobrym ziarnem \u2013 i wsiewaj je obficie w gleb\u0119 naszych serc! Niech to ziarno kie\u0142kuje, niech owocuje, niech przynosi plon \u2013 plon stokrotny! Niech ujawni si\u0119<b> wewn\u0119trzna moc <\/b><b>tego ziarna. <\/b><\/span><\/span><\/span><\/p>\n<p align=\"justify\"><span style=\"color: #000000;\"><span style=\"font-family: Book Antiqua, serif;\"><span style=\"font-size: large;\">Ma\u0142e ziarenko zbo\u017ca ma w sobie<b> tak\u0105 ogromn\u0105 moc \u017cycia,<\/b> \u017ce kiedy przychodzi na to odpowiednia pora, przebija ziemi\u0119, wyrasta na zewn\u0105trz, staje si\u0119 wielkim k\u0142osem, zawieraj\u0105cym nowe ziarna. Niech ziarno Twojego s\u0142owa, Panie Jezu, <b>przebije skorup\u0119 m<\/b><b>oj<\/b><b>ego serca,<\/b> niech zaowocuje wieloma dobrymi uczynkami, kt\u00f3rych dokonam \u2013 kt\u00f3rych <b>to <\/b><b>ja w\u0142a\u015bnie dokonam,<\/b> nie ogl\u0105daj\u0105c si\u0119 na innych! <\/span><\/span><\/span><\/p>\n<p align=\"justify\"><span style=\"color: #000000;\"><span style=\"font-family: Book Antiqua, serif;\"><span style=\"font-size: large;\">Niech to S\u0142owo pomo\u017ce przebi\u0107 si\u0119 przez skorup\u0119 <b>wieloletniej mo\u017ce wrogo\u015bci <\/b>z s\u0105siadami,<b> zadawnionej nienawi\u015bci <\/b>w rodzinie\u2026 Boski Siewco, wychod\u017a zawsze ze swoim ziarnem, niech ono dokonuje jak najwi\u0119kszych rzeczy w naszej Parafii \u2013 tu, w Samogoszczy \u2013 w naszych wioskach, w naszym otoczeniu. <\/span><\/span><\/span><\/p>\n<p align=\"justify\"><span style=\"color: #000000;\"><span style=\"font-family: Book Antiqua, serif;\"><span style=\"font-size: large;\"><b>Nie pozw\u00f3l nam tego ziarna zag\u0142uszy\u0107, <\/b>nie pozw\u00f3l go zlekcewa\u017cy\u0107, nie pozw\u00f3l nam go zmarnowa\u0107!<b> <\/b>Uczy\u0144 nas uwa\u017cnymi s\u0142uchaczami S\u0142owa, <b>uczy\u0144 nas <\/b><b>jego <\/b><b>\u015bwiadkami! <\/b>Niech Twoje s\u0142owo dokona prawdziwej przemiany, niech uczyni prawdziw\u0105 rewolucj\u0119 w naszych sercach \u2013 prawdziwe trz\u0119sienie ziemi!<\/span><\/span><\/span><\/p>\n<p align=\"justify\"><span style=\"color: #000000;\"><span style=\"font-family: Book Antiqua, serif;\"><span style=\"font-size: large;\"><i><b>Oto Siewca wyszed\u0142 sia\u0107! <\/b><\/i>Wyjd\u017a do nas, Panie Jezu \u2013 Boski Siewco \u2013 po raz kolejny! Przyjd\u017a! <b>Zapraszamy\u2026 Czekamy\u2026 S\u0142uchamy\u2026<\/b><\/span><\/span><\/span><\/p>\n","protected":false},"excerpt":{"rendered":"<p>Niech b\u0119dzie pochwalony Jezus Chrystus! Moi Drodzy, w dniu dzisiejszym urodziny prze\u017cywa nasz Tato, Jan Ja\u015bkowski. Gdyby kto\u015b bardzo dopytywa\u0142, kt\u00f3re, to informuj\u0119, \u017ce \u2013 czytaj\u0105c liczb\u0119 lat od ty\u0142u \u2013 siedemnaste. Z ca\u0142ego serca podpisuj\u0119 si\u0119 pod tym, co napisa\u0142 Ksi\u0105dz Marek w swoim czwartkowym s\u0142\u00f3wku i na fb, pod zdj\u0119ciem naszego Taty z [&hellip;]<\/p>\n","protected":false},"author":1,"featured_media":0,"comment_status":"open","ping_status":"open","sticky":false,"template":"","format":"standard","meta":{"jetpack_post_was_ever_published":false,"_jetpack_newsletter_access":"","_jetpack_dont_email_post_to_subs":false,"_jetpack_newsletter_tier_id":0,"_jetpack_memberships_contains_paywalled_content":false,"_jetpack_memberships_contains_paid_content":false,"footnotes":""},"categories":[1],"tags":[],"class_list":["post-17371","post","type-post","status-publish","format-standard","hentry","category-bez-kategorii"],"yoast_head":"<!-- This site is optimized with the Yoast SEO plugin v25.1 - https:\/\/yoast.com\/wordpress\/plugins\/seo\/ -->\n<title>Pos\u0142uchajcie przypowie\u015bci o siewcy... - Gaudium Et Spes<\/title>\n<meta name=\"robots\" content=\"index, follow, max-snippet:-1, max-image-preview:large, max-video-preview:-1\" \/>\n<link rel=\"canonical\" href=\"https:\/\/gaudiumetspes-blog.pl\/index.php\/2020\/07\/12\/posluchajcie-przypowiesci-o-siewcy\/\" \/>\n<meta property=\"og:locale\" content=\"pl_PL\" \/>\n<meta property=\"og:type\" content=\"article\" \/>\n<meta property=\"og:title\" content=\"Pos\u0142uchajcie przypowie\u015bci o siewcy... - Gaudium Et Spes\" \/>\n<meta property=\"og:description\" content=\"Niech b\u0119dzie pochwalony Jezus Chrystus! Moi Drodzy, w dniu dzisiejszym urodziny prze\u017cywa nasz Tato, Jan Ja\u015bkowski. Gdyby kto\u015b bardzo dopytywa\u0142, kt\u00f3re, to informuj\u0119, \u017ce \u2013 czytaj\u0105c liczb\u0119 lat od ty\u0142u \u2013 siedemnaste. Z ca\u0142ego serca podpisuj\u0119 si\u0119 pod tym, co napisa\u0142 Ksi\u0105dz Marek w swoim czwartkowym s\u0142\u00f3wku i na fb, pod zdj\u0119ciem naszego Taty z [&hellip;]\" \/>\n<meta property=\"og:url\" content=\"https:\/\/gaudiumetspes-blog.pl\/index.php\/2020\/07\/12\/posluchajcie-przypowiesci-o-siewcy\/\" \/>\n<meta property=\"og:site_name\" content=\"Gaudium Et Spes\" \/>\n<meta property=\"article:published_time\" content=\"2020-07-12T03:32:06+00:00\" \/>\n<meta name=\"author\" content=\"Ks. Jacek\" \/>\n<meta name=\"twitter:card\" content=\"summary_large_image\" \/>\n<meta name=\"twitter:label1\" content=\"Napisane przez\" \/>\n\t<meta name=\"twitter:data1\" content=\"Ks. Jacek\" \/>\n\t<meta name=\"twitter:label2\" content=\"Szacowany czas czytania\" \/>\n\t<meta name=\"twitter:data2\" content=\"16 minut\" \/>\n<script type=\"application\/ld+json\" class=\"yoast-schema-graph\">{\"@context\":\"https:\/\/schema.org\",\"@graph\":[{\"@type\":\"WebPage\",\"@id\":\"https:\/\/gaudiumetspes-blog.pl\/index.php\/2020\/07\/12\/posluchajcie-przypowiesci-o-siewcy\/\",\"url\":\"https:\/\/gaudiumetspes-blog.pl\/index.php\/2020\/07\/12\/posluchajcie-przypowiesci-o-siewcy\/\",\"name\":\"Pos\u0142uchajcie przypowie\u015bci o siewcy... - Gaudium Et Spes\",\"isPartOf\":{\"@id\":\"https:\/\/gaudiumetspes-blog.pl\/#website\"},\"datePublished\":\"2020-07-12T03:32:06+00:00\",\"author\":{\"@id\":\"https:\/\/gaudiumetspes-blog.pl\/#\/schema\/person\/1661982992b752dea8dff0d4ed845a65\"},\"breadcrumb\":{\"@id\":\"https:\/\/gaudiumetspes-blog.pl\/index.php\/2020\/07\/12\/posluchajcie-przypowiesci-o-siewcy\/#breadcrumb\"},\"inLanguage\":\"pl-PL\",\"potentialAction\":[{\"@type\":\"ReadAction\",\"target\":[\"https:\/\/gaudiumetspes-blog.pl\/index.php\/2020\/07\/12\/posluchajcie-przypowiesci-o-siewcy\/\"]}]},{\"@type\":\"BreadcrumbList\",\"@id\":\"https:\/\/gaudiumetspes-blog.pl\/index.php\/2020\/07\/12\/posluchajcie-przypowiesci-o-siewcy\/#breadcrumb\",\"itemListElement\":[{\"@type\":\"ListItem\",\"position\":1,\"name\":\"Strona g\u0142\u00f3wna\",\"item\":\"https:\/\/gaudiumetspes-blog.pl\/\"},{\"@type\":\"ListItem\",\"position\":2,\"name\":\"Pos\u0142uchajcie przypowie\u015bci o&nbsp;siewcy&#8230;\"}]},{\"@type\":\"WebSite\",\"@id\":\"https:\/\/gaudiumetspes-blog.pl\/#website\",\"url\":\"https:\/\/gaudiumetspes-blog.pl\/\",\"name\":\"Gaudium Et Spes\",\"description\":\"Blog Ks. Jacka Ja\u015bkowskiego\",\"potentialAction\":[{\"@type\":\"SearchAction\",\"target\":{\"@type\":\"EntryPoint\",\"urlTemplate\":\"https:\/\/gaudiumetspes-blog.pl\/?s={search_term_string}\"},\"query-input\":{\"@type\":\"PropertyValueSpecification\",\"valueRequired\":true,\"valueName\":\"search_term_string\"}}],\"inLanguage\":\"pl-PL\"},{\"@type\":\"Person\",\"@id\":\"https:\/\/gaudiumetspes-blog.pl\/#\/schema\/person\/1661982992b752dea8dff0d4ed845a65\",\"name\":\"Ks. Jacek\",\"image\":{\"@type\":\"ImageObject\",\"inLanguage\":\"pl-PL\",\"@id\":\"https:\/\/gaudiumetspes-blog.pl\/#\/schema\/person\/image\/\",\"url\":\"https:\/\/gaudiumetspes-blog.pl\/wp-content\/uploads\/2019\/07\/avatar-JJ-150x150.jpg\",\"contentUrl\":\"https:\/\/gaudiumetspes-blog.pl\/wp-content\/uploads\/2019\/07\/avatar-JJ-150x150.jpg\",\"caption\":\"Ks. Jacek\"},\"description\":\"Witam serdecznie! K\u0142ania si\u0119 Ks. Jacek Ja\u015bkowski. Nie jestem ani kim\u015b wa\u017cnym, ani kim\u015b znanym. Jestem ksi\u0119dzem, kt\u00f3ry po prostu chce rozmawia\u0107. Codzienna kap\u0142a\u0144ska pos\u0142uga pokazuje mi, \u017ce temat\u00f3w do rozm\u00f3w z ksi\u0119dzem jest coraz wi\u0119cej i dzisiaj \u017caden ksi\u0105dz nie mo\u017ce od nich ucieka\u0107, ale - wprost przeciwnie - podejmowa\u0107 nowe wyzwania. To przekonanie sk\u0142oni\u0142o mnie do pr\u00f3by otwarcia tego\u017c bloga, chocia\u017c okazji do rozm\u00f3w na co dzie\u0144 - w konfesjonale i poza nim - na szcz\u0119\u015bcie nie brakuje. My\u015bl\u0119 jednak, \u017ce ten blog b\u0119dzie jeszcze jednym sposobem i przestrzeni\u0105 nawi\u0105zania kontaktu z lud\u017ami dobrej woli, otwartymi na dialog.\",\"url\":\"https:\/\/gaudiumetspes-blog.pl\/index.php\/author\/ks-jacek\/\"}]}<\/script>\n<!-- \/ Yoast SEO plugin. -->","yoast_head_json":{"title":"Pos\u0142uchajcie przypowie\u015bci o siewcy... - Gaudium Et Spes","robots":{"index":"index","follow":"follow","max-snippet":"max-snippet:-1","max-image-preview":"max-image-preview:large","max-video-preview":"max-video-preview:-1"},"canonical":"https:\/\/gaudiumetspes-blog.pl\/index.php\/2020\/07\/12\/posluchajcie-przypowiesci-o-siewcy\/","og_locale":"pl_PL","og_type":"article","og_title":"Pos\u0142uchajcie przypowie\u015bci o siewcy... - Gaudium Et Spes","og_description":"Niech b\u0119dzie pochwalony Jezus Chrystus! Moi Drodzy, w dniu dzisiejszym urodziny prze\u017cywa nasz Tato, Jan Ja\u015bkowski. Gdyby kto\u015b bardzo dopytywa\u0142, kt\u00f3re, to informuj\u0119, \u017ce \u2013 czytaj\u0105c liczb\u0119 lat od ty\u0142u \u2013 siedemnaste. Z ca\u0142ego serca podpisuj\u0119 si\u0119 pod tym, co napisa\u0142 Ksi\u0105dz Marek w swoim czwartkowym s\u0142\u00f3wku i na fb, pod zdj\u0119ciem naszego Taty z [&hellip;]","og_url":"https:\/\/gaudiumetspes-blog.pl\/index.php\/2020\/07\/12\/posluchajcie-przypowiesci-o-siewcy\/","og_site_name":"Gaudium Et Spes","article_published_time":"2020-07-12T03:32:06+00:00","author":"Ks. Jacek","twitter_card":"summary_large_image","twitter_misc":{"Napisane przez":"Ks. Jacek","Szacowany czas czytania":"16 minut"},"schema":{"@context":"https:\/\/schema.org","@graph":[{"@type":"WebPage","@id":"https:\/\/gaudiumetspes-blog.pl\/index.php\/2020\/07\/12\/posluchajcie-przypowiesci-o-siewcy\/","url":"https:\/\/gaudiumetspes-blog.pl\/index.php\/2020\/07\/12\/posluchajcie-przypowiesci-o-siewcy\/","name":"Pos\u0142uchajcie przypowie\u015bci o siewcy... - Gaudium Et Spes","isPartOf":{"@id":"https:\/\/gaudiumetspes-blog.pl\/#website"},"datePublished":"2020-07-12T03:32:06+00:00","author":{"@id":"https:\/\/gaudiumetspes-blog.pl\/#\/schema\/person\/1661982992b752dea8dff0d4ed845a65"},"breadcrumb":{"@id":"https:\/\/gaudiumetspes-blog.pl\/index.php\/2020\/07\/12\/posluchajcie-przypowiesci-o-siewcy\/#breadcrumb"},"inLanguage":"pl-PL","potentialAction":[{"@type":"ReadAction","target":["https:\/\/gaudiumetspes-blog.pl\/index.php\/2020\/07\/12\/posluchajcie-przypowiesci-o-siewcy\/"]}]},{"@type":"BreadcrumbList","@id":"https:\/\/gaudiumetspes-blog.pl\/index.php\/2020\/07\/12\/posluchajcie-przypowiesci-o-siewcy\/#breadcrumb","itemListElement":[{"@type":"ListItem","position":1,"name":"Strona g\u0142\u00f3wna","item":"https:\/\/gaudiumetspes-blog.pl\/"},{"@type":"ListItem","position":2,"name":"Pos\u0142uchajcie przypowie\u015bci o&nbsp;siewcy&#8230;"}]},{"@type":"WebSite","@id":"https:\/\/gaudiumetspes-blog.pl\/#website","url":"https:\/\/gaudiumetspes-blog.pl\/","name":"Gaudium Et Spes","description":"Blog Ks. Jacka Ja\u015bkowskiego","potentialAction":[{"@type":"SearchAction","target":{"@type":"EntryPoint","urlTemplate":"https:\/\/gaudiumetspes-blog.pl\/?s={search_term_string}"},"query-input":{"@type":"PropertyValueSpecification","valueRequired":true,"valueName":"search_term_string"}}],"inLanguage":"pl-PL"},{"@type":"Person","@id":"https:\/\/gaudiumetspes-blog.pl\/#\/schema\/person\/1661982992b752dea8dff0d4ed845a65","name":"Ks. Jacek","image":{"@type":"ImageObject","inLanguage":"pl-PL","@id":"https:\/\/gaudiumetspes-blog.pl\/#\/schema\/person\/image\/","url":"https:\/\/gaudiumetspes-blog.pl\/wp-content\/uploads\/2019\/07\/avatar-JJ-150x150.jpg","contentUrl":"https:\/\/gaudiumetspes-blog.pl\/wp-content\/uploads\/2019\/07\/avatar-JJ-150x150.jpg","caption":"Ks. Jacek"},"description":"Witam serdecznie! K\u0142ania si\u0119 Ks. Jacek Ja\u015bkowski. Nie jestem ani kim\u015b wa\u017cnym, ani kim\u015b znanym. Jestem ksi\u0119dzem, kt\u00f3ry po prostu chce rozmawia\u0107. Codzienna kap\u0142a\u0144ska pos\u0142uga pokazuje mi, \u017ce temat\u00f3w do rozm\u00f3w z ksi\u0119dzem jest coraz wi\u0119cej i dzisiaj \u017caden ksi\u0105dz nie mo\u017ce od nich ucieka\u0107, ale - wprost przeciwnie - podejmowa\u0107 nowe wyzwania. To przekonanie sk\u0142oni\u0142o mnie do pr\u00f3by otwarcia tego\u017c bloga, chocia\u017c okazji do rozm\u00f3w na co dzie\u0144 - w konfesjonale i poza nim - na szcz\u0119\u015bcie nie brakuje. My\u015bl\u0119 jednak, \u017ce ten blog b\u0119dzie jeszcze jednym sposobem i przestrzeni\u0105 nawi\u0105zania kontaktu z lud\u017ami dobrej woli, otwartymi na dialog.","url":"https:\/\/gaudiumetspes-blog.pl\/index.php\/author\/ks-jacek\/"}]}},"jetpack_featured_media_url":"","jetpack_sharing_enabled":true,"_links":{"self":[{"href":"https:\/\/gaudiumetspes-blog.pl\/index.php\/wp-json\/wp\/v2\/posts\/17371","targetHints":{"allow":["GET"]}}],"collection":[{"href":"https:\/\/gaudiumetspes-blog.pl\/index.php\/wp-json\/wp\/v2\/posts"}],"about":[{"href":"https:\/\/gaudiumetspes-blog.pl\/index.php\/wp-json\/wp\/v2\/types\/post"}],"author":[{"embeddable":true,"href":"https:\/\/gaudiumetspes-blog.pl\/index.php\/wp-json\/wp\/v2\/users\/1"}],"replies":[{"embeddable":true,"href":"https:\/\/gaudiumetspes-blog.pl\/index.php\/wp-json\/wp\/v2\/comments?post=17371"}],"version-history":[{"count":1,"href":"https:\/\/gaudiumetspes-blog.pl\/index.php\/wp-json\/wp\/v2\/posts\/17371\/revisions"}],"predecessor-version":[{"id":17372,"href":"https:\/\/gaudiumetspes-blog.pl\/index.php\/wp-json\/wp\/v2\/posts\/17371\/revisions\/17372"}],"wp:attachment":[{"href":"https:\/\/gaudiumetspes-blog.pl\/index.php\/wp-json\/wp\/v2\/media?parent=17371"}],"wp:term":[{"taxonomy":"category","embeddable":true,"href":"https:\/\/gaudiumetspes-blog.pl\/index.php\/wp-json\/wp\/v2\/categories?post=17371"},{"taxonomy":"post_tag","embeddable":true,"href":"https:\/\/gaudiumetspes-blog.pl\/index.php\/wp-json\/wp\/v2\/tags?post=17371"}],"curies":[{"name":"wp","href":"https:\/\/api.w.org\/{rel}","templated":true}]}}