{"id":17375,"date":"2020-07-14T05:01:57","date_gmt":"2020-07-14T03:01:57","guid":{"rendered":"https:\/\/gaudiumetspes-blog.pl\/?p=17375"},"modified":"2020-07-14T05:01:57","modified_gmt":"2020-07-14T03:01:57","slug":"co-o-tym-mysli-bog","status":"publish","type":"post","link":"https:\/\/gaudiumetspes-blog.pl\/index.php\/2020\/07\/14\/co-o-tym-mysli-bog\/","title":{"rendered":"Co o tym my\u015bli B\u00f3g?&#8230;"},"content":{"rendered":"<p align=\"justify\"><span style=\"color: #000000;\"><span style=\"font-family: Book Antiqua, serif;\"><span style=\"font-size: large;\">Szcz\u0119\u015b\u0107 Bo\u017ce! Moi Drodzy, w dniu dzisiejszym <b>imieniny prze\u017cywaj\u0105:<\/b><\/span><\/span><\/span><\/p>\n<p align=\"justify\"><span style=\"color: #000000;\">\u25ba<span style=\"font-family: Book Antiqua, serif;\"><span style=\"font-size: large;\"><b>Kamil \u015aledziewski, za moich czas\u00f3w: Lektor w Parafii w T\u0142uszczu;<\/b><\/span><\/span><\/span><\/p>\n<p align=\"justify\"><span style=\"color: #000000;\">\u25ba<span style=\"font-family: Book Antiqua, serif;\"><span style=\"font-size: large;\"><b>Kamil Krupa, za moich czas\u00f3w: Lektor w Parafii w Celestynowie;<\/b><\/span><\/span><\/span><\/p>\n<p align=\"justify\"><span style=\"color: #000000;\">\u25ba<span style=\"font-family: Book Antiqua, serif;\"><span style=\"font-size: large;\"><b>Kamil Charkiewicz, nale\u017c\u0105cy w swoim czasie do Wsp\u00f3lnoty m\u0142odzie\u017cowej w Bia\u0142ej Podlaskiej;<\/b><\/span><\/span><\/span><\/p>\n<p align=\"justify\"><span style=\"color: #000000;\">\u25ba<span style=\"font-family: Book Antiqua, serif;\"><span style=\"font-size: large;\"><b>Kamil Lewczuk \u2013 jak wy\u017cej;<\/b><\/span><\/span><\/span><\/p>\n<p align=\"justify\"><span style=\"color: #000000;\">\u25ba<span style=\"font-family: Book Antiqua, serif;\"><span style=\"font-size: large;\"><b>Kamil Sionek \u2013 \u017cyczliwy Cz\u0142owiek z Parafii w Miastkowie Ko\u015bcielnym;<\/b><\/span><\/span><\/span><\/p>\n<p align=\"justify\"><span style=\"color: #000000;\">\u25ba<span style=\"font-family: Book Antiqua, serif;\"><span style=\"font-size: large;\"><b>Arcybiskup Henryk Hoser \u2013 Biskup Senior Diecezji warszawsko \u2013 praskiej.<\/b><\/span><\/span><\/span><\/p>\n<p align=\"justify\"><span style=\"color: #000000;\"><span style=\"font-family: Book Antiqua, serif;\"><span style=\"font-size: large;\"><b>\u017bycz\u0119 Solenizantom bezb\u0142\u0119dnego odczytywania woli Bo\u017cej w odniesieniu do ka\u017cdej \u017cyciowej sytuacji, dziej\u0105cej si\u0119 w Ich \u017cyciu. Zapewniam o modlitwie!<\/b><\/span><\/span><\/span><\/p>\n<p align=\"justify\"><span style=\"color: #000000;\"><span style=\"font-family: Book Antiqua, serif;\"><span style=\"font-size: large;\">A Wszystkim \u017cycz\u0119 dobrego dnia!<\/span><\/span><\/span><\/p>\n<p align=\"justify\"><span style=\"color: #000000;\"><span style=\"font-family: Book Antiqua, serif;\"><span style=\"font-size: large;\"><b>Niech Was b\u0142ogos\u0142awi B\u00f3g Wszechmog\u0105cy: Ojciec + i Syn, i Duch \u015awi\u0119ty. Amen<\/b><\/span><\/span><\/span><\/p>\n<p align=\"center\"><span style=\"color: #000000;\"><span style=\"font-family: Book Antiqua, serif;\"><span style=\"font-size: large;\">Gaudium et spes! Ks. Jacek<\/span><\/span><\/span><\/p>\n<p align=\"center\">\n<p align=\"center\">\n<p align=\"center\">\n<p align=\"center\">\n<p align=\"center\">\n<p align=\"justify\"><span style=\"color: #000000;\"><span style=\"font-family: Book Antiqua, serif;\"><span style=\"font-size: large;\"><b>Wtorek 15 Tygodnia zwyk\u0142ego, rok II,<\/b><\/span><\/span><\/span><\/p>\n<p align=\"justify\"><span style=\"color: #000000;\"><span style=\"font-family: Book Antiqua, serif;\"><span style=\"font-size: large;\"><b>14 lipca 2020.,<\/b><\/span><\/span><\/span><\/p>\n<p align=\"justify\"><span style=\"color: #000000;\"><span style=\"font-family: Book Antiqua, serif;\"><span style=\"font-size: large;\"><b>do czyta\u0144: Iz 7,1\u20139; Mt 11,20\u201324<\/b><\/span><\/span><\/span><\/p>\n<p align=\"justify\">\n<p align=\"justify\">\n<p align=\"justify\">\n<p align=\"justify\">\n<p align=\"justify\">\n<p align=\"justify\"><span style=\"color: #000000;\"><span style=\"font-family: Book Antiqua, serif;\"><span style=\"font-size: large;\"><b>CZYTANIE Z KSI\u0118GI PROROKA IZAJASZA: <\/b><\/span><\/span><\/span><\/p>\n<p align=\"justify\"><span style=\"color: #000000;\"><span style=\"font-family: Book Antiqua, serif;\"><span style=\"font-size: large;\"><b>Za czas\u00f3w Achaza, syna Jotama, syna Ozjasza, kr\u00f3la Judy, wyruszy\u0142 Resin, kr\u00f3l Syrii, z Pekachem, synem Remaliasza, kr\u00f3lem Izraela, przeciw Jerozolimie, aby z ni\u0105 toczy\u0107 wojn\u0119, ale nie m\u00f3g\u0142 jej zdoby\u0107. I przyniesiono t\u0119 wiadomo\u015b\u0107 do domu Dawida: \u201eSyria stan\u0119\u0142a obozem w Efraimie!\u201d W\u00f3wczas zadr\u017ca\u0142o serce kr\u00f3la i serce ludu jego, jak dr\u017c\u0105 drzewa w lesie od wichru.<\/b><\/span><\/span><\/span><\/p>\n<p align=\"justify\"><span style=\"color: #000000;\"><span style=\"font-family: Book Antiqua, serif;\"><span style=\"font-size: large;\"><b>Pan za\u015b rzek\u0142 do Izajasza: \u201eWyjd\u017a\u017ce naprzeciw Achaza, ty i tw\u00f3j synek, Szear\u2013Jaszub, na koniec kana\u0142u Wy\u017cszej Sadzawki, na drog\u0119 Pola Folusznika, i powiesz do niego:<\/b><\/span><\/span><\/span><\/p>\n<p align=\"justify\"><span style=\"color: #000000;\"><span style=\"font-family: Book Antiqua, serif;\"><span style=\"font-size: large;\"><b>\u00abUwa\u017caj, b\u0105d\u017a spokojny, nie b\u00f3j si\u0119. Niech twoje serce nie s\u0142abnie z powodu tych dw\u00f3ch niedopa\u0142k\u00f3w dymi\u0105cych g\u0142owni, z powodu zaciek\u0142o\u015bci Resina, Syryjczyk\u00f3w i syna Remaliasza: dlatego \u017ce Syryjczycy, Efraim i syn Remaliasza postanowili tw\u0105 zgub\u0119, m\u00f3wi\u0105c: Wtargnijmy do Judy, przera\u017amy j\u0105 i podbijmy dla siebie, a kr\u00f3lem nad ni\u0105 ustanowimy syna Tabeela.<\/b><\/span><\/span><\/span><\/p>\n<p align=\"justify\"><span style=\"color: #000000;\"><span style=\"font-family: Book Antiqua, serif;\"><span style=\"font-size: large;\"><b>Tak m\u00f3wi Pan B\u00f3g: Nic z tego, nie stanie si\u0119 tak! Bo stolic\u0105 Syrii jest Damaszek, a g\u0142ow\u0105 Damaszku Resin; i stolic\u0105 Efraima jest Samaria, a g\u0142ow\u0105 Samarii syn Remaliasza; ale jeszcze sze\u015b\u0107dziesi\u0105t pi\u0119\u0107 lat, a Efraim, zdruzgotany, przestanie by\u0107 narodem. Je\u017celi nie uwierzycie, nie ostoicie si\u0119\u00bb\u201d.<\/b><\/span><\/span><\/span><\/p>\n<p align=\"justify\">\n<p align=\"justify\">\n<p align=\"justify\">\n<p align=\"justify\">\n<p align=\"justify\">\n<p align=\"justify\"><span style=\"color: #000000;\"><span style=\"font-family: Book Antiqua, serif;\"><span style=\"font-size: large;\"><b>S\u0141OWA EWANGELII WED\u0141UG \u015aWI\u0118TEGO MATEUSZA:<\/b><\/span><\/span><\/span><\/p>\n<p align=\"justify\"><span style=\"color: #000000;\"><span style=\"font-family: Book Antiqua, serif;\"><span style=\"font-size: large;\"><b>Jezus pocz\u0105\u0142 czyni\u0107 wyrzuty miastom, w kt\u00f3rych najwi\u0119cej Jego cud\u00f3w si\u0119 dokona\u0142o, \u017ce si\u0119 nie nawr\u00f3ci\u0142y.<\/b><\/span><\/span><\/span><\/p>\n<p align=\"justify\"><span style=\"color: #000000;\">\u201e<span style=\"font-family: Book Antiqua, serif;\"><span style=\"font-size: large;\"><b>Biada tobie, Korozain! Biada tobie, Betsaido! Bo gdyby w Tyrze i Sydonie dzia\u0142y si\u0119 cuda, kt\u00f3re u was si\u0119 dokona\u0142y, ju\u017c dawno w worze i w popiele by si\u0119 nawr\u00f3ci\u0142y. Tote\u017c powiadam wam: Tyrowi i Sydonowi l\u017cej b\u0119dzie w dzie\u0144 s\u0105du ni\u017c wam.<\/b><\/span><\/span><\/span><\/p>\n<p align=\"justify\"><span style=\"color: #000000;\"><span style=\"font-family: Book Antiqua, serif;\"><span style=\"font-size: large;\"><b>A ty, Kafarnaum, czy a\u017c do nieba masz by\u0107 wyniesione? A\u017c do Otch\u0142ani zejdziesz. Bo gdyby w Sodomie dzia\u0142y si\u0119 cuda, kt\u00f3re si\u0119 w tobie dokona\u0142y, zosta\u0142aby a\u017c do dnia dzisiejszego. Tote\u017c powiadam wam: Ziemi sodomskiej l\u017cej b\u0119dzie w dzie\u0144 s\u0105du ni\u017c tobie\u201d.<\/b><\/span><\/span><\/span><\/p>\n<p align=\"justify\">\n<p align=\"justify\">\n<p align=\"justify\">\n<p align=\"justify\">\n<p align=\"justify\">\n<p align=\"justify\"><span style=\"color: #000000;\"><span style=\"font-family: Book Antiqua, serif;\"><span style=\"font-size: large;\">Mocno brzmi\u0105 te s\u0142owa Boga, kt\u00f3rymi podsumowa\u0142 wszelkie ludzkie kombinacje i z\u0142e zamierzenia: <i><b>Nic z tego, nie stanie si\u0119 tak!<\/b><\/i><b> <\/b>Ju\u017c nawet nie wchodz\u0105c w historyczne konteksty, wiemy jednak, \u017ce chodzi tu <b>o wojenne plany wobec Jerozolimy.<\/b> Poniewa\u017c wyra\u017anie sprzeciwiaj\u0105 si\u0119 one planom Bo\u017cym, przeto B\u00f3g kwituje je tym w\u0142a\u015bnie kr\u00f3tkim stwierdzeniem: <i><b>Nic z tego, nie stanie si\u0119 tak! <\/b><\/i>I tyle w temacie \u2013 jak by\u015bmy rzekli dzisiaj. <\/span><\/span><\/span><\/p>\n<p align=\"justify\"><span style=\"color: #000000;\"><span style=\"font-family: Book Antiqua, serif;\"><span style=\"font-size: large;\">Oczywi\u015bcie, B\u00f3g wypowiada jeszcze inne s\u0142owa i zapewnienia, szerzej t\u0142umaczy, na czym b\u0119dzie polega\u0142o Jego wspieraj\u0105ce dzia\u0142anie, ale najmocniejsze wra\u017cenie czyni to w\u0142a\u015bnie zdanie: <i><b>Nic z tego, nie stanie si\u0119 tak!<\/b><\/i><b> <\/b>Ludzie mog\u0105 sobie kombinowa\u0107, mog\u0105 zawi\u0105zywa\u0107 najbardziej rozbudowane koalicje i pakty, mog\u0105 planowa\u0107 najdalej posuni\u0119te dzia\u0142ania\u2026 Jedno zdanie Boga przekre\u015bla to wszystko: <i><b>Nic z tego, nie stanie si\u0119 tak!<\/b><\/i> <\/span><\/span><\/span><\/p>\n<p align=\"justify\"><span style=\"color: #000000;\"><span style=\"font-family: Book Antiqua, serif;\"><span style=\"font-size: large;\">Je\u017celi cz\u0142owiek \u2013 w obliczu zagro\u017cenia \u2013 zaufa Bogu i do Niego zwr\u00f3ci si\u0119 o pomoc, w\u00f3wczas <b>\u017cadna ludzka pot\u0119ga<\/b> nie jest w stanie niczego z\u0142ego uczyni\u0107, ani w \u017caden spos\u00f3b zagrozi\u0107. Gorzej, je\u017celi tego zaufania zabraknie\u2026 Ju\u017c w pierwszym czytaniu jest to jasno wyra\u017cone w s\u0142owach: <i><b>Je\u017celi nie uwierzycie, nie ostoicie si\u0119. <\/b><\/i><\/span><\/span><\/span><\/p>\n<p align=\"justify\"><span style=\"color: #000000;\"><span style=\"font-family: Book Antiqua, serif;\"><span style=\"font-size: large;\">A w Ewangelii sam Jezus czyni <i><b>wyrzuty miastom, w kt\u00f3rych najwi\u0119cej Jego cud\u00f3w si\u0119 dokona\u0142o, \u017ce si\u0119 nie nawr\u00f3ci\u0142y.<\/b><\/i> W kontek\u015bcie kilkakrotnie cytowanego zdania z pierwszego czytania \u2013 mo\u017cna powiedzie\u0107, odniesieniu do nich: <b>Dok\u0142adnie, stanie si\u0119 tak! <\/b>Stanie si\u0119 tak, jak m\u00f3wi Jezus. Czyli \u2013 konkretnie \u2013 Korozain, Betsaida, Kafarnaum <b>zostan\u0105 pokonane.<\/b> Skoro B\u00f3g tak powiedzia\u0142 \u2013 Bo\u017cy Syn \u2013 to nie ma znaczenia, co powiedz\u0105 ludzie. <\/span><\/span><\/span><\/p>\n<p align=\"justify\"><span style=\"color: #000000;\"><span style=\"font-family: Book Antiqua, serif;\"><span style=\"font-size: large;\">A ludzie, mieszka\u0144cy tych miast \u2013 nie s\u0142yszymy tego wprost, ale mo\u017cemy si\u0119 domy\u015bla\u0107 \u2013 na pewno byli przekonani, \u017ce <b>nic takiego si\u0119 nie stanie.<\/b> Nie s\u0142yszymy \u017cadnego zdania, wprost wyra\u017conego, ale <b>ich postawa wyra\u017anie na <\/b><b>to <\/b><b>wskazuje: <\/b>skoro nie nawr\u00f3cili si\u0119, pomimo nawo\u0142ywania\u2026 Oznacza to, \u017ce sami sobie powiedzieli: <i><b>Nic z tego, nie stanie si\u0119 tak! <\/b><\/i><\/span><\/span><\/span><\/p>\n<p align=\"justify\"><span style=\"color: #000000;\"><span style=\"font-family: Book Antiqua, serif;\"><span style=\"font-size: large;\">Problem w tym, \u017ce to powiedzieli \u2013 albo pomy\u015bleli, albo tak przekonani byli \u2013 <b>sami ludzie, nie B\u00f3g! <\/b>A to nie wr\u00f3\u017cy niczego dobrego. Bo fakt, \u017ce ludzie m\u00f3wi\u0105 sobie to, czy tamto, zupe\u0142nie si\u0119 przy tym nie licz\u0105c z Bogiem, nie jest dobrym znakiem. I trudno liczy\u0107 na to, by takie oczekiwania czy zapewnienia \u2013 powiedzmy wprost: <b>zaklinanie rzeczywisto\u015bci \u2013 mia\u0142oby si\u0119 spe\u0142ni\u0107.<\/b><\/span><\/span><\/span><\/p>\n<p align=\"justify\"><span style=\"color: #000000;\"><span style=\"font-family: Book Antiqua, serif;\"><span style=\"font-size: large;\">Dlatego dobrze by\u0142oby, moi Drodzy, aby\u015bmy wszyscy \u2013 pocz\u0105wszy od nas, ksi\u0119\u017cy i os\u00f3b \u201ez urz\u0119du\u201d niejako oddanych na s\u0142u\u017cb\u0119 Bogu \u2013 zawsze <b>starali si\u0119 odczyta\u0107,<\/b> co w odniesieniu do danej, konkretnej sytuacji, <b>my\u015bli B\u00f3g.<\/b> Jak On j\u0105 ocenia. Jak ta sytuacja <b>wygl\u0105da w Jego oczach. <\/b>Aby\u015bmy sami nie przypisywali sobie prawa oceniania \u2013 wed\u0142ug w\u0142asnych, prywatnych, <b>bardzo subiektywnych<\/b><b> kryteri\u00f3w<\/b> \u2013 poszczeg\u00f3lnych wydarze\u0144, czy ludzkich postaw. A je\u017celi je oceniamy, to tylko z Bo\u017cej perspektywy i wed\u0142ug Bo\u017cych kryteri\u00f3w. <\/span><\/span><\/span><\/p>\n<p align=\"justify\"><span style=\"color: #000000;\"><span style=\"font-family: Book Antiqua, serif;\"><span style=\"font-size: large;\">Aby\u015bmy nie tworzyli jakich\u015b intelektualnych konstrukcji, jakich teorii czy przewidywa\u0144, kt\u00f3re mo\u017ce jeszcze innym b\u0119dziemy narzucali lub sugerowali, a kt\u00f3re B\u00f3g skwituje jednym kr\u00f3tkim: <i><b>Nic z tego, nie stanie si\u0119 tak! <\/b><\/i><\/span><\/span><\/span><\/p>\n<p align=\"justify\"><span style=\"color: #000000;\"><span style=\"font-family: Book Antiqua, serif;\"><span style=\"font-size: large;\">Co zatem b\u0119d\u0119 robi\u0142, aby w konkretnej sytuacji odczyta\u0107 Bo\u017cy zamys\u0142? W jaki spos\u00f3b b\u0119d\u0119 si\u0119 stara\u0142 tego dowiedzie\u0107? Jak wyostrz\u0119 sw\u00f3j wzrok i s\u0142uch, aby <b>odebra\u0107 Bo\u017ce sygna\u0142y i znaki Jego woli <\/b>w odniesieniu do wydarze\u0144 i postaw, kt\u00f3re codziennie dokonuj\u0105 si\u0119 w mojej przestrzeni?<\/span><\/span><\/span><\/p>\n","protected":false},"excerpt":{"rendered":"<p>Szcz\u0119\u015b\u0107 Bo\u017ce! Moi Drodzy, w dniu dzisiejszym imieniny prze\u017cywaj\u0105: \u25baKamil \u015aledziewski, za moich czas\u00f3w: Lektor w Parafii w T\u0142uszczu; \u25baKamil Krupa, za moich czas\u00f3w: Lektor w Parafii w Celestynowie; \u25baKamil Charkiewicz, nale\u017c\u0105cy w swoim czasie do Wsp\u00f3lnoty m\u0142odzie\u017cowej w Bia\u0142ej Podlaskiej; \u25baKamil Lewczuk \u2013 jak wy\u017cej; \u25baKamil Sionek \u2013 \u017cyczliwy Cz\u0142owiek z Parafii w Miastkowie [&hellip;]<\/p>\n","protected":false},"author":1,"featured_media":0,"comment_status":"open","ping_status":"open","sticky":false,"template":"","format":"standard","meta":{"jetpack_post_was_ever_published":false,"_jetpack_newsletter_access":"","_jetpack_dont_email_post_to_subs":false,"_jetpack_newsletter_tier_id":0,"_jetpack_memberships_contains_paywalled_content":false,"_jetpack_memberships_contains_paid_content":false,"footnotes":""},"categories":[1],"tags":[],"class_list":["post-17375","post","type-post","status-publish","format-standard","hentry","category-bez-kategorii"],"yoast_head":"<!-- This site is optimized with the Yoast SEO plugin v25.1 - https:\/\/yoast.com\/wordpress\/plugins\/seo\/ -->\n<title>Co o tym my\u015bli B\u00f3g?... - Gaudium Et Spes<\/title>\n<meta name=\"robots\" content=\"index, follow, max-snippet:-1, max-image-preview:large, max-video-preview:-1\" \/>\n<link rel=\"canonical\" href=\"https:\/\/gaudiumetspes-blog.pl\/index.php\/2020\/07\/14\/co-o-tym-mysli-bog\/\" \/>\n<meta property=\"og:locale\" content=\"pl_PL\" \/>\n<meta property=\"og:type\" content=\"article\" \/>\n<meta property=\"og:title\" content=\"Co o tym my\u015bli B\u00f3g?... - Gaudium Et Spes\" \/>\n<meta property=\"og:description\" content=\"Szcz\u0119\u015b\u0107 Bo\u017ce! Moi Drodzy, w dniu dzisiejszym imieniny prze\u017cywaj\u0105: \u25baKamil \u015aledziewski, za moich czas\u00f3w: Lektor w Parafii w T\u0142uszczu; \u25baKamil Krupa, za moich czas\u00f3w: Lektor w Parafii w Celestynowie; \u25baKamil Charkiewicz, nale\u017c\u0105cy w swoim czasie do Wsp\u00f3lnoty m\u0142odzie\u017cowej w Bia\u0142ej Podlaskiej; \u25baKamil Lewczuk \u2013 jak wy\u017cej; \u25baKamil Sionek \u2013 \u017cyczliwy Cz\u0142owiek z Parafii w Miastkowie [&hellip;]\" \/>\n<meta property=\"og:url\" content=\"https:\/\/gaudiumetspes-blog.pl\/index.php\/2020\/07\/14\/co-o-tym-mysli-bog\/\" \/>\n<meta property=\"og:site_name\" content=\"Gaudium Et Spes\" \/>\n<meta property=\"article:published_time\" content=\"2020-07-14T03:01:57+00:00\" \/>\n<meta name=\"author\" content=\"Ks. Jacek\" \/>\n<meta name=\"twitter:card\" content=\"summary_large_image\" \/>\n<meta name=\"twitter:label1\" content=\"Napisane przez\" \/>\n\t<meta name=\"twitter:data1\" content=\"Ks. Jacek\" \/>\n\t<meta name=\"twitter:label2\" content=\"Szacowany czas czytania\" \/>\n\t<meta name=\"twitter:data2\" content=\"6 minut\" \/>\n<script type=\"application\/ld+json\" class=\"yoast-schema-graph\">{\"@context\":\"https:\/\/schema.org\",\"@graph\":[{\"@type\":\"WebPage\",\"@id\":\"https:\/\/gaudiumetspes-blog.pl\/index.php\/2020\/07\/14\/co-o-tym-mysli-bog\/\",\"url\":\"https:\/\/gaudiumetspes-blog.pl\/index.php\/2020\/07\/14\/co-o-tym-mysli-bog\/\",\"name\":\"Co o tym my\u015bli B\u00f3g?... - Gaudium Et Spes\",\"isPartOf\":{\"@id\":\"https:\/\/gaudiumetspes-blog.pl\/#website\"},\"datePublished\":\"2020-07-14T03:01:57+00:00\",\"author\":{\"@id\":\"https:\/\/gaudiumetspes-blog.pl\/#\/schema\/person\/1661982992b752dea8dff0d4ed845a65\"},\"breadcrumb\":{\"@id\":\"https:\/\/gaudiumetspes-blog.pl\/index.php\/2020\/07\/14\/co-o-tym-mysli-bog\/#breadcrumb\"},\"inLanguage\":\"pl-PL\",\"potentialAction\":[{\"@type\":\"ReadAction\",\"target\":[\"https:\/\/gaudiumetspes-blog.pl\/index.php\/2020\/07\/14\/co-o-tym-mysli-bog\/\"]}]},{\"@type\":\"BreadcrumbList\",\"@id\":\"https:\/\/gaudiumetspes-blog.pl\/index.php\/2020\/07\/14\/co-o-tym-mysli-bog\/#breadcrumb\",\"itemListElement\":[{\"@type\":\"ListItem\",\"position\":1,\"name\":\"Strona g\u0142\u00f3wna\",\"item\":\"https:\/\/gaudiumetspes-blog.pl\/\"},{\"@type\":\"ListItem\",\"position\":2,\"name\":\"Co o&nbsp;tym my\u015bli B\u00f3g?&#8230;\"}]},{\"@type\":\"WebSite\",\"@id\":\"https:\/\/gaudiumetspes-blog.pl\/#website\",\"url\":\"https:\/\/gaudiumetspes-blog.pl\/\",\"name\":\"Gaudium Et Spes\",\"description\":\"Blog Ks. Jacka Ja\u015bkowskiego\",\"potentialAction\":[{\"@type\":\"SearchAction\",\"target\":{\"@type\":\"EntryPoint\",\"urlTemplate\":\"https:\/\/gaudiumetspes-blog.pl\/?s={search_term_string}\"},\"query-input\":{\"@type\":\"PropertyValueSpecification\",\"valueRequired\":true,\"valueName\":\"search_term_string\"}}],\"inLanguage\":\"pl-PL\"},{\"@type\":\"Person\",\"@id\":\"https:\/\/gaudiumetspes-blog.pl\/#\/schema\/person\/1661982992b752dea8dff0d4ed845a65\",\"name\":\"Ks. Jacek\",\"image\":{\"@type\":\"ImageObject\",\"inLanguage\":\"pl-PL\",\"@id\":\"https:\/\/gaudiumetspes-blog.pl\/#\/schema\/person\/image\/\",\"url\":\"https:\/\/gaudiumetspes-blog.pl\/wp-content\/uploads\/2019\/07\/avatar-JJ-150x150.jpg\",\"contentUrl\":\"https:\/\/gaudiumetspes-blog.pl\/wp-content\/uploads\/2019\/07\/avatar-JJ-150x150.jpg\",\"caption\":\"Ks. Jacek\"},\"description\":\"Witam serdecznie! K\u0142ania si\u0119 Ks. Jacek Ja\u015bkowski. Nie jestem ani kim\u015b wa\u017cnym, ani kim\u015b znanym. Jestem ksi\u0119dzem, kt\u00f3ry po prostu chce rozmawia\u0107. Codzienna kap\u0142a\u0144ska pos\u0142uga pokazuje mi, \u017ce temat\u00f3w do rozm\u00f3w z ksi\u0119dzem jest coraz wi\u0119cej i dzisiaj \u017caden ksi\u0105dz nie mo\u017ce od nich ucieka\u0107, ale - wprost przeciwnie - podejmowa\u0107 nowe wyzwania. To przekonanie sk\u0142oni\u0142o mnie do pr\u00f3by otwarcia tego\u017c bloga, chocia\u017c okazji do rozm\u00f3w na co dzie\u0144 - w konfesjonale i poza nim - na szcz\u0119\u015bcie nie brakuje. My\u015bl\u0119 jednak, \u017ce ten blog b\u0119dzie jeszcze jednym sposobem i przestrzeni\u0105 nawi\u0105zania kontaktu z lud\u017ami dobrej woli, otwartymi na dialog.\",\"url\":\"https:\/\/gaudiumetspes-blog.pl\/index.php\/author\/ks-jacek\/\"}]}<\/script>\n<!-- \/ Yoast SEO plugin. -->","yoast_head_json":{"title":"Co o tym my\u015bli B\u00f3g?... - Gaudium Et Spes","robots":{"index":"index","follow":"follow","max-snippet":"max-snippet:-1","max-image-preview":"max-image-preview:large","max-video-preview":"max-video-preview:-1"},"canonical":"https:\/\/gaudiumetspes-blog.pl\/index.php\/2020\/07\/14\/co-o-tym-mysli-bog\/","og_locale":"pl_PL","og_type":"article","og_title":"Co o tym my\u015bli B\u00f3g?... - Gaudium Et Spes","og_description":"Szcz\u0119\u015b\u0107 Bo\u017ce! Moi Drodzy, w dniu dzisiejszym imieniny prze\u017cywaj\u0105: \u25baKamil \u015aledziewski, za moich czas\u00f3w: Lektor w Parafii w T\u0142uszczu; \u25baKamil Krupa, za moich czas\u00f3w: Lektor w Parafii w Celestynowie; \u25baKamil Charkiewicz, nale\u017c\u0105cy w swoim czasie do Wsp\u00f3lnoty m\u0142odzie\u017cowej w Bia\u0142ej Podlaskiej; \u25baKamil Lewczuk \u2013 jak wy\u017cej; \u25baKamil Sionek \u2013 \u017cyczliwy Cz\u0142owiek z Parafii w Miastkowie [&hellip;]","og_url":"https:\/\/gaudiumetspes-blog.pl\/index.php\/2020\/07\/14\/co-o-tym-mysli-bog\/","og_site_name":"Gaudium Et Spes","article_published_time":"2020-07-14T03:01:57+00:00","author":"Ks. Jacek","twitter_card":"summary_large_image","twitter_misc":{"Napisane przez":"Ks. Jacek","Szacowany czas czytania":"6 minut"},"schema":{"@context":"https:\/\/schema.org","@graph":[{"@type":"WebPage","@id":"https:\/\/gaudiumetspes-blog.pl\/index.php\/2020\/07\/14\/co-o-tym-mysli-bog\/","url":"https:\/\/gaudiumetspes-blog.pl\/index.php\/2020\/07\/14\/co-o-tym-mysli-bog\/","name":"Co o tym my\u015bli B\u00f3g?... - Gaudium Et Spes","isPartOf":{"@id":"https:\/\/gaudiumetspes-blog.pl\/#website"},"datePublished":"2020-07-14T03:01:57+00:00","author":{"@id":"https:\/\/gaudiumetspes-blog.pl\/#\/schema\/person\/1661982992b752dea8dff0d4ed845a65"},"breadcrumb":{"@id":"https:\/\/gaudiumetspes-blog.pl\/index.php\/2020\/07\/14\/co-o-tym-mysli-bog\/#breadcrumb"},"inLanguage":"pl-PL","potentialAction":[{"@type":"ReadAction","target":["https:\/\/gaudiumetspes-blog.pl\/index.php\/2020\/07\/14\/co-o-tym-mysli-bog\/"]}]},{"@type":"BreadcrumbList","@id":"https:\/\/gaudiumetspes-blog.pl\/index.php\/2020\/07\/14\/co-o-tym-mysli-bog\/#breadcrumb","itemListElement":[{"@type":"ListItem","position":1,"name":"Strona g\u0142\u00f3wna","item":"https:\/\/gaudiumetspes-blog.pl\/"},{"@type":"ListItem","position":2,"name":"Co o&nbsp;tym my\u015bli B\u00f3g?&#8230;"}]},{"@type":"WebSite","@id":"https:\/\/gaudiumetspes-blog.pl\/#website","url":"https:\/\/gaudiumetspes-blog.pl\/","name":"Gaudium Et Spes","description":"Blog Ks. Jacka Ja\u015bkowskiego","potentialAction":[{"@type":"SearchAction","target":{"@type":"EntryPoint","urlTemplate":"https:\/\/gaudiumetspes-blog.pl\/?s={search_term_string}"},"query-input":{"@type":"PropertyValueSpecification","valueRequired":true,"valueName":"search_term_string"}}],"inLanguage":"pl-PL"},{"@type":"Person","@id":"https:\/\/gaudiumetspes-blog.pl\/#\/schema\/person\/1661982992b752dea8dff0d4ed845a65","name":"Ks. Jacek","image":{"@type":"ImageObject","inLanguage":"pl-PL","@id":"https:\/\/gaudiumetspes-blog.pl\/#\/schema\/person\/image\/","url":"https:\/\/gaudiumetspes-blog.pl\/wp-content\/uploads\/2019\/07\/avatar-JJ-150x150.jpg","contentUrl":"https:\/\/gaudiumetspes-blog.pl\/wp-content\/uploads\/2019\/07\/avatar-JJ-150x150.jpg","caption":"Ks. Jacek"},"description":"Witam serdecznie! K\u0142ania si\u0119 Ks. Jacek Ja\u015bkowski. Nie jestem ani kim\u015b wa\u017cnym, ani kim\u015b znanym. Jestem ksi\u0119dzem, kt\u00f3ry po prostu chce rozmawia\u0107. Codzienna kap\u0142a\u0144ska pos\u0142uga pokazuje mi, \u017ce temat\u00f3w do rozm\u00f3w z ksi\u0119dzem jest coraz wi\u0119cej i dzisiaj \u017caden ksi\u0105dz nie mo\u017ce od nich ucieka\u0107, ale - wprost przeciwnie - podejmowa\u0107 nowe wyzwania. To przekonanie sk\u0142oni\u0142o mnie do pr\u00f3by otwarcia tego\u017c bloga, chocia\u017c okazji do rozm\u00f3w na co dzie\u0144 - w konfesjonale i poza nim - na szcz\u0119\u015bcie nie brakuje. My\u015bl\u0119 jednak, \u017ce ten blog b\u0119dzie jeszcze jednym sposobem i przestrzeni\u0105 nawi\u0105zania kontaktu z lud\u017ami dobrej woli, otwartymi na dialog.","url":"https:\/\/gaudiumetspes-blog.pl\/index.php\/author\/ks-jacek\/"}]}},"jetpack_featured_media_url":"","jetpack_sharing_enabled":true,"_links":{"self":[{"href":"https:\/\/gaudiumetspes-blog.pl\/index.php\/wp-json\/wp\/v2\/posts\/17375","targetHints":{"allow":["GET"]}}],"collection":[{"href":"https:\/\/gaudiumetspes-blog.pl\/index.php\/wp-json\/wp\/v2\/posts"}],"about":[{"href":"https:\/\/gaudiumetspes-blog.pl\/index.php\/wp-json\/wp\/v2\/types\/post"}],"author":[{"embeddable":true,"href":"https:\/\/gaudiumetspes-blog.pl\/index.php\/wp-json\/wp\/v2\/users\/1"}],"replies":[{"embeddable":true,"href":"https:\/\/gaudiumetspes-blog.pl\/index.php\/wp-json\/wp\/v2\/comments?post=17375"}],"version-history":[{"count":1,"href":"https:\/\/gaudiumetspes-blog.pl\/index.php\/wp-json\/wp\/v2\/posts\/17375\/revisions"}],"predecessor-version":[{"id":17376,"href":"https:\/\/gaudiumetspes-blog.pl\/index.php\/wp-json\/wp\/v2\/posts\/17375\/revisions\/17376"}],"wp:attachment":[{"href":"https:\/\/gaudiumetspes-blog.pl\/index.php\/wp-json\/wp\/v2\/media?parent=17375"}],"wp:term":[{"taxonomy":"category","embeddable":true,"href":"https:\/\/gaudiumetspes-blog.pl\/index.php\/wp-json\/wp\/v2\/categories?post=17375"},{"taxonomy":"post_tag","embeddable":true,"href":"https:\/\/gaudiumetspes-blog.pl\/index.php\/wp-json\/wp\/v2\/tags?post=17375"}],"curies":[{"name":"wp","href":"https:\/\/api.w.org\/{rel}","templated":true}]}}