{"id":17446,"date":"2020-07-18T05:28:11","date_gmt":"2020-07-18T03:28:11","guid":{"rendered":"https:\/\/gaudiumetspes-blog.pl\/?p=17446"},"modified":"2020-07-17T16:57:14","modified_gmt":"2020-07-17T14:57:14","slug":"uzdrowil-ich-wszystkich","status":"publish","type":"post","link":"https:\/\/gaudiumetspes-blog.pl\/index.php\/2020\/07\/18\/uzdrowil-ich-wszystkich\/","title":{"rendered":"Uzdrowi\u0142 ich wszystkich!"},"content":{"rendered":"<p align=\"justify\"><span style=\"color: #000000;\"><span style=\"font-family: Book Antiqua, serif;\"><span style=\"font-size: large;\">Szcz\u0119\u015b\u0107 Bo\u017ce! Moi Drodzy, <b>w dniu wczorajszym imieniny prze\u017cywali:<\/b><\/span><\/span><\/span><\/p>\n<p align=\"justify\"><span style=\"color: #000000;\">\u25ba<span style=\"font-family: Book Antiqua, serif;\"><span style=\"font-size: large;\"><b>Anetta Dziak, z kt\u00f3r\u0105 wsp\u00f3\u0142pracowa\u0142em w Liceum Lelewela, w \u017belechowie Mama dw\u00f3ch Lektor\u00f3w w Parafii w Miastkowie;<\/b><\/span><\/span><\/span><\/p>\n<p align=\"justify\"><span style=\"color: #000000;\">\u25ba<span style=\"font-family: Book Antiqua, serif;\"><span style=\"font-size: large;\"><b>Siostra Aneta Sroka \u2013 ze Zgromadzenia Si\u00f3str od Anio\u0142\u00f3w, za moich czas\u00f3w: Prze\u0142o\u017cona Domu zakonnego w T\u0142uszczu;<\/b><\/span><\/span><\/span><\/p>\n<p align=\"justify\"><span style=\"color: #000000;\">\u25ba<span style=\"font-family: Book Antiqua, serif;\"><span style=\"font-size: large;\"><b>Aneta Gmitrzak, zaanga\u017cowana w swoim czasie w dzia\u0142alno\u015b\u0107 m\u0142odzie\u017cowych Wsp\u00f3lnot;<\/b><\/span><\/span><\/span><\/p>\n<p align=\"justify\"><span style=\"color: #000000;\">\u25ba<span style=\"font-family: Book Antiqua, serif;\"><span style=\"font-size: large;\"><b>Bogdan Mochnacz, m\u00f3j Kolega z jednego Grona lektorskiego sprzed lat, a obecnie \u2013 Ojciec mojego Chrze\u015bniaka, Paw\u0142a.<\/b><\/span><\/span><\/span><\/p>\n<p align=\"justify\"><span style=\"color: #000000;\"><span style=\"font-family: Book Antiqua, serif;\"><span style=\"font-size: large;\"><b>Dzisiaj natomiast imieniny prze\u017cywa Kamil Nied\u017awiedzki, m\u00f3j Szwagier, kt\u00f3remu dzi\u0119kuj\u0119 za pi\u0119kn\u0105 postaw\u0119 M\u0119\u017ca mojej Siostry i Ojca tr\u00f3jki cudownych Dzieciaczk\u00f3w; za \u015bwiadectwo wiary, za \u017cyczliwo\u015b\u0107 i przyja\u017a\u0144, oraz za pomoc, okazywan\u0105 w r\u00f3\u017cnych, codziennych sprawach. <\/b><\/span><\/span><\/span><\/p>\n<p align=\"justify\"><span style=\"color: #000000;\"><span style=\"font-family: Book Antiqua, serif;\"><span style=\"font-size: large;\"><b>Imieniny prze\u017cywa dzi\u015b tak\u017ce Szymon Olender, za moich czas\u00f3w \u2013 Lektor w Celestynowie, Cz\u0142owiek \u017cyczliwy,<\/b> <b>z <\/b><b>kt\u00f3rym od czas\u00f3w pobytu na tej\u017ce Parafii mam kontakt do dzi\u015b. <\/b><\/span><\/span><\/span><\/p>\n<p align=\"justify\"><span style=\"color: #000000;\"><span style=\"font-family: Book Antiqua, serif;\"><span style=\"font-size: large;\"><b>Urodziny za\u015b prze\u017cywaj\u0105 dzisiaj:<\/b><\/span><\/span><\/span><\/p>\n<p align=\"justify\"><span style=\"color: #000000;\">\u25ba<span style=\"font-family: Book Antiqua, serif;\"><span style=\"font-size: large;\"><b>Micha\u0142 Ja\u015bkowski, m\u00f3j Brat stryjeczny;<\/b><\/span><\/span><\/span><\/p>\n<p align=\"justify\"><span style=\"color: #000000;\">\u25ba<span style=\"font-family: Book Antiqua, serif;\"><span style=\"font-size: large;\"><b>A\u0142\u0142a Michaj\u0142owa, m\u0142oda Osoba z Syberii, wsp\u00f3\u0142pracuj\u0105ca w swoim czasie z Ksi\u0119dzem Markiem, a z kt\u00f3r\u0105 poznali\u015bmy si\u0119 na \u015awiatowych Dniach M\u0142odzie\u017cy w 2016 roku, kiedy z wi\u0119ksz\u0105 Grup\u0105 M\u0142odzie\u017cy z Rosji przyjecha\u0142a do Polski.<\/b><\/span><\/span><\/span><\/p>\n<p align=\"justify\"><span style=\"color: #000000;\"><span style=\"font-family: Book Antiqua, serif;\"><span style=\"font-size: large;\"><b>Wszystkim \u015bwi\u0119tuj\u0105cym wczoraj i dzisiaj \u017cycz\u0119 zapa\u0142u i si\u0142y do niesienia innym dobra! Zapewniam o modlitwie!<\/b><\/span><\/span><\/span><\/p>\n<p align=\"justify\"><span style=\"color: #000000;\"><span style=\"font-family: Book Antiqua, serif;\"><span style=\"font-size: large;\">Moi Drodzy, z ca\u0142ego serca dzi\u0119kuj\u0119 Ksi\u0119dzu Markowi i Siostrze za wczorajsze i przedwczorajsze s\u0142\u00f3wko z Syberii. Dzi\u0119kujemy i za cenne refleksje o S\u0142owie, i za relacj\u0119 z tego, co na Syberii, a szczeg\u00f3lnie \u2013 dzi\u0119kujemy za ten niesamowity zapa\u0142 i energi\u0119 w docieraniu do serc ludzkich wszelkimi mo\u017cliwymi sposobami. A ju\u017c pomys\u0142, \u017ceby \u015awi\u0119tego J\u00f3zefa zaprosi\u0107 na budow\u0119 \u2013 jak to zauwa\u017cy\u0142a Anna w komentarzu \u2013 jest naprawd\u0119 \u015bwietny! My\u015bl\u0119, \u017ce On sam dopilnuje wszystkiego najlepiej. Zw\u0142aszcza, \u017ce budowa post\u0119puje imponuj\u0105co!<\/span><\/span><\/span><\/p>\n<p align=\"justify\"><span style=\"color: #000000;\"><span style=\"font-family: Book Antiqua, serif;\"><span style=\"font-size: large;\">Czcigodnym Siostrom \u017cyczymy udanego urlopu. Niech odpoczn\u0105 z Bliskimi. Ksi\u0119dzu Markowi tak\u017ce tego \u017cyczymy \u2013 jak najszybciej. Wspieramy Was, Droga Ekipo syberyjska, naszymi modlitwami!<\/span><\/span><\/span><\/p>\n<p align=\"justify\"><span style=\"color: #000000;\"><span style=\"font-family: Book Antiqua, serif;\"><span style=\"font-size: large;\">A ja tymczasem dzi\u0119kuj\u0119 tak\u017ce Ekipie studenckiej, z kt\u00f3r\u0105 wczoraj prowadzi\u0142em audycj\u0119 w naszym diecezjalnym Radiu. Jestem Im wdzi\u0119czny za to, \u017ce pomimo wakacji, tak ch\u0119tnie podj\u0119li si\u0119 tego dzie\u0142a. Kto s\u0142ucha\u0142 \u2013 wie, jak nam posz\u0142o. <\/span><\/span><\/span><\/p>\n<p align=\"justify\"><span style=\"color: #000000;\"><span style=\"font-family: Book Antiqua, serif;\"><span style=\"font-size: large;\"><b>Niech Was b\u0142ogos\u0142awi B\u00f3g Wszechmog\u0105cy: Ojciec + i Syn, i Duch \u015awi\u0119ty. Amen<\/b><\/span><\/span><\/span><\/p>\n<p align=\"center\"><span style=\"color: #000000;\"><span style=\"font-family: Book Antiqua, serif;\"><span style=\"font-size: large;\">Gaudium et spes! Ks. Jacek<\/span><\/span><\/span><\/p>\n<p align=\"center\">\n<p align=\"center\">\n<p align=\"center\">\n<p align=\"center\">\n<p align=\"center\">\n<p align=\"justify\"><span style=\"color: #000000;\"><span style=\"font-family: Book Antiqua, serif;\"><span style=\"font-size: large;\"><b>Sobota 15 Tygodnia zwyk\u0142ego, rok II,<\/b><\/span><\/span><\/span><\/p>\n<p align=\"justify\"><span style=\"color: #000000;\"><span style=\"font-family: Book Antiqua, serif;\"><span style=\"font-size: large;\"><b>18 lipca 2020.,<\/b><\/span><\/span><\/span><\/p>\n<p align=\"justify\"><span style=\"color: #000000;\"><span style=\"font-family: Book Antiqua, serif;\"><span style=\"font-size: large;\"><b>do czyta\u0144: Mi 2,1\u20135; Mt 12,14\u201321<\/b><\/span><\/span><\/span><\/p>\n<p align=\"justify\">\n<p align=\"justify\">\n<p align=\"justify\">\n<p align=\"justify\">\n<p align=\"justify\">\n<p align=\"justify\"><span style=\"color: #000000;\"><span style=\"font-family: Book Antiqua, serif;\"><span style=\"font-size: large;\"><b>CZYTANIE Z KSI\u0118GI PROROKA MICHEASZA: <\/b><\/span><\/span><\/span><\/p>\n<p align=\"justify\"><span style=\"color: #000000;\"><span style=\"font-family: Book Antiqua, serif;\"><span style=\"font-size: large;\"><b>Biada tym, kt\u00f3rzy planuj\u0105 nieprawo\u015b\u0107 i obmy\u015blaj\u0105 z\u0142o na swych \u0142o\u017cach! Gdy \u015bwita poranek, wykonuj\u0105 je, bo jest ono w mocy ich r\u0105k. Gdy po\u017c\u0105daj\u0105 p\u00f3l, zagarniaj\u0105 je, gdy dom\u00f3w \u2013 to je zabieraj\u0105; bior\u0105 w niewol\u0119 m\u0119\u017ca wraz z jego domem, cz\u0142owieka z jego dziedzictwem. <\/b><\/span><\/span><\/span><\/p>\n<p align=\"justify\"><span style=\"color: #000000;\"><span style=\"font-family: Book Antiqua, serif;\"><span style=\"font-size: large;\"><b>Przeto tak m\u00f3wi Pan: \u201eOto Ja zamierzam zes\u0142a\u0107 na to plemi\u0119 niedol\u0119, od kt\u00f3rej nie uchylicie waszych kark\u00f3w i nie b\u0119dziecie dumnie chodzi\u0107, bo b\u0119dzie to czas nieszcz\u0119\u015bcia. W owym dniu wyg\u0142osz\u0105 przeciw wam satyr\u0119, podnios\u0105 wielki lament, m\u00f3wi\u0105c: \u00abJeste\u015bmy ograbieni do szcz\u0119tu! Dzia\u0142 mego ludu przemierzony sznurem i nie ma, kto by go przywr\u00f3ci\u0142; pola nasze przydzielono grabie\u017ccy\u00bb. <\/b><\/span><\/span><\/span><\/p>\n<p align=\"justify\"><span style=\"color: #000000;\"><span style=\"font-family: Book Antiqua, serif;\"><span style=\"font-size: large;\"><b>Przeto nie b\u0119dziesz mie\u0107 nikogo, kto by rzuca\u0142 sznurem na dzia\u0142 w zgromadzeniu Pana\u201d.<\/b><\/span><\/span><\/span><\/p>\n<p align=\"justify\">\n<p align=\"justify\">\n<p align=\"justify\">\n<p align=\"justify\">\n<p align=\"justify\">\n<p align=\"justify\"><span style=\"color: #000000;\"><span style=\"font-family: Book Antiqua, serif;\"><span style=\"font-size: large;\"><b>S\u0141OWA EWANGELII WED\u0141UG \u015aWI\u0118TEGO MATEUSZA: <\/b><\/span><\/span><\/span><\/p>\n<p align=\"justify\"><span style=\"color: #000000;\"><span style=\"font-family: Book Antiqua, serif;\"><span style=\"font-size: large;\"><b>Faryzeusze wyszli i odbyli narad\u0119 przeciw Jezusowi, w jaki spos\u00f3b Go zg\u0142adzi\u0107. <\/b><\/span><\/span><\/span><\/p>\n<p align=\"justify\"><span style=\"color: #000000;\"><span style=\"font-family: Book Antiqua, serif;\"><span style=\"font-size: large;\"><b>Gdy Jezus dowiedzia\u0142 si\u0119 o tym, oddali\u0142 si\u0119 stamt\u0105d. A wielu posz\u0142o za Nim i uzdrowi\u0142 ich wszystkich. Lecz im surowo zabroni\u0142, \u017ceby Go nie ujawniali. Tak mia\u0142o si\u0119 spe\u0142ni\u0107 s\u0142owo proroka Izajasza:<\/b><\/span><\/span><\/span><\/p>\n<p align=\"justify\"><span style=\"color: #000000;\">\u201e<span style=\"font-family: Book Antiqua, serif;\"><span style=\"font-size: large;\"><b>Oto m\u00f3j S\u0142uga, kt\u00f3rego wybra\u0142em, umi\u0142owany m\u00f3j, w kt\u00f3rym moje serce ma upodobanie. Po\u0142o\u017c\u0119 ducha mojego na Nim, a On zapowie prawo narodom. Nie b\u0119dzie si\u0119 spiera\u0142 ani krzycza\u0142, i nikt nie us\u0142yszy na ulicach Jego g\u0142osu. Trzciny zgniecionej nie z\u0142amie ani knota tlej\u0105cego nie dogasi, a\u017c zwyci\u0119sko s\u0105d przeprowadzi. W Jego imieniu narody nadziej\u0119 pok\u0142ada\u0107 b\u0119d\u0105\u201d.<\/b><\/span><\/span><\/span><\/p>\n<p align=\"justify\">\n<p align=\"justify\">\n<p align=\"justify\">\n<p align=\"justify\">\n<p align=\"justify\">\n<p align=\"justify\"><span style=\"color: #000000;\"><span style=\"font-family: Book Antiqua, serif;\"><span style=\"font-size: large;\">W mocnych s\u0142owach Prorok Micheasz pi\u0119tnuje niegodziwo\u015b\u0107 tych, kt\u00f3rzy dopuszczaj\u0105 si\u0119 <b>r\u00f3\u017cnych spo\u0142ecznych nadu\u017cy\u0107,<\/b> krzywdz\u0105c w ten spos\u00f3b biednych. S\u0142owa prorockie pobrzmiewaj\u0105 bardzo ostrym oskar\u017ceniem: <i><b>Biada tym, kt\u00f3rzy planuj\u0105 nieprawo\u015b\u0107 i obmy\u015blaj\u0105<\/b><\/i><b> <\/b><i><b>z\u0142o na swych \u0142o\u017cach! Gdy \u015bwita poranek, wykonuj\u0105 je, bo jest ono w mocy ich r\u0105k. Gdy po\u017c\u0105daj\u0105 p\u00f3l, zagarniaj\u0105 je, gdy dom\u00f3w \u2013 to je zabieraj\u0105; bior\u0105 w niewol\u0119 m\u0119\u017ca wraz z jego domem, cz\u0142owieka z jego dziedzictwem.<\/b><\/i><b> <\/b><\/span><\/span><\/span><\/p>\n<p align=\"justify\"><span style=\"color: #000000;\"><span style=\"font-family: Book Antiqua, serif;\"><span style=\"font-size: large;\">Wida\u0107 z tego, \u017ce ci, o kt\u00f3rych mowa, pa\u0142aj\u0105 jak\u0105\u015b trudn\u0105 do wyobra\u017cenia <b>\u017c\u0105dz\u0105 posiadania<\/b> \u2013 nieposkromion\u0105 i niepohamowan\u0105 \u2013 skoro wszystko, na co spojrz\u0105, zaraz <b>bezpardonowo zagrabiaj\u0105.<\/b> Nie jest to jednak dzia\u0142anie pod wp\u0142ywem chwili \u2013 pierwsze zdanie wyra\u017anie wskazuje na <b>premedytacj\u0119<\/b> w dzia\u0142aniu, skoro <i><b>planuj\u0105 nieprawo\u015b\u0107 i obmy\u015blaj\u0105 z\u0142o na swych \u0142o\u017cach.<\/b><\/i> W ten spos\u00f3b \u2013 co oczywiste \u2013 ca\u0142kowicie sprzeciwiaj\u0105 si\u0119 Bogu, kt\u00f3ry <b>zawsze bierze w obron\u0119 <\/b>ludzi biednych, a ju\u017c szczeg\u00f3lnie \u2013 pokrzywdzonych. <\/span><\/span><\/span><\/p>\n<p align=\"justify\"><span style=\"color: #000000;\"><span style=\"font-family: Book Antiqua, serif;\"><span style=\"font-size: large;\">Tak b\u0119dzie zreszt\u0105 i tym razem, co B\u00f3g sam jednoznacznie zapowiada: <i><b>Oto Ja zamierzam zes\u0142a\u0107 na to plemi\u0119 niedol\u0119, od kt\u00f3rej nie uchylicie waszych kark\u00f3w i nie b\u0119dziecie dumnie chodzi\u0107, bo b\u0119dzie to czas nieszcz\u0119\u015bcia. W owym dniu wyg\u0142osz\u0105 przeciw wam satyr\u0119, podnios\u0105 wielki lament, m\u00f3wi\u0105c: \u00abJeste\u015bmy ograbieni do szcz\u0119tu! Dzia\u0142 mego ludu przemierzony sznurem i nie ma, kto by go przywr\u00f3ci\u0142; pola nasze przydzielono grabie\u017ccy\u00bb. <\/b><\/i><\/span><\/span><\/span><\/p>\n<p align=\"justify\"><span style=\"color: #000000;\"><span style=\"font-family: Book Antiqua, serif;\"><span style=\"font-size: large;\">Tak si\u0119 dok\u0142adnie stanie: ci, kt\u00f3rzy grabili innych \u2013 zostan\u0105 sami ograbieni. B\u00f3g bowiem <b>ujmie si\u0119 z<\/b><b>a krzywd\u0105<\/b> ludzi biednych i niegodziwie ograbionych. Z ca\u0142ego za\u015b tego tekstu mo\u017cemy wyprowadzi\u0107 wniosek, \u017ce ludzka niegodziwo\u015b\u0107 i z premedytacj\u0105 realizowana niesprawiedliwo\u015b\u0107 <b>zawsze spotka si\u0119 z reakcj\u0105 Boga<\/b> \u2013 i z Jego zdecydowanym sprzeciwem. <\/span><\/span><\/span><\/p>\n<p align=\"justify\"><span style=\"color: #000000;\"><span style=\"font-family: Book Antiqua, serif;\"><span style=\"font-size: large;\">Dlatego<b> na nic si\u0119 zdadz\u0105 <\/b>nawet najbardziej misternie planowane i obmy\u015blane intrygi, nawet najdok\u0142adniej zaplanowane kr\u0119tactwo \u2013 na nic si\u0119 zda! <b>B\u00f3g i tak zniweczy wszelkie z\u0142o, <\/b>a ci, kt\u00f3rzy \u2013 jak m\u00f3wi znane polskie przys\u0142owie \u2013 pod innymi do\u0142ki kopi\u0105, ostatecznie sami w nie wpadn\u0105! <\/span><\/span><\/span><\/p>\n<p align=\"justify\"><span style=\"color: #000000;\"><span style=\"font-family: Book Antiqua, serif;\"><span style=\"font-size: large;\">Jest to, moi Drodzy, bardzo pocieszaj\u0105ca dla nas wiadomo\u015b\u0107: <b>B\u00f3g naprawd\u0119 ma kontrol\u0119<\/b> nad tym, co si\u0119 dzieje w naszym \u017cyciu i tak\u017ce z\u0142o, jakie nas mo\u017ce spotka\u0107 ze strony innych ludzi, jest Bogu dobrze znane. <b>Nic nie dzieje si\u0119 poza Jego wejrzeniem.<\/b> <\/span><\/span><\/span><\/p>\n<p align=\"justify\"><span style=\"color: #000000;\"><span style=\"font-family: Book Antiqua, serif;\"><span style=\"font-size: large;\">My to, co prawda, zasadniczo wiemy, ale mo\u017ce dobrze jest sobie na nowo u\u015bwiadomi\u0107 t\u0119 prawd\u0119 \u2013 zw\u0142aszcza wtedy, gdy spotka nas jakie\u015b <b>konkretne trudne do\u015bwiadczenie<\/b> z czyjej\u015b strony i chcieliby\u015bmy si\u0119 tak bardzo odegra\u0107, zem\u015bci\u0107, odda\u0107 \u201epi\u0119knym za nadobne\u201d. <\/span><\/span><\/span><\/p>\n<p align=\"justify\"><span style=\"color: #000000;\"><span style=\"font-family: Book Antiqua, serif;\"><span style=\"font-size: large;\">W\u0142a\u015bnie wtedy warto przypomnie\u0107 sobie, jak na te sprawy reagowa\u0142 sam Jezus. S\u0142yszymy o tym w Ewangelii. Kiedy <i><b>f<\/b><\/i><i><b>aryzeusze wyszli i odbyli narad\u0119<\/b><\/i><b> <\/b><i><b>przeciw Jezusowi, w jaki spos\u00f3b Go zg\u0142adzi\u0107<\/b><\/i><i><b>,<\/b><\/i><b> <\/b>a Jezus <i><b>dowiedzia\u0142 si\u0119 o tym, <\/b><\/i>w\u00f3wczas<i><b> oddali\u0142 si\u0119 stamt\u0105d.<\/b><\/i> Nie szed\u0142 na konfrontacj\u0119 z nimi \u2013 chocia\u017c niejednokrotnie to czyni\u0142 i spiera\u0142 si\u0119 z elit\u0105 swego narodu, teraz jednak postawi\u0142 na dalsze, w miar\u0119 spokojne prowadzenie swojej dzia\u0142alno\u015bci. <\/span><\/span><\/span><\/p>\n<p align=\"justify\"><span style=\"color: #000000;\"><span style=\"font-family: Book Antiqua, serif;\"><span style=\"font-size: large;\">Dlatego pomimo narastaj\u0105cego zagro\u017cenia dla swego \u017cycia, <b>dalej czyni\u0142 swoje, a konkretnie \u2013 uzdrawia\u0142.<\/b> S\u0142yszymy wr\u0119cz, \u017ce uzdrowi\u0142 <b>wszystkich,<\/b> kt\u00f3rzy wtedy poszli za Nim na miejsce owego odosobnienia. Uzdrowi\u0142 wszystkich, ale <b>nakaza\u0142, by Go nie ujawniali.<\/b> Dlaczego? Czy\u017cby si\u0119 naprawd\u0119 obawia\u0142 o swoje \u017cycie? <\/span><\/span><\/span><\/p>\n<p align=\"justify\"><span style=\"color: #000000;\"><span style=\"font-family: Book Antiqua, serif;\"><span style=\"font-size: large;\">Nie. Ewangelista wyja\u015bnia to nam, odnosz\u0105c zar\u00f3wno do samego Jezusa, jak i do ca\u0142ej tej sytuacji, s\u0142owa z Proroctwa Izajasza: <i><b>Oto m\u00f3j S\u0142uga, kt\u00f3rego wybra\u0142em, umi\u0142owany m\u00f3j, w kt\u00f3rym moje serce ma upodobanie. Po\u0142o\u017c\u0119 ducha mojego na Nim, a On zapowie prawo narodom. Nie b\u0119dzie si\u0119 spiera\u0142 ani krzycza\u0142, i nikt nie us\u0142yszy na ulicach Jego g\u0142osu. Trzciny zgniecionej nie z\u0142amie ani knota tlej\u0105cego nie dogasi, a\u017c zwyci\u0119sko s\u0105d przeprowadzi. W Jego imieniu narody nadziej\u0119 pok\u0142ada\u0107 b\u0119d\u0105.<\/b><\/i><b> <\/b><\/span><\/span><\/span><\/p>\n<p align=\"justify\"><span style=\"color: #000000;\"><span style=\"font-family: Book Antiqua, serif;\"><span style=\"font-size: large;\">Ot\u00f3\u017c, w\u0142a\u015bnie! Jezus po prostu realizuje sw\u00f3j plan zbawczy \u2013 dok\u0142adnie przemy\u015blany i przewidziany na okre\u015blony czas. Jezus <b>nie dzia\u0142a pod wp\u0142ywem chwili,<\/b> nie dzia\u0142a pod wp\u0142ywem emocji, na pewno tak\u017ce \u2013 nie dzia\u0142a pod wp\u0142ywem strachu! <\/span><\/span><\/span><\/p>\n<p align=\"justify\"><span style=\"color: #000000;\"><span style=\"font-family: Book Antiqua, serif;\"><span style=\"font-size: large;\">Dlatego usuwa si\u0119 na bok i realizuje sw\u00f3j plan, surowo zastrzegaj\u0105c tajemnic\u0119, aby zmusi\u0107 tych, kt\u00f3rych uzdrowi\u0142, do <b>przemy\u015blenia g\u0142\u0119boko w sercu<\/b> tego, co si\u0119 sta\u0142o, a nie rozg\u0142aszania sensacyjnych wiadomo\u015bci i robienia niepotrzebnego szumu wok\u00f3\u0142 ca\u0142ej sprawy. Jego dzia\u0142anie <b>wynika z g\u0142\u0119bi Jego serca<\/b> i jest adresowane <b>do konkretnego, ludzkiego serca.<\/b> I tylko sercem mo\u017cna to zbawcze dzia\u0142anie przyj\u0105\u0107 \u2013 nawet, je\u017celi polega ono na fizycznym uzdrowieniu. <\/span><\/span><\/span><\/p>\n<p align=\"justify\"><span style=\"color: #000000;\"><span style=\"font-family: Book Antiqua, serif;\"><span style=\"font-size: large;\">Ostatecznie, wszystko ma s\u0142u\u017cy\u0107 duchowemu dobru cz\u0142owieka, jego zbawieniu! Dlatego Jezus nie zwa\u017ca na ca\u0142e z\u0142o, sro\u017c\u0105ce si\u0119 wok\u00f3\u0142 Niego, tylko zwyczajnie <b>nadal<\/b><b> czyni dobro. <\/b>Zapewne<b> <\/b>zauwa\u017camy w tym r\u00f3\u017cnic\u0119 pomi\u0119dzy bardzo delikatnym i dokonuj\u0105cym si\u0119 niejako na uboczu<b> dzia\u0142aniem Jezusa, <\/b>a bardzo radykalnym, wr\u0119cz ostrym, <b>dzia\u0142aniem Boga w Starym Testamencie.<\/b> W rzeczywisto\u015bci jednak, chodzi o jedn\u0105 i t\u0119 sam\u0105 trosk\u0119 Boga o dobro cz\u0142owieka. <\/span><\/span><\/span><\/p>\n<p align=\"justify\"><span style=\"color: #000000;\"><span style=\"font-family: Book Antiqua, serif;\"><span style=\"font-size: large;\">I tu, i tu, B\u00f3g pochyla si\u0119 <b>nad cz\u0142owiekiem potrzebuj\u0105cym,<\/b> chorym, skrzywdzonym przez innych. I tu, i tu, odnosi <b>moralne zwyci\u0119stwo<\/b> nad ludzkim z\u0142em \u2013 czy to poprzez tak radykalne dzia\u0142anie, jak to, o kt\u00f3rym mowa w pierwszym czytaniu, czy przez tak delikatne, jak dzia\u0142anie Jezusa, opisane w Ewangelii. B\u00f3g czyni to wszystko, co czyni \u2013 i tak, jak czyni \u2013 kieruj\u0105c si\u0119 jedynie <b>trosk\u0105 o zbawienie cz\u0142owieka, <\/b>o jego prawdziwe i trwa\u0142e dobro. Nawet, je\u017celi czyni to \u201epo swojemu\u201d, a nie tak, jak by sobie cz\u0142owiek zaplanowa\u0142, lub przewidywa\u0142. <\/span><\/span><\/span><\/p>\n<p align=\"justify\"><span style=\"color: #000000;\"><span style=\"font-family: Book Antiqua, serif;\"><span style=\"font-size: large;\">A nam pozostaje jako\u015b si\u0119 do tego dzia\u0142ania Boga odnie\u015b\u0107. Czyli, <b>przyj\u0105\u0107 je <\/b>\u2013 gor\u0105cym i otwartym sercem. Na pe\u0142ne mi\u0142o\u015bci i troski dzia\u0142anie Boga \u2013 <b>odpowiedzie\u0107 swoj\u0105 wdzi\u0119czno\u015bci\u0105,<\/b> pobo\u017cno\u015bci\u0105, modlitw\u0105\u2026 Na konkretne dobro, czynione przez Boga \u2013 odpowiedzie\u0107 swoim dobrem, <b>czynionym drugiemu cz\u0142owiekowi. <\/b>Co jednak, je\u017celi mia\u0142oby si\u0119 okaza\u0107, \u017ce jeste\u015bmy nie po stronie tych, kt\u00f3rym B\u00f3g okazuje swoj\u0105 pomoc, ratuj\u0105c przed z\u0142em ze strony ludzi, a w\u0142a\u015bnie po stronie tych, <b>przed kt\u00f3rymi musi innych ratowa\u0107?\u2026 <\/b><\/span><\/span><\/span><\/p>\n<p align=\"justify\"><span style=\"color: #000000;\"><span style=\"font-family: Book Antiqua, serif;\"><span style=\"font-size: large;\">Moi Drodzy, na dzia\u0142anie Boga wobec nas nie mo\u017cemy pozosta\u0107 oboj\u0119tni. Jako\u015b musimy si\u0119 do tego odnie\u015b\u0107, <b>jako\u015b odpowiedzie\u0107,<\/b> jak\u0105\u015b postaw\u0119 przyj\u0105\u0107. I odpowiedzie\u0107 sobie na wa\u017cne pytanie: Skoro Bogu tak bardzo zale\u017cy na moim zbawieniu \u2013 to czy i mi <b>te\u017c na nim zale\u017cy?\u2026 <\/b>Czy zale\u017cy mi tak\u017ce <b>na zbawieniu i dobru innych?\u2026 <\/b>I czy z mojej strony nikogo nie spotyka obecnie \u017cadna krzywda?\u2026 Czy moja pomoc, okazywany innym, jest ofiarna, <b>a przede wszystkim \u2013 szczera?\u2026<\/b><\/span><\/span><\/span><\/p>\n","protected":false},"excerpt":{"rendered":"<p>Szcz\u0119\u015b\u0107 Bo\u017ce! Moi Drodzy, w dniu wczorajszym imieniny prze\u017cywali: \u25baAnetta Dziak, z kt\u00f3r\u0105 wsp\u00f3\u0142pracowa\u0142em w Liceum Lelewela, w \u017belechowie Mama dw\u00f3ch Lektor\u00f3w w Parafii w Miastkowie; \u25baSiostra Aneta Sroka \u2013 ze Zgromadzenia Si\u00f3str od Anio\u0142\u00f3w, za moich czas\u00f3w: Prze\u0142o\u017cona Domu zakonnego w T\u0142uszczu; \u25baAneta Gmitrzak, zaanga\u017cowana w swoim czasie w dzia\u0142alno\u015b\u0107 m\u0142odzie\u017cowych Wsp\u00f3lnot; \u25baBogdan Mochnacz, [&hellip;]<\/p>\n","protected":false},"author":1,"featured_media":0,"comment_status":"open","ping_status":"open","sticky":false,"template":"","format":"standard","meta":{"jetpack_post_was_ever_published":false,"_jetpack_newsletter_access":"","_jetpack_dont_email_post_to_subs":false,"_jetpack_newsletter_tier_id":0,"_jetpack_memberships_contains_paywalled_content":false,"_jetpack_memberships_contains_paid_content":false,"footnotes":""},"categories":[1],"tags":[],"class_list":["post-17446","post","type-post","status-publish","format-standard","hentry","category-bez-kategorii"],"yoast_head":"<!-- This site is optimized with the Yoast SEO plugin v25.1 - https:\/\/yoast.com\/wordpress\/plugins\/seo\/ -->\n<title>Uzdrowi\u0142 ich wszystkich! - Gaudium Et Spes<\/title>\n<meta name=\"robots\" content=\"index, follow, max-snippet:-1, max-image-preview:large, max-video-preview:-1\" \/>\n<link rel=\"canonical\" href=\"https:\/\/gaudiumetspes-blog.pl\/index.php\/2020\/07\/18\/uzdrowil-ich-wszystkich\/\" \/>\n<meta property=\"og:locale\" content=\"pl_PL\" \/>\n<meta property=\"og:type\" content=\"article\" \/>\n<meta property=\"og:title\" content=\"Uzdrowi\u0142 ich wszystkich! - Gaudium Et Spes\" \/>\n<meta property=\"og:description\" content=\"Szcz\u0119\u015b\u0107 Bo\u017ce! Moi Drodzy, w dniu wczorajszym imieniny prze\u017cywali: \u25baAnetta Dziak, z kt\u00f3r\u0105 wsp\u00f3\u0142pracowa\u0142em w Liceum Lelewela, w \u017belechowie Mama dw\u00f3ch Lektor\u00f3w w Parafii w Miastkowie; \u25baSiostra Aneta Sroka \u2013 ze Zgromadzenia Si\u00f3str od Anio\u0142\u00f3w, za moich czas\u00f3w: Prze\u0142o\u017cona Domu zakonnego w T\u0142uszczu; \u25baAneta Gmitrzak, zaanga\u017cowana w swoim czasie w dzia\u0142alno\u015b\u0107 m\u0142odzie\u017cowych Wsp\u00f3lnot; \u25baBogdan Mochnacz, [&hellip;]\" \/>\n<meta property=\"og:url\" content=\"https:\/\/gaudiumetspes-blog.pl\/index.php\/2020\/07\/18\/uzdrowil-ich-wszystkich\/\" \/>\n<meta property=\"og:site_name\" content=\"Gaudium Et Spes\" \/>\n<meta property=\"article:published_time\" content=\"2020-07-18T03:28:11+00:00\" \/>\n<meta name=\"author\" content=\"Ks. Jacek\" \/>\n<meta name=\"twitter:card\" content=\"summary_large_image\" \/>\n<meta name=\"twitter:label1\" content=\"Napisane przez\" \/>\n\t<meta name=\"twitter:data1\" content=\"Ks. Jacek\" \/>\n\t<meta name=\"twitter:label2\" content=\"Szacowany czas czytania\" \/>\n\t<meta name=\"twitter:data2\" content=\"10 minut\" \/>\n<script type=\"application\/ld+json\" class=\"yoast-schema-graph\">{\"@context\":\"https:\/\/schema.org\",\"@graph\":[{\"@type\":\"WebPage\",\"@id\":\"https:\/\/gaudiumetspes-blog.pl\/index.php\/2020\/07\/18\/uzdrowil-ich-wszystkich\/\",\"url\":\"https:\/\/gaudiumetspes-blog.pl\/index.php\/2020\/07\/18\/uzdrowil-ich-wszystkich\/\",\"name\":\"Uzdrowi\u0142 ich wszystkich! - Gaudium Et Spes\",\"isPartOf\":{\"@id\":\"https:\/\/gaudiumetspes-blog.pl\/#website\"},\"datePublished\":\"2020-07-18T03:28:11+00:00\",\"author\":{\"@id\":\"https:\/\/gaudiumetspes-blog.pl\/#\/schema\/person\/1661982992b752dea8dff0d4ed845a65\"},\"breadcrumb\":{\"@id\":\"https:\/\/gaudiumetspes-blog.pl\/index.php\/2020\/07\/18\/uzdrowil-ich-wszystkich\/#breadcrumb\"},\"inLanguage\":\"pl-PL\",\"potentialAction\":[{\"@type\":\"ReadAction\",\"target\":[\"https:\/\/gaudiumetspes-blog.pl\/index.php\/2020\/07\/18\/uzdrowil-ich-wszystkich\/\"]}]},{\"@type\":\"BreadcrumbList\",\"@id\":\"https:\/\/gaudiumetspes-blog.pl\/index.php\/2020\/07\/18\/uzdrowil-ich-wszystkich\/#breadcrumb\",\"itemListElement\":[{\"@type\":\"ListItem\",\"position\":1,\"name\":\"Strona g\u0142\u00f3wna\",\"item\":\"https:\/\/gaudiumetspes-blog.pl\/\"},{\"@type\":\"ListItem\",\"position\":2,\"name\":\"Uzdrowi\u0142 ich wszystkich!\"}]},{\"@type\":\"WebSite\",\"@id\":\"https:\/\/gaudiumetspes-blog.pl\/#website\",\"url\":\"https:\/\/gaudiumetspes-blog.pl\/\",\"name\":\"Gaudium Et Spes\",\"description\":\"Blog Ks. Jacka Ja\u015bkowskiego\",\"potentialAction\":[{\"@type\":\"SearchAction\",\"target\":{\"@type\":\"EntryPoint\",\"urlTemplate\":\"https:\/\/gaudiumetspes-blog.pl\/?s={search_term_string}\"},\"query-input\":{\"@type\":\"PropertyValueSpecification\",\"valueRequired\":true,\"valueName\":\"search_term_string\"}}],\"inLanguage\":\"pl-PL\"},{\"@type\":\"Person\",\"@id\":\"https:\/\/gaudiumetspes-blog.pl\/#\/schema\/person\/1661982992b752dea8dff0d4ed845a65\",\"name\":\"Ks. Jacek\",\"image\":{\"@type\":\"ImageObject\",\"inLanguage\":\"pl-PL\",\"@id\":\"https:\/\/gaudiumetspes-blog.pl\/#\/schema\/person\/image\/\",\"url\":\"https:\/\/gaudiumetspes-blog.pl\/wp-content\/uploads\/2019\/07\/avatar-JJ-150x150.jpg\",\"contentUrl\":\"https:\/\/gaudiumetspes-blog.pl\/wp-content\/uploads\/2019\/07\/avatar-JJ-150x150.jpg\",\"caption\":\"Ks. Jacek\"},\"description\":\"Witam serdecznie! K\u0142ania si\u0119 Ks. Jacek Ja\u015bkowski. Nie jestem ani kim\u015b wa\u017cnym, ani kim\u015b znanym. Jestem ksi\u0119dzem, kt\u00f3ry po prostu chce rozmawia\u0107. Codzienna kap\u0142a\u0144ska pos\u0142uga pokazuje mi, \u017ce temat\u00f3w do rozm\u00f3w z ksi\u0119dzem jest coraz wi\u0119cej i dzisiaj \u017caden ksi\u0105dz nie mo\u017ce od nich ucieka\u0107, ale - wprost przeciwnie - podejmowa\u0107 nowe wyzwania. To przekonanie sk\u0142oni\u0142o mnie do pr\u00f3by otwarcia tego\u017c bloga, chocia\u017c okazji do rozm\u00f3w na co dzie\u0144 - w konfesjonale i poza nim - na szcz\u0119\u015bcie nie brakuje. My\u015bl\u0119 jednak, \u017ce ten blog b\u0119dzie jeszcze jednym sposobem i przestrzeni\u0105 nawi\u0105zania kontaktu z lud\u017ami dobrej woli, otwartymi na dialog.\",\"url\":\"https:\/\/gaudiumetspes-blog.pl\/index.php\/author\/ks-jacek\/\"}]}<\/script>\n<!-- \/ Yoast SEO plugin. -->","yoast_head_json":{"title":"Uzdrowi\u0142 ich wszystkich! - Gaudium Et Spes","robots":{"index":"index","follow":"follow","max-snippet":"max-snippet:-1","max-image-preview":"max-image-preview:large","max-video-preview":"max-video-preview:-1"},"canonical":"https:\/\/gaudiumetspes-blog.pl\/index.php\/2020\/07\/18\/uzdrowil-ich-wszystkich\/","og_locale":"pl_PL","og_type":"article","og_title":"Uzdrowi\u0142 ich wszystkich! - Gaudium Et Spes","og_description":"Szcz\u0119\u015b\u0107 Bo\u017ce! Moi Drodzy, w dniu wczorajszym imieniny prze\u017cywali: \u25baAnetta Dziak, z kt\u00f3r\u0105 wsp\u00f3\u0142pracowa\u0142em w Liceum Lelewela, w \u017belechowie Mama dw\u00f3ch Lektor\u00f3w w Parafii w Miastkowie; \u25baSiostra Aneta Sroka \u2013 ze Zgromadzenia Si\u00f3str od Anio\u0142\u00f3w, za moich czas\u00f3w: Prze\u0142o\u017cona Domu zakonnego w T\u0142uszczu; \u25baAneta Gmitrzak, zaanga\u017cowana w swoim czasie w dzia\u0142alno\u015b\u0107 m\u0142odzie\u017cowych Wsp\u00f3lnot; \u25baBogdan Mochnacz, [&hellip;]","og_url":"https:\/\/gaudiumetspes-blog.pl\/index.php\/2020\/07\/18\/uzdrowil-ich-wszystkich\/","og_site_name":"Gaudium Et Spes","article_published_time":"2020-07-18T03:28:11+00:00","author":"Ks. Jacek","twitter_card":"summary_large_image","twitter_misc":{"Napisane przez":"Ks. Jacek","Szacowany czas czytania":"10 minut"},"schema":{"@context":"https:\/\/schema.org","@graph":[{"@type":"WebPage","@id":"https:\/\/gaudiumetspes-blog.pl\/index.php\/2020\/07\/18\/uzdrowil-ich-wszystkich\/","url":"https:\/\/gaudiumetspes-blog.pl\/index.php\/2020\/07\/18\/uzdrowil-ich-wszystkich\/","name":"Uzdrowi\u0142 ich wszystkich! - Gaudium Et Spes","isPartOf":{"@id":"https:\/\/gaudiumetspes-blog.pl\/#website"},"datePublished":"2020-07-18T03:28:11+00:00","author":{"@id":"https:\/\/gaudiumetspes-blog.pl\/#\/schema\/person\/1661982992b752dea8dff0d4ed845a65"},"breadcrumb":{"@id":"https:\/\/gaudiumetspes-blog.pl\/index.php\/2020\/07\/18\/uzdrowil-ich-wszystkich\/#breadcrumb"},"inLanguage":"pl-PL","potentialAction":[{"@type":"ReadAction","target":["https:\/\/gaudiumetspes-blog.pl\/index.php\/2020\/07\/18\/uzdrowil-ich-wszystkich\/"]}]},{"@type":"BreadcrumbList","@id":"https:\/\/gaudiumetspes-blog.pl\/index.php\/2020\/07\/18\/uzdrowil-ich-wszystkich\/#breadcrumb","itemListElement":[{"@type":"ListItem","position":1,"name":"Strona g\u0142\u00f3wna","item":"https:\/\/gaudiumetspes-blog.pl\/"},{"@type":"ListItem","position":2,"name":"Uzdrowi\u0142 ich wszystkich!"}]},{"@type":"WebSite","@id":"https:\/\/gaudiumetspes-blog.pl\/#website","url":"https:\/\/gaudiumetspes-blog.pl\/","name":"Gaudium Et Spes","description":"Blog Ks. Jacka Ja\u015bkowskiego","potentialAction":[{"@type":"SearchAction","target":{"@type":"EntryPoint","urlTemplate":"https:\/\/gaudiumetspes-blog.pl\/?s={search_term_string}"},"query-input":{"@type":"PropertyValueSpecification","valueRequired":true,"valueName":"search_term_string"}}],"inLanguage":"pl-PL"},{"@type":"Person","@id":"https:\/\/gaudiumetspes-blog.pl\/#\/schema\/person\/1661982992b752dea8dff0d4ed845a65","name":"Ks. Jacek","image":{"@type":"ImageObject","inLanguage":"pl-PL","@id":"https:\/\/gaudiumetspes-blog.pl\/#\/schema\/person\/image\/","url":"https:\/\/gaudiumetspes-blog.pl\/wp-content\/uploads\/2019\/07\/avatar-JJ-150x150.jpg","contentUrl":"https:\/\/gaudiumetspes-blog.pl\/wp-content\/uploads\/2019\/07\/avatar-JJ-150x150.jpg","caption":"Ks. Jacek"},"description":"Witam serdecznie! K\u0142ania si\u0119 Ks. Jacek Ja\u015bkowski. Nie jestem ani kim\u015b wa\u017cnym, ani kim\u015b znanym. Jestem ksi\u0119dzem, kt\u00f3ry po prostu chce rozmawia\u0107. Codzienna kap\u0142a\u0144ska pos\u0142uga pokazuje mi, \u017ce temat\u00f3w do rozm\u00f3w z ksi\u0119dzem jest coraz wi\u0119cej i dzisiaj \u017caden ksi\u0105dz nie mo\u017ce od nich ucieka\u0107, ale - wprost przeciwnie - podejmowa\u0107 nowe wyzwania. To przekonanie sk\u0142oni\u0142o mnie do pr\u00f3by otwarcia tego\u017c bloga, chocia\u017c okazji do rozm\u00f3w na co dzie\u0144 - w konfesjonale i poza nim - na szcz\u0119\u015bcie nie brakuje. My\u015bl\u0119 jednak, \u017ce ten blog b\u0119dzie jeszcze jednym sposobem i przestrzeni\u0105 nawi\u0105zania kontaktu z lud\u017ami dobrej woli, otwartymi na dialog.","url":"https:\/\/gaudiumetspes-blog.pl\/index.php\/author\/ks-jacek\/"}]}},"jetpack_featured_media_url":"","jetpack_sharing_enabled":true,"_links":{"self":[{"href":"https:\/\/gaudiumetspes-blog.pl\/index.php\/wp-json\/wp\/v2\/posts\/17446","targetHints":{"allow":["GET"]}}],"collection":[{"href":"https:\/\/gaudiumetspes-blog.pl\/index.php\/wp-json\/wp\/v2\/posts"}],"about":[{"href":"https:\/\/gaudiumetspes-blog.pl\/index.php\/wp-json\/wp\/v2\/types\/post"}],"author":[{"embeddable":true,"href":"https:\/\/gaudiumetspes-blog.pl\/index.php\/wp-json\/wp\/v2\/users\/1"}],"replies":[{"embeddable":true,"href":"https:\/\/gaudiumetspes-blog.pl\/index.php\/wp-json\/wp\/v2\/comments?post=17446"}],"version-history":[{"count":1,"href":"https:\/\/gaudiumetspes-blog.pl\/index.php\/wp-json\/wp\/v2\/posts\/17446\/revisions"}],"predecessor-version":[{"id":17447,"href":"https:\/\/gaudiumetspes-blog.pl\/index.php\/wp-json\/wp\/v2\/posts\/17446\/revisions\/17447"}],"wp:attachment":[{"href":"https:\/\/gaudiumetspes-blog.pl\/index.php\/wp-json\/wp\/v2\/media?parent=17446"}],"wp:term":[{"taxonomy":"category","embeddable":true,"href":"https:\/\/gaudiumetspes-blog.pl\/index.php\/wp-json\/wp\/v2\/categories?post=17446"},{"taxonomy":"post_tag","embeddable":true,"href":"https:\/\/gaudiumetspes-blog.pl\/index.php\/wp-json\/wp\/v2\/tags?post=17446"}],"curies":[{"name":"wp","href":"https:\/\/api.w.org\/{rel}","templated":true}]}}