{"id":17455,"date":"2020-07-22T08:10:17","date_gmt":"2020-07-22T06:10:17","guid":{"rendered":"https:\/\/gaudiumetspes-blog.pl\/?p=17455"},"modified":"2020-07-22T08:10:17","modified_gmt":"2020-07-22T06:10:17","slug":"milosc-chrystusa-przynagla-nas","status":"publish","type":"post","link":"https:\/\/gaudiumetspes-blog.pl\/index.php\/2020\/07\/22\/milosc-chrystusa-przynagla-nas\/","title":{"rendered":"Mi\u0142o\u015b\u0107 Chrystusa przynagla nas&#8230;"},"content":{"rendered":"<p align=\"justify\"><span style=\"color: #000000;\"><span style=\"font-family: Book Antiqua, serif;\"><span style=\"font-size: large;\">Szcz\u0119\u015b\u0107 Bo\u017ce! Moi Drodzy, w dniu dzisiejszym <b>rocznic\u0119 zawarcia sakramentalnego Ma\u0142\u017ce\u0144stwa prze\u017cywaj\u0105 Pa\u0144stwo Ewa i W\u0142odzimierz Olendrowie, z Celestynowa. S\u0105 to ludzie bardzo mi bliscy, <\/b><b>uwa\u017camy si\u0119 w\u0142a\u015bciwie za<\/b><b> rodzin<\/b><b>\u0119!<\/b><b> Dzi\u0119kuj\u0119 Bogu za t\u0119 wspania\u0142\u0105 Rodzin\u0119, Dzi\u0119kuj\u0119 <\/b><b>za nasz naprawd\u0119 dobry i sta\u0142y kontakt, dzi\u0119kuj\u0119 tak\u017ce za \u015bwiadectwo wiary i pi\u0119knie prze\u017cywanego \u017cycia ma\u0142\u017ce\u0144skiego. Bardzo to buduj\u0105ce \u015bwiadectwo! Niech mi\u0142o\u015b\u0107 Chrystusa przynagla Ich \u2013 jak to us\u0142yszymy dzisiaj w czytaniach \u2013 do coraz bardziej \u017cyli nie ka\u017cde dla siebie, ale dla siebie nawzajem! I dla tych licznych ludzi, kt\u00f3rzy maj\u0105 z Nimi dobry kontakt i kt\u00f3rzy \u2013 jak ja \u2013 buduj\u0105 si\u0119 Ich \u015bwiadectwem. Zapewniam o modlitwie!<\/b><\/span><\/span><\/span><\/p>\n<p align=\"justify\"><span style=\"color: #000000;\"><span style=\"font-family: Book Antiqua, serif;\"><span style=\"font-size: large;\"><b>Imieniny natomiast prze\u017cywaj\u0105 dzi\u015b:<\/b><\/span><\/span><\/span><\/p>\n<p align=\"justify\"><span style=\"color: #000000;\">\u25ba<span style=\"font-family: Book Antiqua, serif;\"><span style=\"font-size: large;\"><b>Magdalena Sosnowska, <\/b><\/span><\/span><\/span><\/p>\n<p align=\"justify\"><span style=\"color: #000000;\">\u25ba<span style=\"font-family: Book Antiqua, serif;\"><span style=\"font-size: large;\"><b>Magdalena Golba,<\/b><\/span><\/span><\/span><\/p>\n<p align=\"justify\"><span style=\"color: #000000;\">\u25ba<span style=\"font-family: Book Antiqua, serif;\"><span style=\"font-size: large;\"><b>Magdalena Majchrzyk \u2013 <\/b><\/span><\/span><\/span><\/p>\n<p align=\"justify\"><span style=\"color: #000000;\"><span style=\"font-family: Book Antiqua, serif;\"><span style=\"font-size: large;\"><b>Osoby te spotka\u0142em we Wsp\u00f3lnotach m\u0142odzie\u017cowych, albo przy innych okazjach.<\/b><\/span><\/span><\/span><\/p>\n<p align=\"justify\"><span style=\"color: #000000;\"><span style=\"font-family: Book Antiqua, serif;\"><span style=\"font-size: large;\"><b>Urodziny prze\u017cywa natomiast Piotr Kalbarczyk, za moich czas\u00f3w \u2013 Lektor w Celestynowie.<\/b><\/span><\/span><\/span><\/p>\n<p align=\"justify\"><span style=\"color: #000000;\"><span style=\"font-family: Book Antiqua, serif;\"><span style=\"font-size: large;\"><b>Wszystkim \u015bwi\u0119tuj\u0105cym \u017cycz\u0119 Bo\u017cego b\u0142ogos\u0142awie\u0144stwa. I zapewniam o modlitwie.<\/b><\/span><\/span><\/span><\/p>\n<p align=\"justify\"><span style=\"color: #000000;\"><span style=\"font-family: Book Antiqua, serif;\"><span style=\"font-size: large;\">Moi Drodzy, niech dobry B\u00f3g ma nas dzisiaj \u2013 i przez ca\u0142e \u017cycie \u2013 w swojej opiece. Prosz\u0119, nie ustawajmy w modlitwie, by wreszcie zako\u0144czy\u0142o si\u0119 ca\u0142e to zamieszanie, jakie ci\u0105gle ma miejsce w zwi\u0105zku z ca\u0142\u0105 t\u0105 epidemi\u0105: aby\u015bmy mogli ju\u017c \u017cy\u0107 normalnie i by ju\u017c dali nam spok\u00f3j z tymi koszmarnymi maskami, kt\u00f3re czyni\u0105 z nas spo\u0142eczno\u015b\u0107 anonim\u00f3w \u2013 t\u0142um bez twarzy. Coraz cz\u0119\u015bciej s\u0142yszy si\u0119 ostatnio o konieczno\u015bci surowego karania mandatami tych, kt\u00f3rzy ich nie nosz\u0105. <\/span><\/span><\/span><\/p>\n<p align=\"justify\"><span style=\"color: #000000;\"><span style=\"font-family: Book Antiqua, serif;\"><span style=\"font-size: large;\">Czy\u017cby mia\u0142y si\u0119 spe\u0142ni\u0107 teorie spiskowe, \u017ce przed wyborami epidemia ju\u017c si\u0119 ko\u0144czy\u0142a, a po wyborach oka\u017ce si\u0119 w mediach, \u017ce znowu atakuje?! Niech nam Pan \u2013 w \u0142askawo\u015bci swojej \u2013 oka\u017ce zmi\u0142owanie! Bo ile mo\u017cna jeszcze \u017cy\u0107 w takiej psychicznej presji i odbiera\u0107 wykluczaj\u0105ce si\u0119 nawzajem informacje medialne\u2026 Nie ustawajmy zatem w modlitwie!<\/span><\/span><\/span><\/p>\n<p align=\"justify\"><span style=\"color: #000000;\"><span style=\"font-family: Book Antiqua, serif;\"><span style=\"font-size: large;\"><b>Niech Was b\u0142ogos\u0142awi B\u00f3g Wszechmog\u0105cy: Ojciec + i Syn, i Duch \u015awi\u0119ty. Amen <\/b><\/span><\/span><\/span><\/p>\n<p align=\"justify\"><span style=\"color: #000000;\"><span style=\"font-family: Book Antiqua, serif;\"><span style=\"font-size: large;\">Gaudium et spes!\u00a0 Ks. Jacek<\/span><\/span><\/span><\/p>\n<p align=\"justify\">\n<p align=\"justify\">\n<p align=\"justify\">\n<p align=\"justify\">\n<p align=\"justify\">\n<p align=\"justify\"><span style=\"color: #000000;\"><span style=\"font-family: Book antiqua, serif;\"><span style=\"font-size: large;\"><b>\u015awi\u0119to \u015aw. Marii Magdaleny,<\/b><\/span><\/span><\/span><\/p>\n<p align=\"justify\"><span style=\"color: #000000;\"><span style=\"font-family: Book antiqua, serif;\"><span style=\"font-size: large;\"><b>22 lipca 2020.,<\/b><\/span><\/span><\/span><\/p>\n<p align=\"justify\"><span style=\"color: #000000;\"><span style=\"font-family: Book antiqua, serif;\"><span style=\"font-size: large;\"><b>do czyta\u0144 z t. VI Lekcjonarza: <\/b><\/span><\/span><\/span><\/p>\n<p align=\"justify\"><span style=\"color: #000000;\"> <span style=\"font-family: Book antiqua, serif;\"><span style=\"font-size: large;\"><b>Pnp 8,6\u20137; albo: 2 Kor 5,14\u201317; J 20,1.11\u201318<\/b><\/span><\/span><\/span><\/p>\n<p align=\"justify\">\n<p align=\"justify\">\n<p align=\"justify\">\n<p align=\"justify\">\n<p align=\"justify\">\n<p align=\"justify\"><span style=\"color: #000000;\"><span style=\"font-family: Book antiqua, serif;\"><span style=\"font-size: large;\"><b>CZYTANIE Z KSI\u0118GI PIE\u015aNI NAD PIE\u015aNIAMI:<\/b><\/span><\/span><\/span><\/p>\n<p align=\"justify\"><span style=\"color: #000000;\"><span style=\"font-family: Book antiqua, serif;\"><span style=\"font-size: large;\"><b>Po\u0142\u00f3\u017c mnie jak piecz\u0119\u0107 na twoim sercu, jak piecz\u0119\u0107 na twoim ramieniu, bo jak \u015bmier\u0107 pot\u0119\u017cna jest mi\u0142o\u015b\u0107, a zazdro\u015b\u0107 jej nieprzejednana jak otch\u0142a\u0144; \u017car jej to \u017car ognia, p\u0142omie\u0144 Pana.<\/b><\/span><\/span><\/span><\/p>\n<p align=\"justify\"><span style=\"color: #000000;\"><span style=\"font-family: Book antiqua, serif;\"><span style=\"font-size: large;\"><b>Wody wielkie nie zdo\u0142aj\u0105 ugasi\u0107 mi\u0142o\u015bci, nie zatopi\u0105 jej rzeki. Je\u015bliby kto odda\u0142 za mi\u0142o\u015b\u0107 ca\u0142e bogactwo swego domu, pogardz\u0105 nim tylko.<\/b><\/span><\/span><\/span><\/p>\n<p align=\"justify\">\n<p align=\"justify\">\n<p align=\"justify\">\n<p align=\"justify\">\n<p align=\"justify\">\n<p align=\"center\"><span style=\"color: #000000;\"><span style=\"font-family: Book antiqua, serif;\"><span style=\"font-size: large;\"><b>ALBO:<\/b><\/span><\/span><\/span><\/p>\n<p align=\"center\">\n<p align=\"center\">\n<p align=\"center\">\n<p align=\"center\">\n<p align=\"center\">\n<p align=\"justify\"><span style=\"color: #000000;\"><span style=\"font-family: Book antiqua, serif;\"><span style=\"font-size: large;\"><b>CZYTANIE Z DRUGIEGO LISTU \u015aWI\u0118TEGO PAW\u0141A APOSTO\u0141A DO KORYNTIAN<\/b><\/span><\/span><\/span><\/p>\n<p align=\"justify\"><span style=\"color: #000000;\"><span style=\"font-family: Book antiqua, serif;\"><span style=\"font-size: large;\"><b>Bracia: Mi\u0142o\u015b\u0107 Chrystusa przynagla nas, pomnych na to, \u017ce skoro Jeden umar\u0142 za wszystkich, to wszyscy pomarli. A w\u0142a\u015bnie za wszystkich umar\u0142 Chrystus, aby ci, co \u017cyj\u0105, ju\u017c nie \u017cyli dla siebie, lecz dla Tego, kt\u00f3ry za nich umar\u0142 i zmartwychwsta\u0142.<\/b><\/span><\/span><\/span><\/p>\n<p align=\"justify\"><span style=\"color: #000000;\"><span style=\"font-family: Book antiqua, serif;\"><span style=\"font-size: large;\"><b>Tak wi\u0119c i my odt\u0105d ju\u017c nikogo nie znamy wed\u0142ug cia\u0142a; a je\u015bli nawet wed\u0142ug cia\u0142a poznali\u015bmy Chrystusa, to ju\u017c wi\u0119cej nie znamy Go w ten spos\u00f3b. Je\u017celi wi\u0119c kto\u015b pozostaje w Chrystusie, jest nowym stworzeniem. To, co dawne, min\u0119\u0142o, a oto wszystko sta\u0142o si\u0119 nowe.<\/b><\/span><\/span><\/span><\/p>\n<p align=\"justify\">\n<p align=\"justify\">\n<p align=\"justify\">\n<p align=\"justify\">\n<p align=\"justify\">\n<p align=\"justify\"><span style=\"color: #000000;\"><span style=\"font-family: Book antiqua, serif;\"><span style=\"font-size: large;\"><b>S\u0141OWA EWANGELII WED\u0141UG \u015aWI\u0118TEGO JANA:<\/b><\/span><\/span><\/span><\/p>\n<p align=\"justify\"><span style=\"color: #000000;\"><span style=\"font-family: Book antiqua, serif;\"><span style=\"font-size: large;\"><b>Pierwszego dnia po szabacie, wczesnym rankiem, gdy jeszcze by\u0142o ciemno, Maria Magdalena uda\u0142a si\u0119 do grobu i zobaczy\u0142a kamie\u0144 od niego odsuni\u0119ty.<\/b><\/span><\/span><\/span><\/p>\n<p align=\"justify\"><span style=\"color: #000000;\"><span style=\"font-family: Book antiqua, serif;\"><span style=\"font-size: large;\"><b>Maria sta\u0142a przed grobem p\u0142acz\u0105c. A kiedy tak p\u0142aka\u0142a, nachyli\u0142a si\u0119 do grobu i ujrza\u0142a dw\u00f3ch anio\u0142\u00f3w w bieli, siedz\u0105cych tam, gdzie le\u017ca\u0142o cia\u0142o Jezusa: jednego w miejscu g\u0142owy, a drugiego w miejscu n\u00f3g.<\/b><\/span><\/span><\/span><\/p>\n<p align=\"justify\"><span style=\"color: #000000;\"><span style=\"font-family: Book antiqua, serif;\"><span style=\"font-size: large;\"><b>I rzekli do niej: \u201eNiewiasto, czemu p\u0142aczesz?\u201d.<\/b><\/span><\/span><\/span><\/p>\n<p align=\"justify\"><span style=\"color: #000000;\"><span style=\"font-family: Book antiqua, serif;\"><span style=\"font-size: large;\"><b>Odpowiedzia\u0142a im: \u201eZabrano Pana mego i nie wiem, gdzie Go po\u0142o\u017cono\u201d.<\/b><\/span><\/span><\/span><\/p>\n<p align=\"justify\"><span style=\"color: #000000;\"><span style=\"font-family: Book antiqua, serif;\"><span style=\"font-size: large;\"><b>Gdy to powiedzia\u0142a, odwr\u00f3ci\u0142a si\u0119 i ujrza\u0142a stoj\u0105cego Jezusa, ale nie wiedzia\u0142a, \u017ce to Jezus.<\/b><\/span><\/span><\/span><\/p>\n<p align=\"justify\"><span style=\"color: #000000;\"><span style=\"font-family: Book antiqua, serif;\"><span style=\"font-size: large;\"><b>Rzek\u0142 do niej Jezus: \u201eNiewiasto, czemu p\u0142aczesz? Kogo szukasz?\u201d.<\/b><\/span><\/span><\/span><\/p>\n<p align=\"justify\"><span style=\"color: #000000;\"><span style=\"font-family: Book antiqua, serif;\"><span style=\"font-size: large;\"><b>Ona za\u015b s\u0105dz\u0105c, \u017ce to jest ogrodnik, powiedzia\u0142a do Niego: \u201ePanie, je\u015bli ty Go przenios\u0142e\u015b, powiedz mi, gdzie Go po\u0142o\u017cy\u0142e\u015b, a ja Go wezm\u0119\u201d.<\/b><\/span><\/span><\/span><\/p>\n<p align=\"justify\"><span style=\"color: #000000;\"><span style=\"font-family: Book antiqua, serif;\"><span style=\"font-size: large;\"><b>Jezus rzek\u0142 do niej: \u201eMario!\u201d.<\/b><\/span><\/span><\/span><\/p>\n<p align=\"justify\"><span style=\"color: #000000;\"><span style=\"font-family: Book antiqua, serif;\"><span style=\"font-size: large;\"><b>A ona obr\u00f3ciwszy si\u0119 powiedzia\u0142a do Niego po hebrajsku: \u201eRabbuni\u201d, to znaczy: Nauczycielu.<\/b><\/span><\/span><\/span><\/p>\n<p align=\"justify\"><span style=\"color: #000000;\"><span style=\"font-family: Book antiqua, serif;\"><span style=\"font-size: large;\"><b>Rzek\u0142 do niej Jezus: \u201eNie zatrzymuj Mnie; jeszcze bowiem nie wst\u0105pi\u0142em do Ojca. Natomiast udaj si\u0119 do moich braci i powiedz im: \u00abWst\u0119puj\u0119 do Ojca mego i Ojca waszego oraz do Boga mego i Boga waszego\u00bb\u201d.<\/b><\/span><\/span><\/span><\/p>\n<p align=\"justify\"><span style=\"color: #000000;\"><span style=\"font-family: Book antiqua, serif;\"><span style=\"font-size: large;\"><b>Posz\u0142a Maria Magdalena oznajmiaj\u0105c uczniom: \u201eWidzia\u0142am Pana i to mi powiedzia\u0142\u201d.<\/b><\/span><\/span><\/span><\/p>\n<p align=\"justify\">\n<p align=\"justify\">\n<p align=\"justify\">\n<p align=\"justify\">\n<p align=\"justify\">\n<p align=\"justify\"><span style=\"color: #000000;\"><span style=\"font-family: Book antiqua, serif;\"><span style=\"font-size: large;\">Patronka dnia dzisiejszego, <b>Maria, <\/b>pochodzi\u0142a \u2013 wed\u0142ug biblijnej relacji \u2013 <b>z miejscowo\u015bci Magdalia, <\/b>znajduj\u0105cej si\u0119 nad Jeziorem Galilejskim, niedaleko Tyberiady. Z Ewangelii wiemy, \u017ce w swoim czasie <b>w \u017cyciu Marii mia\u0142o miejsce bardzo znacz\u0105ce wydarzenie: Jezus wyrzuci\u0142 z niej siedem z\u0142ych duch\u00f3w. <\/b>Odt\u0105d w\u0142\u0105cza si\u0119 ona do grona Jego s\u0142uchaczy i wraz z innymi niewiastami troszczy si\u0119 o w\u0119druj\u0105cych z Nim ludzi.<\/span><\/span><\/span><\/p>\n<p align=\"justify\"><span style=\"color: #000000;\"><span style=\"font-family: Book antiqua, serif;\"><span style=\"font-size: large;\">Po raz drugi Ewangeli\u015bci wspominaj\u0105 o niej, gdy wyliczaj\u0105 j\u0105 <b>w\u015br\u00f3d os\u00f3b obecnych przy ukrzy\u017cowaniu i \u015bmierci Jezusa, <\/b>a nast\u0119pnie \u2013 przy zdj\u0119ciu Cia\u0142a Zbawiciela z krzy\u017ca i pogrzebaniu. Nasza \u015awi\u0119ta by\u0142a jedn\u0105 z trzech niewiast, kt\u00f3re potem uda\u0142y si\u0119 do grobu, aby nama\u015bci\u0107 Cia\u0142o Ukrzy\u017cowanego, <b>ale gr\u00f3b znalaz\u0142y pusty! <\/b>Kiedy zatem Maria Magdalena ujrza\u0142a, \u017ce kamie\u0144 od grobu by\u0142 odsuni\u0119ty, w\u00f3wczas przera\u017cona my\u015bl\u0105, \u017ce \u017bydzi zbezcze\u015bcili Cia\u0142o Zbawiciela, przenosz\u0105c je w niewiadome miejsce \u2013 <b>pobieg\u0142a do Aposto\u0142\u00f3w i powiadomi\u0142a ich o wszystkim.<\/b><\/span><\/span><\/span><\/p>\n<p align=\"justify\"><span style=\"color: #000000;\"><span style=\"font-family: Book antiqua, serif;\"><span style=\"font-size: large;\">Potem sama ponownie wr\u00f3ci\u0142a do Grobu, a tam \u2013 niespodziewanie \u2013 <b>Zmartwychwsta\u0142y ukaza\u0142 <\/b><b>si\u0119 <\/b><b>jej, jednak ona nie rozpozna\u0142a swego Mistrza, bior\u0105c Go za ogrodnika. <\/b>O tym us\u0142yszeli\u015bmy w dzisiejszej Ewangelii. Po tym spotkaniu Maria Magdalena \u2013 jako pierwsza \u2013 przekaza\u0142a Aposto\u0142om wie\u015b\u0107 o Zmartwychwstaniu Chrystusa.<\/span><\/span><\/span><\/p>\n<p align=\"justify\"><span style=\"color: #000000;\"><span style=\"font-family: Book antiqua, serif;\"><span style=\"font-size: large;\">\u015awi\u0119ty Papie\u017c Grzegorz I Wielki <b>uto\u017csamia\u0142 Mari\u0119 Magdalen\u0119 z jawnogrzesznic\u0105, <\/b>o kt\u00f3rej pisze \u0141ukasz Ewangelista, jak te\u017c z Mari\u0105, siostr\u0105 \u0141azarza, o kt\u00f3rej z kolei pisze \u015awi\u0119ty Jan, i\u017c \u2013 podobnie, jak jawnogrzesznica u \u015awi\u0119tego \u0141ukasza \u2013 <b>obmy\u0142a nogi Pana Jezusa wonnymi olejkami.<\/b><\/span><\/span><\/span><\/p>\n<p align=\"justify\"><span style=\"color: #000000;\"><span style=\"font-family: Book antiqua, serif;\"><span style=\"font-size: large;\">Wsp\u00f3\u0142cze\u015bni bibli\u015bci jednak, id\u0105c za pierwotn\u0105 tradycj\u0105 i za Ojcami Ko\u015bcio\u0142a na Wschodzie, uwa\u017caj\u0105, \u017ce <b>imi\u0119 Maria mia\u0142y trzy niewiasty, nie maj\u0105ce ze sob\u0105 bli\u017cszego zwi\u0105zku. <\/b>Dlatego to w\u0142a\u015bnie najnowsza reforma kalendarza liturgicznego <b>wyra\u017anie odr\u00f3\u017cnia Mari\u0119 Magdalen\u0119 od Marii, siostry \u0141azarza, <\/b>ustanawiaj\u0105c ku ich czci osobne dni wspomnienia.<\/span><\/span><\/span><\/p>\n<p align=\"justify\"><span style=\"color: #000000;\"><span style=\"font-family: Book antiqua, serif;\"><span style=\"font-size: large;\">Kult \u015awi\u0119tej Marii Magdaleny jest obecnie <b>powszechny w Ko\u015bciele tak na Zachodzie, jak i na Wschodzie. <\/b>Nasza dzisiejsza Patronka ma swoje sanktuaria, do kt\u00f3rych od wiek\u00f3w licznie pod\u0105\u017cali i wci\u0105\u017c pod\u0105\u017caj\u0105 pielgrzymi.<\/span><\/span><\/span><\/p>\n<p align=\"justify\"><span style=\"color: #000000;\"><span style=\"font-family: Book antiqua, serif;\"><span style=\"font-size: large;\">W czerwcu 2016 roku Papie\u017c Franciszek podni\u00f3s\u0142 dzisiejsze wspomnienie liturgiczne <b>do rangi \u015bwi\u0119ta liturgicznego.<\/b><\/span><\/span><\/span><\/p>\n<p align=\"justify\"><span style=\"color: #000000;\"><span style=\"font-family: Book antiqua, serif;\"><span style=\"font-size: large;\">Ju\u017c pierwsze czytanie \u2013 z dw\u00f3ch, danych nam dzisiaj do wyboru \u2013 podpowiada nam refleksj\u0119, i\u017c tym, co \u0142\u0105czy\u0142o Mari\u0119 Magdalen\u0119 z Jezusem i tworzy\u0142o ow\u0105 <b>szczeg\u00f3ln\u0105 relacj\u0119<\/b> Uczennicy z Mistrzem, <b>by\u0142a mi\u0142o\u015b\u0107. <\/b>Skoro Ko\u015bci\u00f3\u0142 przywo\u0142uje w\u0142a\u015bnie fragment Ksi\u0119gi Pie\u015bni nad Pie\u015bniami, a wi\u0119c tej <b>wyj\u0105tkowej Ksi\u0119gi <\/b>w Starym Testamencie, w kt\u00f3rej imi\u0119 Boga nie pojawia si\u0119 ani razu, ale Jego obecno\u015b\u0107 jest <b>tak bardzo wyczuwalna, <\/b>a nade wszystko: na t\u0119 Jego obecno\u015b\u0107 wskazuje opis subtelnej relacji \u0142\u0105cz\u0105cych dwoje zakochanych \u2013 to mo\u017cemy wyprowadzi\u0107 ten wniosek, \u017ce <b>podobna relacja zachodzi tak\u017ce i tutaj<\/b><b>: <\/b>w najg\u0142\u0119bszym i najbardziej duchowym tego s\u0142owa znaczeniu, Maria Magdalena by\u0142a <b>w swoim Mistrzu zakochana.<\/b> <\/span><\/span><\/span><\/p>\n<p align=\"justify\"><span style=\"color: #000000;\"><span style=\"font-family: Book antiqua, serif;\"><span style=\"font-size: large;\">Podkre\u015blmy to z ca\u0142\u0105 moc\u0105, \u017ceby unikn\u0105\u0107 niepowa\u017cnych i nieprawdziwych skojarze\u0144: <b>to nie by\u0142a mi\u0142o\u015b\u0107 zmys\u0142owa!<\/b> To nie by\u0142o jakie\u015b <b>przelotne uczucie,<\/b> \u0142\u0105cz\u0105ce m\u0119\u017cczyzn\u0119 z kobiet\u0105 \u2013 a wcze\u015bniej jeszcze: ch\u0142opaka z dziewczyn\u0105 \u2013 wyra\u017caj\u0105ce si\u0119 jedynie w czu\u0142ych gestach i fizycznych zbli\u017ceniach. <\/span><\/span><\/span><\/p>\n<p align=\"justify\"><span style=\"color: #000000;\"><span style=\"font-family: Book antiqua, serif;\"><span style=\"font-size: large;\">To by\u0142a mi\u0142o\u015b\u0107, kt\u00f3r\u0105 \u015awi\u0119ty Pawe\u0142 tak charakteryzuje w drugim, danym nam do wyboru, czytaniu: <i><b>Mi\u0142o\u015b\u0107 Chrystusa przynagla nas, pomnych na to, \u017ce skoro Jeden umar\u0142 za wszystkich, to wszyscy pomarli. A w\u0142a\u015bnie za wszystkich umar\u0142 Chrystus, aby ci, co \u017cyj\u0105, ju\u017c nie \u017cyli dla siebie, lecz dla Tego, kt\u00f3ry za nich umar\u0142 i zmartwychwsta\u0142. Tak wi\u0119c i my odt\u0105d ju\u017c nikogo nie znamy wed\u0142ug cia\u0142a; a je\u015bli nawet wed\u0142ug cia\u0142a poznali\u015bmy Chrystusa, to ju\u017c wi\u0119cej nie znamy Go w ten spos\u00f3b. Je\u017celi wi\u0119c kto<\/b><\/i><i><b>\u015b<\/b><\/i><i><b> pozostaje w Chrystusie, jest nowym stworzeniem. To, co dawne, min\u0119\u0142o, a oto wszystko sta\u0142o si\u0119 nowe.<\/b><\/i><b> <\/b><\/span><\/span><\/span><\/p>\n<p align=\"justify\"><span style=\"color: #000000;\"><span style=\"font-family: Book antiqua, serif;\"><span style=\"font-size: large;\">I w\u0142a\u015bnie na tym polega\u0142a mi\u0142o\u015b\u0107 Marii Magdaleny do Jezusa: <b>by\u0142a to bardzo konkretna postawa, <\/b>polegaj\u0105ca na pod\u0105\u017caniu za Mistrzem, s\u0142uchaniu Go, s\u0142u\u017ceniu Mu i Jego Uczniom tak\u0105 zwyk\u0142\u0105, kobiec\u0105 troskliwo\u015bci\u0105 i zapobiegliwo\u015bci\u0105. W ten spos\u00f3b Maria Magdalena odpowiada\u0142a na mi\u0142o\u015b\u0107 Jezusa, kt\u00f3ra to mi\u0142o\u015b\u0107 <b>zawsze jest pierwsza \u2013 wobec ka\u017cdego cz\u0142owieka! <\/b>To B\u00f3g wychodzi pierwszy do cz\u0142owieka \u2013 z zaproszeniem do wsp\u00f3\u0142pracy, z zaproszeniem do \u015bwi\u0119to\u015bci! Mi\u0142o\u015b\u0107 Boga jest zawsze pierwsza. Mi\u0142o\u015b\u0107 cz\u0142owieka \u2013 <b>zawsze jest ju\u017c odpowiedzi\u0105. <\/b><\/span><\/span><\/span><\/p>\n<p align=\"justify\"><span style=\"color: #000000;\"><span style=\"font-family: Book antiqua, serif;\"><span style=\"font-size: large;\">Doskonale obrazuje to sytuacja, opisana w dzisiejszej Ewangelii. Po tylu razach, kiedy to <b>Jezus wychodzi\u0142 <\/b>do swoich Aposto\u0142\u00f3w i tych, kt\u00f3rzy z Nim w\u0119drowali, ze s\u0142owem swego nauczania i innymi gestami swojej troski o nich i swojej mi\u0142o\u015bci, trzeba by\u0142o, aby tak\u017ce po Zmartwychwstaniu <b>wyszed\u0142 do nich jako pierwszy<\/b> \u2013 zw\u0142aszcza, \u017ce oni sami mieli du\u017cy problem najpierw z prze\u017cyciem tego, <b>co sta\u0142o <\/b><b>si\u0119 <\/b><b>w Wielki Pi\u0105tek, <\/b>a potem nie mogli uwierzy\u0107 to, <b>co si\u0119 sta\u0142o w Niedzielny Poranek. <\/b><\/span><\/span><\/span><\/p>\n<p align=\"justify\"><span style=\"color: #000000;\"><span style=\"font-family: Book antiqua, serif;\"><span style=\"font-size: large;\">Dlatego Jezus raz jeszcze sam wyszed\u0142 do nich \u2013 tak, jak dzisiaj wyszed\u0142 do Marii \u2013 tyle, \u017ce ta akurat <b>nie rozpozna\u0142a Go od razu.<\/b> My\u015bla\u0142a, \u017ce to miejscowy ogrodnik. Dopiero, kiedy us\u0142ysza\u0142a \u2013 wypowiedziane na pewno z wielk\u0105 mi\u0142o\u015bci\u0105 \u2013 swoje imi\u0119, dopiero w\u00f3wczas <b>jakby od\u017cy\u0142a w niej ca\u0142a ta najg\u0142\u0119bsza relacja,<\/b> jaka \u0142\u0105czy\u0142a j\u0105 z Mistrzem. Ta najg\u0142\u0119biej pojmowana mi\u0142o\u015b\u0107, kt\u00f3ra sprawi\u0142a, \u017ce \u2013 jak pisze \u015awi\u0119ty Pawe\u0142 \u2013 sta\u0142a si\u0119 ona naprawd\u0119 nowym cz\u0142owiekiem. W jej \u017cyciu \u2013 naprawd\u0119 \u2013 <i><b>t<\/b><\/i><i><b>o, co dawne, min\u0119\u0142o, a oto wszystko sta\u0142o si\u0119 nowe. <\/b><\/i><\/span><\/span><\/span><\/p>\n<p align=\"justify\"><span style=\"color: #000000;\"><span style=\"font-family: Book antiqua, serif;\"><span style=\"font-size: large;\">Maria, kt\u00f3ra wcze\u015bniej zna\u0142a Jezusa <i><b>wed\u0142ug cia\u0142a<\/b><\/i> \u2013 w tym sensie, \u017ce widzia\u0142a Go przed sob\u0105, s\u0142ysza\u0142a Jego g\u0142os, po prostu: by\u0142a blisko \u2013 <b>teraz ju\u017c nie zna\u0142a Go w ten spos\u00f3b,<\/b> bo ten czysto ludzki spos\u00f3b okaza\u0142 si\u0119 w tym momencie zawodny! Zwyczajnie, nie rozpozna\u0142a swego Mistrza. Musia\u0142o po raz kolejny <b>mocniej zaanga\u017cowa\u0107 si\u0119 serce, <\/b>aby na tej najg\u0142\u0119bszej, duchowej p\u0142aszczy\u017anie, mog\u0142o doj\u015b\u0107 do spotkania! I aby Maria Magdalena mog\u0142a si\u0119 sta\u0107 jak najbardziej przekonuj\u0105cym \u015bwiadkiem Zmartwychwsta\u0142ego! Zosta\u0142a do tego \u2013 by u\u017cy\u0107 sformu\u0142owania \u015awi\u0119tego Paw\u0142a \u2013 <b>przynaglona!<\/b><\/span><\/span><\/span><\/p>\n<p align=\"justify\"><span style=\"color: #000000;\"><span style=\"font-family: Book antiqua, serif;\"><span style=\"font-size: large;\">A co my robimy, moi Drodzy, aby swoj\u0105 relacj\u0119 z Jezusem coraz bardziej pog\u0142\u0119bia\u0107? Aby praktyki religijne, kt\u00f3re cz\u0119sto spe\u0142niamy naprawd\u0119 sumiennie i w nieraz w du\u017cych ilo\u015bciach \u2013 prowadzi\u0142y nas do <b>budowania najg\u0142\u0119bszej, duchowej wi\u0119zi <\/b><b>z naszym Mistrzem<\/b><b>?<\/b> Czy prze\u017cywaj\u0105c Msz\u0119 \u015awi\u0119t\u0105, lub modl\u0105c si\u0119, mam na uwadze t\u0119 duchow\u0105 wi\u0119\u017a, czy o niej my\u015bl\u0119, jej pragn\u0119 \u2013 czy mo\u017ce <b>my\u015bl\u0119 jedynie o sobie,<\/b> jako o cz\u0142owieku pobo\u017cnym, kt\u00f3ry przecie\u017c tak sumiennie spe\u0142nia tak liczne religijne praktyki?\u2026 A dodatkowo jeszcze anga\u017cuje si\u0119 w r\u00f3\u017cne dzie\u0142a ko\u015bcielne i przyko\u015bcielne\u2026 S\u0142owem: czy moje <b>\u201enakierowanie\u201d na Jezusa<\/b> jest jednocze\u015bnie <b>\u201enakierowaniem\u201d na g\u0142\u0119bi\u0119?\u2026<\/b> Do czego mnie \u2013 <b>przynagla mi\u0142o\u015b\u0107 Jezusa?\u2026<\/b><\/span><\/span><\/span><\/p>\n","protected":false},"excerpt":{"rendered":"<p>Szcz\u0119\u015b\u0107 Bo\u017ce! Moi Drodzy, w dniu dzisiejszym rocznic\u0119 zawarcia sakramentalnego Ma\u0142\u017ce\u0144stwa prze\u017cywaj\u0105 Pa\u0144stwo Ewa i W\u0142odzimierz Olendrowie, z Celestynowa. S\u0105 to ludzie bardzo mi bliscy, uwa\u017camy si\u0119 w\u0142a\u015bciwie za rodzin\u0119! Dzi\u0119kuj\u0119 Bogu za t\u0119 wspania\u0142\u0105 Rodzin\u0119, Dzi\u0119kuj\u0119 za nasz naprawd\u0119 dobry i sta\u0142y kontakt, dzi\u0119kuj\u0119 tak\u017ce za \u015bwiadectwo wiary i pi\u0119knie prze\u017cywanego \u017cycia ma\u0142\u017ce\u0144skiego. Bardzo [&hellip;]<\/p>\n","protected":false},"author":1,"featured_media":0,"comment_status":"open","ping_status":"open","sticky":false,"template":"","format":"standard","meta":{"jetpack_post_was_ever_published":false,"_jetpack_newsletter_access":"","_jetpack_dont_email_post_to_subs":false,"_jetpack_newsletter_tier_id":0,"_jetpack_memberships_contains_paywalled_content":false,"_jetpack_memberships_contains_paid_content":false,"footnotes":""},"categories":[1],"tags":[],"class_list":["post-17455","post","type-post","status-publish","format-standard","hentry","category-bez-kategorii"],"yoast_head":"<!-- This site is optimized with the Yoast SEO plugin v25.1 - https:\/\/yoast.com\/wordpress\/plugins\/seo\/ -->\n<title>Mi\u0142o\u015b\u0107 Chrystusa przynagla nas... - Gaudium Et Spes<\/title>\n<meta name=\"robots\" content=\"index, follow, max-snippet:-1, max-image-preview:large, max-video-preview:-1\" \/>\n<link rel=\"canonical\" href=\"https:\/\/gaudiumetspes-blog.pl\/index.php\/2020\/07\/22\/milosc-chrystusa-przynagla-nas\/\" \/>\n<meta property=\"og:locale\" content=\"pl_PL\" \/>\n<meta property=\"og:type\" content=\"article\" \/>\n<meta property=\"og:title\" content=\"Mi\u0142o\u015b\u0107 Chrystusa przynagla nas... - Gaudium Et Spes\" \/>\n<meta property=\"og:description\" content=\"Szcz\u0119\u015b\u0107 Bo\u017ce! Moi Drodzy, w dniu dzisiejszym rocznic\u0119 zawarcia sakramentalnego Ma\u0142\u017ce\u0144stwa prze\u017cywaj\u0105 Pa\u0144stwo Ewa i W\u0142odzimierz Olendrowie, z Celestynowa. S\u0105 to ludzie bardzo mi bliscy, uwa\u017camy si\u0119 w\u0142a\u015bciwie za rodzin\u0119! Dzi\u0119kuj\u0119 Bogu za t\u0119 wspania\u0142\u0105 Rodzin\u0119, Dzi\u0119kuj\u0119 za nasz naprawd\u0119 dobry i sta\u0142y kontakt, dzi\u0119kuj\u0119 tak\u017ce za \u015bwiadectwo wiary i pi\u0119knie prze\u017cywanego \u017cycia ma\u0142\u017ce\u0144skiego. Bardzo [&hellip;]\" \/>\n<meta property=\"og:url\" content=\"https:\/\/gaudiumetspes-blog.pl\/index.php\/2020\/07\/22\/milosc-chrystusa-przynagla-nas\/\" \/>\n<meta property=\"og:site_name\" content=\"Gaudium Et Spes\" \/>\n<meta property=\"article:published_time\" content=\"2020-07-22T06:10:17+00:00\" \/>\n<meta name=\"author\" content=\"Ks. Jacek\" \/>\n<meta name=\"twitter:card\" content=\"summary_large_image\" \/>\n<meta name=\"twitter:label1\" content=\"Napisane przez\" \/>\n\t<meta name=\"twitter:data1\" content=\"Ks. Jacek\" \/>\n\t<meta name=\"twitter:label2\" content=\"Szacowany czas czytania\" \/>\n\t<meta name=\"twitter:data2\" content=\"10 minut\" \/>\n<script type=\"application\/ld+json\" class=\"yoast-schema-graph\">{\"@context\":\"https:\/\/schema.org\",\"@graph\":[{\"@type\":\"WebPage\",\"@id\":\"https:\/\/gaudiumetspes-blog.pl\/index.php\/2020\/07\/22\/milosc-chrystusa-przynagla-nas\/\",\"url\":\"https:\/\/gaudiumetspes-blog.pl\/index.php\/2020\/07\/22\/milosc-chrystusa-przynagla-nas\/\",\"name\":\"Mi\u0142o\u015b\u0107 Chrystusa przynagla nas... - Gaudium Et Spes\",\"isPartOf\":{\"@id\":\"https:\/\/gaudiumetspes-blog.pl\/#website\"},\"datePublished\":\"2020-07-22T06:10:17+00:00\",\"author\":{\"@id\":\"https:\/\/gaudiumetspes-blog.pl\/#\/schema\/person\/1661982992b752dea8dff0d4ed845a65\"},\"breadcrumb\":{\"@id\":\"https:\/\/gaudiumetspes-blog.pl\/index.php\/2020\/07\/22\/milosc-chrystusa-przynagla-nas\/#breadcrumb\"},\"inLanguage\":\"pl-PL\",\"potentialAction\":[{\"@type\":\"ReadAction\",\"target\":[\"https:\/\/gaudiumetspes-blog.pl\/index.php\/2020\/07\/22\/milosc-chrystusa-przynagla-nas\/\"]}]},{\"@type\":\"BreadcrumbList\",\"@id\":\"https:\/\/gaudiumetspes-blog.pl\/index.php\/2020\/07\/22\/milosc-chrystusa-przynagla-nas\/#breadcrumb\",\"itemListElement\":[{\"@type\":\"ListItem\",\"position\":1,\"name\":\"Strona g\u0142\u00f3wna\",\"item\":\"https:\/\/gaudiumetspes-blog.pl\/\"},{\"@type\":\"ListItem\",\"position\":2,\"name\":\"Mi\u0142o\u015b\u0107 Chrystusa przynagla nas&#8230;\"}]},{\"@type\":\"WebSite\",\"@id\":\"https:\/\/gaudiumetspes-blog.pl\/#website\",\"url\":\"https:\/\/gaudiumetspes-blog.pl\/\",\"name\":\"Gaudium Et Spes\",\"description\":\"Blog Ks. Jacka Ja\u015bkowskiego\",\"potentialAction\":[{\"@type\":\"SearchAction\",\"target\":{\"@type\":\"EntryPoint\",\"urlTemplate\":\"https:\/\/gaudiumetspes-blog.pl\/?s={search_term_string}\"},\"query-input\":{\"@type\":\"PropertyValueSpecification\",\"valueRequired\":true,\"valueName\":\"search_term_string\"}}],\"inLanguage\":\"pl-PL\"},{\"@type\":\"Person\",\"@id\":\"https:\/\/gaudiumetspes-blog.pl\/#\/schema\/person\/1661982992b752dea8dff0d4ed845a65\",\"name\":\"Ks. Jacek\",\"image\":{\"@type\":\"ImageObject\",\"inLanguage\":\"pl-PL\",\"@id\":\"https:\/\/gaudiumetspes-blog.pl\/#\/schema\/person\/image\/\",\"url\":\"https:\/\/gaudiumetspes-blog.pl\/wp-content\/uploads\/2019\/07\/avatar-JJ-150x150.jpg\",\"contentUrl\":\"https:\/\/gaudiumetspes-blog.pl\/wp-content\/uploads\/2019\/07\/avatar-JJ-150x150.jpg\",\"caption\":\"Ks. Jacek\"},\"description\":\"Witam serdecznie! K\u0142ania si\u0119 Ks. Jacek Ja\u015bkowski. Nie jestem ani kim\u015b wa\u017cnym, ani kim\u015b znanym. Jestem ksi\u0119dzem, kt\u00f3ry po prostu chce rozmawia\u0107. Codzienna kap\u0142a\u0144ska pos\u0142uga pokazuje mi, \u017ce temat\u00f3w do rozm\u00f3w z ksi\u0119dzem jest coraz wi\u0119cej i dzisiaj \u017caden ksi\u0105dz nie mo\u017ce od nich ucieka\u0107, ale - wprost przeciwnie - podejmowa\u0107 nowe wyzwania. To przekonanie sk\u0142oni\u0142o mnie do pr\u00f3by otwarcia tego\u017c bloga, chocia\u017c okazji do rozm\u00f3w na co dzie\u0144 - w konfesjonale i poza nim - na szcz\u0119\u015bcie nie brakuje. My\u015bl\u0119 jednak, \u017ce ten blog b\u0119dzie jeszcze jednym sposobem i przestrzeni\u0105 nawi\u0105zania kontaktu z lud\u017ami dobrej woli, otwartymi na dialog.\",\"url\":\"https:\/\/gaudiumetspes-blog.pl\/index.php\/author\/ks-jacek\/\"}]}<\/script>\n<!-- \/ Yoast SEO plugin. -->","yoast_head_json":{"title":"Mi\u0142o\u015b\u0107 Chrystusa przynagla nas... - Gaudium Et Spes","robots":{"index":"index","follow":"follow","max-snippet":"max-snippet:-1","max-image-preview":"max-image-preview:large","max-video-preview":"max-video-preview:-1"},"canonical":"https:\/\/gaudiumetspes-blog.pl\/index.php\/2020\/07\/22\/milosc-chrystusa-przynagla-nas\/","og_locale":"pl_PL","og_type":"article","og_title":"Mi\u0142o\u015b\u0107 Chrystusa przynagla nas... - Gaudium Et Spes","og_description":"Szcz\u0119\u015b\u0107 Bo\u017ce! Moi Drodzy, w dniu dzisiejszym rocznic\u0119 zawarcia sakramentalnego Ma\u0142\u017ce\u0144stwa prze\u017cywaj\u0105 Pa\u0144stwo Ewa i W\u0142odzimierz Olendrowie, z Celestynowa. S\u0105 to ludzie bardzo mi bliscy, uwa\u017camy si\u0119 w\u0142a\u015bciwie za rodzin\u0119! Dzi\u0119kuj\u0119 Bogu za t\u0119 wspania\u0142\u0105 Rodzin\u0119, Dzi\u0119kuj\u0119 za nasz naprawd\u0119 dobry i sta\u0142y kontakt, dzi\u0119kuj\u0119 tak\u017ce za \u015bwiadectwo wiary i pi\u0119knie prze\u017cywanego \u017cycia ma\u0142\u017ce\u0144skiego. Bardzo [&hellip;]","og_url":"https:\/\/gaudiumetspes-blog.pl\/index.php\/2020\/07\/22\/milosc-chrystusa-przynagla-nas\/","og_site_name":"Gaudium Et Spes","article_published_time":"2020-07-22T06:10:17+00:00","author":"Ks. Jacek","twitter_card":"summary_large_image","twitter_misc":{"Napisane przez":"Ks. Jacek","Szacowany czas czytania":"10 minut"},"schema":{"@context":"https:\/\/schema.org","@graph":[{"@type":"WebPage","@id":"https:\/\/gaudiumetspes-blog.pl\/index.php\/2020\/07\/22\/milosc-chrystusa-przynagla-nas\/","url":"https:\/\/gaudiumetspes-blog.pl\/index.php\/2020\/07\/22\/milosc-chrystusa-przynagla-nas\/","name":"Mi\u0142o\u015b\u0107 Chrystusa przynagla nas... - Gaudium Et Spes","isPartOf":{"@id":"https:\/\/gaudiumetspes-blog.pl\/#website"},"datePublished":"2020-07-22T06:10:17+00:00","author":{"@id":"https:\/\/gaudiumetspes-blog.pl\/#\/schema\/person\/1661982992b752dea8dff0d4ed845a65"},"breadcrumb":{"@id":"https:\/\/gaudiumetspes-blog.pl\/index.php\/2020\/07\/22\/milosc-chrystusa-przynagla-nas\/#breadcrumb"},"inLanguage":"pl-PL","potentialAction":[{"@type":"ReadAction","target":["https:\/\/gaudiumetspes-blog.pl\/index.php\/2020\/07\/22\/milosc-chrystusa-przynagla-nas\/"]}]},{"@type":"BreadcrumbList","@id":"https:\/\/gaudiumetspes-blog.pl\/index.php\/2020\/07\/22\/milosc-chrystusa-przynagla-nas\/#breadcrumb","itemListElement":[{"@type":"ListItem","position":1,"name":"Strona g\u0142\u00f3wna","item":"https:\/\/gaudiumetspes-blog.pl\/"},{"@type":"ListItem","position":2,"name":"Mi\u0142o\u015b\u0107 Chrystusa przynagla nas&#8230;"}]},{"@type":"WebSite","@id":"https:\/\/gaudiumetspes-blog.pl\/#website","url":"https:\/\/gaudiumetspes-blog.pl\/","name":"Gaudium Et Spes","description":"Blog Ks. Jacka Ja\u015bkowskiego","potentialAction":[{"@type":"SearchAction","target":{"@type":"EntryPoint","urlTemplate":"https:\/\/gaudiumetspes-blog.pl\/?s={search_term_string}"},"query-input":{"@type":"PropertyValueSpecification","valueRequired":true,"valueName":"search_term_string"}}],"inLanguage":"pl-PL"},{"@type":"Person","@id":"https:\/\/gaudiumetspes-blog.pl\/#\/schema\/person\/1661982992b752dea8dff0d4ed845a65","name":"Ks. Jacek","image":{"@type":"ImageObject","inLanguage":"pl-PL","@id":"https:\/\/gaudiumetspes-blog.pl\/#\/schema\/person\/image\/","url":"https:\/\/gaudiumetspes-blog.pl\/wp-content\/uploads\/2019\/07\/avatar-JJ-150x150.jpg","contentUrl":"https:\/\/gaudiumetspes-blog.pl\/wp-content\/uploads\/2019\/07\/avatar-JJ-150x150.jpg","caption":"Ks. Jacek"},"description":"Witam serdecznie! K\u0142ania si\u0119 Ks. Jacek Ja\u015bkowski. Nie jestem ani kim\u015b wa\u017cnym, ani kim\u015b znanym. Jestem ksi\u0119dzem, kt\u00f3ry po prostu chce rozmawia\u0107. Codzienna kap\u0142a\u0144ska pos\u0142uga pokazuje mi, \u017ce temat\u00f3w do rozm\u00f3w z ksi\u0119dzem jest coraz wi\u0119cej i dzisiaj \u017caden ksi\u0105dz nie mo\u017ce od nich ucieka\u0107, ale - wprost przeciwnie - podejmowa\u0107 nowe wyzwania. To przekonanie sk\u0142oni\u0142o mnie do pr\u00f3by otwarcia tego\u017c bloga, chocia\u017c okazji do rozm\u00f3w na co dzie\u0144 - w konfesjonale i poza nim - na szcz\u0119\u015bcie nie brakuje. My\u015bl\u0119 jednak, \u017ce ten blog b\u0119dzie jeszcze jednym sposobem i przestrzeni\u0105 nawi\u0105zania kontaktu z lud\u017ami dobrej woli, otwartymi na dialog.","url":"https:\/\/gaudiumetspes-blog.pl\/index.php\/author\/ks-jacek\/"}]}},"jetpack_featured_media_url":"","jetpack_sharing_enabled":true,"_links":{"self":[{"href":"https:\/\/gaudiumetspes-blog.pl\/index.php\/wp-json\/wp\/v2\/posts\/17455","targetHints":{"allow":["GET"]}}],"collection":[{"href":"https:\/\/gaudiumetspes-blog.pl\/index.php\/wp-json\/wp\/v2\/posts"}],"about":[{"href":"https:\/\/gaudiumetspes-blog.pl\/index.php\/wp-json\/wp\/v2\/types\/post"}],"author":[{"embeddable":true,"href":"https:\/\/gaudiumetspes-blog.pl\/index.php\/wp-json\/wp\/v2\/users\/1"}],"replies":[{"embeddable":true,"href":"https:\/\/gaudiumetspes-blog.pl\/index.php\/wp-json\/wp\/v2\/comments?post=17455"}],"version-history":[{"count":1,"href":"https:\/\/gaudiumetspes-blog.pl\/index.php\/wp-json\/wp\/v2\/posts\/17455\/revisions"}],"predecessor-version":[{"id":17456,"href":"https:\/\/gaudiumetspes-blog.pl\/index.php\/wp-json\/wp\/v2\/posts\/17455\/revisions\/17456"}],"wp:attachment":[{"href":"https:\/\/gaudiumetspes-blog.pl\/index.php\/wp-json\/wp\/v2\/media?parent=17455"}],"wp:term":[{"taxonomy":"category","embeddable":true,"href":"https:\/\/gaudiumetspes-blog.pl\/index.php\/wp-json\/wp\/v2\/categories?post=17455"},{"taxonomy":"post_tag","embeddable":true,"href":"https:\/\/gaudiumetspes-blog.pl\/index.php\/wp-json\/wp\/v2\/tags?post=17455"}],"curies":[{"name":"wp","href":"https:\/\/api.w.org\/{rel}","templated":true}]}}