{"id":17457,"date":"2020-07-23T05:39:01","date_gmt":"2020-07-23T03:39:01","guid":{"rendered":"https:\/\/gaudiumetspes-blog.pl\/?p=17457"},"modified":"2020-07-22T22:10:16","modified_gmt":"2020-07-22T20:10:16","slug":"zyje-we-mnie-chrystus-2","status":"publish","type":"post","link":"https:\/\/gaudiumetspes-blog.pl\/index.php\/2020\/07\/23\/zyje-we-mnie-chrystus-2\/","title":{"rendered":"\u017byje we mnie Chrystus!"},"content":{"rendered":"<p align=\"justify\"><span style=\"color: #000000;\"><span style=\"font-family: Book antiqua, serif;\"><span style=\"font-size: large;\">Szcz\u0119\u015b\u0107 Bo\u017ce! Moi Drodzy, mam dla Was dzisiaj dwie wiadomo\u015bci: z\u0142\u0105 i dobr\u0105. A mo\u017ce nieco \u0142agodniej: gorsz\u0105 i lepsz\u0105? Od kt\u00f3rej zacz\u0105\u0107? Mo\u017ce od tej gorszej \u2013 zwykle tak si\u0119 zaczyna. <\/span><\/span><\/span><\/p>\n<p align=\"justify\"><span style=\"color: #000000;\"><span style=\"font-family: Book antiqua, serif;\"><span style=\"font-size: large;\">Ot\u00f3\u017c, nie ma dzisiaj s\u0142\u00f3wka z Syberii. A teraz ta lepsza: b\u0119dzie jutro. Czyli \u2013 jedno tylko s\u0142\u00f3wko w tym tygodniu. Powodem \u2013 jak si\u0119 domy\u015blamy \u2013 jest wyjazd na urlop Si\u00f3str, wspomagaj\u0105cych Ksi\u0119dza Marka w Parafii, a On sam ma przecie\u017c budow\u0119 i musi dogl\u0105da\u0107 ca\u0142ego gospodarstwa. Rozumiemy, doceniamy, wspieramy modlitw\u0105. I czekamy na jutrzejsze s\u0142\u00f3wko.<\/span><\/span><\/span><\/p>\n<p align=\"justify\"><span style=\"color: #000000;\"><span style=\"font-family: Book antiqua, serif;\"><span style=\"font-size: large;\">A tak, przy okazji: zajrza\u0142em do zapis\u00f3w z zesz\u0142ego roku i zobaczy\u0142em, \u017ce w\u0142a\u015bnie 23 lipca zamie\u015bci\u0142em na blogu informacj\u0119, i\u017c Ksi\u0105dz Marek szcz\u0119\u015bliwie wyl\u0105dowa\u0142 w Surgucie, po pobycie w Polsce. To by\u0142 nieco kr\u00f3tszy pobyt, ale poniewa\u017c ju\u017c by\u0142o w\u00f3wczas wiadomo, \u017ce na Syberi\u0119 pojedzie Ksi\u0105dz Pawe\u0142, wyrazi\u0142em przekonanie, \u017ce Marek b\u0119dzie m\u00f3g\u0142 do Polski przyje\u017cd\u017ca\u0107 cz\u0119\u015bciej\u2026 A tu \u2013 masz ci los! <\/span><\/span><\/span><\/p>\n<p align=\"justify\"><span style=\"color: #000000;\"><span style=\"font-family: Book antiqua, serif;\"><span style=\"font-size: large;\">Dlatego raz jeszcze prosz\u0119 o modlitw\u0119, by to ca\u0142e zamieszanie, kt\u00f3re obecnie mamy, sko\u0144czy\u0142o si\u0119. Jak pisa\u0142 Ksi\u0105dz Marek \u2013 \u017ceby wreszcie si\u0119 sko\u0144czy\u0142o! I aby m\u00f3g\u0142 On swobodnie porusza\u0107 si\u0119 po swojej Parafii i spotyka\u0107 si\u0119 z lud\u017ami, ale te\u017c \u2013 by m\u00f3g\u0142 przyjecha\u0107 na urlop. <\/span><\/span><\/span><\/p>\n<p align=\"justify\"><span style=\"color: #000000;\"><span style=\"font-family: Book antiqua, serif;\"><span style=\"font-size: large;\">Coraz bardziej widzimy, moi Drodzy \u2013 o czym od dawna wiemy, ale o czym chyba coraz bardziej si\u0119 przekonujemy \u2013 \u017ce tylko B\u00f3g, w swojej wielkiej \u0142askawo\u015bci, jest w stanie opanowa\u0107 ca\u0142\u0105 t\u0119 sytuacj\u0119, na kt\u00f3r\u0105 my nie mamy \u017cadnego pomys\u0142u ani sposobu. <\/span><\/span><\/span><\/p>\n<p align=\"justify\"><span style=\"color: #000000;\"><span style=\"font-family: Book antiqua, serif;\"><span style=\"font-size: large;\">Zatem, m\u00f3dlmy si\u0119! I nie marnujmy czasu, kt\u00f3ry Pan nam daje! Na jego m\u0105dre i celowe wykorzystanie w dniu dzisiejszym \u2013 <b>niech Was b\u0142ogos\u0142awi B\u00f3g Wszechmog\u0105cy: Ojciec + i Syn, i Duch \u015awi\u0119ty. Amen<\/b><\/span><\/span><\/span><\/p>\n<p align=\"center\"><span style=\"color: #000000;\"><span style=\"font-family: Book antiqua, serif;\"><span style=\"font-size: large;\">Gaudium et spes! Ks. Jacek<\/span><\/span><\/span><\/p>\n<p align=\"center\">\n<p align=\"center\">\n<p align=\"center\">\n<p align=\"center\">\n<p align=\"center\">\n<p align=\"justify\"><span style=\"color: #000000;\"><span style=\"font-family: Book antiqua, serif;\"><span style=\"font-size: large;\"><b>\u015awi\u0119to \u015aw. Brygidy, Zakonnicy, Patronki Europy,<\/b><\/span><\/span><\/span><\/p>\n<p align=\"justify\"><span style=\"color: #000000;\"><span style=\"font-family: Book antiqua, serif;\"><span style=\"font-size: large;\"><b>23 lipca 2020.,<\/b><\/span><\/span><\/span><\/p>\n<p align=\"justify\"><span style=\"color: #000000;\"><span style=\"font-family: Book antiqua, serif;\"><span style=\"font-size: large;\"><b>do czyta\u0144 z t. VI Lekcjonarza: Ga 2,19\u201320; J 15,1\u20138<\/b><\/span><\/span><\/span><\/p>\n<p align=\"justify\">\n<p align=\"justify\">\n<p align=\"justify\">\n<p align=\"justify\">\n<p align=\"justify\">\n<p align=\"justify\"><span style=\"color: #000000;\"><span style=\"font-family: Book antiqua, serif;\"><span style=\"font-size: large;\"><b>CZYTANIE Z LISTU \u015aWI\u0118TEGO PAW\u0141A APOSTO\u0141A DO GALAT\u00d3W:<\/b><\/span><\/span><\/span><\/p>\n<p align=\"justify\"><span style=\"color: #000000;\"><span style=\"font-family: Book antiqua, serif;\"><span style=\"font-size: large;\"><b>Bracia: Ja dla Prawa umar\u0142em przez Prawo, aby \u017cy\u0107 dla Boga: razem z Chrystusem zosta\u0142em przybity do krzy\u017ca.<\/b><\/span><\/span><\/span><\/p>\n<p align=\"justify\"><span style=\"color: #000000;\"><span style=\"font-family: Book antiqua, serif;\"><span style=\"font-size: large;\"><b>Teraz za\u015b ju\u017c nie ja \u017cyj\u0119, lecz \u017cyje we mnie Chrystus. <\/b><\/span><\/span><\/span><\/p>\n<p align=\"justify\"><span style=\"color: #000000;\"><span style=\"font-family: Book antiqua, serif;\"><span style=\"font-size: large;\"><b>Cho\u0107 nadal prowadz\u0119 \u017cycie w ciele, jednak obecne \u017cycie moje jest \u017cyciem wiary w Syna Bo\u017cego, kt\u00f3ry umi\u0142owa\u0142 mnie i samego siebie wyda\u0142 za mnie.<\/b><\/span><\/span><\/span><\/p>\n<p align=\"justify\">\n<p align=\"justify\">\n<p align=\"justify\">\n<p align=\"justify\">\n<p align=\"justify\">\n<p align=\"justify\"><span style=\"color: #000000;\"><span style=\"font-family: Book antiqua, serif;\"><span style=\"font-size: large;\"><b>S\u0141OWA EWANGELII WED\u0141UG \u015aWI\u0118TEGO JANA:<\/b><\/span><\/span><\/span><\/p>\n<p align=\"justify\"><span style=\"color: #000000;\"><span style=\"font-family: Book antiqua, serif;\"><span style=\"font-size: large;\"><b>Jezus powiedzia\u0142 do swoich uczni\u00f3w: \u201eJa jestem prawdziwym krzewem winnym, a Ojciec m\u00f3j jest tym, kt\u00f3ry uprawia. Ka\u017cd\u0105 latoro\u015bl, kt\u00f3ra we Mnie nie przynosi owocu, odcina, a ka\u017cd\u0105, kt\u00f3ra przynosi owoc, oczyszcza, aby przynosi\u0142a owoc obfitszy. Wy ju\u017c jeste\u015bcie czy\u015bci dzi\u0119ki s\u0142owu, kt\u00f3re wypowiedzia\u0142em do was.<\/b><\/span><\/span><\/span><\/p>\n<p align=\"justify\"><span style=\"color: #000000;\"><span style=\"font-family: Book antiqua, serif;\"><span style=\"font-size: large;\"><b>Trwajcie we Mnie, a Ja b\u0119d\u0119 trwa\u0142 w was. Podobnie jak latoro\u015bl nie mo\u017ce przynosi\u0107 owocu sama z siebie, je\u017celi nie trwa w winnym krzewie, tak samo i wy, je\u017celi we Mnie trwa\u0107 nie b\u0119dziecie.<\/b><\/span><\/span><\/span><\/p>\n<p align=\"justify\"><span style=\"color: #000000;\"><span style=\"font-family: Book antiqua, serif;\"><span style=\"font-size: large;\"><b>Ja jestem krzewem winnym, wy latoro\u015blami. Kto trwa we Mnie, a Ja w nim, ten przynosi owoc obfity, poniewa\u017c beze Mnie nic nie mo\u017cecie uczyni\u0107. Ten, kto we Mnie nie trwa, zostanie wyrzucony jak winna latoro\u015bl i uschnie. I zbiera si\u0119 j\u0105, i wrzuca do ognia, i p\u0142onie.<\/b><\/span><\/span><\/span><\/p>\n<p align=\"justify\"><span style=\"color: #000000;\"><span style=\"font-family: Book antiqua, serif;\"><span style=\"font-size: large;\"><b>Je\u017celi we Mnie trwa\u0107 b\u0119dziecie, a s\u0142owa moje w was, popro\u015bcie, o cokolwiek chcecie, a to wam si\u0119 spe\u0142ni.<\/b><\/span><\/span><\/span><\/p>\n<p align=\"justify\"><span style=\"color: #000000;\"><span style=\"font-family: Book antiqua, serif;\"><span style=\"font-size: large;\"><b>Ojciec m\u00f3j przez to dozna chwa\u0142y, \u017ce owoc obfity przyniesiecie i staniecie si\u0119 moimi uczniami\u201d.<\/b><\/span><\/span><\/span><\/p>\n<p align=\"justify\">\n<p align=\"justify\">\n<p align=\"justify\">\n<p align=\"justify\">\n<p align=\"justify\">\n<p align=\"justify\"><span style=\"color: #000000;\"><span style=\"font-family: Book antiqua, serif;\"><span style=\"font-size: large;\">Patronka dnia dzisiejszego, <b>Brygida <\/b>urodzi\u0142a si\u0119 w 1303 roku w Szwecji. By\u0142a <b>spokrewniona ze szwedzk\u0105 dynasti\u0105 kr\u00f3lewsk\u0105. <\/b>Rodzina Brygidy by\u0142a <b>bardzo religijna. <\/b>Ojciec co tydzie\u0144 przyst\u0119powa\u0142 do Sakramentu Pokuty i do Komunii \u015awi\u0119tej. Odby\u0142 tak\u017ce podr\u00f3\u017c do Hiszpanii na gr\u00f3b \u015awi\u0119tego Jakuba w Compostelli.<\/span><\/span><\/span><\/p>\n<p align=\"justify\"><span style=\"color: #000000;\"><span style=\"font-family: Book antiqua, serif;\"><span style=\"font-size: large;\">Sama za\u015b Brygida \u2013 jak czytamy w jej \u017cyciorysach \u2013 mia\u0142a od dziecka cieszy\u0107 si\u0119 oznakami szczeg\u00f3lnej przyja\u017ani Pana Jezusa. Kiedy mia\u0142a siedem lat, <b>ukaza\u0142a si\u0119 jej Naj\u015bwi\u0119tsza Maryja Panna i z\u0142o\u017cy\u0142a na jej g\u0142owie tajemnicz\u0105 koron\u0119. <\/b>Kiedy mia\u0142a lat dziesi\u0119\u0107, zjawi\u0142 si\u0119 jej <b>Chrystus na Krzy\u017cu. <\/b>Na widok M\u0119ki Pana Jezusa Brygida mia\u0142a zareagowa\u0107 wielkim przej\u0119ciem.<\/span><\/span><\/span><\/p>\n<p align=\"justify\"><span style=\"color: #000000;\"><span style=\"font-family: Book antiqua, serif;\"><span style=\"font-size: large;\">Kiedy mia\u0142a dwana\u015bcie lat, zmar\u0142a jej matka. Wtedy to ojciec <b>odda\u0142 j\u0105 na wychowanie do swojej krewnej, <\/b>na zamek w Aspanas. Surowy tryb \u017cycia, jaki na zamku wprowadzi\u0142a owa krewna, odpowiada\u0142 Brygidzie, kt\u00f3ra chcia\u0142a ca\u0142a nale\u017ce\u0107 do Chrystusa. Tam te\u017c, <b>wbrew swojej woli, zosta\u0142a wydana w czternastym roku \u017cycia za m\u0105\u017c <\/b>\u2013 za dziewi\u0119tnastoletniego Ulfa Gotmarssona. <\/span><\/span><\/span><\/p>\n<p align=\"justify\"><span style=\"color: #000000;\"><span style=\"font-family: Book antiqua, serif;\"><span style=\"font-size: large;\">Po \u015blubie przenios\u0142a si\u0119 na zamek m\u0119\u017ca. Chocia\u017c prze\u017cy\u0142a to bardzo bole\u015bnie, bo zamierza\u0142a \u017cy\u0107 w dziewictwie, to jednak stara\u0142a si\u0119 w ca\u0142ym tym wydarzeniu dostrzec wol\u0119 Bo\u017c\u0105, dlatego te\u017c sta\u0142a si\u0119 dla m\u0119\u017ca<b> najlepsz\u0105 i oddan\u0105 \u017con\u0105 \u2013 <\/b>co on z kolei <b>potrafi\u0142 odwzajemni\u0107. <\/b>Zapewne dlatego \u017cyli <b>szcz\u0119\u015bliwie razem dwadzie\u015bcia osiem lat.<\/b><\/span><\/span><\/span><\/p>\n<p align=\"justify\"><span style=\"color: #000000;\"><span style=\"font-family: Book antiqua, serif;\"><span style=\"font-size: large;\">Pa\u0142ac Brygidy nale\u017ca\u0142 do <b>naj\u015bwietniejszych w kraju. <\/b>By\u0142o w nim zawsze bardzo wielu go\u015bci. Brygida dba\u0142a o to, by <b>wszyscy wchodz\u0105cy w jej progi czuli si\u0119 dobrze. <\/b>Kierowa\u0142a domem i gospodarstwem wzorowo, dba\u0142a o s\u0142u\u017cb\u0119, z kt\u00f3r\u0105 codziennie odmawia\u0142a pacierze. Nie pozwala\u0142a wszak\u017ce na \u017cadne niestosowne i zbyt swobodne zachowania. Szczeg\u00f3lnie jednak by\u0142a oddana m\u0119\u017cowi, okazuj\u0105c mu przywi\u0105zanie i opiek\u0119. <b>Ma\u0142\u017ce\u0144stwo doczeka\u0142o si\u0119 czterech syn\u00f3w i czterech c\u00f3rek.<\/b><\/span><\/span><\/span><\/p>\n<p align=\"justify\"><span style=\"color: #000000;\"><span style=\"font-family: Book antiqua, serif;\"><span style=\"font-size: large;\">Na wychowawc\u00f3w dla swoich dzieci dobiera\u0142a Brygida <b>pedagog\u00f3w o odpowiednim wykszta\u0142ceniu i g\u0142\u0119bokiej wierze. <\/b>Ka\u017cde dziecko mia\u0142o inny charakter i temperament. Trzeba by\u0142o <b>ze strony matki wiele subtelno\u015bci, <\/b>by uszanowa\u0107 ich osobowo\u015b\u0107, a nie dopu\u015bci\u0107 do wypaczenia charakter\u00f3w. Obowi\u0105zek ten spoczywa\u0142 g\u0142\u00f3wnie na niej, bowiem <b>m\u0105\u017c by\u0142 cz\u0119sto poza domem, zaj\u0119ty sprawami publicznymi<\/b>.<\/span><\/span><\/span><\/p>\n<p align=\"justify\"><span style=\"color: #000000;\"><span style=\"font-family: Book antiqua, serif;\"><span style=\"font-size: large;\">W\u015br\u00f3d tak licznych zaj\u0119\u0107 rodzinnych, nasza Patronka <b>nie zaniedba\u0142a troski tak\u017ce o w\u0142asn\u0105 dusz\u0119. <\/b>Mia\u0142a swego kierownika duchowego. Na jej pro\u015bb\u0119 jeden z kanonik\u00f3w katedry, Maciej, <b>przet\u0142umaczy\u0142 Pismo \u015awi\u0119te na j\u0119zyk szwedzki, <\/b>by mog\u0142a si\u0119 ona w nim rozczytywa\u0107. Na jej \u017cyczenie kanonik ten u\u0142o\u017cy\u0142 r\u00f3wnie\u017c komentarze do Pisma \u015awi\u0119tego.<\/span><\/span><\/span><\/p>\n<p align=\"justify\"><span style=\"color: #000000;\"><span style=\"font-family: Book antiqua, serif;\"><span style=\"font-size: large;\">W 1332 roku Brygida zosta\u0142a powo\u0142ana na dw\u00f3r kr\u00f3la Magnusa II w charakterze ochmistrzyni. Korzystaj\u0105c <b>z osobistego maj\u0105tku, jak te\u017c z maj\u0105tku kr\u00f3la, <\/b>nad kt\u00f3rym otrzyma\u0142a zaszczytny zarz\u0105d, <b>hojnie wspiera\u0142a ko\u015bcio\u0142y, klasztory i ubogich. <\/b>W intencji uproszenia b\u0142ogos\u0142awie\u0144stwa Bo\u017cego dla ca\u0142ej rodziny, uda\u0142a si\u0119 wraz z m\u0119\u017cem <b>na gr\u00f3b \u015awi\u0119tego Jakuba Aposto\u0142a do Compostelli. <\/b>Pielgrzymka trwa\u0142a rok. Towarzyszy\u0142 im spowiednik, kt\u00f3ry p\u00f3\u017aniej opisa\u0142 ca\u0142\u0105 podr\u00f3\u017c. Nied\u0142ugo po powrocie z pielgrzymki, <b>ma\u0142\u017conek Brygidy zmar\u0142. <\/b>By\u0142o to<b> w lutym 1344 roku.<\/b><\/span><\/span><\/span><\/p>\n<p align=\"justify\"><span style=\"color: #000000;\"><span style=\"font-family: Book antiqua, serif;\"><span style=\"font-size: large;\">Wtedy Brygida postanowi\u0142a odda\u0107 si\u0119 <b>wy\u0142\u0105cznie s\u0142u\u017cbie Bo\u017cej i pe\u0142nieniu dobrych uczynk\u00f3w. <\/b>D\u0142ugie godziny po\u015bwi\u0119ca\u0142a modlitwie. Mno\u017cy\u0142a akty umartwienia i pokuty. Naglona objawieniami, pisa\u0142a <b>listy do mo\u017cnych tego \u015bwiata, napominaj\u0105c ich w imi\u0119 Bo<\/b><b>\u017ce<\/b><b>. <\/b>Kr\u00f3lowi szwedzkiemu i zakonowi krzy\u017cackiemu przepowiedzia\u0142a kary Bo\u017ce, kt\u00f3re te\u017c niebawem na nich spad\u0142y. W 1352 roku <b>wezwa\u0142a Papie\u017ca Innocentego VI, aby powr\u00f3ci\u0142 do Rzymu. <\/b>To samo wezwanie skierowa\u0142a w imieniu Chrystusa do jego nast\u0119pcy, Papie\u017ca Urbana V, a nast\u0119pnie \u2013 do Grzegorza XI.<\/span><\/span><\/span><\/p>\n<p align=\"justify\"><span style=\"color: #000000;\"><span style=\"font-family: Book antiqua, serif;\"><span style=\"font-size: large;\">By\u0142a hojn\u0105 dla fundacji ko\u015bcielnych i charytatywnych. Dom jej sta\u0142 zawsze otworem dla potrzebuj\u0105cych. Za poparciem kr\u00f3la, kt\u00f3ry na ten cel ofiarowa\u0142 znaczn\u0105 posiad\u0142o\u015b\u0107, i za zezwoleniem Stolicy Apostolskiej, <b>Brygida za\u0142o\u017cy\u0142a now\u0105 rodzin\u0119 zakonn\u0105 <\/b>pod nazw\u0105<b> Naj\u015bwi\u0119tszego Zbawiciela, zwan\u0105 cz\u0119sto \u201ebrygidkami\u201d. <\/b>Jej c\u00f3rka, \u015awi\u0119ta Katarzyna, w roku 1374, zosta\u0142a jego pierwsz\u0105 opatk\u0105.<\/span><\/span><\/span><\/p>\n<p align=\"justify\"><span style=\"color: #000000;\"><span style=\"font-family: Book antiqua, serif;\"><span style=\"font-size: large;\">W roku 1349, uda\u0142a si\u0119 nasza Patronka do Rzymu, by uzyska\u0107 <b>odpust z okazji roku jubileuszowego 1350. <\/b>Chodzi\u0142o jej r\u00f3wnie\u017c<b> o zatwierdzenie regu\u0142 swojego zakonu. <\/b>Tam te\u017c za\u0142o\u017cy\u0142a jeden z klasztor\u00f3w nowego zgromadzenia. <\/span><\/span><\/span><\/p>\n<p align=\"justify\"><span style=\"color: #000000;\"><span style=\"font-family: Book antiqua, serif;\"><span style=\"font-size: large;\">A korzystaj\u0105c ze swojej obecno\u015bci w Italii, przew\u0119drowa\u0142a wraz z c\u00f3rk\u0105 ca\u0142y kraj, nawiedzaj\u0105c pieszo wa\u017cniejsze \u00f3wczesne sanktuaria. <b>Do Rzymu powr\u00f3ci\u0142a dopiero w 1363 roku. <\/b>W 1372 roku uda\u0142a si\u0119 <b>z pielgrzymk\u0105 do Ziemi \u015awi\u0119tej. <\/b>Mia\u0142a ju\u017c w\u00f3wczas siedemdziesi\u0105t lat. Po powrocie do Rzymu, wyczerpana prac\u0105, <b>zmar\u0142a 23 lipca 1373 roku <\/b>\u2013 w dniu, kt\u00f3ry przepowiedzia\u0142a.<\/span><\/span><\/span><\/p>\n<p align=\"justify\"><span style=\"color: #000000;\"><span style=\"font-family: Book antiqua, serif;\"><span style=\"font-size: large;\">W jej pogrzebie wzi\u0119\u0142y udzia\u0142 t\u0142umy wiernych. <b>By\u0142a to prawdziwa manifestacja i prawdziwy ho\u0142d, <\/b>jaki jej Rzym z\u0142o\u017cy\u0142. Kroniki g\u0142osz\u0105, \u017ce w czasie pogrzebu Brygidy wielu chorych zosta\u0142o uzdrowionych. Jej cia\u0142o sprowadzono do Szwecji, gdzie z\u0142o\u017cono w klasztorze przez ni\u0105 za\u0142o\u017conym. Dzi\u0119ki staraniom c\u00f3rki, \u015awi\u0119tej Katarzyny, <b>Brygida zosta\u0142a kanonizowana ju\u017c w 1391 roku. <\/b>Kiedy jednak Szwecja przesz\u0142a na protestantyzm w 1595 roku, relikwie \u015awi\u0119tej zagin\u0119\u0142y bezpowrotnie.<\/span><\/span><\/span><\/p>\n<p align=\"justify\"><span style=\"color: #000000;\"><span style=\"font-family: Book antiqua, serif;\"><span style=\"font-size: large;\"><b>1 pa\u017adziernika 1999 roku, Papie\u017c Jan Pawe\u0142 II og\u0142osi\u0142 \u015awi\u0119t\u0105 Brygid\u0119 <\/b><b>W<\/b><b>sp\u00f3\u0142patronk\u0105 Europy <\/b>\u2013 razem ze \u015awi\u0119t\u0105 Katarzyn\u0105 ze Sieny i \u015awi\u0119t\u0105 Teres\u0105 Benedykt\u0105 od Krzy\u017ca.<\/span><\/span><\/span><\/p>\n<p align=\"justify\"><span style=\"color: #000000;\"><span style=\"font-family: Book antiqua, serif;\"><span style=\"font-size: large;\">S\u0142uchaj\u0105c s\u0142owa Bo\u017cego, przeznaczonego na dzisiejsze \u015awi\u0119to, z pewno\u015bci\u0105 odnajdujemy tam <b>\u017ar\u00f3d\u0142o si\u0142y duchowej i inspiracji<\/b> dla tak wielkich dokona\u0144, jakie sta\u0142y si\u0119 udzia\u0142em naszej dzisiejszej Patronki. Oto bowiem mamy do czynienia z Niewiast\u0105, kt\u00f3ra <b>sama jedna potrz\u0105sn\u0119\u0142a \u015bwiatem! <\/b>Bez cienia przesady tak mo\u017cemy powiedzie\u0107 o jej \u017cyciu, o jej duchowo\u015bci, o jej wp\u0142ywie na bieg historii Europy i ca\u0142ego Ko\u015bcio\u0142a, czego wyrazem by\u0142a chocia\u017cby jej <b>korespondencja w wielkimi tego \u015bwiata,<\/b> w tym tak\u017ce \u2013 z Papie\u017cami. <\/span><\/span><\/span><\/p>\n<p align=\"justify\"><span style=\"color: #000000;\"><span style=\"font-family: Book antiqua, serif;\"><span style=\"font-size: large;\">Owszem, pochodzi\u0142a z renomowanego rodu, urodzi\u0142a si\u0119 w rodzinie spokrewnionej z dynasti\u0105 kr\u00f3lewsk\u0105 w Szwecji, co by\u0142o dla niej na pewno \u2013 by tak rzec \u2013 <b>korzystn\u0105 \u201epozycj\u0105 startow\u0105\u201d<\/b> do tego wszystkiego, czego potem w \u017cyciu dokona\u0142a. Ale przecie\u017c wiemy, \u017ce <b>nie dlatego<\/b> okaza\u0142a si\u0119 tak znamienit\u0105 postaci\u0105 w historii Ko\u015bcio\u0142a i w historii Europy, a tak\u017ce \u2013 w jakim\u015b sensie \u2013 w historii \u015bwiata. <b>Samo pochodzenie<\/b> z takiej, czy takiej rodziny, naprawd\u0119 <b>niczego nie przes\u0105dza.<\/b> Wtedy nie przes\u0105dza\u0142o \u2013 i dzisiaj nie przes\u0105dza. <\/span><\/span><\/span><\/p>\n<p align=\"justify\"><span style=\"color: #000000;\"><span style=\"font-family: Book antiqua, serif;\"><span style=\"font-size: large;\">Podobnie, jak i inne czynniki, kt\u00f3re na pierwszy rzut oka mog\u0142yby prowadzi\u0107 cz\u0142owieka do wielko\u015bci czy \u015bwi\u0119to\u015bci, a przecie\u017c <b>cz\u0119sto wcale nie prowadz\u0105<\/b> \u2013 jak chocia\u017cby <b>wysokie wykszta\u0142cenie<\/b> i liczne tytu\u0142y przed nazwiskiem, czy te\u017c zajmowanie <b>wysokiej pozycji spo\u0142ecznej.<\/b> Chyba ju\u017c coraz rzadziej, m\u00f3wi\u0105c o kim\u015b jako o cz\u0142owieku m\u0105drym, mamy na my\u015bli <b>jedynie jego wykszta\u0142cenie. <\/b>Intensywno\u015b\u0107 przep\u0142ywu informacji pozwala nam bowiem coraz cz\u0119\u015bciej dowiadywa\u0107 si\u0119 o ludziach wysoko wykszta\u0142conych i pos\u0142uguj\u0105cych si\u0119 wieloma tytu\u0142ami i <b>wieloma osi\u0105gni\u0119ciami naukowymi<\/b> \u2013 artyku\u0142ami, rozprawami, badaniami \u2013 a w \u017cyciu pokazuj\u0105cymi <b>totaln\u0105 g\u0142upot\u0119! <\/b><\/span><\/span><\/span><\/p>\n<p align=\"justify\"><span style=\"color: #000000;\"><span style=\"font-family: Book antiqua, serif;\"><span style=\"font-size: large;\">Podobnie i pochodzenie z jakiej\u015b znanej rodziny, <b>posiadanie wielkich przodk\u00f3w,<\/b> wcale nie musi oznacza\u0107, \u017ce si\u0119 jest spadkobierc\u0105 ich duchowej wielko\u015bci i m\u0105dro\u015bci. Tak\u017ce zajmowanie wysokich stanowisk w hierarchii spo\u0142ecznej \u2013 <b>niestety, tak\u017ce i w ko\u015bcielnej <\/b>\u2013 jeszcze o niczym nie \u015bwiadczy. \u017beby by\u0107 bowiem wielkim, \u017ceby by\u0107 m\u0105drym, \u017ceby w \u017cyciu dokona\u0107 naprawd\u0119 wielkich i naprawd\u0119 trwa\u0142ych rzeczy, trzeba <b>mie\u0107 w sobie\u2026 to co\u015b\u2026<\/b> Co? <\/span><\/span><\/span><\/p>\n<p align=\"justify\"><span style=\"color: #000000;\"><span style=\"font-family: Book antiqua, serif;\"><span style=\"font-size: large;\">W\u0142a\u015bnie to, co mia\u0142a Brygida, a co bardzo trafnie wyrazi\u0142 \u015awi\u0119ty Pawe\u0142 w dzisiejszym pierwszym czytaniu, w s\u0142owach: <i><b>Teraz za\u015b ju\u017c nie ja \u017cyj\u0119, lecz \u017cyje we mnie Chrystus. Cho\u0107 nadal prowadz\u0119 \u017cycie w ciele, jednak obecne \u017cycie moje jest \u017cyciem wiary w Syna Bo\u017cego, kt\u00f3ry umi\u0142owa\u0142 mnie i samego siebie wyda\u0142 za mnie.<\/b><\/i> C\u00f3\u017c to takiego?\u2026 O czym m\u00f3wimy?\u2026<\/span><\/span><\/span><\/p>\n<p align=\"justify\"><span style=\"color: #000000;\"><span style=\"font-family: Book antiqua, serif;\"><span style=\"font-size: large;\">M\u00f3wimy o bardzo g\u0142\u0119bokiej i trwa\u0142ej, osobistej wi\u0119zi z Jezusem, o kt\u00f3rej jeszcze mocniej i jeszcze wyra\u017aniej sam Jezus tak m\u00f3wi w Ewangelii: <i><b>Ja jestem krzewem winnym, wy latoro\u015blami. Kto trwa we Mnie, a Ja w nim, ten przynosi owoc obfity, poniewa\u017c beze Mnie nic nie mo\u017cecie uczyni\u0107.<\/b><\/i><b> <\/b><b>[\u2026] <\/b><i><b>Je\u017celi we Mnie trwa\u0107 b\u0119dziecie, a s\u0142owa moje w was, popro\u015bcie, o cokolwiek chcecie, a to wam si\u0119 spe\u0142ni. Ojciec m\u00f3j przez to dozna chwa\u0142y, \u017ce owoc obfity przyniesiecie i staniecie si\u0119 moimi uczniami.<\/b><\/i><b> <\/b><\/span><\/span><\/span><\/p>\n<p align=\"justify\"><span style=\"color: #000000;\"><span style=\"font-family: Book antiqua, serif;\"><span style=\"font-size: large;\">My sobie nieraz, moi Drodzy, zadajemy pytanie, dlaczego tyle naszych wysi\u0142k\u00f3w i stara\u0144 \u2013 <b>dobrych stara\u0144,<\/b> motywowanych najlepszymi intencjami \u2013 <b>nie przynosi owoc\u00f3w?\u2026 <\/b>Przynajmniej, tak nam si\u0119 wydaje. Mo\u017ce w\u0142a\u015bnie w tych s\u0142owach Jezusa i \u015awi\u0119tego Paw\u0142a mamy odpowied\u017a? Mo\u017ce nam trzeba przemy\u015ble\u0107, czy <b>jeste\u015bmy w stanie o sobie tak powiedzie\u0107,<\/b> jak powiedzia\u0142 Pawe\u0142, \u017ce ju\u017c nie on sam \u017cyje, ale \u017cyje w nim Chrystus?\u2026 <\/span><\/span><\/span><\/p>\n<p align=\"justify\"><span style=\"color: #000000;\"><span style=\"font-family: Book antiqua, serif;\"><span style=\"font-size: large;\">A mo\u017ce trzeba zapyta\u0107 samych siebie i odwa\u017cnie odpowiedzie\u0107 na pytanie, jak to jest \u2013 ale tak naprawd\u0119! \u2013 z tym naszym <b>trwaniem w Winnym Krzewie,<\/b> jakim jest Jezus? <\/span><\/span><\/span><\/p>\n<p align=\"justify\"><span style=\"color: #000000;\"><span style=\"font-family: Book antiqua, serif;\"><span style=\"font-size: large;\">Pierwszym tego znakiem jest<b> trwanie w stanie \u0142aski u\u015bwi\u0119caj\u0105cej<\/b> i sta\u0142e przyjmowanie <b>Komunii \u015awi\u0119tej.<\/b> Tak\u017ce <b>modlitwa<\/b> i kontakt <b>z Bo\u017cym s\u0142owem. <\/b>I sta\u0142e pe\u0142nienie <b>woli Bo\u017cej,<\/b> i sta\u0142e <b>nawracanie si\u0119 <\/b>ze swoich s\u0142abo\u015bci i grzech\u00f3w. Czy tak wygl\u0105da nasza relacja z Jezusem, czy pozostaje ona tylko na poziomie formalnym, tradycyjnym, obrz\u0119dowym \u2013 bez wi\u0119kszego, realnego i konkretnego, <b>wp\u0142ywu na codzienne \u017cycie?\u2026<\/b><\/span><\/span><\/span><\/p>\n<p align=\"justify\"><span style=\"color: #000000;\"><span style=\"font-family: Book antiqua, serif;\"><span style=\"font-size: large;\">Moi Drodzy, powiedzmy sobie jasno: ka\u017cda i ka\u017cdy z nas<b> mo\u017ce by\u0107 tak wielkim i \u015bwi\u0119tym cz\u0142owiekiem,<\/b> jak \u015awi\u0119ta Brygida Szwedzka, czy inni \u015awi\u0119ci. <b>Ka\u017cda i ka\u017cdy z nas! <\/b>To nie jest tak, \u017ce wielko\u015b\u0107, \u015bwi\u0119to\u015b\u0107 i m\u0105dro\u015b\u0107 zarezerwowana jest<b> <\/b><b>jedynie<\/b><b> dla niekt\u00f3rych:<\/b> dla wybranych, dobrze usytuowanych, czy tych, kt\u00f3rym si\u0119 jako\u015b w \u017cyciu poszcz\u0119\u015bci\u0142o. Ka\u017cda i ka\u017cdy z nas mo\u017ce \u2013 naprawd\u0119 \u2013 <b>dokona\u0107 rzeczy wielkich!<\/b> Mo\u017ce potrz\u0105sn\u0105\u0107 \u015bwiatem \u2013 w najlepszym tego s\u0142owa znaczeniu! Trzeba <b>w to tylko uwierzy\u0107!<\/b> A przede wszystkim \u2013 <b>Jezusowi trzeba uwierzy\u0107!<\/b><\/span><\/span><\/span><\/p>\n<p align=\"justify\"><span style=\"color: #000000;\"><span style=\"font-family: Book antiqua, serif;\"><span style=\"font-size: large;\">Wierzysz?\u2026<\/span><\/span><\/span><\/p>\n","protected":false},"excerpt":{"rendered":"<p>Szcz\u0119\u015b\u0107 Bo\u017ce! Moi Drodzy, mam dla Was dzisiaj dwie wiadomo\u015bci: z\u0142\u0105 i dobr\u0105. A mo\u017ce nieco \u0142agodniej: gorsz\u0105 i lepsz\u0105? Od kt\u00f3rej zacz\u0105\u0107? Mo\u017ce od tej gorszej \u2013 zwykle tak si\u0119 zaczyna. Ot\u00f3\u017c, nie ma dzisiaj s\u0142\u00f3wka z Syberii. A teraz ta lepsza: b\u0119dzie jutro. Czyli \u2013 jedno tylko s\u0142\u00f3wko w tym tygodniu. Powodem \u2013 [&hellip;]<\/p>\n","protected":false},"author":1,"featured_media":0,"comment_status":"open","ping_status":"open","sticky":false,"template":"","format":"standard","meta":{"jetpack_post_was_ever_published":false,"_jetpack_newsletter_access":"","_jetpack_dont_email_post_to_subs":false,"_jetpack_newsletter_tier_id":0,"_jetpack_memberships_contains_paywalled_content":false,"_jetpack_memberships_contains_paid_content":false,"footnotes":""},"categories":[1],"tags":[],"class_list":["post-17457","post","type-post","status-publish","format-standard","hentry","category-bez-kategorii"],"yoast_head":"<!-- This site is optimized with the Yoast SEO plugin v25.1 - https:\/\/yoast.com\/wordpress\/plugins\/seo\/ -->\n<title>\u017byje we mnie Chrystus! - Gaudium Et Spes<\/title>\n<meta name=\"robots\" content=\"index, follow, max-snippet:-1, max-image-preview:large, max-video-preview:-1\" \/>\n<link rel=\"canonical\" href=\"https:\/\/gaudiumetspes-blog.pl\/index.php\/2020\/07\/23\/zyje-we-mnie-chrystus-2\/\" \/>\n<meta property=\"og:locale\" content=\"pl_PL\" \/>\n<meta property=\"og:type\" content=\"article\" \/>\n<meta property=\"og:title\" content=\"\u017byje we mnie Chrystus! - Gaudium Et Spes\" \/>\n<meta property=\"og:description\" content=\"Szcz\u0119\u015b\u0107 Bo\u017ce! Moi Drodzy, mam dla Was dzisiaj dwie wiadomo\u015bci: z\u0142\u0105 i dobr\u0105. A mo\u017ce nieco \u0142agodniej: gorsz\u0105 i lepsz\u0105? Od kt\u00f3rej zacz\u0105\u0107? Mo\u017ce od tej gorszej \u2013 zwykle tak si\u0119 zaczyna. Ot\u00f3\u017c, nie ma dzisiaj s\u0142\u00f3wka z Syberii. A teraz ta lepsza: b\u0119dzie jutro. Czyli \u2013 jedno tylko s\u0142\u00f3wko w tym tygodniu. Powodem \u2013 [&hellip;]\" \/>\n<meta property=\"og:url\" content=\"https:\/\/gaudiumetspes-blog.pl\/index.php\/2020\/07\/23\/zyje-we-mnie-chrystus-2\/\" \/>\n<meta property=\"og:site_name\" content=\"Gaudium Et Spes\" \/>\n<meta property=\"article:published_time\" content=\"2020-07-23T03:39:01+00:00\" \/>\n<meta name=\"author\" content=\"Ks. Jacek\" \/>\n<meta name=\"twitter:card\" content=\"summary_large_image\" \/>\n<meta name=\"twitter:label1\" content=\"Napisane przez\" \/>\n\t<meta name=\"twitter:data1\" content=\"Ks. Jacek\" \/>\n\t<meta name=\"twitter:label2\" content=\"Szacowany czas czytania\" \/>\n\t<meta name=\"twitter:data2\" content=\"12 minut\" \/>\n<script type=\"application\/ld+json\" class=\"yoast-schema-graph\">{\"@context\":\"https:\/\/schema.org\",\"@graph\":[{\"@type\":\"WebPage\",\"@id\":\"https:\/\/gaudiumetspes-blog.pl\/index.php\/2020\/07\/23\/zyje-we-mnie-chrystus-2\/\",\"url\":\"https:\/\/gaudiumetspes-blog.pl\/index.php\/2020\/07\/23\/zyje-we-mnie-chrystus-2\/\",\"name\":\"\u017byje we mnie Chrystus! - Gaudium Et Spes\",\"isPartOf\":{\"@id\":\"https:\/\/gaudiumetspes-blog.pl\/#website\"},\"datePublished\":\"2020-07-23T03:39:01+00:00\",\"author\":{\"@id\":\"https:\/\/gaudiumetspes-blog.pl\/#\/schema\/person\/1661982992b752dea8dff0d4ed845a65\"},\"breadcrumb\":{\"@id\":\"https:\/\/gaudiumetspes-blog.pl\/index.php\/2020\/07\/23\/zyje-we-mnie-chrystus-2\/#breadcrumb\"},\"inLanguage\":\"pl-PL\",\"potentialAction\":[{\"@type\":\"ReadAction\",\"target\":[\"https:\/\/gaudiumetspes-blog.pl\/index.php\/2020\/07\/23\/zyje-we-mnie-chrystus-2\/\"]}]},{\"@type\":\"BreadcrumbList\",\"@id\":\"https:\/\/gaudiumetspes-blog.pl\/index.php\/2020\/07\/23\/zyje-we-mnie-chrystus-2\/#breadcrumb\",\"itemListElement\":[{\"@type\":\"ListItem\",\"position\":1,\"name\":\"Strona g\u0142\u00f3wna\",\"item\":\"https:\/\/gaudiumetspes-blog.pl\/\"},{\"@type\":\"ListItem\",\"position\":2,\"name\":\"\u017byje we&nbsp;mnie Chrystus!\"}]},{\"@type\":\"WebSite\",\"@id\":\"https:\/\/gaudiumetspes-blog.pl\/#website\",\"url\":\"https:\/\/gaudiumetspes-blog.pl\/\",\"name\":\"Gaudium Et Spes\",\"description\":\"Blog Ks. Jacka Ja\u015bkowskiego\",\"potentialAction\":[{\"@type\":\"SearchAction\",\"target\":{\"@type\":\"EntryPoint\",\"urlTemplate\":\"https:\/\/gaudiumetspes-blog.pl\/?s={search_term_string}\"},\"query-input\":{\"@type\":\"PropertyValueSpecification\",\"valueRequired\":true,\"valueName\":\"search_term_string\"}}],\"inLanguage\":\"pl-PL\"},{\"@type\":\"Person\",\"@id\":\"https:\/\/gaudiumetspes-blog.pl\/#\/schema\/person\/1661982992b752dea8dff0d4ed845a65\",\"name\":\"Ks. Jacek\",\"image\":{\"@type\":\"ImageObject\",\"inLanguage\":\"pl-PL\",\"@id\":\"https:\/\/gaudiumetspes-blog.pl\/#\/schema\/person\/image\/\",\"url\":\"https:\/\/gaudiumetspes-blog.pl\/wp-content\/uploads\/2019\/07\/avatar-JJ-150x150.jpg\",\"contentUrl\":\"https:\/\/gaudiumetspes-blog.pl\/wp-content\/uploads\/2019\/07\/avatar-JJ-150x150.jpg\",\"caption\":\"Ks. Jacek\"},\"description\":\"Witam serdecznie! K\u0142ania si\u0119 Ks. Jacek Ja\u015bkowski. Nie jestem ani kim\u015b wa\u017cnym, ani kim\u015b znanym. Jestem ksi\u0119dzem, kt\u00f3ry po prostu chce rozmawia\u0107. Codzienna kap\u0142a\u0144ska pos\u0142uga pokazuje mi, \u017ce temat\u00f3w do rozm\u00f3w z ksi\u0119dzem jest coraz wi\u0119cej i dzisiaj \u017caden ksi\u0105dz nie mo\u017ce od nich ucieka\u0107, ale - wprost przeciwnie - podejmowa\u0107 nowe wyzwania. To przekonanie sk\u0142oni\u0142o mnie do pr\u00f3by otwarcia tego\u017c bloga, chocia\u017c okazji do rozm\u00f3w na co dzie\u0144 - w konfesjonale i poza nim - na szcz\u0119\u015bcie nie brakuje. My\u015bl\u0119 jednak, \u017ce ten blog b\u0119dzie jeszcze jednym sposobem i przestrzeni\u0105 nawi\u0105zania kontaktu z lud\u017ami dobrej woli, otwartymi na dialog.\",\"url\":\"https:\/\/gaudiumetspes-blog.pl\/index.php\/author\/ks-jacek\/\"}]}<\/script>\n<!-- \/ Yoast SEO plugin. -->","yoast_head_json":{"title":"\u017byje we mnie Chrystus! - Gaudium Et Spes","robots":{"index":"index","follow":"follow","max-snippet":"max-snippet:-1","max-image-preview":"max-image-preview:large","max-video-preview":"max-video-preview:-1"},"canonical":"https:\/\/gaudiumetspes-blog.pl\/index.php\/2020\/07\/23\/zyje-we-mnie-chrystus-2\/","og_locale":"pl_PL","og_type":"article","og_title":"\u017byje we mnie Chrystus! - Gaudium Et Spes","og_description":"Szcz\u0119\u015b\u0107 Bo\u017ce! Moi Drodzy, mam dla Was dzisiaj dwie wiadomo\u015bci: z\u0142\u0105 i dobr\u0105. A mo\u017ce nieco \u0142agodniej: gorsz\u0105 i lepsz\u0105? Od kt\u00f3rej zacz\u0105\u0107? Mo\u017ce od tej gorszej \u2013 zwykle tak si\u0119 zaczyna. Ot\u00f3\u017c, nie ma dzisiaj s\u0142\u00f3wka z Syberii. A teraz ta lepsza: b\u0119dzie jutro. Czyli \u2013 jedno tylko s\u0142\u00f3wko w tym tygodniu. Powodem \u2013 [&hellip;]","og_url":"https:\/\/gaudiumetspes-blog.pl\/index.php\/2020\/07\/23\/zyje-we-mnie-chrystus-2\/","og_site_name":"Gaudium Et Spes","article_published_time":"2020-07-23T03:39:01+00:00","author":"Ks. Jacek","twitter_card":"summary_large_image","twitter_misc":{"Napisane przez":"Ks. Jacek","Szacowany czas czytania":"12 minut"},"schema":{"@context":"https:\/\/schema.org","@graph":[{"@type":"WebPage","@id":"https:\/\/gaudiumetspes-blog.pl\/index.php\/2020\/07\/23\/zyje-we-mnie-chrystus-2\/","url":"https:\/\/gaudiumetspes-blog.pl\/index.php\/2020\/07\/23\/zyje-we-mnie-chrystus-2\/","name":"\u017byje we mnie Chrystus! - Gaudium Et Spes","isPartOf":{"@id":"https:\/\/gaudiumetspes-blog.pl\/#website"},"datePublished":"2020-07-23T03:39:01+00:00","author":{"@id":"https:\/\/gaudiumetspes-blog.pl\/#\/schema\/person\/1661982992b752dea8dff0d4ed845a65"},"breadcrumb":{"@id":"https:\/\/gaudiumetspes-blog.pl\/index.php\/2020\/07\/23\/zyje-we-mnie-chrystus-2\/#breadcrumb"},"inLanguage":"pl-PL","potentialAction":[{"@type":"ReadAction","target":["https:\/\/gaudiumetspes-blog.pl\/index.php\/2020\/07\/23\/zyje-we-mnie-chrystus-2\/"]}]},{"@type":"BreadcrumbList","@id":"https:\/\/gaudiumetspes-blog.pl\/index.php\/2020\/07\/23\/zyje-we-mnie-chrystus-2\/#breadcrumb","itemListElement":[{"@type":"ListItem","position":1,"name":"Strona g\u0142\u00f3wna","item":"https:\/\/gaudiumetspes-blog.pl\/"},{"@type":"ListItem","position":2,"name":"\u017byje we&nbsp;mnie Chrystus!"}]},{"@type":"WebSite","@id":"https:\/\/gaudiumetspes-blog.pl\/#website","url":"https:\/\/gaudiumetspes-blog.pl\/","name":"Gaudium Et Spes","description":"Blog Ks. Jacka Ja\u015bkowskiego","potentialAction":[{"@type":"SearchAction","target":{"@type":"EntryPoint","urlTemplate":"https:\/\/gaudiumetspes-blog.pl\/?s={search_term_string}"},"query-input":{"@type":"PropertyValueSpecification","valueRequired":true,"valueName":"search_term_string"}}],"inLanguage":"pl-PL"},{"@type":"Person","@id":"https:\/\/gaudiumetspes-blog.pl\/#\/schema\/person\/1661982992b752dea8dff0d4ed845a65","name":"Ks. Jacek","image":{"@type":"ImageObject","inLanguage":"pl-PL","@id":"https:\/\/gaudiumetspes-blog.pl\/#\/schema\/person\/image\/","url":"https:\/\/gaudiumetspes-blog.pl\/wp-content\/uploads\/2019\/07\/avatar-JJ-150x150.jpg","contentUrl":"https:\/\/gaudiumetspes-blog.pl\/wp-content\/uploads\/2019\/07\/avatar-JJ-150x150.jpg","caption":"Ks. Jacek"},"description":"Witam serdecznie! K\u0142ania si\u0119 Ks. Jacek Ja\u015bkowski. Nie jestem ani kim\u015b wa\u017cnym, ani kim\u015b znanym. Jestem ksi\u0119dzem, kt\u00f3ry po prostu chce rozmawia\u0107. Codzienna kap\u0142a\u0144ska pos\u0142uga pokazuje mi, \u017ce temat\u00f3w do rozm\u00f3w z ksi\u0119dzem jest coraz wi\u0119cej i dzisiaj \u017caden ksi\u0105dz nie mo\u017ce od nich ucieka\u0107, ale - wprost przeciwnie - podejmowa\u0107 nowe wyzwania. To przekonanie sk\u0142oni\u0142o mnie do pr\u00f3by otwarcia tego\u017c bloga, chocia\u017c okazji do rozm\u00f3w na co dzie\u0144 - w konfesjonale i poza nim - na szcz\u0119\u015bcie nie brakuje. My\u015bl\u0119 jednak, \u017ce ten blog b\u0119dzie jeszcze jednym sposobem i przestrzeni\u0105 nawi\u0105zania kontaktu z lud\u017ami dobrej woli, otwartymi na dialog.","url":"https:\/\/gaudiumetspes-blog.pl\/index.php\/author\/ks-jacek\/"}]}},"jetpack_featured_media_url":"","jetpack_sharing_enabled":true,"_links":{"self":[{"href":"https:\/\/gaudiumetspes-blog.pl\/index.php\/wp-json\/wp\/v2\/posts\/17457","targetHints":{"allow":["GET"]}}],"collection":[{"href":"https:\/\/gaudiumetspes-blog.pl\/index.php\/wp-json\/wp\/v2\/posts"}],"about":[{"href":"https:\/\/gaudiumetspes-blog.pl\/index.php\/wp-json\/wp\/v2\/types\/post"}],"author":[{"embeddable":true,"href":"https:\/\/gaudiumetspes-blog.pl\/index.php\/wp-json\/wp\/v2\/users\/1"}],"replies":[{"embeddable":true,"href":"https:\/\/gaudiumetspes-blog.pl\/index.php\/wp-json\/wp\/v2\/comments?post=17457"}],"version-history":[{"count":1,"href":"https:\/\/gaudiumetspes-blog.pl\/index.php\/wp-json\/wp\/v2\/posts\/17457\/revisions"}],"predecessor-version":[{"id":17458,"href":"https:\/\/gaudiumetspes-blog.pl\/index.php\/wp-json\/wp\/v2\/posts\/17457\/revisions\/17458"}],"wp:attachment":[{"href":"https:\/\/gaudiumetspes-blog.pl\/index.php\/wp-json\/wp\/v2\/media?parent=17457"}],"wp:term":[{"taxonomy":"category","embeddable":true,"href":"https:\/\/gaudiumetspes-blog.pl\/index.php\/wp-json\/wp\/v2\/categories?post=17457"},{"taxonomy":"post_tag","embeddable":true,"href":"https:\/\/gaudiumetspes-blog.pl\/index.php\/wp-json\/wp\/v2\/tags?post=17457"}],"curies":[{"name":"wp","href":"https:\/\/api.w.org\/{rel}","templated":true}]}}