{"id":17459,"date":"2020-07-24T11:04:10","date_gmt":"2020-07-24T09:04:10","guid":{"rendered":"https:\/\/gaudiumetspes-blog.pl\/?p=17459"},"modified":"2020-07-24T12:05:52","modified_gmt":"2020-07-24T10:05:52","slug":"jak-ja-rozmyslam-nad-slowem-bozym","status":"publish","type":"post","link":"https:\/\/gaudiumetspes-blog.pl\/index.php\/2020\/07\/24\/jak-ja-rozmyslam-nad-slowem-bozym\/","title":{"rendered":"Jak ja rozmy\u015blam nad S\u0142owem Bo\u017cym?"},"content":{"rendered":"<p>Niech b\u0119dzie pochwalony Jezus Chrystus!<\/p>\n<p>Pozdrawiam Was bardzo serdecznie i gor\u0105co z Syberii, z Surgutu. Mamy pi\u0119kn\u0105, s\u0142oneczn\u0105, cho\u0107 nie upaln\u0105 pogod\u0119, jednak mamy te\u017c ci\u0105gle przed\u0142u\u017caj\u0105ce si\u0119 zamkni\u0119cie. Nasze Siostry ciesz\u0105 si\u0119 ju\u017c spotkaniem ze swoimi bliskimi, a wi\u0119c s\u0105 na urlopie, ks. Pawe\u0142 r\u00f3wnie\u017c nie mo\u017ce z Polski wyjecha\u0107, nawet greko-katolicki ksi\u0105dz w Surgucie, r\u00f3wnie\u017c Pawe\u0142, wraz z \u017con\u0105 i dzie\u0107mi wyjecha\u0142 na urlop. Wi\u0119c w ko\u015bciele jestem zupe\u0142nie sam, oczywi\u015bcie z bardzo dobrymi, troskliwymi, parafianami.<span class=\"Apple-converted-space\">\u00a0<\/span><\/p>\n<p>O tym wszystkim troch\u0119 p\u00f3\u017aniej, a najpierw zajrzyjmy do S\u0142owa Bo\u017cego i do dzisiejszej liturgii.<span class=\"Apple-converted-space\">\u00a0<\/span><\/p>\n<p><em><strong>(Jr 3,14-17)<span class=\"Apple-converted-space\">\u00a0<\/span><\/strong><\/em><\/p>\n<p><em><strong>Pan m\u00f3wi: &#8222;Wr\u00f3\u0107cie, synowie wiaro\u0142omni, bo jestem Panem waszym i przyjm\u0119 was, po jednym z ka\u017cdego miasta, po dw\u00f3ch z ka\u017cdego rodu, by zaprowadzi\u0107 na Syjon. I dam wam pasterzy wed\u0142ug mego serca, by was pa\u015bli rozs\u0105dnie i roztropnie. A gdy si\u0119 rozmno\u017cycie i wydacie liczne potomstwo na ziemi w owych dniach \u2013 m\u00f3wi Pan \u2013 nikt nie b\u0119dzie ju\u017c m\u00f3wi\u0142: Arka Przymierza Pa\u0144skiego! Nikt ju\u017c nie b\u0119dzie o niej my\u015bla\u0142 ani jej wspomina\u0142, ani odczuwa\u0142 jej braku, ani te\u017c nie uczyni nowej. W tym to czasie Jerozolima b\u0119dzie si\u0119 nazywa\u0142a Tronem Pana. Zgromadz\u0105 si\u0119 w niej wszystkie narody w imi\u0119 Pana i nie b\u0119d\u0105 ju\u017c post\u0119powa\u0142y wed\u0142ug zatwardzia\u0142o\u015bci swych przewrotnych serc.\u201d<\/strong><\/em><\/p>\n<p><em><strong>(Mt 13,18-23)<span class=\"Apple-converted-space\">\u00a0<\/span><\/strong><\/em><\/p>\n<p><em><strong>Jezus powiedzia\u0142 do swoich uczni\u00f3w: &#8222;Pos\u0142uchajcie przypowie\u015bci o siewcy. Do ka\u017cdego, kto s\u0142ucha s\u0142owa o kr\u00f3lestwie, a nie rozumie go, przychodzi Z\u0142y i porywa to, co zasiane jest w jego sercu. Takiego cz\u0142owieka oznacza ziarno posiane na drodze. Posiane na grunt skalisty oznacza tego, kto s\u0142ucha s\u0142owa i natychmiast z rado\u015bci\u0105 je przyjmuje; ale nie ma w sobie korzenia i jest niesta\u0142y. Gdy przyjdzie ucisk lub prze\u015bladowanie z powodu s\u0142owa, zaraz si\u0119 za\u0142amuje. Posiane mi\u0119dzy ciernie oznacza tego, kto s\u0142ucha s\u0142owa, lecz troski doczesne i u\u0142uda bogactwa zag\u0142uszaj\u0105 s\u0142owo, tak \u017ce zostaje bezowocne. Posiane wreszcie na ziemi\u0119 \u017cyzn\u0105 oznacza tego, kto s\u0142ucha s\u0142owa i rozumie je. On te\u017c wydaje plon: jeden stokrotny, drugi sze\u015b\u0107dziesi\u0119ciokrotny, inny trzydziestokrotny.\u201d<\/strong><\/em><\/p>\n<p>Dzi\u015b w Polsce obchodzicie wspomnienie \u015bw. Kingi. Pi\u0119kna posta\u0107, bardzo serdecznie zach\u0119cam do przeczytania jej biografii. Oto link:<span class=\"Apple-converted-space\">\u00a0<\/span><\/p>\n<p><a href=\"https:\/\/brewiarz.pl\/czytelnia\/swieci\/07-24a.php3\">https:\/\/brewiarz.pl\/czytelnia\/swieci\/07-24a.php3<\/a><\/p>\n<p>A tak\u017ce polecam, pi\u0119kn\u0105 homili\u0119 \u015bw. Jana Paw\u0142a II, podczas kanonizacji \u015bw. Kingi, w Starym S\u0105czu, 1999 roku. Ju\u017c wtedy bardzo os\u0142abiony i schorowany Papie\u017c, dokona\u0142 kanonizacji, jednak tekst homilii czyta\u0142 kard. Macharski. Jako\u015b mnie ta homilia poruszy\u0142a ju\u017c wtedy, pami\u0119tam, \u017ce wielokrotnie do niej wraca\u0142em, teraz cz\u0119sto \u015bw. Kinga kojarzy mi si\u0119 z t\u0105 papiesk\u0105 homili\u0105. Polecam. Oto link:<span class=\"Apple-converted-space\">\u00a0<\/span><\/p>\n<p><a href=\"https:\/\/ekai.pl\/dokumenty\/homilia-podczas-mszy-sw-i-kanonizacji-bl-kingi-stary-sacz\/\">https:\/\/ekai.pl\/dokumenty\/homilia-podczas-mszy-sw-i-kanonizacji-bl-kingi-stary-sacz\/<\/a><\/p>\n<p>W Rosji dzi\u015b obchodzimy wspomnienie \u015bw. Olgi, jednak ja osobi\u015bcie nie mog\u0119 przez te wszystkie lata poj\u0105\u0107, na jakiej podstawie Ko\u015bci\u00f3\u0142 Katolicki czci j\u0105 jako \u015bwi\u0119t\u0105. Osobi\u015bcie czytaj\u0105c jej \u017cyciorysy, ogl\u0105daj\u0105c filmy historyczne, \u017cadnej \u015bwi\u0119to\u015bci tam nie dostrzegam. Mo\u017ce si\u0119 potem nawr\u00f3ci\u0142a, mam nadziej\u0119. Cerkiew prawos\u0142awna czci j\u0105 ze wzgl\u0119d\u00f3w historycznych, jako \u017ce ona przyczyni\u0142a si\u0119 do chrztu Rusi. Jednak owe kontakty ze \u015bwiatem chrze\u015bcija\u0144skim by\u0142y cz\u0119sto bardziej polityczne ni\u017c duchowe.<span class=\"Apple-converted-space\">\u00a0<\/span><\/p>\n<p>Ufam, \u017ce Ko\u015bci\u00f3\u0142 wie co robi, mam nadziej\u0119, \u017ce moje informacje o tej osobie s\u0105 niepe\u0142ne i \u017ce ona jest \u015bwi\u0119t\u0105. Jednak p\u00f3ki co trudno mi obchodzi\u0107 to wspomnienie.<span class=\"Apple-converted-space\">\u00a0<\/span><\/p>\n<p>W Ewangelii dzi\u015b Jezus wyja\u015bnia przypowie\u015b\u0107 o siewcy.<span class=\"Apple-converted-space\">\u00a0<\/span><\/p>\n<p>Spr\u00f3bujmy porozmy\u015bla\u0107 nad tymi Jego S\u0142owami, nad tym wyja\u015bnieniem. Niech Duch \u015awi\u0119ty nam w tym pomo\u017ce.<span class=\"Apple-converted-space\">\u00a0<\/span><\/p>\n<p>Widzimy, \u017ce w ka\u017cdym przypadku, o kt\u00f3rym m\u00f3wi Jezus &#8211; droga, ska\u0142a, ciernie &#8211; Jezus m\u00f3wi: \u201eDo ka\u017cdego, <b>kto s\u0142ucha s\u0142owa <\/b>o kr\u00f3lestwie, a nie rozumie go\u2026\u201d; \u201e Posiane na grunt skalisty oznacza tego, <b>kto s\u0142ucha s\u0142owa <\/b>i natychmiast z rado\u015bci\u0105 je przyjmuje; ale nie ma w sobie korzenia i jest niesta\u0142y\u201d; \u201ePosiane mi\u0119dzy ciernie oznacza tego, <b>kto s\u0142ucha s\u0142owa<\/b>, lecz troski doczesne i u\u0142uda bogactwa zag\u0142uszaj\u0105 s\u0142owo, tak \u017ce zostaje bezowocne\u201d.<\/p>\n<p>Zwr\u00f3\u0107my uwag\u0119, \u017ce wsz\u0119dzie Jezus m\u00f3wi &#8211; kto s\u0142ucha s\u0142owa\u2026<span class=\"Apple-converted-space\">\u00a0<\/span><\/p>\n<p>Jezus w og\u00f3le nie m\u00f3wi o tych, kt\u00f3rzy s\u0142owa nie s\u0142uchaj\u0105, o niewierz\u0105cych, o nie modl\u0105cych si\u0119. Nie. Jezus m\u00f3wi &#8211; kto s\u0142ucha s\u0142owa. I tu te\u017c, okazuje si\u0119, mog\u0105 by\u0107 problemy.<span class=\"Apple-converted-space\">\u00a0<\/span><\/p>\n<p>Je\u015bli czytacie te s\u0142owa, znaczy &#8211; s\u0142uchacie s\u0142owa. Nawet je\u015bli jest kto\u015b zbuntowany, w\u0105tpi\u0105cy, niepewny w swojej wierze, czy swoich przekonaniach, to jednak s\u0142ucha s\u0142owa. Ju\u017c Wam wspomina\u0142em o pewnej osobie, kt\u00f3ra tu w Rosji s\u0142ucha rozmy\u015bla\u0144, ogl\u0105da transmisje Mszy \u015aw., cz\u0119sto pisze jakie\u015b komentarze na ten temat, a wi\u0119c s\u0142ucha na pewno i to uwa\u017cnie, a uwa\u017ca si\u0119 za osob\u0119 niewierz\u0105c\u0105. A jednak s\u0142ucha s\u0142owa.<span class=\"Apple-converted-space\">\u00a0<\/span><\/p>\n<p>Bardzo lubi\u0119 rozmowy z niewierz\u0105cymi, w\u0105tpi\u0105cymi, zbuntowanymi. To s\u0105 cz\u0119sto pi\u0119kni ludzie, bardzo szczerzy, otwarci, m\u0105drzy, tylko z wiar\u0105 maj\u0105 trudno\u015bci. Jednak oni cz\u0119sto s\u0105 dobr\u0105 gleb\u0105 dla ziarna Bo\u017cego S\u0142owa. Czasem mo\u017ce my, wierz\u0105cy, pobo\u017cni, boimy si\u0119 takich ludzi, boimy si\u0119 powa\u017cnych rozm\u00f3w z nimi. Czemu?<span class=\"Apple-converted-space\">\u00a0<\/span><\/p>\n<p>Sp\u00f3jrzmy, jakie wed\u0142ug Jezusa mog\u0105 by\u0107 problemy w nas, s\u0142uchaj\u0105cych s\u0142owa.<span class=\"Apple-converted-space\">\u00a0<\/span><\/p>\n<ol>\n<li>Droga. \u201eDo ka\u017cdego, kto s\u0142ucha s\u0142owa o kr\u00f3lestwie, a nie rozumie go, przychodzi Z\u0142y i porywa to, co zasiane jest w jego sercu. Takiego cz\u0142owieka oznacza ziarno posiane na drodze\u201d.<span class=\"Apple-converted-space\">\u00a0 <\/span>S\u0142ucha, a nie rozumie\u2026 Cz\u0119sto bywa, \u017ce cz\u0142owiek czyta, s\u0142ucha, a nie rozumie. Dlatego jest blog, mn\u00f3stwo rozwa\u017ca\u0144, kazania na Mszy \u015aw., komentarze biblijne. Pytanie, czy my chcemy z tego korzysta\u0107? Tu w Rosji takich katolickich materia\u0142\u00f3w jest du\u017co mniej, staramy si\u0119 to robi\u0107, robimy taki sam blog, tylko autor\u00f3w mamy wi\u0119cej, robimy wideo rozmy\u015blania, i zaskakuje mnie jak to wszystko si\u0119 rozwija, jak Pan B\u00f3g b\u0142ogos\u0142awi, jak ludzie si\u0119 otwieraj\u0105, jacy s\u0105 wdzi\u0119czni. Mo\u017cna by zapyta\u0107 &#8211; je\u015bli tyle ziarna pada na drog\u0119, ska\u0142\u0119, ciernie, to dlaczego siewca sieje? Ja widz\u0119, \u017ce je\u015bli si\u0119 sieje, to i ta droga, i ska\u0142a, staje si\u0119 \u017cyzn\u0105 gleb\u0105. Trzeba sia\u0107. A wi\u0119c &#8211; czy staram si\u0119 rozumie\u0107 s\u0142owo, rozmy\u015bla\u0107 nad S\u0142owem, stara\u0107 si\u0119 zrozumie\u0107 to co czytam?<span class=\"Apple-converted-space\">\u00a0<\/span><\/li>\n<li>Ska\u0142a. \u201e Posiane na grunt skalisty oznacza tego, kto s\u0142ucha s\u0142owa i natychmiast z rado\u015bci\u0105 je przyjmuje; ale nie ma w sobie korzenia i jest niesta\u0142y. Gdy przyjdzie ucisk lub prze\u015bladowanie z powodu s\u0142owa, zaraz si\u0119 za\u0142amuje\u201d.<span class=\"Apple-converted-space\">\u00a0 <\/span>Uwaga &#8211; emocje! Bywa czasem, \u017ce kiedy cz\u0142owiek co\u015b zrozumia\u0142, co\u015b do niego dotar\u0142o, zaczyna reagowa\u0107 emocjonalnie, cieszy si\u0119, skacze, \u015bpiewa, opowiada innym\u2026 Jednak nie zauwa\u017ca pu\u0142apki &#8211; s\u0142owo pozosta\u0142o na powierzchni, nie wesz\u0142o g\u0142\u0119biej. Przysz\u0142o s\u0142o\u0144ce i spali\u0142o. Przysz\u0142y trudno\u015bci, pr\u00f3by, prze\u015bladowania, pojawi\u0142y si\u0119 w\u0105tpliwo\u015bci, i po s\u0142owie. Emocje w wierze s\u0105 czym\u015b pi\u0119knym i wa\u017cnym, ale nie podstawowym i nie warunkuj\u0105cym. Mo\u017cna nic nie czu\u0107, jak \u015bw. Matka Teresa przez wiele lat, jak wielu \u015bwi\u0119tych, i pi\u0119knie \u017cy\u0107 S\u0142owem, i pi\u0119knie wierzy\u0107. Je\u015bli emocje s\u0105 to dobrze, ale wtedy trzeba dba\u0107 o wi\u0119cej ciszy, skupienia, adoracji, modlitwy wewn\u0119trznej, \u017ceby s\u0142owo wesz\u0142o g\u0142\u0119biej.<span class=\"Apple-converted-space\">\u00a0<\/span><\/li>\n<li>Ciernie. \u201ePosiane mi\u0119dzy ciernie oznacza tego, kto s\u0142ucha s\u0142owa, lecz troski doczesne i u\u0142uda bogactwa zag\u0142uszaj\u0105 s\u0142owo, tak \u017ce zostaje bezowocne\u201d. Nad tym punktem zatrzymuj\u0119 si\u0119 dzi\u015b w swoim wideo-rozmy\u015blaniu, i po rosyjsku i po polsku (takie teraz robi\u0119). Troski doczesne i u\u0142uda bogactwa. Tysi\u0105ce spraw jakie mamy w g\u0142owie, w sercu, jakie prze\u017cywamy, nie daj\u0105 nam si\u0119 skupi\u0107. Troski doczesne, to jakby to, co trzeba poza\u0142atwia\u0107 &#8211; kupi\u0107, posprz\u0105ta\u0107, ugotowa\u0107, upra\u0107, wyprasowa\u0107, p\u00f3j\u015b\u0107 do pracy, do szko\u0142y (a nie, rozp\u0119dzi\u0142em si\u0119, przecie\u017c wakacje). Jest jednak jeszcze u\u0142uda bogactwa, a wi\u0119c to co nas wci\u0105ga, to co nie jest ju\u017c konieczno\u015bci\u0105, ale mo\u017ce jak co\u015b zrobi\u0119 to wi\u0119cej zarobie, mo\u017ce zagram w gierk\u0119, mo\u017ce tu co\u015b pokombinuj\u0119 i stan\u0119 si\u0119 bogatym\u2026 Mo\u017cna by\u0107 przywi\u0105zanym do bogactwa, kt\u00f3rego si\u0119 realnie nie ma. Ci\u0105g\u0142e rozmy\u015blanie o pieni\u0105dzach, jak by zrobi\u0107, \u017ceby ich by\u0142o wi\u0119cej &#8211; u\u0142uda bogactwa. Pu\u0142apka bogactwa. Jak\u017ce to nam przeszkadza w modlitwie, jak\u017ce to nas rozprasza w s\u0142uchaniu s\u0142owa. Ile razy tak bywa, \u017ce chce si\u0119 pomodli\u0107 a tu tysi\u0105ce my\u015bli &#8211; jak zrobi\u0107 to a jak tamto\u2026 Ile razy bywa tak, \u017ce zaczynasz si\u0119 modli\u0107 i od razu my\u015bli &#8211; to trzeba zrobi\u0107 natychmiast, to jest bardzo pilne &#8211; zrobi\u0119 to i potem si\u0119 pomodl\u0119. Robimy a potem ju\u017c o modlitwie nie pami\u0119tamy. Skupienie na modlitwie, skupienie na rozmy\u015blaniu nad Bo\u017cym S\u0142owem, to trudna sztuka, ale warto si\u0119 o to bi\u0107, nawet ze swoimi my\u015blami.<span class=\"Apple-converted-space\">\u00a0<\/span><\/li>\n<\/ol>\n<p>I ostatnie: \u201ePosiane wreszcie na ziemi\u0119 \u017cyzn\u0105 oznacza tego, kto s\u0142ucha s\u0142owa i rozumie je. On te\u017c wydaje plon: jeden stokrotny, drugi sze\u015b\u0107dziesi\u0119ciokrotny, inny trzydziestokrotny\u201d.<\/p>\n<p>Jak si\u0119 usunie trzy poprzednie problemy, ziemia stanie si\u0119 \u017cyzn\u0105. I o to chodzi &#8211; mamy nie tylko s\u0142ucha\u0107 s\u0142owa, ale ma ono przynosi\u0107 owoce.<span class=\"Apple-converted-space\">\u00a0<\/span><\/p>\n<p>Spr\u00f3bujmy porozmy\u015bla\u0107 o rozmy\u015blaniu. Jak ja rozmy\u015blam nad S\u0142owem Bo\u017cym? Czy ono wp\u0142ywa na moje \u017cycie? Czy ono mnie zmienia? Czy przynosi realne owoce?<span class=\"Apple-converted-space\">\u00a0<\/span><\/p>\n<p>Powiem wi\u0119cej &#8211; nawet te rozmy\u015blania na blogu, czy im podobne, mog\u0105 by\u0107 cierniem przeszkadzaj\u0105cym. Mo\u017cna przeczyta\u0107 kilka rozmy\u015bla\u0144 do S\u0142owa Bo\u017cego, mie\u0107 r\u00f3\u017cne my\u015bli, jak mo\u017cna spojrze\u0107 na S\u0142owo, a przy tym ani minuty nie zapyta\u0107 &#8211; Panie, a co Ty mi chcesz przez to powiedzie\u0107? My \u015bwietnie znamy s\u0142owo, ale nie s\u0142yszymy co Pan B\u00f3g m\u00f3wi do nas.<span class=\"Apple-converted-space\">\u00a0<\/span><\/p>\n<p>A zatem, ja ko\u0144cz\u0119. Porozmy\u015blajmy!<span class=\"Apple-converted-space\">\u00a0<\/span><\/p>\n<p>Niech Was b\u0142ogos\u0142awi B\u00f3g Wszechmog\u0105cy, Ojciec + i Syn, i Duch \u015awi\u0119ty. Amen.<\/p>\n<blockquote class=\"twitter-tweet\" data-width=\"550\" data-dnt=\"true\">\n<p lang=\"pl\" dir=\"ltr\">Posiane mi\u0119dzy ciernie oznaczaj\u0105 tego, kto s\u0142ucha Slowa, lecz troski doczesne i u\u0142uda bogactwa zag\u0142uszaj\u0105 S\u0142owo tak, \u017ce zostaje bezowocne.<\/p>\n<p>My\u015bli, te zale\u017cne od nas i niezale\u017cne, cz\u0119sto przeszkadzaj\u0105 nam w modlitwie, sprob\u00f3jmy zostawi\u0107 je wszystkie i by\u0107 tylko z Jezusem<br \/>Z Bogiem+ <a href=\"https:\/\/t.co\/IDWTU49wCx\">pic.twitter.com\/IDWTU49wCx<\/a><\/p>\n<p>&mdash; CatholicSurgut (@CatholicSurgut) <a href=\"https:\/\/twitter.com\/CatholicSurgut\/status\/1286523872309850112?ref_src=twsrc%5Etfw\">July 24, 2020<\/a><\/p><\/blockquote>\n<p><script async src=\"https:\/\/platform.twitter.com\/widgets.js\" charset=\"utf-8\"><\/script><\/p>\n<p>A co u nas?<\/p>\n<p>Jak wspomnia\u0142em, jeste\u015bmy ci\u0105gle zamkni\u0119ci, ci\u0105gle nie mo\u017cemy je\u017adzi\u0107, ci\u0105gle ludzie nie mog\u0105 chodzi\u0107 do ko\u015bcio\u0142a. Niekt\u00f3rzy przychodz\u0105 czasem, ale to tak, \u017ceby t\u0142umu nie by\u0142o. Jakby si\u0119 zmniejsza\u0142a fala zachorowa\u0144 w mie\u015bcie i wojew\u00f3dztwie, je\u015bli wierzy\u0107 temu co podaj\u0105 media (wiele os\u00f3b tu nie wierzy, \u017ce to s\u0105 faktyczne dane). Ja te\u017c mam pewne w\u0105tpliwo\u015bci, co do dzia\u0142a\u0144 zwi\u0105zanych z wirusem, jakby si\u0119 sytuacja troch\u0119 wymkn\u0119\u0142a, ale, wszystko w r\u0119kach Pana Boga. Dlatego nie przestajemy si\u0119 modli\u0107 o to. Jednak nadzieja jest.<span class=\"Apple-converted-space\">\u00a0<\/span><\/p>\n<p>Wielu naszych parafian ju\u017c wysz\u0142o ze szpitala, nawet tacy, kt\u00f3rzy byli w ci\u0119\u017ckim stanie, byli ju\u017c nawet po tym w ko\u015bciele. Jednak dalej prosz\u0119 o modlitw\u0119 za tych, kt\u00f3rzy choruj\u0105. Dzi\u015b prosz\u0119 szczeg\u00f3lnie za dwie panie, za pani\u0105 Nin\u0119 i pani\u0105 Lian\u0119, \u017con\u0119 pana Edwarda, o kt\u00f3rym nie raz wspomina\u0142em. Te dwie panie le\u017c\u0105 w szpitalu z zapaleniem p\u0142uc. Stan mo\u017ce nie krytyczny, ale powa\u017cny i nie wiadomo, w kt\u00f3r\u0105 stron\u0119 to p\u00f3jdzie, wi\u0119c intensyfikujemy modlitwy. Nie raz, nawet w tej epidemii do\u015bwiadczy\u0142em tego, \u017ce jak za kogo\u015b wzmacniali\u015bmy modlitwy ca\u0142\u0105 parafi\u0105, to stan si\u0119 zaczyna\u0142 poprawia\u0107.<span class=\"Apple-converted-space\">\u00a0<\/span><\/p>\n<p>Wi\u0119c i Was prosz\u0119 o modlitw\u0119 za tych ludzi, i \u017ceby ju\u017c wi\u0119cej parafianie nie chorowali, i \u017ceby mogli chodzi\u0107 do ko\u015bcio\u0142a, i \u017cebym ja m\u00f3g\u0142 je\u017adzi\u0107. Pom\u00f3dlcie si\u0119 prosz\u0119 za mnie i za nasz\u0105 parafi\u0119.<span class=\"Apple-converted-space\">\u00a0<\/span><\/p>\n<p>Wczoraj, przejazdem zajrza\u0142a do mnie pani Lena, \u015bwietnie m\u00f3wi\u0105ca po polsku, mieszkaj\u0105ca w mie\u015bcie Gubkinskij, 500 km. od Surgutu na p\u00f3\u0142noc. Poci\u0105giem przyjecha\u0142a do Surgutu, a st\u0105d mia\u0142a samolot do miejsca gdzie chce sp\u0119dzi\u0107 urlop. Pani Lena ju\u017c ponad rok nie by\u0142a na Mszy \u015aw. Teraz specjalnie dla niej, rano odprawi\u0142em Msz\u0119 \u015aw. (po polsku), wyspowiada\u0142a si\u0119, przyj\u0119\u0142a Komuni\u0119 \u015aw. Razem z ni\u0105 pojechali\u015bmy na cmentarz, gdzie odprawi\u0142em pogrzeb, umar\u0142 jaki\u015b pan, podobno katolik, nigdy go nie spotka\u0142em w \u017cyciu. Mam nadziej\u0119, \u017ce rodzina teraz zacznie chodzi\u0107 do ko\u015bcio\u0142a. Syn po \u015bmierci taty jest troch\u0119 zbuntowany, ale m\u00f3wi, \u017ce przyjdzie pogada\u0107. Potem odwioz\u0142em pani\u0105 Len\u0119 na lotnisko. Takie to u nas historie.<span class=\"Apple-converted-space\">\u00a0<\/span><\/p>\n<p>Prowadzimy codzienne transmisje Mszy \u015aw., r\u00f3\u017caniec, ka\u017cdego dnia po kilkadziesi\u0105t os\u00f3b uczestniczy i to z r\u00f3\u017cnych miast, co jak na nasze warunki jest du\u017ca ilo\u015bci\u0105. Dobrze, \u017ce jest cho\u0107 taka mo\u017cliwo\u015b\u0107. <span class=\"Apple-converted-space\">\u00a0<\/span><\/p>\n<p>Idzie budowa, ju\u017c przykryli\u015bmy pi\u0119tro, niebawem pojawi\u0105 si\u0119 zarysy dachu. Chcia\u0142bym sprzeda\u0107 mieszkanie, ale p\u00f3ki co to topornie idzie, wi\u0119c te\u017c westchnijcie, prosz\u0119, do \u015bw. J\u00f3zefa i \u015bw. Jana Paw\u0142a II, a to nie b\u0119dzie pieni\u0119dzy na dalsze prace. My tu codziennie mamy w modlitwie wiernych dwie intencje &#8211; ustanie pandemii i dom parafialny. Wesprzyjcie nas.<span class=\"Apple-converted-space\">\u00a0<\/span><\/p>\n<p>Pozdrawiam serdecznie! Niech Pan B\u00f3g Was i Wam b\u0142ogos\u0142awi!<span class=\"Apple-converted-space\">\u00a0<\/span><\/p>\n<p>Z Bogiem!<span class=\"Apple-converted-space\">\u00a0<\/span><\/p>\n<p>W niedziel\u0119 to nagra\u0142em \ud83d\ude42<\/p>\n<blockquote class=\"twitter-tweet\" data-width=\"550\" data-dnt=\"true\">\n<p lang=\"pl\" dir=\"ltr\">Pi\u0119kne niedzielne popo\u0142udnie, pierwsza kawa w nowym mieszkaniu. \u2615\ufe0f\ud83d\ude0e<br \/>Jeszcze pod go\u0142ym niebem. <br \/>Zapraszam na kaw\u0119, dzi\u0119kuje za modlitw\u0119 i materialn\u0105 pomoc. <br \/>A kto dzi\u0119kuje ten dwa razy prosi. <\/p>\n<p>Niech Pan B\u00f3g Wam b\u0142ogos\u0142awi! <br \/>Z Bogiem! <a href=\"https:\/\/t.co\/7ye0iPg5uB\">pic.twitter.com\/7ye0iPg5uB<\/a><\/p>\n<p>&mdash; CatholicSurgut (@CatholicSurgut) <a href=\"https:\/\/twitter.com\/CatholicSurgut\/status\/1284914137286533120?ref_src=twsrc%5Etfw\">July 19, 2020<\/a><\/p><\/blockquote>\n<p><script async src=\"https:\/\/platform.twitter.com\/widgets.js\" charset=\"utf-8\"><\/script><\/p>\n<p style=\"text-align: center;\">Wiecz\u00f3r w naszym ko\u015bciele<\/p>\n<p><img loading=\"lazy\" decoding=\"async\" class=\"alignnone size-medium wp-image-17465\" src=\"https:\/\/gaudiumetspes-blog.pl\/wp-content\/uploads\/2020\/07\/E69175C5-CF0B-4292-ABEF-FF7127A0DA00-e1595584624217-225x300.jpeg\" alt=\"\" width=\"225\" height=\"300\" srcset=\"https:\/\/gaudiumetspes-blog.pl\/wp-content\/uploads\/2020\/07\/E69175C5-CF0B-4292-ABEF-FF7127A0DA00-e1595584624217-225x300.jpeg 225w, https:\/\/gaudiumetspes-blog.pl\/wp-content\/uploads\/2020\/07\/E69175C5-CF0B-4292-ABEF-FF7127A0DA00-e1595584624217-768x1024.jpeg 768w, https:\/\/gaudiumetspes-blog.pl\/wp-content\/uploads\/2020\/07\/E69175C5-CF0B-4292-ABEF-FF7127A0DA00-e1595584624217-1920x2560.jpeg 1920w, https:\/\/gaudiumetspes-blog.pl\/wp-content\/uploads\/2020\/07\/E69175C5-CF0B-4292-ABEF-FF7127A0DA00-e1595584624217-720x960.jpeg 720w, https:\/\/gaudiumetspes-blog.pl\/wp-content\/uploads\/2020\/07\/E69175C5-CF0B-4292-ABEF-FF7127A0DA00-e1595584624217-580x773.jpeg 580w, https:\/\/gaudiumetspes-blog.pl\/wp-content\/uploads\/2020\/07\/E69175C5-CF0B-4292-ABEF-FF7127A0DA00-e1595584624217-320x427.jpeg 320w\" sizes=\"auto, (max-width: 225px) 100vw, 225px\" \/><\/p>\n<figure id=\"attachment_17466\" aria-describedby=\"caption-attachment-17466\" style=\"width: 300px\" class=\"wp-caption alignnone\"><img loading=\"lazy\" decoding=\"async\" class=\"size-medium wp-image-17466\" src=\"https:\/\/gaudiumetspes-blog.pl\/wp-content\/uploads\/2020\/07\/2A59ECCD-E8FD-4135-9B1E-E8445DEBBEE7-300x225.jpeg\" alt=\"\" width=\"300\" height=\"225\" srcset=\"https:\/\/gaudiumetspes-blog.pl\/wp-content\/uploads\/2020\/07\/2A59ECCD-E8FD-4135-9B1E-E8445DEBBEE7-300x225.jpeg 300w, https:\/\/gaudiumetspes-blog.pl\/wp-content\/uploads\/2020\/07\/2A59ECCD-E8FD-4135-9B1E-E8445DEBBEE7-768x576.jpeg 768w, https:\/\/gaudiumetspes-blog.pl\/wp-content\/uploads\/2020\/07\/2A59ECCD-E8FD-4135-9B1E-E8445DEBBEE7-1024x768.jpeg 1024w, https:\/\/gaudiumetspes-blog.pl\/wp-content\/uploads\/2020\/07\/2A59ECCD-E8FD-4135-9B1E-E8445DEBBEE7-1920x1440.jpeg 1920w, https:\/\/gaudiumetspes-blog.pl\/wp-content\/uploads\/2020\/07\/2A59ECCD-E8FD-4135-9B1E-E8445DEBBEE7-720x540.jpeg 720w, https:\/\/gaudiumetspes-blog.pl\/wp-content\/uploads\/2020\/07\/2A59ECCD-E8FD-4135-9B1E-E8445DEBBEE7-580x435.jpeg 580w, https:\/\/gaudiumetspes-blog.pl\/wp-content\/uploads\/2020\/07\/2A59ECCD-E8FD-4135-9B1E-E8445DEBBEE7-320x240.jpeg 320w\" sizes=\"auto, (max-width: 300px) 100vw, 300px\" \/><figcaption id=\"caption-attachment-17466\" class=\"wp-caption-text\">Ju\u017c jest dach nad g\u0142ow\u0105 &#8211; widok na nasz\u0105 kaplic\u0119 w domu parafialnym<\/figcaption><\/figure>\n<p>&nbsp;<\/p>\n<figure id=\"attachment_17467\" aria-describedby=\"caption-attachment-17467\" style=\"width: 300px\" class=\"wp-caption alignnone\"><img loading=\"lazy\" decoding=\"async\" class=\"size-medium wp-image-17467\" src=\"https:\/\/gaudiumetspes-blog.pl\/wp-content\/uploads\/2020\/07\/658A841B-0952-4577-A025-1489C324C3A6-300x225.jpeg\" alt=\"\" width=\"300\" height=\"225\" srcset=\"https:\/\/gaudiumetspes-blog.pl\/wp-content\/uploads\/2020\/07\/658A841B-0952-4577-A025-1489C324C3A6-300x225.jpeg 300w, https:\/\/gaudiumetspes-blog.pl\/wp-content\/uploads\/2020\/07\/658A841B-0952-4577-A025-1489C324C3A6-768x576.jpeg 768w, https:\/\/gaudiumetspes-blog.pl\/wp-content\/uploads\/2020\/07\/658A841B-0952-4577-A025-1489C324C3A6-1024x768.jpeg 1024w, https:\/\/gaudiumetspes-blog.pl\/wp-content\/uploads\/2020\/07\/658A841B-0952-4577-A025-1489C324C3A6-1920x1440.jpeg 1920w, https:\/\/gaudiumetspes-blog.pl\/wp-content\/uploads\/2020\/07\/658A841B-0952-4577-A025-1489C324C3A6-720x540.jpeg 720w, https:\/\/gaudiumetspes-blog.pl\/wp-content\/uploads\/2020\/07\/658A841B-0952-4577-A025-1489C324C3A6-580x435.jpeg 580w, https:\/\/gaudiumetspes-blog.pl\/wp-content\/uploads\/2020\/07\/658A841B-0952-4577-A025-1489C324C3A6-320x240.jpeg 320w\" sizes=\"auto, (max-width: 300px) 100vw, 300px\" \/><figcaption id=\"caption-attachment-17467\" class=\"wp-caption-text\">Taki sobie zach\u00f3d s\u0142o\u0144ca przed naszym ko\u015bcio\u0142em.<\/figcaption><\/figure>\n<p><img loading=\"lazy\" decoding=\"async\" class=\"alignnone size-medium wp-image-17468\" src=\"https:\/\/gaudiumetspes-blog.pl\/wp-content\/uploads\/2020\/07\/C25EA3CE-9695-4107-AAA4-C4F3B31F9745-e1595584926551-225x300.jpeg\" alt=\"\" width=\"225\" height=\"300\" srcset=\"https:\/\/gaudiumetspes-blog.pl\/wp-content\/uploads\/2020\/07\/C25EA3CE-9695-4107-AAA4-C4F3B31F9745-e1595584926551-225x300.jpeg 225w, https:\/\/gaudiumetspes-blog.pl\/wp-content\/uploads\/2020\/07\/C25EA3CE-9695-4107-AAA4-C4F3B31F9745-e1595584926551-768x1024.jpeg 768w, https:\/\/gaudiumetspes-blog.pl\/wp-content\/uploads\/2020\/07\/C25EA3CE-9695-4107-AAA4-C4F3B31F9745-e1595584926551-1920x2560.jpeg 1920w, https:\/\/gaudiumetspes-blog.pl\/wp-content\/uploads\/2020\/07\/C25EA3CE-9695-4107-AAA4-C4F3B31F9745-e1595584926551-720x960.jpeg 720w, https:\/\/gaudiumetspes-blog.pl\/wp-content\/uploads\/2020\/07\/C25EA3CE-9695-4107-AAA4-C4F3B31F9745-e1595584926551-580x773.jpeg 580w, https:\/\/gaudiumetspes-blog.pl\/wp-content\/uploads\/2020\/07\/C25EA3CE-9695-4107-AAA4-C4F3B31F9745-e1595584926551-320x427.jpeg 320w\" sizes=\"auto, (max-width: 225px) 100vw, 225px\" \/><\/p>\n<p><img loading=\"lazy\" decoding=\"async\" class=\"alignnone size-medium wp-image-17469\" src=\"https:\/\/gaudiumetspes-blog.pl\/wp-content\/uploads\/2020\/07\/758CC007-6945-4A3A-A503-E8BAAEA62BC7-300x225.jpeg\" alt=\"\" width=\"300\" height=\"225\" srcset=\"https:\/\/gaudiumetspes-blog.pl\/wp-content\/uploads\/2020\/07\/758CC007-6945-4A3A-A503-E8BAAEA62BC7-300x225.jpeg 300w, https:\/\/gaudiumetspes-blog.pl\/wp-content\/uploads\/2020\/07\/758CC007-6945-4A3A-A503-E8BAAEA62BC7-768x576.jpeg 768w, https:\/\/gaudiumetspes-blog.pl\/wp-content\/uploads\/2020\/07\/758CC007-6945-4A3A-A503-E8BAAEA62BC7-1024x768.jpeg 1024w, https:\/\/gaudiumetspes-blog.pl\/wp-content\/uploads\/2020\/07\/758CC007-6945-4A3A-A503-E8BAAEA62BC7-1920x1440.jpeg 1920w, https:\/\/gaudiumetspes-blog.pl\/wp-content\/uploads\/2020\/07\/758CC007-6945-4A3A-A503-E8BAAEA62BC7-720x540.jpeg 720w, https:\/\/gaudiumetspes-blog.pl\/wp-content\/uploads\/2020\/07\/758CC007-6945-4A3A-A503-E8BAAEA62BC7-580x435.jpeg 580w, https:\/\/gaudiumetspes-blog.pl\/wp-content\/uploads\/2020\/07\/758CC007-6945-4A3A-A503-E8BAAEA62BC7-320x240.jpeg 320w\" sizes=\"auto, (max-width: 300px) 100vw, 300px\" \/><\/p>\n<figure id=\"attachment_17471\" aria-describedby=\"caption-attachment-17471\" style=\"width: 300px\" class=\"wp-caption alignnone\"><img loading=\"lazy\" decoding=\"async\" class=\"size-medium wp-image-17471\" src=\"https:\/\/gaudiumetspes-blog.pl\/wp-content\/uploads\/2020\/07\/AA99AB26-7345-4795-ADA4-2F981855C06B-300x225.jpeg\" alt=\"\" width=\"300\" height=\"225\" srcset=\"https:\/\/gaudiumetspes-blog.pl\/wp-content\/uploads\/2020\/07\/AA99AB26-7345-4795-ADA4-2F981855C06B-300x225.jpeg 300w, https:\/\/gaudiumetspes-blog.pl\/wp-content\/uploads\/2020\/07\/AA99AB26-7345-4795-ADA4-2F981855C06B-768x576.jpeg 768w, https:\/\/gaudiumetspes-blog.pl\/wp-content\/uploads\/2020\/07\/AA99AB26-7345-4795-ADA4-2F981855C06B-1024x768.jpeg 1024w, https:\/\/gaudiumetspes-blog.pl\/wp-content\/uploads\/2020\/07\/AA99AB26-7345-4795-ADA4-2F981855C06B-1920x1440.jpeg 1920w, https:\/\/gaudiumetspes-blog.pl\/wp-content\/uploads\/2020\/07\/AA99AB26-7345-4795-ADA4-2F981855C06B-720x540.jpeg 720w, https:\/\/gaudiumetspes-blog.pl\/wp-content\/uploads\/2020\/07\/AA99AB26-7345-4795-ADA4-2F981855C06B-580x435.jpeg 580w, https:\/\/gaudiumetspes-blog.pl\/wp-content\/uploads\/2020\/07\/AA99AB26-7345-4795-ADA4-2F981855C06B-320x240.jpeg 320w\" sizes=\"auto, (max-width: 300px) 100vw, 300px\" \/><figcaption id=\"caption-attachment-17471\" class=\"wp-caption-text\">Tak sobie \u015bwiat\u0142o z witra\u017cy ta\u0144czy po \u015bcianach ko\u015bcio\u0142a<\/figcaption><\/figure>\n","protected":false},"excerpt":{"rendered":"<p>Niech b\u0119dzie pochwalony Jezus Chrystus! Pozdrawiam Was bardzo serdecznie i gor\u0105co z Syberii, z Surgutu. Mamy pi\u0119kn\u0105, s\u0142oneczn\u0105, cho\u0107 nie upaln\u0105 pogod\u0119, jednak mamy te\u017c ci\u0105gle przed\u0142u\u017caj\u0105ce si\u0119 zamkni\u0119cie. Nasze Siostry ciesz\u0105 si\u0119 ju\u017c spotkaniem ze swoimi bliskimi, a wi\u0119c s\u0105 na urlopie, ks. Pawe\u0142 r\u00f3wnie\u017c nie mo\u017ce z Polski wyjecha\u0107, nawet greko-katolicki ksi\u0105dz w [&hellip;]<\/p>\n","protected":false},"author":3,"featured_media":0,"comment_status":"open","ping_status":"open","sticky":false,"template":"","format":"standard","meta":{"jetpack_post_was_ever_published":false,"_jetpack_newsletter_access":"","_jetpack_dont_email_post_to_subs":false,"_jetpack_newsletter_tier_id":0,"_jetpack_memberships_contains_paywalled_content":false,"_jetpack_memberships_contains_paid_content":false,"footnotes":""},"categories":[1],"tags":[],"class_list":["post-17459","post","type-post","status-publish","format-standard","hentry","category-bez-kategorii"],"yoast_head":"<!-- This site is optimized with the Yoast SEO plugin v25.1 - https:\/\/yoast.com\/wordpress\/plugins\/seo\/ -->\n<title>Jak ja rozmy\u015blam nad S\u0142owem Bo\u017cym? - Gaudium Et Spes<\/title>\n<meta name=\"robots\" content=\"index, follow, max-snippet:-1, max-image-preview:large, max-video-preview:-1\" \/>\n<link rel=\"canonical\" href=\"https:\/\/gaudiumetspes-blog.pl\/index.php\/2020\/07\/24\/jak-ja-rozmyslam-nad-slowem-bozym\/\" \/>\n<meta property=\"og:locale\" content=\"pl_PL\" \/>\n<meta property=\"og:type\" content=\"article\" \/>\n<meta property=\"og:title\" content=\"Jak ja rozmy\u015blam nad S\u0142owem Bo\u017cym? - Gaudium Et Spes\" \/>\n<meta property=\"og:description\" content=\"Niech b\u0119dzie pochwalony Jezus Chrystus! Pozdrawiam Was bardzo serdecznie i gor\u0105co z Syberii, z Surgutu. Mamy pi\u0119kn\u0105, s\u0142oneczn\u0105, cho\u0107 nie upaln\u0105 pogod\u0119, jednak mamy te\u017c ci\u0105gle przed\u0142u\u017caj\u0105ce si\u0119 zamkni\u0119cie. Nasze Siostry ciesz\u0105 si\u0119 ju\u017c spotkaniem ze swoimi bliskimi, a wi\u0119c s\u0105 na urlopie, ks. Pawe\u0142 r\u00f3wnie\u017c nie mo\u017ce z Polski wyjecha\u0107, nawet greko-katolicki ksi\u0105dz w [&hellip;]\" \/>\n<meta property=\"og:url\" content=\"https:\/\/gaudiumetspes-blog.pl\/index.php\/2020\/07\/24\/jak-ja-rozmyslam-nad-slowem-bozym\/\" \/>\n<meta property=\"og:site_name\" content=\"Gaudium Et Spes\" \/>\n<meta property=\"article:published_time\" content=\"2020-07-24T09:04:10+00:00\" \/>\n<meta property=\"article:modified_time\" content=\"2020-07-24T10:05:52+00:00\" \/>\n<meta property=\"og:image\" content=\"https:\/\/gaudiumetspes-blog.pl\/wp-content\/uploads\/2020\/07\/E69175C5-CF0B-4292-ABEF-FF7127A0DA00-e1595584624217-225x300.jpeg\" \/>\n<meta name=\"author\" content=\"Ks. Marek\" \/>\n<meta name=\"twitter:card\" content=\"summary_large_image\" \/>\n<meta name=\"twitter:label1\" content=\"Napisane przez\" \/>\n\t<meta name=\"twitter:data1\" content=\"Ks. Marek\" \/>\n\t<meta name=\"twitter:label2\" content=\"Szacowany czas czytania\" \/>\n\t<meta name=\"twitter:data2\" content=\"12 minut\" \/>\n<script type=\"application\/ld+json\" class=\"yoast-schema-graph\">{\"@context\":\"https:\/\/schema.org\",\"@graph\":[{\"@type\":\"WebPage\",\"@id\":\"https:\/\/gaudiumetspes-blog.pl\/index.php\/2020\/07\/24\/jak-ja-rozmyslam-nad-slowem-bozym\/\",\"url\":\"https:\/\/gaudiumetspes-blog.pl\/index.php\/2020\/07\/24\/jak-ja-rozmyslam-nad-slowem-bozym\/\",\"name\":\"Jak ja rozmy\u015blam nad S\u0142owem Bo\u017cym? - Gaudium Et Spes\",\"isPartOf\":{\"@id\":\"https:\/\/gaudiumetspes-blog.pl\/#website\"},\"primaryImageOfPage\":{\"@id\":\"https:\/\/gaudiumetspes-blog.pl\/index.php\/2020\/07\/24\/jak-ja-rozmyslam-nad-slowem-bozym\/#primaryimage\"},\"image\":{\"@id\":\"https:\/\/gaudiumetspes-blog.pl\/index.php\/2020\/07\/24\/jak-ja-rozmyslam-nad-slowem-bozym\/#primaryimage\"},\"thumbnailUrl\":\"https:\/\/gaudiumetspes-blog.pl\/wp-content\/uploads\/2020\/07\/E69175C5-CF0B-4292-ABEF-FF7127A0DA00-e1595584624217-225x300.jpeg\",\"datePublished\":\"2020-07-24T09:04:10+00:00\",\"dateModified\":\"2020-07-24T10:05:52+00:00\",\"author\":{\"@id\":\"https:\/\/gaudiumetspes-blog.pl\/#\/schema\/person\/12bc173d67dadb67c1c90d9c6c34c643\"},\"breadcrumb\":{\"@id\":\"https:\/\/gaudiumetspes-blog.pl\/index.php\/2020\/07\/24\/jak-ja-rozmyslam-nad-slowem-bozym\/#breadcrumb\"},\"inLanguage\":\"pl-PL\",\"potentialAction\":[{\"@type\":\"ReadAction\",\"target\":[\"https:\/\/gaudiumetspes-blog.pl\/index.php\/2020\/07\/24\/jak-ja-rozmyslam-nad-slowem-bozym\/\"]}]},{\"@type\":\"ImageObject\",\"inLanguage\":\"pl-PL\",\"@id\":\"https:\/\/gaudiumetspes-blog.pl\/index.php\/2020\/07\/24\/jak-ja-rozmyslam-nad-slowem-bozym\/#primaryimage\",\"url\":\"https:\/\/gaudiumetspes-blog.pl\/wp-content\/uploads\/2020\/07\/E69175C5-CF0B-4292-ABEF-FF7127A0DA00-e1595584624217.jpeg\",\"contentUrl\":\"https:\/\/gaudiumetspes-blog.pl\/wp-content\/uploads\/2020\/07\/E69175C5-CF0B-4292-ABEF-FF7127A0DA00-e1595584624217.jpeg\",\"width\":3024,\"height\":4032},{\"@type\":\"BreadcrumbList\",\"@id\":\"https:\/\/gaudiumetspes-blog.pl\/index.php\/2020\/07\/24\/jak-ja-rozmyslam-nad-slowem-bozym\/#breadcrumb\",\"itemListElement\":[{\"@type\":\"ListItem\",\"position\":1,\"name\":\"Strona g\u0142\u00f3wna\",\"item\":\"https:\/\/gaudiumetspes-blog.pl\/\"},{\"@type\":\"ListItem\",\"position\":2,\"name\":\"Jak ja rozmy\u015blam nad&nbsp;S\u0142owem Bo\u017cym?\"}]},{\"@type\":\"WebSite\",\"@id\":\"https:\/\/gaudiumetspes-blog.pl\/#website\",\"url\":\"https:\/\/gaudiumetspes-blog.pl\/\",\"name\":\"Gaudium Et Spes\",\"description\":\"Blog Ks. Jacka Ja\u015bkowskiego\",\"potentialAction\":[{\"@type\":\"SearchAction\",\"target\":{\"@type\":\"EntryPoint\",\"urlTemplate\":\"https:\/\/gaudiumetspes-blog.pl\/?s={search_term_string}\"},\"query-input\":{\"@type\":\"PropertyValueSpecification\",\"valueRequired\":true,\"valueName\":\"search_term_string\"}}],\"inLanguage\":\"pl-PL\"},{\"@type\":\"Person\",\"@id\":\"https:\/\/gaudiumetspes-blog.pl\/#\/schema\/person\/12bc173d67dadb67c1c90d9c6c34c643\",\"name\":\"Ks. Marek\",\"image\":{\"@type\":\"ImageObject\",\"inLanguage\":\"pl-PL\",\"@id\":\"https:\/\/gaudiumetspes-blog.pl\/#\/schema\/person\/image\/\",\"url\":\"https:\/\/gaudiumetspes-blog.pl\/wp-content\/uploads\/2019\/08\/73914d81-03a2-41a3-a2c0-9e0651fc6189-150x150.jpg\",\"contentUrl\":\"https:\/\/gaudiumetspes-blog.pl\/wp-content\/uploads\/2019\/08\/73914d81-03a2-41a3-a2c0-9e0651fc6189-150x150.jpg\",\"caption\":\"Ks. Marek\"},\"description\":\"Nazywam si\u0119 Ks. Marek Ja\u015bkowski i jestem Proboszczem Parafii \u015aw. J\u00f3zefa Robotnika w Surgucie i Parafii \u015aw. Paw\u0142a Aposto\u0142a w Nojabrsku. Moja Parafia to p\u00f3\u0142nocna cz\u0119\u015b\u0107 zachodniej Syberii \u2013 mo\u017cna powiedzie\u0107, \u017ce terytorialnie to prawie po\u0142owa Diecezji nowosybirskiej, jej p\u00f3\u0142nocna cz\u0119\u015b\u0107. Nasz Biskup okre\u015bli\u0142 kiedy\u015b, \u017ce jest to terytorialnie najwi\u0119ksza Parafia na \u015bwiecie! Terytorium Parafii jest czterokrotnie wi\u0119ksze od terytorium Polski! Przez kilka lat by\u0142em jedynym rzymskokatolickim ksi\u0119dzem na tym terytorium, od wrze\u015bnia 2019 roku pos\u0142ug\u0119 podejmuje Wsp\u00f3\u0142pracownik, Ks. Pawe\u0142 Czelu\u015bci\u0144ski. W Parafii pos\u0142uguj\u0105 tak\u017ce dwie Siostry od Anio\u0142\u00f3w, S. Joann i S. Teresa. Terytorium naszej Parafii to Chanty-Mansyjski Autonomiczny Okr\u0119g i Jamalsko-Nieniecki Autonomiczny Okr\u0119g. Jest to terytorium, kt\u00f3re s\u0142ynie z wydobycia ropy i gazu. Wi\u0119kszo\u015b\u0107 ropy, wydobywanej w Rosji \u2013 wydobywa si\u0119 z terenu mojej Parafii. W zwi\u0105zku z tym, w ostatnich kilku dziesi\u0119cioleciach, przyby\u0142o mn\u00f3stwo ludzi w poszukiwaniu pracy. Na tym terenie jest kilkana\u015bcie, a mo\u017ce i kilkadziesi\u0105t \u2013 cz\u0119sto nowych miast, w kt\u00f3rych osiedlaj\u0105 si\u0119 owi przyje\u017cd\u017caj\u0105cy ludzie. Odwiedzamy miasta: Jugorsk i Sowiecki, oddalone 650 km od Surgutu; Uraj \u2013 730 km; Niaga\u0144 \u2013 600 km; Chanty-Mansyjsk \u2013 300 km. To kierunek po\u0142udniowo \u2013 zachodni. Natomiast na p\u00f3\u0142nocy odwiedzamy Nojabrsk \u2013 320 km i Koga\u0142ym \u2013 190 km, Gubkinskij \u2013 500 km; Tarko-Sale \u2013 600 km; Nowyj Urengoj \u2013 760 km. Je\u017adzimy te\u017c do Tiumenii, \u017ceby stamt\u0105d polecie\u0107 samolotem do Salechardu, na ko\u0142o podbiegunowe \u2013 ponad 1100 km w prostej linii \u2013 \u017ceby i tam odwiedzi\u0107 naszych Parafian, kt\u00f3rzy cz\u0119sto bior\u0105 urlop w pracy, aby spotka\u0107 si\u0119 z nami, uczestniczy\u0107 we Mszy \u015awi\u0119tej i w katechizacji. Do Salechardu nie ma drogi, mo\u017cna dotrze\u0107 tylko samolotem, albo (latem) statkiem. Wymienione miasta to tylko niekt\u00f3re z miejsc, kt\u00f3re odwiedzamy. W ca\u0142ej naszej Parafii mamy jeden ko\u015bci\u00f3\u0142 \u2013 w Surgucie \u2013 i jedn\u0105 kaplic\u0119, w Nojabrsku, w jednym z blok\u00f3w. W innych miejscach spotykamy si\u0119 w mieszkaniach Parafian. Ludzie jednak cz\u0119sto kr\u0119puj\u0105 si\u0119 przychodzi\u0107 do kogo\u015b, do domu. A Parafia najbardziej rozwija si\u0119 tam, gdzie jest \u015bwi\u0105tynia. Ostatnio kupili\u015bmy dom na kaplic\u0119 w Koga\u0142ymie. Konieczny jest tam jednak gruntowny remont, kt\u00f3ry aktualnie prowadzimy. Nast\u0119pnym miejscem oczekuj\u0105cym na swoj\u0105 \u015bwi\u0105tyni\u0119 - kaplic\u0119 jest Chanty-Mansyjsk. Dramatycznie potrzeba tu ksi\u0119\u017cy! \u017beby kr\u00f3lestwo Bo\u017ce mog\u0142o wzrasta\u0107 w sercach ludzi, musz\u0105 mie\u0107 oni cz\u0119stszy dost\u0119p do Sakrament\u00f3w. Na terenie naszej Parafii mieszka jakie\u015b 2,5 miliona ludzi, w samym Surgucie \u2013 350 tysi\u0119cy. A tylko dw\u00f3ch Ksi\u0119\u017cy i dwie Siostry. Prosimy Was zatem o dwojak\u0105 pomoc: Modlitwa \u2013 to najwa\u017cniejsze! Prosz\u0119 Was, pom\u00f3dlcie si\u0119 za nasz\u0105 Parafi\u0119 przynajmniej dziesi\u0105tkiem R\u00f3\u017ca\u0144ca, a potem pom\u00f3dlcie si\u0119 przez wstawiennictwo naszych \u015awi\u0119tych Patron\u00f3w: Matki Bo\u017cej Fatimskiej, \u015aw. J\u00f3zefa Robotnika, \u015aw. Paw\u0142a Aposto\u0142a, \u015aw. Jana Paw\u0142a II, Micha\u0142a Archanio\u0142a i Anio\u0142\u00f3w Str\u00f3\u017c\u00f3w. Ofiara \u2013 materialna pomoc tak\u017ce jest nam niezmiernie potrzebna ze wzgl\u0119du na budow\u0119 domu parafialnego w Surgucie, remont domu na kaplic\u0119 w Koga\u0142ymie, oraz organizowanie spotka\u0144 wsp\u00f3lnot i miejsc modlitwy w wielu innych miastach. Wszystkim Darczy\u0144com z serca dzi\u0119kujemy i obiecujemy modlitw\u0119! Niech Was b\u0142ogos\u0142awi B\u00f3g Wszechmog\u0105cy: Ojciec + i Syn, i Duch \u015awi\u0119ty. Amen o.marek@mail.ru www.catholicsurgut.ru Dane do przelewu: Marek Ja\u015bkowski ul. K\u0105pielowa 19\/2 21-500 Bia\u0142a Podlaska Nr konta: 50 1020 5558 1111 1548 2400 0027\",\"url\":\"https:\/\/gaudiumetspes-blog.pl\/index.php\/author\/ks-marek\/\"}]}<\/script>\n<!-- \/ Yoast SEO plugin. -->","yoast_head_json":{"title":"Jak ja rozmy\u015blam nad S\u0142owem Bo\u017cym? - Gaudium Et Spes","robots":{"index":"index","follow":"follow","max-snippet":"max-snippet:-1","max-image-preview":"max-image-preview:large","max-video-preview":"max-video-preview:-1"},"canonical":"https:\/\/gaudiumetspes-blog.pl\/index.php\/2020\/07\/24\/jak-ja-rozmyslam-nad-slowem-bozym\/","og_locale":"pl_PL","og_type":"article","og_title":"Jak ja rozmy\u015blam nad S\u0142owem Bo\u017cym? - Gaudium Et Spes","og_description":"Niech b\u0119dzie pochwalony Jezus Chrystus! Pozdrawiam Was bardzo serdecznie i gor\u0105co z Syberii, z Surgutu. Mamy pi\u0119kn\u0105, s\u0142oneczn\u0105, cho\u0107 nie upaln\u0105 pogod\u0119, jednak mamy te\u017c ci\u0105gle przed\u0142u\u017caj\u0105ce si\u0119 zamkni\u0119cie. Nasze Siostry ciesz\u0105 si\u0119 ju\u017c spotkaniem ze swoimi bliskimi, a wi\u0119c s\u0105 na urlopie, ks. Pawe\u0142 r\u00f3wnie\u017c nie mo\u017ce z Polski wyjecha\u0107, nawet greko-katolicki ksi\u0105dz w [&hellip;]","og_url":"https:\/\/gaudiumetspes-blog.pl\/index.php\/2020\/07\/24\/jak-ja-rozmyslam-nad-slowem-bozym\/","og_site_name":"Gaudium Et Spes","article_published_time":"2020-07-24T09:04:10+00:00","article_modified_time":"2020-07-24T10:05:52+00:00","og_image":[{"url":"https:\/\/gaudiumetspes-blog.pl\/wp-content\/uploads\/2020\/07\/E69175C5-CF0B-4292-ABEF-FF7127A0DA00-e1595584624217-225x300.jpeg","type":"","width":"","height":""}],"author":"Ks. Marek","twitter_card":"summary_large_image","twitter_misc":{"Napisane przez":"Ks. Marek","Szacowany czas czytania":"12 minut"},"schema":{"@context":"https:\/\/schema.org","@graph":[{"@type":"WebPage","@id":"https:\/\/gaudiumetspes-blog.pl\/index.php\/2020\/07\/24\/jak-ja-rozmyslam-nad-slowem-bozym\/","url":"https:\/\/gaudiumetspes-blog.pl\/index.php\/2020\/07\/24\/jak-ja-rozmyslam-nad-slowem-bozym\/","name":"Jak ja rozmy\u015blam nad S\u0142owem Bo\u017cym? - Gaudium Et Spes","isPartOf":{"@id":"https:\/\/gaudiumetspes-blog.pl\/#website"},"primaryImageOfPage":{"@id":"https:\/\/gaudiumetspes-blog.pl\/index.php\/2020\/07\/24\/jak-ja-rozmyslam-nad-slowem-bozym\/#primaryimage"},"image":{"@id":"https:\/\/gaudiumetspes-blog.pl\/index.php\/2020\/07\/24\/jak-ja-rozmyslam-nad-slowem-bozym\/#primaryimage"},"thumbnailUrl":"https:\/\/gaudiumetspes-blog.pl\/wp-content\/uploads\/2020\/07\/E69175C5-CF0B-4292-ABEF-FF7127A0DA00-e1595584624217-225x300.jpeg","datePublished":"2020-07-24T09:04:10+00:00","dateModified":"2020-07-24T10:05:52+00:00","author":{"@id":"https:\/\/gaudiumetspes-blog.pl\/#\/schema\/person\/12bc173d67dadb67c1c90d9c6c34c643"},"breadcrumb":{"@id":"https:\/\/gaudiumetspes-blog.pl\/index.php\/2020\/07\/24\/jak-ja-rozmyslam-nad-slowem-bozym\/#breadcrumb"},"inLanguage":"pl-PL","potentialAction":[{"@type":"ReadAction","target":["https:\/\/gaudiumetspes-blog.pl\/index.php\/2020\/07\/24\/jak-ja-rozmyslam-nad-slowem-bozym\/"]}]},{"@type":"ImageObject","inLanguage":"pl-PL","@id":"https:\/\/gaudiumetspes-blog.pl\/index.php\/2020\/07\/24\/jak-ja-rozmyslam-nad-slowem-bozym\/#primaryimage","url":"https:\/\/gaudiumetspes-blog.pl\/wp-content\/uploads\/2020\/07\/E69175C5-CF0B-4292-ABEF-FF7127A0DA00-e1595584624217.jpeg","contentUrl":"https:\/\/gaudiumetspes-blog.pl\/wp-content\/uploads\/2020\/07\/E69175C5-CF0B-4292-ABEF-FF7127A0DA00-e1595584624217.jpeg","width":3024,"height":4032},{"@type":"BreadcrumbList","@id":"https:\/\/gaudiumetspes-blog.pl\/index.php\/2020\/07\/24\/jak-ja-rozmyslam-nad-slowem-bozym\/#breadcrumb","itemListElement":[{"@type":"ListItem","position":1,"name":"Strona g\u0142\u00f3wna","item":"https:\/\/gaudiumetspes-blog.pl\/"},{"@type":"ListItem","position":2,"name":"Jak ja rozmy\u015blam nad&nbsp;S\u0142owem Bo\u017cym?"}]},{"@type":"WebSite","@id":"https:\/\/gaudiumetspes-blog.pl\/#website","url":"https:\/\/gaudiumetspes-blog.pl\/","name":"Gaudium Et Spes","description":"Blog Ks. Jacka Ja\u015bkowskiego","potentialAction":[{"@type":"SearchAction","target":{"@type":"EntryPoint","urlTemplate":"https:\/\/gaudiumetspes-blog.pl\/?s={search_term_string}"},"query-input":{"@type":"PropertyValueSpecification","valueRequired":true,"valueName":"search_term_string"}}],"inLanguage":"pl-PL"},{"@type":"Person","@id":"https:\/\/gaudiumetspes-blog.pl\/#\/schema\/person\/12bc173d67dadb67c1c90d9c6c34c643","name":"Ks. Marek","image":{"@type":"ImageObject","inLanguage":"pl-PL","@id":"https:\/\/gaudiumetspes-blog.pl\/#\/schema\/person\/image\/","url":"https:\/\/gaudiumetspes-blog.pl\/wp-content\/uploads\/2019\/08\/73914d81-03a2-41a3-a2c0-9e0651fc6189-150x150.jpg","contentUrl":"https:\/\/gaudiumetspes-blog.pl\/wp-content\/uploads\/2019\/08\/73914d81-03a2-41a3-a2c0-9e0651fc6189-150x150.jpg","caption":"Ks. Marek"},"description":"Nazywam si\u0119 Ks. Marek Ja\u015bkowski i jestem Proboszczem Parafii \u015aw. J\u00f3zefa Robotnika w Surgucie i Parafii \u015aw. Paw\u0142a Aposto\u0142a w Nojabrsku. Moja Parafia to p\u00f3\u0142nocna cz\u0119\u015b\u0107 zachodniej Syberii \u2013 mo\u017cna powiedzie\u0107, \u017ce terytorialnie to prawie po\u0142owa Diecezji nowosybirskiej, jej p\u00f3\u0142nocna cz\u0119\u015b\u0107. Nasz Biskup okre\u015bli\u0142 kiedy\u015b, \u017ce jest to terytorialnie najwi\u0119ksza Parafia na \u015bwiecie! Terytorium Parafii jest czterokrotnie wi\u0119ksze od terytorium Polski! Przez kilka lat by\u0142em jedynym rzymskokatolickim ksi\u0119dzem na tym terytorium, od wrze\u015bnia 2019 roku pos\u0142ug\u0119 podejmuje Wsp\u00f3\u0142pracownik, Ks. Pawe\u0142 Czelu\u015bci\u0144ski. W Parafii pos\u0142uguj\u0105 tak\u017ce dwie Siostry od Anio\u0142\u00f3w, S. Joann i S. Teresa. Terytorium naszej Parafii to Chanty-Mansyjski Autonomiczny Okr\u0119g i Jamalsko-Nieniecki Autonomiczny Okr\u0119g. Jest to terytorium, kt\u00f3re s\u0142ynie z wydobycia ropy i gazu. Wi\u0119kszo\u015b\u0107 ropy, wydobywanej w Rosji \u2013 wydobywa si\u0119 z terenu mojej Parafii. W zwi\u0105zku z tym, w ostatnich kilku dziesi\u0119cioleciach, przyby\u0142o mn\u00f3stwo ludzi w poszukiwaniu pracy. Na tym terenie jest kilkana\u015bcie, a mo\u017ce i kilkadziesi\u0105t \u2013 cz\u0119sto nowych miast, w kt\u00f3rych osiedlaj\u0105 si\u0119 owi przyje\u017cd\u017caj\u0105cy ludzie. Odwiedzamy miasta: Jugorsk i Sowiecki, oddalone 650 km od Surgutu; Uraj \u2013 730 km; Niaga\u0144 \u2013 600 km; Chanty-Mansyjsk \u2013 300 km. To kierunek po\u0142udniowo \u2013 zachodni. Natomiast na p\u00f3\u0142nocy odwiedzamy Nojabrsk \u2013 320 km i Koga\u0142ym \u2013 190 km, Gubkinskij \u2013 500 km; Tarko-Sale \u2013 600 km; Nowyj Urengoj \u2013 760 km. Je\u017adzimy te\u017c do Tiumenii, \u017ceby stamt\u0105d polecie\u0107 samolotem do Salechardu, na ko\u0142o podbiegunowe \u2013 ponad 1100 km w prostej linii \u2013 \u017ceby i tam odwiedzi\u0107 naszych Parafian, kt\u00f3rzy cz\u0119sto bior\u0105 urlop w pracy, aby spotka\u0107 si\u0119 z nami, uczestniczy\u0107 we Mszy \u015awi\u0119tej i w katechizacji. Do Salechardu nie ma drogi, mo\u017cna dotrze\u0107 tylko samolotem, albo (latem) statkiem. Wymienione miasta to tylko niekt\u00f3re z miejsc, kt\u00f3re odwiedzamy. W ca\u0142ej naszej Parafii mamy jeden ko\u015bci\u00f3\u0142 \u2013 w Surgucie \u2013 i jedn\u0105 kaplic\u0119, w Nojabrsku, w jednym z blok\u00f3w. W innych miejscach spotykamy si\u0119 w mieszkaniach Parafian. Ludzie jednak cz\u0119sto kr\u0119puj\u0105 si\u0119 przychodzi\u0107 do kogo\u015b, do domu. A Parafia najbardziej rozwija si\u0119 tam, gdzie jest \u015bwi\u0105tynia. Ostatnio kupili\u015bmy dom na kaplic\u0119 w Koga\u0142ymie. Konieczny jest tam jednak gruntowny remont, kt\u00f3ry aktualnie prowadzimy. Nast\u0119pnym miejscem oczekuj\u0105cym na swoj\u0105 \u015bwi\u0105tyni\u0119 - kaplic\u0119 jest Chanty-Mansyjsk. Dramatycznie potrzeba tu ksi\u0119\u017cy! \u017beby kr\u00f3lestwo Bo\u017ce mog\u0142o wzrasta\u0107 w sercach ludzi, musz\u0105 mie\u0107 oni cz\u0119stszy dost\u0119p do Sakrament\u00f3w. Na terenie naszej Parafii mieszka jakie\u015b 2,5 miliona ludzi, w samym Surgucie \u2013 350 tysi\u0119cy. A tylko dw\u00f3ch Ksi\u0119\u017cy i dwie Siostry. Prosimy Was zatem o dwojak\u0105 pomoc: Modlitwa \u2013 to najwa\u017cniejsze! Prosz\u0119 Was, pom\u00f3dlcie si\u0119 za nasz\u0105 Parafi\u0119 przynajmniej dziesi\u0105tkiem R\u00f3\u017ca\u0144ca, a potem pom\u00f3dlcie si\u0119 przez wstawiennictwo naszych \u015awi\u0119tych Patron\u00f3w: Matki Bo\u017cej Fatimskiej, \u015aw. J\u00f3zefa Robotnika, \u015aw. Paw\u0142a Aposto\u0142a, \u015aw. Jana Paw\u0142a II, Micha\u0142a Archanio\u0142a i Anio\u0142\u00f3w Str\u00f3\u017c\u00f3w. Ofiara \u2013 materialna pomoc tak\u017ce jest nam niezmiernie potrzebna ze wzgl\u0119du na budow\u0119 domu parafialnego w Surgucie, remont domu na kaplic\u0119 w Koga\u0142ymie, oraz organizowanie spotka\u0144 wsp\u00f3lnot i miejsc modlitwy w wielu innych miastach. Wszystkim Darczy\u0144com z serca dzi\u0119kujemy i obiecujemy modlitw\u0119! Niech Was b\u0142ogos\u0142awi B\u00f3g Wszechmog\u0105cy: Ojciec + i Syn, i Duch \u015awi\u0119ty. Amen o.marek@mail.ru www.catholicsurgut.ru Dane do przelewu: Marek Ja\u015bkowski ul. K\u0105pielowa 19\/2 21-500 Bia\u0142a Podlaska Nr konta: 50 1020 5558 1111 1548 2400 0027","url":"https:\/\/gaudiumetspes-blog.pl\/index.php\/author\/ks-marek\/"}]}},"jetpack_featured_media_url":"","jetpack_sharing_enabled":true,"_links":{"self":[{"href":"https:\/\/gaudiumetspes-blog.pl\/index.php\/wp-json\/wp\/v2\/posts\/17459","targetHints":{"allow":["GET"]}}],"collection":[{"href":"https:\/\/gaudiumetspes-blog.pl\/index.php\/wp-json\/wp\/v2\/posts"}],"about":[{"href":"https:\/\/gaudiumetspes-blog.pl\/index.php\/wp-json\/wp\/v2\/types\/post"}],"author":[{"embeddable":true,"href":"https:\/\/gaudiumetspes-blog.pl\/index.php\/wp-json\/wp\/v2\/users\/3"}],"replies":[{"embeddable":true,"href":"https:\/\/gaudiumetspes-blog.pl\/index.php\/wp-json\/wp\/v2\/comments?post=17459"}],"version-history":[{"count":6,"href":"https:\/\/gaudiumetspes-blog.pl\/index.php\/wp-json\/wp\/v2\/posts\/17459\/revisions"}],"predecessor-version":[{"id":17472,"href":"https:\/\/gaudiumetspes-blog.pl\/index.php\/wp-json\/wp\/v2\/posts\/17459\/revisions\/17472"}],"wp:attachment":[{"href":"https:\/\/gaudiumetspes-blog.pl\/index.php\/wp-json\/wp\/v2\/media?parent=17459"}],"wp:term":[{"taxonomy":"category","embeddable":true,"href":"https:\/\/gaudiumetspes-blog.pl\/index.php\/wp-json\/wp\/v2\/categories?post=17459"},{"taxonomy":"post_tag","embeddable":true,"href":"https:\/\/gaudiumetspes-blog.pl\/index.php\/wp-json\/wp\/v2\/tags?post=17459"}],"curies":[{"name":"wp","href":"https:\/\/api.w.org\/{rel}","templated":true}]}}