{"id":17475,"date":"2020-07-25T05:28:26","date_gmt":"2020-07-25T03:28:26","guid":{"rendered":"https:\/\/gaudiumetspes-blog.pl\/?p=17475"},"modified":"2020-07-24T23:10:44","modified_gmt":"2020-07-24T21:10:44","slug":"krolestwo-niebieskie-tak-bardzo-realne","status":"publish","type":"post","link":"https:\/\/gaudiumetspes-blog.pl\/index.php\/2020\/07\/25\/krolestwo-niebieskie-tak-bardzo-realne\/","title":{"rendered":"Kr\u00f3lestwo niebieskie &#8211; tak bardzo realne!"},"content":{"rendered":"<p align=\"justify\"><span style=\"color: #000000;\"><span style=\"font-family: Book antiqua, serif;\"><span style=\"font-size: large;\">Szcz\u0119\u015b\u0107 Bo\u017ce! Moi Drodzy, <b>w dniu wczorajszym imieniny prze\u017cywa\u0142y:<\/b><\/span><\/span><\/span><\/p>\n<p align=\"justify\"><span style=\"color: #000000;\">\u25ba<span style=\"font-family: Book antiqua, serif;\"><span style=\"font-size: large;\"><b>Kinga Kaltenberg, nale\u017c\u0105ca w swoim czasie do Wsp\u00f3lnoty m\u0142odzie\u017cowej w Tr\u0105bkach;<\/b><\/span><\/span><\/span><\/p>\n<p align=\"justify\"><span style=\"color: #000000;\">\u25ba<span style=\"font-family: Book antiqua, serif;\"><span style=\"font-size: large;\"><b>Kinga Gawry\u015b \u2013 moja by\u0142a Uczennica z Gimnazjum w Miastkowie i zaanga\u017cowana w dzia\u0142alno\u015b\u0107 m\u0142odzie\u017cow\u0105 w tej\u017ce Parafii.<\/b><\/span><\/span><\/span><\/p>\n<p align=\"justify\"><span style=\"color: #000000;\"><span style=\"font-family: Book antiqua, serif;\"><span style=\"font-size: large;\"><b>Dzisiaj natomiast imieniny obchodz\u0105:<\/b><\/span><\/span><\/span><\/p>\n<p align=\"justify\"><span style=\"color: #000000;\">\u25ba<span style=\"font-family: Book antiqua, serif;\"><span style=\"font-size: large;\"><b>Krzysztof Fabisiak, Moderator naszego bloga;<\/b><\/span><\/span><\/span><\/p>\n<p align=\"justify\"><span style=\"color: #000000;\">\u25ba<span style=\"font-family: Book antiqua, serif;\"><span style=\"font-size: large;\"><b>Ksi\u0105dz Krzysztof Garwoli\u0144ski, m\u00f3j Kolega kursowy;<\/b><\/span><\/span><\/span><\/p>\n<p align=\"justify\"><span style=\"color: #000000;\">\u25ba<span style=\"font-family: Book antiqua, serif;\"><span style=\"font-size: large;\"><b>Ksi\u0105dz Profesor Krzysztof Burczak, Prodziekan Wydzia\u0142u Prawa na KUL, a m\u00f3j Kaznodzieja prymicyjny;<\/b><\/span><\/span><\/span><\/p>\n<p align=\"justify\"><span style=\"color: #000000;\">\u25ba<span style=\"font-family: Book antiqua, serif;\"><span style=\"font-size: large;\"><b>Ksi\u0105dz Krzysztof Skwierczy\u0144ski \u2013 Ojciec Duchowny naszego Seminarium, odpowiedzialny za formacj\u0119 Kap\u0142an\u00f3w naszej Diecezji, a niegdy\u015b \u2013 tak\u017ce Duszpasterz akademicki w Siedlcach;<\/b><\/span><\/span><\/span><\/p>\n<p align=\"justify\"><span style=\"color: #000000;\">\u25ba<span style=\"font-family: Book antiqua, serif;\"><span style=\"font-size: large;\"><b>Kap\u0142ani spotkani w r\u00f3\u017cnym czasie i miejscu:<\/b><\/span><\/span><\/span><\/p>\n<p align=\"justify\"><span style=\"color: #000000;\"><span style=\"font-family: Book antiqua, serif;\"><span style=\"font-size: large;\"><b> * Ksi\u0105dz Krzysztof Banasiuk, <\/b><\/span><\/span><\/span><\/p>\n<p align=\"justify\"><span style=\"color: #000000;\"> <span style=\"font-family: Book antiqua, serif;\"><span style=\"font-size: large;\"><b> * Ksi\u0105dz Krzysztof Doma\u0144ski, <\/b><\/span><\/span><\/span><\/p>\n<p align=\"justify\"><span style=\"color: #000000;\"><span style=\"font-family: Book antiqua, serif;\"><span style=\"font-size: large;\"><b> * Ksi\u0105dz Krzysztof Pe\u0142ka,<\/b><\/span><\/span><\/span><\/p>\n<p align=\"justify\"><span style=\"color: #000000;\"><span style=\"font-family: Book antiqua, serif;\"><span style=\"font-size: large;\"><b> * Ksi\u0105dz Krzysztof Pi\u00f3rkowski;<\/b><\/span><\/span><\/span><\/p>\n<p align=\"justify\"><span style=\"color: #000000;\">\u25ba<span style=\"font-family: Book antiqua, serif;\"><span style=\"font-size: large;\"><b>Krzysztof Ja\u015bkowski, m\u00f3j Brat stryjeczny;<\/b><\/span><\/span><\/span><\/p>\n<p align=\"justify\"><span style=\"color: #000000;\">\u25ba<span style=\"font-family: Book antiqua, serif;\"><span style=\"font-size: large;\"><b>Znajomi z r\u00f3\u017cnych czas\u00f3w i miejsc:<\/b><\/span><\/span><\/span><\/p>\n<p align=\"justify\"><span style=\"color: #000000;\"><span style=\"font-family: Book antiqua, serif;\"><span style=\"font-size: large;\"><b> * Krzysztof Ba\u0144kowski, <\/b><\/span><\/span><\/span><\/p>\n<p align=\"justify\"><span style=\"color: #000000;\"><span style=\"font-family: Book antiqua, serif;\"><span style=\"font-size: large;\"><b> * Krzysztof Borowicz,<\/b><\/span><\/span><\/span><\/p>\n<p align=\"justify\"><span style=\"color: #000000;\"><span style=\"font-family: Book antiqua, serif;\"><span style=\"font-size: large;\"><b> * Krzysztof Ga\u0142\u0105zka,<\/b><\/span><\/span><\/span><\/p>\n<p align=\"justify\"><span style=\"color: #000000;\"><span style=\"font-family: Book antiqua, serif;\"><span style=\"font-size: large;\"><b> * Krzysztof Kula, <\/b><\/span><\/span><\/span><\/p>\n<p align=\"justify\"><span style=\"color: #000000;\"><span style=\"font-family: Book antiqua, serif;\"><span style=\"font-size: large;\"><b> * Krzysztof Jedynak;<\/b><\/span><\/span><\/span><\/p>\n<p align=\"justify\"><span style=\"color: #000000;\"><span style=\"font-family: Book antiqua, serif;\"><span style=\"font-size: large;\"><b>Lektorzy z Celestynowa \u2013 za czas\u00f3w mojego wikariatu:<\/b><\/span><\/span><\/span><\/p>\n<p align=\"justify\"><span style=\"color: #000000;\"><span style=\"font-family: Book antiqua, serif;\"><span style=\"font-size: large;\"><b> * Krzysztof Jaworski, <\/b><\/span><\/span><\/span><\/p>\n<p align=\"justify\"><span style=\"color: #000000;\"><span style=\"font-family: Book antiqua, serif;\"><span style=\"font-size: large;\"><b> * Krzysztof Kalbarczyk, <\/b><\/span><\/span><\/span><\/p>\n<p align=\"justify\"><span style=\"color: #000000;\"><span style=\"font-family: Book antiqua, serif;\"><span style=\"font-size: large;\"><b> * Krzysztof Ros\u0142aniec;<\/b><\/span><\/span><\/span><\/p>\n<p align=\"justify\"><span style=\"color: #000000;\">\u25ba<span style=\"font-family: Book antiqua, serif;\"><span style=\"font-size: large;\"><b>dawni Lektorzy z Parafii w Radory\u017cu Ko\u015bcielnym.<\/b><\/span><\/span><\/span><\/p>\n<p align=\"justify\"><span style=\"color: #000000;\"><span style=\"font-family: Book antiqua, serif;\"><span style=\"font-size: large;\"><b> * Krzysztof Sopy\u0142a, <\/b><\/span><\/span><\/span><\/p>\n<p align=\"justify\"><span style=\"color: #000000;\"><span style=\"font-family: Book antiqua, serif;\"><span style=\"font-size: large;\"><b> * Krzysztof Kryczka.<\/b><\/span><\/span><\/span><\/p>\n<p align=\"justify\"><span style=\"color: #000000;\">\u25ba<span style=\"font-family: Book antiqua, serif;\"><span style=\"font-size: large;\"><b><span style=\"font-family: Book Antiqua, serif;\">Jakub Pa\u0142ysa, za moich czas\u00f3w \u2013 Prezes S\u0142u\u017cby liturgicznej w Miastkowie, a obecnie: Lektor w tej\u017ce Parafii, a w og\u00f3le Cz\u0142owiek bliski mi i \u017cyczliwy, z kt\u00f3rym stale utrzymuj\u0119 kontakt <\/span><span style=\"font-family: Book Antiqua, serif;\">i kt\u00f3ry w\u0142\u0105cza si\u0119 w dzia\u0142alno\u015b\u0107 Duszpasterstwa akademickiego w Siedlcach,<\/span><\/b> <b><span style=\"font-family: Book Antiqua, serif;\">chocia\u017cby poprzez udzia\u0142 w audycjach w naszym diecezjalnym Radiu.<\/span><\/b><\/span><\/span><\/span><\/p>\n<p align=\"justify\"><span style=\"color: #000000;\"><span style=\"font-family: Book antiqua, serif;\"><span style=\"font-size: large;\"><b>Wszystkim \u015bwi\u0119tuj\u0105cym wczoraj i dzisiaj \u017cycz\u0119 , aby swoim \u017cyciem pokazywali ca\u0142emu \u015bwiatu, \u017ce Kr\u00f3lestwo niebieskie jest bardzo realne \u2013 i jest w zasi\u0119gu naszych pragnie\u0144 i d\u0105\u017ce\u0144! Zapewniam o modlitwie!<\/b><\/span><\/span><\/span><\/p>\n<p align=\"justify\"><span style=\"color: #000000;\"><span style=\"font-family: Book antiqua, serif;\"><span style=\"font-size: large;\">Wczoraj dotar\u0142a do nas wiadomo\u015b\u0107, \u017ce <b>w czwartek, 23 lipca, odszed\u0142 w wieczno\u015bci, <\/b><b>w wieku lat 93,<\/b><b> \u015b.p. Jan Gurda, Ojciec Biskupa Kazimierza, Pasterza naszej Diecezji. Niech Dobry B\u00f3g da Zmar\u0142emu Niebo, a Jego Rodzin\u0119 i Bliskich \u2013 w tym Ksi\u0119dza Biskupa Kazimierza \u2013 umocni w nadziei. Zapewniam o modlitwie tak\u017ce w tych intencjach!<\/b><\/span><\/span><\/span><\/p>\n<p align=\"justify\"><span style=\"color: #000000;\"><span style=\"font-family: Book antiqua, serif;\"><span style=\"font-size: large;\">Moi Drodzy, bardzo serdecznie dzi\u0119kujemy Ksi\u0119dzu Markowi za wczorajsze s\u0142\u00f3wko z Syberii. Jak si\u0119 z niego dowiedzieli\u015bmy, ca\u0142a Ekipa duszpasterska wyjecha\u0142a \u2013 Ksi\u0105dz Marek sam na posterunku. \u017byczymy wytrwa\u0142o\u015bci i wspieramy modlitw\u0105! Dzi\u0119kujemy za g\u0142\u0119bok\u0105 i inspiruj\u0105c\u0105 refleksj\u0119 o Bo\u017cym s\u0142owie. Rzeczywi\u015bcie, nie wystarczy przeczyta\u0107 cho\u0107by kilkunastu r\u00f3\u017cnych rozwa\u017ca\u0144 \u2013 trzeba jeszcze odnie\u015b\u0107 je osobi\u015bcie do siebie, do swego \u017cycia\u2026 Niby to oczywiste \u2013 a przecie\u017c takie odkrywcze!<\/span><\/span><\/span><\/p>\n<p align=\"justify\"><span style=\"color: #000000;\"><span style=\"font-family: Book antiqua, serif;\"><span style=\"font-size: large;\">A co do kawy, pitej w nowych apartamentach, to mamy nadziej\u0119, \u017ce smakowa\u0142a! Czekamy na pierwsz\u0105 noc, przespan\u0105 w nowym mieszkaniu. Niekt\u00f3rzy m\u00f3wi\u0105, \u017ce to, co przy\u015bni si\u0119 takiej nocy, na pewno si\u0119 spe\u0142ni. Ale to jeszcze nie teraz. Bo pod go\u0142ym niebem to si\u0119 mog\u0105 r\u00f3\u017cne rzeczy przy\u015bni\u0107. A nawet nie przy\u015bni\u0107, a ca\u0142kiem realnie\u2026 przylecie\u0107. Chocia\u017cby komary. Zatem, niech si\u0119 mury pn\u0105 do g\u00f3ry! I niech jak najszybciej wzbije si\u0119 do g\u00f3ry samolot, kt\u00f3rym Ksi\u0105dz Marek przyleci do Polski, a Ksi\u0105dz Pawe\u0142 przyleci z Polski do Surgutu.<\/span><\/span><\/span><\/p>\n<p align=\"justify\"><span style=\"color: #000000;\"><span style=\"font-family: Book antiqua, serif;\"><span style=\"font-size: large;\">Dzisiaj tak\u017ce modlitw\u0105 otaczamy Kierowc\u00f3w, b\u0142ogos\u0142awi\u0105c w czasie nabo\u017ce\u0144stw ich samych i ich pojazdy. W wi\u0119kszo\u015bci naszych Parafii takie nabo\u017ce\u0144stwa odb\u0119d\u0105 si\u0119 jutro, przy okazji niedzieli. Zach\u0119cam do udzia\u0142u w nich \u2013 ze swoimi pojazdami! Tylko uwaga: z czystymi! Bo do brudnych \u2013 tak niekt\u00f3rzy m\u00f3wi\u0105 \u2013 woda \u015bwi\u0119cona jako\u015b\u2026 s\u0142abiej dociera\u2026 Nie wiem, czy to prawda \u2013 tylko tak m\u00f3wi\u0105\u2026<\/span><\/span><\/span><\/p>\n<p align=\"justify\"><span style=\"color: #000000;\"><span style=\"font-family: Book antiqua, serif;\"><span style=\"font-size: large;\">Na dzisiejszy dzie\u0144 \u2013 i na ca\u0142e \u017cycie \u2013 <b>n<\/b><b>iech Was b\u0142ogos\u0142awi B\u00f3g Wszechmog\u0105cy: Ojciec + i Syn, i Duch \u015awi\u0119ty. Amen<\/b><\/span><\/span><\/span><\/p>\n<p align=\"center\"><span style=\"color: #000000;\"><span style=\"font-family: Book antiqua, serif;\"><span style=\"font-size: large;\">Gaudium et spes! Ks. Jacek<\/span><\/span><\/span><\/p>\n<p align=\"center\">\n<p align=\"center\">\n<p align=\"center\">\n<p align=\"center\">\n<p align=\"center\">\n<p align=\"justify\"><span style=\"color: #000000;\"><span style=\"font-family: Book antiqua, serif;\"><span style=\"font-size: large;\"><b>\u015awi\u0119to \u015aw. Jakuba, Aposto\u0142a,<\/b><\/span><\/span><\/span><\/p>\n<p align=\"justify\"><span style=\"color: #000000;\"><span style=\"font-family: Book antiqua, serif;\"><span style=\"font-size: large;\"><b>25 lipca 2020.,<\/b><\/span><\/span><\/span><\/p>\n<p align=\"justify\"><span style=\"color: #000000;\"><span style=\"font-family: Book antiqua, serif;\"><span style=\"font-size: large;\"><b>do czyta\u0144 z t. VI Lekcjonarza: 2 Kor 4,7\u201315; Mt 20,20\u201328<\/b><\/span><\/span><\/span><\/p>\n<p align=\"justify\">\n<p align=\"justify\">\n<p align=\"justify\">\n<p align=\"justify\">\n<p align=\"justify\">\n<p align=\"justify\"><span style=\"color: #000000;\"><span style=\"font-family: Book antiqua, serif;\"><span style=\"font-size: large;\"><b>CZYTANIE Z DRUGIEGO LISTU \u015aWI\u0118TEGO PAW\u0141A APOSTO\u0141A DO KORYNTIAN:<\/b><\/span><\/span><\/span><\/p>\n<p align=\"justify\"><span style=\"color: #000000;\"><span style=\"font-family: Book antiqua, serif;\"><span style=\"font-size: large;\"><b>Bracia: Przechowujemy skarb w naczyniach glinianych, aby z Boga by\u0142a owa przeogromna moc, a nie z nas. Zewsz\u0105d znosimy cierpienia, lecz nie poddajemy si\u0119 zw\u0105tpieniu; \u017cyjemy w niedostatku, lecz nie rozpaczamy; znosimy prze\u015bladowania, lecz nie czujemy si\u0119 osamotnieni, obalaj\u0105 nas na ziemi\u0119, lecz nie giniemy. Nosimy nieustannie w ciele naszym konanie Jezusa, aby \u017cycie Jezusa objawia\u0142o si\u0119 w naszym ciele. Ci\u0105gle bowiem jeste\u015bmy wydawani na \u015bmier\u0107 z powodu Jezusa, aby \u017cycie Jezusa objawi\u0142o si\u0119 w naszym \u015bmiertelnym ciele. Tak wi\u0119c dzia\u0142a w nas \u015bmier\u0107, podczas gdy w was \u2013 \u017cycie.<\/b><\/span><\/span><\/span><\/p>\n<p align=\"justify\"><span style=\"color: #000000;\"><span style=\"font-family: Book antiqua, serif;\"><span style=\"font-size: large;\"><b>Ciesz\u0119 si\u0119 przeto owym duchem wiary, wed\u0142ug kt\u00f3rego napisano: \u201eUwierzy\u0142em, dlatego przem\u00f3wi\u0142em\u201d; my tak\u017ce wierzymy i dlatego m\u00f3wimy, przekonani, \u017ce Ten, kt\u00f3ry wskrzesi\u0142 Jezusa, z Jezusem przywr\u00f3ci \u017cycie tak\u017ce nam i stawi nas przed sob\u0105 razem z wami. Wszystko to bowiem dla was, a\u017ceby w pe\u0142ni obfituj\u0105ca \u0142aska zwi\u0119kszy\u0142a chwa\u0142\u0119 Bo\u017c\u0105 przez dzi\u0119kczynienie wielu.<\/b><\/span><\/span><\/span><\/p>\n<p align=\"justify\">\n<p align=\"justify\">\n<p align=\"justify\">\n<p align=\"justify\">\n<p align=\"justify\">\n<p align=\"justify\"><span style=\"color: #000000;\"><span style=\"font-family: Book antiqua, serif;\"><span style=\"font-size: large;\"><b>S\u0141OWA EWANGELII WED\u0141UG \u015aWI\u0118TEGO MATEUSZA:<\/b><\/span><\/span><\/span><\/p>\n<p align=\"justify\"><span style=\"color: #000000;\"><span style=\"font-family: Book antiqua, serif;\"><span style=\"font-size: large;\"><b>Matka syn\u00f3w Zebedeusza podesz\u0142a do Jezusa ze swoimi synami i oddaj\u0105c Mu pok\u0142on, o co\u015b Go prosi\u0142a.<\/b><\/span><\/span><\/span><\/p>\n<p align=\"justify\"><span style=\"color: #000000;\"><span style=\"font-family: Book antiqua, serif;\"><span style=\"font-size: large;\"><b>On j\u0105 zapyta\u0142: \u201eCzego pragniesz?\u201d.<\/b><\/span><\/span><\/span><\/p>\n<p align=\"justify\"><span style=\"color: #000000;\"><span style=\"font-family: Book antiqua, serif;\"><span style=\"font-size: large;\"><b>Rzek\u0142a Mu: \u201ePowiedz, \u017ceby ci dwaj moi synowie zasiedli w Twoim kr\u00f3lestwie, jeden po prawej, a drugi po lewej Twej stronie\u201d.<\/b><\/span><\/span><\/span><\/p>\n<p align=\"justify\"><span style=\"color: #000000;\"><span style=\"font-family: Book antiqua, serif;\"><span style=\"font-size: large;\"><b>Odpowiadaj\u0105c, Jezus rzek\u0142: \u201eNie wiecie, o co prosicie. Czy mo\u017cecie pi\u0107 kielich, kt\u00f3ry Ja mam pi\u0107?\u201d.<\/b><\/span><\/span><\/span><\/p>\n<p align=\"justify\"><span style=\"color: #000000;\"><span style=\"font-family: Book antiqua, serif;\"><span style=\"font-size: large;\"><b>Odpowiedzieli Mu: \u201eMo\u017cemy\u201d.<\/b><\/span><\/span><\/span><\/p>\n<p align=\"justify\"><span style=\"color: #000000;\"><span style=\"font-family: Book antiqua, serif;\"><span style=\"font-size: large;\"><b>On rzek\u0142 do nich: \u201eKielich m\u00f3j pi\u0107 b\u0119dziecie. Nie do Mnie jednak nale\u017cy da\u0107 miejsce po mojej stronie prawej i lewej, ale dostanie si\u0119 ono tym, dla kt\u00f3rych m\u00f3j Ojciec je przygotowa\u0142\u201d.<\/b><\/span><\/span><\/span><\/p>\n<p align=\"justify\"><span style=\"color: #000000;\"><span style=\"font-family: Book antiqua, serif;\"><span style=\"font-size: large;\"><b>Gdy dziesi\u0119ciu pozosta\u0142ych to us\u0142ysza\u0142o, oburzyli si\u0119 na tych dw\u00f3ch braci.<\/b><\/span><\/span><\/span><\/p>\n<p align=\"justify\"><span style=\"color: #000000;\"><span style=\"font-family: Book antiqua, serif;\"><span style=\"font-size: large;\"><b>A Jezus przywo\u0142a\u0142 ich do siebie i rzek\u0142: \u201eWiecie, \u017ce w\u0142adcy narod\u00f3w uciskaj\u0105 je, a wielcy daj\u0105 im odczu\u0107 sw\u0105 w\u0142adz\u0119. Nie tak b\u0119dzie u was. Lecz kto by mi\u0119dzy wami chcia\u0142 si\u0119 sta\u0107 wielkim, niech b\u0119dzie waszym s\u0142ug\u0105. A kto by chcia\u0142 by\u0107 pierwszym mi\u0119dzy wami, niech b\u0119dzie niewolnikiem waszym. Na wz\u00f3r Syna Cz\u0142owieczego, kt\u00f3ry nie przyszed\u0142, aby Mu s\u0142u\u017cono, lecz aby s\u0142u\u017cy\u0107 i da\u0107 swoje \u017cycie na okup za wielu\u201d.<\/b><\/span><\/span><\/span><\/p>\n<p align=\"justify\">\n<p align=\"justify\">\n<p align=\"justify\">\n<p align=\"justify\">\n<p align=\"justify\">\n<p align=\"justify\"><span style=\"color: #000000;\"><span style=\"font-family: Book antiqua, serif;\"><span style=\"font-size: large;\">Przygl\u0105daj\u0105c si\u0119 postaci dzisiejszego naszego Patrona, wspomnie\u0107 musimy, i\u017c w\u015br\u00f3d Aposto\u0142\u00f3w Jezusa by\u0142o <b>dw\u00f3ch Jakub\u00f3w. <\/b>Dla odr\u00f3\u017cnienia nazywani s\u0105 odpowiednio: <b>Wi\u0119kszy i Mniejszy, albo te\u017c: Starszy i M\u0142odszy. <\/b>Przy tym prawdopodobnie nie chodzi\u0142o o ich wiek, ale <b>o kolejno\u015b\u0107 wst\u0119powania do <\/b><b>G<\/b><b>rona apostolskiego. <\/b>Imi\u0119 Jakub pochodzi z hebrajskiego \u201eskeb\u201d, co znaczy \u201epi\u0119ta\u201d. Wed\u0142ug starotestamentalnej Ksi\u0119gi Rodzaju, kiedy Jakub, wnuk Abrahama, rodzi\u0142 si\u0119 wraz ze swym bratem bli\u017aniakiem Ezawem, mia\u0142 go trzyma\u0107 za pi\u0119t\u0119.<\/span><\/span><\/span><\/p>\n<p align=\"justify\"><span style=\"color: #000000;\"><span style=\"font-family: Book antiqua, serif;\"><span style=\"font-size: large;\">\u015awi\u0119ty Jakub Wi\u0119kszy, kt\u00f3rego dzi\u015b wspominamy, zosta\u0142 \u2013 <b>razem ze swym bratem Janem \u2013 powo\u0142any przez Jezusa jako jeden z Jego pierwszych uczni\u00f3w: <\/b>\u015awi\u0119ci Mateusz i \u0141ukasz wymieniaj\u0105 go na trzecim miejscu w kolejno\u015bci, a \u015awi\u0119ty Marek na drugim. <\/span><\/span><\/span><\/p>\n<p align=\"justify\"><span style=\"color: #000000;\"><span style=\"font-family: Book antiqua, serif;\"><span style=\"font-size: large;\"><b>Jakub i jego brat Jan byli synami Zebedeusza. <\/b>Byli rybakami i mieszkali nad Jeziorem Tyberiadzkim. Ewangelie nie wymieniaj\u0105 bli\u017cej miejscowo\u015bci. <b>By\u0107 mo\u017ce, pochodzili z Betsaidy<\/b>, podobnie jak \u015awi\u0119ci Piotr, Andrzej i Filip, gdy\u017c spotykamy ich razem przy po\u0142owach. <b>Matk\u0105 Jana i Jakuba by\u0142a Salome, <\/b>jedna z najwierniejszych towarzyszek w\u0119dr\u00f3wek Chrystusa Pana.<\/span><\/span><\/span><\/p>\n<p align=\"justify\"><span style=\"color: #000000;\"><span style=\"font-family: Book antiqua, serif;\"><span style=\"font-size: large;\">Jakub zosta\u0142 zapewne powo\u0142any do grona uczni\u00f3w Chrystusa ju\u017c nad rzek\u0105 Jordan. Tam bowiem spotykamy jego brata Jana. <b>Po raz drugi jednak Pan Jezus wezwa\u0142 go w czasie po\u0142owu ryb. <\/b>Wspomina o tym Ewangelista \u0141ukasz, dodaj\u0105c nowy szczeg\u00f3\u0142 \u2013 \u017ce by\u0142o to po <b>pierwszym cudownym <\/b><b>po\u0142owie.<\/b><\/span><\/span><\/span><\/p>\n<p align=\"justify\"><span style=\"color: #000000;\"><span style=\"font-family: Book antiqua, serif;\"><span style=\"font-size: large;\">Jakub nale\u017ca\u0142 do <b>uprzywilejowanych uczni\u00f3w Pana Jezusa, <\/b>kt\u00f3rzy byli \u015bwiadkami wskrzeszenia c\u00f3rki Jaira, przemienienia na g\u00f3rze Tabor oraz modlitwy w Ogr\u00f3jcu. \u017bywe usposobienie Jakuba i Jana sprawi\u0142o, \u017ce <b>Jezus nazwa\u0142 ich \u201esynami gromu\u201d. <\/b>Chcieli bowiem, aby piorun spad\u0142 na pewne miasto w Samarii, kt\u00f3re nie przyj\u0119\u0142o Pana Jezusa i Jego uczni\u00f3w. To tak\u017ce w\u0142a\u015bnie Jakub dopytywa\u0142 Jezusa na osobno\u015bci, kiedy b\u0119dzie koniec \u015bwiata. Wreszcie by\u0142 on \u015bwiadkiem drugiego, tak\u017ce <b>cudownego po\u0142owu ryb, kiedy Chrystus ustanowi\u0142 Piotra g\u0142ow\u0105 i pasterzem swojej Owczarni.<\/b><\/span><\/span><\/span><\/p>\n<p align=\"justify\"><span style=\"color: #000000;\"><span style=\"font-family: Book antiqua, serif;\"><span style=\"font-size: large;\">Ewangelie wspominaj\u0105 o Jakubie Starszym <b>w osiemnastu miejscach, co \u0142\u0105cznie obejmuje trzydzie\u015bci jeden wierszy. <\/b>W por\u00f3wnaniu z innymi Aposto\u0142ami \u2013 jest to bardzo du\u017co. Dzieje Apostolskie wspominaj\u0105 o Jakubie dwa razy: kiedy wymieniaj\u0105 go w gronie Aposto\u0142\u00f3w oraz informuj\u0105c o jego m\u0119cze\u0144skiej \u015bmierci. <\/span><\/span><\/span><\/p>\n<p align=\"justify\"><span style=\"color: #000000;\"><span style=\"font-family: Book antiqua, serif;\"><span style=\"font-size: large;\">Zosta\u0142 bowiem nasz Patron<b> \u015bci\u0119ty z rozkazu Heroda, w roku 44. <\/b>Jakuba stracono <b>w wi\u0119zieniu, bez procesu <\/b>\u2013 zapewne dlatego, aby nie przypomina\u0107 ludowi procesu Chrystusa Pana i nie narazi\u0107 si\u0119 na jakie\u015b nieprzewidziane reakcje. Jakub by\u0142 pierwszym spo\u015br\u00f3d Grona apostolskiego <b>M\u0119czennikiem Ko\u015bcio\u0142a<\/b>, a tak w og\u00f3le <b>drugim \u2013 po <\/b><b>\u015a<\/b><b>wi\u0119tym Szczepanie. <\/b><\/span><\/span><\/span><\/p>\n<p align=\"justify\"><span style=\"color: #000000;\"><span style=\"font-family: Book antiqua, serif;\"><span style=\"font-size: large;\"><span style=\"font-family: Book Antiqua, serif;\">W <\/span><span style=\"font-family: Book Antiqua, serif;\">\u015a<\/span><span style=\"font-family: Book Antiqua, serif;\">redniowieczu powsta\u0142a legenda, \u017ce \u015awi\u0119ty Jakub, zanim zosta\u0142 <\/span><span style=\"font-family: Book Antiqua, serif;\">B<\/span><span style=\"font-family: Book Antiqua, serif;\">iskupem Jerozolimy, uda\u0142 si\u0119 najpierw \u2013 <\/span><span style=\"font-family: Book Antiqua, serif;\"><b>zaraz po Zes\u0142aniu Ducha \u015awi\u0119tego \u2013 do Hiszpanii.<\/b><\/span><span style=\"font-family: Book Antiqua, serif;\"> Tradycja ta powsta\u0142a w zwi\u0105zku z tym, \u017ce jego relikwie w wieku VII sprowadzono <\/span><span style=\"font-family: Book Antiqua, serif;\"><b>z Jerozolimy do Santiago de Compostela,<\/b><\/span><span style=\"font-family: Book Antiqua, serif;\"> gdzie zreszt\u0105 znajduj\u0105 si\u0119 po dzie\u0144 dzisiejszy, <\/span><span style=\"font-family: Book Antiqua, serif;\">stanowi\u0105c cel rozlicznych pielgrzymek.<\/span><\/span><\/span><\/span><\/p>\n<p align=\"justify\"><span style=\"color: #000000;\"><span style=\"font-family: Book antiqua, serif;\"><span style=\"font-size: large;\"><span style=\"font-family: Book Antiqua, serif;\">S\u0142owo Bo\u017ce, przeznaczone dok\u0142adnie na dzisiejsze \u015awi\u0119to w liturgii Ko\u015bcio\u0142a, <\/span><span style=\"font-family: Book Antiqua, serif;\"><b>wprost m\u00f3wi o dzisiejszym Patronie.<\/b><\/span><span style=\"font-family: Book Antiqua, serif;\"> Aczkolwiek spo\u015br\u00f3d wspomnianych wcze\u015bniej wielu miejsc na kartach Pisma \u015awi\u0119tego, gdzie jest o nim mowa, <\/span><span style=\"font-family: Book Antiqua, serif;\">do odczytania w liturgii <\/span><span style=\"font-family: Book Antiqua, serif;\">wybrano w\u0142a\u015bnie ten fragment Ewangelii Mateuszowej, w kt\u00f3rym tak naprawd\u0119 sam Jakub nic konkretnego <\/span><span style=\"font-family: Book Antiqua, serif;\"><b>nie m\u00f3wi ani nie czyni, <\/b><\/span><span style=\"font-family: Book Antiqua, serif;\">a g\u0142\u00f3wn\u0105 rol\u0119 odgrywa jego matka. <\/span><\/span><\/span><\/span><\/p>\n<p align=\"justify\"><span style=\"color: #000000;\"><span style=\"font-family: Book antiqua, serif;\"><span style=\"font-size: large;\"><span style=\"font-family: Book Antiqua, serif;\">To ona zwraca si\u0119 do Jezusa w sprawie swoich syn\u00f3w, chc\u0105c im \u2013 m\u00f3wi\u0105c kolokwialnie \u2013 <\/span><span style=\"font-family: Book Antiqua, serif;\"><b>\u201eza\u0142atwi\u0107\u201d lepsze miejsce <\/b><\/span><span style=\"font-family: Book Antiqua, serif;\">w <\/span><span style=\"font-family: Book Antiqua, serif;\">K<\/span><span style=\"font-family: Book Antiqua, serif;\">r\u00f3lestwie niebieskim. I Jezus <\/span><span style=\"font-family: Book Antiqua, serif;\"><b>odpowiada z \u017cyczliwo\u015bci\u0105<\/b><\/span><span style=\"font-family: Book Antiqua, serif;\"> na t\u0119 jej zapobiegliwo\u015b\u0107 i trosk\u0119, aczkolwiek \u2013 co oczywiste \u2013 nie obiecuje tego, o co zosta\u0142 poproszony, gdy\u017c by\u0142a to pro\u015bba <\/span><span style=\"font-family: Book Antiqua, serif;\"><b>na wskro\u015b ziemska! <\/b><\/span><span style=\"font-family: Book Antiqua, serif;\">I taki bardzo ziemski, bardzo doczesny spos\u00f3b pojmowania rzeczywisto\u015bci, kt\u00f3ra <\/span><span style=\"font-family: Book Antiqua, serif;\">przecie\u017c \u2013 ze swej natury \u2013<\/span><b> <\/b><span style=\"font-family: Book Antiqua, serif;\"><b>zupe\u0142nie wymyka si\u0119 <\/b><\/span><span style=\"font-family: Book Antiqua, serif;\">czysto ludzkiemu spojrzeniu. <\/span><span style=\"font-family: Book Antiqua, serif;\">Jest to bowiem spojrzenie zbyt uproszczone, nazbyt wyidealizowane \u2013 w tym sensie, \u017ce <\/span><span style=\"font-family: Book Antiqua, serif;\"><b>odrealnione<\/b><\/span><span style=\"font-family: Book Antiqua, serif;\"> \u2013 wr\u0119cz ba\u015bniowe. <\/span><\/span><\/span><\/span><\/p>\n<p align=\"justify\"><span style=\"color: #000000;\"><span style=\"font-family: Book antiqua, serif;\"><span style=\"font-size: large;\"><span style=\"font-family: Book Antiqua, serif;\">Matka Jakuba i Jana wyobra\u017ca\u0142a sobie, \u017ce jej synowie <\/span><span style=\"font-family: Book Antiqua, serif;\"><b>tak po prostu zasi\u0105d\u0105<\/b><\/span><span style=\"font-family: Book Antiqua, serif;\"> w <\/span><span style=\"font-family: Book Antiqua, serif;\">k<\/span><span style=\"font-family: Book Antiqua, serif;\">r\u00f3lestwie Jezusa po Jego obu stronach \u2013 i b\u0119dzie im mi\u0142o i przyjemnie. O nic ju\u017c nie b\u0119d\u0105 si\u0119 musieli martwi\u0107, <\/span><span style=\"font-family: Book Antiqua, serif;\"><b>skoro matka za\u0142atwi im<\/b><\/span><span style=\"font-family: Book Antiqua, serif;\"> takie dobre \u201e<\/span><span style=\"font-family: Book Antiqua, serif;\">stanowiska\u201d<\/span><span style=\"font-family: Book Antiqua, serif;\">. Tymczasem, Jezus \u201esprowadza j\u0105 na ziemi\u0119\u201d \u2013 cho\u0107 sprawa ca\u0142y czas dotyczy <\/span><span style=\"font-family: Book Antiqua, serif;\"><b>Kr\u00f3lestwa niebieskiego.<\/b><\/span><span style=\"font-family: Book Antiqua, serif;\"> Jednak Jezus \u201esprowadza j\u0105 na ziemi\u0119\u201d \u2013 w tym sensie, \u017ce nie pozwala na pojmowanie rzeczywisto\u015bci niebieskiej w spos\u00f3b ba\u015bniowy, nieprawdziwy. <\/span><\/span><\/span><\/span><\/p>\n<p align=\"justify\"><span style=\"color: #000000;\"><span style=\"font-family: Book antiqua, serif;\"><span style=\"font-size: large;\"><span style=\"font-family: Book Antiqua, serif;\">To, \u017ce jest to rzeczywisto\u015b\u0107 nieziemska, \u017ce jest to rzeczywisto\u015b\u0107 niebieska \u2013 nie znaczy, \u017ce jest to <\/span><span style=\"font-family: Book Antiqua, serif;\"><b>jaka\u015b pi\u0119kna ba\u015b\u0144, <\/b><\/span><span style=\"font-family: Book Antiqua, serif;\">oderwana od reali\u00f3w ziemskiego \u017cycia. Kto\u015b kiedy\u015b powiedzia\u0142, \u017ce rzeczywisto\u015b\u0107 niebieska \u2013 a wi\u0119c ta <\/span><span style=\"font-family: Book Antiqua, serif;\">dla <\/span><span style=\"font-family: Book Antiqua, serif;\">ludzki<\/span><span style=\"font-family: Book Antiqua, serif;\">ch<\/span><span style=\"font-family: Book Antiqua, serif;\"> ocz<\/span><span style=\"font-family: Book Antiqua, serif;\">u<\/span><span style=\"font-family: Book Antiqua, serif;\"> niewidzialna \u2013 <\/span><span style=\"font-family: Book Antiqua, serif;\"><b>jest o wiele bardziej realna <\/b><\/span><span style=\"font-family: Book Antiqua, serif;\">od tego wszystkiego, co fizycznie widzimy i r\u0119kami w\u0142asnymi dotykamy. <\/span><\/span><\/span><\/span><\/p>\n<p align=\"justify\"><span style=\"color: #000000;\"><span style=\"font-family: Book antiqua, serif;\"><span style=\"font-size: large;\"><span style=\"font-family: Book Antiqua, serif;\">I oto dzisiejszy nasz Patron <\/span><span style=\"font-family: Book Antiqua, serif;\">potwierdzi\u0142 to<\/span><span style=\"font-family: Book Antiqua, serif;\"> swoim \u017cyciem i m\u0119cze\u0144stwem. Przysz\u0142o mu faktycznie <\/span><span style=\"font-family: Book Antiqua, serif;\"><b>pi\u0107 z kielicha Jezusa<\/b><\/span><span style=\"font-family: Book Antiqua, serif;\"> \u2013 czyli mie\u0107 udzia\u0142 w cierpieniu dla Niego, a nawet odda\u0107 \u017cycie. <\/span><span style=\"font-family: Book Antiqua, serif;\">Natomiast<\/span><span style=\"font-family: Book Antiqua, serif;\"> przez ca\u0142y czas przebywania z Jezusem uczy\u0142 si\u0119 tego, do czego Mistrz wezwa\u0142 ich w\u0142a\u015bnie dzisiaj, m\u00f3wi<\/span><span style=\"font-family: Book Antiqua, serif;\">\u0105c<\/span><span style=\"font-family: Book Antiqua, serif;\">: <\/span><i><b>Wiecie, \u017ce w\u0142adcy narod\u00f3w uciskaj\u0105 je, a wielcy daj\u0105 im odczu\u0107 sw\u0105 w\u0142adz\u0119. Nie tak b\u0119dzie u was. Lecz kto by mi\u0119dzy wami chcia\u0142 si\u0119 sta\u0107 wielkim, niech b\u0119dzie waszym s\u0142ug\u0105. A kto by chcia\u0142 by\u0107 pierwszym mi\u0119dzy wami, niech b\u0119dzie niewolnikiem waszym. Na wz\u00f3r Syna Cz\u0142owieczego, kt\u00f3ry nie przyszed\u0142, aby Mu s\u0142u\u017cono, lecz aby s\u0142u\u017cy\u0107 i da\u0107 swoje \u017cycie na okup za wielu. <\/b><\/i><\/span><\/span><\/span><\/p>\n<p align=\"justify\"><span style=\"color: #000000;\"><span style=\"font-family: Book antiqua, serif;\"><span style=\"font-size: large;\">To jest w\u0142a\u015bnie droga do zaj\u0119cia miejsca w Kr\u00f3lestwie niebieskim: <b>s\u0142u\u017cba, po\u015bwi\u0119cenie, <\/b>oddanie Bogu i drugiemu cz\u0142owiekowi, ofiarowane cierpienie\u2026<\/span><\/span><\/span><\/p>\n<p align=\"justify\"><span style=\"color: #000000;\"><span style=\"font-family: Book antiqua, serif;\"><span style=\"font-size: large;\">\u015awi\u0119ty Pawe\u0142 tak o tym m\u00f3wi w dzisiejszym pierwszym czytaniu: <i><b>Przechowujemy skarb w naczyniach glinianych, aby z Boga by\u0142a owa przeogromna moc, a nie z nas. Zewsz\u0105d znosimy cierpienia, lecz nie poddajemy si\u0119 zw\u0105tpieniu; \u017cyjemy w niedostatku, lecz nie rozpaczamy; znosimy prze\u015bladowania, lecz nie czujemy si\u0119 osamotnieni, obalaj\u0105 nas na ziemi\u0119, lecz nie giniemy. Nosimy nieustannie w ciele naszym konanie Jezusa, aby \u017cycie Jezusa objawia\u0142o si\u0119 w naszym ciele.<\/b><\/i><b> <\/b>Bo to Jezus sam wspiera wysi\u0142ki i po\u015bwi\u0119cenie tych, kt\u00f3rzy w Jego imi\u0119 znosz\u0105 przer\u00f3\u017cne przeciwno\u015bci, pij\u0105 z Jego kielicha, aby w ko\u0144cu m\u00f3c zasi\u0105\u015b\u0107 tu\u017c obok Niego. <\/span><\/span><\/span><\/p>\n<p align=\"justify\"><span style=\"color: #000000;\"><span style=\"font-family: Book antiqua, serif;\"><span style=\"font-size: large;\">\u015awi\u0119ty Jakub, w jakim\u015b sensie, <b>ju\u017c za \u017cycia by\u0142 bardzo blisko Jezusa,<\/b> podobnie zreszt\u0105, jak i jego brat, Jan. Wszak nale\u017celi do uprzywilejowanych uczni\u00f3w Pana. Mo\u017cna wi\u0119c zapyta\u0107 ich matk\u0119, kiedy to zwr\u00f3ci\u0142a si\u0119 do Jezusa ze swoj\u0105 pro\u015bb\u0105: <b>\u201eCzego jeszcze oczekujesz?<\/b> Przecie\u017c oni ju\u017c faktycznie s\u0105 przy Jezusie, najbli\u017cej Niego\u201d. <\/span><\/span><\/span><\/p>\n<p align=\"justify\"><span style=\"color: #000000;\"><span style=\"font-family: Book antiqua, serif;\"><span style=\"font-size: large;\">A jednak, sam Jezus stwierdzi\u0142 dzi\u015b wyra\u017anie, \u017ce to jeszcze nie wystarczy. Bo do wieczno\u015bci idzie si\u0119 drog\u0105 <b>codzienno\u015bci \u2013 m\u0105drze i pi\u0119knie prze\u017cywanej.<\/b> I \u015awi\u0119ty Jakub potwierdzi\u0142 to swoim \u017cyciem, swoj\u0105 codzienn\u0105 blisko\u015bci\u0105 Jezusa, a w ko\u0144cu \u2013 swoim m\u0119cze\u0144stwem! \u015awiadectwo jego \u015bwi\u0119to\u015bci potwierdza, jak bardzo Kr\u00f3lestwo niebieskie jest realne \u2013 ju\u017c tu, na ziemi. I jak bardzo <b>Niebo \u2013 tak naprawd\u0119 \u2013 bliskie jest ziemi\u2026 <\/b><\/span><\/span><\/span><\/p>\n<p align=\"justify\"><span style=\"color: #000000;\"><span style=\"font-family: Book antiqua, serif;\"><span style=\"font-size: large;\">Niech przyk\u0142ad i wstawiennictwo \u015awi\u0119tego Jakuba Aposto\u0142a pomog\u0105 i nam tak \u017cy\u0107 i post\u0119powa\u0107, aby inni \u2013 patrz\u0105c na nas \u2013 byli przekonani, \u017ce Kr\u00f3lestwo Bo\u017ce <b>naprawd\u0119 istnieje. Tu i teraz.<\/b> <\/span><\/span><\/span><\/p>\n<p align=\"justify\"><span style=\"color: #000000;\"><span style=\"font-family: Book antiqua, serif;\"><span style=\"font-size: large;\">Czym najbardziej przekonuj\u0119 innych do prawdziwo\u015bci Bo\u017cego kr\u00f3lestwa?\u2026<\/span><\/span><\/span><\/p>\n","protected":false},"excerpt":{"rendered":"<p>Szcz\u0119\u015b\u0107 Bo\u017ce! Moi Drodzy, w dniu wczorajszym imieniny prze\u017cywa\u0142y: \u25baKinga Kaltenberg, nale\u017c\u0105ca w swoim czasie do Wsp\u00f3lnoty m\u0142odzie\u017cowej w Tr\u0105bkach; \u25baKinga Gawry\u015b \u2013 moja by\u0142a Uczennica z Gimnazjum w Miastkowie i zaanga\u017cowana w dzia\u0142alno\u015b\u0107 m\u0142odzie\u017cow\u0105 w tej\u017ce Parafii. Dzisiaj natomiast imieniny obchodz\u0105: \u25baKrzysztof Fabisiak, Moderator naszego bloga; \u25baKsi\u0105dz Krzysztof Garwoli\u0144ski, m\u00f3j Kolega kursowy; \u25baKsi\u0105dz Profesor [&hellip;]<\/p>\n","protected":false},"author":1,"featured_media":0,"comment_status":"open","ping_status":"open","sticky":false,"template":"","format":"standard","meta":{"jetpack_post_was_ever_published":false,"_jetpack_newsletter_access":"","_jetpack_dont_email_post_to_subs":false,"_jetpack_newsletter_tier_id":0,"_jetpack_memberships_contains_paywalled_content":false,"_jetpack_memberships_contains_paid_content":false,"footnotes":""},"categories":[1],"tags":[],"class_list":["post-17475","post","type-post","status-publish","format-standard","hentry","category-bez-kategorii"],"yoast_head":"<!-- This site is optimized with the Yoast SEO plugin v25.1 - https:\/\/yoast.com\/wordpress\/plugins\/seo\/ -->\n<title>Kr\u00f3lestwo niebieskie - tak bardzo realne! - Gaudium Et Spes<\/title>\n<meta name=\"robots\" content=\"index, follow, max-snippet:-1, max-image-preview:large, max-video-preview:-1\" \/>\n<link rel=\"canonical\" href=\"https:\/\/gaudiumetspes-blog.pl\/index.php\/2020\/07\/25\/krolestwo-niebieskie-tak-bardzo-realne\/\" \/>\n<meta property=\"og:locale\" content=\"pl_PL\" \/>\n<meta property=\"og:type\" content=\"article\" \/>\n<meta property=\"og:title\" content=\"Kr\u00f3lestwo niebieskie - tak bardzo realne! - Gaudium Et Spes\" \/>\n<meta property=\"og:description\" content=\"Szcz\u0119\u015b\u0107 Bo\u017ce! Moi Drodzy, w dniu wczorajszym imieniny prze\u017cywa\u0142y: \u25baKinga Kaltenberg, nale\u017c\u0105ca w swoim czasie do Wsp\u00f3lnoty m\u0142odzie\u017cowej w Tr\u0105bkach; \u25baKinga Gawry\u015b \u2013 moja by\u0142a Uczennica z Gimnazjum w Miastkowie i zaanga\u017cowana w dzia\u0142alno\u015b\u0107 m\u0142odzie\u017cow\u0105 w tej\u017ce Parafii. Dzisiaj natomiast imieniny obchodz\u0105: \u25baKrzysztof Fabisiak, Moderator naszego bloga; \u25baKsi\u0105dz Krzysztof Garwoli\u0144ski, m\u00f3j Kolega kursowy; \u25baKsi\u0105dz Profesor [&hellip;]\" \/>\n<meta property=\"og:url\" content=\"https:\/\/gaudiumetspes-blog.pl\/index.php\/2020\/07\/25\/krolestwo-niebieskie-tak-bardzo-realne\/\" \/>\n<meta property=\"og:site_name\" content=\"Gaudium Et Spes\" \/>\n<meta property=\"article:published_time\" content=\"2020-07-25T03:28:26+00:00\" \/>\n<meta name=\"author\" content=\"Ks. Jacek\" \/>\n<meta name=\"twitter:card\" content=\"summary_large_image\" \/>\n<meta name=\"twitter:label1\" content=\"Napisane przez\" \/>\n\t<meta name=\"twitter:data1\" content=\"Ks. Jacek\" \/>\n\t<meta name=\"twitter:label2\" content=\"Szacowany czas czytania\" \/>\n\t<meta name=\"twitter:data2\" content=\"12 minut\" \/>\n<script type=\"application\/ld+json\" class=\"yoast-schema-graph\">{\"@context\":\"https:\/\/schema.org\",\"@graph\":[{\"@type\":\"WebPage\",\"@id\":\"https:\/\/gaudiumetspes-blog.pl\/index.php\/2020\/07\/25\/krolestwo-niebieskie-tak-bardzo-realne\/\",\"url\":\"https:\/\/gaudiumetspes-blog.pl\/index.php\/2020\/07\/25\/krolestwo-niebieskie-tak-bardzo-realne\/\",\"name\":\"Kr\u00f3lestwo niebieskie - tak bardzo realne! - Gaudium Et Spes\",\"isPartOf\":{\"@id\":\"https:\/\/gaudiumetspes-blog.pl\/#website\"},\"datePublished\":\"2020-07-25T03:28:26+00:00\",\"author\":{\"@id\":\"https:\/\/gaudiumetspes-blog.pl\/#\/schema\/person\/1661982992b752dea8dff0d4ed845a65\"},\"breadcrumb\":{\"@id\":\"https:\/\/gaudiumetspes-blog.pl\/index.php\/2020\/07\/25\/krolestwo-niebieskie-tak-bardzo-realne\/#breadcrumb\"},\"inLanguage\":\"pl-PL\",\"potentialAction\":[{\"@type\":\"ReadAction\",\"target\":[\"https:\/\/gaudiumetspes-blog.pl\/index.php\/2020\/07\/25\/krolestwo-niebieskie-tak-bardzo-realne\/\"]}]},{\"@type\":\"BreadcrumbList\",\"@id\":\"https:\/\/gaudiumetspes-blog.pl\/index.php\/2020\/07\/25\/krolestwo-niebieskie-tak-bardzo-realne\/#breadcrumb\",\"itemListElement\":[{\"@type\":\"ListItem\",\"position\":1,\"name\":\"Strona g\u0142\u00f3wna\",\"item\":\"https:\/\/gaudiumetspes-blog.pl\/\"},{\"@type\":\"ListItem\",\"position\":2,\"name\":\"Kr\u00f3lestwo niebieskie &#8211; tak&nbsp;bardzo realne!\"}]},{\"@type\":\"WebSite\",\"@id\":\"https:\/\/gaudiumetspes-blog.pl\/#website\",\"url\":\"https:\/\/gaudiumetspes-blog.pl\/\",\"name\":\"Gaudium Et Spes\",\"description\":\"Blog Ks. Jacka Ja\u015bkowskiego\",\"potentialAction\":[{\"@type\":\"SearchAction\",\"target\":{\"@type\":\"EntryPoint\",\"urlTemplate\":\"https:\/\/gaudiumetspes-blog.pl\/?s={search_term_string}\"},\"query-input\":{\"@type\":\"PropertyValueSpecification\",\"valueRequired\":true,\"valueName\":\"search_term_string\"}}],\"inLanguage\":\"pl-PL\"},{\"@type\":\"Person\",\"@id\":\"https:\/\/gaudiumetspes-blog.pl\/#\/schema\/person\/1661982992b752dea8dff0d4ed845a65\",\"name\":\"Ks. Jacek\",\"image\":{\"@type\":\"ImageObject\",\"inLanguage\":\"pl-PL\",\"@id\":\"https:\/\/gaudiumetspes-blog.pl\/#\/schema\/person\/image\/\",\"url\":\"https:\/\/gaudiumetspes-blog.pl\/wp-content\/uploads\/2019\/07\/avatar-JJ-150x150.jpg\",\"contentUrl\":\"https:\/\/gaudiumetspes-blog.pl\/wp-content\/uploads\/2019\/07\/avatar-JJ-150x150.jpg\",\"caption\":\"Ks. Jacek\"},\"description\":\"Witam serdecznie! K\u0142ania si\u0119 Ks. Jacek Ja\u015bkowski. Nie jestem ani kim\u015b wa\u017cnym, ani kim\u015b znanym. Jestem ksi\u0119dzem, kt\u00f3ry po prostu chce rozmawia\u0107. Codzienna kap\u0142a\u0144ska pos\u0142uga pokazuje mi, \u017ce temat\u00f3w do rozm\u00f3w z ksi\u0119dzem jest coraz wi\u0119cej i dzisiaj \u017caden ksi\u0105dz nie mo\u017ce od nich ucieka\u0107, ale - wprost przeciwnie - podejmowa\u0107 nowe wyzwania. To przekonanie sk\u0142oni\u0142o mnie do pr\u00f3by otwarcia tego\u017c bloga, chocia\u017c okazji do rozm\u00f3w na co dzie\u0144 - w konfesjonale i poza nim - na szcz\u0119\u015bcie nie brakuje. My\u015bl\u0119 jednak, \u017ce ten blog b\u0119dzie jeszcze jednym sposobem i przestrzeni\u0105 nawi\u0105zania kontaktu z lud\u017ami dobrej woli, otwartymi na dialog.\",\"url\":\"https:\/\/gaudiumetspes-blog.pl\/index.php\/author\/ks-jacek\/\"}]}<\/script>\n<!-- \/ Yoast SEO plugin. -->","yoast_head_json":{"title":"Kr\u00f3lestwo niebieskie - tak bardzo realne! - Gaudium Et Spes","robots":{"index":"index","follow":"follow","max-snippet":"max-snippet:-1","max-image-preview":"max-image-preview:large","max-video-preview":"max-video-preview:-1"},"canonical":"https:\/\/gaudiumetspes-blog.pl\/index.php\/2020\/07\/25\/krolestwo-niebieskie-tak-bardzo-realne\/","og_locale":"pl_PL","og_type":"article","og_title":"Kr\u00f3lestwo niebieskie - tak bardzo realne! - Gaudium Et Spes","og_description":"Szcz\u0119\u015b\u0107 Bo\u017ce! Moi Drodzy, w dniu wczorajszym imieniny prze\u017cywa\u0142y: \u25baKinga Kaltenberg, nale\u017c\u0105ca w swoim czasie do Wsp\u00f3lnoty m\u0142odzie\u017cowej w Tr\u0105bkach; \u25baKinga Gawry\u015b \u2013 moja by\u0142a Uczennica z Gimnazjum w Miastkowie i zaanga\u017cowana w dzia\u0142alno\u015b\u0107 m\u0142odzie\u017cow\u0105 w tej\u017ce Parafii. Dzisiaj natomiast imieniny obchodz\u0105: \u25baKrzysztof Fabisiak, Moderator naszego bloga; \u25baKsi\u0105dz Krzysztof Garwoli\u0144ski, m\u00f3j Kolega kursowy; \u25baKsi\u0105dz Profesor [&hellip;]","og_url":"https:\/\/gaudiumetspes-blog.pl\/index.php\/2020\/07\/25\/krolestwo-niebieskie-tak-bardzo-realne\/","og_site_name":"Gaudium Et Spes","article_published_time":"2020-07-25T03:28:26+00:00","author":"Ks. Jacek","twitter_card":"summary_large_image","twitter_misc":{"Napisane przez":"Ks. Jacek","Szacowany czas czytania":"12 minut"},"schema":{"@context":"https:\/\/schema.org","@graph":[{"@type":"WebPage","@id":"https:\/\/gaudiumetspes-blog.pl\/index.php\/2020\/07\/25\/krolestwo-niebieskie-tak-bardzo-realne\/","url":"https:\/\/gaudiumetspes-blog.pl\/index.php\/2020\/07\/25\/krolestwo-niebieskie-tak-bardzo-realne\/","name":"Kr\u00f3lestwo niebieskie - tak bardzo realne! - Gaudium Et Spes","isPartOf":{"@id":"https:\/\/gaudiumetspes-blog.pl\/#website"},"datePublished":"2020-07-25T03:28:26+00:00","author":{"@id":"https:\/\/gaudiumetspes-blog.pl\/#\/schema\/person\/1661982992b752dea8dff0d4ed845a65"},"breadcrumb":{"@id":"https:\/\/gaudiumetspes-blog.pl\/index.php\/2020\/07\/25\/krolestwo-niebieskie-tak-bardzo-realne\/#breadcrumb"},"inLanguage":"pl-PL","potentialAction":[{"@type":"ReadAction","target":["https:\/\/gaudiumetspes-blog.pl\/index.php\/2020\/07\/25\/krolestwo-niebieskie-tak-bardzo-realne\/"]}]},{"@type":"BreadcrumbList","@id":"https:\/\/gaudiumetspes-blog.pl\/index.php\/2020\/07\/25\/krolestwo-niebieskie-tak-bardzo-realne\/#breadcrumb","itemListElement":[{"@type":"ListItem","position":1,"name":"Strona g\u0142\u00f3wna","item":"https:\/\/gaudiumetspes-blog.pl\/"},{"@type":"ListItem","position":2,"name":"Kr\u00f3lestwo niebieskie &#8211; tak&nbsp;bardzo realne!"}]},{"@type":"WebSite","@id":"https:\/\/gaudiumetspes-blog.pl\/#website","url":"https:\/\/gaudiumetspes-blog.pl\/","name":"Gaudium Et Spes","description":"Blog Ks. Jacka Ja\u015bkowskiego","potentialAction":[{"@type":"SearchAction","target":{"@type":"EntryPoint","urlTemplate":"https:\/\/gaudiumetspes-blog.pl\/?s={search_term_string}"},"query-input":{"@type":"PropertyValueSpecification","valueRequired":true,"valueName":"search_term_string"}}],"inLanguage":"pl-PL"},{"@type":"Person","@id":"https:\/\/gaudiumetspes-blog.pl\/#\/schema\/person\/1661982992b752dea8dff0d4ed845a65","name":"Ks. Jacek","image":{"@type":"ImageObject","inLanguage":"pl-PL","@id":"https:\/\/gaudiumetspes-blog.pl\/#\/schema\/person\/image\/","url":"https:\/\/gaudiumetspes-blog.pl\/wp-content\/uploads\/2019\/07\/avatar-JJ-150x150.jpg","contentUrl":"https:\/\/gaudiumetspes-blog.pl\/wp-content\/uploads\/2019\/07\/avatar-JJ-150x150.jpg","caption":"Ks. Jacek"},"description":"Witam serdecznie! K\u0142ania si\u0119 Ks. Jacek Ja\u015bkowski. Nie jestem ani kim\u015b wa\u017cnym, ani kim\u015b znanym. Jestem ksi\u0119dzem, kt\u00f3ry po prostu chce rozmawia\u0107. Codzienna kap\u0142a\u0144ska pos\u0142uga pokazuje mi, \u017ce temat\u00f3w do rozm\u00f3w z ksi\u0119dzem jest coraz wi\u0119cej i dzisiaj \u017caden ksi\u0105dz nie mo\u017ce od nich ucieka\u0107, ale - wprost przeciwnie - podejmowa\u0107 nowe wyzwania. To przekonanie sk\u0142oni\u0142o mnie do pr\u00f3by otwarcia tego\u017c bloga, chocia\u017c okazji do rozm\u00f3w na co dzie\u0144 - w konfesjonale i poza nim - na szcz\u0119\u015bcie nie brakuje. My\u015bl\u0119 jednak, \u017ce ten blog b\u0119dzie jeszcze jednym sposobem i przestrzeni\u0105 nawi\u0105zania kontaktu z lud\u017ami dobrej woli, otwartymi na dialog.","url":"https:\/\/gaudiumetspes-blog.pl\/index.php\/author\/ks-jacek\/"}]}},"jetpack_featured_media_url":"","jetpack_sharing_enabled":true,"_links":{"self":[{"href":"https:\/\/gaudiumetspes-blog.pl\/index.php\/wp-json\/wp\/v2\/posts\/17475","targetHints":{"allow":["GET"]}}],"collection":[{"href":"https:\/\/gaudiumetspes-blog.pl\/index.php\/wp-json\/wp\/v2\/posts"}],"about":[{"href":"https:\/\/gaudiumetspes-blog.pl\/index.php\/wp-json\/wp\/v2\/types\/post"}],"author":[{"embeddable":true,"href":"https:\/\/gaudiumetspes-blog.pl\/index.php\/wp-json\/wp\/v2\/users\/1"}],"replies":[{"embeddable":true,"href":"https:\/\/gaudiumetspes-blog.pl\/index.php\/wp-json\/wp\/v2\/comments?post=17475"}],"version-history":[{"count":1,"href":"https:\/\/gaudiumetspes-blog.pl\/index.php\/wp-json\/wp\/v2\/posts\/17475\/revisions"}],"predecessor-version":[{"id":17476,"href":"https:\/\/gaudiumetspes-blog.pl\/index.php\/wp-json\/wp\/v2\/posts\/17475\/revisions\/17476"}],"wp:attachment":[{"href":"https:\/\/gaudiumetspes-blog.pl\/index.php\/wp-json\/wp\/v2\/media?parent=17475"}],"wp:term":[{"taxonomy":"category","embeddable":true,"href":"https:\/\/gaudiumetspes-blog.pl\/index.php\/wp-json\/wp\/v2\/categories?post=17475"},{"taxonomy":"post_tag","embeddable":true,"href":"https:\/\/gaudiumetspes-blog.pl\/index.php\/wp-json\/wp\/v2\/tags?post=17475"}],"curies":[{"name":"wp","href":"https:\/\/api.w.org\/{rel}","templated":true}]}}