{"id":17478,"date":"2020-07-26T06:26:14","date_gmt":"2020-07-26T04:26:14","guid":{"rendered":"https:\/\/gaudiumetspes-blog.pl\/?p=17478"},"modified":"2020-07-26T06:26:14","modified_gmt":"2020-07-26T04:26:14","slug":"pros-o-to-co-mam-ci-dac-2","status":"publish","type":"post","link":"https:\/\/gaudiumetspes-blog.pl\/index.php\/2020\/07\/26\/pros-o-to-co-mam-ci-dac-2\/","title":{"rendered":"Pro\u015b o to, co mam Ci da\u0107!"},"content":{"rendered":"<p align=\"justify\"><span style=\"color: #000000;\"><span style=\"font-family: Book Antiqua, serif;\"><span style=\"font-size: large;\">Niech b\u0119dzie pochwalony Jezus Chrystus! <span style=\"font-family: Book antiqua, serif;\">Moi Drodzy, w dni dzisiejszym <\/span><span style=\"font-family: Book antiqua, serif;\"><b>imieniny prze\u017cywa moja Siostra,<\/b><\/span><span style=\"font-family: Book antiqua, serif;\"><b> Ann<\/b><\/span><span style=\"font-family: Book antiqua, serif;\"><b>a<\/b><\/span><span style=\"font-family: Book antiqua, serif;\"><b> Nied\u017awiedzk<\/b><\/span><span style=\"font-family: Book antiqua, serif;\"><b>a. Dzi\u0119kuj\u0105c za <\/b><\/span><span style=\"font-family: Book antiqua, serif;\"><b>\u015bwiadectwo pi\u0119kn<\/b><\/span><span style=\"font-family: Book antiqua, serif;\"><b>ej postawy \u017bony i Matki, oraz za nasz \u015bwietny kontakt, kt\u00f3ry pozwala porozmawia\u0107 o wszystkim i zawsze si\u0119 wspiera\u0107, \u017cycz\u0119 nieustannego entuzjazmu wiary, pogody ducha, rado\u015bci i nadziei \u2013 i takiego zwyk\u0142ego, ludzkiego szcz\u0119\u015bcia. Zapewniam o modlitwie \u2013 nie tylko zreszt\u0105 <\/b><\/span><span style=\"font-family: Book antiqua, serif;\"><b>dzisiaj.<\/b><\/span><\/span><\/span><\/span><\/p>\n<p align=\"justify\"><span style=\"color: #000000;\"><span style=\"font-family: Book antiqua, serif;\"><span style=\"font-size: large;\"><b>Imieniny prze\u017cywaj\u0105 tak\u017ce: <\/b><\/span><\/span><\/span><\/p>\n<p align=\"justify\"><span style=\"color: #000000;\">\u25ba<span style=\"font-family: Book antiqua, serif;\"><span style=\"font-size: large;\"><b>Anna Oleszczuk \u2013 \u017bona mojego Wujka Mirka; <\/b><\/span><\/span><\/span><\/p>\n<p align=\"justify\"><span style=\"color: #000000;\">\u25ba<span style=\"font-family: Book antiqua, serif;\"><span style=\"font-size: large;\"><b>Anna Ko\u0142odziejczuk \u2013 moja Kole\u017canka i Fryzjerka; <\/b><\/span><\/span><\/span><\/p>\n<p align=\"justify\"><span style=\"color: #000000;\">\u25ba<span style=\"font-family: Book antiqua, serif;\"><span style=\"font-size: large;\"><b>Anna W\u0142odarczyk \u2013 moja Kole\u017canka, z kt\u00f3r\u0105 wsp\u00f3\u0142pracowali\u015bmy w Liceum w \u017belechowie, Nauczycielka j\u0119zyka polskiego; <\/b><\/span><\/span><\/span><\/p>\n<p align=\"justify\"><span style=\"color: #000000;\">\u25ba<span style=\"font-family: Book antiqua, serif;\"><span style=\"font-size: large;\"><b>Siostra Anna Marat \u2013 Dyrektor Przedszkola w T\u0142uszczu; <\/b><\/span><\/span><\/span><\/p>\n<p align=\"justify\"><span style=\"color: #000000;\">\u25ba<span style=\"font-family: Book antiqua, serif;\"><span style=\"font-size: large;\"><b>Siostra Anna Nowakowska \u2013 z kt\u00f3r\u0105 razem uczyli\u015bmy w T\u0142uszczu, a kt\u00f3ra obecnie pos\u0142uguje na misjach;<\/b><\/span><\/span><\/span><\/p>\n<p align=\"justify\"><span style=\"color: #000000;\">\u25ba<span style=\"font-family: Book antiqua, serif;\"><span style=\"font-size: large;\"><b>Doktor Anna Dr\u00f3\u017cd\u017c z Celestynowa \u2013 kt\u00f3rej pacjentem by\u0142em w swoim czasie;<\/b><\/span><\/span><\/span><\/p>\n<p align=\"justify\"><span style=\"color: #000000;\">\u25ba<span style=\"font-family: Book antiqua, serif;\"><span style=\"font-size: large;\"><b><span style=\"font-family: Book Antiqua, serif;\">Anna Marczewska \u2013 <\/span><span style=\"font-family: Book Antiqua, serif;\">prowadz\u0105ca, wraz z M\u0119\u017cem Tomaszem, dom w Szklarskiej Por\u0119bie, dok\u0105d ci\u0105gle je\u017adzimy;<\/span><\/b><\/span><\/span><\/span><\/p>\n<p align=\"justify\"><span style=\"color: #000000;\">\u25ba<span style=\"font-family: Book antiqua, serif;\"><span style=\"font-size: large;\"><b>Anna Strze\u017cysz \u2013 za moich czas\u00f3w: Gospodyni na Plebanii w Celestynowie;<\/b><\/span><\/span><\/span><\/p>\n<p align=\"justify\"><span style=\"color: #000000;\">\u25ba<span style=\"font-family: Book antiqua, serif;\"><span style=\"font-size: large;\"><b>Doktor Anna S\u0142owikowska z Wydzia\u0142u Prawa na KUL;<\/b><\/span><\/span><\/span><\/p>\n<p align=\"justify\"><span style=\"color: #000000;\">\u25ba<span style=\"font-family: Book antiqua, serif;\"><span style=\"font-size: large;\"><b><span style=\"font-family: Book Antiqua, serif;\">N<\/span>ale\u017c\u0105ce w swoim czasie do r\u00f3\u017cnych Wsp\u00f3lnot m\u0142odzie\u017cowych:<\/b><\/span><\/span><\/span><\/p>\n<p align=\"justify\"><span style=\"color: #000000;\"><span style=\"font-family: Book antiqua, serif;\"><span style=\"font-size: large;\"><b> * Anna Komoszy\u0144ska, <\/b><\/span><\/span><\/span><\/p>\n<p align=\"justify\"><span style=\"color: #000000;\"><span style=\"font-family: Book antiqua, serif;\"><span style=\"font-size: large;\"><b> * Anna Mazur, <\/b><\/span><\/span><\/span><\/p>\n<p align=\"justify\"><span style=\"color: #000000;\"><span style=\"font-family: Book antiqua, serif;\"><span style=\"font-size: large;\"><b> * Anna Chodyka, <\/b><\/span><\/span><\/span><\/p>\n<p align=\"justify\"><span style=\"color: #000000;\"><span style=\"font-family: Book antiqua, serif;\"><span style=\"font-size: large;\"><b> * Anna K\u0119pa, <\/b><\/span><\/span><\/span><\/p>\n<p align=\"justify\"><span style=\"color: #000000;\"><span style=\"font-family: Book antiqua, serif;\"><span style=\"font-size: large;\"><b> * Anna Maksymiuk;<\/b><\/span><\/span><\/span><\/p>\n<p align=\"justify\"><span style=\"color: #000000;\">\u25ba<span style=\"font-family: Book antiqua, serif;\"><span style=\"font-size: large;\"><b>moje Znajome z Parafii w Tr\u0105bkach:<\/b><\/span><\/span><\/span><\/p>\n<p align=\"justify\"><span style=\"color: #000000;\"><span style=\"font-family: Book antiqua, serif;\"><span style=\"font-size: large;\"><b> * Anna Deres,<\/b><\/span><\/span><\/span><\/p>\n<p align=\"justify\"><span style=\"color: #000000;\"><span style=\"font-family: Book antiqua, serif;\"><span style=\"font-size: large;\"><b> * Anna Paw\u0142owska;<\/b><\/span><\/span><\/span><\/p>\n<p align=\"justify\"><span style=\"color: #000000;\">\u25ba<span style=\"font-family: Book antiqua, serif;\"><span style=\"font-size: large;\"><b>nasze nieocenione i wyj\u0105tkowe Anny z blogowej Rodziny, kt\u00f3rym dzi\u0119kuj\u0119 za sta\u0142\u0105, ubogacaj\u0105c\u0105 nas wszystkich, obecno\u015b\u0107 na blogu \u2013 za wszystkie m\u0105dre przemy\u015blenia, b\u0119d\u0105ce \u015bwiadectwem g\u0142\u0119bokiej i szczerej wiary;<\/b><\/span><\/span><\/span><\/p>\n<p align=\"justify\"><span style=\"color: #000000;\">\u25ba<span style=\"font-family: Book antiqua, serif;\"><span style=\"font-size: large;\"><b>moje Ciocie:<\/b><\/span><\/span><\/span><\/p>\n<p align=\"justify\"><span style=\"color: #000000;\"><span style=\"font-family: Book antiqua, serif;\"><span style=\"font-size: large;\"><b> * Miros\u0142awa Oleszczuk,<\/b><\/span><\/span><\/span><\/p>\n<p align=\"justify\"><span style=\"color: #000000;\"><span style=\"font-family: Book antiqua, serif;\"><span style=\"font-size: large;\"><b> * Miros\u0142awa Sieroci\u0144ska;<\/b><\/span><\/span><\/span><\/p>\n<p align=\"justify\"><span style=\"color: #000000;\">\u25ba<span style=\"font-family: Book antiqua, serif;\"><span style=\"font-size: large;\"><b>Siostra Hanna Ropiak, pos\u0142uguj\u0105ca w Miastkowie.<\/b><\/span><\/span><\/span><\/p>\n<p align=\"justify\"><span style=\"color: #000000;\"><span style=\"font-family: Book antiqua, serif;\"><span style=\"font-size: large;\"><b>Imieniny obchodzi dzisiaj tak\u017ce Ksi\u0105dz Miros\u0142aw Wasiak, Proboszcz Parafii w Celestynowie.<\/b><\/span><\/span><\/span><\/p>\n<p align=\"justify\"><span style=\"color: #000000;\"><span style=\"font-family: Book antiqua, serif;\"><span style=\"font-size: large;\"><b>Wszystkim \u015bwi\u0119tuj\u0105cym \u017cycz\u0119, by B\u00f3g \u2013 jak o tym dzisiaj m\u00f3wi \u015awi\u0119ty Pawe\u0142 \u2013 wsp\u00f3\u0142dzia\u0142a\u0142 z Nimi we wszystkim dla Ich dobra. I o to b\u0119d\u0119 si\u0119 dla Nich modli\u0142.<\/b><\/span><\/span><\/span><\/p>\n<p align=\"justify\"><span style=\"color: #000000;\"><span style=\"font-family: Book antiqua, serif;\"><span style=\"font-size: large;\">A ja dzisiaj oficjalnie rozpoczynam pomoc duszpastersk\u0105 w Parafii Radomy\u015bl, w Dekanacie zbuczy\u0144skim, niedaleko Siedlec. Proboszczem tej Parafii jest Ksi\u0105dz S\u0142awomir Zaczek, m\u00f3j starszy Kolega, do niedawna \u2013 Wikariusz w mojej Parafii rodzinnej, w Bia\u0142ej Podlaskiej. Wspominam o oficjalnym rozpocz\u0119ciu, bo nieoficjalnie to ju\u017c od dw\u00f3ch tygodni odprawiam tam, w dni powszednie. <\/span><\/span><\/span><\/p>\n<p align=\"justify\"><span style=\"color: #000000;\"><span style=\"font-family: Book antiqua, serif;\"><span style=\"font-size: large;\">W serdecznej modlitwie polecam t\u0119 Parafi\u0119, jak i Parafi\u0119 Samogoszcz, z kt\u00f3r\u0105 po\u017cegna\u0142em si\u0119 przed tygodniem. Przy po\u017cegnaniu, wspomnia\u0142em o swojej tak zwanej Z\u0142otej Ksi\u0119dze Modlitwy \u2013 o kt\u00f3rej pisa\u0142em i m\u00f3wi\u0142em w rozwa\u017caniu w jedn\u0105 z ostatnich niedziel, rozwijaj\u0105c w\u0105tek modlitwy wstawienniczej. Bardzo mnie ucieszy\u0142o, kiedy ju\u017c po tej ostatniej niedzieli otrzyma\u0142em zapewnienia \u2013 drog\u0105 telefoniczn\u0105 i mailow\u0105 \u2013 \u017ce kilka Os\u00f3b tak\u017ce taki Z\u0142ote Ksi\u0119gi za\u0142o\u017cy. <\/span><\/span><\/span><\/p>\n<p align=\"justify\"><span style=\"color: #000000;\"><span style=\"font-family: Book antiqua, serif;\"><span style=\"font-size: large;\">W sumie, to nikogo do tego specjalnie nie namawia\u0142em \u2013 namawia\u0142em natomiast i namawiam do modlitwy za siebie nawzajem. Ale wcale nie ukrywam, \u017ce ucieszy\u0142y mnie te zapewnienia. Bo to znaczy, \u017ce te Osoby bior\u0105 kwesti\u0119 tej\u017ce modlitwy bardzo na serio i bardzo konkretnie. <\/span><\/span><\/span><\/p>\n<p align=\"justify\"><span style=\"color: #000000;\"><span style=\"font-family: Book antiqua, serif;\"><span style=\"font-size: large;\">Co oczywi\u015bcie nie oznacza, \u017ce ci, kt\u00f3rzy takiej Ksi\u0119gi nie za\u0142o\u017c\u0105, to si\u0119 nie modl\u0105 \u2013 nie. Ja mam szczer\u0105 nadziej\u0119, \u017ce wszyscy b\u0119dziemy si\u0119 zawsze za siebie modli\u0107. Bo tej modlitwy \u2013 szczeg\u00f3lnie w dobie obecnej \u2013 tak bardzo potrzeba.<\/span><\/span><\/span><\/p>\n<p align=\"justify\"><span style=\"color: #000000;\"><span style=\"font-family: Book antiqua, serif;\"><span style=\"font-size: large;\">W ka\u017cdym razie, ja zapewniam o modlitwie za Was. <\/span><\/span><\/span><\/p>\n<p align=\"justify\"><span style=\"color: #000000;\"><span style=\"font-family: Book antiqua, serif;\"><span style=\"font-size: large;\">A na prze\u017cywanie dzisiejszego Dnia Pa\u0144skiego \u2013 <b>niech Was b\u0142ogos\u0142awi B\u00f3g Wszechmog\u0105cy: Ojciec + i Syn, i Duch \u015awi\u0119ty. Amen<\/b><\/span><\/span><\/span><\/p>\n<p align=\"center\"><span style=\"color: #000000;\"><span style=\"font-family: Book antiqua, serif;\"><span style=\"font-size: large;\">Gaudium et spes! Ks. Jacek<\/span><\/span><\/span><\/p>\n<p align=\"center\">\n<p align=\"center\">\n<p align=\"center\">\n<p align=\"center\">\n<p align=\"center\">\n<p align=\"justify\"><span style=\"color: #000000;\"><span style=\"font-family: Book Antiqua, serif;\"><span style=\"font-size: large;\"><b>17 Niedziela zwyk\u0142a, A,<\/b><\/span><\/span><\/span><\/p>\n<p align=\"justify\"><span style=\"color: #000000;\"><span style=\"font-family: Book Antiqua, serif;\"><span style=\"font-size: large;\"><b>26 lipca 2020.,<\/b><\/span><\/span><\/span><\/p>\n<p align=\"justify\"><span style=\"color: #000000;\"><span style=\"font-family: Book Antiqua, serif;\"><span style=\"font-size: large;\"><b>do czyta\u0144: 1 Krl 3,5.7\u201312; Rz 8,28\u201330; Mt 13,44\u201352<\/b><\/span><\/span><\/span><\/p>\n<p align=\"justify\">\n<p align=\"justify\">\n<p align=\"justify\">\n<p align=\"justify\">\n<p align=\"justify\">\n<p align=\"justify\"><span style=\"color: #000000;\"><span style=\"font-family: Book Antiqua, serif;\"><span style=\"font-size: large;\"><b>CZYTANIE Z PIERWSZEJ KSI\u0118GI KR\u00d3LEWSKIEJ: <\/b><\/span><\/span><\/span><\/p>\n<p align=\"justify\"><span style=\"color: #000000;\"><span style=\"font-family: Book Antiqua, serif;\"><span style=\"font-size: large;\"><b>W Gibeonie ukaza\u0142 si\u0119 Pan Salomonowi w nocy, we \u015bnie. Wtedy rzek\u0142 B\u00f3g: \u201ePro\u015b o to, co mam ci da\u0107\u201d. A Salomon odrzek\u0142: \u201eO Panie, Bo\u017ce m\u00f3j, Ty\u015b ustanowi\u0142 kr\u00f3lem Twego s\u0142ug\u0119, w miejsce Dawida, mego ojca, a ja jestem bardzo m\u0142ody. Brak mi do\u015bwiadczenia. Ponadto Tw\u00f3j s\u0142uga jest po\u015br\u00f3d Twego ludu, kt\u00f3ry\u015b wybra\u0142, ludu mnogiego, kt\u00f3ry nie da si\u0119 zliczy\u0107 ani spisa\u0107, z powodu jego mn\u00f3stwa. Racz wi\u0119c da\u0107 Twemu s\u0142udze serce pe\u0142ne rozs\u0105dku do s\u0105dzenia Twego ludu i rozr\u00f3\u017cniania dobra i z\u0142a, bo kt\u00f3\u017c zdo\u0142a s\u0105dzi\u0107 ten lud Tw\u00f3j tak liczny?\u201d <\/b><\/span><\/span><\/span><\/p>\n<p align=\"justify\"><span style=\"color: #000000;\"><span style=\"font-family: Book Antiqua, serif;\"><span style=\"font-size: large;\"><b>Spodoba\u0142o si\u0119 Panu, \u017ce w\u0142a\u015bnie o to Salomon poprosi\u0142. B\u00f3g wi\u0119c mu powiedzia\u0142: \u201ePoniewa\u017c poprosi\u0142e\u015b o to, a nie poprosi\u0142e\u015b dla siebie o d\u0142ugie \u017cycie ani te\u017c o bogactwa, i nie poprosi\u0142e\u015b o zgub\u0119 twoich nieprzyjaci\u00f3\u0142, ale prosi\u0142e\u015b dla siebie o umiej\u0119tno\u015b\u0107 rozstrzygania spraw s\u0105dowych, wi\u0119c spe\u0142niam twoje pragnienie i daj\u0119 ci serce m\u0105dre i rozs\u0105dne, takie, \u017ce podobnego tobie przed tob\u0105 nie by\u0142o i po tobie nie b\u0119dzie\u201d.<\/b><\/span><\/span><\/span><\/p>\n<p align=\"justify\">\n<p align=\"justify\">\n<p align=\"justify\">\n<p align=\"justify\">\n<p align=\"justify\">\n<p align=\"justify\"><span style=\"color: #000000;\"><span style=\"font-family: Book Antiqua, serif;\"><span style=\"font-size: large;\"><b>CZYTANIE Z LISTU \u015aWI\u0118TEGO PAW\u0141A APOSTO\u0141A DO RZYMIAN:<\/b><\/span><\/span><\/span><\/p>\n<p align=\"justify\"><span style=\"color: #000000;\"><span style=\"font-family: Book Antiqua, serif;\"><span style=\"font-size: large;\"><b>Bracia: Wiemy, \u017ce B\u00f3g z tymi, kt\u00f3rzy Go mi\u0142uj\u0105, wsp\u00f3\u0142dzia\u0142a we wszystkim dla ich dobra, z tymi, kt\u00f3rzy s\u0105 powo\u0142ani wed\u0142ug Jego zamiaru. Albowiem tych, kt\u00f3rych od wiek\u00f3w pozna\u0142, tych te\u017c przeznaczy\u0142 na to, by si\u0119 stali na wz\u00f3r obrazu Jego Syna, aby On by\u0142 pierworodnym mi\u0119dzy wielu bra\u0107mi. <\/b><\/span><\/span><\/span><\/p>\n<p align=\"justify\"><span style=\"color: #000000;\"><span style=\"font-family: Book Antiqua, serif;\"><span style=\"font-size: large;\"><b>Tych za\u015b, kt\u00f3rych przeznaczy\u0142, tych te\u017c powo\u0142a\u0142, a kt\u00f3rych powo\u0142a\u0142, tych te\u017c usprawiedliwi\u0142, a kt\u00f3rych usprawiedliwi\u0142, tych te\u017c obdarzy\u0142 chwa\u0142\u0105.<\/b><\/span><\/span><\/span><\/p>\n<p align=\"justify\">\n<p align=\"justify\">\n<p align=\"justify\">\n<p align=\"justify\">\n<p align=\"justify\">\n<p align=\"justify\"><span style=\"color: #000000;\"><span style=\"font-family: Book Antiqua, serif;\"><span style=\"font-size: large;\"><b>S\u0141OWA EWANGELII WED\u0141UG \u015aWI\u0118TEGO MATEUSZA: <\/b><\/span><\/span><\/span><\/p>\n<p align=\"justify\"><span style=\"color: #000000;\"><span style=\"font-family: Book Antiqua, serif;\"><span style=\"font-size: large;\"><b>Jezus opowiedzia\u0142 t\u0142umom tak\u0105 przypowie\u015b\u0107: \u201eKr\u00f3lestwo niebieskie podobne jest do skarbu ukrytego w roli. Znalaz\u0142 go pewien cz\u0142owiek i ukry\u0142 ponownie. Uradowany poszed\u0142, sprzeda\u0142 wszystko, co mia\u0142, i kupi\u0142 t\u0119 rol\u0119. <\/b><\/span><\/span><\/span><\/p>\n<p align=\"justify\"><span style=\"color: #000000;\"><span style=\"font-family: Book Antiqua, serif;\"><span style=\"font-size: large;\"><b>Dalej, podobne jest kr\u00f3lestwo niebieskie do kupca, poszukuj\u0105cego pi\u0119knych pere\u0142. Gdy znalaz\u0142 jedn\u0105 drogocenn\u0105 per\u0142\u0119, poszed\u0142, sprzeda\u0142 wszystko, co mia\u0142, i kupi\u0142 j\u0105. <\/b><\/span><\/span><\/span><\/p>\n<p align=\"justify\"><span style=\"color: #000000;\"><span style=\"font-family: Book Antiqua, serif;\"><span style=\"font-size: large;\"><b>Dalej, podobne jest kr\u00f3lestwo niebieskie do sieci, zarzuconej w morze i zagarniaj\u0105cej ryby wszelkiego rodzaju. Gdy si\u0119 nape\u0142ni\u0142a, wyci\u0105gn\u0119li j\u0105 na brzeg i usiad\u0142szy, dobre zebrali w naczynia, a z\u0142e odrzucili. Tak b\u0119dzie przy ko\u0144cu \u015bwiata: wyjd\u0105 anio\u0142owie, wy\u0142\u0105cz\u0105 z\u0142ych spo\u015br\u00f3d sprawiedliwych i wrzuc\u0105 w piec rozpalony; tam b\u0119dzie p\u0142acz i zgrzytanie z\u0119b\u00f3w. <\/b><\/span><\/span><\/span><\/p>\n<p align=\"justify\"><span style=\"color: #000000;\"><span style=\"font-family: Book Antiqua, serif;\"><span style=\"font-size: large;\"><b>Zrozumieli\u015bcie to wszystko?&#8221; <\/b><\/span><\/span><\/span><\/p>\n<p align=\"justify\"><span style=\"color: #000000;\"><span style=\"font-family: Book Antiqua, serif;\"><span style=\"font-size: large;\"><b>Odpowiedzieli Mu: \u201eTak jest\u201d. <\/b><\/span><\/span><\/span><\/p>\n<p align=\"justify\"><span style=\"color: #000000;\"><span style=\"font-family: Book Antiqua, serif;\"><span style=\"font-size: large;\"><b>A On rzek\u0142 do nich: \u201eDlatego ka\u017cdy uczony w Pi\u015bmie, kt\u00f3ry sta\u0142 si\u0119 uczniem kr\u00f3lestwa niebieskiego, podobny jest do ojca rodziny, kt\u00f3ry ze swego skarbca wydobywa rzeczy nowe i stare\u201d.<\/b><\/span><\/span><\/span><\/p>\n<p align=\"justify\">\n<p align=\"justify\">\n<p align=\"justify\">\n<p align=\"justify\">\n<p align=\"justify\">\n<p align=\"justify\"><span style=\"color: #000000;\"><span style=\"font-family: Book Antiqua, serif;\"><span style=\"font-size: large;\">Kto\u015b kiedy\u015b powiedzia\u0142, \u017ce aby m\u00f3c zada\u0107 pytanie w jakiej\u015b konkretnej dziedzinie, to trzeba w tej dziedzinie mie\u0107 ju\u017c <b>jak\u0105\u015b, przynajmniej podstawow\u0105 wiedz\u0119.<\/b> \u017beby wiedzie\u0107 o co zapyta\u0107, a dzi\u0119ki temu \u2013 t\u0119 wiedz\u0119 poszerzy\u0107. W przeciwnym bowiem razie \u2013 jak mia\u0142oby wygl\u0105da\u0107 takie pytanie? Mo\u017ce: <b>\u201eA o co w og\u00f3le chodzi?\u201d<\/b> Z pewno\u015bci\u0105, tak sformu\u0142owana kwestia nie stanowi\u0142aby najlepszej rekomendacji stanu inteligencki tego, kto j\u0105 stawia. Zatem, \u017ceby postawi\u0107 jakiekolwiek pytanie w danej dziedzinie, ju\u017c trzeba mie\u0107 w tym zakresie jak\u0105\u015b wiedz\u0119.<\/span><\/span><\/span><\/p>\n<p align=\"justify\"><span style=\"color: #000000;\"><span style=\"font-family: Book Antiqua, serif;\"><span style=\"font-size: large;\">I analogicznie: <b>kiedy si\u0119 prosi o m\u0105dro\u015b\u0107, <\/b>to ju\u017c trzeba jej naprawd\u0119 niema\u0142o w sobie mie\u0107, \u017ceby tak\u0105 pro\u015bb\u0119 skierowa\u0107. Zw\u0142aszcza, je\u015bli paleta <b>mo\u017cliwo\u015bci, o co mo\u017cna prosi\u0107,<\/b> jest naprawd\u0119 szeroka, a Darczy\u0144ca jest tak hojny, \u017ce nie stawia \u017cadnych ogranicze\u0144, tylko m\u00f3wi kr\u00f3tko: <i><b>Pro\u015b o to, co mam ci da\u0107. <\/b><\/i>Co by\u015bmy odpowiedzieli Bogu, gdyby do nas skierowa\u0142 tak\u0105 zach\u0119t\u0119? <\/span><\/span><\/span><\/p>\n<p align=\"justify\"><span style=\"color: #000000;\"><span style=\"font-family: Book Antiqua, serif;\"><span style=\"font-size: large;\">Oj, mieliby\u015bmy o co prosi\u0107, mieliby\u015bmy\u2026 Bo to i na koncie by si\u0119 wi\u0119cej przyda\u0142o, i w domu by si\u0119 zrobi\u0142o remont, albo co\u015b z wyposa\u017cenia by si\u0119 wymieni\u0142o, a mo\u017ce by si\u0119 na wakacje wyjecha\u0142o, a mo\u017ce nowe auto kupi\u0142o\u2026 To takie <b>najbardziej podstawowe, <\/b>nasuwaj\u0105ce si\u0119 w pierwszym skojarzeniu, potrzeby. Takie \u2013 powiedzieliby\u015bmy \u2013 <b>umiarkowane\u2026 <\/b>Bo gdyby tak popu\u015bci\u0107 wodze fantazji, to by si\u0119 dopiero okaza\u0142o, o co to jeszcze mo\u017cna poprosi\u0107! <\/span><\/span><\/span><\/p>\n<p align=\"justify\"><span style=\"color: #000000;\"><span style=\"font-family: Book Antiqua, serif;\"><span style=\"font-size: large;\">Inna sprawa, \u017ce pewnie nie ze wszystkimi swoimi zachciankami <b>wypada\u0142oby si\u0119 do Boga zwraca\u0107 <\/b>\u2013 oj, nie ze wszystkimi\u2026 <\/span><\/span><\/span><\/p>\n<p align=\"justify\"><span style=\"color: #000000;\"><span style=\"font-family: Book Antiqua, serif;\"><span style=\"font-size: large;\">Salomon te\u017c mia\u0142 du\u017co mo\u017cliwo\u015bci \u2013 niekt\u00f3re z nich sam B\u00f3g wymienia. Oto m\u0142ody kr\u00f3l m\u00f3g\u0142 poprosi\u0107 <i><b>o d\u0142ugie \u017cycie,<\/b><\/i><i> <\/i>czy te\u017c<b> <\/b><i><b>o bogactwa,<\/b><\/i><b> <\/b>m\u00f3g\u0142 wreszcie poprosi\u0107 <i><b>o zgub\u0119<\/b><\/i><b> <\/b><b>[s<\/b><b>woich<\/b><b>]<\/b><b> <\/b><i><b>nieprzyjaci\u00f3\u0142, <\/b><\/i>a domy\u015blamy si\u0119, \u017ce B\u00f3g m\u00f3g\u0142 tam jeszcze wyliczy\u0107 wi\u0119cej owych wariant\u00f3w, ale ca\u0142y szkopu\u0142 polega\u0142 w\u0142a\u015bnie na tym, \u017ce <b>o to wszystko Salomon nie poprosi\u0142! <\/b><\/span><\/span><\/span><\/p>\n<p align=\"justify\"><span style=\"color: #000000;\"><span style=\"font-family: Book Antiqua, serif;\"><span style=\"font-size: large;\">Jeszcze raz podkre\u015blmy: nie by\u0142oby to niczym niestosownym, gdyby skorzysta\u0142 z mo\u017cliwo\u015bci, jak\u0105 mu B\u00f3g da\u0142 i poprosi\u0142 o niekt\u00f3re z tych wskazanych rzeczy \u2013<b> albo o wszystkie naraz. <\/b>M\u00f3g\u0142 przecie\u017c poprosi\u0107 o m\u0105dro\u015b\u0107 \u2013 skoro ju\u017c mu na niej tak bardzo zale\u017ca\u0142o \u2013 a dodatkowo jeszcze, \u201ew pakiecie\u201d, o to czy tamto\u2026 Tymczasem m\u0142ody kr\u00f3l poprosi\u0142 tylko o <i><b>serce pe\u0142ne rozs\u0105dku do s\u0105dzenia <\/b><\/i><b>[\u2026]<\/b><b> <\/b><i><b>ludu i rozr\u00f3\u017cniania dobra i z\u0142a, <\/b><\/i>bo w\u0142a\u015bnie owa m\u0105dro\u015b\u0107, kt\u00f3r\u0105 w tym momencie naprawd\u0119 si\u0119 wykaza\u0142, podpowiedzia\u0142a mu, \u017ce je\u015bli to b\u0119dzie mia\u0142, <b>to b\u0119dzie mia\u0142 wszystko inne.<\/b> <\/span><\/span><\/span><\/p>\n<p align=\"justify\"><span style=\"color: #000000;\"><span style=\"font-family: Book Antiqua, serif;\"><span style=\"font-size: large;\">Zreszt\u0105, sam B\u00f3g podobnie my\u015bla\u0142, bo pochwali\u0142 taki w\u0142a\u015bnie wyb\u00f3r swego s\u0142ugi, m\u00f3wi\u0105c: <i><b>Poniewa\u017c poprosi\u0142e\u015b o to,<\/b><\/i><b> [\u2026] <\/b><i><b>wi\u0119c spe\u0142niam twoje pragnienie i daj\u0119 ci serce m\u0105dre i rozs\u0105dne, takie, \u017ce podobnego tobie przed tob\u0105 nie by\u0142o i po tobie nie b\u0119dzie. <\/b><\/i>I ju\u017c dzisiaj nie s\u0142yszymy w pierwszym czytaniu, ale z lektury dalszego ci\u0105gu Pierwszej Ksi\u0119gi Kr\u00f3lewskiej dowiadujemy si\u0119, \u017ce B\u00f3g <b>obieca\u0142 mu wiele spo\u015br\u00f3d tych dar\u00f3w,<\/b> o kt\u00f3re ten nie poprosi\u0142, bo zale\u017ca\u0142o mu przede wszystkim na m\u0105dro\u015bci. Dosta\u0142 wi\u0119c m\u0105dro\u015b\u0107 \u2013 i pozosta\u0142e dary.<\/span><\/span><\/span><\/p>\n<p align=\"justify\"><span style=\"color: #000000;\"><span style=\"font-family: Book Antiqua, serif;\"><span style=\"font-size: large;\">A swoj\u0105 drog\u0105, to znak <b>wielkiego zaufania Boga do cz\u0142owieka,<\/b> skoro tak po prostu, w kt\u00f3rym\u015b momencie kszta\u0142towania wsp\u00f3lnych relacji, powiedzia\u0142 do niego: <i><b>Pro\u015b o to, co mam ci da\u0107. <\/b><\/i>Czym sobie zas\u0142u\u017cy\u0142 ten \u2013 co by nie m\u00f3wi\u0107 \u2013 w ko\u0144cu <b>m\u0142ody cz\u0142owiek?<\/b> Czy t\u0105 m\u0105dro\u015bci\u0105, kt\u00f3r\u0105 \u2013 jako rzekli\u015bmy \u2013 mia\u0142 w sobie? C\u00f3\u017c takiego dostrzeg\u0142 w nim B\u00f3g?<\/span><\/span><\/span><\/p>\n<p align=\"justify\"><span style=\"color: #000000;\"><span style=\"font-family: Book Antiqua, serif;\"><span style=\"font-size: large;\">A co w nas wszystkich dostrzega, skoro w drugim czytaniu Pawe\u0142 Aposto\u0142 przekonuje nas, i\u017c <i><b>wiemy, \u017ce <\/b><\/i><i><b>B\u00f3g z tymi, kt\u00f3rzy Go mi\u0142uj\u0105, wsp\u00f3\u0142dzia\u0142a we wszystkim dla ich dobra, z tymi, kt\u00f3rzy s\u0105 powo\u0142ani wed\u0142ug Jego zamiaru.<\/b><\/i> Co ciekawe, Aposto\u0142 nie podaje tego jako czego\u015b nowego, zaskakuj\u0105cego i niezwyk\u0142ego \u2013 czym, w istocie, taka wiadomo\u015b\u0107 jest \u2013 ale m\u00f3wi o tym, jako o czym\u015b oczywistym: <i><b>Wiemy, \u017ce B\u00f3g wsp\u00f3\u0142dzia\u0142a\u2026<\/b><\/i> Przecie\u017c to takie oczywiste \u2013 zdaje si\u0119 przekonywa\u0107 Aposto\u0142. <\/span><\/span><\/span><\/p>\n<p align=\"justify\"><span style=\"color: #000000;\"><span style=\"font-family: Book Antiqua, serif;\"><span style=\"font-size: large;\">A przecie\u017c \u2013 tak naprawd\u0119 \u2013 to jest <b>co\u015b niesamowitego, co\u015b g\u0142\u0119bokiego i wspania\u0142ego!<\/b> B\u00f3g wsp\u00f3\u0142dzia\u0142a <i><b>we wszystkim<\/b><\/i> z cz\u0142owiekiem. <i><b>We wszystkim <\/b><\/i>\u2013 dla jego dobra. Czyli, nie do ko\u0144ca we wszystkim. Bo cz\u0142owiek \u2013 wiemy to z w\u0142asnego do\u015bwiadczenia \u2013 podejmuje niekiedy dzia\u0142ania <b>nie dla swego dobra\u2026<\/b> Cz\u0142owiek niekt\u00f3rymi dzia\u0142aniami zwyczajnie <b>sobie szkodzi! <\/b>I B\u00f3g na pewno w tym akurat nie b\u0119dzie mu pomaga\u0142. <\/span><\/span><\/span><\/p>\n<p align=\"justify\"><span style=\"color: #000000;\"><span style=\"font-family: Book Antiqua, serif;\"><span style=\"font-size: large;\">Ponadto, jest jeszcze jeden warunek tego Bo\u017cego wsp\u00f3\u0142dzia\u0142ania. S\u0142yszymy, \u017ce chodzi o <b>tych, kt\u00f3rzy mi\u0142uj\u0105 Boga.<\/b> To tak naprawd\u0119 jedyny warunek, by uruchomi\u0107 ca\u0142\u0105 pot\u0119\u017cn\u0105 lawin\u0119 Bo\u017cego wsparcia. Z ca\u0142\u0105 pewno\u015bci\u0105, B\u00f3g by\u0142 przekonany, \u017ce ten w\u0142a\u015bnie warunek <b>spe\u0142nia\u0142 m\u0142ody Salomon, <\/b>dlatego pad\u0142a owa zach\u0119ta do poproszenia o cokolwiek! Bo i z Salomonem B\u00f3g chcia\u0142 <b>\u00ab<\/b><b>wsp\u00f3\u0142dzia\u0142a\u0107 we wszystkim dla jego dobra<\/b><b>\u00bb<\/b><b>.<\/b> <\/span><\/span><\/span><\/p>\n<p align=\"justify\"><span style=\"color: #000000;\"><span style=\"font-family: Book Antiqua, serif;\"><span style=\"font-size: large;\">A Salomon tym w\u0142a\u015bnie \u201ezaplusowa\u0142\u201d u Boga, \u017ce rozszerzy\u0142 to spectrum i chcia\u0142, aby B\u00f3g wsp\u00f3\u0142dzia\u0142a\u0142 z nim <i><b>we wszystkim<\/b><\/i> \u2013 ale nie tylko dla jego osobistego dobra, a <b>dla dobra ca\u0142ego narodu, <\/b>ca\u0142ego kr\u00f3lestwa! <\/span><\/span><\/span><\/p>\n<p align=\"justify\"><span style=\"color: #000000;\"><span style=\"font-family: Book Antiqua, serif;\"><span style=\"font-size: large;\">W s\u0142owach Aposto\u0142a Paw\u0142a znajdujemy jeszcze dalsze, dok\u0142adniejsze uszczeg\u00f3\u0142owienie, o kogo chodzi. Aposto\u0142 pisze, \u017ce B\u00f3g<i><b> tych, kt\u00f3rych od wiek\u00f3w pozna\u0142, tych te\u017c przeznaczy\u0142 na to, by si\u0119 stali na wz\u00f3r obrazu Jego Syna, aby On by\u0142 pierworodnym mi\u0119dzy wielu bra\u0107mi. Tych za\u015b, kt\u00f3rych przeznaczy\u0142, tych te\u017c powo\u0142a\u0142, a kt\u00f3rych powo\u0142a\u0142, tych te\u017c usprawiedliwi\u0142, a kt\u00f3rych usprawiedliwi\u0142, tych te\u017c obdarzy\u0142 chwa\u0142\u0105.<\/b><\/i><b> <\/b>Troch\u0119 zawi\u0142y tekst \u2013 jak to zwykle, u Paw\u0142a\u2026 O kogo bowiem mo\u017ce chodzi\u0107? <\/span><\/span><\/span><\/p>\n<p align=\"justify\"><span style=\"color: #000000;\"><span style=\"font-family: Book Antiqua, serif;\"><span style=\"font-size: large;\">Oczywi\u015bcie, <b>o nas wszystkich<\/b> \u2013 o wszystkich, kt\u00f3rzy chc\u0105 by\u0107 blisko Boga i chc\u0105 dost\u0105pi\u0107 zbawienia! Bo przecie\u017c do przyja\u017ani ze sob\u0105 i do zbawienia \u2013 <b>B\u00f3g zaprasza wszystkich, bez wyj\u0105tku! <\/b>Bo\u017cy Syn, Jezus Chrystus, za ka\u017cdego z ludzi z\u0142o\u017cy\u0142 w ofierze swoje \u017cycie. Nikt nie jest z tego wybrania i obdarowania <b>wy\u0142\u0105czony \u2013 nikt!<\/b> Poza tymi, kt\u00f3rzy <b>sami si\u0119 wy\u0142\u0105cz\u0105,<\/b> ale to ich wolna decyzja. <\/span><\/span><\/span><\/p>\n<p align=\"justify\"><span style=\"color: #000000;\"><span style=\"font-family: Book Antiqua, serif;\"><span style=\"font-size: large;\">Natomiast odwieczny plan Bo\u017cy zak\u0142ada zbawienie wszystkich ludzi i wszyscy s\u0105 <b>wybrani, <\/b>wszyscy s\u0105 <b>umi\u0142owani,<\/b> wszyscy s\u0105 <b>usprawiedliwieni,<\/b> wszyscy mog\u0105 by\u0107 na wieki <b>zbawieni.<\/b> Wszyscy! O ile tylko \u2013 o ile mo\u017cna tu u\u017cy\u0107 s\u0142owa: tylko \u2013 kochaj\u0105 Boga. <\/span><\/span><\/span><\/p>\n<p align=\"justify\"><span style=\"color: #000000;\"><span style=\"font-family: Book Antiqua, serif;\"><span style=\"font-size: large;\">W innym t\u0142umaczeniu, to zdanie, i\u017c <i><b>w<\/b><\/i><i><b>iemy, \u017ce B\u00f3g z tymi, kt\u00f3rzy Go mi\u0142uj\u0105, wsp\u00f3\u0142dzia\u0142a we wszystkim dla ich dobra, z tymi, kt\u00f3rzy s\u0105 powo\u0142ani wed\u0142ug Jego zamiaru,<\/b><\/i><b> <\/b>brzmi nieco inaczej: <i><b>Wiemy przecie\u017c, \u017ce tym, kt\u00f3rzy kochaj\u0105 Boga i kt\u00f3rzy zostali powo\u0142ani zgodnie z Jego wcze\u015bniejszym zamys\u0142em, wszystko s\u0142u\u017cy dla ich dobra.<\/b><\/i> W sumie, o tym samym mowa, ale jakby nieco inaczej roz\u0142o\u017cone s\u0105 akcenty. W tym t\u0142umaczeniu, kt\u00f3re us\u0142yszeli\u015bmy w czytaniu, podkre\u015blone jest, \u017ce to <b>B\u00f3g wsp\u00f3\u0142dzia\u0142a dla dobra,<\/b> w tym drugim: \u017ce wszystko s\u0142u\u017cy dla ich dobra, <b>jakby samo z siebie.<\/b> <\/span><\/span><\/span><\/p>\n<p align=\"justify\"><span style=\"color: #000000;\"><span style=\"font-family: Book Antiqua, serif;\"><span style=\"font-size: large;\">W rzeczywisto\u015bci, chodzi tu o podkre\u015blenie jakiego\u015b bardzo sta\u0142ego i bardzo pewnego stanu rzeczy: ci, kt\u00f3rzy <b>zostali przez Boga powo\u0142ani <\/b>\u2013 a wi\u0119c wszyscy ludzie \u2013 oraz <b>kt\u00f3rzy Go kochaj\u0105 <\/b>(a tu ju\u017c chyba, niestety, nie wszyscy, cho\u0107 wszyscy maj\u0105 tak\u0105 szans\u0119), mog\u0105 Boga prosi\u0107 o co chc\u0105, bo przecie\u017c wiadomym jest, \u017ce skoro Boga kochaj\u0105, to <b>nie poprosz\u0105<\/b> o co\u015b, co by si\u0119 <b>Bogu sprzeciwia\u0142o.<\/b> Wed\u0142ug zasady \u015awi\u0119tego Augustyna: <b>\u201eKochaj \u2013 i czy\u0144, co chcesz!\u201d <\/b>Je\u015bli si\u0119 <b>naprawd\u0119<\/b> kocha Boga, w\u00f3wczas ani nie poprosi si\u0119 o nic z\u0142ego, ani si\u0119 nie zrobi czego\u015b g\u0142upiego!<\/span><\/span><\/span><\/p>\n<p align=\"justify\"><span style=\"color: #000000;\"><span style=\"font-family: Book Antiqua, serif;\"><span style=\"font-size: large;\">A na czym konkretnie owo kochanie Boga <b>mia\u0142oby polega\u0107?<\/b> Bo raczej zgodzimy si\u0119, \u017ce <b>nie na s\u0142owach,<\/b> zapewnieniach, deklaracjach, czy tkliwych, \u0142zawych wzruszeniach. Na czym wi\u0119c?<\/span><\/span><\/span><\/p>\n<p align=\"justify\"><span style=\"color: #000000;\"><span style=\"font-family: Book Antiqua, serif;\"><span style=\"font-size: large;\">Z pewno\u015bci\u0105 na tym, do czego zach\u0119ca dzisiaj Jezus w Ewangelii, w przypowie\u015bci o skarbie ukrytym w roli i kupcu, poszukuj\u0105cym pi\u0119knych pere\u0142. W jednym i drugim przypadku, dla zdobycia tego jednego, znalezionego lub poszukiwanego skarbu, zosta\u0142o <b>po\u015bwi\u0119cone wszystko inne.<\/b> <\/span><\/span><\/span><\/p>\n<p align=\"justify\"><span style=\"color: #000000;\"><span style=\"font-family: Book Antiqua, serif;\"><span style=\"font-size: large;\">Dla zdobycia skarbu, ukrytego w roli, znalazca <b>kupi\u0142 ca\u0142\u0105 rol\u0119.<\/b> Pewnie ca\u0142a rola mu nie by\u0142a potrzebna, ale tam by\u0142 skarb, wi\u0119c si\u0119 nie zastanawia\u0142. Z kolei kupiec, \u017ceby kupi\u0107 drogocenn\u0105 per\u0142\u0119, <b>sprzeda\u0142 wszystko, co posiada\u0142. <\/b>To obrazuje osobiste <b>po\u015bwi\u0119cenie,<\/b> jakie trzeba ponie\u015b\u0107, aby zyska\u0107 to, co ma najwi\u0119ksz\u0105 warto\u015b\u0107.<\/span><\/span><\/span><\/p>\n<p align=\"justify\"><span style=\"color: #000000;\"><span style=\"font-family: Book Antiqua, serif;\"><span style=\"font-size: large;\">Dla nas \u2013 ludzi wybranych i ukochanych przez Boga, zaproszonych do zbawienia \u2013 c\u00f3\u017c mo\u017ce mie\u0107 <b>wi\u0119ksz\u0105 warto\u015b\u0107, ni\u017c mi\u0142o\u015b\u0107 Bo\u017ca:<\/b> mi\u0142o\u015b\u0107 Boga do nas i nasza do Niego? To jest naszym najwi\u0119kszym skarbem. Przeto <b>wszystkie nasze modlitwy, <\/b>jakie codziennie zanosimy w rozmaitych intencjach, przede wszystkim winny nas prowadzi\u0107<b> do pog\u0142\u0119bienia wi\u0119zi z Bogiem, <\/b>do wyra\u017cenia i wzmocnienia <b>mi\u0142o\u015bci do Niego.<\/b> A w\u00f3wczas wszystko inne \u2013 <b>\u00ab<\/b><b>b\u0119dzie nam dodane<\/b><b>\u00bb<\/b><b>,<\/b> stanie si\u0119 tak\u017ce naszym udzia\u0142em. <\/span><\/span><\/span><\/p>\n<p align=\"justify\"><span style=\"color: #000000;\"><span style=\"font-family: Book Antiqua, serif;\"><span style=\"font-size: large;\">Inna sprawa, \u017ce kiedy w tych naszych relacjach z Bogiem najwa\u017cniejsza b\u0119dzie w\u0142a\u015bnie mi\u0142o\u015b\u0107 do Niego, to szybko si\u0119 oka\u017ce, \u017ce o pewne rzeczy <b>nie b\u0119dziemy ju\u017c prosi\u0107 na modlitwie, <\/b>bo uznamy je za nieistotne, niepotrzebne \u2013 by\u0107 mo\u017ce, oka\u017c\u0105 si\u0119 jedynie chwilow\u0105 zachciank\u0105. Je\u017celi b\u0119dziemy budowali <b>mocn\u0105, pe\u0142n\u0105 mi\u0142o\u015bci, prawdziw\u0105 wi\u0119\u017a z Jezusem,<\/b> to na wiele rzeczy w naszym \u017cyciu, w naszej codzienno\u015bci, w naszym otoczeniu \u2013 <b>spojrzymy zupe\u0142nie<\/b> <b>inaczej,<\/b> ni\u017c dotychczas: spojrzymy <b>g\u0142\u0119biej, m\u0105drzej, bardziej ewangelicznie.<\/b> <\/span><\/span><\/span><\/p>\n<p align=\"justify\"><span style=\"color: #000000;\"><span style=\"font-family: Book Antiqua, serif;\"><span style=\"font-size: large;\">Pewne rzeczy i potrzeby, kt\u00f3re dot\u0105d wydawa\u0142y si\u0119 najwa\u017cniejsze na \u015bwiecie, <b>strac\u0105 tak\u0105 rang\u0119,<\/b> a znowu inne, dot\u0105d niewa\u017cne, <b>zyskaj\u0105! <\/b>Poza tym, je\u017celi mi\u0119dzy nami a Bogiem b\u0119dzie prawdziwa, pe\u0142na mi\u0142o\u015bci wi\u0119\u017a, w\u00f3wczas <b>\u0142atwiej <\/b><b>zaakceptujemy <\/b>\u2013 a mo\u017ce nawet do pewnego stopnia <b>zrozumiemy<\/b> \u2013 \u017ce B\u00f3g <b>nie daje nam<\/b> tego, o co Go akurat prosimy, albo <b>daje w inny spos\u00f3b,<\/b> ni\u017c by\u015bmy si\u0119 spodziewali. <\/span><\/span><\/span><\/p>\n<p align=\"justify\"><span style=\"color: #000000;\"><span style=\"font-family: Book Antiqua, serif;\"><span style=\"font-size: large;\">Bo nasza modlitwa nie b\u0119dzie targowaniem si\u0119 na spos\u00f3b handlowy, ale <b>ufnym <\/b><b>powierzeniem<\/b><b> si\u0119 w r\u0119ce Boga,<\/b> kt\u00f3ry zawsze chce naszego dobra \u2013 nawet, je\u017celi nie daje tego, o co Go akurat prosimy i prowadzi nas <b>drog\u0105, kt\u00f3rej nie rozumiemy, <\/b>albo kt\u00f3ra jest nawet trudna\u2026 W przypadku relacji pe\u0142nej mi\u0142o\u015bci, szczerej wzajemnej przyja\u017ani i zaufania, b\u0119dziemy coraz bardziej dojrzewali wewn\u0119trznie do przekonania, \u017ce B\u00f3g naprawd\u0119 \u2013 <i><b>z tymi, kt\u00f3rzy Go mi\u0142uj\u0105, wsp\u00f3\u0142dzia\u0142a we wszystkim dla ich dobra.<\/b><\/i><b> <\/b>Czyli \u2013 dla naszego dobra. Ale \u2013 w Jego spos\u00f3b!<\/span><\/span><\/span><\/p>\n<p align=\"justify\"><span style=\"color: #000000;\"><span style=\"font-family: Book Antiqua, serif;\"><span style=\"font-size: large;\">Moi Drodzy, to ju\u017c jest wy\u017cszy stopie\u0144 relacji cz\u0142owieka z Bogiem, ni\u017c tylko takie zwyczajne i ma\u0142ostkowe: <b>\u201eJak prosz\u0119, to masz mi da\u0107, a jak nie dasz, to obra\u017cony odejd\u0119\u201d\u2026<\/b> W relacji pe\u0142nej mi\u0142o\u015bci jest to wzajemne zaufanie, kt\u00f3re prowadzi do przekonania, \u017ce<b> B\u00f3g naprawd\u0119 wie, co robi <\/b>\u2013 tak\u017ce, je\u017celi my tego w danym momencie nie wiemy. <\/span><\/span><\/span><\/p>\n<p align=\"justify\"><span style=\"color: #000000;\"><span style=\"font-family: Book Antiqua, serif;\"><span style=\"font-size: large;\">I \u017ce kochamy Go \u2013 kochamy si\u0119 nawzajem \u2013 <b>bez wzgl\u0119du na dora\u017ane okoliczno\u015bci,<\/b> czy wydarzenia w naszym \u017cyciu. Bo B\u00f3g ka\u017cde z nich \u2013 nawet, a mo\u017ce przede wszystkim te najtrudniejsze \u2013 <b>przekuje na nasze prawdziwe i trwa\u0142e dobro,<\/b> a ostatecznie tak\u017ce rado\u015b\u0107 i szcz\u0119\u015bcie.<\/span><\/span><\/span><\/p>\n<p align=\"justify\"><span style=\"color: #000000;\"><span style=\"font-family: Book Antiqua, serif;\"><span style=\"font-size: large;\">I wtedy nie b\u0119dziemy mie\u0107 \u017cadnych w\u0105tpliwo\u015bci co do tego, \u017ce On sam, ca\u0142ym swoim majestatem \u2013 <i><b>z<\/b><\/i><i> <\/i><i><b>tymi, kt\u00f3rzy Go mi\u0142uj\u0105, wsp\u00f3\u0142dzia\u0142a we wszystkim dla ich dobra. <\/b><\/i><\/span><\/span><\/span><\/p>\n<p align=\"justify\"><span style=\"color: #000000;\"><span style=\"font-family: Book Antiqua, serif;\"><span style=\"font-size: large;\">Czy jestem got\u00f3w na to, by B\u00f3g m\u00f3g\u0142 ze mn\u0105 wsp\u00f3\u0142dzia\u0142a\u0107 <b>we wszystkim<\/b> \u2013 dla dobra mojego i tych, w\u015br\u00f3d kt\u00f3rych i dla kt\u00f3rych \u017cyj\u0119? Czy mam odwag\u0119 \u2013 jak ten ewangeliczny ojciec rodziny \u2013 ze skarbca moich do\u015bwiadcze\u0144 relacji z Bogiem, <b>wydobywa\u0107 rzeczy nowe i stare?\u2026<\/b><\/span><\/span><\/span><\/p>\n","protected":false},"excerpt":{"rendered":"<p>Niech b\u0119dzie pochwalony Jezus Chrystus! Moi Drodzy, w dni dzisiejszym imieniny prze\u017cywa moja Siostra, Anna Nied\u017awiedzka. Dzi\u0119kuj\u0105c za \u015bwiadectwo pi\u0119knej postawy \u017bony i Matki, oraz za nasz \u015bwietny kontakt, kt\u00f3ry pozwala porozmawia\u0107 o wszystkim i zawsze si\u0119 wspiera\u0107, \u017cycz\u0119 nieustannego entuzjazmu wiary, pogody ducha, rado\u015bci i nadziei \u2013 i takiego zwyk\u0142ego, ludzkiego szcz\u0119\u015bcia. Zapewniam o [&hellip;]<\/p>\n","protected":false},"author":1,"featured_media":0,"comment_status":"open","ping_status":"open","sticky":false,"template":"","format":"standard","meta":{"jetpack_post_was_ever_published":false,"_jetpack_newsletter_access":"","_jetpack_dont_email_post_to_subs":false,"_jetpack_newsletter_tier_id":0,"_jetpack_memberships_contains_paywalled_content":false,"_jetpack_memberships_contains_paid_content":false,"footnotes":""},"categories":[1],"tags":[],"class_list":["post-17478","post","type-post","status-publish","format-standard","hentry","category-bez-kategorii"],"yoast_head":"<!-- This site is optimized with the Yoast SEO plugin v25.1 - https:\/\/yoast.com\/wordpress\/plugins\/seo\/ -->\n<title>Pro\u015b o to, co mam Ci da\u0107! - Gaudium Et Spes<\/title>\n<meta name=\"robots\" content=\"index, follow, max-snippet:-1, max-image-preview:large, max-video-preview:-1\" \/>\n<link rel=\"canonical\" href=\"https:\/\/gaudiumetspes-blog.pl\/index.php\/2020\/07\/26\/pros-o-to-co-mam-ci-dac-2\/\" \/>\n<meta property=\"og:locale\" content=\"pl_PL\" \/>\n<meta property=\"og:type\" content=\"article\" \/>\n<meta property=\"og:title\" content=\"Pro\u015b o to, co mam Ci da\u0107! - Gaudium Et Spes\" \/>\n<meta property=\"og:description\" content=\"Niech b\u0119dzie pochwalony Jezus Chrystus! Moi Drodzy, w dni dzisiejszym imieniny prze\u017cywa moja Siostra, Anna Nied\u017awiedzka. Dzi\u0119kuj\u0105c za \u015bwiadectwo pi\u0119knej postawy \u017bony i Matki, oraz za nasz \u015bwietny kontakt, kt\u00f3ry pozwala porozmawia\u0107 o wszystkim i zawsze si\u0119 wspiera\u0107, \u017cycz\u0119 nieustannego entuzjazmu wiary, pogody ducha, rado\u015bci i nadziei \u2013 i takiego zwyk\u0142ego, ludzkiego szcz\u0119\u015bcia. Zapewniam o [&hellip;]\" \/>\n<meta property=\"og:url\" content=\"https:\/\/gaudiumetspes-blog.pl\/index.php\/2020\/07\/26\/pros-o-to-co-mam-ci-dac-2\/\" \/>\n<meta property=\"og:site_name\" content=\"Gaudium Et Spes\" \/>\n<meta property=\"article:published_time\" content=\"2020-07-26T04:26:14+00:00\" \/>\n<meta name=\"author\" content=\"Ks. Jacek\" \/>\n<meta name=\"twitter:card\" content=\"summary_large_image\" \/>\n<meta name=\"twitter:label1\" content=\"Napisane przez\" \/>\n\t<meta name=\"twitter:data1\" content=\"Ks. Jacek\" \/>\n\t<meta name=\"twitter:label2\" content=\"Szacowany czas czytania\" \/>\n\t<meta name=\"twitter:data2\" content=\"16 minut\" \/>\n<script type=\"application\/ld+json\" class=\"yoast-schema-graph\">{\"@context\":\"https:\/\/schema.org\",\"@graph\":[{\"@type\":\"WebPage\",\"@id\":\"https:\/\/gaudiumetspes-blog.pl\/index.php\/2020\/07\/26\/pros-o-to-co-mam-ci-dac-2\/\",\"url\":\"https:\/\/gaudiumetspes-blog.pl\/index.php\/2020\/07\/26\/pros-o-to-co-mam-ci-dac-2\/\",\"name\":\"Pro\u015b o to, co mam Ci da\u0107! - Gaudium Et Spes\",\"isPartOf\":{\"@id\":\"https:\/\/gaudiumetspes-blog.pl\/#website\"},\"datePublished\":\"2020-07-26T04:26:14+00:00\",\"author\":{\"@id\":\"https:\/\/gaudiumetspes-blog.pl\/#\/schema\/person\/1661982992b752dea8dff0d4ed845a65\"},\"breadcrumb\":{\"@id\":\"https:\/\/gaudiumetspes-blog.pl\/index.php\/2020\/07\/26\/pros-o-to-co-mam-ci-dac-2\/#breadcrumb\"},\"inLanguage\":\"pl-PL\",\"potentialAction\":[{\"@type\":\"ReadAction\",\"target\":[\"https:\/\/gaudiumetspes-blog.pl\/index.php\/2020\/07\/26\/pros-o-to-co-mam-ci-dac-2\/\"]}]},{\"@type\":\"BreadcrumbList\",\"@id\":\"https:\/\/gaudiumetspes-blog.pl\/index.php\/2020\/07\/26\/pros-o-to-co-mam-ci-dac-2\/#breadcrumb\",\"itemListElement\":[{\"@type\":\"ListItem\",\"position\":1,\"name\":\"Strona g\u0142\u00f3wna\",\"item\":\"https:\/\/gaudiumetspes-blog.pl\/\"},{\"@type\":\"ListItem\",\"position\":2,\"name\":\"Pro\u015b o&nbsp;to, co mam Ci da\u0107!\"}]},{\"@type\":\"WebSite\",\"@id\":\"https:\/\/gaudiumetspes-blog.pl\/#website\",\"url\":\"https:\/\/gaudiumetspes-blog.pl\/\",\"name\":\"Gaudium Et Spes\",\"description\":\"Blog Ks. Jacka Ja\u015bkowskiego\",\"potentialAction\":[{\"@type\":\"SearchAction\",\"target\":{\"@type\":\"EntryPoint\",\"urlTemplate\":\"https:\/\/gaudiumetspes-blog.pl\/?s={search_term_string}\"},\"query-input\":{\"@type\":\"PropertyValueSpecification\",\"valueRequired\":true,\"valueName\":\"search_term_string\"}}],\"inLanguage\":\"pl-PL\"},{\"@type\":\"Person\",\"@id\":\"https:\/\/gaudiumetspes-blog.pl\/#\/schema\/person\/1661982992b752dea8dff0d4ed845a65\",\"name\":\"Ks. Jacek\",\"image\":{\"@type\":\"ImageObject\",\"inLanguage\":\"pl-PL\",\"@id\":\"https:\/\/gaudiumetspes-blog.pl\/#\/schema\/person\/image\/\",\"url\":\"https:\/\/gaudiumetspes-blog.pl\/wp-content\/uploads\/2019\/07\/avatar-JJ-150x150.jpg\",\"contentUrl\":\"https:\/\/gaudiumetspes-blog.pl\/wp-content\/uploads\/2019\/07\/avatar-JJ-150x150.jpg\",\"caption\":\"Ks. Jacek\"},\"description\":\"Witam serdecznie! K\u0142ania si\u0119 Ks. Jacek Ja\u015bkowski. Nie jestem ani kim\u015b wa\u017cnym, ani kim\u015b znanym. Jestem ksi\u0119dzem, kt\u00f3ry po prostu chce rozmawia\u0107. Codzienna kap\u0142a\u0144ska pos\u0142uga pokazuje mi, \u017ce temat\u00f3w do rozm\u00f3w z ksi\u0119dzem jest coraz wi\u0119cej i dzisiaj \u017caden ksi\u0105dz nie mo\u017ce od nich ucieka\u0107, ale - wprost przeciwnie - podejmowa\u0107 nowe wyzwania. To przekonanie sk\u0142oni\u0142o mnie do pr\u00f3by otwarcia tego\u017c bloga, chocia\u017c okazji do rozm\u00f3w na co dzie\u0144 - w konfesjonale i poza nim - na szcz\u0119\u015bcie nie brakuje. My\u015bl\u0119 jednak, \u017ce ten blog b\u0119dzie jeszcze jednym sposobem i przestrzeni\u0105 nawi\u0105zania kontaktu z lud\u017ami dobrej woli, otwartymi na dialog.\",\"url\":\"https:\/\/gaudiumetspes-blog.pl\/index.php\/author\/ks-jacek\/\"}]}<\/script>\n<!-- \/ Yoast SEO plugin. -->","yoast_head_json":{"title":"Pro\u015b o to, co mam Ci da\u0107! - Gaudium Et Spes","robots":{"index":"index","follow":"follow","max-snippet":"max-snippet:-1","max-image-preview":"max-image-preview:large","max-video-preview":"max-video-preview:-1"},"canonical":"https:\/\/gaudiumetspes-blog.pl\/index.php\/2020\/07\/26\/pros-o-to-co-mam-ci-dac-2\/","og_locale":"pl_PL","og_type":"article","og_title":"Pro\u015b o to, co mam Ci da\u0107! - Gaudium Et Spes","og_description":"Niech b\u0119dzie pochwalony Jezus Chrystus! Moi Drodzy, w dni dzisiejszym imieniny prze\u017cywa moja Siostra, Anna Nied\u017awiedzka. Dzi\u0119kuj\u0105c za \u015bwiadectwo pi\u0119knej postawy \u017bony i Matki, oraz za nasz \u015bwietny kontakt, kt\u00f3ry pozwala porozmawia\u0107 o wszystkim i zawsze si\u0119 wspiera\u0107, \u017cycz\u0119 nieustannego entuzjazmu wiary, pogody ducha, rado\u015bci i nadziei \u2013 i takiego zwyk\u0142ego, ludzkiego szcz\u0119\u015bcia. Zapewniam o [&hellip;]","og_url":"https:\/\/gaudiumetspes-blog.pl\/index.php\/2020\/07\/26\/pros-o-to-co-mam-ci-dac-2\/","og_site_name":"Gaudium Et Spes","article_published_time":"2020-07-26T04:26:14+00:00","author":"Ks. Jacek","twitter_card":"summary_large_image","twitter_misc":{"Napisane przez":"Ks. Jacek","Szacowany czas czytania":"16 minut"},"schema":{"@context":"https:\/\/schema.org","@graph":[{"@type":"WebPage","@id":"https:\/\/gaudiumetspes-blog.pl\/index.php\/2020\/07\/26\/pros-o-to-co-mam-ci-dac-2\/","url":"https:\/\/gaudiumetspes-blog.pl\/index.php\/2020\/07\/26\/pros-o-to-co-mam-ci-dac-2\/","name":"Pro\u015b o to, co mam Ci da\u0107! - Gaudium Et Spes","isPartOf":{"@id":"https:\/\/gaudiumetspes-blog.pl\/#website"},"datePublished":"2020-07-26T04:26:14+00:00","author":{"@id":"https:\/\/gaudiumetspes-blog.pl\/#\/schema\/person\/1661982992b752dea8dff0d4ed845a65"},"breadcrumb":{"@id":"https:\/\/gaudiumetspes-blog.pl\/index.php\/2020\/07\/26\/pros-o-to-co-mam-ci-dac-2\/#breadcrumb"},"inLanguage":"pl-PL","potentialAction":[{"@type":"ReadAction","target":["https:\/\/gaudiumetspes-blog.pl\/index.php\/2020\/07\/26\/pros-o-to-co-mam-ci-dac-2\/"]}]},{"@type":"BreadcrumbList","@id":"https:\/\/gaudiumetspes-blog.pl\/index.php\/2020\/07\/26\/pros-o-to-co-mam-ci-dac-2\/#breadcrumb","itemListElement":[{"@type":"ListItem","position":1,"name":"Strona g\u0142\u00f3wna","item":"https:\/\/gaudiumetspes-blog.pl\/"},{"@type":"ListItem","position":2,"name":"Pro\u015b o&nbsp;to, co mam Ci da\u0107!"}]},{"@type":"WebSite","@id":"https:\/\/gaudiumetspes-blog.pl\/#website","url":"https:\/\/gaudiumetspes-blog.pl\/","name":"Gaudium Et Spes","description":"Blog Ks. Jacka Ja\u015bkowskiego","potentialAction":[{"@type":"SearchAction","target":{"@type":"EntryPoint","urlTemplate":"https:\/\/gaudiumetspes-blog.pl\/?s={search_term_string}"},"query-input":{"@type":"PropertyValueSpecification","valueRequired":true,"valueName":"search_term_string"}}],"inLanguage":"pl-PL"},{"@type":"Person","@id":"https:\/\/gaudiumetspes-blog.pl\/#\/schema\/person\/1661982992b752dea8dff0d4ed845a65","name":"Ks. Jacek","image":{"@type":"ImageObject","inLanguage":"pl-PL","@id":"https:\/\/gaudiumetspes-blog.pl\/#\/schema\/person\/image\/","url":"https:\/\/gaudiumetspes-blog.pl\/wp-content\/uploads\/2019\/07\/avatar-JJ-150x150.jpg","contentUrl":"https:\/\/gaudiumetspes-blog.pl\/wp-content\/uploads\/2019\/07\/avatar-JJ-150x150.jpg","caption":"Ks. Jacek"},"description":"Witam serdecznie! K\u0142ania si\u0119 Ks. Jacek Ja\u015bkowski. Nie jestem ani kim\u015b wa\u017cnym, ani kim\u015b znanym. Jestem ksi\u0119dzem, kt\u00f3ry po prostu chce rozmawia\u0107. Codzienna kap\u0142a\u0144ska pos\u0142uga pokazuje mi, \u017ce temat\u00f3w do rozm\u00f3w z ksi\u0119dzem jest coraz wi\u0119cej i dzisiaj \u017caden ksi\u0105dz nie mo\u017ce od nich ucieka\u0107, ale - wprost przeciwnie - podejmowa\u0107 nowe wyzwania. To przekonanie sk\u0142oni\u0142o mnie do pr\u00f3by otwarcia tego\u017c bloga, chocia\u017c okazji do rozm\u00f3w na co dzie\u0144 - w konfesjonale i poza nim - na szcz\u0119\u015bcie nie brakuje. My\u015bl\u0119 jednak, \u017ce ten blog b\u0119dzie jeszcze jednym sposobem i przestrzeni\u0105 nawi\u0105zania kontaktu z lud\u017ami dobrej woli, otwartymi na dialog.","url":"https:\/\/gaudiumetspes-blog.pl\/index.php\/author\/ks-jacek\/"}]}},"jetpack_featured_media_url":"","jetpack_sharing_enabled":true,"_links":{"self":[{"href":"https:\/\/gaudiumetspes-blog.pl\/index.php\/wp-json\/wp\/v2\/posts\/17478","targetHints":{"allow":["GET"]}}],"collection":[{"href":"https:\/\/gaudiumetspes-blog.pl\/index.php\/wp-json\/wp\/v2\/posts"}],"about":[{"href":"https:\/\/gaudiumetspes-blog.pl\/index.php\/wp-json\/wp\/v2\/types\/post"}],"author":[{"embeddable":true,"href":"https:\/\/gaudiumetspes-blog.pl\/index.php\/wp-json\/wp\/v2\/users\/1"}],"replies":[{"embeddable":true,"href":"https:\/\/gaudiumetspes-blog.pl\/index.php\/wp-json\/wp\/v2\/comments?post=17478"}],"version-history":[{"count":1,"href":"https:\/\/gaudiumetspes-blog.pl\/index.php\/wp-json\/wp\/v2\/posts\/17478\/revisions"}],"predecessor-version":[{"id":17479,"href":"https:\/\/gaudiumetspes-blog.pl\/index.php\/wp-json\/wp\/v2\/posts\/17478\/revisions\/17479"}],"wp:attachment":[{"href":"https:\/\/gaudiumetspes-blog.pl\/index.php\/wp-json\/wp\/v2\/media?parent=17478"}],"wp:term":[{"taxonomy":"category","embeddable":true,"href":"https:\/\/gaudiumetspes-blog.pl\/index.php\/wp-json\/wp\/v2\/categories?post=17478"},{"taxonomy":"post_tag","embeddable":true,"href":"https:\/\/gaudiumetspes-blog.pl\/index.php\/wp-json\/wp\/v2\/tags?post=17478"}],"curies":[{"name":"wp","href":"https:\/\/api.w.org\/{rel}","templated":true}]}}