{"id":17480,"date":"2020-07-27T07:21:04","date_gmt":"2020-07-27T05:21:04","guid":{"rendered":"https:\/\/gaudiumetspes-blog.pl\/?p=17480"},"modified":"2020-07-27T07:21:04","modified_gmt":"2020-07-27T05:21:04","slug":"w-ktorym-kierunku-zyje","status":"publish","type":"post","link":"https:\/\/gaudiumetspes-blog.pl\/index.php\/2020\/07\/27\/w-ktorym-kierunku-zyje\/","title":{"rendered":"W kt\u00f3rym kierunku \u017cyj\u0119?&#8230;"},"content":{"rendered":"<p align=\"justify\"><span style=\"color: #000000;\"><span style=\"font-family: Book Antiqua, serif;\"><span style=\"font-size: large;\">Szcz\u0119\u015b\u0107 Bo\u017ce! Moi Drodzy, <b>do grona wczorajszych Solenizantek chcia\u0142bym do\u0142\u0105czy\u0107 jeszcze kilka szacownych i dostojnych P<\/b><b>erson<\/b><b>. <\/b><\/span><\/span><\/span><\/p>\n<p align=\"justify\"><span style=\"color: #000000;\"><span style=\"font-family: Book Antiqua, serif;\"><span style=\"font-size: large;\"><b>A s\u0105 to Panie:<\/b><\/span><\/span><\/span><\/p>\n<p align=\"justify\"><span style=\"color: #000000;\">\u25ba<span style=\"font-family: Book Antiqua, serif;\"><span style=\"font-size: large;\"><b>Anna Kukawska, za moich czas\u00f3w licealnych \u2013 Nauczycielka j\u0119zyka rosyjskiego w moim Liceum im. Kraszewskiego w Bia\u0142ej Podlaskiej, a obecnie Osoba bardzo zaanga\u017cowana w \u017cycie naszej rodzinnej Parafii, do tego: obdarzona wieloma talentami, kt\u00f3re dzielnie rozwija; a tak w og\u00f3le \u2013 Osoba bardzo radosna, pogodna, otwarta i energiczna;<\/b><\/span><\/span><\/span><\/p>\n<p align=\"justify\"><span style=\"color: #000000;\">\u25ba<span style=\"font-family: Book Antiqua, serif;\"><span style=\"font-size: large;\"><b>Anna Charuta \u2013 Prorektor Uniwersytetu Przyrodniczo \u2013 Humanistycznego w Siedlcach; <\/b><\/span><\/span><\/span><\/p>\n<p align=\"justify\"><span style=\"color: #000000;\">\u25ba<span style=\"font-family: Book Antiqua, serif;\"><span style=\"font-size: large;\"><b>Anna Kos \u2013 Szefowa Ksi\u0119garni diecezjalnej w Siedlcach, a tak w og\u00f3le: bardzo \u017cyczliwa i uprzejma Osoba, maj\u0105ca chyba komputer w g\u0142owie, bo zwykle pami\u0119ta, co komu obieca\u0142a sprowadzi\u0107 do sklepu, je\u017celi kt\u00f3ry\u015b z nas, Ksi\u0119\u017cy, co\u015b zam\u00f3wi\u0142 do Parafii \u2013 i zawsze stara si\u0119 to za\u0142atwi\u0107;<\/b><\/span><\/span><\/span><\/p>\n<p align=\"justify\"><span style=\"color: #000000;\">\u25ba<span style=\"font-family: Book Antiqua, serif;\"><span style=\"font-size: large;\"><b>Anna G\u0119bka, Szefowa siedleckiego Oddzia\u0142u Polskiego Zwi\u0105zku Niewidomych, z kt\u00f3r\u0105 mam przyjemno\u015b\u0107 wsp\u00f3\u0142pracowa\u0107 z racji tej, \u017ce Duszpasterstwo Akademickie w Siedlcach ma pod opiek\u0105 tak\u017ce Duszpasterstwo Niewidomych; Osoba bardzo zaanga\u017cowana i nieust\u0119pliwa w d\u0105\u017ceniu do celu, pomimo utrudnie\u0144, zwi\u0105zanych z zupe\u0142n\u0105 utrat\u0105 wzroku;<\/b><\/span><\/span><\/span><\/p>\n<p align=\"justify\"><span style=\"color: #000000;\">\u25ba<span style=\"font-family: Book Antiqua, serif;\"><span style=\"font-size: large;\"><b>Anna Bronisz \u2013 \u017bona Wojciecha, za moich czas\u00f3w: Lektora w Radory\u017cu Ko\u015bcielnym.<\/b><\/span><\/span><\/span><\/p>\n<p align=\"justify\"><span style=\"color: #000000;\"><span style=\"font-family: Book Antiqua, serif;\"><span style=\"font-size: large;\"><b>A w\u0142a\u015bnie Wojciech dzisiaj prze\u017cywa urodziny.<\/b><\/span><\/span><\/span><\/p>\n<p align=\"justify\"><span style=\"color: #000000;\"><span style=\"font-family: Book Antiqua, serif;\"><span style=\"font-size: large;\"><b>Wszystkim \u015bwi\u0119tuj\u0105cym wczoraj i dzisiaj \u017cycz\u0119 intensywnego rozwoju wszelkich Bo\u017cych dar\u00f3w, kt\u00f3re w sobie odkryj\u0105. Wi\u0119cej o tym \u2013 w rozwa\u017caniu. Ze swej strony, zapewniam o modlitwie!<\/b><\/span><\/span><\/span><\/p>\n<p align=\"justify\"><span style=\"color: #000000;\"><span style=\"font-family: Book Antiqua, serif;\"><span style=\"font-size: large;\">Dzi\u0119kuj\u0119 za wczorajsze, pi\u0119kne komentarze! <\/span><\/span><\/span><\/p>\n<p align=\"justify\"><span style=\"color: #000000;\"><span style=\"font-family: Book Antiqua, serif;\"><span style=\"font-size: large;\">A na dzisiejszy dzie\u0144 \u2013 i na ca\u0142e \u017cycie \u2013 <b>niech Was b\u0142ogos\u0142awi B\u00f3g Wszechmog\u0105cy: Ojciec + i Syn, i Duch \u015awi\u0119ty. Amen<\/b><\/span><\/span><\/span><\/p>\n<p align=\"center\"><span style=\"color: #000000;\"><span style=\"font-family: Book Antiqua, serif;\"><span style=\"font-size: large;\">Gaudium et spes! Ks. Jacek<\/span><\/span><\/span><\/p>\n<p align=\"center\">\n<p align=\"center\">\n<p align=\"center\">\n<p align=\"center\">\n<p align=\"center\">\n<p align=\"justify\"><span style=\"color: #000000;\"><span style=\"font-family: Book Antiqua, serif;\"><span style=\"font-size: large;\"><b>Poniedzia\u0142ek 17 tygodnia zwyk\u0142ego, rok II,<\/b><\/span><\/span><\/span><\/p>\n<p align=\"justify\"><span style=\"color: #000000;\"><span style=\"font-family: Book Antiqua, serif;\"><span style=\"font-size: large;\"><b>27 lipca 2020.,<\/b><\/span><\/span><\/span><\/p>\n<p align=\"justify\"><span style=\"color: #000000;\"><span style=\"font-family: Book Antiqua, serif;\"><span style=\"font-size: large;\"><b>do czyta\u0144: Jr 13,1\u201311; Mt 13,31\u201335<\/b><\/span><\/span><\/span><\/p>\n<p align=\"justify\">\n<p align=\"justify\">\n<p align=\"justify\">\n<p align=\"justify\">\n<p align=\"justify\">\n<p align=\"justify\"><span style=\"color: #000000;\"><span style=\"font-family: Book Antiqua, serif;\"><span style=\"font-size: large;\"><b>CZYTANIE Z KSI\u0118GI PROROKA JEREMIASZA:<\/b><\/span><\/span><\/span><\/p>\n<p align=\"justify\"><span style=\"color: #000000;\"><span style=\"font-family: Book Antiqua, serif;\"><span style=\"font-size: large;\"><b>To powiedzia\u0142 mi Pan: \u201eId\u017a i kup sobie pas lniany, i w\u0142\u00f3\u017c go sobie na biodra, ale nie k\u0142ad\u017a go do wody\u201d. I kupi\u0142em pas zgodnie z rozkazem Pana, i w\u0142o\u017cy\u0142em go sobie na biodra.<\/b><\/span><\/span><\/span><\/p>\n<p align=\"justify\"><span style=\"color: #000000;\"><span style=\"font-family: Book Antiqua, serif;\"><span style=\"font-size: large;\"><b>Po raz drugi otrzyma\u0142em polecenie Pana: \u201eWe\u017a pas, kt\u00f3ry kupi\u0142e\u015b, a kt\u00f3ry nosisz na swych biodrach, wsta\u0144 i id\u017a nad Eufrat, i schowaj go tam w rozpadlinie ska\u0142y\u201d. Poszed\u0142em i ukry\u0142em go nad Eufratem, jak mi rozkaza\u0142 Pan.<\/b><\/span><\/span><\/span><\/p>\n<p align=\"justify\"><span style=\"color: #000000;\"><span style=\"font-family: Book Antiqua, serif;\"><span style=\"font-size: large;\"><b>Po up\u0142ywie wielu dni rzek\u0142 do mnie Pan: \u201eWsta\u0144 i id\u017a nad Eufrat, i zabierz stamt\u0105d pas, kt\u00f3ry ci kaza\u0142em ukry\u0107\u201d. I poszed\u0142em nad Eufrat, odszuka\u0142em i wyci\u0105gn\u0105\u0142em pas z miejsca, w kt\u00f3rym go ukry\u0142em, a oto pas zbutwia\u0142 i nie nadawa\u0142 si\u0119 do niczego.<\/b><\/span><\/span><\/span><\/p>\n<p align=\"justify\"><span style=\"color: #000000;\"><span style=\"font-family: Book Antiqua, serif;\"><span style=\"font-size: large;\"><b>I skierowa\u0142 Pan do mnie nast\u0119puj\u0105ce s\u0142owo: \u201eTo m\u00f3wi Pan: \u00abTak oto zniszcz\u0119 pych\u0119 Judy i bezgraniczn\u0105 pych\u0119 Jerozolimy. Przewrotny ten nar\u00f3d odmawia pos\u0142usze\u0144stwa moim s\u0142owom, post\u0119puj\u0105c wed\u0142ug swego zatwardzia\u0142ego serca; ugania si\u0119 za obcymi bogami, by im s\u0142u\u017cy\u0107 i oddawa\u0107 cze\u015b\u0107, niech wi\u0119c si\u0119 stanie jak ten pas, kt\u00f3ry nie nadaje si\u0119 do niczego. Albowiem jak przylega pas do bioder m\u0119\u017cczyzny, tak przygarn\u0105\u0142em do siebie ca\u0142y dom Izraela i ca\u0142y dom Judy, m\u00f3wi Pan, by by\u0142y dla Mnie narodem, moj\u0105 s\u0142aw\u0105, moim zaszczytem i moj\u0105 dum\u0105\u00bb\u201d.<\/b><\/span><\/span><\/span><\/p>\n<p align=\"justify\">\n<p align=\"justify\">\n<p align=\"justify\">\n<p align=\"justify\">\n<p align=\"justify\">\n<p align=\"justify\"><span style=\"color: #000000;\"><span style=\"font-family: Book Antiqua, serif;\"><span style=\"font-size: large;\"><b>S\u0141OWA EWANGELII WED\u0141UG \u015aWI\u0118TEGO MATEUSZA:<\/b><\/span><\/span><\/span><\/p>\n<p align=\"justify\"><span style=\"color: #000000;\"><span style=\"font-family: Book Antiqua, serif;\"><span style=\"font-size: large;\"><b>Jezus opowiedzia\u0142 t\u0142umom t\u0119 przypowie\u015b\u0107: \u201eKr\u00f3lestwo niebieskie podobne jest do ziarnka gorczycy, kt\u00f3re kto\u015b wzi\u0105\u0142 i posia\u0142 na swej roli. Jest ono najmniejsze ze wszystkich nasion, lecz gdy wyro\u015bnie, jest wi\u0119ksze od innych jarzyn i staje si\u0119 drzewem, tak \u017ce ptaki przylatuj\u0105 z powietrza i gnie\u017cd\u017c\u0105 si\u0119 na jego ga\u0142\u0119ziach\u201d.<\/b><\/span><\/span><\/span><\/p>\n<p align=\"justify\"><span style=\"color: #000000;\"><span style=\"font-family: Book Antiqua, serif;\"><span style=\"font-size: large;\"><b>Powiedzia\u0142 im inn\u0105 przypowie\u015b\u0107: \u201eKr\u00f3lestwo niebieskie podobne jest do zaczynu, kt\u00f3ry pewna kobieta wzi\u0119\u0142a i w\u0142o\u017cy\u0142a w trzy miary m\u0105ki, a\u017c si\u0119 wszystko zakwasi\u0142o\u201d.<\/b><\/span><\/span><\/span><b> <\/b><\/p>\n<p align=\"justify\"><span style=\"color: #000000;\"><span style=\"font-size: large;\"><span style=\"font-family: Book Antiqua, serif;\"><b>To wszystko m\u00f3wi\u0142 Jezus t\u0142umom w przypowie\u015bciach, a bez przypowie\u015bci nic im nie m\u00f3wi\u0142. Tak mia\u0142o si\u0119 spe\u0142ni\u0107 s\u0142owo Proroka: \u201eOtworz\u0119 usta w przypowie\u015bciach, wypowiem rzeczy ukryte od za\u0142o\u017cenia \u015bwiata\u201d.<\/b><\/span><\/span><\/span><\/p>\n<p align=\"justify\">\n<p align=\"justify\">\n<p align=\"justify\">\n<p align=\"justify\">\n<p align=\"justify\">\n<p align=\"justify\"><span style=\"color: #000000;\"><span style=\"font-family: Book Antiqua, serif;\"><span style=\"font-size: large;\">Destrukcja, zniszczenie, zgnilizna\u2026 Obrzydliwo\u015b\u0107, odraza, sw\u0105d\u2026 Oto <b>obraz relacji cz\u0142owieka z Bogiem.<\/b> Drastyczny? A no, drastyczny. Ale prawdziwy \u2013 skoro tak widzi to sam B\u00f3g. <\/span><\/span><\/span><\/p>\n<p align=\"justify\"><span style=\"color: #000000;\"><span style=\"font-family: Book Antiqua, serif;\"><span style=\"font-size: large;\">Tak nar\u00f3d wybrany potraktowa\u0142 swego Boga. Jak pas do bioder Jeremiasza, tak lud wybrany <b>przylega\u0142 do serca Boga. <\/b>I wtedy by\u0142 wielki i mocny. Kiedy jednak wybra\u0142 rozpadlin\u0119 grzechu \u2013 po prostu <b>moralnie zgni\u0142. <\/b>A wtedy \u2013 podobnie, jak \u00f3w pas, kt\u00f3ry ju\u017c nie nadawa\u0142 si\u0119 do niczego, tak i nar\u00f3d\u2026 W\u0142a\u015bnie, czy mo\u017cna powiedzie\u0107, \u017ce <b>nar\u00f3d nie nadaje si\u0119 do niczego?\u2026<\/b> <\/span><\/span><\/span><\/p>\n<p align=\"justify\"><span style=\"color: #000000;\"><span style=\"font-family: Book Antiqua, serif;\"><span style=\"font-size: large;\">To mocne, bardzo mocne stwierdzenie, ale jak inaczej zrozumie\u0107 te oto, bardzo ostre s\u0142owa samego Boga: <i><b>Tak oto zniszcz\u0119 pych\u0119 Judy i bezgraniczn\u0105 pych\u0119 Jerozolimy. Przewrotny ten nar\u00f3d odmawia pos\u0142usze\u0144stwa moim s\u0142owom, post\u0119puj\u0105c wed\u0142ug swego zatwardzia\u0142ego serca; ugania si\u0119 za obcymi bogami, by im s\u0142u\u017cy\u0107 i oddawa\u0107 cze\u015b\u0107, niech wi\u0119c si\u0119 stanie jak ten pas, kt\u00f3ry nie nadaje si\u0119 do niczego. <\/b><\/i><\/span><\/span><\/span><\/p>\n<p align=\"justify\"><span style=\"color: #000000;\"><span style=\"font-family: Book Antiqua, serif;\"><span style=\"font-size: large;\">To jeden z etap\u00f3w trudnych relacji Boga ze swym ludem. Tym ludem, kt\u00f3ry by\u0142 wybrany i umi\u0142owany, a kt\u00f3ry tak bardzo <b>lekcewa\u017cy\u0142 to swoje wybranie.<\/b> I dlatego m\u00f3wimy o tak mocnej i drastycznej destrukcji. Jak bowiem pas, noszony na biodrach, jest oznak\u0105 jakiej\u015b <b>znacz\u0105cej pozycji, dostoje\u0144stwa i godno\u015bci<\/b> tego, kto go majestatycznie nosi, ale zawilgocony, a w ko\u0144cu zbutwia\u0142y, staje si\u0119 szmat\u0105 do wyrzucenia \u2013 tak lud, powo\u0142any <b>do zaszczytnej przyja\u017ani ze swym Bogiem,<\/b> kiedy zlekcewa\u017cy \u00f3w zaszczyt, staje si\u0119\u2026 niczym ta zgni\u0142a szmata. <\/span><\/span><\/span><\/p>\n<p align=\"justify\"><span style=\"color: #000000;\"><span style=\"font-family: Book Antiqua, serif;\"><span style=\"font-size: large;\">Ostre s\u0142owa? Mocne? Za mocne? Chyba nie, skoro B\u00f3g takim w\u0142a\u015bnie obrazem chcia\u0142 si\u0119 pos\u0142u\u017cy\u0107, aby pokaza\u0107, jak <b>bardzo nisko<\/b> mo\u017ce upa\u015b\u0107 cz\u0142owiek, b\u0119d\u0105cy wcze\u015bniej <b>tak bardzo wysoko.<\/b> I jak to wyniesienie wcale nie jest gwarancj\u0105 tego, \u017ce si\u0119 nie upadnie \u2013 je\u017celi cz\u0142owiek <b>nie uszanuje i nie doceni tego, co ma.<\/b> Nie na darmo m\u00f3wi si\u0119, \u017ce im wi\u0119ksze wyniesienie, tym wi\u0119kszy upadek. Akurat takiego dzia\u0142ania jest w stanie dokona\u0107 cz\u0142owiek. <\/span><\/span><\/span><\/p>\n<p align=\"justify\"><span style=\"color: #000000;\"><span style=\"font-family: Book Antiqua, serif;\"><span style=\"font-size: large;\">Bo B\u00f3g dokonuje dzia\u0142ania <b>dok\u0142adnie odwrotnego: <\/b>z male\u0144ko\u015bci i drobiazgu \u2013 ku wielko\u015bci. Tak w\u0142a\u015bnie dokonuje si\u0119 wzrost Bo\u017cego kr\u00f3lestwa, o czym s\u0142yszymy w Ewangelii. Zauwa\u017cmy, \u017ce Bogu w og\u00f3le nie przeszkadza to, i\u017c ziarenko gorczycy jest <i><b>najmniejsze ze wszystkich nasion,<\/b><\/i><b> <\/b>a znowu kawa\u0142ek zaczynu jest te\u017c niewielki. <b>Bogu to nie przeszkadza<\/b> w doprowadzeniu do prawdziwego wzrostu. Podobnie, jak cz\u0142owiekowi \u2013 niestety \u2013 nie przeszkadza wielko\u015b\u0107 Bo\u017cych dar\u00f3w i Bo\u017cego wybrania <b>w doprowadzeniu do totalnego upadku. <\/b><\/span><\/span><\/span><\/p>\n<p align=\"justify\"><span style=\"color: #000000;\"><span style=\"font-family: Book Antiqua, serif;\"><span style=\"font-size: large;\">Moi Drodzy, to dzisiejsze Bo\u017ce s\u0142owo \u2013 to wielka przestroga, ale jednocze\u015bnie zach\u0119ta, aby\u015bmy <b>docenili wielko\u015b\u0107 Bo\u017cych dar\u00f3w,<\/b> kt\u00f3re s\u0105 naszym udzia\u0142em \u2013 i aby\u015bmy je <b>rozwijali, <\/b>a nie lekkomy\u015blnie marnotrawili. A jednocze\u015bnie \u2013 by\u015bmy rozwijali to wszystko, co chocia\u017c mo\u017ce nawet <b>niepozorne, wr\u0119cz male\u0144kie, ale jednak pochodzi od Boga<\/b> i jest zacz\u0105tkiem czego\u015b wielkiego: jakie\u015b drobne natchnienia, wewn\u0119trzne impulsy, albo te\u017c talenty, otrzymane od Pana. <\/span><\/span><\/span><\/p>\n<p align=\"justify\"><span style=\"color: #000000;\"><span style=\"font-family: Book Antiqua, serif;\"><span style=\"font-size: large;\">Wszystkie one, <b>je\u017celi b\u0119d\u0105 rozwijane<\/b> we wsp\u00f3\u0142pracy z Bogiem \u2013 a wcze\u015bniej <b>w og\u00f3le zauwa\u017cone <\/b>\u2013 przyczyni\u0105 si\u0119 do wzrostu Bo\u017cego kr\u00f3lestwa w moim sercu i w moim otoczeniu. <\/span><\/span><\/span><\/p>\n<p align=\"justify\"><span style=\"color: #000000;\"><span style=\"font-family: Book Antiqua, serif;\"><span style=\"font-size: large;\">Tylko, w kt\u00f3rym kierunku dokonuje si\u0119 \u00f3w ruch w moim \u017cyciu: <b>w kierunku rozwoju \u2013 czy w kierunku destrukcji? <\/b>Czy rozwijam dobro, czy je lekkomy\u015blnie niszcz\u0119?\u2026 Czy mozolnie i cierpliwie wznosz\u0119 si\u0119 ku g\u00f3rze, czy z hukiem staczam si\u0119 ku upadkowi?<\/span><\/span><\/span><\/p>\n<p align=\"justify\"><span style=\"color: #000000;\"><span style=\"font-family: Book Antiqua, serif;\"><span style=\"font-size: large;\">Zwr\u00f3\u0107my w tym wszystkim uwag\u0119 \u2013 o czym nieraz sobie przypominali\u015bmy \u2013 \u017ce w sprawach duchowego rozwoju i w og\u00f3le relacji z Bogiem nigdy nie mamy do czynienia z czym\u015b, co by\u015bmy okre\u015blili jako <b>stan sta\u0142y \u2013<\/b> na zasadzie, \u017ce skoro co\u015b osi\u0105gn\u0105\u0142em, na jaki\u015b poziom si\u0119 wspi\u0105\u0142em, to ju\u017c jest dobrze. Mog\u0119 by\u0107 zadowolony. Ju\u017c to mam, <b>nic nie musz\u0119 robi\u0107\u2026<\/b><\/span><\/span><\/span><\/p>\n<p align=\"justify\"><span style=\"color: #000000;\"><span style=\"font-family: Book Antiqua, serif;\"><span style=\"font-size: large;\">Ot\u00f3\u017c, tak si\u0119 nie da! Bo <b>albo<\/b> dokonuje si\u0119 wzrost i rozw\u00f3j, <b>albo<\/b> upadek i destrukcja. <b>Albo<\/b> si\u0119 wznosimy i rozwijamy, <b>albo<\/b> staczamy. I nawet bardzo wysoka pozycja spo\u0142eczna, i bardzo wysoki poziom rozwoju duchowego, <b>nie jest gwarancj\u0105<\/b> tego, \u017ce nic si\u0119 tu nie zmieni. Wprost przeciwnie, je\u017celi cz\u0142owiek ulegnie owej bezgranicznej pysze, o kt\u00f3r\u0105 B\u00f3g dzisiaj oskar\u017ca sw\u00f3j nar\u00f3d, <b>to po prostu upadnie.<\/b> Stoczy si\u0119. Z hukiem! Ale je\u017celi zaufa Bogu i podejmie z Nim wsp\u00f3\u0142prac\u0119, to b\u0119dzie <b>ci\u0105gle wznosi\u0142 si\u0119 i budowa\u0142. <\/b><\/span><\/span><\/span><\/p>\n<p align=\"justify\"><span style=\"color: #000000;\"><span style=\"font-family: Book Antiqua, serif;\"><span style=\"font-size: large;\">W kt\u00f3r\u0105 zatem stron\u0119 \u00f3w ruch dokonuje si\u0119 aktualnie w moim \u017cyciu. Je\u015bli tak mo\u017cna to sformu\u0142owa\u0107: <b>w kt\u00f3r<\/b><b>ym kierunku<\/b><b> \u017cyj\u0119?\u2026<\/b> <\/span><\/span><\/span><\/p>\n","protected":false},"excerpt":{"rendered":"<p>Szcz\u0119\u015b\u0107 Bo\u017ce! Moi Drodzy, do grona wczorajszych Solenizantek chcia\u0142bym do\u0142\u0105czy\u0107 jeszcze kilka szacownych i dostojnych Person. A s\u0105 to Panie: \u25baAnna Kukawska, za moich czas\u00f3w licealnych \u2013 Nauczycielka j\u0119zyka rosyjskiego w moim Liceum im. Kraszewskiego w Bia\u0142ej Podlaskiej, a obecnie Osoba bardzo zaanga\u017cowana w \u017cycie naszej rodzinnej Parafii, do tego: obdarzona wieloma talentami, kt\u00f3re dzielnie [&hellip;]<\/p>\n","protected":false},"author":1,"featured_media":0,"comment_status":"open","ping_status":"open","sticky":false,"template":"","format":"standard","meta":{"jetpack_post_was_ever_published":false,"_jetpack_newsletter_access":"","_jetpack_dont_email_post_to_subs":false,"_jetpack_newsletter_tier_id":0,"_jetpack_memberships_contains_paywalled_content":false,"_jetpack_memberships_contains_paid_content":false,"footnotes":""},"categories":[1],"tags":[],"class_list":["post-17480","post","type-post","status-publish","format-standard","hentry","category-bez-kategorii"],"yoast_head":"<!-- This site is optimized with the Yoast SEO plugin v25.1 - https:\/\/yoast.com\/wordpress\/plugins\/seo\/ -->\n<title>W kt\u00f3rym kierunku \u017cyj\u0119?... - Gaudium Et Spes<\/title>\n<meta name=\"robots\" content=\"index, follow, max-snippet:-1, max-image-preview:large, max-video-preview:-1\" \/>\n<link rel=\"canonical\" href=\"https:\/\/gaudiumetspes-blog.pl\/index.php\/2020\/07\/27\/w-ktorym-kierunku-zyje\/\" \/>\n<meta property=\"og:locale\" content=\"pl_PL\" \/>\n<meta property=\"og:type\" content=\"article\" \/>\n<meta property=\"og:title\" content=\"W kt\u00f3rym kierunku \u017cyj\u0119?... - Gaudium Et Spes\" \/>\n<meta property=\"og:description\" content=\"Szcz\u0119\u015b\u0107 Bo\u017ce! Moi Drodzy, do grona wczorajszych Solenizantek chcia\u0142bym do\u0142\u0105czy\u0107 jeszcze kilka szacownych i dostojnych Person. A s\u0105 to Panie: \u25baAnna Kukawska, za moich czas\u00f3w licealnych \u2013 Nauczycielka j\u0119zyka rosyjskiego w moim Liceum im. Kraszewskiego w Bia\u0142ej Podlaskiej, a obecnie Osoba bardzo zaanga\u017cowana w \u017cycie naszej rodzinnej Parafii, do tego: obdarzona wieloma talentami, kt\u00f3re dzielnie [&hellip;]\" \/>\n<meta property=\"og:url\" content=\"https:\/\/gaudiumetspes-blog.pl\/index.php\/2020\/07\/27\/w-ktorym-kierunku-zyje\/\" \/>\n<meta property=\"og:site_name\" content=\"Gaudium Et Spes\" \/>\n<meta property=\"article:published_time\" content=\"2020-07-27T05:21:04+00:00\" \/>\n<meta name=\"author\" content=\"Ks. Jacek\" \/>\n<meta name=\"twitter:card\" content=\"summary_large_image\" \/>\n<meta name=\"twitter:label1\" content=\"Napisane przez\" \/>\n\t<meta name=\"twitter:data1\" content=\"Ks. Jacek\" \/>\n\t<meta name=\"twitter:label2\" content=\"Szacowany czas czytania\" \/>\n\t<meta name=\"twitter:data2\" content=\"7 minut\" \/>\n<script type=\"application\/ld+json\" class=\"yoast-schema-graph\">{\"@context\":\"https:\/\/schema.org\",\"@graph\":[{\"@type\":\"WebPage\",\"@id\":\"https:\/\/gaudiumetspes-blog.pl\/index.php\/2020\/07\/27\/w-ktorym-kierunku-zyje\/\",\"url\":\"https:\/\/gaudiumetspes-blog.pl\/index.php\/2020\/07\/27\/w-ktorym-kierunku-zyje\/\",\"name\":\"W kt\u00f3rym kierunku \u017cyj\u0119?... - Gaudium Et Spes\",\"isPartOf\":{\"@id\":\"https:\/\/gaudiumetspes-blog.pl\/#website\"},\"datePublished\":\"2020-07-27T05:21:04+00:00\",\"author\":{\"@id\":\"https:\/\/gaudiumetspes-blog.pl\/#\/schema\/person\/1661982992b752dea8dff0d4ed845a65\"},\"breadcrumb\":{\"@id\":\"https:\/\/gaudiumetspes-blog.pl\/index.php\/2020\/07\/27\/w-ktorym-kierunku-zyje\/#breadcrumb\"},\"inLanguage\":\"pl-PL\",\"potentialAction\":[{\"@type\":\"ReadAction\",\"target\":[\"https:\/\/gaudiumetspes-blog.pl\/index.php\/2020\/07\/27\/w-ktorym-kierunku-zyje\/\"]}]},{\"@type\":\"BreadcrumbList\",\"@id\":\"https:\/\/gaudiumetspes-blog.pl\/index.php\/2020\/07\/27\/w-ktorym-kierunku-zyje\/#breadcrumb\",\"itemListElement\":[{\"@type\":\"ListItem\",\"position\":1,\"name\":\"Strona g\u0142\u00f3wna\",\"item\":\"https:\/\/gaudiumetspes-blog.pl\/\"},{\"@type\":\"ListItem\",\"position\":2,\"name\":\"W&nbsp;kt\u00f3rym&nbsp;kierunku \u017cyj\u0119?&#8230;\"}]},{\"@type\":\"WebSite\",\"@id\":\"https:\/\/gaudiumetspes-blog.pl\/#website\",\"url\":\"https:\/\/gaudiumetspes-blog.pl\/\",\"name\":\"Gaudium Et Spes\",\"description\":\"Blog Ks. Jacka Ja\u015bkowskiego\",\"potentialAction\":[{\"@type\":\"SearchAction\",\"target\":{\"@type\":\"EntryPoint\",\"urlTemplate\":\"https:\/\/gaudiumetspes-blog.pl\/?s={search_term_string}\"},\"query-input\":{\"@type\":\"PropertyValueSpecification\",\"valueRequired\":true,\"valueName\":\"search_term_string\"}}],\"inLanguage\":\"pl-PL\"},{\"@type\":\"Person\",\"@id\":\"https:\/\/gaudiumetspes-blog.pl\/#\/schema\/person\/1661982992b752dea8dff0d4ed845a65\",\"name\":\"Ks. Jacek\",\"image\":{\"@type\":\"ImageObject\",\"inLanguage\":\"pl-PL\",\"@id\":\"https:\/\/gaudiumetspes-blog.pl\/#\/schema\/person\/image\/\",\"url\":\"https:\/\/gaudiumetspes-blog.pl\/wp-content\/uploads\/2019\/07\/avatar-JJ-150x150.jpg\",\"contentUrl\":\"https:\/\/gaudiumetspes-blog.pl\/wp-content\/uploads\/2019\/07\/avatar-JJ-150x150.jpg\",\"caption\":\"Ks. Jacek\"},\"description\":\"Witam serdecznie! K\u0142ania si\u0119 Ks. Jacek Ja\u015bkowski. Nie jestem ani kim\u015b wa\u017cnym, ani kim\u015b znanym. Jestem ksi\u0119dzem, kt\u00f3ry po prostu chce rozmawia\u0107. Codzienna kap\u0142a\u0144ska pos\u0142uga pokazuje mi, \u017ce temat\u00f3w do rozm\u00f3w z ksi\u0119dzem jest coraz wi\u0119cej i dzisiaj \u017caden ksi\u0105dz nie mo\u017ce od nich ucieka\u0107, ale - wprost przeciwnie - podejmowa\u0107 nowe wyzwania. To przekonanie sk\u0142oni\u0142o mnie do pr\u00f3by otwarcia tego\u017c bloga, chocia\u017c okazji do rozm\u00f3w na co dzie\u0144 - w konfesjonale i poza nim - na szcz\u0119\u015bcie nie brakuje. My\u015bl\u0119 jednak, \u017ce ten blog b\u0119dzie jeszcze jednym sposobem i przestrzeni\u0105 nawi\u0105zania kontaktu z lud\u017ami dobrej woli, otwartymi na dialog.\",\"url\":\"https:\/\/gaudiumetspes-blog.pl\/index.php\/author\/ks-jacek\/\"}]}<\/script>\n<!-- \/ Yoast SEO plugin. -->","yoast_head_json":{"title":"W kt\u00f3rym kierunku \u017cyj\u0119?... - Gaudium Et Spes","robots":{"index":"index","follow":"follow","max-snippet":"max-snippet:-1","max-image-preview":"max-image-preview:large","max-video-preview":"max-video-preview:-1"},"canonical":"https:\/\/gaudiumetspes-blog.pl\/index.php\/2020\/07\/27\/w-ktorym-kierunku-zyje\/","og_locale":"pl_PL","og_type":"article","og_title":"W kt\u00f3rym kierunku \u017cyj\u0119?... - Gaudium Et Spes","og_description":"Szcz\u0119\u015b\u0107 Bo\u017ce! Moi Drodzy, do grona wczorajszych Solenizantek chcia\u0142bym do\u0142\u0105czy\u0107 jeszcze kilka szacownych i dostojnych Person. A s\u0105 to Panie: \u25baAnna Kukawska, za moich czas\u00f3w licealnych \u2013 Nauczycielka j\u0119zyka rosyjskiego w moim Liceum im. Kraszewskiego w Bia\u0142ej Podlaskiej, a obecnie Osoba bardzo zaanga\u017cowana w \u017cycie naszej rodzinnej Parafii, do tego: obdarzona wieloma talentami, kt\u00f3re dzielnie [&hellip;]","og_url":"https:\/\/gaudiumetspes-blog.pl\/index.php\/2020\/07\/27\/w-ktorym-kierunku-zyje\/","og_site_name":"Gaudium Et Spes","article_published_time":"2020-07-27T05:21:04+00:00","author":"Ks. Jacek","twitter_card":"summary_large_image","twitter_misc":{"Napisane przez":"Ks. Jacek","Szacowany czas czytania":"7 minut"},"schema":{"@context":"https:\/\/schema.org","@graph":[{"@type":"WebPage","@id":"https:\/\/gaudiumetspes-blog.pl\/index.php\/2020\/07\/27\/w-ktorym-kierunku-zyje\/","url":"https:\/\/gaudiumetspes-blog.pl\/index.php\/2020\/07\/27\/w-ktorym-kierunku-zyje\/","name":"W kt\u00f3rym kierunku \u017cyj\u0119?... - Gaudium Et Spes","isPartOf":{"@id":"https:\/\/gaudiumetspes-blog.pl\/#website"},"datePublished":"2020-07-27T05:21:04+00:00","author":{"@id":"https:\/\/gaudiumetspes-blog.pl\/#\/schema\/person\/1661982992b752dea8dff0d4ed845a65"},"breadcrumb":{"@id":"https:\/\/gaudiumetspes-blog.pl\/index.php\/2020\/07\/27\/w-ktorym-kierunku-zyje\/#breadcrumb"},"inLanguage":"pl-PL","potentialAction":[{"@type":"ReadAction","target":["https:\/\/gaudiumetspes-blog.pl\/index.php\/2020\/07\/27\/w-ktorym-kierunku-zyje\/"]}]},{"@type":"BreadcrumbList","@id":"https:\/\/gaudiumetspes-blog.pl\/index.php\/2020\/07\/27\/w-ktorym-kierunku-zyje\/#breadcrumb","itemListElement":[{"@type":"ListItem","position":1,"name":"Strona g\u0142\u00f3wna","item":"https:\/\/gaudiumetspes-blog.pl\/"},{"@type":"ListItem","position":2,"name":"W&nbsp;kt\u00f3rym&nbsp;kierunku \u017cyj\u0119?&#8230;"}]},{"@type":"WebSite","@id":"https:\/\/gaudiumetspes-blog.pl\/#website","url":"https:\/\/gaudiumetspes-blog.pl\/","name":"Gaudium Et Spes","description":"Blog Ks. Jacka Ja\u015bkowskiego","potentialAction":[{"@type":"SearchAction","target":{"@type":"EntryPoint","urlTemplate":"https:\/\/gaudiumetspes-blog.pl\/?s={search_term_string}"},"query-input":{"@type":"PropertyValueSpecification","valueRequired":true,"valueName":"search_term_string"}}],"inLanguage":"pl-PL"},{"@type":"Person","@id":"https:\/\/gaudiumetspes-blog.pl\/#\/schema\/person\/1661982992b752dea8dff0d4ed845a65","name":"Ks. Jacek","image":{"@type":"ImageObject","inLanguage":"pl-PL","@id":"https:\/\/gaudiumetspes-blog.pl\/#\/schema\/person\/image\/","url":"https:\/\/gaudiumetspes-blog.pl\/wp-content\/uploads\/2019\/07\/avatar-JJ-150x150.jpg","contentUrl":"https:\/\/gaudiumetspes-blog.pl\/wp-content\/uploads\/2019\/07\/avatar-JJ-150x150.jpg","caption":"Ks. Jacek"},"description":"Witam serdecznie! K\u0142ania si\u0119 Ks. Jacek Ja\u015bkowski. Nie jestem ani kim\u015b wa\u017cnym, ani kim\u015b znanym. Jestem ksi\u0119dzem, kt\u00f3ry po prostu chce rozmawia\u0107. Codzienna kap\u0142a\u0144ska pos\u0142uga pokazuje mi, \u017ce temat\u00f3w do rozm\u00f3w z ksi\u0119dzem jest coraz wi\u0119cej i dzisiaj \u017caden ksi\u0105dz nie mo\u017ce od nich ucieka\u0107, ale - wprost przeciwnie - podejmowa\u0107 nowe wyzwania. To przekonanie sk\u0142oni\u0142o mnie do pr\u00f3by otwarcia tego\u017c bloga, chocia\u017c okazji do rozm\u00f3w na co dzie\u0144 - w konfesjonale i poza nim - na szcz\u0119\u015bcie nie brakuje. My\u015bl\u0119 jednak, \u017ce ten blog b\u0119dzie jeszcze jednym sposobem i przestrzeni\u0105 nawi\u0105zania kontaktu z lud\u017ami dobrej woli, otwartymi na dialog.","url":"https:\/\/gaudiumetspes-blog.pl\/index.php\/author\/ks-jacek\/"}]}},"jetpack_featured_media_url":"","jetpack_sharing_enabled":true,"_links":{"self":[{"href":"https:\/\/gaudiumetspes-blog.pl\/index.php\/wp-json\/wp\/v2\/posts\/17480","targetHints":{"allow":["GET"]}}],"collection":[{"href":"https:\/\/gaudiumetspes-blog.pl\/index.php\/wp-json\/wp\/v2\/posts"}],"about":[{"href":"https:\/\/gaudiumetspes-blog.pl\/index.php\/wp-json\/wp\/v2\/types\/post"}],"author":[{"embeddable":true,"href":"https:\/\/gaudiumetspes-blog.pl\/index.php\/wp-json\/wp\/v2\/users\/1"}],"replies":[{"embeddable":true,"href":"https:\/\/gaudiumetspes-blog.pl\/index.php\/wp-json\/wp\/v2\/comments?post=17480"}],"version-history":[{"count":1,"href":"https:\/\/gaudiumetspes-blog.pl\/index.php\/wp-json\/wp\/v2\/posts\/17480\/revisions"}],"predecessor-version":[{"id":17481,"href":"https:\/\/gaudiumetspes-blog.pl\/index.php\/wp-json\/wp\/v2\/posts\/17480\/revisions\/17481"}],"wp:attachment":[{"href":"https:\/\/gaudiumetspes-blog.pl\/index.php\/wp-json\/wp\/v2\/media?parent=17480"}],"wp:term":[{"taxonomy":"category","embeddable":true,"href":"https:\/\/gaudiumetspes-blog.pl\/index.php\/wp-json\/wp\/v2\/categories?post=17480"},{"taxonomy":"post_tag","embeddable":true,"href":"https:\/\/gaudiumetspes-blog.pl\/index.php\/wp-json\/wp\/v2\/tags?post=17480"}],"curies":[{"name":"wp","href":"https:\/\/api.w.org\/{rel}","templated":true}]}}