{"id":17485,"date":"2020-07-28T05:33:08","date_gmt":"2020-07-28T03:33:08","guid":{"rendered":"https:\/\/gaudiumetspes-blog.pl\/?p=17485"},"modified":"2020-07-27T18:54:29","modified_gmt":"2020-07-27T16:54:29","slug":"sprawiedliwi-jasniec-beda","status":"publish","type":"post","link":"https:\/\/gaudiumetspes-blog.pl\/index.php\/2020\/07\/28\/sprawiedliwi-jasniec-beda\/","title":{"rendered":"Sprawiedliwi ja\u015bnie\u0107 b\u0119d\u0105!"},"content":{"rendered":"<p align=\"justify\"><span style=\"color: #000000;\"><span style=\"font-family: Book Antiqua, serif;\"><span style=\"font-size: large;\">Szcz\u0119\u015b\u0107 Bo\u017ce! Moi Drodzy, bardzo zach\u0119cam do przemy\u015blenia dzisiejszego rozwa\u017cania \u2013 i o Wasze opinie na ten temat. Nie wiem, czy tylko mi si\u0119 wydaje, \u017ce w obliczu ca\u0142ego tego zamieszania, jakie dzieje si\u0119 wok\u00f3\u0142 nas, odpu\u015bcili\u015bmy sobie intensywn\u0105 modlitw\u0119? Ju\u017c nie \u015bpiewamy suplikacji \u201e\u015awi\u0119ty Bo\u017ce\u201d, chyba te\u017c coraz mniej Os\u00f3b modli si\u0119 na R\u00f3\u017ca\u0144cu w intencji uwolnienia Polski i \u015bwiata od tego ca\u0142ego tego ba\u0142aganu, jaki mamy w zwi\u0105zku z wirusem\u2026 I jakby mniej r\u00f3\u017cnych inicjatyw modlitewnych. <\/span><\/span><\/span><\/p>\n<p align=\"justify\"><span style=\"color: #000000;\"><span style=\"font-family: Book Antiqua, serif;\"><span style=\"font-size: large;\">Tymczasem, problem nadal istnieje. Wed\u0142ug przekaz\u00f3w medialnych \u2013 podobno si\u0119 wzmaga. Ju\u017c nie wiemy, co o tym my\u015ble\u0107 i jaka jest tak naprawd\u0119\u2026 prawda?\u2026 A Pasterze Ko\u015bcio\u0142a maj\u0105 na to wszystko jedn\u0105, najwa\u017cniejsz\u0105 rad\u0119: nosi\u0107 maseczki w ko\u015bcio\u0142ach! Dlatego polecam Waszym refleksjom moje refleksje i prosz\u0119 o wypowiedzi. <\/span><\/span><\/span><\/p>\n<p align=\"justify\"><span style=\"color: #000000;\"><span style=\"font-family: Book Antiqua, serif;\"><span style=\"font-size: large;\">Pozdrawiam Wszystkich i \u017cycz\u0119 b\u0142ogos\u0142awionego dnia! <b>Niech Was b\u0142ogos\u0142awi B\u00f3g Wszechmog\u0105cy: Ojciec + i Syn, i Duch \u015awi\u0119ty. Amen<\/b><\/span><\/span><\/span><\/p>\n<p align=\"center\"><span style=\"color: #000000;\"><span style=\"font-family: Book Antiqua, serif;\"><span style=\"font-size: large;\">Gaudium et spes! Ks. Jacek<\/span><\/span><\/span><\/p>\n<p align=\"center\">\n<p align=\"center\">\n<p align=\"center\">\n<p align=\"center\">\n<p align=\"center\">\n<p align=\"justify\"><span style=\"color: #000000;\"><span style=\"font-family: Book Antiqua, serif;\"><span style=\"font-size: large;\"><b>Wtorek 17 Tygodnia zwyk\u0142ego, rok II,<\/b><\/span><\/span><\/span><\/p>\n<p align=\"justify\"><span style=\"color: #000000;\"><span style=\"font-family: Book Antiqua, serif;\"><span style=\"font-size: large;\"><b>28 lipca 2020.,<\/b><\/span><\/span><\/span><\/p>\n<p align=\"justify\"><span style=\"color: #000000;\"><span style=\"font-family: Book Antiqua, serif;\"><span style=\"font-size: large;\"><b>do czyta\u0144: Jr 14,17\u201322; Mt 13,36\u201343<\/b><\/span><\/span><\/span><\/p>\n<p align=\"justify\">\n<p align=\"justify\">\n<p align=\"justify\">\n<p align=\"justify\">\n<p align=\"justify\">\n<p align=\"justify\"><span style=\"font-family: Book Antiqua, serif;\"><strong><span style=\"color: #000000;\"><span style=\"font-size: large;\"><b>CZYTANIE Z KSI\u0118GI PROROKA JEREMIASZA:<\/b><\/span><\/span><\/strong><\/span><\/p>\n<p align=\"justify\"><span style=\"color: #000000;\"><span style=\"font-family: Book Antiqua, serif;\"><span style=\"font-size: large;\"><b>Oczy moje wylewaj\u0105 \u0142zy dzie\u0144 i noc bez przerwy, bo wielki upadek dotknie Dziewic\u0119, C\u00f3r\u0119 mojego ludu, kl\u0119ska bardzo wielka. Gdy wyjd\u0119 na pole \u2013 oto pobici mieczem. Je\u015bli p\u00f3jd\u0119 do miasta \u2013 oto m\u0119ki g\u0142odu. Nawet prorok i kap\u0142an b\u0142\u0105dz\u0105 po kraju nic nie rozumiej\u0105c.<\/b><\/span><\/span><\/span><\/p>\n<p align=\"justify\"><span style=\"color: #000000;\"><span style=\"font-family: Book Antiqua, serif;\"><span style=\"font-size: large;\"><b>Czy nieodwo\u0142alnie odrzuci\u0142e\u015b Jud\u0119, albo czy odczuwasz wstr\u0119t do Syjonu? Dlaczego nas dotkn\u0105\u0142e\u015b kl\u0119sk\u0105 bez mo\u017cliwo\u015bci uleczenia nas? Spodziewali\u015bmy si\u0119 pokoju, ale nie ma nic dobrego; czasu uleczenia, a tu przera\u017cenie.<\/b><\/span><\/span><\/span><\/p>\n<p align=\"justify\"><span style=\"color: #000000;\"><span style=\"font-family: Book Antiqua, serif;\"><span style=\"font-size: large;\"><b>Uznajemy, Panie, nasz\u0105 niegodziwo\u015b\u0107, przewrotno\u015b\u0107 naszych przodk\u00f3w, bo zgrzeszyli\u015bmy przeciw Tobie. Nie odrzucaj nas przez wzgl\u0105d na Twoje imi\u0119, od czci nie ods\u0105dzaj tronu Twojej chwa\u0142y. Pami\u0119taj, nie zrywaj swego Przymierza z nami.<\/b><\/span><\/span><\/span><\/p>\n<p align=\"justify\"><span style=\"color: #000000;\"><span style=\"font-family: Book Antiqua, serif;\"><span style=\"font-size: large;\"><b>Czy s\u0105 w\u015br\u00f3d bo\u017ck\u00f3w poga\u0144skich tacy, kt\u00f3rzy by zes\u0142ali deszcz? Czy mo\u017ce niebo zsy\u0142a krople deszczu? Czy nie raczej Ty, Panie, nasz Bo\u017ce? W Tobie pok\u0142adamy nadziej\u0119, bo Ty uczyni\u0142e\u015b to wszystko.<\/b><\/span><\/span><\/span><\/p>\n<p align=\"justify\">\n<p align=\"justify\">\n<p align=\"justify\">\n<p align=\"justify\">\n<p align=\"justify\">\n<p align=\"justify\"><span style=\"font-family: Book Antiqua, serif;\"><strong><span style=\"color: #000000;\"><span style=\"font-size: large;\"><b>S\u0141OWA EWANGELII WED\u0141UG \u015aWI\u0118TEGO MATEUSZA:<\/b><\/span><\/span><\/strong><\/span><\/p>\n<p align=\"justify\"><span style=\"color: #000000;\"><span style=\"font-family: Book Antiqua, serif;\"><span style=\"font-size: large;\"><b>Jezus odprawi\u0142 t\u0142umy i wr\u00f3ci\u0142 do domu. Tam przyst\u0105pili do Niego uczniowie i prosili Go: \u201eWyja\u015bnij nam przypowie\u015b\u0107 o chwa\u015bcie\u201d. On odpowiedzia\u0142 :<\/b><\/span><\/span><\/span><\/p>\n<p align=\"justify\"><span style=\"color: #000000;\">\u201e<span style=\"font-family: Book Antiqua, serif;\"><span style=\"font-size: large;\"><b>Tym, kt\u00f3ry sieje dobre nasienie, jest Syn Cz\u0142owieczy. Rol\u0105 jest \u015bwiat, dobrym nasieniem s\u0105 synowie kr\u00f3lestwa, chwastem za\u015b synowie Z\u0142ego. Nieprzyjacielem, kt\u00f3ry posia\u0142 chwast, jest diabe\u0142; \u017cniwem jest koniec \u015bwiata, a \u017ce\u0144cami s\u0105 anio\u0142owie.<\/b><\/span><\/span><\/span><\/p>\n<p align=\"justify\"><span style=\"color: #000000;\"><span style=\"font-family: Book Antiqua, serif;\"><span style=\"font-size: large;\"><b>Jak wi\u0119c zbiera si\u0119 chwast i spala ogniem, tak b\u0119dzie przy ko\u0144cu \u015bwiata. Syn Cz\u0142owieczy po\u015ble anio\u0142\u00f3w swoich: ci zbior\u0105 z Jego kr\u00f3lestwa wszystkie zgorszenia i tych, kt\u00f3rzy dopuszczaj\u0105 si\u0119 nieprawo\u015bci, i wrzuc\u0105 ich w piec rozpalony; tam b\u0119dzie p\u0142acz i zgrzytanie z\u0119b\u00f3w. Wtedy sprawiedliwi ja\u015bnie\u0107 b\u0119d\u0105 jak s\u0142o\u0144ce w kr\u00f3lestwie Ojca swego.<\/b><\/span><\/span><\/span><\/p>\n<p align=\"justify\"><span style=\"color: #000000;\"><span style=\"font-family: Book Antiqua, serif;\"><span style=\"font-size: large;\"><b>Kto ma uszy, niechaj s\u0142ucha\u201d.<\/b><\/span><\/span><\/span><\/p>\n<p align=\"justify\">\n<p align=\"justify\">\n<p align=\"justify\">\n<p align=\"justify\">\n<p align=\"justify\">\n<p align=\"justify\"><span style=\"color: #000000;\"><span style=\"font-size: large;\"><span style=\"font-family: Book Antiqua, serif;\">C<\/span><span style=\"font-family: Book Antiqua, serif;\">zy sytuacja, opisana w dzisiejszym pierwszym czytaniu, <\/span><span style=\"font-family: Book Antiqua, serif;\"><b>nie przypomina naszej?<\/b><\/span><span style=\"font-family: Book Antiqua, serif;\"> Prorok Jeremiasz uskar\u017ca si\u0119 na tragiczne po\u0142o\u017cenie narodu, okre\u015blaj\u0105c je wr\u0119cz jako <\/span><span style=\"font-family: Book Antiqua, serif;\">\u00ab<\/span><span style=\"font-family: Book Antiqua, serif;\">kl\u0119sk\u0119 bardzo wielk\u0105<\/span><span style=\"font-family: Book Antiqua, serif;\">\u00bb<\/span><span style=\"font-family: Book Antiqua, serif;\">. <\/span><span style=\"font-family: Book Antiqua, serif;\"><i><b>Oto pobici mieczem,<\/b><\/i><\/span><span style=\"font-family: Book Antiqua, serif;\"> a to znowu <\/span><span style=\"font-family: Book Antiqua, serif;\"><i><b>m\u0119ki g\u0142odu. <\/b><\/i><\/span><span style=\"font-family: Book Antiqua, serif;\">A najwi\u0119kszym chyba zmartwieniem w tym wszystkim jest fakt, \u017ce <\/span><span style=\"font-family: Book Antiqua, serif;\"><i><b>nawet prorok i kap\u0142an b\u0142\u0105dz\u0105 po kraju nic nie rozumiej\u0105c.<\/b><\/i><\/span><b> <\/b><\/span><\/span><\/p>\n<p align=\"justify\"><span style=\"color: #000000;\"><span style=\"font-size: large;\"><span style=\"font-family: Book Antiqua, serif;\">To rzeczywi\u015bcie dramatyczna sytuacja, bo akurat od kap\u0142ana i proroka wszyscy spodziewaliby si\u0119 <\/span><span style=\"font-family: Book Antiqua, serif;\"><b>jakiego\u015b s\u0142owa, jakiego\u015b \u015bwiat\u0142a, <\/b><\/span><span style=\"font-family: Book Antiqua, serif;\">jakiego\u015b sensownego wyt\u0142umaczenia tego wszystkiego, co si\u0119 dzieje. A tymczasem \u2013 nawet oni nie tylko nie s\u0105 w stanie postawi\u0107 \u017cadnej sensownej diagnozy, ale <\/span><span style=\"font-family: Book Antiqua, serif;\">wr\u0119cz <\/span><span style=\"font-family: Book Antiqua, serif;\"><i><b>b\u0142\u0105dz\u0105 po kraju,<\/b><\/i><\/span> <span style=\"font-family: Book Antiqua, serif;\">totalnie zdezorientowani! Od kogo <\/span><span style=\"font-family: Book Antiqua, serif;\">wi\u0119c<\/span><span style=\"font-family: Book Antiqua, serif;\">, j<\/span><span style=\"font-family: Book Antiqua, serif;\">e\u015bli<\/span><span style=\"font-family: Book Antiqua, serif;\"> nie od nich, nale\u017ca\u0142oby si\u0119 spodziewa\u0107 jakiego\u015b wskazania?\u2026 <\/span><\/span><\/span><\/p>\n<p align=\"justify\"><span style=\"color: #000000;\"><span style=\"font-size: large;\"><span style=\"font-family: Book Antiqua, serif;\">Ale c\u00f3\u017c oni, biedni, maj\u0105 wskaza\u0107, je\u017celi <\/span><span style=\"font-family: Book Antiqua, serif;\"><b>nie odnajduj\u0105 w sercu \u017cadnego s\u0142owa, <\/b><\/span><span style=\"font-family: Book Antiqua, serif;\">kt\u00f3rym mogliby si\u0119 podzieli\u0107 z lud\u017ami?<\/span><b> <\/b><span style=\"font-family: Book Antiqua, serif;\">A je\u017celi nie <\/span><span style=\"font-family: Book Antiqua, serif;\">odnajduj\u0105<\/span><span style=\"font-family: Book Antiqua, serif;\">, to dlaczego? Czy\u017c to nie oni s\u0105 od tego, aby pomaga\u0107 ludziom zrozumie\u0107 ten \u015bwiat i wszystko, co si\u0119 na nim dzieje? Czy\u017c i im tak\u017ce sytuacja <\/span><span style=\"font-family: Book Antiqua, serif;\"><b>wymkn\u0119\u0142a si\u0119 spod kontroli?<\/b><\/span><\/span><\/span><\/p>\n<p align=\"justify\"><span style=\"color: #000000;\"><span style=\"font-size: large;\"><span style=\"font-family: Book Antiqua, serif;\">A wracaj\u0105c do pytania, postawionego na pocz\u0105tku \u2013 czy\u017c ta sytuacja <\/span><span style=\"font-family: Book Antiqua, serif;\">naprawd\u0119 <\/span><span style=\"font-family: Book Antiqua, serif;\"><b>nie przypomina naszej obecnej?<\/b><\/span><span style=\"font-family: Book Antiqua, serif;\"> Niestety, ca\u0142e to wieloaspektowe zamieszanie, jakiego jeste\u015bmy \u015bwiadkami \u2013 a m\u00f3wimy tu o wszystkim, co powoduje, \u017ce \u017cyjemy dzi\u015b w <\/span><span style=\"font-family: Book Antiqua, serif;\">wyj\u0105tkowo <\/span><span style=\"font-family: Book Antiqua, serif;\">niespokojnych czasach \u2013 chyba <\/span><span style=\"font-family: Book Antiqua, serif;\"><b>wymkn\u0119\u0142o si\u0119 wszystkim specjalistom <\/b><\/span><span style=\"font-family: Book Antiqua, serif;\">od wyja\u015bniania i prognozowania rzeczywisto\u015bci spo\u0142ecznej, politycznej, medycznej i wszelkiej innej\u2026 Trudno dzi\u015b znale\u017a\u0107 kogo\u015b, <\/span><span style=\"font-family: Book Antiqua, serif;\"><b>kto<\/b><\/span><span style=\"font-family: Book Antiqua, serif;\"><b> by wskaza\u0142 \u015bwiatu jasno i konkretnie: <\/b><\/span><span style=\"font-family: Book Antiqua, serif;\">to jest to, a to jest tamto; nale\u017cy post\u0105pi\u0107 tak, a tak nie nale\u017cy\u2026 <\/span><\/span><\/span><\/p>\n<p align=\"justify\"><span style=\"color: #000000;\"><span style=\"font-size: large;\"><span style=\"font-family: Book Antiqua, serif;\">Niestety, <\/span><span style=\"font-family: Book Antiqua, serif;\"><b>tak\u017ce w\u015br\u00f3d pasterzy Ko\u015bcio\u0142a<\/b><\/span><span style=\"font-family: Book Antiqua, serif;\"> s\u0142ycha\u0107 dwug\u0142os \u2013 a nawet wielog\u0142os \u2013 w kwestiach, w kt\u00f3rych zawsze Ko\u015bci\u00f3\u0142 g\u0142osi\u0142 jedn\u0105 i sta\u0142\u0105 nauk\u0119. Dlatego te\u017c \u2013 skoro w nauc<\/span><span style=\"font-family: Book Antiqua, serif;\">zaniu<\/span><span style=\"font-family: Book Antiqua, serif;\">, <\/span><span style=\"font-family: Book Antiqua, serif;\"><b>dotycz\u0105c<\/b><\/span><span style=\"font-family: Book Antiqua, serif;\"><b>ym<\/b><\/span><span style=\"font-family: Book Antiqua, serif;\"><b> kwestii fundamentalnych,<\/b><\/span><span style=\"font-family: Book Antiqua, serif;\"> zaczyna panowa\u0107 rozbie\u017cno\u015b\u0107 \u2013 trudno si\u0119 dziwi\u0107, \u017ce<\/span><span style=\"font-family: Book Antiqua, serif;\"><b> jeszcze wi\u0119ksza<\/b><\/span><span style=\"font-family: Book Antiqua, serif;\"> panuje w opisie i diagnozowaniu dzisiejszej rzeczywisto\u015bci. <\/span><\/span><\/span><\/p>\n<p align=\"justify\"><span style=\"color: #000000;\"><span style=\"font-size: large;\"><span style=\"font-family: Book Antiqua, serif;\">Dlatego z wielu ludzkich serc, pogubionych w ca\u0142ym medialnym be\u0142kocie, a wr\u0119cz wrzasku, <\/span><span style=\"font-family: Book Antiqua, serif;\">jaki nas zalewa,<\/span><span style=\"font-family: Book Antiqua, serif;\"> wyrywa si\u0119 wo\u0142anie Proroka z dzisiejszego pierwszego czytania: <\/span><span style=\"font-family: Book Antiqua, serif;\"><i><b>Czy nieodwo\u0142alnie odrzuci\u0142e\u015b Jud\u0119, albo czy odczuwasz wstr\u0119t do Syjonu? Dlaczego nas dotkn\u0105\u0142e\u015b kl\u0119sk\u0105 bez mo\u017cliwo\u015bci uleczenia nas? Spodziewali\u015bmy si\u0119 pokoju, ale nie ma nic dobrego; czasu uleczenia, a tu przera\u017cenie.<\/b><\/i><\/span><b> <\/b><\/span><\/span><\/p>\n<p align=\"justify\"><span style=\"color: #000000;\"><span style=\"font-size: large;\"><span style=\"font-family: Book Antiqua, serif;\">W\u0142a\u015bnie, czy <\/span><span style=\"font-family: Book Antiqua, serif;\"><b>nieodwo\u0142alnie odrzuci\u0142e<\/b><\/span><span style=\"font-family: Book Antiqua, serif;\"><b>\u015b<\/b><\/span><span style=\"font-family: Book Antiqua, serif;\"><b>, Panie, ten \u015bwiat?<\/b><\/span><span style=\"font-family: Book Antiqua, serif;\"> Czy ju\u017c nie widzisz dla niego szansy? Czy to w\u0142a\u015bnie dlatego <\/span><span style=\"font-family: Book Antiqua, serif;\"><i><b>dotkn\u0105\u0142e\u015b<\/b><\/i><\/span><b> <\/b><span style=\"font-family: Book Antiqua, serif;\"><b>[nas] <\/b><\/span><span style=\"font-family: Book Antiqua, serif;\"><i><b>kl\u0119sk\u0105 bez mo\u017cliwo\u015bci uleczenia nas?<\/b><\/i><\/span><b> <\/b><span style=\"font-family: Book Antiqua, serif;\">Czy i Tobie ca\u0142a ta sytuacja, jaka jest na \u015bwiecie \u2013 a wi\u0119c te wszystkie wirusy, jakie po nim grasuj\u0105: zar\u00f3wno te fizyczne, jak i te o wiele gorsze, moralne \u2013 <\/span><span style=\"font-family: Book Antiqua, serif;\"><b>te\u017c wymkn\u0119\u0142a si\u0119 spod kontroli? <\/b><\/span><span style=\"font-family: Book Antiqua, serif;\">Czy \u015bwiat ju\u017c tak poszed\u0142 swoimi drogami, \u017ce nie ma ratunku?<\/span><\/span><\/span><\/p>\n<p align=\"justify\"><span style=\"color: #000000;\"><span style=\"font-size: large;\"><span style=\"font-family: Book Antiqua, serif;\">W Ewangelii Jezus m\u00f3wi nam bardzo zdecydowanie, \u017ce tak nie jest. Wyja\u015bniaj\u0105c przypowie\u015b\u0107 o chwa\u015bcie, stwierdza: <\/span><span style=\"font-family: Book Antiqua, serif;\"><i><b>Jak wi\u0119c zbiera si\u0119 chwast i spala ogniem, tak b\u0119dzie przy ko\u0144cu \u015bwiata. Syn Cz\u0142owieczy po\u015ble anio\u0142\u00f3w swoich: ci zbior\u0105 z Jego kr\u00f3lestwa wszystkie zgorszenia i tych, kt\u00f3rzy dopuszczaj\u0105 si\u0119 nieprawo\u015bci, i wrzuc\u0105 ich w piec rozpalony; tam b\u0119dzie p\u0142acz i zgrzytanie z\u0119b\u00f3w. Wtedy sprawiedliwi ja\u015bnie\u0107 b\u0119d\u0105 jak s\u0142o\u0144ce w kr\u00f3lestwie Ojca swego.<\/b><\/i><\/span><b> <\/b><\/span><\/span><\/p>\n<p align=\"justify\"><span style=\"color: #000000;\"><span style=\"font-size: large;\"><span style=\"font-family: Book Antiqua, serif;\">A to oznacza, \u017ce <\/span><span style=\"font-family: Book Antiqua, serif;\"><b>Bogu \u017cadna sytuacja nie wymkn\u0119\u0142a si\u0119 spod kontroli:<\/b><\/span><span style=\"font-family: Book Antiqua, serif;\"> \u017cadna epidemia, \u017cadne zamieszanie, \u017cadne napi\u0119cia, \u017cadne zgorszenia\u2026 B\u00f3g dok\u0142adnie <\/span><span style=\"font-family: Book Antiqua, serif;\"><b>widzi i rozpoznaje<\/b><\/span><span style=\"font-family: Book Antiqua, serif;\"> wszystko, co dzieje si\u0119 na \u015bwiecie. <\/span><span style=\"font-family: Book Antiqua, serif;\"><b>On nie b\u0142\u0105ka si\u0119 po ziemi \u2013<\/b><\/span><span style=\"font-family: Book Antiqua, serif;\"> czy gdzie\u015b, w za\u015bwiatach \u2013 trzymaj\u0105c si\u0119 za bol\u0105c\u0105 g\u0142ow\u0119 i nie wiedz\u0105c, co pocz\u0105\u0107 z tym wszystkim, co si\u0119 na \u015bwiecie dzieje. Tak nie jest. <\/span><\/span><\/span><\/p>\n<p align=\"justify\"><span style=\"color: #000000;\"><span style=\"font-size: large;\"><span style=\"font-family: Book Antiqua, serif;\">Nawet, je\u017celi teraz <\/span><span style=\"font-family: Book Antiqua, serif;\"><b>wydaje si\u0119, \u017ce milczy,<\/b><\/span><span style=\"font-family: Book Antiqua, serif;\"> \u017ce przegrywa na ka\u017cdym kroku ze wsp\u00f3\u0142czesnym \u015bwiatem, kt\u00f3ry otwarcie lekcewa\u017cy Jego zasady i w oczy \u015bmieje si\u0119 Jego odwiecznemu Prawu \u2013 to naprawd\u0119 <\/span><span style=\"font-family: Book Antiqua, serif;\"><b>nie znaczy, \u017ce B\u00f3g przegra\u0142, <\/b><\/span><span style=\"font-family: Book Antiqua, serif;\">\u017ce si\u0119 podda\u0142, \u017ce jest w defensywie, \u017ce jest naiwny i da\u0142 sobie ludziom wej\u015b\u0107 na g\u0142ow\u0119. Nic z tych rzeczy! <\/span><\/span><\/span><\/p>\n<p align=\"justify\"><span style=\"color: #000000;\"><span style=\"font-size: large;\"><span style=\"font-family: Book Antiqua, serif;\"><b>Przyjdzie dzie\u0144 S\u0105du! <\/b><\/span><span style=\"font-family: Book Antiqua, serif;\">I b\u0119dzie <\/span><span style=\"font-family: Book Antiqua, serif;\"><i><b>piec rozpalony<\/b><\/i><\/span><span style=\"font-family: Book Antiqua, serif;\"> dla tych, <\/span><span style=\"font-family: Book Antiqua, serif;\"><i><b>kt\u00f3rzy dopuszczaj\u0105 si\u0119 nieprawo\u015bci.<\/b><\/i><\/span><b> <\/b><span style=\"font-family: Book Antiqua, serif;\">Bez wzgl\u0119du na to, czy komu\u015b si\u0119 to dzisiaj podoba, czy nie \u2013 bo <\/span><span style=\"font-family: Book Antiqua, serif;\"><b>dzisiaj wielu nie podoba si\u0119<\/b><\/span><span style=\"font-family: Book Antiqua, serif;\"> m\u00f3wienie o S\u0105dzie i o karze wiecznej \u2013 to i S\u0105d b\u0119dzie, i kara wieczna b\u0119dzie. Dla tych, kt\u00f3rym dzisiaj wydaje si\u0119, \u017ce rz\u0105dz\u0105 \u015bwiatem \u2013 a nawet <\/span><span style=\"font-family: Book Antiqua, serif;\"><b>samym Panem Bogiem rz\u0105dz\u0105. <\/b><\/span><span style=\"font-family: Book Antiqua, serif;\">Przyjdzie ten dzie\u0144, kiedy chwast zostanie oddzielony od zbo\u017ca. I wtedy wszystko stanie si\u0119 jasne: kto mia\u0142 racj\u0119, a kto nie mia\u0142. <\/span><\/span><\/span><\/p>\n<p align=\"justify\"><span style=\"color: #000000;\"><span style=\"font-size: large;\"><span style=\"font-family: Book Antiqua, serif;\">C\u00f3\u017c wi\u0119c mamy robi\u0107 dzisiaj \u2013 my, pogubieni w ca\u0142ym tym medialnym i wszelkim innym be\u0142kocie, <\/span><span style=\"font-family: Book Antiqua, serif;\">jakim<\/span><span style=\"font-family: Book Antiqua, serif;\"> jeste\u015bmy zalewani? C\u00f3\u017c mamy robi\u0107 tak\u017ce i wobec tego, \u017ce <\/span><span style=\"font-family: Book Antiqua, serif;\"><i><b>nawet prorok i kap\u0142an b\u0142\u0105dz\u0105 po kraju nic nie rozumiej\u0105c?\u2026<\/b><\/i><\/span><b> <\/b><\/span><\/span><\/p>\n<p align=\"justify\"><span style=\"color: #000000;\"><span style=\"font-size: large;\"><span style=\"font-family: Book Antiqua, serif;\">Dobrze wiemy. Mamy wskazania w dzisiejszych czytania. W pierwszym, s\u0105 to kolejne zdania, wypowiedziane przez Proroka po tych, opisuj\u0105cych dramatyczn\u0105 sytuacj\u0119 narodu. Jeremiasz, zwracaj\u0105c si\u0119 do Pana, m\u00f3wi:<\/span><i> <\/i><span style=\"font-family: Book Antiqua, serif;\"><i><b>Uznajemy, Panie, nasz\u0105 niegodziwo\u015b\u0107, przewrotno\u015b\u0107 naszych przodk\u00f3w, bo zgrzeszyli\u015bmy przeciw Tobie. Nie odrzucaj nas przez wzgl\u0105d na Twoje imi\u0119, od czci nie ods\u0105dzaj tronu Twojej chwa\u0142y. Pami\u0119taj, nie zrywaj swego Przymierza z nami.<\/b><\/i><\/span><b> <\/b><span style=\"font-family: Book Antiqua, serif;\">A tak\u017ce: <\/span><span style=\"font-family: Book Antiqua, serif;\"><i><b>W Tobie pok\u0142adamy nadziej\u0119\u2026<\/b><\/i><\/span><span style=\"font-family: Book Antiqua, serif;\"> W Ewangelii za\u015b, Jezus m\u00f3wi: <\/span><span style=\"font-family: Book Antiqua, serif;\"><i><b>Kto ma uszy, niechaj s\u0142ucha! <\/b><\/i><\/span><\/span><\/span><\/p>\n<p align=\"justify\"><span style=\"color: #000000;\"><span style=\"font-size: large;\"><span style=\"font-family: Book Antiqua, serif;\">Moi Drodzy, to jest dla nas ratunek i jedyne \u2013 podkre\u015blmy mocno: <\/span><span style=\"font-family: Book Antiqua, serif;\"><b>jedyne! <\/b><\/span><span style=\"font-family: Book Antiqua, serif;\">\u2013 wyj\u015bcie z dramatycznej sytuacji, w jakiej znajduje si\u0119 dzisiejszy \u015bwiat, w jakiej my wszyscy si\u0119 znajdujemy. Jedyne wyj\u015bcie! Jakie? <\/span><span style=\"font-family: Book Antiqua, serif;\"><b>Na nowo bezgranicznie zaufa\u0107 Bogu!<\/b><\/span><span style=\"font-family: Book Antiqua, serif;\"> Zacz\u0105\u0107 uwa\u017cnie <\/span><span style=\"font-family: Book Antiqua, serif;\"><b>s\u0142ucha\u0107 Jego s\u0142owa!<\/b><\/span> <span style=\"font-family: Book Antiqua, serif;\"><b>I nawr\u00f3ci\u0107 si\u0119 <\/b><\/span><span style=\"font-family: Book Antiqua, serif;\">ze swoich w\u0142asnych grzech\u00f3w \u2013 zanim nawr\u00f3ci si\u0119 ca\u0142y \u015bwiat. Niech to oczekiwane nawr\u00f3cenie \u015bwiata rozpocznie si\u0119 <\/span><span style=\"font-family: Book Antiqua, serif;\"><b>od ka\u017cdej i ka\u017cdego z nas!<\/b><\/span> <\/span><\/span><\/p>\n<p align=\"justify\"><span style=\"color: #000000;\"><span style=\"font-size: large;\"><span style=\"font-family: Book Antiqua, serif;\">Nawi\u0105\u017cmy na nowo osobist\u0105, indywidualn\u0105, intymn\u0105, mocn\u0105 i szczer\u0105 <\/span><span style=\"font-family: Book Antiqua, serif;\"><b>relacj\u0119 z \u017cywym, kochaj\u0105cym nas Bogiem! <\/b><\/span><span style=\"font-family: Book Antiqua, serif;\">Niech wiara nie b\u0119dzie tylko tradycj\u0105, albo zestawem nakaz\u00f3w i zakaz\u00f3w, albo zapisan\u0105 na papierze teori\u0105 \u2013 ale <\/span><span style=\"font-family: Book Antiqua, serif;\"><b>osobistym spotkaniem<\/b><\/span><span style=\"font-family: Book Antiqua, serif;\"> ka\u017cdej i ka\u017cdego z nas z \u017cywym Bogiem, kochaj\u0105cym nas bezgranicznie i pragn\u0105cym naszego dobra! Wtedy na pewno <\/span><span style=\"font-family: Book Antiqua, serif;\"><b>nie b\u0119dziemy si\u0119 b\u0142\u0105ka\u0107<\/b><\/span><span style=\"font-family: Book Antiqua, serif;\"> po tej obecnej rzeczywisto\u015bci, zdezorientowani i przera\u017ceni, bezradni w poszukiwaniu jakiej\u015b drogi. <\/span><\/span><\/span><\/p>\n<p align=\"justify\"><span style=\"color: #000000;\"><span style=\"font-size: large;\"><span style=\"font-family: Book Antiqua, serif;\">Bo <\/span><span style=\"font-family: Book Antiqua, serif;\"><b>prost\u0105 drog\u0119 ci\u0105gle wskazuje nam B\u00f3g.<\/b><\/span><span style=\"font-family: Book Antiqua, serif;\"> Trzeba tylko po niej p\u00f3j\u015b\u0107. I nie zbacza\u0107 <\/span><span style=\"font-family: Book Antiqua, serif;\">na bezdro\u017ca \u2013 na te rzekomo \u0142atwiejsze i wygodniejsze szlaki. Dzisiaj w\u0142a\u015bnie dlatego tak wielu b\u0142\u0105ka si\u0119, niczego nie rozumiej\u0105c, \u017ce <\/span><span style=\"font-family: Book Antiqua, serif;\"><b>sami sobie wybrali drogi,<\/b><\/span><span style=\"font-family: Book Antiqua, serif;\"> albo poszli za niew\u0142a\u015bciwymi przewodnikami. A przecie\u017c \u2013 <\/span><span style=\"font-family: Book Antiqua, serif;\"><b>jest tylko jedna droga. I jeden Przewodnik. <\/b><\/span><\/span><\/span><\/p>\n","protected":false},"excerpt":{"rendered":"<p>Szcz\u0119\u015b\u0107 Bo\u017ce! Moi Drodzy, bardzo zach\u0119cam do przemy\u015blenia dzisiejszego rozwa\u017cania \u2013 i o Wasze opinie na ten temat. Nie wiem, czy tylko mi si\u0119 wydaje, \u017ce w obliczu ca\u0142ego tego zamieszania, jakie dzieje si\u0119 wok\u00f3\u0142 nas, odpu\u015bcili\u015bmy sobie intensywn\u0105 modlitw\u0119? Ju\u017c nie \u015bpiewamy suplikacji \u201e\u015awi\u0119ty Bo\u017ce\u201d, chyba te\u017c coraz mniej Os\u00f3b modli si\u0119 na R\u00f3\u017ca\u0144cu [&hellip;]<\/p>\n","protected":false},"author":1,"featured_media":0,"comment_status":"open","ping_status":"open","sticky":false,"template":"","format":"standard","meta":{"jetpack_post_was_ever_published":false,"_jetpack_newsletter_access":"","_jetpack_dont_email_post_to_subs":false,"_jetpack_newsletter_tier_id":0,"_jetpack_memberships_contains_paywalled_content":false,"_jetpack_memberships_contains_paid_content":false,"footnotes":""},"categories":[1],"tags":[],"class_list":["post-17485","post","type-post","status-publish","format-standard","hentry","category-bez-kategorii"],"yoast_head":"<!-- This site is optimized with the Yoast SEO plugin v25.1 - https:\/\/yoast.com\/wordpress\/plugins\/seo\/ -->\n<title>Sprawiedliwi ja\u015bnie\u0107 b\u0119d\u0105! - Gaudium Et Spes<\/title>\n<meta name=\"robots\" content=\"index, follow, max-snippet:-1, max-image-preview:large, max-video-preview:-1\" \/>\n<link rel=\"canonical\" href=\"https:\/\/gaudiumetspes-blog.pl\/index.php\/2020\/07\/28\/sprawiedliwi-jasniec-beda\/\" \/>\n<meta property=\"og:locale\" content=\"pl_PL\" \/>\n<meta property=\"og:type\" content=\"article\" \/>\n<meta property=\"og:title\" content=\"Sprawiedliwi ja\u015bnie\u0107 b\u0119d\u0105! - Gaudium Et Spes\" \/>\n<meta property=\"og:description\" content=\"Szcz\u0119\u015b\u0107 Bo\u017ce! Moi Drodzy, bardzo zach\u0119cam do przemy\u015blenia dzisiejszego rozwa\u017cania \u2013 i o Wasze opinie na ten temat. Nie wiem, czy tylko mi si\u0119 wydaje, \u017ce w obliczu ca\u0142ego tego zamieszania, jakie dzieje si\u0119 wok\u00f3\u0142 nas, odpu\u015bcili\u015bmy sobie intensywn\u0105 modlitw\u0119? Ju\u017c nie \u015bpiewamy suplikacji \u201e\u015awi\u0119ty Bo\u017ce\u201d, chyba te\u017c coraz mniej Os\u00f3b modli si\u0119 na R\u00f3\u017ca\u0144cu [&hellip;]\" \/>\n<meta property=\"og:url\" content=\"https:\/\/gaudiumetspes-blog.pl\/index.php\/2020\/07\/28\/sprawiedliwi-jasniec-beda\/\" \/>\n<meta property=\"og:site_name\" content=\"Gaudium Et Spes\" \/>\n<meta property=\"article:published_time\" content=\"2020-07-28T03:33:08+00:00\" \/>\n<meta name=\"author\" content=\"Ks. Jacek\" \/>\n<meta name=\"twitter:card\" content=\"summary_large_image\" \/>\n<meta name=\"twitter:label1\" content=\"Napisane przez\" \/>\n\t<meta name=\"twitter:data1\" content=\"Ks. Jacek\" \/>\n\t<meta name=\"twitter:label2\" content=\"Szacowany czas czytania\" \/>\n\t<meta name=\"twitter:data2\" content=\"9 minut\" \/>\n<script type=\"application\/ld+json\" class=\"yoast-schema-graph\">{\"@context\":\"https:\/\/schema.org\",\"@graph\":[{\"@type\":\"WebPage\",\"@id\":\"https:\/\/gaudiumetspes-blog.pl\/index.php\/2020\/07\/28\/sprawiedliwi-jasniec-beda\/\",\"url\":\"https:\/\/gaudiumetspes-blog.pl\/index.php\/2020\/07\/28\/sprawiedliwi-jasniec-beda\/\",\"name\":\"Sprawiedliwi ja\u015bnie\u0107 b\u0119d\u0105! - Gaudium Et Spes\",\"isPartOf\":{\"@id\":\"https:\/\/gaudiumetspes-blog.pl\/#website\"},\"datePublished\":\"2020-07-28T03:33:08+00:00\",\"author\":{\"@id\":\"https:\/\/gaudiumetspes-blog.pl\/#\/schema\/person\/1661982992b752dea8dff0d4ed845a65\"},\"breadcrumb\":{\"@id\":\"https:\/\/gaudiumetspes-blog.pl\/index.php\/2020\/07\/28\/sprawiedliwi-jasniec-beda\/#breadcrumb\"},\"inLanguage\":\"pl-PL\",\"potentialAction\":[{\"@type\":\"ReadAction\",\"target\":[\"https:\/\/gaudiumetspes-blog.pl\/index.php\/2020\/07\/28\/sprawiedliwi-jasniec-beda\/\"]}]},{\"@type\":\"BreadcrumbList\",\"@id\":\"https:\/\/gaudiumetspes-blog.pl\/index.php\/2020\/07\/28\/sprawiedliwi-jasniec-beda\/#breadcrumb\",\"itemListElement\":[{\"@type\":\"ListItem\",\"position\":1,\"name\":\"Strona g\u0142\u00f3wna\",\"item\":\"https:\/\/gaudiumetspes-blog.pl\/\"},{\"@type\":\"ListItem\",\"position\":2,\"name\":\"Sprawiedliwi ja\u015bnie\u0107 b\u0119d\u0105!\"}]},{\"@type\":\"WebSite\",\"@id\":\"https:\/\/gaudiumetspes-blog.pl\/#website\",\"url\":\"https:\/\/gaudiumetspes-blog.pl\/\",\"name\":\"Gaudium Et Spes\",\"description\":\"Blog Ks. Jacka Ja\u015bkowskiego\",\"potentialAction\":[{\"@type\":\"SearchAction\",\"target\":{\"@type\":\"EntryPoint\",\"urlTemplate\":\"https:\/\/gaudiumetspes-blog.pl\/?s={search_term_string}\"},\"query-input\":{\"@type\":\"PropertyValueSpecification\",\"valueRequired\":true,\"valueName\":\"search_term_string\"}}],\"inLanguage\":\"pl-PL\"},{\"@type\":\"Person\",\"@id\":\"https:\/\/gaudiumetspes-blog.pl\/#\/schema\/person\/1661982992b752dea8dff0d4ed845a65\",\"name\":\"Ks. Jacek\",\"image\":{\"@type\":\"ImageObject\",\"inLanguage\":\"pl-PL\",\"@id\":\"https:\/\/gaudiumetspes-blog.pl\/#\/schema\/person\/image\/\",\"url\":\"https:\/\/gaudiumetspes-blog.pl\/wp-content\/uploads\/2019\/07\/avatar-JJ-150x150.jpg\",\"contentUrl\":\"https:\/\/gaudiumetspes-blog.pl\/wp-content\/uploads\/2019\/07\/avatar-JJ-150x150.jpg\",\"caption\":\"Ks. Jacek\"},\"description\":\"Witam serdecznie! K\u0142ania si\u0119 Ks. Jacek Ja\u015bkowski. Nie jestem ani kim\u015b wa\u017cnym, ani kim\u015b znanym. Jestem ksi\u0119dzem, kt\u00f3ry po prostu chce rozmawia\u0107. Codzienna kap\u0142a\u0144ska pos\u0142uga pokazuje mi, \u017ce temat\u00f3w do rozm\u00f3w z ksi\u0119dzem jest coraz wi\u0119cej i dzisiaj \u017caden ksi\u0105dz nie mo\u017ce od nich ucieka\u0107, ale - wprost przeciwnie - podejmowa\u0107 nowe wyzwania. To przekonanie sk\u0142oni\u0142o mnie do pr\u00f3by otwarcia tego\u017c bloga, chocia\u017c okazji do rozm\u00f3w na co dzie\u0144 - w konfesjonale i poza nim - na szcz\u0119\u015bcie nie brakuje. My\u015bl\u0119 jednak, \u017ce ten blog b\u0119dzie jeszcze jednym sposobem i przestrzeni\u0105 nawi\u0105zania kontaktu z lud\u017ami dobrej woli, otwartymi na dialog.\",\"url\":\"https:\/\/gaudiumetspes-blog.pl\/index.php\/author\/ks-jacek\/\"}]}<\/script>\n<!-- \/ Yoast SEO plugin. -->","yoast_head_json":{"title":"Sprawiedliwi ja\u015bnie\u0107 b\u0119d\u0105! - Gaudium Et Spes","robots":{"index":"index","follow":"follow","max-snippet":"max-snippet:-1","max-image-preview":"max-image-preview:large","max-video-preview":"max-video-preview:-1"},"canonical":"https:\/\/gaudiumetspes-blog.pl\/index.php\/2020\/07\/28\/sprawiedliwi-jasniec-beda\/","og_locale":"pl_PL","og_type":"article","og_title":"Sprawiedliwi ja\u015bnie\u0107 b\u0119d\u0105! - Gaudium Et Spes","og_description":"Szcz\u0119\u015b\u0107 Bo\u017ce! Moi Drodzy, bardzo zach\u0119cam do przemy\u015blenia dzisiejszego rozwa\u017cania \u2013 i o Wasze opinie na ten temat. Nie wiem, czy tylko mi si\u0119 wydaje, \u017ce w obliczu ca\u0142ego tego zamieszania, jakie dzieje si\u0119 wok\u00f3\u0142 nas, odpu\u015bcili\u015bmy sobie intensywn\u0105 modlitw\u0119? Ju\u017c nie \u015bpiewamy suplikacji \u201e\u015awi\u0119ty Bo\u017ce\u201d, chyba te\u017c coraz mniej Os\u00f3b modli si\u0119 na R\u00f3\u017ca\u0144cu [&hellip;]","og_url":"https:\/\/gaudiumetspes-blog.pl\/index.php\/2020\/07\/28\/sprawiedliwi-jasniec-beda\/","og_site_name":"Gaudium Et Spes","article_published_time":"2020-07-28T03:33:08+00:00","author":"Ks. Jacek","twitter_card":"summary_large_image","twitter_misc":{"Napisane przez":"Ks. Jacek","Szacowany czas czytania":"9 minut"},"schema":{"@context":"https:\/\/schema.org","@graph":[{"@type":"WebPage","@id":"https:\/\/gaudiumetspes-blog.pl\/index.php\/2020\/07\/28\/sprawiedliwi-jasniec-beda\/","url":"https:\/\/gaudiumetspes-blog.pl\/index.php\/2020\/07\/28\/sprawiedliwi-jasniec-beda\/","name":"Sprawiedliwi ja\u015bnie\u0107 b\u0119d\u0105! - Gaudium Et Spes","isPartOf":{"@id":"https:\/\/gaudiumetspes-blog.pl\/#website"},"datePublished":"2020-07-28T03:33:08+00:00","author":{"@id":"https:\/\/gaudiumetspes-blog.pl\/#\/schema\/person\/1661982992b752dea8dff0d4ed845a65"},"breadcrumb":{"@id":"https:\/\/gaudiumetspes-blog.pl\/index.php\/2020\/07\/28\/sprawiedliwi-jasniec-beda\/#breadcrumb"},"inLanguage":"pl-PL","potentialAction":[{"@type":"ReadAction","target":["https:\/\/gaudiumetspes-blog.pl\/index.php\/2020\/07\/28\/sprawiedliwi-jasniec-beda\/"]}]},{"@type":"BreadcrumbList","@id":"https:\/\/gaudiumetspes-blog.pl\/index.php\/2020\/07\/28\/sprawiedliwi-jasniec-beda\/#breadcrumb","itemListElement":[{"@type":"ListItem","position":1,"name":"Strona g\u0142\u00f3wna","item":"https:\/\/gaudiumetspes-blog.pl\/"},{"@type":"ListItem","position":2,"name":"Sprawiedliwi ja\u015bnie\u0107 b\u0119d\u0105!"}]},{"@type":"WebSite","@id":"https:\/\/gaudiumetspes-blog.pl\/#website","url":"https:\/\/gaudiumetspes-blog.pl\/","name":"Gaudium Et Spes","description":"Blog Ks. Jacka Ja\u015bkowskiego","potentialAction":[{"@type":"SearchAction","target":{"@type":"EntryPoint","urlTemplate":"https:\/\/gaudiumetspes-blog.pl\/?s={search_term_string}"},"query-input":{"@type":"PropertyValueSpecification","valueRequired":true,"valueName":"search_term_string"}}],"inLanguage":"pl-PL"},{"@type":"Person","@id":"https:\/\/gaudiumetspes-blog.pl\/#\/schema\/person\/1661982992b752dea8dff0d4ed845a65","name":"Ks. Jacek","image":{"@type":"ImageObject","inLanguage":"pl-PL","@id":"https:\/\/gaudiumetspes-blog.pl\/#\/schema\/person\/image\/","url":"https:\/\/gaudiumetspes-blog.pl\/wp-content\/uploads\/2019\/07\/avatar-JJ-150x150.jpg","contentUrl":"https:\/\/gaudiumetspes-blog.pl\/wp-content\/uploads\/2019\/07\/avatar-JJ-150x150.jpg","caption":"Ks. Jacek"},"description":"Witam serdecznie! K\u0142ania si\u0119 Ks. Jacek Ja\u015bkowski. Nie jestem ani kim\u015b wa\u017cnym, ani kim\u015b znanym. Jestem ksi\u0119dzem, kt\u00f3ry po prostu chce rozmawia\u0107. Codzienna kap\u0142a\u0144ska pos\u0142uga pokazuje mi, \u017ce temat\u00f3w do rozm\u00f3w z ksi\u0119dzem jest coraz wi\u0119cej i dzisiaj \u017caden ksi\u0105dz nie mo\u017ce od nich ucieka\u0107, ale - wprost przeciwnie - podejmowa\u0107 nowe wyzwania. To przekonanie sk\u0142oni\u0142o mnie do pr\u00f3by otwarcia tego\u017c bloga, chocia\u017c okazji do rozm\u00f3w na co dzie\u0144 - w konfesjonale i poza nim - na szcz\u0119\u015bcie nie brakuje. My\u015bl\u0119 jednak, \u017ce ten blog b\u0119dzie jeszcze jednym sposobem i przestrzeni\u0105 nawi\u0105zania kontaktu z lud\u017ami dobrej woli, otwartymi na dialog.","url":"https:\/\/gaudiumetspes-blog.pl\/index.php\/author\/ks-jacek\/"}]}},"jetpack_featured_media_url":"","jetpack_sharing_enabled":true,"_links":{"self":[{"href":"https:\/\/gaudiumetspes-blog.pl\/index.php\/wp-json\/wp\/v2\/posts\/17485","targetHints":{"allow":["GET"]}}],"collection":[{"href":"https:\/\/gaudiumetspes-blog.pl\/index.php\/wp-json\/wp\/v2\/posts"}],"about":[{"href":"https:\/\/gaudiumetspes-blog.pl\/index.php\/wp-json\/wp\/v2\/types\/post"}],"author":[{"embeddable":true,"href":"https:\/\/gaudiumetspes-blog.pl\/index.php\/wp-json\/wp\/v2\/users\/1"}],"replies":[{"embeddable":true,"href":"https:\/\/gaudiumetspes-blog.pl\/index.php\/wp-json\/wp\/v2\/comments?post=17485"}],"version-history":[{"count":3,"href":"https:\/\/gaudiumetspes-blog.pl\/index.php\/wp-json\/wp\/v2\/posts\/17485\/revisions"}],"predecessor-version":[{"id":17488,"href":"https:\/\/gaudiumetspes-blog.pl\/index.php\/wp-json\/wp\/v2\/posts\/17485\/revisions\/17488"}],"wp:attachment":[{"href":"https:\/\/gaudiumetspes-blog.pl\/index.php\/wp-json\/wp\/v2\/media?parent=17485"}],"wp:term":[{"taxonomy":"category","embeddable":true,"href":"https:\/\/gaudiumetspes-blog.pl\/index.php\/wp-json\/wp\/v2\/categories?post=17485"},{"taxonomy":"post_tag","embeddable":true,"href":"https:\/\/gaudiumetspes-blog.pl\/index.php\/wp-json\/wp\/v2\/tags?post=17485"}],"curies":[{"name":"wp","href":"https:\/\/api.w.org\/{rel}","templated":true}]}}