{"id":17489,"date":"2020-07-29T05:34:05","date_gmt":"2020-07-29T03:34:05","guid":{"rendered":"https:\/\/gaudiumetspes-blog.pl\/?p=17489"},"modified":"2020-07-28T17:16:50","modified_gmt":"2020-07-28T15:16:50","slug":"kto-trwa-w-milosci-trwa-w-bogu","status":"publish","type":"post","link":"https:\/\/gaudiumetspes-blog.pl\/index.php\/2020\/07\/29\/kto-trwa-w-milosci-trwa-w-bogu\/","title":{"rendered":"Kto trwa w mi\u0142o\u015bci &#8211; trwa w Bogu!"},"content":{"rendered":"<p align=\"justify\"><span style=\"color: #000000;\"><span style=\"font-family: Book Antiqua, serif;\"><span style=\"font-size: large;\">Szcz\u0119\u015b\u0107 Bo\u017ce! Moi Drodzy, w dniu dzisiejszym <b>urodziny prze\u017cywa Dominik Ka\u0142aska, nale\u017c\u0105cy w swoim czasie do Wsp\u00f3lnoty m\u0142odzie\u017cowej w Tr\u0105bkach. \u017bycz\u0119 Jubilatowi, aby tak, jak dzisiejsza Patronka, trwa\u0142 zawsze przy Jezusie! I aby wyra\u017ca\u0142 to konkretem swojej postawy \u2013 <\/b><b>postawy s\u0142u\u017cby<\/b><b>. Zapewniam o modlitwie.<\/b><\/span><\/span><\/span><\/p>\n<p align=\"justify\"><span style=\"color: #000000;\"><span style=\"font-family: Book Antiqua, serif;\"><span style=\"font-size: large;\">Moi Drodzy, w dniu dzisiejszym odb\u0119d\u0105 si\u0119 uroczysto\u015bci pogrzebowe zmar\u0142ego niedawno Ksi\u0119dza Pra\u0142ata Eugeniusza Ga\u0142adyka. Jako Ojciec duchowny Seminarium siedleckiego, prowadzi\u0142 dwukrotnie tygodniowe rekolekcje przed moimi \u015bwi\u0119ceniami \u2013 najpierw diako\u0144skimi, a nast\u0119pnie kap\u0142a\u0144skimi. By dowiedzie\u0107 si\u0119 nieco wi\u0119cej o zmar\u0142ym Kap\u0142anie, proponuj\u0119 kr\u00f3tki artykulik:<\/span><\/span><\/span><\/p>\n<p align=\"justify\"><span style=\"color: #000000;\"><span style=\"font-family: Book Antiqua, serif;\"><span style=\"font-size: medium;\"><span style=\"font-size: large;\"><a href=\"http:\/\/podlasie24.pl\/miasto-siedlce\/kosciol\/zmarl--ks.-pralat-eugeniusz-galadyk-kaplan-diecezji-siedleckiej-2f157.html\">http:\/\/podlasie24.pl\/miasto-siedlce\/kosciol\/zmarl&#8211;ks.-pralat-eugeniusz-galadyk-kaplan-diecezji-siedleckiej-2f157.html<\/a> <\/span><\/span><\/span><\/span><\/p>\n<p align=\"justify\"><span style=\"color: #000000;\"><span style=\"font-family: Book Antiqua, serif;\"><span style=\"font-size: large;\">To, co czytamy tam o niezwyk\u0142ej pogodzie ducha Ojca Eugeniusza \u2013 to prawda. Potwierdzam! Przypominam sobie, jak obejmowa\u0142 pos\u0142ug\u0119 Ojca duchownego w Seminarium. Ju\u017c wtedy bowiem zwr\u00f3ci\u0142 nasz\u0105 uwag\u0119 swoj\u0105 prostolinijno\u015bci\u0105 i szczero\u015bci\u0105, swoj\u0105 pogod\u0105 ducha i optymizmem. Niekt\u00f3rzy z Kleryk\u00f3w wieszczyli, \u017ce jak pob\u0119dzie troch\u0119 w Seminarium i zobaczy, jakie to trudne \u015brodowisko i trudna pos\u0142uga \u2013 formowanie m\u0142odych, a przecie\u017c ju\u017c doros\u0142ych facet\u00f3w w kierunku kap\u0142a\u0144stwa \u2013 to szybko zmieni nastawienie i ten beztroski u\u015bmiech zniknie z twarzy. A jednak \u2013 tak si\u0119 nie sta\u0142o. <\/span><\/span><\/span><\/p>\n<p align=\"justify\"><span style=\"color: #000000;\"><span style=\"font-family: Book Antiqua, serif;\"><span style=\"font-size: large;\">Wyra\u017cam dzi\u015b moj\u0105 osobist\u0105, serdeczn\u0105 wdzi\u0119czno\u015b\u0107 Ojcu Eugeniuszowi za wszelkie dobro i w modlitwie upraszam dla Niego \u0142aski wiecznego zbawienia.<\/span><\/span><\/span><\/p>\n<p align=\"justify\"><span style=\"color: #000000;\"><span style=\"font-family: Book Antiqua, serif;\"><span style=\"font-size: large;\">A jutro \u2013 na naszym forum \u2013 s\u0142\u00f3wko z Syberii!<\/span><\/span><\/span><\/p>\n<p align=\"justify\"><span style=\"color: #000000;\"><span style=\"font-family: Book Antiqua, serif;\"><span style=\"font-size: large;\"><b>Niech Was b\u0142ogos\u0142awi B\u00f3g Wszechmog\u0105cy: Ojciec + i Syn, i Duch \u015awi\u0119ty. Amen<\/b><\/span><\/span><\/span><\/p>\n<p align=\"center\"><span style=\"color: #000000;\"><span style=\"font-family: Book Antiqua, serif;\"><span style=\"font-size: large;\">Gaudium et spes! Ks. Jacek<\/span><\/span><\/span><\/p>\n<p align=\"center\">\n<p align=\"center\">\n<p align=\"center\">\n<p align=\"center\">\n<p align=\"center\">\n<p align=\"justify\"><span style=\"color: #000000;\"><span style=\"font-family: Book Antiqua, serif;\"><span style=\"font-size: large;\"><b>Wspomnienie \u015aw. Marty,<\/b><\/span><\/span><\/span><\/p>\n<p align=\"justify\"><span style=\"color: #000000;\"><span style=\"font-family: Book Antiqua, serif;\"><span style=\"font-size: large;\"><b>29 lipca 2020.,<\/b><\/span><\/span><\/span><\/p>\n<p align=\"justify\"><span style=\"color: #000000;\"><span style=\"font-family: Book Antiqua, serif;\"><span style=\"font-size: large;\"><b>do czyta\u0144 z t. VI Lekcjonarza: <\/b><\/span><\/span><\/span><\/p>\n<p align=\"justify\"><span style=\"color: #000000;\"> <span style=\"font-family: Book Antiqua, serif;\"><span style=\"font-size: large;\"><b>1 J 4,7\u201316; J 11,19\u201327 albo: \u0141k 10,38\u201342<\/b><\/span><\/span><\/span><\/p>\n<p align=\"justify\">\n<p align=\"justify\">\n<p align=\"justify\">\n<p align=\"justify\">\n<p align=\"justify\">\n<p align=\"justify\"><span style=\"color: #000000;\"><span style=\"font-family: Book Antiqua, serif;\"><span style=\"font-size: large;\"><b>CZYTANIE Z PIERWSZEGO LISTU \u015aWI\u0118TEGO JANA APOSTO\u0141A:<\/b><\/span><\/span><\/span><\/p>\n<p align=\"justify\"><span style=\"color: #000000;\"><span style=\"font-family: Book Antiqua, serif;\"><span style=\"font-size: large;\"><b>Umi\u0142owani, mi\u0142ujmy si\u0119 wzajemnie, poniewa\u017c mi\u0142o\u015b\u0107 jest z Boga, a ka\u017cdy, kto mi\u0142uje, narodzi\u0142 si\u0119 z Boga i zna Boga. Kto nie mi\u0142uje, nie zna Boga, bo B\u00f3g jest mi\u0142o\u015bci\u0105.<\/b><\/span><\/span><\/span><\/p>\n<p align=\"justify\"><span style=\"color: #000000;\"><span style=\"font-family: Book Antiqua, serif;\"><span style=\"font-size: large;\"><b>W tym objawi\u0142a si\u0119 mi\u0142o\u015b\u0107 Boga ku nam, \u017ce zes\u0142a\u0142 Syna swego Jednorodzonego na \u015bwiat, aby\u015bmy \u017cycie mieli dzi\u0119ki Niemu.<\/b><\/span><\/span><\/span><\/p>\n<p align=\"justify\"><span style=\"color: #000000;\"><span style=\"font-family: Book Antiqua, serif;\"><span style=\"font-size: large;\"><b>W tym przejawia si\u0119 mi\u0142o\u015b\u0107, \u017ce nie my umi\u0142owali\u015bmy Boga, ale \u017ce On sam nas umi\u0142owa\u0142 i pos\u0142a\u0142 Syna swojego jako ofiar\u0119 przeb\u0142agaln\u0105 za nasze grzechy.<\/b><\/span><\/span><\/span><\/p>\n<p align=\"justify\"><span style=\"color: #000000;\"><span style=\"font-family: Book Antiqua, serif;\"><span style=\"font-size: large;\"><b>Umi\u0142owani, je\u015bli B\u00f3g tak nas umi\u0142owa\u0142, to i my winni\u015bmy si\u0119 wzajemnie mi\u0142owa\u0107. Nikt nigdy Boga nie ogl\u0105da\u0142. Je\u017celi mi\u0142ujemy si\u0119 wzajemnie, B\u00f3g trwa w nas i mi\u0142o\u015b\u0107 ku Niemu jest w nas doskona\u0142a. <\/b><\/span><\/span><\/span><\/p>\n<p align=\"justify\"><span style=\"color: #000000;\"><span style=\"font-family: Book Antiqua, serif;\"><span style=\"font-size: large;\"><b>Poznajemy, \u017ce my trwamy w Nim, a On w nas, bo udzieli\u0142 nam ze swego Ducha. My tak\u017ce widzieli\u015bmy i \u015bwiadczymy, \u017ce Ojciec zes\u0142a\u0142 Syna jako Zbawiciela \u015bwiata.<\/b><\/span><\/span><\/span><\/p>\n<p align=\"justify\"><span style=\"color: #000000;\"><span style=\"font-family: Book Antiqua, serif;\"><span style=\"font-size: large;\"><b>Je\u015bli kto wyznaje, \u017ce Jezus jest Synem Bo\u017cym, to B\u00f3g trwa w nim, a on w Bogu. My\u015bmy poznali i uwierzyli mi\u0142o\u015bci, jak\u0105 B\u00f3g ma ku nam. <\/b><\/span><\/span><\/span><\/p>\n<p align=\"justify\"><span style=\"color: #000000;\"><span style=\"font-family: Book Antiqua, serif;\"><span style=\"font-size: large;\"><b>B\u00f3g jest mi\u0142o\u015bci\u0105: kto trwa w mi\u0142o\u015bci, trwa w Bogu, a B\u00f3g trwa w nim.<\/b><\/span><\/span><\/span><\/p>\n<p align=\"justify\">\n<p align=\"justify\">\n<p align=\"justify\">\n<p align=\"justify\">\n<p align=\"justify\">\n<p align=\"justify\"><span style=\"color: #000000;\"><span style=\"font-family: Book Antiqua, serif;\"><span style=\"font-size: large;\"><b>S\u0141OWA EWANGELII WED\u0141UG \u015aWI\u0118TEGO JANA:<\/b><\/span><\/span><\/span><\/p>\n<p align=\"justify\"><span style=\"color: #000000;\"><span style=\"font-family: Book Antiqua, serif;\"><span style=\"font-size: large;\"><b>Wielu \u017byd\u00f3w przyby\u0142o do Marty i Marii, aby je pocieszy\u0107 po bracie. Kiedy za\u015b Marta dowiedzia\u0142a si\u0119, \u017ce Jezus nadchodzi, wysz\u0142a Mu na spotkanie. Maria za\u015b siedzia\u0142a w domu.<\/b><\/span><\/span><\/span><\/p>\n<p align=\"justify\"><span style=\"color: #000000;\"><span style=\"font-family: Book Antiqua, serif;\"><span style=\"font-size: large;\"><b>Marta rzek\u0142a do Jezusa: \u201ePanie, gdyby\u015b tu by\u0142, m\u00f3j brat by nie umar\u0142. Lecz i teraz wiem, \u017ce B\u00f3g da Ci wszystko, o cokolwiek by\u015b prosi\u0142 Boga\u201d.<\/b><\/span><\/span><\/span><\/p>\n<p align=\"justify\"><span style=\"color: #000000;\"><span style=\"font-family: Book Antiqua, serif;\"><span style=\"font-size: large;\"><b>Rzek\u0142 do niej Jezus: \u201eBrat tw\u00f3j zmartwychwstanie\u201d.<\/b><\/span><\/span><\/span><\/p>\n<p align=\"justify\"><span style=\"color: #000000;\"><span style=\"font-family: Book Antiqua, serif;\"><span style=\"font-size: large;\"><b>Rzek\u0142a Marta do Niego: \u201eWiem, \u017ce zmartwychwstanie w czasie zmartwychwstania w dniu ostatecznym\u201d.<\/b><\/span><\/span><\/span><\/p>\n<p align=\"justify\"><span style=\"color: #000000;\"><span style=\"font-family: Book Antiqua, serif;\"><span style=\"font-size: large;\"><b>Rzek\u0142 do niej Jezus: \u201eJa jestem zmartwychwstaniem i \u017cyciem. Kto we Mnie wierzy, cho\u0107by i umar\u0142, \u017cy\u0107 b\u0119dzie. Ka\u017cdy, kto \u017cyje i wierzy we Mnie, nie umrze na wieki. Wierzysz w to?\u201d.<\/b><\/span><\/span><\/span><\/p>\n<p align=\"justify\"><span style=\"color: #000000;\"><span style=\"font-family: Book Antiqua, serif;\"><span style=\"font-size: large;\"><b>Odpowiedzia\u0142a Mu: \u201eTak, Panie! Ja wci\u0105\u017c wierz\u0119, \u017ce\u015b Ty jest Mesjasz, Syn Bo\u017cy, kt\u00f3ry mia\u0142 przyj\u015b\u0107 na \u015bwiat\u201d.<\/b><\/span><\/span><\/span><\/p>\n<p align=\"justify\">\n<p align=\"justify\">\n<p align=\"justify\">\n<p align=\"justify\">\n<p align=\"justify\">\n<p align=\"center\"><span style=\"color: #000000;\"><span style=\"font-family: Book Antiqua, serif;\"><span style=\"font-size: large;\"><b>ALBO:<\/b><\/span><\/span><\/span><\/p>\n<p align=\"center\">\n<p align=\"center\">\n<p align=\"center\">\n<p align=\"center\">\n<p align=\"center\">\n<p align=\"justify\"><span style=\"color: #000000;\"><span style=\"font-family: Book Antiqua, serif;\"><span style=\"font-size: large;\"><b>S\u0141OWA EWANGELII WED\u0141UG \u015aWI\u0118TEGO \u0141UKASZA:<\/b><\/span><\/span><\/span><\/p>\n<p align=\"justify\"><span style=\"color: #000000;\"><span style=\"font-family: Book Antiqua, serif;\"><span style=\"font-size: large;\"><b>Jezus przyszed\u0142 do jednej wsi. Tam pewna niewiasta, imieniem Marta, przyj\u0119\u0142a Go do swego domu. Mia\u0142a ona siostr\u0119, imieniem Maria, kt\u00f3ra siad\u0142a u n\u00f3g Pana i przys\u0142uchiwa\u0142a si\u0119 Jego mowie.<\/b><\/span><\/span><\/span><\/p>\n<p align=\"justify\"><span style=\"color: #000000;\"><span style=\"font-family: Book Antiqua, serif;\"><span style=\"font-size: large;\"><b>Natomiast Marta uwija\u0142a si\u0119 ko\u0142o rozmaitych pos\u0142ug. Przyst\u0105pi\u0142a wi\u0119c do Niego i rzek\u0142a: \u00abPanie, czy Ci to oboj\u0119tne, \u017ce moja siostra zostawi\u0142a mnie sam\u0105 przy us\u0142ugiwaniu? Powiedz jej, \u017ceby mi pomog\u0142a\u00bb.<\/b><\/span><\/span><\/span><\/p>\n<p align=\"justify\"><span style=\"color: #000000;\"><span style=\"font-family: Book Antiqua, serif;\"><span style=\"font-size: large;\"><b>A Pan jej odpowiedzia\u0142: \u201eMarto, Marto, troszczysz si\u0119 i niepokoisz o wiele, a potrzeba ma\u0142o albo tylko jednego. Maria obra\u0142a najlepsz\u0105 cz\u0105stk\u0119, kt\u00f3rej nie b\u0119dzie pozbawiona\u201d.<\/b><\/span><\/span><\/span><\/p>\n<p align=\"justify\">\n<p align=\"justify\">\n<p align=\"justify\">\n<p align=\"justify\">\n<p align=\"justify\">\n<p align=\"justify\"><span style=\"color: #000000;\"><span style=\"font-size: large;\"><span style=\"font-family: Book Antiqua, serif;\">Patronka dnia dzisiejszego, <\/span><span style=\"font-family: Book Antiqua, serif;\"><b>Marta<\/b><\/span><span style=\"font-family: Book Antiqua, serif;\">, pochodzi\u0142a z Betanii, miasteczka po\u0142o\u017conego na wschodnim zboczu G\u00f3ry Oliwnej, w pobli\u017cu wioski Betfage, odleg\u0142ego od Jerozolimy oko\u0142o trzech kilometr\u00f3w. <\/span><span style=\"font-family: Book Antiqua, serif;\"><b>By\u0142a siostr\u0105 Marii i \u0141azarza, kt\u00f3rych Chrystus darzy\u0142 przyja\u017ani\u0105.<\/b><\/span><span style=\"font-family: Book Antiqua, serif;\"> Bardzo wiele razy <\/span><span style=\"font-family: Book Antiqua, serif;\"><b>go\u015bci\u0142a Go w swoim domu.<\/b><\/span><span style=\"font-family: Book Antiqua, serif;\"> \u015awi\u0119ty \u0141ukasz opisuje szczeg\u00f3\u0142owo jedno z takich spotka\u0144, a opis ten <\/span><span style=\"font-family: Book Antiqua, serif;\">s\u0142yszymy<\/span><span style=\"font-family: Book Antiqua, serif;\"> w dzisiejszej Ewangelii \u2013 <\/span><span style=\"font-family: Book Antiqua, serif;\">jednej z dw\u00f3ch, danych nam dzisiaj do wyboru, do odczytania w liturgii.<\/span><\/span><\/span><\/p>\n<p align=\"justify\"><span style=\"color: #000000;\"><span style=\"font-size: large;\"><span style=\"font-family: Book Antiqua, serif;\">Mart\u0119 wspomina w Ewangelii tak\u017ce \u015awi\u0119ty Jan \u2013 <\/span><span style=\"font-family: Book Antiqua, serif;\">we fragmencie, kt\u00f3ry tak\u017ce mamy dzi\u015b do wyboru \u2013<\/span><span style=\"font-family: Book Antiqua, serif;\"> odnotowuj\u0105c wskrzeszenie \u0141azarza. <\/span><span style=\"font-family: Book Antiqua, serif;\"><b>Wyzna\u0142a ona wtedy wiar\u0119 w Jezusa jako Mesjasza i Syna Bo\u017cego. <\/b><\/span><span style=\"font-family: Book Antiqua, serif;\">Ewangelista Jan opisuje ponadto wizyt\u0119 Jezusa u \u0141azarza na sze\u015b\u0107 dni przed Wieczerz\u0105 Paschaln\u0105, gdzie <\/span><span style=\"font-family: Book Antiqua, serif;\"><b>pos\u0142ugiwa\u0142a w\u0142a\u015bnie Marta.<\/b><\/span><span style=\"font-family: Book Antiqua, serif;\"> To z Betanii Jezus wyruszy\u0142 triumfalnie na osio\u0142ku do Jerozolimy w Niedziel\u0119 Palmow\u0105. Wreszcie w pobli\u017cu Betanii Pan Jezus wst\u0105pi\u0142 z G\u00f3ry Oliwnej do nieba. <\/span><\/span><\/span><\/p>\n<p align=\"justify\"><span style=\"color: #000000;\"><span style=\"font-size: large;\"><span style=\"font-family: Book Antiqua, serif;\">Na Wschodzie kult naszej dzisiejszej Patronki <\/span><span style=\"font-family: Book Antiqua, serif;\"><b>datuje si\u0119 od wieku V, na Zachodzie \u2013 od wieku VIII.<\/b><\/span><span style=\"font-family: Book Antiqua, serif;\"> Ju\u017c w wieku VI istnia\u0142a w Betanii bazylika na miejscu, gdzie mia\u0142 sta\u0107 dom \u0141azarza i jego si\u00f3str. A prowansalska legenda g\u0142osi, \u017ce po Wniebowst\u0105pieniu Jezusa \u017bydzi wprowadzili \u0141azarza, Mari\u0119 i Mart\u0119 na statek bez steru i tak pu\u015bcili ich na Morze \u015ar\u00f3dziemne. <\/span><span style=\"font-family: Book Antiqua, serif;\">Dzi\u0119ki <\/span><span style=\"font-family: Book Antiqua, serif;\">opiece <\/span><span style=\"font-family: Book Antiqua, serif;\">Opatrzno\u015bci,<\/span><b> <\/b><span style=\"font-family: Book Antiqua, serif;\">wszyscy <\/span><span style=\"font-family: Book Antiqua, serif;\">mieli <\/span><span style=\"font-family: Book Antiqua, serif;\"><b>wyl\u0105dowa<\/b><\/span><span style=\"font-family: Book Antiqua, serif;\"><b>\u0107<\/b><\/span><span style=\"font-family: Book Antiqua, serif;\"><b> szcz\u0119\u015bliwie na wybrze\u017cu Francji, niedaleko Marsylii.<\/b><\/span><span style=\"font-family: Book Antiqua, serif;\"> \u0141azarz mia\u0142 zosta\u0107 pierwszym biskupem tego miasta, Marta za\u0142o\u017cy\u0142a w pobli\u017cu \u017ce\u0144ski klasztor, a Maria pokutowa\u0142a w niedalekiej pustelni. To jednak <\/span><span style=\"font-family: Book Antiqua, serif;\"><b>tylko pi\u0119kna legenda\u2026<\/b><\/span><\/span><\/span><\/p>\n<p align=\"justify\"><span style=\"color: #000000;\"><span style=\"font-family: Book Antiqua, serif;\"><span style=\"font-size: large;\">S\u0142uchaj\u0105c za\u015b Bo\u017cego s\u0142owa, przeznaczonego w liturgii Ko\u015bcio\u0142a dok\u0142adnie na dzisiejsze wspomnienie, w obu fragmentach ewangelicznych, danych nam dzi\u015b do wyboru, widzimy Mart\u0119 jako Osob\u0119 <b>naprawd\u0119 blisk\u0105 Jezusowi.<\/b> Blisk\u0105 w taki <b>naturalny spos\u00f3b,<\/b> kiedy to stara\u0142a si\u0119 uczyni\u0107 wszystko, co w jej mocy, aby jak najlepiej ugo\u015bci\u0107 Go w swoim domu; ale te\u017c blisk\u0105 <b>w spos\u00f3b duchowy,<\/b> kiedy po \u015bmierci brata swego, \u0141azarza, wyzna\u0142a <b>wiar\u0119 w zmartwychwstanie.<\/b> <\/span><\/span><\/span><\/p>\n<p align=\"justify\"><span style=\"color: #000000;\"><span style=\"font-family: Book Antiqua, serif;\"><span style=\"font-size: large;\">W kontek\u015bcie tego ostatniego, musimy zauwa\u017cy\u0107, \u017ce Marta by\u0142a <b>dobr\u0105 uczennic\u0105 Jezusa,<\/b> skoro zda\u0142a ten nieplanowany egzamin z Jego nauczania, m\u00f3wi\u0105c: <i><b>Wiem, \u017ce<\/b><\/i><b> <\/b><b>[\u0141azarz] <\/b><i><b>zmartwychwstanie w czasie zmartwychwstania w dniu ostatecznym.<\/b><\/i><b> <\/b>Wynika z tego, \u017ce jej blisko\u015b\u0107 z Jezusem \u2013 by tak rzec \u2013 nie posz\u0142a na marne, nie by\u0142a tylko blisko\u015bci\u0105 zewn\u0119trzn\u0105, okazyjn\u0105, tak\u0105 na pokaz, ale niejako <b>posz\u0142a w g\u0142\u0105b.<\/b> Z g\u0142\u0119bi ducha bowiem Marta mog\u0142a wypowiedzie\u0107 takie zdanie, jakie wypowiedzia\u0142a. <\/span><\/span><\/span><\/p>\n<p align=\"justify\"><span style=\"color: #000000;\"><span style=\"font-family: Book Antiqua, serif;\"><span style=\"font-size: large;\">I w og\u00f3le, samo jej zwr\u00f3cenie si\u0119 do Jezusa o pomoc w sytuacji tak trudnej, jak \u015bmier\u0107 brata, by\u0142o znakiem jej <b>najg\u0142\u0119bszego zaufania w moc Bo\u017c\u0105, <\/b>kt\u00f3rej spodziewa\u0142a si\u0119 do\u015bwiadczy\u0107 w\u0142a\u015bnie ze strony Jezusa. Zatem \u2013 by to jeszcze raz podkre\u015bli\u0107 \u2013 przyja\u017a\u0144 Marty z Jezusem by\u0142a <b>na wskro\u015b duchowa, bardzo g\u0142\u0119boka, <\/b>bardzo sam\u0105 Mart\u0119 ubogacaj\u0105ca. <\/span><\/span><\/span><\/p>\n<p align=\"justify\"><span style=\"color: #000000;\"><span style=\"font-family: Book Antiqua, serif;\"><span style=\"font-size: large;\">Z ca\u0142\u0105 pewno\u015bci\u0105, mo\u017cemy postaw\u0119 Marty opisa\u0107 i scharakteryzowa\u0107 s\u0142owami \u015awi\u0119tego Jana, z dzisiejszego pierwszego czytania: <i><b>Umi\u0142owani, mi\u0142ujmy si\u0119 wzajemnie, poniewa\u017c mi\u0142o\u015b\u0107 jest z Boga, a ka\u017cdy, kto mi\u0142uje, narodzi\u0142 si\u0119 z Boga i zna Boga. Kto nie mi\u0142uje, nie zna Boga, bo B\u00f3g jest mi\u0142o\u015bci\u0105.<\/b><\/i><b> <\/b>Oraz: <i><b>Je\u015bli kto wyznaje, \u017ce Jezus jest Synem Bo\u017cym, to B\u00f3g trwa w nim, a on w Bogu. My\u015bmy poznali i uwierzyli mi\u0142o\u015bci, jak\u0105 B\u00f3g ma ku nam. <\/b><\/i><i><b>B\u00f3g jest mi\u0142o\u015bci\u0105: kto trwa w mi\u0142o\u015bci, trwa w Bogu, a B\u00f3g trwa w nim. <\/b><\/i><\/span><\/span><\/span><\/p>\n<p align=\"justify\"><span style=\"color: #000000;\"><span style=\"font-family: Book Antiqua, serif;\"><span style=\"font-size: large;\">Swoj\u0105 wyj\u0105tkow\u0105 relacj\u0105 z Jezusem dzisiejsza Patronka potwierdzi\u0142a sw\u0105 <b>najg\u0142\u0119bsz\u0105 mi\u0142o\u015b\u0107 do Boga. <\/b>Mi\u0142o\u015b\u0107, kt\u00f3ra w jej przypadku naprawd\u0119 nie oznacza\u0142a tylko s\u0142\u00f3w i zapewnie\u0144, albo ewentualnie samego tylko ulotnego uczucia, ale by\u0142a \u015bwiadomym <b>\u017cyciowym wyborem<\/b> i na wszystkie \u017cyciowe wybory wp\u0142ywa\u0142a. <\/span><\/span><\/span><\/p>\n<p align=\"justify\"><span style=\"color: #000000;\"><span style=\"font-family: Book Antiqua, serif;\"><span style=\"font-size: large;\">W przeciwie\u0144stwie do wielu ludzi, kt\u00f3rzy fakt spotkania z Jezusem potraktowali jako <b>ma\u0142o znacz\u0105ce wydarzenie<\/b> i nie zwr\u00f3cili uwagi na to, z kim tak naprawd\u0119 maj\u0105 do czynienia \u2013 nie wspominaj\u0105c ju\u017c o tych, kt\u00f3rzy widzieli w Nim wroga i pr\u00f3bowali Go zwalcza\u0107 \u2013 Marta okaza\u0142a si\u0119 <b>godna zaszczytu, jaki j\u0105 spotka\u0142. <\/b>Oczywi\u015bcie \u2013 godna <b>w czysto ludzkim rozumieniu, <\/b>bo przecie\u017c nikt z nas nie jest w najmniejszym stopniu godnym Boga i Jego blisko\u015bci. <\/span><\/span><\/span><\/p>\n<p align=\"justify\"><span style=\"color: #000000;\"><span style=\"font-family: Book Antiqua, serif;\"><span style=\"font-size: large;\">Natomiast w przypadku Marty rozumiemy to w ten spos\u00f3b, \u017ce przede wszystkim nie przegapi\u0142a tego wielkiego szcz\u0119\u015bcia, jakim obdarzy\u0142 j\u0105 B\u00f3g, ale potraktowa\u0142a je jako <b>dar \u2013 i jednocze\u015bnie zadanie.<\/b> I dobrze si\u0119 z tego zadania wywi\u0105za\u0142a, odpowiadaj\u0105c Jezusowi swoj\u0105 <b>wiar\u0105 i postaw\u0105 s\u0142u\u017cby. <\/b><\/span><\/span><\/span><\/p>\n<p align=\"justify\"><span style=\"color: #000000;\"><span style=\"font-family: Book Antiqua, serif;\"><span style=\"font-size: large;\">Wpatrzeni w przyk\u0142ad \u015awi\u0119tej Marty, mamy okazj\u0119 zastanowi\u0107 si\u0119 nad <b>nasz\u0105 wiar\u0105 <\/b>i wynikaj\u0105c\u0105 z niej \u2013 lub nie \u2013 <b>postaw\u0105 <\/b><b>s\u0142u\u017cby<\/b><b>.<\/b> Czy blisko\u015b\u0107 z Jezusem nam nie spowszednia\u0142a? Albo czy nie traktujemy Jezusa jako kumpla, kt\u00f3rego mo\u017cna sobie \u2013 ot, tak zwyczajnie \u2013 zlekcewa\u017cy\u0107 i zostawi\u0107, je\u015bli si\u0119 b\u0119dzie mia\u0142o taki kaprys, albo z\u0142y humor?\u2026 Czy zawsze jest On dla nas \u2013 opr\u00f3cz tego, \u017ce <b>Przyjacielem<\/b> \u2013 to tak\u017ce <b>Panem i Nauczycielem?<\/b> <\/span><\/span><\/span><\/p>\n<p align=\"justify\"><span style=\"color: #000000;\"><span style=\"font-family: Book Antiqua, serif;\"><span style=\"font-size: large;\">I czy fakt, \u017ce jeste\u015bmy wierz\u0105cymi i mamy pe\u0142n\u0105 wolno\u015b\u0107 i mo\u017cliwo\u015b\u0107 praktykowania naszej wiary, uwa\u017camy za <b>niezas\u0142u\u017cony Bo\u017cy dar, <\/b>a jednocze\u015bnie<b> \u2013 zadanie <\/b><b>i zobowi\u0105zanie<\/b><b>?\u2026<\/b><\/span><\/span><\/span><\/p>\n","protected":false},"excerpt":{"rendered":"<p>Szcz\u0119\u015b\u0107 Bo\u017ce! Moi Drodzy, w dniu dzisiejszym urodziny prze\u017cywa Dominik Ka\u0142aska, nale\u017c\u0105cy w swoim czasie do Wsp\u00f3lnoty m\u0142odzie\u017cowej w Tr\u0105bkach. \u017bycz\u0119 Jubilatowi, aby tak, jak dzisiejsza Patronka, trwa\u0142 zawsze przy Jezusie! I aby wyra\u017ca\u0142 to konkretem swojej postawy \u2013 postawy s\u0142u\u017cby. Zapewniam o modlitwie. Moi Drodzy, w dniu dzisiejszym odb\u0119d\u0105 si\u0119 uroczysto\u015bci pogrzebowe zmar\u0142ego niedawno [&hellip;]<\/p>\n","protected":false},"author":1,"featured_media":0,"comment_status":"open","ping_status":"open","sticky":false,"template":"","format":"standard","meta":{"jetpack_post_was_ever_published":false,"_jetpack_newsletter_access":"","_jetpack_dont_email_post_to_subs":false,"_jetpack_newsletter_tier_id":0,"_jetpack_memberships_contains_paywalled_content":false,"_jetpack_memberships_contains_paid_content":false,"footnotes":""},"categories":[1],"tags":[],"class_list":["post-17489","post","type-post","status-publish","format-standard","hentry","category-bez-kategorii"],"yoast_head":"<!-- This site is optimized with the Yoast SEO plugin v25.1 - https:\/\/yoast.com\/wordpress\/plugins\/seo\/ -->\n<title>Kto trwa w mi\u0142o\u015bci - trwa w Bogu! - Gaudium Et Spes<\/title>\n<meta name=\"robots\" content=\"index, follow, max-snippet:-1, max-image-preview:large, max-video-preview:-1\" \/>\n<link rel=\"canonical\" href=\"https:\/\/gaudiumetspes-blog.pl\/index.php\/2020\/07\/29\/kto-trwa-w-milosci-trwa-w-bogu\/\" \/>\n<meta property=\"og:locale\" content=\"pl_PL\" \/>\n<meta property=\"og:type\" content=\"article\" \/>\n<meta property=\"og:title\" content=\"Kto trwa w mi\u0142o\u015bci - trwa w Bogu! - Gaudium Et Spes\" \/>\n<meta property=\"og:description\" content=\"Szcz\u0119\u015b\u0107 Bo\u017ce! Moi Drodzy, w dniu dzisiejszym urodziny prze\u017cywa Dominik Ka\u0142aska, nale\u017c\u0105cy w swoim czasie do Wsp\u00f3lnoty m\u0142odzie\u017cowej w Tr\u0105bkach. \u017bycz\u0119 Jubilatowi, aby tak, jak dzisiejsza Patronka, trwa\u0142 zawsze przy Jezusie! I aby wyra\u017ca\u0142 to konkretem swojej postawy \u2013 postawy s\u0142u\u017cby. Zapewniam o modlitwie. Moi Drodzy, w dniu dzisiejszym odb\u0119d\u0105 si\u0119 uroczysto\u015bci pogrzebowe zmar\u0142ego niedawno [&hellip;]\" \/>\n<meta property=\"og:url\" content=\"https:\/\/gaudiumetspes-blog.pl\/index.php\/2020\/07\/29\/kto-trwa-w-milosci-trwa-w-bogu\/\" \/>\n<meta property=\"og:site_name\" content=\"Gaudium Et Spes\" \/>\n<meta property=\"article:published_time\" content=\"2020-07-29T03:34:05+00:00\" \/>\n<meta name=\"author\" content=\"Ks. Jacek\" \/>\n<meta name=\"twitter:card\" content=\"summary_large_image\" \/>\n<meta name=\"twitter:label1\" content=\"Napisane przez\" \/>\n\t<meta name=\"twitter:data1\" content=\"Ks. Jacek\" \/>\n\t<meta name=\"twitter:label2\" content=\"Szacowany czas czytania\" \/>\n\t<meta name=\"twitter:data2\" content=\"9 minut\" \/>\n<script type=\"application\/ld+json\" class=\"yoast-schema-graph\">{\"@context\":\"https:\/\/schema.org\",\"@graph\":[{\"@type\":\"WebPage\",\"@id\":\"https:\/\/gaudiumetspes-blog.pl\/index.php\/2020\/07\/29\/kto-trwa-w-milosci-trwa-w-bogu\/\",\"url\":\"https:\/\/gaudiumetspes-blog.pl\/index.php\/2020\/07\/29\/kto-trwa-w-milosci-trwa-w-bogu\/\",\"name\":\"Kto trwa w mi\u0142o\u015bci - trwa w Bogu! - Gaudium Et Spes\",\"isPartOf\":{\"@id\":\"https:\/\/gaudiumetspes-blog.pl\/#website\"},\"datePublished\":\"2020-07-29T03:34:05+00:00\",\"author\":{\"@id\":\"https:\/\/gaudiumetspes-blog.pl\/#\/schema\/person\/1661982992b752dea8dff0d4ed845a65\"},\"breadcrumb\":{\"@id\":\"https:\/\/gaudiumetspes-blog.pl\/index.php\/2020\/07\/29\/kto-trwa-w-milosci-trwa-w-bogu\/#breadcrumb\"},\"inLanguage\":\"pl-PL\",\"potentialAction\":[{\"@type\":\"ReadAction\",\"target\":[\"https:\/\/gaudiumetspes-blog.pl\/index.php\/2020\/07\/29\/kto-trwa-w-milosci-trwa-w-bogu\/\"]}]},{\"@type\":\"BreadcrumbList\",\"@id\":\"https:\/\/gaudiumetspes-blog.pl\/index.php\/2020\/07\/29\/kto-trwa-w-milosci-trwa-w-bogu\/#breadcrumb\",\"itemListElement\":[{\"@type\":\"ListItem\",\"position\":1,\"name\":\"Strona g\u0142\u00f3wna\",\"item\":\"https:\/\/gaudiumetspes-blog.pl\/\"},{\"@type\":\"ListItem\",\"position\":2,\"name\":\"Kto trwa w&nbsp;mi\u0142o\u015bci &#8211; trwa w&nbsp;Bogu!\"}]},{\"@type\":\"WebSite\",\"@id\":\"https:\/\/gaudiumetspes-blog.pl\/#website\",\"url\":\"https:\/\/gaudiumetspes-blog.pl\/\",\"name\":\"Gaudium Et Spes\",\"description\":\"Blog Ks. Jacka Ja\u015bkowskiego\",\"potentialAction\":[{\"@type\":\"SearchAction\",\"target\":{\"@type\":\"EntryPoint\",\"urlTemplate\":\"https:\/\/gaudiumetspes-blog.pl\/?s={search_term_string}\"},\"query-input\":{\"@type\":\"PropertyValueSpecification\",\"valueRequired\":true,\"valueName\":\"search_term_string\"}}],\"inLanguage\":\"pl-PL\"},{\"@type\":\"Person\",\"@id\":\"https:\/\/gaudiumetspes-blog.pl\/#\/schema\/person\/1661982992b752dea8dff0d4ed845a65\",\"name\":\"Ks. Jacek\",\"image\":{\"@type\":\"ImageObject\",\"inLanguage\":\"pl-PL\",\"@id\":\"https:\/\/gaudiumetspes-blog.pl\/#\/schema\/person\/image\/\",\"url\":\"https:\/\/gaudiumetspes-blog.pl\/wp-content\/uploads\/2019\/07\/avatar-JJ-150x150.jpg\",\"contentUrl\":\"https:\/\/gaudiumetspes-blog.pl\/wp-content\/uploads\/2019\/07\/avatar-JJ-150x150.jpg\",\"caption\":\"Ks. Jacek\"},\"description\":\"Witam serdecznie! K\u0142ania si\u0119 Ks. Jacek Ja\u015bkowski. Nie jestem ani kim\u015b wa\u017cnym, ani kim\u015b znanym. Jestem ksi\u0119dzem, kt\u00f3ry po prostu chce rozmawia\u0107. Codzienna kap\u0142a\u0144ska pos\u0142uga pokazuje mi, \u017ce temat\u00f3w do rozm\u00f3w z ksi\u0119dzem jest coraz wi\u0119cej i dzisiaj \u017caden ksi\u0105dz nie mo\u017ce od nich ucieka\u0107, ale - wprost przeciwnie - podejmowa\u0107 nowe wyzwania. To przekonanie sk\u0142oni\u0142o mnie do pr\u00f3by otwarcia tego\u017c bloga, chocia\u017c okazji do rozm\u00f3w na co dzie\u0144 - w konfesjonale i poza nim - na szcz\u0119\u015bcie nie brakuje. My\u015bl\u0119 jednak, \u017ce ten blog b\u0119dzie jeszcze jednym sposobem i przestrzeni\u0105 nawi\u0105zania kontaktu z lud\u017ami dobrej woli, otwartymi na dialog.\",\"url\":\"https:\/\/gaudiumetspes-blog.pl\/index.php\/author\/ks-jacek\/\"}]}<\/script>\n<!-- \/ Yoast SEO plugin. -->","yoast_head_json":{"title":"Kto trwa w mi\u0142o\u015bci - trwa w Bogu! - Gaudium Et Spes","robots":{"index":"index","follow":"follow","max-snippet":"max-snippet:-1","max-image-preview":"max-image-preview:large","max-video-preview":"max-video-preview:-1"},"canonical":"https:\/\/gaudiumetspes-blog.pl\/index.php\/2020\/07\/29\/kto-trwa-w-milosci-trwa-w-bogu\/","og_locale":"pl_PL","og_type":"article","og_title":"Kto trwa w mi\u0142o\u015bci - trwa w Bogu! - Gaudium Et Spes","og_description":"Szcz\u0119\u015b\u0107 Bo\u017ce! Moi Drodzy, w dniu dzisiejszym urodziny prze\u017cywa Dominik Ka\u0142aska, nale\u017c\u0105cy w swoim czasie do Wsp\u00f3lnoty m\u0142odzie\u017cowej w Tr\u0105bkach. \u017bycz\u0119 Jubilatowi, aby tak, jak dzisiejsza Patronka, trwa\u0142 zawsze przy Jezusie! I aby wyra\u017ca\u0142 to konkretem swojej postawy \u2013 postawy s\u0142u\u017cby. Zapewniam o modlitwie. Moi Drodzy, w dniu dzisiejszym odb\u0119d\u0105 si\u0119 uroczysto\u015bci pogrzebowe zmar\u0142ego niedawno [&hellip;]","og_url":"https:\/\/gaudiumetspes-blog.pl\/index.php\/2020\/07\/29\/kto-trwa-w-milosci-trwa-w-bogu\/","og_site_name":"Gaudium Et Spes","article_published_time":"2020-07-29T03:34:05+00:00","author":"Ks. Jacek","twitter_card":"summary_large_image","twitter_misc":{"Napisane przez":"Ks. Jacek","Szacowany czas czytania":"9 minut"},"schema":{"@context":"https:\/\/schema.org","@graph":[{"@type":"WebPage","@id":"https:\/\/gaudiumetspes-blog.pl\/index.php\/2020\/07\/29\/kto-trwa-w-milosci-trwa-w-bogu\/","url":"https:\/\/gaudiumetspes-blog.pl\/index.php\/2020\/07\/29\/kto-trwa-w-milosci-trwa-w-bogu\/","name":"Kto trwa w mi\u0142o\u015bci - trwa w Bogu! - Gaudium Et Spes","isPartOf":{"@id":"https:\/\/gaudiumetspes-blog.pl\/#website"},"datePublished":"2020-07-29T03:34:05+00:00","author":{"@id":"https:\/\/gaudiumetspes-blog.pl\/#\/schema\/person\/1661982992b752dea8dff0d4ed845a65"},"breadcrumb":{"@id":"https:\/\/gaudiumetspes-blog.pl\/index.php\/2020\/07\/29\/kto-trwa-w-milosci-trwa-w-bogu\/#breadcrumb"},"inLanguage":"pl-PL","potentialAction":[{"@type":"ReadAction","target":["https:\/\/gaudiumetspes-blog.pl\/index.php\/2020\/07\/29\/kto-trwa-w-milosci-trwa-w-bogu\/"]}]},{"@type":"BreadcrumbList","@id":"https:\/\/gaudiumetspes-blog.pl\/index.php\/2020\/07\/29\/kto-trwa-w-milosci-trwa-w-bogu\/#breadcrumb","itemListElement":[{"@type":"ListItem","position":1,"name":"Strona g\u0142\u00f3wna","item":"https:\/\/gaudiumetspes-blog.pl\/"},{"@type":"ListItem","position":2,"name":"Kto trwa w&nbsp;mi\u0142o\u015bci &#8211; trwa w&nbsp;Bogu!"}]},{"@type":"WebSite","@id":"https:\/\/gaudiumetspes-blog.pl\/#website","url":"https:\/\/gaudiumetspes-blog.pl\/","name":"Gaudium Et Spes","description":"Blog Ks. Jacka Ja\u015bkowskiego","potentialAction":[{"@type":"SearchAction","target":{"@type":"EntryPoint","urlTemplate":"https:\/\/gaudiumetspes-blog.pl\/?s={search_term_string}"},"query-input":{"@type":"PropertyValueSpecification","valueRequired":true,"valueName":"search_term_string"}}],"inLanguage":"pl-PL"},{"@type":"Person","@id":"https:\/\/gaudiumetspes-blog.pl\/#\/schema\/person\/1661982992b752dea8dff0d4ed845a65","name":"Ks. Jacek","image":{"@type":"ImageObject","inLanguage":"pl-PL","@id":"https:\/\/gaudiumetspes-blog.pl\/#\/schema\/person\/image\/","url":"https:\/\/gaudiumetspes-blog.pl\/wp-content\/uploads\/2019\/07\/avatar-JJ-150x150.jpg","contentUrl":"https:\/\/gaudiumetspes-blog.pl\/wp-content\/uploads\/2019\/07\/avatar-JJ-150x150.jpg","caption":"Ks. Jacek"},"description":"Witam serdecznie! K\u0142ania si\u0119 Ks. Jacek Ja\u015bkowski. Nie jestem ani kim\u015b wa\u017cnym, ani kim\u015b znanym. Jestem ksi\u0119dzem, kt\u00f3ry po prostu chce rozmawia\u0107. Codzienna kap\u0142a\u0144ska pos\u0142uga pokazuje mi, \u017ce temat\u00f3w do rozm\u00f3w z ksi\u0119dzem jest coraz wi\u0119cej i dzisiaj \u017caden ksi\u0105dz nie mo\u017ce od nich ucieka\u0107, ale - wprost przeciwnie - podejmowa\u0107 nowe wyzwania. To przekonanie sk\u0142oni\u0142o mnie do pr\u00f3by otwarcia tego\u017c bloga, chocia\u017c okazji do rozm\u00f3w na co dzie\u0144 - w konfesjonale i poza nim - na szcz\u0119\u015bcie nie brakuje. My\u015bl\u0119 jednak, \u017ce ten blog b\u0119dzie jeszcze jednym sposobem i przestrzeni\u0105 nawi\u0105zania kontaktu z lud\u017ami dobrej woli, otwartymi na dialog.","url":"https:\/\/gaudiumetspes-blog.pl\/index.php\/author\/ks-jacek\/"}]}},"jetpack_featured_media_url":"","jetpack_sharing_enabled":true,"_links":{"self":[{"href":"https:\/\/gaudiumetspes-blog.pl\/index.php\/wp-json\/wp\/v2\/posts\/17489","targetHints":{"allow":["GET"]}}],"collection":[{"href":"https:\/\/gaudiumetspes-blog.pl\/index.php\/wp-json\/wp\/v2\/posts"}],"about":[{"href":"https:\/\/gaudiumetspes-blog.pl\/index.php\/wp-json\/wp\/v2\/types\/post"}],"author":[{"embeddable":true,"href":"https:\/\/gaudiumetspes-blog.pl\/index.php\/wp-json\/wp\/v2\/users\/1"}],"replies":[{"embeddable":true,"href":"https:\/\/gaudiumetspes-blog.pl\/index.php\/wp-json\/wp\/v2\/comments?post=17489"}],"version-history":[{"count":1,"href":"https:\/\/gaudiumetspes-blog.pl\/index.php\/wp-json\/wp\/v2\/posts\/17489\/revisions"}],"predecessor-version":[{"id":17490,"href":"https:\/\/gaudiumetspes-blog.pl\/index.php\/wp-json\/wp\/v2\/posts\/17489\/revisions\/17490"}],"wp:attachment":[{"href":"https:\/\/gaudiumetspes-blog.pl\/index.php\/wp-json\/wp\/v2\/media?parent=17489"}],"wp:term":[{"taxonomy":"category","embeddable":true,"href":"https:\/\/gaudiumetspes-blog.pl\/index.php\/wp-json\/wp\/v2\/categories?post=17489"},{"taxonomy":"post_tag","embeddable":true,"href":"https:\/\/gaudiumetspes-blog.pl\/index.php\/wp-json\/wp\/v2\/tags?post=17489"}],"curies":[{"name":"wp","href":"https:\/\/api.w.org\/{rel}","templated":true}]}}