{"id":17509,"date":"2020-07-31T05:28:46","date_gmt":"2020-07-31T03:28:46","guid":{"rendered":"https:\/\/gaudiumetspes-blog.pl\/?p=17509"},"modified":"2020-07-30T23:31:32","modified_gmt":"2020-07-30T21:31:32","slug":"skad-u-niego-ta-madrosc-i-cuda","status":"publish","type":"post","link":"https:\/\/gaudiumetspes-blog.pl\/index.php\/2020\/07\/31\/skad-u-niego-ta-madrosc-i-cuda\/","title":{"rendered":"Sk\u0105d u Niego ta m\u0105dro\u015b\u0107 i cuda?&#8230;"},"content":{"rendered":"<p class=\"western\" align=\"justify\"><span style=\"font-family: Book Antiqua, serif;\"><span style=\"font-size: large;\">Szcz\u0119\u015b\u0107 Bo\u017ce! Moi Drodzy, <b>w dniu wczorajszym urodziny prze\u017cywa\u0142 Miko\u0142aj Czernecki, m\u00f3j by\u0142y Ucze\u0144. Niech Pan Mu b\u0142ogos\u0142awi i wspiera, by m\u00f3g\u0142 <\/b><b>On <\/b><b>odnale\u017a\u0107 si\u0119 w obecnej swojej sytuacji. Ca\u0142ym sercem, wspieram Go modlitw\u0105.<\/b><\/span><\/span><\/p>\n<p class=\"western\" align=\"justify\"><span style=\"font-family: Book Antiqua, serif;\"><span style=\"font-size: large;\">A oto dzisiaj wyrusza na tras\u0119 40 Jubileuszowa Pielgrzymka Podlaska na Jasn\u0105 G\u00f3r\u0119. Zawsze tego dnia wyrusza\u0142a z W\u0142odawy, jak pierwsza, Grupa 17. W tym roku jednak, pielgrzymowanie b\u0119dzie przebiega\u0142o zupe\u0142nie inaczej. Na trasie b\u0119dzie w\u0119drowa\u0142a Reprezentacja Pielgrzymki, a wszyscy pozostali P\u0105tnicy b\u0119d\u0105 si\u0119 spotyka\u0107 w Parafiach, na wsp\u00f3lnych duchowym pielgrzymowaniu. <\/span><\/span><\/p>\n<p class=\"western\" align=\"justify\"><span style=\"font-family: Book Antiqua, serif;\"><span style=\"font-size: large;\">Na trasie natomiast codziennie b\u0119dzie po dziesi\u0119\u0107 Os\u00f3b \u2013 albo dziesi\u0119\u0107 z jednej Grupy, albo po pi\u0119\u0107 z dw\u00f3ch. Osoby te rano b\u0119d\u0105 dociera\u0142y na tras\u0119 i wieczorem powr\u00f3c\u0105 do domu, a nast\u0119pnego dnia przyb\u0119dzie nast\u0119pna Ekipa i wyruszy na tras\u0119, nios\u0105c ze sob\u0105 w plecakach zapisane intencje tych, kt\u00f3rzy pozostali na miejscu. <\/span><\/span><\/p>\n<p class=\"western\" align=\"justify\"><span style=\"font-family: Book Antiqua, serif;\"><span style=\"font-size: large;\">Ka\u017cda Grupa ma wyznaczone dwa dni, oraz ostatni etap, z Mirowa na Jasn\u0105 G\u00f3r\u0119, 14 sierpnia bardzo rano, kiedy to wyrusz\u0105 pi\u0119cioosobowe reprezentacje wszystkich Grup i jako takie przedstawicielstwo ca\u0142ej Pielgrzymki wejd\u0105 na Jasn\u0105 G\u00f3r\u0119. Tak to si\u0119 ma w tym roku odbywa\u0107. Dzisiaj zaczyna W\u0142odawa. <\/span><\/span><\/p>\n<p class=\"western\" align=\"justify\"><span style=\"font-family: Book Antiqua, serif;\"><span style=\"font-size: large;\">Ja planuj\u0119 wyruszy\u0107 w niedziel\u0119, jako Przewodnik Reprezentacji Grupy Akademickiej 1, oraz Grupy Katedralnej 2. Ale o tym ju\u017c w niedziel\u0119.<\/span><\/span><\/p>\n<p class=\"western\" align=\"justify\"><span style=\"font-family: Book Antiqua, serif;\"><span style=\"font-size: large;\">R\u00f3\u017cne my\u015bli k\u0142\u0119bi\u0105 mi si\u0119 w zwi\u0105zku z tym w g\u0142owie\u2026 Jako wieloletniemu Wicekierownikowi Pielgrzymki Podlaskiej, trudno mi jako\u015b tak wewn\u0119trznie oswoi\u0107 si\u0119 z my\u015bl\u0105, \u017ce tak musi by\u0107 w tym roku\u2026 Wiem, \u017ce niekt\u00f3re Diecezje w og\u00f3le odwo\u0142a\u0142y swoje Pielgrzymki\u2026 Pytam Pana na modlitwie, co nam chce przez to wszystko powiedzie\u0107?\u2026 Jakie dobro chce wyprowadzi\u0107 dla nas wszystkich z tegorocznego pielgrzymowania \u2013 skoro dopu\u015bci\u0142 takie ograniczenia w jego organizacji?\u2026 <\/span><\/span><\/p>\n<p class=\"western\" align=\"justify\"><span style=\"font-family: Book Antiqua, serif;\"><span style=\"font-size: large;\">Moi Drodzy, bardzo dzi\u0119kujemy Ksi\u0119dzu Markowi za wczorajsze s\u0142\u00f3wko z Syberii! Wielkie dzi\u0119ki za wspania\u0142e przes\u0142anie nadziei! Rzeczywi\u015bcie, jeste\u015bmy w r\u0119ku Boga! On nas kszta\u0142tuje, ci\u0105gle ma na nas jaki\u015b nowy pomys\u0142! On nas kocha, zale\u017cy Mu na nas \u2013 nie mamy powodu si\u0119 ba\u0107! Tylko zaufa\u0107! Jeszcze bardziej powierzy\u0107 si\u0119 Jego opiece! Moi Drodzy, czy\u017c to przes\u0142anie nie jest nam wszystkim potrzebne stale, a szczeg\u00f3lnie \u2013 tym obecnym czasie? Wielkie dzi\u0119ki Ksi\u0119dzu Markowi za m\u0105dre i g\u0142\u0119bokie s\u0142owo, pe\u0142ne wiary! <\/span><\/span><\/p>\n<p class=\"western\" align=\"justify\"><span style=\"font-family: Book Antiqua, serif;\"><span style=\"font-size: large;\">Prosz\u0119, aby\u015bmy wszyscy \u2013 naprawd\u0119 wszyscy i naprawd\u0119 ch\u0119tnie \u2013 wspierali modlitw\u0105 ca\u0142e to pi\u0119kne budowanie na Syberii: zar\u00f3wno to duchowe, jak i to widoczne na zdj\u0119ciu. Do\u0142\u0105czmy te\u017c modlitw\u0119 o wi\u0119ksze otwarcie zamkni\u0119tych \u2013 p\u00f3ki co \u2013 drzwi ko\u015bcio\u0142\u00f3w na Syberii, a tak\u017ce modlitw\u0119 o to, by Ksi\u0105dz Marek te\u017c m\u00f3g\u0142 wyjecha\u0107 na urlop i odpocz\u0105\u0107.<\/span><\/span><\/p>\n<p class=\"western\" align=\"justify\"><span style=\"font-family: Book Antiqua, serif;\"><span style=\"font-size: large;\">A p\u00f3ki co, prosz\u0119 o komentarze! My\u015bl\u0119, \u017ce szkoda by by\u0142o, gdyby tak m\u0105dre i g\u0142\u0119bokie s\u0142owo nie spotka\u0142o si\u0119 z odpowiedzi\u0105 z naszej strony. Zach\u0119cam do komentowania!<\/span><\/span><\/p>\n<p class=\"western\" align=\"justify\"><span style=\"font-family: Book Antiqua, serif;\"><span style=\"font-size: large;\">A co do naszej obecnej sytuacji w Ojczy\u017anie i na \u015bwiecie, to z uporem maniaka powtarzam i b\u0119d\u0119 powtarza\u0142: szkoda, naprawd\u0119 szkoda czasu na ci\u0105g\u0142e i uporczywe roztrz\u0105sanie kwestii, zwi\u0105zanych z ca\u0142ym tym zamieszaniem, bo trudno doj\u015b\u0107 prawdy, je\u017celi informacje s\u0105 sprzeczne. W \u015brodkach zaradczych i proponowanych rozwi\u0105zaniach \u2013 mo\u017cna si\u0119 ju\u017c pogubi\u0107. Diagnoz i prognoz jest tyle, \u017ce mo\u017cna wybiera\u0107. Nad szczepionk\u0105 \u2013 jak us\u0142ysza\u0142em wczoraj w naszej telewizji \u2013 pracuje sto czterdzie\u015bci jeden o\u015brodk\u00f3w medycznych na ca\u0142ym \u015bwiecie. Pe\u0142na mobilizacja. <\/span><\/span><\/p>\n<p class=\"western\" align=\"justify\"><span style=\"font-family: Book Antiqua, serif;\"><span style=\"font-size: large;\">Oby si\u0119 uda\u0142o. \u017byczmy im jak najlepiej! Naprawd\u0119! Ale \u2013 p\u00f3ki co \u2013 na ca\u0142e to zamieszanie mamy ju\u017c dobre, sprawdzone i z pewno\u015bci\u0105 skuteczne dwa leki. Bez skutk\u00f3w ubocznych i bez potrzeby testowania na ludziach. A w\u0142a\u015bciwie, to zosta\u0142y one ju\u017c wielokrotnie przetestowane i zawsze \u2013 podkre\u015blmy to bardzo mocno: zawsze! \u2013 przynosi\u0142y jak najlepsze efekty. Jakie to leki? <\/span><\/span><\/p>\n<p class=\"western\" align=\"justify\"><span style=\"font-family: Book Antiqua, serif;\"><span style=\"font-size: large;\">Modlitwa i nawr\u00f3cenie.<\/span><\/span><\/p>\n<p class=\"western\" align=\"justify\"><span style=\"font-family: Book Antiqua, serif;\"><span style=\"font-size: large;\"><b>Niech Was b\u0142ogos\u0142awi B\u00f3g Wszechmog\u0105cy: Ojciec + i Syn, i Duch \u015awi\u0119ty. Amen<\/b><\/span><\/span><\/p>\n<p class=\"western\" align=\"center\"><span style=\"font-family: Book Antiqua, serif;\"><span style=\"font-size: large;\">Gaudium et spes! Ks. Jacek<\/span><\/span><\/p>\n<p align=\"center\">\n<p align=\"center\">\n<p align=\"center\">\n<p align=\"center\">\n<p align=\"center\">\n<p class=\"western\" align=\"justify\"><span style=\"font-family: Book Antiqua, serif;\"><span style=\"font-size: large;\"><b>Pi\u0105tek 17 tygodnia zwyk\u0142ego, rok II,<\/b><\/span><\/span><\/p>\n<p class=\"western\" align=\"justify\"><span style=\"font-family: Book Antiqua, serif;\"><span style=\"font-size: large;\"><b>Wspomnienie \u015aw. Ignacego z Loyoli, Kap\u0142ana,<\/b><\/span><\/span><\/p>\n<p class=\"western\" align=\"justify\"><span style=\"font-family: Book Antiqua, serif;\"><span style=\"font-size: large;\"><b>31 lipca 2020.,<\/b><\/span><\/span><\/p>\n<p class=\"western\" align=\"justify\"><span style=\"font-family: Book Antiqua, serif;\"><span style=\"font-size: large;\"><b>do czyta\u0144: Jr 26,1\u20139; Mt 13,54\u201358<\/b><\/span><\/span><\/p>\n<p align=\"justify\">\n<p align=\"justify\">\n<p align=\"justify\">\n<p align=\"justify\">\n<p align=\"justify\">\n<p class=\"western\" align=\"justify\"><span style=\"font-family: Book Antiqua, serif;\"><span style=\"font-size: large;\"><b>CZYTANIE Z KSI\u0118GI PROROKA JEREMIASZA:<\/b><\/span><\/span><\/p>\n<p class=\"western\" align=\"justify\"><span style=\"font-family: Book Antiqua, serif;\"><span style=\"font-size: large;\"><b>Na pocz\u0105tku panowania Jojakima, syna Jozjasza, kr\u00f3la judzkiego, Pan skierowa\u0142 nast\u0119puj\u0105ce s\u0142owo do Jeremiasza:<\/b><\/span><\/span><\/p>\n<p class=\"western\" align=\"justify\">\u201e<span style=\"font-family: Book Antiqua, serif;\"><span style=\"font-size: large;\"><b>To m\u00f3wi Pan: \u00abSta\u0144 na dziedzi\u0144cu domu Pana i m\u00f3w do mieszka\u0144c\u00f3w wszystkich miast judzkich, kt\u00f3rzy przychodz\u0105 do domu Pana odda\u0107 pok\u0142on, wszystkie s\u0142owa, jakie poleci\u0142em ci im oznajmi\u0107; nie ujmuj ani s\u0142owa. Mo\u017ce pos\u0142uchaj\u0105 i zawr\u00f3ci ka\u017cdy ze swej z\u0142ej drogi, Mnie za\u015b ogarnie \u017cal nad nieszcz\u0119\u015bciem, jakie zamy\u015blam przeciw nim za ich przewrotne post\u0119pki.<\/b><\/span><\/span><\/p>\n<p class=\"western\" align=\"justify\"><span style=\"font-family: Book Antiqua, serif;\"><span style=\"font-size: large;\"><b>Powiesz im: To m\u00f3wi Pan: Je\u017celi nie b\u0119dziecie Mi pos\u0142uszni, post\u0119puj\u0105c wed\u0142ug mojego Prawa, kt\u00f3re wam ustanowi\u0142em, i je\u015bli nie b\u0119dziecie s\u0142ucha\u0107 s\u0142\u00f3w moich s\u0142ug, prorok\u00f3w, kt\u00f3rych nieustannie do was posy\u0142am, mimo \u017ce jeste\u015bcie niepos\u0142uszni, zrobi\u0119 z tym domem podobnie jak z Szilo, a z tego miasta uczyni\u0119 przekle\u0144stwo dla wszystkich narod\u00f3w ziemi\u00bb\u201d.<\/b><\/span><\/span><\/p>\n<p class=\"western\" align=\"justify\"><span style=\"font-family: Book Antiqua, serif;\"><span style=\"font-size: large;\"><b>Kap\u0142ani, prorocy i ca\u0142y lud s\u0142yszeli Jeremiasza m\u00f3wi\u0105cego te s\u0142owa w domu Pana. Gdy za\u015b Jeremiasz sko\u0144czy\u0142 m\u00f3wi\u0107 wszystko to, co mu Pan nakaza\u0142 g\u0142osi\u0107 ca\u0142emu ludowi, prorocy i ca\u0142y lud pochwycili go, m\u00f3wi\u0105c: \u201eMusisz umrze\u0107! Dlaczego prorokowa\u0142e\u015b w imi\u0119 Pana, \u017ce z tym domem stanie si\u0119 to, co z Szilo, a miasto to ulegnie zniszczeniu i pozostanie niezamieszka\u0142e?\u201d Ca\u0142y lud zgromadzi\u0142 si\u0119 doko\u0142a Jeremiasza w domu Pana.<\/b><\/span><\/span><\/p>\n<p align=\"justify\">\n<p align=\"justify\">\n<p align=\"justify\">\n<p align=\"justify\">\n<p align=\"justify\">\n<p class=\"western\" align=\"justify\"><span style=\"font-family: Book Antiqua, serif;\"><span style=\"font-size: large;\"><b>S\u0141OWA EWANGELII WED\u0141UG \u015aWI\u0118TEGO MATEUSZA:<\/b><\/span><\/span><\/p>\n<p class=\"western\" align=\"justify\"><span style=\"font-family: Book Antiqua, serif;\"><span style=\"font-size: large;\"><b>Jezus, przyszed\u0142szy do swego rodzinnego miasta, naucza\u0142 ich w synagodze, tak \u017ce byli zdumieni i pytali:<\/b><\/span><\/span><\/p>\n<p class=\"western\" align=\"justify\">\u201e<span style=\"font-family: Book Antiqua, serif;\"><span style=\"font-size: large;\"><b>Sk\u0105d u Niego ta m\u0105dro\u015b\u0107 i cuda? Czy\u017c nie jest On synem cie\u015bli? Czy Jego Matce nie jest na imi\u0119 Mariam, a Jego braciom Jakub, J\u00f3zef, Szymon i Juda? Tak\u017ce Jego siostry czy nie \u017cyj\u0105 wszystkie u nas? Sk\u0105d\u017ce wi\u0119c ma to wszystko?\u201d I pow\u0105tpiewali o Nim.<\/b><\/span><\/span><\/p>\n<p class=\"western\" align=\"justify\"><span style=\"font-family: Book Antiqua, serif;\"><span style=\"font-size: large;\"><b>A Jezus rzek\u0142 do nich: \u201eTylko w swojej ojczy\u017anie i w swoim domu mo\u017ce by\u0107 prorok lekcewa\u017cony\u201d. I niewiele zdzia\u0142a\u0142 tam cud\u00f3w z powodu ich niedowiarstwa.<\/b><\/span><\/span><\/p>\n<p align=\"justify\">\n<p align=\"justify\">\n<p align=\"justify\">\n<p align=\"justify\">\n<p align=\"justify\">\n<p class=\"western\" align=\"justify\"><span style=\"font-family: Book Antiqua, serif;\"><span style=\"font-size: large;\">Tylko na tyle sta\u0107 by\u0142o ludzi, kt\u00f3rzy z ust Proroka Jeremiasza us\u0142yszeli wezwanie do nawr\u00f3cenia i przemiany \u017cycia \u2013 tylko na tyle, by go <b>odrzuci\u0107 i skaza\u0107 na \u015bmier\u0107.<\/b> Skoro m\u00f3wi takie niewygodne i nieprzyjemne rzeczy, to nie ma si\u0119 co nim w og\u00f3le zajmowa\u0107, nie ma co zaprz\u0105ta\u0107 sobie nim g\u0142owy, tylko <b>\u201ezrobi\u0107 z nim porz\u0105dek\u201d<\/b> \u2013 raz, a dobrze \u2013 a potem m\u00f3c swobodnie grzeszy\u0107, lekcewa\u017c\u0105c Bo\u017ce napomnienia\u2026 Zreszt\u0105, kiedy <b>zabraknie tego, kt\u00f3ry je g\u0142osi, <\/b>to b\u0119dzie \u2013 m\u00f3wi\u0105c kolokwialnie \u2013 po sprawie. <\/span><\/span><\/p>\n<p class=\"western\" align=\"justify\"><span style=\"font-family: Book Antiqua, serif;\"><span style=\"font-size: large;\">I w niczym w takim my\u015bleniu nie przeszkadza\u0142 fakt, \u017ce przecie\u017c Jeremiasz nie g\u0142osi\u0142 jakiego\u015b swojego widzimisi\u0119, ale to <b>sam<\/b> <b>B\u00f3g<\/b> skierowa\u0142 do niego takie oto wezwanie: <i><b>Sta\u0144 na dziedzi\u0144cu domu Pana i m\u00f3w do mieszka\u0144c\u00f3w wszystkich miast judzkich, kt\u00f3rzy przychodz\u0105 do domu Pana odda\u0107 pok\u0142on, wszystkie s\u0142owa, jakie poleci\u0142em ci im oznajmi\u0107; nie ujmuj ani s\u0142owa. Mo\u017ce pos\u0142uchaj\u0105 i zawr\u00f3ci ka\u017cdy ze swej z\u0142ej drogi, Mnie za\u015b ogarnie \u017cal nad nieszcz\u0119\u015bciem, jakie zamy\u015blam przeciw nim za ich przewrotne post\u0119pki.<\/b><\/i><b> <\/b><\/span><\/span><\/p>\n<p class=\"western\" align=\"justify\"><span style=\"font-family: Book Antiqua, serif;\"><span style=\"font-size: large;\">Czy zwr\u00f3cili\u015bmy uwag\u0119 na wyra\u017ane polecenie Boga, by z tego, co us\u0142yszy, Jeremiasz <b>nie ujmowa\u0142 ani s\u0142owa?<\/b> Nie m\u00f3g\u0142 wi\u0119c dopasowa\u0107 si\u0119 do oczekiwa\u0144 swoich s\u0142uchaczy! Musia\u0142 powiedzie\u0107 <b>dok\u0142adnie to i wszystko to, co nakaza\u0142 mu B\u00f3g.<\/b> Chyba, \u017ce sprzeciwi\u0142by si\u0119 Bogu, ale to akurat \u2013 w przypadku Jeremiasza \u2013 trudno sobie w og\u00f3le wyobrazi\u0107. <\/span><\/span><\/p>\n<p class=\"western\" align=\"justify\"><span style=\"font-family: Book Antiqua, serif;\"><span style=\"font-size: large;\">Dlatego ludzie, do kt\u00f3rych przemawia\u0142, mieli \u2013 jak zawsze w takiej sytuacji \u2013<b> dwa wyj\u015bcia: <\/b>albo <b>przyj\u0105\u0107<\/b> Bo\u017ce s\u0142owo, ale to wi\u0105za\u0142o si\u0119 z konieczno\u015bci\u0105 nawr\u00f3cenia; albo <b>odrzuci\u0107, <\/b>ale w\u00f3wczas i <b>g\u0142osiciela trzeba odrzuci\u0107, <\/b>bo inaczej b\u0119dzie ci\u0105gle przypomina\u0142 niewygodne napomnienia. <\/span><\/span><\/p>\n<p class=\"western\" align=\"justify\"><span style=\"font-family: Book Antiqua, serif;\"><span style=\"font-size: large;\">Jak wiemy, s\u0142uchacze Jeremiasza wybrali to drugie wyj\u015bcie. Postanowili: <i><b>Musisz umrze\u0107! Dlaczego prorokowa\u0142e\u015b w imi\u0119 Pana, \u017ce z tym domem stanie si\u0119 to, co z Szilo, a miasto to ulegnie zniszczeniu i pozostanie niezamieszka\u0142e?<\/b><\/i><b> <\/b>W\u0142a\u015bnie, dlaczego prorokowa\u0142e\u015b? Dlaczego nie zgodzi\u0142e\u015b si\u0119 p\u00f3j\u015b\u0107 na \u017cadne ust\u0119pstwa? Dlaczego chcesz tak bardzo <b>zdystansowa\u0107 si\u0119 od nas?<\/b> Nie mogliby\u015bmy si\u0119 \u201ejako\u015b dogada\u0107\u201d?\u2026 <\/span><\/span><\/p>\n<p class=\"western\" align=\"justify\"><span style=\"font-family: Book Antiqua, serif;\"><span style=\"font-size: large;\">Dok\u0142adnie takie samo nastawienie pobrzmiewa ze s\u0142\u00f3w, wypowiedzianych przez mieszka\u0144c\u00f3w Nazaretu \u2013 w reakcji na nauczanie Jezusa w ich synagodze. Nie ukrywaj\u0105c zdumienia, pytali: <i><b>Sk\u0105d u Niego ta m\u0105dro\u015b\u0107 i cuda? Czy\u017c nie jest On synem cie\u015bli? Czy Jego Matce nie jest na imi\u0119 Mariam, a Jego braciom Jakub, J\u00f3zef, Szymon i Juda? Tak\u017ce Jego siostry czy nie \u017cyj\u0105 wszystkie u nas? Sk\u0105d\u017ce wi\u0119c ma to wszystko?\u201d <\/b><\/i><\/span><\/span><\/p>\n<p class=\"western\" align=\"justify\"><span style=\"font-family: Book Antiqua, serif;\"><span style=\"font-size: large;\">Niestety, to zdumienie nie zmobilizowa\u0142o ich do <b>g\u0142\u0119bszego zrozumienia<\/b> tego, co Jezus, ich Rodak, chcia\u0142 im powiedzie\u0107. Nie m\u00f3wi\u0105c ju\u017c o tym, \u017ce nie natchn\u0119\u0142o ich do tego, by <b>zobaczy\u0107 w Nim oczekiwanego Mesjasza,<\/b> Syna Bo\u017cego. Niestety, ich reakcja by\u0142a przewidywalna \u2013 po prostu, <i><b>pow\u0105tpiewali o Nim.<\/b><\/i> <\/span><\/span><\/p>\n<p class=\"western\" align=\"justify\"><span style=\"font-family: Book Antiqua, serif;\"><span style=\"font-size: large;\">I znowu \u2013 jak w przypadku s\u0142uchaczy Jeremiasza \u2013 chcia\u0142oby si\u0119 powiedzie\u0107:<b> Szkoda! Tylko na tyle ich sta\u0107?\u2026<\/b> Nikt si\u0119 nie znalaz\u0142, kto by si\u0119 odwa\u017cy\u0142 dostrzec w tym znanym od dzieci\u0144stwa S\u0105siedzie, albo Koledze ze wsp\u00f3lnych dzieci\u0119cych zabaw \u2013 <b>kogo\u015b wi\u0119cej, <\/b>ni\u017c tylko dawnego znajomego?\u2026 <\/span><\/span><\/p>\n<p class=\"western\" align=\"justify\"><span style=\"font-family: Book Antiqua, serif;\"><span style=\"font-size: large;\">A czy czego\u015b podobnego nie obserwujemy czasami u siebie?\u2026 My, co prawda, nie \u017cyjemy w Nazarecie, w czasach Jezusa, ale <b>jest On nam bliski, <\/b>bo przecie\u017c jeste\u015bmy lud\u017ami wierz\u0105cymi, jeste\u015bmy chrze\u015bcijanami. A znowu, prawd\u0105 jest te\u017c, \u017ce Jezus przychodzi do nas <b>w bardzo zwyczajnych, codziennych sytuacjach<\/b> \u2013 takich, powiedzieliby\u015bmy, domowych; takich \u201ez podw\u00f3rka\u201d \u2013 albo te\u017c m\u00f3wi do nas przez ludzi, z kt\u00f3rymi na co dzie\u0144 \u017cyjemy; ludzi z naszego otoczenia. I tutaj pojawia si\u0119 problem. <\/span><\/span><\/p>\n<p class=\"western\" align=\"justify\"><span style=\"font-family: Book Antiqua, serif;\"><span style=\"font-size: large;\">Okazuje si\u0119 bowiem, \u017ce to przyj\u015bcie i przemawianie Jezusa jest takie\u2026 <b>zbyt powszednie, zbyt zwyczajne, <\/b>za bardzo takie\u2026 codzienne. I jak w\u00f3wczas przej\u0105\u0107 si\u0119 takim przyj\u015bciem, jak je wzi\u0105\u0107 do serca? Jak uwierzy\u0107, \u017ce <b>przez tego oto wsp\u00f3\u0142ma\u0142\u017conka,<\/b> z kt\u00f3rym dzieli si\u0119 wsp\u00f3lne \u017cycie od tylu lat i kt\u00f3rego wady i grzechy a\u017c za dobrze si\u0119 zna \u2013 <b>mo\u017ce m\u00f3wi\u0107 sam Jezus?<\/b> A niby w jaki spos\u00f3b mo\u017ce m\u00f3wi\u0107 przez dzieci? A jak mo\u017ce m\u00f3wi\u0107 przez s\u0105siad\u00f3w? Czy to w og\u00f3le mo\u017cliwe?<\/span><\/span><\/p>\n<p class=\"western\" align=\"justify\"><span style=\"font-family: Book Antiqua, serif;\"><span style=\"font-size: large;\">Zobaczmy, moi Drodzy, jak bardzo cz\u0119sto takie w\u0142a\u015bnie nasze <b>osobiste uprzedzenia,<\/b> albo absolutne przekonanie o w\u0142asnej racji, albo schematyczne my\u015blenie, albo duchowa ciasnota \u2013 i czego by tu jeszcze nie wymieni\u0107 \u2013 <b>przeszkadzaj\u0105 nam<\/b> w przyj\u0119ciu Jezusa i Jego s\u0142owa! Albo te\u017c \u2013 mo\u017cna i tak powiedzie\u0107 \u2013 przeszkadzaj\u0105 Jezusowi w dotarciu do nas! <\/span><\/span><\/p>\n<p class=\"western\" align=\"justify\"><span style=\"font-family: Book Antiqua, serif;\"><span style=\"font-size: large;\">Czy sta\u0107 nas na tyle, by <b>przekroczy\u0107 samych siebie <\/b>i jednak dostrzec przyj\u015bcie Jezusa? Us\u0142ysze\u0107 Jego g\u0142os? Przyj\u0105\u0107 Go otwartym i szczerym sercem?<\/span><\/span><\/p>\n<p class=\"western\" align=\"justify\"><span style=\"font-family: Book Antiqua, serif;\"><span style=\"font-size: large;\">Gdyby\u015bmy szukali przyk\u0142adu, jak tego w praktyce swego \u017cycia dokona\u0107, to warto zag\u0142\u0119bi\u0107 si\u0119 w \u017cyciorys dzisiejszego Patrona. A jest nim <b>\u015awi\u0119ty Ignacy Loyola.<\/b><\/span><\/span><\/p>\n<p class=\"western\" align=\"justify\"><span style=\"font-size: large;\"><span style=\"font-family: Book Antiqua, serif;\">Jako<\/span><b> <\/b><span style=\"font-family: Book Antiqua, serif;\"><b>Inigo Lopez, <\/b><\/span><span style=\"font-family: Book Antiqua, serif;\">urodzi\u0142 si\u0119<\/span><span style=\"font-family: Book Antiqua, serif;\"><b> w roku 1491, na zamku w Loyola, <\/b><\/span><span style=\"font-family: Book Antiqua, serif;\">w kraju Bask\u00f3w, w Hiszpanii, <\/span><span style=\"font-family: Book Antiqua, serif;\">jako trzynaste dziecko w zamo\u017cnym rycerskim rodzie. O jego wczesnej m\u0142odo\u015bci ma\u0142o wiemy. Na pewno <\/span><span style=\"font-family: Book Antiqua, serif;\"><b>otrzyma\u0142 staranne wychowanie.<\/b><\/span><span style=\"font-family: Book Antiqua, serif;\"> S\u0142u\u017cy\u0142 jako oficer w wojsku wicekr\u00f3la Nawarry. <\/span><\/span><\/p>\n<p class=\"western\" align=\"justify\"><span style=\"font-size: large;\"><span style=\"font-family: Book Antiqua, serif;\">Wiadomo te\u017c, \u017ce nosi\u0142 d\u0142ugie w\u0142osy, spadaj\u0105ce mu a\u017c do ramion, r\u00f3\u017cnobarwne spodnie i kolorow\u0105 czapk\u0119. Publicznie <\/span><span style=\"font-family: Book Antiqua, serif;\"><b>najch\u0119tniej pojawia\u0142 si\u0119 <\/b><\/span><span style=\"font-family: Book Antiqua, serif;\"><b>w pancerzu rycerza, <\/b><\/span><span style=\"font-family: Book Antiqua, serif;\">nosz\u0105c miecz, sztylet i or\u0119\u017c wszelkiego rodzaju.<\/span><span style=\"font-family: Book Antiqua, serif;\"> Kiedy po latach opowiada\u0142 wsp\u00f3\u0142braciom o swoim \u017cyciu, wyzna\u0142, \u017ce <\/span><span style=\"font-family: Book Antiqua, serif;\"><b>do trzydziestego roku \u017cycia oddawa\u0142 si\u0119 marno\u015bciom \u015bwiata,<\/b><\/span><span style=\"font-family: Book Antiqua, serif;\"> \u017ce najwi\u0119ksz\u0105 jego rozkosz\u0105 by\u0142y \u0107wiczenia rycerskie z pr\u00f3\u017cnej \u017c\u0105dzy s\u0142awy. <\/span><\/span><\/p>\n<p class=\"western\" align=\"justify\"><span style=\"font-size: large;\"><span style=\"font-family: Book Antiqua, serif;\">W czasie walk hiszpa\u0144sko \u2013 francuskich znalaz\u0142 si\u0119 w obl\u0119\u017conej Pampelunie. <\/span><span style=\"font-family: Book Antiqua, serif;\"><b>Zraniony powa\u017cnie przez kul\u0119 armatni\u0105 w praw\u0105 nog\u0119, <\/b><\/span><span style=\"font-family: Book Antiqua, serif;\">zosta\u0142 przewieziony do rodzinnego zamku. By\u0142o to w roku 1521.<\/span><span style=\"font-family: Book Antiqua, serif;\"> D\u0142ugie miesi\u0105ce rekonwalescencji by\u0142y dla niego <\/span><span style=\"font-family: Book Antiqua, serif;\"><b>okresem \u0142aski i gruntownej przemiany.<\/b><\/span> <\/span><\/p>\n<p class=\"western\" align=\"justify\"><span style=\"color: #000000;\"><span style=\"font-family: Book Antiqua, serif;\"><span style=\"font-size: large;\">Dla zaj\u0119cia czym\u015b d\u0142ugiego czasu bezczynno\u015bci, poprosi\u0142 o jak\u0105\u015b lektur\u0119, najlepiej \u2013 powie\u015bci rycerskie. Jednak na zamku ich nie by\u0142o. <\/span><\/span><\/span><span style=\"color: #000000;\"><span style=\"font-family: Book Antiqua, serif;\"><span style=\"font-size: large;\"><b>Podano mu wi\u0119c ksi\u0105\u017ck\u0119: <\/b><\/span><\/span><\/span><span style=\"color: #000000;\"><span style=\"font-family: Book Antiqua, serif;\"><span style=\"font-size: large;\"><b>\u201e<\/b><\/span><\/span><\/span><span style=\"color: #000000;\"><span style=\"font-family: Book Antiqua, serif;\"><span style=\"font-size: large;\"><b>\u017bycie Jezusa\u201d<\/b><\/span><\/span><\/span><span style=\"color: #000000;\"><span style=\"font-family: Book Antiqua, serif;\"><span style=\"font-size: large;\"><b>.<\/b><\/span><\/span><\/span><span style=\"color: #000000;\"><span style=\"font-family: Book Antiqua, serif;\"><span style=\"font-size: large;\"> Gdy tylko wyzdrowia\u0142 \u2013 chocia\u017c na nog\u0119 kula\u0142 <\/span><\/span><\/span><span style=\"color: #000000;\"><span style=\"font-family: Book Antiqua, serif;\"><span style=\"font-size: large;\">przez <\/span><\/span><\/span><span style=\"color: #000000;\"><span style=\"font-family: Book Antiqua, serif;\"><span style=\"font-size: large;\">ca\u0142e \u017cycie \u2013 opu\u015bci\u0142 rodzinny zamek i uda\u0142 si\u0119 do pobliskiego sanktuarium maryjnego, Montserratu. <\/span><\/span><\/span><span style=\"color: #000000;\"><span style=\"font-family: Book Antiqua, serif;\"><span style=\"font-size: large;\">Zdumionemu \u017cebrakowi <\/span><\/span><\/span><span style=\"color: #000000;\"><span style=\"font-family: Book Antiqua, serif;\"><span style=\"font-size: large;\"><b>odda\u0142 sw\u00f3j kosztowny str\u00f3j rycerski. <\/b><\/span><\/span><\/span><span style=\"color: #000000;\"><span style=\"font-family: Book Antiqua, serif;\"><span style=\"font-size: large;\">Przed cudownym wizerunkiem Maryi<\/span><\/span><\/span><span style=\"color: #000000;\"><span style=\"font-family: Book Antiqua, serif;\"><span style=\"font-size: large;\"><b> z\u0142o\u017cy\u0142 swoj\u0105 bro\u0144.<\/b><\/span><\/span><\/span><\/p>\n<p class=\"western\" align=\"justify\"><span style=\"font-size: large;\"><span style=\"font-family: Book Antiqua, serif;\">St\u0105d uda\u0142 si\u0119 do Manrezy, gdzie zamieszka\u0142 w celi, u\u017cyczonej mu przez dominikan\u00f3w. I tu jednak wydawa\u0142o mu si\u0119, \u017ce ma za wiele wyg\u00f3d. Dlatego zamieszka\u0142 w jednej z licznych tam grot. Aby <\/span><span style=\"font-family: Book Antiqua, serif;\"><b>zd\u0142awi\u0107 w sobie starego, pr\u00f3\u017cnego, ambitnego cz\u0142owieka,<\/b><\/span><span style=\"font-family: Book Antiqua, serif;\"> nie goli\u0142 si\u0119 ani nie strzyg\u0142, po\u015bci\u0142 codziennie i biczowa\u0142 si\u0119. Codziennie bywa\u0142 u dominikan\u00f3w na Mszy \u015awi\u0119tej. <\/span><span style=\"font-family: Book Antiqua, serif;\"><b>Oddawa\u0142 si\u0119 modlitwie i rozwa\u017caniu M\u0119ki Pa\u0144skiej.<\/b><\/span><span style=\"font-family: Book Antiqua, serif;\"> Szatan dr\u0119czy\u0142 go gwa\u0142townymi pokusami \u2013 a\u017c do my\u015bli o samob\u00f3jstwie. <\/span><\/span><\/p>\n<p class=\"western\" align=\"justify\"><span style=\"color: #000000;\"><span style=\"font-family: Book Antiqua, serif;\"><span style=\"font-size: large;\">W takich zmaganiach powsta\u0142 szkic jego <\/span><\/span><\/span><span style=\"color: #000000;\"><span style=\"font-family: Book Antiqua, serif;\"><span style=\"font-size: large;\"><b>najwa\u017cniejszego dzie\u0142a, jakim s\u0105 <\/b><\/span><\/span><\/span><span style=\"color: #000000;\"><span style=\"font-family: Book Antiqua, serif;\"><span style=\"font-size: large;\"><b>\u201e<\/b><\/span><\/span><\/span><span style=\"color: #000000;\"><span style=\"font-family: Book Antiqua, serif;\"><span style=\"font-size: large;\"><b>\u0106wiczenia duchowne\u201d<\/b><\/span><\/span><\/span><span style=\"color: #000000;\"><span style=\"font-family: Book Antiqua, serif;\"><span style=\"font-size: large;\"><i><b>.<\/b><\/i><\/span><\/span><\/span><i><b> <\/b><\/i><span style=\"color: #000000;\"><span style=\"font-family: Book Antiqua, serif;\"><span style=\"font-size: large;\">Form\u0119 ostateczn\u0105 otrzyma\u0142y one dopiero w 1540 roku. By\u0142y wi\u0119c <\/span><\/span><\/span><span style=\"color: #000000;\"><span style=\"font-family: Book Antiqua, serif;\"><span style=\"font-size: large;\"><b>owocem dziewi\u0119tnastu lat przemy\u015ble\u0144 i kontemplacji.<\/b><\/span><\/span><\/span><\/p>\n<p class=\"western\" align=\"justify\"><span style=\"font-size: large;\"><span style=\"font-family: Book Antiqua, serif;\">Pragn\u0105c nawiedzenia Ziemi \u015awi\u0119tej i m\u0119cze\u0144stwa <\/span><span style=\"font-family: Book Antiqua, serif;\">w<\/span><span style=\"font-family: Book Antiqua, serif;\"> niej z r\u0105k Turk\u00f3w, Ignacy zupe\u0142nie wyczerpany z si\u0142 \u2013 przez Rzym i Wenecj\u0119 \u2013 uda\u0142 si\u0119 w pielgrzymk\u0119. \u017by\u0142 z u\u017cebranych pieni\u0119dzy i czynionych po drodze przys\u0142ug. <\/span><span style=\"font-family: Book Antiqua, serif;\"><b>W 1523 roku, <\/b><\/span><span style=\"font-family: Book Antiqua, serif;\">dotar\u0142 szcz\u0119\u015bliwie do celu.<\/span><span style=\"font-family: Book Antiqua, serif;\"><b> Chcia\u0142 tam pozosta\u0107 do ko\u0144ca \u017cycia,<\/b><\/span><span style=\"font-family: Book Antiqua, serif;\"> dopiero w wyniku nalega\u0144 tamtejszego legata papieskiego wr\u00f3ci\u0142 do kraju. W drodze by\u0142 dwukrotnie wi\u0119ziony pod zarzutem szpiegostwa. <\/span><\/span><\/p>\n<p class=\"western\" align=\"justify\"><span style=\"font-size: large;\"><span style=\"font-family: Book Antiqua, serif;\">Po d\u0142ugiej podr\u00f3\u017cy powr\u00f3ci\u0142 do Barcelony, gdzie <\/span><span style=\"font-family: Book Antiqua, serif;\"><b>przez dwa lata uczy\u0142 si\u0119 j\u0119zyka \u0142aci\u0144skiego.<\/b><\/span><span style=\"font-family: Book Antiqua, serif;\"> Nie wstydzi\u0142 si\u0119 zasiada\u0107 w \u0142awie szkolnej z dzie\u0107mi, chocia\u017c mia\u0142 ju\u017c w\u00f3wczas trzydzie\u015bci cztery lata. Potem uda\u0142 si\u0119 do Alkala, by na tamtejszym uniwersytecie studiowa\u0107 filozofi\u0119. Wolny czas po\u015bwi\u0119ca\u0142 <\/span><span style=\"font-family: Book Antiqua, serif;\"><b>nauczaniu prawd wiary prostych ludzi. <\/b><\/span><span style=\"font-family: Book Antiqua, serif;\">Mieszka\u0142 w szpitalu i utrzymywa\u0142 si\u0119 <\/span><span style=\"font-family: Book Antiqua, serif;\"><b>za pos\u0142ug\u0119 oddawan\u0105 chorym.<\/b><\/span> <\/span><\/p>\n<p class=\"western\" align=\"justify\"><span style=\"color: #000000;\"><span style=\"font-family: Book Antiqua, serif;\"><span style=\"font-size: large;\">Jego \u017cebraczy str\u00f3j i niezwyk\u0142y tryb \u017cycia wzbudzi\u0142y u niekt\u00f3rych podejrzenie, <\/span><\/span><\/span><span style=\"color: #000000;\"><span style=\"font-family: Book Antiqua, serif;\"><span style=\"font-size: large;\"><b>czy przypadkiem nie nale\u017cy on do sekty <\/b><\/span><\/span><\/span><span style=\"color: #000000;\"><span style=\"font-family: Book Antiqua, serif;\"><span style=\"font-size: large;\"><b>\u201e<\/b><\/span><\/span><\/span><span style=\"color: #000000;\"><span style=\"font-family: Book Antiqua, serif;\"><span style=\"font-size: large;\"><b>alumbrado\u201d,<\/b><\/span><\/span><\/span><b> <\/b><span style=\"color: #000000;\"><span style=\"font-family: Book Antiqua, serif;\"><span style=\"font-size: large;\">kt\u00f3ra w tym czasie niepokoi\u0142a w Hiszpanii w\u0142adze ko\u015bcielne. Zosta\u0142 nawet na jaki\u015b czas uwi\u0119ziony przez \u015awi\u0119t\u0105 Inkwizycj\u0119, co potem jeszcze kilka razy si\u0119 powt\u00f3rzy\u0142o. Wszystkie te przykro\u015bci znosi\u0142 jednak z rado\u015bci\u0105 \u2013 dla Jezusa. <\/span><\/span><\/span><\/p>\n<p class=\"western\" align=\"justify\"><span style=\"font-size: large;\"><span style=\"font-family: Book Antiqua, serif;\"><b>W roku 1528 uda\u0142 si\u0119 do Pary\u017ca,<\/b><\/span><span style=\"font-family: Book Antiqua, serif;\"> gdzie na tamtejszym uniwersytecie zapozna\u0142 si\u0119 i zaprzyja\u017ani\u0142 z B\u0142ogos\u0142awionym Piotrem Favrem i ze \u015awi\u0119tym Franciszkiem Ksawerym. Do ich tr\u00f3jki do\u0142\u0105czy\u0142o niebawem jeszcze kilku m\u0119\u017cczyzn. I to w\u0142a\u015bnie wszyscy oni <\/span><span style=\"font-family: Book Antiqua, serif;\"><b>zebrali si\u0119 rankiem, 15 sierpnia 1534 roku, w kapliczce, na zboczu wzg\u00f3rza Montmartre <\/b><\/span><span style=\"font-family: Book Antiqua, serif;\">i tam w czasie Mszy \u015awi\u0119tej, odprawionej przez Piotra Favre&#8217;a, kt\u00f3ry przed miesi\u0105cem otrzyma\u0142 \u015bwi\u0119cenia kap\u0142a\u0144skie, <\/span><span style=\"font-family: Book Antiqua, serif;\"><b>z\u0142o\u017cyli \u015bluby ub\u00f3stwa, czysto\u015bci oraz wierno\u015bci Ko\u015bcio\u0142owi, a zw\u0142aszcza Ojcu \u015awi\u0119temu. <\/b><\/span><span style=\"font-family: Book Antiqua, serif;\">W ten spos\u00f3b <\/span><span style=\"font-family: Book Antiqua, serif;\"><b>powsta\u0142 nowy zakon, <\/b><\/span><span style=\"font-family: Book Antiqua, serif;\">zwany<\/span><span style=\"font-family: Book Antiqua, serif;\"><b> Towarzystwem Jezusowym, <\/b><\/span><span style=\"font-family: Book Antiqua, serif;\">potocznie zwanym<\/span><span style=\"font-family: Book Antiqua, serif;\"><b> jezuitami.<\/b><\/span> <\/span><\/p>\n<p class=\"western\" align=\"justify\"><span style=\"font-size: large;\"><span style=\"font-family: Book Antiqua, serif;\">Jego cz\u0142onkowie, zaraz po zawi\u0105zaniu nowej wsp\u00f3lnoty, <\/span><span style=\"font-family: Book Antiqua, serif;\"><b>chcieli uda\u0107 si\u0119 do Ziemi \u015awi\u0119tej,<\/b><\/span><span style=\"font-family: Book Antiqua, serif;\"> aby nawraca\u0107 niewiernych i z ich r\u0119ki ponie\u015b\u0107 \u015bmier\u0107 m\u0119cze\u0144sk\u0105. Do pielgrzymki jednak nie dosz\u0142o. W\u00f3wczas udali si\u0119 do Rzymu, aby <\/span><span style=\"font-family: Book Antiqua, serif;\"><b>przedstawi\u0107 si\u0119 Papie\u017cowi i odda\u0107 si\u0119 do jego dyspozycji. <\/b><\/span><span style=\"font-family: Book Antiqua, serif;\">Papie\u017c Pawe\u0142 III przyj\u0105\u0142 ich uprzejmie i zach\u0119ci\u0142, by wszyscy przyj\u0119li \u015bwi\u0119cenia kap\u0142a\u0144skie. Sta\u0142o si\u0119 to rzeczywi\u015bcie w 1536 roku. Potem oddali si\u0119 pos\u0142udze chorych po szpitalach i nauczaniu prawd wiary w\u015br\u00f3d dzieci. <\/span><\/span><\/p>\n<p class=\"western\" align=\"justify\"><span style=\"font-size: large;\"><span style=\"font-family: Book Antiqua, serif;\">Na polecenie Papie\u017ca, Ignacy opracowa\u0142 <\/span><span style=\"font-family: Book Antiqua, serif;\"><b>Konstytucje swego Zakonu. <\/b><\/span><span style=\"font-family: Book Antiqua, serif;\">Po wielu przeszkodach Rzym zatwierdzi\u0142 je w 1540 roku. w tym czasie liczba cz\u0142onk\u00f3w Towarzystwa Jezusowego bardzo szybko ros\u0142a \u2013 i to w r\u00f3\u017cnych krajach! <\/span><span style=\"font-family: Book Antiqua, serif;\"><b>W roku 1541 zebra\u0142a si\u0119 pierwsza kapitu\u0142a generalna. Prze\u0142o\u017conym generalnym jednog\u0142o\u015bnie zosta\u0142 wybrany Ignacy. <\/b><\/span><\/span><\/p>\n<p class=\"western\" align=\"justify\"><span style=\"font-size: large;\"><span style=\"font-family: Book Antiqua, serif;\">I tak ju\u017c do ko\u0144ca \u017cycia, przez ostatnich szesna\u015bcie lat, by\u0142 on \u2013 je\u015bli tak mo\u017cna powiedzie\u0107 \u2013 <\/span><span style=\"font-family: Book Antiqua, serif;\">przykuty do swojego biurka i <\/span><span style=\"font-family: Book Antiqua, serif;\"><b>rzadko opuszcza\u0142 progi domu generalnego swego zakonu, <\/b><\/span><span style=\"font-family: Book Antiqua, serif;\">by by\u0107 zawsze do dyspozycji duchowych syn\u00f3w. <\/span><span style=\"font-family: Book Antiqua, serif;\">Owocem jego pracy jest zachowanych oko\u0142o siedmiu tysi\u0119cy list\u00f3w.<\/span><\/span><\/p>\n<p class=\"western\" align=\"justify\"><span style=\"color: #000000;\"><span style=\"font-family: Book Antiqua, serif;\"><span style=\"font-size: large;\">N\u0119kany r\u00f3\u017cnymi chorobami i dolegliwo\u015bciami, <\/span><\/span><\/span><span style=\"color: #000000;\"><span style=\"font-family: Book Antiqua, serif;\"><span style=\"font-size: large;\"><b>zmar\u0142 na r\u0119kach swoich wsp\u00f3\u0142braci, w dniu 31 lipca 1556 roku.<\/b><\/span><\/span><\/span><span style=\"color: #000000;\"><span style=\"font-family: Book Antiqua, serif;\"><span style=\"font-size: large;\"> Pozostawi\u0142 wiele m\u0105drych i g\u0142\u0119bokich dzie\u0142, zawieraj\u0105cych niezwykle cenne pouczenia duchowe. Zach\u0119ca\u0142 w nich do praktykowania codziennej modlitwy my\u015blnej, w<\/span><\/span><\/span><span style=\"color: #000000;\"><span style=\"font-family: Book Antiqua, serif;\"><span style=\"font-size: large;\">s<\/span><\/span><\/span><span style=\"color: #000000;\"><span style=\"font-family: Book Antiqua, serif;\"><span style=\"font-size: large;\">kazywa\u0142 tak\u017ce na liturgi\u0119 jako na \u017ar\u00f3d\u0142o \u017cycia duchowego. <\/span><\/span><\/span><span style=\"color: #000000;\"><span style=\"font-family: Book Antiqua, serif;\"><span style=\"font-size: large;\">\u015awi\u0119tego Ignacego z Loyoli <\/span><\/span><\/span><span style=\"color: #000000;\"><span style=\"font-family: Book Antiqua, serif;\"><span style=\"font-size: large;\"><b>kanonizowa\u0142, w 1623 roku, Papie\u017c Grzegorz XV.<\/b><\/span><\/span><\/span><span style=\"color: #000000;\"><span style=\"font-family: Book Antiqua, serif;\"><span style=\"font-size: large;\"> Jego relikwie spoczywaj\u0105 w rzymskim ko\u015bciele<\/span><\/span><\/span> <span style=\"color: #000000;\"><span style=\"font-family: Book Antiqua, serif;\"><span style=\"font-size: large;\"><b>di Gesu. <\/b><\/span><\/span><\/span><\/p>\n<p class=\"western\" align=\"justify\"><span style=\"font-size: large;\"><span style=\"font-family: Book Antiqua, serif;\">A oto fragment historii \u017cycia naszego dzisiejszego Patrona, spisanej na podstawie jego w\u0142asnych opowiada\u0144, przez Ludwika Consalvo<\/span><span style=\"font-family: Book Antiqua, serif;\">: \u201e<\/span><span style=\"font-family: Book Antiqua, serif;\">Ignacy <\/span><span style=\"font-family: Book Antiqua, serif;\"><b>rozczytywa\u0142 si\u0119 w pr\u00f3\u017cnych i zmy\u015blonych dzie\u0142ach,<\/b><\/span><span style=\"font-family: Book Antiqua, serif;\"> kt\u00f3re opowiada\u0142y o niezwyk\u0142ych czynach s\u0142awnych ludzi. Skoro wi\u0119c poczu\u0142 si\u0119 lepiej, prosi\u0142, aby dla zaj\u0119cia czasu przyniesiono mu par\u0119 takich ksi\u0105\u017cek. Ale w tym domu takich w\u0142a\u015bnie nie by\u0142o. <\/span><span style=\"font-family: Book Antiqua, serif;\"><b>Podano mu zatem \u201e\u017bycie Jezusa\u201d oraz \u201e\u017bywoty \u015awi\u0119tych\u201d,<\/b><\/span><span style=\"font-family: Book Antiqua, serif;\"> obydwie w j\u0119zyku ojczystym.<\/span><\/span><\/p>\n<p class=\"western\" align=\"justify\"><span style=\"font-size: large;\"><span style=\"font-family: Book Antiqua, serif;\">Czyta\u0142 je cz\u0119sto i <\/span><span style=\"font-family: Book Antiqua, serif;\"><b>wkr\u00f3tce zacz\u0119\u0142o go poci\u0105ga\u0107 to, co w nich odnajdywa\u0142.<\/b><\/span><span style=\"font-family: Book Antiqua, serif;\"> Nieraz te\u017c podczas czytania bieg\u0142 my\u015bl\u0105 do tego, co czyta\u0142 dawniej, do marze\u0144, kt\u00f3rymi zajmowa\u0142 si\u0119 uprzednio, i do wielu podobnych spraw, jak si\u0119 mu kolejno narzuca\u0142y.<\/span><\/span><\/p>\n<p class=\"western\" align=\"justify\"><span style=\"font-size: large;\"><span style=\"font-family: Book Antiqua, serif;\">Zarazem i <\/span><span style=\"font-family: Book Antiqua, serif;\"><b>mi\u0142osierdzie Bo\u017ce przychodzi\u0142o z pomoc\u0105, <\/b><\/span><span style=\"font-family: Book Antiqua, serif;\">zast\u0119puj\u0105c tamte my\u015bli innymi, pochodz\u0105cymi z najnowszego czytania.<\/span><span style=\"font-family: Book Antiqua, serif;\"> Kiedy wi\u0119c czyta\u0142 o \u017cyciu Chrystusa Pana i \u015awi\u0119tych, zastanawia\u0142 si\u0119 i pyta\u0142 samego siebie: <\/span><span style=\"font-family: Book Antiqua, serif;\"><b>A gdybym tak ja zacz\u0105\u0142 post\u0119powa\u0107 jak \u015awi\u0119ty Franciszek albo \u015awi\u0119ty Dominik?<\/b><\/span><span style=\"font-family: Book Antiqua, serif;\"> Wiele nad tym rozmy\u015bla\u0142. Te my\u015bli pozostawa\u0142y w nim do\u015b\u0107 d\u0142ugo, a nast\u0119pnie wskutek zaistnia\u0142ej jakiej\u015b okoliczno\u015bci zast\u0119powa\u0142y je pr\u00f3\u017cne marzenia \u015bwiatowe. One tak\u017ce zatrzymywa\u0142y si\u0119 na d\u0142u\u017cszy czas. <\/span><span style=\"font-family: Book Antiqua, serif;\"><b>Taka zmienno\u015b\u0107 my\u015bli trwa\u0142a w nim do\u015b\u0107 d\u0142ugo.<\/b><\/span><\/span><\/p>\n<p class=\"western\" align=\"justify\"><span style=\"font-size: large;\"><span style=\"font-family: Book Antiqua, serif;\">Pomi\u0119dzy owymi dwoma rodzajami my\u015bli istnia\u0142a jednak pewna r\u00f3\u017cnica. Gdy si\u0119 bowiem zajmowa\u0142 <\/span><span style=\"font-family: Book Antiqua, serif;\"><b>sprawami \u015bwiatowymi, <\/b><\/span><span style=\"font-family: Book Antiqua, serif;\">odczuwa\u0142<\/span><span style=\"font-family: Book Antiqua, serif;\"><b> wielk\u0105 przyjemno\u015b\u0107, <\/b><\/span><span style=\"font-family: Book Antiqua, serif;\">kiedy znu\u017cony zaprzestawa\u0142,<\/span><span style=\"font-family: Book Antiqua, serif;\"><b> prze\u017cywa\u0142 smutek i pustk\u0119.<\/b><\/span><span style=\"font-family: Book Antiqua, serif;\"> Kiedy natomiast rozmy\u015bla\u0142 o na\u015bladowaniu wielkich dzie\u0142 pokuty, dokonywanych przez \u015bwi\u0119tych m\u0119\u017c\u00f3w, wtedy <\/span><span style=\"font-family: Book Antiqua, serif;\">odczuwa\u0142 <\/span><span style=\"font-family: Book Antiqua, serif;\"><b>przyjemno\u015b\u0107<\/b><\/span><span style=\"font-family: Book Antiqua, serif;\"> nie tylko rozmy\u015blaj\u0105c, <\/span><span style=\"font-family: Book Antiqua, serif;\"><b>ale tak\u017ce po zaprzestaniu rozmy\u015blania.<\/b><\/span> <\/span><\/p>\n<p class=\"western\" align=\"justify\"><span style=\"color: #000000;\"><span style=\"font-family: Book Antiqua, serif;\"><span style=\"font-size: large;\">Przez pewien czas nie dostrzega\u0142 tej r\u00f3\u017cnicy ani nie przywi\u0105zywa\u0142 do niej wagi, a\u017c pewnego dnia otwar\u0142y si\u0119 oczy jego duszy i zacz\u0105\u0142 si\u0119 zastanawia\u0107, widz\u0105c najwyra\u017aniej, i\u017c <\/span><\/span><\/span><span style=\"color: #000000;\"><span style=\"font-family: Book Antiqua, serif;\"><span style=\"font-size: large;\"><b>jeden rodzaj rozmy\u015blania napawa go smutkiem, drugi rado\u015bci\u0105.<\/b><\/span><\/span><\/span><b> <\/b><span style=\"color: #000000;\"><span style=\"font-family: Book Antiqua, serif;\"><span style=\"font-size: large;\">Taka by\u0142a jego pierwsza medytacja o sprawach Bo\u017cych.\u201d Tyle z dzie\u0142a opisuj\u0105cego \u017cyciow\u0105 drog\u0105 \u015awi\u0119tego Ignacego.<\/span><\/span><\/span><\/p>\n<p class=\"western\" align=\"justify\"><span style=\"font-family: Book Antiqua, serif;\"><span style=\"font-size: large;\">A my, s\u0142uchaj\u0105c S\u0142owa Bo\u017cego, przeznaczonego na dzie\u0144 dzisiejszy w liturgii Ko\u015bcio\u0142a, a tak\u017ce wpatruj\u0105c si\u0119 w duchow\u0105 sylwetk\u0119 dzisiejszego Patrona, zapytajmy samych siebie raz jeszcze, co musimy w sobie <b>prze\u0142ama\u0107<\/b> i jakie osobiste, wewn\u0119trzne <b>bariery<\/b> <b>przezwyci\u0119\u017cy\u0107,<\/b> aby <b>Jezus mia\u0142 swobodny dost\u0119p do naszych serc \u2013 i umys\u0142\u00f3w?\u2026<\/b><\/span><\/span><\/p>\n","protected":false},"excerpt":{"rendered":"<p>Szcz\u0119\u015b\u0107 Bo\u017ce! Moi Drodzy, w dniu wczorajszym urodziny prze\u017cywa\u0142 Miko\u0142aj Czernecki, m\u00f3j by\u0142y Ucze\u0144. Niech Pan Mu b\u0142ogos\u0142awi i wspiera, by m\u00f3g\u0142 On odnale\u017a\u0107 si\u0119 w obecnej swojej sytuacji. Ca\u0142ym sercem, wspieram Go modlitw\u0105. A oto dzisiaj wyrusza na tras\u0119 40 Jubileuszowa Pielgrzymka Podlaska na Jasn\u0105 G\u00f3r\u0119. Zawsze tego dnia wyrusza\u0142a z W\u0142odawy, jak pierwsza, [&hellip;]<\/p>\n","protected":false},"author":1,"featured_media":0,"comment_status":"open","ping_status":"open","sticky":false,"template":"","format":"standard","meta":{"jetpack_post_was_ever_published":false,"_jetpack_newsletter_access":"","_jetpack_dont_email_post_to_subs":false,"_jetpack_newsletter_tier_id":0,"_jetpack_memberships_contains_paywalled_content":false,"_jetpack_memberships_contains_paid_content":false,"footnotes":""},"categories":[1],"tags":[],"class_list":["post-17509","post","type-post","status-publish","format-standard","hentry","category-bez-kategorii"],"yoast_head":"<!-- This site is optimized with the Yoast SEO plugin v25.1 - https:\/\/yoast.com\/wordpress\/plugins\/seo\/ -->\n<title>Sk\u0105d u Niego ta m\u0105dro\u015b\u0107 i cuda?... - Gaudium Et Spes<\/title>\n<meta name=\"robots\" content=\"index, follow, max-snippet:-1, max-image-preview:large, max-video-preview:-1\" \/>\n<link rel=\"canonical\" href=\"https:\/\/gaudiumetspes-blog.pl\/index.php\/2020\/07\/31\/skad-u-niego-ta-madrosc-i-cuda\/\" \/>\n<meta property=\"og:locale\" content=\"pl_PL\" \/>\n<meta property=\"og:type\" content=\"article\" \/>\n<meta property=\"og:title\" content=\"Sk\u0105d u Niego ta m\u0105dro\u015b\u0107 i cuda?... - Gaudium Et Spes\" \/>\n<meta property=\"og:description\" content=\"Szcz\u0119\u015b\u0107 Bo\u017ce! Moi Drodzy, w dniu wczorajszym urodziny prze\u017cywa\u0142 Miko\u0142aj Czernecki, m\u00f3j by\u0142y Ucze\u0144. Niech Pan Mu b\u0142ogos\u0142awi i wspiera, by m\u00f3g\u0142 On odnale\u017a\u0107 si\u0119 w obecnej swojej sytuacji. Ca\u0142ym sercem, wspieram Go modlitw\u0105. A oto dzisiaj wyrusza na tras\u0119 40 Jubileuszowa Pielgrzymka Podlaska na Jasn\u0105 G\u00f3r\u0119. Zawsze tego dnia wyrusza\u0142a z W\u0142odawy, jak pierwsza, [&hellip;]\" \/>\n<meta property=\"og:url\" content=\"https:\/\/gaudiumetspes-blog.pl\/index.php\/2020\/07\/31\/skad-u-niego-ta-madrosc-i-cuda\/\" \/>\n<meta property=\"og:site_name\" content=\"Gaudium Et Spes\" \/>\n<meta property=\"article:published_time\" content=\"2020-07-31T03:28:46+00:00\" \/>\n<meta name=\"author\" content=\"Ks. Jacek\" \/>\n<meta name=\"twitter:card\" content=\"summary_large_image\" \/>\n<meta name=\"twitter:label1\" content=\"Napisane przez\" \/>\n\t<meta name=\"twitter:data1\" content=\"Ks. Jacek\" \/>\n\t<meta name=\"twitter:label2\" content=\"Szacowany czas czytania\" \/>\n\t<meta name=\"twitter:data2\" content=\"17 minut\" \/>\n<script type=\"application\/ld+json\" class=\"yoast-schema-graph\">{\"@context\":\"https:\/\/schema.org\",\"@graph\":[{\"@type\":\"WebPage\",\"@id\":\"https:\/\/gaudiumetspes-blog.pl\/index.php\/2020\/07\/31\/skad-u-niego-ta-madrosc-i-cuda\/\",\"url\":\"https:\/\/gaudiumetspes-blog.pl\/index.php\/2020\/07\/31\/skad-u-niego-ta-madrosc-i-cuda\/\",\"name\":\"Sk\u0105d u Niego ta m\u0105dro\u015b\u0107 i cuda?... - Gaudium Et Spes\",\"isPartOf\":{\"@id\":\"https:\/\/gaudiumetspes-blog.pl\/#website\"},\"datePublished\":\"2020-07-31T03:28:46+00:00\",\"author\":{\"@id\":\"https:\/\/gaudiumetspes-blog.pl\/#\/schema\/person\/1661982992b752dea8dff0d4ed845a65\"},\"breadcrumb\":{\"@id\":\"https:\/\/gaudiumetspes-blog.pl\/index.php\/2020\/07\/31\/skad-u-niego-ta-madrosc-i-cuda\/#breadcrumb\"},\"inLanguage\":\"pl-PL\",\"potentialAction\":[{\"@type\":\"ReadAction\",\"target\":[\"https:\/\/gaudiumetspes-blog.pl\/index.php\/2020\/07\/31\/skad-u-niego-ta-madrosc-i-cuda\/\"]}]},{\"@type\":\"BreadcrumbList\",\"@id\":\"https:\/\/gaudiumetspes-blog.pl\/index.php\/2020\/07\/31\/skad-u-niego-ta-madrosc-i-cuda\/#breadcrumb\",\"itemListElement\":[{\"@type\":\"ListItem\",\"position\":1,\"name\":\"Strona g\u0142\u00f3wna\",\"item\":\"https:\/\/gaudiumetspes-blog.pl\/\"},{\"@type\":\"ListItem\",\"position\":2,\"name\":\"Sk\u0105d u&nbsp;Niego ta m\u0105dro\u015b\u0107 i&nbsp;cuda?&#8230;\"}]},{\"@type\":\"WebSite\",\"@id\":\"https:\/\/gaudiumetspes-blog.pl\/#website\",\"url\":\"https:\/\/gaudiumetspes-blog.pl\/\",\"name\":\"Gaudium Et Spes\",\"description\":\"Blog Ks. Jacka Ja\u015bkowskiego\",\"potentialAction\":[{\"@type\":\"SearchAction\",\"target\":{\"@type\":\"EntryPoint\",\"urlTemplate\":\"https:\/\/gaudiumetspes-blog.pl\/?s={search_term_string}\"},\"query-input\":{\"@type\":\"PropertyValueSpecification\",\"valueRequired\":true,\"valueName\":\"search_term_string\"}}],\"inLanguage\":\"pl-PL\"},{\"@type\":\"Person\",\"@id\":\"https:\/\/gaudiumetspes-blog.pl\/#\/schema\/person\/1661982992b752dea8dff0d4ed845a65\",\"name\":\"Ks. Jacek\",\"image\":{\"@type\":\"ImageObject\",\"inLanguage\":\"pl-PL\",\"@id\":\"https:\/\/gaudiumetspes-blog.pl\/#\/schema\/person\/image\/\",\"url\":\"https:\/\/gaudiumetspes-blog.pl\/wp-content\/uploads\/2019\/07\/avatar-JJ-150x150.jpg\",\"contentUrl\":\"https:\/\/gaudiumetspes-blog.pl\/wp-content\/uploads\/2019\/07\/avatar-JJ-150x150.jpg\",\"caption\":\"Ks. Jacek\"},\"description\":\"Witam serdecznie! K\u0142ania si\u0119 Ks. Jacek Ja\u015bkowski. Nie jestem ani kim\u015b wa\u017cnym, ani kim\u015b znanym. Jestem ksi\u0119dzem, kt\u00f3ry po prostu chce rozmawia\u0107. Codzienna kap\u0142a\u0144ska pos\u0142uga pokazuje mi, \u017ce temat\u00f3w do rozm\u00f3w z ksi\u0119dzem jest coraz wi\u0119cej i dzisiaj \u017caden ksi\u0105dz nie mo\u017ce od nich ucieka\u0107, ale - wprost przeciwnie - podejmowa\u0107 nowe wyzwania. To przekonanie sk\u0142oni\u0142o mnie do pr\u00f3by otwarcia tego\u017c bloga, chocia\u017c okazji do rozm\u00f3w na co dzie\u0144 - w konfesjonale i poza nim - na szcz\u0119\u015bcie nie brakuje. My\u015bl\u0119 jednak, \u017ce ten blog b\u0119dzie jeszcze jednym sposobem i przestrzeni\u0105 nawi\u0105zania kontaktu z lud\u017ami dobrej woli, otwartymi na dialog.\",\"url\":\"https:\/\/gaudiumetspes-blog.pl\/index.php\/author\/ks-jacek\/\"}]}<\/script>\n<!-- \/ Yoast SEO plugin. -->","yoast_head_json":{"title":"Sk\u0105d u Niego ta m\u0105dro\u015b\u0107 i cuda?... - Gaudium Et Spes","robots":{"index":"index","follow":"follow","max-snippet":"max-snippet:-1","max-image-preview":"max-image-preview:large","max-video-preview":"max-video-preview:-1"},"canonical":"https:\/\/gaudiumetspes-blog.pl\/index.php\/2020\/07\/31\/skad-u-niego-ta-madrosc-i-cuda\/","og_locale":"pl_PL","og_type":"article","og_title":"Sk\u0105d u Niego ta m\u0105dro\u015b\u0107 i cuda?... - Gaudium Et Spes","og_description":"Szcz\u0119\u015b\u0107 Bo\u017ce! Moi Drodzy, w dniu wczorajszym urodziny prze\u017cywa\u0142 Miko\u0142aj Czernecki, m\u00f3j by\u0142y Ucze\u0144. Niech Pan Mu b\u0142ogos\u0142awi i wspiera, by m\u00f3g\u0142 On odnale\u017a\u0107 si\u0119 w obecnej swojej sytuacji. Ca\u0142ym sercem, wspieram Go modlitw\u0105. A oto dzisiaj wyrusza na tras\u0119 40 Jubileuszowa Pielgrzymka Podlaska na Jasn\u0105 G\u00f3r\u0119. Zawsze tego dnia wyrusza\u0142a z W\u0142odawy, jak pierwsza, [&hellip;]","og_url":"https:\/\/gaudiumetspes-blog.pl\/index.php\/2020\/07\/31\/skad-u-niego-ta-madrosc-i-cuda\/","og_site_name":"Gaudium Et Spes","article_published_time":"2020-07-31T03:28:46+00:00","author":"Ks. Jacek","twitter_card":"summary_large_image","twitter_misc":{"Napisane przez":"Ks. Jacek","Szacowany czas czytania":"17 minut"},"schema":{"@context":"https:\/\/schema.org","@graph":[{"@type":"WebPage","@id":"https:\/\/gaudiumetspes-blog.pl\/index.php\/2020\/07\/31\/skad-u-niego-ta-madrosc-i-cuda\/","url":"https:\/\/gaudiumetspes-blog.pl\/index.php\/2020\/07\/31\/skad-u-niego-ta-madrosc-i-cuda\/","name":"Sk\u0105d u Niego ta m\u0105dro\u015b\u0107 i cuda?... - Gaudium Et Spes","isPartOf":{"@id":"https:\/\/gaudiumetspes-blog.pl\/#website"},"datePublished":"2020-07-31T03:28:46+00:00","author":{"@id":"https:\/\/gaudiumetspes-blog.pl\/#\/schema\/person\/1661982992b752dea8dff0d4ed845a65"},"breadcrumb":{"@id":"https:\/\/gaudiumetspes-blog.pl\/index.php\/2020\/07\/31\/skad-u-niego-ta-madrosc-i-cuda\/#breadcrumb"},"inLanguage":"pl-PL","potentialAction":[{"@type":"ReadAction","target":["https:\/\/gaudiumetspes-blog.pl\/index.php\/2020\/07\/31\/skad-u-niego-ta-madrosc-i-cuda\/"]}]},{"@type":"BreadcrumbList","@id":"https:\/\/gaudiumetspes-blog.pl\/index.php\/2020\/07\/31\/skad-u-niego-ta-madrosc-i-cuda\/#breadcrumb","itemListElement":[{"@type":"ListItem","position":1,"name":"Strona g\u0142\u00f3wna","item":"https:\/\/gaudiumetspes-blog.pl\/"},{"@type":"ListItem","position":2,"name":"Sk\u0105d u&nbsp;Niego ta m\u0105dro\u015b\u0107 i&nbsp;cuda?&#8230;"}]},{"@type":"WebSite","@id":"https:\/\/gaudiumetspes-blog.pl\/#website","url":"https:\/\/gaudiumetspes-blog.pl\/","name":"Gaudium Et Spes","description":"Blog Ks. Jacka Ja\u015bkowskiego","potentialAction":[{"@type":"SearchAction","target":{"@type":"EntryPoint","urlTemplate":"https:\/\/gaudiumetspes-blog.pl\/?s={search_term_string}"},"query-input":{"@type":"PropertyValueSpecification","valueRequired":true,"valueName":"search_term_string"}}],"inLanguage":"pl-PL"},{"@type":"Person","@id":"https:\/\/gaudiumetspes-blog.pl\/#\/schema\/person\/1661982992b752dea8dff0d4ed845a65","name":"Ks. Jacek","image":{"@type":"ImageObject","inLanguage":"pl-PL","@id":"https:\/\/gaudiumetspes-blog.pl\/#\/schema\/person\/image\/","url":"https:\/\/gaudiumetspes-blog.pl\/wp-content\/uploads\/2019\/07\/avatar-JJ-150x150.jpg","contentUrl":"https:\/\/gaudiumetspes-blog.pl\/wp-content\/uploads\/2019\/07\/avatar-JJ-150x150.jpg","caption":"Ks. Jacek"},"description":"Witam serdecznie! K\u0142ania si\u0119 Ks. Jacek Ja\u015bkowski. Nie jestem ani kim\u015b wa\u017cnym, ani kim\u015b znanym. Jestem ksi\u0119dzem, kt\u00f3ry po prostu chce rozmawia\u0107. Codzienna kap\u0142a\u0144ska pos\u0142uga pokazuje mi, \u017ce temat\u00f3w do rozm\u00f3w z ksi\u0119dzem jest coraz wi\u0119cej i dzisiaj \u017caden ksi\u0105dz nie mo\u017ce od nich ucieka\u0107, ale - wprost przeciwnie - podejmowa\u0107 nowe wyzwania. To przekonanie sk\u0142oni\u0142o mnie do pr\u00f3by otwarcia tego\u017c bloga, chocia\u017c okazji do rozm\u00f3w na co dzie\u0144 - w konfesjonale i poza nim - na szcz\u0119\u015bcie nie brakuje. My\u015bl\u0119 jednak, \u017ce ten blog b\u0119dzie jeszcze jednym sposobem i przestrzeni\u0105 nawi\u0105zania kontaktu z lud\u017ami dobrej woli, otwartymi na dialog.","url":"https:\/\/gaudiumetspes-blog.pl\/index.php\/author\/ks-jacek\/"}]}},"jetpack_featured_media_url":"","jetpack_sharing_enabled":true,"_links":{"self":[{"href":"https:\/\/gaudiumetspes-blog.pl\/index.php\/wp-json\/wp\/v2\/posts\/17509","targetHints":{"allow":["GET"]}}],"collection":[{"href":"https:\/\/gaudiumetspes-blog.pl\/index.php\/wp-json\/wp\/v2\/posts"}],"about":[{"href":"https:\/\/gaudiumetspes-blog.pl\/index.php\/wp-json\/wp\/v2\/types\/post"}],"author":[{"embeddable":true,"href":"https:\/\/gaudiumetspes-blog.pl\/index.php\/wp-json\/wp\/v2\/users\/1"}],"replies":[{"embeddable":true,"href":"https:\/\/gaudiumetspes-blog.pl\/index.php\/wp-json\/wp\/v2\/comments?post=17509"}],"version-history":[{"count":1,"href":"https:\/\/gaudiumetspes-blog.pl\/index.php\/wp-json\/wp\/v2\/posts\/17509\/revisions"}],"predecessor-version":[{"id":17510,"href":"https:\/\/gaudiumetspes-blog.pl\/index.php\/wp-json\/wp\/v2\/posts\/17509\/revisions\/17510"}],"wp:attachment":[{"href":"https:\/\/gaudiumetspes-blog.pl\/index.php\/wp-json\/wp\/v2\/media?parent=17509"}],"wp:term":[{"taxonomy":"category","embeddable":true,"href":"https:\/\/gaudiumetspes-blog.pl\/index.php\/wp-json\/wp\/v2\/categories?post=17509"},{"taxonomy":"post_tag","embeddable":true,"href":"https:\/\/gaudiumetspes-blog.pl\/index.php\/wp-json\/wp\/v2\/tags?post=17509"}],"curies":[{"name":"wp","href":"https:\/\/api.w.org\/{rel}","templated":true}]}}