{"id":17521,"date":"2020-08-05T07:46:51","date_gmt":"2020-08-05T05:46:51","guid":{"rendered":"https:\/\/gaudiumetspes-blog.pl\/?p=17521"},"modified":"2020-08-05T07:46:51","modified_gmt":"2020-08-05T05:46:51","slug":"jak-szczenieta-ze-stolu-panow","status":"publish","type":"post","link":"https:\/\/gaudiumetspes-blog.pl\/index.php\/2020\/08\/05\/jak-szczenieta-ze-stolu-panow\/","title":{"rendered":"Jak szczeni\u0119ta ze sto\u0142u pan\u00f3w&#8230;"},"content":{"rendered":"<p align=\"justify\"><span style=\"color: #000000;\"><span style=\"font-family: Book Antiqua, serif;\"><span style=\"font-size: large;\">Szcz\u0119\u015b\u0107 Bo\u017ce! Moi Drodzy, w dniu dzisiejszym <b>rocznic\u0119 zawarcia sakramentalnego Ma\u0142\u017ce\u0144stwa prze\u017cywaj\u0105 Ma\u0142gorzata i Pawe\u0142 Chalimoniukowie, czyli Siostra mojego Szwagra i Jej M\u0105\u017c. \u017bycz\u0119 drogim Jubilatom, by ka\u017cdego dnia coraz bardziej odkrywali pi\u0119kno \u017cycia ma\u0142\u017ce\u0144skiego i rodzicielskiego \u2013 i umacniali si\u0119 we wzajemnej mi\u0142o\u015bci. Zapewniam o modlitwie!<\/b><\/span><\/span><\/span><\/p>\n<p align=\"justify\"><span style=\"color: #000000;\"><span style=\"font-family: Book Antiqua, serif;\"><span style=\"font-size: large;\">Moi Drodzy, nasze spotkania w O\u015brodku Duszpasterstwa Akademickiego \u2013 w ramach pielgrzymowania duchowego \u2013 trwaj\u0105 i coraz ciekawsz\u0105 form\u0119 przyjmuj\u0105. Tworzy si\u0119 coraz bardziej \u2013 by tak rzec \u2013 wsp\u00f3lnotowa atmosfera. Nasz\u0105 modlitw\u0105 ogarniamy ca\u0142y \u015bwiat i Ko\u015bci\u00f3\u0142, ale tak\u017ce sprawy poszczeg\u00f3lnych Os\u00f3b. Sprawy te przyjmuj\u0105 form\u0119 intencji, zapisywanych na kartkach, do modlitwy r\u00f3\u017ca\u0144cowej. Ale polecamy je Bogu tak\u017ce w czasie Mszy \u015awi\u0119tej.<\/span><\/span><\/span><\/p>\n<p align=\"justify\"><span style=\"color: #000000;\"><span style=\"font-family: Book Antiqua, serif;\"><span style=\"font-size: large;\">Raz jeszcze zapraszam \u2013 kto tylko mo\u017ce! \u2013 do osobistego w\u0142\u0105czenia si\u0119 w nasze spotkania, w samym O\u015brodku, codziennie od 19:00 do 21:00. A kto nie mo\u017ce \u2013 niech si\u0119 \u0142\u0105czy z nami duchem!<\/span><\/span><\/span><\/p>\n<p align=\"justify\"><span style=\"color: #000000;\"><span style=\"font-family: Book Antiqua, serif;\"><span style=\"font-size: large;\">Jutro za\u015b \u2013 i duchem, i s\u0142owem \u2013 po\u0142\u0105czy si\u0119 z nami Ksi\u0105dz Marek. S\u0142\u00f3wko z Syberii!<\/span><\/span><\/span><\/p>\n<p align=\"justify\"><span style=\"color: #000000;\"><span style=\"font-family: Book Antiqua, serif;\"><span style=\"font-size: large;\">Na dzisiejszy dzie\u0144 i na ca\u0142e duchowe pielgrzymowanie \u2013 <b>niech Was b\u0142ogos\u0142awi B\u00f3g Wszechmog\u0105cy: Ojciec + i Syn, i Duch \u015awi\u0119ty. Amen<\/b><\/span><\/span><\/span><\/p>\n<p align=\"center\"><span style=\"color: #000000;\"><span style=\"font-family: Book Antiqua, serif;\"><span style=\"font-size: large;\">Gaudium et spes! Ks. Jacek<\/span><\/span><\/span><\/p>\n<p align=\"center\">\n<p align=\"center\">\n<p align=\"center\">\n<p align=\"center\">\n<p align=\"center\">\n<p align=\"justify\"><span style=\"color: #000000;\"><span style=\"font-family: Book Antiqua, serif;\"><span style=\"font-size: large;\"><b>\u015aroda 18 Tygodnia zwyk\u0142ego, rok II,<\/b><\/span><\/span><\/span><\/p>\n<p align=\"justify\"><span style=\"color: #000000;\"><span style=\"font-family: Book Antiqua, serif;\"><span style=\"font-size: large;\"><b>5 sierpnia 2020.,<\/b><\/span><\/span><\/span><\/p>\n<p align=\"justify\"><span style=\"color: #000000;\"><span style=\"font-family: Book Antiqua, serif;\"><span style=\"font-size: large;\"><b>do czyta\u0144: Jr 31,1\u20137; Mt 15,21\u201328<\/b><\/span><\/span><\/span><\/p>\n<p align=\"justify\">\n<p align=\"justify\">\n<p align=\"justify\">\n<p align=\"justify\">\n<p align=\"justify\">\n<p align=\"justify\"><span style=\"color: #000000;\"><span style=\"font-family: Book Antiqua, serif;\"><span style=\"font-size: large;\"><b>CZYTANIE Z KSI\u0118GI PROROKA JEREMIASZA:<\/b><\/span><\/span><\/span><\/p>\n<p align=\"justify\"><span style=\"color: #000000;\">\u201e<span style=\"font-family: Book Antiqua, serif;\"><span style=\"font-size: large;\"><b>W tamtych czasach, m\u00f3wi Pan, b\u0119d\u0119 Bogiem dla wszystkich pokole\u0144 Izraela, one za\u015b b\u0119d\u0105 moim narodem\u201d.<\/b><\/span><\/span><\/span><\/p>\n<p align=\"justify\"><span style=\"color: #000000;\"><span style=\"font-family: Book Antiqua, serif;\"><span style=\"font-size: large;\"><b>To m\u00f3wi Pan: \u201eZnajdzie \u0142ask\u0119 na pustyni nar\u00f3d ocala\u0142y od miecza; Izrael p\u00f3jdzie do miejsca swego odpoczynku. Pan si\u0119 mu uka\u017ce z daleka. Ukocha\u0142em ci\u0119 odwieczn\u0105 mi\u0142o\u015bci\u0105, dlatego te\u017c zachowa\u0142em dla ciebie \u0142askawo\u015b\u0107. Znowu ci\u0119 zbuduj\u0119 i b\u0119dziesz odbudowana, Dziewico \u2013 Izraelu. Przyozdobisz si\u0119 zn\u00f3w swymi b\u0119benkami i wyjdziesz w\u015br\u00f3d ta\u0144c\u00f3w pe\u0142nych wesela. B\u0119dziesz zn\u00f3w sadzi\u0107 winnice na wzg\u00f3rzach Samarii; uprawiaj\u0105cy b\u0119d\u0105 sadzi\u0107 i zbiera\u0107. Nadejdzie bowiem dzie\u0144, kiedy stra\u017cnicy zn\u00f3w zawo\u0142aj\u0105 na wzg\u00f3rzach Efraima: \u00abWsta\u0144cie, wst\u0105pmy na Syjon, do Pana, Boga naszego!\u00bb\u201d<\/b><\/span><\/span><\/span><\/p>\n<p align=\"justify\"><span style=\"color: #000000;\"><span style=\"font-family: Book Antiqua, serif;\"><span style=\"font-size: large;\"><b>To bowiem m\u00f3wi Pan: \u201eWykrzykujcie rado\u015bnie na cze\u015b\u0107 Jakuba, weselcie si\u0119 pierwszym w\u015br\u00f3d narod\u00f3w! G\u0142o\u015bcie, wychwalajcie i m\u00f3wcie: \u00abPan wybawi\u0142 sw\u00f3j lud, Reszt\u0119 Izraela!\u00bb\u201d<\/b><\/span><\/span><\/span><\/p>\n<p align=\"justify\">\n<p align=\"justify\">\n<p align=\"justify\">\n<p align=\"justify\">\n<p align=\"justify\">\n<p align=\"justify\"><span style=\"color: #000000;\"><span style=\"font-family: Book Antiqua, serif;\"><span style=\"font-size: large;\"><b>S\u0141OWA EWANGELII WED\u0141UG \u015aWI\u0118TEGO MATEUSZA:<\/b><\/span><\/span><\/span><\/p>\n<p align=\"justify\"><span style=\"color: #000000;\"><span style=\"font-family: Book Antiqua, serif;\"><span style=\"font-size: large;\"><b>Jezus pod\u0105\u017cy\u0142 w stron\u0119 Tyru i Sydonu. A oto kobieta kananejska, wyszed\u0142szy z tamtych okolic, wo\u0142a\u0142a: \u201eUlituj si\u0119 nade mn\u0105, Panie, Synu Dawida! Moja c\u00f3rka jest ci\u0119\u017cko dr\u0119czona przez z\u0142ego ducha\u201d. Lecz On nie odezwa\u0142 si\u0119 do niej ani s\u0142owem.<\/b><\/span><\/span><\/span><\/p>\n<p align=\"justify\"><span style=\"color: #000000;\"><span style=\"font-family: Book Antiqua, serif;\"><span style=\"font-size: large;\"><b>Na to zbli\u017cyli si\u0119 do Niego uczniowie i prosili: \u201eOdpraw j\u0105, bo krzyczy za nami\u201d.<\/b><\/span><\/span><\/span><\/p>\n<p align=\"justify\"><span style=\"color: #000000;\"><span style=\"font-family: Book Antiqua, serif;\"><span style=\"font-size: large;\"><b>Lecz On odpowiedzia\u0142: \u201eJestem pos\u0142any tylko do owiec, kt\u00f3re pogin\u0119\u0142y z domu Izraela\u201d.<\/b><\/span><\/span><\/span><\/p>\n<p align=\"justify\"><span style=\"color: #000000;\"><span style=\"font-family: Book Antiqua, serif;\"><span style=\"font-size: large;\"><b>A ona przysz\u0142a, upad\u0142a przed Nim i prosi\u0142a: \u201ePanie, dopom\u00f3\u017c mi\u201d.<\/b><\/span><\/span><\/span><\/p>\n<p align=\"justify\"><span style=\"color: #000000;\"><span style=\"font-family: Book Antiqua, serif;\"><span style=\"font-size: large;\"><b>On jednak odpar\u0142: \u201eNiedobrze jest bra\u0107 chleb dzieciom i rzuca\u0107 psom\u201d.<\/b><\/span><\/span><\/span><\/p>\n<p align=\"justify\"><span style=\"color: #000000;\"><span style=\"font-family: Book Antiqua, serif;\"><span style=\"font-size: large;\"><b>A ona odrzek\u0142a: \u201eTak, Panie, lecz i szczeni\u0119ta jedz\u0105 z okruszyn, kt\u00f3re spadaj\u0105 ze sto\u0142u ich pan\u00f3w\u201d.<\/b><\/span><\/span><\/span><\/p>\n<p align=\"justify\"><span style=\"color: #000000;\"><span style=\"font-family: Book Antiqua, serif;\"><span style=\"font-size: large;\"><b>Wtedy Jezus jej odpowiedzia\u0142: \u201eO niewiasto, wielka jest twoja wiara; niech ci si\u0119 stanie, jak chcesz\u201d. Od tej chwili jej c\u00f3rka zosta\u0142a uzdrowiona.<\/b><\/span><\/span><\/span><\/p>\n<p align=\"justify\">\n<p align=\"justify\">\n<p align=\"justify\">\n<p align=\"justify\">\n<p align=\"justify\">\n<p align=\"justify\"><span style=\"color: #000000;\"><span style=\"font-family: Book Antiqua, serif;\"><span style=\"font-size: large;\">Bardzo optymistycznie i rado\u015bnie brzmi\u0105 s\u0142owa, skierowane dzi\u015b przez Boga do swego narodu \u2013 s\u0142owa tchn\u0105ce nadziej\u0105 i pocieszeniem: <i><b>Znajdzie \u0142ask\u0119 na pustyni nar\u00f3d ocala\u0142y od miecza; Izrael p\u00f3jdzie do miejsca swego odpoczynku. Pan si\u0119 mu uka\u017ce z daleka.<\/b><\/i><b> <\/b>Pi\u0119kna zapowied\u017a. <\/span><\/span><\/span><\/p>\n<p align=\"justify\"><span style=\"color: #000000;\"><span style=\"font-family: Book Antiqua, serif;\"><span style=\"font-size: large;\">A oto przyczyna takiego stanu rzeczy: <i><b>Ukocha\u0142em ci\u0119 odwieczn\u0105 mi\u0142o\u015bci\u0105, dlatego te\u017c zachowa\u0142em dla ciebie \u0142askawo\u015b\u0107. Znowu ci\u0119 zbuduj\u0119 i b\u0119dziesz odbudowana, Dziewico \u2013 Izraelu.<\/b><\/i> Zatem, <b>o<\/b><b>dwieczne ukochanie przez Boga<\/b> \u2013 oto \u017ar\u00f3d\u0142o tego wielkiego dobra, jakie ma si\u0119 sta\u0107 udzia\u0142em ludu wybranego, oraz tych pi\u0119knych s\u0142\u00f3w, jakie dzisiaj lud us\u0142ysza\u0142.<\/span><\/span><\/span><\/p>\n<p align=\"justify\"><span style=\"color: #000000;\"><span style=\"font-family: Book Antiqua, serif;\"><span style=\"font-size: large;\">Ale my przecie\u017c wiemy, \u017ce <b>nie zawsze w taki spos\u00f3b<\/b> B\u00f3g wypowiada\u0142 si\u0119 i nie zawsze tak s\u0142odko zwraca\u0142 si\u0119 do swoich dzieci. Niekiedy <b>upomina\u0142 <\/b><b>i karci\u0142,<\/b> a niekiedy wr\u0119cz <b>gromi\u0142! <\/b>Czy\u017cby to oznacza\u0142o, \u017ce wtedy nie kocha\u0142 swego narodu, <b>albo kocha\u0142 mniej?<\/b> <\/span><\/span><\/span><\/p>\n<p align=\"justify\"><span style=\"color: #000000;\"><span style=\"font-family: Book Antiqua, serif;\"><span style=\"font-size: large;\">I czy \u2013 analogicznie \u2013 Jezus, kt\u00f3ry w tak ostry, wr\u0119cz nieprzyjemny spos\u00f3b zwraca si\u0119 w dzisiejszej Ewangelii do kobiety kananejskiej, okazuje jej w ten spos\u00f3b <b>niech\u0119\u0107, pogard\u0119, brak mi\u0142o\u015bci?<\/b> <\/span><\/span><\/span><\/p>\n<p align=\"justify\"><span style=\"color: #000000;\"><span style=\"font-family: Book Antiqua, serif;\"><span style=\"font-size: large;\">W\u0142a\u015bnie! Kiedy s\u0142yszymy takie zapowiedzi i taki ton, w jakim utrzymane jest dzisiejsze pierwsze czytanie, to jako\u015b <b>\u0142atwo nam uwierzy\u0107 <\/b>w mi\u0142o\u015b\u0107 Boga do cz\u0142owieka. I samorzutnie wr\u0119cz chce si\u0119 wype\u0142ni\u0107 to wezwanie, z jakim B\u00f3g zwraca si\u0119 w ko\u0144c\u00f3wce tekstu: <i><b>Wykrzykujcie rado\u015bnie na cze\u015b\u0107 Jakuba, weselcie si\u0119 pierwszym w\u015br\u00f3d narod\u00f3w! G\u0142o\u015bcie, wychwalajcie i m\u00f3wcie: \u00abPan wybawi\u0142 sw\u00f3j lud, Reszt\u0119 Izraela!<\/b><\/i><b> <\/b><\/span><\/span><\/span><\/p>\n<p align=\"justify\"><span style=\"color: #000000;\"><span style=\"font-family: Book Antiqua, serif;\"><span style=\"font-size: large;\">Kiedy jednak B\u00f3g <b>m\u00f3wi inaczej,<\/b> albo nie wype\u0142nia naszych pr\u00f3\u015bb i oczekiwa\u0144 tak, jak by\u015bmy chcieli; albo m\u00f3wi do nas w spos\u00f3b <b>twardy i kategoryczny,<\/b> albo poddaje <b>nasz\u0105 wiar\u0119 pr\u00f3bie<\/b> \u2013 wtedy jeste\u015bmy przekonani, \u017ce si\u0119 na nas obrazi\u0142 i na wszelki wypadek <b>sami obra\u017camy si\u0119 na Niego. <\/b><\/span><\/span><\/span><\/p>\n<p align=\"justify\"><span style=\"color: #000000;\"><span style=\"font-family: Book Antiqua, serif;\"><span style=\"font-size: large;\">A tymczasem, wydarzenie z dzisiejszej Ewangelii pokazuje nam, \u017ce pr\u00f3b\u0119 trzeba przetrwa\u0107, a w tym, czego nie rozumiemy \u2013 <b>zaufa\u0107 Bogu.<\/b> On w\u00f3wczas wyprowadzi z tego <b>wielkie dobro.<\/b> A przy okazji \u2013 padn\u0105 takie pi\u0119kne s\u0142owa pochwa\u0142y, jak te, kt\u00f3re dzi\u015b Jezus skierowa\u0142 do kobiety kananejskiej: <i><b>O niewiasto, wielka jest twoja wiara; niech ci si\u0119 stanie, jak chcesz.<\/b><\/i><b> <\/b><\/span><\/span><\/span><\/p>\n<p align=\"justify\"><span style=\"color: #000000;\"><span style=\"font-family: Book Antiqua, serif;\"><span style=\"font-size: large;\">Ca\u0142a sprawa \u2013 jak wiemy \u2013 dotyczy\u0142a uwolnienia jej c\u00f3rki od z\u0142ego ducha. Jezus najpierw jakby <b>w og\u00f3le nie s\u0142ysza\u0142<\/b> jej wo\u0142ania, jakby je <b>zignorowa\u0142<\/b> \u2013 co samo w sobie mog\u0142oby ju\u017c spowodowa\u0107, \u017ce kobieta da sobie spok\u00f3j z takim Uzdrowicielem\u2026 Niemniej jednak, <b>t\u0119 pr\u00f3b\u0119 przetrwa\u0142a<\/b> \u2013 nie przesta\u0142a wo\u0142a\u0107. I stan\u0119\u0142a przed Jezusem i powiedzia\u0142a o co chodzi, to nie do\u015b\u0107, \u017ce na pewno <b>spojrzenia ca\u0142ego otaczaj\u0105cego t\u0142umu<\/b> ju\u017c j\u0105 zniech\u0119ca\u0142y do dalszych zabieg\u00f3w, to jeszcze sam Jezus \u201edorzuci\u0142\u201d od siebie swoj\u0105 pozorn\u0105 odmow\u0119. <\/span><\/span><\/span><\/p>\n<p align=\"justify\"><span style=\"color: #000000;\"><span style=\"font-family: Book Antiqua, serif;\"><span style=\"font-size: large;\">Najpierw bowiem stwierdzi\u0142: <i><b>Jestem pos\u0142any tylko do owiec, kt\u00f3re pogin\u0119\u0142y z domu Izraela,<\/b><\/i><b> <\/b>co nieraz podkre\u015bla\u0142 tak\u017ce i przy innych okazjach, jako \u017ce taki by\u0142 Bo\u017cy plan, aby Dobr\u0105 Nowin\u0119 najpierw og\u0142osi\u0107 \u017bydom, narodowi wybranemu, a to \u00f3w nar\u00f3d p\u00f3\u017aniej mia\u0142 j\u0105 <b>rozg\u0142osi\u0107 po ca\u0142ym \u015bwiecie. <\/b>I Jezus generalnie ten plan realizowa\u0142 \u2013 i st\u0105d dzisiejsze s\u0142owa.<\/span><\/span><\/span><\/p>\n<p align=\"justify\"><span style=\"color: #000000;\"><span style=\"font-family: Book Antiqua, serif;\"><span style=\"font-size: large;\">Jednak kobieta i w tym momencie <b>nie da\u0142a za wygran\u0105,<\/b> wykazuj\u0105c si\u0119 tak <b>wielk\u0105 wiar\u0105, <\/b>a do tego r\u00f3wnie\u017c <b>tak wielk\u0105 pokor\u0105,<\/b> \u017ce wr\u0119cz zachwyci\u0142a Jezusa, kt\u00f3ry \u2013 znowu, nie po raz pierwszy \u2013 <b>odst\u0105pi\u0142<\/b> od wspomnianej przed chwil\u0105 zasady, uczyni\u0142 wyj\u0105tek i okaza\u0142 mi\u0142osierdzie osobie <b>spoza swego narodu.<\/b> Tak czyni\u0142 zawsze, kiedy taka osoba wykaza\u0142a si\u0119 <b>wielk\u0105 wiar\u0105<\/b> \u2013 zwykle wi\u0119ksz\u0105 od tej, kt\u00f3r\u0105 okazywali Jego rodacy. Tego typu przypadk\u00f3w w Ewangeliach znajdziemy przynajmniej kilka. <\/span><\/span><\/span><\/p>\n<p align=\"justify\"><span style=\"color: #000000;\"><span style=\"font-family: Book Antiqua, serif;\"><span style=\"font-size: large;\">Widzimy zatem, \u017ce Jezusowi nie zale\u017ca\u0142o nigdy na zrealizowaniu jakiegokolwiek planu \u2013 <b>dla samego planu. <\/b>On nie mia\u0142 do \u201ewyrobienia\u201d jakich\u015b <b>z g\u00f3ry ustalonych norm.<\/b> On czyni\u0142 wszystko, co m\u00f3g\u0142, aby cz\u0142owieka <b>zbawi\u0107. Konkretnego cz\u0142owieka.<\/b> I dlatego dobiera\u0142 takie \u015brodki, stosowa\u0142 takie sposoby i wypowiada\u0142 si\u0119 w taki spos\u00f3b, jaki w danym, bardzo konkretnym przypadku, by\u0142 potrzebny do zrealizowania tego <b>najwa\u017cniejszego<\/b> \u2013 i chyba <b>jedynego<\/b> \u2013 pragnienia Boga, jakim jest<b> zbawienie cz\u0142owieka. <\/b><\/span><\/span><\/span><\/p>\n<p align=\"justify\"><span style=\"color: #000000;\"><span style=\"font-family: Book Antiqua, serif;\"><span style=\"font-size: large;\">I tak samo w Starym Testamencie: B\u00f3g \u017cywo reagowa\u0142 na post\u0119powanie cz\u0142owieka i stara\u0142 si\u0119 dotrze\u0107 do niego ze swoj\u0105 propozycj\u0105 zbawienia i <b>z zaproszeniem do zbawienia.<\/b> I czy to wypowiada\u0142 si\u0119 w spos\u00f3b <b>radosny i podnios\u0142y,<\/b> czy w spos\u00f3b <b>krytyczny, surowy<\/b> \u2013 motywacja by\u0142a zawsze jedna i ta sama. <\/span><\/span><\/span><\/p>\n<p align=\"justify\"><span style=\"color: #000000;\"><span style=\"font-family: Book Antiqua, serif;\"><span style=\"font-size: large;\">Dlatego kiedy my dzisiaj do\u015bwiadczamy r\u00f3\u017cnych \u017cyciowych trudno\u015bci i sytuacji, kt\u00f3rych po ludzku nie rozumiemy; kiedy nieraz mo\u017ce wydaje si\u0119 nam, \u017ce <b>B\u00f3g o nas zapomnia\u0142, <\/b>zostawi\u0142 nas, nie s\u0142yszy naszych modlitw, <b>bawi si\u0119 naszym losem<\/b> i naszym nieszcz\u0119\u015bciem, to je\u017celi zaufamy Mu bezgranicznie, powierzymy Mu ten sw\u00f3j los i tak, jak kobieta kananejska, b\u0119dziemy <b>wytrwali, a wr\u0119cz nieust\u0119pliwi w modlitwie<\/b> \u2013 z pewno\u015bci\u0105, wygramy ca\u0142\u0105 sytuacj\u0119. Przekonamy si\u0119 bowiem \u2013 zwykle, jeszcze za tego \u017cycia, a nawet nie czekaj\u0105c bardzo d\u0142ugo \u2013 \u017ce B\u00f3g naprawd\u0119 realizuje sw\u00f3j plan. I \u017ce <b>ten plan ma sens.<\/b> Bo naprawd\u0119 s\u0142u\u017cy naszemu dobru \u2013 naszemu zbawieniu.<\/span><\/span><\/span><\/p>\n<p align=\"justify\"><span style=\"color: #000000;\"><span style=\"font-family: Book Antiqua, serif;\"><span style=\"font-size: large;\">Czy jednak mamy <b>odwag\u0119 tak zaufa\u0107 Bogu?<\/b> I nawet w trudnych do\u015bwiadczeniach widzie\u0107 Jego r\u0119k\u0119, kt\u00f3ra prowadzi nas prost\u0105 drog\u0105? Czy mamy tak\u0105 odwag\u0119? Czy modlimy si\u0119 dla siebie <b>o tak\u0105 odwa\u017cn\u0105 wiar\u0119?\u2026<\/b><\/span><\/span><\/span><\/p>\n","protected":false},"excerpt":{"rendered":"<p>Szcz\u0119\u015b\u0107 Bo\u017ce! Moi Drodzy, w dniu dzisiejszym rocznic\u0119 zawarcia sakramentalnego Ma\u0142\u017ce\u0144stwa prze\u017cywaj\u0105 Ma\u0142gorzata i Pawe\u0142 Chalimoniukowie, czyli Siostra mojego Szwagra i Jej M\u0105\u017c. \u017bycz\u0119 drogim Jubilatom, by ka\u017cdego dnia coraz bardziej odkrywali pi\u0119kno \u017cycia ma\u0142\u017ce\u0144skiego i rodzicielskiego \u2013 i umacniali si\u0119 we wzajemnej mi\u0142o\u015bci. Zapewniam o modlitwie! Moi Drodzy, nasze spotkania w O\u015brodku Duszpasterstwa Akademickiego [&hellip;]<\/p>\n","protected":false},"author":1,"featured_media":0,"comment_status":"open","ping_status":"open","sticky":false,"template":"","format":"standard","meta":{"jetpack_post_was_ever_published":false,"_jetpack_newsletter_access":"","_jetpack_dont_email_post_to_subs":false,"_jetpack_newsletter_tier_id":0,"_jetpack_memberships_contains_paywalled_content":false,"_jetpack_memberships_contains_paid_content":false,"footnotes":""},"categories":[1],"tags":[],"class_list":["post-17521","post","type-post","status-publish","format-standard","hentry","category-bez-kategorii"],"yoast_head":"<!-- This site is optimized with the Yoast SEO plugin v25.1 - https:\/\/yoast.com\/wordpress\/plugins\/seo\/ -->\n<title>Jak szczeni\u0119ta ze sto\u0142u pan\u00f3w... - Gaudium Et Spes<\/title>\n<meta name=\"robots\" content=\"index, follow, max-snippet:-1, max-image-preview:large, max-video-preview:-1\" \/>\n<link rel=\"canonical\" href=\"https:\/\/gaudiumetspes-blog.pl\/index.php\/2020\/08\/05\/jak-szczenieta-ze-stolu-panow\/\" \/>\n<meta property=\"og:locale\" content=\"pl_PL\" \/>\n<meta property=\"og:type\" content=\"article\" \/>\n<meta property=\"og:title\" content=\"Jak szczeni\u0119ta ze sto\u0142u pan\u00f3w... - Gaudium Et Spes\" \/>\n<meta property=\"og:description\" content=\"Szcz\u0119\u015b\u0107 Bo\u017ce! Moi Drodzy, w dniu dzisiejszym rocznic\u0119 zawarcia sakramentalnego Ma\u0142\u017ce\u0144stwa prze\u017cywaj\u0105 Ma\u0142gorzata i Pawe\u0142 Chalimoniukowie, czyli Siostra mojego Szwagra i Jej M\u0105\u017c. \u017bycz\u0119 drogim Jubilatom, by ka\u017cdego dnia coraz bardziej odkrywali pi\u0119kno \u017cycia ma\u0142\u017ce\u0144skiego i rodzicielskiego \u2013 i umacniali si\u0119 we wzajemnej mi\u0142o\u015bci. Zapewniam o modlitwie! Moi Drodzy, nasze spotkania w O\u015brodku Duszpasterstwa Akademickiego [&hellip;]\" \/>\n<meta property=\"og:url\" content=\"https:\/\/gaudiumetspes-blog.pl\/index.php\/2020\/08\/05\/jak-szczenieta-ze-stolu-panow\/\" \/>\n<meta property=\"og:site_name\" content=\"Gaudium Et Spes\" \/>\n<meta property=\"article:published_time\" content=\"2020-08-05T05:46:51+00:00\" \/>\n<meta name=\"author\" content=\"Ks. Jacek\" \/>\n<meta name=\"twitter:card\" content=\"summary_large_image\" \/>\n<meta name=\"twitter:label1\" content=\"Napisane przez\" \/>\n\t<meta name=\"twitter:data1\" content=\"Ks. Jacek\" \/>\n\t<meta name=\"twitter:label2\" content=\"Szacowany czas czytania\" \/>\n\t<meta name=\"twitter:data2\" content=\"7 minut\" \/>\n<script type=\"application\/ld+json\" class=\"yoast-schema-graph\">{\"@context\":\"https:\/\/schema.org\",\"@graph\":[{\"@type\":\"WebPage\",\"@id\":\"https:\/\/gaudiumetspes-blog.pl\/index.php\/2020\/08\/05\/jak-szczenieta-ze-stolu-panow\/\",\"url\":\"https:\/\/gaudiumetspes-blog.pl\/index.php\/2020\/08\/05\/jak-szczenieta-ze-stolu-panow\/\",\"name\":\"Jak szczeni\u0119ta ze sto\u0142u pan\u00f3w... - Gaudium Et Spes\",\"isPartOf\":{\"@id\":\"https:\/\/gaudiumetspes-blog.pl\/#website\"},\"datePublished\":\"2020-08-05T05:46:51+00:00\",\"author\":{\"@id\":\"https:\/\/gaudiumetspes-blog.pl\/#\/schema\/person\/1661982992b752dea8dff0d4ed845a65\"},\"breadcrumb\":{\"@id\":\"https:\/\/gaudiumetspes-blog.pl\/index.php\/2020\/08\/05\/jak-szczenieta-ze-stolu-panow\/#breadcrumb\"},\"inLanguage\":\"pl-PL\",\"potentialAction\":[{\"@type\":\"ReadAction\",\"target\":[\"https:\/\/gaudiumetspes-blog.pl\/index.php\/2020\/08\/05\/jak-szczenieta-ze-stolu-panow\/\"]}]},{\"@type\":\"BreadcrumbList\",\"@id\":\"https:\/\/gaudiumetspes-blog.pl\/index.php\/2020\/08\/05\/jak-szczenieta-ze-stolu-panow\/#breadcrumb\",\"itemListElement\":[{\"@type\":\"ListItem\",\"position\":1,\"name\":\"Strona g\u0142\u00f3wna\",\"item\":\"https:\/\/gaudiumetspes-blog.pl\/\"},{\"@type\":\"ListItem\",\"position\":2,\"name\":\"Jak szczeni\u0119ta ze&nbsp;sto\u0142u pan\u00f3w&#8230;\"}]},{\"@type\":\"WebSite\",\"@id\":\"https:\/\/gaudiumetspes-blog.pl\/#website\",\"url\":\"https:\/\/gaudiumetspes-blog.pl\/\",\"name\":\"Gaudium Et Spes\",\"description\":\"Blog Ks. Jacka Ja\u015bkowskiego\",\"potentialAction\":[{\"@type\":\"SearchAction\",\"target\":{\"@type\":\"EntryPoint\",\"urlTemplate\":\"https:\/\/gaudiumetspes-blog.pl\/?s={search_term_string}\"},\"query-input\":{\"@type\":\"PropertyValueSpecification\",\"valueRequired\":true,\"valueName\":\"search_term_string\"}}],\"inLanguage\":\"pl-PL\"},{\"@type\":\"Person\",\"@id\":\"https:\/\/gaudiumetspes-blog.pl\/#\/schema\/person\/1661982992b752dea8dff0d4ed845a65\",\"name\":\"Ks. Jacek\",\"image\":{\"@type\":\"ImageObject\",\"inLanguage\":\"pl-PL\",\"@id\":\"https:\/\/gaudiumetspes-blog.pl\/#\/schema\/person\/image\/\",\"url\":\"https:\/\/gaudiumetspes-blog.pl\/wp-content\/uploads\/2019\/07\/avatar-JJ-150x150.jpg\",\"contentUrl\":\"https:\/\/gaudiumetspes-blog.pl\/wp-content\/uploads\/2019\/07\/avatar-JJ-150x150.jpg\",\"caption\":\"Ks. Jacek\"},\"description\":\"Witam serdecznie! K\u0142ania si\u0119 Ks. Jacek Ja\u015bkowski. Nie jestem ani kim\u015b wa\u017cnym, ani kim\u015b znanym. Jestem ksi\u0119dzem, kt\u00f3ry po prostu chce rozmawia\u0107. Codzienna kap\u0142a\u0144ska pos\u0142uga pokazuje mi, \u017ce temat\u00f3w do rozm\u00f3w z ksi\u0119dzem jest coraz wi\u0119cej i dzisiaj \u017caden ksi\u0105dz nie mo\u017ce od nich ucieka\u0107, ale - wprost przeciwnie - podejmowa\u0107 nowe wyzwania. To przekonanie sk\u0142oni\u0142o mnie do pr\u00f3by otwarcia tego\u017c bloga, chocia\u017c okazji do rozm\u00f3w na co dzie\u0144 - w konfesjonale i poza nim - na szcz\u0119\u015bcie nie brakuje. My\u015bl\u0119 jednak, \u017ce ten blog b\u0119dzie jeszcze jednym sposobem i przestrzeni\u0105 nawi\u0105zania kontaktu z lud\u017ami dobrej woli, otwartymi na dialog.\",\"url\":\"https:\/\/gaudiumetspes-blog.pl\/index.php\/author\/ks-jacek\/\"}]}<\/script>\n<!-- \/ Yoast SEO plugin. -->","yoast_head_json":{"title":"Jak szczeni\u0119ta ze sto\u0142u pan\u00f3w... - Gaudium Et Spes","robots":{"index":"index","follow":"follow","max-snippet":"max-snippet:-1","max-image-preview":"max-image-preview:large","max-video-preview":"max-video-preview:-1"},"canonical":"https:\/\/gaudiumetspes-blog.pl\/index.php\/2020\/08\/05\/jak-szczenieta-ze-stolu-panow\/","og_locale":"pl_PL","og_type":"article","og_title":"Jak szczeni\u0119ta ze sto\u0142u pan\u00f3w... - Gaudium Et Spes","og_description":"Szcz\u0119\u015b\u0107 Bo\u017ce! Moi Drodzy, w dniu dzisiejszym rocznic\u0119 zawarcia sakramentalnego Ma\u0142\u017ce\u0144stwa prze\u017cywaj\u0105 Ma\u0142gorzata i Pawe\u0142 Chalimoniukowie, czyli Siostra mojego Szwagra i Jej M\u0105\u017c. \u017bycz\u0119 drogim Jubilatom, by ka\u017cdego dnia coraz bardziej odkrywali pi\u0119kno \u017cycia ma\u0142\u017ce\u0144skiego i rodzicielskiego \u2013 i umacniali si\u0119 we wzajemnej mi\u0142o\u015bci. Zapewniam o modlitwie! Moi Drodzy, nasze spotkania w O\u015brodku Duszpasterstwa Akademickiego [&hellip;]","og_url":"https:\/\/gaudiumetspes-blog.pl\/index.php\/2020\/08\/05\/jak-szczenieta-ze-stolu-panow\/","og_site_name":"Gaudium Et Spes","article_published_time":"2020-08-05T05:46:51+00:00","author":"Ks. Jacek","twitter_card":"summary_large_image","twitter_misc":{"Napisane przez":"Ks. Jacek","Szacowany czas czytania":"7 minut"},"schema":{"@context":"https:\/\/schema.org","@graph":[{"@type":"WebPage","@id":"https:\/\/gaudiumetspes-blog.pl\/index.php\/2020\/08\/05\/jak-szczenieta-ze-stolu-panow\/","url":"https:\/\/gaudiumetspes-blog.pl\/index.php\/2020\/08\/05\/jak-szczenieta-ze-stolu-panow\/","name":"Jak szczeni\u0119ta ze sto\u0142u pan\u00f3w... - Gaudium Et Spes","isPartOf":{"@id":"https:\/\/gaudiumetspes-blog.pl\/#website"},"datePublished":"2020-08-05T05:46:51+00:00","author":{"@id":"https:\/\/gaudiumetspes-blog.pl\/#\/schema\/person\/1661982992b752dea8dff0d4ed845a65"},"breadcrumb":{"@id":"https:\/\/gaudiumetspes-blog.pl\/index.php\/2020\/08\/05\/jak-szczenieta-ze-stolu-panow\/#breadcrumb"},"inLanguage":"pl-PL","potentialAction":[{"@type":"ReadAction","target":["https:\/\/gaudiumetspes-blog.pl\/index.php\/2020\/08\/05\/jak-szczenieta-ze-stolu-panow\/"]}]},{"@type":"BreadcrumbList","@id":"https:\/\/gaudiumetspes-blog.pl\/index.php\/2020\/08\/05\/jak-szczenieta-ze-stolu-panow\/#breadcrumb","itemListElement":[{"@type":"ListItem","position":1,"name":"Strona g\u0142\u00f3wna","item":"https:\/\/gaudiumetspes-blog.pl\/"},{"@type":"ListItem","position":2,"name":"Jak szczeni\u0119ta ze&nbsp;sto\u0142u pan\u00f3w&#8230;"}]},{"@type":"WebSite","@id":"https:\/\/gaudiumetspes-blog.pl\/#website","url":"https:\/\/gaudiumetspes-blog.pl\/","name":"Gaudium Et Spes","description":"Blog Ks. Jacka Ja\u015bkowskiego","potentialAction":[{"@type":"SearchAction","target":{"@type":"EntryPoint","urlTemplate":"https:\/\/gaudiumetspes-blog.pl\/?s={search_term_string}"},"query-input":{"@type":"PropertyValueSpecification","valueRequired":true,"valueName":"search_term_string"}}],"inLanguage":"pl-PL"},{"@type":"Person","@id":"https:\/\/gaudiumetspes-blog.pl\/#\/schema\/person\/1661982992b752dea8dff0d4ed845a65","name":"Ks. Jacek","image":{"@type":"ImageObject","inLanguage":"pl-PL","@id":"https:\/\/gaudiumetspes-blog.pl\/#\/schema\/person\/image\/","url":"https:\/\/gaudiumetspes-blog.pl\/wp-content\/uploads\/2019\/07\/avatar-JJ-150x150.jpg","contentUrl":"https:\/\/gaudiumetspes-blog.pl\/wp-content\/uploads\/2019\/07\/avatar-JJ-150x150.jpg","caption":"Ks. Jacek"},"description":"Witam serdecznie! K\u0142ania si\u0119 Ks. Jacek Ja\u015bkowski. Nie jestem ani kim\u015b wa\u017cnym, ani kim\u015b znanym. Jestem ksi\u0119dzem, kt\u00f3ry po prostu chce rozmawia\u0107. Codzienna kap\u0142a\u0144ska pos\u0142uga pokazuje mi, \u017ce temat\u00f3w do rozm\u00f3w z ksi\u0119dzem jest coraz wi\u0119cej i dzisiaj \u017caden ksi\u0105dz nie mo\u017ce od nich ucieka\u0107, ale - wprost przeciwnie - podejmowa\u0107 nowe wyzwania. To przekonanie sk\u0142oni\u0142o mnie do pr\u00f3by otwarcia tego\u017c bloga, chocia\u017c okazji do rozm\u00f3w na co dzie\u0144 - w konfesjonale i poza nim - na szcz\u0119\u015bcie nie brakuje. My\u015bl\u0119 jednak, \u017ce ten blog b\u0119dzie jeszcze jednym sposobem i przestrzeni\u0105 nawi\u0105zania kontaktu z lud\u017ami dobrej woli, otwartymi na dialog.","url":"https:\/\/gaudiumetspes-blog.pl\/index.php\/author\/ks-jacek\/"}]}},"jetpack_featured_media_url":"","jetpack_sharing_enabled":true,"_links":{"self":[{"href":"https:\/\/gaudiumetspes-blog.pl\/index.php\/wp-json\/wp\/v2\/posts\/17521","targetHints":{"allow":["GET"]}}],"collection":[{"href":"https:\/\/gaudiumetspes-blog.pl\/index.php\/wp-json\/wp\/v2\/posts"}],"about":[{"href":"https:\/\/gaudiumetspes-blog.pl\/index.php\/wp-json\/wp\/v2\/types\/post"}],"author":[{"embeddable":true,"href":"https:\/\/gaudiumetspes-blog.pl\/index.php\/wp-json\/wp\/v2\/users\/1"}],"replies":[{"embeddable":true,"href":"https:\/\/gaudiumetspes-blog.pl\/index.php\/wp-json\/wp\/v2\/comments?post=17521"}],"version-history":[{"count":1,"href":"https:\/\/gaudiumetspes-blog.pl\/index.php\/wp-json\/wp\/v2\/posts\/17521\/revisions"}],"predecessor-version":[{"id":17522,"href":"https:\/\/gaudiumetspes-blog.pl\/index.php\/wp-json\/wp\/v2\/posts\/17521\/revisions\/17522"}],"wp:attachment":[{"href":"https:\/\/gaudiumetspes-blog.pl\/index.php\/wp-json\/wp\/v2\/media?parent=17521"}],"wp:term":[{"taxonomy":"category","embeddable":true,"href":"https:\/\/gaudiumetspes-blog.pl\/index.php\/wp-json\/wp\/v2\/categories?post=17521"},{"taxonomy":"post_tag","embeddable":true,"href":"https:\/\/gaudiumetspes-blog.pl\/index.php\/wp-json\/wp\/v2\/tags?post=17521"}],"curies":[{"name":"wp","href":"https:\/\/api.w.org\/{rel}","templated":true}]}}