{"id":17585,"date":"2020-08-15T06:36:40","date_gmt":"2020-08-15T04:36:40","guid":{"rendered":"https:\/\/gaudiumetspes-blog.pl\/?p=17585"},"modified":"2020-08-15T08:14:30","modified_gmt":"2020-08-15T06:14:30","slug":"daj-nam-lepszy-czas-daj-nam-lepszy-swiat","status":"publish","type":"post","link":"https:\/\/gaudiumetspes-blog.pl\/index.php\/2020\/08\/15\/daj-nam-lepszy-czas-daj-nam-lepszy-swiat\/","title":{"rendered":"Daj nam lepszy czas &#8211; daj nam lepszy \u015bwiat!"},"content":{"rendered":"<p align=\"justify\"><span style=\"color: #000000;\"><span style=\"font-family: Book Antiqua, serif;\"><span style=\"font-size: large;\">Niech b\u0119dzie pochwalony Jezus Chrystus! Moi Drodzy, pozw\u00f3lcie, \u017ce wi\u0119cej s\u0142\u00f3w we wst\u0119pie pojawi si\u0119 jutro \u2013 w tym tak\u017ce podzi\u0119kowanie Ksi\u0119dzu Markowi za wczorajsze s\u0142\u00f3wko \u2013 bo czas w Opatowie, gdzie w\u0142a\u015bnie jestem, p\u0142ynie szybko i jest intensywny. Dlatego zamieszczam s\u0142owo, jakie b\u0119d\u0119 dzi\u015b wyg\u0142asza\u0142 tutaj przez ca\u0142y dzie\u0144, a jutro postaram si\u0119 napisa\u0107, co i jak. Tytu\u0142 dzisiejszego wpisu to g\u0142\u00f3wne has\u0142o tych trzech dni w Opatowie.<\/span><\/span><\/span><\/p>\n<p align=\"justify\"><span style=\"color: #000000;\"><span style=\"font-family: Book Antiqua, serif;\"><span style=\"font-size: large;\">Przypomn\u0119 tylko, \u017ce dzisiaj wszyscy mamy obowi\u0105zek uczestniczenia we Mszy \u015awi\u0119tej!<\/span><\/span><\/span><\/p>\n<p align=\"justify\"><span style=\"color: #000000;\"><span style=\"font-family: Book Antiqua, serif;\"><span style=\"font-size: large;\"><b>Niech Was b\u0142ogos\u0142awi B\u00f3g Wszechmog\u0105cy: Ojciec + i Syn, i Duch \u015awi\u0119ty. Amen<\/b><\/span><\/span><\/span><\/p>\n<p align=\"center\"><span style=\"color: #000000;\"><span style=\"font-family: Book Antiqua, serif;\"><span style=\"font-size: large;\">Gaudium et spes! Ks. Jacek<\/span><\/span><\/span><\/p>\n<p align=\"center\">\n<p align=\"center\">\n<p align=\"center\">\n<p align=\"center\">\n<p align=\"center\">\n<p align=\"justify\"><span style=\"color: #000000;\"><span style=\"font-family: Book Antiqua, serif;\"><span style=\"font-size: large;\"><b>TRIDUUM ODPUSTOWE<\/b><\/span><\/span><\/span><\/p>\n<p align=\"justify\"><span style=\"color: #000000;\"><span style=\"font-family: Book Antiqua, serif;\"><span style=\"font-size: large;\"><b>w Parafii Wniebowzi\u0119cia NMP w Opatowie,<\/b><\/span><\/span><\/span><\/p>\n<p align=\"justify\"><span style=\"color: #000000;\"><span style=\"font-family: Book Antiqua, serif;\"><span style=\"font-size: large;\"><b>Uroczysto\u015b\u0107 Wniebowzi\u0119cia NMP \u2013 15 sierpnia 2020.,<\/b><\/span><\/span><\/span><\/p>\n<p align=\"justify\"><span style=\"color: #000000;\"><span style=\"font-family: Book Antiqua, serif;\"><span style=\"font-size: large;\"><b>do czyta\u0144 z t. VI Lekcjonarza: <\/b><\/span><\/span><\/span><\/p>\n<p align=\"justify\"><span style=\"color: #000000;\"> <span style=\"font-family: Book Antiqua, serif;\"><span style=\"font-size: large;\"><b>Ap 11,19a;12,1.3\u20136a.10<\/b><\/span><\/span><span style=\"font-family: Book Antiqua, serif;\"><span style=\"font-size: large;\"><b>ab; 1 Kor 15,20\u201326; \u0141k 1,39\u201356<\/b><\/span><\/span><\/span><\/p>\n<p align=\"justify\"><span style=\"color: #000000;\"><span style=\"font-family: Book Antiqua, serif;\"><span style=\"font-size: large;\"><b>DZIE\u0143 3 \u2013 MSZA \u015aWI\u0118TA<\/b><\/span><\/span><\/span><\/p>\n<p align=\"justify\">\n<p align=\"justify\">\n<p align=\"justify\">\n<p align=\"justify\">\n<p align=\"justify\">\n<p align=\"justify\"><span style=\"color: #000000;\"><span style=\"font-family: Book Antiqua, serif;\"><span style=\"font-size: large;\"><b>CZYTANIE Z KSI\u0118GI APOKALIPSY \u015aWI\u0118TEGO JANA APOSTO\u0141A:<\/b><\/span><\/span><\/span><\/p>\n<p align=\"justify\"><span style=\"color: #000000;\"><span style=\"font-family: Book Antiqua, serif;\"><span style=\"font-size: large;\"><b>\u015awi\u0105tynia Boga w niebie si\u0119 otwar\u0142a i Arka Jego Przymierza ukaza\u0142a si\u0119 w Jego \u015bwi\u0105tyni. Potem ukaza\u0142 si\u0119 wielki znak na niebie: Niewiasta obleczona w s\u0142o\u0144ce i ksi\u0119\u017cyc pod jej stopami, a na jej g\u0142owie wieniec z gwiazd dwunastu.<\/b><\/span><\/span><\/span><\/p>\n<p align=\"justify\"><span style=\"color: #000000;\"><span style=\"font-family: Book Antiqua, serif;\"><span style=\"font-size: large;\"><b>Ukaza\u0142 si\u0119 te\u017c inny znak na niebie: Oto wielki Smok ognisty, ma siedem g\u0142\u00f3w i dziesi\u0119\u0107 rog\u00f3w, a na g\u0142owach siedem diadem\u00f3w. Ogon jego zmiata trzeci\u0105 cz\u0119\u015b\u0107 gwiazd z nieba i rzuci\u0142 je na ziemi\u0119. Smok stan\u0105\u0142 przed maj\u0105c\u0105 urodzi\u0107 Niewiast\u0105, a\u017ceby skoro tylko porodzi, po\u017cre\u0107 jej Dziecko.<\/b><\/span><\/span><\/span><\/p>\n<p align=\"justify\"><span style=\"color: #000000;\"><span style=\"font-family: Book Antiqua, serif;\"><span style=\"font-size: large;\"><b>I porodzi\u0142a Syna \u2013 M\u0119\u017cczyzn\u0119, kt\u00f3ry b\u0119dzie pas\u0142 wszystkie narody r\u00f3zg\u0105 \u017celazn\u0105. Dziecko jej zosta\u0142o porwane do Boga i do Jego tronu. Niewiasta za\u015b zbieg\u0142a na pustyni\u0119, gdzie ma miejsce przygotowane przez Boga.<\/b><\/span><\/span><\/span><\/p>\n<p align=\"justify\"><span style=\"color: #000000;\"><span style=\"font-family: Book Antiqua, serif;\"><span style=\"font-size: large;\"><b>I us\u0142ysza\u0142em dono\u015bny g\u0142os m\u00f3wi\u0105cy w niebie: \u201eTeraz nasta\u0142o zbawienie, pot\u0119ga i kr\u00f3lowanie Boga naszego i w\u0142adza Jego Pomaza\u0144ca\u201d.<\/b><\/span><\/span><\/span><\/p>\n<p align=\"justify\">\n<p align=\"justify\">\n<p align=\"justify\">\n<p align=\"justify\">\n<p align=\"justify\">\n<p align=\"justify\"><span style=\"color: #000000;\"><span style=\"font-family: Book Antiqua, serif;\"><span style=\"font-size: large;\"><b>CZYTANIE Z PIERWSZEGO LISTU \u015aWI\u0118TEGO PAW\u0141A APOSTO\u0141A DO KORYNTIAN:<\/b><\/span><\/span><\/span><\/p>\n<p align=\"justify\"><span style=\"color: #000000;\"><span style=\"font-family: Book Antiqua, serif;\"><span style=\"font-size: large;\"><b>Bracia: Chrystus zmartwychwsta\u0142 jako pierwszy spo\u015br\u00f3d tych, co pomarli. Poniewa\u017c bowiem przez cz\u0142owieka przysz\u0142a \u015bmier\u0107, przez cz\u0142owieka te\u017c dokona si\u0119 zmartwychwstanie. I jak w Adamie wszyscy umieraj\u0105, tak te\u017c w Chrystusie wszyscy b\u0119d\u0105 o\u017cywieni, lecz ka\u017cdy wed\u0142ug w\u0142asnej kolejno\u015bci. Chrystus jako pierwszy, potem ci, co nale\u017c\u0105 do Chrystusa, w czasie Jego przyj\u015bcia. Wreszcie nast\u0105pi koniec, gdy przeka\u017ce kr\u00f3lowanie Bogu i Ojcu i gdy pokona wszelk\u0105 Zwierzchno\u015b\u0107, W\u0142adz\u0119 i Moc.<\/b><\/span><\/span><\/span><\/p>\n<p align=\"justify\"><span style=\"color: #000000;\"><span style=\"font-family: Book Antiqua, serif;\"><span style=\"font-size: large;\"><b>Trzeba bowiem, a\u017ceby kr\u00f3lowa\u0142, a\u017c po\u0142o\u017cy wszystkich nieprzyjaci\u00f3\u0142 pod swoje stopy. Jako ostatni wr\u00f3g, zostanie pokonana \u015bmier\u0107.<\/b><\/span><\/span><\/span><\/p>\n<p align=\"justify\">\n<p align=\"justify\">\n<p align=\"justify\">\n<p align=\"justify\">\n<p align=\"justify\">\n<p align=\"justify\"><span style=\"color: #000000;\"><span style=\"font-family: Book Antiqua, serif;\"><span style=\"font-size: large;\"><b>S\u0141OWA EWANGELII WED\u0141UG \u015aWI\u0118TEGO \u0141UKASZA:<\/b><\/span><\/span><\/span><\/p>\n<p align=\"justify\"><span style=\"color: #000000;\"><span style=\"font-family: Book Antiqua, serif;\"><span style=\"font-size: large;\"><b>W tym czasie Maryja wybra\u0142a si\u0119 i posz\u0142a z po\u015bpiechem w g\u00f3ry do pewnego miasta w pokoleniu Judy. Wesz\u0142a do domu Zachariasza i pozdrowi\u0142a El\u017cbiet\u0119.<\/b><\/span><\/span><\/span><\/p>\n<p align=\"justify\"><span style=\"color: #000000;\"><span style=\"font-family: Book Antiqua, serif;\"><span style=\"font-size: large;\"><b>Gdy El\u017cbieta us\u0142ysza\u0142a pozdrowienie Maryi, poruszy\u0142o si\u0119 dzieci\u0105tko w jej \u0142onie, a Duch \u015awi\u0119ty nape\u0142ni\u0142 El\u017cbiet\u0119. Wyda\u0142a ona okrzyk i powiedzia\u0142a:<\/b><\/span><\/span><\/span><\/p>\n<p align=\"justify\"><span style=\"color: #000000;\">\u201e<span style=\"font-family: Book Antiqua, serif;\"><span style=\"font-size: large;\"><b>B\u0142ogos\u0142awiona jeste\u015b mi\u0119dzy niewiastami i b\u0142ogos\u0142awiony jest owoc Twojego \u0142ona. A sk\u0105d\u017ce mi to, \u017ce Matka mojego Pana przychodzi do mnie? Oto, skoro g\u0142os Twego pozdrowienia zabrzmia\u0142 w moich uszach, poruszy\u0142o si\u0119 z rado\u015bci dzieci\u0105tko w moim \u0142onie. B\u0142ogos\u0142awiona jeste\u015b, kt\u00f3ra\u015b uwierzy\u0142a, \u017ce spe\u0142ni\u0105 si\u0119 s\u0142owa powiedziane Ci od Pana\u201d.<\/b><\/span><\/span><\/span><\/p>\n<p align=\"justify\"><span style=\"color: #000000;\"><span style=\"font-family: Book Antiqua, serif;\"><span style=\"font-size: large;\"><b>Wtedy Maryja rzek\u0142a:<\/b><\/span><\/span><\/span><\/p>\n<p align=\"justify\"><span style=\"color: #000000;\">\u201e<span style=\"font-family: Book Antiqua, serif;\"><span style=\"font-size: large;\"><b>Wielbi dusza moja Pana,<\/b><\/span><\/span><\/span><\/p>\n<p align=\"justify\"><span style=\"color: #000000;\"><span style=\"font-family: Book Antiqua, serif;\"><span style=\"font-size: large;\"><b>i raduje si\u0119 duch m\u00f3j w Bogu, Zbawcy moim.<\/b><\/span><\/span><\/span><\/p>\n<p align=\"justify\"><span style=\"color: #000000;\"><span style=\"font-family: Book Antiqua, serif;\"><span style=\"font-size: large;\"><b>Bo wejrza\u0142 na uni\u017cenie swojej s\u0142u\u017cebnicy.<\/b><\/span><\/span><\/span><\/p>\n<p align=\"justify\"><span style=\"color: #000000;\"><span style=\"font-family: Book Antiqua, serif;\"><span style=\"font-size: large;\"><b>Oto bowiem odt\u0105d b\u0142ogos\u0142awi\u0107 mnie b\u0119d\u0105<\/b><\/span><\/span><\/span><\/p>\n<p align=\"justify\"><span style=\"color: #000000;\"><span style=\"font-family: Book Antiqua, serif;\"><span style=\"font-size: large;\"><b>wszystkie pokolenia.<\/b><\/span><\/span><\/span><\/p>\n<p align=\"justify\"><span style=\"color: #000000;\"><span style=\"font-family: Book Antiqua, serif;\"><span style=\"font-size: large;\"><b>Gdy\u017c wielkie rzeczy uczyni\u0142 mi Wszechmocny,<\/b><\/span><\/span><\/span><\/p>\n<p align=\"justify\"><span style=\"color: #000000;\"><span style=\"font-family: Book Antiqua, serif;\"><span style=\"font-size: large;\"><b>\u015bwi\u0119te jest imi\u0119 Jego.<\/b><\/span><\/span><\/span><\/p>\n<p align=\"justify\"><span style=\"color: #000000;\"><span style=\"font-family: Book Antiqua, serif;\"><span style=\"font-size: large;\"><b>A Jego mi\u0142osierdzie z pokolenia na pokolenie<\/b><\/span><\/span><\/span><\/p>\n<p align=\"justify\"><span style=\"color: #000000;\"><span style=\"font-family: Book Antiqua, serif;\"><span style=\"font-size: large;\"><b>nad tymi, kt\u00f3rzy si\u0119 Go boj\u0105.<\/b><\/span><\/span><\/span><\/p>\n<p align=\"justify\"><span style=\"color: #000000;\"><span style=\"font-family: Book Antiqua, serif;\"><span style=\"font-size: large;\"><b>Okaza\u0142 moc swego ramienia,<\/b><\/span><\/span><\/span><\/p>\n<p align=\"justify\"><span style=\"color: #000000;\"><span style=\"font-family: Book Antiqua, serif;\"><span style=\"font-size: large;\"><b>rozproszy\u0142 pyszni\u0105cych si\u0119 zamys\u0142ami serc swoich.<\/b><\/span><\/span><\/span><\/p>\n<p align=\"justify\"><span style=\"color: #000000;\"><span style=\"font-family: Book Antiqua, serif;\"><span style=\"font-size: large;\"><b>Str\u0105ci\u0142 w\u0142adc\u00f3w z tronu, a wywy\u017cszy\u0142 pokornych.<\/b><\/span><\/span><\/span><\/p>\n<p align=\"justify\"><span style=\"color: #000000;\"><span style=\"font-family: Book Antiqua, serif;\"><span style=\"font-size: large;\"><b>G\u0142odnych nasyci\u0142 dobrami, a bogatych z niczym odprawi\u0142.<\/b><\/span><\/span><\/span><\/p>\n<p align=\"justify\"><span style=\"color: #000000;\"><span style=\"font-family: Book Antiqua, serif;\"><span style=\"font-size: large;\"><b>Uj\u0105\u0142 si\u0119 za swoim s\u0142ug\u0105, Izraelem,<\/b><\/span><\/span><\/span><\/p>\n<p align=\"justify\"><span style=\"color: #000000;\"><span style=\"font-family: Book Antiqua, serif;\"><span style=\"font-size: large;\"><b>pomny na swe mi\u0142osierdzie.<\/b><\/span><\/span><\/span><\/p>\n<p align=\"justify\"><span style=\"color: #000000;\"><span style=\"font-family: Book Antiqua, serif;\"><span style=\"font-size: large;\"><b>Jak obieca\u0142 naszym ojcom,<\/b><\/span><\/span><\/span><\/p>\n<p align=\"justify\"><span style=\"color: #000000;\"><span style=\"font-family: Book Antiqua, serif;\"><span style=\"font-size: large;\"><b>Abrahamowi i jego potomstwu na wieki\u201d.<\/b><\/span><\/span><\/span><\/p>\n<p align=\"justify\">\n<p align=\"justify\">\n<p align=\"justify\">\n<p align=\"justify\">\n<p align=\"justify\">\n<p align=\"justify\"><span style=\"color: #000000;\"><span style=\"font-family: Book Antiqua, serif;\"><span style=\"font-size: large;\">Pismo \u015awi\u0119te nie dysponuje <b>\u017cadnym zapisem, kt\u00f3ry by wprost m\u00f3wi\u0142<\/b> o Wniebowzi\u0119ciu Maryi. Prawd\u0119 t\u0119 og\u0142osi\u0142 jako dogmat wiary Papie\u017c Pius XII, w dniu 1 listopada 1950 roku, w Konstytucji apostolskiej \u201eMunificentissimus Deus\u201d, takimi oto s\u0142owami: <b>\u201e\u2026 <\/b><b>powag\u0105 Pana naszego Jezusa Chrystusa, \u015bwi\u0119tych Aposto\u0142\u00f3w Piotra i Paw\u0142a i Nasz\u0105, og\u0142aszamy, orzekamy i okre\u015blamy jako dogmat objawiony przez Boga: \u017ce Niepokalana Matka Boga, Maryja zawsze Dziewica, po zako\u0144czeniu ziemskiego \u017cycia z dusz\u0105 i cia\u0142em zosta\u0142a wzi\u0119ta do chwa\u0142y niebieskiej\u201d. <\/b><\/span><\/span><\/span><\/p>\n<p align=\"justify\"><span style=\"color: #000000;\"><span style=\"font-family: Book Antiqua, serif;\"><span style=\"font-size: large;\">W ten spos\u00f3b \u2013 je\u015bli tak mo\u017cna powiedzie\u0107 \u2013 <b>potwierdzi\u0142 i uprawomocni\u0142 powszechne przekonanie,<\/b> jakie wierni Ko\u015bcio\u0142a nosili w sercach i na r\u00f3\u017cne sposoby wyra\u017cali ju\u017c od pierwszych wiek\u00f3w chrze\u015bcija\u0144stwa! Dlatego te\u017c teksty biblijne, kt\u00f3re dzi\u015b odczytali\u015bmy, w spos\u00f3b po\u015bredni poruszaj\u0105 te sprawy, kieruj\u0105c jednak <b>ca\u0142\u0105 nasz\u0105 uwag\u0119 ku Niebu,<\/b> b\u0119d\u0105cemu celem naszych wszystkich d\u0105\u017ce\u0144, oraz ku osobie Naj\u015bwi\u0119tszej Maryi Panny.<\/span><\/span><\/span><\/p>\n<p align=\"justify\"><span style=\"color: #000000;\"><span style=\"font-family: Book Antiqua, serif;\"><span style=\"font-size: large;\">I tak oto w wizji, jak\u0105 \u015awi\u0119ty Jan otrzyma\u0142 na wyspie Patmos i nast\u0119pnie zapisa\u0142 w swojej Apokalipsie, ujrza\u0142, jak <i><b>\u015awi\u0105tynia Boga w niebie si\u0119 otwar\u0142a i Arka Jego Przymierza ukaza\u0142a si\u0119 w Jego \u015bwi\u0105tyni. Potem ukaza\u0142 si\u0119 wielki znak na niebie: Niewiasta obleczona w s\u0142o\u0144ce i ksi\u0119\u017cyc pod jej stopami, a na jej g\u0142owie wieniec z gwiazd dwunastu.<\/b><\/i> Pot\u0119\u017cny i majestatyczny ten opis. W postaci Niewiasty wyra\u017anie dostrzegamy rysy Maryi, Matki Syna \u2013 M\u0119\u017cczyzny, <i><b>kt\u00f3ry b\u0119dzie pas\u0142 wszystkie narody r\u00f3zg\u0105 \u017celazn\u0105.<\/b><\/i><b> <\/b>To Niewiasta wielka i pot\u0119\u017cna, w jej obrazie widzimy pot\u0119g\u0119 Kr\u00f3lowej Niebios. <\/span><\/span><\/span><\/p>\n<p align=\"justify\"><span style=\"color: #000000;\"><span style=\"font-family: Book Antiqua, serif;\"><span style=\"font-size: large;\">W drugim czytaniu w og\u00f3le <b>nie pada imi\u0119 Maryi.<\/b> Ale dostrzegamy po\u015bredni\u0105 wzmiank\u0119 o Niej w tych oto s\u0142owach Aposto\u0142a Paw\u0142a, pisz\u0105cego do wiernych Koryntu, i\u017c <i><b>w Chrystusie wszyscy b\u0119d\u0105 o\u017cywieni, lecz ka\u017cdy wed\u0142ug w\u0142asnej kolejno\u015bci. Chrystus jako<\/b><\/i><b> <\/b><i><b>pierwszy, potem ci, co nale\u017c\u0105 do Chrystusa, w czasie Jego przyj\u015bcia.<\/b><\/i><b> <\/b>I w\u0142a\u015bnie w\u015br\u00f3d tych, <i><b>co nale\u017c\u0105 do Chrystusa, w czasie Jego przyj\u015bcia, <\/b><\/i>dostrzegamy jako pierwsz\u0105 Maryj\u0119, bo nikt bardziej nie nale\u017ca\u0142 do Chrystusa, jak Ona. <\/span><\/span><\/span><\/p>\n<p align=\"justify\"><span style=\"color: #000000;\"><span style=\"font-family: Book Antiqua, serif;\"><span style=\"font-size: large;\">A Ewangelia \u0142\u0105czy w sobie dwa obrazy Maryi: najpierw ukazuj\u0119 j\u0105 jako <b>m\u0142odsz\u0105 Krewn\u0105 El\u017cbiety,<\/b> zatroskan\u0105 o jej stan, skoro si\u0119 okaza\u0142o, \u017ce w podesz\u0142ym wieku ma zosta\u0107 matk\u0105. W\u00f3wczas Maryja \u2013 cho\u0107 sama w stanie b\u0142ogos\u0142awionym \u2013 wyrusza w <b>d\u0142ug\u0105 i z pewno\u015bci\u0105 m\u0119cz\u0105c\u0105 drog\u0119, <\/b>aby swojej Krewnej pos\u0142u\u017cy\u0107. Widzimy j\u0105 wi\u0119c jako <b>S\u0142u\u017cebnic\u0119 pokorn\u0105,<\/b> oddan\u0105 bez reszty niesieniu wsparcia, pe\u0142nego mi\u0142o\u015bci. <\/span><\/span><\/span><\/p>\n<p align=\"justify\"><span style=\"color: #000000;\"><span style=\"font-family: Book Antiqua, serif;\"><span style=\"font-size: large;\">Kiedy jednak przekracza pr\u00f3g domu El\u017cbiety, ta \u2013 natchniona wewn\u0119trznie przez Boga \u2013 wita Maryj\u0119 nie jako m\u0142odsz\u0105 Kuzynk\u0119, ale jako <b>\u00ab<\/b><b>Matk\u0119 Pana swojego<\/b><b>\u00bb<\/b><b>.<\/b> Zwraca si\u0119 do Niej przepi\u0119knymi s\u0142owami, kt\u00f3re potem wierni Ko\u015bcio\u0142a powtarza\u0107 b\u0119d\u0105 przez wszystkie wieki we wszystkich j\u0119zykach na \u015bwiecie: <i><b>B\u0142ogos\u0142awiona jeste\u015b mi\u0119dzy niewiastami i b\u0142ogos\u0142awiony jest owoc Twojego \u0142ona.<\/b><\/i><b> <\/b><\/span><\/span><\/span><\/p>\n<p align=\"justify\"><span style=\"color: #000000;\"><span style=\"font-family: Book Antiqua, serif;\"><span style=\"font-size: large;\">Maryja \u2013 jak s\u0142yszymy \u2013 przyjmuje to powitanie, nie od\u017cegnuje si\u0119 od tego, nie uderza w jak\u0105\u015b fa\u0142szyw\u0105 pokor\u0119, ale <b>przekierowuje ca\u0142\u0105 spraw\u0119<\/b> na inne tory \u2013 na tory Bo\u017ce! To nie Ona jest w centrum \u2013 to B\u00f3g jest w centrum! I nawet, kiedy odpowiadaj\u0105c na powitanie El\u017cbiety, wypowiada znamienne s\u0142owa: <i><b>Oto bowiem odt\u0105d b\u0142ogos\u0142awi\u0107 mnie b\u0119d\u0105 <\/b><\/i><i><b>wszystkie pokolenia,<\/b><\/i><b> <\/b>to z ca\u0142ym przekonaniem mo\u017cemy powiedzie\u0107, \u017ce to nie jest \u017cadna pycha. <\/span><\/span><\/span><\/p>\n<p align=\"justify\"><span style=\"color: #000000;\"><span style=\"font-family: Book Antiqua, serif;\"><span style=\"font-size: large;\">Nie, bo Maryja i wcze\u015bniej, i potem, wyra\u017anie wskazuje na Boga. M\u00f3wi: <i><b>Wielbi dusza moja Pana, <\/b><\/i><i><b>i raduje si\u0119 duch m\u00f3j w Bogu, Zbawcy moim. <\/b><\/i><i><b>Bo wejrza\u0142 na uni\u017cenie swojej s\u0142u\u017cebnicy. <\/b><\/i>A nast\u0119pnie: <i><b>Wielkie rzeczy uczyni\u0142 mi Wszechmocny, <\/b><\/i><i><b>\u015bwi\u0119te jest imi\u0119 Jego. A Jego mi\u0142osierdzie z pokolenia na pokolenie \u2013 nad tymi, kt\u00f3rzy si\u0119 Go boj\u0105. <\/b><\/i><\/span><\/span><\/span><\/p>\n<p align=\"justify\"><span style=\"color: #000000;\"><span style=\"font-family: Book Antiqua, serif;\"><span style=\"font-size: large;\">Zatem, to nie jest Jej zas\u0142ug\u0105, \u017ce takie wielkie rzeczy dokona\u0142y si\u0119 w Jej \u017cyciu i \u017ce wszystkie pokolenia rzeczywi\u015bcie b\u0119d\u0105 s\u0142awi\u0142y Jej chwa\u0142\u0119. To nie Jej zas\u0142uga \u2013 <b>to zas\u0142uga Boga,<\/b> kt\u00f3ry zechcia\u0142 J\u0105 wybra\u0107 i tak bardzo zaszczyci\u0107. Ona za\u015b \u2013 <b>zgodzi\u0142a si\u0119 na to, <\/b>podj\u0119\u0142a si\u0119 bardzo zaszczytnego, ale jednocze\u015bnie bardzo trudnego zadania: <b>bycia Matk\u0105 Zbawiciela,<\/b> towarzyszenia Mu cich\u0105 obecno\u015bci\u0105, modlitw\u0105, dobr\u0105 rad\u0105, ale tak\u017ce prze\u017cywania<b> Jego bolesnej M\u0119ki<\/b> <b>i<\/b> <b>straszliwej \u015amierci<\/b> w totalnym opuszczeniu. Ona si\u0119 na to wszystko zgodzi\u0142a. <\/span><\/span><\/span><\/p>\n<p align=\"justify\"><span style=\"color: #000000;\"><span style=\"font-family: Book Antiqua, serif;\"><span style=\"font-size: large;\">Tak szczerze m\u00f3wi\u0105c \u2013 to zadanie <b>nie do ud\u017awigni\u0119cia<\/b> przez jednego cz\u0142owieka. Na szcz\u0119\u015bcie, w \u017cyciu Maryi dzia\u0142a\u0142 B\u00f3g. A Ona Mu na to <b>w pe\u0142ni pozwoli\u0142a.<\/b> Odda\u0142a si\u0119 ca\u0142kowicie do Jego dyspozycji. B\u00f3g w Niej i przez Ni\u0105 <b>m\u00f3g\u0142 swobodnie dzia\u0142a\u0107<\/b> \u2013 do tego wr\u0119cz stopnia, \u017ce mo\u017cemy m\u00f3wi\u0107 <b>o jednym dzia\u0142aniu. <\/b>Przecie\u017c Maryja wszystko, co my\u015bla\u0142a, m\u00f3wi\u0142a i czyni\u0142a \u2013 wszystko to by\u0142o <b>w pe\u0142nej jedno\u015bci z Jezusem! <\/b>Ona Go nigdy sob\u0105 nie przes\u0142ania\u0142a. <\/span><\/span><\/span><\/p>\n<p align=\"justify\"><span style=\"color: #000000;\"><span style=\"font-family: Book Antiqua, serif;\"><span style=\"font-size: large;\">Kiedy o tym my\u015blimy, to przypomina si\u0119 sytuacja, w kt\u00f3rej pewne dziecko, wskazuj\u0105c na <b>posta\u0107 na witra\u017cu,<\/b> w oknie ko\u015bcio\u0142a, zapyta\u0142o mam\u0119, kto to jest. Mama, bez chwili namys\u0142u i cienia w\u0105tpliwo\u015bci, odpowiedzia\u0142a, <b>\u017ce to \u015bwi\u0119ty.<\/b> Na to dziecko skwitowa\u0142o spraw\u0119 kr\u00f3tko: \u201eA wi\u0119c \u015bwi\u0119ty to taki cz\u0142owiek, <b>przez kt\u00f3rego przechodzi \u015bwiat\u0142o!\u201d<\/b> <\/span><\/span><\/span><\/p>\n<p align=\"justify\"><span style=\"color: #000000;\"><span style=\"font-family: Book Antiqua, serif;\"><span style=\"font-size: large;\">Mo\u017cna powiedzie\u0107, \u017ce to <b>genialna definicja \u015bwi\u0119to\u015bci: <\/b>to takie oddanie si\u0119 do dyspozycji Boga, \u017ce niczym nie zaciemnia si\u0119 przed lud\u017ami Jego obrazu, <b>nie przes\u0142ania si\u0119 go samym sob\u0105.<\/b> Wprost przeciwnie, cz\u0142owiek \u015bwi\u0119ty niesie innym \u015bwiat\u0142o \u2013 ale nie sw\u00f3j jaki\u015b wydumany blask w\u0142asnej chwa\u0142y, <b>a \u015bwiat\u0142o Bo\u017ce! <\/b>Przez takiego cz\u0142owieka B\u00f3g <b>mo\u017ce swobodnie dzia\u0142a\u0107,<\/b> bo taki \u015bwi\u0119ty cz\u0142owiek jest \u2013 by tak rzec \u2013 <b>wr\u0119cz przezroczysty! <\/b><\/span><\/span><\/span><\/p>\n<p align=\"justify\"><span style=\"color: #000000;\"><span style=\"font-family: Book Antiqua, serif;\"><span style=\"font-size: large;\">Maryja tak\u0105 w\u0142a\u015bnie \u015awi\u0119t\u0105 by\u0142a i jest w spos\u00f3b najdoskonalszy. Ona jest wr\u0119cz przezroczysta, przez Jej \u017cycie i postaw\u0119 przebija Bo\u017ce \u015bwiat\u0142o \u2013 po prostu, <b>sam B\u00f3g przez Ni\u0105 m\u00f3wi i dzia\u0142a.<\/b> I dlatego wcale nie dziwimy si\u0119, \u017ce chcia\u0142 J\u0105 mie\u0107, w swoim Domu w Niebie \u2013 <b>z dusz\u0105 i cia\u0142em. <\/b>To by\u0142o wr\u0119cz oczywiste i logiczne! Tajemnica Wniebowzi\u0119cia <b>nie wynik\u0142a tak nagle, <\/b>z dnia na dzie\u0144. <\/span><\/span><\/span><\/p>\n<p align=\"justify\"><span style=\"color: #000000;\"><span style=\"font-family: Book Antiqua, serif;\"><span style=\"font-size: large;\">Maryja, \u017cyj\u0105c ju\u017c tu, na ziemi, wielokrotnie pokazywa\u0142a Bogu i ludziom, \u017ce tak naprawd\u0119 <b>\u017cyje zupe\u0142nie dla Boga<\/b> i \u017ce tak naprawd\u0119 \u2013 to B\u00f3g przez Ni\u0105 <b>\u017cyje i dzia\u0142a w\u015br\u00f3d ludzi. <\/b>Dlatego w \u017cyciu Maryi wszystko prowadzi\u0142o do Nieba, wszystko prowadzi\u0142o do Wniebowzi\u0119cia. Jeszcze raz podkre\u015blmy: <b>trudno si\u0119 dziwi\u0107 Bogu,<\/b> \u017ce tak w\u0142a\u015bnie chcia\u0142 uczci\u0107 Matk\u0119 swego Syna. Zaprawd\u0119, wielkie rzeczy uczyni\u0142 Jej Wszechmocny, <i><b>\u015bwi\u0119te jest Imi\u0119 Jego!<\/b><\/i><\/span><\/span><\/span><\/p>\n<p align=\"justify\"><span style=\"color: #000000;\"><span style=\"font-family: Book Antiqua, serif;\"><span style=\"font-size: large;\">I dlatego my dzisiaj, prze\u017cywaj\u0105c Uroczysto\u015b\u0107 Wniebowzi\u0119cia Naj\u015bwi\u0119tszej Maryi Panny \u2013 uroczysto\u015b\u0107 odpustow\u0105 w naszej Parafii, <b>imieniny Parafii <\/b>\u2013 wzywamy pomocy Maryi we wszystkich naszych potrzebach. Przyzywamy Jej wstawiennictwa przed Bogiem, szczeg\u00f3lnie w tej intencji, kt\u00f3r\u0105 uczynili\u015bmy sobie g\u0142\u00f3wn\u0105 my\u015bl\u0105 naszych refleksji i modlitw w ci\u0105gu tych trzech dni: <b>DAJ NAM LEPSZY CZAS \u2013 DAJ NAM LEPSZY \u015aWIAT!<\/b><\/span><\/span><\/span><\/p>\n<p align=\"justify\"><span style=\"color: #000000;\"><span style=\"font-family: Book Antiqua, serif;\"><span style=\"font-size: large;\">Oczywi\u015bcie, mamy na my\u015bli ca\u0142e to <b>zamieszanie, zwi\u0105zane z wirusem,<\/b> ale trudno nie widzie\u0107 wielu innych aspekt\u00f3w naszego \u017cycia \u2013 spo\u0142ecznego, politycznego, rodzinnego, ale tak\u017ce ko\u015bcielnego \u2013 <b>gdzie wkrad\u0142o si\u0119 zamieszanie<\/b> i ju\u017c nie bardzo wiadomo, kto co m\u00f3wi, a kto co my\u015bli; kto ma racj\u0119, a kto nie ma racji; kto m\u00f3wi prawd\u0119, a kto\u2026 nie do ko\u0144ca, albo zupe\u0142nie k\u0142amie\u2026 Ogarniamy to wszystko my\u015bl\u0105, chocia\u017c akurat <b>my\u015bl\u0105 trudno to ogarn\u0105\u0107,<\/b> dlatego <b>powierzamy to Bogu w modlitwie <\/b>\u2013 w\u0142a\u015bnie przez wstawiennictwo Matki Naj\u015bwi\u0119tszej, Wniebowzi\u0119tej Kr\u00f3lowej. <\/span><\/span><\/span><\/p>\n<p align=\"justify\"><span style=\"color: #000000;\"><span style=\"font-family: Book Antiqua, serif;\"><span style=\"font-size: large;\">Wzywamy Jej wstawiennictwa, a wspominaj\u0105c wspania\u0142\u0105 rocznic\u0119, jak\u0105 prze\u017cywamy dzi\u015b jako Nar\u00f3d: <b>setn\u0105 rocznic\u0119 Cudu nad Wis\u0142\u0105,<\/b> prosimy Maryj\u0119, aby wyprosi\u0142a nam <b>jeszcze jeden cud nad Wis\u0142\u0105!<\/b> Aby w naszej Ojczy\u017anie wreszcie zapanowa\u0142 porz\u0105dek \u2013 Bo\u017cy porz\u0105dek \u2013 aby ludzie <b>bardziej zaufali Bogu,<\/b> a nie samym sobie. I aby ci, kt\u00f3rzy siej\u0105 zam\u0119t i zgorszenie, kt\u00f3rzy epatuj\u0105 nienawi\u015bci\u0105 i sk\u0142\u00f3caj\u0105 jednych z drugimi \u2013 wreszcie zrozumieli, \u017ce <b>zmierzaj\u0105 wprost do przepa\u015bci,<\/b> dlatego oby jak najszybciej z tej drogi zawr\u00f3cili, p\u00f3ki jeszcze czas. <\/span><\/span><\/span><\/p>\n<p align=\"justify\"><span style=\"color: #000000;\"><span style=\"font-family: Book Antiqua, serif;\"><span style=\"font-size: large;\">I aby wygas\u0142y <b>wszystkie ogniska wszelkich wirus\u00f3w<\/b> \u2013 nie tylko tego, o kt\u00f3rym teraz w mediach najg\u0142o\u015bniej, ale wirus\u00f3w wszelkich grzech\u00f3w: <b>niezgody, wr\u0119cz wrogo\u015bci pomi\u0119dzy lud\u017ami;<\/b> ale tak\u017ce pija\u0144stwa i innych uzale\u017cnie\u0144; lekkomy\u015blno\u015bci, marnotrawstwa, egoizmu\u2026 Tak\u017ce, ogniska tych wszystkich wirus\u00f3w, kt\u00f3re niszcz\u0105 nasze ogniska rodzinne. <\/span><\/span><\/span><\/p>\n<p align=\"justify\"><span style=\"color: #000000;\"><span style=\"font-family: Book Antiqua, serif;\"><span style=\"font-size: large;\"><b>Prosimy o nowy cud nad Wis\u0142\u0105,<\/b> o cud w Opatowie i w naszych miejscowo\u015bciach, o cud w naszych domach i s\u0105siedztwach \u2013 o cud przemiany serc, <b>o przekierowanie naszych my\u015bli i pragnie\u0144, <\/b>naszych d\u0105\u017ce\u0144 i wysi\u0142k\u00f3w \u2013 <b>na Niebo! <\/b>Oby nas wszystko, co my\u015blimy, m\u00f3wimy i czynimy \u2013 prowadzi\u0142o tylko do Nieba! I nigdzie indziej! Tak, jak Maryj\u0119, kt\u00f3r\u0105 ka\u017cda chwila ziemskiego \u017cycia <b>prowadzi\u0142a do Wniebowzi\u0119cia! <\/b><\/span><\/span><\/span><\/p>\n<p align=\"justify\"><span style=\"color: #000000;\"><span style=\"font-family: Book Antiqua, serif;\"><span style=\"font-size: large;\">I aby\u015bmy \u2013 tak, jak Ona \u2013 tak\u017ce <b>byli przezroczy\u015bci: <\/b>aby \u015bwiat\u0142o z Nieba \u2013 przez nasze \u017cycie i codzienne post\u0119powanie \u2013 o\u015bwietla\u0142o t\u0119 dzisiejsz\u0105, tak cz\u0119sto smutn\u0105 i szar\u0105 rzeczywisto\u015b\u0107. Aby\u015bmy <b>ca\u0142ymi sob\u0105 wskazywali na Jezusa,<\/b> by inni \u2013 patrz\u0105c na nas \u2013 widzieli, \u017ce On naprawd\u0119 dzia\u0142a i <b>kocha ka\u017cdego cz\u0142owieka! <\/b>By\u015bmy niczym Go przed lud\u017ami nie przes\u0142aniali, by\u015bmy Go samymi sob\u0105 nie przes\u0142aniali: swoj\u0105 wyduman\u0105 wielko\u015bci\u0105, swoim zbyt wysokim mniemaniem o sobie! <\/span><\/span><\/span><\/p>\n<p align=\"justify\"><span style=\"color: #000000;\"><span style=\"font-family: Book Antiqua, serif;\"><span style=\"font-size: large;\">O to wszystko w\u0142a\u015bnie modlimy si\u0119 w ci\u0105gu tych trzech dni, kiedy wypowiadamy s\u0142owa: <b>DAJ NAM LEPSZY CZAS \u2013 DAJ NAM LEPSZY \u015aWIAT!<\/b> <\/span><\/span><\/span><\/p>\n<p align=\"justify\"><span style=\"color: #000000;\"><span style=\"font-family: Book Antiqua, serif;\"><span style=\"font-size: large;\">Prosimy o to Boga \u2013 przez wstawiennictwo Maryi \u2013 ale wiemy, \u017ce du\u017co zale\u017cy od nas. My nie mo\u017cemy <b>czeka\u0107 z za\u0142o\u017conymi r\u0119kami,<\/b> a\u017c B\u00f3g nam wszystko ponaprawia \u2013 nie! To nie tak! To my mamy robi\u0107 wszystko, <b>co i na ile od nas zale\u017cy, <\/b>aby tworzy\u0107 \u00f3w lepszy czas i lepszy \u015bwiat. Pan nam w tym pomo\u017ce, Matka Naj\u015bwi\u0119tsza nam w tym pomo\u017ce, <b>ale nie zrobi wszystkiego za nas.<\/b> My si\u0119 musimy codziennie zabiera\u0107 do pracy \u2013 do wszelkiej pracy, ale nade wszystko do tej najtrudniejszej i wymagaj\u0105cej naprawd\u0119 wytrwa\u0142o\u015bci i cierpliwo\u015bci: <b>pracy nad sob\u0105! <\/b>Ca\u0142e Niebo b\u0119dzie nam w tym pomaga\u0142o, ale to zadanie dla nas!<\/span><\/span><\/span><\/p>\n<p align=\"justify\"><span style=\"color: #000000;\"><span style=\"font-family: Book Antiqua, serif;\"><span style=\"font-size: large;\">I w\u0142a\u015bnie to maj\u0105c na my\u015bli, prosimy Pana \u2013 przez wstawiennictwo Maryi Wniebowzi\u0119tej \u2013 o <b>b\u0142ogos\u0142awie\u0144stwo dla tej pracy.<\/b> I w\u0142a\u015bnie w tym duchu, my\u015bl\u0105c o tej naszej pracy, wspartej Bo\u017c\u0105 \u0142ask\u0105, raz jeszcze prosimy \u2013 <b>o cud przemiany serc! <\/b><\/span><\/span><\/span><\/p>\n<p align=\"justify\"><span style=\"color: #000000;\"><span style=\"font-family: Book Antiqua, serif;\"><span style=\"font-size: large;\">Panie nasz, Ojcze niebieski, zechciej uczyni\u0107 nam wielkie rzeczy \u2013 tak, jak uczyni\u0142e\u015b w \u017cyciu swojej S\u0142u\u017cebnicy, Maryi! <b>Miej mi\u0142osierdzie dla nas \u2013 i ca\u0142ego \u015bwiata!<\/b> Oka\u017c moc swego ramienia, rozprosz pyszni\u0105cych si\u0119 zamys\u0142ami serc swoich! Zechciej str\u0105ci\u0107 z tronu tych, kt\u00f3rzy zaj\u0119li go wbrew Tobie! Zechciej wywy\u017cszy\u0107 pokornych! Ujmij si\u0119 za nami wszystkimi, pomny na swe mi\u0142osierdzie!<\/span><\/span><\/span><\/p>\n<p align=\"justify\"><span style=\"color: #000000;\"><span style=\"font-family: Book Antiqua, serif;\"><span style=\"font-size: large;\"><b>I DAJ NAM LEPSZY CZAS \u2013 DAJ NAM LEPSZY \u015aWIAT!<\/b><\/span><\/span><\/span><\/p>\n<p align=\"right\"><span style=\"color: #000000;\"><span style=\"font-family: Book Antiqua, serif;\"><span style=\"font-size: large;\">Amen<\/span><\/span><\/span><\/p>\n","protected":false},"excerpt":{"rendered":"<p>Niech b\u0119dzie pochwalony Jezus Chrystus! Moi Drodzy, pozw\u00f3lcie, \u017ce wi\u0119cej s\u0142\u00f3w we wst\u0119pie pojawi si\u0119 jutro \u2013 w tym tak\u017ce podzi\u0119kowanie Ksi\u0119dzu Markowi za wczorajsze s\u0142\u00f3wko \u2013 bo czas w Opatowie, gdzie w\u0142a\u015bnie jestem, p\u0142ynie szybko i jest intensywny. Dlatego zamieszczam s\u0142owo, jakie b\u0119d\u0119 dzi\u015b wyg\u0142asza\u0142 tutaj przez ca\u0142y dzie\u0144, a jutro postaram si\u0119 napisa\u0107, [&hellip;]<\/p>\n","protected":false},"author":1,"featured_media":0,"comment_status":"open","ping_status":"open","sticky":false,"template":"","format":"standard","meta":{"jetpack_post_was_ever_published":false,"_jetpack_newsletter_access":"","_jetpack_dont_email_post_to_subs":false,"_jetpack_newsletter_tier_id":0,"_jetpack_memberships_contains_paywalled_content":false,"_jetpack_memberships_contains_paid_content":false,"footnotes":""},"categories":[1],"tags":[],"class_list":["post-17585","post","type-post","status-publish","format-standard","hentry","category-bez-kategorii"],"yoast_head":"<!-- This site is optimized with the Yoast SEO plugin v25.1 - https:\/\/yoast.com\/wordpress\/plugins\/seo\/ -->\n<title>Daj nam lepszy czas - daj nam lepszy \u015bwiat! - Gaudium Et Spes<\/title>\n<meta name=\"robots\" content=\"index, follow, max-snippet:-1, max-image-preview:large, max-video-preview:-1\" \/>\n<link rel=\"canonical\" href=\"https:\/\/gaudiumetspes-blog.pl\/index.php\/2020\/08\/15\/daj-nam-lepszy-czas-daj-nam-lepszy-swiat\/\" \/>\n<meta property=\"og:locale\" content=\"pl_PL\" \/>\n<meta property=\"og:type\" content=\"article\" \/>\n<meta property=\"og:title\" content=\"Daj nam lepszy czas - daj nam lepszy \u015bwiat! - Gaudium Et Spes\" \/>\n<meta property=\"og:description\" content=\"Niech b\u0119dzie pochwalony Jezus Chrystus! Moi Drodzy, pozw\u00f3lcie, \u017ce wi\u0119cej s\u0142\u00f3w we wst\u0119pie pojawi si\u0119 jutro \u2013 w tym tak\u017ce podzi\u0119kowanie Ksi\u0119dzu Markowi za wczorajsze s\u0142\u00f3wko \u2013 bo czas w Opatowie, gdzie w\u0142a\u015bnie jestem, p\u0142ynie szybko i jest intensywny. Dlatego zamieszczam s\u0142owo, jakie b\u0119d\u0119 dzi\u015b wyg\u0142asza\u0142 tutaj przez ca\u0142y dzie\u0144, a jutro postaram si\u0119 napisa\u0107, [&hellip;]\" \/>\n<meta property=\"og:url\" content=\"https:\/\/gaudiumetspes-blog.pl\/index.php\/2020\/08\/15\/daj-nam-lepszy-czas-daj-nam-lepszy-swiat\/\" \/>\n<meta property=\"og:site_name\" content=\"Gaudium Et Spes\" \/>\n<meta property=\"article:published_time\" content=\"2020-08-15T04:36:40+00:00\" \/>\n<meta property=\"article:modified_time\" content=\"2020-08-15T06:14:30+00:00\" \/>\n<meta name=\"author\" content=\"Ks. Jacek\" \/>\n<meta name=\"twitter:card\" content=\"summary_large_image\" \/>\n<meta name=\"twitter:label1\" content=\"Napisane przez\" \/>\n\t<meta name=\"twitter:data1\" content=\"Ks. Jacek\" \/>\n\t<meta name=\"twitter:label2\" content=\"Szacowany czas czytania\" \/>\n\t<meta name=\"twitter:data2\" content=\"13 minut\" \/>\n<script type=\"application\/ld+json\" class=\"yoast-schema-graph\">{\"@context\":\"https:\/\/schema.org\",\"@graph\":[{\"@type\":\"WebPage\",\"@id\":\"https:\/\/gaudiumetspes-blog.pl\/index.php\/2020\/08\/15\/daj-nam-lepszy-czas-daj-nam-lepszy-swiat\/\",\"url\":\"https:\/\/gaudiumetspes-blog.pl\/index.php\/2020\/08\/15\/daj-nam-lepszy-czas-daj-nam-lepszy-swiat\/\",\"name\":\"Daj nam lepszy czas - daj nam lepszy \u015bwiat! - Gaudium Et Spes\",\"isPartOf\":{\"@id\":\"https:\/\/gaudiumetspes-blog.pl\/#website\"},\"datePublished\":\"2020-08-15T04:36:40+00:00\",\"dateModified\":\"2020-08-15T06:14:30+00:00\",\"author\":{\"@id\":\"https:\/\/gaudiumetspes-blog.pl\/#\/schema\/person\/1661982992b752dea8dff0d4ed845a65\"},\"breadcrumb\":{\"@id\":\"https:\/\/gaudiumetspes-blog.pl\/index.php\/2020\/08\/15\/daj-nam-lepszy-czas-daj-nam-lepszy-swiat\/#breadcrumb\"},\"inLanguage\":\"pl-PL\",\"potentialAction\":[{\"@type\":\"ReadAction\",\"target\":[\"https:\/\/gaudiumetspes-blog.pl\/index.php\/2020\/08\/15\/daj-nam-lepszy-czas-daj-nam-lepszy-swiat\/\"]}]},{\"@type\":\"BreadcrumbList\",\"@id\":\"https:\/\/gaudiumetspes-blog.pl\/index.php\/2020\/08\/15\/daj-nam-lepszy-czas-daj-nam-lepszy-swiat\/#breadcrumb\",\"itemListElement\":[{\"@type\":\"ListItem\",\"position\":1,\"name\":\"Strona g\u0142\u00f3wna\",\"item\":\"https:\/\/gaudiumetspes-blog.pl\/\"},{\"@type\":\"ListItem\",\"position\":2,\"name\":\"Daj nam lepszy czas &#8211; daj nam lepszy \u015bwiat!\"}]},{\"@type\":\"WebSite\",\"@id\":\"https:\/\/gaudiumetspes-blog.pl\/#website\",\"url\":\"https:\/\/gaudiumetspes-blog.pl\/\",\"name\":\"Gaudium Et Spes\",\"description\":\"Blog Ks. Jacka Ja\u015bkowskiego\",\"potentialAction\":[{\"@type\":\"SearchAction\",\"target\":{\"@type\":\"EntryPoint\",\"urlTemplate\":\"https:\/\/gaudiumetspes-blog.pl\/?s={search_term_string}\"},\"query-input\":{\"@type\":\"PropertyValueSpecification\",\"valueRequired\":true,\"valueName\":\"search_term_string\"}}],\"inLanguage\":\"pl-PL\"},{\"@type\":\"Person\",\"@id\":\"https:\/\/gaudiumetspes-blog.pl\/#\/schema\/person\/1661982992b752dea8dff0d4ed845a65\",\"name\":\"Ks. Jacek\",\"image\":{\"@type\":\"ImageObject\",\"inLanguage\":\"pl-PL\",\"@id\":\"https:\/\/gaudiumetspes-blog.pl\/#\/schema\/person\/image\/\",\"url\":\"https:\/\/gaudiumetspes-blog.pl\/wp-content\/uploads\/2019\/07\/avatar-JJ-150x150.jpg\",\"contentUrl\":\"https:\/\/gaudiumetspes-blog.pl\/wp-content\/uploads\/2019\/07\/avatar-JJ-150x150.jpg\",\"caption\":\"Ks. Jacek\"},\"description\":\"Witam serdecznie! K\u0142ania si\u0119 Ks. Jacek Ja\u015bkowski. Nie jestem ani kim\u015b wa\u017cnym, ani kim\u015b znanym. Jestem ksi\u0119dzem, kt\u00f3ry po prostu chce rozmawia\u0107. Codzienna kap\u0142a\u0144ska pos\u0142uga pokazuje mi, \u017ce temat\u00f3w do rozm\u00f3w z ksi\u0119dzem jest coraz wi\u0119cej i dzisiaj \u017caden ksi\u0105dz nie mo\u017ce od nich ucieka\u0107, ale - wprost przeciwnie - podejmowa\u0107 nowe wyzwania. To przekonanie sk\u0142oni\u0142o mnie do pr\u00f3by otwarcia tego\u017c bloga, chocia\u017c okazji do rozm\u00f3w na co dzie\u0144 - w konfesjonale i poza nim - na szcz\u0119\u015bcie nie brakuje. My\u015bl\u0119 jednak, \u017ce ten blog b\u0119dzie jeszcze jednym sposobem i przestrzeni\u0105 nawi\u0105zania kontaktu z lud\u017ami dobrej woli, otwartymi na dialog.\",\"url\":\"https:\/\/gaudiumetspes-blog.pl\/index.php\/author\/ks-jacek\/\"}]}<\/script>\n<!-- \/ Yoast SEO plugin. -->","yoast_head_json":{"title":"Daj nam lepszy czas - daj nam lepszy \u015bwiat! - Gaudium Et Spes","robots":{"index":"index","follow":"follow","max-snippet":"max-snippet:-1","max-image-preview":"max-image-preview:large","max-video-preview":"max-video-preview:-1"},"canonical":"https:\/\/gaudiumetspes-blog.pl\/index.php\/2020\/08\/15\/daj-nam-lepszy-czas-daj-nam-lepszy-swiat\/","og_locale":"pl_PL","og_type":"article","og_title":"Daj nam lepszy czas - daj nam lepszy \u015bwiat! - Gaudium Et Spes","og_description":"Niech b\u0119dzie pochwalony Jezus Chrystus! Moi Drodzy, pozw\u00f3lcie, \u017ce wi\u0119cej s\u0142\u00f3w we wst\u0119pie pojawi si\u0119 jutro \u2013 w tym tak\u017ce podzi\u0119kowanie Ksi\u0119dzu Markowi za wczorajsze s\u0142\u00f3wko \u2013 bo czas w Opatowie, gdzie w\u0142a\u015bnie jestem, p\u0142ynie szybko i jest intensywny. Dlatego zamieszczam s\u0142owo, jakie b\u0119d\u0119 dzi\u015b wyg\u0142asza\u0142 tutaj przez ca\u0142y dzie\u0144, a jutro postaram si\u0119 napisa\u0107, [&hellip;]","og_url":"https:\/\/gaudiumetspes-blog.pl\/index.php\/2020\/08\/15\/daj-nam-lepszy-czas-daj-nam-lepszy-swiat\/","og_site_name":"Gaudium Et Spes","article_published_time":"2020-08-15T04:36:40+00:00","article_modified_time":"2020-08-15T06:14:30+00:00","author":"Ks. Jacek","twitter_card":"summary_large_image","twitter_misc":{"Napisane przez":"Ks. Jacek","Szacowany czas czytania":"13 minut"},"schema":{"@context":"https:\/\/schema.org","@graph":[{"@type":"WebPage","@id":"https:\/\/gaudiumetspes-blog.pl\/index.php\/2020\/08\/15\/daj-nam-lepszy-czas-daj-nam-lepszy-swiat\/","url":"https:\/\/gaudiumetspes-blog.pl\/index.php\/2020\/08\/15\/daj-nam-lepszy-czas-daj-nam-lepszy-swiat\/","name":"Daj nam lepszy czas - daj nam lepszy \u015bwiat! - Gaudium Et Spes","isPartOf":{"@id":"https:\/\/gaudiumetspes-blog.pl\/#website"},"datePublished":"2020-08-15T04:36:40+00:00","dateModified":"2020-08-15T06:14:30+00:00","author":{"@id":"https:\/\/gaudiumetspes-blog.pl\/#\/schema\/person\/1661982992b752dea8dff0d4ed845a65"},"breadcrumb":{"@id":"https:\/\/gaudiumetspes-blog.pl\/index.php\/2020\/08\/15\/daj-nam-lepszy-czas-daj-nam-lepszy-swiat\/#breadcrumb"},"inLanguage":"pl-PL","potentialAction":[{"@type":"ReadAction","target":["https:\/\/gaudiumetspes-blog.pl\/index.php\/2020\/08\/15\/daj-nam-lepszy-czas-daj-nam-lepszy-swiat\/"]}]},{"@type":"BreadcrumbList","@id":"https:\/\/gaudiumetspes-blog.pl\/index.php\/2020\/08\/15\/daj-nam-lepszy-czas-daj-nam-lepszy-swiat\/#breadcrumb","itemListElement":[{"@type":"ListItem","position":1,"name":"Strona g\u0142\u00f3wna","item":"https:\/\/gaudiumetspes-blog.pl\/"},{"@type":"ListItem","position":2,"name":"Daj nam lepszy czas &#8211; daj nam lepszy \u015bwiat!"}]},{"@type":"WebSite","@id":"https:\/\/gaudiumetspes-blog.pl\/#website","url":"https:\/\/gaudiumetspes-blog.pl\/","name":"Gaudium Et Spes","description":"Blog Ks. Jacka Ja\u015bkowskiego","potentialAction":[{"@type":"SearchAction","target":{"@type":"EntryPoint","urlTemplate":"https:\/\/gaudiumetspes-blog.pl\/?s={search_term_string}"},"query-input":{"@type":"PropertyValueSpecification","valueRequired":true,"valueName":"search_term_string"}}],"inLanguage":"pl-PL"},{"@type":"Person","@id":"https:\/\/gaudiumetspes-blog.pl\/#\/schema\/person\/1661982992b752dea8dff0d4ed845a65","name":"Ks. Jacek","image":{"@type":"ImageObject","inLanguage":"pl-PL","@id":"https:\/\/gaudiumetspes-blog.pl\/#\/schema\/person\/image\/","url":"https:\/\/gaudiumetspes-blog.pl\/wp-content\/uploads\/2019\/07\/avatar-JJ-150x150.jpg","contentUrl":"https:\/\/gaudiumetspes-blog.pl\/wp-content\/uploads\/2019\/07\/avatar-JJ-150x150.jpg","caption":"Ks. Jacek"},"description":"Witam serdecznie! K\u0142ania si\u0119 Ks. Jacek Ja\u015bkowski. Nie jestem ani kim\u015b wa\u017cnym, ani kim\u015b znanym. Jestem ksi\u0119dzem, kt\u00f3ry po prostu chce rozmawia\u0107. Codzienna kap\u0142a\u0144ska pos\u0142uga pokazuje mi, \u017ce temat\u00f3w do rozm\u00f3w z ksi\u0119dzem jest coraz wi\u0119cej i dzisiaj \u017caden ksi\u0105dz nie mo\u017ce od nich ucieka\u0107, ale - wprost przeciwnie - podejmowa\u0107 nowe wyzwania. To przekonanie sk\u0142oni\u0142o mnie do pr\u00f3by otwarcia tego\u017c bloga, chocia\u017c okazji do rozm\u00f3w na co dzie\u0144 - w konfesjonale i poza nim - na szcz\u0119\u015bcie nie brakuje. My\u015bl\u0119 jednak, \u017ce ten blog b\u0119dzie jeszcze jednym sposobem i przestrzeni\u0105 nawi\u0105zania kontaktu z lud\u017ami dobrej woli, otwartymi na dialog.","url":"https:\/\/gaudiumetspes-blog.pl\/index.php\/author\/ks-jacek\/"}]}},"jetpack_featured_media_url":"","jetpack_sharing_enabled":true,"_links":{"self":[{"href":"https:\/\/gaudiumetspes-blog.pl\/index.php\/wp-json\/wp\/v2\/posts\/17585","targetHints":{"allow":["GET"]}}],"collection":[{"href":"https:\/\/gaudiumetspes-blog.pl\/index.php\/wp-json\/wp\/v2\/posts"}],"about":[{"href":"https:\/\/gaudiumetspes-blog.pl\/index.php\/wp-json\/wp\/v2\/types\/post"}],"author":[{"embeddable":true,"href":"https:\/\/gaudiumetspes-blog.pl\/index.php\/wp-json\/wp\/v2\/users\/1"}],"replies":[{"embeddable":true,"href":"https:\/\/gaudiumetspes-blog.pl\/index.php\/wp-json\/wp\/v2\/comments?post=17585"}],"version-history":[{"count":3,"href":"https:\/\/gaudiumetspes-blog.pl\/index.php\/wp-json\/wp\/v2\/posts\/17585\/revisions"}],"predecessor-version":[{"id":17588,"href":"https:\/\/gaudiumetspes-blog.pl\/index.php\/wp-json\/wp\/v2\/posts\/17585\/revisions\/17588"}],"wp:attachment":[{"href":"https:\/\/gaudiumetspes-blog.pl\/index.php\/wp-json\/wp\/v2\/media?parent=17585"}],"wp:term":[{"taxonomy":"category","embeddable":true,"href":"https:\/\/gaudiumetspes-blog.pl\/index.php\/wp-json\/wp\/v2\/categories?post=17585"},{"taxonomy":"post_tag","embeddable":true,"href":"https:\/\/gaudiumetspes-blog.pl\/index.php\/wp-json\/wp\/v2\/tags?post=17585"}],"curies":[{"name":"wp","href":"https:\/\/api.w.org\/{rel}","templated":true}]}}