{"id":17593,"date":"2020-08-18T04:54:25","date_gmt":"2020-08-18T02:54:25","guid":{"rendered":"https:\/\/gaudiumetspes-blog.pl\/?p=17593"},"modified":"2020-08-18T04:54:25","modified_gmt":"2020-08-18T02:54:25","slug":"oto-my-opuscilismy-wszystko","status":"publish","type":"post","link":"https:\/\/gaudiumetspes-blog.pl\/index.php\/2020\/08\/18\/oto-my-opuscilismy-wszystko\/","title":{"rendered":"Oto my opu\u015bcili\u015bmy wszystko&#8230;"},"content":{"rendered":"<p align=\"justify\"><span style=\"color: #000000;\"><span style=\"font-family: Book Antiqua, serif;\"><span style=\"font-size: large;\">Szcz\u0119\u015b\u0107 Bo\u017ce! Moi Drodzy, bardzo serdecznie dzi\u0119kuj\u0119 Wszystkim, kt\u00f3rzy wczoraj, a nawet i przedwczoraj \u2013 osobi\u015bcie, telefonicznie, mailowo lub blogowo \u2013 przekazali mi \u017cyczenia imieninowe i zapewnienia o modlitwie. Jak to wczoraj wszystkim m\u00f3wi\u0142em lub pisa\u0142em, ju\u017c wczoraj sprawowa\u0142em Msz\u0119 \u015awi\u0119t\u0105 w intencji Wszystkich bliskich i \u017cyczliwych, a za kilka dni, po zako\u0144czeniu \u015bwi\u0119towania, uczyni\u0119 to ponownie. Tak\u017ce w swoich codziennych modlitwach b\u0119d\u0119 pami\u0119ta\u0142, w ten spos\u00f3b odwdzi\u0119czaj\u0105c si\u0119 za dobro\u0107 Waszych serc!<\/span><\/span><\/span><\/p>\n<p align=\"justify\"><span style=\"color: #000000;\"><span style=\"font-family: Book Antiqua, serif;\"><span style=\"font-size: large;\"><b>Niech Was b\u0142ogos\u0142awi B\u00f3g Wszechmog\u0105cy: Ojciec + i Syn, i Duch \u015awi\u0119ty. Amen<\/b><\/span><\/span><\/span><\/p>\n<p align=\"center\"><span style=\"color: #000000;\"><span style=\"font-family: Book Antiqua, serif;\"><span style=\"font-size: large;\">Gaudium et spes! Ks. Jacek<\/span><\/span><\/span><\/p>\n<p align=\"center\">\n<p align=\"center\">\n<p align=\"center\">\n<p align=\"center\">\n<p align=\"center\">\n<p align=\"justify\"><span style=\"color: #000000;\"><span style=\"font-family: Book Antiqua, serif;\"><span style=\"font-size: large;\"><b>Wtorek 20 Tygodnia zwyk\u0142ego, rok II,<\/b><\/span><\/span><\/span><\/p>\n<p align=\"justify\"><span style=\"color: #000000;\"><span style=\"font-family: Book Antiqua, serif;\"><span style=\"font-size: large;\"><b>18 sierpnia 2020.,<\/b><\/span><\/span><\/span><\/p>\n<p align=\"justify\"><span style=\"color: #000000;\"><span style=\"font-family: Book Antiqua, serif;\"><span style=\"font-size: large;\"><b>do czyta\u0144: Ez 28,1\u201310; Mt 19,23\u201330<\/b><\/span><\/span><\/span><\/p>\n<p align=\"justify\">\n<p align=\"justify\">\n<p align=\"justify\">\n<p align=\"justify\">\n<p align=\"justify\">\n<p align=\"justify\"><span style=\"color: #000000;\"><span style=\"font-family: Book Antiqua, serif;\"><span style=\"font-size: large;\"><b>CZYTANIE Z KSI\u0118GI PROROKA EZECHIELA:<\/b><\/span><\/span><\/span><\/p>\n<p align=\"justify\"><span style=\"color: #000000;\"><span style=\"font-family: Book Antiqua, serif;\"><span style=\"font-size: large;\"><b>Pan skierowa\u0142 do mnie te s\u0142owa: \u201eSynu cz\u0142owieczy, powiedz w\u0142adcy Tyru: \u00abTak m\u00f3wi Pan B\u00f3g: Poniewa\u017c serce twoje sta\u0142o si\u0119 wynios\u0142e, powiedzia\u0142e\u015b: Ja jestem Bogiem, ja zasiadam na Boskiej stolicy w sercu m\u00f3rz, a przecie\u017c ty jeste\u015b tylko cz\u0142owiekiem, a nie Bogiem, i rozum sw\u00f3j chcia\u0142e\u015b mie\u0107 r\u00f3wny rozumowi Bo\u017cemu. Oto jeste\u015b m\u0119drszy od Danela, \u017cadna tajemnica nie jest ukryta przed tob\u0105. Dzi\u0119ki swej przezorno\u015bci i sprytowi zdoby\u0142e\u015b sobie maj\u0105tek, a nagromadzi\u0142e\u015b z\u0142ota i srebra w swoich skarbcach. Dzi\u0119ki swojej wielkiej przezorno\u015bci, dzi\u0119ki swoim zdolno\u015bciom kupieckim pomno\u017cy\u0142e\u015b swoje maj\u0119tno\u015bci i serce twoje sta\u0142o si\u0119 wynios\u0142e z powodu twego maj\u0105tku\u00bb\u201d.<\/b><\/span><\/span><\/span><\/p>\n<p align=\"justify\"><span style=\"color: #000000;\"><span style=\"font-family: Book Antiqua, serif;\"><span style=\"font-size: large;\"><b>Dlatego tak m\u00f3wi Pan B\u00f3g: \u201ePoniewa\u017c rozum sw\u00f3j chcia\u0142e\u015b mie\u0107 r\u00f3wny rozumowi Bo\u017cemu, oto dlatego sprowadzam na ciebie cudzoziemc\u00f3w, najsro\u017cszych spo\u015br\u00f3d narod\u00f3w. Oni dob\u0119d\u0105 mieczy przeciwko urokowi twojej m\u0105dro\u015bci i zbezczeszcz\u0105 tw\u00f3j blask. Zepchn\u0105 ci\u0119 do do\u0142u i umrzesz \u015bmierci\u0105 nag\u0142\u0105 w sercu m\u00f3rz. Czy b\u0119dziesz jeszcze m\u00f3wi\u0142: \u00abJa jestem Bogiem\u00bb w obliczu swoich oprawc\u00f3w? Przecie\u017c b\u0119dziesz tylko cz\u0142owiekiem, a nie Bogiem w r\u0119ku tego, kt\u00f3ry ci\u0119 b\u0119dzie zabija\u0142. Umrzesz \u015bmierci\u0105 nieobrzezanych, z r\u0119ki cudzoziemc\u00f3w, poniewa\u017c Ja to postanowi\u0142em\u201d, m\u00f3wi Pan B\u00f3g.<\/b><\/span><\/span><\/span><\/p>\n<p align=\"justify\">\n<p align=\"justify\">\n<p align=\"justify\">\n<p align=\"justify\">\n<p align=\"justify\">\n<p align=\"justify\"><span style=\"color: #000000;\"><span style=\"font-family: Book Antiqua, serif;\"><span style=\"font-size: large;\"><b>S\u0141OWA EWANGELII WED\u0141UG \u015aWI\u0118TEGO MATEUSZA:<\/b><\/span><\/span><\/span><\/p>\n<p align=\"justify\"><span style=\"color: #000000;\"><span style=\"font-family: Book Antiqua, serif;\"><span style=\"font-size: large;\"><b>Jezus powiedzia\u0142 do swoich uczni\u00f3w: \u201eZaprawd\u0119 powiadam wam: Bogaty z trudno\u015bci\u0105 wejdzie do kr\u00f3lestwa niebieskiego. Jeszcze raz wam powiadam: \u0141atwiej jest wielb\u0142\u0105dowi przej\u015b\u0107 przez ucho igielne ni\u017c bogatemu wej\u015b\u0107 do kr\u00f3lestwa niebieskiego\u201d.<\/b><\/span><\/span><\/span><\/p>\n<p align=\"justify\"><span style=\"color: #000000;\"><span style=\"font-family: Book Antiqua, serif;\"><span style=\"font-size: large;\"><b>Gdy uczniowie to us\u0142yszeli, przerazili si\u0119 bardzo i pytali: \u201eKt\u00f3\u017c wi\u0119c mo\u017ce si\u0119 zbawi\u0107?\u201d<\/b><\/span><\/span><\/span><\/p>\n<p align=\"justify\"><span style=\"color: #000000;\"><span style=\"font-family: Book Antiqua, serif;\"><span style=\"font-size: large;\"><b>Jezus spojrza\u0142 na nich i rzek\u0142: \u201eU ludzi to niemo\u017cliwe, lecz u Boga wszystko jest mo\u017cliwe\u201d.<\/b><\/span><\/span><\/span><\/p>\n<p align=\"justify\"><span style=\"color: #000000;\"><span style=\"font-family: Book Antiqua, serif;\"><span style=\"font-size: large;\"><b>Wtedy Piotr rzek\u0142 do Niego: \u201eOto my opu\u015bcili\u015bmy wszystko i poszli\u015bmy za Tob\u0105, c\u00f3\u017c wi\u0119c otrzymamy?\u201d<\/b><\/span><\/span><\/span><\/p>\n<p align=\"justify\"><span style=\"color: #000000;\"><span style=\"font-family: Book Antiqua, serif;\"><span style=\"font-size: large;\"><b>Jezus za\u015b rzek\u0142 do nich: \u201eZaprawd\u0119 powiadam wam: Przy odrodzeniu, gdy Syn Cz\u0142owieczy zasi\u0105dzie na swym tronie chwa\u0142y, wy, kt\u00f3rzy\u015bcie poszli za Mn\u0105, zasi\u0105dziecie r\u00f3wnie\u017c na dwunastu tronach s\u0105dz\u0105c dwana\u015bcie pokole\u0144 Izraela. I ka\u017cdy, kto dla mego imienia opu\u015bci dom, braci lub siostry, ojca lub matk\u0119, dzieci lub pole, stokro\u0107 tyle otrzyma i \u017cycie wieczne odziedziczy.<\/b><\/span><\/span><\/span><\/p>\n<p align=\"justify\"><span style=\"color: #000000;\"><span style=\"font-family: Book Antiqua, serif;\"><span style=\"font-size: large;\"><b>Wielu za\u015b pierwszych b\u0119dzie ostatnimi, a ostatnich pierwszymi.\u201d<\/b><\/span><\/span><\/span><\/p>\n<p align=\"justify\">\n<p align=\"justify\">\n<p align=\"justify\">\n<p align=\"justify\">\n<p align=\"justify\">\n<p align=\"justify\"><span style=\"color: #000000;\"><span style=\"font-family: Book Antiqua, serif;\"><span style=\"font-size: large;\">B\u00f3g surowo upomina w\u0142adc\u0119 Tyru za jego pych\u0119, kt\u00f3r\u0105 ten bardzo mocno okazuje wobec Boga. Ten sk\u0105din\u0105d b\u0142yskotliwy i inteligentny w\u0142adca, w kt\u00f3rym\u015b momencie na tyle uwierzy\u0142 w swoj\u0105 pozycj\u0119 i wiedz\u0119, \u017ce odwa\u017cy\u0142 si\u0119 powiedzie\u0107: <i><b>J<\/b><\/i><i><b>a jestem Bogiem, ja zasiadam na Boskiej stolicy w sercu m\u00f3rz.<\/b><\/i><b> <\/b>Jednak\u017ce B\u00f3g \u2013 ten prawdziwy i jedyny \u2013 sprowadza go na ziemi\u0119, m\u00f3wi\u0105c jasno i mocno: <b> <\/b><i><b>P<\/b><\/i><i><b>rzecie\u017c ty jeste\u015b tylko cz\u0142owiekiem, a nie Bogiem, i rozum sw\u00f3j chcia\u0142e\u015b mie\u0107 r\u00f3wny rozumowi Bo\u017cemu.<\/b><\/i><b> <\/b><\/span><\/span><\/span><\/p>\n<p align=\"justify\"><span style=\"color: #000000;\"><span style=\"font-family: Book Antiqua, serif;\"><span style=\"font-size: large;\">Pomimo tego, w kolejnych zdaniach rzeczywi\u015bcie nast\u0119puje wyliczenie osi\u0105gni\u0119\u0107 tego\u017c w\u0142adcy, B\u00f3g \u2013 przez Proroka \u2013 docenia go, m\u00f3wi\u0105c: <i><b>Dzi\u0119ki swej przezorno\u015bci i sprytowi zdoby\u0142e\u015b sobie maj\u0105tek, a nagromadzi\u0142e\u015b z\u0142ota i srebra w swoich skarbcach. Dzi\u0119ki swojej wielkiej przezorno\u015bci, dzi\u0119ki swoim zdolno\u015bciom kupieckim pomno\u017cy\u0142e\u015b swoje maj\u0119tno\u015bci.<\/b><\/i> Jak si\u0119 jednak okaza\u0142o, nie wysz\u0142o mu to na dobre, skoro dos\u0142ownie w jednym i tym samym zdaniu B\u00f3g przechodzi od pochwa\u0142y do stwierdzenia: <i><b>i serce twoje sta\u0142o si\u0119 wynios\u0142e z powodu twego maj\u0105tku.<\/b><\/i><b> <\/b><\/span><\/span><\/span><\/p>\n<p align=\"justify\"><span style=\"color: #000000;\"><span style=\"font-family: Book Antiqua, serif;\"><span style=\"font-size: large;\">Zatem, wielka wiedza, sytuuj\u0105ca go wy\u017cej od znanego pod\u00f3wczas m\u0119drca, Danela, nie uchroni\u0142a go przed\u2026 <b>samym sob\u0105!<\/b> On naprawd\u0119 uwierzy\u0142 w swoj\u0105 wszechmoc. Dlatego B\u00f3g zapowiada: <i><b>Poniewa\u017c rozum sw\u00f3j chcia\u0142e\u015b mie\u0107 r\u00f3wny rozumowi Bo\u017cemu, oto dlatego sprowadzam na ciebie cudzoziemc\u00f3w, najsro\u017cszych spo\u015br\u00f3d narod\u00f3w. Oni dob\u0119d\u0105 mieczy przeciwko urokowi twojej m\u0105dro\u015bci i zbezczeszcz\u0105 tw\u00f3j blask. Zepchn\u0105 ci\u0119 do do\u0142u i umrzesz \u015bmierci\u0105 nag\u0142\u0105 w sercu m\u00f3rz. <\/b><\/i><\/span><\/span><\/span><\/p>\n<p align=\"justify\"><span style=\"color: #000000;\"><span style=\"font-family: Book Antiqua, serif;\"><span style=\"font-size: large;\">M\u00f3wi\u0105c kr\u00f3tko, na darmo cz\u0142owiek \u00f3w tak zabiega\u0142 o podkre\u015blenie swojej pozycji, na darmo te\u017c t\u0119 pozycj\u0119 tworzy\u0142 \u2013 a przecie\u017c, dzi\u0119ki wrodzonym talentom i sprytowi uda\u0142o mu si\u0119 <b>do\u015b\u0107<\/b> <b>sporo<\/b> <b>osi\u0105gn\u0105\u0107<\/b> \u2013 skoro wszystko to <b>czyni\u0142 przeciwko Bogu, <\/b>staraj\u0105c si\u0119 uczyni\u0107 Mu konkurencj\u0119. <\/span><\/span><\/span><\/p>\n<p align=\"justify\"><span style=\"color: #000000;\"><span style=\"font-family: Book Antiqua, serif;\"><span style=\"font-size: large;\">Jak\u0105\u017c to bowiem konkurencj\u0119 cz\u0142owiek \u2013 cho\u0107by najzdolniejszy i najwi\u0119kszy \u2013 <b>uczyni\u0107 mo\u017ce Bogu?\u2026<\/b> Jakie bogactwa mia\u0142by zgromadzi\u0107, \u017ceby uzna\u0107 si\u0119 za r\u00f3wnego Bogu? Czy w Kr\u00f3lestwie niebieskim mia\u0142by <b>zaj\u0105\u0107 lepsze miejsce,<\/b> gdy\u017c je sobie \u201ekupi\u0142by\u201d swoimi bogactwami, swoimi staraniami?<\/span><\/span><\/span><\/p>\n<p align=\"justify\"><span style=\"color: #000000;\"><span style=\"font-family: Book Antiqua, serif;\"><span style=\"font-size: large;\">Wszak Jezus w Ewangelii m\u00f3wi dzi\u015b wyra\u017anie: <i><b>Zaprawd\u0119 powiadam wam: Bogaty z trudno\u015bci\u0105 wejdzie do kr\u00f3lestwa niebieskiego. Jeszcze raz wam powiadam: \u0141atwiej jest wielb\u0142\u0105dowi przej\u015b\u0107 przez ucho igielne ni\u017c bogatemu wej\u015b\u0107 do kr\u00f3lestwa niebieskiego.<\/b><\/i><b> <\/b>Mocne por\u00f3wnanie. <\/span><\/span><\/span><\/p>\n<p align=\"justify\"><span style=\"color: #000000;\"><span style=\"font-family: Book Antiqua, serif;\"><span style=\"font-size: large;\">I nawet je\u017celi nie przywi\u0105zywa\u0107 wagi do dos\u0142ownego znaczenia poszczeg\u00f3lnych stwierdze\u0144 i nie my\u015ble\u0107 <b>do<\/b><b>k\u0142adnie<\/b><b> o uchu z ig\u0142y,<\/b> przez kt\u00f3re wielb\u0142\u0105d na pewno nie przejdzie, a o <b>ma\u0142ej furtce<\/b> w jednej z bram Jerozolimy, przez kt\u00f3re od biedy przeszed\u0142by, ale po zdj\u0119ciu balastu, to stwierdzenie i tak jest jednoznaczne, i tak <b>mocne przes\u0142anie niesie:<\/b> nie bogactwem materialnym zas\u0142uguje si\u0119 na Kr\u00f3lestwo niebieskie. <\/span><\/span><\/span><\/p>\n<p align=\"justify\"><span style=\"color: #000000;\"><span style=\"font-family: Book Antiqua, serif;\"><span style=\"font-size: large;\">Ludowa m\u0105dro\u015b\u0107 wyrazi\u0142a to w stwierdzeniu, \u017ce <b>\u201etrumna nie ma kieszeni\u201d. <\/b>Nic si\u0119 na tamten \u015bwiat nie zabierze. Nic materialnego, ale te\u017c nic z tych rzeczy, kt\u00f3re tak zapobiegliwie gromadzi\u0142 i pomna\u017ca\u0142 \u2013 wbrew Bogu \u2013 w\u0142adca Tyru. A jak si\u0119 zas\u0142uguje na Kr\u00f3lestwo niebieskie?<\/span><\/span><\/span><\/p>\n<p align=\"justify\"><span style=\"color: #000000;\"><span style=\"font-family: Book Antiqua, serif;\"><span style=\"font-size: large;\">Paradoksalnie, odpowied\u017a znajdziemy w s\u0142owach Piotra. On dzisiaj wypowiada si\u0119 w tonie niejakiego wyrzutu, stawianego Jezusowi, gdy m\u00f3wi:<i> <\/i><i><b>Oto my opu\u015bcili\u015bmy wszystko i poszli\u015bmy za Tob\u0105, c\u00f3\u017c wi\u0119c otrzymamy?<\/b><\/i><b> <\/b>I chyba Jezus tak to odebra\u0142, skoro bez \u017cadnych pretensji, czy krytyki, ale spokojnie, rzeczowo, a wr\u0119cz z \u017cyczliwo\u015bci\u0105 odpowiedzia\u0142, uspokajaj\u0105c swego Aposto\u0142a: <i><b>Zaprawd\u0119 powiadam wam: Przy odrodzeniu, gdy Syn Cz\u0142owieczy zasi\u0105dzie na swym tronie chwa\u0142y, wy, kt\u00f3rzy\u015bcie poszli za Mn\u0105, zasi\u0105dziecie r\u00f3wnie\u017c na dwunastu tronach s\u0105dz\u0105c dwana\u015bcie pokole\u0144 Izraela. I ka\u017cdy, kto dla mego imienia opu\u015bci dom, braci lub siostry, ojca lub matk\u0119, dzieci lub pole, stokro\u0107 tyle otrzyma i \u017cycie wieczne odziedziczy.<\/b><\/i><b> <\/b>Czyli jednak warto opu\u015bci\u0107 wszystko i za Jezusem p\u00f3j\u015b\u0107. <\/span><\/span><\/span><\/p>\n<p align=\"justify\"><span style=\"color: #000000;\"><span style=\"font-family: Book Antiqua, serif;\"><span style=\"font-size: large;\">Na pewno warto, skoro jest to jedyny spos\u00f3b na pomno\u017cenie swego bogactwa w Kr\u00f3lestwie niebieskim. Jeszcze raz wyra\u017anie to podkre\u015blmy: \u017ceby tam si\u0119 znale\u017a\u0107, trzeba <b>na ziemi wszystko opu\u015bci\u0107 i p\u00f3j\u015b\u0107 za Jezusem.<\/b> Przede wszystkim \u2013 opu\u015bci\u0107 swoj\u0105 w\u0142asn\u0105 wielko\u015b\u0107, w\u0142asne przekonanie o sobie, swoj\u0105 misternie budowan\u0105 pozycj\u0119! <\/span><\/span><\/span><\/p>\n<p align=\"justify\"><span style=\"color: #000000;\"><span style=\"font-family: Book Antiqua, serif;\"><span style=\"font-size: large;\">Wtedy faktycznie zyskuje si\u0119<b> najwi\u0119ksze bogactwo,<\/b> bo zyskuje si\u0119\u2026 <b>samego Jezusa!<\/b> I \u017cycie wieczne. A przecie\u017c ponad nie \u2013 <b>nie ma <\/b><b>nic wi\u0119kszego: <\/b>\u017cadnego wi\u0119kszego bogactwa, wi\u0119kszego zaszczytu, wi\u0119kszej rado\u015bci. <\/span><\/span><\/span><\/p>\n<p align=\"justify\"><span style=\"color: #000000;\"><span style=\"font-family: Book Antiqua, serif;\"><span style=\"font-size: large;\">Ale \u017ceby je zdoby\u0107 \u2013 raz jeszcze to podkre\u015blmy \u2013 trzeba si\u0119 zdoby\u0107 na to, na co zdoby\u0142 si\u0119 Piotr i inni Aposto\u0142owie i uczniowie: <i><b>Oto my opu\u015bcili\u015bmy wszystko i poszli\u015bmy za Tob\u0105\u2026<\/b><\/i><b> <\/b>Piotr \u2013 tak. Inni Aposto\u0142owie i uczniowie \u2013 te\u017c. <\/span><\/span><\/span><\/p>\n<p align=\"justify\"><span style=\"color: #000000;\"><span style=\"font-family: Book Antiqua, serif;\"><span style=\"font-size: large;\">A ja?\u2026 <\/span><\/span><\/span><\/p>\n","protected":false},"excerpt":{"rendered":"<p>Szcz\u0119\u015b\u0107 Bo\u017ce! Moi Drodzy, bardzo serdecznie dzi\u0119kuj\u0119 Wszystkim, kt\u00f3rzy wczoraj, a nawet i przedwczoraj \u2013 osobi\u015bcie, telefonicznie, mailowo lub blogowo \u2013 przekazali mi \u017cyczenia imieninowe i zapewnienia o modlitwie. Jak to wczoraj wszystkim m\u00f3wi\u0142em lub pisa\u0142em, ju\u017c wczoraj sprawowa\u0142em Msz\u0119 \u015awi\u0119t\u0105 w intencji Wszystkich bliskich i \u017cyczliwych, a za kilka dni, po zako\u0144czeniu \u015bwi\u0119towania, uczyni\u0119 [&hellip;]<\/p>\n","protected":false},"author":1,"featured_media":0,"comment_status":"open","ping_status":"open","sticky":false,"template":"","format":"standard","meta":{"jetpack_post_was_ever_published":false,"_jetpack_newsletter_access":"","_jetpack_dont_email_post_to_subs":false,"_jetpack_newsletter_tier_id":0,"_jetpack_memberships_contains_paywalled_content":false,"_jetpack_memberships_contains_paid_content":false,"footnotes":""},"categories":[1],"tags":[],"class_list":["post-17593","post","type-post","status-publish","format-standard","hentry","category-bez-kategorii"],"yoast_head":"<!-- This site is optimized with the Yoast SEO plugin v25.1 - https:\/\/yoast.com\/wordpress\/plugins\/seo\/ -->\n<title>Oto my opu\u015bcili\u015bmy wszystko... - Gaudium Et Spes<\/title>\n<meta name=\"robots\" content=\"index, follow, max-snippet:-1, max-image-preview:large, max-video-preview:-1\" \/>\n<link rel=\"canonical\" href=\"https:\/\/gaudiumetspes-blog.pl\/index.php\/2020\/08\/18\/oto-my-opuscilismy-wszystko\/\" \/>\n<meta property=\"og:locale\" content=\"pl_PL\" \/>\n<meta property=\"og:type\" content=\"article\" \/>\n<meta property=\"og:title\" content=\"Oto my opu\u015bcili\u015bmy wszystko... - Gaudium Et Spes\" \/>\n<meta property=\"og:description\" content=\"Szcz\u0119\u015b\u0107 Bo\u017ce! Moi Drodzy, bardzo serdecznie dzi\u0119kuj\u0119 Wszystkim, kt\u00f3rzy wczoraj, a nawet i przedwczoraj \u2013 osobi\u015bcie, telefonicznie, mailowo lub blogowo \u2013 przekazali mi \u017cyczenia imieninowe i zapewnienia o modlitwie. Jak to wczoraj wszystkim m\u00f3wi\u0142em lub pisa\u0142em, ju\u017c wczoraj sprawowa\u0142em Msz\u0119 \u015awi\u0119t\u0105 w intencji Wszystkich bliskich i \u017cyczliwych, a za kilka dni, po zako\u0144czeniu \u015bwi\u0119towania, uczyni\u0119 [&hellip;]\" \/>\n<meta property=\"og:url\" content=\"https:\/\/gaudiumetspes-blog.pl\/index.php\/2020\/08\/18\/oto-my-opuscilismy-wszystko\/\" \/>\n<meta property=\"og:site_name\" content=\"Gaudium Et Spes\" \/>\n<meta property=\"article:published_time\" content=\"2020-08-18T02:54:25+00:00\" \/>\n<meta name=\"author\" content=\"Ks. Jacek\" \/>\n<meta name=\"twitter:card\" content=\"summary_large_image\" \/>\n<meta name=\"twitter:label1\" content=\"Napisane przez\" \/>\n\t<meta name=\"twitter:data1\" content=\"Ks. Jacek\" \/>\n\t<meta name=\"twitter:label2\" content=\"Szacowany czas czytania\" \/>\n\t<meta name=\"twitter:data2\" content=\"7 minut\" \/>\n<script type=\"application\/ld+json\" class=\"yoast-schema-graph\">{\"@context\":\"https:\/\/schema.org\",\"@graph\":[{\"@type\":\"WebPage\",\"@id\":\"https:\/\/gaudiumetspes-blog.pl\/index.php\/2020\/08\/18\/oto-my-opuscilismy-wszystko\/\",\"url\":\"https:\/\/gaudiumetspes-blog.pl\/index.php\/2020\/08\/18\/oto-my-opuscilismy-wszystko\/\",\"name\":\"Oto my opu\u015bcili\u015bmy wszystko... - Gaudium Et Spes\",\"isPartOf\":{\"@id\":\"https:\/\/gaudiumetspes-blog.pl\/#website\"},\"datePublished\":\"2020-08-18T02:54:25+00:00\",\"author\":{\"@id\":\"https:\/\/gaudiumetspes-blog.pl\/#\/schema\/person\/1661982992b752dea8dff0d4ed845a65\"},\"breadcrumb\":{\"@id\":\"https:\/\/gaudiumetspes-blog.pl\/index.php\/2020\/08\/18\/oto-my-opuscilismy-wszystko\/#breadcrumb\"},\"inLanguage\":\"pl-PL\",\"potentialAction\":[{\"@type\":\"ReadAction\",\"target\":[\"https:\/\/gaudiumetspes-blog.pl\/index.php\/2020\/08\/18\/oto-my-opuscilismy-wszystko\/\"]}]},{\"@type\":\"BreadcrumbList\",\"@id\":\"https:\/\/gaudiumetspes-blog.pl\/index.php\/2020\/08\/18\/oto-my-opuscilismy-wszystko\/#breadcrumb\",\"itemListElement\":[{\"@type\":\"ListItem\",\"position\":1,\"name\":\"Strona g\u0142\u00f3wna\",\"item\":\"https:\/\/gaudiumetspes-blog.pl\/\"},{\"@type\":\"ListItem\",\"position\":2,\"name\":\"Oto my opu\u015bcili\u015bmy wszystko&#8230;\"}]},{\"@type\":\"WebSite\",\"@id\":\"https:\/\/gaudiumetspes-blog.pl\/#website\",\"url\":\"https:\/\/gaudiumetspes-blog.pl\/\",\"name\":\"Gaudium Et Spes\",\"description\":\"Blog Ks. Jacka Ja\u015bkowskiego\",\"potentialAction\":[{\"@type\":\"SearchAction\",\"target\":{\"@type\":\"EntryPoint\",\"urlTemplate\":\"https:\/\/gaudiumetspes-blog.pl\/?s={search_term_string}\"},\"query-input\":{\"@type\":\"PropertyValueSpecification\",\"valueRequired\":true,\"valueName\":\"search_term_string\"}}],\"inLanguage\":\"pl-PL\"},{\"@type\":\"Person\",\"@id\":\"https:\/\/gaudiumetspes-blog.pl\/#\/schema\/person\/1661982992b752dea8dff0d4ed845a65\",\"name\":\"Ks. Jacek\",\"image\":{\"@type\":\"ImageObject\",\"inLanguage\":\"pl-PL\",\"@id\":\"https:\/\/gaudiumetspes-blog.pl\/#\/schema\/person\/image\/\",\"url\":\"https:\/\/gaudiumetspes-blog.pl\/wp-content\/uploads\/2019\/07\/avatar-JJ-150x150.jpg\",\"contentUrl\":\"https:\/\/gaudiumetspes-blog.pl\/wp-content\/uploads\/2019\/07\/avatar-JJ-150x150.jpg\",\"caption\":\"Ks. Jacek\"},\"description\":\"Witam serdecznie! K\u0142ania si\u0119 Ks. Jacek Ja\u015bkowski. Nie jestem ani kim\u015b wa\u017cnym, ani kim\u015b znanym. Jestem ksi\u0119dzem, kt\u00f3ry po prostu chce rozmawia\u0107. Codzienna kap\u0142a\u0144ska pos\u0142uga pokazuje mi, \u017ce temat\u00f3w do rozm\u00f3w z ksi\u0119dzem jest coraz wi\u0119cej i dzisiaj \u017caden ksi\u0105dz nie mo\u017ce od nich ucieka\u0107, ale - wprost przeciwnie - podejmowa\u0107 nowe wyzwania. To przekonanie sk\u0142oni\u0142o mnie do pr\u00f3by otwarcia tego\u017c bloga, chocia\u017c okazji do rozm\u00f3w na co dzie\u0144 - w konfesjonale i poza nim - na szcz\u0119\u015bcie nie brakuje. My\u015bl\u0119 jednak, \u017ce ten blog b\u0119dzie jeszcze jednym sposobem i przestrzeni\u0105 nawi\u0105zania kontaktu z lud\u017ami dobrej woli, otwartymi na dialog.\",\"url\":\"https:\/\/gaudiumetspes-blog.pl\/index.php\/author\/ks-jacek\/\"}]}<\/script>\n<!-- \/ Yoast SEO plugin. -->","yoast_head_json":{"title":"Oto my opu\u015bcili\u015bmy wszystko... - Gaudium Et Spes","robots":{"index":"index","follow":"follow","max-snippet":"max-snippet:-1","max-image-preview":"max-image-preview:large","max-video-preview":"max-video-preview:-1"},"canonical":"https:\/\/gaudiumetspes-blog.pl\/index.php\/2020\/08\/18\/oto-my-opuscilismy-wszystko\/","og_locale":"pl_PL","og_type":"article","og_title":"Oto my opu\u015bcili\u015bmy wszystko... - Gaudium Et Spes","og_description":"Szcz\u0119\u015b\u0107 Bo\u017ce! Moi Drodzy, bardzo serdecznie dzi\u0119kuj\u0119 Wszystkim, kt\u00f3rzy wczoraj, a nawet i przedwczoraj \u2013 osobi\u015bcie, telefonicznie, mailowo lub blogowo \u2013 przekazali mi \u017cyczenia imieninowe i zapewnienia o modlitwie. Jak to wczoraj wszystkim m\u00f3wi\u0142em lub pisa\u0142em, ju\u017c wczoraj sprawowa\u0142em Msz\u0119 \u015awi\u0119t\u0105 w intencji Wszystkich bliskich i \u017cyczliwych, a za kilka dni, po zako\u0144czeniu \u015bwi\u0119towania, uczyni\u0119 [&hellip;]","og_url":"https:\/\/gaudiumetspes-blog.pl\/index.php\/2020\/08\/18\/oto-my-opuscilismy-wszystko\/","og_site_name":"Gaudium Et Spes","article_published_time":"2020-08-18T02:54:25+00:00","author":"Ks. Jacek","twitter_card":"summary_large_image","twitter_misc":{"Napisane przez":"Ks. Jacek","Szacowany czas czytania":"7 minut"},"schema":{"@context":"https:\/\/schema.org","@graph":[{"@type":"WebPage","@id":"https:\/\/gaudiumetspes-blog.pl\/index.php\/2020\/08\/18\/oto-my-opuscilismy-wszystko\/","url":"https:\/\/gaudiumetspes-blog.pl\/index.php\/2020\/08\/18\/oto-my-opuscilismy-wszystko\/","name":"Oto my opu\u015bcili\u015bmy wszystko... - Gaudium Et Spes","isPartOf":{"@id":"https:\/\/gaudiumetspes-blog.pl\/#website"},"datePublished":"2020-08-18T02:54:25+00:00","author":{"@id":"https:\/\/gaudiumetspes-blog.pl\/#\/schema\/person\/1661982992b752dea8dff0d4ed845a65"},"breadcrumb":{"@id":"https:\/\/gaudiumetspes-blog.pl\/index.php\/2020\/08\/18\/oto-my-opuscilismy-wszystko\/#breadcrumb"},"inLanguage":"pl-PL","potentialAction":[{"@type":"ReadAction","target":["https:\/\/gaudiumetspes-blog.pl\/index.php\/2020\/08\/18\/oto-my-opuscilismy-wszystko\/"]}]},{"@type":"BreadcrumbList","@id":"https:\/\/gaudiumetspes-blog.pl\/index.php\/2020\/08\/18\/oto-my-opuscilismy-wszystko\/#breadcrumb","itemListElement":[{"@type":"ListItem","position":1,"name":"Strona g\u0142\u00f3wna","item":"https:\/\/gaudiumetspes-blog.pl\/"},{"@type":"ListItem","position":2,"name":"Oto my opu\u015bcili\u015bmy wszystko&#8230;"}]},{"@type":"WebSite","@id":"https:\/\/gaudiumetspes-blog.pl\/#website","url":"https:\/\/gaudiumetspes-blog.pl\/","name":"Gaudium Et Spes","description":"Blog Ks. Jacka Ja\u015bkowskiego","potentialAction":[{"@type":"SearchAction","target":{"@type":"EntryPoint","urlTemplate":"https:\/\/gaudiumetspes-blog.pl\/?s={search_term_string}"},"query-input":{"@type":"PropertyValueSpecification","valueRequired":true,"valueName":"search_term_string"}}],"inLanguage":"pl-PL"},{"@type":"Person","@id":"https:\/\/gaudiumetspes-blog.pl\/#\/schema\/person\/1661982992b752dea8dff0d4ed845a65","name":"Ks. Jacek","image":{"@type":"ImageObject","inLanguage":"pl-PL","@id":"https:\/\/gaudiumetspes-blog.pl\/#\/schema\/person\/image\/","url":"https:\/\/gaudiumetspes-blog.pl\/wp-content\/uploads\/2019\/07\/avatar-JJ-150x150.jpg","contentUrl":"https:\/\/gaudiumetspes-blog.pl\/wp-content\/uploads\/2019\/07\/avatar-JJ-150x150.jpg","caption":"Ks. Jacek"},"description":"Witam serdecznie! K\u0142ania si\u0119 Ks. Jacek Ja\u015bkowski. Nie jestem ani kim\u015b wa\u017cnym, ani kim\u015b znanym. Jestem ksi\u0119dzem, kt\u00f3ry po prostu chce rozmawia\u0107. Codzienna kap\u0142a\u0144ska pos\u0142uga pokazuje mi, \u017ce temat\u00f3w do rozm\u00f3w z ksi\u0119dzem jest coraz wi\u0119cej i dzisiaj \u017caden ksi\u0105dz nie mo\u017ce od nich ucieka\u0107, ale - wprost przeciwnie - podejmowa\u0107 nowe wyzwania. To przekonanie sk\u0142oni\u0142o mnie do pr\u00f3by otwarcia tego\u017c bloga, chocia\u017c okazji do rozm\u00f3w na co dzie\u0144 - w konfesjonale i poza nim - na szcz\u0119\u015bcie nie brakuje. My\u015bl\u0119 jednak, \u017ce ten blog b\u0119dzie jeszcze jednym sposobem i przestrzeni\u0105 nawi\u0105zania kontaktu z lud\u017ami dobrej woli, otwartymi na dialog.","url":"https:\/\/gaudiumetspes-blog.pl\/index.php\/author\/ks-jacek\/"}]}},"jetpack_featured_media_url":"","jetpack_sharing_enabled":true,"_links":{"self":[{"href":"https:\/\/gaudiumetspes-blog.pl\/index.php\/wp-json\/wp\/v2\/posts\/17593","targetHints":{"allow":["GET"]}}],"collection":[{"href":"https:\/\/gaudiumetspes-blog.pl\/index.php\/wp-json\/wp\/v2\/posts"}],"about":[{"href":"https:\/\/gaudiumetspes-blog.pl\/index.php\/wp-json\/wp\/v2\/types\/post"}],"author":[{"embeddable":true,"href":"https:\/\/gaudiumetspes-blog.pl\/index.php\/wp-json\/wp\/v2\/users\/1"}],"replies":[{"embeddable":true,"href":"https:\/\/gaudiumetspes-blog.pl\/index.php\/wp-json\/wp\/v2\/comments?post=17593"}],"version-history":[{"count":1,"href":"https:\/\/gaudiumetspes-blog.pl\/index.php\/wp-json\/wp\/v2\/posts\/17593\/revisions"}],"predecessor-version":[{"id":17594,"href":"https:\/\/gaudiumetspes-blog.pl\/index.php\/wp-json\/wp\/v2\/posts\/17593\/revisions\/17594"}],"wp:attachment":[{"href":"https:\/\/gaudiumetspes-blog.pl\/index.php\/wp-json\/wp\/v2\/media?parent=17593"}],"wp:term":[{"taxonomy":"category","embeddable":true,"href":"https:\/\/gaudiumetspes-blog.pl\/index.php\/wp-json\/wp\/v2\/categories?post=17593"},{"taxonomy":"post_tag","embeddable":true,"href":"https:\/\/gaudiumetspes-blog.pl\/index.php\/wp-json\/wp\/v2\/tags?post=17593"}],"curies":[{"name":"wp","href":"https:\/\/api.w.org\/{rel}","templated":true}]}}