{"id":17634,"date":"2020-08-22T08:34:40","date_gmt":"2020-08-22T06:34:40","guid":{"rendered":"https:\/\/gaudiumetspes-blog.pl\/?p=17634"},"modified":"2020-08-22T08:34:40","modified_gmt":"2020-08-22T06:34:40","slug":"bronmy-sie-przed-obluda","status":"publish","type":"post","link":"https:\/\/gaudiumetspes-blog.pl\/index.php\/2020\/08\/22\/bronmy-sie-przed-obluda\/","title":{"rendered":"Bro\u0144my si\u0119 przed ob\u0142ud\u0105!"},"content":{"rendered":"<p align=\"justify\"><span style=\"color: #000000;\"><span style=\"font-family: Book Antiqua, serif;\"><span style=\"font-size: large;\">Szcz\u0119\u015b\u0107 Bo\u017ce! Moi Drodzy, w dniu dzisiejszym <b>imieniny prze\u017cywa Cezary Kryczka, a urodziny prze\u017cywa Katarzyna Baczkura \u2013 Oboje zaanga\u017cowani, w swoim czasie, w dzia\u0142alno\u015b\u0107 m\u0142odzie\u017cowych Wsp\u00f3lnot. \u017bycz\u0119, aby w swoim codziennym post\u0119powaniu potwierdzali to wszystko, w co i w Kogo wierz\u0105. Wi\u0119cej o tym w rozwa\u017caniu. Zapewniam o modlitwie!<\/b><\/span><\/span><\/span><\/p>\n<p align=\"justify\"><span style=\"color: #000000;\"><span style=\"font-family: Book Antiqua, serif;\"><span style=\"font-size: large;\">Bardzo serdecznie dzi\u0119kujemy Ksi\u0119dzu Markowi za wczorajsze s\u0142\u00f3wko z Syberii! Dzielimy wielk\u0105 rado\u015b\u0107 z otwarcia \u015bwi\u0105ty\u0144! Bogu najwy\u017cszemu niech b\u0119d\u0105 dzi\u0119ki! Ja ze swej strony dodam \u2013 nie by\u0142bym sob\u0105, gdybym tego nie doda\u0142: Panie Bo\u017ce, dzi\u0119kujemy za \u201eju\u017c\u201d, ale prosimy o \u201ejeszcze\u201d. Zawsze to m\u00f3wi\u0119 ludziom, kt\u00f3rym za co\u015b dzi\u0119kuj\u0119, dzisiaj pozwalam sobie powiedzie\u0107 to Panu Bogu. Dzi\u0119kujemy za otwarcie \u015bwi\u0105ty\u0144, za mo\u017cliwo\u015b\u0107 przemieszczania si\u0119 i spotykania, ale prosimy o jeszcze szersze otwarcie \u2013 o to, by Ksi\u0105dz Pawe\u0142 m\u00f3g\u0142 na Syberi\u0119 powr\u00f3ci\u0107, a Ksi\u0105dz Marek m\u00f3g\u0142 z Syberii przyjecha\u0107 na urlop. Jestem pewny, \u017ce Pan nie ma nic przeciwko takiej pro\u015bbie.<\/span><\/span><\/span><\/p>\n<p align=\"justify\"><span style=\"color: #000000;\"><span style=\"font-family: Book Antiqua, serif;\"><span style=\"font-size: large;\">Kiedy si\u0119 stanie to, o co prosimy? Odpowied\u017a mamy we wczorajszym czytaniu i w s\u0142\u00f3wku Ksi\u0119dza Marka: B\u00f3g to wie. Na pewno, nie rozmaici malkontenci \u2013 eksperci od wszystkiego \u2013 ale tylko B\u00f3g. Jemu zaufajmy!<\/span><\/span><\/span><\/p>\n<p align=\"justify\"><span style=\"color: #000000;\"><span style=\"font-family: Book Antiqua, serif;\"><span style=\"font-size: large;\">I w\u0142a\u015bnie w duchu tego zaufania, powierzamy Bogu pos\u0142ug\u0119 Ksi\u0119dza Marka, trwaj\u0105c\u0105 ju\u017c jedena\u015bcie lat, i to wszystko, co si\u0119 tam na Syberii aktualnie wyprawia \u2013 w najlepszym rozumieniu tego s\u0142owa! Prosz\u0119, aby\u015bmy stale wspierali te dobre dzie\u0142a modlitw\u0105.<\/span><\/span><\/span><\/p>\n<p align=\"justify\"><span style=\"color: #000000;\"><span style=\"font-family: Book Antiqua, serif;\"><span style=\"font-size: large;\">Dzi\u0119kuj\u0119 Ksi\u0119dzu Markowi za \u017cyczenia imieninowe, dzi\u0119kuj\u0119 za nie wszystkim, kt\u00f3rzy je wci\u0105\u017c przysy\u0142aj\u0105. Dzi\u0119kuj\u0119 tak\u017ce moim wczorajszym Rozm\u00f3wcom w Radiu Podlasie, oraz realizatorowi programu, Panu Krzysztofowi, za wieczorn\u0105 audycj\u0119. B\u0119dzie j\u0105 mo\u017cna znale\u017a\u0107 na stronie Radia, w \u201eArchiwum d\u017awi\u0119k\u00f3w\u201d. Dzi\u0119kuj\u0119 za s\u0142owa wsparcia i \u017cyczliwo\u015bci, jakie z tej okazji do mnie dotar\u0142y.<\/span><\/span><\/span><\/p>\n<p align=\"justify\"><span style=\"color: #000000;\"><span style=\"font-family: Book Antiqua, serif;\"><span style=\"font-size: large;\">A oto dzisiaj \u2013 niespodzianka. Co\u015b nowego na naszym forum \u2013 prawdziwy powiew \u015bwie\u017co\u015bci: s\u0142\u00f3wko Ksi\u0119dza Leszka Mu\u0107ki. Niedawno prze\u017cywali\u015bmy z b\u00f3lem po\u017cegnanie Mamy Ksi\u0119dza Leszka, wspania\u0142ej Pani Teresy, kt\u00f3ra po ci\u0119\u017ckiej chorobie odesz\u0142a do Pana. Ja osobi\u015bcie jestem najg\u0142\u0119biej przekonany \u2013 czego te\u017c wyraz da\u0142em w homilii pogrzebowej \u2013 \u017ce jest Ona ju\u017c szcz\u0119\u015bliwa w Niebie. Prosz\u0119 jednak, aby\u015bmy wszyscy wspierali modlitw\u0105 Ksi\u0119dza Leszka, oraz Marcina, Jego Brata, w tym bardzo trudnym czasie godzenia si\u0119 ze \u015bwiadomo\u015bci\u0105, \u017ce Mamy nie ma ju\u017c na ziemi. Wierzymy jednak \u2013 naprawd\u0119 wierzymy \u2013 \u017ce jest w Niebie.<\/span><\/span><\/span><\/p>\n<p align=\"justify\"><span style=\"color: #000000;\"><span style=\"font-family: Book Antiqua, serif;\"><span style=\"font-size: large;\">Tym bardziej, dzi\u0119kuj\u0119 Ksi\u0119dzu Leszkowi za to, \u017ce zechcia\u0142 dzi\u015b podzieli\u0107 si\u0119 refleksj\u0105 na temat Bo\u017cego s\u0142owa. Jest nadzieja na sta\u0142\u0105 wsp\u00f3\u0142prac\u0119. Rozmowy w toku.<\/span><\/span><\/span><\/p>\n<p align=\"justify\"><span style=\"color: #000000;\"><span style=\"font-family: Book Antiqua, serif;\"><span style=\"font-size: large;\"><b>Niech Was b\u0142ogos\u0142awi B\u00f3g Wszechmog\u0105cy: Ojciec + i Syn, i Duch \u015awi\u0119ty. Amen<\/b><\/span><\/span><\/span><\/p>\n<p align=\"center\"><span style=\"color: #000000;\"><span style=\"font-family: Book Antiqua, serif;\"><span style=\"font-size: large;\">Gaudium et spes! Ks. Jacek<\/span><\/span><\/span><\/p>\n<p align=\"center\">\n<p align=\"center\">\n<p align=\"center\">\n<p align=\"center\">\n<p align=\"center\">\n<p align=\"justify\"><span style=\"color: #000000;\"><span style=\"font-family: Book Antiqua, serif;\"><span style=\"font-size: large;\"><b>Sobota 20 Tygodnia zwyk\u0142ego, rok II,<\/b><\/span><\/span><\/span><\/p>\n<p align=\"justify\"><span style=\"color: #000000;\"><span style=\"font-family: Book Antiqua, serif;\"><span style=\"font-size: large;\"><b>Wspomnienie Naj\u015bwi\u0119tszej Maryi Panny Kr\u00f3lowej,<\/b><\/span><\/span><\/span><\/p>\n<p align=\"justify\"><span style=\"color: #000000;\"><span style=\"font-family: Book Antiqua, serif;\"><span style=\"font-size: large;\"><b>22 sierpnia 2020.,<\/b><\/span><\/span><\/span><\/p>\n<p align=\"justify\"><span style=\"color: #000000;\"><span style=\"font-family: Book Antiqua, serif;\"><span style=\"font-size: large;\"><b>do czyta\u0144: Ez 43,1\u20137a; Mt 23,1\u201312<\/b><\/span><\/span><\/span><\/p>\n<p align=\"justify\">\n<p align=\"justify\">\n<p align=\"justify\">\n<p align=\"justify\">\n<p align=\"justify\">\n<p align=\"justify\"><span style=\"color: #000000;\"><span style=\"font-family: Book Antiqua, serif;\"><span style=\"font-size: large;\"><b>CZYTANIE Z KSI\u0118GI PROROKA EZECHIELA:<\/b><\/span><\/span><\/span><\/p>\n<p align=\"justify\"><span style=\"color: #000000;\"><span style=\"font-family: Book Antiqua, serif;\"><span style=\"font-size: large;\"><b>Anio\u0142 poprowadzi\u0142 mi\u0119 ku bramie, kt\u00f3ra skierowana jest na wsch\u00f3d. I oto chwa\u0142a Boga Izraela przysz\u0142a od wschodu, a g\u0142os Jego by\u0142 jak szum wielu w\u00f3d, a ziemia ja\u015bnia\u0142a od Jego chwa\u0142y. By\u0142o to widzenie r\u00f3wne temu, kt\u00f3re ogl\u0105da\u0142em wtedy, gdy przyszed\u0142, by zniszczy\u0107 miasto, widzenie r\u00f3wne temu, kt\u00f3re ogl\u0105da\u0142em nad rzek\u0105 Kebar. I upad\u0142em na twarz.<\/b><\/span><\/span><\/span><\/p>\n<p align=\"justify\"><span style=\"color: #000000;\"><span style=\"font-family: Book Antiqua, serif;\"><span style=\"font-size: large;\"><b>A chwa\u0142a Pana wesz\u0142a do \u015bwi\u0105tyni przez bram\u0119, kt\u00f3ra skierowana by\u0142a ku wschodowi. Wtedy uni\u00f3s\u0142 mi\u0119 duch i zani\u00f3s\u0142 mi\u0119 do wewn\u0119trznego dziedzi\u0144ca. A oto \u015bwi\u0105tynia pe\u0142na by\u0142a chwa\u0142y Pa\u0144skiej.<\/b><\/span><\/span><\/span><\/p>\n<p align=\"justify\"><span style=\"color: #000000;\"><span style=\"font-family: Book Antiqua, serif;\"><span style=\"font-size: large;\"><b>I us\u0142ysza\u0142em, jak kto\u015b m\u00f3wi\u0142 do mnie od strony \u015bwi\u0105tyni, podczas gdy \u00f3w m\u0105\u017c sta\u0142 jeszcze przy mnie. Rzek\u0142 do mnie: \u201eSynu cz\u0142owieczy, to jest miejsce tronu mojego, miejsce podstawy mych st\u00f3p, gdzie chc\u0119 na wieki mieszka\u0107 po\u015br\u00f3d Izraelit\u00f3w\u201d.<\/b><\/span><\/span><\/span><\/p>\n<p align=\"justify\">\n<p align=\"justify\">\n<p align=\"justify\">\n<p align=\"justify\">\n<p align=\"justify\">\n<p align=\"justify\"><span style=\"color: #000000;\"><span style=\"font-family: Book Antiqua, serif;\"><span style=\"font-size: large;\"><b>S\u0141OWA EWANGELII WED\u0141UG \u015aWI\u0118TEGO MATEUSZA:<\/b><\/span><\/span><\/span><\/p>\n<p align=\"justify\"><span style=\"color: #000000;\"><span style=\"font-family: Book Antiqua, serif;\"><span style=\"font-size: large;\"><b>Jezus przem\u00f3wi\u0142 do t\u0142um\u00f3w i do swych uczni\u00f3w tymi s\u0142owami: <\/b><\/span><\/span><\/span><\/p>\n<p align=\"justify\"><span style=\"color: #000000;\">\u201e<span style=\"font-family: Book Antiqua, serif;\"><span style=\"font-size: large;\"><b>Na katedrze Moj\u017cesza zasiedli uczeni w Pi\u015bmie i faryzeusze. Czy\u0144cie wi\u0119c i zachowujcie wszystko, co wam polec\u0105, lecz uczynk\u00f3w ich nie na\u015bladujcie. M\u00f3wi\u0105 bowiem, ale sami nie czyni\u0105. Wi\u0105\u017c\u0105 ci\u0119\u017cary wielkie i nie do uniesienia i k\u0142ad\u0105 je ludziom na ramiona, lecz sami palcem ruszy\u0107 ich nie chc\u0105. Wszystkie swe uczynki spe\u0142niaj\u0105 w tym celu, \u017ceby si\u0119 ludziom pokaza\u0107. Rozszerzaj\u0105 swoje filakterie i wyd\u0142u\u017caj\u0105 fr\u0119dzle u p\u0142aszcz\u00f3w. Lubi\u0105 zaszczytne miejsca na ucztach i pierwsze krzes\u0142a w synagogach. Chc\u0105, by ich pozdrawiano na rynkach i \u017ceby ludzie nazywali ich Rabbi.<\/b><\/span><\/span><\/span><\/p>\n<p align=\"justify\"><span style=\"color: #000000;\"><span style=\"font-family: Book Antiqua, serif;\"><span style=\"font-size: large;\"><b>Ot\u00f3\u017c wy nie pozwalajcie nazywa\u0107 si\u0119 Rabbi, albowiem jeden jest wasz Nauczyciel, a wy wszyscy bra\u0107mi jeste\u015bcie. Nikogo te\u017c na ziemi nie nazywajcie waszym ojcem; jeden bowiem jest Ojciec wasz, Ten w niebie. Nie chciejcie r\u00f3wnie\u017c, \u017ceby was nazywano mistrzami, bo jeden jest tylko wasz Mistrz, Chrystus.<\/b><\/span><\/span><\/span><\/p>\n<p align=\"justify\"><span style=\"color: #000000;\"><span style=\"font-family: Book Antiqua, serif;\"><span style=\"font-size: large;\"><b>Najwi\u0119kszy z was niech b\u0119dzie waszym s\u0142ug\u0105. Kto si\u0119 wywy\u017csza, b\u0119dzie poni\u017cony, a kto si\u0119 poni\u017ca, b\u0119dzie wywy\u017cszony\u201d.<\/b><\/span><\/span><\/span><\/p>\n<p align=\"justify\">\n<p align=\"justify\">\n<p align=\"justify\">\n<p align=\"justify\">\n<p align=\"justify\">\n<p align=\"center\"><span style=\"color: #000000;\"><span style=\"font-family: Book Antiqua, serif;\"><span style=\"font-size: large;\"><b>A OTO S\u0141\u00d3WKO KSI\u0118DZA LESZKA:<\/b><\/span><\/span><\/span><\/p>\n<p align=\"center\">\n<p align=\"center\">\n<p align=\"center\">\n<p align=\"center\">\n<p align=\"center\">\n<p align=\"justify\"><span style=\"color: #000000;\"><span style=\"font-family: Book Antiqua, serif;\"><span style=\"font-size: large;\">W dzisiejszej Ewangelii Jezus m\u00f3wi do swoich uczni\u00f3w o faryzeuszach i uczonych w Pi\u015bmie, zwracaj\u0105c uwag\u0119 na ich negatywne zachowania, ob\u0142ud\u0119 i brak pokory. I chocia\u017c m\u00f3wi: <i><b>C<\/b><\/i><i><b>zy\u0144cie wi\u0119c i zachowujcie wszystko, co wam polec\u0105,<\/b><\/i> to jednak prosi: <i><b>U<\/b><\/i><i><b>czynk\u00f3w ich nie na\u015bladujcie.<\/b><\/i> <\/span><\/span><\/span><\/p>\n<p align=\"justify\"><span style=\"color: #000000;\"><span style=\"font-family: Book Antiqua, serif;\"><span style=\"font-size: large;\">Jak zauwa\u017camy, to zdanie to dwie sprzeczno\u015bci. Co to bowiem znaczy: <i><b>Czy\u0144cie wi\u0119c i zachowujcie wszystko, co wam polec\u0105, lecz uczynk\u00f3w ich nie na\u015bladujcie?<\/b><\/i><i> <\/i>Dziwne to polecenie troch\u0119\u2026 Ale w dalszych s\u0142owach Jezus wyja\u015bnia, \u017ce ich s\u0142owa \u2013 to co m\u00f3wi\u0105, co przekazuj\u0105 i czemu tak \u0142adnie s\u0142ownie ho\u0142duj\u0105 \u2013 nie odzwierciedlaj\u0105 si\u0119 w ich zachowaniu. Jezus stwierdza: <i><b>M\u00f3wi\u0105 bowiem, ale sami nie czyni\u0105. Wi\u0105\u017c\u0105 ci\u0119\u017cary wielkie i nie do uniesienia i k\u0142ad\u0105 je ludziom na ramiona, lecz sami palcem ruszy\u0107 ich nie chc\u0105. Wszystkie swe uczynki spe\u0142niaj\u0105 w tym celu, \u017ceby si\u0119 ludziom pokaza\u0107.<\/b><\/i><b> <\/b><b>[\u2026] <\/b><i><b>Lubi\u0105 zaszczytne miejsca na ucztach i pierwsze krzes\u0142a w synagogach.<\/b><\/i><\/span><\/span><\/span><\/p>\n<p align=\"justify\"><span style=\"color: #000000;\"><span style=\"font-family: Book Antiqua, serif;\"><span style=\"font-size: large;\">A czy i my nie post\u0119pujemy podobnie? Czy my \u2013 ludzie XXI wieku \u2013 nie przyj\u0119li\u015bmy do naszego \u017cycia, do naszej codzienno\u015bci i \u015bwiadomo\u015bci zachowa\u0144 tych\u017ce faryzeuszy i uczonych w Pi\u015bmie?<\/span><\/span><\/span><\/p>\n<p align=\"justify\"><span style=\"color: #000000;\"><span style=\"font-family: Book Antiqua, serif;\"><span style=\"font-size: large;\">Jak wiele pychy i ob\u0142udy da si\u0119 dostrzec dzi\u015b w wielu sferach naszego \u017cycia.<\/span><\/span><\/span><\/p>\n<p align=\"justify\"><span style=\"color: #000000;\"><span style=\"font-family: Book Antiqua, serif;\"><span style=\"font-size: large;\">Ob\u0142uda przejawia si\u0119 przede wszystkim w dwulicowo\u015bci. Co innego m\u00f3wimy, a co innego robimy. Aby lepiej to zrozumie\u0107, odpowiedzmy sobie na pytania: Jakie mamy autorytety? Kto stawia nam wzory do na\u015bladowania i t\u0142umaczy zjawiska. zachodz\u0105ce we wsp\u00f3\u0142czesnym \u015bwiecie?<\/span><\/span><\/span><\/p>\n<p align=\"justify\"><span style=\"color: #000000;\"><span style=\"font-family: Book Antiqua, serif;\"><span style=\"font-size: large;\">Dzi\u015b kluczow\u0105 rol\u0119 w kszta\u0142towaniu my\u015blenia i dzia\u0142ania cz\u0142owieka spe\u0142niaj\u0105 wszelkiego rodzaju media i internet. To one kreuj\u0105 spos\u00f3b my\u015blenia wsp\u00f3\u0142czesnego cz\u0142owieka. W\u0142a\u015bnie wtedy, kiedy w\u0142\u0105czamy telewizj\u0119, nasz\u0105 uwag\u0119 przykuwaj\u0105 osoby, kt\u00f3re lansuj\u0105 si\u0119 na autorytety, kt\u00f3re maj\u0105 wiele do powiedzenia w r\u00f3\u017cnych dziedzinach \u2013 jako rzekomi znawcy tematu. Wypowiadaj\u0105 si\u0119, doradzaj\u0105, pokazuj\u0105 jak \u017cy\u0107. Najlepiej wiedz\u0105 co jest dobre a co z\u0142e. S\u0105 ekspertami \u201eod wszystkiego\u201d.<\/span><\/span><\/span><\/p>\n<p align=\"justify\"><span style=\"color: #000000;\"><span style=\"font-family: Book Antiqua, serif;\"><span style=\"font-size: large;\">Te osoby \u2013 to tak zwani celebryci. Jak\u017ce cz\u0119sto ci ludzie s\u0105 \u201edrogowskazami\u201d na \u015bcie\u017ckach naszego \u017cycia. Zapatrzeni w nich, ch\u0142oniemy ich wzorce i staramy si\u0119 na\u015bladowa\u0107 ich zachowania, spos\u00f3b my\u015blenia i przekonania. Ich zdanie jest dla nas czym\u015b wa\u017cnym. Staramy si\u0119 nad\u0105\u017cy\u0107 za mod\u0105, kt\u00f3r\u0105 promuj\u0105, a co najgorsze \u2013 staramy si\u0119 nad\u0105\u017cy\u0107 za ich stylem \u017cycia, bo na ekranach telewizyjnych widzimy, jacy s\u0105 szcz\u0119\u015bliwi, u\u015bmiechni\u0119ci i rado\u015bni. <\/span><\/span><\/span><\/p>\n<p align=\"justify\"><span style=\"color: #000000;\"><span style=\"font-family: Book Antiqua, serif;\"><span style=\"font-size: large;\">Ale niestety, jak si\u0119 cz\u0119sto okazuje, \u201eszcz\u0119\u015bcie\u201d, kt\u00f3rym emanuj\u0105, jest nieprawdziwe i u\u0142udne. Jak\u017ce cz\u0119sto s\u0142yszymy o tym, \u017ce ten, czy tamten celebryta ma depresj\u0119, pr\u00f3bowa\u0142 lub pope\u0142ni\u0142 samob\u00f3jstwo. Jak wielu z tych ludzi \u017cyje w zwi\u0105zkach niesakramentalnych, jak wiele jest rozwod\u00f3w, a potem kolejnych i kolejnych zwi\u0105zk\u00f3w.<\/span><\/span><\/span><\/p>\n<p align=\"justify\"><span style=\"color: #000000;\"><span style=\"font-family: Book Antiqua, serif;\"><span style=\"font-size: large;\">Ci\u0105gle pr\u00f3bujemy by\u0107 modni, powtarzamy bez namys\u0142u zas\u0142yszane w mediach tezy i nawet jeste\u015bmy w stanie upodli\u0107 lub poni\u017cy\u0107 drugiego cz\u0142owieka \u2013 w imi\u0119 zasady \u201eBo ja wiem najlepiej!\u201d; albo bez \u017cadnej refleksji, bez \u017cadnej analizy uznajemy \u201emedialn\u0105 prawd\u0119\u201dza prawd\u0119 rzeczywist\u0105.<\/span><\/span><\/span><\/p>\n<p align=\"justify\"><span style=\"color: #000000;\"><span style=\"font-family: Book Antiqua, serif;\"><span style=\"font-size: large;\">Aborcj\u0119 nazywamy \u201e\u017cyciem\u201d (napis na transparentach, noszonych w trakcie ulicznych demonstracji: \u201eAborcja to \u017cycie\u201d\u2026), ewentualnie: prawem kobiety, lub prawem do wolno\u015bci, a eutanazj\u0119 \u2013 wyzwoleniem z cierpienia, godn\u0105 \u015bmierci\u0105. Jak trudno jest si\u0119 nam zastanowi\u0107 nad sensem wypowiadanych s\u0142\u00f3w. Kochamy newsy medialne, nie wg\u0142\u0119biaj\u0105c si\u0119 w ich sens.<\/span><\/span><\/span><\/p>\n<p align=\"justify\"><span style=\"color: #000000;\"><span style=\"font-family: Book Antiqua, serif;\"><span style=\"font-size: large;\">Wierzymy w Boga, chodzimy do ko\u015bcio\u0142a, a wspieramy ustawy godz\u0105ce w \u017cycie, ustawy godz\u0105ce w podstawowe warto\u015bci chrze\u015bcija\u0144skie, wy\u015bmiewamy kap\u0142an\u00f3w, o\u015bmieszamy Ko\u015bci\u00f3\u0142. Jak\u017ce cz\u0119sto chlubimy si\u0119 z tego, czego powinni\u015bmy si\u0119 wstydzi\u0107. To, co dzi\u015b daje pow\u00f3d do dumy, jeszcze kilka lat temu by\u0142o powodem do wstydu. Czy to nie jest ob\u0142uda i dwulicowo\u015b\u0107? <\/span><\/span><\/span><\/p>\n<p align=\"justify\"><span style=\"color: #000000;\"><span style=\"font-family: Book Antiqua, serif;\"><span style=\"font-size: large;\">Nie jeste\u015bmy konsekwentni, nasze zachowania nie s\u0105 sp\u00f3jne z my\u015bleniem, nie mamy swojego zdania. W towarzystwie dostosowujemy si\u0119 do sytuacji i my\u015blenia innych ludzi, z kt\u00f3rymi przebywamy. Nie umiemy zaprotestowa\u0107. gdy kto\u015b publicznie wy\u015bmiewa nasze warto\u015bci, kpi z przykaza\u0144, obra\u017ca i chce wyrzuci\u0107 Boga z przestrzeni publicznej.<\/span><\/span><\/span><\/p>\n<p align=\"justify\"><span style=\"color: #000000;\"><span style=\"font-family: Book Antiqua, serif;\"><span style=\"font-size: large;\">Tak, to prawda \u2013 trudno jest stan\u0105\u0107 w obronie warto\u015bci chrze\u015bcija\u0144skich, bo kiedy pojawia si\u0119 osoba, kt\u00f3ra si\u0119 na to odwa\u017cy, zostaje zakrzyczana, wyzwana od fanatyk\u00f3w, ludzi \u015bredniowiecza i ludzi zacofanych, a tylko dlatego, \u017ce ma odwag\u0119 broni\u0107 swojego zdania.<\/span><\/span><\/span><\/p>\n<p align=\"justify\"><span style=\"color: #000000;\"><span style=\"font-family: Book Antiqua, serif;\"><span style=\"font-size: large;\">Nasze \u017cycie, to ci\u0105g\u0142a gra\u2026 Boimy si\u0119, jak nas oceni\u0105, co o nas powiedz\u0105, a mo\u017ce nast\u0119pnym razem nie b\u0119d\u0105 chcieli mie\u0107 nas w gronie znajomych.<\/span><\/span><\/span><\/p>\n<p align=\"justify\"><span style=\"color: #000000;\"><span style=\"font-family: Book Antiqua, serif;\"><span style=\"font-size: large;\">Jak \u0142atwo wm\u00f3wi\u0107 dzi\u015b naszemu spo\u0142ecze\u0144stwu, \u017ce mo\u017cna sobie wybra\u0107 p\u0142e\u0107, \u017ce ma\u0142\u017ce\u0144stwo to zwi\u0105zek nie tylko kobiety i m\u0119\u017cczyzny, a s\u0142owo: \u201etolerancja\u201d oznacza przede wszystkim tolerancj\u0119 dla z\u0142a.<\/span><\/span><\/span><\/p>\n<p align=\"justify\"><span style=\"color: #000000;\"><span style=\"font-family: Book Antiqua, serif;\"><span style=\"font-size: large;\">Cz\u0142owiek ob\u0142udny zawsze szuka poklasku i patrzy z g\u00f3ry na innych. Uwa\u017ca, \u017ce jest tak m\u0105dry i przebieg\u0142y, i\u017c nikt nie zauwa\u017cy jego oszustwa. Gorszymy si\u0119 post\u0119powaniem innych, a sami po kryjomu czynimy podobnie. Pot\u0119piamy wszelkie akty niemoralne, a sami \u2013 przy nadarzaj\u0105cej si\u0119 okazji \u2013 robimy to samo. Po prostu nie jeste\u015bmy autentyczni.<\/span><\/span><\/span><\/p>\n<p align=\"justify\"><span style=\"color: #000000;\"><span style=\"font-family: Book Antiqua, serif;\"><span style=\"font-size: large;\">Jest jeszcze bardzo wiele aspekt\u00f3w naszego \u017cycia, gdzie pycha i ob\u0142uda graj\u0105 pierwsze skrzypce.<\/span><\/span><\/span><\/p>\n<p align=\"justify\"><span style=\"color: #000000;\"><span style=\"font-family: Book Antiqua, serif;\"><span style=\"font-size: large;\">Niech wi\u0119c puent\u0105 dzisiejszych rozwa\u017ca\u0144 b\u0119d\u0105 s\u0142owa Jana Paw\u0142a II dotycz\u0105ce co prawda dialogu mi\u0119dzyreligijnego, ale jak\u017ce odnosz\u0105ce si\u0119 do ka\u017cdej sfery \u017cycia, naszej codzienno\u015bci. <\/span><\/span><\/span><\/p>\n<p align=\"justify\"><span style=\"color: #000000;\"><span style=\"font-family: Book Antiqua, serif;\"><span style=\"font-size: large;\">Jan Pawe\u0142 II w Encyklice \u201eRedemptoris misio\u201d pisa\u0142: \u201eRozm\u00f3wca musi by\u0107 konsekwentny wzgl\u0119dem w\u0142asnych tradycji i przekona\u0144 religijnych i otwarty na zrozumienie ich u innych, bez ob\u0142udy, czy zamykania si\u0119 w sobie , ale z poczuciem prawdy, pokory i uczciwo\u015bci, \u015bwiadomy, \u017ce dialog mo\u017ce wzbogaci\u0107 ka\u017cdego\u201d\u2026<\/span><\/span><\/span><\/p>\n","protected":false},"excerpt":{"rendered":"<p>Szcz\u0119\u015b\u0107 Bo\u017ce! Moi Drodzy, w dniu dzisiejszym imieniny prze\u017cywa Cezary Kryczka, a urodziny prze\u017cywa Katarzyna Baczkura \u2013 Oboje zaanga\u017cowani, w swoim czasie, w dzia\u0142alno\u015b\u0107 m\u0142odzie\u017cowych Wsp\u00f3lnot. \u017bycz\u0119, aby w swoim codziennym post\u0119powaniu potwierdzali to wszystko, w co i w Kogo wierz\u0105. Wi\u0119cej o tym w rozwa\u017caniu. Zapewniam o modlitwie! Bardzo serdecznie dzi\u0119kujemy Ksi\u0119dzu Markowi za [&hellip;]<\/p>\n","protected":false},"author":1,"featured_media":0,"comment_status":"open","ping_status":"open","sticky":false,"template":"","format":"standard","meta":{"jetpack_post_was_ever_published":false,"_jetpack_newsletter_access":"","_jetpack_dont_email_post_to_subs":false,"_jetpack_newsletter_tier_id":0,"_jetpack_memberships_contains_paywalled_content":false,"_jetpack_memberships_contains_paid_content":false,"footnotes":""},"categories":[1],"tags":[],"class_list":["post-17634","post","type-post","status-publish","format-standard","hentry","category-bez-kategorii"],"yoast_head":"<!-- This site is optimized with the Yoast SEO plugin v25.1 - https:\/\/yoast.com\/wordpress\/plugins\/seo\/ -->\n<title>Bro\u0144my si\u0119 przed ob\u0142ud\u0105! - Gaudium Et Spes<\/title>\n<meta name=\"robots\" content=\"index, follow, max-snippet:-1, max-image-preview:large, max-video-preview:-1\" \/>\n<link rel=\"canonical\" href=\"https:\/\/gaudiumetspes-blog.pl\/index.php\/2020\/08\/22\/bronmy-sie-przed-obluda\/\" \/>\n<meta property=\"og:locale\" content=\"pl_PL\" \/>\n<meta property=\"og:type\" content=\"article\" \/>\n<meta property=\"og:title\" content=\"Bro\u0144my si\u0119 przed ob\u0142ud\u0105! - Gaudium Et Spes\" \/>\n<meta property=\"og:description\" content=\"Szcz\u0119\u015b\u0107 Bo\u017ce! Moi Drodzy, w dniu dzisiejszym imieniny prze\u017cywa Cezary Kryczka, a urodziny prze\u017cywa Katarzyna Baczkura \u2013 Oboje zaanga\u017cowani, w swoim czasie, w dzia\u0142alno\u015b\u0107 m\u0142odzie\u017cowych Wsp\u00f3lnot. \u017bycz\u0119, aby w swoim codziennym post\u0119powaniu potwierdzali to wszystko, w co i w Kogo wierz\u0105. Wi\u0119cej o tym w rozwa\u017caniu. Zapewniam o modlitwie! Bardzo serdecznie dzi\u0119kujemy Ksi\u0119dzu Markowi za [&hellip;]\" \/>\n<meta property=\"og:url\" content=\"https:\/\/gaudiumetspes-blog.pl\/index.php\/2020\/08\/22\/bronmy-sie-przed-obluda\/\" \/>\n<meta property=\"og:site_name\" content=\"Gaudium Et Spes\" \/>\n<meta property=\"article:published_time\" content=\"2020-08-22T06:34:40+00:00\" \/>\n<meta name=\"author\" content=\"Ks. Jacek\" \/>\n<meta name=\"twitter:card\" content=\"summary_large_image\" \/>\n<meta name=\"twitter:label1\" content=\"Napisane przez\" \/>\n\t<meta name=\"twitter:data1\" content=\"Ks. Jacek\" \/>\n\t<meta name=\"twitter:label2\" content=\"Szacowany czas czytania\" \/>\n\t<meta name=\"twitter:data2\" content=\"10 minut\" \/>\n<script type=\"application\/ld+json\" class=\"yoast-schema-graph\">{\"@context\":\"https:\/\/schema.org\",\"@graph\":[{\"@type\":\"WebPage\",\"@id\":\"https:\/\/gaudiumetspes-blog.pl\/index.php\/2020\/08\/22\/bronmy-sie-przed-obluda\/\",\"url\":\"https:\/\/gaudiumetspes-blog.pl\/index.php\/2020\/08\/22\/bronmy-sie-przed-obluda\/\",\"name\":\"Bro\u0144my si\u0119 przed ob\u0142ud\u0105! - Gaudium Et Spes\",\"isPartOf\":{\"@id\":\"https:\/\/gaudiumetspes-blog.pl\/#website\"},\"datePublished\":\"2020-08-22T06:34:40+00:00\",\"author\":{\"@id\":\"https:\/\/gaudiumetspes-blog.pl\/#\/schema\/person\/1661982992b752dea8dff0d4ed845a65\"},\"breadcrumb\":{\"@id\":\"https:\/\/gaudiumetspes-blog.pl\/index.php\/2020\/08\/22\/bronmy-sie-przed-obluda\/#breadcrumb\"},\"inLanguage\":\"pl-PL\",\"potentialAction\":[{\"@type\":\"ReadAction\",\"target\":[\"https:\/\/gaudiumetspes-blog.pl\/index.php\/2020\/08\/22\/bronmy-sie-przed-obluda\/\"]}]},{\"@type\":\"BreadcrumbList\",\"@id\":\"https:\/\/gaudiumetspes-blog.pl\/index.php\/2020\/08\/22\/bronmy-sie-przed-obluda\/#breadcrumb\",\"itemListElement\":[{\"@type\":\"ListItem\",\"position\":1,\"name\":\"Strona g\u0142\u00f3wna\",\"item\":\"https:\/\/gaudiumetspes-blog.pl\/\"},{\"@type\":\"ListItem\",\"position\":2,\"name\":\"Bro\u0144my si\u0119 przed&nbsp;ob\u0142ud\u0105!\"}]},{\"@type\":\"WebSite\",\"@id\":\"https:\/\/gaudiumetspes-blog.pl\/#website\",\"url\":\"https:\/\/gaudiumetspes-blog.pl\/\",\"name\":\"Gaudium Et Spes\",\"description\":\"Blog Ks. Jacka Ja\u015bkowskiego\",\"potentialAction\":[{\"@type\":\"SearchAction\",\"target\":{\"@type\":\"EntryPoint\",\"urlTemplate\":\"https:\/\/gaudiumetspes-blog.pl\/?s={search_term_string}\"},\"query-input\":{\"@type\":\"PropertyValueSpecification\",\"valueRequired\":true,\"valueName\":\"search_term_string\"}}],\"inLanguage\":\"pl-PL\"},{\"@type\":\"Person\",\"@id\":\"https:\/\/gaudiumetspes-blog.pl\/#\/schema\/person\/1661982992b752dea8dff0d4ed845a65\",\"name\":\"Ks. Jacek\",\"image\":{\"@type\":\"ImageObject\",\"inLanguage\":\"pl-PL\",\"@id\":\"https:\/\/gaudiumetspes-blog.pl\/#\/schema\/person\/image\/\",\"url\":\"https:\/\/gaudiumetspes-blog.pl\/wp-content\/uploads\/2019\/07\/avatar-JJ-150x150.jpg\",\"contentUrl\":\"https:\/\/gaudiumetspes-blog.pl\/wp-content\/uploads\/2019\/07\/avatar-JJ-150x150.jpg\",\"caption\":\"Ks. Jacek\"},\"description\":\"Witam serdecznie! K\u0142ania si\u0119 Ks. Jacek Ja\u015bkowski. Nie jestem ani kim\u015b wa\u017cnym, ani kim\u015b znanym. Jestem ksi\u0119dzem, kt\u00f3ry po prostu chce rozmawia\u0107. Codzienna kap\u0142a\u0144ska pos\u0142uga pokazuje mi, \u017ce temat\u00f3w do rozm\u00f3w z ksi\u0119dzem jest coraz wi\u0119cej i dzisiaj \u017caden ksi\u0105dz nie mo\u017ce od nich ucieka\u0107, ale - wprost przeciwnie - podejmowa\u0107 nowe wyzwania. To przekonanie sk\u0142oni\u0142o mnie do pr\u00f3by otwarcia tego\u017c bloga, chocia\u017c okazji do rozm\u00f3w na co dzie\u0144 - w konfesjonale i poza nim - na szcz\u0119\u015bcie nie brakuje. My\u015bl\u0119 jednak, \u017ce ten blog b\u0119dzie jeszcze jednym sposobem i przestrzeni\u0105 nawi\u0105zania kontaktu z lud\u017ami dobrej woli, otwartymi na dialog.\",\"url\":\"https:\/\/gaudiumetspes-blog.pl\/index.php\/author\/ks-jacek\/\"}]}<\/script>\n<!-- \/ Yoast SEO plugin. -->","yoast_head_json":{"title":"Bro\u0144my si\u0119 przed ob\u0142ud\u0105! - Gaudium Et Spes","robots":{"index":"index","follow":"follow","max-snippet":"max-snippet:-1","max-image-preview":"max-image-preview:large","max-video-preview":"max-video-preview:-1"},"canonical":"https:\/\/gaudiumetspes-blog.pl\/index.php\/2020\/08\/22\/bronmy-sie-przed-obluda\/","og_locale":"pl_PL","og_type":"article","og_title":"Bro\u0144my si\u0119 przed ob\u0142ud\u0105! - Gaudium Et Spes","og_description":"Szcz\u0119\u015b\u0107 Bo\u017ce! Moi Drodzy, w dniu dzisiejszym imieniny prze\u017cywa Cezary Kryczka, a urodziny prze\u017cywa Katarzyna Baczkura \u2013 Oboje zaanga\u017cowani, w swoim czasie, w dzia\u0142alno\u015b\u0107 m\u0142odzie\u017cowych Wsp\u00f3lnot. \u017bycz\u0119, aby w swoim codziennym post\u0119powaniu potwierdzali to wszystko, w co i w Kogo wierz\u0105. Wi\u0119cej o tym w rozwa\u017caniu. Zapewniam o modlitwie! Bardzo serdecznie dzi\u0119kujemy Ksi\u0119dzu Markowi za [&hellip;]","og_url":"https:\/\/gaudiumetspes-blog.pl\/index.php\/2020\/08\/22\/bronmy-sie-przed-obluda\/","og_site_name":"Gaudium Et Spes","article_published_time":"2020-08-22T06:34:40+00:00","author":"Ks. Jacek","twitter_card":"summary_large_image","twitter_misc":{"Napisane przez":"Ks. Jacek","Szacowany czas czytania":"10 minut"},"schema":{"@context":"https:\/\/schema.org","@graph":[{"@type":"WebPage","@id":"https:\/\/gaudiumetspes-blog.pl\/index.php\/2020\/08\/22\/bronmy-sie-przed-obluda\/","url":"https:\/\/gaudiumetspes-blog.pl\/index.php\/2020\/08\/22\/bronmy-sie-przed-obluda\/","name":"Bro\u0144my si\u0119 przed ob\u0142ud\u0105! - Gaudium Et Spes","isPartOf":{"@id":"https:\/\/gaudiumetspes-blog.pl\/#website"},"datePublished":"2020-08-22T06:34:40+00:00","author":{"@id":"https:\/\/gaudiumetspes-blog.pl\/#\/schema\/person\/1661982992b752dea8dff0d4ed845a65"},"breadcrumb":{"@id":"https:\/\/gaudiumetspes-blog.pl\/index.php\/2020\/08\/22\/bronmy-sie-przed-obluda\/#breadcrumb"},"inLanguage":"pl-PL","potentialAction":[{"@type":"ReadAction","target":["https:\/\/gaudiumetspes-blog.pl\/index.php\/2020\/08\/22\/bronmy-sie-przed-obluda\/"]}]},{"@type":"BreadcrumbList","@id":"https:\/\/gaudiumetspes-blog.pl\/index.php\/2020\/08\/22\/bronmy-sie-przed-obluda\/#breadcrumb","itemListElement":[{"@type":"ListItem","position":1,"name":"Strona g\u0142\u00f3wna","item":"https:\/\/gaudiumetspes-blog.pl\/"},{"@type":"ListItem","position":2,"name":"Bro\u0144my si\u0119 przed&nbsp;ob\u0142ud\u0105!"}]},{"@type":"WebSite","@id":"https:\/\/gaudiumetspes-blog.pl\/#website","url":"https:\/\/gaudiumetspes-blog.pl\/","name":"Gaudium Et Spes","description":"Blog Ks. Jacka Ja\u015bkowskiego","potentialAction":[{"@type":"SearchAction","target":{"@type":"EntryPoint","urlTemplate":"https:\/\/gaudiumetspes-blog.pl\/?s={search_term_string}"},"query-input":{"@type":"PropertyValueSpecification","valueRequired":true,"valueName":"search_term_string"}}],"inLanguage":"pl-PL"},{"@type":"Person","@id":"https:\/\/gaudiumetspes-blog.pl\/#\/schema\/person\/1661982992b752dea8dff0d4ed845a65","name":"Ks. Jacek","image":{"@type":"ImageObject","inLanguage":"pl-PL","@id":"https:\/\/gaudiumetspes-blog.pl\/#\/schema\/person\/image\/","url":"https:\/\/gaudiumetspes-blog.pl\/wp-content\/uploads\/2019\/07\/avatar-JJ-150x150.jpg","contentUrl":"https:\/\/gaudiumetspes-blog.pl\/wp-content\/uploads\/2019\/07\/avatar-JJ-150x150.jpg","caption":"Ks. Jacek"},"description":"Witam serdecznie! K\u0142ania si\u0119 Ks. Jacek Ja\u015bkowski. Nie jestem ani kim\u015b wa\u017cnym, ani kim\u015b znanym. Jestem ksi\u0119dzem, kt\u00f3ry po prostu chce rozmawia\u0107. Codzienna kap\u0142a\u0144ska pos\u0142uga pokazuje mi, \u017ce temat\u00f3w do rozm\u00f3w z ksi\u0119dzem jest coraz wi\u0119cej i dzisiaj \u017caden ksi\u0105dz nie mo\u017ce od nich ucieka\u0107, ale - wprost przeciwnie - podejmowa\u0107 nowe wyzwania. To przekonanie sk\u0142oni\u0142o mnie do pr\u00f3by otwarcia tego\u017c bloga, chocia\u017c okazji do rozm\u00f3w na co dzie\u0144 - w konfesjonale i poza nim - na szcz\u0119\u015bcie nie brakuje. My\u015bl\u0119 jednak, \u017ce ten blog b\u0119dzie jeszcze jednym sposobem i przestrzeni\u0105 nawi\u0105zania kontaktu z lud\u017ami dobrej woli, otwartymi na dialog.","url":"https:\/\/gaudiumetspes-blog.pl\/index.php\/author\/ks-jacek\/"}]}},"jetpack_featured_media_url":"","jetpack_sharing_enabled":true,"_links":{"self":[{"href":"https:\/\/gaudiumetspes-blog.pl\/index.php\/wp-json\/wp\/v2\/posts\/17634","targetHints":{"allow":["GET"]}}],"collection":[{"href":"https:\/\/gaudiumetspes-blog.pl\/index.php\/wp-json\/wp\/v2\/posts"}],"about":[{"href":"https:\/\/gaudiumetspes-blog.pl\/index.php\/wp-json\/wp\/v2\/types\/post"}],"author":[{"embeddable":true,"href":"https:\/\/gaudiumetspes-blog.pl\/index.php\/wp-json\/wp\/v2\/users\/1"}],"replies":[{"embeddable":true,"href":"https:\/\/gaudiumetspes-blog.pl\/index.php\/wp-json\/wp\/v2\/comments?post=17634"}],"version-history":[{"count":1,"href":"https:\/\/gaudiumetspes-blog.pl\/index.php\/wp-json\/wp\/v2\/posts\/17634\/revisions"}],"predecessor-version":[{"id":17635,"href":"https:\/\/gaudiumetspes-blog.pl\/index.php\/wp-json\/wp\/v2\/posts\/17634\/revisions\/17635"}],"wp:attachment":[{"href":"https:\/\/gaudiumetspes-blog.pl\/index.php\/wp-json\/wp\/v2\/media?parent=17634"}],"wp:term":[{"taxonomy":"category","embeddable":true,"href":"https:\/\/gaudiumetspes-blog.pl\/index.php\/wp-json\/wp\/v2\/categories?post=17634"},{"taxonomy":"post_tag","embeddable":true,"href":"https:\/\/gaudiumetspes-blog.pl\/index.php\/wp-json\/wp\/v2\/tags?post=17634"}],"curies":[{"name":"wp","href":"https:\/\/api.w.org\/{rel}","templated":true}]}}