{"id":17642,"date":"2020-08-26T07:12:31","date_gmt":"2020-08-26T05:12:31","guid":{"rendered":"https:\/\/gaudiumetspes-blog.pl\/?p=17642"},"modified":"2020-08-26T07:12:31","modified_gmt":"2020-08-26T05:12:31","slug":"tu-zawsze-bylismy-wolni","status":"publish","type":"post","link":"https:\/\/gaudiumetspes-blog.pl\/index.php\/2020\/08\/26\/tu-zawsze-bylismy-wolni\/","title":{"rendered":"Tu zawsze byli\u015bmy wolni!"},"content":{"rendered":"<p align=\"justify\"><span style=\"color: #000000;\"><span style=\"font-family: Book Antiqua, serif;\"><span style=\"font-size: large;\">Niech b\u0119dzie pochwalony Jezus Chrystus! Moi Drodzy, w dniu dzisiejszym <b>rocznic\u0119 \u015blubu prze\u017cywaj\u0105 Micha\u0142 i Natalia Ja\u015bkowscy, czyli m\u00f3j Brat stryjeczny i Jego \u017bona. Niech Im Pan b\u0142ogos\u0142awi w codziennym kszta\u0142towaniu atmosfery domowego Ko\u015bcio\u0142a <\/b><b>w <\/b><b>Ich domu! Zapewniam o modlitwie.<\/b><\/span><\/span><\/span><\/p>\n<p align=\"justify\"><span style=\"color: #000000;\"><span style=\"font-family: Book Antiqua, serif;\"><span style=\"font-size: large;\">Moi Drodzy, chocia\u017c dzisiaj nie ma obowi\u0105zku uczestniczenia we Mszy \u015awi\u0119tej, to jednak bardzo serdecznie \u2013 na miar\u0119 mo\u017cliwo\u015bci \u2013 do tego zach\u0119cam. <\/span><\/span><\/span><\/p>\n<p align=\"justify\"><span style=\"color: #000000;\"><span style=\"font-family: Book Antiqua, serif;\"><span style=\"font-size: large;\">Serdecznie pozdrawiam, wraz z moj\u0105 Ekip\u0105, z Fr\u0105cek, nad Czarn\u0105 Ha\u0144cz\u0105. Od lat tutaj zatrzymujemy si\u0119 na naszym kajakowym szlaku. Wczoraj kilka razy Niebo pokropi\u0142o nas wod\u0105 \u2013 nie wiem, czy \u015bwi\u0119con\u0105. Ale generalnie pogoda jest wyborna: jest ciep\u0142o, ale bez upa\u0142u. Na Czarnej Ha\u0144czy nie ma ju\u017c o tej porze zbyt wielu kajakarzy, chocia\u017c jeszcze spotykamy ma\u0142e grupki.<\/span><\/span><\/span><\/p>\n<p align=\"justify\"><span style=\"color: #000000;\"><span style=\"font-family: Book Antiqua, serif;\"><span style=\"font-size: large;\">Dzisiaj \u2013 je\u015bli B\u00f3g pozwoli \u2013 dop\u0142yniemy do Mikasz\u00f3wki, gdzie oczekuje nas ju\u017c Proboszcz tej Parafii, Ksi\u0105dz Andrzej Borkowski. W ten spos\u00f3b wchodzimy w pi\u0119kn\u0105 tradycj\u0119 tej Parafii \u2013 tradycj\u0119, kt\u00f3r\u0105 tworzy\u0142 przed laty Ksi\u0105dz Karol Wojty\u0142a, tak\u017ce zatrzymuj\u0105c si\u0119 tam z M\u0142odzie\u017c\u0105, z kt\u00f3r\u0105 p\u0142yn\u0105\u0142 na kajakach. <\/span><\/span><\/span><\/p>\n<p align=\"justify\"><span style=\"color: #000000;\"><span style=\"font-family: Book Antiqua, serif;\"><span style=\"font-size: large;\">Jego wstawiennictwu powierzajmy obecn\u0105 M\u0142odzie\u017c, tak\u017ce akademick\u0105, a z racji Uroczysto\u015bci, kt\u00f3r\u0105 prze\u017cywamy, prosimy, aby opiekowa\u0142 si\u0119 ca\u0142\u0105 nasz\u0105 Ojczyzn\u0105.<\/span><\/span><\/span><\/p>\n<p align=\"justify\"><span style=\"color: #000000;\"><span style=\"font-family: Book Antiqua, serif;\"><span style=\"font-size: large;\">I w\u0142a\u015bnie, na g\u0142\u0119bokie i radosne prze\u017cywanie dzisiejszej Uroczysto\u015bci \u2013 <b>niech Was b\u0142ogos\u0142awi B\u00f3g Wszechmog\u0105cy: Ojciec + i Syn, i Duch \u015awi\u0119ty. Amen<\/b><\/span><\/span><\/span><\/p>\n<p align=\"center\"><span style=\"color: #000000;\"><span style=\"font-family: Book Antiqua, serif;\"><span style=\"font-size: large;\">Gaudium et spes! Ks. Jacek<\/span><\/span><\/span><\/p>\n<p align=\"center\">\n<p align=\"center\">\n<p align=\"center\">\n<p align=\"center\">\n<p align=\"center\">\n<p align=\"justify\"><span style=\"color: #000000;\"><span style=\"font-family: Book Antiqua, serif;\"><span style=\"font-size: large;\"><b>Uroczysto\u015b\u0107 Naj\u015bwi\u0119tszej Maryi Panny Cz\u0119stochowskiej,<\/b><\/span><\/span><\/span><\/p>\n<p align=\"justify\"><span style=\"color: #000000;\"><span style=\"font-family: Book Antiqua, serif;\"><span style=\"font-size: large;\"><b>26 sierpnia 2020.,<\/b><\/span><\/span><\/span><\/p>\n<p align=\"justify\"><span style=\"color: #000000;\"><span style=\"font-family: Book Antiqua, serif;\"><span style=\"font-size: large;\"><b>do czyta\u0144 z t. VI Lekcjonarza: <\/b><\/span><\/span><\/span><\/p>\n<p align=\"justify\"><span style=\"color: #000000;\"> <span style=\"font-family: Book Antiqua, serif;\"><span style=\"font-size: large;\"><b>Prz 8,22\u201335 albo: Iz 2,2\u20135; Ga 4,4\u20137; J 2,1\u201311<\/b><\/span><\/span><\/span><\/p>\n<p align=\"justify\">\n<p align=\"justify\">\n<p align=\"justify\">\n<p align=\"justify\">\n<p align=\"justify\">\n<p align=\"justify\"><span style=\"color: #000000;\"><span style=\"font-family: Book Antiqua, serif;\"><span style=\"font-size: large;\"><b>CZYTANIE Z KSI\u0118GI PRZYS\u0141\u00d3W:<\/b><\/span><\/span><\/span><\/p>\n<p align=\"justify\"><span style=\"color: #000000;\"><span style=\"font-family: Book Antiqua, serif;\"><span style=\"font-size: large;\"><b>To m\u00f3wi M\u0105dro\u015b\u0107 Bo\u017ca: \u201ePan mnie stworzy\u0142, swe arcydzie\u0142o, przed swymi czynami, od dawna, od wiek\u00f3w jestem stworzona, od pocz\u0105tku, nim ziemia powsta\u0142a.<\/b><\/span><\/span><\/span><\/p>\n<p align=\"justify\"><span style=\"color: #000000;\"><span style=\"font-family: Book Antiqua, serif;\"><span style=\"font-size: large;\"><b>Jestem zrodzona, gdy jeszcze bezmiar w\u00f3d nie istnia\u0142 ani \u017ar\u00f3d\u0142a, co wod\u0105 tryskaj\u0105, i zanim g\u00f3ry stan\u0119\u0142y. Pocz\u0119ta jestem przed pag\u00f3rkami, nim ziemi\u0119 i pola uczyni\u0142, pocz\u0105tek py\u0142u na ziemi.<\/b><\/span><\/span><\/span><\/p>\n<p align=\"justify\"><span style=\"color: #000000;\"><span style=\"font-family: Book Antiqua, serif;\"><span style=\"font-size: large;\"><b>Gdy niebo umacnia\u0142, z Nim by\u0142am, gdy kre\u015bli\u0142 sklepienie nad bezmiarem w\u00f3d, gdy w g\u00f3rze utwierdza\u0142 ob\u0142oki, gdy \u017ar\u00f3d\u0142a wielkiej otch\u0142ani umacnia\u0142, gdy morzu stawia\u0142 granice, by wody z brzeg\u00f3w nie wysz\u0142y, gdy kre\u015bli\u0142 fundamenty pod ziemi\u0119. Ja by\u0142am przy Nim mistrzyni\u0105, rozkosz\u0105 Jego dzie\u0144 po dniu, ca\u0142y czas igraj\u0105c przed Nim, igraj\u0105c na okr\u0119gu ziemi, znajduj\u0105c rado\u015b\u0107 przy synach ludzkich.<\/b><\/span><\/span><\/span><\/p>\n<p align=\"justify\"><span style=\"color: #000000;\"><span style=\"font-family: Book Antiqua, serif;\"><span style=\"font-size: large;\"><b>Wi\u0119c teraz, synowie, s\u0142uchajcie mnie, szcz\u0119\u015bliwi, co dr\u00f3g moich strzeg\u0105. Przyjmijcie nauk\u0119 i sta\u0144cie si\u0119 m\u0105drzy, poucze\u0144 mych nie odrzucajcie. B\u0142ogos\u0142awiony ten, kto mnie s\u0142ucha, kto co dzie\u0144 u drzwi moich czeka, by czuwa\u0107 u progu mej bramy, bo kto mnie znajdzie, ten znajdzie \u017cycie i uzyska \u0142ask\u0119 u Pana\u00bb.<\/b><\/span><\/span><\/span><\/p>\n<p align=\"justify\">\n<p align=\"justify\">\n<p align=\"justify\">\n<p align=\"justify\">\n<p align=\"justify\">\n<p align=\"center\"><span style=\"color: #000000;\"><span style=\"font-family: Book Antiqua, serif;\"><span style=\"font-size: large;\"><b>ALBO:<\/b><\/span><\/span><\/span><\/p>\n<p align=\"center\">\n<p align=\"center\">\n<p align=\"center\">\n<p align=\"center\">\n<p align=\"center\">\n<p align=\"justify\"><span style=\"color: #000000;\"><span style=\"font-family: Book Antiqua, serif;\"><span style=\"font-size: large;\"><b>CZYTANIE Z KSI\u0118GI PROROKA IZAJASZA:<\/b><\/span><\/span><\/span><\/p>\n<p align=\"justify\"><span style=\"color: #000000;\"><span style=\"font-family: Book Antiqua, serif;\"><span style=\"font-size: large;\"><b>Stanie si\u0119 na ko\u0144cu czas\u00f3w, \u017ce g\u00f3ra \u015bwi\u0105tyni Pana stanie mocno na wierzchu g\u00f3r i wystrzeli ponad pag\u00f3rki.<\/b><\/span><\/span><\/span><\/p>\n<p align=\"justify\"><span style=\"color: #000000;\"><span style=\"font-family: Book Antiqua, serif;\"><span style=\"font-size: large;\"><b>Wszystkie narody do niej pop\u0142yn\u0105, mnogie ludy p\u00f3jd\u0105 i rzekn\u0105: \u201eChod\u017acie, wst\u0105pmy na G\u00f3r\u0119 Pana do \u015bwi\u0105tyni Boga Jakuba. Niech nas nauczy dr\u00f3g swoich, by\u015bmy kroczyli Jego \u015bcie\u017ckami. Bo Prawo wyjdzie z Syjonu i s\u0142owo Pana z Jeruzalem\u201d.<\/b><\/span><\/span><\/span><\/p>\n<p align=\"justify\"><span style=\"color: #000000;\"><span style=\"font-family: Book Antiqua, serif;\"><span style=\"font-size: large;\"><b>On b\u0119dzie rozjemc\u0105 pomi\u0119dzy ludami i wyda wyroki dla licznych narod\u00f3w. Wtedy swe miecze przekuj\u0105 na lemiesze, a swoje w\u0142\u00f3cznie na sierpy. Nar\u00f3d przeciw narodowi nie podniesie miecza, nie b\u0119d\u0105 si\u0119 wi\u0119cej zaprawia\u0107 do wojny.<\/b><\/span><\/span><\/span><\/p>\n<p align=\"justify\"><span style=\"color: #000000;\"><span style=\"font-family: Book Antiqua, serif;\"><span style=\"font-size: large;\"><b>Chod\u017acie, domu Jakuba, post\u0119pujmy w \u015bwiat\u0142o\u015bci Pana.<\/b><\/span><\/span><\/span><\/p>\n<p align=\"justify\">\n<p align=\"justify\">\n<p align=\"justify\">\n<p align=\"justify\">\n<p align=\"justify\">\n<p align=\"justify\"><span style=\"color: #000000;\"><span style=\"font-family: Book Antiqua, serif;\"><span style=\"font-size: large;\"><b>CZYTANIE Z LISTU \u015aWI\u0118TEGO PAW\u0141A APOSTO\u0141A DO GALAT\u00d3W:<\/b><\/span><\/span><\/span><\/p>\n<p align=\"justify\"><span style=\"color: #000000;\"><span style=\"font-family: Book Antiqua, serif;\"><span style=\"font-size: large;\"><b>Bracia: Gdy nadesz\u0142a pe\u0142nia czasu, B\u00f3g zes\u0142a\u0142 swojego Syna, zrodzonego z niewiasty, zrodzonego pod Prawem, aby wykupi\u0142 tych, kt\u00f3rzy podlegali Prawu, aby\u015bmy mogli otrzyma\u0107 przybrane synostwo. Na dow\u00f3d tego, \u017ce jeste\u015bcie synami, B\u00f3g wys\u0142a\u0142 do serc naszych Ducha Syna swego, kt\u00f3ry wo\u0142a: \u201eAbba, Ojcze\u201d. A zatem nie jeste\u015b ju\u017c niewolnikiem, lecz synem. Je\u017celi za\u015b synem, to i dziedzicem z woli Bo\u017cej.<\/b><\/span><\/span><\/span><\/p>\n<p align=\"justify\">\n<p align=\"justify\">\n<p align=\"justify\">\n<p align=\"justify\">\n<p align=\"justify\">\n<p align=\"justify\"><span style=\"color: #000000;\"><span style=\"font-family: Book Antiqua, serif;\"><span style=\"font-size: large;\"><b>S\u0141OWA EWANGELII WED\u0141UG \u015aWI\u0118TEGO JANA:<\/b><\/span><\/span><\/span><\/p>\n<p align=\"justify\"><span style=\"color: #000000;\"><span style=\"font-family: Book Antiqua, serif;\"><span style=\"font-size: large;\"><b>W Kanie Galilejskiej odbywa\u0142o si\u0119 wesele i by\u0142a tam Matka Jezusa.<\/b><\/span><\/span><\/span><\/p>\n<p align=\"justify\"><span style=\"color: #000000;\"><span style=\"font-family: Book Antiqua, serif;\"><span style=\"font-size: large;\"><b>Zaproszono na to wesele tak\u017ce Jezusa i Jego uczni\u00f3w. A kiedy zabrak\u0142o wina, Matka Jezusa m\u00f3wi do Niego: \u201eNie maj\u0105 ju\u017c wina\u201d.<\/b><\/span><\/span><\/span><\/p>\n<p align=\"justify\"><span style=\"color: #000000;\"><span style=\"font-family: Book Antiqua, serif;\"><span style=\"font-size: large;\"><b>Jezus Jej odpowiedzia\u0142: \u201eCzy\u017c to moja lub Twoja sprawa, Niewiasto? Jeszcze nie nadesz\u0142a godzina moja\u201d.<\/b><\/span><\/span><\/span><\/p>\n<p align=\"justify\"><span style=\"color: #000000;\"><span style=\"font-family: Book Antiqua, serif;\"><span style=\"font-size: large;\"><b>Wtedy Matka Jego powiedzia\u0142a do s\u0142ug: \u201eZr\u00f3bcie wszystko, cokolwiek wam powie\u201d.<\/b><\/span><\/span><\/span><\/p>\n<p align=\"justify\"><span style=\"color: #000000;\"><span style=\"font-family: Book Antiqua, serif;\"><span style=\"font-size: large;\"><b>Sta\u0142o za\u015b tam sze\u015b\u0107 st\u0105gwi kamiennych przeznaczonych do \u017cydowskich oczyszcze\u0144, z kt\u00f3rych ka\u017cda mog\u0142a pomie\u015bci\u0107 dwie lub trzy miary.<\/b><\/span><\/span><\/span><\/p>\n<p align=\"justify\"><span style=\"color: #000000;\"><span style=\"font-family: Book Antiqua, serif;\"><span style=\"font-size: large;\"><b>Rzek\u0142 do nich Jezus: \u201eNape\u0142nijcie st\u0105gwie wod\u0105\u201d. I nape\u0142nili je a\u017c po brzegi. Potem do nich powiedzia\u0142: \u201eZaczerpnijcie teraz i zanie\u015bcie staro\u015bcie weselnemu\u201d. Ci za\u015b zanie\u015bli.<\/b><\/span><\/span><\/span><\/p>\n<p align=\"justify\"><span style=\"color: #000000;\"><span style=\"font-family: Book Antiqua, serif;\"><span style=\"font-size: large;\"><b>A gdy starosta weselny skosztowa\u0142 wody, kt\u00f3ra sta\u0142a si\u0119 winem, i nie wiedzia\u0142, sk\u0105d ono pochodzi, ale s\u0142udzy, kt\u00f3rzy czerpali wod\u0119, wiedzieli, przywo\u0142a\u0142 pana m\u0142odego i powiedzia\u0142 do niego: \u201eKa\u017cdy cz\u0142owiek stawia najpierw dobre wino, a gdy si\u0119 napij\u0105, w\u00f3wczas gorsze. Ty zachowa\u0142e\u015b dobre wino a\u017c do tej pory\u201d.<\/b><\/span><\/span><\/span><\/p>\n<p align=\"justify\"><span style=\"color: #000000;\"><span style=\"font-family: Book Antiqua, serif;\"><span style=\"font-size: large;\"><b>Taki to pocz\u0105tek znak\u00f3w uczyni\u0142 Jezus w Kanie Galilejskiej. Objawi\u0142 swoj\u0105 chwa\u0142\u0119 i uwierzyli w Niego Jego uczniowie.<\/b><\/span><\/span><\/span><\/p>\n<p align=\"justify\">\n<p align=\"justify\">\n<p align=\"justify\">\n<p align=\"justify\">\n<p align=\"justify\">\n<p align=\"justify\"><span style=\"color: #000000;\"><span style=\"font-size: large;\"><span style=\"font-family: Book Antiqua, serif;\">W\u015br\u00f3d setek polskich sanktuari\u00f3w Maryjnych, <\/span><span style=\"font-family: Book Antiqua, serif;\"><b>Jasna G\u00f3ra ma swoje pierwsze i uprzywilejowane miejsce.<\/b><\/span><span style=\"font-family: Book Antiqua, serif;\"> Rocznie to sanktuarium nawiedza od miliona do dw\u00f3ch milion\u00f3w pielgrzym\u00f3w. Przybywaj\u0105, by modli\u0107 si\u0119 przed <\/span><span style=\"font-family: Book Antiqua, serif;\"><b>cudownym obrazem Matki Bo\u017cej Cz\u0119stochowskiej, <\/b><\/span><span style=\"font-family: Book Antiqua, serif;\">s\u0142yn\u0105cym wieloma \u0142askami i na trwa\u0142e wpisanym w dzieje Polski. <\/span><\/span><\/span><\/p>\n<p align=\"justify\"><span style=\"color: #000000;\"><span style=\"font-size: large;\"><span style=\"font-family: Book Antiqua, serif;\">Tradycja g\u0142osi, \u017ce obraz zosta\u0142 <\/span><span style=\"font-family: Book Antiqua, serif;\"><b>namalowany przez \u015awi\u0119tego \u0141ukasza Ewangelist\u0119 na desce sto\u0142u z domu \u015awi\u0119tej Rodziny w Nazarecie.<\/b><\/span><span style=\"font-family: Book Antiqua, serif;\"> Wizerunek z Jerozolimy do Konstantynopola mia\u0142 przewie\u017a\u0107 cesarz Konstantyn. S\u0142u\u017c\u0105cy w wojsku cesarskim ksi\u0105\u017c\u0119 ruski Lew zapragn\u0105\u0142 przenie\u015b\u0107 obraz na Ru\u015b. Cesarz podarowa\u0142 mu wizerunek <\/span><span style=\"font-family: Book Antiqua, serif;\"><b>i od tego czasu obraz otaczany by\u0142 na Rusi wielk\u0105 czci\u0105.<\/b><\/span><span style=\"font-family: Book Antiqua, serif;\"> W tym czasie prawdopodobnie zosta\u0142 zraniony strza\u0142\u0105 w czasie bitwy. W czasie walk prowadzonych przez Kazimierza Wielkiego i Ludwika W\u0119gierskiego na Rusi, obraz ukryto w zamku w Be\u0142zie. <\/span><\/span><\/span><\/p>\n<p align=\"justify\"><span style=\"color: #000000;\"><span style=\"font-size: large;\"><span style=\"font-family: Book Antiqua, serif;\"><b>W roku 1382 znalaz\u0142 go tam ksi\u0105\u017c\u0119 W\u0142adys\u0142aw Opolczyk.<\/b><\/span><span style=\"font-family: Book Antiqua, serif;\"> Doznaj\u0105c wielu \u0142ask przez wstawiennictwo Matki Bo\u017cej, zabra\u0142 <\/span><span style=\"font-family: Book Antiqua, serif;\">on <\/span><span style=\"font-family: Book Antiqua, serif;\">O<\/span><span style=\"font-family: Book Antiqua, serif;\">braz i przywi\u00f3z\u0142 do Cz\u0119stochowy. Przy czym, <\/span><span style=\"font-family: Book Antiqua, serif;\"><b>obecny obraz jasnog\u00f3rski jest wiern\u0105 kopi\u0105 obrazu pierwotnego,<\/b><\/span> <span style=\"font-family: Book Antiqua, serif;\"><b>kt\u00f3ry uleg\u0142 ca\u0142kowitemu zniszczeniu w roku 1430. <\/b><\/span><span style=\"font-family: Book Antiqua, serif;\">Oto bowiem,<\/span><b> <\/b><span style=\"font-family: Book Antiqua, serif;\">na Wielkanoc 1430 roku dwaj panowie polscy i ksi\u0105\u017c\u0119 ruski dokonali <\/span><span style=\"font-family: Book Antiqua, serif;\"><b>napa\u015bci na Jasn\u0105 G\u00f3r\u0119. <\/b><\/span><span style=\"font-family: Book Antiqua, serif;\">Dla zatarcia \u015blad\u00f3w pos\u0142u\u017cyli si\u0119 bandami husyckimi, grasuj\u0105cymi na \u015al\u0105sku. W tym czasie <\/span><span style=\"font-family: Book Antiqua, serif;\"><b>klasztor s\u0142yn\u0105\u0142 ju\u017c z powodu cudownych \u0142ask,<\/b><\/span><span style=\"font-family: Book Antiqua, serif;\"> otrzymywanych dzi\u0119ki modlitwie do Maryi. <\/span><\/span><\/span><\/p>\n<p align=\"justify\"><span style=\"color: #000000;\"><span style=\"font-size: large;\"><span style=\"font-family: Book Antiqua, serif;\">Napastnicy s\u0105dzili zatem, \u017ce w klasztorze s\u0105 jakie\u015b wielkie bogactwa i skarby, bo \u015bci\u0105ga\u0142y do niego rzesze pielgrzym\u00f3w. Kiedy okaza\u0142o si\u0119, \u017ce wyposa\u017cenie klasztoru jest do\u015b\u0107 skromne, ukradli naczynia i sprz\u0119ty liturgiczne, kielichy, krzy\u017ce i ozdoby. <\/span><span style=\"font-family: Book Antiqua, serif;\"><b>Odarli tak\u017ce Cudowny Obraz ze z\u0142ota i klejnot\u00f3w,<\/b><\/span><span style=\"font-family: Book Antiqua, serif;\"> kt\u00f3rymi przyozdobili go pobo\u017cni pielgrzymi. Wreszcie <\/span><span style=\"font-family: Book Antiqua, serif;\"><b>szabl\u0105 przeci\u0119li twarz Maryi. <\/b><\/span><span style=\"font-family: Book Antiqua, serif;\">Do dzi\u015b pozosta\u0142y na Obrazie <\/span><span style=\"font-family: Book Antiqua, serif;\">znaki<\/span><span style=\"font-family: Book Antiqua, serif;\"> tej napa\u015bci \u2013 s\u0105 nimi <\/span><span style=\"font-family: Book Antiqua, serif;\"><b>dwa r\u00f3wnoleg\u0142e \u015blady ci\u0119cia miecza na policzku Maryi, oraz trzecie \u2013 na linii nosa,<\/b><\/span><span style=\"font-family: Book Antiqua, serif;\"> oraz kilka podobnych, cho\u0107 znacznie mniejszych ci\u0119\u0107 na szyi.<\/span><\/span><\/span><\/p>\n<p align=\"justify\"><span style=\"color: #000000;\"><span style=\"font-size: large;\"><span style=\"font-family: Book Antiqua, serif;\">Pierwotny Obraz jasnog\u00f3rski <\/span><span style=\"font-family: Book Antiqua, serif;\"><b>m\u00f3g\u0142 pochodzi\u0107 z VII wieku.<\/b><\/span><span style=\"font-family: Book Antiqua, serif;\"> By\u0142by to wi\u0119c jeden z najstarszych na \u015bwiecie wizerunk\u00f3w Matki Bo\u017cej. Obecny Obraz, namalowany na drewnianej tablicy, zalicza si\u0119 do ikon bizantyjskich, okre\u015blanych nazw\u0105 \u201e<\/span><span style=\"font-family: Book Antiqua, serif;\">Hodegetria\u201d<\/span><span style=\"font-family: Book Antiqua, serif;\"><i>,<\/i><\/span><span style=\"font-family: Book Antiqua, serif;\"> co oznacza \u201eT\u0119, kt\u00f3ra prowadzi\u201d. Obraz jest <\/span><span style=\"font-family: Book Antiqua, serif;\"><b>u\u0142o\u017cony na trzech deseczkach lipowych, sklejonych, na kt\u00f3re zosta\u0142a po\u0142o\u017cona zaprawa kredowa,<\/b><\/span><span style=\"font-family: Book Antiqua, serif;\"> gruba na dwa, trzy milimetry. Samo malowid\u0142o po\u0142o\u017cono na p\u0142\u00f3tnie, temper\u0105. Obraz jasnog\u00f3rski by\u0142 kilka razy odnawiany.<\/span><\/span><\/span><\/p>\n<p align=\"justify\"><span style=\"color: #000000;\"><span style=\"font-size: large;\"><span style=\"font-family: Book Antiqua, serif;\">Ksi\u0119gi klasztoru cz\u0119stochowskiego potwierdzaj\u0105 <\/span><span style=\"font-family: Book Antiqua, serif;\"><b>niezwyk\u0142e fakty,<\/b><\/span><span style=\"font-family: Book Antiqua, serif;\"> zwi\u0105zane z cudownym Wizerunkiem. Zapisywano je skrz\u0119tnie w osobnej ksi\u0119dze \u0142ask. <\/span><span style=\"font-family: Book Antiqua, serif;\"><b>Najstarszy zachowany opis cudownego uzdrowienia pochodzi z roku 1402.<\/b><\/span><span style=\"font-family: Book Antiqua, serif;\"> O s\u0142awie jasnog\u00f3rskiego Obrazu \u015bwiadczy r\u00f3wnie\u017c to, \u017ce ju\u017c w owych czasach sporz\u0105dzano jego kopie. <\/span><\/span><\/span><\/p>\n<p align=\"justify\"><span style=\"color: #000000;\"><span style=\"font-size: large;\"><span style=\"font-family: Book Antiqua, serif;\">Na Jasnej G\u00f3rze wielokrotnie <\/span><span style=\"font-family: Book Antiqua, serif;\"><b>modlili si\u0119 polscy kr\u00f3lowie i ksi\u0105\u017c\u0119ta.<\/b><\/span><span style=\"font-family: Book Antiqua, serif;\"> A w roku 1655 mia\u0142a miejsce s\u0142ynna obrona klasztoru, rozpocz\u0119ta atakiem wojsk szwedzkich, <\/span><span style=\"font-family: Book Antiqua, serif;\"><b>9 listopada 1655 roku, a zako\u0144czona ich zupe\u0142nym odparciem w dniu 9 kwietnia 1656 roku.<\/b><\/span><span style=\"font-family: Book Antiqua, serif;\"> W latach drugiej wojny \u015bwiatowej obraz znajdowa\u0142 si\u0119 w ukryciu. <\/span><\/span><\/span><\/p>\n<p align=\"justify\"><span style=\"color: #000000;\"><span style=\"font-size: large;\"><span style=\"font-family: Book Antiqua, serif;\">Pierwsza papieska koronacja Obrazu jasnog\u00f3rskiego mia\u0142a miejsce w 1717 roku. A <\/span><span style=\"font-family: Book Antiqua, serif;\"><b>najbardziej znana i uroczysta koronacja odby\u0142a si\u0119 w 1966 roku,<\/b><\/span><span style=\"font-family: Book Antiqua, serif;\"> w ramach obchodu Tysi\u0105clecia Chrztu Polski. Dokona\u0142 jej Prymas Tysi\u0105clecia, S\u0142uga Bo\u017cy, Stefan Kardyna\u0142 Wyszy\u0144ski, wielki Czciciel Maryi Jasnog\u00f3rskiej. Wcze\u015bniej jeszcze, bo w roku 1957, na apel Prymasa Tysi\u0105clecia, <\/span><span style=\"font-family: Book Antiqua, serif;\"><b>Polska rozpocz\u0119\u0142a Wielk\u0105 Nowenn\u0119,<\/b><\/span><span style=\"font-family: Book Antiqua, serif;\"> aby przygotowa\u0107 ca\u0142y nar\u00f3d do obchod\u00f3w tysi\u0105clecia przyj\u0119cia Chrztu. R\u00f3wnocze\u015bnie zarz\u0105dzono <\/span><span style=\"font-family: Book Antiqua, serif;\"><b>peregrynacj\u0119, czyli w\u0119dr\u00f3wk\u0119 \u2013 nawiedzanie kopii cudownego Obrazu Matki Boskiej Cz\u0119stochowskiej <\/b><\/span><span style=\"font-family: Book Antiqua, serif;\">po wszystkich diecezjach i parafiach. <\/span><\/span><\/span><\/p>\n<p align=\"justify\"><span style=\"color: #000000;\"><span style=\"font-size: large;\"><span style=\"font-family: Book Antiqua, serif;\">W dniu 26 sierpnia 1956 roku, a wi\u0119c w trzysta lat od \u015blub\u00f3w kr\u00f3la Jana Kazimierza, z\u0142o\u017conych przed obrazem Matki Boskiej \u0141askawej we Lwowie, Episkopat Polski \u2013 pod nieobecno\u015b\u0107 uwi\u0119zionego Prymasa Wyszy\u0144skiego \u2013 w obecno\u015bci <\/span><span style=\"font-family: Book Antiqua, serif;\"><b>oko\u0142o miliona wiernych odnowi\u0142 uroczy\u015bcie te \u015blubowania. <\/b><\/span><\/span><\/span><\/p>\n<p align=\"justify\"><span style=\"color: #000000;\"><span style=\"font-size: large;\"><span style=\"font-family: Book Antiqua, serif;\">Jasn\u0105 G\u00f3r\u0119 wielokrotnie nawiedza<\/span><span style=\"font-family: Book Antiqua, serif;\">li<\/span><span style=\"font-family: Book Antiqua, serif;\"> r\u00f3wnie\u017c <\/span><span style=\"font-family: Book Antiqua, serif;\">Papie\u017ce:<\/span><span style=\"font-family: Book Antiqua, serif;\"> Jan Pawe\u0142 II, <\/span><span style=\"font-family: Book Antiqua, serif;\">Benedykt XVI, Franciszek<\/span><span style=\"font-family: Book Antiqua, serif;\">. W \u015blad za <\/span><span style=\"font-family: Book Antiqua, serif;\">n<\/span><span style=\"font-family: Book Antiqua, serif;\">im<\/span><span style=\"font-family: Book Antiqua, serif;\">i<\/span><span style=\"font-family: Book Antiqua, serif;\">, co roku pielgrzymuj\u0105 tam rzesze wiernych, szczeg\u00f3lnie na 15 i 26 sierpnia \u2013 <\/span><span style=\"font-family: Book Antiqua, serif;\"><b>w pielgrzymkach pieszych.<\/b><\/span> <\/span><\/span><\/p>\n<p align=\"justify\"><span style=\"color: #000000;\"><span style=\"font-size: large;\"><span style=\"font-family: Book Antiqua, serif;\">A <\/span><span style=\"font-family: Book Antiqua, serif;\">U<\/span><span style=\"font-family: Book Antiqua, serif;\">roczysto\u015b\u0107, kt\u00f3r\u0105 dzi\u015b prze\u017cywamy, <\/span><span style=\"font-family: Book Antiqua, serif;\"><b>powsta\u0142a z inicjatywy B\u0142ogos\u0142awionego Honorata Ko\u017ami\u0144skiego,<\/b><\/span><span style=\"font-family: Book Antiqua, serif;\"> kt\u00f3ry po upadku <\/span><span style=\"font-family: Book Antiqua, serif;\">P<\/span><span style=\"font-family: Book Antiqua, serif;\">owstania <\/span><span style=\"font-family: Book Antiqua, serif;\">S<\/span><span style=\"font-family: Book Antiqua, serif;\">tyczniowego stara\u0142 si\u0119 zjednoczy\u0107 nar\u00f3d wok\u00f3\u0142 Maryi, Kr\u00f3lowej Polski. Wraz z \u00f3wczesnym przeorem Jasnej G\u00f3ry, <\/span><span style=\"font-family: Book Antiqua, serif;\">Ojcem<\/span><span style=\"font-family: Book Antiqua, serif;\"> Euzebiuszem Rejmanem, wyjedna\u0142 <\/span><span style=\"font-family: Book Antiqua, serif;\">on<\/span><span style=\"font-family: Book Antiqua, serif;\"> u \u015awi\u0119tego Piusa X <\/span><span style=\"font-family: Book Antiqua, serif;\"><b>ustanowienie, w 1904 roku, <\/b><\/span><span style=\"font-family: Book Antiqua, serif;\"><b>\u015a<\/b><\/span><span style=\"font-family: Book Antiqua, serif;\"><b>wi\u0119ta Matki Bo\u017cej Cz\u0119stochowskiej.<\/b><\/span><span style=\"font-family: Book Antiqua, serif;\"> Papie\u017c Pius XI, w roku 1931, rozci\u0105gn\u0105\u0142 ten obch\u00f3d na ca\u0142\u0105 Polsk\u0119, zatwierdzaj\u0105c jednocze\u015bnie nowy tekst Mszy \u015awi\u0119tej.<\/span><\/span><\/span><\/p>\n<p align=\"justify\"><span style=\"color: #000000;\"><span style=\"font-size: large;\"><span style=\"font-family: Book Antiqua, serif;\">A oto co m\u00f3wi\u0142 na Jasnej G\u00f3rze wspomniany ju\u017c, najznakomitszy Pielgrzym, <\/span><span style=\"font-family: Book Antiqua, serif;\">\u015awi\u0119ty<\/span><span style=\"font-family: Book Antiqua, serif;\"> Jan Pawe\u0142 II, z okazji jubileuszu sze\u015b\u0107setlecia istnienia Sanktuarium: \u201ePrzedziwn\u0105 tajemnic\u0119 jasnog\u00f3rskiego Sanktuarium liturgia oddaje przede wszystkim, <\/span><span style=\"font-family: Book Antiqua, serif;\"><b>czytaj\u0105c zapis Ewangelii Janowej o godach w Kanie Galilejskiej.<\/b><\/span><span style=\"font-family: Book Antiqua, serif;\"> Zapis ten m\u00f3wi o obecno\u015bci Matki Jezusa \u2013 <\/span><span style=\"font-family: Book Antiqua, serif;\"><i><b>By\u0142a tam Matka Jezusa<\/b><\/i><\/span><span style=\"font-family: Book Antiqua, serif;\"><b>!<\/b><\/span><span style=\"font-family: Book Antiqua, serif;\"> \u2013 i o zaproszeniu <\/span><span style=\"font-family: Book Antiqua, serif;\"><b>samego Jezusa oraz Jego uczni\u00f3w.<\/b><\/span><span style=\"font-family: Book Antiqua, serif;\"> Rzecz bowiem dzieje si\u0119 u pocz\u0105tku nauczania Syna Maryi, u pocz\u0105tku Jego publicznej dzia\u0142alno\u015bci w Galilei. <\/span><\/span><\/span><\/p>\n<p align=\"justify\"><span style=\"color: #000000;\"><span style=\"font-size: large;\"><span style=\"font-family: Book Antiqua, serif;\">Wydarzenie ewangeliczne kojarzy si\u0119 nam naprz\u00f3d <\/span><span style=\"font-family: Book Antiqua, serif;\"><b>z samym tysi\u0105cleciem Chrztu.<\/b><\/span><span style=\"font-family: Book Antiqua, serif;\"> To poprzez owo wydarzenie z 966 roku, poprzez Chrzest, u pocz\u0105tku naszych dziej\u00f3w, <\/span><span style=\"font-family: Book Antiqua, serif;\"><b>Jezus Chrystus zosta\u0142 zaproszony do Ojczyzny, jakby do polskiej Kany.<\/b><\/span><span style=\"font-family: Book Antiqua, serif;\"> I zaproszona z Nim przyby\u0142a od razu Matka Jego. <\/span><span style=\"font-family: Book Antiqua, serif;\"><b>Przyby\u0142a i by\u0142a obecna wraz ze swym Synem,<\/b><\/span><span style=\"font-family: Book Antiqua, serif;\"> jak o tym m\u00f3wi\u0105 liczne \u015bwiadectwa pierwszych wiek\u00f3w chrze\u015bcija\u0144stwa w Polsce, a w szczeg\u00f3lno\u015bci pie\u015b\u0144 \u201eBogurodzica\u201d. <\/span><\/span><\/span><\/p>\n<p align=\"justify\"><span style=\"color: #000000;\"><span style=\"font-size: large;\"><span style=\"font-family: Book Antiqua, serif;\">W Kanie Galilejskiej Maryja m\u00f3wi do s\u0142ug weselnego przyj\u0119cia: <\/span><span style=\"font-family: Book Antiqua, serif;\"><i><b>Zr\u00f3bcie wszystko, cokolwiek wam powie<\/b><\/i><\/span><span style=\"font-family: Book Antiqua, serif;\"><b>.<\/b><\/span><span style=\"font-family: Book Antiqua, serif;\"> Pocz\u0105wszy od 1382 roku staje Maryja wobec syn\u00f3w i c\u00f3rek tej ziemi, wobec ca\u0142ych pokole\u0144 i powtarza te same s\u0142owa. Na tej drodze <\/span><span style=\"font-family: Book Antiqua, serif;\"><b>Jasna G\u00f3ra staje si\u0119 szczeg\u00f3lnym miejscem ewangelizacji.<\/b><\/span><span style=\"font-family: Book Antiqua, serif;\"> S\u0142owo Dobrej Nowiny uzyskuje tutaj jak\u0105\u015b wyj\u0105tkow\u0105 wyrazisto\u015b\u0107, a r\u00f3wnocze\u015bnie zostaje jakby zapo\u015bredniczone przez Matk\u0119. Jasna G\u00f3ra wnios\u0142a w dzieje Ko\u015bcio\u0142a na naszej ziemi i w ca\u0142e nasze polskie chrze\u015bcija\u0144stwo <\/span><span style=\"font-family: Book Antiqua, serif;\"><b>\u00f3w rys macierzy\u0144ski, <\/b><\/span><span style=\"font-family: Book Antiqua, serif;\">kt\u00f3rego pocz\u0105tki wi\u0105\u017c\u0105 si\u0119 z wydarzeniem Kany Galilejskiej. <\/span><\/span><\/span><\/p>\n<p align=\"justify\"><span style=\"color: #000000;\"><span style=\"font-size: large;\"><span style=\"font-family: Book Antiqua, serif;\"><b>Cokolwiek wam powie, to czy\u0144cie.<\/b><\/span><span style=\"font-family: Book Antiqua, serif;\"> A co nam m\u00f3wi Chrystus? Czy nie przede wszystkim to, co znajdujemy w tak j\u0119drnym streszczeniu w Li\u015bcie \u015bwi\u0119tego Paw\u0142a do Galat\u00f3w? <\/span><span style=\"font-family: Book Antiqua, serif;\"><i>B\u00f3g zes\u0142a\u0142 swojego Syna, zrodzonego z niewiasty, zrodzonego pod Prawem, aby wykupi\u0142 tych, kt\u00f3rzy podlegali Prawu, aby\u015bmy mogli otrzyma\u0107 przybrane synostwo. <\/i><\/span><span style=\"font-family: Book Antiqua, serif;\"><i><b>Na dow\u00f3d tego, \u017ce jeste\u015bcie synami, B\u00f3g wys\u0142a\u0142 do serc naszych Ducha Syna swego, kt\u00f3ry wo\u0142a: \u00abAbba, Ojcze\u00bb. A zatem nie jeste\u015b ju\u017c niewolnikiem, lecz synem. Je\u017celi za\u015b synem, to i dziedzicem z woli Bo\u017ce<\/b><\/i><\/span><span style=\"font-family: Book Antiqua, serif;\"><b>j<\/b><\/span><span style=\"font-family: Book Antiqua, serif;\">. <\/span><\/span><\/span><\/p>\n<p align=\"justify\"><span style=\"color: #000000;\"><span style=\"font-size: large;\"><span style=\"font-family: Book Antiqua, serif;\">To m\u00f3wi nam Chrystus z pokolenia na pokolenia. M\u00f3wi poprzez wszystko, co czyni i czego naucza. M\u00f3wi przede wszystkim przez to, Kim jest. <\/span><span style=\"font-family: Book Antiqua, serif;\"><b>Jest Synem Bo\u017cym \u2013 i przychodzi nam dawa\u0107 przybrane synostwo.<\/b><\/span><span style=\"font-family: Book Antiqua, serif;\"> Otrzymuj\u0105c w mocy Ducha \u015awi\u0119tego godno\u015b\u0107 syn\u00f3w Bo\u017cych, w mocy tego\u017c Ducha m\u00f3wimy do Boga: \u201eOjcze!\u201d. Jako synowie Boga nie mo\u017cemy by\u0107 niewolnikami. <\/span><span style=\"font-family: Book Antiqua, serif;\"><b>Nasze synostwo Bo\u017ce niesie w sobie dziedzictwo wolno\u015bci. <\/b><\/span><\/span><\/span><\/p>\n<p align=\"justify\"><span style=\"color: #000000;\"><span style=\"font-size: large;\"><span style=\"font-family: Book Antiqua, serif;\">Chrystus obecny wraz ze sw\u0105 Matk\u0105 w polskiej Kanie stawia przed nami z pokolenia na pokolenie wielk\u0105 spraw\u0119 wolno\u015bci. Wolno\u015b\u0107 jest dana cz\u0142owiekowi od Boga jako miara jego godno\u015bci. Jednak\u017ce jest mu ona r\u00f3wnocze\u015bnie zadana. <\/span><span style=\"font-family: Book Antiqua, serif;\"><b>\u201eWolno\u015b\u0107 nie jest ulg\u0105, lecz trudem wielko\u015bci\u201d<\/b><\/span><span style=\"font-family: Book Antiqua, serif;\"> \u2013 jak si\u0119 wyra\u017ca poeta. <\/span><span style=\"font-family: Book Antiqua, serif;\"><b>Wolno\u015bci bowiem mo\u017ce cz\u0142owiek u\u017cywa\u0107 dobrze lub \u017ale. <\/b><\/span><span style=\"font-family: Book Antiqua, serif;\">Mo\u017ce przez ni\u0105 budowa\u0107 lub niszczy\u0107. Zawiera si\u0119 w jasnog\u00f3rskiej ewangelizacji wezwanie do dziedzictwa syn\u00f3w Bo\u017cych. Wezwanie do \u017cycia w wolno\u015bci. <\/span><span style=\"font-family: Book Antiqua, serif;\"><b>Do czynienia dobrego u\u017cytku z wolno\u015bci.<\/b><\/span><span style=\"font-family: Book Antiqua, serif;\"> Do budowania, a nie do niszczenia. <\/span><\/span><\/span><\/p>\n<p align=\"justify\"><span style=\"color: #000000;\"><span style=\"font-size: large;\"><span style=\"font-family: Book Antiqua, serif;\">Ta jasnog\u00f3rska ewangelizacja do \u017cycia w wolno\u015bci godnej syn\u00f3w Bo\u017cych ma sw\u0105 d\u0142ug\u0105, sze\u015bciowiekow\u0105 histori\u0119. Maryja w Kanie Galilejskiej wsp\u00f3\u0142pracuje ze swoim Synem. <\/span><span style=\"font-family: Book Antiqua, serif;\"><b>To samo dzieje si\u0119 na Jasnej G\u00f3rze.<\/b><\/span><span style=\"font-family: Book Antiqua, serif;\"> Ilu\u017c w ci\u0105gu tych sze\u015bciu wiek\u00f3w przesz\u0142o przez jasnog\u00f3rskie sanktuarium pielgrzym\u00f3w? <\/span><span style=\"font-family: Book Antiqua, serif;\"><b>Ilu\u017c tutaj si\u0119 nawr\u00f3ci\u0142o, przechodz\u0105c od z\u0142ego do dobrego u\u017cycia swojej wolno\u015bci?<\/b><\/span><span style=\"font-family: Book Antiqua, serif;\"> Ilu\u017c odzyska\u0142o prawdziw\u0105 godno\u015b\u0107 przybranych syn\u00f3w Bo\u017cych? Jak wiele o tym mog\u0142aby powiedzie\u0107 <\/span><span style=\"font-family: Book Antiqua, serif;\">K<\/span><span style=\"font-family: Book Antiqua, serif;\">aplica jasnog\u00f3rskiego Obrazu? <\/span><span style=\"font-family: Book Antiqua, serif;\"><b>Jak wiele mog\u0142yby powiedzie\u0107 konfesjona\u0142y ca\u0142ej <\/b><\/span><span style=\"font-family: Book Antiqua, serif;\"><b>B<\/b><\/span><span style=\"font-family: Book Antiqua, serif;\"><b>azyliki?<\/b><\/span><span style=\"font-family: Book Antiqua, serif;\"> Ile mog\u0142aby powiedzie\u0107 Droga Krzy\u017cowa na wa\u0142ach? <\/span><span style=\"font-family: Book Antiqua, serif;\"><b>Olbrzymi rozdzia\u0142 historii ludzkich dusz!<\/b><\/span><span style=\"font-family: Book Antiqua, serif;\"> To jest te\u017c chyba najbardziej podstawowy wymiar jasnog\u00f3rskiego sze\u015b\u0107setlecia. Pozosta\u0142 on i nadal pozostaje w \u017cywych ludziach, synach i c\u00f3rkach tej ziemi, gdy do ich serc B\u00f3g zsy\u0142a Ducha Syna swego tak, \u017ce <\/span><span style=\"font-family: Book Antiqua, serif;\"><b>w ca\u0142ej wewn\u0119trznej prawdzie mog\u0105 wo\u0142a\u0107: <\/b><\/span><span style=\"font-family: Book Antiqua, serif;\"><i><b>Abba<\/b><\/i><\/span><span style=\"font-family: Book Antiqua, serif;\"><b>! <\/b><\/span><span style=\"font-family: Book Antiqua, serif;\"><i><b>Ojcze<\/b><\/i><\/span><span style=\"font-family: Book Antiqua, serif;\"><b>!<\/b><\/span><\/span><\/span><\/p>\n<p align=\"justify\"><span style=\"color: #000000;\"><span style=\"font-size: large;\"><span style=\"font-family: Book Antiqua, serif;\">Chrystusa pragniemy, wedle s\u0142\u00f3w dzisiejszej Ewangelii, <\/span><span style=\"font-family: Book Antiqua, serif;\"><b>zaprosi\u0107 w dalszy ci\u0105g dziej\u00f3w naszej Ojczyzny<\/b><\/span><span style=\"font-family: Book Antiqua, serif;\"> tak, jak zosta\u0142 zaproszony wraz ze sw\u0105 Matk\u0105 do Kany Galilejskiej. M\u00f3wimy do Chrystusa przez Maryj\u0119: <\/span><span style=\"font-family: Book Antiqua, serif;\"><b>B\u0105d\u017a z nami w ka\u017cdy czas!<\/b><\/span><span style=\"font-family: Book Antiqua, serif;\"> I to zaproszenie sk\u0142adamy tu, na Jasnej G\u00f3rze.<\/span><\/span><\/span><\/p>\n<p align=\"justify\"><span style=\"color: #000000;\"><span style=\"font-size: large;\"><span style=\"font-family: Book Antiqua, serif;\">Jeszcze raz obejmujemy wzrokiem i sercem nasze jasnog\u00f3rskie Sanktuarium, ws\u0142uchuj\u0105c si\u0119 w s\u0142owa psalmu dzisiejszej liturgii: <\/span><span style=\"font-family: Book Antiqua, serif;\"><i><b>Obejd\u017acie doko\u0142a Syjon, policzcie jego wie\u017ce, by powiedzie\u0107 przysz\u0142ym pokoleniom, \u017ce B\u00f3g jest naszym Bogiem na wieki!<\/b><\/i><\/span><\/span><\/span><\/p>\n<p align=\"justify\"><span style=\"color: #000000;\"><span style=\"font-family: Book Antiqua, serif;\"><span style=\"font-size: large;\"> Tyle \u015awi\u0119ty Jan Pawe\u0142 II. A my, s\u0142uchaj\u0105c Bo\u017cego s\u0142owa, przeznaczonego na dzisiejsz\u0105 Uroczysto\u015b\u0107 w liturgii Ko\u015bcio\u0142a, <b>pielgrzymujemy duchowo na Jasn\u0105 G\u00f3r\u0119,<\/b> aby spojrze\u0107 w Oblicze Czarnej Madonny, wype\u0142niaj\u0105c w ten spos\u00f3b zach\u0119t\u0119, jak\u0105 kieruje dzi\u015b do nas Prorok Izajasz: <i><b>Chod\u017acie, wst\u0105pmy na G\u00f3r\u0119 Pana do \u015bwi\u0105tyni Boga<\/b><\/i><b> <\/b><b>[\u2026]<\/b><b>. <\/b><i><b>Niech nas nauczy dr\u00f3g swoich, by\u015bmy kroczyli Jego \u015bcie\u017ckami.<\/b><\/i><b> <\/b>W\u0142a\u015bnie po to tam pielgrzymujemy \u2013 i duchowo, i fizycznie. <\/span><\/span><\/span><\/p>\n<p align=\"justify\"><span style=\"color: #000000;\"><span style=\"font-family: Book Antiqua, serif;\"><span style=\"font-size: large;\">Przemierzamy nieraz d\u0142ugie kilometry, nieraz przez wiele dni \u2013 na piechot\u0119, na rowerach, czy na r\u00f3\u017cne inne sposoby \u2013 aby <b>\u00ab<\/b><b>nauczy\u0107 si\u0119 dr\u00f3g Bo\u017cych<\/b><b>\u00bb<\/b><b>.<\/b> I by krocz\u0105c fizycznie w stron\u0119 Jasnej G\u00f3ry \u2013 potem, przez ca\u0142e \u017cycie, kroczy\u0107 w kierunku tej \u015awi\u0119tej G\u00f3ry, kt\u00f3r\u0105 jest Niebo. Chcemy si\u0119 uczy\u0107 \u2013 jak m\u00f3wi\u0142 Jan Pawe\u0142 II \u2013 <b>m\u0105drego i w\u0142a\u015bciwego korzystania z daru wolno\u015bci.<\/b> A przecie\u017c to on w\u0142a\u015bnie, Jan Pawe\u0142 II, powiedzia\u0142 przy innej okazji o Jasnej G\u00f3rze: <b>\u201e<\/b><b>Tu zawsze byli\u015bmy wolni\u201d.<\/b><\/span><\/span><\/span><\/p>\n<p align=\"justify\"><span style=\"color: #000000;\"><span style=\"font-family: Book Antiqua, serif;\"><span style=\"font-size: large;\">I po to, by\u015bmy zawsze byli wolni \u2013 mamy czyni\u0107 wszystko, co powie nam Jezus. Tego uczy\u0142a Maryja w Kanie Galilejskiej, <b>tego uczy tak\u017ce nas <\/b>w tym \u015bwi\u0119tym miejscu, <b>w naszej polskiej Kanie.<\/b><\/span><\/span><\/span><\/p>\n<p align=\"justify\"><span style=\"color: #000000;\"><span style=\"font-family: Book Antiqua, serif;\"><span style=\"font-size: large;\">W obliczu <b>og\u00f3lno\u015bwiatowego zamieszania,<\/b> z jakim obecnie przysz\u0142o si\u0119 nam zmaga\u0107, tym gor\u0119cej i wielk\u0105 nadziej\u0105 spogl\u0105damy w kierunku Jasnej G\u00f3ry, prosz\u0105c Jezusa, Pana dziej\u00f3w \u2013 przez wstawiennictwo Jego i naszej Matki \u2013 o to, by nas <b>wyzwoli\u0142 od z\u0142a wszelkiego! <\/b><\/span><\/span><\/span><\/p>\n<p align=\"justify\"><span style=\"color: #000000;\"><span style=\"font-family: Book Antiqua, serif;\"><span style=\"font-size: large;\">Tu zawsze byli\u015bmy wolni! <b>Oby\u015bmy zawsze byli wolni \u2013 zawsze i wsz\u0119dzie! <\/b>W ka\u017cdej sytuacji, w jakiej si\u0119 znajdziemy, w ka\u017cdym naszym \u201etu i teraz\u201d \u2013 oby\u015bmy byli wolni! <b>Prawdziwie wolni<\/b> \u2013 nie tylko cz\u0119\u015bciowo, w po\u0142owie, czy w jakim\u015b innym procencie. Aby\u015bmy byli duchowo wolni \u2013 i zawsze <b>m\u0105drze korzystali z daru wolno\u015bci.<\/b> Aby\u015bmy nigdy tej wolno\u015bci nie nadu\u017cywali, ale te\u017c \u2013 by\u015bmy nigdy niczym i nikomu nie dali si\u0119 zastraszy\u0107. <b>Nie dali si\u0119 zniewoli\u0107!<\/b><\/span><\/span><\/span><\/p>\n<p align=\"justify\"><span style=\"color: #000000;\"><span style=\"font-family: Book Antiqua, serif;\"><span style=\"font-size: large;\">Tu zawsze byli\u015bmy wolni! <b>Oby\u015bmy zawsze byli wolni\u2026<\/b><\/span><\/span><\/span><\/p>\n","protected":false},"excerpt":{"rendered":"<p>Niech b\u0119dzie pochwalony Jezus Chrystus! Moi Drodzy, w dniu dzisiejszym rocznic\u0119 \u015blubu prze\u017cywaj\u0105 Micha\u0142 i Natalia Ja\u015bkowscy, czyli m\u00f3j Brat stryjeczny i Jego \u017bona. Niech Im Pan b\u0142ogos\u0142awi w codziennym kszta\u0142towaniu atmosfery domowego Ko\u015bcio\u0142a w Ich domu! Zapewniam o modlitwie. Moi Drodzy, chocia\u017c dzisiaj nie ma obowi\u0105zku uczestniczenia we Mszy \u015awi\u0119tej, to jednak bardzo serdecznie [&hellip;]<\/p>\n","protected":false},"author":1,"featured_media":0,"comment_status":"open","ping_status":"open","sticky":false,"template":"","format":"standard","meta":{"jetpack_post_was_ever_published":false,"_jetpack_newsletter_access":"","_jetpack_dont_email_post_to_subs":false,"_jetpack_newsletter_tier_id":0,"_jetpack_memberships_contains_paywalled_content":false,"_jetpack_memberships_contains_paid_content":false,"footnotes":""},"categories":[1],"tags":[],"class_list":["post-17642","post","type-post","status-publish","format-standard","hentry","category-bez-kategorii"],"yoast_head":"<!-- This site is optimized with the Yoast SEO plugin v25.1 - https:\/\/yoast.com\/wordpress\/plugins\/seo\/ -->\n<title>Tu zawsze byli\u015bmy wolni! - Gaudium Et Spes<\/title>\n<meta name=\"robots\" content=\"index, follow, max-snippet:-1, max-image-preview:large, max-video-preview:-1\" \/>\n<link rel=\"canonical\" href=\"https:\/\/gaudiumetspes-blog.pl\/index.php\/2020\/08\/26\/tu-zawsze-bylismy-wolni\/\" \/>\n<meta property=\"og:locale\" content=\"pl_PL\" \/>\n<meta property=\"og:type\" content=\"article\" \/>\n<meta property=\"og:title\" content=\"Tu zawsze byli\u015bmy wolni! - Gaudium Et Spes\" \/>\n<meta property=\"og:description\" content=\"Niech b\u0119dzie pochwalony Jezus Chrystus! Moi Drodzy, w dniu dzisiejszym rocznic\u0119 \u015blubu prze\u017cywaj\u0105 Micha\u0142 i Natalia Ja\u015bkowscy, czyli m\u00f3j Brat stryjeczny i Jego \u017bona. Niech Im Pan b\u0142ogos\u0142awi w codziennym kszta\u0142towaniu atmosfery domowego Ko\u015bcio\u0142a w Ich domu! Zapewniam o modlitwie. Moi Drodzy, chocia\u017c dzisiaj nie ma obowi\u0105zku uczestniczenia we Mszy \u015awi\u0119tej, to jednak bardzo serdecznie [&hellip;]\" \/>\n<meta property=\"og:url\" content=\"https:\/\/gaudiumetspes-blog.pl\/index.php\/2020\/08\/26\/tu-zawsze-bylismy-wolni\/\" \/>\n<meta property=\"og:site_name\" content=\"Gaudium Et Spes\" \/>\n<meta property=\"article:published_time\" content=\"2020-08-26T05:12:31+00:00\" \/>\n<meta name=\"author\" content=\"Ks. Jacek\" \/>\n<meta name=\"twitter:card\" content=\"summary_large_image\" \/>\n<meta name=\"twitter:label1\" content=\"Napisane przez\" \/>\n\t<meta name=\"twitter:data1\" content=\"Ks. Jacek\" \/>\n\t<meta name=\"twitter:label2\" content=\"Szacowany czas czytania\" \/>\n\t<meta name=\"twitter:data2\" content=\"15 minut\" \/>\n<script type=\"application\/ld+json\" class=\"yoast-schema-graph\">{\"@context\":\"https:\/\/schema.org\",\"@graph\":[{\"@type\":\"WebPage\",\"@id\":\"https:\/\/gaudiumetspes-blog.pl\/index.php\/2020\/08\/26\/tu-zawsze-bylismy-wolni\/\",\"url\":\"https:\/\/gaudiumetspes-blog.pl\/index.php\/2020\/08\/26\/tu-zawsze-bylismy-wolni\/\",\"name\":\"Tu zawsze byli\u015bmy wolni! - Gaudium Et Spes\",\"isPartOf\":{\"@id\":\"https:\/\/gaudiumetspes-blog.pl\/#website\"},\"datePublished\":\"2020-08-26T05:12:31+00:00\",\"author\":{\"@id\":\"https:\/\/gaudiumetspes-blog.pl\/#\/schema\/person\/1661982992b752dea8dff0d4ed845a65\"},\"breadcrumb\":{\"@id\":\"https:\/\/gaudiumetspes-blog.pl\/index.php\/2020\/08\/26\/tu-zawsze-bylismy-wolni\/#breadcrumb\"},\"inLanguage\":\"pl-PL\",\"potentialAction\":[{\"@type\":\"ReadAction\",\"target\":[\"https:\/\/gaudiumetspes-blog.pl\/index.php\/2020\/08\/26\/tu-zawsze-bylismy-wolni\/\"]}]},{\"@type\":\"BreadcrumbList\",\"@id\":\"https:\/\/gaudiumetspes-blog.pl\/index.php\/2020\/08\/26\/tu-zawsze-bylismy-wolni\/#breadcrumb\",\"itemListElement\":[{\"@type\":\"ListItem\",\"position\":1,\"name\":\"Strona g\u0142\u00f3wna\",\"item\":\"https:\/\/gaudiumetspes-blog.pl\/\"},{\"@type\":\"ListItem\",\"position\":2,\"name\":\"Tu zawsze byli\u015bmy wolni!\"}]},{\"@type\":\"WebSite\",\"@id\":\"https:\/\/gaudiumetspes-blog.pl\/#website\",\"url\":\"https:\/\/gaudiumetspes-blog.pl\/\",\"name\":\"Gaudium Et Spes\",\"description\":\"Blog Ks. Jacka Ja\u015bkowskiego\",\"potentialAction\":[{\"@type\":\"SearchAction\",\"target\":{\"@type\":\"EntryPoint\",\"urlTemplate\":\"https:\/\/gaudiumetspes-blog.pl\/?s={search_term_string}\"},\"query-input\":{\"@type\":\"PropertyValueSpecification\",\"valueRequired\":true,\"valueName\":\"search_term_string\"}}],\"inLanguage\":\"pl-PL\"},{\"@type\":\"Person\",\"@id\":\"https:\/\/gaudiumetspes-blog.pl\/#\/schema\/person\/1661982992b752dea8dff0d4ed845a65\",\"name\":\"Ks. Jacek\",\"image\":{\"@type\":\"ImageObject\",\"inLanguage\":\"pl-PL\",\"@id\":\"https:\/\/gaudiumetspes-blog.pl\/#\/schema\/person\/image\/\",\"url\":\"https:\/\/gaudiumetspes-blog.pl\/wp-content\/uploads\/2019\/07\/avatar-JJ-150x150.jpg\",\"contentUrl\":\"https:\/\/gaudiumetspes-blog.pl\/wp-content\/uploads\/2019\/07\/avatar-JJ-150x150.jpg\",\"caption\":\"Ks. Jacek\"},\"description\":\"Witam serdecznie! K\u0142ania si\u0119 Ks. Jacek Ja\u015bkowski. Nie jestem ani kim\u015b wa\u017cnym, ani kim\u015b znanym. Jestem ksi\u0119dzem, kt\u00f3ry po prostu chce rozmawia\u0107. Codzienna kap\u0142a\u0144ska pos\u0142uga pokazuje mi, \u017ce temat\u00f3w do rozm\u00f3w z ksi\u0119dzem jest coraz wi\u0119cej i dzisiaj \u017caden ksi\u0105dz nie mo\u017ce od nich ucieka\u0107, ale - wprost przeciwnie - podejmowa\u0107 nowe wyzwania. To przekonanie sk\u0142oni\u0142o mnie do pr\u00f3by otwarcia tego\u017c bloga, chocia\u017c okazji do rozm\u00f3w na co dzie\u0144 - w konfesjonale i poza nim - na szcz\u0119\u015bcie nie brakuje. My\u015bl\u0119 jednak, \u017ce ten blog b\u0119dzie jeszcze jednym sposobem i przestrzeni\u0105 nawi\u0105zania kontaktu z lud\u017ami dobrej woli, otwartymi na dialog.\",\"url\":\"https:\/\/gaudiumetspes-blog.pl\/index.php\/author\/ks-jacek\/\"}]}<\/script>\n<!-- \/ Yoast SEO plugin. -->","yoast_head_json":{"title":"Tu zawsze byli\u015bmy wolni! - Gaudium Et Spes","robots":{"index":"index","follow":"follow","max-snippet":"max-snippet:-1","max-image-preview":"max-image-preview:large","max-video-preview":"max-video-preview:-1"},"canonical":"https:\/\/gaudiumetspes-blog.pl\/index.php\/2020\/08\/26\/tu-zawsze-bylismy-wolni\/","og_locale":"pl_PL","og_type":"article","og_title":"Tu zawsze byli\u015bmy wolni! - Gaudium Et Spes","og_description":"Niech b\u0119dzie pochwalony Jezus Chrystus! Moi Drodzy, w dniu dzisiejszym rocznic\u0119 \u015blubu prze\u017cywaj\u0105 Micha\u0142 i Natalia Ja\u015bkowscy, czyli m\u00f3j Brat stryjeczny i Jego \u017bona. Niech Im Pan b\u0142ogos\u0142awi w codziennym kszta\u0142towaniu atmosfery domowego Ko\u015bcio\u0142a w Ich domu! Zapewniam o modlitwie. Moi Drodzy, chocia\u017c dzisiaj nie ma obowi\u0105zku uczestniczenia we Mszy \u015awi\u0119tej, to jednak bardzo serdecznie [&hellip;]","og_url":"https:\/\/gaudiumetspes-blog.pl\/index.php\/2020\/08\/26\/tu-zawsze-bylismy-wolni\/","og_site_name":"Gaudium Et Spes","article_published_time":"2020-08-26T05:12:31+00:00","author":"Ks. Jacek","twitter_card":"summary_large_image","twitter_misc":{"Napisane przez":"Ks. Jacek","Szacowany czas czytania":"15 minut"},"schema":{"@context":"https:\/\/schema.org","@graph":[{"@type":"WebPage","@id":"https:\/\/gaudiumetspes-blog.pl\/index.php\/2020\/08\/26\/tu-zawsze-bylismy-wolni\/","url":"https:\/\/gaudiumetspes-blog.pl\/index.php\/2020\/08\/26\/tu-zawsze-bylismy-wolni\/","name":"Tu zawsze byli\u015bmy wolni! - Gaudium Et Spes","isPartOf":{"@id":"https:\/\/gaudiumetspes-blog.pl\/#website"},"datePublished":"2020-08-26T05:12:31+00:00","author":{"@id":"https:\/\/gaudiumetspes-blog.pl\/#\/schema\/person\/1661982992b752dea8dff0d4ed845a65"},"breadcrumb":{"@id":"https:\/\/gaudiumetspes-blog.pl\/index.php\/2020\/08\/26\/tu-zawsze-bylismy-wolni\/#breadcrumb"},"inLanguage":"pl-PL","potentialAction":[{"@type":"ReadAction","target":["https:\/\/gaudiumetspes-blog.pl\/index.php\/2020\/08\/26\/tu-zawsze-bylismy-wolni\/"]}]},{"@type":"BreadcrumbList","@id":"https:\/\/gaudiumetspes-blog.pl\/index.php\/2020\/08\/26\/tu-zawsze-bylismy-wolni\/#breadcrumb","itemListElement":[{"@type":"ListItem","position":1,"name":"Strona g\u0142\u00f3wna","item":"https:\/\/gaudiumetspes-blog.pl\/"},{"@type":"ListItem","position":2,"name":"Tu zawsze byli\u015bmy wolni!"}]},{"@type":"WebSite","@id":"https:\/\/gaudiumetspes-blog.pl\/#website","url":"https:\/\/gaudiumetspes-blog.pl\/","name":"Gaudium Et Spes","description":"Blog Ks. Jacka Ja\u015bkowskiego","potentialAction":[{"@type":"SearchAction","target":{"@type":"EntryPoint","urlTemplate":"https:\/\/gaudiumetspes-blog.pl\/?s={search_term_string}"},"query-input":{"@type":"PropertyValueSpecification","valueRequired":true,"valueName":"search_term_string"}}],"inLanguage":"pl-PL"},{"@type":"Person","@id":"https:\/\/gaudiumetspes-blog.pl\/#\/schema\/person\/1661982992b752dea8dff0d4ed845a65","name":"Ks. Jacek","image":{"@type":"ImageObject","inLanguage":"pl-PL","@id":"https:\/\/gaudiumetspes-blog.pl\/#\/schema\/person\/image\/","url":"https:\/\/gaudiumetspes-blog.pl\/wp-content\/uploads\/2019\/07\/avatar-JJ-150x150.jpg","contentUrl":"https:\/\/gaudiumetspes-blog.pl\/wp-content\/uploads\/2019\/07\/avatar-JJ-150x150.jpg","caption":"Ks. Jacek"},"description":"Witam serdecznie! K\u0142ania si\u0119 Ks. Jacek Ja\u015bkowski. Nie jestem ani kim\u015b wa\u017cnym, ani kim\u015b znanym. Jestem ksi\u0119dzem, kt\u00f3ry po prostu chce rozmawia\u0107. Codzienna kap\u0142a\u0144ska pos\u0142uga pokazuje mi, \u017ce temat\u00f3w do rozm\u00f3w z ksi\u0119dzem jest coraz wi\u0119cej i dzisiaj \u017caden ksi\u0105dz nie mo\u017ce od nich ucieka\u0107, ale - wprost przeciwnie - podejmowa\u0107 nowe wyzwania. To przekonanie sk\u0142oni\u0142o mnie do pr\u00f3by otwarcia tego\u017c bloga, chocia\u017c okazji do rozm\u00f3w na co dzie\u0144 - w konfesjonale i poza nim - na szcz\u0119\u015bcie nie brakuje. My\u015bl\u0119 jednak, \u017ce ten blog b\u0119dzie jeszcze jednym sposobem i przestrzeni\u0105 nawi\u0105zania kontaktu z lud\u017ami dobrej woli, otwartymi na dialog.","url":"https:\/\/gaudiumetspes-blog.pl\/index.php\/author\/ks-jacek\/"}]}},"jetpack_featured_media_url":"","jetpack_sharing_enabled":true,"_links":{"self":[{"href":"https:\/\/gaudiumetspes-blog.pl\/index.php\/wp-json\/wp\/v2\/posts\/17642","targetHints":{"allow":["GET"]}}],"collection":[{"href":"https:\/\/gaudiumetspes-blog.pl\/index.php\/wp-json\/wp\/v2\/posts"}],"about":[{"href":"https:\/\/gaudiumetspes-blog.pl\/index.php\/wp-json\/wp\/v2\/types\/post"}],"author":[{"embeddable":true,"href":"https:\/\/gaudiumetspes-blog.pl\/index.php\/wp-json\/wp\/v2\/users\/1"}],"replies":[{"embeddable":true,"href":"https:\/\/gaudiumetspes-blog.pl\/index.php\/wp-json\/wp\/v2\/comments?post=17642"}],"version-history":[{"count":1,"href":"https:\/\/gaudiumetspes-blog.pl\/index.php\/wp-json\/wp\/v2\/posts\/17642\/revisions"}],"predecessor-version":[{"id":17643,"href":"https:\/\/gaudiumetspes-blog.pl\/index.php\/wp-json\/wp\/v2\/posts\/17642\/revisions\/17643"}],"wp:attachment":[{"href":"https:\/\/gaudiumetspes-blog.pl\/index.php\/wp-json\/wp\/v2\/media?parent=17642"}],"wp:term":[{"taxonomy":"category","embeddable":true,"href":"https:\/\/gaudiumetspes-blog.pl\/index.php\/wp-json\/wp\/v2\/categories?post=17642"},{"taxonomy":"post_tag","embeddable":true,"href":"https:\/\/gaudiumetspes-blog.pl\/index.php\/wp-json\/wp\/v2\/tags?post=17642"}],"curies":[{"name":"wp","href":"https:\/\/api.w.org\/{rel}","templated":true}]}}