{"id":17708,"date":"2020-08-31T08:23:24","date_gmt":"2020-08-31T06:23:24","guid":{"rendered":"https:\/\/gaudiumetspes-blog.pl\/?p=17708"},"modified":"2020-08-31T08:23:24","modified_gmt":"2020-08-31T06:23:24","slug":"nie-przybylem-aby-blyszczec","status":"publish","type":"post","link":"https:\/\/gaudiumetspes-blog.pl\/index.php\/2020\/08\/31\/nie-przybylem-aby-blyszczec\/","title":{"rendered":"Nie przyby\u0142em, aby b\u0142yszcze\u0107&#8230;"},"content":{"rendered":"<p align=\"justify\"><span style=\"color: #000000;\"><span style=\"font-family: Book Antiqua, serif;\"><span style=\"font-size: large;\">Szcz\u0119\u015b\u0107 Bo\u017ce! Moi Drodzy, w dniu dzisiejszym <b>urodziny prze\u017cywa Ksi\u0105dz Kanonik Doktor Jacek Sereda, Dziekan naszego Kursu, Duszpasterz Rodzin Diecezji siedleckiej. Dzi\u0119kuj\u0105c za \u017cyczliwo\u015b\u0107 i tak\u0105 zwyczajn\u0105, ludzk\u0105 dobro\u0107, ale tak\u017ce za kap\u0142a\u0144sk\u0105 solidarno\u015b\u0107, \u017cycz\u0119 Jubilatowi, aby \u2013 tak wytrwale i z zapa\u0142em, jak dotychczas \u2013 prowadzi\u0142 Ludzi do Jezusa! Modl\u0119 si\u0119 o to przez wstawiennictwo B\u0142ogos\u0142awionym M\u0119czennik\u00f3w \u2013 Unit\u00f3w Podlaskich, Rodak\u00f3w Ksi\u0119dza Jacka. Pochodzi On bowiem z Parafii Pratulin. Niech Chrystus, Najwy\u017cszy Kap\u0142an, obficie b\u0142ogos\u0142awi!<\/b><\/span><\/span><\/span><\/p>\n<p align=\"justify\"><span style=\"color: #000000;\"><span style=\"font-family: Book Antiqua, serif;\"><span style=\"font-size: large;\">I tak\u017ce na wszystkim \u2013 <b>niech b\u0142ogos\u0142awi B\u00f3g Wszechmog\u0105cy: Ojciec + i Syn, i Duch \u015awi\u0119ty. Amen<\/b><\/span><\/span><\/span><\/p>\n<p align=\"center\"><span style=\"color: #000000;\"><span style=\"font-family: Book Antiqua, serif;\"><span style=\"font-size: large;\">Gaudium et spes! Ks. Jacek<\/span><\/span><\/span><\/p>\n<p align=\"center\">\n<p align=\"center\">\n<p align=\"center\">\n<p align=\"center\">\n<p align=\"center\">\n<p align=\"justify\"><span style=\"color: #000000;\"><span style=\"font-family: Book Antiqua, serif;\"><span style=\"font-size: large;\"><b>Poniedzia\u0142ek 22 Tygodnia zwyk\u0142ego, rok II,<\/b><\/span><\/span><\/span><\/p>\n<p align=\"justify\"><span style=\"color: #000000;\"><span style=\"font-family: Book Antiqua, serif;\"><span style=\"font-size: large;\"><b>31 sierpnia 2020.,<\/b><\/span><\/span><\/span><\/p>\n<p align=\"justify\"><span style=\"color: #000000;\"><span style=\"font-family: Book Antiqua, serif;\"><span style=\"font-size: large;\"><b>do czyta\u0144: 1 Kor 2,1\u20135; \u0141k 4,16\u201330<\/b><\/span><\/span><\/span><\/p>\n<p align=\"justify\">\n<p align=\"justify\">\n<p align=\"justify\">\n<p align=\"justify\">\n<p align=\"justify\">\n<p align=\"justify\"><span style=\"font-family: Book Antiqua, serif;\"><strong><span style=\"color: #000000;\"><span style=\"font-size: large;\"><b>CZYTANIE Z PIERWSZEGO LISTU \u015aWI\u0118TEGO PAW\u0141A APOSTO\u0141A DO KORYNTIAN:<\/b><\/span><\/span><\/strong><\/span><\/p>\n<p align=\"justify\"><span style=\"color: #000000;\"><span style=\"font-family: Book Antiqua, serif;\"><span style=\"font-size: large;\"><b>Bracia, przyszed\u0142szy do was, nie przyby\u0142em, by b\u0142yszcz\u0105c s\u0142owem i m\u0105dro\u015bci\u0105 dawa\u0107 wam \u015bwiadectwo Bo\u017ce. Postanowi\u0142em bowiem, b\u0119d\u0105c w\u015br\u00f3d was, nie zna\u0107 niczego wi\u0119cej, jak tylko Jezusa Chrystusa, i to ukrzy\u017cowanego. I stan\u0105\u0142em przed wami w s\u0142abo\u015bci i w boja\u017ani, i z wielkim dr\u017ceniem. A mowa moja i moje g\u0142oszenie nauki nie mia\u0142y nic z uwodz\u0105cych przekonywaniem s\u0142\u00f3w m\u0105dro\u015bci, lecz by\u0142y ukazywaniem ducha i mocy, aby wiara wasza opiera\u0142a si\u0119 nie na m\u0105dro\u015bci ludzkiej, lecz na mocy Bo\u017cej.<\/b><\/span><\/span><\/span><\/p>\n<p align=\"justify\">\n<p align=\"justify\">\n<p align=\"justify\">\n<p align=\"justify\">\n<p align=\"justify\">\n<p align=\"justify\"><span style=\"font-family: Book Antiqua, serif;\"><strong><span style=\"color: #000000;\"><span style=\"font-size: large;\"><b>S\u0141OWA EWANGELII WED\u0141UG \u015aWI\u0118TEGO \u0141UKASZA:<\/b><\/span><\/span><\/strong><\/span><\/p>\n<p align=\"justify\"><span style=\"color: #000000;\"><span style=\"font-family: Book Antiqua, serif;\"><span style=\"font-size: large;\"><b>Jezus przyszed\u0142 do Nazaretu, gdzie si\u0119 wychowa\u0142. W dzie\u0144 szabatu uda\u0142 si\u0119 swoim zwyczajem do synagogi i powsta\u0142, aby czyta\u0107. Podano Mu ksi\u0119g\u0119 proroka Izajasza.<\/b><\/span><\/span><\/span><\/p>\n<p align=\"justify\"><span style=\"color: #000000;\"><span style=\"font-family: Book Antiqua, serif;\"><span style=\"font-size: large;\"><b>Rozwin\u0105wszy ksi\u0119g\u0119, natrafi\u0142 na miejsce, gdzie by\u0142o napisane: \u201eDuch Pa\u0144ski spoczywa na Mnie, poniewa\u017c Mnie nama\u015bci\u0142 i pos\u0142a\u0142 Mnie, abym ubogim ni\u00f3s\u0142 dobr\u0105 nowin\u0119, wi\u0119\u017aniom g\u0142osi\u0142 wolno\u015b\u0107, a niewidomym przejrzenie; abym uci\u015bnionych odsy\u0142a\u0142 wolnych, abym obwo\u0142ywa\u0142 rok \u0142aski od Pana\u201d. Zwin\u0105wszy ksi\u0119g\u0119 odda\u0142 s\u0142udze i usiad\u0142; a oczy wszystkich w synagodze by\u0142y w Nim utkwione.<\/b><\/span><\/span><\/span><\/p>\n<p align=\"justify\"><span style=\"color: #000000;\"><span style=\"font-family: Book Antiqua, serif;\"><span style=\"font-size: large;\"><b>Pocz\u0105\u0142 wi\u0119c m\u00f3wi\u0107 do nich: \u201eDzi\u015b spe\u0142ni\u0142y si\u0119 te s\u0142owa Pisma, kt\u00f3re\u015bcie s\u0142yszeli\u201d. <\/b><\/span><\/span><\/span><\/p>\n<p align=\"justify\"><span style=\"color: #000000;\"><span style=\"font-family: Book Antiqua, serif;\"><span style=\"font-size: large;\"><b>A wszyscy przy\u015bwiadczali Mu i dziwili si\u0119 pe\u0142nym wdzi\u0119ku s\u0142owom, kt\u00f3re p\u0142yn\u0119\u0142y z ust Jego. I m\u00f3wili: \u201eCzy nie jest to syn J\u00f3zefa?\u201d<\/b><\/span><\/span><\/span><\/p>\n<p align=\"justify\"><span style=\"color: #000000;\"><span style=\"font-family: Book Antiqua, serif;\"><span style=\"font-size: large;\"><b>Wtedy rzek\u0142 do nich: \u201eZ pewno\u015bci\u0105 powiecie Mi to przys\u0142owie: \u00abLekarzu, ulecz samego siebie\u00bb; dokonaj\u017ce i tu w swojej ojczy\u017anie tego, co si\u0119 wydarzy\u0142o, jak s\u0142yszeli\u015bmy, w Kafarnaum\u201d.<\/b><\/span><\/span><\/span><\/p>\n<p align=\"justify\"><span style=\"color: #000000;\"><span style=\"font-family: Book Antiqua, serif;\"><span style=\"font-size: large;\"><b>I doda\u0142: \u201eZaprawd\u0119 powiadam wam: \u017baden prorok nie jest mile widziany w swojej ojczy\u017anie. Naprawd\u0119 m\u00f3wi\u0119 wam: Wiele wd\u00f3w by\u0142o w Izraelu za czas\u00f3w Eliasza, kiedy niebo pozostawa\u0142o zamkni\u0119te przez trzy lata i sze\u015b\u0107 miesi\u0119cy, tak \u017ce wielki g\u0142\u00f3d panowa\u0142 w ca\u0142ym kraju; a Eliasz do \u017cadnej z nich nie zosta\u0142 pos\u0142any, tylko do owej wdowy w Sarepcie Sydo\u0144skiej. I wielu tr\u0119dowatych by\u0142o w Izraelu za proroka Elizeusza, a \u017caden z nich nie zosta\u0142 oczyszczony, tylko Syryjczyk Naaman\u201d.<\/b><\/span><\/span><\/span><\/p>\n<p align=\"justify\"><span style=\"color: #000000;\"><span style=\"font-family: Book Antiqua, serif;\"><span style=\"font-size: large;\"><b>Na te s\u0142owa wszyscy w synagodze unie\u015bli si\u0119 gniewem. Porwali Go z miejsca, wyrzucili Go z miasta i wyprowadzili a\u017c na stok g\u00f3ry, na kt\u00f3rej ich miasto by\u0142o zbudowane, aby Go str\u0105ci\u0107.<\/b><\/span><\/span><\/span><\/p>\n<p align=\"justify\"><span style=\"color: #000000;\"><span style=\"font-family: Book Antiqua, serif;\"><span style=\"font-size: large;\"><b>On jednak przeszed\u0142szy po\u015br\u00f3d nich oddali\u0142 si\u0119.<\/b><\/span><\/span><\/span><\/p>\n<p align=\"justify\">\n<p align=\"justify\">\n<p align=\"justify\">\n<p align=\"justify\">\n<p align=\"justify\">\n<p align=\"justify\"><span style=\"color: #000000;\"><span style=\"font-family: Book Antiqua, serif;\"><span style=\"font-size: large;\">To jest chyba zawsze do\u015b\u0107 spory problem wszystkich, kt\u00f3rzy <b>podejmuj\u0105 si\u0119 dzie\u0142a \u015bwiadczenia <\/b>o kim\u015b wielkim i b\u0119d\u0105cym autorytetem \u2013 m\u00f3wienia o nim, promocji jego \u017cycia i dzia\u0142alno\u015bci; ewentualnie jego tw\u00f3rczo\u015bci \u2013 \u017ceby <b>jasno rozgraniczy\u0107 <\/b>pomi\u0119dzy w\u0142a\u015bnie promowaniem owego znacz\u0105cego cz\u0142owieka, <b>a promowaniem s<\/b><b>amych siebie<\/b><b>.<\/b> <\/span><\/span><\/span><\/p>\n<p align=\"justify\"><span style=\"color: #000000;\"><span style=\"font-family: Book Antiqua, serif;\"><span style=\"font-size: large;\">Bo przecie\u017c oczywistym jest, \u017ce chc\u0105c m\u00f3wi\u0107 o kim\u015b innym, chc\u0105c promowa\u0107 czyje\u015b zas\u0142ugi i osi\u0105gni\u0119cia \u2013 u\u017cywa si\u0119 do tego <b>swoich w\u0142asnych zdolno\u015bci i talent\u00f3w,<\/b> anga\u017cuje si\u0119 swoje w\u0142asne si\u0142y, sw\u00f3j czas i swoje \u017cyciowe do\u015bwiadczenie, dlatego mo\u017ce doj\u015b\u0107 do tego, \u017ce <b>promuj\u0105cy w ko\u0144cu przy\u0107mi tego promowanego.<\/b> I odbiorcy bardziej skoncentruj\u0105 uwag\u0119 na tym, kt\u00f3ry promuje, zamiast na tym, kt\u00f3rego promuje. <\/span><\/span><\/span><\/p>\n<p align=\"justify\"><span style=\"color: #000000;\"><span style=\"font-family: Book Antiqua, serif;\"><span style=\"font-size: large;\">Poniek\u0105d, taka sytuacja jest dopuszczalna i zrozumia\u0142a w przypadku <b>promocji dzie\u0142 wielkich kompozytor\u00f3w. <\/b>W\u00f3wczas i o tw\u00f3rcy dzie\u0142 muzycznych m\u00f3wi si\u0119 z uznaniem, jak i o tym, kt\u00f3ry jego dzie\u0142a wykonuje \u2013 zw\u0142aszcza, je\u015bli wydob\u0119dzie z nich jakie\u015b nowe aspekty, odwa\u017cy si\u0119 na <b>w\u0142asn\u0105, autorsk\u0105 interpretacj\u0119.<\/b> Taka sytuacja jest zrozumia\u0142a i chyba nawet oczekiwana. Mamy w\u00f3wczas do czynienia ze swoistym <b>podzia\u0142em zas\u0142ug <\/b>\u2013 pomi\u0119dzy tw\u00f3rc\u0105, a wykonawc\u0105. <\/span><\/span><\/span><\/p>\n<p align=\"justify\"><span style=\"color: #000000;\"><span style=\"font-family: Book Antiqua, serif;\"><span style=\"font-size: large;\">Czy jednak tak\u0105 zasad\u0119 \u2013 tak\u0105 zale\u017cno\u015b\u0107 \u2013 mo\u017cna odnie\u015b\u0107 do promowania <b>osoby i nauczania Jezusa Chrystusa?<\/b> \u015awi\u0119ty Pawe\u0142 \u2013 jak si\u0119 wydaje \u2013 dzisiaj od tego kategorycznie si\u0119 od\u017cegnuje, gdy pisze: <i><b>Bracia, przyszed\u0142szy do was, nie przyby\u0142em, by b\u0142yszcz\u0105c s\u0142owem i m\u0105dro\u015bci\u0105 dawa\u0107 wam \u015bwiadectwo Bo\u017ce. Postanowi\u0142em bowiem, b\u0119d\u0105c w\u015br\u00f3d was, nie zna\u0107 niczego wi\u0119cej, jak tylko Jezusa<\/b><\/i><b> <\/b><i><b>Chrystusa, i to ukrzy\u017cowanego. I stan\u0105\u0142em przed wami w s\u0142abo\u015bci i w boja\u017ani, i z wielkim dr\u017ceniem. A mowa moja i moje g\u0142oszenie nauki nie mia\u0142y nic z uwodz\u0105cych przekonywaniem s\u0142\u00f3w m\u0105dro\u015bci, lecz by\u0142y ukazywaniem ducha i mocy, aby wiara wasza opiera\u0142a si\u0119 nie na m\u0105dro\u015bci ludzkiej, lecz na mocy Bo\u017cej.<\/b><\/i><b> <\/b>I wszystko jasne. <\/span><\/span><\/span><\/p>\n<p align=\"justify\"><span style=\"color: #000000;\"><span style=\"font-family: Book Antiqua, serif;\"><span style=\"font-size: large;\">Tak si\u0119 przynajmniej wydaje. Bo chyba jednak nie do ko\u0144ca. Przecie\u017c widzimy <b>r\u00f3\u017cnice w uj\u0119ciu tematu <\/b>przez Paw\u0142a Aposto\u0142a, a chocia\u017cby Jakuba Aposto\u0142a, czy Jud\u0119 Tadeusza, lub Piotra. Kiedy czytamy ich Listy nieco uwa\u017cniej, <b>zaraz dostrze<\/b><b>gamy<\/b><b> r\u00f3\u017cnice<\/b> w sformu\u0142owaniach czy sposobie argumentowania. Tak\u017ce kiedy przygl\u0105damy si\u0119 ich dzia\u0142alno\u015bci, opisanej na kartach Nowego Testamentu, <b>tak\u017ce owe r\u00f3\u017cnice dostrze<\/b><b>gamy<\/b><b>. <\/b><\/span><\/span><\/span><\/p>\n<p align=\"justify\"><span style=\"color: #000000;\"><span style=\"font-family: Book Antiqua, serif;\"><span style=\"font-size: large;\">Zatem, ma znaczenie, <b>kto i w jaki spos\u00f3b<\/b> promuje dzie\u0142o Bo\u017ce. Zreszt\u0105, tak\u017ce dzisiaj \u0142atwiej s\u0142ucha nam si\u0119 homilii tego ksi\u0119dza, podczas kiedy inny jako\u015b nas nie przekonuje\u2026 I do Spowiedzi <b>p\u00f3jdziemy do jednego, ale ju\u017c do drugiego \u2013 nie\u2026<\/b> Dlatego ju\u017c na etapie kierowania do okre\u015blonych zada\u0144 w pos\u0142udze kap\u0142a\u0144skiej, dobrze jest <b>uwzgl\u0119dnia\u0107<\/b><b> predyspozycj<\/b><b>e<\/b><b> danego kap\u0142ana,<\/b> aby jego praca by\u0142a \u2013 od tego ludzkiej strony patrz\u0105c \u2013 bardziej owocna. <\/span><\/span><\/span><\/p>\n<p align=\"justify\"><span style=\"color: #000000;\"><span style=\"font-family: Book Antiqua, serif;\"><span style=\"font-size: large;\">Tak, od tej ludzkiej, bo je\u015bli idzie o t\u0119 stron\u0119 duchow\u0105, znan\u0105 tylko Bogu, to <b>wymyka si\u0119 ona<\/b> z czysto ludzkiego pojmowania. U Boga cz\u0119sto ca\u0142a sprawa wygl\u0105da inaczej, ni\u017c z naszej perspektywy. Niemniej jednak \u2013 by to jeszcze raz podkre\u015bli\u0107 \u2013 w promowaniu dzie\u0142a Bo\u017cego, w \u015bwiadczeniu o Bogu, <b>ma znaczenie, <\/b>jakie kto posiada talenty i predyspozycje. W zale\u017cno\u015bci od tego, jeden b\u0119dzie to czyni\u0142 tak, drugi inaczej. I chyba nawet wskazanym jest, aby te swoje talenty i predyspozycje <b>w ca\u0142o\u015bci anga\u017cowa\u0107<\/b> <b>dla sprawy Jezusa.<\/b> <\/span><\/span><\/span><\/p>\n<p align=\"justify\"><span style=\"color: #000000;\"><span style=\"font-family: Book Antiqua, serif;\"><span style=\"font-size: large;\">Ale \u2013 i to jest zasadnicza kwestia w naszych rozwa\u017caniach \u2013 \u00f3w czynnik osobisty g\u0142osiciela <b>nie mo\u017ce przy\u0107mi\u0107 osoby i dzie\u0142a Jezusa!<\/b> I o tym dzisiaj pisze Pawe\u0142 Aposto\u0142. Przecie\u017c on sam m\u00f3g\u0142by b\u0142yszcze\u0107 przed s\u0142uchaczami niczym gwiazda na firmamencie \u2013 swoj\u0105 erudycj\u0105, wymow\u0105, wszechstronnym wykszta\u0142ceniem; tak\u017ce do\u015bwiadczeniem \u017cyciowym i apostolskim. Jak\u017ce \u0142atwo <b>m\u00f3g\u0142by tylko na sobie skoncentrowa\u0107<\/b> ca\u0142\u0105 uwag\u0119 uczni\u00f3w \u2013 dla Jezusa ju\u017c by nic nie zosta\u0142o\u2026 On jednak tak nie chcia\u0142! Stwierdza to bardzo wyra\u017anie i bardzo mocno!<\/span><\/span><\/span><\/p>\n<p align=\"justify\"><span style=\"color: #000000;\"><span style=\"font-family: Book Antiqua, serif;\"><span style=\"font-size: large;\"><b>I Jezus tak\u017ce tego nie chcia\u0142 <\/b>\u2013 Jezus, jako ten, kt\u00f3ry sam promuje dzie\u0142o swego Ojca. Oto dzisiaj widzimy Go, jak przemawia do swoich rodak\u00f3w. Wyra\u017anie wskazuje im, \u017ce to w\u0142a\u015bnie <b>na Nim spe\u0142ni\u0142y si\u0119 zapowiedzi prorockie. <\/b>Nie m\u00f3wi tego jednak po to, by zdoby\u0107 uznanie i poklask, ale po to, by skierowa\u0107 ich uwag\u0119 na Boga. Jak jednak s\u0142yszeli\u015bmy, <b>nie spotka\u0142o si\u0119 to ze zrozumieniem.<\/b> Wprost przeciwnie \u2013 poskutkowa\u0142o odrzuceniem! <\/span><\/span><\/span><\/p>\n<p align=\"justify\"><span style=\"color: #000000;\"><span style=\"font-family: Book Antiqua, serif;\"><span style=\"font-size: large;\">Mieszka\u0144cy Nazaretu odrzucili Jezusa, wprost chc\u0105c Go zabi\u0107, bo zobaczyli w Nim \u2013 w\u0142a\u015bnie \u2013 <b>jedynie mieszka\u0144ca Nazaretu,<\/b> swojego znajomego, mo\u017ce koleg\u0119 z dzieci\u0144stwa\u2026 Skoncentrowali si\u0119 na <b>osobie Jezusa w jej wymiarze doczesnym,<\/b> nie byli wi\u0119c w stanie wznie\u015b\u0107 si\u0119 ponad to i dostrzec wymiar g\u0142\u0119bszy, duchowy; ten wymiar Bo\u017cy. Oni <b>nie dostrzegli w Jezusie Syna Bo\u017cego, <\/b>Wys\u0142annika Boga. <\/span><\/span><\/span><\/p>\n<p align=\"justify\"><span style=\"color: #000000;\"><span style=\"font-family: Book Antiqua, serif;\"><span style=\"font-size: large;\">A nawet, je\u015bli w rzeczywisto\u015bci \u2013 gdzie\u015b tam, g\u0142\u0119bi serca \u2013 dostrzegli, to <b>w histeryczny spos\u00f3b od tego si\u0119 od\u017cegnali,<\/b> nie dopuszczaj\u0105c nawet do siebie takiej my\u015bli, \u017ce przez Niego naprawd\u0119 mo\u017ce przemawia\u0107 B\u00f3g i \u017ce On naprawd\u0119 przynosi im Boga, przynosi im zbawienie. Nic z tych rzeczy: pomimo pocz\u0105tkowego zachwytu nauczaniem Jezusa \u2013 w decyduj\u0105cym momencie <b>wszystko zaprzepa\u015bcili! <\/b><\/span><\/span><\/span><\/p>\n<p align=\"justify\"><span style=\"color: #000000;\"><span style=\"font-family: Book Antiqua, serif;\"><span style=\"font-size: large;\">Czy gdyby Jezus jednak zechcia\u0142 <b>tylko na sobie<\/b> zatrzyma\u0107 ich uwag\u0119, powo\u0142uj\u0105c si\u0119 na wsp\u00f3lne pochodzenie i mi\u0142e wspomnienia z dawnych lat, nawi\u0105zuj\u0105c przy tym do wzajemnej znajomo\u015bci \u2013 czy to <b>spowodowa\u0142oby inn\u0105 reakcj\u0119? <\/b>Uczyni\u0142oby j\u0105 bardziej \u017cyczliw\u0105?\u2026 <\/span><\/span><\/span><\/p>\n<p align=\"justify\"><span style=\"color: #000000;\"><span style=\"font-family: Book Antiqua, serif;\"><span style=\"font-size: large;\">Trudno powiedzie\u0107. Nie musimy si\u0119 jednak nad tym zastanawia\u0107, bo ani Jezus, ani Pawe\u0142, nie koncentrowali uwagi na sobie jako na konkretnych prywatnych osobach, ale <b>\u201eprzekierowywali\u201d j\u0105 na Boga! <\/b>A dok\u0142adniej: <b>Jezus na Boga, a Pawe\u0142 \u2013 na Jezusa, jako Syna Bo\u017cego.<\/b> \u017baden z Nich nie chcia\u0142 samym sob\u0105 Boga przes\u0142ania\u0107. Chocia\u017c i Jezus, i Pawe\u0142, i inni Aposto\u0142owie \u2013 ca\u0142e swoje serce, wszystkie swoje talenty i si\u0142y, swoje zaanga\u017cowanie i sw\u00f3j czas po\u015bwi\u0119cili pe\u0142nionej pos\u0142udze. <b>Nie spowodowa\u0142o to jednak<\/b> skoncentrowania uwagi na nich samych, ale tym bardziej jeszcze \u2013 <b>wskaza\u0142o na Boga, kt\u00f3remu si\u0119 po\u015bwi\u0119cili.<\/b><\/span><\/span><\/span><\/p>\n<p align=\"justify\"><span style=\"color: #000000;\"><span style=\"font-family: Book Antiqua, serif;\"><span style=\"font-size: large;\">Moi Drodzy! <b>Nam, kap\u0142anom <\/b>\u2013 ju\u017c na etapie formacji seminaryjnej, ale i potem, w ramach r\u00f3\u017cnego rodzaju rekolekcji kap\u0142a\u0144skich i dni skupienia \u2013 ci\u0105gle przypomina si\u0119, \u017ce <b>nie mo\u017cemy sob\u0105 przes\u0142ania\u0107 Jezusa. <\/b>Mamy Go wskazywa\u0107, mamy do Niego prowadzi\u0107 \u2013 <b>ale nigdy nie przes\u0142ania\u0107! <\/b>Bo taka pokusa zawsze si\u0119 pojawia \u2013 szczeg\u00f3lnie w przypadku kap\u0142an\u00f3w szeroko uzdolnionych w r\u00f3\u017cnych dziedzinach. <\/span><\/span><\/span><\/p>\n<p align=\"justify\"><span style=\"color: #000000;\"><span style=\"font-family: Book Antiqua, serif;\"><span style=\"font-size: large;\">Dlatego ka\u017cdy z nas winien zapisa\u0107 w sobie w sercu i w\u0142a\u015bciwie ka\u017cdego dnia powtarza\u0107 za Aposto\u0142em Paw\u0142em: <i><b>Bracia,<\/b><\/i><i> <\/i><i><b>przyszed\u0142szy do was, nie przyby\u0142em, by b\u0142yszcz\u0105c s\u0142owem i m\u0105dro\u015bci\u0105 dawa\u0107 wam \u015bwiadectwo Bo\u017ce. Postanowi\u0142em bowiem, b\u0119d\u0105c w\u015br\u00f3d was, nie zna\u0107 niczego wi\u0119cej, jak tylko Jezusa Chrystusa, i to ukrzy\u017cowanego. I stan\u0105\u0142em przed wami w s\u0142abo\u015bci i w boja\u017ani, i z wielkim dr\u017ceniem. A mowa moja i moje g\u0142oszenie nauki nie mia\u0142y nic z uwodz\u0105cych przekonywaniem s\u0142\u00f3w m\u0105dro\u015bci, lecz by\u0142y ukazywaniem ducha i mocy, aby wiara wasza opiera\u0142a si\u0119 nie na m\u0105dro\u015bci ludzkiej, lecz na mocy Bo\u017cej. <\/b><\/i><\/span><\/span><\/span><\/p>\n<p align=\"justify\"><span style=\"color: #000000;\"><span style=\"font-family: Book Antiqua, serif;\"><span style=\"font-size: large;\">Dobrze by\u0142oby, gdyby nie tylko kap\u0142ani codziennie to powtarzali i sobie u\u015bwiadamiali, <b>ale wszyscy uczniowie Jezusa<\/b> \u2013 uczniowie, maj\u0105cy by\u0107 przecie\u017c tak\u017ce Jego \u015bwiadkami.<\/span><\/span><\/span><\/p>\n<p align=\"justify\"><span style=\"color: #000000;\"><span style=\"font-family: Book Antiqua, serif;\"><span style=\"font-size: large;\">Jak ja osobi\u015bcie radz\u0119 sobie z tym zadaniem? I jak radz\u0119 sobie z tym niebezpiecze\u0144stwem, \u017ce <b>siebie samego postawi\u0119 w centrum uwagi ludzi,<\/b> kt\u00f3rzy na mnie patrz\u0105 i przeze mnie winni dotrze\u0107 do Jezusa, winni zobaczy\u0107 Go w moim stylu \u017cycia? Czy <b>rzeczywi\u015bcie widz\u0105 Jezusa,<\/b> czy jednak \u2013 tylko mnie i moje talenty, moj\u0105 aktywno\u015b\u0107, moj\u0105 zapobiegliwo\u015b\u0107 o w\u0142asn\u0105 chwa\u0142\u0119?\u2026 Czy wszystkim, co my\u015bl\u0119, m\u00f3wi\u0119 i robi\u0119 \u2013 <b>wskazuj\u0119 na Jezusa?\u2026 <\/b><b>I tylko na Niego?\u2026<\/b><\/span><\/span><\/span><\/p>\n","protected":false},"excerpt":{"rendered":"<p>Szcz\u0119\u015b\u0107 Bo\u017ce! Moi Drodzy, w dniu dzisiejszym urodziny prze\u017cywa Ksi\u0105dz Kanonik Doktor Jacek Sereda, Dziekan naszego Kursu, Duszpasterz Rodzin Diecezji siedleckiej. Dzi\u0119kuj\u0105c za \u017cyczliwo\u015b\u0107 i tak\u0105 zwyczajn\u0105, ludzk\u0105 dobro\u0107, ale tak\u017ce za kap\u0142a\u0144sk\u0105 solidarno\u015b\u0107, \u017cycz\u0119 Jubilatowi, aby \u2013 tak wytrwale i z zapa\u0142em, jak dotychczas \u2013 prowadzi\u0142 Ludzi do Jezusa! Modl\u0119 si\u0119 o to przez [&hellip;]<\/p>\n","protected":false},"author":1,"featured_media":0,"comment_status":"open","ping_status":"open","sticky":false,"template":"","format":"standard","meta":{"jetpack_post_was_ever_published":false,"_jetpack_newsletter_access":"","_jetpack_dont_email_post_to_subs":false,"_jetpack_newsletter_tier_id":0,"_jetpack_memberships_contains_paywalled_content":false,"_jetpack_memberships_contains_paid_content":false,"footnotes":""},"categories":[1],"tags":[],"class_list":["post-17708","post","type-post","status-publish","format-standard","hentry","category-bez-kategorii"],"yoast_head":"<!-- This site is optimized with the Yoast SEO plugin v25.1 - https:\/\/yoast.com\/wordpress\/plugins\/seo\/ -->\n<title>Nie przyby\u0142em, aby b\u0142yszcze\u0107... - Gaudium Et Spes<\/title>\n<meta name=\"robots\" content=\"index, follow, max-snippet:-1, max-image-preview:large, max-video-preview:-1\" \/>\n<link rel=\"canonical\" href=\"https:\/\/gaudiumetspes-blog.pl\/index.php\/2020\/08\/31\/nie-przybylem-aby-blyszczec\/\" \/>\n<meta property=\"og:locale\" content=\"pl_PL\" \/>\n<meta property=\"og:type\" content=\"article\" \/>\n<meta property=\"og:title\" content=\"Nie przyby\u0142em, aby b\u0142yszcze\u0107... - Gaudium Et Spes\" \/>\n<meta property=\"og:description\" content=\"Szcz\u0119\u015b\u0107 Bo\u017ce! Moi Drodzy, w dniu dzisiejszym urodziny prze\u017cywa Ksi\u0105dz Kanonik Doktor Jacek Sereda, Dziekan naszego Kursu, Duszpasterz Rodzin Diecezji siedleckiej. Dzi\u0119kuj\u0105c za \u017cyczliwo\u015b\u0107 i tak\u0105 zwyczajn\u0105, ludzk\u0105 dobro\u0107, ale tak\u017ce za kap\u0142a\u0144sk\u0105 solidarno\u015b\u0107, \u017cycz\u0119 Jubilatowi, aby \u2013 tak wytrwale i z zapa\u0142em, jak dotychczas \u2013 prowadzi\u0142 Ludzi do Jezusa! Modl\u0119 si\u0119 o to przez [&hellip;]\" \/>\n<meta property=\"og:url\" content=\"https:\/\/gaudiumetspes-blog.pl\/index.php\/2020\/08\/31\/nie-przybylem-aby-blyszczec\/\" \/>\n<meta property=\"og:site_name\" content=\"Gaudium Et Spes\" \/>\n<meta property=\"article:published_time\" content=\"2020-08-31T06:23:24+00:00\" \/>\n<meta name=\"author\" content=\"Ks. Jacek\" \/>\n<meta name=\"twitter:card\" content=\"summary_large_image\" \/>\n<meta name=\"twitter:label1\" content=\"Napisane przez\" \/>\n\t<meta name=\"twitter:data1\" content=\"Ks. Jacek\" \/>\n\t<meta name=\"twitter:label2\" content=\"Szacowany czas czytania\" \/>\n\t<meta name=\"twitter:data2\" content=\"10 minut\" \/>\n<script type=\"application\/ld+json\" class=\"yoast-schema-graph\">{\"@context\":\"https:\/\/schema.org\",\"@graph\":[{\"@type\":\"WebPage\",\"@id\":\"https:\/\/gaudiumetspes-blog.pl\/index.php\/2020\/08\/31\/nie-przybylem-aby-blyszczec\/\",\"url\":\"https:\/\/gaudiumetspes-blog.pl\/index.php\/2020\/08\/31\/nie-przybylem-aby-blyszczec\/\",\"name\":\"Nie przyby\u0142em, aby b\u0142yszcze\u0107... - Gaudium Et Spes\",\"isPartOf\":{\"@id\":\"https:\/\/gaudiumetspes-blog.pl\/#website\"},\"datePublished\":\"2020-08-31T06:23:24+00:00\",\"author\":{\"@id\":\"https:\/\/gaudiumetspes-blog.pl\/#\/schema\/person\/1661982992b752dea8dff0d4ed845a65\"},\"breadcrumb\":{\"@id\":\"https:\/\/gaudiumetspes-blog.pl\/index.php\/2020\/08\/31\/nie-przybylem-aby-blyszczec\/#breadcrumb\"},\"inLanguage\":\"pl-PL\",\"potentialAction\":[{\"@type\":\"ReadAction\",\"target\":[\"https:\/\/gaudiumetspes-blog.pl\/index.php\/2020\/08\/31\/nie-przybylem-aby-blyszczec\/\"]}]},{\"@type\":\"BreadcrumbList\",\"@id\":\"https:\/\/gaudiumetspes-blog.pl\/index.php\/2020\/08\/31\/nie-przybylem-aby-blyszczec\/#breadcrumb\",\"itemListElement\":[{\"@type\":\"ListItem\",\"position\":1,\"name\":\"Strona g\u0142\u00f3wna\",\"item\":\"https:\/\/gaudiumetspes-blog.pl\/\"},{\"@type\":\"ListItem\",\"position\":2,\"name\":\"Nie&nbsp;przyby\u0142em, aby b\u0142yszcze\u0107&#8230;\"}]},{\"@type\":\"WebSite\",\"@id\":\"https:\/\/gaudiumetspes-blog.pl\/#website\",\"url\":\"https:\/\/gaudiumetspes-blog.pl\/\",\"name\":\"Gaudium Et Spes\",\"description\":\"Blog Ks. Jacka Ja\u015bkowskiego\",\"potentialAction\":[{\"@type\":\"SearchAction\",\"target\":{\"@type\":\"EntryPoint\",\"urlTemplate\":\"https:\/\/gaudiumetspes-blog.pl\/?s={search_term_string}\"},\"query-input\":{\"@type\":\"PropertyValueSpecification\",\"valueRequired\":true,\"valueName\":\"search_term_string\"}}],\"inLanguage\":\"pl-PL\"},{\"@type\":\"Person\",\"@id\":\"https:\/\/gaudiumetspes-blog.pl\/#\/schema\/person\/1661982992b752dea8dff0d4ed845a65\",\"name\":\"Ks. Jacek\",\"image\":{\"@type\":\"ImageObject\",\"inLanguage\":\"pl-PL\",\"@id\":\"https:\/\/gaudiumetspes-blog.pl\/#\/schema\/person\/image\/\",\"url\":\"https:\/\/gaudiumetspes-blog.pl\/wp-content\/uploads\/2019\/07\/avatar-JJ-150x150.jpg\",\"contentUrl\":\"https:\/\/gaudiumetspes-blog.pl\/wp-content\/uploads\/2019\/07\/avatar-JJ-150x150.jpg\",\"caption\":\"Ks. Jacek\"},\"description\":\"Witam serdecznie! K\u0142ania si\u0119 Ks. Jacek Ja\u015bkowski. Nie jestem ani kim\u015b wa\u017cnym, ani kim\u015b znanym. Jestem ksi\u0119dzem, kt\u00f3ry po prostu chce rozmawia\u0107. Codzienna kap\u0142a\u0144ska pos\u0142uga pokazuje mi, \u017ce temat\u00f3w do rozm\u00f3w z ksi\u0119dzem jest coraz wi\u0119cej i dzisiaj \u017caden ksi\u0105dz nie mo\u017ce od nich ucieka\u0107, ale - wprost przeciwnie - podejmowa\u0107 nowe wyzwania. To przekonanie sk\u0142oni\u0142o mnie do pr\u00f3by otwarcia tego\u017c bloga, chocia\u017c okazji do rozm\u00f3w na co dzie\u0144 - w konfesjonale i poza nim - na szcz\u0119\u015bcie nie brakuje. My\u015bl\u0119 jednak, \u017ce ten blog b\u0119dzie jeszcze jednym sposobem i przestrzeni\u0105 nawi\u0105zania kontaktu z lud\u017ami dobrej woli, otwartymi na dialog.\",\"url\":\"https:\/\/gaudiumetspes-blog.pl\/index.php\/author\/ks-jacek\/\"}]}<\/script>\n<!-- \/ Yoast SEO plugin. -->","yoast_head_json":{"title":"Nie przyby\u0142em, aby b\u0142yszcze\u0107... - Gaudium Et Spes","robots":{"index":"index","follow":"follow","max-snippet":"max-snippet:-1","max-image-preview":"max-image-preview:large","max-video-preview":"max-video-preview:-1"},"canonical":"https:\/\/gaudiumetspes-blog.pl\/index.php\/2020\/08\/31\/nie-przybylem-aby-blyszczec\/","og_locale":"pl_PL","og_type":"article","og_title":"Nie przyby\u0142em, aby b\u0142yszcze\u0107... - Gaudium Et Spes","og_description":"Szcz\u0119\u015b\u0107 Bo\u017ce! Moi Drodzy, w dniu dzisiejszym urodziny prze\u017cywa Ksi\u0105dz Kanonik Doktor Jacek Sereda, Dziekan naszego Kursu, Duszpasterz Rodzin Diecezji siedleckiej. Dzi\u0119kuj\u0105c za \u017cyczliwo\u015b\u0107 i tak\u0105 zwyczajn\u0105, ludzk\u0105 dobro\u0107, ale tak\u017ce za kap\u0142a\u0144sk\u0105 solidarno\u015b\u0107, \u017cycz\u0119 Jubilatowi, aby \u2013 tak wytrwale i z zapa\u0142em, jak dotychczas \u2013 prowadzi\u0142 Ludzi do Jezusa! Modl\u0119 si\u0119 o to przez [&hellip;]","og_url":"https:\/\/gaudiumetspes-blog.pl\/index.php\/2020\/08\/31\/nie-przybylem-aby-blyszczec\/","og_site_name":"Gaudium Et Spes","article_published_time":"2020-08-31T06:23:24+00:00","author":"Ks. Jacek","twitter_card":"summary_large_image","twitter_misc":{"Napisane przez":"Ks. Jacek","Szacowany czas czytania":"10 minut"},"schema":{"@context":"https:\/\/schema.org","@graph":[{"@type":"WebPage","@id":"https:\/\/gaudiumetspes-blog.pl\/index.php\/2020\/08\/31\/nie-przybylem-aby-blyszczec\/","url":"https:\/\/gaudiumetspes-blog.pl\/index.php\/2020\/08\/31\/nie-przybylem-aby-blyszczec\/","name":"Nie przyby\u0142em, aby b\u0142yszcze\u0107... - Gaudium Et Spes","isPartOf":{"@id":"https:\/\/gaudiumetspes-blog.pl\/#website"},"datePublished":"2020-08-31T06:23:24+00:00","author":{"@id":"https:\/\/gaudiumetspes-blog.pl\/#\/schema\/person\/1661982992b752dea8dff0d4ed845a65"},"breadcrumb":{"@id":"https:\/\/gaudiumetspes-blog.pl\/index.php\/2020\/08\/31\/nie-przybylem-aby-blyszczec\/#breadcrumb"},"inLanguage":"pl-PL","potentialAction":[{"@type":"ReadAction","target":["https:\/\/gaudiumetspes-blog.pl\/index.php\/2020\/08\/31\/nie-przybylem-aby-blyszczec\/"]}]},{"@type":"BreadcrumbList","@id":"https:\/\/gaudiumetspes-blog.pl\/index.php\/2020\/08\/31\/nie-przybylem-aby-blyszczec\/#breadcrumb","itemListElement":[{"@type":"ListItem","position":1,"name":"Strona g\u0142\u00f3wna","item":"https:\/\/gaudiumetspes-blog.pl\/"},{"@type":"ListItem","position":2,"name":"Nie&nbsp;przyby\u0142em, aby b\u0142yszcze\u0107&#8230;"}]},{"@type":"WebSite","@id":"https:\/\/gaudiumetspes-blog.pl\/#website","url":"https:\/\/gaudiumetspes-blog.pl\/","name":"Gaudium Et Spes","description":"Blog Ks. Jacka Ja\u015bkowskiego","potentialAction":[{"@type":"SearchAction","target":{"@type":"EntryPoint","urlTemplate":"https:\/\/gaudiumetspes-blog.pl\/?s={search_term_string}"},"query-input":{"@type":"PropertyValueSpecification","valueRequired":true,"valueName":"search_term_string"}}],"inLanguage":"pl-PL"},{"@type":"Person","@id":"https:\/\/gaudiumetspes-blog.pl\/#\/schema\/person\/1661982992b752dea8dff0d4ed845a65","name":"Ks. Jacek","image":{"@type":"ImageObject","inLanguage":"pl-PL","@id":"https:\/\/gaudiumetspes-blog.pl\/#\/schema\/person\/image\/","url":"https:\/\/gaudiumetspes-blog.pl\/wp-content\/uploads\/2019\/07\/avatar-JJ-150x150.jpg","contentUrl":"https:\/\/gaudiumetspes-blog.pl\/wp-content\/uploads\/2019\/07\/avatar-JJ-150x150.jpg","caption":"Ks. Jacek"},"description":"Witam serdecznie! K\u0142ania si\u0119 Ks. Jacek Ja\u015bkowski. Nie jestem ani kim\u015b wa\u017cnym, ani kim\u015b znanym. Jestem ksi\u0119dzem, kt\u00f3ry po prostu chce rozmawia\u0107. Codzienna kap\u0142a\u0144ska pos\u0142uga pokazuje mi, \u017ce temat\u00f3w do rozm\u00f3w z ksi\u0119dzem jest coraz wi\u0119cej i dzisiaj \u017caden ksi\u0105dz nie mo\u017ce od nich ucieka\u0107, ale - wprost przeciwnie - podejmowa\u0107 nowe wyzwania. To przekonanie sk\u0142oni\u0142o mnie do pr\u00f3by otwarcia tego\u017c bloga, chocia\u017c okazji do rozm\u00f3w na co dzie\u0144 - w konfesjonale i poza nim - na szcz\u0119\u015bcie nie brakuje. My\u015bl\u0119 jednak, \u017ce ten blog b\u0119dzie jeszcze jednym sposobem i przestrzeni\u0105 nawi\u0105zania kontaktu z lud\u017ami dobrej woli, otwartymi na dialog.","url":"https:\/\/gaudiumetspes-blog.pl\/index.php\/author\/ks-jacek\/"}]}},"jetpack_featured_media_url":"","jetpack_sharing_enabled":true,"_links":{"self":[{"href":"https:\/\/gaudiumetspes-blog.pl\/index.php\/wp-json\/wp\/v2\/posts\/17708","targetHints":{"allow":["GET"]}}],"collection":[{"href":"https:\/\/gaudiumetspes-blog.pl\/index.php\/wp-json\/wp\/v2\/posts"}],"about":[{"href":"https:\/\/gaudiumetspes-blog.pl\/index.php\/wp-json\/wp\/v2\/types\/post"}],"author":[{"embeddable":true,"href":"https:\/\/gaudiumetspes-blog.pl\/index.php\/wp-json\/wp\/v2\/users\/1"}],"replies":[{"embeddable":true,"href":"https:\/\/gaudiumetspes-blog.pl\/index.php\/wp-json\/wp\/v2\/comments?post=17708"}],"version-history":[{"count":1,"href":"https:\/\/gaudiumetspes-blog.pl\/index.php\/wp-json\/wp\/v2\/posts\/17708\/revisions"}],"predecessor-version":[{"id":17709,"href":"https:\/\/gaudiumetspes-blog.pl\/index.php\/wp-json\/wp\/v2\/posts\/17708\/revisions\/17709"}],"wp:attachment":[{"href":"https:\/\/gaudiumetspes-blog.pl\/index.php\/wp-json\/wp\/v2\/media?parent=17708"}],"wp:term":[{"taxonomy":"category","embeddable":true,"href":"https:\/\/gaudiumetspes-blog.pl\/index.php\/wp-json\/wp\/v2\/categories?post=17708"},{"taxonomy":"post_tag","embeddable":true,"href":"https:\/\/gaudiumetspes-blog.pl\/index.php\/wp-json\/wp\/v2\/tags?post=17708"}],"curies":[{"name":"wp","href":"https:\/\/api.w.org\/{rel}","templated":true}]}}