{"id":17710,"date":"2020-09-01T05:04:13","date_gmt":"2020-09-01T03:04:13","guid":{"rendered":"https:\/\/gaudiumetspes-blog.pl\/?p=17710"},"modified":"2020-09-01T05:04:13","modified_gmt":"2020-09-01T03:04:13","slug":"duch-przenika-wszystko","status":"publish","type":"post","link":"https:\/\/gaudiumetspes-blog.pl\/index.php\/2020\/09\/01\/duch-przenika-wszystko\/","title":{"rendered":"Duch przenika wszystko&#8230;"},"content":{"rendered":"<p align=\"justify\"><span style=\"color: #000000;\"><span style=\"font-family: Book Antiqua, serif;\"><span style=\"font-size: large;\">Szcz\u0119\u015b\u0107 Bo\u017ce! Moi Drodzy, w dniu dzisiejszym <b>imieniny prze\u017cywa Ojciec Cezary Szcze\u015bniak, kapucyn, a wcze\u015bniej \u2013 nale\u017c\u0105cy do jednej z naszych m\u0142odzie\u017cowych Wsp\u00f3lnot. Niech Mu Pan b\u0142ogos\u0142awi w realizacji powo\u0142ania kap\u0142a\u0144skiego i zakonnego! Zapewniam o modlitwie!<\/b><\/span><\/span><\/span><\/p>\n<p align=\"justify\"><span style=\"color: #000000;\"><span style=\"font-family: Book Antiqua, serif;\"><span style=\"font-size: large;\">Moi Drodzy, szczeg\u00f3ln\u0105 modlitw\u0105 otoczmy dzi\u015b wszystkich Nauczycieli i Pracownik\u00f3w O\u015bwiaty, a tak\u017ce nasz\u0105 M\u0142odzie\u017c i Dzieci, aby pomimo ca\u0142ego tego szale\u0144stwa, z jakim permanentnie mamy do czynienia, mogli Oni spokojnie pracowa\u0107 w nowym roku szkolnym. <\/span><\/span><\/span><\/p>\n<p align=\"justify\"><span style=\"color: #000000;\"><span style=\"font-family: Book Antiqua, serif;\"><span style=\"font-size: large;\">Bardzo jestem wdzi\u0119czny Pani Barbarze Nowak, Ma\u0142opolskiemu Kuratorowi O\u015bwiaty, za Jej wczorajsz\u0105 wypowied\u017a w \u201eAktualno\u015bciach dnia\u201d, w Radiu Maryja. Okre\u015blenie \u201ezdrowy rozs\u0105dek\u201d pada\u0142o tak co chwil\u0119. I tego zdrowego rozs\u0105dku i trze\u017awego my\u015blenia \u017cyczymy wszystkim, rozpoczynaj\u0105cym nowy rok szkolny. Niech Pan ma Was w swojej opiece.<\/span><\/span><\/span><\/p>\n<p align=\"justify\"><span style=\"color: #000000;\"><span style=\"font-family: Book Antiqua, serif;\"><span style=\"font-size: large;\">I niech ma w opiece ca\u0142\u0105 nasz\u0105 Ojczyzn\u0119 \u2013 w kolejn\u0105 rocznic\u0119 wybuchu straszliwej wojny. M\u00f3dlmy si\u0119 o pok\u00f3j na \u015bwiecie i pok\u00f3j w Polsce. By Polacy przestali sobie nawzajem skaka\u0107 do oczu, by zasypano te tragiczne podzia\u0142y, kt\u00f3re tak wyra\u017anie widzimy na ka\u017cdym kroku. Oby\u015bmy wreszcie zacz\u0119li dobrze korzysta\u0107 z ofiarowanego nam przez Przodk\u00f3w \u2013 i wycierpianego przez nich \u2013 daru wolno\u015bci.<\/span><\/span><\/span><\/p>\n<p align=\"justify\"><span style=\"color: #000000;\"><span style=\"font-family: Book Antiqua, serif;\"><span style=\"font-size: large;\"><b>Niech Was b\u0142ogos\u0142awi B\u00f3g Wszechmog\u0105cy: Ojciec + i Syn, i Duch \u015awi\u0119ty. Amen<\/b><\/span><\/span><\/span><\/p>\n<p align=\"center\"><span style=\"color: #000000;\"><span style=\"font-family: Book Antiqua, serif;\"><span style=\"font-size: large;\">Gaudium et spes! Ks. Jacek<\/span><\/span><\/span><\/p>\n<p align=\"center\">\n<p align=\"center\">\n<p align=\"center\">\n<p align=\"center\">\n<p align=\"center\">\n<p align=\"justify\"><span style=\"color: #000000;\"><span style=\"font-family: Book Antiqua, serif;\"><span style=\"font-size: large;\"><b>Wtorek 22 Tygodnia zwyk\u0142ego, rok II,<\/b><\/span><\/span><\/span><\/p>\n<p align=\"justify\"><span style=\"color: #000000;\"><span style=\"font-family: Book Antiqua, serif;\"><span style=\"font-size: large;\"><b>1 wrze\u015bnia 2020.,<\/b><\/span><\/span><\/span><\/p>\n<p align=\"justify\"><span style=\"color: #000000;\"><span style=\"font-family: Book Antiqua, serif;\"><span style=\"font-size: large;\"><b>do czyta\u0144: 1 Kor 2,10b\u201316; \u0141k 4,31\u201337<\/b><\/span><\/span><\/span><\/p>\n<p align=\"justify\">\n<p align=\"justify\">\n<p align=\"justify\">\n<p align=\"justify\">\n<p align=\"justify\">\n<p align=\"justify\"><span style=\"color: #000000;\"><span style=\"font-family: Book Antiqua, serif;\"><span style=\"font-size: large;\"><b>CZYTANIE Z PIERWSZEGO LISTU \u015aWI\u0118TEGO PAW\u0141A APOSTO\u0141A DO KORYNTIAN:<\/b><\/span><\/span><\/span><\/p>\n<p align=\"justify\"><span style=\"color: #000000;\"><span style=\"font-family: Book Antiqua, serif;\"><span style=\"font-size: large;\"><b>Bracia: Duch przenika wszystko, nawet g\u0142\u0119boko\u015bci Boga samego. Kto za\u015b z ludzi zna to, co ludzkie, je\u017celi nie duch, kt\u00f3ry jest w cz\u0142owieku? Podobnie i tego, co Boskie, nie zna nikt, tylko Duch Bo\u017cy. Ot\u00f3\u017c my\u015bmy nie otrzymali ducha \u015bwiata, lecz Ducha, kt\u00f3ry jest z Boga, dla poznania dar\u00f3w Bo\u017cych. A g\u0142osimy to nie uczonymi s\u0142owami ludzkiej m\u0105dro\u015bci, lecz pouczeni przez Ducha, wyja\u015bniaj\u0105c duchowe sprawy tym, kt\u00f3rzy s\u0105 z Ducha.<\/b><\/span><\/span><\/span><\/p>\n<p align=\"justify\"><span style=\"color: #000000;\"><span style=\"font-family: Book Antiqua, serif;\"><span style=\"font-size: large;\"><b>Cz\u0142owiek zmys\u0142owy bowiem nie pojmuje tego, co jest z Bo\u017cego Ducha. G\u0142upstwem mu si\u0119 to wydaje i nie mo\u017ce tego pozna\u0107, bo tylko duchem mo\u017cna to rozs\u0105dzi\u0107. Cz\u0142owiek za\u015b duchowy rozs\u0105dza wszystko, lecz sam przez nikogo nie jest s\u0105dzony. Kt\u00f3\u017c wi\u0119c pozna\u0142 zamys\u0142 Pana, tak by Go m\u00f3g\u0142 poucza\u0107? My w\u0142a\u015bnie znamy zamys\u0142 Chrystusowy.<\/b><\/span><\/span><\/span><\/p>\n<p align=\"justify\">\n<p align=\"justify\">\n<p align=\"justify\">\n<p align=\"justify\">\n<p align=\"justify\">\n<p align=\"justify\"><span style=\"color: #000000;\"><span style=\"font-family: Book Antiqua, serif;\"><span style=\"font-size: large;\"><b>S\u0141OWA EWANGELII WED\u0141UG \u015aWI\u0118TEGO \u0141UKASZA:<\/b><\/span><\/span><\/span><\/p>\n<p align=\"justify\"><span style=\"color: #000000;\"><span style=\"font-family: Book Antiqua, serif;\"><span style=\"font-size: large;\"><b>Jezus uda\u0142 si\u0119 do Kafarnaum, miasta w Galilei, i tam naucza\u0142 w szabat. Zdumiewali si\u0119 Jego nauk\u0105, gdy\u017c s\u0142owo Jezusa by\u0142o pe\u0142ne mocy.<\/b><\/span><\/span><\/span><\/p>\n<p align=\"justify\"><span style=\"color: #000000;\"><span style=\"font-family: Book Antiqua, serif;\"><span style=\"font-size: large;\"><b>A by\u0142 w synagodze cz\u0142owiek, kt\u00f3ry mia\u0142 w sobie ducha nieczystego. Zacz\u0105\u0142 on krzycze\u0107 wniebog\u0142osy: \u201eOch, czego chcesz od nas, Jezusie Nazarejczyku? Przyszed\u0142e\u015b nas zgubi\u0107? Wiem, kto jeste\u015b: \u015awi\u0119ty Bo\u017cy\u201d.<\/b><\/span><\/span><\/span><\/p>\n<p align=\"justify\"><span style=\"color: #000000;\"><span style=\"font-family: Book Antiqua, serif;\"><span style=\"font-size: large;\"><b>Lecz Jezus rozkaza\u0142 mu surowo: \u201eMilcz i wyjd\u017a z niego\u201d. Wtedy z\u0142y duch rzuci\u0142 go na \u015brodek i wyszed\u0142 z niego nie wyrz\u0105dzaj\u0105c mu \u017cadnej szkody.<\/b><\/span><\/span><\/span><\/p>\n<p align=\"justify\"><span style=\"color: #000000;\"><span style=\"font-family: Book Antiqua, serif;\"><span style=\"font-size: large;\"><b>Wprawi\u0142o to wszystkich w zdumienie i m\u00f3wili mi\u0119dzy sob\u0105: \u201eC\u00f3\u017c to za s\u0142owo? Z w\u0142adz\u0105 i moc\u0105 rozkazuje nawet duchom nieczystym, i wychodz\u0105\u201d.<\/b><\/span><\/span><\/span><\/p>\n<p align=\"justify\"><span style=\"color: #000000;\"><span style=\"font-family: Book Antiqua, serif;\"><span style=\"font-size: large;\"><b>I wie\u015b\u0107 o Nim rozchodzi\u0142a si\u0119 wsz\u0119dzie po okolicy.<\/b><\/span><\/span><\/span><\/p>\n<p align=\"justify\">\n<p align=\"justify\">\n<p align=\"justify\">\n<p align=\"justify\">\n<p align=\"justify\">\n<p align=\"justify\"><span style=\"color: #000000;\"><span style=\"font-family: Book Antiqua, serif;\"><span style=\"font-size: large;\">Chyba nie ma dzi\u015b na \u015bwiecie cz\u0142owieka, kt\u00f3ry by s\u0105dzi\u0142, \u017ce \u017cycie ludzkie <b>to tylko ziemska wegetacja: <\/b>jedzenie, picie, spanie, inne \u017cyciowe funkcje i czynno\u015bci, po czym nast\u0119puje \u015bmier\u0107, kt\u00f3ra wszystko <b>definitywnie ko\u0144czy.<\/b> Chyba ju\u017c nikt \u2013 nawet uwa\u017caj\u0105cy si\u0119 za totalnego ateist\u0119 \u2013 nie wierzy w takie rzeczy. <\/span><\/span><\/span><\/p>\n<p align=\"justify\"><span style=\"color: #000000;\"><span style=\"font-family: Book Antiqua, serif;\"><span style=\"font-size: large;\">Wydaje si\u0119, \u017ce ka\u017cdy dostrzega w sobie i u innych \u2013 i w jaki\u015b spos\u00f3b docenia \u2013 t\u0119 <b>drug\u0105 sfer\u0119 \u017cycia, sfer\u0119 wewn\u0119trzn\u0105.<\/b> Czy to b\u0119d\u0105 jakie\u015b prze\u017cycia, czy jedynie jakie\u015b marzenia, czy mo\u017ce jednak <b>odniesienie do Kogo\u015b<\/b> \u2013 po tej drugiej stronie\u2026 Ale ju\u017c nikt dzisiaj nie odwa\u017cy si\u0119 raczej powiedzie\u0107, \u017ce cz\u0142owiek to jedynie troch\u0119 bardziej <b>ucywilizowane zwierz\u0119,<\/b> kt\u00f3re spe\u0142nia jedynie funkcje fizjologiczne. <\/span><\/span><\/span><\/p>\n<p align=\"justify\"><span style=\"color: #000000;\"><span style=\"font-family: Book Antiqua, serif;\"><span style=\"font-size: large;\">Wi\u0119cej! Wydaje si\u0119, \u017ce w\u0142a\u015bnie ci, kt\u00f3rzy umniejszaj\u0105 rol\u0119 sfery duchowej u cz\u0142owieka, podkre\u015blaj\u0105 j\u0105 i przeceniaj\u0105 w\u0142a\u015bnie <b>u zwierz\u0105t, <\/b><b>a<\/b><b> nawet u ro\u015blin!<\/b> Filozofowie chrze\u015bcija\u0144scy i duchowi przewodnicy naszych czas\u00f3w coraz cz\u0119\u015bciej zwracaj\u0105 uwag\u0119 na swoist\u0105 zamian\u0119 pozycji i r\u00f3l \u2013 m\u00f3wi\u0105 o <b>humanizacji<\/b><b> <\/b><b>zwierz\u0105t i ro\u015blin, przy jednoczesnej<\/b><b> anim<\/b><b>ali<\/b><b>zacji cz\u0142owieka. <\/b><\/span><\/span><\/span><\/p>\n<p align=\"justify\"><span style=\"color: #000000;\"><span style=\"font-family: Book Antiqua, serif;\"><span style=\"font-size: large;\">Czyli \u017ce zwierz\u0119ta, a nawet ro\u015bliny, mia\u0142yby odczuwa\u0107, jak ludzie \u2013 i dlatego nale\u017c\u0105 si\u0119 im <b>prawa, <\/b>r\u00f3wne tym, <b>przys\u0142uguj\u0105cym cz\u0142owiekowi, <\/b>a nawet je przewy\u017cszaj\u0105ce \u2013 podczas, kiedy cz\u0142owiek coraz mniej tych praw ma, a ostatecznie coraz cz\u0119\u015bciej odbiera mu si\u0119 nawet najbardziej podstawowe i dot\u0105d oczywiste: <b>prawo do \u017cycia!<\/b> <\/span><\/span><\/span><\/p>\n<p align=\"justify\"><span style=\"color: #000000;\"><span style=\"font-family: Book Antiqua, serif;\"><span style=\"font-size: large;\">M\u00f3wi\u0105c jeszcze inaczej, zwierz\u0119ta i ro\u015bliny traktowane s\u0105 <b>jak byty osobowe,<\/b> podczas kiedy cz\u0142owiek sprowadzony zostaje do roli bytu, kt\u00f3ry jedynie oddycha, je i pije \u2013 i ma nie za\u015bmieca\u0107 przyrody. Czyli do bytu zwierz\u0119cego \u2013 bez wi\u0119kszych aspiracji i duchowych odniesie\u0144.<\/span><\/span><\/span><\/p>\n<p align=\"justify\"><span style=\"color: #000000;\"><span style=\"font-family: Book Antiqua, serif;\"><span style=\"font-size: large;\">Pomimo tego wszystkiego, uznaje si\u0119 jednak, \u017ce cz\u0142owiek <b>jak\u0105\u015b tam sfer\u0119 wewn\u0119trzn\u0105 ma<\/b> i jakie\u015b odniesienie do rzeczywisto\u015bci, kt\u00f3ra go istotowo przewy\u017csza. My, wierz\u0105cy w Boga, nie mamy problemu z identyfikacj\u0105 tej Rzeczywisto\u015bci \u2013 <b>jest ni\u0105 B\u00f3g!<\/b> Niewierz\u0105cy maj\u0105 z tym problem. Bo musz\u0105 sobie jak\u0105\u015b wy\u017csz\u0105 rzeczywisto\u015b\u0107 <b>wymy\u015bli\u0107. <\/b>Pojawiaj\u0105 si\u0119 wi\u0119c zabobony, gus\u0142a, wr\u00f3\u017cby, magia, ca\u0142a sfera ezoteryki, horoskopy \u2013 czyli wszystko, czego <b>zakazuje pierwsze przykazanie <\/b><b>Dekalogu<\/b><b>. <\/b><\/span><\/span><\/span><\/p>\n<p align=\"justify\"><span style=\"color: #000000;\"><span style=\"font-family: Book Antiqua, serif;\"><span style=\"font-size: large;\">Cz\u0142owiek jednak szuka kogo\u015b lub czego\u015b, co jest ponad nim, a do czego m\u00f3g\u0142by si\u0119 odnie\u015b\u0107. Bo <b>takie pragnienie ma wpisane w swoj\u0105 natur\u0119 <\/b>\u2013 od pocz\u0105tku. Nie da si\u0119 bowiem zanegowa\u0107 i zaprzeczy\u0107 temu, \u017ce jest on istot\u0105 cielesno \u2013 duchow\u0105. Dzisiejsze Bo\u017ce s\u0142owo pomaga nam zidentyfikowa\u0107 ow\u0105 drug\u0105 sfer\u0119 \u2013 t\u0119 duchow\u0105. Jakie to duchy s\u0105 w cz\u0142owieku? S\u0142yszymy o trzech. <\/span><\/span><\/span><\/p>\n<p align=\"justify\"><span style=\"color: #000000;\"><span style=\"font-family: Book Antiqua, serif;\"><span style=\"font-size: large;\">Pierwszy \u2013 to Duch Bo\u017cy. Pawe\u0142 pisze do Koryntian: <i><b>Kto za\u015b z ludzi zna to, co ludzkie, je\u017celi nie duch, kt\u00f3ry jest w cz\u0142owieku? Podobnie i tego, co Boskie, nie zna nikt, tylko Duch Bo\u017cy. Ot\u00f3\u017c my\u015bmy nie otrzymali ducha \u015bwiata, lecz Ducha, kt\u00f3ry jest z Boga, dla poznania dar\u00f3w Bo\u017cych. A g\u0142osimy to nie uczonymi s\u0142owami ludzkiej m\u0105dro\u015bci, lecz pouczeni przez Ducha, wyja\u015bniaj\u0105c duchowe sprawy tym, kt\u00f3rzy s\u0105 z Ducha. <\/b><\/i><\/span><\/span><\/span><\/p>\n<p align=\"justify\"><span style=\"color: #000000;\"><span style=\"font-family: Book Antiqua, serif;\"><span style=\"font-size: large;\">Z kolei drugi, to \u2013 trudny nawet do dok\u0142adnego opisania \u2013 duch zmys\u0142owy w cz\u0142owieku. Pawe\u0142 tak o nim pisze: <i><b>Cz\u0142owiek zmys\u0142owy bowiem nie pojmuje tego, co jest z Bo\u017cego Ducha. G\u0142upstwem mu si\u0119 to wydaje i nie mo\u017ce tego pozna\u0107, bo tylko duchem mo\u017cna to rozs\u0105dzi\u0107.<\/b><\/i><b> <\/b><\/span><\/span><\/span><\/p>\n<p align=\"justify\"><span style=\"color: #000000;\"><span style=\"font-family: Book Antiqua, serif;\"><span style=\"font-size: large;\">Okre\u015blenie:<i><b> cz\u0142owiek zmys\u0142owy<\/b><\/i> opisuje tu kogo\u015b takiego, kto ulega w\u0142a\u015bnie swoim zmys\u0142om, swoim ludzkim zachciankom. To te\u017c jaki\u015b rodzaj \u017cycia wewn\u0119trznego, ale taki <b>bardzo s\u0142aby, wr\u0119cz mia\u0142ki,<\/b> kiedy cz\u0142owiek w swoim duchu przebywa <b>tylko sam ze sob\u0105<\/b> i dogadza sobie. <\/span><\/span><\/span><\/p>\n<p align=\"justify\"><span style=\"color: #000000;\"><span style=\"font-family: Book Antiqua, serif;\"><span style=\"font-size: large;\">I wreszcie trzeci duch, to ten ukazany w Ewangelii: <b>z\u0142y duch.<\/b> Jezus na niego zareagowa\u0142 bardzo stanowczo: kiedy duch \u00f3w, duch nieczysty, zacz\u0105\u0142 krzycze\u0107 przez cz\u0142owieka, kt\u00f3rego wcze\u015bniej op\u0119ta\u0142, Jezus zako\u0144czy\u0142 jego \u201ewyst\u0119p\u201d zdecydowanym: <i><b>Milcz i wyjd\u017a z niego. <\/b><\/i>I to jest jedyna w\u0142a\u015bciwa reakcja na niego. Ze z\u0142ym duchem nie mo\u017ce by\u0107 <b>\u017cadnych kompromis\u00f3w, a nawet kontakt\u00f3w.<\/b> <\/span><\/span><\/span><\/p>\n<p align=\"justify\"><span style=\"color: #000000;\"><span style=\"font-family: Book Antiqua, serif;\"><span style=\"font-size: large;\">Niestety, wiemy, \u017ce to nie jest takie proste. W ko\u0144cu, <b>ka\u017cdy nasz grzech<\/b> \u2013 to kompromis ze z\u0142ym duchem. Ale w\u0142a\u015bnie dlatego potrzeba <b>rozwoju naszego \u017cycia duchowego,<\/b> w\u0142a\u015bnie dlatego trzeba dopuszcza\u0107 jak najmocniej do g\u0142osu Bo\u017cego Ducha, aby to <b>On do nas i przez nas m\u00f3wi\u0142<\/b> \u2013 a nie inne duchy, jak chocia\u017cby \u00f3w nieczysty, kt\u00f3ry wrzeszcza\u0142 przez tego nieszcz\u0119snego op\u0119tanego\u2026 <\/span><\/span><\/span><\/p>\n<p align=\"justify\"><span style=\"color: #000000;\"><span style=\"font-family: Book Antiqua, serif;\"><span style=\"font-size: large;\">Niech w nas i do nas m\u00f3wi <b>tylko Duch Bo\u017cy, Duch \u015awi\u0119ty <\/b>\u2013 niech nas bezgranicznie wype\u0142nia, zaspokaja wszystkie nasze wewn\u0119trzne pragnienia i potrzeby, niech nas przez \u017cycie prowadzi i czyni to \u017cycie pi\u0119knym i sensownym. <\/span><\/span><\/span><\/p>\n<p align=\"justify\"><span style=\"color: #000000;\"><span style=\"font-family: Book Antiqua, serif;\"><span style=\"font-size: large;\">Co robi\u0119, aby w moim sercu <b>tylko Duch Bo\u017cy mia\u0142 <\/b><b>swoje <\/b><b>miejsce?<\/b> Jak uciszam zachcianki ducha zmys\u0142owego, jak zwalczam pokusy ducha z\u0142ego? <b>Ile modlitwy i pracy <\/b>wk\u0142adam w to, by tylko Bo\u017cy Duch mnie wype\u0142nia\u0142? Co w tym kierunku robi\u0119? <b>Co dzisiaj w tym kierunku zrobi\u0119?\u2026 <\/b><\/span><\/span><\/span><\/p>\n","protected":false},"excerpt":{"rendered":"<p>Szcz\u0119\u015b\u0107 Bo\u017ce! Moi Drodzy, w dniu dzisiejszym imieniny prze\u017cywa Ojciec Cezary Szcze\u015bniak, kapucyn, a wcze\u015bniej \u2013 nale\u017c\u0105cy do jednej z naszych m\u0142odzie\u017cowych Wsp\u00f3lnot. Niech Mu Pan b\u0142ogos\u0142awi w realizacji powo\u0142ania kap\u0142a\u0144skiego i zakonnego! Zapewniam o modlitwie! Moi Drodzy, szczeg\u00f3ln\u0105 modlitw\u0105 otoczmy dzi\u015b wszystkich Nauczycieli i Pracownik\u00f3w O\u015bwiaty, a tak\u017ce nasz\u0105 M\u0142odzie\u017c i Dzieci, aby pomimo [&hellip;]<\/p>\n","protected":false},"author":1,"featured_media":0,"comment_status":"open","ping_status":"open","sticky":false,"template":"","format":"standard","meta":{"jetpack_post_was_ever_published":false,"_jetpack_newsletter_access":"","_jetpack_dont_email_post_to_subs":false,"_jetpack_newsletter_tier_id":0,"_jetpack_memberships_contains_paywalled_content":false,"_jetpack_memberships_contains_paid_content":false,"footnotes":""},"categories":[1],"tags":[],"class_list":["post-17710","post","type-post","status-publish","format-standard","hentry","category-bez-kategorii"],"yoast_head":"<!-- This site is optimized with the Yoast SEO plugin v25.1 - https:\/\/yoast.com\/wordpress\/plugins\/seo\/ -->\n<title>Duch przenika wszystko... - Gaudium Et Spes<\/title>\n<meta name=\"robots\" content=\"index, follow, max-snippet:-1, max-image-preview:large, max-video-preview:-1\" \/>\n<link rel=\"canonical\" href=\"https:\/\/gaudiumetspes-blog.pl\/index.php\/2020\/09\/01\/duch-przenika-wszystko\/\" \/>\n<meta property=\"og:locale\" content=\"pl_PL\" \/>\n<meta property=\"og:type\" content=\"article\" \/>\n<meta property=\"og:title\" content=\"Duch przenika wszystko... - Gaudium Et Spes\" \/>\n<meta property=\"og:description\" content=\"Szcz\u0119\u015b\u0107 Bo\u017ce! Moi Drodzy, w dniu dzisiejszym imieniny prze\u017cywa Ojciec Cezary Szcze\u015bniak, kapucyn, a wcze\u015bniej \u2013 nale\u017c\u0105cy do jednej z naszych m\u0142odzie\u017cowych Wsp\u00f3lnot. Niech Mu Pan b\u0142ogos\u0142awi w realizacji powo\u0142ania kap\u0142a\u0144skiego i zakonnego! Zapewniam o modlitwie! Moi Drodzy, szczeg\u00f3ln\u0105 modlitw\u0105 otoczmy dzi\u015b wszystkich Nauczycieli i Pracownik\u00f3w O\u015bwiaty, a tak\u017ce nasz\u0105 M\u0142odzie\u017c i Dzieci, aby pomimo [&hellip;]\" \/>\n<meta property=\"og:url\" content=\"https:\/\/gaudiumetspes-blog.pl\/index.php\/2020\/09\/01\/duch-przenika-wszystko\/\" \/>\n<meta property=\"og:site_name\" content=\"Gaudium Et Spes\" \/>\n<meta property=\"article:published_time\" content=\"2020-09-01T03:04:13+00:00\" \/>\n<meta name=\"author\" content=\"Ks. Jacek\" \/>\n<meta name=\"twitter:card\" content=\"summary_large_image\" \/>\n<meta name=\"twitter:label1\" content=\"Napisane przez\" \/>\n\t<meta name=\"twitter:data1\" content=\"Ks. Jacek\" \/>\n\t<meta name=\"twitter:label2\" content=\"Szacowany czas czytania\" \/>\n\t<meta name=\"twitter:data2\" content=\"7 minut\" \/>\n<script type=\"application\/ld+json\" class=\"yoast-schema-graph\">{\"@context\":\"https:\/\/schema.org\",\"@graph\":[{\"@type\":\"WebPage\",\"@id\":\"https:\/\/gaudiumetspes-blog.pl\/index.php\/2020\/09\/01\/duch-przenika-wszystko\/\",\"url\":\"https:\/\/gaudiumetspes-blog.pl\/index.php\/2020\/09\/01\/duch-przenika-wszystko\/\",\"name\":\"Duch przenika wszystko... - Gaudium Et Spes\",\"isPartOf\":{\"@id\":\"https:\/\/gaudiumetspes-blog.pl\/#website\"},\"datePublished\":\"2020-09-01T03:04:13+00:00\",\"author\":{\"@id\":\"https:\/\/gaudiumetspes-blog.pl\/#\/schema\/person\/1661982992b752dea8dff0d4ed845a65\"},\"breadcrumb\":{\"@id\":\"https:\/\/gaudiumetspes-blog.pl\/index.php\/2020\/09\/01\/duch-przenika-wszystko\/#breadcrumb\"},\"inLanguage\":\"pl-PL\",\"potentialAction\":[{\"@type\":\"ReadAction\",\"target\":[\"https:\/\/gaudiumetspes-blog.pl\/index.php\/2020\/09\/01\/duch-przenika-wszystko\/\"]}]},{\"@type\":\"BreadcrumbList\",\"@id\":\"https:\/\/gaudiumetspes-blog.pl\/index.php\/2020\/09\/01\/duch-przenika-wszystko\/#breadcrumb\",\"itemListElement\":[{\"@type\":\"ListItem\",\"position\":1,\"name\":\"Strona g\u0142\u00f3wna\",\"item\":\"https:\/\/gaudiumetspes-blog.pl\/\"},{\"@type\":\"ListItem\",\"position\":2,\"name\":\"Duch przenika wszystko&#8230;\"}]},{\"@type\":\"WebSite\",\"@id\":\"https:\/\/gaudiumetspes-blog.pl\/#website\",\"url\":\"https:\/\/gaudiumetspes-blog.pl\/\",\"name\":\"Gaudium Et Spes\",\"description\":\"Blog Ks. Jacka Ja\u015bkowskiego\",\"potentialAction\":[{\"@type\":\"SearchAction\",\"target\":{\"@type\":\"EntryPoint\",\"urlTemplate\":\"https:\/\/gaudiumetspes-blog.pl\/?s={search_term_string}\"},\"query-input\":{\"@type\":\"PropertyValueSpecification\",\"valueRequired\":true,\"valueName\":\"search_term_string\"}}],\"inLanguage\":\"pl-PL\"},{\"@type\":\"Person\",\"@id\":\"https:\/\/gaudiumetspes-blog.pl\/#\/schema\/person\/1661982992b752dea8dff0d4ed845a65\",\"name\":\"Ks. Jacek\",\"image\":{\"@type\":\"ImageObject\",\"inLanguage\":\"pl-PL\",\"@id\":\"https:\/\/gaudiumetspes-blog.pl\/#\/schema\/person\/image\/\",\"url\":\"https:\/\/gaudiumetspes-blog.pl\/wp-content\/uploads\/2019\/07\/avatar-JJ-150x150.jpg\",\"contentUrl\":\"https:\/\/gaudiumetspes-blog.pl\/wp-content\/uploads\/2019\/07\/avatar-JJ-150x150.jpg\",\"caption\":\"Ks. Jacek\"},\"description\":\"Witam serdecznie! K\u0142ania si\u0119 Ks. Jacek Ja\u015bkowski. Nie jestem ani kim\u015b wa\u017cnym, ani kim\u015b znanym. Jestem ksi\u0119dzem, kt\u00f3ry po prostu chce rozmawia\u0107. Codzienna kap\u0142a\u0144ska pos\u0142uga pokazuje mi, \u017ce temat\u00f3w do rozm\u00f3w z ksi\u0119dzem jest coraz wi\u0119cej i dzisiaj \u017caden ksi\u0105dz nie mo\u017ce od nich ucieka\u0107, ale - wprost przeciwnie - podejmowa\u0107 nowe wyzwania. To przekonanie sk\u0142oni\u0142o mnie do pr\u00f3by otwarcia tego\u017c bloga, chocia\u017c okazji do rozm\u00f3w na co dzie\u0144 - w konfesjonale i poza nim - na szcz\u0119\u015bcie nie brakuje. My\u015bl\u0119 jednak, \u017ce ten blog b\u0119dzie jeszcze jednym sposobem i przestrzeni\u0105 nawi\u0105zania kontaktu z lud\u017ami dobrej woli, otwartymi na dialog.\",\"url\":\"https:\/\/gaudiumetspes-blog.pl\/index.php\/author\/ks-jacek\/\"}]}<\/script>\n<!-- \/ Yoast SEO plugin. -->","yoast_head_json":{"title":"Duch przenika wszystko... - Gaudium Et Spes","robots":{"index":"index","follow":"follow","max-snippet":"max-snippet:-1","max-image-preview":"max-image-preview:large","max-video-preview":"max-video-preview:-1"},"canonical":"https:\/\/gaudiumetspes-blog.pl\/index.php\/2020\/09\/01\/duch-przenika-wszystko\/","og_locale":"pl_PL","og_type":"article","og_title":"Duch przenika wszystko... - Gaudium Et Spes","og_description":"Szcz\u0119\u015b\u0107 Bo\u017ce! Moi Drodzy, w dniu dzisiejszym imieniny prze\u017cywa Ojciec Cezary Szcze\u015bniak, kapucyn, a wcze\u015bniej \u2013 nale\u017c\u0105cy do jednej z naszych m\u0142odzie\u017cowych Wsp\u00f3lnot. Niech Mu Pan b\u0142ogos\u0142awi w realizacji powo\u0142ania kap\u0142a\u0144skiego i zakonnego! Zapewniam o modlitwie! Moi Drodzy, szczeg\u00f3ln\u0105 modlitw\u0105 otoczmy dzi\u015b wszystkich Nauczycieli i Pracownik\u00f3w O\u015bwiaty, a tak\u017ce nasz\u0105 M\u0142odzie\u017c i Dzieci, aby pomimo [&hellip;]","og_url":"https:\/\/gaudiumetspes-blog.pl\/index.php\/2020\/09\/01\/duch-przenika-wszystko\/","og_site_name":"Gaudium Et Spes","article_published_time":"2020-09-01T03:04:13+00:00","author":"Ks. Jacek","twitter_card":"summary_large_image","twitter_misc":{"Napisane przez":"Ks. Jacek","Szacowany czas czytania":"7 minut"},"schema":{"@context":"https:\/\/schema.org","@graph":[{"@type":"WebPage","@id":"https:\/\/gaudiumetspes-blog.pl\/index.php\/2020\/09\/01\/duch-przenika-wszystko\/","url":"https:\/\/gaudiumetspes-blog.pl\/index.php\/2020\/09\/01\/duch-przenika-wszystko\/","name":"Duch przenika wszystko... - Gaudium Et Spes","isPartOf":{"@id":"https:\/\/gaudiumetspes-blog.pl\/#website"},"datePublished":"2020-09-01T03:04:13+00:00","author":{"@id":"https:\/\/gaudiumetspes-blog.pl\/#\/schema\/person\/1661982992b752dea8dff0d4ed845a65"},"breadcrumb":{"@id":"https:\/\/gaudiumetspes-blog.pl\/index.php\/2020\/09\/01\/duch-przenika-wszystko\/#breadcrumb"},"inLanguage":"pl-PL","potentialAction":[{"@type":"ReadAction","target":["https:\/\/gaudiumetspes-blog.pl\/index.php\/2020\/09\/01\/duch-przenika-wszystko\/"]}]},{"@type":"BreadcrumbList","@id":"https:\/\/gaudiumetspes-blog.pl\/index.php\/2020\/09\/01\/duch-przenika-wszystko\/#breadcrumb","itemListElement":[{"@type":"ListItem","position":1,"name":"Strona g\u0142\u00f3wna","item":"https:\/\/gaudiumetspes-blog.pl\/"},{"@type":"ListItem","position":2,"name":"Duch przenika wszystko&#8230;"}]},{"@type":"WebSite","@id":"https:\/\/gaudiumetspes-blog.pl\/#website","url":"https:\/\/gaudiumetspes-blog.pl\/","name":"Gaudium Et Spes","description":"Blog Ks. Jacka Ja\u015bkowskiego","potentialAction":[{"@type":"SearchAction","target":{"@type":"EntryPoint","urlTemplate":"https:\/\/gaudiumetspes-blog.pl\/?s={search_term_string}"},"query-input":{"@type":"PropertyValueSpecification","valueRequired":true,"valueName":"search_term_string"}}],"inLanguage":"pl-PL"},{"@type":"Person","@id":"https:\/\/gaudiumetspes-blog.pl\/#\/schema\/person\/1661982992b752dea8dff0d4ed845a65","name":"Ks. Jacek","image":{"@type":"ImageObject","inLanguage":"pl-PL","@id":"https:\/\/gaudiumetspes-blog.pl\/#\/schema\/person\/image\/","url":"https:\/\/gaudiumetspes-blog.pl\/wp-content\/uploads\/2019\/07\/avatar-JJ-150x150.jpg","contentUrl":"https:\/\/gaudiumetspes-blog.pl\/wp-content\/uploads\/2019\/07\/avatar-JJ-150x150.jpg","caption":"Ks. Jacek"},"description":"Witam serdecznie! K\u0142ania si\u0119 Ks. Jacek Ja\u015bkowski. Nie jestem ani kim\u015b wa\u017cnym, ani kim\u015b znanym. Jestem ksi\u0119dzem, kt\u00f3ry po prostu chce rozmawia\u0107. Codzienna kap\u0142a\u0144ska pos\u0142uga pokazuje mi, \u017ce temat\u00f3w do rozm\u00f3w z ksi\u0119dzem jest coraz wi\u0119cej i dzisiaj \u017caden ksi\u0105dz nie mo\u017ce od nich ucieka\u0107, ale - wprost przeciwnie - podejmowa\u0107 nowe wyzwania. To przekonanie sk\u0142oni\u0142o mnie do pr\u00f3by otwarcia tego\u017c bloga, chocia\u017c okazji do rozm\u00f3w na co dzie\u0144 - w konfesjonale i poza nim - na szcz\u0119\u015bcie nie brakuje. My\u015bl\u0119 jednak, \u017ce ten blog b\u0119dzie jeszcze jednym sposobem i przestrzeni\u0105 nawi\u0105zania kontaktu z lud\u017ami dobrej woli, otwartymi na dialog.","url":"https:\/\/gaudiumetspes-blog.pl\/index.php\/author\/ks-jacek\/"}]}},"jetpack_featured_media_url":"","jetpack_sharing_enabled":true,"_links":{"self":[{"href":"https:\/\/gaudiumetspes-blog.pl\/index.php\/wp-json\/wp\/v2\/posts\/17710","targetHints":{"allow":["GET"]}}],"collection":[{"href":"https:\/\/gaudiumetspes-blog.pl\/index.php\/wp-json\/wp\/v2\/posts"}],"about":[{"href":"https:\/\/gaudiumetspes-blog.pl\/index.php\/wp-json\/wp\/v2\/types\/post"}],"author":[{"embeddable":true,"href":"https:\/\/gaudiumetspes-blog.pl\/index.php\/wp-json\/wp\/v2\/users\/1"}],"replies":[{"embeddable":true,"href":"https:\/\/gaudiumetspes-blog.pl\/index.php\/wp-json\/wp\/v2\/comments?post=17710"}],"version-history":[{"count":1,"href":"https:\/\/gaudiumetspes-blog.pl\/index.php\/wp-json\/wp\/v2\/posts\/17710\/revisions"}],"predecessor-version":[{"id":17711,"href":"https:\/\/gaudiumetspes-blog.pl\/index.php\/wp-json\/wp\/v2\/posts\/17710\/revisions\/17711"}],"wp:attachment":[{"href":"https:\/\/gaudiumetspes-blog.pl\/index.php\/wp-json\/wp\/v2\/media?parent=17710"}],"wp:term":[{"taxonomy":"category","embeddable":true,"href":"https:\/\/gaudiumetspes-blog.pl\/index.php\/wp-json\/wp\/v2\/categories?post=17710"},{"taxonomy":"post_tag","embeddable":true,"href":"https:\/\/gaudiumetspes-blog.pl\/index.php\/wp-json\/wp\/v2\/tags?post=17710"}],"curies":[{"name":"wp","href":"https:\/\/api.w.org\/{rel}","templated":true}]}}