{"id":17844,"date":"2020-09-13T05:42:46","date_gmt":"2020-09-13T03:42:46","guid":{"rendered":"https:\/\/gaudiumetspes-blog.pl\/?p=17844"},"modified":"2020-09-12T11:54:18","modified_gmt":"2020-09-12T09:54:18","slug":"az-siedemdziesiat-siedem-razy","status":"publish","type":"post","link":"https:\/\/gaudiumetspes-blog.pl\/index.php\/2020\/09\/13\/az-siedemdziesiat-siedem-razy\/","title":{"rendered":"A\u017c siedemdziesi\u0105t siedem razy&#8230;"},"content":{"rendered":"<p align=\"justify\"><span style=\"color: #000000;\"><span style=\"font-family: Book Antiqua, serif;\"><span style=\"font-size: large;\">Niech b\u0119dzie pochwalony Jezus Chrystus! Moi Drodzy, <b>w <\/b><b>tym tygodniu:<\/b><\/span><\/span><\/span><\/p>\n<p align=\"justify\"><span style=\"color: #000000;\">\u25ba<span style=\"font-family: Book Antiqua, serif;\"><span style=\"font-size: large;\"><b>w poniedzia\u0142ek, 14 wrze\u015bnia, urodziny b\u0119dzie prze\u017cywa\u0142 Grzegorz Matysiak, Ko\u015bcielny (zwany przeze mnie, tak\u017ce publicznie, Dyrektorem) z Parafii w Miastkowie;<\/b><\/span><\/span><\/span><\/p>\n<p align=\"justify\"><span style=\"color: #000000;\">\u25ba<span style=\"font-family: Book Antiqua, serif;\"><span style=\"font-size: large;\"><b>w \u015brod\u0119, 16 wrze\u015bnia, imieniny prze\u017cywa\u0107 b\u0119dzie Kamila Malinowska, nale\u017c\u0105ca \u2013 w swoim czasie \u2013 do jednej z m\u0142odzie\u017cowych Wsp\u00f3lnot;<\/b><\/span><\/span><\/span><\/p>\n<p align=\"justify\"><span style=\"color: #000000;\">\u25ba<span style=\"font-family: Book Antiqua, serif;\"><span style=\"font-size: large;\"><b>w czwartek, 17 wrze\u015bnia, imieniny b\u0119dzie \u015bwi\u0119towa\u0142 Ksi\u0105dz Robert Bartosik, kt\u00f3ry za czas\u00f3w mojego zamieszkania i pomocy duszpasterskiej w Parafii w Tr\u0105bkach by\u0142 tam Wikariuszem, a teraz jest Proboszczem w Parafii w \u017beszczynce, dok\u0105d niedawno zaprosi\u0142 mnie, bym celebrowa\u0142 uroczysto\u015b\u0107 odpustow\u0105;<\/b><\/span><\/span><\/span><\/p>\n<p align=\"justify\"><span style=\"color: #000000;\">\u25ba<span style=\"font-family: Book Antiqua, serif;\"><span style=\"font-size: large;\"><b>w sobot\u0119, 19 wrze\u015bnia, urodziny b\u0119dzie \u015bwi\u0119towa\u0142 nasz sta\u0142y Komentator, Robert Pogorzelski, kt\u00f3remu dzi\u0119kuj\u0119 za aktywn\u0105 i tw\u00f3rcz\u0105 obecno\u015b\u0107 na naszym forum!<\/b><\/span><\/span><\/span><\/p>\n<p align=\"justify\"><span style=\"color: #000000;\"><span style=\"font-family: Book Antiqua, serif;\"><span style=\"font-size: large;\"><b>Wszystkim \u015bwi\u0119tuj\u0105cym ju\u017c dzisiaj \u017cycz\u0119 wszelkiego Bo\u017cego b\u0142ogos\u0142awie\u0144stwa, o kt\u00f3re te\u017c b\u0119d\u0119 si\u0119 dla Nich modli\u0142!<\/b><\/span><\/span><\/span><\/p>\n<p align=\"justify\"><span style=\"color: #000000;\"><span style=\"font-family: Book Antiqua, serif;\"><span style=\"font-size: large;\">A b\u0119d\u0119 to czyni\u0142 przez ca\u0142y tydzie\u0144 w Kodniu, gdzie od jutra do najbli\u017cszej soboty b\u0119d\u0119 prze\u017cywa\u0142 swoje kap\u0142a\u0144skie rekolekcje. Nie musz\u0119 chyba zapewnia\u0107, \u017ce jest to dla mnie czas wyj\u0105tkowy, a tym samym \u2013 niezwyk\u0142a okazja do bardzo intensywnej modlitwy w intencji tylu wspania\u0142ych i dobrych Ludzi, kt\u00f3rych Pan na mojej \u017cyciowej drodze postawi\u0142. Wy tak\u017ce si\u0119 do nich zaliczacie! <\/span><\/span><\/span><\/p>\n<p align=\"justify\"><span style=\"color: #000000;\"><span style=\"font-family: Book Antiqua, serif;\"><span style=\"font-size: large;\">A poniewa\u017c rekolekcje \u2013 wierz\u0119 w to g\u0142\u0119boko \u2013 to czas szczeg\u00f3lnego promieniowania Bo\u017cej \u0142aski, to ufam, \u017ce promienie te ogrzej\u0105 i mnie, jako prze\u017cywaj\u0105cego \u015bwi\u0119ty czas, i Was, kt\u00f3rych codziennie bardzo intensywnie b\u0119d\u0119 Bogu poleca\u0142. Jednocze\u015bnie prosz\u0119, aby\u015bcie modlili si\u0119 za mnie, bym wr\u00f3ci\u0142 bardziej duchowo zmobilizowany i spragniony \u015bwi\u0119to\u015bci!<\/span><\/span><\/span><\/p>\n<p align=\"justify\"><span style=\"color: #000000;\"><span style=\"font-family: Book Antiqua, serif;\"><span style=\"font-size: large;\">W tym czasie piecz\u0119 nad Gospodarstwem przejmuje Ksi\u0105dz Marek i Jego Ekipa, za co ju\u017c dzisiaj serdecznie Im dzi\u0119kuj\u0119! Ja b\u0119d\u0119 tu zagl\u0105da\u0142, bo tre\u015bciami, kt\u00f3re si\u0119 pojawi\u0105, b\u0119d\u0119 si\u0119 posi\u0142kowa\u0142 przy mojej modlitwie i medytacji, jednak chcia\u0142bym wstrzyma\u0107 si\u0119 z jak\u0105kolwiek aktywno\u015bci\u0105 na blogu, ogranicz\u0119 te\u017c kontakty telefoniczne. Telefon w\u0142a\u015bciwie b\u0119dzie s\u0142u\u017cy\u0142 tylko jako budzik. W sobot\u0119 po po\u0142udniu \u2013 jak B\u00f3g pozwoli \u2013 wr\u00f3c\u0119 do wszelkiej aktywno\u015bci i kontakt\u00f3w. <\/span><\/span><\/span><\/p>\n<p align=\"justify\"><span style=\"color: #000000;\"><span style=\"font-family: Book Antiqua, serif;\"><span style=\"font-size: large;\">A oto dzisiaj, po Mszy \u015awi\u0119tej porannej, sprawowanej w naszej Wsp\u00f3lnocie w intencji i w intencjach Uczestnik\u00f3w rekolekcji \u2013 po\u0142\u0105czonej z uroczystym podj\u0119ciem postanowie\u0144 rekolekcyjnych \u2013 oraz po wsp\u00f3lnym posi\u0142ku niedzielnym, wczesnym popo\u0142udniem wyruszymy w drog\u0119. Bogu niech b\u0119d\u0105 dzi\u0119ki za ten tydzie\u0144 i za to wszystko, co da\u0142 On nam i czym nas ubogaci\u0142. <\/span><\/span><\/span><\/p>\n<p align=\"justify\"><span style=\"color: #000000;\"><span style=\"font-family: Book Antiqua, serif;\"><span style=\"font-size: large;\">Dzi\u0119kuj\u0119 go\u015bcinnym Gospodarzom, Pa\u0144stwu Annie i Tomaszowi Marczewskim z Ich Synkiem, Karolem; dzi\u0119kuj\u0119 poprzednim Gospodarzom, Pa\u0144stwu Halinie i Karolowi Or\u0142owskim (\u015bwietnie, \u017ce byli z nami przez ca\u0142y tydzie\u0144), dzi\u0119kuj\u0119 wreszcie ca\u0142ej mojej Ekipie: Jakubowi Pa\u0142ysie, Ani Szostak, Natalii Pa\u0107ko, Asi Chaleckiej, \u0141ukaszowi K\u0119dziorkowi. Niech ten czas owocuje w naszym \u017cyciu!<\/span><\/span><\/span><\/p>\n<p align=\"justify\"><span style=\"color: #000000;\"><span style=\"font-family: Book Antiqua, serif;\"><span style=\"font-size: large;\"><b>Niech Was b\u0142ogos\u0142awi B\u00f3g Wszechmog\u0105cy: Ojciec + i Syn, i Duch \u015awi\u0119ty. Amen<\/b><\/span><\/span><\/span><\/p>\n<p align=\"center\"><span style=\"color: #000000;\"><span style=\"font-family: Book Antiqua, serif;\"><span style=\"font-size: large;\">Gaudium et spes! Ks. Jacek<\/span><\/span><\/span><\/p>\n<p align=\"center\">\n<p align=\"center\">\n<p align=\"center\">\n<p align=\"center\">\n<p align=\"center\">\n<p align=\"justify\"><span style=\"color: #000000;\"><span style=\"font-family: Book Antiqua, serif;\"><span style=\"font-size: large;\"><b>24 Niedziela zwyk\u0142a, A,<\/b><\/span><\/span><\/span><\/p>\n<p align=\"justify\"><span style=\"color: #000000;\"><span style=\"font-family: Book Antiqua, serif;\"><span style=\"font-size: large;\"><b>13 wrze\u015bnia 2020.,<\/b><\/span><\/span><\/span><\/p>\n<p align=\"justify\"><span style=\"color: #000000;\"><span style=\"font-family: Book Antiqua, serif;\"><span style=\"font-size: large;\"><b>do czyta\u0144: Syr 27,30\u201328,7; Rz 14,7\u20139; Mt 18,21\u201335<\/b><\/span><\/span><\/span><\/p>\n<p align=\"justify\">\n<p align=\"justify\">\n<p align=\"justify\">\n<p align=\"justify\">\n<p align=\"justify\">\n<p align=\"justify\"><span style=\"font-family: Book Antiqua, serif;\"><strong><span style=\"color: #000000;\"><span style=\"font-size: large;\"><b>CZYTANIE Z KSI\u0118GI SYRACYDESA:<\/b><\/span><\/span><\/strong><\/span><\/p>\n<p align=\"justify\"><span style=\"color: #000000;\"><span style=\"font-family: Book Antiqua, serif;\"><span style=\"font-size: large;\"><b>Z\u0142o\u015b\u0107 i gniew s\u0105 obrzydliwo\u015bciami, kt\u00f3rych pe\u0142en jest grzesznik.<\/b><\/span><\/span><\/span><\/p>\n<p align=\"justify\"><span style=\"color: #000000;\"><span style=\"font-family: Book Antiqua, serif;\"><span style=\"font-size: large;\"><b>Tego, kt\u00f3ry si\u0119 m\u015bci, spotka zemsta od Pana: On grzechy jego dok\u0142adnie zachowa w pami\u0119ci.<\/b><\/span><\/span><\/span><\/p>\n<p align=\"justify\"><span style=\"color: #000000;\"><span style=\"font-family: Book Antiqua, serif;\"><span style=\"font-size: large;\"><b>Odpu\u015b\u0107 win\u0119 bli\u017aniemu, a w\u00f3wczas, gdy b\u0142aga\u0107 b\u0119dziesz, zostan\u0105 ci odpuszczone grzechy.<\/b><\/span><\/span><\/span><\/p>\n<p align=\"justify\"><span style=\"color: #000000;\"><span style=\"font-family: Book Antiqua, serif;\"><span style=\"font-size: large;\"><b>Gdy cz\u0142owiek \u017cywi z\u0142o\u015b\u0107 przeciw drugiemu, jak\u017ce u Pana szuka\u0107 b\u0119dzie uzdrowienia? Nie ma on mi\u0142osierdzia nad cz\u0142owiekiem do siebie podobnym, jak\u017ce b\u0142aga\u0107 b\u0119dzie o odpuszczenie swoich w\u0142asnych grzech\u00f3w? Sam b\u0119d\u0105c cia\u0142em, trwa w nienawi\u015bci, kt\u00f3\u017c wi\u0119c odpokutuje za jego przewinienia? Pami\u0119taj na ostatnie rzeczy i przesta\u0144 nienawidzi\u0107, na rozk\u0142ad cia\u0142a, na \u015bmier\u0107 i trzymaj si\u0119 przykaza\u0144.<\/b><\/span><\/span><\/span><\/p>\n<p align=\"justify\"><span style=\"color: #000000;\"><span style=\"font-family: Book Antiqua, serif;\"><span style=\"font-size: large;\"><b>Pami\u0119taj na przykazania i nie miej w nienawi\u015bci bli\u017aniego, na przymierze Najwy\u017cszego i daruj obraz\u0119.<\/b><\/span><\/span><\/span><\/p>\n<p align=\"justify\">\n<p align=\"justify\">\n<p align=\"justify\">\n<p align=\"justify\">\n<p align=\"justify\">\n<p align=\"justify\"><span style=\"font-family: Book Antiqua, serif;\"><strong><span style=\"color: #000000;\"><span style=\"font-size: large;\"><b>CZYTANIE Z LISTU \u015aWI\u0118TEGO PAW\u0141A APOSTO\u0141A DO RZYMIAN:<\/b><\/span><\/span><\/strong><\/span><\/p>\n<p align=\"justify\"><span style=\"color: #000000;\"><span style=\"font-family: Book Antiqua, serif;\"><span style=\"font-size: large;\"><b>Bracia: Nikt z nas nie \u017cyje dla siebie i nikt nie umiera dla siebie: je\u017celi bowiem \u017cyjemy, \u017cyjemy dla Pana; je\u017celi za\u015b umieramy, umieramy dla Pana. I w \u017cyciu wi\u0119c, i w \u015bmierci nale\u017cymy do Pana. Po to bowiem Chrystus umar\u0142 i powr\u00f3ci\u0142 do \u017cycia, by zapanowa\u0107 tak nad umar\u0142ymi, jak nad \u017cywymi.<\/b><\/span><\/span><\/span><\/p>\n<p align=\"justify\">\n<p align=\"justify\">\n<p align=\"justify\">\n<p align=\"justify\">\n<p align=\"justify\">\n<p align=\"justify\"><span style=\"font-family: Book Antiqua, serif;\"><strong><span style=\"color: #000000;\"><span style=\"font-size: large;\"><b>S\u0141OWA EWANGELII WED\u0141UG \u015aWI\u0118TEGO MATEUSZA:<\/b><\/span><\/span><\/strong><\/span><\/p>\n<p align=\"justify\"><span style=\"color: #000000;\"><span style=\"font-family: Book Antiqua, serif;\"><span style=\"font-size: large;\"><b>Piotr zbli\u017cy\u0142 si\u0119 do Jezusa i zapyta\u0142: \u201ePanie, ile razy mam przebacza\u0107, je\u015bli m\u00f3j brat wykroczy przeciwko mnie? Czy a\u017c siedem razy?\u201d. Jezus mu odrzek\u0142: \u201eNie m\u00f3wi\u0119 ci, \u017ce a\u017c siedem razy, lecz a\u017c siedemdziesi\u0105t siedem razy.<\/b><\/span><\/span><\/span><\/p>\n<p align=\"justify\"><span style=\"color: #000000;\"><span style=\"font-family: Book Antiqua, serif;\"><span style=\"font-size: large;\"><b>Dlatego podobne jest kr\u00f3lestwo niebieskie do kr\u00f3la, kt\u00f3ry chcia\u0142 si\u0119 rozliczy\u0107 ze swymi s\u0142ugami. Gdy zacz\u0105\u0142 si\u0119 rozlicza\u0107, przyprowadzono mu jednego, kt\u00f3ry mu by\u0142 winien dziesi\u0119\u0107 tysi\u0119cy talent\u00f3w. Poniewa\u017c nie mia\u0142 z czego ich odda\u0107, pan kaza\u0142 sprzeda\u0107 go razem z \u017con\u0105, dzie\u0107mi i ca\u0142ym jego mieniem, aby tak d\u0142ug odzyska\u0107. Wtedy s\u0142uga upad\u0142 przed nim i prosi\u0142 go: \u00abPanie, miej cierpliwo\u015b\u0107 nade mn\u0105, a wszystko ci oddam\u00bb. Pan ulitowa\u0142 si\u0119 nad tym s\u0142ug\u0105, uwolni\u0142 go i d\u0142ug mu darowa\u0142.<\/b><\/span><\/span><\/span><\/p>\n<p align=\"justify\"><span style=\"color: #000000;\"><span style=\"font-family: Book Antiqua, serif;\"><span style=\"font-size: large;\"><b>Lecz gdy s\u0142uga \u00f3w wyszed\u0142, spotka\u0142 jednego ze wsp\u00f3\u0142s\u0142ug, kt\u00f3ry mu by\u0142 winien sto denar\u00f3w. Chwyci\u0142 go i zacz\u0105\u0142 dusi\u0107, m\u00f3wi\u0105c: \u00abOddaj, co\u015b winien\u00bb. Jego wsp\u00f3\u0142s\u0142uga upad\u0142 przed nim i prosi\u0142 go: \u00abMiej cierpliwo\u015b\u0107 nade mn\u0105, a oddam tobie\u00bb. On jednak nie chcia\u0142, lecz poszed\u0142 i wtr\u0105ci\u0142 go do wi\u0119zienia, dop\u00f3ki nie odda d\u0142ugu.<\/b><\/span><\/span><\/span><\/p>\n<p align=\"justify\"><span style=\"color: #000000;\"><span style=\"font-family: Book Antiqua, serif;\"><span style=\"font-size: large;\"><b>Wsp\u00f3\u0142s\u0142udzy jego widz\u0105c, co si\u0119 dzia\u0142o, bardzo si\u0119 zasmucili. Poszli i opowiedzieli swemu panu wszystko, co zasz\u0142o. Wtedy pan jego wezwa\u0142 go przed siebie i rzek\u0142 mu: \u00abS\u0142ugo niegodziwy! Darowa\u0142em ci ca\u0142y ten d\u0142ug, poniewa\u017c mnie prosi\u0142e\u015b. Czy\u017c wi\u0119c i ty nie powiniene\u015b by\u0142 ulitowa\u0107 si\u0119 nad swym wsp\u00f3\u0142s\u0142uga, jak ja ulitowa\u0142em si\u0119 nad tob\u0105?\u00bb. I uniesiony gniewem pan jego kaza\u0142 wyda\u0107 go katom, dop\u00f3ki mu ca\u0142ego d\u0142ugu nie odda. <\/b><\/span><\/span><\/span><\/p>\n<p align=\"justify\"><span style=\"color: #000000;\"><span style=\"font-family: Book Antiqua, serif;\"><span style=\"font-size: large;\"><b>Podobnie uczyni wam Ojciec m\u00f3j niebieski, je\u017celi ka\u017cdy z was nie przebaczy z serca swemu bratu\u201d.<\/b><\/span><\/span><\/span><\/p>\n<p align=\"justify\">\n<p align=\"justify\">\n<p align=\"justify\">\n<p align=\"justify\">\n<p align=\"justify\">\n<p align=\"justify\"><span style=\"color: #000000;\"><span style=\"font-family: Book Antiqua, serif;\"><span style=\"font-size: large;\">Dzisiaj Chrystus poucza nas i zach\u0119ca <b>do postawy przebaczenia.<\/b> Z pewno\u015bci\u0105 us\u0142yszeli\u015bmy bardzo wiele kaza\u0144 na ten temat, mo\u017ce przeczytali\u015bmy jak\u0105\u015b ksi\u0105\u017ck\u0119 lub artyku\u0142, a problem<b> <\/b>nie przestaje by\u0107<b> wci\u0105\u017c aktualny i wci\u0105\u017c nowy. <\/b>Codzienno\u015b\u0107 tak\u017ce pokazuje, jak bardzo trzeba podejmowa\u0107 go od nowa. Ka\u017cdy z nas tak cz\u0119sto staje w obliczu konieczno\u015bci przebaczenia komu\u015b lub uzyskania czyjego\u015b przebaczenia. <b>Czym zatem jest przebaczenie? <\/b>Czy jest ono pob\u0142a\u017cliwo\u015bci\u0105 wobec z\u0142a? <\/span><\/span><\/span><\/p>\n<p align=\"justify\"><span style=\"color: #000000;\"><span style=\"font-family: Book Antiqua, serif;\"><span style=\"font-size: large;\">Dobrze wiemy, \u017ce nie! Z\u0142o zawsze nale\u017cy pot\u0119pi\u0107! Tutaj w\u0142a\u015bnie tkwi sens upomnienia braterskiego, o kt\u00f3rym Chrystus pouczy\u0142 nas przed tygodniem. Powinni\u015bmy upomina\u0107,<b> pot\u0119piaj\u0105c z\u0142o, ale nie cz\u0142owieka!<\/b> Pot\u0119piamy z\u0142o, nie zas\u0142aniaj\u0105c si\u0119 fa\u0142szywie poj\u0119t\u0105 tolerancj\u0105. Tolerowa\u0107 powinni\u015bmy cz\u0142owieka, nie jego z\u0142o. <\/span><\/span><\/span><\/p>\n<p align=\"justify\"><span style=\"color: #000000;\"><span style=\"font-family: Book Antiqua, serif;\"><span style=\"font-size: large;\">Dlatego, kiedy us\u0142yszymy s\u0142owo: <b>\u201e<\/b><b>P<\/b><b>rzepraszam\u201d, nie m\u00f3wimy: \u201enic si\u0119 nie sta\u0142o\u201d, <\/b>bo z\u0142o rzeczywi\u015bcie zaistnia\u0142o. <b>M\u00f3wimy: \u201e<\/b><b>N<\/b><b>ie czy\u0144 tego wi\u0119cej\u201d,<\/b> a wi\u0119c darujemy przewin\u0119, ale czynimy jeden krok dalej \u2013 zach\u0119camy, aby tego z\u0142a osoba ta unika\u0142a w przysz\u0142o\u015bci. <\/span><\/span><\/span><\/p>\n<p align=\"justify\"><span style=\"color: #000000;\"><span style=\"font-family: Book Antiqua, serif;\"><span style=\"font-size: large;\">Nie mo\u017cemy kierowa\u0107 si\u0119 te\u017c fa\u0142szyw\u0105 uprzejmo\u015bci\u0105, lub <b>zabieganiem o czyje\u015b uznanie. <\/b>Je\u017celi zale\u017cy nam na prawdziwym dobru drugiego, powinni\u015bmy go upomnie\u0107. Szczeg\u00f3lny obowi\u0105zek napi\u0119tnowania z\u0142a <b>spoczywa na rodzicach i wychowawcach. <\/b>Zaniedbanie w tym wzgl\u0119dzie z ich strony poci\u0105ga za sob\u0105 bardzo powa\u017cne konsekwencje. <\/span><\/span><\/span><\/p>\n<p align=\"justify\"><span style=\"color: #000000;\"><span style=\"font-family: Book Antiqua, serif;\"><span style=\"font-size: large;\">Chrystus, kt\u00f3ry jest najlepszym Wychowawc\u0105 cz\u0142owieka, <b>zawsze odwa\u017cnie gromi\u0142 z\u0142o. <\/b>Nie zawaha\u0142 si\u0119 przy tym u\u017cy\u0107 nawet bardzo ostrych s\u0142\u00f3w, jak w przypadku zatwardzia\u0142ych faryzeuszy. Ale nigdy <b>nie odmawia\u0142 swojego mi\u0142osierdzia<\/b> tym, kt\u00f3rzy okazali cho\u0107by odrobin\u0119 skruchy. <\/span><\/span><\/span><\/p>\n<p align=\"justify\"><span style=\"color: #000000;\"><span style=\"font-family: Book Antiqua, serif;\"><span style=\"font-size: large;\">Do celnika Zacheusza przyszed\u0142 w go\u015bcin\u0119, a ten <b>natychmiast postanowi\u0142 naprawi\u0107 <\/b>wszelk\u0105 krzywd\u0119, jak\u0105 spowodowa\u0142. \u00abZbawienie sta\u0142o si\u0119 udzia\u0142em jego domu\u00bb. Jawnogrzesznicy, pot\u0119pionej zgodnie przez wszystkich, przebaczy\u0142 grzechy, m\u00f3wi\u0105c: <i><b>Nie pot\u0119piam ci\u0119. Id\u017a, ale od tej chwili ju\u017c nie grzesz!<\/b><\/i><b> <\/b>Chrystus, nasz najlepszy Wychowawca, usuwa z\u0142o, ale ocala cz\u0142owieka, nie pot\u0119pia go: <b>przebaczaj\u0105c \u2013 zach\u0119ca do dobra.<\/b> Tak\u0105 postaw\u0119 i my powinni\u015bmy przyj\u0105\u0107. <\/span><\/span><\/span><\/p>\n<p align=\"justify\"><span style=\"color: #000000;\"><span style=\"font-family: Book Antiqua, serif;\"><span style=\"font-size: large;\">Naturalnie, mamy prawo <b>okaza\u0107, \u017ce jeste\u015bmy poruszeni czyim\u015b z\u0142em,<\/b> \u017ce dotkn\u0119\u0142a nas czyja\u015b arogancja. Mamy prawo wyra\u017anie da\u0107 do zrozumienia, \u017ce kto\u015b nas obrazi\u0142. Mamy te\u017c prawo <b>dochodzi\u0107 swej sprawiedliwo\u015bci, <\/b>upomnie\u0107 si\u0119 o w\u0142a\u015bciwe traktowanie. Jako ludzie obdarzeni godno\u015bci\u0105, mamy prawo broni\u0107 si\u0119 przed krzywd\u0105, zadawan\u0105 przez innych. Sam Chrystus, w czasie swego procesu, spyta\u0142 \u017co\u0142nierza: <i><b>Dlaczego mnie bijesz?;<\/b><\/i> <i><b>Udowodnij, \u017ce \u017ale powiedzia\u0142em!<\/b><\/i> <\/span><\/span><\/span><\/p>\n<p align=\"justify\"><span style=\"color: #000000;\"><span style=\"font-family: Book Antiqua, serif;\"><span style=\"font-size: large;\">Dlatego te\u017c \u2013 na przyk\u0142ad \u2013 matka, w imi\u0119 dobra swych dzieci, <b>powinna<\/b> <b>chroni\u0107 je przed ojcem pijakiem, <\/b>awanturnikiem, dopuszczaj\u0105cym si\u0119 cz\u0119sto r\u0119koczyn\u00f3w. Ma prawo i obowi\u0105zek chroni\u0107 swe dzieci, a i jej w\u0142asne dobro zas\u0142uguje na ochron\u0119. Mo\u017ce dochodzi\u0107 sprawiedliwo\u015bci<b> nawet przed s\u0105dem!<\/b> Mordercy, z\u0142odzieje czy inni przest\u0119pcy staj\u0105 przed s\u0105dem i s\u0105 s\u0105dzeni \u2013 w czym <b>nie ma \u017cadnego naruszenia <\/b>przykazania mi\u0142o\u015bci czy obowi\u0105zku przebaczenia. <\/span><\/span><\/span><\/p>\n<p align=\"justify\"><span style=\"color: #000000;\"><span style=\"font-family: Book Antiqua, serif;\"><span style=\"font-size: large;\">Ju\u017c tu na ziemi mo\u017cemy egzekwowa\u0107 od innych sprawiedliwo\u015b\u0107, pami\u0119taj\u0105c jednak zawsze, \u017ce za nich tak\u017ce Chrystus umar\u0142 i \u017ce oni <b>tak\u017ce maj\u0105 szans\u0119 poprawy i zbawienia. <\/b>Matka, dochodz\u0105ca przed s\u0105dem poszanowania swych praw przez ojca, ma zawsze obowi\u0105zek <b>modlitwy za niego, <\/b>o jego nawr\u00f3cenie \u2013 i takiej postawy powinna <b>uczy\u0107 dzieci.<\/b> Cz\u0142owiekowi grzesznemu, bardziej ni\u017c \u0142ajania, potrzeba <b>modlitwy czy wyrzecze\u0144, podj\u0119tych w jego intencji.<\/b> <\/span><\/span><\/span><\/p>\n<p align=\"justify\"><span style=\"color: #000000;\"><span style=\"font-family: Book Antiqua, serif;\"><span style=\"font-size: large;\">Postawa przebaczenia \u2013 to w\u0142a\u015bnie postawa wyci\u0105gni\u0119tej d\u0142oni. Chrystus sam uczy nas tego, ale Jego ci\u0105gle wyci\u0105gni\u0119ta d\u0142o\u0144 <b>nie zawsze spotyka si\u0119 <\/b>z wyci\u0105gni\u0119t\u0105 r\u0119k\u0105 cz\u0142owieka. Czasami spotyka si\u0119 z oboj\u0119tno\u015bci\u0105 czy wrogo\u015bci\u0105, a jednak Chrystus nigdy nie cofa swej d\u0142oni. <b>Od cz\u0142owieka tylko zale\u017cy, <\/b>czy wyci\u0105gnie sw\u0105 d\u0142o\u0144, czy skorzysta z przebaczenia, czy uratuje sw\u0105 dusz\u0119. Postawa przebaczenia \u2013 to postawa<b> ci\u0105g\u0142ej \u017cyczliwo\u015bci, ci\u0105g\u0142ej modlitwy,<\/b> nawet wtedy, gdy ten drugi o przebaczenie nie prosi. A gdy o nie poprosi \u2013 gotowo\u015b\u0107<b> <\/b><b>okazania mu tego\u017c <\/b><b>przebaczenia natychmiast.<\/b> <\/span><\/span><\/span><\/p>\n<p align=\"justify\"><span style=\"color: #000000;\"><span style=\"font-family: Book Antiqua, serif;\"><span style=\"font-size: large;\">Taki w\u0142a\u015bnie sens ma owe ewangeliczne przebaczenie <b>siedemdziesi\u0105t siedem razy,<\/b> kt\u00f3ra to liczba w j\u0119zyku biblijnym oznacza przebaczanie ci\u0105g\u0142e, bezustanne; oznacza sta\u0142\u0105 postaw\u0119 <b>akceptacji drugiego cz\u0142owieka,<\/b> \u017cyczliwo\u015bci wobec niego, modlitwy za niego. Wolno nam zasmuci\u0107 si\u0119 z powodu z\u0142a, zadanego przez innych. Wolno nam si\u0119 zdenerwowa\u0107, nawet oburzy\u0107. <b>Ale nie wolno nam trwa\u0107 w nienawi\u015bci, \u017cywi\u0107 pragnienia zemsty,<\/b> aby to, co jest rzecz\u0105 tylko ludzk\u0105, nie sta\u0142o si\u0119 w nas rzecz\u0105 szata\u0144sk\u0105. <\/span><\/span><\/span><\/p>\n<p align=\"justify\"><span style=\"color: #000000;\"><span style=\"font-family: Book Antiqua, serif;\"><span style=\"font-size: large;\">Syrach, Autor starotestamentalny, poucza nas w pierwszym czytaniu: <i><b>Z\u0142o\u015b\u0107 i gniew s\u0105 obrzydliwo\u015bciami, kt\u00f3rych pe\u0142en jest grzesznik. Tego, kt\u00f3ry si\u0119 m\u015bci, spotka zemsta Pana: On grzechy jego dok\u0142adnie zachowa w pami\u0119ci. Gdy cz\u0142owiek \u017cywi z\u0142o\u015b\u0107 przeciw drugiemu, jak\u017ce u Pana szuka\u0107 b\u0119dzie uzdrowienia.<\/b><\/i><b> <\/b><\/span><\/span><\/span><\/p>\n<p align=\"justify\"><span style=\"color: #000000;\"><span style=\"font-family: Book Antiqua, serif;\"><span style=\"font-size: large;\">T\u0119 sam\u0105 my\u015bl odnajdujemy w dzisiejszej przypowie\u015bci ewangelicznej <b>o nielito\u015bciwym d\u0142u\u017cniku.<\/b> Cz\u0142owiek, kt\u00f3remu pan podarowa\u0142 tak wielki d\u0142ug, nie potrafi\u0142 darowa\u0107 d\u0142ugu wielekro\u0107 mniejszego. Pe\u0142na darmowej mi\u0142o\u015bci postawa Boga<b> jest podstawowym argumentem <\/b>dla takiej samej postawy cz\u0142owieka. Skoro B\u00f3g zawsze nam przebacza, kiedykolwiek Go o to poprosimy \u2013 a nawet zanim Go poprosimy \u2013 <b>to i my winni\u015bmy przebacza\u0107 sobie nawzajem.<\/b> <\/span><\/span><\/span><\/p>\n<p align=\"justify\"><span style=\"color: #000000;\"><span style=\"font-family: Book Antiqua, serif;\"><span style=\"font-size: large;\">Pan B\u00f3g domaga si\u0119 od nas tego, co sam daje nam w stopniu znacznie wi\u0119kszym. Dlatego nikt, kto nie potrafi przebaczy\u0107 drugiemu, p\u00f3j\u015b\u0107 na ust\u0119pstwo w \u017cadnej, nawet najdrobniejszej sprawie, <b>nie powinien \u2013 nie ma prawa \u2013 prosi\u0107 o przebaczenie Boga!<\/b><\/span><\/span><\/span><\/p>\n<p align=\"justify\"><span style=\"color: #000000;\"><span style=\"font-family: Book Antiqua, serif;\"><span style=\"font-size: large;\">W tym momencie od\u017cywaj\u0105 mi w pami\u0119ci opowie\u015bci mojej Mamy, pracuj\u0105cej przez wiele lat w sekretariacie Wydzia\u0142u Karnego S\u0105du Rejonowego w Bia\u0142ej Podlaskiej. Ot\u00f3\u017c, cz\u0119sto przytacza\u0142a Ona <b>przyk\u0142ady rozpraw s\u0105dowych,<\/b> kt\u00f3rych powodem niejednokrotnie by\u0142y utarczki s\u0142owne, jakie\u015b drobne przytyki, jakie\u015b nie do ko\u0144ca jasne nieporozumienia. <\/span><\/span><\/span><\/p>\n<p align=\"justify\"><span style=\"color: #000000;\"><span style=\"font-family: Book Antiqua, serif;\"><span style=\"font-size: large;\">I kiedy s\u0119dzia prosi\u0142 obie strony, <b>aby si\u0119 pogodzi\u0142y, przebaczy\u0142y sobie, <\/b>kiedy powo\u0142ywa\u0142 si\u0119 na fakt, \u017ce przecie\u017c wszyscy oni s\u0105 katolikami, a tu \u2013 na przyk\u0142ad \u2013 <b>zbli\u017ca<\/b><b>\u0142y<\/b><b> si\u0119 \u015awi\u0119ta Wielkanocne<\/b><b>,<\/b> s\u0142ysza\u0142 w odpowiedzi: <b>\u201eNie! Do grobowej deski nie przebacz\u0119, <\/b>b\u0119d\u0119 si\u0119 s\u0105dzi\u0142a, cho\u0107by mi przysz\u0142o na rozprawy odda\u0107 wszystkie pieni\u0105dze!\u201d. A przecie\u017c wszyscy oni codziennie m\u00f3wili: <b>\u2026<\/b><i><b>i odpu\u015b\u0107 nam nasze winy, jako i my odpuszczamy naszym winowajcom\u2026<\/b><\/i> Jakim prawem? <\/span><\/span><\/span><\/p>\n<p align=\"justify\"><span style=\"color: #000000;\"><span style=\"font-family: Book Antiqua, serif;\"><span style=\"font-size: large;\">Starotestamentalny Autor ostrzega i przypomina: <i><b>Pami\u0119taj na ostatnie rzeczy i przesta\u0144 nienawidzi\u0107; na \u015bmier\u0107 \u2013 i trzymaj si\u0119 przykaza\u0144.<\/b><\/i><i> <\/i><i><b>Pami\u0119taj na przykazania \u2013 i nie miej w nienawi\u015bci bli\u017aniego, na przymierze Najwy\u017cszego \u2013 i daruj obraz\u0119! <\/b><\/i><\/span><\/span><\/span><\/p>\n<p align=\"justify\"><span style=\"color: #000000;\"><span style=\"font-family: Book Antiqua, serif;\"><span style=\"font-size: large;\">Wszyscy staniemy kiedy\u015b przed S\u0105dem Bo\u017cym, wobec kt\u00f3rego nic si\u0119 nie da ukry\u0107. S\u0105dzeni b\u0119dziemy z mi\u0142o\u015bci,<b> <\/b><b>z umiej\u0119tno\u015bci przebaczenia.<\/b> Jest ono bardzo trudne, mo\u017ce nawet najtrudniejsze w ca\u0142ym naszym chrze\u015bcija\u0144stwie. Ale jest ono \u2013 jak ca\u0142e chrze\u015bcija\u0144stwo<b> \u2013 pi\u0119kne, bo tylko dzi\u0119ki niemu zwyci\u0119\u017camy szatana i jego intrygi! <\/b>I budujemy kr\u00f3lestwo Bo\u017ce ju\u017c tu na ziemi. <\/span><\/span><\/span><\/p>\n<p align=\"justify\"><span style=\"color: #000000;\"><span style=\"font-family: Book Antiqua, serif;\"><span style=\"font-size: large;\">A tak, w og\u00f3le, to dzisiejsza Ewangelia u\u015bwiadamia nam, i\u017c jeste\u015bmy d\u0142u\u017cnikami Boga nie tylko na p\u0142aszczy\u017anie przebaczenia, ale pod ka\u017cdym innym wzgl\u0119dem. <b>Od Dobrego Boga mamy wszystko<\/b> \u2013 to, \u017ce \u017cyjemy, \u017ce cieszymy si\u0119 takim czy innym zdrowiem, \u017ce mamy <b>obok siebie ukochanych, bliskich nam ludzi<\/b> \u2013 to wielki Bo\u017cy dar, dar dany nam darmo. <\/span><\/span><\/span><\/p>\n<p align=\"justify\"><span style=\"color: #000000;\"><span style=\"font-family: Book Antiqua, serif;\"><span style=\"font-size: large;\">Mamy wi\u0119c za co Bogu dzi\u0119kowa\u0107 <b>\u2013 tak jako Wsp\u00f3lnota <\/b><b>parafialna<\/b><b>, jak te\u017c osobi\u015bcie,<\/b> bo ka\u017cdego z nas B\u00f3g hojnie ci\u0105gle obdarowuje. Jak mo\u017cemy odwdzi\u0119czy\u0107 si\u0119 Bogu?\u2026<\/span><\/span><\/span><\/p>\n<p align=\"justify\"><span style=\"color: #000000;\"><span style=\"font-family: Book Antiqua, serif;\"><span style=\"font-size: large;\">Zwr\u00f3\u0107my uwag\u0119, \u017ce pan z dzisiejszej przypowie\u015bci ukara\u0142 swego d\u0142u\u017cnika <b>nie dlatego, \u017ce urazi\u0142 jego samego, ale \u017ce by\u0142 niemi\u0142osierny wobec wsp\u00f3\u0142brata.<\/b> Tak i my mamy odwdzi\u0119cza\u0107 si\u0119 Bogu poprzez cze\u015b\u0107 oddawan\u0105 Jemu samemu, ale i poprzez<b> \u017cyczliwo\u015b\u0107 wobec ludzi.<\/b> W ten spos\u00f3b naprawd\u0119 mo\u017cemy sp\u0142aca\u0107 nasz d\u0142ug Bo\u017cej mi\u0142o\u015bci. <\/span><\/span><\/span><\/p>\n<p align=\"justify\"><span style=\"color: #000000;\"><span style=\"font-family: Book Antiqua, serif;\"><span style=\"font-size: large;\">M\u00f3dlmy si\u0119 wi\u0119c za siebie nawzajem, aby\u015bmy ci\u0105gle pami\u0119tali, \u017ce jeste\u015bmy d\u0142u\u017cnikami Boga. By\u0107 d\u0142u\u017cnikiem Boga<b> \u2013 to nie wstyd! <\/b>To mo\u017ce jedyny na ziemi d\u0142ug, <b>kt\u00f3rego mo\u017cna si\u0119 poszczyci\u0107!<\/b> M\u00f3dlmy si\u0119, aby\u015bmy z tej \u015bwiadomo\u015bci umieli wyprowadzi\u0107 umiej\u0119tno\u015b\u0107 przebaczenia. M\u00f3dlmy si\u0119 za innych \u2013 nawet, a mo\u017ce szczeg\u00f3lnie w\u0142a\u015bnie<b> za tych trudnych i niewdzi\u0119cznych,<\/b> kt\u00f3rych Pan postawi\u0142 na naszej drodze \u017cycia. Oni s\u0105 sprawdzianem naszej mi\u0142o\u015bci \u2013 na ile jest ona prawdziwa, a na ile tylko deklarowana i obiecywana. <\/span><\/span><\/span><\/p>\n<p align=\"justify\"><span style=\"color: #000000;\"><span style=\"font-family: Book Antiqua, serif;\"><span style=\"font-size: large;\">Niech Chrystus, kt\u00f3rego spotykamy w dzisiejszej Liturgii, <b>b\u0142ogos\u0142awi nam i naszemu chrze\u015bcija\u0144stwu<\/b> \u2013 <b>trudnemu, ale pi\u0119knemu!<\/b> Niech b\u0142ogos\u0142awi nam we wszystkich poczynaniach, niech uczyni bardziej Bo\u017c\u0105 nasz\u0105 codzienn\u0105, trudn\u0105 rzeczywisto\u015b\u0107 \u2013 aby by\u0142a ona potwierdzeniem s\u0142\u00f3w Aposto\u0142a Paw\u0142a z dzisiejszego drugiego czytania: <i><b>Nikt z nas nie \u017cyje dla siebie i nikt nie umiera dla siebie: je\u017celi bowiem \u017cyjemy, \u017cyjemy dla Pana; je\u017celi za\u015b umieramy, umieramy dla Pana. I w \u017cyciu wi\u0119c, i w \u015bmierci nale\u017cymy do Pana.<\/b><\/i><\/span><\/span><\/span><\/p>\n<p align=\"justify\"><span style=\"color: #000000;\"><span style=\"font-family: Book Antiqua, serif;\"><span style=\"font-size: large;\">Oby\u015bmy nigdy nie \u017cyli tylko dla siebie \u2013 ale dla Pana i dla tych, kt\u00f3rych On sam nam da\u0142\u2026 Aby\u015bmy w tym duchu <b>odwa\u017cnie podejmowali dzie\u0142o przebaczenia!<\/b><\/span><\/span><\/span><\/p>\n","protected":false},"excerpt":{"rendered":"<p>Niech b\u0119dzie pochwalony Jezus Chrystus! Moi Drodzy, w tym tygodniu: \u25baw poniedzia\u0142ek, 14 wrze\u015bnia, urodziny b\u0119dzie prze\u017cywa\u0142 Grzegorz Matysiak, Ko\u015bcielny (zwany przeze mnie, tak\u017ce publicznie, Dyrektorem) z Parafii w Miastkowie; \u25baw \u015brod\u0119, 16 wrze\u015bnia, imieniny prze\u017cywa\u0107 b\u0119dzie Kamila Malinowska, nale\u017c\u0105ca \u2013 w swoim czasie \u2013 do jednej z m\u0142odzie\u017cowych Wsp\u00f3lnot; \u25baw czwartek, 17 wrze\u015bnia, imieniny [&hellip;]<\/p>\n","protected":false},"author":1,"featured_media":0,"comment_status":"open","ping_status":"open","sticky":false,"template":"","format":"standard","meta":{"jetpack_post_was_ever_published":false,"_jetpack_newsletter_access":"","_jetpack_dont_email_post_to_subs":false,"_jetpack_newsletter_tier_id":0,"_jetpack_memberships_contains_paywalled_content":false,"_jetpack_memberships_contains_paid_content":false,"footnotes":""},"categories":[1],"tags":[],"class_list":["post-17844","post","type-post","status-publish","format-standard","hentry","category-bez-kategorii"],"yoast_head":"<!-- This site is optimized with the Yoast SEO plugin v25.1 - https:\/\/yoast.com\/wordpress\/plugins\/seo\/ -->\n<title>A\u017c siedemdziesi\u0105t siedem razy... - Gaudium Et Spes<\/title>\n<meta name=\"robots\" content=\"index, follow, max-snippet:-1, max-image-preview:large, max-video-preview:-1\" \/>\n<link rel=\"canonical\" href=\"https:\/\/gaudiumetspes-blog.pl\/index.php\/2020\/09\/13\/az-siedemdziesiat-siedem-razy\/\" \/>\n<meta property=\"og:locale\" content=\"pl_PL\" \/>\n<meta property=\"og:type\" content=\"article\" \/>\n<meta property=\"og:title\" content=\"A\u017c siedemdziesi\u0105t siedem razy... - Gaudium Et Spes\" \/>\n<meta property=\"og:description\" content=\"Niech b\u0119dzie pochwalony Jezus Chrystus! Moi Drodzy, w tym tygodniu: \u25baw poniedzia\u0142ek, 14 wrze\u015bnia, urodziny b\u0119dzie prze\u017cywa\u0142 Grzegorz Matysiak, Ko\u015bcielny (zwany przeze mnie, tak\u017ce publicznie, Dyrektorem) z Parafii w Miastkowie; \u25baw \u015brod\u0119, 16 wrze\u015bnia, imieniny prze\u017cywa\u0107 b\u0119dzie Kamila Malinowska, nale\u017c\u0105ca \u2013 w swoim czasie \u2013 do jednej z m\u0142odzie\u017cowych Wsp\u00f3lnot; \u25baw czwartek, 17 wrze\u015bnia, imieniny [&hellip;]\" \/>\n<meta property=\"og:url\" content=\"https:\/\/gaudiumetspes-blog.pl\/index.php\/2020\/09\/13\/az-siedemdziesiat-siedem-razy\/\" \/>\n<meta property=\"og:site_name\" content=\"Gaudium Et Spes\" \/>\n<meta property=\"article:published_time\" content=\"2020-09-13T03:42:46+00:00\" \/>\n<meta name=\"author\" content=\"Ks. Jacek\" \/>\n<meta name=\"twitter:card\" content=\"summary_large_image\" \/>\n<meta name=\"twitter:label1\" content=\"Napisane przez\" \/>\n\t<meta name=\"twitter:data1\" content=\"Ks. Jacek\" \/>\n\t<meta name=\"twitter:label2\" content=\"Szacowany czas czytania\" \/>\n\t<meta name=\"twitter:data2\" content=\"13 minut\" \/>\n<script type=\"application\/ld+json\" class=\"yoast-schema-graph\">{\"@context\":\"https:\/\/schema.org\",\"@graph\":[{\"@type\":\"WebPage\",\"@id\":\"https:\/\/gaudiumetspes-blog.pl\/index.php\/2020\/09\/13\/az-siedemdziesiat-siedem-razy\/\",\"url\":\"https:\/\/gaudiumetspes-blog.pl\/index.php\/2020\/09\/13\/az-siedemdziesiat-siedem-razy\/\",\"name\":\"A\u017c siedemdziesi\u0105t siedem razy... - Gaudium Et Spes\",\"isPartOf\":{\"@id\":\"https:\/\/gaudiumetspes-blog.pl\/#website\"},\"datePublished\":\"2020-09-13T03:42:46+00:00\",\"author\":{\"@id\":\"https:\/\/gaudiumetspes-blog.pl\/#\/schema\/person\/1661982992b752dea8dff0d4ed845a65\"},\"breadcrumb\":{\"@id\":\"https:\/\/gaudiumetspes-blog.pl\/index.php\/2020\/09\/13\/az-siedemdziesiat-siedem-razy\/#breadcrumb\"},\"inLanguage\":\"pl-PL\",\"potentialAction\":[{\"@type\":\"ReadAction\",\"target\":[\"https:\/\/gaudiumetspes-blog.pl\/index.php\/2020\/09\/13\/az-siedemdziesiat-siedem-razy\/\"]}]},{\"@type\":\"BreadcrumbList\",\"@id\":\"https:\/\/gaudiumetspes-blog.pl\/index.php\/2020\/09\/13\/az-siedemdziesiat-siedem-razy\/#breadcrumb\",\"itemListElement\":[{\"@type\":\"ListItem\",\"position\":1,\"name\":\"Strona g\u0142\u00f3wna\",\"item\":\"https:\/\/gaudiumetspes-blog.pl\/\"},{\"@type\":\"ListItem\",\"position\":2,\"name\":\"A\u017c siedemdziesi\u0105t siedem razy&#8230;\"}]},{\"@type\":\"WebSite\",\"@id\":\"https:\/\/gaudiumetspes-blog.pl\/#website\",\"url\":\"https:\/\/gaudiumetspes-blog.pl\/\",\"name\":\"Gaudium Et Spes\",\"description\":\"Blog Ks. Jacka Ja\u015bkowskiego\",\"potentialAction\":[{\"@type\":\"SearchAction\",\"target\":{\"@type\":\"EntryPoint\",\"urlTemplate\":\"https:\/\/gaudiumetspes-blog.pl\/?s={search_term_string}\"},\"query-input\":{\"@type\":\"PropertyValueSpecification\",\"valueRequired\":true,\"valueName\":\"search_term_string\"}}],\"inLanguage\":\"pl-PL\"},{\"@type\":\"Person\",\"@id\":\"https:\/\/gaudiumetspes-blog.pl\/#\/schema\/person\/1661982992b752dea8dff0d4ed845a65\",\"name\":\"Ks. Jacek\",\"image\":{\"@type\":\"ImageObject\",\"inLanguage\":\"pl-PL\",\"@id\":\"https:\/\/gaudiumetspes-blog.pl\/#\/schema\/person\/image\/\",\"url\":\"https:\/\/gaudiumetspes-blog.pl\/wp-content\/uploads\/2019\/07\/avatar-JJ-150x150.jpg\",\"contentUrl\":\"https:\/\/gaudiumetspes-blog.pl\/wp-content\/uploads\/2019\/07\/avatar-JJ-150x150.jpg\",\"caption\":\"Ks. Jacek\"},\"description\":\"Witam serdecznie! K\u0142ania si\u0119 Ks. Jacek Ja\u015bkowski. Nie jestem ani kim\u015b wa\u017cnym, ani kim\u015b znanym. Jestem ksi\u0119dzem, kt\u00f3ry po prostu chce rozmawia\u0107. Codzienna kap\u0142a\u0144ska pos\u0142uga pokazuje mi, \u017ce temat\u00f3w do rozm\u00f3w z ksi\u0119dzem jest coraz wi\u0119cej i dzisiaj \u017caden ksi\u0105dz nie mo\u017ce od nich ucieka\u0107, ale - wprost przeciwnie - podejmowa\u0107 nowe wyzwania. To przekonanie sk\u0142oni\u0142o mnie do pr\u00f3by otwarcia tego\u017c bloga, chocia\u017c okazji do rozm\u00f3w na co dzie\u0144 - w konfesjonale i poza nim - na szcz\u0119\u015bcie nie brakuje. My\u015bl\u0119 jednak, \u017ce ten blog b\u0119dzie jeszcze jednym sposobem i przestrzeni\u0105 nawi\u0105zania kontaktu z lud\u017ami dobrej woli, otwartymi na dialog.\",\"url\":\"https:\/\/gaudiumetspes-blog.pl\/index.php\/author\/ks-jacek\/\"}]}<\/script>\n<!-- \/ Yoast SEO plugin. -->","yoast_head_json":{"title":"A\u017c siedemdziesi\u0105t siedem razy... - Gaudium Et Spes","robots":{"index":"index","follow":"follow","max-snippet":"max-snippet:-1","max-image-preview":"max-image-preview:large","max-video-preview":"max-video-preview:-1"},"canonical":"https:\/\/gaudiumetspes-blog.pl\/index.php\/2020\/09\/13\/az-siedemdziesiat-siedem-razy\/","og_locale":"pl_PL","og_type":"article","og_title":"A\u017c siedemdziesi\u0105t siedem razy... - Gaudium Et Spes","og_description":"Niech b\u0119dzie pochwalony Jezus Chrystus! Moi Drodzy, w tym tygodniu: \u25baw poniedzia\u0142ek, 14 wrze\u015bnia, urodziny b\u0119dzie prze\u017cywa\u0142 Grzegorz Matysiak, Ko\u015bcielny (zwany przeze mnie, tak\u017ce publicznie, Dyrektorem) z Parafii w Miastkowie; \u25baw \u015brod\u0119, 16 wrze\u015bnia, imieniny prze\u017cywa\u0107 b\u0119dzie Kamila Malinowska, nale\u017c\u0105ca \u2013 w swoim czasie \u2013 do jednej z m\u0142odzie\u017cowych Wsp\u00f3lnot; \u25baw czwartek, 17 wrze\u015bnia, imieniny [&hellip;]","og_url":"https:\/\/gaudiumetspes-blog.pl\/index.php\/2020\/09\/13\/az-siedemdziesiat-siedem-razy\/","og_site_name":"Gaudium Et Spes","article_published_time":"2020-09-13T03:42:46+00:00","author":"Ks. Jacek","twitter_card":"summary_large_image","twitter_misc":{"Napisane przez":"Ks. Jacek","Szacowany czas czytania":"13 minut"},"schema":{"@context":"https:\/\/schema.org","@graph":[{"@type":"WebPage","@id":"https:\/\/gaudiumetspes-blog.pl\/index.php\/2020\/09\/13\/az-siedemdziesiat-siedem-razy\/","url":"https:\/\/gaudiumetspes-blog.pl\/index.php\/2020\/09\/13\/az-siedemdziesiat-siedem-razy\/","name":"A\u017c siedemdziesi\u0105t siedem razy... - Gaudium Et Spes","isPartOf":{"@id":"https:\/\/gaudiumetspes-blog.pl\/#website"},"datePublished":"2020-09-13T03:42:46+00:00","author":{"@id":"https:\/\/gaudiumetspes-blog.pl\/#\/schema\/person\/1661982992b752dea8dff0d4ed845a65"},"breadcrumb":{"@id":"https:\/\/gaudiumetspes-blog.pl\/index.php\/2020\/09\/13\/az-siedemdziesiat-siedem-razy\/#breadcrumb"},"inLanguage":"pl-PL","potentialAction":[{"@type":"ReadAction","target":["https:\/\/gaudiumetspes-blog.pl\/index.php\/2020\/09\/13\/az-siedemdziesiat-siedem-razy\/"]}]},{"@type":"BreadcrumbList","@id":"https:\/\/gaudiumetspes-blog.pl\/index.php\/2020\/09\/13\/az-siedemdziesiat-siedem-razy\/#breadcrumb","itemListElement":[{"@type":"ListItem","position":1,"name":"Strona g\u0142\u00f3wna","item":"https:\/\/gaudiumetspes-blog.pl\/"},{"@type":"ListItem","position":2,"name":"A\u017c siedemdziesi\u0105t siedem razy&#8230;"}]},{"@type":"WebSite","@id":"https:\/\/gaudiumetspes-blog.pl\/#website","url":"https:\/\/gaudiumetspes-blog.pl\/","name":"Gaudium Et Spes","description":"Blog Ks. Jacka Ja\u015bkowskiego","potentialAction":[{"@type":"SearchAction","target":{"@type":"EntryPoint","urlTemplate":"https:\/\/gaudiumetspes-blog.pl\/?s={search_term_string}"},"query-input":{"@type":"PropertyValueSpecification","valueRequired":true,"valueName":"search_term_string"}}],"inLanguage":"pl-PL"},{"@type":"Person","@id":"https:\/\/gaudiumetspes-blog.pl\/#\/schema\/person\/1661982992b752dea8dff0d4ed845a65","name":"Ks. Jacek","image":{"@type":"ImageObject","inLanguage":"pl-PL","@id":"https:\/\/gaudiumetspes-blog.pl\/#\/schema\/person\/image\/","url":"https:\/\/gaudiumetspes-blog.pl\/wp-content\/uploads\/2019\/07\/avatar-JJ-150x150.jpg","contentUrl":"https:\/\/gaudiumetspes-blog.pl\/wp-content\/uploads\/2019\/07\/avatar-JJ-150x150.jpg","caption":"Ks. Jacek"},"description":"Witam serdecznie! K\u0142ania si\u0119 Ks. Jacek Ja\u015bkowski. Nie jestem ani kim\u015b wa\u017cnym, ani kim\u015b znanym. Jestem ksi\u0119dzem, kt\u00f3ry po prostu chce rozmawia\u0107. Codzienna kap\u0142a\u0144ska pos\u0142uga pokazuje mi, \u017ce temat\u00f3w do rozm\u00f3w z ksi\u0119dzem jest coraz wi\u0119cej i dzisiaj \u017caden ksi\u0105dz nie mo\u017ce od nich ucieka\u0107, ale - wprost przeciwnie - podejmowa\u0107 nowe wyzwania. To przekonanie sk\u0142oni\u0142o mnie do pr\u00f3by otwarcia tego\u017c bloga, chocia\u017c okazji do rozm\u00f3w na co dzie\u0144 - w konfesjonale i poza nim - na szcz\u0119\u015bcie nie brakuje. My\u015bl\u0119 jednak, \u017ce ten blog b\u0119dzie jeszcze jednym sposobem i przestrzeni\u0105 nawi\u0105zania kontaktu z lud\u017ami dobrej woli, otwartymi na dialog.","url":"https:\/\/gaudiumetspes-blog.pl\/index.php\/author\/ks-jacek\/"}]}},"jetpack_featured_media_url":"","jetpack_sharing_enabled":true,"_links":{"self":[{"href":"https:\/\/gaudiumetspes-blog.pl\/index.php\/wp-json\/wp\/v2\/posts\/17844","targetHints":{"allow":["GET"]}}],"collection":[{"href":"https:\/\/gaudiumetspes-blog.pl\/index.php\/wp-json\/wp\/v2\/posts"}],"about":[{"href":"https:\/\/gaudiumetspes-blog.pl\/index.php\/wp-json\/wp\/v2\/types\/post"}],"author":[{"embeddable":true,"href":"https:\/\/gaudiumetspes-blog.pl\/index.php\/wp-json\/wp\/v2\/users\/1"}],"replies":[{"embeddable":true,"href":"https:\/\/gaudiumetspes-blog.pl\/index.php\/wp-json\/wp\/v2\/comments?post=17844"}],"version-history":[{"count":1,"href":"https:\/\/gaudiumetspes-blog.pl\/index.php\/wp-json\/wp\/v2\/posts\/17844\/revisions"}],"predecessor-version":[{"id":17845,"href":"https:\/\/gaudiumetspes-blog.pl\/index.php\/wp-json\/wp\/v2\/posts\/17844\/revisions\/17845"}],"wp:attachment":[{"href":"https:\/\/gaudiumetspes-blog.pl\/index.php\/wp-json\/wp\/v2\/media?parent=17844"}],"wp:term":[{"taxonomy":"category","embeddable":true,"href":"https:\/\/gaudiumetspes-blog.pl\/index.php\/wp-json\/wp\/v2\/categories?post=17844"},{"taxonomy":"post_tag","embeddable":true,"href":"https:\/\/gaudiumetspes-blog.pl\/index.php\/wp-json\/wp\/v2\/tags?post=17844"}],"curies":[{"name":"wp","href":"https:\/\/api.w.org\/{rel}","templated":true}]}}