{"id":17931,"date":"2020-09-20T06:44:53","date_gmt":"2020-09-20T04:44:53","guid":{"rendered":"https:\/\/gaudiumetspes-blog.pl\/?p=17931"},"modified":"2020-09-20T06:44:53","modified_gmt":"2020-09-20T04:44:53","slug":"rachowac-po-bozemu","status":"publish","type":"post","link":"https:\/\/gaudiumetspes-blog.pl\/index.php\/2020\/09\/20\/rachowac-po-bozemu\/","title":{"rendered":"Rachowa\u0107 po Bo\u017cemu&#8230;"},"content":{"rendered":"<p align=\"justify\"><span style=\"color: #000000;\"><span style=\"font-family: Book Antiqua, serif;\"><span style=\"font-size: large;\">Niech b\u0119dzie pochwalony Jezus Chrystus! Moi Drodzy, witam na pok\u0142adzie! To znaczy, ca\u0142y czas na nim by\u0142em, bo uwa\u017cnie czyta\u0142em wszystkie rozwa\u017cania. By\u0142y mi one pomoc\u0105 do rekolekcyjnej refleksji. I to bardzo konkretnie! Kiedy bowiem \u2013 na przyk\u0142ad \u2013 Ojciec Jan Klubek zaproponowa\u0142 mi refleksj\u0119 nad Hymnem o mi\u0142o\u015bci z Listu \u015awi\u0119tego Paw\u0142a, wtedy Ksi\u0105dz Marek zaproponowa\u0142 dok\u0142adnie to samo i jeszcze podpowiedzia\u0142, jak to zrobi\u0107. <\/span><\/span><\/span><\/p>\n<p align=\"justify\"><span style=\"color: #000000;\"><span style=\"font-family: Book Antiqua, serif;\"><span style=\"font-size: large;\">Serdecznie dzi\u0119kuj\u0119 Ksi\u0119dzu Markowi i Wszystkim, kt\u00f3rych uda\u0142o Mu si\u0119 wci\u0105gn\u0105\u0107 do wsp\u00f3\u0142pracy \u2013 za prowadzenie Gospodarstwa przez ca\u0142y tydzie\u0144! Szczer\u0105 i serdeczn\u0105 modlitw\u0105 odwzajemnia\u0142em Im to zaanga\u017cowanie!<\/span><\/span><\/span><\/p>\n<p align=\"justify\"><span style=\"color: #000000;\"><span style=\"font-family: Book Antiqua, serif;\"><span style=\"font-size: large;\">I tak\u017ce Wasz\u0105 pami\u0119\u0107 o mnie odwzajemnia\u0142em modlitw\u0105 przez Tronem Pani Kode\u0144skiej! Jestem pewny, \u017ce tak\u017ce dzi\u0119ki Waszemu duchowemu wsparciu ten czas by\u0142 dla mnie tak bardzo wyj\u0105tkowy i duchowo \u201emocny\u201d. A na ile b\u0119dzie skuteczny \u2013 to dopiero czas poka\u017ce\u2026 <\/span><\/span><\/span><\/p>\n<p align=\"justify\"><span style=\"color: #000000;\"><span style=\"font-family: Book Antiqua, serif;\"><span style=\"font-size: large;\"><b>A oto dzisiaj urodziny prze\u017cywa Sebastian Gruszczy\u0144ski, za mich czas\u00f3w \u2013 Lektor w Miastkowie Ko\u015bcielnym i przez pewien czas: Wiceprezes tej\u017ce S\u0142u\u017cby. Niech Pan udzieli Mu wszystkich swoich dar\u00f3w i natchnie\u0144. O to b\u0119d\u0119 si\u0119 dla Niego modli\u0142.<\/b><\/span><\/span><\/span><\/p>\n<p align=\"justify\"><span style=\"color: #000000;\"><span style=\"font-family: Book Antiqua, serif;\"><span style=\"font-size: large;\"><b>W tym ostatnim tygodniu \u2013 dok\u0142adnie, w czwartek \u2013 imieniny obchodzi\u0142 Ksi\u0105dz Robert J\u0119drych. Za czas\u00f3w mojego wikariatu w \u017belechowie, nale\u017ca\u0142 do Wsp\u00f3lnoty m\u0142odzie\u017cowej, a obecnie jest Ksi\u0119dzem, pos\u0142uguj\u0105cym w moim rodzinnym mie\u015bcie. Nie wymieni\u0142em Go przed tygodniem, bo wed\u0142ug moich zapisk\u00f3w \u2013 imieniny te wypada\u0142y w maju. Teraz jednak dowiedzia\u0142em si\u0119, \u017ce wypadaj\u0105 we wrze\u015bniu. Dlatego przesy\u0142am Mu serdeczne \u017cyczenia, wsparte modlitw\u0105!<\/b><\/span><\/span><\/span><\/p>\n<p align=\"justify\"><span style=\"color: #000000;\"><span style=\"font-family: Book Antiqua, serif;\"><span style=\"font-size: large;\">Tymczasem dzisiaj \u2013 ju\u017c \u201enormalna\u201d niedziela. Przed po\u0142udniem \u2013 pos\u0142uga w Radomy\u015bli, a wieczorem, o godzinie 17:00, w rodzinnej Parafii zamierzam odprawi\u0107 Msz\u0119 \u015awi\u0119t\u0105 w intencji naszych Rodzic\u00f3w \u2013 z okazji urodzin Mamy. Ju\u017c w Szklarskiej Por\u0119bie sprawowa\u0142em Msz\u0119 \u015awi\u0119t\u0105 w tej intencji, dzisiaj natomiast b\u0119dziemy si\u0119 modli\u0107 w gronie Rodziny. Ksi\u0105dz Marek \u2013 niestety \u2013 zdalnie\u2026 Ale sercem na pewno b\u0119dzie z nami. Przy tej okazji, raz jeszcze dzi\u0119kuj\u0119 za wszystkie wyrazy pami\u0119ci o naszej Mamie, jakie wyrazili\u015bcie z okazji urodzin.<\/span><\/span><\/span><\/p>\n<p align=\"justify\"><span style=\"color: #000000;\"><span style=\"font-family: Book Antiqua, serif;\"><span style=\"font-size: large;\">Moi Drodzy, nie przestaj\u0119 my\u015ble\u0107 \u2013 tak\u017ce na modlitwie \u2013 o sprawach, kt\u00f3ra tak bardzo nas na co dzie\u0144 nurtuj\u0105. Zw\u0142aszcza, \u017ce coraz cz\u0119\u015bciej pojawiaj\u0105 si\u0119 odwa\u017cne wypowiedzi, kt\u00f3re musz\u0105 ludzi my\u015bl\u0105cych mobilizowa\u0107 do powa\u017cnej refleksji. Trafi\u0142em na nie bezpo\u015brednio przed rekolekcjami i zaraz po nich, dlatego dzisiaj dziel\u0119 si\u0119 nimi z Wami.<\/span><\/span><\/span><\/p>\n<p align=\"justify\"><span style=\"color: #000000;\"><span style=\"font-family: Book Antiqua, serif;\"><span style=\"font-size: large;\">I tak oto kwestia, kt\u00f3r\u0105 od samego pocz\u0105tku ca\u0142ego tego wirusowego zamieszania zupe\u0142nie si\u0119 pomija, a mianowicie \u2013 sprawa jego skutk\u00f3w duchowych i psychicznych:<\/span><\/span><\/span><\/p>\n<p align=\"justify\"><span style=\"color: #000000;\"><span style=\"font-family: Book Antiqua, serif;\"><span style=\"font-size: medium;\"><a href=\"https:\/\/www.pch24.pl\/publicysci-tygodnika-tvp--maseczka-ochronna-jak-kaganiec--zabrano-nam-twarze,78416,i.html\"><span style=\"font-size: large;\">https:\/\/www.pch24.pl\/publicysci-tygodnika-tvp&#8211;maseczka-ochronna-jak-kaganiec&#8211;zabrano-nam-twarze,78416,i.html<\/span><\/a><\/span><\/span><\/span><\/p>\n<p align=\"justify\"><span style=\"color: #000000;\"><span style=\"font-family: Book Antiqua, serif;\"><span style=\"font-size: large;\">I drugi problem \u2013 pomijanie opinii lekarzy i specjalist\u00f3w, neguj\u0105cych oficjaln\u0105 lini\u0105 rz\u0105dow\u0105. Okazuje si\u0119, \u017ce jest ich naprawd\u0119 wielu i wcale si\u0119 ze swymi pogl\u0105dami \u2013 i nazwiskami! \u2013 nie ukrywaj\u0105. Jeden z nich wypowiedzia\u0142 si\u0119 bardzo jednoznacznie i kompetentnie, a do tego odwa\u017cnie \u2013 w oficjalnym, otwartym li\u015bcie do Ministra Zdrowia:<\/span><\/span><\/span><\/p>\n<p align=\"justify\"><span style=\"color: #000000;\"><span style=\"font-family: Book Antiqua, serif;\"><span style=\"font-size: medium;\"><a href=\"https:\/\/dorzeczy.pl\/kraj\/154099\/pytam-w-imieniu-zdezorientowanych-list-prof-rutkowskiego-do-ministra-zdrowia.html\"><span style=\"font-size: large;\">https:\/\/dorzeczy.pl\/kraj\/154099\/pytam-w-imieniu-zdezorientowanych-list-prof-rutkowskiego-do-ministra-zdrowia.html<\/span><\/a><\/span><\/span><\/span><\/p>\n<p align=\"justify\"><span style=\"color: #000000;\"><span style=\"font-family: Book Antiqua, serif;\"><span style=\"font-size: large;\">I jeszcze jedna refleksja, z kt\u00f3r\u0105 \u2013 ze smutkiem, ale w pe\u0142nej szczero\u015bci i odpowiedzialno\u015bci serca \u2013 musz\u0119 si\u0119 w wi\u0119kszo\u015bci zgodzi\u0107:<\/span><\/span><\/span><\/p>\n<p align=\"justify\"><span style=\"color: #000000;\"><span style=\"font-family: Book Antiqua, serif;\"><span style=\"font-size: medium;\"><a href=\"https:\/\/dorzeczy.pl\/kraj\/153927\/czy-kosciol-jeszcze-wierzy-w-boga.html\"><span style=\"font-size: large;\">https:\/\/dorzeczy.pl\/kraj\/153927\/czy-kosciol-jeszcze-wierzy-w-boga.html<\/span><\/a><\/span><\/span><\/span><\/p>\n<p align=\"justify\"><span style=\"color: #000000;\"><span style=\"font-family: Book Antiqua, serif;\"><span style=\"font-size: large;\">Takich wypowiedzi jest coraz wi\u0119cej. Jak d\u0142ugo jeszcze b\u0119d\u0105 one pomijane, lekcewa\u017cone i przemilczane? Wiele z nich znalaz\u0142o si\u0119 w emitowanym wczoraj, w TV TRWAM, reporta\u017cu \u201eFa\u0142szywa pandemia?\u201d My\u015bl\u0119, \u017ce b\u0119dzie on jeszcze powtarzany.<\/span><\/span><\/span><\/p>\n<p align=\"justify\"><span style=\"color: #000000;\"><span style=\"font-family: Book Antiqua, serif;\"><span style=\"font-size: large;\">Niech Pan nas wyzwoli \u2013 w \u0142askawo\u015bci swojej \u2013 z ca\u0142ego tego szale\u0144stwa i manipulacji. Wiemy, \u017ce Jemu ta sytuacja nie wymkn\u0119\u0142a si\u0119 spod kontroli. Bo nam \u2013 ju\u017c dawno.<\/span><\/span><\/span><\/p>\n<p align=\"justify\"><span style=\"color: #000000;\"><span style=\"font-family: Book Antiqua, serif;\"><span style=\"font-size: large;\">To problemy, kt\u00f3re nas nurtuj\u0105. Niech nas one jednak nie pozbawi\u0105 pi\u0119kna Bo\u017cego s\u0142owa, do kt\u00f3rego rozwa\u017cenia zapraszam. Prosz\u0119, aby\u015bcie razem ze mn\u0105 odpowiedzieli sobie na pytanie: <b>Co<\/b> <b>konkretnie Pan dzisiaj do mnie m\u00f3wi w swoim S\u0142owie?<\/b><\/span><\/span><\/span><\/p>\n<p align=\"justify\"><span style=\"color: #000000;\"><span style=\"font-family: Book Antiqua, serif;\"><span style=\"font-size: large;\"><b>Niech Was b\u0142ogos\u0142awi B\u00f3g Wszechmog\u0105cy: Ojciec + i Syn, i Duch \u015awi\u0119ty. Amen<\/b><\/span><\/span><\/span><\/p>\n<p align=\"center\"><span style=\"color: #000000;\"><span style=\"font-family: Book Antiqua, serif;\"><span style=\"font-size: large;\">Gaudium et spes! Ks. Jacek<\/span><\/span><\/span><\/p>\n<p align=\"center\">\n<p align=\"center\">\n<p align=\"center\">\n<p align=\"center\">\n<p align=\"center\">\n<p align=\"justify\"><span style=\"color: #000000;\"><span style=\"font-family: Book Antiqua, serif;\"><span style=\"font-size: large;\"><b>25 Niedziela zwyk\u0142a, A,<\/b><\/span><\/span><\/span><\/p>\n<p align=\"justify\"><span style=\"color: #000000;\"><span style=\"font-family: Book Antiqua, serif;\"><span style=\"font-size: large;\"><b>20 wrze\u015bnia 2020.,<\/b><\/span><\/span><\/span><\/p>\n<p align=\"justify\"><span style=\"color: #000000;\"><span style=\"font-family: Book Antiqua, serif;\"><span style=\"font-size: large;\"><b>do czyta\u0144: Iz 55,6\u20139; Flp 1,20\u201324.27a; Mt 20,1\u201316a<\/b><\/span><\/span><\/span><\/p>\n<p align=\"justify\">\n<p align=\"justify\">\n<p align=\"justify\">\n<p align=\"justify\">\n<p align=\"justify\">\n<p align=\"justify\"><span style=\"color: #000000;\"><span style=\"font-family: Book Antiqua, serif;\"><span style=\"font-size: large;\"><b>CZYTANIE Z KSI\u0118GI PROROKA IZAJASZA: <\/b><\/span><\/span><\/span><\/p>\n<p align=\"justify\"><span style=\"color: #000000;\"><span style=\"font-family: Book Antiqua, serif;\"><span style=\"font-size: large;\"><b>Szukajcie Pana, gdy si\u0119 pozwala znale\u017a\u0107, wzywajcie Go, dop\u00f3ki jest blisko. Niechaj bezbo\u017cny porzuci sw\u0105 drog\u0119 i cz\u0142owiek nieprawy swoje knowania. Niech si\u0119 nawr\u00f3ci do Pana, a ten si\u0119 nad nim zmi\u0142uje i do Boga naszego, gdy\u017c hojny jest w przebaczaniu. <\/b><\/span><\/span><\/span><\/p>\n<p align=\"justify\"><span style=\"color: #000000;\"><span style=\"font-family: Book Antiqua, serif;\"><span style=\"font-size: large;\"><b>Bo my\u015bli moje nie s\u0105 my\u015blami waszymi ani wasze drogi moimi drogami, m\u00f3wi Pan. Bo jak niebiosa g\u00f3ruj\u0105 nad ziemi\u0105, tak drogi moje nad waszymi drogami i my\u015bli moje nad my\u015blami waszymi.<\/b><\/span><\/span><\/span><\/p>\n<p align=\"justify\">\n<p align=\"justify\">\n<p align=\"justify\">\n<p align=\"justify\">\n<p align=\"justify\">\n<p align=\"justify\"><span style=\"color: #000000;\"><span style=\"font-family: Book Antiqua, serif;\"><span style=\"font-size: large;\"><b>CZYTANIE Z LISTU \u015aWI\u0118TEGO PAW\u0141A APOSTO\u0141A DO FILIPIAN: <\/b><\/span><\/span><\/span><\/p>\n<p align=\"justify\"><span style=\"color: #000000;\"><span style=\"font-family: Book Antiqua, serif;\"><span style=\"font-size: large;\"><b>Bracia: Chrystus b\u0119dzie uwielbiony w moim ciele: czy to przez \u017cycie, czy przez \u015bmier\u0107. Dla mnie bowiem \u017cy\u0107 \u2013 to Chrystus, a umrze\u0107 \u2013 to zysk. Je\u015bli bowiem \u017cy\u0107 w ciele \u2013 to dla mnie owocna praca. Co mam wybra\u0107? Nie umiem powiedzie\u0107. <\/b><\/span><\/span><\/span><\/p>\n<p align=\"justify\"><span style=\"color: #000000;\"><span style=\"font-family: Book Antiqua, serif;\"><span style=\"font-size: large;\"><b>Z dw\u00f3ch stron doznaj\u0119 nalegania: pragn\u0119 odej\u015b\u0107 i by\u0107 z Chrystusem, bo to o wiele lepsze, a pozostawa\u0107 w ciele to bardziej dla was konieczne. Tylko sprawujcie si\u0119 w spos\u00f3b godny Ewangelii Chrystusowej.<\/b><\/span><\/span><\/span><\/p>\n<p align=\"justify\">\n<p align=\"justify\">\n<p align=\"justify\">\n<p align=\"justify\">\n<p align=\"justify\">\n<p align=\"justify\"><span style=\"color: #000000;\"><span style=\"font-family: Book Antiqua, serif;\"><span style=\"font-size: large;\"><b>S\u0141OWA EWANGELII WED\u0141UG \u015aWI\u0118TEGO MATEUSZA: <\/b><\/span><\/span><\/span><\/p>\n<p align=\"justify\"><span style=\"color: #000000;\"><span style=\"font-family: Book Antiqua, serif;\"><span style=\"font-size: large;\"><b>Jezus opowiedzia\u0142 swoim uczniom t\u0119 przypowie\u015b\u0107: \u201eKr\u00f3lestwo niebieskie podobne jest do gospodarza, kt\u00f3ry wyszed\u0142 wczesnym rankiem, aby naj\u0105\u0107 robotnik\u00f3w do swej winnicy. Um\u00f3wi\u0142 si\u0119 z robotnikami o denara za dzie\u0144 i pos\u0142a\u0142 ich do winnicy. Gdy wyszed\u0142 oko\u0142o godziny trzeciej, zobaczy\u0142 innych, stoj\u0105cych na rynku bezczynnie, i rzek\u0142 do nich: \u00abId\u017acie i wy do mojej winnicy, a co b\u0119dzie s\u0142uszne, dam wam\u00bb. Oni poszli. Wyszed\u0142szy ponownie oko\u0142o godziny sz\u00f3stej i dziewi\u0105tej tak samo uczyni\u0142.<\/b><\/span><\/span><\/span><\/p>\n<p align=\"justify\"><span style=\"color: #000000;\"><span style=\"font-family: Book Antiqua, serif;\"><span style=\"font-size: large;\"><b>Gdy wyszed\u0142 oko\u0142o godziny jedenastej, spotka\u0142 innych stoj\u0105cych i zapyta\u0142 ich: \u00abCzemu tu stoicie ca\u0142y dzie\u0144 bezczynnie?\u00bb Odpowiedzieli mu: \u00abBo nas nikt nie naj\u0105\u0142\u00bb. Rzek\u0142 im: \u00abId\u017acie i wy do winnicy\u00bb. <\/b><\/span><\/span><\/span><\/p>\n<p align=\"justify\"><span style=\"color: #000000;\"><span style=\"font-family: Book Antiqua, serif;\"><span style=\"font-size: large;\"><b>A gdy nadszed\u0142 wiecz\u00f3r, rzek\u0142 w\u0142a\u015bciciel winnicy do swego rz\u0105dcy: \u00abZwo\u0142aj robotnik\u00f3w i wyp\u0142a\u0107 im nale\u017cno\u015b\u0107, pocz\u0105wszy od ostatnich a\u017c do pierwszych\u00bb. Przyszli naj\u0119ci oko\u0142o jedenastej godziny i otrzymali po denarze. Gdy wi\u0119c przyszli pierwsi, my\u015bleli, \u017ce wi\u0119cej dostan\u0105; lecz i oni otrzymali po denarze. <\/b><\/span><\/span><\/span><\/p>\n<p align=\"justify\"><span style=\"color: #000000;\"><span style=\"font-family: Book Antiqua, serif;\"><span style=\"font-size: large;\"><b>Wzi\u0105wszy go, szemrali przeciw gospodarzowi, m\u00f3wi\u0105c: \u00abCi ostatni jedn\u0105 godzin\u0119 pracowali, a zr\u00f3wna\u0142e\u015b ich z nami, kt\u00f3rzy\u015bmy znosili ci\u0119\u017car dnia i spiekoty\u00bb. Na to odrzek\u0142 jednemu z nich: \u00abPrzyjacielu, nie czyni\u0119 ci krzywdy; czy nie o denara um\u00f3wi\u0142e\u015b si\u0119 ze mn\u0105? We\u017a, co twoje, i odejd\u017a. Chc\u0119 te\u017c i temu ostatniemu da\u0107 tak samo jak tobie. Czy mi nie wolno uczyni\u0107 ze swoim, co chc\u0119? Czy na to z\u0142ym okiem patrzysz, \u017ce ja jestem dobry?\u00bb Tak ostatni b\u0119d\u0105 pierwszymi, a pierwsi ostatnimi\u201d.<\/b><\/span><\/span><\/span><\/p>\n<p align=\"justify\">\n<p align=\"justify\">\n<p align=\"justify\">\n<p align=\"justify\">\n<p align=\"justify\">\n<p align=\"justify\"><span style=\"color: #000000;\"><span style=\"font-family: Book Antiqua, serif;\"><span style=\"font-size: large;\">Kiedy si\u0119 s\u0142ucha przypowie\u015bci Jezusa z dzisiejszej Ewangelii, jak to pan winnicy doceni\u0142 tych, co pracowali godzin\u0119 i jednocze\u015bnie jak \u201eza\u0142atwi\u0142\u201d z kretesem tych, kt\u00f3rzy od rana <i><b>znosili ci\u0119\u017car dnia i spiekoty,<\/b><\/i><b> <\/b>to rzeczywi\u015bcie nie pozostaje nic innego, jak przywo\u0142a\u0107 s\u0142owa Bo\u017ce z pierwszego czytania, z Proroctwa Izajasza: <i><b>my\u015bli moje nie s\u0105 my\u015blami waszymi ani wasze drogi moimi drogami, m\u00f3wi Pan. Bo jak niebiosa g\u00f3ruj\u0105 nad ziemi\u0105, tak drogi moje nad waszymi drogami i my\u015bli moje nad my\u015blami waszymi.<\/b><\/i> <\/span><\/span><\/span><\/p>\n<p align=\"justify\"><span style=\"color: #000000;\"><span style=\"font-family: Book Antiqua, serif;\"><span style=\"font-size: large;\">Tylko tak mo\u017cna wyt\u0142umaczy\u0107 t\u0119 <b>dziwn\u0105 ekonomi\u0119,<\/b> kt\u00f3ra ka\u017ce w r\u00f3wnym stopniu wynagrodzi\u0107 ca\u0142odniow\u0105 mord\u0119g\u0119, jak jedn\u0105 godzin\u0119 pracy. Oczywi\u015bcie, zdajemy sobie spraw\u0119, \u017ce tej przypowie\u015bci Jezusa nie przywo\u0142a dzi\u015b \u017caden podr\u0119cznik nie tylko ekonomii, ale <b>nawet katolickiej nauki spo\u0142ecznej,<\/b> kt\u00f3ra \u2013 jako \u017cywo \u2013 promuje <b>sprawiedliw\u0105 p\u0142ac\u0119 za solidn\u0105 prac\u0119.<\/b> Jednak w pouczeniu Jezusa akurat nie o to chodzi. Ani o ekonomi\u0119, ani o relacje pracodawca \u2013 pracownik, ale w\u0142a\u015bnie <b>o drogi Bo\u017ce,<\/b> kt\u00f3re nie s\u0105 drogami ludzkimi\u2026 <\/span><\/span><\/span><\/p>\n<p align=\"justify\"><span style=\"color: #000000;\"><span style=\"font-family: Book Antiqua, serif;\"><span style=\"font-size: large;\">Drogi, kt\u00f3rymi B\u00f3g dociera do cz\u0142owieka, na kt\u00f3re zaprasza cz\u0142owieka, kt\u00f3rymi prowadzi cz\u0142owieka do zbawienia. I to w\u0142a\u015bnie na te drogi zapraszaj\u0105c, B\u00f3g m\u00f3wi: <i><b>Szukajcie Pana, gdy si\u0119 pozwala znale\u017a\u0107, wzywajcie Go, dop\u00f3ki jest blisko. Niechaj bezbo\u017cny porzuci sw\u0105 drog\u0119 i cz\u0142owiek nieprawy swoje knowania. Niech si\u0119 nawr\u00f3ci do Pana, a ten si\u0119 nad nim zmi\u0142uje i do Boga naszego, gdy\u017c hojny jest w przebaczaniu.<\/b><\/i><b> <\/b><\/span><\/span><\/span><\/p>\n<p align=\"justify\"><span style=\"color: #000000;\"><span style=\"font-family: Book Antiqua, serif;\"><span style=\"font-size: large;\">Tak, <i><b>n<\/b><\/i><i><b>iechaj bezbo\u017cny porzuci sw\u0105 drog\u0119,<\/b><\/i> a wejdzie na Bo\u017ce drogi. Na te drogi, na kt\u00f3rych mo\u017ce znale\u017a\u0107 Pana. Pan ka\u017ce si\u0119 na nich szuka\u0107. Pytanie: <b>dlaczego?<\/b> Czy nie by\u0142oby pro\u015bciej, gdy tak zwyczajnie wyszed\u0142 na spotkanie? Dlaczego domaga si\u0119 od cz\u0142owieka, aby <b>ten specjalnie <\/b><b>G<\/b><b>o jeszcze szuka\u0142? <\/b><\/span><\/span><\/span><\/p>\n<p align=\"justify\"><span style=\"color: #000000;\"><span style=\"font-family: Book Antiqua, serif;\"><span style=\"font-size: large;\">Z pewno\u015bci\u0105, mo\u017cemy to t\u0142umaczy\u0107 <b>wielko\u015bci\u0105 i majestatem Boga,<\/b> kt\u00f3ry nie ma sobie r\u00f3wnego. Jednak B\u00f3g raczej nie to mia\u0142 na my\u015bli, kiedy wypowiada\u0142 powy\u017csze s\u0142owa, w Proroctwie Izajasza. Bo <b>B\u00f3g nie jest kapry\u015bnym hrabi\u0105,<\/b> kt\u00f3ry w przyp\u0142ywie dobrego humoru pozwala powiedzie\u0107 do siebie s\u0142owo, ale kiedy humor si\u0119 zmieni, to lepiej w og\u00f3le nie podchodzi\u0107. <b>B\u00f3g jest sta\u0142y<\/b> w swoim nastawieniu do cz\u0142owieka \u2013 <b>sta\u0142y w swojej mi\u0142o\u015bci do niego.<\/b> <\/span><\/span><\/span><\/p>\n<p align=\"justify\"><span style=\"color: #000000;\"><span style=\"font-family: Book Antiqua, serif;\"><span style=\"font-size: large;\">Je\u017celi zatem dzisiaj s\u0142yszymy, \u017ce pozwala si\u0119 znale\u017a\u0107, to znaczy, \u017ce cz\u0142owiek <b>w ka\u017cdej chwili<\/b> <b>mo\u017ce wyj\u015b\u0107<\/b> na spotkanie swego Boga \u2013 oby tylko chcia\u0142. Bo <b>B\u00f3g chce<\/b> \u2013 i to zawsze chce. Gorzej z cz\u0142owiekiem. To cz\u0142owiek ulega r\u00f3\u017cnym humorom i nastrojom. <\/span><\/span><\/span><\/p>\n<p align=\"justify\"><span style=\"color: #000000;\"><span style=\"font-family: Book Antiqua, serif;\"><span style=\"font-size: large;\">A w tej sytuacji, to mo\u017cemy powiedzie\u0107, i\u017c <b>ca\u0142e szcz\u0119\u015bcie, <\/b>\u017ce my\u015bli Bo\u017ce nie s\u0105 my\u015blami ludzkimi. Bo gdyby B\u00f3g mia\u0142 ulega\u0107 naszym my\u015blom i da\u0142 si\u0119 sprowadzi\u0107 na nasze drogi, to <b>mia\u0142by du\u017cy problem<\/b> z doprowadzeniem nas do zbawienia. Oto bowiem nasze drogi, kt\u00f3re wydaj\u0105 si\u0119 nam takie proste i \u0142atwe, tak cz\u0119sto <b>prowadz\u0105 nas na bezdro\u017ca.<\/b> <\/span><\/span><\/span><\/p>\n<p align=\"justify\"><span style=\"color: #000000;\"><span style=\"font-family: Book Antiqua, serif;\"><span style=\"font-size: large;\">Tak cz\u0119sto nasze ludzkie drogi <b>przecinaj\u0105 si\u0119 <\/b><b>nawzajem<\/b><b>:<\/b> moja droga z drog\u0105 tego czy innego cz\u0142owieka. I \u2013 niestety \u2013 dochodzi do iskrzenia. Innym razem znowu, te nasze drogi s\u0105 bardzo <b>wyboiste, g\u00f3rzyste, kr\u0119te\u2026<\/b> Nie wiadomo, <b>co jest na ich ko\u0144cu\u2026<\/b> Chocia\u017c nam si\u0119 wydaje, \u017ce dobrze to wiemy i wszystko nale\u017cycie przewidujemy. Ile\u017c to jednak razy, niestety, na tych naszych drogach b\u0142\u0105dzimy\u2026<\/span><\/span><\/span><\/p>\n<p align=\"justify\"><span style=\"color: #000000;\"><span style=\"font-family: Book Antiqua, serif;\"><span style=\"font-size: large;\">I ile\u017c razy nasza <b>ludzka sprawiedliwo\u015b\u0107 jest taka niesprawiedliwa,<\/b> a nasza ludzka ekonomia tak bardzo krzywdzi cz\u0142owieka. Dlatego B\u00f3g zaprasza nas na swoje drogi, zach\u0119caj\u0105c jednocze\u015bnie, aby\u015bmy Go szukali. Raz jeszcze zapytajmy: <b>dlaczego B\u00f3g chce by\u0107 przez nas szukany?<\/b> Czy nie pro\u015bciej by\u0142oby, \u017ceby od razu do nas wyszed\u0142, skoro tak bardzo zale\u017cy Mu na blisko\u015bci z nami? <\/span><\/span><\/span><\/p>\n<p align=\"justify\"><span style=\"color: #000000;\"><span style=\"font-family: Book Antiqua, serif;\"><span style=\"font-size: large;\">Odpowied\u017a znajdujemy w dzisiejszej Ewangelii: w\u0142a\u015bnie w tym <b>dziwnym i niezrozumia\u0142ym dla nas potraktowaniu<\/b> pracownik\u00f3w przez w\u0142a\u015bciciela winnicy. Przez ten obraz bowiem Jezus wyra\u017anie nam powiedzia\u0142, \u017ce <b>patrzy w serce cz\u0142owieka,<\/b> w kt\u00f3rym odczytuje jego intencje, dostrzega jego wysi\u0142ek, w\u0142o\u017cony w to w\u0142a\u015bnie, by przyj\u015b\u0107 do swego Boga. Bogu <b>zale\u017cy na <\/b><b>tym <\/b><b>wysi\u0142ku<\/b> cz\u0142owieka, na jego staraniu \u2013 na tym, <b>by cz\u0142owiekowi zale\u017ca\u0142o<\/b> na spotkaniu z Nim, swoim Bogiem! <\/span><\/span><\/span><\/p>\n<p align=\"justify\"><span style=\"color: #000000;\"><span style=\"font-family: Book Antiqua, serif;\"><span style=\"font-size: large;\">Ewangeliczny w\u0142a\u015bciciel winnicy nie wynagrodzi\u0142 pracownik\u00f3w za matematycznie wyliczone efekty ich pracy, <b>ale za ich gotowo\u015b\u0107, dyspozycyjno\u015b\u0107, <\/b>za ich dobre intencje i otwarte serca. Jeszcze raz podkre\u015blmy: w relacjach pracodawca \u2013 pracownik<b> takie zasady nie funkcjonuj\u0105, <\/b>tak\u017ce wed\u0142ug katolickiej nauki spo\u0142ecznej. Po prostu, za solidnie wykonan\u0105 <b>wi\u0119ksz\u0105 prac\u0119<\/b> nale\u017cy si\u0119 <b>wi\u0119ksza zap\u0142ata,<\/b> za mniejsz\u0105 \u2013 mniejsza. <\/span><\/span><\/span><\/p>\n<p align=\"justify\"><span style=\"color: #000000;\"><span style=\"font-family: Book Antiqua, serif;\"><span style=\"font-size: large;\">My jednak m\u00f3wimy tu <b>o duchowej wi\u0119zi<\/b> cz\u0142owieka z Bogiem \u2013 wi\u0119zi, kt\u00f3rej nie da si\u0119 w \u017caden spos\u00f3b zmierzy\u0107, zwa\u017cy\u0107, czy wyliczy\u0107. Tak\u017ce \u2013 wed\u0142ug ludzkich kryteri\u00f3w \u2013 <b>wyceni\u0107.<\/b> To jest w stanie uczyni\u0107 <b>tylko B\u00f3g!<\/b> Bo On patrzy w serce i widzi cz\u0142owieka w ca\u0142ym jego duchowym bogactwie. <\/span><\/span><\/span><\/p>\n<p align=\"justify\"><span style=\"color: #000000;\"><span style=\"font-family: Book Antiqua, serif;\"><span style=\"font-size: large;\">I w\u0142a\u015bnie w tym sercu <b>B\u00f3g chce zobaczy\u0107 pragnienie cz\u0142owieka, <\/b>by si\u0119 ze swoim Bogiem spotka\u0107. B\u00f3g naprawd\u0119 nie patrzy nigdy na to, co cz\u0142owiekowi z jego stara\u0144 <b>ostatecznie wyjdzie<\/b> \u2013 tylko na to, <b>co cz\u0142owiek chce osi\u0105gn\u0105\u0107,<\/b> o co si\u0119 stara, nad czym pracuje, w jakim kierunku idzie jego wysi\u0142ek, jak czyste s\u0105 jego intencje. I \u2013 co mo\u017ce najwa\u017cniejsze \u2013 <b>ile jest mi\u0142o\u015bci <\/b>w tym, co robi, o co si\u0119 stara. Na czym \u2013 lub na kim \u2013 mu zale\u017cy. Czy zale\u017cy mu na tym, by by\u0107 jedno z Bogiem\u2026 <\/span><\/span><\/span><\/p>\n<p align=\"justify\"><span style=\"color: #000000;\"><span style=\"font-family: Book Antiqua, serif;\"><span style=\"font-size: large;\">Dlatego, moi Drodzy, nie musimy tak surowo ocenia\u0107 si\u0119 \u2013 tak\u017ce przy Spowiedzi \u2013 za to chocia\u017cby, \u017ce <b>nie mo\u017cemy skupi\u0107 si\u0119 na modlitwie, <\/b>\u017ce nasza modlitwa jest rozproszona. Owszem, je\u017celi jest to wynikiem <b>naszego niedbalstwa,<\/b> po\u015bpiechu, lekcewa\u017cenia modlitwy i lekcewa\u017cenia samego Boga, to jest to temat do wyznania na Spowiedzi. Je\u017celi jednak <b>naprawd\u0119 szczerze si\u0119 staramy,<\/b> bardzo nam zale\u017cy, wk\u0142adamy w to nasz wysi\u0142ek, ale \u2013 niestety \u2013 nie wychodzi tak, jak by si\u0119 chcia\u0142o, to mo\u017cemy by\u0107 spokojni: <b>B\u00f3g widzi ten nasz szczery wysi\u0142ek<\/b> i ten wysi\u0142ek przyjmuje jako nasz\u0105 najpi\u0119kniejsz\u0105 modlitw\u0119. Bo p\u0142ynie ona ze szczerego serca! <\/span><\/span><\/span><\/p>\n<p align=\"justify\"><span style=\"color: #000000;\"><span style=\"font-family: Book Antiqua, serif;\"><span style=\"font-size: large;\">To tak, moi Drodzy, jak <b>rodzice ciesz\u0105 si\u0119 z pierwszych krok\u00f3w<\/b> swego ma\u0142ego dziecka. Czy zwracaj\u0105 w og\u00f3le uwag\u0119 na to, \u017ce tych kroczk\u00f3w jest tak ma\u0142o: jeden, dwa, mo\u017ce trzy, po czym znowu \u201ena czworaka\u201d? Na to zwracaj\u0105 uwag\u0119 \u2013 czy mo\u017ce ciesz\u0105 si\u0119, \u017ce dziecko <b>w og\u00f3le postawi\u0142o pierwsz<\/b><b>y<\/b><b> krok?<\/b> Przecie\u017c nie mamy w\u0105tpliwo\u015bci, jak to jest \u2013 zreszt\u0105, zapewne wielu z nas nie musi sobie tego wyobra\u017ca\u0107, bo doskonale <b>takie sytuacje pami\u0119ta. <\/b><\/span><\/span><\/span><\/p>\n<p align=\"justify\"><span style=\"color: #000000;\"><span style=\"font-family: Book Antiqua, serif;\"><span style=\"font-size: large;\">A B\u00f3g, kt\u00f3ry zna nas o wiele lepiej od naszych rodzic\u00f3w, bliskich, a nawet od nas samych \u2013 <b>czy nie b\u0119dzie cieszy\u0142 si\u0119 ka\u017cdym krokiem, <\/b>zrobionym przez nas w Jego kierunku? Oczywi\u015bcie, \u017ce b\u0119dzie! Je\u015bli tylko zobaczy, \u017ce nam zale\u017cy, \u017ce si\u0119 staramy, \u017ce wk\u0142adamy serce w to, by si\u0119 do Niego zbli\u017cy\u0107 \u2013 <b>czy\u017c nie da nam ca\u0142ej nagrody,<\/b> jak\u0105 dla nas przygotowa\u0142? Nawet, je\u015bli po naszej stronie b\u0119dzie <b>tylko godzina pracy, <\/b>podczas gdy inni pracowali ca\u0142y dzie\u0144 \u2013 \u017ceby pos\u0142u\u017cy\u0107 si\u0119 obrazem, ukazanym przez Jezusa. <\/span><\/span><\/span><\/p>\n<p align=\"justify\"><span style=\"color: #000000;\"><span style=\"font-family: Book Antiqua, serif;\"><span style=\"font-size: large;\">Musimy bowiem jasno powiedzie\u0107, \u017ce nie ka\u017cdy \u2013 by tak to uj\u0105\u0107 \u2013 <b>startuje z tej samej pozycji.<\/b> Jak bowiem por\u00f3wnywa\u0107 sytuacj\u0119 cz\u0142owieka, kt\u00f3ry od dziecka by\u0142 wychowany w wierze, kt\u00f3ry mia\u0142 <b>dobre warunki w swoim domu<\/b> do tego, by wiar\u0119 praktykowa\u0107 \u2013 z kim\u015b, kto wychowywa\u0142 si\u0119 <b>w rodzinie patologicznej, <\/b>w kt\u00f3rej wiara by\u0142a zepchni\u0119ta na daleki margines, albo jej w og\u00f3le nie by\u0142o? <\/span><\/span><\/span><\/p>\n<p align=\"justify\"><span style=\"color: #000000;\"><span style=\"font-family: Book Antiqua, serif;\"><span style=\"font-size: large;\">Czy w oczach Bo\u017cych cz\u0142owiek, wywodz\u0105cy si\u0119 z tej drugiej rodziny, kt\u00f3ry <b>jednak wszed\u0142 na Bo\u017ce drogi<\/b> \u2013 nawet po wielu latach b\u0142\u0105dzenia \u2013 nie zas\u0142uguje na <b>tak\u0105 sam\u0105, o ile nie wi\u0119ksz\u0105<\/b> nagrod\u0119, ni\u017c ten, kto trwa\u0142 w wierze od dziecka, ale mia\u0142 zawsze ku temu lepsze warunki? <\/span><\/span><\/span><\/p>\n<p align=\"justify\"><span style=\"color: #000000;\"><span style=\"font-family: Book Antiqua, serif;\"><span style=\"font-size: large;\">To tak, jak m\u0105dry nauczyciel zawsze bardziej doceni ucznia <b>mniej zdolnego, ale pracowitego<\/b> i staraj\u0105cego si\u0119, ani\u017celi zdolnego, a leniwego. Bo dobrze wie, \u017ce ocena \u2013 powiedzmy \u2013 dostateczna w jednym i w drugim przypadku <b>zupe\u0142nie co innego oznacza.<\/b> W przypadku ucznia mniej zdolnego jest <b>sporym osi\u0105gni\u0119ciem,<\/b> bo jest owocem naprawd\u0119 du\u017cych jego wysi\u0142k\u00f3w i stara\u0144, podczas gdy w przypadku zdolnego jest <b>powodem do wstydu,<\/b> bo jasno pokazuje, \u017ce nie chcia\u0142o mu si\u0119 nauczy\u0107. Zatem, ca\u0142y czas powraca sprawa <b>intencji serca,<\/b> owego wewn\u0119trznego nastawienia. <\/span><\/span><\/span><\/p>\n<p align=\"justify\"><span style=\"color: #000000;\"><span style=\"font-family: Book Antiqua, serif;\"><span style=\"font-size: large;\">Albo te\u017c \u2013 przenosz\u0105c si\u0119 na zupe\u0142nie inn\u0105 p\u0142aszczyzn\u0119 \u2013 jak w oczach Bo\u017cych wygl\u0105da <b>przyjmowanie Komunii \u015awi\u0119tej dwa razy w roku<\/b> przez tych Parafian mojego Brata, Ksi\u0119dza Marka, na Syberii, kt\u00f3rzy tak\u0105 jedynie mo\u017cliwo\u015b\u0107 maj\u0105, a w przypadku kogokolwiek z nas, kt\u00f3rzy mamy mo\u017cliwo\u015b\u0107 przyst\u0119powa\u0107 <b>dwa razy dziennie?\u2026<\/b> Czy w oczach Bo\u017cych jedna i druga sytuacja wygl\u0105da tak samo? <\/span><\/span><\/span><\/p>\n<p align=\"justify\"><span style=\"color: #000000;\"><span style=\"font-family: Book Antiqua, serif;\"><span style=\"font-size: large;\">My\u015bl\u0119, moi Drodzy, \u017ce jeste\u015bmy jeszcze w stanie wyliczy\u0107 sporo tego typu przyk\u0142ad\u00f3w, a wszystkie one pomog\u0105 nam <b>zrozumie\u0107 ten Bo\u017cy spos\u00f3b nagradzania<\/b> \u2013 nawet za jedn\u0105 godzin\u0119 pracy w takim samym wymiarze, co za ca\u0142y dzie\u0144. Bo <b>inne s\u0105 cz\u0119sto warunki i okoliczno\u015bci,<\/b> a w tych warunkach i okoliczno\u015bciach zasadnicze znaczenie ma <b>nastawienie ludzkiego serca.<\/b> <\/span><\/span><\/span><\/p>\n<p align=\"justify\"><span style=\"color: #000000;\"><span style=\"font-family: Book Antiqua, serif;\"><span style=\"font-size: large;\">I dlatego B\u00f3g chce, aby ludzie Go szukali. On pozwala si\u0119 znale\u017a\u0107, On wychodzi naprzeciw, ale chce by\u0107 szukany, bo chce, by ludzie \u2013 by tak rzec \u2013 <b>uruchomili swoje serce,<\/b> by ze szczerego serca chcieli si\u0119 z nim spotka\u0107. Aby <b>wydobyli ze swoich serc<\/b> to wszystko, co najpi\u0119kniejsze, najbardziej warto\u015bciowe! <\/span><\/span><\/span><\/p>\n<p align=\"justify\"><span style=\"color: #000000;\"><span style=\"font-family: Book Antiqua, serif;\"><span style=\"font-size: large;\">Oto w drugim czytaniu s\u0142yszymy, jak dylematami swego serca dzieli si\u0119 z Filipianami \u2013 a jednocze\u015bnie z nami wszystkimi \u2013 \u015awi\u0119ty Pawe\u0142. Pisze: <i><b>Chrystus b\u0119dzie uwielbiony w moim ciele: czy to przez \u017cycie, czy przez \u015bmier\u0107. Dla mnie bowiem \u017cy\u0107 \u2013 to Chrystus, a umrze\u0107 \u2013 to zysk. Je\u015bli bowiem \u017cy\u0107 w ciele \u2013 to dla mnie owocna praca. Co mam wybra\u0107? Nie umiem powiedzie\u0107. Z dw\u00f3ch stron doznaj\u0119 nalegania: pragn\u0119 odej\u015b\u0107 i by\u0107 z Chrystusem, bo to o wiele lepsze, a pozostawa\u0107 w ciele to bardziej dla was konieczne<\/b><\/i><b>. <\/b><\/span><\/span><\/span><\/p>\n<p align=\"justify\"><span style=\"color: #000000;\"><span style=\"font-family: Book Antiqua, serif;\"><span style=\"font-size: large;\">I kiedy ju\u017c wydaje si\u0119, \u017ce us\u0142yszymy jakie\u015b rozstrzygni\u0119cie tych dylemat\u00f3w, nagle \u2013 ni st\u0105d, ni zow\u0105d \u2013 pada zdanie: <i><b>Tylko sprawujcie si\u0119 w spos\u00f3b godny Ewangelii Chrystusowej.<\/b><\/i><b> <\/b>Jakby zupe\u0142nie z innej wypowiedzi, z innego kontekstu, z innej \u201ebajki\u201d. A przecie\u017c \u2013 ca\u0142y czas mowa o tym samym! Jak to rozumie\u0107?<\/span><\/span><\/span><\/p>\n<p align=\"justify\"><span style=\"color: #000000;\"><span style=\"font-family: Book Antiqua, serif;\"><span style=\"font-size: large;\">A mo\u017ce tak w\u0142a\u015bnie, \u017ce bez wzgl\u0119du na to, co b\u0119dzie z Paw\u0142em \u2013 czy pozostanie z nimi, czy odejdzie \u2013 <b>oni maj\u0105 \u017cy\u0107 w przyja\u017ani z Jezusem! <\/b>W spos\u00f3b godny Ewangelii. Zatem, Pawe\u0142 odkrywa przed nimi <b>dylematy swego serca<\/b> \u2013 jest w tym bardzo szczery, na pewno nie gra przed nimi, ani nie udaje. Zastanawia si\u0119, jak najlepiej wype\u0142ni\u0107 wol\u0119 Bo\u017c\u0105, oni za\u015b maj\u0105 <b>zaanga\u017cowa\u0107 ca\u0142e swoje serce,<\/b> aby tak\u017ce wype\u0142ni\u0107 wol\u0119 Bo\u017c\u0105, aby po Bo\u017cemu \u017cy\u0107. Maj\u0105 ze swojego serca wydoby\u0107 to wszystko, co jest tam najcenniejszego.<\/span><\/span><\/span><\/p>\n<p align=\"justify\"><span style=\"color: #000000;\"><span style=\"font-family: Book Antiqua, serif;\"><span style=\"font-size: large;\">Bo to w\u0142a\u015bnie w sercu cz\u0142owieka <b>rozstrzyga si\u0119 tak naprawd\u0119<\/b> ca\u0142a jego relacja z Bogiem, z innymi lud\u017ami, ze \u015bwiatem\u2026 <b>Prawdziwy obraz cz\u0142owieka<\/b> zapisany jest w jego sercu. <\/span><\/span><\/span><\/p>\n<p align=\"justify\"><span style=\"color: #000000;\"><span style=\"font-family: Book Antiqua, serif;\"><span style=\"font-size: large;\">I dlatego, moi Drodzy, <b>b\u0105d\u017amy ostro\u017cni w ocenianiu<\/b> \u2013 zw\u0142aszcza negatywnym \u2013 drugiego cz\u0142owieka. Albo te\u017c nie zazdro\u015b\u0107my mu tego, \u017ce lepiej mu si\u0119 rzekomo powodzi, ni\u017c nam. Bo <b>nigdy tak naprawd\u0119 nie wiemy,<\/b> co ten cz\u0142owiek prze\u017cywa, co si\u0119 w jego sercu kryje, co si\u0119 tam dzieje, co on wewn\u0119trznie prze\u017cywa \u2013 a to tam w\u0142a\u015bnie wszystko si\u0119 tak naprawd\u0119 rozstrzyga. I jakie tak naprawd\u0119 s\u0105 <b>te zewn\u0119trzne warunki, <\/b>w kt\u00f3rych na co dzie\u0144 \u017cyje i funkcjonuje.<\/span><\/span><\/span><\/p>\n<p align=\"justify\"><span style=\"color: #000000;\"><span style=\"font-family: Book Antiqua, serif;\"><span style=\"font-size: large;\"><b>Nie zazdro\u015b\u0107my<\/b> drugiemu dobra, <b>nie pot\u0119piajmy<\/b> za b\u0142\u0119dy, nie miejmy te\u017c <b>pretensji do Boga,<\/b> \u017ce \u201enie po naszemu\u201d rozwi\u0105zuje pewne problemy czy prowadzi niekt\u00f3re sprawy. <b>On widzi g\u0142\u0119biej, dalej i dok\u0142adniej \u2013 <\/b><b>i na pewno si\u0119 nie myli!<\/b><\/span><\/span><\/span><\/p>\n<p align=\"justify\"><span style=\"color: #000000;\"><span style=\"font-family: Book Antiqua, serif;\"><span style=\"font-size: large;\">I dlatego za godzin\u0119 pracy p\u0142aci tyle, ile za ca\u0142y dzie\u0144. Bo wszystko przelicza po swojemu, nie po naszemu. Dodajmy jeszcze raz: <b>na ca\u0142e szcz\u0119\u015bcie!<\/b><\/span><\/span><\/span><\/p>\n<p align=\"justify\"><span style=\"color: #000000;\"><span style=\"font-family: Book Antiqua, serif;\"><span style=\"font-size: large;\">Spr\u00f3bujmy uczy\u0107 si\u0119 od Boga tej Jego tak po ludzku dziwnej, takiej \u201eniedzisiejszej\u201d, a przecie\u017c tak <b>m\u0105drej<\/b> \u2013 i tak naprawd\u0119 bardzo <b>uczciwej \u2013 ekonomii.<\/b> Postarajmy si\u0119 jej zasady wprowadza\u0107 w nasze relacje z lud\u017ami. Spr\u00f3bujmy <b>rachowa\u0107 po Bo\u017cemu,<\/b> a stworzymy \u015bwiat o wiele mniej wyrachowany\u2026<\/span><\/span><\/span><\/p>\n","protected":false},"excerpt":{"rendered":"<p>Niech b\u0119dzie pochwalony Jezus Chrystus! Moi Drodzy, witam na pok\u0142adzie! To znaczy, ca\u0142y czas na nim by\u0142em, bo uwa\u017cnie czyta\u0142em wszystkie rozwa\u017cania. By\u0142y mi one pomoc\u0105 do rekolekcyjnej refleksji. I to bardzo konkretnie! Kiedy bowiem \u2013 na przyk\u0142ad \u2013 Ojciec Jan Klubek zaproponowa\u0142 mi refleksj\u0119 nad Hymnem o mi\u0142o\u015bci z Listu \u015awi\u0119tego Paw\u0142a, wtedy Ksi\u0105dz [&hellip;]<\/p>\n","protected":false},"author":1,"featured_media":0,"comment_status":"open","ping_status":"open","sticky":false,"template":"","format":"standard","meta":{"jetpack_post_was_ever_published":false,"_jetpack_newsletter_access":"","_jetpack_dont_email_post_to_subs":false,"_jetpack_newsletter_tier_id":0,"_jetpack_memberships_contains_paywalled_content":false,"_jetpack_memberships_contains_paid_content":false,"footnotes":""},"categories":[1],"tags":[],"class_list":["post-17931","post","type-post","status-publish","format-standard","hentry","category-bez-kategorii"],"yoast_head":"<!-- This site is optimized with the Yoast SEO plugin v25.1 - https:\/\/yoast.com\/wordpress\/plugins\/seo\/ -->\n<title>Rachowa\u0107 po Bo\u017cemu... - Gaudium Et Spes<\/title>\n<meta name=\"robots\" content=\"index, follow, max-snippet:-1, max-image-preview:large, max-video-preview:-1\" \/>\n<link rel=\"canonical\" href=\"https:\/\/gaudiumetspes-blog.pl\/index.php\/2020\/09\/20\/rachowac-po-bozemu\/\" \/>\n<meta property=\"og:locale\" content=\"pl_PL\" \/>\n<meta property=\"og:type\" content=\"article\" \/>\n<meta property=\"og:title\" content=\"Rachowa\u0107 po Bo\u017cemu... - Gaudium Et Spes\" \/>\n<meta property=\"og:description\" content=\"Niech b\u0119dzie pochwalony Jezus Chrystus! Moi Drodzy, witam na pok\u0142adzie! To znaczy, ca\u0142y czas na nim by\u0142em, bo uwa\u017cnie czyta\u0142em wszystkie rozwa\u017cania. By\u0142y mi one pomoc\u0105 do rekolekcyjnej refleksji. I to bardzo konkretnie! Kiedy bowiem \u2013 na przyk\u0142ad \u2013 Ojciec Jan Klubek zaproponowa\u0142 mi refleksj\u0119 nad Hymnem o mi\u0142o\u015bci z Listu \u015awi\u0119tego Paw\u0142a, wtedy Ksi\u0105dz [&hellip;]\" \/>\n<meta property=\"og:url\" content=\"https:\/\/gaudiumetspes-blog.pl\/index.php\/2020\/09\/20\/rachowac-po-bozemu\/\" \/>\n<meta property=\"og:site_name\" content=\"Gaudium Et Spes\" \/>\n<meta property=\"article:published_time\" content=\"2020-09-20T04:44:53+00:00\" \/>\n<meta name=\"author\" content=\"Ks. Jacek\" \/>\n<meta name=\"twitter:card\" content=\"summary_large_image\" \/>\n<meta name=\"twitter:label1\" content=\"Napisane przez\" \/>\n\t<meta name=\"twitter:data1\" content=\"Ks. Jacek\" \/>\n\t<meta name=\"twitter:label2\" content=\"Szacowany czas czytania\" \/>\n\t<meta name=\"twitter:data2\" content=\"17 minut\" \/>\n<script type=\"application\/ld+json\" class=\"yoast-schema-graph\">{\"@context\":\"https:\/\/schema.org\",\"@graph\":[{\"@type\":\"WebPage\",\"@id\":\"https:\/\/gaudiumetspes-blog.pl\/index.php\/2020\/09\/20\/rachowac-po-bozemu\/\",\"url\":\"https:\/\/gaudiumetspes-blog.pl\/index.php\/2020\/09\/20\/rachowac-po-bozemu\/\",\"name\":\"Rachowa\u0107 po Bo\u017cemu... - Gaudium Et Spes\",\"isPartOf\":{\"@id\":\"https:\/\/gaudiumetspes-blog.pl\/#website\"},\"datePublished\":\"2020-09-20T04:44:53+00:00\",\"author\":{\"@id\":\"https:\/\/gaudiumetspes-blog.pl\/#\/schema\/person\/1661982992b752dea8dff0d4ed845a65\"},\"breadcrumb\":{\"@id\":\"https:\/\/gaudiumetspes-blog.pl\/index.php\/2020\/09\/20\/rachowac-po-bozemu\/#breadcrumb\"},\"inLanguage\":\"pl-PL\",\"potentialAction\":[{\"@type\":\"ReadAction\",\"target\":[\"https:\/\/gaudiumetspes-blog.pl\/index.php\/2020\/09\/20\/rachowac-po-bozemu\/\"]}]},{\"@type\":\"BreadcrumbList\",\"@id\":\"https:\/\/gaudiumetspes-blog.pl\/index.php\/2020\/09\/20\/rachowac-po-bozemu\/#breadcrumb\",\"itemListElement\":[{\"@type\":\"ListItem\",\"position\":1,\"name\":\"Strona g\u0142\u00f3wna\",\"item\":\"https:\/\/gaudiumetspes-blog.pl\/\"},{\"@type\":\"ListItem\",\"position\":2,\"name\":\"Rachowa\u0107 po&nbsp;Bo\u017cemu&#8230;\"}]},{\"@type\":\"WebSite\",\"@id\":\"https:\/\/gaudiumetspes-blog.pl\/#website\",\"url\":\"https:\/\/gaudiumetspes-blog.pl\/\",\"name\":\"Gaudium Et Spes\",\"description\":\"Blog Ks. Jacka Ja\u015bkowskiego\",\"potentialAction\":[{\"@type\":\"SearchAction\",\"target\":{\"@type\":\"EntryPoint\",\"urlTemplate\":\"https:\/\/gaudiumetspes-blog.pl\/?s={search_term_string}\"},\"query-input\":{\"@type\":\"PropertyValueSpecification\",\"valueRequired\":true,\"valueName\":\"search_term_string\"}}],\"inLanguage\":\"pl-PL\"},{\"@type\":\"Person\",\"@id\":\"https:\/\/gaudiumetspes-blog.pl\/#\/schema\/person\/1661982992b752dea8dff0d4ed845a65\",\"name\":\"Ks. Jacek\",\"image\":{\"@type\":\"ImageObject\",\"inLanguage\":\"pl-PL\",\"@id\":\"https:\/\/gaudiumetspes-blog.pl\/#\/schema\/person\/image\/\",\"url\":\"https:\/\/gaudiumetspes-blog.pl\/wp-content\/uploads\/2019\/07\/avatar-JJ-150x150.jpg\",\"contentUrl\":\"https:\/\/gaudiumetspes-blog.pl\/wp-content\/uploads\/2019\/07\/avatar-JJ-150x150.jpg\",\"caption\":\"Ks. Jacek\"},\"description\":\"Witam serdecznie! K\u0142ania si\u0119 Ks. Jacek Ja\u015bkowski. Nie jestem ani kim\u015b wa\u017cnym, ani kim\u015b znanym. Jestem ksi\u0119dzem, kt\u00f3ry po prostu chce rozmawia\u0107. Codzienna kap\u0142a\u0144ska pos\u0142uga pokazuje mi, \u017ce temat\u00f3w do rozm\u00f3w z ksi\u0119dzem jest coraz wi\u0119cej i dzisiaj \u017caden ksi\u0105dz nie mo\u017ce od nich ucieka\u0107, ale - wprost przeciwnie - podejmowa\u0107 nowe wyzwania. To przekonanie sk\u0142oni\u0142o mnie do pr\u00f3by otwarcia tego\u017c bloga, chocia\u017c okazji do rozm\u00f3w na co dzie\u0144 - w konfesjonale i poza nim - na szcz\u0119\u015bcie nie brakuje. My\u015bl\u0119 jednak, \u017ce ten blog b\u0119dzie jeszcze jednym sposobem i przestrzeni\u0105 nawi\u0105zania kontaktu z lud\u017ami dobrej woli, otwartymi na dialog.\",\"url\":\"https:\/\/gaudiumetspes-blog.pl\/index.php\/author\/ks-jacek\/\"}]}<\/script>\n<!-- \/ Yoast SEO plugin. -->","yoast_head_json":{"title":"Rachowa\u0107 po Bo\u017cemu... - Gaudium Et Spes","robots":{"index":"index","follow":"follow","max-snippet":"max-snippet:-1","max-image-preview":"max-image-preview:large","max-video-preview":"max-video-preview:-1"},"canonical":"https:\/\/gaudiumetspes-blog.pl\/index.php\/2020\/09\/20\/rachowac-po-bozemu\/","og_locale":"pl_PL","og_type":"article","og_title":"Rachowa\u0107 po Bo\u017cemu... - Gaudium Et Spes","og_description":"Niech b\u0119dzie pochwalony Jezus Chrystus! Moi Drodzy, witam na pok\u0142adzie! To znaczy, ca\u0142y czas na nim by\u0142em, bo uwa\u017cnie czyta\u0142em wszystkie rozwa\u017cania. By\u0142y mi one pomoc\u0105 do rekolekcyjnej refleksji. I to bardzo konkretnie! Kiedy bowiem \u2013 na przyk\u0142ad \u2013 Ojciec Jan Klubek zaproponowa\u0142 mi refleksj\u0119 nad Hymnem o mi\u0142o\u015bci z Listu \u015awi\u0119tego Paw\u0142a, wtedy Ksi\u0105dz [&hellip;]","og_url":"https:\/\/gaudiumetspes-blog.pl\/index.php\/2020\/09\/20\/rachowac-po-bozemu\/","og_site_name":"Gaudium Et Spes","article_published_time":"2020-09-20T04:44:53+00:00","author":"Ks. Jacek","twitter_card":"summary_large_image","twitter_misc":{"Napisane przez":"Ks. Jacek","Szacowany czas czytania":"17 minut"},"schema":{"@context":"https:\/\/schema.org","@graph":[{"@type":"WebPage","@id":"https:\/\/gaudiumetspes-blog.pl\/index.php\/2020\/09\/20\/rachowac-po-bozemu\/","url":"https:\/\/gaudiumetspes-blog.pl\/index.php\/2020\/09\/20\/rachowac-po-bozemu\/","name":"Rachowa\u0107 po Bo\u017cemu... - Gaudium Et Spes","isPartOf":{"@id":"https:\/\/gaudiumetspes-blog.pl\/#website"},"datePublished":"2020-09-20T04:44:53+00:00","author":{"@id":"https:\/\/gaudiumetspes-blog.pl\/#\/schema\/person\/1661982992b752dea8dff0d4ed845a65"},"breadcrumb":{"@id":"https:\/\/gaudiumetspes-blog.pl\/index.php\/2020\/09\/20\/rachowac-po-bozemu\/#breadcrumb"},"inLanguage":"pl-PL","potentialAction":[{"@type":"ReadAction","target":["https:\/\/gaudiumetspes-blog.pl\/index.php\/2020\/09\/20\/rachowac-po-bozemu\/"]}]},{"@type":"BreadcrumbList","@id":"https:\/\/gaudiumetspes-blog.pl\/index.php\/2020\/09\/20\/rachowac-po-bozemu\/#breadcrumb","itemListElement":[{"@type":"ListItem","position":1,"name":"Strona g\u0142\u00f3wna","item":"https:\/\/gaudiumetspes-blog.pl\/"},{"@type":"ListItem","position":2,"name":"Rachowa\u0107 po&nbsp;Bo\u017cemu&#8230;"}]},{"@type":"WebSite","@id":"https:\/\/gaudiumetspes-blog.pl\/#website","url":"https:\/\/gaudiumetspes-blog.pl\/","name":"Gaudium Et Spes","description":"Blog Ks. Jacka Ja\u015bkowskiego","potentialAction":[{"@type":"SearchAction","target":{"@type":"EntryPoint","urlTemplate":"https:\/\/gaudiumetspes-blog.pl\/?s={search_term_string}"},"query-input":{"@type":"PropertyValueSpecification","valueRequired":true,"valueName":"search_term_string"}}],"inLanguage":"pl-PL"},{"@type":"Person","@id":"https:\/\/gaudiumetspes-blog.pl\/#\/schema\/person\/1661982992b752dea8dff0d4ed845a65","name":"Ks. Jacek","image":{"@type":"ImageObject","inLanguage":"pl-PL","@id":"https:\/\/gaudiumetspes-blog.pl\/#\/schema\/person\/image\/","url":"https:\/\/gaudiumetspes-blog.pl\/wp-content\/uploads\/2019\/07\/avatar-JJ-150x150.jpg","contentUrl":"https:\/\/gaudiumetspes-blog.pl\/wp-content\/uploads\/2019\/07\/avatar-JJ-150x150.jpg","caption":"Ks. Jacek"},"description":"Witam serdecznie! K\u0142ania si\u0119 Ks. Jacek Ja\u015bkowski. Nie jestem ani kim\u015b wa\u017cnym, ani kim\u015b znanym. Jestem ksi\u0119dzem, kt\u00f3ry po prostu chce rozmawia\u0107. Codzienna kap\u0142a\u0144ska pos\u0142uga pokazuje mi, \u017ce temat\u00f3w do rozm\u00f3w z ksi\u0119dzem jest coraz wi\u0119cej i dzisiaj \u017caden ksi\u0105dz nie mo\u017ce od nich ucieka\u0107, ale - wprost przeciwnie - podejmowa\u0107 nowe wyzwania. To przekonanie sk\u0142oni\u0142o mnie do pr\u00f3by otwarcia tego\u017c bloga, chocia\u017c okazji do rozm\u00f3w na co dzie\u0144 - w konfesjonale i poza nim - na szcz\u0119\u015bcie nie brakuje. My\u015bl\u0119 jednak, \u017ce ten blog b\u0119dzie jeszcze jednym sposobem i przestrzeni\u0105 nawi\u0105zania kontaktu z lud\u017ami dobrej woli, otwartymi na dialog.","url":"https:\/\/gaudiumetspes-blog.pl\/index.php\/author\/ks-jacek\/"}]}},"jetpack_featured_media_url":"","jetpack_sharing_enabled":true,"_links":{"self":[{"href":"https:\/\/gaudiumetspes-blog.pl\/index.php\/wp-json\/wp\/v2\/posts\/17931","targetHints":{"allow":["GET"]}}],"collection":[{"href":"https:\/\/gaudiumetspes-blog.pl\/index.php\/wp-json\/wp\/v2\/posts"}],"about":[{"href":"https:\/\/gaudiumetspes-blog.pl\/index.php\/wp-json\/wp\/v2\/types\/post"}],"author":[{"embeddable":true,"href":"https:\/\/gaudiumetspes-blog.pl\/index.php\/wp-json\/wp\/v2\/users\/1"}],"replies":[{"embeddable":true,"href":"https:\/\/gaudiumetspes-blog.pl\/index.php\/wp-json\/wp\/v2\/comments?post=17931"}],"version-history":[{"count":1,"href":"https:\/\/gaudiumetspes-blog.pl\/index.php\/wp-json\/wp\/v2\/posts\/17931\/revisions"}],"predecessor-version":[{"id":17932,"href":"https:\/\/gaudiumetspes-blog.pl\/index.php\/wp-json\/wp\/v2\/posts\/17931\/revisions\/17932"}],"wp:attachment":[{"href":"https:\/\/gaudiumetspes-blog.pl\/index.php\/wp-json\/wp\/v2\/media?parent=17931"}],"wp:term":[{"taxonomy":"category","embeddable":true,"href":"https:\/\/gaudiumetspes-blog.pl\/index.php\/wp-json\/wp\/v2\/categories?post=17931"},{"taxonomy":"post_tag","embeddable":true,"href":"https:\/\/gaudiumetspes-blog.pl\/index.php\/wp-json\/wp\/v2\/tags?post=17931"}],"curies":[{"name":"wp","href":"https:\/\/api.w.org\/{rel}","templated":true}]}}