{"id":17934,"date":"2020-09-21T08:10:06","date_gmt":"2020-09-21T06:10:06","guid":{"rendered":"https:\/\/gaudiumetspes-blog.pl\/?p=17934"},"modified":"2020-09-21T08:10:06","modified_gmt":"2020-09-21T06:10:06","slug":"moja-wiara-nie-tylko-dla-mnie","status":"publish","type":"post","link":"https:\/\/gaudiumetspes-blog.pl\/index.php\/2020\/09\/21\/moja-wiara-nie-tylko-dla-mnie\/","title":{"rendered":"Moja wiara &#8211; nie tylko dla mnie!"},"content":{"rendered":"<p align=\"justify\"><span style=\"color: #000000;\"><span style=\"font-family: Book Antiqua, serif;\"><span style=\"font-size: large;\">Moi Drodzy, w dniu dzisiejszym <b>spiesz\u0119 z najlepszymi \u017cyczeniami do Os\u00f3b, \u015bwi\u0119tuj\u0105cych swo<\/b><b>je imieniny i urodziny. <\/b><\/span><\/span><\/span><\/p>\n<p align=\"justify\"><span style=\"color: #000000;\"><span style=\"font-family: Book Antiqua, serif;\"><span style=\"font-size: large;\"><b>Imieniny, czyli \u015bwi\u0119to Patrona, prze\u017cywaj\u0105 dzi\u015b:<\/b><\/span><\/span><\/span><\/p>\n<p align=\"justify\"><span style=\"color: #000000;\">\u25ba<span style=\"font-family: Book Antiqua, serif;\"><span style=\"font-size: large;\"><b>Ojciec Mateusz Fleiszerowicz \u2013 Franciszkanin, m\u00f3j Kolega ze studi\u00f3w prawa kanonicznego na KUL, Proboszcz Parafii w Nysie;<\/b><\/span><\/span><\/span><\/p>\n<p align=\"justify\"><span style=\"color: #000000;\">\u25ba<span style=\"font-family: Book Antiqua, serif;\"><span style=\"font-size: large;\"><b>Mateusz Grzyb \u2013 za czas\u00f3w mojego wikariatu: Lektor w Parafii w \u017belechowie;<\/b><\/span><\/span><\/span><\/p>\n<p align=\"justify\"><span style=\"color: #000000;\">\u25ba<span style=\"font-family: Book Antiqua, serif;\"><span style=\"font-size: large;\"><b>Mateusz Sitek \u2013 za czas\u00f3w mojego wikariatu: cz\u0142onek Wsp\u00f3lnoty m\u0142odzie\u017cowej w Celestynowie;<\/b><\/span><\/span><\/span><\/p>\n<p align=\"justify\"><span style=\"color: #000000;\">\u25ba<span style=\"font-family: Book Antiqua, serif;\"><span style=\"font-size: large;\"><b>Mateusz Maksymiuk \u2013 nale\u017c\u0105cy w swoim czasie do Wsp\u00f3lnoty m\u0142odzie\u017cowej w Bia\u0142ej Podlaskiej;<\/b><\/span><\/span><\/span><\/p>\n<p align=\"justify\"><span style=\"color: #000000;\">\u25ba<span style=\"font-family: Book Antiqua, serif;\"><span style=\"font-size: large;\"><b>Mateusz Mochnacz \u2013 m\u00f3j Znajomy z Bia\u0142ej Podlaskiej;<\/b><\/span><\/span><\/span><\/p>\n<p align=\"justify\"><span style=\"color: #000000;\">\u25ba<span style=\"font-family: Book Antiqua, serif;\"><span style=\"font-size: large;\"><b>Mateusz \u015aledziewski \u2013 za czas\u00f3w mojego wikariatu: Lektor w Parafii w T\u0142uszczu;<\/b><\/span><\/span><\/span><\/p>\n<p align=\"justify\"><span style=\"color: #000000;\">\u25ba<span style=\"font-family: Book Antiqua, serif;\"><span style=\"font-size: large;\"><b>Mateusz S\u0119torek \u2013 nale\u017c\u0105cy niegdy\u015b do Wsp\u00f3lnoty m\u0142odzie\u017cowej w Tr\u0105bkach;<\/b><\/span><\/span><\/span><\/p>\n<p align=\"justify\"><span style=\"color: #000000;\">\u25ba<span style=\"font-family: Book Antiqua, serif;\"><span style=\"font-size: large;\"><b>Mateusz Rutkowski, m\u00f3j by\u0142 Ucze\u0144 z \u017belechowa.<\/b><\/span><\/span><\/span><\/p>\n<p align=\"justify\"><span style=\"color: #000000;\"><span style=\"font-family: Book Antiqua, serif;\"><span style=\"font-size: large;\"><b>Urodziny natomiast obchodzi Bart\u0142omiej G\u00f3rski, nale\u017c\u0105cy ongi\u015b do Wsp\u00f3lnoty m\u0142odzie\u017cowej w Tr\u0105bkach. <\/b><\/span><\/span><\/span><\/p>\n<p align=\"justify\"><span style=\"color: #000000;\"><span style=\"font-family: Book Antiqua, serif;\"><span style=\"font-size: large;\"><b>A imieniny i urodziny jednocze\u015bnie obchodzi Mateusz Szel\u0105g \u2013 za moich czas\u00f3w: Lektor w Miastkowie Ko\u015bcielnym.<\/b><\/span><\/span><\/span><\/p>\n<p align=\"justify\"><span style=\"color: #000000;\"><span style=\"font-family: Book Antiqua, serif;\"><span style=\"font-size: large;\"><b>\u017bycz\u0119 Wszystkim dzi\u015b \u015bwi\u0119tuj\u0105cym wielkiej przyja\u017ani z Jezusem \u2013 i jednocze\u015bnie wielkiego zapa\u0142u apostolskiego. I o to b\u0119d\u0119 si\u0119 dla nich modli\u0142.<\/b><\/span><\/span><\/span><\/p>\n<p align=\"justify\"><span style=\"color: #000000;\"><span style=\"font-family: Book Antiqua, serif;\"><span style=\"font-size: large;\">Zach\u0119cam Wszystkich do pochylenia si\u0119 nad Bo\u017cym s\u0142owem i odpowiedzenia sobie szczerze na pytanie: Co dzisiaj konkretnie \u2013 przez to S\u0142owo \u2013 m\u00f3wi do mnie Pan?<\/span><\/span><\/span><\/p>\n<p align=\"justify\"><span style=\"color: #000000;\"><span style=\"font-family: Book Antiqua, serif;\"><span style=\"font-size: large;\"><b>Niech Was b\u0142ogos\u0142awi B\u00f3g Wszechmog\u0105cy: Ojciec + i Syn, i Duch \u015awi\u0119ty. Amen<\/b><\/span><\/span><\/span><\/p>\n<p align=\"center\"><span style=\"color: #000000;\"><span style=\"font-family: Book Antiqua, serif;\"><span style=\"font-size: large;\">Gaudium et spes! Ks. Jacek<\/span><\/span><\/span><\/p>\n<p align=\"center\">\n<p align=\"center\">\n<p align=\"center\">\n<p align=\"center\">\n<p align=\"center\">\n<p align=\"justify\"><span style=\"color: #000000;\"><span style=\"font-family: Book Antiqua, serif;\"><span style=\"font-size: large;\"><b>\u015awi\u0119to \u015aw. Mateusza, Aposto\u0142a i Ewangelisty,<\/b><\/span><\/span><\/span><\/p>\n<p align=\"justify\"><span style=\"color: #000000;\"><span style=\"font-family: Book Antiqua, serif;\"><span style=\"font-size: large;\"><b>21 wrze\u015bnia 2020.,<\/b><\/span><\/span><\/span><\/p>\n<p align=\"justify\"><span style=\"color: #000000;\"><span style=\"font-family: Book Antiqua, serif;\"><span style=\"font-size: large;\"><b>do czyta\u0144 z t. VI Lekcjonarza:<\/b> <b>Ef 4,1\u20137.11\u201313; Mt 9,9\u201313<\/b> <\/span><\/span><\/span><\/p>\n<p align=\"justify\">\n<p align=\"justify\">\n<p align=\"justify\">\n<p align=\"justify\">\n<p align=\"justify\">\n<p align=\"justify\"><span style=\"color: #000000;\"><span style=\"font-family: Book Antiqua, serif;\"><span style=\"font-size: large;\"><b>CZYTANIE Z LISTU \u015aWI\u0118TEGO PAW\u0141A APOSTO\u0141A DO EFEZJAN:<\/b><\/span><\/span><\/span><\/p>\n<p align=\"justify\"><span style=\"color: #000000;\"><span style=\"font-family: Book Antiqua, serif;\"><span style=\"font-size: large;\"><b>Bracia: Zach\u0119cam was ja, wi\u0119zie\u0144 w Panu, aby\u015bcie post\u0119powali w spos\u00f3b godny powo\u0142ania, jakim zostali\u015bcie wezwani, z ca\u0142\u0105 pokor\u0105 i cicho\u015bci\u0105, z cierpliwo\u015bci\u0105, znosz\u0105c siebie nawzajem w mi\u0142o\u015bci. Usi\u0142ujcie zachowa\u0107 jedno\u015b\u0107 Ducha dzi\u0119ki wi\u0119zi, jak\u0105 jest pok\u00f3j. Jedno jest Cia\u0142o i jeden Duch, bo te\u017c zostali\u015bcie wezwani w jednej nadziei, jak\u0105 daje wasze powo\u0142anie. Jeden jest Pan, jedna wiara, jeden chrzest. Jeden jest B\u00f3g i Ojciec wszystkich, kt\u00f3ry jest i dzia\u0142a ponad wszystkimi, przez wszystkich i we wszystkich.<\/b><\/span><\/span><\/span><\/p>\n<p align=\"justify\"><span style=\"color: #000000;\"><span style=\"font-family: Book Antiqua, serif;\"><span style=\"font-size: large;\"><b>Ka\u017cdemu za\u015b z nas zosta\u0142a dana \u0142aska wed\u0142ug miary daru Chrystusowego. I On ustanowi\u0142 jednych aposto\u0142ami, innych prorokami, innych ewangelistami, innych pasterzami i nauczycielami dla przysposobienia \u015bwi\u0119tych do wykonywania pos\u0142ugi, celem budowania Cia\u0142a Chrystusowego, a\u017c dojdziemy wszyscy razem do jedno\u015bci wiary i pe\u0142nego poznania Syna Bo\u017cego, do cz\u0142owieka doskona\u0142ego, do miary wielko\u015bci wed\u0142ug Pe\u0142ni Chrystusa.<\/b><\/span><\/span><\/span><\/p>\n<p align=\"justify\">\n<p align=\"justify\">\n<p align=\"justify\">\n<p align=\"justify\">\n<p align=\"justify\">\n<p align=\"justify\"><span style=\"color: #000000;\"><span style=\"font-family: Book Antiqua, serif;\"><span style=\"font-size: large;\"><b>S\u0141OWA EWANGELII WED\u0141UG \u015aWI\u0118TEGO MATEUSZA:<\/b><\/span><\/span><\/span><\/p>\n<p align=\"justify\"><span style=\"color: #000000;\"><span style=\"font-family: Book Antiqua, serif;\"><span style=\"font-size: large;\"><b>Gdy Jezus wychodzi\u0142 z Kafarnaum, ujrza\u0142 cz\u0142owieka siedz\u0105cego w komorze celnej, imieniem Mateusz, i rzek\u0142 do niego: \u201eP\u00f3jd\u017a za Mn\u0105\u201d. On wsta\u0142 i poszed\u0142 za Nim.<\/b><\/span><\/span><\/span><\/p>\n<p align=\"justify\"><span style=\"color: #000000;\"><span style=\"font-family: Book Antiqua, serif;\"><span style=\"font-size: large;\"><b>Gdy Jezus siedzia\u0142 w domu za sto\u0142em, przysz\u0142o wielu celnik\u00f3w i grzesznik\u00f3w i siedzieli wraz z Jezusem i Jego uczniami.<\/b><\/span><\/span><\/span><\/p>\n<p align=\"justify\"><span style=\"color: #000000;\"><span style=\"font-family: Book Antiqua, serif;\"><span style=\"font-size: large;\"><b>Widz\u0105c to, faryzeusze m\u00f3wili do Jego uczni\u00f3w: \u201eDlaczego wasz Nauczyciel jada wsp\u00f3lnie z celnikami i grzesznikami?\u201d<\/b><\/span><\/span><\/span><\/p>\n<p align=\"justify\"><span style=\"color: #000000;\"><span style=\"font-family: Book Antiqua, serif;\"><span style=\"font-size: large;\"><b>On, us\u0142yszawszy to, rzek\u0142: \u201eNie potrzebuj\u0105 lekarza zdrowi, lecz ci, kt\u00f3rzy si\u0119 \u017ale maj\u0105. Id\u017acie i starajcie si\u0119 zrozumie\u0107, co znaczy: \u00abChc\u0119 raczej mi\u0142osierdzia ni\u017c ofiary\u00bb. Bo nie przyszed\u0142em powo\u0142a\u0107 sprawiedliwych, ale grzesznik\u00f3w\u201d.<\/b><\/span><\/span><\/span><\/p>\n<p align=\"justify\">\n<p align=\"justify\">\n<p align=\"justify\">\n<p align=\"justify\">\n<p align=\"justify\">\n<p align=\"justify\"><span style=\"color: #000000;\"><span style=\"font-family: Book Antiqua, serif;\"><span style=\"font-size: large;\">Ewangeli\u015bci Marek i \u0141ukasz nazywaj\u0105 dzisiejszego Patrona najpierw: <b>Lewi, syn Alfeusza, <\/b>dopiero p\u00f3\u017aniej, w innych miejscach, wymieniane jest imi\u0119 <b>Mateusz<\/b>. Prawdopodobnie Chrystus powo\u0142uj\u0105c Lewiego, nada\u0142 mu imi\u0119 Mateusz. <b>Imi\u0119: \u201eMateusz\u201d <\/b>pochodzi z j\u0119zyka hebrajskiego <b>i oznacza: \u201edar Boga\u201d.<\/b><\/span><\/span><\/span><\/p>\n<p align=\"justify\"><span style=\"color: #000000;\"><span style=\"font-family: Book Antiqua, serif;\"><span style=\"font-size: large;\">Mateusz by\u0142 Galilejczykiem. Jego prac\u0105 by\u0142o <b>pobieranie ce\u0142 i podatk\u00f3w<\/b> w Kafarnaum, jednym z wi\u0119kszych handlowych miasteczek nad jeziorem Genezaret. Pobiera\u0142 tam op\u0142aty za przejazdy przez jezioro i przew\u00f3z towar\u00f3w. W Palestynie<b> pogardzano celnikami <\/b>w\u0142a\u015bnie z tego powodu, \u017ce<b> \u015bci\u0105gali op\u0142aty na rzecz Rzymian. <\/b>Ich prac\u0119 rozumiano jako wys\u0142ugiwanie si\u0119 okupantom. Celnicy s\u0142yn\u0119li r\u00f3wnie\u017c <b>z \u017c\u0105dzy zysku, nieuczciwie czerpali korzy\u015bci <\/b>z zajmowanego stanowiska.<b> <\/b>Uwa\u017cano ich za grzesznik\u00f3w i pogan. Przebywaj\u0105cy w\u015br\u00f3d celnik\u00f3w <b>stawa\u0142 si\u0119 nieczysty <\/b>i musia\u0142 poddawa\u0107 si\u0119 przepisowym obmyciom.<\/span><\/span><\/span><\/p>\n<p align=\"justify\"><span style=\"color: #000000;\"><span style=\"font-family: Book Antiqua, serif;\"><span style=\"font-size: large;\">Z takiego w\u0142a\u015bnie nieciekawego \u015brodowiska wywodzi\u0142 si\u0119 Mateusz. Wydaje si\u0119, \u017ce by\u0142 nawet kierownikiem i naczelnikiem celnik\u00f3w w Galilei. Chocia\u017c celnicy tak cz\u0119sto s\u0105 w Ewangelii nazywani grzesznikami, to jednak <b>Pan Jezus odnosi\u0142 si\u0119 do nich \u017cyczliwie: odwiedza\u0142 ich, nawet z nimi jada\u0142\u2026 <\/b>To \u2013 bynajmniej \u2013 nie oznacza, \u017ce zach\u0119ca\u0142 ich do \u0142upienia innych! <\/span><\/span><\/span><\/p>\n<p align=\"justify\"><span style=\"color: #000000;\"><span style=\"font-family: Book Antiqua, serif;\"><span style=\"font-size: large;\">Delikatno\u015b\u0107 i mi\u0142osierdzie Jezusa raczej pobudza\u0142y celnik\u00f3w do umiaru i nawr\u00f3cenia. Us\u0142yszeli\u015bmy w dzisiejszej Ewangelii, \u017ce na postawiony przez \u017byd\u00f3w zarzut:<i><b>Dlaczego wasz Nauczyciel jada wsp\u00f3lnie z celnikami i grzesznikami<\/b><\/i><b>? <\/b>\u2013 Chrystus odpowiedzia\u0142: <i><b>Nie potrzebuj\u0105 lekarza zdrowi, lecz ci, kt\u00f3rzy si\u0119 \u017ale maj\u0105<\/b><\/i><b>. [\u2026] <\/b><i><b>Bo nie przyszed\u0142em powo\u0142ywa\u0107 sprawiedliwych, ale grzesznik\u00f3w<\/b><\/i><b>. <\/b>A warto zauwa\u017cy\u0107, i\u017c s\u0142owa te przekaza\u0142 w swojej Ewangelii w\u0142a\u015bnie dzisiejszy Patron, \u015awi\u0119ty Mateusz.<\/span><\/span><\/span><\/p>\n<p align=\"justify\"><span style=\"color: #000000;\"><span style=\"font-family: Book Antiqua, serif;\"><span style=\"font-size: large;\">O jego m\u0142odzie\u0144czym \u017cyciu nie wiemy praktycznie nic. Spotykamy si\u0119 z nim <b>po raz pierwszy <\/b>dopiero w Kafarnaum, kiedy Chrystus zasta\u0142 go w komorze celnej <b>i powo\u0142a\u0142 na swojego Aposto\u0142a. <\/b>To wezwanie odby\u0142o si\u0119 po cudownym uzdrowieniu paralityka, kt\u00f3rego spuszczono przez otw\u00f3r, zrobiony w suficie mieszkania. O tym cudzie <b>Mateusz musia\u0142 si\u0119 dowiedzie\u0107, gdy\u017c natychmiast wie\u015b\u0107 o nim rozesz\u0142a si\u0119 mi\u0119dzy lud\u017ami. <\/b>By\u0107 mo\u017ce s\u0142ucha\u0142 on wcze\u015bniej m\u00f3w pokutnych Jana Chrzciciela. Na wezwanie Chrystusa <b>zostawi\u0142 wszystko i poszed\u0142 za Nim. <\/b>Nawr\u00f3cony, zaprosi\u0142 do swego domu Jezusa, Jego uczni\u00f3w i swoich przyjaci\u00f3\u0142 celnik\u00f3w oraz wsp\u00f3\u0142pracownik\u00f3w. I odt\u0105d <b>pozosta\u0142 ju\u017c w gronie <\/b><b>d<\/b><b>wunastu Aposto\u0142\u00f3w.<\/b><\/span><\/span><\/span><\/p>\n<p align=\"justify\"><span style=\"color: #000000;\"><span style=\"font-family: Book Antiqua, serif;\"><span style=\"font-size: large;\">Po Wniebowst\u0105pieniu Chrystusa, przez jaki\u015b czas<b> dzia\u0142a\u0142 w Palestynie. <\/b>Aposto\u0142owa\u0142 w\u015br\u00f3d nawr\u00f3conych z judaizmu. Dla nich te\u017c przeznaczy\u0142 napisan\u0105 przez siebie <b>Ewangeli\u0119. <\/b>Napisa\u0142<b> <\/b>j\u0105<b> mi\u0119dzy 50 a 60 rokiem, najprawdopodobniej oko\u0142o roku 55. <\/b>Stara\u0142 si\u0119 w niej wykaza\u0107, \u017ce to w\u0142a\u015bnie Jezus jest wyczekiwanym od dawna Mesjaszem, \u017ce na Nim potwierdzi\u0142y si\u0119 starotestamentalne proroctwa i zapowiedzi.<\/span><\/span><\/span><\/p>\n<p align=\"justify\"><span style=\"color: #000000;\"><span style=\"font-family: Book Antiqua, serif;\"><span style=\"font-size: large;\">Pierwotnie Ewangelia wed\u0142ug \u015awi\u0119tego Mateusza by\u0142a napisana w j\u0119zyku hebrajskim lub aramejskim \u2013 i nie wiadomo, kto i kiedy przet\u0142umaczy\u0142 j\u0105 na j\u0119zyk grecki. <b>Nie zachowa\u0142y si\u0119 \u017cadne \u015blady orygina\u0142u, <\/b>tylko grecki przek\u0142ad. T\u0142umacze nie mogli sobie da\u0107 rady w pewnych wypadkach i pozostawili cz\u0119\u015b\u0107 s\u0142ownictwa aramejskiego. <\/span><\/span><\/span><\/p>\n<p align=\"justify\"><span style=\"color: #000000;\"><span style=\"font-family: Book Antiqua, serif;\"><span style=\"font-size: large;\">Mateusz przekaza\u0142 <b>wiele szczeg\u00f3\u0142\u00f3w z \u017cycia i nauki Jezusa, kt\u00f3rych nie znajdziemy w innych Ewangeliach <\/b>\u2013 jak chocia\u017cby: rozbudowany tekst Kazania na g\u00f3rze, przypowie\u015b\u0107 o k\u0105kolu, o ukrytym skarbie, o drogocennej perle, o dziesi\u0119ciu pannach. On jeden napisa\u0142 o pok\u0142onie Mag\u00f3w i rzezi niewini\u0105tek, o ucieczce do Egiptu, jak te\u017c \u2013 on jeden zamie\u015bci\u0142 wizj\u0119 S\u0105du Ostatecznego\u2026<\/span><\/span><\/span><\/p>\n<p align=\"justify\"><span style=\"color: #000000;\"><span style=\"font-family: Book Antiqua, serif;\"><span style=\"font-size: large;\">Po zako\u0144czeniu dzia\u0142alno\u015bci w Palestynie, <b>Mateusz uda\u0142 si\u0119 do innych kraj\u00f3w, <\/b>przy czym Ojcowie Ko\u015bcio\u0142a nie s\u0105 zgodni, dok\u0105d. Wylicza si\u0119 Etiopi\u0119, Pont, Persj\u0119, Syri\u0119 i Macedoni\u0119. Najbardziej prawdopodobna jest jednak Etiopia. Powszechnie uwa\u017ca si\u0119, \u017ce<b> swoj\u0105 apostolsk\u0105 dzia\u0142alno\u015b\u0107 zako\u0144czy\u0142 \u015bmierci\u0105 m\u0119cze\u0144sk\u0105.<\/b><\/span><\/span><\/span><\/p>\n<p align=\"justify\"><span style=\"color: #000000;\"><span style=\"font-family: Book Antiqua, serif;\"><span style=\"font-size: large;\">Jak zatem widzimy, Jezus dokona\u0142 wielkich rzeczy <b>w cz\u0142owieku \u2013 i przez cz\u0142owieka<\/b> \u2013 kt\u00f3ry by\u0142 tak daleko od spraw Bo\u017cych. Celowo podkre\u015blamy tu sobie owe dwa wymiary: <b>w nim \u2013 i przez niego, <\/b>bo dokona\u0142y si\u0119 one jednocze\u015bnie. W momencie, kiedy Pan dotar\u0142 do jego serca, zawr\u00f3ci\u0142 go ze z\u0142ej drogi \u2013 <b>od razu <\/b>uczyni\u0142 go swoim Aposto\u0142em. Nie pozwoli\u0142 mu \u2013 by tak rzec \u2013 cieszy\u0107 si\u0119 duchowymi darami jedynie prywatnie: Mateusz <b>od razu mia\u0142 z nimi wyj\u015b\u0107 do ludzi.<\/b> Sam b\u0119d\u0105c ju\u017c od teraz jedno z Jezusem, mia\u0142 do tej jedno\u015bci prowadzi\u0107 innych. Dwa <b>nierozdzielne wymiary<\/b> \u2013 i to od samego pocz\u0105tku. <\/span><\/span><\/span><\/p>\n<p align=\"justify\"><span style=\"color: #000000;\"><span style=\"font-family: Book Antiqua, serif;\"><span style=\"font-size: large;\">A czy\u017c podobnie ca\u0142a sprawa nie u\u0142o\u017cy\u0142a si\u0119 w \u017cyciu \u015awi\u0119tego Paw\u0142a \u2013 o czym on sam po\u015brednio wspomina w dzisiejszym pierwszym czytaniu, b\u0119d\u0105cego fragmentem jego Listu do Efezjan? Najpierw pisze o sobie jako o <b>\u00ab<\/b><b>wi\u0119\u017aniu w Panu<\/b><b>\u00bb<\/b><b>,<\/b> kt\u00f3ry zach\u0119ca swoich uczni\u00f3w i wsp\u00f3\u0142wyznawc\u00f3w do budowania jedno\u015bci. Po czym pisze: <i><b>Ka\u017cdemu za\u015b z nas zosta\u0142a dana \u0142aska wed\u0142ug miary daru Chrystusowego. I On ustanowi\u0142 jednych aposto\u0142ami, innych prorokami, innych ewangelistami, innych pasterzami i nauczycielami dla przysposobienia \u015bwi\u0119tych do wykonywania pos\u0142ugi, celem budowania Cia\u0142a Chrystusowego, a\u017c dojdziemy wszyscy razem do jedno\u015bci wiary i pe\u0142nego poznania Syna Bo\u017cego, do cz\u0142owieka doskona\u0142ego, do miary wielko\u015bci wed\u0142ug Pe\u0142ni Chrystusa. <\/b><\/i><\/span><\/span><\/span><\/p>\n<p align=\"justify\"><span style=\"color: #000000;\"><span style=\"font-family: Book Antiqua, serif;\"><span style=\"font-size: large;\">Czy zauwa\u017camy to natychmiastowe przej\u015bcie? Najpierw stwierdzenie: <i><b>Ka\u017cdemu za\u015b z nas zosta\u0142a dana \u0142aska wed\u0142ug miary daru Chrystusowego.<\/b><\/i><b> <\/b>Skoro tak, to mo\u017cna by pomy\u015ble\u0107, \u017ce ka\u017cdy dosta\u0142 t\u0119 \u0142ask\u0119 dla siebie, \u017ceby m\u00f3g\u0142 si\u0119 ni\u0105 cieszy\u0107 i z niej <b>prywatnie korzysta\u0107.<\/b> Okazuje si\u0119 jednak, \u017ce nie, bo ju\u017c kolejne zdanie m\u00f3wi o konkretnym powo\u0142aniu: apostolskim, prorockim, ewangelistycznym, pasterskim, nauczycielskim \u2013 a wszystko to <i><b>dla przysposobienia \u015bwi\u0119tych do wykonywania pos\u0142ugi, celem budowania Cia\u0142a Chrystusowego.<\/b><\/i> Zatem dar, kt\u00f3ry natychmiast staje si\u0119 zadaniem. Ani przez chwil\u0119 nie jest w\u0142asno\u015bci tylko dla tego, kto go otrzyma\u0142. <\/span><\/span><\/span><\/p>\n<p align=\"justify\"><span style=\"color: #000000;\"><span style=\"font-family: Book Antiqua, serif;\"><span style=\"font-size: large;\">W\u0142a\u015bnie <b>na takiej zasadzie<\/b> Pan udziela swoich dar\u00f3w swoim uczniom, na takiej zasadzie Pan udziela swoim uczniom i przyjacio\u0142om<b> siebie samego:<\/b> kto do\u015bwiadczy\u0142 blisko\u015bci Jezusa, jedno\u015bci z Nim \u2013 zaraz ma si\u0119 Nim dzieli\u0107 z innymi. <\/span><\/span><\/span><\/p>\n<p align=\"justify\"><span style=\"color: #000000;\"><span style=\"font-family: Book Antiqua, serif;\"><span style=\"font-size: large;\">My te\u017c, moi Drodzy! <b>Nasza wiara nie jest tylko dla nas.<\/b> Mamy si\u0119 ni\u0105 dzieli\u0107 z innymi \u2013 mamy si\u0119 Jezusem dzieli\u0107 z innymi. To jest nasze zadanie. Wype\u0142niaj\u0105c je, nie robimy \u2013 m\u00f3wi\u0105c kolokwialnie \u2013<b> \u017cadnej \u0142aski.<\/b> Przez sam fakt przyj\u0119cia Chrztu \u015awi\u0119tego i w\u0142\u0105czenia do wsp\u00f3lnoty Ko\u015bcio\u0142a \u2013 <b>od razu stali\u015bmy si\u0119 aposto\u0142ami i ewangelistami.<\/b> Tak, jak Mateusz.<\/span><\/span><\/span><\/p>\n<p align=\"justify\"><span style=\"color: #000000;\"><span style=\"font-family: Book Antiqua, serif;\"><span style=\"font-size: large;\">Niech wi\u0119c on sam pomo\u017ce nam dobrze wype\u0142ni\u0107 to zadanie!<\/span><\/span><\/span><\/p>\n","protected":false},"excerpt":{"rendered":"<p>Moi Drodzy, w dniu dzisiejszym spiesz\u0119 z najlepszymi \u017cyczeniami do Os\u00f3b, \u015bwi\u0119tuj\u0105cych swoje imieniny i urodziny. Imieniny, czyli \u015bwi\u0119to Patrona, prze\u017cywaj\u0105 dzi\u015b: \u25baOjciec Mateusz Fleiszerowicz \u2013 Franciszkanin, m\u00f3j Kolega ze studi\u00f3w prawa kanonicznego na KUL, Proboszcz Parafii w Nysie; \u25baMateusz Grzyb \u2013 za czas\u00f3w mojego wikariatu: Lektor w Parafii w \u017belechowie; \u25baMateusz Sitek \u2013 za [&hellip;]<\/p>\n","protected":false},"author":1,"featured_media":0,"comment_status":"open","ping_status":"open","sticky":false,"template":"","format":"standard","meta":{"jetpack_post_was_ever_published":false,"_jetpack_newsletter_access":"","_jetpack_dont_email_post_to_subs":false,"_jetpack_newsletter_tier_id":0,"_jetpack_memberships_contains_paywalled_content":false,"_jetpack_memberships_contains_paid_content":false,"footnotes":""},"categories":[1],"tags":[],"class_list":["post-17934","post","type-post","status-publish","format-standard","hentry","category-bez-kategorii"],"yoast_head":"<!-- This site is optimized with the Yoast SEO plugin v25.1 - https:\/\/yoast.com\/wordpress\/plugins\/seo\/ -->\n<title>Moja wiara - nie tylko dla mnie! - Gaudium Et Spes<\/title>\n<meta name=\"robots\" content=\"index, follow, max-snippet:-1, max-image-preview:large, max-video-preview:-1\" \/>\n<link rel=\"canonical\" href=\"https:\/\/gaudiumetspes-blog.pl\/index.php\/2020\/09\/21\/moja-wiara-nie-tylko-dla-mnie\/\" \/>\n<meta property=\"og:locale\" content=\"pl_PL\" \/>\n<meta property=\"og:type\" content=\"article\" \/>\n<meta property=\"og:title\" content=\"Moja wiara - nie tylko dla mnie! - Gaudium Et Spes\" \/>\n<meta property=\"og:description\" content=\"Moi Drodzy, w dniu dzisiejszym spiesz\u0119 z najlepszymi \u017cyczeniami do Os\u00f3b, \u015bwi\u0119tuj\u0105cych swoje imieniny i urodziny. Imieniny, czyli \u015bwi\u0119to Patrona, prze\u017cywaj\u0105 dzi\u015b: \u25baOjciec Mateusz Fleiszerowicz \u2013 Franciszkanin, m\u00f3j Kolega ze studi\u00f3w prawa kanonicznego na KUL, Proboszcz Parafii w Nysie; \u25baMateusz Grzyb \u2013 za czas\u00f3w mojego wikariatu: Lektor w Parafii w \u017belechowie; \u25baMateusz Sitek \u2013 za [&hellip;]\" \/>\n<meta property=\"og:url\" content=\"https:\/\/gaudiumetspes-blog.pl\/index.php\/2020\/09\/21\/moja-wiara-nie-tylko-dla-mnie\/\" \/>\n<meta property=\"og:site_name\" content=\"Gaudium Et Spes\" \/>\n<meta property=\"article:published_time\" content=\"2020-09-21T06:10:06+00:00\" \/>\n<meta name=\"author\" content=\"Ks. Jacek\" \/>\n<meta name=\"twitter:card\" content=\"summary_large_image\" \/>\n<meta name=\"twitter:label1\" content=\"Napisane przez\" \/>\n\t<meta name=\"twitter:data1\" content=\"Ks. Jacek\" \/>\n\t<meta name=\"twitter:label2\" content=\"Szacowany czas czytania\" \/>\n\t<meta name=\"twitter:data2\" content=\"8 minut\" \/>\n<script type=\"application\/ld+json\" class=\"yoast-schema-graph\">{\"@context\":\"https:\/\/schema.org\",\"@graph\":[{\"@type\":\"WebPage\",\"@id\":\"https:\/\/gaudiumetspes-blog.pl\/index.php\/2020\/09\/21\/moja-wiara-nie-tylko-dla-mnie\/\",\"url\":\"https:\/\/gaudiumetspes-blog.pl\/index.php\/2020\/09\/21\/moja-wiara-nie-tylko-dla-mnie\/\",\"name\":\"Moja wiara - nie tylko dla mnie! - Gaudium Et Spes\",\"isPartOf\":{\"@id\":\"https:\/\/gaudiumetspes-blog.pl\/#website\"},\"datePublished\":\"2020-09-21T06:10:06+00:00\",\"author\":{\"@id\":\"https:\/\/gaudiumetspes-blog.pl\/#\/schema\/person\/1661982992b752dea8dff0d4ed845a65\"},\"breadcrumb\":{\"@id\":\"https:\/\/gaudiumetspes-blog.pl\/index.php\/2020\/09\/21\/moja-wiara-nie-tylko-dla-mnie\/#breadcrumb\"},\"inLanguage\":\"pl-PL\",\"potentialAction\":[{\"@type\":\"ReadAction\",\"target\":[\"https:\/\/gaudiumetspes-blog.pl\/index.php\/2020\/09\/21\/moja-wiara-nie-tylko-dla-mnie\/\"]}]},{\"@type\":\"BreadcrumbList\",\"@id\":\"https:\/\/gaudiumetspes-blog.pl\/index.php\/2020\/09\/21\/moja-wiara-nie-tylko-dla-mnie\/#breadcrumb\",\"itemListElement\":[{\"@type\":\"ListItem\",\"position\":1,\"name\":\"Strona g\u0142\u00f3wna\",\"item\":\"https:\/\/gaudiumetspes-blog.pl\/\"},{\"@type\":\"ListItem\",\"position\":2,\"name\":\"Moja wiara &#8211; nie&nbsp;tylko&nbsp;dla mnie!\"}]},{\"@type\":\"WebSite\",\"@id\":\"https:\/\/gaudiumetspes-blog.pl\/#website\",\"url\":\"https:\/\/gaudiumetspes-blog.pl\/\",\"name\":\"Gaudium Et Spes\",\"description\":\"Blog Ks. Jacka Ja\u015bkowskiego\",\"potentialAction\":[{\"@type\":\"SearchAction\",\"target\":{\"@type\":\"EntryPoint\",\"urlTemplate\":\"https:\/\/gaudiumetspes-blog.pl\/?s={search_term_string}\"},\"query-input\":{\"@type\":\"PropertyValueSpecification\",\"valueRequired\":true,\"valueName\":\"search_term_string\"}}],\"inLanguage\":\"pl-PL\"},{\"@type\":\"Person\",\"@id\":\"https:\/\/gaudiumetspes-blog.pl\/#\/schema\/person\/1661982992b752dea8dff0d4ed845a65\",\"name\":\"Ks. Jacek\",\"image\":{\"@type\":\"ImageObject\",\"inLanguage\":\"pl-PL\",\"@id\":\"https:\/\/gaudiumetspes-blog.pl\/#\/schema\/person\/image\/\",\"url\":\"https:\/\/gaudiumetspes-blog.pl\/wp-content\/uploads\/2019\/07\/avatar-JJ-150x150.jpg\",\"contentUrl\":\"https:\/\/gaudiumetspes-blog.pl\/wp-content\/uploads\/2019\/07\/avatar-JJ-150x150.jpg\",\"caption\":\"Ks. Jacek\"},\"description\":\"Witam serdecznie! K\u0142ania si\u0119 Ks. Jacek Ja\u015bkowski. Nie jestem ani kim\u015b wa\u017cnym, ani kim\u015b znanym. Jestem ksi\u0119dzem, kt\u00f3ry po prostu chce rozmawia\u0107. Codzienna kap\u0142a\u0144ska pos\u0142uga pokazuje mi, \u017ce temat\u00f3w do rozm\u00f3w z ksi\u0119dzem jest coraz wi\u0119cej i dzisiaj \u017caden ksi\u0105dz nie mo\u017ce od nich ucieka\u0107, ale - wprost przeciwnie - podejmowa\u0107 nowe wyzwania. To przekonanie sk\u0142oni\u0142o mnie do pr\u00f3by otwarcia tego\u017c bloga, chocia\u017c okazji do rozm\u00f3w na co dzie\u0144 - w konfesjonale i poza nim - na szcz\u0119\u015bcie nie brakuje. My\u015bl\u0119 jednak, \u017ce ten blog b\u0119dzie jeszcze jednym sposobem i przestrzeni\u0105 nawi\u0105zania kontaktu z lud\u017ami dobrej woli, otwartymi na dialog.\",\"url\":\"https:\/\/gaudiumetspes-blog.pl\/index.php\/author\/ks-jacek\/\"}]}<\/script>\n<!-- \/ Yoast SEO plugin. -->","yoast_head_json":{"title":"Moja wiara - nie tylko dla mnie! - Gaudium Et Spes","robots":{"index":"index","follow":"follow","max-snippet":"max-snippet:-1","max-image-preview":"max-image-preview:large","max-video-preview":"max-video-preview:-1"},"canonical":"https:\/\/gaudiumetspes-blog.pl\/index.php\/2020\/09\/21\/moja-wiara-nie-tylko-dla-mnie\/","og_locale":"pl_PL","og_type":"article","og_title":"Moja wiara - nie tylko dla mnie! - Gaudium Et Spes","og_description":"Moi Drodzy, w dniu dzisiejszym spiesz\u0119 z najlepszymi \u017cyczeniami do Os\u00f3b, \u015bwi\u0119tuj\u0105cych swoje imieniny i urodziny. Imieniny, czyli \u015bwi\u0119to Patrona, prze\u017cywaj\u0105 dzi\u015b: \u25baOjciec Mateusz Fleiszerowicz \u2013 Franciszkanin, m\u00f3j Kolega ze studi\u00f3w prawa kanonicznego na KUL, Proboszcz Parafii w Nysie; \u25baMateusz Grzyb \u2013 za czas\u00f3w mojego wikariatu: Lektor w Parafii w \u017belechowie; \u25baMateusz Sitek \u2013 za [&hellip;]","og_url":"https:\/\/gaudiumetspes-blog.pl\/index.php\/2020\/09\/21\/moja-wiara-nie-tylko-dla-mnie\/","og_site_name":"Gaudium Et Spes","article_published_time":"2020-09-21T06:10:06+00:00","author":"Ks. Jacek","twitter_card":"summary_large_image","twitter_misc":{"Napisane przez":"Ks. Jacek","Szacowany czas czytania":"8 minut"},"schema":{"@context":"https:\/\/schema.org","@graph":[{"@type":"WebPage","@id":"https:\/\/gaudiumetspes-blog.pl\/index.php\/2020\/09\/21\/moja-wiara-nie-tylko-dla-mnie\/","url":"https:\/\/gaudiumetspes-blog.pl\/index.php\/2020\/09\/21\/moja-wiara-nie-tylko-dla-mnie\/","name":"Moja wiara - nie tylko dla mnie! - Gaudium Et Spes","isPartOf":{"@id":"https:\/\/gaudiumetspes-blog.pl\/#website"},"datePublished":"2020-09-21T06:10:06+00:00","author":{"@id":"https:\/\/gaudiumetspes-blog.pl\/#\/schema\/person\/1661982992b752dea8dff0d4ed845a65"},"breadcrumb":{"@id":"https:\/\/gaudiumetspes-blog.pl\/index.php\/2020\/09\/21\/moja-wiara-nie-tylko-dla-mnie\/#breadcrumb"},"inLanguage":"pl-PL","potentialAction":[{"@type":"ReadAction","target":["https:\/\/gaudiumetspes-blog.pl\/index.php\/2020\/09\/21\/moja-wiara-nie-tylko-dla-mnie\/"]}]},{"@type":"BreadcrumbList","@id":"https:\/\/gaudiumetspes-blog.pl\/index.php\/2020\/09\/21\/moja-wiara-nie-tylko-dla-mnie\/#breadcrumb","itemListElement":[{"@type":"ListItem","position":1,"name":"Strona g\u0142\u00f3wna","item":"https:\/\/gaudiumetspes-blog.pl\/"},{"@type":"ListItem","position":2,"name":"Moja wiara &#8211; nie&nbsp;tylko&nbsp;dla mnie!"}]},{"@type":"WebSite","@id":"https:\/\/gaudiumetspes-blog.pl\/#website","url":"https:\/\/gaudiumetspes-blog.pl\/","name":"Gaudium Et Spes","description":"Blog Ks. Jacka Ja\u015bkowskiego","potentialAction":[{"@type":"SearchAction","target":{"@type":"EntryPoint","urlTemplate":"https:\/\/gaudiumetspes-blog.pl\/?s={search_term_string}"},"query-input":{"@type":"PropertyValueSpecification","valueRequired":true,"valueName":"search_term_string"}}],"inLanguage":"pl-PL"},{"@type":"Person","@id":"https:\/\/gaudiumetspes-blog.pl\/#\/schema\/person\/1661982992b752dea8dff0d4ed845a65","name":"Ks. Jacek","image":{"@type":"ImageObject","inLanguage":"pl-PL","@id":"https:\/\/gaudiumetspes-blog.pl\/#\/schema\/person\/image\/","url":"https:\/\/gaudiumetspes-blog.pl\/wp-content\/uploads\/2019\/07\/avatar-JJ-150x150.jpg","contentUrl":"https:\/\/gaudiumetspes-blog.pl\/wp-content\/uploads\/2019\/07\/avatar-JJ-150x150.jpg","caption":"Ks. Jacek"},"description":"Witam serdecznie! K\u0142ania si\u0119 Ks. Jacek Ja\u015bkowski. Nie jestem ani kim\u015b wa\u017cnym, ani kim\u015b znanym. Jestem ksi\u0119dzem, kt\u00f3ry po prostu chce rozmawia\u0107. Codzienna kap\u0142a\u0144ska pos\u0142uga pokazuje mi, \u017ce temat\u00f3w do rozm\u00f3w z ksi\u0119dzem jest coraz wi\u0119cej i dzisiaj \u017caden ksi\u0105dz nie mo\u017ce od nich ucieka\u0107, ale - wprost przeciwnie - podejmowa\u0107 nowe wyzwania. To przekonanie sk\u0142oni\u0142o mnie do pr\u00f3by otwarcia tego\u017c bloga, chocia\u017c okazji do rozm\u00f3w na co dzie\u0144 - w konfesjonale i poza nim - na szcz\u0119\u015bcie nie brakuje. My\u015bl\u0119 jednak, \u017ce ten blog b\u0119dzie jeszcze jednym sposobem i przestrzeni\u0105 nawi\u0105zania kontaktu z lud\u017ami dobrej woli, otwartymi na dialog.","url":"https:\/\/gaudiumetspes-blog.pl\/index.php\/author\/ks-jacek\/"}]}},"jetpack_featured_media_url":"","jetpack_sharing_enabled":true,"_links":{"self":[{"href":"https:\/\/gaudiumetspes-blog.pl\/index.php\/wp-json\/wp\/v2\/posts\/17934","targetHints":{"allow":["GET"]}}],"collection":[{"href":"https:\/\/gaudiumetspes-blog.pl\/index.php\/wp-json\/wp\/v2\/posts"}],"about":[{"href":"https:\/\/gaudiumetspes-blog.pl\/index.php\/wp-json\/wp\/v2\/types\/post"}],"author":[{"embeddable":true,"href":"https:\/\/gaudiumetspes-blog.pl\/index.php\/wp-json\/wp\/v2\/users\/1"}],"replies":[{"embeddable":true,"href":"https:\/\/gaudiumetspes-blog.pl\/index.php\/wp-json\/wp\/v2\/comments?post=17934"}],"version-history":[{"count":1,"href":"https:\/\/gaudiumetspes-blog.pl\/index.php\/wp-json\/wp\/v2\/posts\/17934\/revisions"}],"predecessor-version":[{"id":17935,"href":"https:\/\/gaudiumetspes-blog.pl\/index.php\/wp-json\/wp\/v2\/posts\/17934\/revisions\/17935"}],"wp:attachment":[{"href":"https:\/\/gaudiumetspes-blog.pl\/index.php\/wp-json\/wp\/v2\/media?parent=17934"}],"wp:term":[{"taxonomy":"category","embeddable":true,"href":"https:\/\/gaudiumetspes-blog.pl\/index.php\/wp-json\/wp\/v2\/categories?post=17934"},{"taxonomy":"post_tag","embeddable":true,"href":"https:\/\/gaudiumetspes-blog.pl\/index.php\/wp-json\/wp\/v2\/tags?post=17934"}],"curies":[{"name":"wp","href":"https:\/\/api.w.org\/{rel}","templated":true}]}}