{"id":17988,"date":"2020-09-27T06:31:54","date_gmt":"2020-09-27T04:31:54","guid":{"rendered":"https:\/\/gaudiumetspes-blog.pl\/?p=17988"},"modified":"2020-09-27T06:31:54","modified_gmt":"2020-09-27T04:31:54","slug":"przyjawszy-postac-slugi","status":"publish","type":"post","link":"https:\/\/gaudiumetspes-blog.pl\/index.php\/2020\/09\/27\/przyjawszy-postac-slugi\/","title":{"rendered":"Przyj\u0105wszy posta\u0107 s\u0142ugi&#8230;"},"content":{"rendered":"<p align=\"justify\"><span style=\"color: #000000;\"><span style=\"font-family: Book Antiqua, serif;\"><span style=\"font-size: large;\">Niech b\u0119dzie pochwalony Jezus Chrystus! Moi Drodzy, wczorajsze s\u0142\u00f3wko uda\u0142o si\u0119 zamie\u015bci\u0107 jeszcze wczoraj \u2013 po ca\u0142ym dniu r\u00f3\u017cnych pr\u00f3b i wysi\u0142k\u00f3w, aby to uczyni\u0107. Wyja\u015bniam tam we wst\u0119pie, co si\u0119 sta\u0142o. W tych dniach podejmiemy dzia\u0142ania, aby problem definitywnie rozwi\u0105za\u0107, mo\u017ce jednak zdarzy\u0107 si\u0119 jeszcze w najbli\u017cszym czasie takie op\u00f3\u017anienie, dlatego prosz\u0119 o cierpliwo\u015b\u0107.<\/span><\/span><\/span><\/p>\n<p align=\"justify\"><span style=\"color: #000000;\"><span style=\"font-family: Book Antiqua, serif;\"><span style=\"font-size: large;\">A jednocze\u015bnie bardzo dzi\u0119kuj\u0119 za wiele sygna\u0142\u00f3w Waszego oczekiwania, a nawet troski o to, czy mi osobi\u015bcie nic si\u0119 nie sta\u0142o, skoro nie ma rozwa\u017cania. Dzi\u0119ki Bogu, to jedynie kwestie techniczne. Bo s\u0142owo by\u0142o przygotowane od samego rana. Macie wi\u0119c dzisiaj, moi Drodzy, podw\u00f3jn\u0105 lektur\u0119: wczorajsz\u0105 i dzisiejsz\u0105.<\/span><\/span><\/span><\/p>\n<p align=\"justify\"><span style=\"color: #000000;\"><span style=\"font-family: Book Antiqua, serif;\"><span style=\"font-size: large;\">Przy okazji, dzi\u0119kuj\u0119 tak\u017ce Ksi\u0119dzu Markowi, kt\u00f3ry w\u0142\u0105czy\u0142 si\u0119 w \u201eakcj\u0119 ratunkow\u0105\u201d.<\/span><\/span><\/span><\/p>\n<p align=\"justify\"><span style=\"color: #000000;\"><span style=\"font-family: Book Antiqua, serif;\"><span style=\"font-size: large;\">A oto dzisiaj <b>rocznic\u0119 \u015blubu prze\u017cywaj\u0105 Agnieszka i Piotr Nowiccy, czyli m\u00f3j Brat cioteczny i Jego \u017bona.<\/b><\/span><\/span><\/span><\/p>\n<p align=\"justify\"><span style=\"color: #000000;\"><span style=\"font-family: Book Antiqua, serif;\"><span style=\"font-size: large;\"><b>Urodziny za\u015b \u2013 pierwsze \u2013 prze\u017cywa Jan Niedzia\u0142kowski, Syn Agnieszki (Siwej) i Mariusza. Na zdj\u0119ciach, kt\u00f3re na bie\u017c\u0105co Agnieszka mi przysy\u0142a, wida\u0107 wyra\u017anie, jaki ro\u015bnie z Niego m\u0119\u017cczyzna! Niech b\u0119dzie wielk\u0105 rado\u015bci\u0105 Boga, swoich Rodzic\u00f3w i nas wszystkich, kt\u00f3rzy Go znamy!<\/b><\/span><\/span><\/span><\/p>\n<p align=\"justify\"><span style=\"color: #000000;\"><span style=\"font-family: Book Antiqua, serif;\"><span style=\"font-size: large;\"><b>\u017bycz\u0119 Wszystkim \u015bwi\u0119tuj\u0105cym by na wz\u00f3r Jezusa Chrystusa \u2013 o czym wi\u0119cej w rozwa\u017caniu \u2013 kszta\u0142towali w sobie postaw\u0119 s\u0142u\u017cby wobec Boga i drugiego cz\u0142owieka. Zapewniam o modlitwie!<\/b><\/span><\/span><\/span><\/p>\n<p align=\"justify\"><span style=\"color: #000000;\"><span style=\"font-family: Book Antiqua, serif;\"><span style=\"font-size: large;\">A teraz zapraszam do pochylenia si\u0119 nad dzisiejszym \u2013 i wczorajszym \u2013 Bo\u017cym s\u0142owem, aby odpowiedzie\u0107 sobie na pytanie: <b>Co przez to S\u0142owo konkretnie m\u00f3wi do mnie Pan?<\/b><\/span><\/span><\/span><\/p>\n<p align=\"justify\"><span style=\"color: #000000;\"><span style=\"font-family: Book Antiqua, serif;\"><span style=\"font-size: large;\"><b>Niech Was b\u0142ogos\u0142awi B\u00f3g Wszechmog\u0105cy: Ojciec + i Syn, i Duch \u015awi\u0119ty. Amen<\/b><\/span><\/span><\/span><\/p>\n<p align=\"center\"><span style=\"color: #000000;\"><span style=\"font-family: Book Antiqua, serif;\"><span style=\"font-size: large;\">Gaudium et spes! Ks. Jacek<\/span><\/span><\/span><\/p>\n<p align=\"center\">\n<p align=\"center\">\n<p align=\"center\">\n<p align=\"center\">\n<p align=\"center\">\n<p><span style=\"color: #000000;\"><span style=\"font-family: Book Antiqua, serif;\"><span style=\"font-size: large;\"><b>26 Niedziela zwyk\u0142a, A,<\/b><\/span><\/span><\/span><\/p>\n<p><span style=\"color: #000000;\"><span style=\"font-family: Book Antiqua, serif;\"><span style=\"font-size: large;\"><b>27 wrze\u015bnia 2020.,<\/b><\/span><\/span><\/span><\/p>\n<p><span style=\"color: #000000;\"><span style=\"font-family: Book Antiqua, serif;\"><span style=\"font-size: large;\"><b>do czyta\u0144: Ez 18,25\u201328; Flp 2,1\u201311; Mt 21,28\u201332<\/b><\/span><\/span><\/span><\/p>\n<p>&nbsp;<\/p>\n<p>&nbsp;<\/p>\n<p>&nbsp;<\/p>\n<p>&nbsp;<\/p>\n<p>&nbsp;<\/p>\n<p align=\"justify\"><span style=\"color: #000000;\"><span style=\"font-family: Book Antiqua, serif;\"><span style=\"font-size: large;\"><b>CZYTANIE Z KSI\u0118GI PROROKA EZECHIELA: <\/b><\/span><\/span><\/span><\/p>\n<p align=\"justify\"><span style=\"color: #000000;\"><span style=\"font-family: Book Antiqua, serif;\"><span style=\"font-size: large;\"><b>To m\u00f3wi Pan B\u00f3g: Wy m\u00f3wicie: \u201eSpos\u00f3b post\u0119powania Pana nie jest s\u0142uszny\u201d. S\u0142uchaj jednak\u017ce, domu Izraela: Czy m\u00f3j spos\u00f3b post\u0119powania jest nies\u0142uszny, czy raczej wasze post\u0119powanie jest przewrotne? Je\u015bli sprawiedliwy odst\u0105pi\u0142 od sprawiedliwo\u015bci, dopuszcza\u0142 si\u0119 grzechu i umar\u0142, to umar\u0142 z powodu grzech\u00f3w, kt\u00f3re pope\u0142ni\u0142. <\/b><\/span><\/span><\/span><\/p>\n<p align=\"justify\"><span style=\"color: #000000;\"><span style=\"font-family: Book Antiqua, serif;\"><span style=\"font-size: large;\"><b>A je\u015bli bezbo\u017cny odst\u0105pi od bezbo\u017cno\u015bci, kt\u00f3rej si\u0119 oddawa\u0142, i post\u0119puje wed\u0142ug prawa i sprawiedliwo\u015bci, to zachowa dusz\u0119 swoj\u0105 przy \u017cyciu. Zastanowi\u0142 si\u0119 i odst\u0105pi\u0142 od wszystkich swoich grzech\u00f3w, kt\u00f3re pope\u0142nia\u0142, i dlatego na pewno \u017cy\u0107 b\u0119dzie, a nie umrze.<\/b><\/span><\/span><\/span><\/p>\n<p align=\"justify\">\n<p align=\"justify\">\n<p align=\"justify\">\n<p align=\"justify\">\n<p align=\"justify\">\n<p align=\"justify\"><span style=\"color: #000000;\"><span style=\"font-family: Book Antiqua, serif;\"><span style=\"font-size: large;\"><b>CZYTANIE Z LISTU \u015aWI\u0118TEGO PAW\u0141A APOSTO\u0141A DO FILIPIAN: <\/b><\/span><\/span><\/span><\/p>\n<p align=\"justify\"><span style=\"color: #000000;\"><span style=\"font-family: Book Antiqua, serif;\"><span style=\"font-size: large;\"><b>Bracia: Je\u015bli jest jakie\u015b napomnienie w Chrystusie, je\u015bli jaka\u015b moc przekonuj\u0105ca Mi\u0142o\u015bci, je\u015bli jaki\u015b udzia\u0142 w Duchu, je\u015bli jakie\u015b serdeczne wsp\u00f3\u0142czucie, dope\u0142nijcie mojej rado\u015bci przez to, \u017ce b\u0119dziecie mieli te same d\u0105\u017cenia: t\u0119 sam\u0105 mi\u0142o\u015b\u0107 i wsp\u00f3lnego ducha, pragn\u0105c tylko jednego, a niczego nie pragn\u0105c dla niew\u0142a\u015bciwego wsp\u00f3\u0142zawodnictwa ani dla pr\u00f3\u017cnej chwa\u0142y, lecz w pokorze oceniaj\u0105c jedni drugich za wy\u017cej stoj\u0105cych od siebie. Niech ka\u017cdy ma na oku nie tylko swoje w\u0142asne sprawy, ale te\u017c i drugich. <\/b><\/span><\/span><\/span><\/p>\n<p align=\"justify\"><span style=\"color: #000000;\"><span style=\"font-family: Book Antiqua, serif;\"><span style=\"font-size: large;\"><b>Niech was o\u017cywia to d\u0105\u017cenie, kt\u00f3re by\u0142o w Chrystusie Jezusie. <\/b><\/span><\/span><\/span><\/p>\n<p align=\"justify\"><span style=\"color: #000000;\"><span style=\"font-family: Book Antiqua, serif;\"><span style=\"font-size: large;\"><b>On, istniej\u0105c w postaci Bo\u017cej, <\/b><\/span><\/span><\/span><\/p>\n<p align=\"justify\"><span style=\"color: #000000;\"><span style=\"font-family: Book Antiqua, serif;\"><span style=\"font-size: large;\"><b>nie skorzysta\u0142 ze sposobno\u015bci, <\/b><\/span><\/span><\/span><\/p>\n<p align=\"justify\"><span style=\"color: #000000;\"><span style=\"font-family: Book Antiqua, serif;\"><span style=\"font-size: large;\"><b>aby na r\u00f3wni by\u0107 z Bogiem, <\/b><\/span><\/span><\/span><\/p>\n<p align=\"justify\"><span style=\"color: #000000;\"><span style=\"font-family: Book Antiqua, serif;\"><span style=\"font-size: large;\"><b>lecz ogo\u0142oci\u0142 samego siebie, <\/b><\/span><\/span><\/span><\/p>\n<p align=\"justify\"><span style=\"color: #000000;\"><span style=\"font-family: Book Antiqua, serif;\"><span style=\"font-size: large;\"><b>przyj\u0105wszy posta\u0107 s\u0142ugi, <\/b><\/span><\/span><\/span><\/p>\n<p align=\"justify\"><span style=\"color: #000000;\"><span style=\"font-family: Book Antiqua, serif;\"><span style=\"font-size: large;\"><b>stawszy si\u0119 podobnym do ludzi. <\/b><\/span><\/span><\/span><\/p>\n<p align=\"justify\"><span style=\"color: #000000;\"><span style=\"font-family: Book Antiqua, serif;\"><span style=\"font-size: large;\"><b>A w tym, co zewn\u0119trzne, uznany za cz\u0142owieka, <\/b><\/span><\/span><\/span><\/p>\n<p align=\"justify\"><span style=\"color: #000000;\"><span style=\"font-family: Book Antiqua, serif;\"><span style=\"font-size: large;\"><b>uni\u017cy\u0142 samego siebie, <\/b><\/span><\/span><\/span><\/p>\n<p align=\"justify\"><span style=\"color: #000000;\"><span style=\"font-family: Book Antiqua, serif;\"><span style=\"font-size: large;\"><b>stawszy si\u0119 pos\u0142usznym a\u017c do \u015bmierci, <\/b><\/span><\/span><\/span><\/p>\n<p align=\"justify\"><span style=\"color: #000000;\"><span style=\"font-family: Book Antiqua, serif;\"><span style=\"font-size: large;\"><b>i to \u015bmierci krzy\u017cowej. <\/b><\/span><\/span><\/span><\/p>\n<p align=\"justify\"><span style=\"color: #000000;\"><span style=\"font-family: Book Antiqua, serif;\"><span style=\"font-size: large;\"><b>Dlatego te\u017c B\u00f3g wywy\u017cszy\u0142 Go nad wszystko <\/b><\/span><\/span><\/span><\/p>\n<p align=\"justify\"><span style=\"color: #000000;\"><span style=\"font-family: Book Antiqua, serif;\"><span style=\"font-size: large;\"><b>i darowa\u0142 Mu imi\u0119 <\/b><\/span><\/span><\/span><\/p>\n<p align=\"justify\"><span style=\"color: #000000;\"><span style=\"font-family: Book Antiqua, serif;\"><span style=\"font-size: large;\"><b>ponad wszelkie imi\u0119, <\/b><\/span><\/span><\/span><\/p>\n<p align=\"justify\"><span style=\"color: #000000;\"><span style=\"font-family: Book Antiqua, serif;\"><span style=\"font-size: large;\"><b>aby na imi\u0119 Jezusa <\/b><\/span><\/span><\/span><\/p>\n<p align=\"justify\"><span style=\"color: #000000;\"><span style=\"font-family: Book Antiqua, serif;\"><span style=\"font-size: large;\"><b>zgi\u0119\u0142o si\u0119 ka\u017cde kolano <\/b><\/span><\/span><\/span><\/p>\n<p align=\"justify\"><span style=\"color: #000000;\"><span style=\"font-family: Book Antiqua, serif;\"><span style=\"font-size: large;\"><b>istot niebieskich i ziemskich, i podziemnych, <\/b><\/span><\/span><\/span><\/p>\n<p align=\"justify\"><span style=\"color: #000000;\"><span style=\"font-family: Book Antiqua, serif;\"><span style=\"font-size: large;\"><b>i aby wszelki j\u0119zyk wyzna\u0142, <\/b><\/span><\/span><\/span><\/p>\n<p align=\"justify\"><span style=\"color: #000000;\"><span style=\"font-family: Book Antiqua, serif;\"><span style=\"font-size: large;\"><b>\u017ce Jezus Chrystus jest Panem, <\/b><\/span><\/span><\/span><\/p>\n<p align=\"justify\"><span style=\"color: #000000;\"><span style=\"font-family: Book Antiqua, serif;\"><span style=\"font-size: large;\"><b>ku chwale Boga Ojca.<\/b><\/span><\/span><\/span><\/p>\n<p align=\"justify\">\n<p align=\"justify\">\n<p align=\"justify\">\n<p align=\"justify\">\n<p align=\"justify\">\n<p align=\"justify\"><span style=\"color: #000000;\"><span style=\"font-family: Book Antiqua, serif;\"><span style=\"font-size: large;\"><b>S\u0141OWA EWANGELII WED\u0141UG \u015aWI\u0118TEGO MATEUSZA: <\/b><\/span><\/span><\/span><\/p>\n<p align=\"justify\"><span style=\"color: #000000;\"><span style=\"font-family: Book Antiqua, serif;\"><span style=\"font-size: large;\"><b>Jezus powiedzia\u0142 do arcykap\u0142an\u00f3w i starszych ludu: \u201eCo my\u015blicie? Pewien cz\u0142owiek mia\u0142 dw\u00f3ch syn\u00f3w. Zwr\u00f3ci\u0142 si\u0119 do pierwszego i rzek\u0142: \u00abDziecko, id\u017a dzisiaj i pracuj w winnicy\u00bb. Ten odpowiedzia\u0142: \u00abId\u0119, panie\u00bb, lecz nie poszed\u0142. Zwr\u00f3ci\u0142 si\u0119 do drugiego i to samo powiedzia\u0142. Ten odpar\u0142: \u00abNie chc\u0119\u00bb. P\u00f3\u017aniej jednak opami\u0119ta\u0142 si\u0119 i poszed\u0142. Kt\u00f3ry\u017c z tych dw\u00f3ch spe\u0142ni\u0142 wol\u0119 ojca?\u201d <\/b><\/span><\/span><\/span><\/p>\n<p align=\"justify\"><span style=\"color: #000000;\"><span style=\"font-family: Book Antiqua, serif;\"><span style=\"font-size: large;\"><b>M\u00f3wi\u0105 Mu: \u201eTen drugi\u201d. <\/b><\/span><\/span><\/span><\/p>\n<p align=\"justify\"><span style=\"color: #000000;\"><span style=\"font-family: Book Antiqua, serif;\"><span style=\"font-size: large;\"><b>Wtedy Jezus rzek\u0142 do nich: \u201eZaprawd\u0119 powiadam wam: Celnicy i nierz\u0105dnice wchodz\u0105 przed wami do kr\u00f3lestwa niebieskiego. Przyszed\u0142 bowiem do was Jan drog\u0105 sprawiedliwo\u015bci, a wy\u015bcie mu nie uwierzyli. Celnicy za\u015b i nierz\u0105dnice uwierzyli mu. Wy patrzyli\u015bcie na to, ale nawet p\u00f3\u017aniej nie opami\u0119tali\u015bcie si\u0119, \u017ceby mu uwierzy\u0107\u201d.<\/b><\/span><\/span><\/span><\/p>\n<p align=\"justify\">\n<p align=\"justify\">\n<p align=\"justify\">\n<p align=\"justify\">\n<p align=\"justify\">\n<p align=\"justify\"><span style=\"color: #000000;\"><span style=\"font-family: Book Antiqua, serif;\"><span style=\"font-size: large;\">Czy nie jest to zastanawiaj\u0105ce, dlaczego nar\u00f3d wybrany uwa\u017ca\u0142, \u017ce <i><b>spos\u00f3b post\u0119powania Pana nie jest s\u0142uszny<\/b><\/i><b> \u2013 <\/b>w sytuacji, w kt\u00f3rej B\u00f3g dokonywa\u0142 takich rozstrzygni\u0119\u0107 jak te, o kt\u00f3rych s\u0142yszeli\u015bmy w pierwszym czytaniu? A by\u0142y to rozstrzygni\u0119cia \u2013 trzeba przyzna\u0107 \u2013 do\u015b\u0107 radykalne i jednoznaczne: <i><b>Je\u015bli sprawiedliwy odst\u0105pi\u0142 od sprawiedliwo\u015bci, dopuszcza\u0142 si\u0119 grzechu i umar\u0142, to umar\u0142 z powodu grzech\u00f3w, kt\u00f3re pope\u0142ni\u0142. A je\u015bli bezbo\u017cny odst\u0105pi od bezbo\u017cno\u015bci, kt\u00f3rej si\u0119 oddawa\u0142, i post\u0119puje wed\u0142ug prawa i sprawiedliwo\u015bci, to zachowa dusz\u0119 swoj\u0105 przy \u017cyciu. Zastanowi\u0142 si\u0119 i odst\u0105pi\u0142 od wszystkich swoich grzech\u00f3w, kt\u00f3re pope\u0142nia\u0142, i dlatego na pewno \u017cy\u0107 b\u0119dzie, a nie umrze. <\/b><\/i><\/span><\/span><\/span><\/p>\n<p align=\"justify\"><span style=\"color: #000000;\"><span style=\"font-family: Book Antiqua, serif;\"><span style=\"font-size: large;\">Je\u017celi taki spos\u00f3b post\u0119powania Pana, taki spos\u00f3b rozs\u0105dzania przez Niego ludzkich postaw jest \u2013 zdaniem Izraelit\u00f3w \u2013 nies\u0142uszny, <b>to jaki mia\u0142by by\u0107 ten s\u0142uszny?<\/b> Mo\u017ce taki, \u017ce cz\u0142owiek, kt\u00f3ry kiedy\u015b by\u0142 sprawiedliwy i dawno przesta\u0142 nim by\u0107, dalej korzysta z jakiej\u015b <b>uprzywilejowanej pozycji <\/b>\u2013 bo przecie\u017c by\u0142 sprawiedliwy, wi\u0119c trzeba go niemal na r\u0119kach nosi\u0107. To nic, \u017ce ju\u017c dawno odszed\u0142 od sprawiedliwo\u015bci, zszed\u0142 na z\u0142e drogi. Ale <b>kiedy\u015b tam by\u0142 sprawiedliwy,<\/b> modli\u0142 si\u0119, szanowa\u0142 Boga\u2026 Czy\u017c to wszystko si\u0119 nie liczy? <\/span><\/span><\/span><\/p>\n<p align=\"justify\"><span style=\"color: #000000;\"><span style=\"font-family: Book Antiqua, serif;\"><span style=\"font-size: large;\">A ten drugi \u2013 dla odmiany \u2013 \u0142otr sko\u0144czony, co to <b>tyle z\u0142ego uczyni\u0142, <\/b>a drugie tyle z\u0142ego powiedzia\u0142, a teraz nagle <b>niby to si\u0119 nawr\u00f3ci\u0142 <\/b>i \u015bwi\u0119toszka udaje, zaraz ma by\u0107 przez Boga nagradzany? Przecie\u017c wszyscy wiedz\u0105, jaki on by\u0142 w przesz\u0142o\u015bci, niez\u0142e z niego \u201ezi\u00f3\u0142ko\u201d, niech teraz <b>nie udaje takiego pobo\u017cnego!<\/b> <\/span><\/span><\/span><\/p>\n<p align=\"justify\"><span style=\"color: #000000;\"><span style=\"font-family: Book Antiqua, serif;\"><span style=\"font-size: large;\">Moi Drodzy, czy gdyby B\u00f3g uwzgl\u0119dnia\u0142 takie \u2013 mnie wi\u0119cej \u2013 opinie swego narodu, w\u00f3wczas <b>doczeka\u0142by si\u0119 pochwa\u0142y<\/b> za to, \u017ce sprawiedliwie rozstrzyga? I gdyby B\u00f3g uwzgl\u0119dnia\u0142 takie <b>nasz<\/b><b>e<\/b><b> opini<\/b><b>e<\/b><b>,<\/b> kt\u00f3rych tyle wypowiedzieli\u015bmy i ci\u0105gle wypowiadamy na temat r\u00f3\u017cnych ludzi z naszego otoczenia \u2013 w\u00f3wczas <b>uznaliby\u015bmy, \u017ce jest sprawiedliwy?<\/b> <\/span><\/span><\/span><\/p>\n<p align=\"justify\"><span style=\"color: #000000;\"><span style=\"font-family: Book Antiqua, serif;\"><span style=\"font-size: large;\">Kiedy jednak ocenia i rozstrzyga \u201enie po naszemu\u201d, to znaczy, \u017ce On ju\u017c <b>jaki\u015b \u201enie nasz\u201d, <\/b>\u017ce <b>zbyt odleg\u0142y<\/b> i w zale\u017cno\u015bci: albo zbyt uleg\u0142y, albo zbyt surowy?\u2026 <b>Zbyt uleg\u0142y<\/b> dla tych, co to si\u0119 tak bardzo pono\u0107 nawr\u00f3cili, a <b>zbyt surowy<\/b> dla tych, kt\u00f3rzy przecie\u017c za sprawiedliwych powszechnie s\u0105 uznawani \u2013 przede wszystkim: sami siebie za takich uwa\u017caj\u0105 \u2013 a oto <b>B\u00f3g czepia si\u0119 ich,<\/b> nie wiedzie\u0107, z jakiego powodu?\u2026 <\/span><\/span><\/span><\/p>\n<p align=\"justify\"><span style=\"color: #000000;\"><span style=\"font-family: Book Antiqua, serif;\"><span style=\"font-size: large;\">Czy gdyby B\u00f3g <b>\u201epo naszemu\u201d te sprawy rozstrzyga\u0142 <\/b>i nagradza\u0142 zbawieniem tych, kt\u00f3rzy szczyc\u0105 si\u0119 powszechnym uznaniem w otoczeniu, piastuj\u0105 wysokie stanowiska, maj\u0105 <b>wp\u0142ywy tu i znajomo\u015bci tam <\/b>\u2013 a znowu posy\u0142a\u0142 na dno piek\u0142a tych, kt\u00f3rzy kiedy\u015b w \u017cyciu pob\u0142\u0105dzili i \u201ena pewno\u201d <b>ich nawr\u00f3cenie jest fa\u0142szywe <\/b>i jest \u201ena pewno\u201d gr\u0105 pozor\u00f3w, dzia\u0142aniem na pokaz, na zdobycie uznania: czy wtedy <b>lepiej by si\u0119 nam Boga s\u0142ucha\u0142o? <\/b><\/span><\/span><\/span><\/p>\n<p align=\"justify\"><span style=\"color: #000000;\"><span style=\"font-family: Book Antiqua, serif;\"><span style=\"font-size: large;\">Oczywi\u015bcie, doprecyzujmy, bo to konieczne: m\u00f3wimy o tych, kt\u00f3rzy <b>naprawd\u0119 si\u0119 nawr\u00f3cili<\/b> ze z\u0142ego post\u0119powania. Nie udaj\u0105, ale si\u0119 szczerze nawr\u00f3cili. Bo ci, kt\u00f3rzy <b>faktycznie jedynie udaj\u0105,<\/b> \u017ceby \u2013 na przyk\u0142ad \u2013 zdoby\u0107 g\u0142osy wyborc\u00f3w, albo inne korzy\u015bci, to po prostu nadal tkwi\u0105 po uszy w z\u0142u i <b>o \u017cadnym nawr\u00f3ceniu <\/b>nie ma u nich mowy. Nawr\u00f3cenie na pokaz \u2013 to <b>kpina z Pana Boga,<\/b> a nie \u017cadne nawr\u00f3cenie. <\/span><\/span><\/span><\/p>\n<p align=\"justify\"><span style=\"color: #000000;\"><span style=\"font-family: Book Antiqua, serif;\"><span style=\"font-size: large;\">Dzisiaj jednak m\u00f3wimy o takich, kt\u00f3rzy naprawd\u0119 zeszli ze z\u0142ej drogi <b>i weszli na t\u0119 w\u0142a\u015bciw\u0105, <\/b>Bo\u017c\u0105 drog\u0119. I c\u00f3\u017c? Powiemy, \u017ce to niemo\u017cliwe? \u017be <b>stary \u201epartyjniak\u201d<\/b> nie mo\u017ce szczerze si\u0119 modli\u0107, nale\u017c\u0105c nawet do k\u00f3\u0142ka r\u00f3\u017ca\u0144cowego? I \u017ce ten stary komuch, milicjant za czas\u00f3w poprzedniego ustroju \u2013 <b>nie ma \u017cadnych szans, <\/b>\u017ceby teraz naprawd\u0119 g\u0142\u0119boko i pobo\u017cnie prze\u017cywa\u0107 Msz\u0119 \u015awi\u0119t\u0105? <\/span><\/span><\/span><\/p>\n<p align=\"justify\"><span style=\"color: #000000;\"><span style=\"font-family: Book Antiqua, serif;\"><span style=\"font-size: large;\">A znowu ten z\u0142odziej i w\u0142amywacz, co to po latach wyszed\u0142 z wi\u0119zienia \u2013 <b>nie ma szans na uczciwe \u017cycie, <\/b>na uczciw\u0105 prac\u0119, bo\u2026 kto go tam wie, czy mu si\u0119 co\u015b do r\u0119ki znowu nie \u201eprzyklei\u201d?\u2026 Jak ju\u017c kto\u015b raz si\u0119 czym\u015b takim popisa\u0142, to pewnie i kolejny raz to samo zrobi\u2026 <\/span><\/span><\/span><\/p>\n<p align=\"justify\"><span style=\"color: #000000;\"><span style=\"font-family: Book Antiqua, serif;\"><span style=\"font-size: large;\">Moi Drodzy, czy nie zdarzy\u0142o nam si\u0119 nigdy <b>w taki spos\u00f3b wypowiada\u0107, <\/b>albo przynajmniej s\u0142ysze\u0107 takie wypowiedzi w swoim otoczeniu? Czy nie jest tak, \u017ce jak komu\u015b \u2013 z racji tytu\u0142\u00f3w przed nazwiskiem, czy zajmowanych stanowisk, czy posiadanego maj\u0105tku lub szerokich znajomo\u015bci (tak\u017ce znajomo\u015bci w\u015br\u00f3d ksi\u0119\u017cy) \u2013 <b>przys\u0142uguje opinia,<\/b> \u017ce to wa\u017cny cz\u0142owiek i du\u017co mo\u017ce, du\u017co znaczy, to jako\u015b tak pod\u015bwiadomie my\u015blimy, \u017ce on nale\u017cy do tej \u201elepszej cz\u0119\u015bci \u015bwiata\u201d i pewnie <b>Pan B\u00f3g te\u017c musi si\u0119 z nim bardziej liczy\u0107, <\/b>ni\u017c z tym \u0142otrem sko\u0144czonym, co to w wi\u0119zieniu wyrok odsiedzia\u0142, i tyle z\u0142a narobi\u0142, wi\u0119c teraz ju\u017c ma \u0142atk\u0119 przyklejon\u0105 i nigdy si\u0119 jej nie pozb\u0119dzie? Czy nie zdarza si\u0119 nam <b>tak warto\u015bciowa\u0107 ludzi,<\/b> jednych uwa\u017caj\u0105c za osoby absolutnie pozytywne, a innych \u2013 za totalnie przegranych? <\/span><\/span><\/span><\/p>\n<p align=\"justify\"><span style=\"color: #000000;\"><span style=\"font-family: Book Antiqua, serif;\"><span style=\"font-size: large;\">Na szcz\u0119\u015bcie, <b>B\u00f3g tak nie patrzy! Na szcz\u0119\u015bcie!<\/b> Bo On patrzy w serce cz\u0142owieka, widzi jego prawdziwe intencje i <b>docenia ka\u017cdy wysi\u0142ek,<\/b> jaki ten podejmuje w kierunku dobra, w kierunku zbawienia. I dlatego nawet je\u017celi by\u0142 to cz\u0142owiek bardzo grzeszny i wpl\u0105tany w r\u00f3\u017cne machlojki, w r\u00f3\u017cne ciemne sprawki, ale teraz <b>szczerze stara si\u0119<\/b> o w\u0142a\u015bciw\u0105 postaw\u0119 \u2013 <b>zostanie nagrodzony. <\/b><\/span><\/span><\/span><\/p>\n<p align=\"justify\"><span style=\"color: #000000;\"><span style=\"font-family: Book Antiqua, serif;\"><span style=\"font-size: large;\">Niestety, ten, kt\u00f3ry kiedy\u015b by\u0142 sprawiedliwy, ale teraz z tej sprawiedliwo\u015bci pozosta\u0142y jedynie wspomnienia, bo \u017cyje niegodnie, \u017cyje grzesznie, odszed\u0142 od tamtej sprawiedliwo\u015bci, a \u017cyje wbrew Bogu i na przek\u00f3r Bogu \u2013<b> taki umrze na wieki,<\/b> czyli zostanie pot\u0119piony. <\/span><\/span><\/span><\/p>\n<p align=\"justify\"><span style=\"color: #000000;\"><span style=\"font-family: Book Antiqua, serif;\"><span style=\"font-size: large;\">Moi Drodzy, pouczenie Bo\u017ce jest w tej kwestii bardzo jasne i Ko\u015bci\u00f3\u0142 ci\u0105gle tak w\u0142a\u015bnie naucza, \u017ce <b>moment \u015bmierci,<\/b> a wi\u0119c przej\u015bcia z tego \u015bwiata na S\u0105d Bo\u017cy, <b>utrwala na ca\u0142\u0105 wieczno\u015b\u0107 <\/b>ten stan cz\u0142owieka, w jakim go zastaje. <\/span><\/span><\/span><\/p>\n<p align=\"justify\"><span style=\"color: #000000;\"><span style=\"font-family: Book Antiqua, serif;\"><span style=\"font-size: large;\">Czyli, je\u017celi zastaje cz\u0142owieka <b>w stanie przyja\u017ani z Bogiem<\/b> \u2013 to ten stan b\u0119dzie trwa\u0142 przez ca\u0142\u0105 wieczno\u015b\u0107. Nawet, je\u017celi wcze\u015bniej cz\u0142owiek ten pope\u0142ni\u0142 wiele grzech\u00f3w i \u017cy\u0142 bardzo daleko od Boga, ale w chwili \u015bmierci zachowywa\u0142<b> stan \u0142aski u\u015bwi\u0119caj\u0105cej, <\/b>albo przynajmniej wykona\u0142 jaki\u015b <b>ma\u0142y, drobny, ale szczery<\/b> gest przeproszenia, \u017calu za grzechy, pragnienia blisko\u015bci Boga \u2013 to <b>uratuje swoj\u0105 wieczno\u015b\u0107! <\/b>Nawet, je\u017celi czeka go jeszcze czy\u015bciec, to jednak jest on ju\u017c <b>pewny zbawienia.<\/b> <\/span><\/span><\/span><\/p>\n<p align=\"justify\"><span style=\"color: #000000;\"><span style=\"font-family: Book Antiqua, serif;\"><span style=\"font-size: large;\">Je\u017celi jednak kto\u015b \u017cy\u0142 przez lata porz\u0105dnie i sprawiedliwie, ale w ko\u0144cu odszed\u0142 od Boga, odwr\u00f3ci\u0142 si\u0119 do Niego plecami, zerwa\u0142 z Nim przyja\u017a\u0144 \u2013 to \u015bmier\u0107 <b>przypiecz\u0119tuje <\/b><b>i ten<\/b><b> stan na ca\u0142\u0105 wieczno\u015b\u0107. <\/b><\/span><\/span><\/span><\/p>\n<p align=\"justify\"><span style=\"color: #000000;\"><span style=\"font-family: Book Antiqua, serif;\"><span style=\"font-size: large;\">Moi Drodzy, musimy o tym zawsze pami\u0119ta\u0107. <b>I przypomina\u0107 sobie o tym nawzajem! <\/b>Szczeg\u00f3lnie, je\u017celi jeste\u015bmy odpowiedzialni \u2013 z jakiegokolwiek tytu\u0142u \u2013 za wychowanie innych ludzi, za ich postaw\u0119, <b>za ich \u017cycie:<\/b> zar\u00f3wno to doczesne, jak i to wieczne. Przypominajmy o tym, przestrzegajmy przed z\u0142em, <b>zach\u0119cajmy do dobrego \u017cycia,<\/b> do przyja\u017ani z Bogiem, do sta\u0142ego stanu \u0142aski u\u015bwi\u0119caj\u0105cej! Pami\u0119tajmy, \u017ce B\u00f3g patrzy na nas <b>jako<\/b> <b>na osoby wolne, odpowiedzialne, <\/b>pracowite i aktywne, kt\u00f3re codziennie kszta\u0142tuj\u0105 \u2013 w taki, czy inny spos\u00f3b \u2013 swoje \u017cycie. <\/span><\/span><\/span><\/p>\n<p align=\"justify\"><span style=\"color: #000000;\"><span style=\"font-family: Book Antiqua, serif;\"><span style=\"font-size: large;\">My <b>nie jeste\u015bmy pomnikami ze spi\u017cu lub marmuru,<\/b> kt\u00f3re raz utrwalone, zachowuj\u0105 sw\u00f3j obraz na d\u0142ugie lata. Ka\u017cdy dzie\u0144, a nawet ka\u017cda godzina <b>przynosi jakie\u015b nasze my\u015bli, s\u0142owa,<\/b> dzia\u0142ania, konkretne wybory moralne \u2013 dobre i z\u0142e\u2026 Pan B\u00f3g przygl\u0105da si\u0119 im, s\u0142ucha naszych s\u0142\u00f3w, odnosi do siebie nasze post\u0119powanie. Ono ma dla Niego <b>naprawd\u0119 du\u017ce znaczenie,<\/b> bo ono w ko\u0144cu zadecyduje o tym, co si\u0119 z nami b\u0119dzie dzia\u0142o przez ca\u0142\u0105 wieczno\u015b\u0107. Oczywi\u015bcie, to B\u00f3g daje zbawienie, to \u0142aska Bo\u017ca sprawia w nas wszelkie dobro, ale przecie\u017c <b>my to wszystko mo\u017cemy odrzuci\u0107.<\/b> <\/span><\/span><\/span><\/p>\n<p align=\"justify\"><span style=\"color: #000000;\"><span style=\"font-family: Book Antiqua, serif;\"><span style=\"font-size: large;\">A wtedy i B\u00f3g \u2013 z ca\u0142\u0105 swoj\u0105 wszechmoc\u0105 \u2013 <b>oka\u017ce si\u0119 bezsilny,<\/b> bo do niczego nas nie zmusi. To nasza osobista decyzja ostatecznie rozstrzyga o tym, <b>czy przyjmujemy Bo\u017ce zaproszenia i Bo\u017ce propozycje,<\/b> czy je definitywnie odrzucamy. A B\u00f3g traktuje nas tak bardzo, ale to bardzo powa\u017cnie, \u017ce <b>liczy si\u0119 z naszymi decyzjami.<\/b> Szanuje je, przyjmuje do wiadomo\u015bci \u2013 tak\u017ce te, \u017ce Go odrzucamy, \u017ce od Niego odchodzimy\u2026 B\u00f3g szanuje nasze wybory. <b>Po to da\u0142 nam wolno\u015b\u0107,<\/b> aby\u015bmy sami \u2013 jak wolni, dojrzali ludzie \u2013 owych wybor\u00f3w dokonywali. <\/span><\/span><\/span><\/p>\n<p align=\"justify\"><span style=\"color: #000000;\"><span style=\"font-family: Book Antiqua, serif;\"><span style=\"font-size: large;\">Dlatego trzeba nam wzi\u0105\u0107 sobie mocno do serca s\u0142owa Jezusa z dzisiejszej Ewangelii i po raz kolejny u\u015bwiadomi\u0107 sobie, \u017ce te nasze decyzje <b>nie od razu musz\u0105 by\u0107 doskona\u0142e i trafne.<\/b> Podobnie, jak \u00f3w ewangeliczny ojciec, tak\u017ce B\u00f3g Ojciec <b>widzi i docenia wysi\u0142ek,<\/b> jaki wk\u0142adamy w to, \u017ceby si\u0119 prze\u0142ama\u0107, \u017ceby si\u0119 przem\u00f3c, \u017ceby pokona\u0107 w sobie wszelkie opory. <\/span><\/span><\/span><\/p>\n<p align=\"justify\"><span style=\"color: #000000;\"><span style=\"font-family: Book Antiqua, serif;\"><span style=\"font-size: large;\">Zobaczmy, ten syn, kt\u00f3ry pocz\u0105tkowo powiedzia\u0142, \u017ce nie p\u00f3jdzie pracowa\u0107 do winnicy, ostatecznie poszed\u0142. I <b>to on zosta\u0142 ukazany<\/b> dzi\u015b jako posta\u0107 pozytywna, a nie ten, kt\u00f3ry pi\u0119knie i ch\u0119tnie obieca\u0142, ale w ko\u0144cu do pracy nie poszed\u0142. <b>Na pierwsz<\/b><b>\u0105 my\u015bl<\/b><b>, <\/b>to w\u0142a\u015bnie tego drugiego byliby\u015bmy sk\u0142onni pochwali\u0107, bo przecie\u017c <b>tak wspaniale zaprezentowa\u0142 si\u0119 przed ojcem,<\/b> okaza\u0142 pos\u0142usze\u0144stwo jego woli, wyrazi\u0142 ch\u0119\u0107 spe\u0142nienia ojcowskiej pro\u015bby. <\/span><\/span><\/span><\/p>\n<p align=\"justify\"><span style=\"color: #000000;\"><span style=\"font-family: Book Antiqua, serif;\"><span style=\"font-size: large;\">A ten drugi \u2013 jaki\u015b taki gburowaty, zbuntowany, niegrzeczny, wr\u0119cz opryskliwy\u2026 Pierwsze wra\u017cenie jest w\u0142a\u015bnie takie. I my, ludzie, jeste\u015bmy sk\u0142onni w\u0142a\u015bnie po tym <b>pierwszym, albo zewn\u0119trznym wra\u017ceniu,<\/b> ocenia\u0107 innych ludzi. <\/span><\/span><\/span><\/p>\n<p align=\"justify\"><span style=\"color: #000000;\"><span style=\"font-family: Book Antiqua, serif;\"><span style=\"font-size: large;\">B\u00f3g jednak widzi wi\u0119cej, dalej, g\u0142\u0119biej\u2026 I dlatego Jezus m\u00f3wi dzi\u015b do tych, kt\u00f3rzy w sferze s\u0142\u00f3w i deklaracji, i \u015bwiadomo\u015bci swojego wybrania, byli naprawd\u0119 mistrzami, czyli do cz\u0142onk\u00f3w narodu wybranego: <i><b>Zaprawd\u0119 powiadam wam: Celnicy i nierz\u0105dnice wchodz\u0105 przed wami do kr\u00f3lestwa niebieskiego. Przyszed\u0142 bowiem do was Jan drog\u0105 sprawiedliwo\u015bci, a wy\u015bcie mu nie uwierzyli. Celnicy za\u015b i nierz\u0105dnice uwierzyli mu. Wy patrzyli\u015bcie na to, ale nawet p\u00f3\u017aniej nie opami\u0119tali\u015bcie si\u0119, \u017ceby mu uwierzy\u0107. <\/b><\/i><\/span><\/span><\/span><\/p>\n<p align=\"justify\"><span style=\"color: #000000;\"><span style=\"font-family: Book Antiqua, serif;\"><span style=\"font-size: large;\">Moi Drodzy, te s\u0142owa Jezus kieruje tak\u017ce do nas!<i><b> <\/b><\/i>Us\u0142yszmy jeszcze raz to zdanie: <i><b>Celnicy i nierz\u0105dnice wchodz\u0105 przed wami do kr\u00f3lestwa niebieskiego.<\/b><\/i><b> <\/b>A wi\u0119c ci, kt\u00f3rymi pobo\u017cni i prawowierni Izraelici pogardzali \u2013 to w\u0142a\u015bnie oni mieli uprzedzi\u0107 ich do kr\u00f3lestwa niebieskiego! <\/span><\/span><\/span><\/p>\n<p align=\"justify\"><span style=\"color: #000000;\"><span style=\"font-family: Book Antiqua, serif;\"><span style=\"font-size: large;\">Czy i nas nie uprzedz\u0105 do Kr\u00f3lestwa niebieskiego ci, kt\u00f3rymi my \u2013 mo\u017ce nawet nie wprost, ale po cichu \u2013 <b>niekiedy pogardzamy,<\/b> \u017ce tacy s\u0142abo wierz\u0105cy, albo i nie wierz\u0105cy; a kiedy\u015b to byli oni tacy a tacy i robili to i tamto. Czy przypadkiem nie oka\u017ce si\u0119, <b>to oni znajd\u0105 si\u0119 przed nami <\/b>w Kr\u00f3lestwie niebieskim, bo oni swoje \u017cycie zmienili i konkretnymi czynami potwierdzaj\u0105 swoj\u0105 wiar\u0119, a my \u2013 p\u00f3ki co \u2013 <b>tylko du\u017co o tym m\u00f3wimy <\/b>i du\u017co obiecujemy, ale na czyny i postawy to jeszcze \u201eb\u0119dzie czas\u201d?\u2026<\/span><\/span><\/span><\/p>\n<p align=\"justify\"><span style=\"color: #000000;\"><span style=\"font-family: Book Antiqua, serif;\"><span style=\"font-size: large;\">Oby tak si\u0119 nie sta\u0142o! Oby <b>nasze czyny potwierdza\u0142y nasz\u0105 wiar\u0119<\/b> i nasze obietnice. Oby\u015bmy ch\u0119tnie codziennie pracowali w Bo\u017cej Winnicy, a nie jedynie obiecywali, \u017ce do pracy ruszymy. Bo B\u00f3g <b>za czyny i postawy b\u0119dzie nas nagradza\u0142. <\/b>Nie za obietnice, kt\u00f3re pozosta\u0142y jedynie obietnicami. I nie za <b>dobre postanowienia<\/b> \u2013 nawet bardzo dobre i uroczyste \u2013 kt\u00f3re jednak nie doczeka\u0142y si\u0119 nigdy realizacji. I nie za odm\u00f3wione dziesi\u0105tki, a nawet setki <b>pacierzy i <\/b><b>R<\/b><b>\u00f3\u017ca\u0144c\u00f3w<\/b> \u2013 odm\u00f3wione dla samego odm\u00f3wienia, niejako na zaliczenie. <\/span><\/span><\/span><\/p>\n<p align=\"justify\"><span style=\"color: #000000;\"><span style=\"font-family: Book Antiqua, serif;\"><span style=\"font-size: large;\">I nie za <b>godziny wys\u0142uchane w Radiu Maryja<\/b> czy innej pobo\u017cnej rozg\u0142o\u015bni \u2013 jakby samo ich s\u0142uchanie mia\u0142o wszystko za\u0142atwi\u0107. I nie za <b>odbyte pielgrzymki<\/b> do wielu miejsc \u015bwi\u0119tych \u2013 traktowane bardziej jako religijna turystyka, ni\u017c pielgrzymowanie do Boga. I nie za <b>zdj\u0119cia z osobistych spotka\u0144 z Janem Paw\u0142em II,<\/b> kt\u00f3re w wielu domach wisz\u0105 na \u015bcianach i ciesz\u0105 oko, stanowi\u0105c okazj\u0119 do pochwalenia si\u0119 przed tymi, kt\u00f3rzy do domu przychodz\u0105. <\/span><\/span><\/span><\/p>\n<p align=\"justify\"><span style=\"color: #000000;\"><span style=\"font-family: Book Antiqua, serif;\"><span style=\"font-size: large;\">I jeszcze za wiele innych rzeczy, kt\u00f3re skrupulatnie spe\u0142niamy dla podkre\u015blenia,<b> jacy to my jeste\u015bmy sprawiedliwi <\/b>\u2013 nie b\u0119dziemy nagrodzeni. A za co b\u0119dziemy? <\/span><\/span><\/span><\/p>\n<p align=\"justify\"><span style=\"color: #000000;\"><span style=\"font-family: Book Antiqua, serif;\"><span style=\"font-size: large;\">A w\u0142a\u015bnie za t\u0119 \u201eprawdziw\u0105\u201d sprawiedliwo\u015b\u0107. Za to, \u017ce codziennie wype\u0142nia\u0107 b\u0119dziemy te Bo\u017ce s\u0142owa z pierwszego czytania: <i><b>Zastanowi\u0142 si\u0119 i odst\u0105pi\u0142 od wszystkich swoich grzech\u00f3w, kt\u00f3re pope\u0142nia\u0142\u2026<\/b><\/i><b> <\/b>Tylko nie m\u00f3wmy, \u017ce to nas nie dotyczy, \u017ce my nie mamy od czego odst\u0119powa\u0107, bo nie mamy grzech\u00f3w\u2026 <\/span><\/span><\/span><\/p>\n<p align=\"justify\"><span style=\"color: #000000;\"><span style=\"font-family: Book Antiqua, serif;\"><span style=\"font-size: large;\">I za to b\u0119dziemy nagrodzeni, \u017ce \u2013 mo\u017ce nawet pomimo wcze\u015bniejszych opor\u00f3w i bunt\u00f3w \u2013 <b>prze\u0142amiemy si\u0119<\/b> i b\u0119dziemy codziennie, cierpliwie i wytrwale,<b> spe\u0142nia\u0107 wol\u0119 Bo\u017c\u0105 w swoim \u017cyciu.<\/b> Za to b\u0119dziemy nagrodzeni \u2013 nie za s\u0142owa, obietnice i pi\u0119kne pozory.<\/span><\/span><\/span><\/p>\n<p align=\"justify\"><span style=\"color: #000000;\"><span style=\"font-family: Book Antiqua, serif;\"><span style=\"font-size: large;\">Wzorem dla nas niech b\u0119dzie <b>sam Jezus. <\/b>On naprawd\u0119 nie musia\u0142 niczego udowadnia\u0107, ani niczego robi\u0107, aby nas zbawi\u0107. M\u00f3g\u0142 to uczyni\u0107 jednym s\u0142owem, jedn\u0105 my\u015bl\u0105. On jednak chcia\u0142 <b>swoim czynem \u2013 tak\u017ce swoim cierpieniem,<\/b> dobrowolnie poniesionym \u2013 <b>pokaza\u0107, jak bardzo nas kocha.<\/b> <\/span><\/span><\/span><\/p>\n<p align=\"justify\"><span style=\"color: #000000;\"><span style=\"font-family: Book Antiqua, serif;\"><span style=\"font-size: large;\">Dlatego uczy\u0144my dzisiaj nasz\u0105 modlitw\u0105 \u2013 modlitw\u0105 wdzi\u0119czno\u015bci i uwielbienia \u2013 ten przepi\u0119kny <b>hymn na cze\u015b\u0107 Jezusa Chrystusa,<\/b> jaki Pawe\u0142 Aposto\u0142 wy\u015bpiewa\u0142 w drugim czytaniu. Niech ta postawa naszego Mistrza i Zbawiciela mobilizuje nas do <b>czyn\u00f3w i postaw,<\/b> kt\u00f3re potwierdz\u0105 wiar\u0119 wyznawan\u0105 ustami. O jakiej postawie m\u00f3wimy?<\/span><\/span><\/span><\/p>\n<p align=\"justify\"><span style=\"color: #000000;\"><span style=\"font-family: Book Antiqua, serif;\"><span style=\"font-size: large;\">\u015awi\u0119ty Pawe\u0142 tak o niej pisze:<\/span><\/span><\/span><\/p>\n<p align=\"justify\"><span style=\"color: #000000;\"><span style=\"font-family: Book Antiqua, serif;\"><span style=\"font-size: large;\"><b><i>On<\/i> [Jezus Chrystus], <i>istniej\u0105c w postaci Bo\u017cej, <\/i><\/b><\/span><\/span><\/span><\/p>\n<p align=\"justify\"><span style=\"color: #000000;\"><span style=\"font-family: Book Antiqua, serif;\"><span style=\"font-size: large;\"><i><b>nie skorzysta\u0142 ze sposobno\u015bci, <\/b><\/i><\/span><\/span><\/span><\/p>\n<p align=\"justify\"><span style=\"color: #000000;\"><span style=\"font-family: Book Antiqua, serif;\"><span style=\"font-size: large;\"><i><b>aby na r\u00f3wni by\u0107 z Bogiem, <\/b><\/i><\/span><\/span><\/span><\/p>\n<p align=\"justify\"><span style=\"color: #000000;\"><span style=\"font-family: Book Antiqua, serif;\"><span style=\"font-size: large;\"><i><b>lecz ogo\u0142oci\u0142 samego siebie, <\/b><\/i><\/span><\/span><\/span><\/p>\n<p align=\"justify\"><span style=\"color: #000000;\"><span style=\"font-family: Book Antiqua, serif;\"><span style=\"font-size: large;\"><i><b>przyj\u0105wszy posta\u0107 s\u0142ugi, <\/b><\/i><\/span><\/span><\/span><\/p>\n<p align=\"justify\"><span style=\"color: #000000;\"><span style=\"font-family: Book Antiqua, serif;\"><span style=\"font-size: large;\"><i><b>stawszy si\u0119 podobnym do ludzi. <\/b><\/i><\/span><\/span><\/span><\/p>\n<p align=\"justify\"><span style=\"color: #000000;\"><span style=\"font-family: Book Antiqua, serif;\"><span style=\"font-size: large;\"><i><b>A w tym, co zewn\u0119trzne, uznany za cz\u0142owieka, <\/b><\/i><\/span><\/span><\/span><\/p>\n<p align=\"justify\"><span style=\"color: #000000;\"><span style=\"font-family: Book Antiqua, serif;\"><span style=\"font-size: large;\"><i><b>uni\u017cy\u0142 samego siebie, <\/b><\/i><\/span><\/span><\/span><\/p>\n<p align=\"justify\"><span style=\"color: #000000;\"><span style=\"font-family: Book Antiqua, serif;\"><span style=\"font-size: large;\"><i><b>stawszy si\u0119 pos\u0142usznym a\u017c do \u015bmierci, <\/b><\/i><\/span><\/span><\/span><\/p>\n<p align=\"justify\"><span style=\"color: #000000;\"><span style=\"font-family: Book Antiqua, serif;\"><span style=\"font-size: large;\"><i><b>i to \u015bmierci krzy\u017cowej. <\/b><\/i><\/span><\/span><\/span><\/p>\n<p align=\"justify\"><span style=\"color: #000000;\"><span style=\"font-family: Book Antiqua, serif;\"><span style=\"font-size: large;\"><i><b>Dlatego te\u017c B\u00f3g wywy\u017cszy\u0142 Go nad wszystko <\/b><\/i><\/span><\/span><\/span><\/p>\n<p align=\"justify\"><span style=\"color: #000000;\"><span style=\"font-family: Book Antiqua, serif;\"><span style=\"font-size: large;\"><i><b>i darowa\u0142 Mu imi\u0119 <\/b><\/i><\/span><\/span><\/span><\/p>\n<p align=\"justify\"><span style=\"color: #000000;\"><span style=\"font-family: Book Antiqua, serif;\"><span style=\"font-size: large;\"><i><b>ponad wszelkie imi\u0119, <\/b><\/i><\/span><\/span><\/span><\/p>\n<p align=\"justify\"><span style=\"color: #000000;\"><span style=\"font-family: Book Antiqua, serif;\"><span style=\"font-size: large;\"><i><b>aby na imi\u0119 Jezusa <\/b><\/i><\/span><\/span><\/span><\/p>\n<p align=\"justify\"><span style=\"color: #000000;\"><span style=\"font-family: Book Antiqua, serif;\"><span style=\"font-size: large;\"><i><b>zgi\u0119\u0142o si\u0119 ka\u017cde kolano <\/b><\/i><\/span><\/span><\/span><\/p>\n<p align=\"justify\"><span style=\"color: #000000;\"><span style=\"font-family: Book Antiqua, serif;\"><span style=\"font-size: large;\"><i><b>istot niebieskich i ziemskich, i podziemnych, <\/b><\/i><\/span><\/span><\/span><\/p>\n<p align=\"justify\"><span style=\"color: #000000;\"><span style=\"font-family: Book Antiqua, serif;\"><span style=\"font-size: large;\"><i><b>i aby wszelki j\u0119zyk wyzna\u0142, <\/b><\/i><\/span><\/span><\/span><\/p>\n<p align=\"justify\"><span style=\"color: #000000;\"><span style=\"font-family: Book Antiqua, serif;\"><span style=\"font-size: large;\"><i><b>\u017ce Jezus Chrystus jest Panem, <\/b><\/i><\/span><\/span><\/span><\/p>\n<p align=\"justify\"><span style=\"color: #000000;\"><span style=\"font-family: Book Antiqua, serif;\"><span style=\"font-size: large;\"><i><b>ku chwale Boga Ojca.<\/b><\/i><\/span><\/span><\/span><\/p>\n<p align=\"justify\"><span style=\"color: #000000;\"><span style=\"font-family: Book Antiqua, serif;\"><span style=\"font-size: large;\">Moi Drodzy, bierzmy wz\u00f3r z Jezusa Chrystusa i <b>\u00ab<\/b><b>przyjmujmy posta\u0107 s\u0142ugi<\/b><b>\u00bb<\/b> \u2013 wobec Boga i wobec siebie nawzajem!<\/span><\/span><\/span><\/p>\n","protected":false},"excerpt":{"rendered":"<p>Niech b\u0119dzie pochwalony Jezus Chrystus! Moi Drodzy, wczorajsze s\u0142\u00f3wko uda\u0142o si\u0119 zamie\u015bci\u0107 jeszcze wczoraj \u2013 po ca\u0142ym dniu r\u00f3\u017cnych pr\u00f3b i wysi\u0142k\u00f3w, aby to uczyni\u0107. Wyja\u015bniam tam we wst\u0119pie, co si\u0119 sta\u0142o. W tych dniach podejmiemy dzia\u0142ania, aby problem definitywnie rozwi\u0105za\u0107, mo\u017ce jednak zdarzy\u0107 si\u0119 jeszcze w najbli\u017cszym czasie takie op\u00f3\u017anienie, dlatego prosz\u0119 o cierpliwo\u015b\u0107. [&hellip;]<\/p>\n","protected":false},"author":1,"featured_media":0,"comment_status":"open","ping_status":"open","sticky":false,"template":"","format":"standard","meta":{"jetpack_post_was_ever_published":false,"_jetpack_newsletter_access":"","_jetpack_dont_email_post_to_subs":false,"_jetpack_newsletter_tier_id":0,"_jetpack_memberships_contains_paywalled_content":false,"_jetpack_memberships_contains_paid_content":false,"footnotes":""},"categories":[1],"tags":[],"class_list":["post-17988","post","type-post","status-publish","format-standard","hentry","category-bez-kategorii"],"yoast_head":"<!-- This site is optimized with the Yoast SEO plugin v25.1 - https:\/\/yoast.com\/wordpress\/plugins\/seo\/ -->\n<title>Przyj\u0105wszy posta\u0107 s\u0142ugi... - Gaudium Et Spes<\/title>\n<meta name=\"robots\" content=\"index, follow, max-snippet:-1, max-image-preview:large, max-video-preview:-1\" \/>\n<link rel=\"canonical\" href=\"https:\/\/gaudiumetspes-blog.pl\/index.php\/2020\/09\/27\/przyjawszy-postac-slugi\/\" \/>\n<meta property=\"og:locale\" content=\"pl_PL\" \/>\n<meta property=\"og:type\" content=\"article\" \/>\n<meta property=\"og:title\" content=\"Przyj\u0105wszy posta\u0107 s\u0142ugi... - Gaudium Et Spes\" \/>\n<meta property=\"og:description\" content=\"Niech b\u0119dzie pochwalony Jezus Chrystus! Moi Drodzy, wczorajsze s\u0142\u00f3wko uda\u0142o si\u0119 zamie\u015bci\u0107 jeszcze wczoraj \u2013 po ca\u0142ym dniu r\u00f3\u017cnych pr\u00f3b i wysi\u0142k\u00f3w, aby to uczyni\u0107. Wyja\u015bniam tam we wst\u0119pie, co si\u0119 sta\u0142o. W tych dniach podejmiemy dzia\u0142ania, aby problem definitywnie rozwi\u0105za\u0107, mo\u017ce jednak zdarzy\u0107 si\u0119 jeszcze w najbli\u017cszym czasie takie op\u00f3\u017anienie, dlatego prosz\u0119 o cierpliwo\u015b\u0107. [&hellip;]\" \/>\n<meta property=\"og:url\" content=\"https:\/\/gaudiumetspes-blog.pl\/index.php\/2020\/09\/27\/przyjawszy-postac-slugi\/\" \/>\n<meta property=\"og:site_name\" content=\"Gaudium Et Spes\" \/>\n<meta property=\"article:published_time\" content=\"2020-09-27T04:31:54+00:00\" \/>\n<meta name=\"author\" content=\"Ks. Jacek\" \/>\n<meta name=\"twitter:card\" content=\"summary_large_image\" \/>\n<meta name=\"twitter:label1\" content=\"Napisane przez\" \/>\n\t<meta name=\"twitter:data1\" content=\"Ks. Jacek\" \/>\n\t<meta name=\"twitter:label2\" content=\"Szacowany czas czytania\" \/>\n\t<meta name=\"twitter:data2\" content=\"16 minut\" \/>\n<script type=\"application\/ld+json\" class=\"yoast-schema-graph\">{\"@context\":\"https:\/\/schema.org\",\"@graph\":[{\"@type\":\"WebPage\",\"@id\":\"https:\/\/gaudiumetspes-blog.pl\/index.php\/2020\/09\/27\/przyjawszy-postac-slugi\/\",\"url\":\"https:\/\/gaudiumetspes-blog.pl\/index.php\/2020\/09\/27\/przyjawszy-postac-slugi\/\",\"name\":\"Przyj\u0105wszy posta\u0107 s\u0142ugi... - Gaudium Et Spes\",\"isPartOf\":{\"@id\":\"https:\/\/gaudiumetspes-blog.pl\/#website\"},\"datePublished\":\"2020-09-27T04:31:54+00:00\",\"author\":{\"@id\":\"https:\/\/gaudiumetspes-blog.pl\/#\/schema\/person\/1661982992b752dea8dff0d4ed845a65\"},\"breadcrumb\":{\"@id\":\"https:\/\/gaudiumetspes-blog.pl\/index.php\/2020\/09\/27\/przyjawszy-postac-slugi\/#breadcrumb\"},\"inLanguage\":\"pl-PL\",\"potentialAction\":[{\"@type\":\"ReadAction\",\"target\":[\"https:\/\/gaudiumetspes-blog.pl\/index.php\/2020\/09\/27\/przyjawszy-postac-slugi\/\"]}]},{\"@type\":\"BreadcrumbList\",\"@id\":\"https:\/\/gaudiumetspes-blog.pl\/index.php\/2020\/09\/27\/przyjawszy-postac-slugi\/#breadcrumb\",\"itemListElement\":[{\"@type\":\"ListItem\",\"position\":1,\"name\":\"Strona g\u0142\u00f3wna\",\"item\":\"https:\/\/gaudiumetspes-blog.pl\/\"},{\"@type\":\"ListItem\",\"position\":2,\"name\":\"Przyj\u0105wszy posta\u0107 s\u0142ugi&#8230;\"}]},{\"@type\":\"WebSite\",\"@id\":\"https:\/\/gaudiumetspes-blog.pl\/#website\",\"url\":\"https:\/\/gaudiumetspes-blog.pl\/\",\"name\":\"Gaudium Et Spes\",\"description\":\"Blog Ks. Jacka Ja\u015bkowskiego\",\"potentialAction\":[{\"@type\":\"SearchAction\",\"target\":{\"@type\":\"EntryPoint\",\"urlTemplate\":\"https:\/\/gaudiumetspes-blog.pl\/?s={search_term_string}\"},\"query-input\":{\"@type\":\"PropertyValueSpecification\",\"valueRequired\":true,\"valueName\":\"search_term_string\"}}],\"inLanguage\":\"pl-PL\"},{\"@type\":\"Person\",\"@id\":\"https:\/\/gaudiumetspes-blog.pl\/#\/schema\/person\/1661982992b752dea8dff0d4ed845a65\",\"name\":\"Ks. Jacek\",\"image\":{\"@type\":\"ImageObject\",\"inLanguage\":\"pl-PL\",\"@id\":\"https:\/\/gaudiumetspes-blog.pl\/#\/schema\/person\/image\/\",\"url\":\"https:\/\/gaudiumetspes-blog.pl\/wp-content\/uploads\/2019\/07\/avatar-JJ-150x150.jpg\",\"contentUrl\":\"https:\/\/gaudiumetspes-blog.pl\/wp-content\/uploads\/2019\/07\/avatar-JJ-150x150.jpg\",\"caption\":\"Ks. Jacek\"},\"description\":\"Witam serdecznie! K\u0142ania si\u0119 Ks. Jacek Ja\u015bkowski. Nie jestem ani kim\u015b wa\u017cnym, ani kim\u015b znanym. Jestem ksi\u0119dzem, kt\u00f3ry po prostu chce rozmawia\u0107. Codzienna kap\u0142a\u0144ska pos\u0142uga pokazuje mi, \u017ce temat\u00f3w do rozm\u00f3w z ksi\u0119dzem jest coraz wi\u0119cej i dzisiaj \u017caden ksi\u0105dz nie mo\u017ce od nich ucieka\u0107, ale - wprost przeciwnie - podejmowa\u0107 nowe wyzwania. To przekonanie sk\u0142oni\u0142o mnie do pr\u00f3by otwarcia tego\u017c bloga, chocia\u017c okazji do rozm\u00f3w na co dzie\u0144 - w konfesjonale i poza nim - na szcz\u0119\u015bcie nie brakuje. My\u015bl\u0119 jednak, \u017ce ten blog b\u0119dzie jeszcze jednym sposobem i przestrzeni\u0105 nawi\u0105zania kontaktu z lud\u017ami dobrej woli, otwartymi na dialog.\",\"url\":\"https:\/\/gaudiumetspes-blog.pl\/index.php\/author\/ks-jacek\/\"}]}<\/script>\n<!-- \/ Yoast SEO plugin. -->","yoast_head_json":{"title":"Przyj\u0105wszy posta\u0107 s\u0142ugi... - Gaudium Et Spes","robots":{"index":"index","follow":"follow","max-snippet":"max-snippet:-1","max-image-preview":"max-image-preview:large","max-video-preview":"max-video-preview:-1"},"canonical":"https:\/\/gaudiumetspes-blog.pl\/index.php\/2020\/09\/27\/przyjawszy-postac-slugi\/","og_locale":"pl_PL","og_type":"article","og_title":"Przyj\u0105wszy posta\u0107 s\u0142ugi... - Gaudium Et Spes","og_description":"Niech b\u0119dzie pochwalony Jezus Chrystus! Moi Drodzy, wczorajsze s\u0142\u00f3wko uda\u0142o si\u0119 zamie\u015bci\u0107 jeszcze wczoraj \u2013 po ca\u0142ym dniu r\u00f3\u017cnych pr\u00f3b i wysi\u0142k\u00f3w, aby to uczyni\u0107. Wyja\u015bniam tam we wst\u0119pie, co si\u0119 sta\u0142o. W tych dniach podejmiemy dzia\u0142ania, aby problem definitywnie rozwi\u0105za\u0107, mo\u017ce jednak zdarzy\u0107 si\u0119 jeszcze w najbli\u017cszym czasie takie op\u00f3\u017anienie, dlatego prosz\u0119 o cierpliwo\u015b\u0107. [&hellip;]","og_url":"https:\/\/gaudiumetspes-blog.pl\/index.php\/2020\/09\/27\/przyjawszy-postac-slugi\/","og_site_name":"Gaudium Et Spes","article_published_time":"2020-09-27T04:31:54+00:00","author":"Ks. Jacek","twitter_card":"summary_large_image","twitter_misc":{"Napisane przez":"Ks. Jacek","Szacowany czas czytania":"16 minut"},"schema":{"@context":"https:\/\/schema.org","@graph":[{"@type":"WebPage","@id":"https:\/\/gaudiumetspes-blog.pl\/index.php\/2020\/09\/27\/przyjawszy-postac-slugi\/","url":"https:\/\/gaudiumetspes-blog.pl\/index.php\/2020\/09\/27\/przyjawszy-postac-slugi\/","name":"Przyj\u0105wszy posta\u0107 s\u0142ugi... - Gaudium Et Spes","isPartOf":{"@id":"https:\/\/gaudiumetspes-blog.pl\/#website"},"datePublished":"2020-09-27T04:31:54+00:00","author":{"@id":"https:\/\/gaudiumetspes-blog.pl\/#\/schema\/person\/1661982992b752dea8dff0d4ed845a65"},"breadcrumb":{"@id":"https:\/\/gaudiumetspes-blog.pl\/index.php\/2020\/09\/27\/przyjawszy-postac-slugi\/#breadcrumb"},"inLanguage":"pl-PL","potentialAction":[{"@type":"ReadAction","target":["https:\/\/gaudiumetspes-blog.pl\/index.php\/2020\/09\/27\/przyjawszy-postac-slugi\/"]}]},{"@type":"BreadcrumbList","@id":"https:\/\/gaudiumetspes-blog.pl\/index.php\/2020\/09\/27\/przyjawszy-postac-slugi\/#breadcrumb","itemListElement":[{"@type":"ListItem","position":1,"name":"Strona g\u0142\u00f3wna","item":"https:\/\/gaudiumetspes-blog.pl\/"},{"@type":"ListItem","position":2,"name":"Przyj\u0105wszy posta\u0107 s\u0142ugi&#8230;"}]},{"@type":"WebSite","@id":"https:\/\/gaudiumetspes-blog.pl\/#website","url":"https:\/\/gaudiumetspes-blog.pl\/","name":"Gaudium Et Spes","description":"Blog Ks. Jacka Ja\u015bkowskiego","potentialAction":[{"@type":"SearchAction","target":{"@type":"EntryPoint","urlTemplate":"https:\/\/gaudiumetspes-blog.pl\/?s={search_term_string}"},"query-input":{"@type":"PropertyValueSpecification","valueRequired":true,"valueName":"search_term_string"}}],"inLanguage":"pl-PL"},{"@type":"Person","@id":"https:\/\/gaudiumetspes-blog.pl\/#\/schema\/person\/1661982992b752dea8dff0d4ed845a65","name":"Ks. Jacek","image":{"@type":"ImageObject","inLanguage":"pl-PL","@id":"https:\/\/gaudiumetspes-blog.pl\/#\/schema\/person\/image\/","url":"https:\/\/gaudiumetspes-blog.pl\/wp-content\/uploads\/2019\/07\/avatar-JJ-150x150.jpg","contentUrl":"https:\/\/gaudiumetspes-blog.pl\/wp-content\/uploads\/2019\/07\/avatar-JJ-150x150.jpg","caption":"Ks. Jacek"},"description":"Witam serdecznie! K\u0142ania si\u0119 Ks. Jacek Ja\u015bkowski. Nie jestem ani kim\u015b wa\u017cnym, ani kim\u015b znanym. Jestem ksi\u0119dzem, kt\u00f3ry po prostu chce rozmawia\u0107. Codzienna kap\u0142a\u0144ska pos\u0142uga pokazuje mi, \u017ce temat\u00f3w do rozm\u00f3w z ksi\u0119dzem jest coraz wi\u0119cej i dzisiaj \u017caden ksi\u0105dz nie mo\u017ce od nich ucieka\u0107, ale - wprost przeciwnie - podejmowa\u0107 nowe wyzwania. To przekonanie sk\u0142oni\u0142o mnie do pr\u00f3by otwarcia tego\u017c bloga, chocia\u017c okazji do rozm\u00f3w na co dzie\u0144 - w konfesjonale i poza nim - na szcz\u0119\u015bcie nie brakuje. My\u015bl\u0119 jednak, \u017ce ten blog b\u0119dzie jeszcze jednym sposobem i przestrzeni\u0105 nawi\u0105zania kontaktu z lud\u017ami dobrej woli, otwartymi na dialog.","url":"https:\/\/gaudiumetspes-blog.pl\/index.php\/author\/ks-jacek\/"}]}},"jetpack_featured_media_url":"","jetpack_sharing_enabled":true,"_links":{"self":[{"href":"https:\/\/gaudiumetspes-blog.pl\/index.php\/wp-json\/wp\/v2\/posts\/17988","targetHints":{"allow":["GET"]}}],"collection":[{"href":"https:\/\/gaudiumetspes-blog.pl\/index.php\/wp-json\/wp\/v2\/posts"}],"about":[{"href":"https:\/\/gaudiumetspes-blog.pl\/index.php\/wp-json\/wp\/v2\/types\/post"}],"author":[{"embeddable":true,"href":"https:\/\/gaudiumetspes-blog.pl\/index.php\/wp-json\/wp\/v2\/users\/1"}],"replies":[{"embeddable":true,"href":"https:\/\/gaudiumetspes-blog.pl\/index.php\/wp-json\/wp\/v2\/comments?post=17988"}],"version-history":[{"count":1,"href":"https:\/\/gaudiumetspes-blog.pl\/index.php\/wp-json\/wp\/v2\/posts\/17988\/revisions"}],"predecessor-version":[{"id":17989,"href":"https:\/\/gaudiumetspes-blog.pl\/index.php\/wp-json\/wp\/v2\/posts\/17988\/revisions\/17989"}],"wp:attachment":[{"href":"https:\/\/gaudiumetspes-blog.pl\/index.php\/wp-json\/wp\/v2\/media?parent=17988"}],"wp:term":[{"taxonomy":"category","embeddable":true,"href":"https:\/\/gaudiumetspes-blog.pl\/index.php\/wp-json\/wp\/v2\/categories?post=17988"},{"taxonomy":"post_tag","embeddable":true,"href":"https:\/\/gaudiumetspes-blog.pl\/index.php\/wp-json\/wp\/v2\/tags?post=17988"}],"curies":[{"name":"wp","href":"https:\/\/api.w.org\/{rel}","templated":true}]}}