{"id":17991,"date":"2020-09-28T08:22:29","date_gmt":"2020-09-28T06:22:29","guid":{"rendered":"https:\/\/gaudiumetspes-blog.pl\/?p=17991"},"modified":"2020-09-28T08:22:29","modified_gmt":"2020-09-28T06:22:29","slug":"kto-z-nas-jest-najwiekszy","status":"publish","type":"post","link":"https:\/\/gaudiumetspes-blog.pl\/index.php\/2020\/09\/28\/kto-z-nas-jest-najwiekszy\/","title":{"rendered":"Kto z nas jest najwi\u0119kszy?"},"content":{"rendered":"<p class=\"western\"><span style=\"font-size: large;\">Szcz\u0119\u015b\u0107 Bo\u017ce! Moi Drodzy, w dniu dzisiejszym <b>okr\u0105g\u0142\u0105, si\u00f3dm\u0105 rocznic\u0119 \u015blubu, prze\u017cywaj\u0105 Agnieszka i Mariusz Niedzia\u0142kowscy. Wczoraj by\u0142y pierwsze urodziny Ich Syna, Janka \u2013 taki to Prezent otrzymali od Boga rok temu, na swoj\u0105 rocznic\u0119. Dlatego zar\u00f3wno Im samym, jak i Ich Synowi, \u017cycz\u0119 tej nieustannej jedno\u015bci z Bogiem, o jakiej mowa w dzisiejszym S\u0142owie i rozwa\u017caniu. I zapewniam o modlitwie!<\/b><\/span><\/p>\n<p class=\"western\" align=\"justify\"><span style=\"font-size: large;\">Teraz za\u015b zapraszam do refleksji nad Bo\u017cym s\u0142owem, aby odpowiedzie\u0107 sobie na pytanie: <b>Co Pan konkretnie m\u00f3wi do mnie przez to dzisiejsze swoje S\u0142owo \u2013 tak konkretnie do mnie dzisiaj?<\/b><\/span><\/p>\n<p class=\"western\" align=\"justify\"><span style=\"font-size: large;\"><b>Niech Was b\u0142ogos\u0142awi B\u00f3g Wszechmog\u0105cy: Ojciec + i Syn, i Duch \u015awi\u0119ty. Amen<\/b><\/span><\/p>\n<p class=\"western\" align=\"center\"><span style=\"font-size: large;\">Gaudium et spes! Ks. Jacek<\/span><\/p>\n<p align=\"center\">\n<p align=\"center\">\n<p align=\"center\">\n<p align=\"center\">\n<p align=\"center\">\n<p class=\"western\" align=\"justify\"><span style=\"font-family: Book Antiqua, serif;\"><span style=\"font-size: large;\"><b>Poniedzia\u0142ek 26 Tygodnia zwyk\u0142ego, rok II,<\/b><\/span><\/span><\/p>\n<p class=\"western\" align=\"justify\"><span style=\"font-family: Book Antiqua, serif;\"><span style=\"font-size: large;\"><b>Wspomnienie \u015aw. Wac\u0142awa, M\u0119czennika,<\/b><\/span><\/span><\/p>\n<p class=\"western\" align=\"justify\"><span style=\"font-family: Book Antiqua, serif;\"><span style=\"font-size: large;\"><b>28 wrze\u015bnia 2020.,<\/b><\/span><\/span><\/p>\n<p class=\"western\" align=\"justify\"><span style=\"font-family: Book Antiqua, serif;\"><span style=\"font-size: large;\"><b>do czyta\u0144: Job 1,6\u201322; \u0141k 9,46\u201350<\/b><\/span><\/span><\/p>\n<p align=\"justify\">\n<p align=\"justify\">\n<p align=\"justify\">\n<p align=\"justify\">\n<p align=\"justify\">\n<p class=\"western\" align=\"justify\"><span style=\"font-family: Book Antiqua, serif;\"><span style=\"font-size: large;\"><b>CZYTANIE Z KSI\u0118GI JOBA:<\/b><\/span><\/span><\/p>\n<p class=\"western\" align=\"justify\"><span style=\"font-family: Book Antiqua, serif;\"><span style=\"font-size: large;\"><b>Zdarzy\u0142o si\u0119 pewnego dnia, gdy synowie Bo\u017cy udawali si\u0119, by stan\u0105\u0107 przed Panem, \u017ce i szatan te\u017c poszed\u0142 z nimi. I rzek\u0142 B\u00f3g do szatana: \u201eSk\u0105d przychodzisz?\u201d. Szatan odrzek\u0142 Panu: \u201ePrzemierza\u0142em ziemi\u0119 i w\u0119drowa\u0142em po niej\u201d. M\u00f3wi Pan do szatana: \u201eA zwr\u00f3ci\u0142e\u015b uwag\u0119 na s\u0142ug\u0119 mego, Joba? Bo nie ma na ca\u0142ej ziemi drugiego, kto by tak by\u0142 prawy, sprawiedliwy, bogobojny i unikaj\u0105cy grzechu jak on\u201d. Szatan na to do Pana: \u201eCzy Job za nic czci Boga? Czy\u017c Ty nie okoli\u0142e\u015b zewsz\u0105d jego samego, jego domu i ca\u0142ej maj\u0119tno\u015bci? Pracy jego r\u0105k b\u0142ogos\u0142awi\u0142e\u015b, jego dobytek na ziemi si\u0119 mno\u017cy. Wyci\u0105gnij, prosz\u0119, r\u0119k\u0119 i dotknij jego maj\u0105tku. Na pewno Ci w twarz b\u0119dzie z\u0142orzeczy\u0142\u201d. Rzek\u0142 Pan do szatana: \u201eOto ca\u0142y maj\u0105tek jego w twej mocy. Tylko na niego samego nie wyci\u0105gaj r\u0119ki\u201d. I odszed\u0142 szatan sprzed oblicza Pana.<\/b><\/span><\/span><\/p>\n<p class=\"western\" align=\"justify\"><span style=\"font-family: Book Antiqua, serif;\"><span style=\"font-size: large;\"><b>Pewnego dnia, gdy synowie i c\u00f3rki jedli i pili w domu najstarszego brata, przyszed\u0142 pos\u0142aniec do Joba i rzek\u0142: \u201eWo\u0142y ora\u0142y, a o\u015blice pas\u0142y si\u0119 tu\u017c obok. Wtem napadli Sabejczycy, porwali je, a s\u0142ugi mieczem pozabijali, ja sam uszed\u0142em, by ci o tym donie\u015b\u0107\u201d. Gdy ten jeszcze m\u00f3wi\u0142, przyszed\u0142 inny i rzek\u0142: \u201eOgie\u0144 Bo\u017cy spad\u0142 z nieba, zap\u0142on\u0105\u0142 w\u015br\u00f3d owiec oraz s\u0142ug i poch\u0142on\u0105\u0142 ich. Ja sam uszed\u0142em, by ci o tym donie\u015b\u0107\u201d. Gdy ten jeszcze m\u00f3wi\u0142, przyszed\u0142 inny i rzek\u0142: \u201eChaldejczycy zst\u0105pili z trzema oddzia\u0142ami, napadli na wielb\u0142\u0105dy, a s\u0142ugi ostrzem miecza zabili. Ja sam uszed\u0142em, by ci o tym donie\u015b\u0107\u201d. Gdy ten jeszcze m\u00f3wi\u0142, przyszed\u0142 inny i rzek\u0142: \u201eTwoi synowie i c\u00f3rki jedli i pili wino w domu najstarszego brata. Wtem powia\u0142 gwa\u0142towny wicher z pustyni, poruszy\u0142 czterema w\u0119g\u0142ami domu, zawali\u0142 go na dzieci, tak i\u017c poumiera\u0142y. Ja sam uszed\u0142em, by ci o tym donie\u015b\u0107\u201d.<\/b><\/span><\/span><\/p>\n<p class=\"western\" align=\"justify\"><span style=\"font-family: Book Antiqua, serif;\"><span style=\"font-size: large;\"><b>Job wsta\u0142, rozdar\u0142 swe szaty, ogoli\u0142 g\u0142ow\u0119, upad\u0142 na ziemi\u0119, odda\u0142 pok\u0142on i rzek\u0142: \u201eNagi wyszed\u0142em z \u0142ona matki i nagi tam wr\u00f3c\u0119. Pan da\u0142 i Pan zabra\u0142. Niech b\u0119dzie imi\u0119 Pana b\u0142ogos\u0142awione\u201d. W tym wszystkim Job nie zgrzeszy\u0142 i nie przypisa\u0142 Bogu nieprawo\u015bci.<\/b><\/span><\/span><\/p>\n<p align=\"justify\">\n<p align=\"justify\">\n<p align=\"justify\">\n<p align=\"justify\">\n<p align=\"justify\">\n<p class=\"western\" align=\"justify\"><span style=\"font-family: Book Antiqua, serif;\"><span style=\"font-size: large;\"><b>S\u0141OWA EWANGELII WED\u0141UG \u015aWI\u0118TEGO \u0141UKASZA:<\/b><\/span><\/span><\/p>\n<p class=\"western\" align=\"justify\"><span style=\"font-family: Book Antiqua, serif;\"><span style=\"font-size: large;\"><b>Uczniom Jezusa przysz\u0142a my\u015bl, kto z nich jest najwi\u0119kszy.<\/b><\/span><\/span><\/p>\n<p class=\"western\" align=\"justify\"><span style=\"font-family: Book Antiqua, serif;\"><span style=\"font-size: large;\"><b>Lecz Jezus, znaj\u0105c my\u015bli ich serca, wzi\u0105\u0142 dziecko, postawi\u0142 je przy sobie i rzek\u0142 do nich: \u201eKto przyjmie to dziecko w imi\u0119 moje, Mnie przyjmuje; a kto Mnie przyjmie, przyjmuje Tego, kt\u00f3ry Mnie pos\u0142a\u0142. Kto bowiem jest najmniejszy w\u015br\u00f3d was wszystkich, ten jest wielki\u201d.<\/b><\/span><\/span><\/p>\n<p class=\"western\" align=\"justify\"><span style=\"font-family: Book Antiqua, serif;\"><span style=\"font-size: large;\"><b>Wtedy przem\u00f3wi\u0142 Jan: \u201eMistrzu, widzieli\u015bmy kogo\u015b, jak w imi\u0119 twoje wyp\u0119dza\u0142 z\u0142e duchy, i zabraniali\u015bmy mu, bo nie chodzi z nami\u201d.<\/b><\/span><\/span><\/p>\n<p class=\"western\" align=\"justify\"><span style=\"font-family: Book Antiqua, serif;\"><span style=\"font-size: large;\"><b>Lecz Jezus mu odpowiedzia\u0142: \u201eNie zabraniajcie; kto bowiem nie jest przeciwko wam, ten jest z wami\u201d.<\/b><b> <\/b><\/span><\/span><\/p>\n<p align=\"justify\">\n<p align=\"justify\">\n<p align=\"justify\">\n<p align=\"justify\">\n<p align=\"justify\">\n<p class=\"western\" align=\"justify\"><span style=\"font-size: large;\"><span style=\"font-family: Book Antiqua, serif;\">Zapewne niekt\u00f3re wydarzenia, opisane w dzisiejszym pierwszym czytaniu, wzbudzaj\u0105 nasze <b>zdziwienie, a mo\u017ce nawet niezrozumienie<\/b> \u2013 zw\u0142aszcza, kiedy z ca\u0142ej rozmowy Boga szatanem wy\u0142ania si\u0119 obraz <b>negocjacji,<\/b> prowadzonych pomi\u0119dzy <b>dwoma r\u00f3wnymi sobie partnerami,<\/b> kt\u00f3rzy licytuj\u0105 si\u0119, kto ma racj\u0119, albo kto ma j\u0105 w wi\u0119kszym stopniu, dlatego mo\u017ce bardziej postawi\u0107 na swoim. <\/span><\/span><\/p>\n<p class=\"western\" align=\"justify\"><span style=\"font-size: large;\"><span style=\"font-family: Book Antiqua, serif;\">Tymczasem, my od zawsze dobrze wiemy, \u017ce szatan nigdy nie by\u0142, nie jest i <b>nie b\u0119dzie dla Boga partnerem!<\/b> <b>Nigdy nie b\u0119dzie Bogu r\u00f3wny!<\/b> Przecie\u017c szatan swoje istnienie w og\u00f3le zawdzi\u0119cza Bogu, jak wi\u0119c mo\u017ce si\u0119 z Nim r\u00f3wna\u0107? Naturalnie, my r\u00f3wnie dobrze wiemy i to, \u017ce za takiego si\u0119 uwa\u017ca, bo na tym w\u0142a\u015bnie polega <b>szata\u0144ska pycha,<\/b> ale takim nigdy nie jest i nie b\u0119dzie. <\/span><\/span><\/p>\n<p class=\"western\" align=\"justify\"><span style=\"font-size: large;\"><span style=\"font-family: Book Antiqua, serif;\">Poza tym, ta dzisiejsza rozmowa sprawia wra\u017cenie wzajemnych pertraktacji, prowadzonych <b>w ca\u0142kiem mi\u0142ej atmosferze.<\/b> A przecie\u017c szatan \u2013 to samo z\u0142o! Mi\u0142y jest jedynie wtedy, kiedy udaje, aby zwie\u015b\u0107 cz\u0142owieka na swoje drogi. Dlatego chyba musimy nieco <b>pomin\u0105\u0107 form\u0119 ca\u0142ej tej rozmowy,<\/b> traktuj\u0105c j\u0105 jedynie jako obraz, zarysowany przez Autora biblijnego, aby przekaza\u0107 nam tre\u015bci naprawd\u0119 istotne. <\/span><\/span><\/p>\n<p class=\"western\" align=\"justify\"><span style=\"font-size: large;\"><span style=\"font-family: Book Antiqua, serif;\">A do tych tre\u015bci zaliczymy chocia\u017cby te, \u017ce to <b>B\u00f3g nad ca\u0142\u0105 sytuacj\u0105 ma w\u0142adz\u0119<\/b> i \u2013 pomimo ukazanej nam ca\u0142kiem mi\u0142ej atmosfery rozmowy z szatanem \u2013<b> B\u00f3g <\/b><b>kategorycznie i ostatecznie <\/b><b>wyznacza granice jego dzia\u0142ania.<\/b> Dlatego dopuszczaj\u0105c ci\u0119\u017ckie do\u015bwiadczenie na Hioba, nakazuje kategorycznie szatanowi: <i><b>Tylko na niego samego nie wyci\u0105gaj r\u0119ki.<\/b><\/i><i> <\/i>Bo to B\u00f3g nad wszystkim panuje, nie szatan. <\/span><\/span><\/p>\n<p class=\"western\" align=\"justify\"><span style=\"font-size: large;\"><span style=\"font-family: Book Antiqua, serif;\">I st\u0105d te\u017c, je\u015bli nawet przyjd\u0105 na cz\u0142owieka rozmaite do\u015bwiadczenia, to o ile cz\u0142owiek pozostaje pod opiek\u0105 Bo\u017c\u0105 i Bogu ufa, w\u00f3wczas \u2013 po pierwsze \u2013 do\u015bwiadczenia te <b>nie uczyni\u0105 jemu samemu niczego z\u0142ego,<\/b> bo \u2013 po drugie \u2013 <b>nie b\u0119d\u0105 ponad jego si\u0142y: <\/b>ponad to, co jest on w stanie znie\u015b\u0107. I akurat te prawdy s\u0105 ponadczasowe i dzisiaj tak\u017ce Ko\u015bci\u00f3\u0142 w tych kwestiach <b>tak w\u0142a\u015bnie naucza<\/b> \u2013 bez wzgl\u0119du na obraz, jakim pos\u0142u\u017cy\u0142 si\u0119 Autor biblijny, aby nam to u\u015bwiadomi\u0107. <\/span><\/span><\/p>\n<p class=\"western\" align=\"justify\"><span style=\"font-size: large;\"><span style=\"font-family: Book Antiqua, serif;\">W ca\u0142ym tym obrazie nie mo\u017cna te\u017c nie dostrzec <b>wielkiego zaufania, jakie B\u00f3g ma do Hioba<\/b> \u2013 B\u00f3g jest pewny, \u017ce Jego s\u0142uga go nie zawiedzie i dlatego szata\u0144skie zap\u0119dy niczego z\u0142ego w ostatecznym rozrachunku nie spowoduj\u0105. Owszem \u2013 jak dowiemy si\u0119 z lektury ca\u0142ej Ksi\u0119gi \u2013 Hioba <b>dotknie cierpienie, <\/b>ale ono go tylko <b>uszlachetni<\/b> i jeszcze bardziej <b>do Boga zbli\u017cy.<\/b> <\/span><\/span><\/p>\n<p class=\"western\" align=\"justify\"><span style=\"font-size: large;\"><span style=\"font-family: Book Antiqua, serif;\">Dlatego B\u00f3g dzisiaj tak \u015bmia\u0142o \u2013 by tak to uj\u0105\u0107 \u2013 <b>dysponuje maj\u0105tkiem i doczesnym powodzeniem<\/b> Hioba, oddaj\u0105c je niejako w r\u0119ce szatana, <b>sobie jednak zostawiaj\u0105c \u017cycie swego s\u0142ugi!<\/b> I dlatego to \u017cycie zostaje ocalone, a maj\u0105tek, kt\u00f3ry \u2013 jak to ju\u017c nawet dzisiaj s\u0142yszymy \u2013 Hiob stopniowo zupe\u0142nie straci, zostanie mu ostatecznie przywr\u00f3cony. <b>Ale \u017cycie zostanie ocalone<\/b> \u2013 bo to jest dla cz\u0142owieka najwa\u017cniejsze: <b>\u017cycie w Bogu! <\/b>\u017bycie z Bogiem \u2013 w przyja\u017ani z Nim, w prawdziwej jedno\u015bci. <\/span><\/span><\/p>\n<p class=\"western\" align=\"justify\"><span style=\"font-size: large;\"><span style=\"font-family: Book Antiqua, serif;\">Je\u017celi cz\u0142owiek tak \u017cyje z Bogiem, to <b>szatan nic mu nie zrobi!<\/b> Naprawd\u0119 \u2013 nic! I ca\u0142y ten otaczaj\u0105cy \u015bwiat i ca\u0142y ten zalew z\u0142a, jaki jest na \u015bwiecie, a o kt\u00f3rym tak cz\u0119sto m\u00f3wimy, za\u0142amuj\u0105c r\u0119ce \u2013 tak<b> <\/b>naprawd\u0119<b> nie zaszkodzi cz\u0142owiekowi.<\/b> Na pewno, poruszy jego serce i spowoduje smutek, mo\u017ce nawet wyci\u015bnie niejedn\u0105 \u0142z\u0119, ale nigdy <b>nie spowoduje totalnego za\u0142amania,<\/b> poczucia bezsensu \u017cycia, jakiej\u015b przegranej\u2026 Je\u015bli tylko cz\u0142owiek ca\u0142e swoje \u017cycie \u2013 ca\u0142e swoje serce \u2013 <b>odda tylko Bogu! <\/b><\/span><\/span><\/p>\n<p class=\"western\" align=\"justify\"><span style=\"font-size: large;\"><span style=\"font-family: Book Antiqua, serif;\">Wiemy, \u017ce nie jest to \u0142atwe, bo szata\u0144skie pokusy s\u0105 <b>silne i zwodnicze.<\/b> Oto nawet najbli\u017csi wsp\u00f3\u0142pracownicy i przyjaciele Jezusa zdali si\u0119 im ulega\u0107. Jak s\u0142yszymy w Ewangelii, nagle \u2013 ni st\u0105d, ni zow\u0105d \u2013 <i><b>przysz\u0142a<\/b><\/i><b> <\/b><b>[im] <\/b><i><b>my\u015bl, kto z nich jest najwi\u0119kszy. <\/b><\/i>Skoro \u0141ukasz nam o tym pisze \u2013 a trudno przypuszcza\u0107, \u017ceby umia\u0142 czyta\u0107 w ich my\u015blach \u2013 to zapewne \u015bwiadczy to o tym, \u017ce te swoje wewn\u0119trzne pragnienia <b>jako\u015b na zewn\u0105trz wyra<\/b><b>zili<\/b><b>. <\/b><\/span><\/span><\/p>\n<p class=\"western\" align=\"justify\"><span style=\"font-size: large;\"><span style=\"font-family: Book Antiqua, serif;\">Musieli je jednak wstydliwie ukrywa\u0107 przed Jezusem, bo tu akurat mamy informacj\u0119, \u017ce odni\u00f3s\u0142 si\u0119 On do nich, <b>korzystaj\u0105c ze swej Boskiej wiedzy.<\/b> \u0141ukasz wyra\u017anie stwierdza, \u017ce Jezus skomentowa\u0142 ca\u0142\u0105 spraw\u0119, <i><b>znaj\u0105c my\u015bli ich serca.<\/b><\/i><b> <\/b>W rzeczy samej, nic w tym dziwnego, \u017ce takimi pragnieniami \u2013 chocia\u017c by\u0142y one w nich samych bardzo silne \u2013 jednak <b>wstydzili si\u0119 pochwali\u0107<\/b> swemu Mistrzowi. Nie by\u0142o si\u0119 czym chwali\u0107\u2026<\/span><\/span><\/p>\n<p class=\"western\" align=\"justify\"><span style=\"font-size: large;\"><span style=\"font-family: Book Antiqua, serif;\">Sprawa jednak i tak wysz\u0142a na jaw, a w\u00f3wczas Jezus <i><b>wzi\u0105\u0142 dziecko, postawi\u0142 je przy sobie i rzek\u0142 do nich: \u201eKto przyjmie to dziecko w imi\u0119 moje, Mnie przyjmuje; a kto Mnie przyjmie, przyjmuje Tego, kt\u00f3ry Mnie pos\u0142a\u0142. Kto bowiem jest najmniejszy w\u015br\u00f3d was wszystkich, ten jest wielki\u201d. <\/b><\/i><\/span><\/span><\/p>\n<p class=\"western\" align=\"justify\"><span style=\"font-size: large;\"><span style=\"font-family: Book Antiqua, serif;\">Je\u017celi kto\u015b przyjmuje Jezusa, a tym samym ca\u0142\u0105 Tr\u00f3jc\u0119 \u015awi\u0119t\u0105, w szczero\u015bci i prostocie dziecka, ten <b>naprawd\u0119 jest wielki<\/b> i nie musi swojej ludzkiej pr\u00f3\u017cno\u015bci i pychy zaspokaja\u0107 jakimi\u015b doczesnymi namiastkami wielko\u015bci. Bo <b>prawdziwa wielko\u015b\u0107 cz\u0142owieka pochodzi od Boga.<\/b> Ale wymaga otwartego serca \u2013 serca ca\u0142kowicie oddanego Bogu, a nie swoim z\u0142ym ambicjom i pysznym pragnieniom. Bo to <b>nimi w\u0142a\u015bnie pos\u0142uguje si\u0119 szatan,<\/b> aby cz\u0142owieka od Boga odci\u0105gn\u0105\u0107. <\/span><\/span><\/p>\n<p class=\"western\" align=\"justify\"><span style=\"font-size: large;\"><span style=\"font-family: Book Antiqua, serif;\">I my tym pokusom \u2013 powiedzmy sobie szczerze \u2013 do\u015b\u0107 \u0142atwo ulegamy. Ale na pewno <b>b\u0119dziemy je w stanie pokonywa\u0107,<\/b> je\u017celi Bogu bezgranicznie zaufamy i b\u0119dziemy si\u0119 go obur\u0105cz trzyma\u0107! On na pewno zatroszczy si\u0119 o nasze \u017cycie i nie pozwoli nam nic z\u0142ego uczyni\u0107. Oby tylko nam r\u00f3wnie\u017c na tym naszym \u017cyciu \u2013 \u017cyciu z Bogiem \u2013 <b>zale\u017ca\u0142o, jak zale\u017cy Bogu\u2026 <\/b><\/span><\/span><\/p>\n<p class=\"western\" align=\"justify\"><span style=\"font-size: large;\"><span style=\"font-family: Book Antiqua, serif;\">A jak swoje \u017cycie na trwa\u0142e z Bogiem zjednoczy\u0107, walcz\u0105c skutecznie z r\u00f3\u017cnymi szata\u0144skimi zakusami \u2013 pokazuje nam przyk\u0142ad postawy Patrona dnia dzisiejszego, <b>\u015awi\u0119tego Wac\u0142awa.<\/b><\/span><\/span><\/p>\n<p class=\"western\" align=\"justify\"><span style=\"font-size: large;\"><span style=\"font-family: Book Antiqua, serif;\">Urodzi\u0142 si\u0119 <\/span><span style=\"font-family: Book Antiqua, serif;\"><b>oko\u0142o 907 roku,<\/b><\/span><span style=\"font-family: Book Antiqua, serif;\"> jako syn ksi\u0119cia czeskiego Wratys\u0142awa I. Zosta\u0142 wychowany przez swoj\u0105 babk\u0119, \u015awi\u0119t\u0105 Ludmi\u0142\u0119. <\/span><span style=\"font-family: Book Antiqua, serif;\">Po<\/span><b> <\/b><span style=\"font-family: Book Antiqua, serif;\">\u015bmierci ojca, <\/span><span style=\"font-family: Book Antiqua, serif;\"><b>maj\u0105c osiemna\u015bcie lat, obj\u0105\u0142 rz\u0105dy.<\/b><\/span><span style=\"font-family: Book Antiqua, serif;\"> Stara\u0142 si\u0119 o rozszerzenie chrze\u015bcija\u0144stwa, popieraj\u0105c misjonarzy. <\/span><span style=\"font-family: Book Antiqua, serif;\"><b>By\u0142 hojny dla ubogich i \u017cyczliwy dla wszystkich, <\/b><\/span><span style=\"font-family: Book Antiqua, serif;\">szczeg\u00f3lnie prostych ludzi. <\/span><\/span><\/p>\n<p class=\"western\" align=\"justify\"><span style=\"font-size: large;\"><span style=\"font-family: Book Antiqua, serif;\">Mia\u0142 jednak przeciw sobie opozycj\u0119 o tendencjach od\u015brodkowych \u2013 ludzi broni\u0105cych tradycyjnego poga\u0144stwa. I to w\u0142a\u015bnie ich intrygi doprowadzi\u0142y ostatecznie do tego, i\u017c <\/span><span style=\"font-family: Book Antiqua, serif;\"><b>zgin\u0105\u0142 on z r\u0105k siepaczy, nas\u0142anych przez rodzonego brata, Boles\u0142awa Okrutnego,<\/b><\/span><span style=\"font-family: Book Antiqua, serif;\"> w Starym Boles\u0142awcu. <\/span><span style=\"font-family: Book Antiqua, serif;\">Sta\u0142o si\u0119 to<\/span><span style=\"font-family: Book Antiqua, serif;\"><b> w roku 929 lub 935.<\/b><\/span><span style=\"font-family: Book Antiqua, serif;\"> Relikwie jego spoczywaj\u0105 w katedrze praskiej. \u015awi\u0119ty Wac\u0142aw jest Patronem Czech i katedry krakowskiej.<\/span><\/span><\/p>\n<p class=\"western\" align=\"justify\"><span style=\"font-size: large;\"><span style=\"font-family: Book Antiqua, serif;\">A oto w jaki spos\u00f3b \u2013 wed\u0142ug pi\u0119knej, staros\u0142owia\u0144skiej opowie\u015bci \u2013 nasz Patron z\u0142o\u017cy\u0142 ofiar\u0119 ze swego \u017cycia: \u201ePo \u015bmierci Wratys\u0142awa Czesi wybrali jego syna Wac\u0142awa na nast\u0119pc\u0119. By\u0142 on dzi\u0119ki \u0142asce Bo\u017cej <\/span><span style=\"font-family: Book Antiqua, serif;\"><b>wzorem w wyznawaniu wiary. Wspiera\u0142 wszystkich ubogich, <\/b><\/span><span style=\"font-family: Book Antiqua, serif;\">nagich odziewa\u0142, \u0142akn\u0105cych \u017cywi\u0142, podr\u00f3\u017cnych przyjmowa\u0142 zgodnie z nakazami Ewangelii.<\/span><span style=\"font-family: Book Antiqua, serif;\"> Nie dozwala\u0142 wyrz\u0105dza\u0107 krzywdy wdowom, mi\u0142owa\u0142 wszystkich ludzi, biednych i bogatych. Wspomaga\u0142 s\u0142ugi Bo\u017ce, uposa\u017ca\u0142 ko\u015bcio\u0142y. <\/span><\/span><\/p>\n<p class=\"western\" align=\"justify\"><span style=\"font-size: large;\"><span style=\"font-family: Book Antiqua, serif;\">Niekt\u00f3rzy jednak Czesi <\/span><span style=\"font-family: Book Antiqua, serif;\"><b>zbuntowali si\u0119 i podburzyli m\u0142odszego brata Boles\u0142awa,<\/b><\/span><span style=\"font-family: Book Antiqua, serif;\"> m\u00f3wi\u0105c: <\/span><span style=\"font-family: Book Antiqua, serif;\">\u00ab<\/span><span style=\"font-family: Book Antiqua, serif;\">Brat Wac\u0142aw pragnie ci\u0119 zabi\u0107, spiskuje z matk\u0105 i swymi lud\u017ami<\/span><span style=\"font-family: Book Antiqua, serif;\">\u00bb<\/span><span style=\"font-family: Book Antiqua, serif;\">. <\/span><\/span><\/p>\n<p class=\"western\" align=\"justify\"><span style=\"font-size: large;\"><span style=\"font-family: Book Antiqua, serif;\">Kiedy si\u0119 odbywa\u0142y uroczysto\u015bci po\u015bwi\u0119cenia ko\u015bcio\u0142\u00f3w w r\u00f3\u017cnych miastach, <\/span><span style=\"font-family: Book Antiqua, serif;\"><b>Wac\u0142aw odwiedza\u0142 wszystkie te miejscowo\u015bci.<\/b><\/span><span style=\"font-family: Book Antiqua, serif;\"> W niedziel\u0119, w uroczysto\u015b\u0107 Kosmy i Damiana, przyby\u0142 do miasta Boles\u0142awa. Po wys\u0142uchaniu Mszy \u015awi\u0119tej zamierza\u0142 powr\u00f3ci\u0107 do Pragi. Boles\u0142aw jednak, <\/span><span style=\"font-family: Book Antiqua, serif;\"><b>zamierzaj\u0105c dokona\u0107 zbrodni,<\/b><\/span><span style=\"font-family: Book Antiqua, serif;\"> zatrzyma\u0142 go s\u0142owami: <\/span><span style=\"font-family: Book Antiqua, serif;\">\u00ab<\/span><span style=\"font-family: Book Antiqua, serif;\">Dlaczego chcesz odej\u015b\u0107, bracie?<\/span><span style=\"font-family: Book Antiqua, serif;\">\u00bb<\/span><span style=\"font-family: Book Antiqua, serif;\"> Nazajutrz rano zadzwoniono na jutrzni\u0119. Us\u0142yszawszy g\u0142os dzwon\u00f3w, Wac\u0142aw powiedzia\u0142: <\/span><span style=\"font-family: Book Antiqua, serif;\"><b>\u00ab<\/b><\/span><span style=\"font-family: Book Antiqua, serif;\"><b>B\u0105d\u017a pochwalony, Panie, kt\u00f3ry dozwoli\u0142e\u015b mi \u017cy\u0107 a\u017c do dzisiejszego poranka<\/b><\/span><span style=\"font-family: Book Antiqua, serif;\"><b>\u00bb<\/b><\/span><span style=\"font-family: Book Antiqua, serif;\"><b>.<\/b><\/span><span style=\"font-family: Book Antiqua, serif;\"> Wsta\u0142 i uda\u0142 si\u0119 na modlitw\u0119 porann\u0105. <\/span><\/span><\/p>\n<p class=\"western\" align=\"justify\"><span style=\"font-size: large;\"><span style=\"font-family: Book Antiqua, serif;\">Zaraz potem Boles\u0142aw przyst\u0105pi\u0142 do\u0144 u drzwi. Wac\u0142aw zobaczy\u0142 go i rzek\u0142: <\/span><span style=\"font-family: Book Antiqua, serif;\">\u00ab<\/span><span style=\"font-family: Book Antiqua, serif;\">Bracie, dobrym by\u0142e\u015b dla nas wczoraj<\/span><span style=\"font-family: Book Antiqua, serif;\">\u00bb<\/span><span style=\"font-family: Book Antiqua, serif;\">. <\/span><span style=\"font-family: Book Antiqua, serif;\"><b>Szatan jednak podszepn\u0105\u0142 Boles\u0142awowi, uczyni\u0142 przewrotnym jego serce,<\/b><\/span><span style=\"font-family: Book Antiqua, serif;\"> tak i\u017c wyci\u0105gn\u0105wszy miecz, odezwa\u0142 si\u0119: <\/span><span style=\"font-family: Book Antiqua, serif;\">\u00ab<\/span><span style=\"font-family: Book Antiqua, serif;\">Teraz pragn\u0119 by\u0107 jeszcze lepszym<\/span><span style=\"font-family: Book Antiqua, serif;\">\u00bb<\/span><span style=\"font-family: Book Antiqua, serif;\">. To powiedziawszy, <\/span><span style=\"font-family: Book Antiqua, serif;\"><b>uderzy\u0142 go mieczem w g\u0142ow\u0119. <\/b><\/span><\/span><\/p>\n<p class=\"western\" align=\"justify\"><span style=\"font-size: large;\"><span style=\"font-family: Book Antiqua, serif;\">Wac\u0142aw, zwr\u00f3ciwszy si\u0119 do niego, rzek\u0142: <\/span><span style=\"font-family: Book Antiqua, serif;\">\u00ab<\/span><span style=\"font-family: Book Antiqua, serif;\">Co czynisz, bracie?<\/span><span style=\"font-family: Book Antiqua, serif;\">\u00bb<\/span><span style=\"font-family: Book Antiqua, serif;\"> Pochwyciwszy go, rzuci\u0142 na ziemi\u0119. Tymczasem podbieg\u0142 jeden ze wsp\u00f3lnik\u00f3w Boles\u0142awa i ci\u0105\u0142 Wac\u0142awa w r\u0119k\u0119. Ten porzuciwszy brata, ze zranion\u0105 r\u0119k\u0105 uszed\u0142 do ko\u015bcio\u0142a. <\/span><span style=\"font-family: Book Antiqua, serif;\"><b>W drzwiach ko\u015bcio\u0142a zabili go dwaj zamachowcy.<\/b><\/span><span style=\"font-family: Book Antiqua, serif;\"> Trzeci przybieg\u0142szy, przebi\u0142 mu bok. W\u00f3wczas Wac\u0142aw odda\u0142 ostatnie tchnienie z tymi s\u0142owami: <\/span><span style=\"font-family: Book Antiqua, serif;\"><b>\u00ab<\/b><\/span><span style=\"font-family: Book Antiqua, serif;\"><b>W r\u0119ce Twoje, Panie, oddaj\u0119 ducha mego<\/b><\/span><span style=\"font-family: Book Antiqua, serif;\"><b>\u00bb<\/b><\/span><span style=\"font-family: Book Antiqua, serif;\"><b>.<\/b><\/span><span style=\"font-family: Book Antiqua, serif;\"> Tyle z pi\u0119knej staros\u0142owia\u0144skiej opowie\u015bci.<\/span><\/span><\/p>\n<p class=\"western\" align=\"justify\"><span style=\"font-size: large;\"><span style=\"font-family: Book Antiqua, serif;\">Wpatrzeni w przyk\u0142ad chrze\u015bcija\u0144skiej postawy \u015awi\u0119tego Wac\u0142awa, ale te\u017c zas\u0142uchani w Bo\u017ce s\u0142owo dzisiejszej liturgii, szczerze sobie odpowiedzmy na pytanie: Czy \u017cycie w przyja\u017ani z Bogiem, w jedno\u015bci z Nim: w sta\u0142ym stanie \u0142aski u\u015bwi\u0119caj\u0105cej, w czysto\u015bci serca i sumienia \u2013 jest w\u0142a\u015bnie <b>tym, na czym nam najbardziej zale\u017cy,<\/b> czy s\u0105 mo\u017ce inne warto\u015bci i cele, na kt\u00f3rych zale\u017cy nam bardziej?\u2026 Je\u017celi tak, to na czym?\u2026 I co robimy, aby jednak to B\u00f3g by\u0142 dla nas <b>najwi\u0119kszym pragnieniem,<\/b> a \u017cycie w jedno\u015bci z Nim \u2013 celem naszych d\u0105\u017ce\u0144?\u2026<\/span><\/span><\/p>\n","protected":false},"excerpt":{"rendered":"<p>Szcz\u0119\u015b\u0107 Bo\u017ce! Moi Drodzy, w dniu dzisiejszym okr\u0105g\u0142\u0105, si\u00f3dm\u0105 rocznic\u0119 \u015blubu, prze\u017cywaj\u0105 Agnieszka i Mariusz Niedzia\u0142kowscy. Wczoraj by\u0142y pierwsze urodziny Ich Syna, Janka \u2013 taki to Prezent otrzymali od Boga rok temu, na swoj\u0105 rocznic\u0119. Dlatego zar\u00f3wno Im samym, jak i Ich Synowi, \u017cycz\u0119 tej nieustannej jedno\u015bci z Bogiem, o jakiej mowa w dzisiejszym S\u0142owie [&hellip;]<\/p>\n","protected":false},"author":1,"featured_media":0,"comment_status":"open","ping_status":"open","sticky":false,"template":"","format":"standard","meta":{"jetpack_post_was_ever_published":false,"_jetpack_newsletter_access":"","_jetpack_dont_email_post_to_subs":false,"_jetpack_newsletter_tier_id":0,"_jetpack_memberships_contains_paywalled_content":false,"_jetpack_memberships_contains_paid_content":false,"footnotes":""},"categories":[1],"tags":[],"class_list":["post-17991","post","type-post","status-publish","format-standard","hentry","category-bez-kategorii"],"yoast_head":"<!-- This site is optimized with the Yoast SEO plugin v25.1 - https:\/\/yoast.com\/wordpress\/plugins\/seo\/ -->\n<title>Kto z nas jest najwi\u0119kszy? - Gaudium Et Spes<\/title>\n<meta name=\"robots\" content=\"index, follow, max-snippet:-1, max-image-preview:large, max-video-preview:-1\" \/>\n<link rel=\"canonical\" href=\"https:\/\/gaudiumetspes-blog.pl\/index.php\/2020\/09\/28\/kto-z-nas-jest-najwiekszy\/\" \/>\n<meta property=\"og:locale\" content=\"pl_PL\" \/>\n<meta property=\"og:type\" content=\"article\" \/>\n<meta property=\"og:title\" content=\"Kto z nas jest najwi\u0119kszy? - Gaudium Et Spes\" \/>\n<meta property=\"og:description\" content=\"Szcz\u0119\u015b\u0107 Bo\u017ce! Moi Drodzy, w dniu dzisiejszym okr\u0105g\u0142\u0105, si\u00f3dm\u0105 rocznic\u0119 \u015blubu, prze\u017cywaj\u0105 Agnieszka i Mariusz Niedzia\u0142kowscy. Wczoraj by\u0142y pierwsze urodziny Ich Syna, Janka \u2013 taki to Prezent otrzymali od Boga rok temu, na swoj\u0105 rocznic\u0119. Dlatego zar\u00f3wno Im samym, jak i Ich Synowi, \u017cycz\u0119 tej nieustannej jedno\u015bci z Bogiem, o jakiej mowa w dzisiejszym S\u0142owie [&hellip;]\" \/>\n<meta property=\"og:url\" content=\"https:\/\/gaudiumetspes-blog.pl\/index.php\/2020\/09\/28\/kto-z-nas-jest-najwiekszy\/\" \/>\n<meta property=\"og:site_name\" content=\"Gaudium Et Spes\" \/>\n<meta property=\"article:published_time\" content=\"2020-09-28T06:22:29+00:00\" \/>\n<meta name=\"author\" content=\"Ks. Jacek\" \/>\n<meta name=\"twitter:card\" content=\"summary_large_image\" \/>\n<meta name=\"twitter:label1\" content=\"Napisane przez\" \/>\n\t<meta name=\"twitter:data1\" content=\"Ks. Jacek\" \/>\n\t<meta name=\"twitter:label2\" content=\"Szacowany czas czytania\" \/>\n\t<meta name=\"twitter:data2\" content=\"11 minut\" \/>\n<script type=\"application\/ld+json\" class=\"yoast-schema-graph\">{\"@context\":\"https:\/\/schema.org\",\"@graph\":[{\"@type\":\"WebPage\",\"@id\":\"https:\/\/gaudiumetspes-blog.pl\/index.php\/2020\/09\/28\/kto-z-nas-jest-najwiekszy\/\",\"url\":\"https:\/\/gaudiumetspes-blog.pl\/index.php\/2020\/09\/28\/kto-z-nas-jest-najwiekszy\/\",\"name\":\"Kto z nas jest najwi\u0119kszy? - Gaudium Et Spes\",\"isPartOf\":{\"@id\":\"https:\/\/gaudiumetspes-blog.pl\/#website\"},\"datePublished\":\"2020-09-28T06:22:29+00:00\",\"author\":{\"@id\":\"https:\/\/gaudiumetspes-blog.pl\/#\/schema\/person\/1661982992b752dea8dff0d4ed845a65\"},\"breadcrumb\":{\"@id\":\"https:\/\/gaudiumetspes-blog.pl\/index.php\/2020\/09\/28\/kto-z-nas-jest-najwiekszy\/#breadcrumb\"},\"inLanguage\":\"pl-PL\",\"potentialAction\":[{\"@type\":\"ReadAction\",\"target\":[\"https:\/\/gaudiumetspes-blog.pl\/index.php\/2020\/09\/28\/kto-z-nas-jest-najwiekszy\/\"]}]},{\"@type\":\"BreadcrumbList\",\"@id\":\"https:\/\/gaudiumetspes-blog.pl\/index.php\/2020\/09\/28\/kto-z-nas-jest-najwiekszy\/#breadcrumb\",\"itemListElement\":[{\"@type\":\"ListItem\",\"position\":1,\"name\":\"Strona g\u0142\u00f3wna\",\"item\":\"https:\/\/gaudiumetspes-blog.pl\/\"},{\"@type\":\"ListItem\",\"position\":2,\"name\":\"Kto z&nbsp;nas jest najwi\u0119kszy?\"}]},{\"@type\":\"WebSite\",\"@id\":\"https:\/\/gaudiumetspes-blog.pl\/#website\",\"url\":\"https:\/\/gaudiumetspes-blog.pl\/\",\"name\":\"Gaudium Et Spes\",\"description\":\"Blog Ks. Jacka Ja\u015bkowskiego\",\"potentialAction\":[{\"@type\":\"SearchAction\",\"target\":{\"@type\":\"EntryPoint\",\"urlTemplate\":\"https:\/\/gaudiumetspes-blog.pl\/?s={search_term_string}\"},\"query-input\":{\"@type\":\"PropertyValueSpecification\",\"valueRequired\":true,\"valueName\":\"search_term_string\"}}],\"inLanguage\":\"pl-PL\"},{\"@type\":\"Person\",\"@id\":\"https:\/\/gaudiumetspes-blog.pl\/#\/schema\/person\/1661982992b752dea8dff0d4ed845a65\",\"name\":\"Ks. Jacek\",\"image\":{\"@type\":\"ImageObject\",\"inLanguage\":\"pl-PL\",\"@id\":\"https:\/\/gaudiumetspes-blog.pl\/#\/schema\/person\/image\/\",\"url\":\"https:\/\/gaudiumetspes-blog.pl\/wp-content\/uploads\/2019\/07\/avatar-JJ-150x150.jpg\",\"contentUrl\":\"https:\/\/gaudiumetspes-blog.pl\/wp-content\/uploads\/2019\/07\/avatar-JJ-150x150.jpg\",\"caption\":\"Ks. Jacek\"},\"description\":\"Witam serdecznie! K\u0142ania si\u0119 Ks. Jacek Ja\u015bkowski. Nie jestem ani kim\u015b wa\u017cnym, ani kim\u015b znanym. Jestem ksi\u0119dzem, kt\u00f3ry po prostu chce rozmawia\u0107. Codzienna kap\u0142a\u0144ska pos\u0142uga pokazuje mi, \u017ce temat\u00f3w do rozm\u00f3w z ksi\u0119dzem jest coraz wi\u0119cej i dzisiaj \u017caden ksi\u0105dz nie mo\u017ce od nich ucieka\u0107, ale - wprost przeciwnie - podejmowa\u0107 nowe wyzwania. To przekonanie sk\u0142oni\u0142o mnie do pr\u00f3by otwarcia tego\u017c bloga, chocia\u017c okazji do rozm\u00f3w na co dzie\u0144 - w konfesjonale i poza nim - na szcz\u0119\u015bcie nie brakuje. My\u015bl\u0119 jednak, \u017ce ten blog b\u0119dzie jeszcze jednym sposobem i przestrzeni\u0105 nawi\u0105zania kontaktu z lud\u017ami dobrej woli, otwartymi na dialog.\",\"url\":\"https:\/\/gaudiumetspes-blog.pl\/index.php\/author\/ks-jacek\/\"}]}<\/script>\n<!-- \/ Yoast SEO plugin. -->","yoast_head_json":{"title":"Kto z nas jest najwi\u0119kszy? - Gaudium Et Spes","robots":{"index":"index","follow":"follow","max-snippet":"max-snippet:-1","max-image-preview":"max-image-preview:large","max-video-preview":"max-video-preview:-1"},"canonical":"https:\/\/gaudiumetspes-blog.pl\/index.php\/2020\/09\/28\/kto-z-nas-jest-najwiekszy\/","og_locale":"pl_PL","og_type":"article","og_title":"Kto z nas jest najwi\u0119kszy? - Gaudium Et Spes","og_description":"Szcz\u0119\u015b\u0107 Bo\u017ce! Moi Drodzy, w dniu dzisiejszym okr\u0105g\u0142\u0105, si\u00f3dm\u0105 rocznic\u0119 \u015blubu, prze\u017cywaj\u0105 Agnieszka i Mariusz Niedzia\u0142kowscy. Wczoraj by\u0142y pierwsze urodziny Ich Syna, Janka \u2013 taki to Prezent otrzymali od Boga rok temu, na swoj\u0105 rocznic\u0119. Dlatego zar\u00f3wno Im samym, jak i Ich Synowi, \u017cycz\u0119 tej nieustannej jedno\u015bci z Bogiem, o jakiej mowa w dzisiejszym S\u0142owie [&hellip;]","og_url":"https:\/\/gaudiumetspes-blog.pl\/index.php\/2020\/09\/28\/kto-z-nas-jest-najwiekszy\/","og_site_name":"Gaudium Et Spes","article_published_time":"2020-09-28T06:22:29+00:00","author":"Ks. Jacek","twitter_card":"summary_large_image","twitter_misc":{"Napisane przez":"Ks. Jacek","Szacowany czas czytania":"11 minut"},"schema":{"@context":"https:\/\/schema.org","@graph":[{"@type":"WebPage","@id":"https:\/\/gaudiumetspes-blog.pl\/index.php\/2020\/09\/28\/kto-z-nas-jest-najwiekszy\/","url":"https:\/\/gaudiumetspes-blog.pl\/index.php\/2020\/09\/28\/kto-z-nas-jest-najwiekszy\/","name":"Kto z nas jest najwi\u0119kszy? - Gaudium Et Spes","isPartOf":{"@id":"https:\/\/gaudiumetspes-blog.pl\/#website"},"datePublished":"2020-09-28T06:22:29+00:00","author":{"@id":"https:\/\/gaudiumetspes-blog.pl\/#\/schema\/person\/1661982992b752dea8dff0d4ed845a65"},"breadcrumb":{"@id":"https:\/\/gaudiumetspes-blog.pl\/index.php\/2020\/09\/28\/kto-z-nas-jest-najwiekszy\/#breadcrumb"},"inLanguage":"pl-PL","potentialAction":[{"@type":"ReadAction","target":["https:\/\/gaudiumetspes-blog.pl\/index.php\/2020\/09\/28\/kto-z-nas-jest-najwiekszy\/"]}]},{"@type":"BreadcrumbList","@id":"https:\/\/gaudiumetspes-blog.pl\/index.php\/2020\/09\/28\/kto-z-nas-jest-najwiekszy\/#breadcrumb","itemListElement":[{"@type":"ListItem","position":1,"name":"Strona g\u0142\u00f3wna","item":"https:\/\/gaudiumetspes-blog.pl\/"},{"@type":"ListItem","position":2,"name":"Kto z&nbsp;nas jest najwi\u0119kszy?"}]},{"@type":"WebSite","@id":"https:\/\/gaudiumetspes-blog.pl\/#website","url":"https:\/\/gaudiumetspes-blog.pl\/","name":"Gaudium Et Spes","description":"Blog Ks. Jacka Ja\u015bkowskiego","potentialAction":[{"@type":"SearchAction","target":{"@type":"EntryPoint","urlTemplate":"https:\/\/gaudiumetspes-blog.pl\/?s={search_term_string}"},"query-input":{"@type":"PropertyValueSpecification","valueRequired":true,"valueName":"search_term_string"}}],"inLanguage":"pl-PL"},{"@type":"Person","@id":"https:\/\/gaudiumetspes-blog.pl\/#\/schema\/person\/1661982992b752dea8dff0d4ed845a65","name":"Ks. Jacek","image":{"@type":"ImageObject","inLanguage":"pl-PL","@id":"https:\/\/gaudiumetspes-blog.pl\/#\/schema\/person\/image\/","url":"https:\/\/gaudiumetspes-blog.pl\/wp-content\/uploads\/2019\/07\/avatar-JJ-150x150.jpg","contentUrl":"https:\/\/gaudiumetspes-blog.pl\/wp-content\/uploads\/2019\/07\/avatar-JJ-150x150.jpg","caption":"Ks. Jacek"},"description":"Witam serdecznie! K\u0142ania si\u0119 Ks. Jacek Ja\u015bkowski. Nie jestem ani kim\u015b wa\u017cnym, ani kim\u015b znanym. Jestem ksi\u0119dzem, kt\u00f3ry po prostu chce rozmawia\u0107. Codzienna kap\u0142a\u0144ska pos\u0142uga pokazuje mi, \u017ce temat\u00f3w do rozm\u00f3w z ksi\u0119dzem jest coraz wi\u0119cej i dzisiaj \u017caden ksi\u0105dz nie mo\u017ce od nich ucieka\u0107, ale - wprost przeciwnie - podejmowa\u0107 nowe wyzwania. To przekonanie sk\u0142oni\u0142o mnie do pr\u00f3by otwarcia tego\u017c bloga, chocia\u017c okazji do rozm\u00f3w na co dzie\u0144 - w konfesjonale i poza nim - na szcz\u0119\u015bcie nie brakuje. My\u015bl\u0119 jednak, \u017ce ten blog b\u0119dzie jeszcze jednym sposobem i przestrzeni\u0105 nawi\u0105zania kontaktu z lud\u017ami dobrej woli, otwartymi na dialog.","url":"https:\/\/gaudiumetspes-blog.pl\/index.php\/author\/ks-jacek\/"}]}},"jetpack_featured_media_url":"","jetpack_sharing_enabled":true,"_links":{"self":[{"href":"https:\/\/gaudiumetspes-blog.pl\/index.php\/wp-json\/wp\/v2\/posts\/17991","targetHints":{"allow":["GET"]}}],"collection":[{"href":"https:\/\/gaudiumetspes-blog.pl\/index.php\/wp-json\/wp\/v2\/posts"}],"about":[{"href":"https:\/\/gaudiumetspes-blog.pl\/index.php\/wp-json\/wp\/v2\/types\/post"}],"author":[{"embeddable":true,"href":"https:\/\/gaudiumetspes-blog.pl\/index.php\/wp-json\/wp\/v2\/users\/1"}],"replies":[{"embeddable":true,"href":"https:\/\/gaudiumetspes-blog.pl\/index.php\/wp-json\/wp\/v2\/comments?post=17991"}],"version-history":[{"count":1,"href":"https:\/\/gaudiumetspes-blog.pl\/index.php\/wp-json\/wp\/v2\/posts\/17991\/revisions"}],"predecessor-version":[{"id":17992,"href":"https:\/\/gaudiumetspes-blog.pl\/index.php\/wp-json\/wp\/v2\/posts\/17991\/revisions\/17992"}],"wp:attachment":[{"href":"https:\/\/gaudiumetspes-blog.pl\/index.php\/wp-json\/wp\/v2\/media?parent=17991"}],"wp:term":[{"taxonomy":"category","embeddable":true,"href":"https:\/\/gaudiumetspes-blog.pl\/index.php\/wp-json\/wp\/v2\/categories?post=17991"},{"taxonomy":"post_tag","embeddable":true,"href":"https:\/\/gaudiumetspes-blog.pl\/index.php\/wp-json\/wp\/v2\/tags?post=17991"}],"curies":[{"name":"wp","href":"https:\/\/api.w.org\/{rel}","templated":true}]}}