{"id":18039,"date":"2020-10-11T06:44:31","date_gmt":"2020-10-11T04:44:31","guid":{"rendered":"https:\/\/gaudiumetspes-blog.pl\/?p=18039"},"modified":"2020-10-11T06:44:31","modified_gmt":"2020-10-11T04:44:31","slug":"mocni-duchem","status":"publish","type":"post","link":"https:\/\/gaudiumetspes-blog.pl\/index.php\/2020\/10\/11\/mocni-duchem\/","title":{"rendered":"Mocni duchem!"},"content":{"rendered":"<p align=\"justify\"><span style=\"color: #000000;\"><span style=\"font-family: Book Antiqua, serif;\"><span style=\"font-size: large;\">Niech b\u0119dzie pochwalony Jezus Chrystus! Moi Drodzy, w dniu dzisiejszym <b>imieniny prze\u017cywa Siostra Aldona Deczewska, Franciszkanka Misjonarka Maryi, kt\u00f3r\u0105 mia\u0142em przyjemno\u015b\u0107 pozna\u0107 i wielokrotnie spotyka\u0107 w Lublinie. Niech Pan Jej b\u0142ogos\u0142awi w realizacji powo\u0142ania zakonnego! Zapewniam o modlitwie!<\/b><\/span><\/span><\/span><\/p>\n<p align=\"justify\"><span style=\"color: #000000;\"><span style=\"font-family: Book Antiqua, serif;\"><span style=\"font-size: large;\">Moi Drodzy, w kontek\u015bcie tego, co aktualnie prze\u017cywamy w naszej Ojczy\u017anie, a tak\u017ce w Europie i na \u015bwiecie, zach\u0119cam Was do tego, o czym wspominam dzisiaj w rozwa\u017caniu: do duchowego wzmocnienia, a tym samym \u2013 uodpornienia si\u0119 na ten ca\u0142y zalew medialnych doniesie\u0144, kt\u00f3ry nas wr\u0119cz przyt\u0142acza. Owszem, z pewno\u015bci\u0105 nie unikniemy tak do ko\u0144ca konfrontacji z tym wszystkim \u2013 zreszt\u0105, trudno si\u0119 dziwi\u0107, \u017ce interesujemy si\u0119 tym, co si\u0119 dzieje i jakie decyzje zapadaj\u0105 w kwestii tak dla nas wa\u017cnej. Jednak chyba sami widzimy, \u017ce ju\u017c g\u0142owa boli od zmiennych opinii r\u00f3\u017cnych ekspert\u00f3w. Pytamy wi\u0119c, gdzie jest prawda?<\/span><\/span><\/span><\/p>\n<p align=\"justify\"><span style=\"color: #000000;\"><span style=\"font-family: Book Antiqua, serif;\"><span style=\"font-size: large;\">Zw\u0142aszcza, \u017ce przekaz oficjalnych medi\u00f3w jest jednobrzmi\u0105cy. Co ciekawe \u2013 jak zauwa\u017cy\u0142 wczoraj m\u00f3j Przyjaciel, Ksi\u0105dz Mariusz Szyszko \u2013 akurat w tej kwestii jednym g\u0142osem m\u00f3wi\u0105 zar\u00f3wno media pa\u0144stwowe, jak i b\u0119d\u0105ce po drugiej stronie barykady media komercyjne. Dopiero na niezale\u017cnych portalach znajdziemy opinie \u2013 tak\u017ce Profesor\u00f3w medycyny i Lekarzy praktyk\u00f3w \u2013 neguj\u0105cych strategi\u0119 rz\u0105dow\u0105 radzenia sobie z wirusem, albo doradzaj\u0105cych jej korekt\u0119. Szkoda, \u017ce nie ma dla nich miejsca w oficjalnym przekazie. <\/span><\/span><\/span><\/p>\n<p align=\"justify\"><span style=\"color: #000000;\"><span style=\"font-family: Book Antiqua, serif;\"><span style=\"font-size: large;\">Dlatego ja dzisiaj zach\u0119cam do si\u0119gania tak\u017ce po te artyku\u0142y. Kilka z nich \u2013 takich, kt\u00f3re ostatnio da\u0142y mi do my\u015blenia \u2013 zamieszczam na ko\u0144cu dzisiejszego wpisu, po rozwa\u017caniu. Zwracam uwag\u0119, \u017ce tak\u017ce na portalu otwarcie sprzyjaj\u0105cym Rz\u0105dowi i wspieraj\u0105cym go zasadniczo we wszystkim, pojawiaj\u0105 si\u0119 zach\u0119ty do zmiany strategii. Moi Drodzy, poczytajmy to i prosz\u0105c Ducha \u015awi\u0119tego o \u015bwiat\u0142o \u2013 my\u015blmy trze\u017awo! <\/span><\/span><\/span><\/p>\n<p align=\"justify\"><span style=\"color: #000000;\"><span style=\"font-family: Book Antiqua, serif;\"><span style=\"font-size: large;\">Prosz\u0119 Was, nie dajcie si\u0119 wp\u0119dzi\u0107 w strach i panik\u0119! Nie uwierzcie, \u017ce wszystko si\u0119 ju\u017c wali i jest jedna wielka katastrofa. Pan dopu\u015bci\u0142 na nas to do\u015bwiadczenie, ale daje nam szans\u0119 na przemian\u0119, na ponowne zwr\u00f3cenie si\u0119 ku Niemu!<\/span><\/span><\/span><\/p>\n<p align=\"justify\"><span style=\"color: #000000;\"><span style=\"font-family: Book Antiqua, serif;\"><span style=\"font-size: large;\">Dlatego ja proponuj\u0119, ju\u017c po raz kolejny na tym forum, zamiast programu DDM, czyli \u201edystans, dezynfekcja, maseczka\u201d \u2013 program: \u201eMN\u201d, czyli MODLITWA I NAWR\u00d3CENIE. Prosz\u0119 Was, aby\u015bcie wi\u0119cej energii i czasu po\u015bwi\u0119cili na modlitw\u0119, lektur\u0119 Pisma \u015awi\u0119tego, czy innych warto\u015bciowych tre\u015bci \u2013 polecam tu cho\u0107by Dzienniczek\u201d Siostry Faustyny, czy ksi\u0105\u017cki Kardyna\u0142a Saraha \u2013 ni\u017c na wczytywanie si\u0119 w internetowe komentarze i rozliczne sprzeczne wypowiedzi, od kt\u00f3rych g\u0142owa boli. Przeczytajmy w tym zakresie to, co konieczne, \u017ceby mie\u0107 wiedz\u0119, a reszt\u0119 czasu i energii zechciejmy po\u015bwi\u0119ci\u0107 na duchowe uodpornienie si\u0119 na to wszystko. B\u0105d\u017amy mocni duchem, a w\u00f3wczas nie dopadnie nas \u017caden strach.<\/span><\/span><\/span><\/p>\n<p align=\"justify\"><span style=\"color: #000000;\"><span style=\"font-family: Book Antiqua, serif;\"><span style=\"font-size: large;\">Nie dalej bowiem, jak w pi\u0105tek, dosta\u0142em informacj\u0119 od Agnieszki, pracuj\u0105cej w aptece, \u017ce ju\u017c dawno nie sprzeda\u0142a tylu \u015brodk\u00f3w na uspokojenie i r\u00f3\u017cnych antydepresant\u00f3w, ile sprzeda\u0142a w ostatnim czasie. Niech naszym \u015brodkiem na wewn\u0119trzn\u0105 r\u00f3wnowag\u0119 b\u0119dzie \u017cycie sakramentalne, modlitwa i dobra lektura. Rozmawiajmy z Panem \u2013 tak\u017ce poprzez akty strzeliste \u2013 jak najcz\u0119\u015bciej si\u0119 da, w ci\u0105gu dnia!<\/span><\/span><\/span><\/p>\n<p align=\"justify\"><span style=\"color: #000000;\"><span style=\"font-family: Book Antiqua, serif;\"><span style=\"font-size: large;\">Niech swoim wstawiennictwem wspieraj\u0105 nas: \u015awi\u0119ty Papie\u017c Jan XXIII, kt\u00f3rego w liturgii dzi\u015b wspominamy, oraz og\u0142oszony wczoraj B\u0142ogos\u0142awionym Carlo Acutis.<\/span><\/span><\/span><\/p>\n<p align=\"justify\"><span style=\"color: #000000;\"><span style=\"font-family: Book Antiqua, serif;\"><span style=\"font-size: large;\"><b>Niech Was b\u0142ogos\u0142awi B\u00f3g Wszechmog\u0105cy: Ojciec + i Syn, i Duch \u015awi\u0119ty. Amen<\/b><\/span><\/span><\/span><\/p>\n<p align=\"center\"><span style=\"color: #000000;\"><span style=\"font-family: Book Antiqua, serif;\"><span style=\"font-size: large;\">Gaudium et spes! Ks. Jacek<\/span><\/span><\/span><\/p>\n<p align=\"center\">\n<p align=\"center\">\n<p align=\"center\">\n<p align=\"center\">\n<p align=\"center\">\n<p align=\"justify\"><span style=\"color: #000000;\"><span style=\"font-family: Book Antiqua, serif;\"><span style=\"font-size: large;\"><b>28 Niedziela zwyk\u0142a, A,<\/b><\/span><\/span><\/span><\/p>\n<p align=\"justify\"><span style=\"color: #000000;\"><span style=\"font-family: Book Antiqua, serif;\"><span style=\"font-size: large;\"><b>11 pa\u017adziernika 2020.,<\/b><\/span><\/span><\/span><\/p>\n<p align=\"justify\"><span style=\"color: #000000;\"><span style=\"font-family: Book Antiqua, serif;\"><span style=\"font-size: large;\"><b>do czyta\u0144: Iz 25,6\u201310a; Flp 4,12\u201314.19\u201320; Mt 22,1\u201314<\/b><\/span><\/span><\/span><\/p>\n<p align=\"justify\">\n<p align=\"justify\">\n<p align=\"justify\">\n<p align=\"justify\">\n<p align=\"justify\">\n<p align=\"justify\"><span style=\"color: #000000;\"><span style=\"font-family: Book Antiqua, serif;\"><span style=\"font-size: large;\"><b>CZYTANIE Z KSI\u0118GI PROROKA IZAJASZA: <\/b><\/span><\/span><\/span><\/p>\n<p align=\"justify\"><span style=\"color: #000000;\"><span style=\"font-family: Book Antiqua, serif;\"><span style=\"font-size: large;\"><b>Pan Zast\u0119p\u00f3w przygotuje dla wszystkich lud\u00f3w na tej g\u00f3rze uczt\u0119 z t\u0142ustego mi\u0119sa, uczt\u0119 z wybornych win, z najpo\u017cywniejszego mi\u0119sa, z najwyborniejszych win. Zedrze On na tej g\u00f3rze zas\u0142on\u0119, zapuszczon\u0105 na twarzy wszystkich lud\u00f3w, i ca\u0142un, kt\u00f3ry okrywa\u0142 wszystkie narody. <\/b><\/span><\/span><\/span><\/p>\n<p align=\"justify\"><span style=\"color: #000000;\"><span style=\"font-family: Book Antiqua, serif;\"><span style=\"font-size: large;\"><b>Raz na zawsze zniszczy \u015bmier\u0107. Wtedy Pan otrze \u0142zy z ka\u017cdego oblicza, odejmie ha\u0144b\u0119 swego ludu po ca\u0142ej ziemi, bo Pan przyrzek\u0142. <\/b><\/span><\/span><\/span><\/p>\n<p align=\"justify\"><span style=\"color: #000000;\"><span style=\"font-family: Book Antiqua, serif;\"><span style=\"font-size: large;\"><b>I powiedz\u0105 w owym dniu: \u201eOto nasz B\u00f3g, Ten, kt\u00f3remu\u015bmy zaufali, \u017ce nas wybawi; oto Pan, w kt\u00f3rym z\u0142o\u017cyli\u015bmy nasz\u0105 ufno\u015b\u0107: cieszmy si\u0119 i radujmy z Jego zbawienia! Albowiem r\u0119ka Pana spocznie na tej g\u00f3rze\u201d.<\/b><\/span><\/span><\/span><\/p>\n<p align=\"justify\">\n<p align=\"justify\">\n<p align=\"justify\">\n<p align=\"justify\">\n<p align=\"justify\">\n<p align=\"justify\"><span style=\"color: #000000;\"><span style=\"font-family: Book Antiqua, serif;\"><span style=\"font-size: large;\"><b>CZYTANIE Z LISTU \u015aWI\u0118TEGO PAW\u0141A APOSTO\u0141A DO FILIPIAN: <\/b><\/span><\/span><\/span><\/p>\n<p align=\"justify\"><span style=\"color: #000000;\"><span style=\"font-family: Book Antiqua, serif;\"><span style=\"font-size: large;\"><b>Bracia: Umiem cierpie\u0107 bied\u0119, umiem i obfitowa\u0107. Do wszystkich w og\u00f3le warunk\u00f3w jestem zaprawiony: i by\u0107 sytym, i g\u0142\u00f3d cierpie\u0107, obfitowa\u0107 i doznawa\u0107 niedostatku. Wszystko mog\u0119 w Tym, kt\u00f3ry mnie umacnia. W ka\u017cdym razie dobrze uczynili\u015bcie, bior\u0105c udzia\u0142 w moim ucisku. <\/b><\/span><\/span><\/span><\/p>\n<p align=\"justify\"><span style=\"color: #000000;\"><span style=\"font-family: Book Antiqua, serif;\"><span style=\"font-size: large;\"><b>A B\u00f3g m\u00f3j wed\u0142ug swego bogactwa zaspokoi wspaniale w Chrystusie Jezusie ka\u017cd\u0105 wasz\u0105 potrzeb\u0119. Bogu za\u015b i Ojcu naszemu chwa\u0142a na wieki wiek\u00f3w. Amen.<\/b><\/span><\/span><\/span><\/p>\n<p align=\"justify\">\n<p align=\"justify\">\n<p align=\"justify\">\n<p align=\"justify\">\n<p align=\"justify\">\n<p align=\"justify\"><span style=\"color: #000000;\"><span style=\"font-family: Book Antiqua, serif;\"><span style=\"font-size: large;\"><b>S\u0141OWA EWANGELII WED\u0141UG \u015aWI\u0118TEGO MATEUSZA: <\/b><\/span><\/span><\/span><\/p>\n<p align=\"justify\"><span style=\"color: #000000;\"><span style=\"font-family: Book Antiqua, serif;\"><span style=\"font-size: large;\"><b>Jezus w przypowie\u015bciach m\u00f3wi\u0142 do arcykap\u0142an\u00f3w i starszych ludu: \u201eKr\u00f3lestwo niebieskie podobne jest do kr\u00f3la, kt\u00f3ry wyprawi\u0142 uczt\u0119 weseln\u0105 swemu synowi. <\/b><\/span><\/span><\/span><\/p>\n<p align=\"justify\"><span style=\"color: #000000;\"><span style=\"font-family: Book Antiqua, serif;\"><span style=\"font-size: large;\"><b>Pos\u0142a\u0142 wi\u0119c swoje s\u0142ugi, \u017ceby zaproszonych zwo\u0142ali na uczt\u0119, lecz ci nie chcieli przyj\u015b\u0107. Pos\u0142a\u0142 jeszcze raz inne s\u0142ugi z poleceniem: \u00abPowiedzcie zaproszonym: Oto przygotowa\u0142em moj\u0105 uczt\u0119: wo\u0142y i tuczne zwierz\u0119ta pobite i wszystko jest gotowe. Przyjd\u017acie na uczt\u0119\u00bb. Lecz oni zlekcewa\u017cyli to i poszli: jeden na swoje pole, drugi do swego kupiectwa; a inni pochwycili jego s\u0142ugi i zniewa\u017cywszy ich pozabijali. <\/b><\/span><\/span><\/span><\/p>\n<p align=\"justify\"><span style=\"color: #000000;\"><span style=\"font-family: Book Antiqua, serif;\"><span style=\"font-size: large;\"><b>Na to kr\u00f3l uni\u00f3s\u0142 si\u0119 gniewem. Pos\u0142a\u0142 swe wojska i kaza\u0142 wytraci\u0107 owych zab\u00f3jc\u00f3w, a miasto ich spali\u0107. <\/b><\/span><\/span><\/span><\/p>\n<p align=\"justify\"><span style=\"color: #000000;\"><span style=\"font-family: Book Antiqua, serif;\"><span style=\"font-size: large;\"><b>Wtedy rzek\u0142 swoim s\u0142ugom: \u00abUczta wprawdzie jest gotowa, lecz zaproszeni nie byli jej godni. Id\u017acie wi\u0119c na rozstajne drogi i zapro\u015bcie na uczt\u0119 wszystkich, kt\u00f3rych spotkacie\u00bb. S\u0142udzy ci wyszli na drogi i sprowadzili wszystkich, kt\u00f3rych napotkali: z\u0142ych i dobrych. I sala zape\u0142ni\u0142a si\u0119 biesiadnikami. <\/b><\/span><\/span><\/span><\/p>\n<p align=\"justify\"><span style=\"color: #000000;\"><span style=\"font-family: Book Antiqua, serif;\"><span style=\"font-size: large;\"><b>Wszed\u0142 kr\u00f3l, \u017ceby si\u0119 przypatrzy\u0107 biesiadnikom, i zauwa\u017cy\u0142 tam cz\u0142owieka nie ubranego w str\u00f3j weselny. Rzek\u0142 do niego: \u00abPrzyjacielu, jak\u017ce tu wszed\u0142e\u015b nie maj\u0105c stroju weselnego?\u00bb Lecz on oniemia\u0142. Wtedy kr\u00f3l rzek\u0142 s\u0142ugom: \u00abZwi\u0105\u017ccie mu r\u0119ce i nogi, i wyrzu\u0107cie go na zewn\u0105trz w ciemno\u015bci. Tam b\u0119dzie p\u0142acz i zgrzytanie z\u0119b\u00f3w\u00bb. <\/b><\/span><\/span><\/span><\/p>\n<p align=\"justify\"><span style=\"color: #000000;\"><span style=\"font-family: Book Antiqua, serif;\"><span style=\"font-size: large;\"><b>Bo wielu jest powo\u0142anych, lecz ma\u0142o wybranych\u201d.<\/b><\/span><\/span><\/span><\/p>\n<p align=\"justify\">\n<p align=\"justify\">\n<p align=\"justify\">\n<p align=\"justify\">\n<p align=\"justify\">\n<p align=\"justify\"><span style=\"color: #000000;\"><span style=\"font-family: Book Antiqua, serif;\"><span style=\"font-size: large;\">Obraz, ukazany przez Proroka Izajasza w pierwszym czytaniu, to <b>zapowied\u017a szcz\u0119\u015bcia, <\/b>jakie czeka <b>w wieczno\u015bci<\/b> wszystkich, kt\u00f3rzy Panu zaufaj\u0105 i kt\u00f3rzy stan\u0105 si\u0119 godni zasi\u0105\u015b\u0107 z Nim za sto\u0142em. Jak s\u0142yszymy, przeobfito\u015b\u0107 tej Uczty, ale te\u017c jaka\u015b niezwyk\u0142a atmosfera rado\u015bci, b\u0119d\u0105 udzia\u0142em wszystkich jej uczestnik\u00f3w. <\/span><\/span><\/span><\/p>\n<p align=\"justify\"><span style=\"color: #000000;\"><span style=\"font-family: Book Antiqua, serif;\"><span style=\"font-size: large;\">Izajasz zapewnia: <i><b>Pan Zast\u0119p\u00f3w przygotuje dla wszystkich lud\u00f3w na tej g\u00f3rze uczt\u0119 z t\u0142ustego mi\u0119sa, uczt\u0119 z wybornych win, z najpo\u017cywniejszego mi\u0119sa, z najwyborniejszych win. Zedrze On na tej g\u00f3rze zas\u0142on\u0119, zapuszczon\u0105 na twarzy wszystkich lud\u00f3w, i ca\u0142un, kt\u00f3ry okrywa\u0142 wszystkie narody. Raz na zawsze zniszczy \u015bmier\u0107. Wtedy Pan otrze \u0142zy z ka\u017cdego oblicza, odejmie ha\u0144b\u0119 swego ludu po ca\u0142ej ziemi, bo Pan przyrzek\u0142<\/b><\/i><b>. <\/b><\/span><\/span><\/span><\/p>\n<p align=\"justify\"><span style=\"color: #000000;\"><span style=\"font-family: Book Antiqua, serif;\"><span style=\"font-size: large;\">Zatem, to wszystko, co tu, na ziemi, zasmuca\u0142o i przygn\u0119bia\u0142o \u2013 ust\u0105pi. Ju\u017c na zawsze!<b> I nigdy nie wr\u00f3ci! <\/b>\u00abZas\u0142ona, zapuszczona na twarzy\u00bb i \u00abca\u0142un, okrywaj\u0105cy wszystkie narody\u00bb, to <b>znaki wszelkiego utrapienia,<\/b> smutku i cierpienia, jakie towarzysz\u0105 ludziom na ziemi. To wszystko tam, <i><b>na tej g\u00f3rze, <\/b><\/i>ust\u0105pi wielkiemu szcz\u0119\u015bciu i rado\u015bci, kt\u00f3rej ju\u017c nigdy <b>nic nie zm\u0105ci. <\/b><\/span><\/span><\/span><\/p>\n<p align=\"justify\"><span style=\"color: #000000;\"><span style=\"font-family: Book Antiqua, serif;\"><span style=\"font-size: large;\">Mo\u017ce teraz pomy\u015blimy sobie: jak\u017ce dobrze by\u0142oby, aby <b>chocia\u017c troch\u0119 tej rado\u015bci<\/b> przysz\u0142o do naszych serc, kiedy na co dzie\u0144 prze\u017cywamy tyle r\u00f3\u017cnych problem\u00f3w, rodz\u0105cych l\u0119k i frustracj\u0119. W kontek\u015bcie tego, co ka\u017cdego dnia martwi nas i spa\u0107 nam nie daje, obraz ukazany w pierwszym czytaniu wydaje si\u0119 <b>obrazem z jakiej\u015b ba\u015bni, <\/b>czytanej dzieciom na dobranoc. <\/span><\/span><\/span><\/p>\n<p align=\"justify\"><span style=\"color: #000000;\"><span style=\"font-family: Book Antiqua, serif;\"><span style=\"font-size: large;\">A przecie\u017c \u2013 <b>to s\u0142owo Bo\u017ce!<\/b> A je\u017celi tak, to nie mo\u017ce by\u0107 to k\u0142amstwo, to nie mo\u017ce by\u0107 tylko takie sobie bajanie, ale <b>konkretna zapowied\u017a,<\/b> kt\u00f3r\u0105 bez obawy oszukania mo\u017cemy wzi\u0105\u0107 sobie do serca: <b>tak w\u0142a\u015bnie b\u0119dzie!<\/b> Tak, to nie \u017cart \u2013 czeka nas naprawd\u0119 wielkie szcz\u0119\u015bcie. <\/span><\/span><\/span><\/p>\n<p align=\"justify\"><span style=\"color: #000000;\"><span style=\"font-family: Book Antiqua, serif;\"><span style=\"font-size: large;\">Doprecyzujmy jednak: <b>nas \u2013 czyli kogo?<\/b> Wszystkich? Bez wyj\u0105tku? Kto mo\u017ce na to szcz\u0119\u015bcie liczy\u0107? <\/span><\/span><\/span><\/p>\n<p align=\"justify\"><span style=\"color: #000000;\"><span style=\"font-family: Book Antiqua, serif;\"><span style=\"font-size: large;\">Jakie\u015b \u015bwiat\u0142o na spraw\u0119 z pewno\u015bci\u0105 rzuca dzisiejsza Ewangelia, a w niej <b>tak\u017ce obraz uczty <\/b>\u2013 tyle, \u017ce takiej, na kt\u00f3r\u0105 uczestnicy, z r\u00f3\u017cnych powod\u00f3w \u2013 nie bardzo chcieli przyj\u015b\u0107. A to udali si\u0119 na swoje pole, a to znowu do swego kupiectwa, a byli i tacy, kt\u00f3rzy zniewa\u017cyli s\u0142ugi gospodarza i pozabijali! Co\u015b niesamowitego! <b>Jak bardzo mo\u017cna zlekcewa\u017cy\u0107<\/b> i poni\u017cy\u0107 kogo\u015b, kto z dobrego serca zaprasza do siebie na uczt\u0119! <\/span><\/span><\/span><\/p>\n<p align=\"justify\"><span style=\"color: #000000;\"><span style=\"font-family: Book Antiqua, serif;\"><span style=\"font-size: large;\">Warto wiedzie\u0107, \u017ce ju\u017c samo odm\u00f3wienie na drugie zaproszenie, jakie gospodarz zwykle kierowa\u0142, by\u0142o w tamtym czasie i w tamtej kulturze <b>wielk\u0105 zniewag\u0105,<\/b> czynion\u0105 zapraszaj\u0105cemu gospodarzowi. C\u00f3\u017c wi\u0119c m\u00f3wi\u0107 o pozabijaniu wys\u0142annik\u00f3w, ponawiaj\u0105cych zaproszenie! <b>Trudno si\u0119 wi\u0119c dziwi\u0107 <\/b>reakcji gospodarza \u2013 zw\u0142aszcza, je\u015bli by\u0142 to kr\u00f3l! <\/span><\/span><\/span><\/p>\n<p align=\"justify\"><span style=\"color: #000000;\"><span style=\"font-family: Book Antiqua, serif;\"><span style=\"font-size: large;\">Uczynienie takiej zniewagi kr\u00f3lowi musia\u0142o sko\u0144czy\u0107 si\u0119 dramatycznie dla tych, kt\u00f3rzy si\u0119 tego dopu\u015bcili. Oczywi\u015bcie, w tym obrazie ewangelicznym nie chodzi\u0142o o zach\u0119t\u0119 do tego, aby tych, kt\u00f3rzy si\u0119 nam kiedykolwiek sprzeciwi\u0105, <b>od razu pozabija\u0107 i domy ich spali\u0107!<\/b> Obraz ten ma nam u\u015bwiadomi\u0107, \u017ce takie zlekcewa\u017cenie zaproszenia na kr\u00f3lewsk\u0105 uczt\u0119 po prostu <b>spowoduje wielkie straty duchowe. <\/b><b>Nieodwracalne!<\/b> <\/span><\/span><\/span><\/p>\n<p align=\"justify\"><span style=\"color: #000000;\"><span style=\"font-family: Book Antiqua, serif;\"><span style=\"font-size: large;\">Ten, kto nie znajdzie si\u0119 na uczcie w Niebie \u2013 <b>znajdzie si\u0119 w\u015br\u00f3d pot\u0119pionych.<\/b> Dos\u0142ownie \u2013 dom jego spali ogie\u0144 piekielny! Nie ma innej mo\u017cliwo\u015bci. I to nie jest spraw\u0105 surowo\u015bci Gospodarza \u2013 <b>to sprawa osobistego wyboru<\/b> ka\u017cdej i ka\u017cdego z nas. Sami wybieramy \u2013 jako wolni ludzie \u2013 ale te\u017c ponosimy konsekwencje swoich wybor\u00f3w. <\/span><\/span><\/span><\/p>\n<p align=\"justify\"><span style=\"color: #000000;\"><span style=\"font-family: Book Antiqua, serif;\"><span style=\"font-size: large;\">Mocno zosta\u0142o to podkre\u015blone w drugiej cz\u0119\u015bci dzisiejszej Ewangelii, gdzie s\u0142yszymy, jak kr\u00f3l dostrzeg\u0142 w\u015br\u00f3d swoich go\u015bci kogo\u015b,<b> kto nie mia\u0142 stroju weselnego. <\/b>Z naszego, czysto ludzkiego punktu widzenia \u2013 je\u017celi wzi\u0105\u0107 dos\u0142ownie tre\u015b\u0107 opowiedzianej przez Jezusa przypowie\u015bci \u2013 mo\u017ce to troch\u0119 dziwi\u0107, bo w ko\u0144cu <b>to kr\u00f3l nalega\u0142,<\/b> by sala si\u0119 zape\u0142ni\u0142a! <\/span><\/span><\/span><\/p>\n<p align=\"justify\"><span style=\"color: #000000;\"><span style=\"font-family: Book Antiqua, serif;\"><span style=\"font-size: large;\">Wyda\u0142 nawet polecenie swoim s\u0142ugom: <i><b>Uczta wprawdzie jest gotowa, lecz zaproszeni nie byli jej godni. Id\u017acie wi\u0119c na rozstajne drogi i zapro\u015bcie na uczt\u0119 wszystkich, kt\u00f3rych spotkacie.<\/b><\/i><b> <\/b>Trudno zatem, by na rozstajnych drogach ludzie chodzili w sukniach i szatach od\u015bwi\u0119tnych! <b>Sk\u0105d wi\u0119c to zdziwienie kr\u00f3la?<\/b> Przecie\u017c nawet dzisiaj, kiedy r\u00f3\u017cne jad\u0142odajnie organizuj\u0105 posi\u0142ki dla ludzi bezdomnych i szczeg\u00f3lnie ubogich, to nikt tam si\u0119 nie spodziewa, <b>\u017ce przyjd\u0105 oni w garniturach! <\/b>Albo w sukniach wieczorowych. <\/span><\/span><\/span><\/p>\n<p align=\"justify\"><span style=\"color: #000000;\"><span style=\"font-family: Book Antiqua, serif;\"><span style=\"font-size: large;\">Dlatego reakcja kr\u00f3la mo\u017ce dziwi\u0107, zaskakiwa\u0107, jednak je\u017celi \u2013 po raz kolejny \u2013 u\u015bwiadomimy sobie, \u017ce poruszamy si\u0119 <b>na przestrzeni pewnego symbolu i metafory, <\/b><b>pewnej g\u0142\u0119bi my\u015bli, <\/b>to postaramy si\u0119 dostrzec tam g\u0142\u0119bsze przes\u0142anie. I bez problemu dostrze\u017cemy! Pomijaj\u0105c bowiem kwestie techniczne, sk\u0105d i jak owi go\u015bcie \u201ez op\u0142otk\u00f3w\u201d mieli zaopatrzy\u0107 si\u0119 w stroje weselne, zwracamy uwag\u0119 na to,<b> \u017ce maj\u0105 je mie\u0107. <\/b><\/span><\/span><\/span><\/p>\n<p align=\"justify\"><span style=\"color: #000000;\"><span style=\"font-family: Book Antiqua, serif;\"><span style=\"font-size: large;\">Czyli, \u017ce akcent ca\u0142ego Jezusowego przes\u0142ania nie jest po\u0142o\u017cony na sam udzia\u0142 w uczcie, ani na spos\u00f3b zaproszenia, ani na jakie\u015b nasze, ludzkie konwenanse, ale na <b>osobiste przygotowanie<\/b> ka\u017cdego z uczestnik\u00f3w do udzia\u0142u w spotkaniu. Po prostu, w uczcie wezm\u0105 udzia\u0142 <b>ci \u2013 i tylko ci! \u2013 kt\u00f3rzy b\u0119d\u0105 mieli str\u00f3j weselny.<\/b> Czyli ci, kt\u00f3rzy b\u0119d\u0105 do tego udzia\u0142u osobi\u015bcie przygotowani. <\/span><\/span><\/span><\/p>\n<p align=\"justify\"><span style=\"color: #000000;\"><span style=\"font-family: Book Antiqua, serif;\"><span style=\"font-size: large;\">I ten wym\u00f3g jest kategoryczny \u2013 po prostu, nie ma innej mo\u017cliwo\u015bci. <b>Nie ma od niego dyspensy.<\/b> Na S\u0105dzie Bo\u017cym nie b\u0119dzie mo\u017cna \u201eprzemkn\u0105\u0107\u201d jako\u015b po cichu, nie zauwa\u017conym, albo ukrywaj\u0105c swoje grzechy. Nie da si\u0119 <b>wysmykn\u0105\u0107 Bo\u017cej sprawiedliwo\u015bci,<\/b> Bo\u017cemu wejrzeniu. Ci, kt\u00f3rzy nie b\u0119d\u0105 mieli stroju weselnego \u2013 nie wejd\u0105 na Uczt\u0119. <\/span><\/span><\/span><\/p>\n<p align=\"justify\"><span style=\"color: #000000;\"><span style=\"font-family: Book Antiqua, serif;\"><span style=\"font-size: large;\">M\u00f3wi\u0105c wi\u0119c wprost: ci, kt\u00f3rzy nie b\u0119d\u0105 w stanie \u0142aski u\u015bwi\u0119caj\u0105cej, w stanie przyja\u017ani z Bogiem \u2013 <b>nie b\u0119d\u0105 zbawieni.<\/b> Ostro\u015b\u0107 wymagania, postawionego przez kr\u00f3la owemu \u017ale ubranemu go\u015bciowi, chocia\u017c <b>mo\u017ce nas nieco dziwi\u0107,<\/b> ma nam jednak u\u015bwiadomi\u0107, \u017ce trzeba by\u0107 <b>koniecznie dobrze przygotowanym<\/b> na udzia\u0142 w uczcie wiecznego Kr\u00f3la. I to ju\u017c zale\u017cy od nas. <\/span><\/span><\/span><\/p>\n<p align=\"justify\"><span style=\"color: #000000;\"><span style=\"font-family: Book Antiqua, serif;\"><span style=\"font-size: large;\">Od nas zale\u017cy, w co si\u0119 ubierzemy, jak si\u0119 przygotujemy. Mamy ku temu <b>bardzo wiele mo\u017cliwo\u015bci.<\/b> Dlatego kiedy staniemy u drzwi Domu Ojca, aby wej\u015b\u0107 na uczt\u0119, a nie b\u0119dziemy odpowiednio przygotowani, to w tym momencie ju\u017c <b>nie b\u0119dziemy mogli si\u0119 t\u0142umaczy\u0107:<\/b> \u201eA ja nie wiedzia\u0142em\u201d, \u201eA ja zapomnia\u0142em\u201d, \u201eA mi znowu jako\u015b tak wysz\u0142o\u201d\u2026 Na to wszystko b\u0119dzie ju\u017c za p\u00f3\u017ano. W tym momencie b\u0119dzie jasne rozstrzygni\u0119cie: albo wej\u015bcie na uczt\u0119, albo <i><b>na zewn\u0105trz w ciemno\u015bci. Tam b\u0119dzie p\u0142acz i zgrzytanie z\u0119b\u00f3w. <\/b><\/i><\/span><\/span><\/span><\/p>\n<p align=\"justify\"><span style=\"color: #000000;\"><span style=\"font-family: Book Antiqua, serif;\"><span style=\"font-size: large;\">Zadbajmy wi\u0119c o str\u00f3j weselny! Zadbajmy o t\u0119 odpowiedni\u0105 szat\u0119! Czyli \u2013 uczy\u0144my nasz\u0105 dusz\u0119<b> pi\u0119kn\u0105 i czyst\u0105,<\/b> na spotkanie z Panem! <b>Nie tylko na to ostateczne spotkanie, <\/b>ale na to \u2013 oby jak najcz\u0119stsze, a cho\u0107by nawet codzienne \u2013 <b>spotykanie si\u0119 z Panem w Komunii \u015awi\u0119tej.<\/b> <\/span><\/span><\/span><\/p>\n<p align=\"justify\"><span style=\"color: #000000;\"><span style=\"font-family: Book Antiqua, serif;\"><span style=\"font-size: large;\">Dlatego postarajmy si\u0119, aby nasza Spowied\u017a by\u0142a <b>nie rzadziej, jak co miesi\u0105c<\/b> \u2013 a je\u015bli trzeba, to i cz\u0119\u015bciej \u2013 by m\u00f3c na ka\u017cdej Mszy \u015awi\u0119tej przyjmowa\u0107 Komuni\u0119 \u015awi\u0119t\u0105. I zr\u00f3bmy wszystko, aby <b>nie opu\u015bci\u0107 nigdy Mszy \u015awi\u0119tej,<\/b> w \u017cadn\u0105 niedziel\u0119, a je\u015bli pojawi\u0105 si\u0119 tak mo\u017cliwo\u015bci, to p\u00f3jd\u017amy r\u00f3wnie\u017c i w tygodniu\u2026 I zapraszajmy Jezusa do serca w Komunii \u015awi\u0119tej! <\/span><\/span><\/span><\/p>\n<p align=\"justify\"><span style=\"color: #000000;\"><span style=\"font-family: Book Antiqua, serif;\"><span style=\"font-size: large;\">Ale stan \u0142aski u\u015bwi\u0119caj\u0105cej potrzebny jest tak\u017ce do tego, aby <b>nasza modlitwa<\/b> by\u0142a czym\u015b wi\u0119cej, ni\u017c tylko powtarzaniem s\u0142\u00f3w, albo spe\u0142nianiem praktyk dla samych praktyk. Ona ma nas prowadzi\u0107 do pe\u0142nej, serdecznej, mocnej, g\u0142\u0119bokiej, wr\u0119cz <b>intymnej wi\u0119zi z <\/b><b>Jezusem<\/b><b>. <\/b>A takiej wi\u0119zi nie da si\u0119 zbudowa\u0107, kiedy serce jest zagracone, czym si\u0119 tylko da, jedynie dla Boga brakuje tam miejsca. Oczy\u015b\u0107my nasze serce, <b>uwolnijmy nasze sumienie z brudu grzechu<\/b> \u2013 starajmy si\u0119 je na bie\u017c\u0105co obmywa\u0107. <\/span><\/span><\/span><\/p>\n<p align=\"justify\"><span style=\"color: #000000;\"><span style=\"font-family: Book Antiqua, serif;\"><span style=\"font-size: large;\">I <b>nape\u0142niajmy to nasze serce tym, co dobre, <\/b>co warto\u015bciowe, co Bo\u017ce \u2013 jak nam to ostatnio przypomnia\u0142 i zach\u0119ci\u0142 nas do tego Ksi\u0105dz Marek, w pi\u0105tkowym s\u0142\u00f3wku. Przede wszystkim, nape\u0142niajmy je <b>eucharystyczn\u0105 Obecno\u015bci\u0105 Pana, <\/b>ale te\u017c Jego s\u0142owem, ale te\u017c innymi, warto\u015bciowymi tre\u015bciami, kt\u00f3re mo\u017cemy us\u0142ysze\u0107 i lub przeczyta\u0107 \u2013 w\u0142a\u015bciwie na ka\u017cdym kroku. Dzisiaj tych mo\u017cliwo\u015bci <b>naprawd\u0119 du\u017co mamy<\/b> i Bo\u017cy g\u0142os, Bo\u017ce przes\u0142anie, Bo\u017ce s\u0142owo i Bo\u017ce dary mamy na wyci\u0105gni\u0119cie r\u0119ki. Tylko nam si\u0119 nieraz nawet wyci\u0105gn\u0105\u0107 nie chce\u2026 <\/span><\/span><\/span><\/p>\n<p align=\"justify\"><span style=\"color: #000000;\"><span style=\"font-family: Book Antiqua, serif;\"><span style=\"font-size: large;\">Naprawd\u0119, nic nie stoi na przeszkodzie, aby\u015bmy zawsze byli <b>odziani w str\u00f3j weselny. <\/b>Nic nie stoi na przeszkodzie, aby\u015bmy mogli wzi\u0105\u0107 udzia\u0142 w Uczcie eucharystycznej, a dzi\u0119ki temu, w przysz\u0142o\u015bci \u2013 <b>w wiecznej Uczcie zbawionych.<\/b> To naprawd\u0119 od nas zale\u017cy! Od nas zale\u017cy, czy b\u0119dziemy szcz\u0119\u015bliwi w wieczno\u015bci. Ale te\u017c i to, czy b\u0119dziemy <b>szcz\u0119\u015bliwi ju\u017c teraz, <\/b>na ziemi, w doczesno\u015bci. <\/span><\/span><\/span><\/p>\n<p align=\"justify\"><span style=\"color: #000000;\"><span style=\"font-family: Book Antiqua, serif;\"><span style=\"font-size: large;\">Tak, jak \u015awi\u0119ty Pawe\u0142, kt\u00f3ry w drugim czytaniu, z Listu do Filipian, pisze: <i><b>Umiem cierpie\u0107 bied\u0119, umiem i obfitowa\u0107. Do wszystkich w og\u00f3le warunk\u00f3w jestem zaprawiony: i by\u0107 sytym, i g\u0142\u00f3d cierpie\u0107, obfitowa\u0107 i doznawa\u0107 niedostatku. Wszystko mog\u0119 w Tym, kt\u00f3ry mnie umacnia.<\/b><\/i><b> <\/b>Mocne to zdanie ostatnie, prawda? <i><b>Wszystko mog\u0119 w Tym, kt\u00f3ry mnie umacnia. <\/b><\/i>Podobnie, jak i to: <i><b>A<\/b><\/i><b> <\/b><i><b>B\u00f3g m\u00f3j wed\u0142ug swego bogactwa zaspokoi wspaniale w Chrystusie Jezusie ka\u017cd\u0105 wasz\u0105 potrzeb\u0119.<\/b><\/i><b> <\/b><\/span><\/span><\/span><\/p>\n<p align=\"justify\"><span style=\"color: #000000;\"><span style=\"font-family: Book Antiqua, serif;\"><span style=\"font-size: large;\">Padaj\u0105 tu dwa s\u0142owa, oznaczaj\u0105ce pewn\u0105 ostateczno\u015b\u0107, absolutno\u015b\u0107: \u00abmog\u0119<b> wszystko<\/b><b>\u00bb<\/b><b>,<\/b> oraz \u00abzaspokoi <b>ka\u017cd\u0105<\/b> potrzeb\u0119\u00bb. Zapewne budz\u0105 si\u0119 w nas niejakie w\u0105tpliwo\u015bci, czy Aposto\u0142 nieco nie przesadza,<b> <\/b>bo<b> <\/b><b>\u00ab<\/b><b>wszystko<\/b><b>\u00bb<\/b><b> to mo\u017ce tylko B\u00f3g,<\/b> a <b>\u00ab<\/b><b>ka\u017cdej<\/b><b>\u00bb<\/b><b> potrzeby chyba <\/b><b>te\u017c <\/b><b>nie zaspokoi \u2013<\/b> przynajmniej nie od razu \u2013 bo do\u015bwiadczenie \u017cyciowe podpowiada nam, ze czasami o co\u015b prosimy, na co\u015b liczymy, a wcale tego nie otrzymujemy. <\/span><\/span><\/span><\/p>\n<p align=\"justify\"><span style=\"color: #000000;\"><span style=\"font-family: Book Antiqua, serif;\"><span style=\"font-size: large;\">Jednak i w tym momencie musimy<b> odnie\u015b\u0107 si\u0119 do tego Bo\u017cego sposobu my\u015blenia<\/b> i u\u015bwiadomi\u0107 sobie, \u017ce m\u00f3wimy o \u00abwszystkim\u00bb w\u0142a\u015bnie <b>w Bo\u017cych kategoriach,<\/b> a wi\u0119c o tym, co jest nam potrzebne do osi\u0105gni\u0119cia zbawienia. I je\u015bli idzie o to \u00abwszystko\u00bb, co cz\u0142owiek mo\u017ce, to tak\u017ce: chodzi tu <b>o wszystko, co dobre<\/b> i co potrzebne do pe\u0142nego zjednoczenia z Jezusem. A s\u0105 to cz\u0119sto naprawd\u0119 wielki rzeczy. <\/span><\/span><\/span><\/p>\n<p align=\"justify\"><span style=\"color: #000000;\"><span style=\"font-family: Book Antiqua, serif;\"><span style=\"font-size: large;\">Ci, kt\u00f3rych umacnia Pan, nawet w czysto ludzkim odbiorze \u2013 <b>naprawd\u0119 mog\u0105 wszystko! <\/b>A przynajmniej \u2013 bardzo du\u017co! S\u0105 duchowo mocni, nie straszne im \u017cyciowe przeciwno\u015bci, nie za\u0142amuj\u0105 si\u0119 pod wp\u0142ywem r\u00f3\u017cnych okoliczno\u015bci, <b>nie daj\u0105 si\u0119 zara\u017ca\u0107 wirusom zw\u0105tpienia, stagnacji, czy l\u0119ku.<\/b> Owszem, prze\u017cywaj\u0105 trudne chwile, niekiedy jest im naprawd\u0119 bardzo ci\u0119\u017cko! Ale nigdy nie za\u0142amuj\u0105 si\u0119 tak totalnie i nie poddaj\u0105 rezygnacji, zniech\u0119ceniu, czy niekiedy wr\u0119cz rozpaczy! Na tym polega owo wszystko, kt\u00f3re Pan daje.<\/span><\/span><\/span><\/p>\n<p align=\"justify\"><span style=\"color: #000000;\"><span style=\"font-family: Book Antiqua, serif;\"><span style=\"font-size: large;\">Zreszt\u0105 zauwa\u017cmy: nawet w zacytowanych tu s\u0142owach nie odnajdujemy stwierdzenia, \u017ce Pawe\u0142 \u2013 w tym ludzkim, doczesnym wymiarze \u2013 <b>ma wszystko. Nie! <\/b>Pisze wprost, \u017ce umie obfitowa\u0107, ale <b>umie te\u017c cierpie\u0107 bied\u0119. <\/b>Czyli \u2013 nie ma wszystkiego! Mo\u017ce nawet niekiedy odczuwa\u0142 znacz\u0105cy brak tego, czy owego. Ale za to <b>duchowo by\u0142 bogaty, bo \u017cy\u0142 w przyja\u017ani z Jezusem! <\/b>By\u0142 przed swoim Mistrzem zawsze ubrany w str\u00f3j weselny!<\/span><\/span><\/span><\/p>\n<p align=\"justify\"><span style=\"color: #000000;\"><span style=\"font-family: Book Antiqua, serif;\"><span style=\"font-size: large;\">I kiedy Jezus dzisiaj, w zako\u0144czeniu Ewangelii, m\u00f3wi, \u017ce <i><b>wielu jest powo\u0142anych, lecz ma\u0142o wybranych, <\/b><\/i>to w\u0142a\u015bnie nawi\u0105zuje do tego, \u017ce wielu jest na Uczt\u0119 zaproszonych \u2013 wszyscy s\u0105 przecie\u017c zaproszeni \u2013 a <b>tak ma\u0142o z tego zaproszenia korzysta! <\/b><\/span><\/span><\/span><\/p>\n<p align=\"justify\"><span style=\"color: #000000;\"><span style=\"font-family: Book Antiqua, serif;\"><span style=\"font-size: large;\">Dlatego, moi Drodzy, <b>my skorzystajmy! <\/b>Zadbajmy o to, aby zawsze mie\u0107 na sobie \u00f3w <b>duchowy str\u00f3j, <\/b>pancerz wiary, zbroj\u0119 Bo\u017cej mocy! A w\u00f3wczas nie tylko b\u0119dziemy mogli by\u0107 pewni zaproszenia na wieczn\u0105 Uczt\u0119, ale ju\u017c tu na ziemi staniemy si\u0119 <b>odporni na te wszystkie uderzenia,<\/b> jakie funduje nam dzisiejszy \u015bwiat. Mo\u017cemy by\u0107 na to <b>naprawd\u0119 odporni! <\/b>Mo\u017cemy by\u0107 <b>duchowo bardzo mocni \u2013 wr\u0119cz niezwyci\u0119\u017ceni! <\/b><\/span><\/span><\/span><\/p>\n<p align=\"justify\"><span style=\"color: #000000;\"><span style=\"font-family: Book Antiqua, serif;\"><span style=\"font-size: large;\">Je\u015bli tylko zechcemy\u2026<\/span><\/span><\/span><\/p>\n<p align=\"justify\">\n<p align=\"justify\">\n<p align=\"justify\">\n<p align=\"justify\">\n<p align=\"justify\">\n<p align=\"center\"><span style=\"color: #000000;\"><span style=\"font-family: Book Antiqua, serif;\"><span style=\"font-size: large;\"><b>A OTO WSPOMNIANE ARTYKU\u0141Y:<\/b><\/span><\/span><\/span><\/p>\n<p align=\"center\">\n<p align=\"center\">\n<p align=\"center\">\n<p align=\"center\">\n<p align=\"center\">\n<p align=\"justify\"><span style=\"color: #000000;\"><span style=\"font-family: Book Antiqua, serif;\"><span style=\"font-size: medium;\"><a href=\"https:\/\/dorzeczy.pl\/kraj\/156590\/prof-ryszard-rutkowski-rzad-jest-oporny-na-argumenty-maseczki-nie-chronia-przed-wirusami.html\"><span style=\"font-size: large;\">https:\/\/dorzeczy.pl\/kraj\/156590\/prof-ryszard-rutkowski-rzad-jest-oporny-na-argumenty-maseczki-nie-chronia-przed-wirusami.html<\/span><\/a><\/span><\/span><\/span><\/p>\n<p align=\"justify\"><span style=\"color: #000000;\"><span style=\"font-family: Book Antiqua, serif;\"><span style=\"font-size: medium;\"><a href=\"https:\/\/dorzeczy.pl\/kraj\/156568\/kwasniewski-apele-wladz-ws-noszenia-maseczek-maja-charakter-prosby-nie-stoi-za-tym-mozliwosc-sankcji.html\"><span style=\"font-size: large;\">https:\/\/dorzeczy.pl\/kraj\/156568\/kwasniewski-apele-wladz-ws-noszenia-maseczek-maja-charakter-prosby-nie-stoi-za-tym-mozliwosc-sankcji.html<\/span><\/a><\/span><\/span><\/span><\/p>\n<p align=\"justify\"><span style=\"color: #000000;\"><span style=\"font-family: Book Antiqua, serif;\"><span style=\"font-size: medium;\"><a href=\"https:\/\/www.pch24.pl\/prezes-ordo-iuris-o-rzadowych-obostrzeniach--grozby-zamiast-debaty,78981,i.html\"><span style=\"font-size: large;\">https:\/\/www.pch24.pl\/prezes-ordo-iuris-o-rzadowych-obostrzeniach&#8211;grozby-zamiast-debaty,78981,i.html<\/span><\/a><\/span><\/span><\/span><\/p>\n<p align=\"justify\"><span style=\"color: #000000;\"><span style=\"font-family: Book Antiqua, serif;\"><span style=\"font-size: medium;\"><a href=\"https:\/\/wpolityce.pl\/spoleczenstwo\/521235-wyglada-na-to-ze-i-tak-dojdziemy-do-odpornosci-stadnej\"><span style=\"font-size: large;\">https:\/\/wpolityce.pl\/spoleczenstwo\/521235-wyglada-na-to-ze-i-tak-dojdziemy-do-odpornosci-stadnej<\/span><\/a><\/span><\/span><\/span><\/p>\n<p align=\"justify\"><span style=\"color: #000000;\"><span style=\"font-family: Book Antiqua, serif;\"><span style=\"font-size: medium;\"><a href=\"https:\/\/wpolityce.pl\/polityka\/520996-nie-unikniemy-dyskusji-o-adekwatnej-reakcji-na-problem-covid\"><span style=\"font-size: large;\">https:\/\/wpolityce.pl\/polityka\/520996-nie-unikniemy-dyskusji-o-adekwatnej-reakcji-na-problem-covid<\/span><\/a><\/span><\/span><\/span><\/p>\n<p align=\"justify\"><span style=\"color: #000000;\"><span style=\"font-family: Book Antiqua, serif;\"><span style=\"font-size: medium;\"><a href=\"https:\/\/www.pch24.pl\/prof--flisiak-o-sztucznym-liczeniu-chorych-na-covid--ich-prawdziwa-liczba-jest-duzo-mniejsza,78921,i.html\"><span style=\"font-size: large;\">https:\/\/www.pch24.pl\/prof&#8211;flisiak-o-sztucznym-liczeniu-chorych-na-covid&#8211;ich-prawdziwa-liczba-jest-duzo-mniejsza,78921,i.html<\/span><\/a><\/span><\/span><\/span><\/p>\n<p align=\"justify\"><span style=\"color: #000000;\"><span style=\"font-family: Book Antiqua, serif;\"><span style=\"font-size: medium;\"><a href=\"https:\/\/www.pch24.pl\/ks--jacek-grzybowski--zostalismy-ksiezmi--by-budowac-kosciol--a-nie-dbac-o-sanitarna-czystosc,78866,i.html\"><span style=\"font-size: large;\">https:\/\/www.pch24.pl\/ks&#8211;jacek-grzybowski&#8211;zostalismy-ksiezmi&#8211;by-budowac-kosciol&#8211;a-nie-dbac-o-sanitarna-czystosc,78866,i.html<\/span><\/a><\/span><\/span><\/span><\/p>\n<p align=\"justify\"><span style=\"color: #000000;\"><span style=\"font-family: Book Antiqua, serif;\"><span style=\"font-size: medium;\"><a href=\"https:\/\/www.pch24.pl\/minister-zdrowia-grozi-surowymi-karami--odpowiada-mu-maciej-pawlicki,78897,i.html\"><span style=\"font-size: large;\">https:\/\/www.pch24.pl\/minister-zdrowia-grozi-surowymi-karami&#8211;odpowiada-mu-maciej-pawlicki,78897,i.html<\/span><\/a><\/span><\/span><\/span><\/p>\n<p align=\"justify\"><span style=\"color: #000000;\"><span style=\"font-family: Book Antiqua, serif;\"><span style=\"font-size: medium;\"><a href=\"https:\/\/swprs.org\/fakty-o-covid-19\/\"><span style=\"font-size: large;\">https:\/\/swprs.org\/fakty-o-covid-19\/<\/span><\/a><\/span><\/span><\/span><\/p>\n<p align=\"justify\"><span style=\"color: #000000;\"><span style=\"font-family: Book Antiqua, serif;\"><span style=\"font-size: medium;\"><a href=\"https:\/\/www.pch24.pl\/jesien--swieta-i-zaskakujacy-wzrost-poboznosci-wirusa,78928,i.html\"><span style=\"font-size: large;\">https:\/\/www.pch24.pl\/jesien&#8211;swieta-i-zaskakujacy-wzrost-poboznosci-wirusa,78928,i.html<\/span><\/a><\/span><\/span><\/span><\/p>\n<p align=\"justify\"><span style=\"color: #000000;\"><span style=\"font-family: Book Antiqua, serif;\"><span style=\"font-size: medium;\"><a href=\"https:\/\/www.pch24.pl\/koszmar-z-ulicy-miodowej-powraca--niedzielski-drugim-szumowskim,78945,i.html\"><span style=\"font-size: large;\">https:\/\/www.pch24.pl\/koszmar-z-ulicy-miodowej-powraca&#8211;niedzielski-drugim-szumowskim,78945,i.html<\/span><\/a><\/span><\/span><\/span><\/p>\n","protected":false},"excerpt":{"rendered":"<p>Niech b\u0119dzie pochwalony Jezus Chrystus! Moi Drodzy, w dniu dzisiejszym imieniny prze\u017cywa Siostra Aldona Deczewska, Franciszkanka Misjonarka Maryi, kt\u00f3r\u0105 mia\u0142em przyjemno\u015b\u0107 pozna\u0107 i wielokrotnie spotyka\u0107 w Lublinie. Niech Pan Jej b\u0142ogos\u0142awi w realizacji powo\u0142ania zakonnego! Zapewniam o modlitwie! Moi Drodzy, w kontek\u015bcie tego, co aktualnie prze\u017cywamy w naszej Ojczy\u017anie, a tak\u017ce w Europie i na [&hellip;]<\/p>\n","protected":false},"author":1,"featured_media":0,"comment_status":"open","ping_status":"open","sticky":false,"template":"","format":"standard","meta":{"jetpack_post_was_ever_published":false,"_jetpack_newsletter_access":"","_jetpack_dont_email_post_to_subs":false,"_jetpack_newsletter_tier_id":0,"_jetpack_memberships_contains_paywalled_content":false,"_jetpack_memberships_contains_paid_content":false,"footnotes":""},"categories":[1],"tags":[],"class_list":["post-18039","post","type-post","status-publish","format-standard","hentry","category-bez-kategorii"],"yoast_head":"<!-- This site is optimized with the Yoast SEO plugin v25.1 - https:\/\/yoast.com\/wordpress\/plugins\/seo\/ -->\n<title>Mocni duchem! - Gaudium Et Spes<\/title>\n<meta name=\"robots\" content=\"index, follow, max-snippet:-1, max-image-preview:large, max-video-preview:-1\" \/>\n<link rel=\"canonical\" href=\"https:\/\/gaudiumetspes-blog.pl\/index.php\/2020\/10\/11\/mocni-duchem\/\" \/>\n<meta property=\"og:locale\" content=\"pl_PL\" \/>\n<meta property=\"og:type\" content=\"article\" \/>\n<meta property=\"og:title\" content=\"Mocni duchem! - Gaudium Et Spes\" \/>\n<meta property=\"og:description\" content=\"Niech b\u0119dzie pochwalony Jezus Chrystus! Moi Drodzy, w dniu dzisiejszym imieniny prze\u017cywa Siostra Aldona Deczewska, Franciszkanka Misjonarka Maryi, kt\u00f3r\u0105 mia\u0142em przyjemno\u015b\u0107 pozna\u0107 i wielokrotnie spotyka\u0107 w Lublinie. Niech Pan Jej b\u0142ogos\u0142awi w realizacji powo\u0142ania zakonnego! Zapewniam o modlitwie! Moi Drodzy, w kontek\u015bcie tego, co aktualnie prze\u017cywamy w naszej Ojczy\u017anie, a tak\u017ce w Europie i na [&hellip;]\" \/>\n<meta property=\"og:url\" content=\"https:\/\/gaudiumetspes-blog.pl\/index.php\/2020\/10\/11\/mocni-duchem\/\" \/>\n<meta property=\"og:site_name\" content=\"Gaudium Et Spes\" \/>\n<meta property=\"article:published_time\" content=\"2020-10-11T04:44:31+00:00\" \/>\n<meta name=\"author\" content=\"Ks. Jacek\" \/>\n<meta name=\"twitter:card\" content=\"summary_large_image\" \/>\n<meta name=\"twitter:label1\" content=\"Napisane przez\" \/>\n\t<meta name=\"twitter:data1\" content=\"Ks. Jacek\" \/>\n\t<meta name=\"twitter:label2\" content=\"Szacowany czas czytania\" \/>\n\t<meta name=\"twitter:data2\" content=\"16 minut\" \/>\n<script type=\"application\/ld+json\" class=\"yoast-schema-graph\">{\"@context\":\"https:\/\/schema.org\",\"@graph\":[{\"@type\":\"WebPage\",\"@id\":\"https:\/\/gaudiumetspes-blog.pl\/index.php\/2020\/10\/11\/mocni-duchem\/\",\"url\":\"https:\/\/gaudiumetspes-blog.pl\/index.php\/2020\/10\/11\/mocni-duchem\/\",\"name\":\"Mocni duchem! - Gaudium Et Spes\",\"isPartOf\":{\"@id\":\"https:\/\/gaudiumetspes-blog.pl\/#website\"},\"datePublished\":\"2020-10-11T04:44:31+00:00\",\"author\":{\"@id\":\"https:\/\/gaudiumetspes-blog.pl\/#\/schema\/person\/1661982992b752dea8dff0d4ed845a65\"},\"breadcrumb\":{\"@id\":\"https:\/\/gaudiumetspes-blog.pl\/index.php\/2020\/10\/11\/mocni-duchem\/#breadcrumb\"},\"inLanguage\":\"pl-PL\",\"potentialAction\":[{\"@type\":\"ReadAction\",\"target\":[\"https:\/\/gaudiumetspes-blog.pl\/index.php\/2020\/10\/11\/mocni-duchem\/\"]}]},{\"@type\":\"BreadcrumbList\",\"@id\":\"https:\/\/gaudiumetspes-blog.pl\/index.php\/2020\/10\/11\/mocni-duchem\/#breadcrumb\",\"itemListElement\":[{\"@type\":\"ListItem\",\"position\":1,\"name\":\"Strona g\u0142\u00f3wna\",\"item\":\"https:\/\/gaudiumetspes-blog.pl\/\"},{\"@type\":\"ListItem\",\"position\":2,\"name\":\"Mocni duchem!\"}]},{\"@type\":\"WebSite\",\"@id\":\"https:\/\/gaudiumetspes-blog.pl\/#website\",\"url\":\"https:\/\/gaudiumetspes-blog.pl\/\",\"name\":\"Gaudium Et Spes\",\"description\":\"Blog Ks. Jacka Ja\u015bkowskiego\",\"potentialAction\":[{\"@type\":\"SearchAction\",\"target\":{\"@type\":\"EntryPoint\",\"urlTemplate\":\"https:\/\/gaudiumetspes-blog.pl\/?s={search_term_string}\"},\"query-input\":{\"@type\":\"PropertyValueSpecification\",\"valueRequired\":true,\"valueName\":\"search_term_string\"}}],\"inLanguage\":\"pl-PL\"},{\"@type\":\"Person\",\"@id\":\"https:\/\/gaudiumetspes-blog.pl\/#\/schema\/person\/1661982992b752dea8dff0d4ed845a65\",\"name\":\"Ks. Jacek\",\"image\":{\"@type\":\"ImageObject\",\"inLanguage\":\"pl-PL\",\"@id\":\"https:\/\/gaudiumetspes-blog.pl\/#\/schema\/person\/image\/\",\"url\":\"https:\/\/gaudiumetspes-blog.pl\/wp-content\/uploads\/2019\/07\/avatar-JJ-150x150.jpg\",\"contentUrl\":\"https:\/\/gaudiumetspes-blog.pl\/wp-content\/uploads\/2019\/07\/avatar-JJ-150x150.jpg\",\"caption\":\"Ks. Jacek\"},\"description\":\"Witam serdecznie! K\u0142ania si\u0119 Ks. Jacek Ja\u015bkowski. Nie jestem ani kim\u015b wa\u017cnym, ani kim\u015b znanym. Jestem ksi\u0119dzem, kt\u00f3ry po prostu chce rozmawia\u0107. Codzienna kap\u0142a\u0144ska pos\u0142uga pokazuje mi, \u017ce temat\u00f3w do rozm\u00f3w z ksi\u0119dzem jest coraz wi\u0119cej i dzisiaj \u017caden ksi\u0105dz nie mo\u017ce od nich ucieka\u0107, ale - wprost przeciwnie - podejmowa\u0107 nowe wyzwania. To przekonanie sk\u0142oni\u0142o mnie do pr\u00f3by otwarcia tego\u017c bloga, chocia\u017c okazji do rozm\u00f3w na co dzie\u0144 - w konfesjonale i poza nim - na szcz\u0119\u015bcie nie brakuje. My\u015bl\u0119 jednak, \u017ce ten blog b\u0119dzie jeszcze jednym sposobem i przestrzeni\u0105 nawi\u0105zania kontaktu z lud\u017ami dobrej woli, otwartymi na dialog.\",\"url\":\"https:\/\/gaudiumetspes-blog.pl\/index.php\/author\/ks-jacek\/\"}]}<\/script>\n<!-- \/ Yoast SEO plugin. -->","yoast_head_json":{"title":"Mocni duchem! - Gaudium Et Spes","robots":{"index":"index","follow":"follow","max-snippet":"max-snippet:-1","max-image-preview":"max-image-preview:large","max-video-preview":"max-video-preview:-1"},"canonical":"https:\/\/gaudiumetspes-blog.pl\/index.php\/2020\/10\/11\/mocni-duchem\/","og_locale":"pl_PL","og_type":"article","og_title":"Mocni duchem! - Gaudium Et Spes","og_description":"Niech b\u0119dzie pochwalony Jezus Chrystus! Moi Drodzy, w dniu dzisiejszym imieniny prze\u017cywa Siostra Aldona Deczewska, Franciszkanka Misjonarka Maryi, kt\u00f3r\u0105 mia\u0142em przyjemno\u015b\u0107 pozna\u0107 i wielokrotnie spotyka\u0107 w Lublinie. Niech Pan Jej b\u0142ogos\u0142awi w realizacji powo\u0142ania zakonnego! Zapewniam o modlitwie! Moi Drodzy, w kontek\u015bcie tego, co aktualnie prze\u017cywamy w naszej Ojczy\u017anie, a tak\u017ce w Europie i na [&hellip;]","og_url":"https:\/\/gaudiumetspes-blog.pl\/index.php\/2020\/10\/11\/mocni-duchem\/","og_site_name":"Gaudium Et Spes","article_published_time":"2020-10-11T04:44:31+00:00","author":"Ks. Jacek","twitter_card":"summary_large_image","twitter_misc":{"Napisane przez":"Ks. Jacek","Szacowany czas czytania":"16 minut"},"schema":{"@context":"https:\/\/schema.org","@graph":[{"@type":"WebPage","@id":"https:\/\/gaudiumetspes-blog.pl\/index.php\/2020\/10\/11\/mocni-duchem\/","url":"https:\/\/gaudiumetspes-blog.pl\/index.php\/2020\/10\/11\/mocni-duchem\/","name":"Mocni duchem! - Gaudium Et Spes","isPartOf":{"@id":"https:\/\/gaudiumetspes-blog.pl\/#website"},"datePublished":"2020-10-11T04:44:31+00:00","author":{"@id":"https:\/\/gaudiumetspes-blog.pl\/#\/schema\/person\/1661982992b752dea8dff0d4ed845a65"},"breadcrumb":{"@id":"https:\/\/gaudiumetspes-blog.pl\/index.php\/2020\/10\/11\/mocni-duchem\/#breadcrumb"},"inLanguage":"pl-PL","potentialAction":[{"@type":"ReadAction","target":["https:\/\/gaudiumetspes-blog.pl\/index.php\/2020\/10\/11\/mocni-duchem\/"]}]},{"@type":"BreadcrumbList","@id":"https:\/\/gaudiumetspes-blog.pl\/index.php\/2020\/10\/11\/mocni-duchem\/#breadcrumb","itemListElement":[{"@type":"ListItem","position":1,"name":"Strona g\u0142\u00f3wna","item":"https:\/\/gaudiumetspes-blog.pl\/"},{"@type":"ListItem","position":2,"name":"Mocni duchem!"}]},{"@type":"WebSite","@id":"https:\/\/gaudiumetspes-blog.pl\/#website","url":"https:\/\/gaudiumetspes-blog.pl\/","name":"Gaudium Et Spes","description":"Blog Ks. Jacka Ja\u015bkowskiego","potentialAction":[{"@type":"SearchAction","target":{"@type":"EntryPoint","urlTemplate":"https:\/\/gaudiumetspes-blog.pl\/?s={search_term_string}"},"query-input":{"@type":"PropertyValueSpecification","valueRequired":true,"valueName":"search_term_string"}}],"inLanguage":"pl-PL"},{"@type":"Person","@id":"https:\/\/gaudiumetspes-blog.pl\/#\/schema\/person\/1661982992b752dea8dff0d4ed845a65","name":"Ks. Jacek","image":{"@type":"ImageObject","inLanguage":"pl-PL","@id":"https:\/\/gaudiumetspes-blog.pl\/#\/schema\/person\/image\/","url":"https:\/\/gaudiumetspes-blog.pl\/wp-content\/uploads\/2019\/07\/avatar-JJ-150x150.jpg","contentUrl":"https:\/\/gaudiumetspes-blog.pl\/wp-content\/uploads\/2019\/07\/avatar-JJ-150x150.jpg","caption":"Ks. Jacek"},"description":"Witam serdecznie! K\u0142ania si\u0119 Ks. Jacek Ja\u015bkowski. Nie jestem ani kim\u015b wa\u017cnym, ani kim\u015b znanym. Jestem ksi\u0119dzem, kt\u00f3ry po prostu chce rozmawia\u0107. Codzienna kap\u0142a\u0144ska pos\u0142uga pokazuje mi, \u017ce temat\u00f3w do rozm\u00f3w z ksi\u0119dzem jest coraz wi\u0119cej i dzisiaj \u017caden ksi\u0105dz nie mo\u017ce od nich ucieka\u0107, ale - wprost przeciwnie - podejmowa\u0107 nowe wyzwania. To przekonanie sk\u0142oni\u0142o mnie do pr\u00f3by otwarcia tego\u017c bloga, chocia\u017c okazji do rozm\u00f3w na co dzie\u0144 - w konfesjonale i poza nim - na szcz\u0119\u015bcie nie brakuje. My\u015bl\u0119 jednak, \u017ce ten blog b\u0119dzie jeszcze jednym sposobem i przestrzeni\u0105 nawi\u0105zania kontaktu z lud\u017ami dobrej woli, otwartymi na dialog.","url":"https:\/\/gaudiumetspes-blog.pl\/index.php\/author\/ks-jacek\/"}]}},"jetpack_featured_media_url":"","jetpack_sharing_enabled":true,"_links":{"self":[{"href":"https:\/\/gaudiumetspes-blog.pl\/index.php\/wp-json\/wp\/v2\/posts\/18039","targetHints":{"allow":["GET"]}}],"collection":[{"href":"https:\/\/gaudiumetspes-blog.pl\/index.php\/wp-json\/wp\/v2\/posts"}],"about":[{"href":"https:\/\/gaudiumetspes-blog.pl\/index.php\/wp-json\/wp\/v2\/types\/post"}],"author":[{"embeddable":true,"href":"https:\/\/gaudiumetspes-blog.pl\/index.php\/wp-json\/wp\/v2\/users\/1"}],"replies":[{"embeddable":true,"href":"https:\/\/gaudiumetspes-blog.pl\/index.php\/wp-json\/wp\/v2\/comments?post=18039"}],"version-history":[{"count":1,"href":"https:\/\/gaudiumetspes-blog.pl\/index.php\/wp-json\/wp\/v2\/posts\/18039\/revisions"}],"predecessor-version":[{"id":18040,"href":"https:\/\/gaudiumetspes-blog.pl\/index.php\/wp-json\/wp\/v2\/posts\/18039\/revisions\/18040"}],"wp:attachment":[{"href":"https:\/\/gaudiumetspes-blog.pl\/index.php\/wp-json\/wp\/v2\/media?parent=18039"}],"wp:term":[{"taxonomy":"category","embeddable":true,"href":"https:\/\/gaudiumetspes-blog.pl\/index.php\/wp-json\/wp\/v2\/categories?post=18039"},{"taxonomy":"post_tag","embeddable":true,"href":"https:\/\/gaudiumetspes-blog.pl\/index.php\/wp-json\/wp\/v2\/tags?post=18039"}],"curies":[{"name":"wp","href":"https:\/\/api.w.org\/{rel}","templated":true}]}}