{"id":18043,"date":"2020-10-12T07:49:50","date_gmt":"2020-10-12T05:49:50","guid":{"rendered":"https:\/\/gaudiumetspes-blog.pl\/?p=18043"},"modified":"2020-10-12T07:49:50","modified_gmt":"2020-10-12T05:49:50","slug":"ku-wolnosci","status":"publish","type":"post","link":"https:\/\/gaudiumetspes-blog.pl\/index.php\/2020\/10\/12\/ku-wolnosci\/","title":{"rendered":"Ku wolno\u015bci!"},"content":{"rendered":"<p align=\"justify\"><span style=\"color: #000000;\"><span style=\"font-family: Book Antiqua, serif;\"><span style=\"font-size: large;\">Szcz\u0119\u015b\u0107 Bo\u017ce! Moi Drodzy, <b>w dniu wczorajszym dotar\u0142a do mnie wiadomo\u015b\u0107 o \u015bmierci Brata Fabiana Marcina Domaga\u0142y, ze Zgromadzenia Aposto\u0142\u00f3w Mi\u0142osierdzia Bo\u017cego w Wereszczynie, na terenie Diecezji siedleckiej. <\/b><\/span><\/span><\/span><\/p>\n<p align=\"justify\"><span style=\"color: #000000;\"><span style=\"font-family: Book Antiqua, serif;\"><span style=\"font-size: medium;\"><a href=\"http:\/\/podlasie24.pl\/\/wlodawa\/kosciol\/zmarl-br.-fabian-marcin-domagala-2fe7b.html\"><span style=\"font-size: large;\">http:\/\/podlasie24.pl\/\/wlodawa\/kosciol\/zmarl-br.-fabian-marcin-domagala-2fe7b.html<\/span><\/a><\/span><\/span><\/span><\/p>\n<p align=\"justify\"><span style=\"color: #000000;\"><span style=\"font-family: Book Antiqua, serif;\"><span style=\"font-size: large;\">Zna\u0142em osobi\u015bcie Brata Fabiana, ale o wiele bardziej zna\u0142 Go Ksi\u0105dz Marek, jako \u017ce w czasie, gdy by\u0142 Lektorem, a potem Alumnem Seminarium, bra\u0142 udzia\u0142 w organizacji oboz\u00f3w letnich dla Dzieci i M\u0142odzie\u017cy z naszej rodzinnej Parafii, organizowanych przez naszego Proboszcza w\u0142a\u015bnie u Braci w Wereszczynie. W niekt\u00f3rych latach by\u0142o w ci\u0105gu wakacji kilka tur takich oboz\u00f3w. <\/span><\/span><\/span><\/p>\n<p align=\"justify\"><span style=\"color: #000000;\"><span style=\"font-family: Book Antiqua, serif;\"><span style=\"font-size: large;\">Kiedy za\u015b ja zosta\u0142em ksi\u0119dzem i organizowa\u0142em w Sosnowicy ob\u00f3z dla Dzieci i M\u0142odzie\u017cy ze swojej pierwszej Parafii, w\u00f3wczas tak\u017ce spotykali\u015bmy si\u0119 Bra\u0107mi z Wereszczyna \u2013 a to my je\u017adzili\u015bmy do Nich, a to Oni do nas, gdy\u017c by\u0142y to nieodleg\u0142e od siebie miejscowo\u015bci. <\/span><\/span><\/span><\/p>\n<p align=\"justify\"><span style=\"color: #000000;\"><span style=\"font-family: Book Antiqua, serif;\"><span style=\"font-size: large;\">Dzisiaj dzi\u0119kujemy Bogu za dobro\u0107 serca i poczucie humoru Brata Fabiana i upraszamy dla Niego \u0142aski wiecznego zbawienia. <\/span><\/span><\/span><\/p>\n<p align=\"justify\"><span style=\"color: #000000;\"><span style=\"font-family: Book Antiqua, serif;\"><span style=\"font-size: large;\">Teraz zapraszam do pochylenia si\u0119 nad Bo\u017cym s\u0142owem, podarowanym nam na dzisiejszy dzie\u0144, aby <b>odnale\u017a\u0107 konkretn\u0105 my\u015bl, przes\u0142anie, z jakim Pan konkretnie do mnie si\u0119 zwraca.<\/b><\/span><\/span><\/span><\/p>\n<p align=\"justify\"><span style=\"color: #000000;\"><span style=\"font-family: Book Antiqua, serif;\"><span style=\"font-size: large;\"><b>Niech Was b\u0142ogos\u0142awi B\u00f3g Wszechmog\u0105cy: Ojciec + i Syn, i Duch \u015awi\u0119ty. Amen<\/b><\/span><\/span><\/span><\/p>\n<p align=\"center\"><span style=\"color: #000000;\"><span style=\"font-family: Book Antiqua, serif;\"><span style=\"font-size: large;\">Gaudium et spes! Ks. Jacek<\/span><\/span><\/span><\/p>\n<p align=\"center\">\n<p align=\"center\">\n<p align=\"center\">\n<p align=\"center\">\n<p align=\"center\">\n<p align=\"justify\"><span style=\"color: #000000;\"><span style=\"font-family: Book Antiqua, serif;\"><span style=\"font-size: large;\"><b>Poniedzia\u0142ek 28 Tygodnia zwyk\u0142ego, rok II,<\/b><\/span><\/span><\/span><\/p>\n<p align=\"justify\"><span style=\"color: #000000;\"><span style=\"font-family: Book Antiqua, serif;\"><span style=\"font-size: large;\"><b>12 pa\u017adziernika 2020.,<\/b><\/span><\/span><\/span><\/p>\n<p align=\"justify\"><span style=\"color: #000000;\"><span style=\"font-family: Book Antiqua, serif;\"><span style=\"font-size: large;\"><b>do czyta\u0144: Ga 4,22\u201324.26\u201327.31\u20135,1; \u0141k 11,29\u201332<\/b><\/span><\/span><\/span><\/p>\n<p align=\"justify\">\n<p align=\"justify\">\n<p align=\"justify\">\n<p align=\"justify\">\n<p align=\"justify\">\n<p align=\"justify\"><span style=\"color: #000000;\"><span style=\"font-family: Book Antiqua, serif;\"><span style=\"font-size: large;\"><b>CZYTANIE Z LISTU \u015aWI\u0118TEGO PAW\u0141A APOSTO\u0141A DO GALAT\u00d3W:<\/b><\/span><\/span><\/span><\/p>\n<p align=\"justify\"><span style=\"color: #000000;\"><span style=\"font-family: Book Antiqua, serif;\"><span style=\"font-size: large;\"><b>Bracia: Napisane jest, \u017ce Abraham mia\u0142 dw\u00f3ch syn\u00f3w, jednego z niewolnicy, a drugiego z wolnej. Lecz ten z niewolnicy urodzi\u0142 si\u0119 tylko wed\u0142ug cia\u0142a, ten za\u015b z wolnej, na skutek obietnicy.<\/b><\/span><\/span><\/span><\/p>\n<p align=\"justify\"><span style=\"color: #000000;\"><span style=\"font-family: Book Antiqua, serif;\"><span style=\"font-size: large;\"><b>Wydarzenia te maj\u0105 jeszcze sens alegoryczny. Niewiasty te wyobra\u017caj\u0105 dwa przymierza: Jedno, zawarte pod g\u00f3r\u0105 Synaj, rodzi ku niewoli, a wyobra\u017ca je Hagar. Natomiast g\u00f3rne Jeruzalem cieszy si\u0119 wolno\u015bci\u0105 i ono jest nasz\u0105 matk\u0105. Wszak napisane jest: \u201eWesel si\u0119, niep\u0142odna, kt\u00f3ra nie rodzi\u0142a\u015b, wykrzykuj z rado\u015bci, kt\u00f3ra nie zna\u0142a\u015b b\u00f3l\u00f3w rodzenia, bo wi\u0119cej dzieci ma samotna ni\u017c ta, kt\u00f3ra \u017cyje z m\u0119\u017cem\u201d.<\/b><\/span><\/span><\/span><\/p>\n<p align=\"justify\"><span style=\"color: #000000;\"><span style=\"font-family: Book Antiqua, serif;\"><span style=\"font-size: large;\"><b>Tak to, bracia, nie jeste\u015bmy dzie\u0107mi niewolnicy, ale wolnej. Ku wolno\u015bci wyswobodzi\u0142 nas Chrystus. A zatem trwajcie w niej i nie poddawajcie si\u0119 na nowo pod jarzmo niewoli.<\/b><\/span><\/span><\/span><\/p>\n<p align=\"justify\">\n<p align=\"justify\">\n<p align=\"justify\">\n<p align=\"justify\">\n<p align=\"justify\">\n<p align=\"justify\"><span style=\"color: #000000;\"><span style=\"font-family: Book Antiqua, serif;\"><span style=\"font-size: large;\"><b>S\u0141OWA EWANGELII WED\u0141UG \u015aWI\u0118TEGO \u0141UKASZA:<\/b><\/span><\/span><\/span><\/p>\n<p align=\"justify\"><span style=\"color: #000000;\"><span style=\"font-family: Book Antiqua, serif;\"><span style=\"font-size: large;\"><b>Gdy t\u0142umy si\u0119 gromadzi\u0142y, Jezus zacz\u0105\u0142 m\u00f3wi\u0107: \u201eTo plemi\u0119 jest plemieniem przewrotnym. \u017b\u0105da znaku, ale \u017caden znak nie b\u0119dzie mu dany, pr\u00f3cz znaku Jonasza. Jak bowiem Jonasz by\u0142 znakiem dla mieszka\u0144c\u00f3w Niniwy, tak b\u0119dzie Syn Cz\u0142owieczy dla tego plemienia. Kr\u00f3lowa z Po\u0142udnia powstanie na s\u0105dzie przeciw ludziom tego plemienia i pot\u0119pi ich; poniewa\u017c ona przyby\u0142a z kra\u0144c\u00f3w ziemi s\u0142ucha\u0107 m\u0105dro\u015bci Salomona, a oto tu jest co\u015b wi\u0119cej ni\u017c Salomon. Ludzie z Niniwy powstan\u0105 na s\u0105dzie przeciw temu plemieniu i pot\u0119pi\u0105 je; poniewa\u017c oni dzi\u0119ki nawo\u0142ywaniu Jonasza si\u0119 nawr\u00f3cili, a oto tu jest co\u015b wi\u0119cej ni\u017c Jonasz\u201d.<\/b><\/span><\/span><\/span><\/p>\n<p align=\"justify\">\n<p align=\"justify\">\n<p align=\"justify\">\n<p align=\"justify\">\n<p align=\"justify\">\n<p align=\"justify\"><span style=\"color: #000000;\"><span style=\"font-family: Book Antiqua, serif;\"><span style=\"font-size: large;\">Na podstawie historii Abrahama, a konkretnie jego ojcostwa wobec dw\u00f3ch syn\u00f3w, z kt\u00f3rych jednak ka\u017cdy mia\u0142 inn\u0105 matk\u0119 \u2013 wszystko to oczywi\u015bcie zgodne by\u0142o z \u00f3wczesnym Prawem i zwyczajami \u2013 Aposto\u0142 Pawe\u0142 pokazuje Galatom <b>relacje Starego Przymierza do Nowego. <\/b>I tak oto syn niewolnicy wyobra\u017ca Stare Przymierze, a syn \u017cony Abrahama \u2013 Nowe. <\/span><\/span><\/span><\/p>\n<p align=\"justify\"><span style=\"color: #000000;\"><span style=\"font-family: Book Antiqua, serif;\"><span style=\"font-size: large;\">Dla nas dzisiaj to mo\u017ce <b>ma\u0142o przekonuj\u0105ce por\u00f3wnanie<\/b> i trudno nam je odnie\u015b\u0107 do swego \u017cycia i do naszej rzeczywisto\u015bci, natomiast zdajemy sobie spraw\u0119, \u017ce nie o por\u00f3wnanie jako takie tu chodzi, a o <b>problem wolno\u015bci duchowej lub jej braku. <\/b><\/span><\/span><\/span><\/p>\n<p align=\"justify\"><span style=\"color: #000000;\"><span style=\"font-family: Book Antiqua, serif;\"><span style=\"font-size: large;\">Oto bowiem \u2013 jak z moc\u0105 przekonuje Pawe\u0142 \u2013 <i><b>k<\/b><\/i><i><b>u wolno\u015bci wyswobodzi\u0142 nas Chrystus.<\/b><\/i><b> <\/b>A to ju\u017c jest prawda ponadczasowa, <b>dotycz\u0105ca<\/b> <b>nas<\/b> w spos\u00f3b bezpo\u015bredni \u2013 i to bez wzgl\u0119du na to, czy rozumiemy co\u015b wi\u0119cej z historii Abrahama, czy nie za bardzo. Tamto por\u00f3wnanie <b>mia\u0142o pom\u00f3c Galatom, <\/b>chocia\u017c i my tak\u017ce, je\u017celi wczytamy si\u0119 w historie starotestamentalne i zaznajomimy si\u0119 z niekt\u00f3rymi komentarzami, to <b>b\u0119dziemy w stanie <\/b><b>je<\/b><b> zrozumie\u0107.<\/b> <\/span><\/span><\/span><\/p>\n<p align=\"justify\"><span style=\"color: #000000;\"><span style=\"font-family: Book Antiqua, serif;\"><span style=\"font-size: large;\">Natomiast fakt, \u017ce <b>Jezus wyswobodzi\u0142 nas z niewoli grzechu,<\/b> z tego duchowego skostnienia, w jakim tkwi cz\u0142owiek, zniewolony przez swoje na\u0142ogi \u2013 to ju\u017c na pewno rozumiemy. Podobnie, jak i ko\u0144cowe wezwanie Paw\u0142a, wynikaj\u0105ce wprost z zacytowanego stwierdzenia: <i><b>A zatem trwajcie w niej i nie poddawajcie si\u0119 na nowo pod jarzmo niewoli.<\/b><\/i><b> <\/b><\/span><\/span><\/span><\/p>\n<p align=\"justify\"><span style=\"color: #000000;\"><span style=\"font-family: Book Antiqua, serif;\"><span style=\"font-size: large;\">Na czym takie poddawanie si\u0119 pod jarzmo niewoli \u2013 tej swojej w\u0142asnej, wewn\u0119trznej, duchowej niewoli \u2013 mo\u017ce polega\u0107, to m\u00f3wi nam Jezus w Ewangelii. Oto ludzie, kt\u00f3rzy <b>do\u015bwiadczyli tak wielu znak\u00f3w<\/b> Jego Boskiej wszechmocy, <b>us\u0142yszeli tyle s\u0142\u00f3w<\/b> Jego nauczania, <b>otrzymali tyle dar\u00f3w<\/b> Jego mi\u0142o\u015bci \u2013 nic sobie z tego nie robi\u0105. W\u0142a\u015bnie, tkwi\u0105 w swoich zniewoleniach, niczym w duchowych twierdzach, domagaj\u0105c si\u0119 wci\u0105\u017c nowych znak\u00f3w \u2013 by\u0107 mo\u017ce, dla zaspokojenia swojej pr\u00f3\u017cno\u015bci. <\/span><\/span><\/span><\/p>\n<p align=\"justify\"><span style=\"color: #000000;\"><span style=\"font-family: Book Antiqua, serif;\"><span style=\"font-size: large;\">Jezus odpowiada im na to bardzo jednoznacznie, a wr\u0119cz surowo: <i><b>T<\/b><\/i><i><b>o plemi\u0119 jest plemieniem przewrotnym. \u017b\u0105da znaku, ale \u017caden znak nie b\u0119dzie mu dany, pr\u00f3cz znaku Jonasza. Jak bowiem Jonasz by\u0142 znakiem dla mieszka\u0144c\u00f3w Niniwy, tak b\u0119dzie Syn Cz\u0142owieczy dla tego plemienia.<\/b><\/i><b> <\/b><\/span><\/span><\/span><\/p>\n<p align=\"justify\"><span style=\"color: #000000;\"><span style=\"font-family: Book Antiqua, serif;\"><span style=\"font-size: large;\">Z pewno\u015bci\u0105 rozumiemy, \u017ce chodzi <b>o najwi\u0119kszy cud i znak,<\/b> dokonany przez Jezusa, jakim jest Jego Zmartwychwstanie. Niestety, wiemy tak\u017ce i to, \u017ce r\u00f3wnie\u017c ten znak przeciwnicy Jezusa pr\u00f3bowali<b> t\u0142umaczy\u0107 wykradzeniem Cia\u0142a przez uczni\u00f3w\u2026<\/b> Niemniej jednak, ten znak Jezus dzisiaj zapowiedzia\u0142. <\/span><\/span><\/span><\/p>\n<p align=\"justify\"><span style=\"color: #000000;\"><span style=\"font-family: Book Antiqua, serif;\"><span style=\"font-size: large;\">Doda\u0142 natomiast bardzo znamienne pouczenie: <i><b>Kr\u00f3lowa z Po\u0142udnia powstanie na s\u0105dzie przeciw ludziom tego plemienia i pot\u0119pi ich; poniewa\u017c ona przyby\u0142a z kra\u0144c\u00f3w ziemi s\u0142ucha\u0107 m\u0105dro\u015bci Salomona, a oto tu jest co\u015b wi\u0119cej ni\u017c Salomon. Ludzie z Niniwy powstan\u0105 na s\u0105dzie przeciw temu plemieniu i pot\u0119pi\u0105 je; poniewa\u017c oni dzi\u0119ki nawo\u0142ywaniu Jonasza si\u0119 nawr\u00f3cili, a oto tu jest co\u015b wi\u0119cej ni\u017c Jonasz. <\/b><\/i><\/span><\/span><\/span><\/p>\n<p align=\"justify\"><span style=\"color: #000000;\"><span style=\"font-family: Book Antiqua, serif;\"><span style=\"font-size: large;\">A zatem, ludzie nie b\u0119d\u0105cy pierwszymi i bezpo\u015brednimi adresatami Bo\u017cego nauczania okazali si\u0119 <b>o wiele bardziej na nie otwarci,<\/b> ni\u017c nar\u00f3d wybrany przez Boga. Ludzie z zewn\u0105trz, kt\u00f3rzy zetkn\u0119li si\u0119 na jakim\u015b etapie swego \u017cycia z Bo\u017cym wezwaniem, albo ze znakami Bo\u017cej mocy \u2013 <b>od razu, bez \u017cadnych zastrze\u017ce\u0144, je przyj\u0119li.<\/b> A to \u00abplemi\u0119 przewrotne\u00bb, kt\u00f3re <b>jako pierwsze<\/b> powinno owe znaki dostrzec, otwartym sercem przyj\u0105\u0107 i jeszcze wobec innych \u015bwiadczy\u0107 \u2013 niestety\u2026 <\/span><\/span><\/span><\/p>\n<p align=\"justify\"><span style=\"color: #000000;\"><span style=\"font-family: Book Antiqua, serif;\"><span style=\"font-size: large;\">Moi Drodzy, to jest bardzo powa\u017cne przypomnienie, skierowane w\u0142a\u015bnie do nas, \u017ce nasza wiara musi by\u0107 <b>autentyczna, \u017cywa i owocuj\u0105ca. <\/b>Ona nie mo\u017ce by\u0107 <b>skostnia\u0142ym schematem,<\/b> jakim\u015b przyzwyczajeniem, podczas gdy <b>serce pozostanie zamkni\u0119te<\/b> na wszelkie sygna\u0142y od Boga. Wprost przeciwnie! <\/span><\/span><\/span><\/p>\n<p align=\"justify\"><span style=\"color: #000000;\"><span style=\"font-family: Book Antiqua, serif;\"><span style=\"font-size: large;\">To my w\u0142a\u015bnie \u2013 ludzie wierz\u0105cy, dla kt\u00f3rych B\u00f3g i Jego sprawy s\u0105 najwa\u017cniejsze w \u017cyciu \u2013 <b>mamy by\u0107 pierwszymi,<\/b> kt\u00f3rzy b\u0119d\u0105 dostrzega\u0107 znaki z Nieba, znaki czasu, a tak\u017ce wychwytywa\u0107 i g\u0142\u0119boko w sercu przyswaja\u0107 <b>ka\u017cde s\u0142owo, skierowane do nas przez Pana,<\/b> aby je potem \u017cyciem swoim potwierdzi\u0107. <\/span><\/span><\/span><\/p>\n<p align=\"justify\"><span style=\"color: #000000;\"><span style=\"font-family: Book Antiqua, serif;\"><span style=\"font-size: large;\">I to my w\u0142a\u015bnie mamy da\u0107 <b>\u015bwiadectwo \u017cycia w wolno\u015bci,<\/b> a wi\u0119c definitywnego zerwania z grzechami i na\u0142ogami, kt\u00f3re kiedy\u015b nas obci\u0105\u017ca\u0142y, a z kt\u00f3rych ju\u017c <b>tyle razy si\u0119 spowiadali\u015bmy<\/b> i tyle razy obiecywali\u015bmy popraw\u0119, i mo\u017ce nawet \u2013 dzi\u0119ki Bo\u017cej \u0142asce \u2013 uda\u0142o si\u0119 w tej walce odnie\u015b\u0107 niejedno zwyci\u0119stwo. Nie mo\u017cemy teraz \u2013 jak gdyby nigdy nic \u2013 <b>wraca\u0107 do tych samych grzech\u00f3w i na\u0142og\u00f3w!<\/b> Albo nawet nie tyle wraca\u0107, co <b>w og\u00f3le z nimi nie zrywa\u0107<\/b> \u2013 niby to si\u0119 z nich spowiadaj\u0105c i obiecuj\u0105c popraw\u0119, a tak naprawd\u0119 pope\u0142niaj\u0105c je ci\u0105gle, bez wi\u0119kszych stara\u0144 o to, by ich unika\u0107. Nie mo\u017cemy tak post\u0119powa\u0107! <\/span><\/span><\/span><\/p>\n<p align=\"justify\"><span style=\"color: #000000;\"><span style=\"font-family: Book Antiqua, serif;\"><span style=\"font-size: large;\">Dar wolno\u015bci, jaki otrzymali\u015bmy od Pana, jest te\u017c <b>dla nas zadaniem! <\/b>Musimy wyci\u0105gn\u0105\u0107 z tego bardzo konkretne wnioski. To musi mie\u0107 prze\u0142o\u017cenie na nasze \u017cycie. Dok\u0142adnie, zgodnie z dzisiejszym wezwaniem Aposto\u0142a: <i><b>Ku wolno\u015bci wyswobodzi\u0142 nas Chrystus. A zatem trwajcie w niej i nie poddawajcie si\u0119 na nowo pod jarzmo niewoli.<\/b><\/i><b> <\/b><\/span><\/span><\/span><\/p>\n<p align=\"justify\"><span style=\"color: #000000;\"><span style=\"font-family: Book Antiqua, serif;\"><span style=\"font-size: large;\">Z pewno\u015bci\u0105, nie jest to zadanie \u0142atwe. Ale przecie\u017c wiemy, \u017ce wszystko, co ma warto\u015b\u0107, musi kosztowa\u0107 sporo trudu i zmagania, aby to zdoby\u0107. <b>A wolno\u015b\u0107 duchowa, wolno\u015b\u0107 wewn\u0119trzna, jest wielkim darem i wielkim bogactwem! <\/b>Trzeba si\u0119 wi\u0119c o ni\u0105 mocno postara\u0107, trzeba o ni\u0105 zawalczy\u0107! Przede wszystkim, zawalczy\u0107 z w\u0142asnymi s\u0142abo\u015bciami, przyzwyczajeniami, a wreszcie \u2013 grzechami. A na pewno <b>przekonamy si\u0119, \u017ce warto! <\/b>Warto by\u0107 wewn\u0119trznie wolnym! To naprawd\u0119 wspania\u0142e do\u015bwiadczenie! <\/span><\/span><\/span><\/p>\n<p align=\"justify\"><span style=\"color: #000000;\"><span style=\"font-family: Book Antiqua, serif;\"><span style=\"font-size: large;\">Czy jestem zdecydowany <b>toczy\u0107 codziennie walk\u0119<\/b> o duchow\u0105 wolno\u015b\u0107? I czy <b>nie wracam do tego,<\/b> co ju\u017c \u2013 z Bo\u017c\u0105 pomoc\u0105 \u2013 uda\u0142o mi si\u0119 pokona\u0107?\u2026<\/span><\/span><\/span><\/p>\n","protected":false},"excerpt":{"rendered":"<p>Szcz\u0119\u015b\u0107 Bo\u017ce! Moi Drodzy, w dniu wczorajszym dotar\u0142a do mnie wiadomo\u015b\u0107 o \u015bmierci Brata Fabiana Marcina Domaga\u0142y, ze Zgromadzenia Aposto\u0142\u00f3w Mi\u0142osierdzia Bo\u017cego w Wereszczynie, na terenie Diecezji siedleckiej. http:\/\/podlasie24.pl\/\/wlodawa\/kosciol\/zmarl-br.-fabian-marcin-domagala-2fe7b.html Zna\u0142em osobi\u015bcie Brata Fabiana, ale o wiele bardziej zna\u0142 Go Ksi\u0105dz Marek, jako \u017ce w czasie, gdy by\u0142 Lektorem, a potem Alumnem Seminarium, bra\u0142 udzia\u0142 w [&hellip;]<\/p>\n","protected":false},"author":1,"featured_media":0,"comment_status":"open","ping_status":"open","sticky":false,"template":"","format":"standard","meta":{"jetpack_post_was_ever_published":false,"_jetpack_newsletter_access":"","_jetpack_dont_email_post_to_subs":false,"_jetpack_newsletter_tier_id":0,"_jetpack_memberships_contains_paywalled_content":false,"_jetpack_memberships_contains_paid_content":false,"footnotes":""},"categories":[1],"tags":[],"class_list":["post-18043","post","type-post","status-publish","format-standard","hentry","category-bez-kategorii"],"yoast_head":"<!-- This site is optimized with the Yoast SEO plugin v25.1 - https:\/\/yoast.com\/wordpress\/plugins\/seo\/ -->\n<title>Ku wolno\u015bci! - Gaudium Et Spes<\/title>\n<meta name=\"robots\" content=\"index, follow, max-snippet:-1, max-image-preview:large, max-video-preview:-1\" \/>\n<link rel=\"canonical\" href=\"https:\/\/gaudiumetspes-blog.pl\/index.php\/2020\/10\/12\/ku-wolnosci\/\" \/>\n<meta property=\"og:locale\" content=\"pl_PL\" \/>\n<meta property=\"og:type\" content=\"article\" \/>\n<meta property=\"og:title\" content=\"Ku wolno\u015bci! - Gaudium Et Spes\" \/>\n<meta property=\"og:description\" content=\"Szcz\u0119\u015b\u0107 Bo\u017ce! Moi Drodzy, w dniu wczorajszym dotar\u0142a do mnie wiadomo\u015b\u0107 o \u015bmierci Brata Fabiana Marcina Domaga\u0142y, ze Zgromadzenia Aposto\u0142\u00f3w Mi\u0142osierdzia Bo\u017cego w Wereszczynie, na terenie Diecezji siedleckiej. http:\/\/podlasie24.pl\/\/wlodawa\/kosciol\/zmarl-br.-fabian-marcin-domagala-2fe7b.html Zna\u0142em osobi\u015bcie Brata Fabiana, ale o wiele bardziej zna\u0142 Go Ksi\u0105dz Marek, jako \u017ce w czasie, gdy by\u0142 Lektorem, a potem Alumnem Seminarium, bra\u0142 udzia\u0142 w [&hellip;]\" \/>\n<meta property=\"og:url\" content=\"https:\/\/gaudiumetspes-blog.pl\/index.php\/2020\/10\/12\/ku-wolnosci\/\" \/>\n<meta property=\"og:site_name\" content=\"Gaudium Et Spes\" \/>\n<meta property=\"article:published_time\" content=\"2020-10-12T05:49:50+00:00\" \/>\n<meta name=\"author\" content=\"Ks. Jacek\" \/>\n<meta name=\"twitter:card\" content=\"summary_large_image\" \/>\n<meta name=\"twitter:label1\" content=\"Napisane przez\" \/>\n\t<meta name=\"twitter:data1\" content=\"Ks. Jacek\" \/>\n\t<meta name=\"twitter:label2\" content=\"Szacowany czas czytania\" \/>\n\t<meta name=\"twitter:data2\" content=\"8 minut\" \/>\n<script type=\"application\/ld+json\" class=\"yoast-schema-graph\">{\"@context\":\"https:\/\/schema.org\",\"@graph\":[{\"@type\":\"WebPage\",\"@id\":\"https:\/\/gaudiumetspes-blog.pl\/index.php\/2020\/10\/12\/ku-wolnosci\/\",\"url\":\"https:\/\/gaudiumetspes-blog.pl\/index.php\/2020\/10\/12\/ku-wolnosci\/\",\"name\":\"Ku wolno\u015bci! - Gaudium Et Spes\",\"isPartOf\":{\"@id\":\"https:\/\/gaudiumetspes-blog.pl\/#website\"},\"datePublished\":\"2020-10-12T05:49:50+00:00\",\"author\":{\"@id\":\"https:\/\/gaudiumetspes-blog.pl\/#\/schema\/person\/1661982992b752dea8dff0d4ed845a65\"},\"breadcrumb\":{\"@id\":\"https:\/\/gaudiumetspes-blog.pl\/index.php\/2020\/10\/12\/ku-wolnosci\/#breadcrumb\"},\"inLanguage\":\"pl-PL\",\"potentialAction\":[{\"@type\":\"ReadAction\",\"target\":[\"https:\/\/gaudiumetspes-blog.pl\/index.php\/2020\/10\/12\/ku-wolnosci\/\"]}]},{\"@type\":\"BreadcrumbList\",\"@id\":\"https:\/\/gaudiumetspes-blog.pl\/index.php\/2020\/10\/12\/ku-wolnosci\/#breadcrumb\",\"itemListElement\":[{\"@type\":\"ListItem\",\"position\":1,\"name\":\"Strona g\u0142\u00f3wna\",\"item\":\"https:\/\/gaudiumetspes-blog.pl\/\"},{\"@type\":\"ListItem\",\"position\":2,\"name\":\"Ku wolno\u015bci!\"}]},{\"@type\":\"WebSite\",\"@id\":\"https:\/\/gaudiumetspes-blog.pl\/#website\",\"url\":\"https:\/\/gaudiumetspes-blog.pl\/\",\"name\":\"Gaudium Et Spes\",\"description\":\"Blog Ks. Jacka Ja\u015bkowskiego\",\"potentialAction\":[{\"@type\":\"SearchAction\",\"target\":{\"@type\":\"EntryPoint\",\"urlTemplate\":\"https:\/\/gaudiumetspes-blog.pl\/?s={search_term_string}\"},\"query-input\":{\"@type\":\"PropertyValueSpecification\",\"valueRequired\":true,\"valueName\":\"search_term_string\"}}],\"inLanguage\":\"pl-PL\"},{\"@type\":\"Person\",\"@id\":\"https:\/\/gaudiumetspes-blog.pl\/#\/schema\/person\/1661982992b752dea8dff0d4ed845a65\",\"name\":\"Ks. Jacek\",\"image\":{\"@type\":\"ImageObject\",\"inLanguage\":\"pl-PL\",\"@id\":\"https:\/\/gaudiumetspes-blog.pl\/#\/schema\/person\/image\/\",\"url\":\"https:\/\/gaudiumetspes-blog.pl\/wp-content\/uploads\/2019\/07\/avatar-JJ-150x150.jpg\",\"contentUrl\":\"https:\/\/gaudiumetspes-blog.pl\/wp-content\/uploads\/2019\/07\/avatar-JJ-150x150.jpg\",\"caption\":\"Ks. Jacek\"},\"description\":\"Witam serdecznie! K\u0142ania si\u0119 Ks. Jacek Ja\u015bkowski. Nie jestem ani kim\u015b wa\u017cnym, ani kim\u015b znanym. Jestem ksi\u0119dzem, kt\u00f3ry po prostu chce rozmawia\u0107. Codzienna kap\u0142a\u0144ska pos\u0142uga pokazuje mi, \u017ce temat\u00f3w do rozm\u00f3w z ksi\u0119dzem jest coraz wi\u0119cej i dzisiaj \u017caden ksi\u0105dz nie mo\u017ce od nich ucieka\u0107, ale - wprost przeciwnie - podejmowa\u0107 nowe wyzwania. To przekonanie sk\u0142oni\u0142o mnie do pr\u00f3by otwarcia tego\u017c bloga, chocia\u017c okazji do rozm\u00f3w na co dzie\u0144 - w konfesjonale i poza nim - na szcz\u0119\u015bcie nie brakuje. My\u015bl\u0119 jednak, \u017ce ten blog b\u0119dzie jeszcze jednym sposobem i przestrzeni\u0105 nawi\u0105zania kontaktu z lud\u017ami dobrej woli, otwartymi na dialog.\",\"url\":\"https:\/\/gaudiumetspes-blog.pl\/index.php\/author\/ks-jacek\/\"}]}<\/script>\n<!-- \/ Yoast SEO plugin. -->","yoast_head_json":{"title":"Ku wolno\u015bci! - Gaudium Et Spes","robots":{"index":"index","follow":"follow","max-snippet":"max-snippet:-1","max-image-preview":"max-image-preview:large","max-video-preview":"max-video-preview:-1"},"canonical":"https:\/\/gaudiumetspes-blog.pl\/index.php\/2020\/10\/12\/ku-wolnosci\/","og_locale":"pl_PL","og_type":"article","og_title":"Ku wolno\u015bci! - Gaudium Et Spes","og_description":"Szcz\u0119\u015b\u0107 Bo\u017ce! Moi Drodzy, w dniu wczorajszym dotar\u0142a do mnie wiadomo\u015b\u0107 o \u015bmierci Brata Fabiana Marcina Domaga\u0142y, ze Zgromadzenia Aposto\u0142\u00f3w Mi\u0142osierdzia Bo\u017cego w Wereszczynie, na terenie Diecezji siedleckiej. http:\/\/podlasie24.pl\/\/wlodawa\/kosciol\/zmarl-br.-fabian-marcin-domagala-2fe7b.html Zna\u0142em osobi\u015bcie Brata Fabiana, ale o wiele bardziej zna\u0142 Go Ksi\u0105dz Marek, jako \u017ce w czasie, gdy by\u0142 Lektorem, a potem Alumnem Seminarium, bra\u0142 udzia\u0142 w [&hellip;]","og_url":"https:\/\/gaudiumetspes-blog.pl\/index.php\/2020\/10\/12\/ku-wolnosci\/","og_site_name":"Gaudium Et Spes","article_published_time":"2020-10-12T05:49:50+00:00","author":"Ks. Jacek","twitter_card":"summary_large_image","twitter_misc":{"Napisane przez":"Ks. Jacek","Szacowany czas czytania":"8 minut"},"schema":{"@context":"https:\/\/schema.org","@graph":[{"@type":"WebPage","@id":"https:\/\/gaudiumetspes-blog.pl\/index.php\/2020\/10\/12\/ku-wolnosci\/","url":"https:\/\/gaudiumetspes-blog.pl\/index.php\/2020\/10\/12\/ku-wolnosci\/","name":"Ku wolno\u015bci! - Gaudium Et Spes","isPartOf":{"@id":"https:\/\/gaudiumetspes-blog.pl\/#website"},"datePublished":"2020-10-12T05:49:50+00:00","author":{"@id":"https:\/\/gaudiumetspes-blog.pl\/#\/schema\/person\/1661982992b752dea8dff0d4ed845a65"},"breadcrumb":{"@id":"https:\/\/gaudiumetspes-blog.pl\/index.php\/2020\/10\/12\/ku-wolnosci\/#breadcrumb"},"inLanguage":"pl-PL","potentialAction":[{"@type":"ReadAction","target":["https:\/\/gaudiumetspes-blog.pl\/index.php\/2020\/10\/12\/ku-wolnosci\/"]}]},{"@type":"BreadcrumbList","@id":"https:\/\/gaudiumetspes-blog.pl\/index.php\/2020\/10\/12\/ku-wolnosci\/#breadcrumb","itemListElement":[{"@type":"ListItem","position":1,"name":"Strona g\u0142\u00f3wna","item":"https:\/\/gaudiumetspes-blog.pl\/"},{"@type":"ListItem","position":2,"name":"Ku wolno\u015bci!"}]},{"@type":"WebSite","@id":"https:\/\/gaudiumetspes-blog.pl\/#website","url":"https:\/\/gaudiumetspes-blog.pl\/","name":"Gaudium Et Spes","description":"Blog Ks. Jacka Ja\u015bkowskiego","potentialAction":[{"@type":"SearchAction","target":{"@type":"EntryPoint","urlTemplate":"https:\/\/gaudiumetspes-blog.pl\/?s={search_term_string}"},"query-input":{"@type":"PropertyValueSpecification","valueRequired":true,"valueName":"search_term_string"}}],"inLanguage":"pl-PL"},{"@type":"Person","@id":"https:\/\/gaudiumetspes-blog.pl\/#\/schema\/person\/1661982992b752dea8dff0d4ed845a65","name":"Ks. Jacek","image":{"@type":"ImageObject","inLanguage":"pl-PL","@id":"https:\/\/gaudiumetspes-blog.pl\/#\/schema\/person\/image\/","url":"https:\/\/gaudiumetspes-blog.pl\/wp-content\/uploads\/2019\/07\/avatar-JJ-150x150.jpg","contentUrl":"https:\/\/gaudiumetspes-blog.pl\/wp-content\/uploads\/2019\/07\/avatar-JJ-150x150.jpg","caption":"Ks. Jacek"},"description":"Witam serdecznie! K\u0142ania si\u0119 Ks. Jacek Ja\u015bkowski. Nie jestem ani kim\u015b wa\u017cnym, ani kim\u015b znanym. Jestem ksi\u0119dzem, kt\u00f3ry po prostu chce rozmawia\u0107. Codzienna kap\u0142a\u0144ska pos\u0142uga pokazuje mi, \u017ce temat\u00f3w do rozm\u00f3w z ksi\u0119dzem jest coraz wi\u0119cej i dzisiaj \u017caden ksi\u0105dz nie mo\u017ce od nich ucieka\u0107, ale - wprost przeciwnie - podejmowa\u0107 nowe wyzwania. To przekonanie sk\u0142oni\u0142o mnie do pr\u00f3by otwarcia tego\u017c bloga, chocia\u017c okazji do rozm\u00f3w na co dzie\u0144 - w konfesjonale i poza nim - na szcz\u0119\u015bcie nie brakuje. My\u015bl\u0119 jednak, \u017ce ten blog b\u0119dzie jeszcze jednym sposobem i przestrzeni\u0105 nawi\u0105zania kontaktu z lud\u017ami dobrej woli, otwartymi na dialog.","url":"https:\/\/gaudiumetspes-blog.pl\/index.php\/author\/ks-jacek\/"}]}},"jetpack_featured_media_url":"","jetpack_sharing_enabled":true,"_links":{"self":[{"href":"https:\/\/gaudiumetspes-blog.pl\/index.php\/wp-json\/wp\/v2\/posts\/18043","targetHints":{"allow":["GET"]}}],"collection":[{"href":"https:\/\/gaudiumetspes-blog.pl\/index.php\/wp-json\/wp\/v2\/posts"}],"about":[{"href":"https:\/\/gaudiumetspes-blog.pl\/index.php\/wp-json\/wp\/v2\/types\/post"}],"author":[{"embeddable":true,"href":"https:\/\/gaudiumetspes-blog.pl\/index.php\/wp-json\/wp\/v2\/users\/1"}],"replies":[{"embeddable":true,"href":"https:\/\/gaudiumetspes-blog.pl\/index.php\/wp-json\/wp\/v2\/comments?post=18043"}],"version-history":[{"count":1,"href":"https:\/\/gaudiumetspes-blog.pl\/index.php\/wp-json\/wp\/v2\/posts\/18043\/revisions"}],"predecessor-version":[{"id":18044,"href":"https:\/\/gaudiumetspes-blog.pl\/index.php\/wp-json\/wp\/v2\/posts\/18043\/revisions\/18044"}],"wp:attachment":[{"href":"https:\/\/gaudiumetspes-blog.pl\/index.php\/wp-json\/wp\/v2\/media?parent=18043"}],"wp:term":[{"taxonomy":"category","embeddable":true,"href":"https:\/\/gaudiumetspes-blog.pl\/index.php\/wp-json\/wp\/v2\/categories?post=18043"},{"taxonomy":"post_tag","embeddable":true,"href":"https:\/\/gaudiumetspes-blog.pl\/index.php\/wp-json\/wp\/v2\/tags?post=18043"}],"curies":[{"name":"wp","href":"https:\/\/api.w.org\/{rel}","templated":true}]}}